{"id":102935,"date":"2023-04-01T15:00:50","date_gmt":"2023-04-01T18:00:50","guid":{"rendered":"https:\/\/redenoticiaz.com.br\/barretos-regiao\/?p=102935"},"modified":"2023-03-29T17:47:24","modified_gmt":"2023-03-29T20:47:24","slug":"maternidade-separacao-e-muita-tensao-durante-a-terceira-temporada-de-the-kardashians-confira","status":"publish","type":"post","link":"https:\/\/redenoticiaz.com.br\/ribeiraopreto-regiao\/sp\/2023\/04\/01\/maternidade-separacao-e-muita-tensao-durante-a-terceira-temporada-de-the-kardashians-confira","title":{"rendered":"Maternidade, separa\u00e7\u00e3o e muita tens\u00e3o durante a Terceira temporada de The Kardashians, confira"},"content":{"rendered":"<p class=\"v1MsoNoSpacing\">O Star+ apresenta o teaser da terceira temporada da s\u00e9rie original \u201c<b>The Kardashians<\/b>\u201d, que chegar\u00e1 no dia 25 de maio exclusivamente na plataforma, e lan\u00e7ar\u00e1 um epis\u00f3dio in\u00e9dito toda quinta-feira. As duas primeiras temporadas est\u00e3o dispon\u00edveis na \u00edntegra.<\/p>\n<p class=\"v1MsoNoSpacing\">As c\u00e2meras s\u00e3o ligadas novamente para registrar as vidas de Kris, Kourteney, Kim, Khlo\u00e9, Kendall e Kylie enquanto navegam pela maternidade, a cria\u00e7\u00e3o dos filhos ap\u00f3s a separa\u00e7\u00e3o e o crescimento de seus imp\u00e9rios. Os la\u00e7os familiares ser\u00e3o testados e surgir\u00e3o algumas tens\u00f5es, mas elas seguir\u00e3o unidas durante a tempestade.<\/p>\n<h3 class=\"v1MsoNoSpacing\">Assista ao v\u00eddeo:<\/h3>\n<p><iframe loading=\"lazy\" title=\"The Kardashians | Nova Temporada | Teaser Oficial Legendado | Star+\" width=\"500\" height=\"281\" src=\"https:\/\/www.youtube.com\/embed\/hXwHgaIQGyc?feature=oembed\" frameborder=\"0\" allow=\"accelerometer; autoplay; clipboard-write; encrypted-media; gyroscope; picture-in-picture; web-share\" referrerpolicy=\"strict-origin-when-cross-origin\" allowfullscreen><\/iframe><\/p>\n<p>&nbsp;<\/p>\n<p class=\"v1MsoNoSpacing\">Ben Winston, s\u00f3cio da Fulwell 73, \u00e9 respons\u00e1vel pela produ\u00e7\u00e3o executiva ao lado de Emma Conway e Elizabeth Jones, e Danielle King, que tamb\u00e9m atua como showrunner da s\u00e9rie.<\/p>\n<p>VEJA TAMB\u00c9M:\u00a0<a href=\"https:\/\/redenoticiaz.com.br\/barretos-regiao\/sp\/2023\/03\/26\/astro-de-homem-formiga-e-creed-3-e-preso-ao-agredir-a-namorada\">Astro de \u2018Homem Formiga\u2019 e \u2018Creed 3\u2019 \u00e9 preso ao agredir a namorada<\/a><\/p>\n","protected":false},"excerpt":{"rendered":"<p>O Star+ apresenta o teaser da terceira temporada da s\u00e9rie original \u201cThe Kardashians\u201d, que chegar\u00e1 no dia 25 de maio exclusivamente na plataforma, e lan\u00e7ar\u00e1 um epis\u00f3dio in\u00e9dito toda quinta-feira. As duas primeiras temporadas est\u00e3o dispon\u00edveis na \u00edntegra. As c\u00e2meras s\u00e3o ligadas novamente para registrar as vidas de Kris, Kourteney, Kim, Khlo\u00e9, Kendall e Kylie &hellip;<\/p>\n","protected":false},"author":15,"featured_media":102937,"comment_status":"open","ping_status":"closed","sticky":false,"template":"","format":"standard","meta":{"footnotes":""},"categories":[23210,469,134],"tags":[17247,16681,20518],"class_list":["post-102935","post","type-post","status-publish","format-standard","has-post-thumbnail","hentry","category-cameraz","category-cultura","category-entretenimento","tag-star","tag-terceira-temporada","tag-the-kardashians"],"yoast_head":"<!-- This site is optimized with the Yoast SEO plugin v27.4 - https:\/\/yoast.com\/product\/yoast-seo-wordpress\/ -->\n<title>Maternidade, separa\u00e7\u00e3o e muita tens\u00e3o durante a Terceira temporada de The Kardashians, confira - Ribeir\u00e3o Preto e Regi\u00e3o<\/title>\n<meta name=\"description\" content=\"O Star+ apresenta v\u00eddeo exclusivo da terceira temporada da s\u00e9rie original \u201cThe Kardashians\u201d, que chegar\u00e1 no dia 25 de maio.\" \/>\n<meta name=\"robots\" content=\"index, follow, max-snippet:-1, max-image-preview:large, max-video-preview:-1\" \/>\n<link rel=\"canonical\" href=\"https:\/\/redenoticiaz.com.br\/ribeiraopreto-regiao\/sp\/2023\/04\/01\/maternidade-separacao-e-muita-tensao-durante-a-terceira-temporada-de-the-kardashians-confira\" \/>\n<meta property=\"og:locale\" content=\"pt_BR\" \/>\n<meta property=\"og:type\" content=\"article\" \/>\n<meta property=\"og:title\" content=\"Maternidade, separa\u00e7\u00e3o e muita tens\u00e3o durante a Terceira temporada de The Kardashians, confira - Ribeir\u00e3o Preto e Regi\u00e3o\" \/>\n<meta property=\"og:description\" content=\"O Star+ apresenta v\u00eddeo exclusivo da terceira temporada da s\u00e9rie original \u201cThe Kardashians\u201d, que chegar\u00e1 no dia 25 de maio.\" \/>\n<meta property=\"og:url\" content=\"https:\/\/redenoticiaz.com.br\/ribeiraopreto-regiao\/sp\/2023\/04\/01\/maternidade-separacao-e-muita-tensao-durante-a-terceira-temporada-de-the-kardashians-confira\" \/>\n<meta property=\"og:site_name\" content=\"Ribeir\u00e3o Preto e Regi\u00e3o\" \/>\n<meta property=\"article:publisher\" content=\"https:\/\/m.facebook.com\/redenoticiaz.barretos\" \/>\n<meta property=\"article:published_time\" content=\"2023-04-01T18:00:50+00:00\" \/>\n<meta property=\"og:image\" content=\"https:\/\/redenoticiaz.com.br\/ribeiraopreto-regiao\/wp-content\/uploads\/sites\/4\/2023\/03\/The-Kardashians-.png\" \/>\n\t<meta property=\"og:image:width\" content=\"996\" \/>\n\t<meta property=\"og:image:height\" content=\"538\" \/>\n\t<meta property=\"og:image:type\" content=\"image\/png\" \/>\n<meta name=\"twitter:card\" content=\"summary_large_image\" \/>\n<meta name=\"twitter:creator\" content=\"@RN_barretos\" \/>\n<meta name=\"twitter:site\" content=\"@RN_barretos\" \/>\n<meta name=\"twitter:label1\" content=\"Escrito por\" \/>\n\t<meta name=\"twitter:data1\" content=\"\" \/>\n\t<meta name=\"twitter:label2\" content=\"Est. tempo de leitura\" \/>\n\t<meta name=\"twitter:data2\" content=\"1 minuto\" \/>\n<script type=\"application\/ld+json\" class=\"yoast-schema-graph\">{\"@context\":\"https:\\\/\\\/schema.org\",\"@graph\":[{\"@type\":\"Article\",\"@id\":\"https:\\\/\\\/redenoticiaz.com.br\\\/ribeiraopreto-regiao\\\/sp\\\/2023\\\/04\\\/01\\\/maternidade-separacao-e-muita-tensao-durante-a-terceira-temporada-de-the-kardashians-confira#article\",\"isPartOf\":{\"@id\":\"https:\\\/\\\/redenoticiaz.com.br\\\/ribeiraopreto-regiao\\\/sp\\\/2023\\\/04\\\/01\\\/maternidade-separacao-e-muita-tensao-durante-a-terceira-temporada-de-the-kardashians-confira\"},\"author\":{\"name\":\"\",\"@id\":\"\"},\"headline\":\"Maternidade, separa\u00e7\u00e3o e muita tens\u00e3o durante a Terceira temporada de The Kardashians, confira\",\"datePublished\":\"2023-04-01T18:00:50+00:00\",\"mainEntityOfPage\":{\"@id\":\"https:\\\/\\\/redenoticiaz.com.br\\\/ribeiraopreto-regiao\\\/sp\\\/2023\\\/04\\\/01\\\/maternidade-separacao-e-muita-tensao-durante-a-terceira-temporada-de-the-kardashians-confira\"},\"wordCount\":181,\"commentCount\":0,\"publisher\":{\"@id\":\"https:\\\/\\\/redenoticiaz.com.br\\\/ribeiraopreto-regiao\\\/#organization\"},\"image\":{\"@id\":\"https:\\\/\\\/redenoticiaz.com.br\\\/ribeiraopreto-regiao\\\/sp\\\/2023\\\/04\\\/01\\\/maternidade-separacao-e-muita-tensao-durante-a-terceira-temporada-de-the-kardashians-confira#primaryimage\"},\"thumbnailUrl\":\"https:\\\/\\\/redenoticiaz.com.br\\\/ribeiraopreto-regiao\\\/wp-content\\\/uploads\\\/sites\\\/4\\\/2023\\\/03\\\/The-Kardashians-.png\",\"keywords\":[\"STAR+\",\"TERCEIRA TEMPORADA\",\"THE KARDASHIANS\"],\"articleSection\":[\"C\u00e2mera Z\",\"Cultura\",\"Entretenimento\"],\"inLanguage\":\"pt-BR\",\"potentialAction\":[{\"@type\":\"CommentAction\",\"name\":\"Comment\",\"target\":[\"https:\\\/\\\/redenoticiaz.com.br\\\/ribeiraopreto-regiao\\\/sp\\\/2023\\\/04\\\/01\\\/maternidade-separacao-e-muita-tensao-durante-a-terceira-temporada-de-the-kardashians-confira#respond\"]}]},{\"@type\":\"WebPage\",\"@id\":\"https:\\\/\\\/redenoticiaz.com.br\\\/ribeiraopreto-regiao\\\/sp\\\/2023\\\/04\\\/01\\\/maternidade-separacao-e-muita-tensao-durante-a-terceira-temporada-de-the-kardashians-confira\",\"url\":\"https:\\\/\\\/redenoticiaz.com.br\\\/ribeiraopreto-regiao\\\/sp\\\/2023\\\/04\\\/01\\\/maternidade-separacao-e-muita-tensao-durante-a-terceira-temporada-de-the-kardashians-confira\",\"name\":\"Maternidade, separa\u00e7\u00e3o e muita tens\u00e3o durante a Terceira temporada de The Kardashians, confira - Ribeir\u00e3o Preto e Regi\u00e3o\",\"isPartOf\":{\"@id\":\"https:\\\/\\\/redenoticiaz.com.br\\\/ribeiraopreto-regiao\\\/#website\"},\"primaryImageOfPage\":{\"@id\":\"https:\\\/\\\/redenoticiaz.com.br\\\/ribeiraopreto-regiao\\\/sp\\\/2023\\\/04\\\/01\\\/maternidade-separacao-e-muita-tensao-durante-a-terceira-temporada-de-the-kardashians-confira#primaryimage\"},\"image\":{\"@id\":\"https:\\\/\\\/redenoticiaz.com.br\\\/ribeiraopreto-regiao\\\/sp\\\/2023\\\/04\\\/01\\\/maternidade-separacao-e-muita-tensao-durante-a-terceira-temporada-de-the-kardashians-confira#primaryimage\"},\"thumbnailUrl\":\"https:\\\/\\\/redenoticiaz.com.br\\\/ribeiraopreto-regiao\\\/wp-content\\\/uploads\\\/sites\\\/4\\\/2023\\\/03\\\/The-Kardashians-.png\",\"datePublished\":\"2023-04-01T18:00:50+00:00\",\"description\":\"O Star+ apresenta v\u00eddeo exclusivo da terceira temporada da s\u00e9rie original \u201cThe Kardashians\u201d, que chegar\u00e1 no dia 25 de maio.\",\"inLanguage\":\"pt-BR\",\"potentialAction\":[{\"@type\":\"ReadAction\",\"target\":[\"https:\\\/\\\/redenoticiaz.com.br\\\/ribeiraopreto-regiao\\\/sp\\\/2023\\\/04\\\/01\\\/maternidade-separacao-e-muita-tensao-durante-a-terceira-temporada-de-the-kardashians-confira\"]}]},{\"@type\":\"ImageObject\",\"inLanguage\":\"pt-BR\",\"@id\":\"https:\\\/\\\/redenoticiaz.com.br\\\/ribeiraopreto-regiao\\\/sp\\\/2023\\\/04\\\/01\\\/maternidade-separacao-e-muita-tensao-durante-a-terceira-temporada-de-the-kardashians-confira#primaryimage\",\"url\":\"https:\\\/\\\/redenoticiaz.com.br\\\/ribeiraopreto-regiao\\\/wp-content\\\/uploads\\\/sites\\\/4\\\/2023\\\/03\\\/The-Kardashians-.png\",\"contentUrl\":\"https:\\\/\\\/redenoticiaz.com.br\\\/ribeiraopreto-regiao\\\/wp-content\\\/uploads\\\/sites\\\/4\\\/2023\\\/03\\\/The-Kardashians-.png\",\"width\":996,\"height\":538,\"caption\":\"Cr\u00e9dito: Divulga\u00e7\u00e3o\"},{\"@type\":\"WebSite\",\"@id\":\"https:\\\/\\\/redenoticiaz.com.br\\\/ribeiraopreto-regiao\\\/#website\",\"url\":\"https:\\\/\\\/redenoticiaz.com.br\\\/ribeiraopreto-regiao\\\/\",\"name\":\"Ribeir\u00e3o Preto e Regi\u00e3o\",\"description\":\"Rede NoticiaZ - Ribeir\u00e3o Preto e regi\u00e3o\",\"publisher\":{\"@id\":\"https:\\\/\\\/redenoticiaz.com.br\\\/ribeiraopreto-regiao\\\/#organization\"},\"potentialAction\":[{\"@type\":\"SearchAction\",\"target\":{\"@type\":\"EntryPoint\",\"urlTemplate\":\"https:\\\/\\\/redenoticiaz.com.br\\\/ribeiraopreto-regiao\\\/?s={search_term_string}\"},\"query-input\":{\"@type\":\"PropertyValueSpecification\",\"valueRequired\":true,\"valueName\":\"search_term_string\"}}],\"inLanguage\":\"pt-BR\"},{\"@type\":\"Organization\",\"@id\":\"https:\\\/\\\/redenoticiaz.com.br\\\/ribeiraopreto-regiao\\\/#organization\",\"name\":\"Ribeir\u00e3o Preto e Regi\u00e3o\",\"url\":\"https:\\\/\\\/redenoticiaz.com.br\\\/ribeiraopreto-regiao\\\/\",\"logo\":{\"@type\":\"ImageObject\",\"inLanguage\":\"pt-BR\",\"@id\":\"https:\\\/\\\/redenoticiaz.com.br\\\/ribeiraopreto-regiao\\\/#\\\/schema\\\/logo\\\/image\\\/\",\"url\":\"https:\\\/\\\/redenoticiaz.com.br\\\/barretos-regiao\\\/wp-content\\\/uploads\\\/sites\\\/4\\\/2022\\\/02\\\/logo.jpg\",\"contentUrl\":\"https:\\\/\\\/redenoticiaz.com.br\\\/barretos-regiao\\\/wp-content\\\/uploads\\\/sites\\\/4\\\/2022\\\/02\\\/logo.jpg\",\"width\":400,\"height\":250,\"caption\":\"Ribeir\u00e3o Preto e Regi\u00e3o\"},\"image\":{\"@id\":\"https:\\\/\\\/redenoticiaz.com.br\\\/ribeiraopreto-regiao\\\/#\\\/schema\\\/logo\\\/image\\\/\"},\"sameAs\":[\"https:\\\/\\\/m.facebook.com\\\/redenoticiaz.barretos\",\"https:\\\/\\\/x.com\\\/RN_barretos\",\"https:\\\/\\\/www.instagram.com\\\/redenoticiaz.barretos\\\/?igshid=YmMyMTA2M2Y\",\"https:\\\/\\\/www.linkedin.com\\\/company\\\/rede-noticiaz-barretos-e-regio\\\/\"]},{\"@type\":\"Person\",\"@id\":\"\",\"url\":\"https:\\\/\\\/redenoticiaz.com.br\\\/ribeiraopreto-regiao\\\/sp\\\/author\"}]}<\/script>\n<!-- \/ Yoast SEO plugin. -->","yoast_head_json":{"title":"Maternidade, separa\u00e7\u00e3o e muita tens\u00e3o durante a Terceira temporada de The Kardashians, confira - Ribeir\u00e3o Preto e Regi\u00e3o","description":"O Star+ apresenta v\u00eddeo exclusivo da terceira temporada da s\u00e9rie original \u201cThe Kardashians\u201d, que chegar\u00e1 no dia 25 de maio.","robots":{"index":"index","follow":"follow","max-snippet":"max-snippet:-1","max-image-preview":"max-image-preview:large","max-video-preview":"max-video-preview:-1"},"canonical":"https:\/\/redenoticiaz.com.br\/ribeiraopreto-regiao\/sp\/2023\/04\/01\/maternidade-separacao-e-muita-tensao-durante-a-terceira-temporada-de-the-kardashians-confira","og_locale":"pt_BR","og_type":"article","og_title":"Maternidade, separa\u00e7\u00e3o e muita tens\u00e3o durante a Terceira temporada de The Kardashians, confira - Ribeir\u00e3o Preto e Regi\u00e3o","og_description":"O Star+ apresenta v\u00eddeo exclusivo da terceira temporada da s\u00e9rie original \u201cThe Kardashians\u201d, que chegar\u00e1 no dia 25 de maio.","og_url":"https:\/\/redenoticiaz.com.br\/ribeiraopreto-regiao\/sp\/2023\/04\/01\/maternidade-separacao-e-muita-tensao-durante-a-terceira-temporada-de-the-kardashians-confira","og_site_name":"Ribeir\u00e3o Preto e Regi\u00e3o","article_publisher":"https:\/\/m.facebook.com\/redenoticiaz.barretos","article_published_time":"2023-04-01T18:00:50+00:00","og_image":[{"width":996,"height":538,"url":"https:\/\/redenoticiaz.com.br\/ribeiraopreto-regiao\/wp-content\/uploads\/sites\/4\/2023\/03\/The-Kardashians-.png","type":"image\/png"}],"twitter_card":"summary_large_image","twitter_creator":"@RN_barretos","twitter_site":"@RN_barretos","twitter_misc":{"Escrito por":"","Est. tempo de leitura":"1 minuto"},"schema":{"@context":"https:\/\/schema.org","@graph":[{"@type":"Article","@id":"https:\/\/redenoticiaz.com.br\/ribeiraopreto-regiao\/sp\/2023\/04\/01\/maternidade-separacao-e-muita-tensao-durante-a-terceira-temporada-de-the-kardashians-confira#article","isPartOf":{"@id":"https:\/\/redenoticiaz.com.br\/ribeiraopreto-regiao\/sp\/2023\/04\/01\/maternidade-separacao-e-muita-tensao-durante-a-terceira-temporada-de-the-kardashians-confira"},"author":{"name":"","@id":""},"headline":"Maternidade, separa\u00e7\u00e3o e muita tens\u00e3o durante a Terceira temporada de The Kardashians, confira","datePublished":"2023-04-01T18:00:50+00:00","mainEntityOfPage":{"@id":"https:\/\/redenoticiaz.com.br\/ribeiraopreto-regiao\/sp\/2023\/04\/01\/maternidade-separacao-e-muita-tensao-durante-a-terceira-temporada-de-the-kardashians-confira"},"wordCount":181,"commentCount":0,"publisher":{"@id":"https:\/\/redenoticiaz.com.br\/ribeiraopreto-regiao\/#organization"},"image":{"@id":"https:\/\/redenoticiaz.com.br\/ribeiraopreto-regiao\/sp\/2023\/04\/01\/maternidade-separacao-e-muita-tensao-durante-a-terceira-temporada-de-the-kardashians-confira#primaryimage"},"thumbnailUrl":"https:\/\/redenoticiaz.com.br\/ribeiraopreto-regiao\/wp-content\/uploads\/sites\/4\/2023\/03\/The-Kardashians-.png","keywords":["STAR+","TERCEIRA TEMPORADA","THE KARDASHIANS"],"articleSection":["C\u00e2mera Z","Cultura","Entretenimento"],"inLanguage":"pt-BR","potentialAction":[{"@type":"CommentAction","name":"Comment","target":["https:\/\/redenoticiaz.com.br\/ribeiraopreto-regiao\/sp\/2023\/04\/01\/maternidade-separacao-e-muita-tensao-durante-a-terceira-temporada-de-the-kardashians-confira#respond"]}]},{"@type":"WebPage","@id":"https:\/\/redenoticiaz.com.br\/ribeiraopreto-regiao\/sp\/2023\/04\/01\/maternidade-separacao-e-muita-tensao-durante-a-terceira-temporada-de-the-kardashians-confira","url":"https:\/\/redenoticiaz.com.br\/ribeiraopreto-regiao\/sp\/2023\/04\/01\/maternidade-separacao-e-muita-tensao-durante-a-terceira-temporada-de-the-kardashians-confira","name":"Maternidade, separa\u00e7\u00e3o e muita tens\u00e3o durante a Terceira temporada de The Kardashians, confira - Ribeir\u00e3o Preto e Regi\u00e3o","isPartOf":{"@id":"https:\/\/redenoticiaz.com.br\/ribeiraopreto-regiao\/#website"},"primaryImageOfPage":{"@id":"https:\/\/redenoticiaz.com.br\/ribeiraopreto-regiao\/sp\/2023\/04\/01\/maternidade-separacao-e-muita-tensao-durante-a-terceira-temporada-de-the-kardashians-confira#primaryimage"},"image":{"@id":"https:\/\/redenoticiaz.com.br\/ribeiraopreto-regiao\/sp\/2023\/04\/01\/maternidade-separacao-e-muita-tensao-durante-a-terceira-temporada-de-the-kardashians-confira#primaryimage"},"thumbnailUrl":"https:\/\/redenoticiaz.com.br\/ribeiraopreto-regiao\/wp-content\/uploads\/sites\/4\/2023\/03\/The-Kardashians-.png","datePublished":"2023-04-01T18:00:50+00:00","description":"O Star+ apresenta v\u00eddeo exclusivo da terceira temporada da s\u00e9rie original \u201cThe Kardashians\u201d, que chegar\u00e1 no dia 25 de maio.","inLanguage":"pt-BR","potentialAction":[{"@type":"ReadAction","target":["https:\/\/redenoticiaz.com.br\/ribeiraopreto-regiao\/sp\/2023\/04\/01\/maternidade-separacao-e-muita-tensao-durante-a-terceira-temporada-de-the-kardashians-confira"]}]},{"@type":"ImageObject","inLanguage":"pt-BR","@id":"https:\/\/redenoticiaz.com.br\/ribeiraopreto-regiao\/sp\/2023\/04\/01\/maternidade-separacao-e-muita-tensao-durante-a-terceira-temporada-de-the-kardashians-confira#primaryimage","url":"https:\/\/redenoticiaz.com.br\/ribeiraopreto-regiao\/wp-content\/uploads\/sites\/4\/2023\/03\/The-Kardashians-.png","contentUrl":"https:\/\/redenoticiaz.com.br\/ribeiraopreto-regiao\/wp-content\/uploads\/sites\/4\/2023\/03\/The-Kardashians-.png","width":996,"height":538,"caption":"Cr\u00e9dito: Divulga\u00e7\u00e3o"},{"@type":"WebSite","@id":"https:\/\/redenoticiaz.com.br\/ribeiraopreto-regiao\/#website","url":"https:\/\/redenoticiaz.com.br\/ribeiraopreto-regiao\/","name":"Ribeir\u00e3o Preto e Regi\u00e3o","description":"Rede NoticiaZ - Ribeir\u00e3o Preto e regi\u00e3o","publisher":{"@id":"https:\/\/redenoticiaz.com.br\/ribeiraopreto-regiao\/#organization"},"potentialAction":[{"@type":"SearchAction","target":{"@type":"EntryPoint","urlTemplate":"https:\/\/redenoticiaz.com.br\/ribeiraopreto-regiao\/?s={search_term_string}"},"query-input":{"@type":"PropertyValueSpecification","valueRequired":true,"valueName":"search_term_string"}}],"inLanguage":"pt-BR"},{"@type":"Organization","@id":"https:\/\/redenoticiaz.com.br\/ribeiraopreto-regiao\/#organization","name":"Ribeir\u00e3o Preto e Regi\u00e3o","url":"https:\/\/redenoticiaz.com.br\/ribeiraopreto-regiao\/","logo":{"@type":"ImageObject","inLanguage":"pt-BR","@id":"https:\/\/redenoticiaz.com.br\/ribeiraopreto-regiao\/#\/schema\/logo\/image\/","url":"https:\/\/redenoticiaz.com.br\/barretos-regiao\/wp-content\/uploads\/sites\/4\/2022\/02\/logo.jpg","contentUrl":"https:\/\/redenoticiaz.com.br\/barretos-regiao\/wp-content\/uploads\/sites\/4\/2022\/02\/logo.jpg","width":400,"height":250,"caption":"Ribeir\u00e3o Preto e Regi\u00e3o"},"image":{"@id":"https:\/\/redenoticiaz.com.br\/ribeiraopreto-regiao\/#\/schema\/logo\/image\/"},"sameAs":["https:\/\/m.facebook.com\/redenoticiaz.barretos","https:\/\/x.com\/RN_barretos","https:\/\/www.instagram.com\/redenoticiaz.barretos\/?igshid=YmMyMTA2M2Y","https:\/\/www.linkedin.com\/company\/rede-noticiaz-barretos-e-regio\/"]},{"@type":"Person","@id":"","url":"https:\/\/redenoticiaz.com.br\/ribeiraopreto-regiao\/sp\/author"}]}},"_links":{"self":[{"href":"https:\/\/redenoticiaz.com.br\/ribeiraopreto-regiao\/wp-json\/wp\/v2\/posts\/102935","targetHints":{"allow":["GET"]}}],"collection":[{"href":"https:\/\/redenoticiaz.com.br\/ribeiraopreto-regiao\/wp-json\/wp\/v2\/posts"}],"about":[{"href":"https:\/\/redenoticiaz.com.br\/ribeiraopreto-regiao\/wp-json\/wp\/v2\/types\/post"}],"author":[{"embeddable":true,"href":"https:\/\/redenoticiaz.com.br\/ribeiraopreto-regiao\/wp-json\/wp\/v2\/users\/15"}],"replies":[{"embeddable":true,"href":"https:\/\/redenoticiaz.com.br\/ribeiraopreto-regiao\/wp-json\/wp\/v2\/comments?post=102935"}],"version-history":[{"count":2,"href":"https:\/\/redenoticiaz.com.br\/ribeiraopreto-regiao\/wp-json\/wp\/v2\/posts\/102935\/revisions"}],"predecessor-version":[{"id":102939,"href":"https:\/\/redenoticiaz.com.br\/ribeiraopreto-regiao\/wp-json\/wp\/v2\/posts\/102935\/revisions\/102939"}],"wp:featuredmedia":[{"embeddable":true,"href":"https:\/\/redenoticiaz.com.br\/ribeiraopreto-regiao\/wp-json\/wp\/v2\/media\/102937"}],"wp:attachment":[{"href":"https:\/\/redenoticiaz.com.br\/ribeiraopreto-regiao\/wp-json\/wp\/v2\/media?parent=102935"}],"wp:term":[{"taxonomy":"category","embeddable":true,"href":"https:\/\/redenoticiaz.com.br\/ribeiraopreto-regiao\/wp-json\/wp\/v2\/categories?post=102935"},{"taxonomy":"post_tag","embeddable":true,"href":"https:\/\/redenoticiaz.com.br\/ribeiraopreto-regiao\/wp-json\/wp\/v2\/tags?post=102935"}],"curies":[{"name":"wp","href":"https:\/\/api.w.org\/{rel}","templated":true}]}}