{"id":102979,"date":"2023-03-30T15:33:22","date_gmt":"2023-03-30T18:33:22","guid":{"rendered":"https:\/\/redenoticiaz.com.br\/barretos-regiao\/?p=102979"},"modified":"2023-03-30T15:33:22","modified_gmt":"2023-03-30T18:33:22","slug":"video-chao-de-templo-na-india-desaba-e-deixa-13-mortos","status":"publish","type":"post","link":"https:\/\/redenoticiaz.com.br\/ribeiraopreto-regiao\/sp\/2023\/03\/30\/video-chao-de-templo-na-india-desaba-e-deixa-13-mortos","title":{"rendered":"V\u00eddeo &#8211; Ch\u00e3o de Templo na \u00cdndia desaba e deixa 13 mortos"},"content":{"rendered":"<div id=\"chunk-733ns\">\n<div class=\"mc-column content-text active-extra-styles \" data-block-type=\"unstyled\" data-block-weight=\"27\" data-block-id=\"3\">\n<p class=\"content-text__container \" data-track-category=\"Link no Texto\" data-track-links=\"\">Parte do ch\u00e3o de um templo desabou na \u00cdndia nesta quinta-feira (30), deixando 13 pessoas mortas, segundo informa\u00e7\u00f5es de autoridades do pa\u00eds.<\/p>\n<\/div>\n<\/div>\n<div class=\"wall protected-content\">\n<div id=\"chunk-d9u2v\">\n<div class=\"mc-column content-text active-extra-styles \" data-block-type=\"unstyled\" data-block-weight=\"39\" data-block-id=\"4\">\n<p data-track-category=\"Link no Texto\" data-track-links=\"\">O acidente ocorreu na cidade de Indore, no estado de Madhya Pradesh, onde acontece esta semana um festival hindu que re\u00fane centenas de pessoas.<\/p>\n<p data-track-category=\"Link no Texto\" data-track-links=\"\">Durante a festividade, o piso, que ficava sobre um po\u00e7o utilizado em rituais religiosos, cedeu, e 25 dos fi\u00e9is que estavam no templo no momento ca\u00edram. Onze pessoas morreram na hora, e duas, no hospital. O resto dos sobreviventes se encontram hospitalizados.<\/p>\n<div class=\"wp-playlist wp-video-playlist wp-playlist-light\">\n\t\t<video controls=\"controls\" preload=\"none\" width=\"640\"\n\t\t height=\"352\"\t><\/video>\n\t<div class=\"wp-playlist-next\"><\/div>\n\t<div class=\"wp-playlist-prev\"><\/div>\n\t<noscript>\n\t<ol>\n\t\t<li><a href='https:\/\/redenoticiaz.com.br\/ribeiraopreto-regiao\/wp-content\/uploads\/sites\/4\/2023\/03\/Onze-pessoas-morreram-na-hora-e-duas-no-hospital.mp4'>Onze pessoas morreram na hora, e duas, no hospital<\/a><\/li>\t<\/ol>\n\t<\/noscript>\n\t<script type=\"application\/json\" class=\"wp-playlist-script\">{\"type\":\"video\",\"tracklist\":true,\"tracknumbers\":true,\"images\":true,\"artists\":true,\"tracks\":[{\"src\":\"https:\/\/redenoticiaz.com.br\/ribeiraopreto-regiao\/wp-content\/uploads\/sites\/4\/2023\/03\/Onze-pessoas-morreram-na-hora-e-duas-no-hospital.mp4\",\"type\":\"video\/mp4\",\"title\":\"Onze pessoas morreram na hora, e duas, no hospital\",\"caption\":\"Onze pessoas morreram na hora, e duas, no hospital\",\"description\":\"\",\"meta\":{\"length_formatted\":\"0:29\"},\"dimensions\":{\"original\":{\"width\":640,\"height\":352},\"resized\":{\"width\":640,\"height\":352}},\"image\":{\"src\":\"https:\/\/redenoticiaz.com.br\/ribeiraopreto-regiao\/wp-includes\/images\/media\/video.svg\",\"width\":48,\"height\":64},\"thumb\":{\"src\":\"https:\/\/redenoticiaz.com.br\/ribeiraopreto-regiao\/wp-includes\/images\/media\/video.svg\",\"width\":48,\"height\":64}}]}<\/script>\n<\/div>\n\t\n<\/div>\n<\/div>\n<div id=\"chunk-2i9ro\">\n<div class=\"mc-column content-text active-extra-styles \" data-block-type=\"unstyled\" data-block-weight=\"25\" data-block-id=\"5\">\n<p class=\"content-text__container \" data-track-category=\"Link no Texto\" data-track-links=\"\">Narottam Mishra, ministro do interior de Madhya Pradesh, anunciou que uma investiga\u00e7\u00e3o foi aberta e afirmou as fam\u00edlias das v\u00edtimas receber\u00e3o uma indeniza\u00e7\u00e3o.<\/p>\n<div id=\"chunk-f7ghl\">\n<div class=\"mc-column content-text active-extra-styles \" data-block-type=\"unstyled\" data-block-weight=\"21\" data-block-id=\"10\">\n<p class=\"content-text__container \" data-track-category=\"Link no Texto\" data-track-links=\"\">VEJA TAMB\u00c9M:\u00a0<a href=\"https:\/\/redenoticiaz.com.br\/barretos-regiao\/sp\/2023\/03\/29\/video-mc-pipokinha-faz-show-para-criancas-e-choca-com-escolha-das-musicas\">V\u00cdDEO \u2013 MC Pipokinha faz show para crian\u00e7as e choca com escolha das m\u00fasicas<\/a><\/p>\n<\/div>\n<\/div>\n<\/div>\n<\/div>\n<\/div>\n","protected":false},"excerpt":{"rendered":"<p>Parte do ch\u00e3o de um templo desabou na \u00cdndia nesta quinta-feira (30), deixando 13 pessoas mortas, segundo informa\u00e7\u00f5es de autoridades do pa\u00eds. O acidente ocorreu na cidade de Indore, no estado de Madhya Pradesh, onde acontece esta semana um festival hindu que re\u00fane centenas de pessoas. Durante a festividade, o piso, que ficava sobre um &hellip;<\/p>\n","protected":false},"author":15,"featured_media":102980,"comment_status":"open","ping_status":"closed","sticky":false,"template":"","format":"standard","meta":{"footnotes":""},"categories":[68],"tags":[26055,21625,928,26054],"class_list":["post-102979","post","type-post","status-publish","format-standard","has-post-thumbnail","hentry","category-mundo","tag-chao","tag-india","tag-mortes","tag-templo"],"yoast_head":"<!-- This site is optimized with the Yoast SEO plugin v27.4 - https:\/\/yoast.com\/product\/yoast-seo-wordpress\/ -->\n<title>V\u00eddeo &#8211; Ch\u00e3o de Templo na \u00cdndia desaba e deixa 13 mortos - Ribeir\u00e3o Preto e Regi\u00e3o<\/title>\n<meta name=\"description\" content=\"Parte do ch\u00e3o de um templo desabou na \u00cdndia nesta quinta-feira (30), deixando 13 pessoas mortas, segundo informa\u00e7\u00f5es de autoridades do pa\u00eds.\" \/>\n<meta name=\"robots\" content=\"index, follow, max-snippet:-1, max-image-preview:large, max-video-preview:-1\" \/>\n<link rel=\"canonical\" href=\"https:\/\/redenoticiaz.com.br\/ribeiraopreto-regiao\/sp\/2023\/03\/30\/video-chao-de-templo-na-india-desaba-e-deixa-13-mortos\" \/>\n<meta property=\"og:locale\" content=\"pt_BR\" \/>\n<meta property=\"og:type\" content=\"article\" \/>\n<meta property=\"og:title\" content=\"V\u00eddeo &#8211; Ch\u00e3o de Templo na \u00cdndia desaba e deixa 13 mortos - Ribeir\u00e3o Preto e Regi\u00e3o\" \/>\n<meta property=\"og:description\" content=\"Parte do ch\u00e3o de um templo desabou na \u00cdndia nesta quinta-feira (30), deixando 13 pessoas mortas, segundo informa\u00e7\u00f5es de autoridades do pa\u00eds.\" \/>\n<meta property=\"og:url\" content=\"https:\/\/redenoticiaz.com.br\/ribeiraopreto-regiao\/sp\/2023\/03\/30\/video-chao-de-templo-na-india-desaba-e-deixa-13-mortos\" \/>\n<meta property=\"og:site_name\" content=\"Ribeir\u00e3o Preto e Regi\u00e3o\" \/>\n<meta property=\"article:publisher\" content=\"https:\/\/m.facebook.com\/redenoticiaz.barretos\" \/>\n<meta property=\"article:published_time\" content=\"2023-03-30T18:33:22+00:00\" \/>\n<meta property=\"og:image\" content=\"https:\/\/redenoticiaz.com.br\/ribeiraopreto-regiao\/wp-content\/uploads\/sites\/4\/2023\/03\/Video-Chao-de-Templo-na-India-desaba-e-deixa-13-mortos.png\" \/>\n\t<meta property=\"og:image:width\" content=\"1200\" \/>\n\t<meta property=\"og:image:height\" content=\"628\" \/>\n\t<meta property=\"og:image:type\" content=\"image\/png\" \/>\n<meta name=\"twitter:card\" content=\"summary_large_image\" \/>\n<meta name=\"twitter:creator\" content=\"@RN_barretos\" \/>\n<meta name=\"twitter:site\" content=\"@RN_barretos\" \/>\n<meta name=\"twitter:label1\" content=\"Escrito por\" \/>\n\t<meta name=\"twitter:data1\" content=\"\" \/>\n\t<meta name=\"twitter:label2\" content=\"Est. tempo de leitura\" \/>\n\t<meta name=\"twitter:data2\" content=\"1 minuto\" \/>\n<script type=\"application\/ld+json\" class=\"yoast-schema-graph\">{\"@context\":\"https:\\\/\\\/schema.org\",\"@graph\":[{\"@type\":\"Article\",\"@id\":\"https:\\\/\\\/redenoticiaz.com.br\\\/ribeiraopreto-regiao\\\/sp\\\/2023\\\/03\\\/30\\\/video-chao-de-templo-na-india-desaba-e-deixa-13-mortos#article\",\"isPartOf\":{\"@id\":\"https:\\\/\\\/redenoticiaz.com.br\\\/ribeiraopreto-regiao\\\/sp\\\/2023\\\/03\\\/30\\\/video-chao-de-templo-na-india-desaba-e-deixa-13-mortos\"},\"author\":{\"name\":\"\",\"@id\":\"\"},\"headline\":\"V\u00eddeo &#8211; Ch\u00e3o de Templo na \u00cdndia desaba e deixa 13 mortos\",\"datePublished\":\"2023-03-30T18:33:22+00:00\",\"mainEntityOfPage\":{\"@id\":\"https:\\\/\\\/redenoticiaz.com.br\\\/ribeiraopreto-regiao\\\/sp\\\/2023\\\/03\\\/30\\\/video-chao-de-templo-na-india-desaba-e-deixa-13-mortos\"},\"wordCount\":155,\"commentCount\":0,\"publisher\":{\"@id\":\"https:\\\/\\\/redenoticiaz.com.br\\\/ribeiraopreto-regiao\\\/#organization\"},\"image\":{\"@id\":\"https:\\\/\\\/redenoticiaz.com.br\\\/ribeiraopreto-regiao\\\/sp\\\/2023\\\/03\\\/30\\\/video-chao-de-templo-na-india-desaba-e-deixa-13-mortos#primaryimage\"},\"thumbnailUrl\":\"https:\\\/\\\/redenoticiaz.com.br\\\/ribeiraopreto-regiao\\\/wp-content\\\/uploads\\\/sites\\\/4\\\/2023\\\/03\\\/Video-Chao-de-Templo-na-India-desaba-e-deixa-13-mortos.png\",\"keywords\":[\"Ch\u00e3o\",\"\u00cdNDIA\",\"MORTES\",\"Templo\"],\"articleSection\":[\"Mundo\"],\"inLanguage\":\"pt-BR\",\"potentialAction\":[{\"@type\":\"CommentAction\",\"name\":\"Comment\",\"target\":[\"https:\\\/\\\/redenoticiaz.com.br\\\/ribeiraopreto-regiao\\\/sp\\\/2023\\\/03\\\/30\\\/video-chao-de-templo-na-india-desaba-e-deixa-13-mortos#respond\"]}]},{\"@type\":\"WebPage\",\"@id\":\"https:\\\/\\\/redenoticiaz.com.br\\\/ribeiraopreto-regiao\\\/sp\\\/2023\\\/03\\\/30\\\/video-chao-de-templo-na-india-desaba-e-deixa-13-mortos\",\"url\":\"https:\\\/\\\/redenoticiaz.com.br\\\/ribeiraopreto-regiao\\\/sp\\\/2023\\\/03\\\/30\\\/video-chao-de-templo-na-india-desaba-e-deixa-13-mortos\",\"name\":\"V\u00eddeo &#8211; Ch\u00e3o de Templo na \u00cdndia desaba e deixa 13 mortos - Ribeir\u00e3o Preto e Regi\u00e3o\",\"isPartOf\":{\"@id\":\"https:\\\/\\\/redenoticiaz.com.br\\\/ribeiraopreto-regiao\\\/#website\"},\"primaryImageOfPage\":{\"@id\":\"https:\\\/\\\/redenoticiaz.com.br\\\/ribeiraopreto-regiao\\\/sp\\\/2023\\\/03\\\/30\\\/video-chao-de-templo-na-india-desaba-e-deixa-13-mortos#primaryimage\"},\"image\":{\"@id\":\"https:\\\/\\\/redenoticiaz.com.br\\\/ribeiraopreto-regiao\\\/sp\\\/2023\\\/03\\\/30\\\/video-chao-de-templo-na-india-desaba-e-deixa-13-mortos#primaryimage\"},\"thumbnailUrl\":\"https:\\\/\\\/redenoticiaz.com.br\\\/ribeiraopreto-regiao\\\/wp-content\\\/uploads\\\/sites\\\/4\\\/2023\\\/03\\\/Video-Chao-de-Templo-na-India-desaba-e-deixa-13-mortos.png\",\"datePublished\":\"2023-03-30T18:33:22+00:00\",\"description\":\"Parte do ch\u00e3o de um templo desabou na \u00cdndia nesta quinta-feira (30), deixando 13 pessoas mortas, segundo informa\u00e7\u00f5es de autoridades do pa\u00eds.\",\"inLanguage\":\"pt-BR\",\"potentialAction\":[{\"@type\":\"ReadAction\",\"target\":[\"https:\\\/\\\/redenoticiaz.com.br\\\/ribeiraopreto-regiao\\\/sp\\\/2023\\\/03\\\/30\\\/video-chao-de-templo-na-india-desaba-e-deixa-13-mortos\"]}]},{\"@type\":\"ImageObject\",\"inLanguage\":\"pt-BR\",\"@id\":\"https:\\\/\\\/redenoticiaz.com.br\\\/ribeiraopreto-regiao\\\/sp\\\/2023\\\/03\\\/30\\\/video-chao-de-templo-na-india-desaba-e-deixa-13-mortos#primaryimage\",\"url\":\"https:\\\/\\\/redenoticiaz.com.br\\\/ribeiraopreto-regiao\\\/wp-content\\\/uploads\\\/sites\\\/4\\\/2023\\\/03\\\/Video-Chao-de-Templo-na-India-desaba-e-deixa-13-mortos.png\",\"contentUrl\":\"https:\\\/\\\/redenoticiaz.com.br\\\/ribeiraopreto-regiao\\\/wp-content\\\/uploads\\\/sites\\\/4\\\/2023\\\/03\\\/Video-Chao-de-Templo-na-India-desaba-e-deixa-13-mortos.png\",\"width\":1200,\"height\":628,\"caption\":\"Cr\u00e9dito: Reprodu\u00e7\u00e3o\"},{\"@type\":\"WebSite\",\"@id\":\"https:\\\/\\\/redenoticiaz.com.br\\\/ribeiraopreto-regiao\\\/#website\",\"url\":\"https:\\\/\\\/redenoticiaz.com.br\\\/ribeiraopreto-regiao\\\/\",\"name\":\"Ribeir\u00e3o Preto e Regi\u00e3o\",\"description\":\"Rede NoticiaZ - Ribeir\u00e3o Preto e regi\u00e3o\",\"publisher\":{\"@id\":\"https:\\\/\\\/redenoticiaz.com.br\\\/ribeiraopreto-regiao\\\/#organization\"},\"potentialAction\":[{\"@type\":\"SearchAction\",\"target\":{\"@type\":\"EntryPoint\",\"urlTemplate\":\"https:\\\/\\\/redenoticiaz.com.br\\\/ribeiraopreto-regiao\\\/?s={search_term_string}\"},\"query-input\":{\"@type\":\"PropertyValueSpecification\",\"valueRequired\":true,\"valueName\":\"search_term_string\"}}],\"inLanguage\":\"pt-BR\"},{\"@type\":\"Organization\",\"@id\":\"https:\\\/\\\/redenoticiaz.com.br\\\/ribeiraopreto-regiao\\\/#organization\",\"name\":\"Ribeir\u00e3o Preto e Regi\u00e3o\",\"url\":\"https:\\\/\\\/redenoticiaz.com.br\\\/ribeiraopreto-regiao\\\/\",\"logo\":{\"@type\":\"ImageObject\",\"inLanguage\":\"pt-BR\",\"@id\":\"https:\\\/\\\/redenoticiaz.com.br\\\/ribeiraopreto-regiao\\\/#\\\/schema\\\/logo\\\/image\\\/\",\"url\":\"https:\\\/\\\/redenoticiaz.com.br\\\/barretos-regiao\\\/wp-content\\\/uploads\\\/sites\\\/4\\\/2022\\\/02\\\/logo.jpg\",\"contentUrl\":\"https:\\\/\\\/redenoticiaz.com.br\\\/barretos-regiao\\\/wp-content\\\/uploads\\\/sites\\\/4\\\/2022\\\/02\\\/logo.jpg\",\"width\":400,\"height\":250,\"caption\":\"Ribeir\u00e3o Preto e Regi\u00e3o\"},\"image\":{\"@id\":\"https:\\\/\\\/redenoticiaz.com.br\\\/ribeiraopreto-regiao\\\/#\\\/schema\\\/logo\\\/image\\\/\"},\"sameAs\":[\"https:\\\/\\\/m.facebook.com\\\/redenoticiaz.barretos\",\"https:\\\/\\\/x.com\\\/RN_barretos\",\"https:\\\/\\\/www.instagram.com\\\/redenoticiaz.barretos\\\/?igshid=YmMyMTA2M2Y\",\"https:\\\/\\\/www.linkedin.com\\\/company\\\/rede-noticiaz-barretos-e-regio\\\/\"]},{\"@type\":\"Person\",\"@id\":\"\",\"url\":\"https:\\\/\\\/redenoticiaz.com.br\\\/ribeiraopreto-regiao\\\/sp\\\/author\"}]}<\/script>\n<!-- \/ Yoast SEO plugin. -->","yoast_head_json":{"title":"V\u00eddeo &#8211; Ch\u00e3o de Templo na \u00cdndia desaba e deixa 13 mortos - Ribeir\u00e3o Preto e Regi\u00e3o","description":"Parte do ch\u00e3o de um templo desabou na \u00cdndia nesta quinta-feira (30), deixando 13 pessoas mortas, segundo informa\u00e7\u00f5es de autoridades do pa\u00eds.","robots":{"index":"index","follow":"follow","max-snippet":"max-snippet:-1","max-image-preview":"max-image-preview:large","max-video-preview":"max-video-preview:-1"},"canonical":"https:\/\/redenoticiaz.com.br\/ribeiraopreto-regiao\/sp\/2023\/03\/30\/video-chao-de-templo-na-india-desaba-e-deixa-13-mortos","og_locale":"pt_BR","og_type":"article","og_title":"V\u00eddeo &#8211; Ch\u00e3o de Templo na \u00cdndia desaba e deixa 13 mortos - Ribeir\u00e3o Preto e Regi\u00e3o","og_description":"Parte do ch\u00e3o de um templo desabou na \u00cdndia nesta quinta-feira (30), deixando 13 pessoas mortas, segundo informa\u00e7\u00f5es de autoridades do pa\u00eds.","og_url":"https:\/\/redenoticiaz.com.br\/ribeiraopreto-regiao\/sp\/2023\/03\/30\/video-chao-de-templo-na-india-desaba-e-deixa-13-mortos","og_site_name":"Ribeir\u00e3o Preto e Regi\u00e3o","article_publisher":"https:\/\/m.facebook.com\/redenoticiaz.barretos","article_published_time":"2023-03-30T18:33:22+00:00","og_image":[{"width":1200,"height":628,"url":"https:\/\/redenoticiaz.com.br\/ribeiraopreto-regiao\/wp-content\/uploads\/sites\/4\/2023\/03\/Video-Chao-de-Templo-na-India-desaba-e-deixa-13-mortos.png","type":"image\/png"}],"twitter_card":"summary_large_image","twitter_creator":"@RN_barretos","twitter_site":"@RN_barretos","twitter_misc":{"Escrito por":"","Est. tempo de leitura":"1 minuto"},"schema":{"@context":"https:\/\/schema.org","@graph":[{"@type":"Article","@id":"https:\/\/redenoticiaz.com.br\/ribeiraopreto-regiao\/sp\/2023\/03\/30\/video-chao-de-templo-na-india-desaba-e-deixa-13-mortos#article","isPartOf":{"@id":"https:\/\/redenoticiaz.com.br\/ribeiraopreto-regiao\/sp\/2023\/03\/30\/video-chao-de-templo-na-india-desaba-e-deixa-13-mortos"},"author":{"name":"","@id":""},"headline":"V\u00eddeo &#8211; Ch\u00e3o de Templo na \u00cdndia desaba e deixa 13 mortos","datePublished":"2023-03-30T18:33:22+00:00","mainEntityOfPage":{"@id":"https:\/\/redenoticiaz.com.br\/ribeiraopreto-regiao\/sp\/2023\/03\/30\/video-chao-de-templo-na-india-desaba-e-deixa-13-mortos"},"wordCount":155,"commentCount":0,"publisher":{"@id":"https:\/\/redenoticiaz.com.br\/ribeiraopreto-regiao\/#organization"},"image":{"@id":"https:\/\/redenoticiaz.com.br\/ribeiraopreto-regiao\/sp\/2023\/03\/30\/video-chao-de-templo-na-india-desaba-e-deixa-13-mortos#primaryimage"},"thumbnailUrl":"https:\/\/redenoticiaz.com.br\/ribeiraopreto-regiao\/wp-content\/uploads\/sites\/4\/2023\/03\/Video-Chao-de-Templo-na-India-desaba-e-deixa-13-mortos.png","keywords":["Ch\u00e3o","\u00cdNDIA","MORTES","Templo"],"articleSection":["Mundo"],"inLanguage":"pt-BR","potentialAction":[{"@type":"CommentAction","name":"Comment","target":["https:\/\/redenoticiaz.com.br\/ribeiraopreto-regiao\/sp\/2023\/03\/30\/video-chao-de-templo-na-india-desaba-e-deixa-13-mortos#respond"]}]},{"@type":"WebPage","@id":"https:\/\/redenoticiaz.com.br\/ribeiraopreto-regiao\/sp\/2023\/03\/30\/video-chao-de-templo-na-india-desaba-e-deixa-13-mortos","url":"https:\/\/redenoticiaz.com.br\/ribeiraopreto-regiao\/sp\/2023\/03\/30\/video-chao-de-templo-na-india-desaba-e-deixa-13-mortos","name":"V\u00eddeo &#8211; Ch\u00e3o de Templo na \u00cdndia desaba e deixa 13 mortos - Ribeir\u00e3o Preto e Regi\u00e3o","isPartOf":{"@id":"https:\/\/redenoticiaz.com.br\/ribeiraopreto-regiao\/#website"},"primaryImageOfPage":{"@id":"https:\/\/redenoticiaz.com.br\/ribeiraopreto-regiao\/sp\/2023\/03\/30\/video-chao-de-templo-na-india-desaba-e-deixa-13-mortos#primaryimage"},"image":{"@id":"https:\/\/redenoticiaz.com.br\/ribeiraopreto-regiao\/sp\/2023\/03\/30\/video-chao-de-templo-na-india-desaba-e-deixa-13-mortos#primaryimage"},"thumbnailUrl":"https:\/\/redenoticiaz.com.br\/ribeiraopreto-regiao\/wp-content\/uploads\/sites\/4\/2023\/03\/Video-Chao-de-Templo-na-India-desaba-e-deixa-13-mortos.png","datePublished":"2023-03-30T18:33:22+00:00","description":"Parte do ch\u00e3o de um templo desabou na \u00cdndia nesta quinta-feira (30), deixando 13 pessoas mortas, segundo informa\u00e7\u00f5es de autoridades do pa\u00eds.","inLanguage":"pt-BR","potentialAction":[{"@type":"ReadAction","target":["https:\/\/redenoticiaz.com.br\/ribeiraopreto-regiao\/sp\/2023\/03\/30\/video-chao-de-templo-na-india-desaba-e-deixa-13-mortos"]}]},{"@type":"ImageObject","inLanguage":"pt-BR","@id":"https:\/\/redenoticiaz.com.br\/ribeiraopreto-regiao\/sp\/2023\/03\/30\/video-chao-de-templo-na-india-desaba-e-deixa-13-mortos#primaryimage","url":"https:\/\/redenoticiaz.com.br\/ribeiraopreto-regiao\/wp-content\/uploads\/sites\/4\/2023\/03\/Video-Chao-de-Templo-na-India-desaba-e-deixa-13-mortos.png","contentUrl":"https:\/\/redenoticiaz.com.br\/ribeiraopreto-regiao\/wp-content\/uploads\/sites\/4\/2023\/03\/Video-Chao-de-Templo-na-India-desaba-e-deixa-13-mortos.png","width":1200,"height":628,"caption":"Cr\u00e9dito: Reprodu\u00e7\u00e3o"},{"@type":"WebSite","@id":"https:\/\/redenoticiaz.com.br\/ribeiraopreto-regiao\/#website","url":"https:\/\/redenoticiaz.com.br\/ribeiraopreto-regiao\/","name":"Ribeir\u00e3o Preto e Regi\u00e3o","description":"Rede NoticiaZ - Ribeir\u00e3o Preto e regi\u00e3o","publisher":{"@id":"https:\/\/redenoticiaz.com.br\/ribeiraopreto-regiao\/#organization"},"potentialAction":[{"@type":"SearchAction","target":{"@type":"EntryPoint","urlTemplate":"https:\/\/redenoticiaz.com.br\/ribeiraopreto-regiao\/?s={search_term_string}"},"query-input":{"@type":"PropertyValueSpecification","valueRequired":true,"valueName":"search_term_string"}}],"inLanguage":"pt-BR"},{"@type":"Organization","@id":"https:\/\/redenoticiaz.com.br\/ribeiraopreto-regiao\/#organization","name":"Ribeir\u00e3o Preto e Regi\u00e3o","url":"https:\/\/redenoticiaz.com.br\/ribeiraopreto-regiao\/","logo":{"@type":"ImageObject","inLanguage":"pt-BR","@id":"https:\/\/redenoticiaz.com.br\/ribeiraopreto-regiao\/#\/schema\/logo\/image\/","url":"https:\/\/redenoticiaz.com.br\/barretos-regiao\/wp-content\/uploads\/sites\/4\/2022\/02\/logo.jpg","contentUrl":"https:\/\/redenoticiaz.com.br\/barretos-regiao\/wp-content\/uploads\/sites\/4\/2022\/02\/logo.jpg","width":400,"height":250,"caption":"Ribeir\u00e3o Preto e Regi\u00e3o"},"image":{"@id":"https:\/\/redenoticiaz.com.br\/ribeiraopreto-regiao\/#\/schema\/logo\/image\/"},"sameAs":["https:\/\/m.facebook.com\/redenoticiaz.barretos","https:\/\/x.com\/RN_barretos","https:\/\/www.instagram.com\/redenoticiaz.barretos\/?igshid=YmMyMTA2M2Y","https:\/\/www.linkedin.com\/company\/rede-noticiaz-barretos-e-regio\/"]},{"@type":"Person","@id":"","url":"https:\/\/redenoticiaz.com.br\/ribeiraopreto-regiao\/sp\/author"}]}},"_links":{"self":[{"href":"https:\/\/redenoticiaz.com.br\/ribeiraopreto-regiao\/wp-json\/wp\/v2\/posts\/102979","targetHints":{"allow":["GET"]}}],"collection":[{"href":"https:\/\/redenoticiaz.com.br\/ribeiraopreto-regiao\/wp-json\/wp\/v2\/posts"}],"about":[{"href":"https:\/\/redenoticiaz.com.br\/ribeiraopreto-regiao\/wp-json\/wp\/v2\/types\/post"}],"author":[{"embeddable":true,"href":"https:\/\/redenoticiaz.com.br\/ribeiraopreto-regiao\/wp-json\/wp\/v2\/users\/15"}],"replies":[{"embeddable":true,"href":"https:\/\/redenoticiaz.com.br\/ribeiraopreto-regiao\/wp-json\/wp\/v2\/comments?post=102979"}],"version-history":[{"count":1,"href":"https:\/\/redenoticiaz.com.br\/ribeiraopreto-regiao\/wp-json\/wp\/v2\/posts\/102979\/revisions"}],"predecessor-version":[{"id":102982,"href":"https:\/\/redenoticiaz.com.br\/ribeiraopreto-regiao\/wp-json\/wp\/v2\/posts\/102979\/revisions\/102982"}],"wp:featuredmedia":[{"embeddable":true,"href":"https:\/\/redenoticiaz.com.br\/ribeiraopreto-regiao\/wp-json\/wp\/v2\/media\/102980"}],"wp:attachment":[{"href":"https:\/\/redenoticiaz.com.br\/ribeiraopreto-regiao\/wp-json\/wp\/v2\/media?parent=102979"}],"wp:term":[{"taxonomy":"category","embeddable":true,"href":"https:\/\/redenoticiaz.com.br\/ribeiraopreto-regiao\/wp-json\/wp\/v2\/categories?post=102979"},{"taxonomy":"post_tag","embeddable":true,"href":"https:\/\/redenoticiaz.com.br\/ribeiraopreto-regiao\/wp-json\/wp\/v2\/tags?post=102979"}],"curies":[{"name":"wp","href":"https:\/\/api.w.org\/{rel}","templated":true}]}}