{"id":103060,"date":"2023-03-31T17:11:14","date_gmt":"2023-03-31T20:11:14","guid":{"rendered":"https:\/\/redenoticiaz.com.br\/barretos-regiao\/?p=103060"},"modified":"2023-03-31T17:11:14","modified_gmt":"2023-03-31T20:11:14","slug":"conmebol-anuncia-construcao-de-estadio-proprio-pensando-em-copa-do-mundo","status":"publish","type":"post","link":"https:\/\/redenoticiaz.com.br\/ribeiraopreto-regiao\/sp\/2023\/03\/31\/conmebol-anuncia-construcao-de-estadio-proprio-pensando-em-copa-do-mundo","title":{"rendered":"Conmebol anuncia constru\u00e7\u00e3o de est\u00e1dio pr\u00f3prio pensando em Copa do Mundo"},"content":{"rendered":"<p><span data-offset-key=\"6jl3i-817-0\">A<\/span><span data-offset-key=\"6jl3i-818-0\"> Con<\/span><span data-offset-key=\"6jl3i-819-0\">me<\/span><span data-offset-key=\"6jl3i-820-0\">bol<\/span><span data-offset-key=\"6jl3i-821-0\"> an<\/span><span data-offset-key=\"6jl3i-822-0\">unci<\/span><span data-offset-key=\"6jl3i-823-0\">ou<\/span><span data-offset-key=\"6jl3i-824-0\"> a<\/span><span data-offset-key=\"6jl3i-825-0\"> const<\/span><span data-offset-key=\"6jl3i-826-0\">ru<\/span><span data-offset-key=\"6jl3i-827-0\">\u00e7<\/span><span data-offset-key=\"6jl3i-828-0\">\u00e3o<\/span><span data-offset-key=\"6jl3i-829-0\"> de<\/span><span data-offset-key=\"6jl3i-830-0\"> um<\/span><span data-offset-key=\"6jl3i-831-0\"> est<\/span><span data-offset-key=\"6jl3i-832-0\">\u00e1<\/span><span data-offset-key=\"6jl3i-833-0\">d<\/span><span data-offset-key=\"6jl3i-834-0\">io<\/span><span data-offset-key=\"6jl3i-835-0\"> com<\/span><span data-offset-key=\"6jl3i-836-0\"> capac<\/span><span data-offset-key=\"6jl3i-837-0\">id<\/span><span data-offset-key=\"6jl3i-838-0\">ade<\/span><span data-offset-key=\"6jl3i-839-0\"> para<\/span><span data-offset-key=\"6jl3i-840-0\"> 45<\/span><span data-offset-key=\"6jl3i-841-0\"> mil<\/span><span data-offset-key=\"6jl3i-842-0\"> p<\/span><span data-offset-key=\"6jl3i-843-0\">ess<\/span><span data-offset-key=\"6jl3i-844-0\">o<\/span><span data-offset-key=\"6jl3i-845-0\">as<\/span><span data-offset-key=\"6jl3i-846-0\"> em<\/span><span data-offset-key=\"6jl3i-847-0\"> Ass<\/span><span data-offset-key=\"6jl3i-848-0\">un<\/span><span data-offset-key=\"6jl3i-849-0\">\u00e7<\/span><span data-offset-key=\"6jl3i-850-0\">\u00e3o<\/span><span data-offset-key=\"6jl3i-851-0\">,<\/span><span data-offset-key=\"6jl3i-852-0\"> Paragu<\/span><span data-offset-key=\"6jl3i-853-0\">ai<\/span><span data-offset-key=\"6jl3i-854-0\">,<\/span><span data-offset-key=\"6jl3i-855-0\"> com<\/span><span data-offset-key=\"6jl3i-856-0\"> poss<\/span><span data-offset-key=\"6jl3i-857-0\">ib<\/span><span data-offset-key=\"6jl3i-858-0\">il<\/span><span data-offset-key=\"6jl3i-859-0\">id<\/span><span data-offset-key=\"6jl3i-860-0\">ade<\/span><span data-offset-key=\"6jl3i-861-0\"> de<\/span><span data-offset-key=\"6jl3i-862-0\"> a<\/span><span data-offset-key=\"6jl3i-863-0\">ument<\/span><span data-offset-key=\"6jl3i-864-0\">ar<\/span><span data-offset-key=\"6jl3i-865-0\"> para<\/span><span data-offset-key=\"6jl3i-866-0\"> 60<\/span><span data-offset-key=\"6jl3i-867-0\"> mil<\/span><span data-offset-key=\"6jl3i-868-0\"> se<\/span><span data-offset-key=\"6jl3i-869-0\"> a<\/span><span data-offset-key=\"6jl3i-870-0\"> Am<\/span><span data-offset-key=\"6jl3i-871-0\">\u00e9<\/span><span data-offset-key=\"6jl3i-872-0\">rica<\/span><span data-offset-key=\"6jl3i-873-0\"> do<\/span><span data-offset-key=\"6jl3i-874-0\"> Sul<\/span><span data-offset-key=\"6jl3i-875-0\"> for<\/span><span data-offset-key=\"6jl3i-876-0\"> esc<\/span><span data-offset-key=\"6jl3i-877-0\">ol<\/span><span data-offset-key=\"6jl3i-878-0\">h<\/span><span data-offset-key=\"6jl3i-879-0\">ida<\/span><span data-offset-key=\"6jl3i-880-0\"> com<\/span><span data-offset-key=\"6jl3i-881-0\">o<\/span><span data-offset-key=\"6jl3i-882-0\"> sed<\/span><span data-offset-key=\"6jl3i-883-0\">e<\/span><span data-offset-key=\"6jl3i-884-0\"> da<\/span><span data-offset-key=\"6jl3i-885-0\"> Cop<\/span><span data-offset-key=\"6jl3i-886-0\">a<\/span><span data-offset-key=\"6jl3i-887-0\"> de<\/span><span data-offset-key=\"6jl3i-888-0\"> 2030<\/span><span data-offset-key=\"6jl3i-889-0\">.<\/span><\/p>\n<p>De acordo com o or\u00e7amento para 2023 aprovado nesta sexta-feira (31) no Congresso, j\u00e1 h\u00e1 US$ 50 milh\u00f5es (cerca de R$ 250 milh\u00f5es) destinados ao primeiro ano de obras.<\/p>\n<p><span data-offset-key=\"5581c-927-0\">A<\/span><span data-offset-key=\"5581c-928-0\"> est<\/span><span data-offset-key=\"5581c-929-0\">r<\/span><span data-offset-key=\"5581c-930-0\">ut<\/span><span data-offset-key=\"5581c-931-0\">ura<\/span><span data-offset-key=\"5581c-932-0\"> ter<\/span><span data-offset-key=\"5581c-933-0\">\u00e1<\/span><span data-offset-key=\"5581c-934-0\"> design<\/span><span data-offset-key=\"5581c-935-0\"> sust<\/span><span data-offset-key=\"5581c-936-0\">ent<\/span><span data-offset-key=\"5581c-937-0\">\u00e1<\/span><span data-offset-key=\"5581c-938-0\">vel<\/span><span data-offset-key=\"5581c-939-0\"> e<\/span><span data-offset-key=\"5581c-940-0\"> e<\/span><span data-offset-key=\"5581c-941-0\">col<\/span><span data-offset-key=\"5581c-942-0\">\u00f3<\/span><span data-offset-key=\"5581c-943-0\">g<\/span><span data-offset-key=\"5581c-944-0\">ico<\/span><span data-offset-key=\"5581c-945-0\">,<\/span><span data-offset-key=\"5581c-946-0\"> es<\/span><span data-offset-key=\"5581c-947-0\">pa<\/span><span data-offset-key=\"5581c-948-0\">\u00e7<\/span><span data-offset-key=\"5581c-949-0\">os<\/span><span data-offset-key=\"5581c-950-0\"> ver<\/span><span data-offset-key=\"5581c-951-0\">des<\/span><span data-offset-key=\"5581c-952-0\"> a<\/span><span data-offset-key=\"5581c-953-0\">o<\/span><span data-offset-key=\"5581c-954-0\"> se<\/span><span data-offset-key=\"5581c-955-0\">u<\/span><span data-offset-key=\"5581c-956-0\"> red<\/span><span data-offset-key=\"5581c-957-0\">or<\/span><span data-offset-key=\"5581c-958-0\"> e<\/span><span data-offset-key=\"5581c-959-0\"> es<\/span><span data-offset-key=\"5581c-960-0\">pa<\/span><span data-offset-key=\"5581c-961-0\">\u00e7<\/span><span data-offset-key=\"5581c-962-0\">os<\/span><span data-offset-key=\"5581c-963-0\"> de<\/span><span data-offset-key=\"5581c-964-0\"> enc<\/span><span data-offset-key=\"5581c-965-0\">ont<\/span><span data-offset-key=\"5581c-966-0\">ro<\/span><span data-offset-key=\"5581c-967-0\">,<\/span><span data-offset-key=\"5581c-968-0\"> b<\/span><span data-offset-key=\"5581c-969-0\">ares<\/span><span data-offset-key=\"5581c-970-0\"> e<\/span><span data-offset-key=\"5581c-971-0\"> lo<\/span><span data-offset-key=\"5581c-972-0\">jas<\/span><span data-offset-key=\"5581c-973-0\"> para<\/span><span data-offset-key=\"5581c-974-0\"> tor<\/span><span data-offset-key=\"5581c-975-0\">ced<\/span><span data-offset-key=\"5581c-976-0\">ores<\/span><span data-offset-key=\"5581c-977-0\">.<\/span><span data-offset-key=\"5581c-978-0\"> O<\/span><span data-offset-key=\"5581c-979-0\"> est<\/span><span data-offset-key=\"5581c-980-0\">\u00e1<\/span><span data-offset-key=\"5581c-981-0\">d<\/span><span data-offset-key=\"5581c-982-0\">io<\/span><span data-offset-key=\"5581c-983-0\"> ser<\/span><span data-offset-key=\"5581c-984-0\">\u00e1<\/span><span data-offset-key=\"5581c-985-0\"> um<\/span><span data-offset-key=\"5581c-986-0\"> dos<\/span><span data-offset-key=\"5581c-987-0\"> pot<\/span><span data-offset-key=\"5581c-988-0\">encia<\/span><span data-offset-key=\"5581c-989-0\">is<\/span><span data-offset-key=\"5581c-990-0\"> loc<\/span><span data-offset-key=\"5581c-991-0\">ais<\/span><span data-offset-key=\"5581c-992-0\"> para<\/span><span data-offset-key=\"5581c-993-0\"> a<\/span><span data-offset-key=\"5581c-994-0\"> Cop<\/span><span data-offset-key=\"5581c-995-0\">a<\/span><span data-offset-key=\"5581c-996-0\"> do<\/span><span data-offset-key=\"5581c-997-0\"> Mund<\/span><span data-offset-key=\"5581c-998-0\">o<\/span><span data-offset-key=\"5581c-999-0\"> de<\/span><span data-offset-key=\"5581c-1000-0\"> 2030<\/span><span data-offset-key=\"5581c-1001-0\">,<\/span><span data-offset-key=\"5581c-1002-0\"> que<\/span><span data-offset-key=\"5581c-1003-0\"> cont<\/span><span data-offset-key=\"5581c-1004-0\">ar<\/span><span data-offset-key=\"5581c-1005-0\">\u00e1<\/span><span data-offset-key=\"5581c-1006-0\"> com<\/span><span data-offset-key=\"5581c-1007-0\"> 48<\/span><span data-offset-key=\"5581c-1008-0\"> se<\/span><span data-offset-key=\"5581c-1009-0\">le<\/span><span data-offset-key=\"5581c-1010-0\">\u00e7<\/span><span data-offset-key=\"5581c-1011-0\">\u00f5<\/span><span data-offset-key=\"5581c-1012-0\">es<\/span><span data-offset-key=\"5581c-1013-0\"> participant<\/span><span data-offset-key=\"5581c-1014-0\">es<\/span><span data-offset-key=\"5581c-1015-0\">.<\/span><span data-offset-key=\"5581c-1016-0\"> O est\u00e1dio s\u00f3 vai chegar aos 60 mil lugares se a Am\u00e9rica do Sul for escolhida como sede da Copa de 2030 \u2013 existe uma candidatura conjunta de Uruguai,\u00a0Argentina, Paraguai e\u00a0Chile.<\/span><\/p>\n<p>VEJA TAMB\u00c9M:\u00a0<a href=\"https:\/\/redenoticiaz.com.br\/barretos-regiao\/sp\/2023\/03\/31\/projeto-da-nova-arena-do-santos-fc-tem-imagens-divulgadas\">Projeto da nova arena do Santos FC tem imagens divulgadas<\/a><\/p>\n<p>&nbsp;<\/p>\n","protected":false},"excerpt":{"rendered":"<p>A Conmebol anunciou a constru\u00e7\u00e3o de um est\u00e1dio com capacidade para 45 mil pessoas em Assun\u00e7\u00e3o, Paraguai, com possibilidade de aumentar para 60 mil se a Am\u00e9rica do Sul for escolhida como sede da Copa de 2030. De acordo com o or\u00e7amento para 2023 aprovado nesta sexta-feira (31) no Congresso, j\u00e1 h\u00e1 US$ 50 milh\u00f5es &hellip;<\/p>\n","protected":false},"author":15,"featured_media":103061,"comment_status":"open","ping_status":"closed","sticky":false,"template":"","format":"standard","meta":{"footnotes":""},"categories":[87],"tags":[5951,17787,9282,25535],"class_list":["post-103060","post","type-post","status-publish","format-standard","has-post-thumbnail","hentry","category-esporte","tag-conmebol","tag-construcao","tag-copa-do-mundo","tag-estadio"],"yoast_head":"<!-- This site is optimized with the Yoast SEO plugin v27.4 - https:\/\/yoast.com\/product\/yoast-seo-wordpress\/ -->\n<title>Conmebol anuncia constru\u00e7\u00e3o de est\u00e1dio pr\u00f3prio pensando em Copa do Mundo - Ribeir\u00e3o Preto e Regi\u00e3o<\/title>\n<meta name=\"description\" content=\"Conmebol anunciou a constru\u00e7\u00e3o de um est\u00e1dio com capacidade para 45 mil pessoas em Assun\u00e7\u00e3o, Paraguai, com possibilidade de aumentar\" \/>\n<meta name=\"robots\" content=\"index, follow, max-snippet:-1, max-image-preview:large, max-video-preview:-1\" \/>\n<link rel=\"canonical\" href=\"https:\/\/redenoticiaz.com.br\/ribeiraopreto-regiao\/sp\/2023\/03\/31\/conmebol-anuncia-construcao-de-estadio-proprio-pensando-em-copa-do-mundo\" \/>\n<meta property=\"og:locale\" content=\"pt_BR\" \/>\n<meta property=\"og:type\" content=\"article\" \/>\n<meta property=\"og:title\" content=\"Conmebol anuncia constru\u00e7\u00e3o de est\u00e1dio pr\u00f3prio pensando em Copa do Mundo - Ribeir\u00e3o Preto e Regi\u00e3o\" \/>\n<meta property=\"og:description\" content=\"Conmebol anunciou a constru\u00e7\u00e3o de um est\u00e1dio com capacidade para 45 mil pessoas em Assun\u00e7\u00e3o, Paraguai, com possibilidade de aumentar\" \/>\n<meta property=\"og:url\" content=\"https:\/\/redenoticiaz.com.br\/ribeiraopreto-regiao\/sp\/2023\/03\/31\/conmebol-anuncia-construcao-de-estadio-proprio-pensando-em-copa-do-mundo\" \/>\n<meta property=\"og:site_name\" content=\"Ribeir\u00e3o Preto e Regi\u00e3o\" \/>\n<meta property=\"article:publisher\" content=\"https:\/\/m.facebook.com\/redenoticiaz.barretos\" \/>\n<meta property=\"article:published_time\" content=\"2023-03-31T20:11:14+00:00\" \/>\n<meta property=\"og:image\" content=\"https:\/\/redenoticiaz.com.br\/ribeiraopreto-regiao\/wp-content\/uploads\/sites\/4\/2023\/03\/Y8ThJzx7.jpg\" \/>\n\t<meta property=\"og:image:width\" content=\"680\" \/>\n\t<meta property=\"og:image:height\" content=\"384\" \/>\n\t<meta property=\"og:image:type\" content=\"image\/jpeg\" \/>\n<meta name=\"twitter:card\" content=\"summary_large_image\" \/>\n<meta name=\"twitter:creator\" content=\"@RN_barretos\" \/>\n<meta name=\"twitter:site\" content=\"@RN_barretos\" \/>\n<meta name=\"twitter:label1\" content=\"Escrito por\" \/>\n\t<meta name=\"twitter:data1\" content=\"\" \/>\n\t<meta name=\"twitter:label2\" content=\"Est. tempo de leitura\" \/>\n\t<meta name=\"twitter:data2\" content=\"2 minutos\" \/>\n<script type=\"application\/ld+json\" class=\"yoast-schema-graph\">{\"@context\":\"https:\\\/\\\/schema.org\",\"@graph\":[{\"@type\":\"Article\",\"@id\":\"https:\\\/\\\/redenoticiaz.com.br\\\/ribeiraopreto-regiao\\\/sp\\\/2023\\\/03\\\/31\\\/conmebol-anuncia-construcao-de-estadio-proprio-pensando-em-copa-do-mundo#article\",\"isPartOf\":{\"@id\":\"https:\\\/\\\/redenoticiaz.com.br\\\/ribeiraopreto-regiao\\\/sp\\\/2023\\\/03\\\/31\\\/conmebol-anuncia-construcao-de-estadio-proprio-pensando-em-copa-do-mundo\"},\"author\":{\"name\":\"\",\"@id\":\"\"},\"headline\":\"Conmebol anuncia constru\u00e7\u00e3o de est\u00e1dio pr\u00f3prio pensando em Copa do Mundo\",\"datePublished\":\"2023-03-31T20:11:14+00:00\",\"mainEntityOfPage\":{\"@id\":\"https:\\\/\\\/redenoticiaz.com.br\\\/ribeiraopreto-regiao\\\/sp\\\/2023\\\/03\\\/31\\\/conmebol-anuncia-construcao-de-estadio-proprio-pensando-em-copa-do-mundo\"},\"wordCount\":223,\"commentCount\":0,\"publisher\":{\"@id\":\"https:\\\/\\\/redenoticiaz.com.br\\\/ribeiraopreto-regiao\\\/#organization\"},\"image\":{\"@id\":\"https:\\\/\\\/redenoticiaz.com.br\\\/ribeiraopreto-regiao\\\/sp\\\/2023\\\/03\\\/31\\\/conmebol-anuncia-construcao-de-estadio-proprio-pensando-em-copa-do-mundo#primaryimage\"},\"thumbnailUrl\":\"https:\\\/\\\/redenoticiaz.com.br\\\/ribeiraopreto-regiao\\\/wp-content\\\/uploads\\\/sites\\\/4\\\/2023\\\/03\\\/Y8ThJzx7.jpg\",\"keywords\":[\"conmebol\",\"CONSTRU\u00c7\u00c3O\",\"COPA DO MUNDO\",\"EST\u00c1DIO\"],\"articleSection\":[\"Esporte\"],\"inLanguage\":\"pt-BR\",\"potentialAction\":[{\"@type\":\"CommentAction\",\"name\":\"Comment\",\"target\":[\"https:\\\/\\\/redenoticiaz.com.br\\\/ribeiraopreto-regiao\\\/sp\\\/2023\\\/03\\\/31\\\/conmebol-anuncia-construcao-de-estadio-proprio-pensando-em-copa-do-mundo#respond\"]}]},{\"@type\":\"WebPage\",\"@id\":\"https:\\\/\\\/redenoticiaz.com.br\\\/ribeiraopreto-regiao\\\/sp\\\/2023\\\/03\\\/31\\\/conmebol-anuncia-construcao-de-estadio-proprio-pensando-em-copa-do-mundo\",\"url\":\"https:\\\/\\\/redenoticiaz.com.br\\\/ribeiraopreto-regiao\\\/sp\\\/2023\\\/03\\\/31\\\/conmebol-anuncia-construcao-de-estadio-proprio-pensando-em-copa-do-mundo\",\"name\":\"Conmebol anuncia constru\u00e7\u00e3o de est\u00e1dio pr\u00f3prio pensando em Copa do Mundo - Ribeir\u00e3o Preto e Regi\u00e3o\",\"isPartOf\":{\"@id\":\"https:\\\/\\\/redenoticiaz.com.br\\\/ribeiraopreto-regiao\\\/#website\"},\"primaryImageOfPage\":{\"@id\":\"https:\\\/\\\/redenoticiaz.com.br\\\/ribeiraopreto-regiao\\\/sp\\\/2023\\\/03\\\/31\\\/conmebol-anuncia-construcao-de-estadio-proprio-pensando-em-copa-do-mundo#primaryimage\"},\"image\":{\"@id\":\"https:\\\/\\\/redenoticiaz.com.br\\\/ribeiraopreto-regiao\\\/sp\\\/2023\\\/03\\\/31\\\/conmebol-anuncia-construcao-de-estadio-proprio-pensando-em-copa-do-mundo#primaryimage\"},\"thumbnailUrl\":\"https:\\\/\\\/redenoticiaz.com.br\\\/ribeiraopreto-regiao\\\/wp-content\\\/uploads\\\/sites\\\/4\\\/2023\\\/03\\\/Y8ThJzx7.jpg\",\"datePublished\":\"2023-03-31T20:11:14+00:00\",\"description\":\"Conmebol anunciou a constru\u00e7\u00e3o de um est\u00e1dio com capacidade para 45 mil pessoas em Assun\u00e7\u00e3o, Paraguai, com possibilidade de aumentar\",\"inLanguage\":\"pt-BR\",\"potentialAction\":[{\"@type\":\"ReadAction\",\"target\":[\"https:\\\/\\\/redenoticiaz.com.br\\\/ribeiraopreto-regiao\\\/sp\\\/2023\\\/03\\\/31\\\/conmebol-anuncia-construcao-de-estadio-proprio-pensando-em-copa-do-mundo\"]}]},{\"@type\":\"ImageObject\",\"inLanguage\":\"pt-BR\",\"@id\":\"https:\\\/\\\/redenoticiaz.com.br\\\/ribeiraopreto-regiao\\\/sp\\\/2023\\\/03\\\/31\\\/conmebol-anuncia-construcao-de-estadio-proprio-pensando-em-copa-do-mundo#primaryimage\",\"url\":\"https:\\\/\\\/redenoticiaz.com.br\\\/ribeiraopreto-regiao\\\/wp-content\\\/uploads\\\/sites\\\/4\\\/2023\\\/03\\\/Y8ThJzx7.jpg\",\"contentUrl\":\"https:\\\/\\\/redenoticiaz.com.br\\\/ribeiraopreto-regiao\\\/wp-content\\\/uploads\\\/sites\\\/4\\\/2023\\\/03\\\/Y8ThJzx7.jpg\",\"width\":680,\"height\":384,\"caption\":\"Cr\u00e9dito: Reprodu\u00e7\u00e3o\"},{\"@type\":\"WebSite\",\"@id\":\"https:\\\/\\\/redenoticiaz.com.br\\\/ribeiraopreto-regiao\\\/#website\",\"url\":\"https:\\\/\\\/redenoticiaz.com.br\\\/ribeiraopreto-regiao\\\/\",\"name\":\"Ribeir\u00e3o Preto e Regi\u00e3o\",\"description\":\"Rede NoticiaZ - Ribeir\u00e3o Preto e regi\u00e3o\",\"publisher\":{\"@id\":\"https:\\\/\\\/redenoticiaz.com.br\\\/ribeiraopreto-regiao\\\/#organization\"},\"potentialAction\":[{\"@type\":\"SearchAction\",\"target\":{\"@type\":\"EntryPoint\",\"urlTemplate\":\"https:\\\/\\\/redenoticiaz.com.br\\\/ribeiraopreto-regiao\\\/?s={search_term_string}\"},\"query-input\":{\"@type\":\"PropertyValueSpecification\",\"valueRequired\":true,\"valueName\":\"search_term_string\"}}],\"inLanguage\":\"pt-BR\"},{\"@type\":\"Organization\",\"@id\":\"https:\\\/\\\/redenoticiaz.com.br\\\/ribeiraopreto-regiao\\\/#organization\",\"name\":\"Ribeir\u00e3o Preto e Regi\u00e3o\",\"url\":\"https:\\\/\\\/redenoticiaz.com.br\\\/ribeiraopreto-regiao\\\/\",\"logo\":{\"@type\":\"ImageObject\",\"inLanguage\":\"pt-BR\",\"@id\":\"https:\\\/\\\/redenoticiaz.com.br\\\/ribeiraopreto-regiao\\\/#\\\/schema\\\/logo\\\/image\\\/\",\"url\":\"https:\\\/\\\/redenoticiaz.com.br\\\/barretos-regiao\\\/wp-content\\\/uploads\\\/sites\\\/4\\\/2022\\\/02\\\/logo.jpg\",\"contentUrl\":\"https:\\\/\\\/redenoticiaz.com.br\\\/barretos-regiao\\\/wp-content\\\/uploads\\\/sites\\\/4\\\/2022\\\/02\\\/logo.jpg\",\"width\":400,\"height\":250,\"caption\":\"Ribeir\u00e3o Preto e Regi\u00e3o\"},\"image\":{\"@id\":\"https:\\\/\\\/redenoticiaz.com.br\\\/ribeiraopreto-regiao\\\/#\\\/schema\\\/logo\\\/image\\\/\"},\"sameAs\":[\"https:\\\/\\\/m.facebook.com\\\/redenoticiaz.barretos\",\"https:\\\/\\\/x.com\\\/RN_barretos\",\"https:\\\/\\\/www.instagram.com\\\/redenoticiaz.barretos\\\/?igshid=YmMyMTA2M2Y\",\"https:\\\/\\\/www.linkedin.com\\\/company\\\/rede-noticiaz-barretos-e-regio\\\/\"]},{\"@type\":\"Person\",\"@id\":\"\",\"url\":\"https:\\\/\\\/redenoticiaz.com.br\\\/ribeiraopreto-regiao\\\/sp\\\/author\"}]}<\/script>\n<!-- \/ Yoast SEO plugin. -->","yoast_head_json":{"title":"Conmebol anuncia constru\u00e7\u00e3o de est\u00e1dio pr\u00f3prio pensando em Copa do Mundo - Ribeir\u00e3o Preto e Regi\u00e3o","description":"Conmebol anunciou a constru\u00e7\u00e3o de um est\u00e1dio com capacidade para 45 mil pessoas em Assun\u00e7\u00e3o, Paraguai, com possibilidade de aumentar","robots":{"index":"index","follow":"follow","max-snippet":"max-snippet:-1","max-image-preview":"max-image-preview:large","max-video-preview":"max-video-preview:-1"},"canonical":"https:\/\/redenoticiaz.com.br\/ribeiraopreto-regiao\/sp\/2023\/03\/31\/conmebol-anuncia-construcao-de-estadio-proprio-pensando-em-copa-do-mundo","og_locale":"pt_BR","og_type":"article","og_title":"Conmebol anuncia constru\u00e7\u00e3o de est\u00e1dio pr\u00f3prio pensando em Copa do Mundo - Ribeir\u00e3o Preto e Regi\u00e3o","og_description":"Conmebol anunciou a constru\u00e7\u00e3o de um est\u00e1dio com capacidade para 45 mil pessoas em Assun\u00e7\u00e3o, Paraguai, com possibilidade de aumentar","og_url":"https:\/\/redenoticiaz.com.br\/ribeiraopreto-regiao\/sp\/2023\/03\/31\/conmebol-anuncia-construcao-de-estadio-proprio-pensando-em-copa-do-mundo","og_site_name":"Ribeir\u00e3o Preto e Regi\u00e3o","article_publisher":"https:\/\/m.facebook.com\/redenoticiaz.barretos","article_published_time":"2023-03-31T20:11:14+00:00","og_image":[{"width":680,"height":384,"url":"https:\/\/redenoticiaz.com.br\/ribeiraopreto-regiao\/wp-content\/uploads\/sites\/4\/2023\/03\/Y8ThJzx7.jpg","type":"image\/jpeg"}],"twitter_card":"summary_large_image","twitter_creator":"@RN_barretos","twitter_site":"@RN_barretos","twitter_misc":{"Escrito por":"","Est. tempo de leitura":"2 minutos"},"schema":{"@context":"https:\/\/schema.org","@graph":[{"@type":"Article","@id":"https:\/\/redenoticiaz.com.br\/ribeiraopreto-regiao\/sp\/2023\/03\/31\/conmebol-anuncia-construcao-de-estadio-proprio-pensando-em-copa-do-mundo#article","isPartOf":{"@id":"https:\/\/redenoticiaz.com.br\/ribeiraopreto-regiao\/sp\/2023\/03\/31\/conmebol-anuncia-construcao-de-estadio-proprio-pensando-em-copa-do-mundo"},"author":{"name":"","@id":""},"headline":"Conmebol anuncia constru\u00e7\u00e3o de est\u00e1dio pr\u00f3prio pensando em Copa do Mundo","datePublished":"2023-03-31T20:11:14+00:00","mainEntityOfPage":{"@id":"https:\/\/redenoticiaz.com.br\/ribeiraopreto-regiao\/sp\/2023\/03\/31\/conmebol-anuncia-construcao-de-estadio-proprio-pensando-em-copa-do-mundo"},"wordCount":223,"commentCount":0,"publisher":{"@id":"https:\/\/redenoticiaz.com.br\/ribeiraopreto-regiao\/#organization"},"image":{"@id":"https:\/\/redenoticiaz.com.br\/ribeiraopreto-regiao\/sp\/2023\/03\/31\/conmebol-anuncia-construcao-de-estadio-proprio-pensando-em-copa-do-mundo#primaryimage"},"thumbnailUrl":"https:\/\/redenoticiaz.com.br\/ribeiraopreto-regiao\/wp-content\/uploads\/sites\/4\/2023\/03\/Y8ThJzx7.jpg","keywords":["conmebol","CONSTRU\u00c7\u00c3O","COPA DO MUNDO","EST\u00c1DIO"],"articleSection":["Esporte"],"inLanguage":"pt-BR","potentialAction":[{"@type":"CommentAction","name":"Comment","target":["https:\/\/redenoticiaz.com.br\/ribeiraopreto-regiao\/sp\/2023\/03\/31\/conmebol-anuncia-construcao-de-estadio-proprio-pensando-em-copa-do-mundo#respond"]}]},{"@type":"WebPage","@id":"https:\/\/redenoticiaz.com.br\/ribeiraopreto-regiao\/sp\/2023\/03\/31\/conmebol-anuncia-construcao-de-estadio-proprio-pensando-em-copa-do-mundo","url":"https:\/\/redenoticiaz.com.br\/ribeiraopreto-regiao\/sp\/2023\/03\/31\/conmebol-anuncia-construcao-de-estadio-proprio-pensando-em-copa-do-mundo","name":"Conmebol anuncia constru\u00e7\u00e3o de est\u00e1dio pr\u00f3prio pensando em Copa do Mundo - Ribeir\u00e3o Preto e Regi\u00e3o","isPartOf":{"@id":"https:\/\/redenoticiaz.com.br\/ribeiraopreto-regiao\/#website"},"primaryImageOfPage":{"@id":"https:\/\/redenoticiaz.com.br\/ribeiraopreto-regiao\/sp\/2023\/03\/31\/conmebol-anuncia-construcao-de-estadio-proprio-pensando-em-copa-do-mundo#primaryimage"},"image":{"@id":"https:\/\/redenoticiaz.com.br\/ribeiraopreto-regiao\/sp\/2023\/03\/31\/conmebol-anuncia-construcao-de-estadio-proprio-pensando-em-copa-do-mundo#primaryimage"},"thumbnailUrl":"https:\/\/redenoticiaz.com.br\/ribeiraopreto-regiao\/wp-content\/uploads\/sites\/4\/2023\/03\/Y8ThJzx7.jpg","datePublished":"2023-03-31T20:11:14+00:00","description":"Conmebol anunciou a constru\u00e7\u00e3o de um est\u00e1dio com capacidade para 45 mil pessoas em Assun\u00e7\u00e3o, Paraguai, com possibilidade de aumentar","inLanguage":"pt-BR","potentialAction":[{"@type":"ReadAction","target":["https:\/\/redenoticiaz.com.br\/ribeiraopreto-regiao\/sp\/2023\/03\/31\/conmebol-anuncia-construcao-de-estadio-proprio-pensando-em-copa-do-mundo"]}]},{"@type":"ImageObject","inLanguage":"pt-BR","@id":"https:\/\/redenoticiaz.com.br\/ribeiraopreto-regiao\/sp\/2023\/03\/31\/conmebol-anuncia-construcao-de-estadio-proprio-pensando-em-copa-do-mundo#primaryimage","url":"https:\/\/redenoticiaz.com.br\/ribeiraopreto-regiao\/wp-content\/uploads\/sites\/4\/2023\/03\/Y8ThJzx7.jpg","contentUrl":"https:\/\/redenoticiaz.com.br\/ribeiraopreto-regiao\/wp-content\/uploads\/sites\/4\/2023\/03\/Y8ThJzx7.jpg","width":680,"height":384,"caption":"Cr\u00e9dito: Reprodu\u00e7\u00e3o"},{"@type":"WebSite","@id":"https:\/\/redenoticiaz.com.br\/ribeiraopreto-regiao\/#website","url":"https:\/\/redenoticiaz.com.br\/ribeiraopreto-regiao\/","name":"Ribeir\u00e3o Preto e Regi\u00e3o","description":"Rede NoticiaZ - Ribeir\u00e3o Preto e regi\u00e3o","publisher":{"@id":"https:\/\/redenoticiaz.com.br\/ribeiraopreto-regiao\/#organization"},"potentialAction":[{"@type":"SearchAction","target":{"@type":"EntryPoint","urlTemplate":"https:\/\/redenoticiaz.com.br\/ribeiraopreto-regiao\/?s={search_term_string}"},"query-input":{"@type":"PropertyValueSpecification","valueRequired":true,"valueName":"search_term_string"}}],"inLanguage":"pt-BR"},{"@type":"Organization","@id":"https:\/\/redenoticiaz.com.br\/ribeiraopreto-regiao\/#organization","name":"Ribeir\u00e3o Preto e Regi\u00e3o","url":"https:\/\/redenoticiaz.com.br\/ribeiraopreto-regiao\/","logo":{"@type":"ImageObject","inLanguage":"pt-BR","@id":"https:\/\/redenoticiaz.com.br\/ribeiraopreto-regiao\/#\/schema\/logo\/image\/","url":"https:\/\/redenoticiaz.com.br\/barretos-regiao\/wp-content\/uploads\/sites\/4\/2022\/02\/logo.jpg","contentUrl":"https:\/\/redenoticiaz.com.br\/barretos-regiao\/wp-content\/uploads\/sites\/4\/2022\/02\/logo.jpg","width":400,"height":250,"caption":"Ribeir\u00e3o Preto e Regi\u00e3o"},"image":{"@id":"https:\/\/redenoticiaz.com.br\/ribeiraopreto-regiao\/#\/schema\/logo\/image\/"},"sameAs":["https:\/\/m.facebook.com\/redenoticiaz.barretos","https:\/\/x.com\/RN_barretos","https:\/\/www.instagram.com\/redenoticiaz.barretos\/?igshid=YmMyMTA2M2Y","https:\/\/www.linkedin.com\/company\/rede-noticiaz-barretos-e-regio\/"]},{"@type":"Person","@id":"","url":"https:\/\/redenoticiaz.com.br\/ribeiraopreto-regiao\/sp\/author"}]}},"_links":{"self":[{"href":"https:\/\/redenoticiaz.com.br\/ribeiraopreto-regiao\/wp-json\/wp\/v2\/posts\/103060","targetHints":{"allow":["GET"]}}],"collection":[{"href":"https:\/\/redenoticiaz.com.br\/ribeiraopreto-regiao\/wp-json\/wp\/v2\/posts"}],"about":[{"href":"https:\/\/redenoticiaz.com.br\/ribeiraopreto-regiao\/wp-json\/wp\/v2\/types\/post"}],"author":[{"embeddable":true,"href":"https:\/\/redenoticiaz.com.br\/ribeiraopreto-regiao\/wp-json\/wp\/v2\/users\/15"}],"replies":[{"embeddable":true,"href":"https:\/\/redenoticiaz.com.br\/ribeiraopreto-regiao\/wp-json\/wp\/v2\/comments?post=103060"}],"version-history":[{"count":1,"href":"https:\/\/redenoticiaz.com.br\/ribeiraopreto-regiao\/wp-json\/wp\/v2\/posts\/103060\/revisions"}],"predecessor-version":[{"id":103062,"href":"https:\/\/redenoticiaz.com.br\/ribeiraopreto-regiao\/wp-json\/wp\/v2\/posts\/103060\/revisions\/103062"}],"wp:featuredmedia":[{"embeddable":true,"href":"https:\/\/redenoticiaz.com.br\/ribeiraopreto-regiao\/wp-json\/wp\/v2\/media\/103061"}],"wp:attachment":[{"href":"https:\/\/redenoticiaz.com.br\/ribeiraopreto-regiao\/wp-json\/wp\/v2\/media?parent=103060"}],"wp:term":[{"taxonomy":"category","embeddable":true,"href":"https:\/\/redenoticiaz.com.br\/ribeiraopreto-regiao\/wp-json\/wp\/v2\/categories?post=103060"},{"taxonomy":"post_tag","embeddable":true,"href":"https:\/\/redenoticiaz.com.br\/ribeiraopreto-regiao\/wp-json\/wp\/v2\/tags?post=103060"}],"curies":[{"name":"wp","href":"https:\/\/api.w.org\/{rel}","templated":true}]}}