{"id":103114,"date":"2023-04-02T09:43:19","date_gmt":"2023-04-02T12:43:19","guid":{"rendered":"https:\/\/redenoticiaz.com.br\/barretos-regiao\/?p=103114"},"modified":"2023-04-02T09:43:19","modified_gmt":"2023-04-02T12:43:19","slug":"projeto-paisagistico-da-praca-francisco-barreto-comeca-a-ser-revitalizado","status":"publish","type":"post","link":"https:\/\/redenoticiaz.com.br\/ribeiraopreto-regiao\/sp\/2023\/04\/02\/projeto-paisagistico-da-praca-francisco-barreto-comeca-a-ser-revitalizado","title":{"rendered":"Projeto paisag\u00edstico da Pra\u00e7a Francisco Barreto come\u00e7a a ser revitalizado"},"content":{"rendered":"<div>A Secretaria Municipal de Agricultura e Meio Ambiente iniciou nesta quinta-feira, dia 30, o remanejamento de algumas plantas de pequeno porte do atual projeto paisag\u00edstico da Pra\u00e7a Francisco Barreto, que passar\u00e1 por revitaliza\u00e7\u00e3o. A Secretaria informou que uma parcela das moreias foi replantada na Pra\u00e7a Primavera e que outra parte est\u00e1 sendo levada para a Fazenda Municipal, onde elas passar\u00e3o por cuidados. A previs\u00e3o \u00e9 que essa etapa do servi\u00e7o se estenda \u00e0 pr\u00f3xima semana.<\/div>\n<div><\/div>\n<div>Segundo o engenheiro agr\u00f4nomo, Manoel Luiz Neto, na Fazenda Municipal esp\u00e9cies como as moreias passam por tratos culturais, processo para que melhor se desenvolvam. &#8220;A equipe da Secretaria realiza a limpeza das folhas velhas, separa as plantas maiores em mais de uma touceira e as aduba&#8221;, informou. Depois do procedimento, essas plantas permanecer\u00e3o armazenadas no viveiro de mudas da secretaria.<\/div>\n<div><\/div>\n<div><\/div>\n<div><b>Revitaliza\u00e7\u00e3o da Pra\u00e7a<\/b><\/div>\n<div><\/div>\n<div>Na \u00faltima semana, uma empresa especializada realizou o cadastramento e a identifica\u00e7\u00e3o bot\u00e2nica das 150 esp\u00e9cies arb\u00f3reas da Pra\u00e7a Francisco Barreto. Foi elaborado o plano de remanejo e o mapeamento apontou que nenhuma \u00e1rvore ser\u00e1 cortada.<\/div>\n<div><\/div>\n<div>Quando a obra anunciada pela Prefeitura for conclu\u00edda, a Pra\u00e7a ficar\u00e1 com um novo projeto arquitet\u00f4nico, com a constru\u00e7\u00e3o de uma estrutura espec\u00edfica para acomodar os comerciantes locais, uma pra\u00e7a de alimenta\u00e7\u00e3o, al\u00e9m das adapta\u00e7\u00f5es de acessibilidade, melhorias na ilumina\u00e7\u00e3o e um novo paisagismo.<\/div>\n<div><\/div>\n<div>O investimento no local \u00e9 de R$ 7.656.639,58, sendo R$ 1 milh\u00e3o em repasse da Secretaria de Governo e Rela\u00e7\u00f5es Institucionais, R$ 615.073,96, da Secretaria de Turismo e Viagens \u2013 DADETUR, mais contrapartida municipal de R$ 6.041.565,62. O prazo de execu\u00e7\u00e3o da obra \u00e9 de 9 meses.<\/div>\n<div><\/div>\n<div>VEJA TAMB\u00c9M:\u00a0<a href=\"https:\/\/redenoticiaz.com.br\/barretos-regiao\/sp\/2023\/03\/30\/retirada-de-arvores-no-meio-urbano-necessita-de-autorizacao-do-departamento-de-meio-ambiente\">Retirada de \u00e1rvores no meio urbano necessita de autoriza\u00e7\u00e3o do Departamento de Meio Ambiente<\/a><\/div>\n","protected":false},"excerpt":{"rendered":"<p>A Secretaria Municipal de Agricultura e Meio Ambiente iniciou nesta quinta-feira, dia 30, o remanejamento de algumas plantas de pequeno porte do atual projeto paisag\u00edstico da Pra\u00e7a Francisco Barreto, que passar\u00e1 por revitaliza\u00e7\u00e3o. A Secretaria informou que uma parcela das moreias foi replantada na Pra\u00e7a Primavera e que outra parte est\u00e1 sendo levada para a &hellip;<\/p>\n","protected":false},"author":15,"featured_media":103115,"comment_status":"open","ping_status":"closed","sticky":false,"template":"","format":"standard","meta":{"footnotes":""},"categories":[94,2920],"tags":[23277,24500,2924,3761],"class_list":["post-103114","post","type-post","status-publish","format-standard","has-post-thumbnail","hentry","category-meio-ambiente","category-obras","tag-paisagismo","tag-praca-francisco-barreto","tag-projeto","tag-revitalizacao"],"yoast_head":"<!-- This site is optimized with the Yoast SEO plugin v27.4 - https:\/\/yoast.com\/product\/yoast-seo-wordpress\/ -->\n<title>Projeto paisag\u00edstico da Pra\u00e7a Francisco Barreto come\u00e7a a ser revitalizado - Ribeir\u00e3o Preto e Regi\u00e3o<\/title>\n<meta name=\"description\" content=\"A Secretaria de Agricultura e Meio Ambiente o remanejamento de algumas plantas de pequeno porte do atual projeto paisag\u00edstico da pra\u00e7a\" \/>\n<meta name=\"robots\" content=\"index, follow, max-snippet:-1, max-image-preview:large, max-video-preview:-1\" \/>\n<link rel=\"canonical\" href=\"https:\/\/redenoticiaz.com.br\/ribeiraopreto-regiao\/sp\/2023\/04\/02\/projeto-paisagistico-da-praca-francisco-barreto-comeca-a-ser-revitalizado\" \/>\n<meta property=\"og:locale\" content=\"pt_BR\" \/>\n<meta property=\"og:type\" content=\"article\" \/>\n<meta property=\"og:title\" content=\"Projeto paisag\u00edstico da Pra\u00e7a Francisco Barreto come\u00e7a a ser revitalizado - Ribeir\u00e3o Preto e Regi\u00e3o\" \/>\n<meta property=\"og:description\" content=\"A Secretaria de Agricultura e Meio Ambiente o remanejamento de algumas plantas de pequeno porte do atual projeto paisag\u00edstico da pra\u00e7a\" \/>\n<meta property=\"og:url\" content=\"https:\/\/redenoticiaz.com.br\/ribeiraopreto-regiao\/sp\/2023\/04\/02\/projeto-paisagistico-da-praca-francisco-barreto-comeca-a-ser-revitalizado\" \/>\n<meta property=\"og:site_name\" content=\"Ribeir\u00e3o Preto e Regi\u00e3o\" \/>\n<meta property=\"article:publisher\" content=\"https:\/\/m.facebook.com\/redenoticiaz.barretos\" \/>\n<meta property=\"article:published_time\" content=\"2023-04-02T12:43:19+00:00\" \/>\n<meta property=\"og:image\" content=\"https:\/\/redenoticiaz.com.br\/ribeiraopreto-regiao\/wp-content\/uploads\/sites\/4\/2023\/04\/3644a684f98ea8fe223c713b77189a77.jpeg\" \/>\n\t<meta property=\"og:image:width\" content=\"1600\" \/>\n\t<meta property=\"og:image:height\" content=\"899\" \/>\n\t<meta property=\"og:image:type\" content=\"image\/jpeg\" \/>\n<meta name=\"twitter:card\" content=\"summary_large_image\" \/>\n<meta name=\"twitter:creator\" content=\"@RN_barretos\" \/>\n<meta name=\"twitter:site\" content=\"@RN_barretos\" \/>\n<meta name=\"twitter:label1\" content=\"Escrito por\" \/>\n\t<meta name=\"twitter:data1\" content=\"\" \/>\n\t<meta name=\"twitter:label2\" content=\"Est. tempo de leitura\" \/>\n\t<meta name=\"twitter:data2\" content=\"2 minutos\" \/>\n<script type=\"application\/ld+json\" class=\"yoast-schema-graph\">{\"@context\":\"https:\\\/\\\/schema.org\",\"@graph\":[{\"@type\":\"Article\",\"@id\":\"https:\\\/\\\/redenoticiaz.com.br\\\/ribeiraopreto-regiao\\\/sp\\\/2023\\\/04\\\/02\\\/projeto-paisagistico-da-praca-francisco-barreto-comeca-a-ser-revitalizado#article\",\"isPartOf\":{\"@id\":\"https:\\\/\\\/redenoticiaz.com.br\\\/ribeiraopreto-regiao\\\/sp\\\/2023\\\/04\\\/02\\\/projeto-paisagistico-da-praca-francisco-barreto-comeca-a-ser-revitalizado\"},\"author\":{\"name\":\"\",\"@id\":\"\"},\"headline\":\"Projeto paisag\u00edstico da Pra\u00e7a Francisco Barreto come\u00e7a a ser revitalizado\",\"datePublished\":\"2023-04-02T12:43:19+00:00\",\"mainEntityOfPage\":{\"@id\":\"https:\\\/\\\/redenoticiaz.com.br\\\/ribeiraopreto-regiao\\\/sp\\\/2023\\\/04\\\/02\\\/projeto-paisagistico-da-praca-francisco-barreto-comeca-a-ser-revitalizado\"},\"wordCount\":315,\"commentCount\":0,\"publisher\":{\"@id\":\"https:\\\/\\\/redenoticiaz.com.br\\\/ribeiraopreto-regiao\\\/#organization\"},\"image\":{\"@id\":\"https:\\\/\\\/redenoticiaz.com.br\\\/ribeiraopreto-regiao\\\/sp\\\/2023\\\/04\\\/02\\\/projeto-paisagistico-da-praca-francisco-barreto-comeca-a-ser-revitalizado#primaryimage\"},\"thumbnailUrl\":\"https:\\\/\\\/redenoticiaz.com.br\\\/ribeiraopreto-regiao\\\/wp-content\\\/uploads\\\/sites\\\/4\\\/2023\\\/04\\\/3644a684f98ea8fe223c713b77189a77.jpeg\",\"keywords\":[\"PAISAGISMO\",\"Pra\u00e7a Francisco Barreto\",\"PROJETO\",\"REVITALIZA\u00c7\u00c3O\"],\"articleSection\":[\"Meio Ambiente\",\"Obras\"],\"inLanguage\":\"pt-BR\",\"potentialAction\":[{\"@type\":\"CommentAction\",\"name\":\"Comment\",\"target\":[\"https:\\\/\\\/redenoticiaz.com.br\\\/ribeiraopreto-regiao\\\/sp\\\/2023\\\/04\\\/02\\\/projeto-paisagistico-da-praca-francisco-barreto-comeca-a-ser-revitalizado#respond\"]}]},{\"@type\":\"WebPage\",\"@id\":\"https:\\\/\\\/redenoticiaz.com.br\\\/ribeiraopreto-regiao\\\/sp\\\/2023\\\/04\\\/02\\\/projeto-paisagistico-da-praca-francisco-barreto-comeca-a-ser-revitalizado\",\"url\":\"https:\\\/\\\/redenoticiaz.com.br\\\/ribeiraopreto-regiao\\\/sp\\\/2023\\\/04\\\/02\\\/projeto-paisagistico-da-praca-francisco-barreto-comeca-a-ser-revitalizado\",\"name\":\"Projeto paisag\u00edstico da Pra\u00e7a Francisco Barreto come\u00e7a a ser revitalizado - Ribeir\u00e3o Preto e Regi\u00e3o\",\"isPartOf\":{\"@id\":\"https:\\\/\\\/redenoticiaz.com.br\\\/ribeiraopreto-regiao\\\/#website\"},\"primaryImageOfPage\":{\"@id\":\"https:\\\/\\\/redenoticiaz.com.br\\\/ribeiraopreto-regiao\\\/sp\\\/2023\\\/04\\\/02\\\/projeto-paisagistico-da-praca-francisco-barreto-comeca-a-ser-revitalizado#primaryimage\"},\"image\":{\"@id\":\"https:\\\/\\\/redenoticiaz.com.br\\\/ribeiraopreto-regiao\\\/sp\\\/2023\\\/04\\\/02\\\/projeto-paisagistico-da-praca-francisco-barreto-comeca-a-ser-revitalizado#primaryimage\"},\"thumbnailUrl\":\"https:\\\/\\\/redenoticiaz.com.br\\\/ribeiraopreto-regiao\\\/wp-content\\\/uploads\\\/sites\\\/4\\\/2023\\\/04\\\/3644a684f98ea8fe223c713b77189a77.jpeg\",\"datePublished\":\"2023-04-02T12:43:19+00:00\",\"description\":\"A Secretaria de Agricultura e Meio Ambiente o remanejamento de algumas plantas de pequeno porte do atual projeto paisag\u00edstico da pra\u00e7a\",\"inLanguage\":\"pt-BR\",\"potentialAction\":[{\"@type\":\"ReadAction\",\"target\":[\"https:\\\/\\\/redenoticiaz.com.br\\\/ribeiraopreto-regiao\\\/sp\\\/2023\\\/04\\\/02\\\/projeto-paisagistico-da-praca-francisco-barreto-comeca-a-ser-revitalizado\"]}]},{\"@type\":\"ImageObject\",\"inLanguage\":\"pt-BR\",\"@id\":\"https:\\\/\\\/redenoticiaz.com.br\\\/ribeiraopreto-regiao\\\/sp\\\/2023\\\/04\\\/02\\\/projeto-paisagistico-da-praca-francisco-barreto-comeca-a-ser-revitalizado#primaryimage\",\"url\":\"https:\\\/\\\/redenoticiaz.com.br\\\/ribeiraopreto-regiao\\\/wp-content\\\/uploads\\\/sites\\\/4\\\/2023\\\/04\\\/3644a684f98ea8fe223c713b77189a77.jpeg\",\"contentUrl\":\"https:\\\/\\\/redenoticiaz.com.br\\\/ribeiraopreto-regiao\\\/wp-content\\\/uploads\\\/sites\\\/4\\\/2023\\\/04\\\/3644a684f98ea8fe223c713b77189a77.jpeg\",\"width\":1600,\"height\":899,\"caption\":\"Pra\u00e7a Francisco Barreto. Cr\u00e9dito: Divulga\u00e7\u00e3o\"},{\"@type\":\"WebSite\",\"@id\":\"https:\\\/\\\/redenoticiaz.com.br\\\/ribeiraopreto-regiao\\\/#website\",\"url\":\"https:\\\/\\\/redenoticiaz.com.br\\\/ribeiraopreto-regiao\\\/\",\"name\":\"Ribeir\u00e3o Preto e Regi\u00e3o\",\"description\":\"Rede NoticiaZ - Ribeir\u00e3o Preto e regi\u00e3o\",\"publisher\":{\"@id\":\"https:\\\/\\\/redenoticiaz.com.br\\\/ribeiraopreto-regiao\\\/#organization\"},\"potentialAction\":[{\"@type\":\"SearchAction\",\"target\":{\"@type\":\"EntryPoint\",\"urlTemplate\":\"https:\\\/\\\/redenoticiaz.com.br\\\/ribeiraopreto-regiao\\\/?s={search_term_string}\"},\"query-input\":{\"@type\":\"PropertyValueSpecification\",\"valueRequired\":true,\"valueName\":\"search_term_string\"}}],\"inLanguage\":\"pt-BR\"},{\"@type\":\"Organization\",\"@id\":\"https:\\\/\\\/redenoticiaz.com.br\\\/ribeiraopreto-regiao\\\/#organization\",\"name\":\"Ribeir\u00e3o Preto e Regi\u00e3o\",\"url\":\"https:\\\/\\\/redenoticiaz.com.br\\\/ribeiraopreto-regiao\\\/\",\"logo\":{\"@type\":\"ImageObject\",\"inLanguage\":\"pt-BR\",\"@id\":\"https:\\\/\\\/redenoticiaz.com.br\\\/ribeiraopreto-regiao\\\/#\\\/schema\\\/logo\\\/image\\\/\",\"url\":\"https:\\\/\\\/redenoticiaz.com.br\\\/barretos-regiao\\\/wp-content\\\/uploads\\\/sites\\\/4\\\/2022\\\/02\\\/logo.jpg\",\"contentUrl\":\"https:\\\/\\\/redenoticiaz.com.br\\\/barretos-regiao\\\/wp-content\\\/uploads\\\/sites\\\/4\\\/2022\\\/02\\\/logo.jpg\",\"width\":400,\"height\":250,\"caption\":\"Ribeir\u00e3o Preto e Regi\u00e3o\"},\"image\":{\"@id\":\"https:\\\/\\\/redenoticiaz.com.br\\\/ribeiraopreto-regiao\\\/#\\\/schema\\\/logo\\\/image\\\/\"},\"sameAs\":[\"https:\\\/\\\/m.facebook.com\\\/redenoticiaz.barretos\",\"https:\\\/\\\/x.com\\\/RN_barretos\",\"https:\\\/\\\/www.instagram.com\\\/redenoticiaz.barretos\\\/?igshid=YmMyMTA2M2Y\",\"https:\\\/\\\/www.linkedin.com\\\/company\\\/rede-noticiaz-barretos-e-regio\\\/\"]},{\"@type\":\"Person\",\"@id\":\"\",\"url\":\"https:\\\/\\\/redenoticiaz.com.br\\\/ribeiraopreto-regiao\\\/sp\\\/author\"}]}<\/script>\n<!-- \/ Yoast SEO plugin. -->","yoast_head_json":{"title":"Projeto paisag\u00edstico da Pra\u00e7a Francisco Barreto come\u00e7a a ser revitalizado - Ribeir\u00e3o Preto e Regi\u00e3o","description":"A Secretaria de Agricultura e Meio Ambiente o remanejamento de algumas plantas de pequeno porte do atual projeto paisag\u00edstico da pra\u00e7a","robots":{"index":"index","follow":"follow","max-snippet":"max-snippet:-1","max-image-preview":"max-image-preview:large","max-video-preview":"max-video-preview:-1"},"canonical":"https:\/\/redenoticiaz.com.br\/ribeiraopreto-regiao\/sp\/2023\/04\/02\/projeto-paisagistico-da-praca-francisco-barreto-comeca-a-ser-revitalizado","og_locale":"pt_BR","og_type":"article","og_title":"Projeto paisag\u00edstico da Pra\u00e7a Francisco Barreto come\u00e7a a ser revitalizado - Ribeir\u00e3o Preto e Regi\u00e3o","og_description":"A Secretaria de Agricultura e Meio Ambiente o remanejamento de algumas plantas de pequeno porte do atual projeto paisag\u00edstico da pra\u00e7a","og_url":"https:\/\/redenoticiaz.com.br\/ribeiraopreto-regiao\/sp\/2023\/04\/02\/projeto-paisagistico-da-praca-francisco-barreto-comeca-a-ser-revitalizado","og_site_name":"Ribeir\u00e3o Preto e Regi\u00e3o","article_publisher":"https:\/\/m.facebook.com\/redenoticiaz.barretos","article_published_time":"2023-04-02T12:43:19+00:00","og_image":[{"width":1600,"height":899,"url":"https:\/\/redenoticiaz.com.br\/ribeiraopreto-regiao\/wp-content\/uploads\/sites\/4\/2023\/04\/3644a684f98ea8fe223c713b77189a77.jpeg","type":"image\/jpeg"}],"twitter_card":"summary_large_image","twitter_creator":"@RN_barretos","twitter_site":"@RN_barretos","twitter_misc":{"Escrito por":"","Est. tempo de leitura":"2 minutos"},"schema":{"@context":"https:\/\/schema.org","@graph":[{"@type":"Article","@id":"https:\/\/redenoticiaz.com.br\/ribeiraopreto-regiao\/sp\/2023\/04\/02\/projeto-paisagistico-da-praca-francisco-barreto-comeca-a-ser-revitalizado#article","isPartOf":{"@id":"https:\/\/redenoticiaz.com.br\/ribeiraopreto-regiao\/sp\/2023\/04\/02\/projeto-paisagistico-da-praca-francisco-barreto-comeca-a-ser-revitalizado"},"author":{"name":"","@id":""},"headline":"Projeto paisag\u00edstico da Pra\u00e7a Francisco Barreto come\u00e7a a ser revitalizado","datePublished":"2023-04-02T12:43:19+00:00","mainEntityOfPage":{"@id":"https:\/\/redenoticiaz.com.br\/ribeiraopreto-regiao\/sp\/2023\/04\/02\/projeto-paisagistico-da-praca-francisco-barreto-comeca-a-ser-revitalizado"},"wordCount":315,"commentCount":0,"publisher":{"@id":"https:\/\/redenoticiaz.com.br\/ribeiraopreto-regiao\/#organization"},"image":{"@id":"https:\/\/redenoticiaz.com.br\/ribeiraopreto-regiao\/sp\/2023\/04\/02\/projeto-paisagistico-da-praca-francisco-barreto-comeca-a-ser-revitalizado#primaryimage"},"thumbnailUrl":"https:\/\/redenoticiaz.com.br\/ribeiraopreto-regiao\/wp-content\/uploads\/sites\/4\/2023\/04\/3644a684f98ea8fe223c713b77189a77.jpeg","keywords":["PAISAGISMO","Pra\u00e7a Francisco Barreto","PROJETO","REVITALIZA\u00c7\u00c3O"],"articleSection":["Meio Ambiente","Obras"],"inLanguage":"pt-BR","potentialAction":[{"@type":"CommentAction","name":"Comment","target":["https:\/\/redenoticiaz.com.br\/ribeiraopreto-regiao\/sp\/2023\/04\/02\/projeto-paisagistico-da-praca-francisco-barreto-comeca-a-ser-revitalizado#respond"]}]},{"@type":"WebPage","@id":"https:\/\/redenoticiaz.com.br\/ribeiraopreto-regiao\/sp\/2023\/04\/02\/projeto-paisagistico-da-praca-francisco-barreto-comeca-a-ser-revitalizado","url":"https:\/\/redenoticiaz.com.br\/ribeiraopreto-regiao\/sp\/2023\/04\/02\/projeto-paisagistico-da-praca-francisco-barreto-comeca-a-ser-revitalizado","name":"Projeto paisag\u00edstico da Pra\u00e7a Francisco Barreto come\u00e7a a ser revitalizado - Ribeir\u00e3o Preto e Regi\u00e3o","isPartOf":{"@id":"https:\/\/redenoticiaz.com.br\/ribeiraopreto-regiao\/#website"},"primaryImageOfPage":{"@id":"https:\/\/redenoticiaz.com.br\/ribeiraopreto-regiao\/sp\/2023\/04\/02\/projeto-paisagistico-da-praca-francisco-barreto-comeca-a-ser-revitalizado#primaryimage"},"image":{"@id":"https:\/\/redenoticiaz.com.br\/ribeiraopreto-regiao\/sp\/2023\/04\/02\/projeto-paisagistico-da-praca-francisco-barreto-comeca-a-ser-revitalizado#primaryimage"},"thumbnailUrl":"https:\/\/redenoticiaz.com.br\/ribeiraopreto-regiao\/wp-content\/uploads\/sites\/4\/2023\/04\/3644a684f98ea8fe223c713b77189a77.jpeg","datePublished":"2023-04-02T12:43:19+00:00","description":"A Secretaria de Agricultura e Meio Ambiente o remanejamento de algumas plantas de pequeno porte do atual projeto paisag\u00edstico da pra\u00e7a","inLanguage":"pt-BR","potentialAction":[{"@type":"ReadAction","target":["https:\/\/redenoticiaz.com.br\/ribeiraopreto-regiao\/sp\/2023\/04\/02\/projeto-paisagistico-da-praca-francisco-barreto-comeca-a-ser-revitalizado"]}]},{"@type":"ImageObject","inLanguage":"pt-BR","@id":"https:\/\/redenoticiaz.com.br\/ribeiraopreto-regiao\/sp\/2023\/04\/02\/projeto-paisagistico-da-praca-francisco-barreto-comeca-a-ser-revitalizado#primaryimage","url":"https:\/\/redenoticiaz.com.br\/ribeiraopreto-regiao\/wp-content\/uploads\/sites\/4\/2023\/04\/3644a684f98ea8fe223c713b77189a77.jpeg","contentUrl":"https:\/\/redenoticiaz.com.br\/ribeiraopreto-regiao\/wp-content\/uploads\/sites\/4\/2023\/04\/3644a684f98ea8fe223c713b77189a77.jpeg","width":1600,"height":899,"caption":"Pra\u00e7a Francisco Barreto. Cr\u00e9dito: Divulga\u00e7\u00e3o"},{"@type":"WebSite","@id":"https:\/\/redenoticiaz.com.br\/ribeiraopreto-regiao\/#website","url":"https:\/\/redenoticiaz.com.br\/ribeiraopreto-regiao\/","name":"Ribeir\u00e3o Preto e Regi\u00e3o","description":"Rede NoticiaZ - Ribeir\u00e3o Preto e regi\u00e3o","publisher":{"@id":"https:\/\/redenoticiaz.com.br\/ribeiraopreto-regiao\/#organization"},"potentialAction":[{"@type":"SearchAction","target":{"@type":"EntryPoint","urlTemplate":"https:\/\/redenoticiaz.com.br\/ribeiraopreto-regiao\/?s={search_term_string}"},"query-input":{"@type":"PropertyValueSpecification","valueRequired":true,"valueName":"search_term_string"}}],"inLanguage":"pt-BR"},{"@type":"Organization","@id":"https:\/\/redenoticiaz.com.br\/ribeiraopreto-regiao\/#organization","name":"Ribeir\u00e3o Preto e Regi\u00e3o","url":"https:\/\/redenoticiaz.com.br\/ribeiraopreto-regiao\/","logo":{"@type":"ImageObject","inLanguage":"pt-BR","@id":"https:\/\/redenoticiaz.com.br\/ribeiraopreto-regiao\/#\/schema\/logo\/image\/","url":"https:\/\/redenoticiaz.com.br\/barretos-regiao\/wp-content\/uploads\/sites\/4\/2022\/02\/logo.jpg","contentUrl":"https:\/\/redenoticiaz.com.br\/barretos-regiao\/wp-content\/uploads\/sites\/4\/2022\/02\/logo.jpg","width":400,"height":250,"caption":"Ribeir\u00e3o Preto e Regi\u00e3o"},"image":{"@id":"https:\/\/redenoticiaz.com.br\/ribeiraopreto-regiao\/#\/schema\/logo\/image\/"},"sameAs":["https:\/\/m.facebook.com\/redenoticiaz.barretos","https:\/\/x.com\/RN_barretos","https:\/\/www.instagram.com\/redenoticiaz.barretos\/?igshid=YmMyMTA2M2Y","https:\/\/www.linkedin.com\/company\/rede-noticiaz-barretos-e-regio\/"]},{"@type":"Person","@id":"","url":"https:\/\/redenoticiaz.com.br\/ribeiraopreto-regiao\/sp\/author"}]}},"_links":{"self":[{"href":"https:\/\/redenoticiaz.com.br\/ribeiraopreto-regiao\/wp-json\/wp\/v2\/posts\/103114","targetHints":{"allow":["GET"]}}],"collection":[{"href":"https:\/\/redenoticiaz.com.br\/ribeiraopreto-regiao\/wp-json\/wp\/v2\/posts"}],"about":[{"href":"https:\/\/redenoticiaz.com.br\/ribeiraopreto-regiao\/wp-json\/wp\/v2\/types\/post"}],"author":[{"embeddable":true,"href":"https:\/\/redenoticiaz.com.br\/ribeiraopreto-regiao\/wp-json\/wp\/v2\/users\/15"}],"replies":[{"embeddable":true,"href":"https:\/\/redenoticiaz.com.br\/ribeiraopreto-regiao\/wp-json\/wp\/v2\/comments?post=103114"}],"version-history":[{"count":1,"href":"https:\/\/redenoticiaz.com.br\/ribeiraopreto-regiao\/wp-json\/wp\/v2\/posts\/103114\/revisions"}],"predecessor-version":[{"id":103116,"href":"https:\/\/redenoticiaz.com.br\/ribeiraopreto-regiao\/wp-json\/wp\/v2\/posts\/103114\/revisions\/103116"}],"wp:featuredmedia":[{"embeddable":true,"href":"https:\/\/redenoticiaz.com.br\/ribeiraopreto-regiao\/wp-json\/wp\/v2\/media\/103115"}],"wp:attachment":[{"href":"https:\/\/redenoticiaz.com.br\/ribeiraopreto-regiao\/wp-json\/wp\/v2\/media?parent=103114"}],"wp:term":[{"taxonomy":"category","embeddable":true,"href":"https:\/\/redenoticiaz.com.br\/ribeiraopreto-regiao\/wp-json\/wp\/v2\/categories?post=103114"},{"taxonomy":"post_tag","embeddable":true,"href":"https:\/\/redenoticiaz.com.br\/ribeiraopreto-regiao\/wp-json\/wp\/v2\/tags?post=103114"}],"curies":[{"name":"wp","href":"https:\/\/api.w.org\/{rel}","templated":true}]}}