{"id":103123,"date":"2023-04-02T10:35:23","date_gmt":"2023-04-02T13:35:23","guid":{"rendered":"https:\/\/redenoticiaz.com.br\/barretos-regiao\/?p=103123"},"modified":"2023-04-02T10:35:23","modified_gmt":"2023-04-02T13:35:23","slug":"equipamentos-para-31-consultorios-completos-sao-entregues-a-saude-barretense","status":"publish","type":"post","link":"https:\/\/redenoticiaz.com.br\/ribeiraopreto-regiao\/sp\/2023\/04\/02\/equipamentos-para-31-consultorios-completos-sao-entregues-a-saude-barretense","title":{"rendered":"Equipamentos para 31 consult\u00f3rios completos s\u00e3o entregues \u00e0 Sa\u00fade barretense"},"content":{"rendered":"<p>Realizada a entrega oficial de 31 consult\u00f3rios odontol\u00f3gicos \u00e0 rede municipal de Sa\u00fade da Est\u00e2ncia Tur\u00edstica de Barretos. Para a cerim\u00f4nia, a prefeita Paula Lemos recebeu o deputado Carl\u00e3o Pignatari, que destinou verba estadual de R$ 1,7 milh\u00e3o \u00e0 sa\u00fade odontol\u00f3gica do munic\u00edpio, a partir da qual os equipamentos foram adquiridos.<\/p>\n<p>Paula celebrou os novos consult\u00f3rios e a modernidade dos equipamentos. &#8220;Este \u00e9 um marco para a sa\u00fade odontol\u00f3gica em nossa cidade. Com esses novos consult\u00f3rios, vamos oferecer muito mais qualidade e conforto aos profissionais de sa\u00fade e especialmente \u00e0 popula\u00e7\u00e3o&#8221;, destacou. A prefeita ressaltou a import\u00e2ncia dos profissionais de odontologia e dos cuidados com a sa\u00fade bucal da popula\u00e7\u00e3o.<\/p>\n<p>O primeiro lugar a receber a instala\u00e7\u00e3o do consult\u00f3rio odontol\u00f3gico foi o Centro Municipal de Reabilita\u00e7\u00e3o (CMR), conforme o cronograma definido no conv\u00eanio com o Estado. Nesse primeiro local, os equipamentos foram instalados na \u00faltima semana. Ap\u00f3s a entrega oficial das 31 unidades na Secretaria, as autoridades presentes se deslocaram para conferir o consult\u00f3rio completo j\u00e1 instalado no CRM.<\/p>\n<p>O Ambulat\u00f3rio de Sa\u00fade da Pessoa Idosa e a Unidade B\u00e1sica de Sa\u00fade (UBS) do Bairro Mar\u00edlia tamb\u00e9m j\u00e1 receberam a instala\u00e7\u00e3o na \u00faltima semana. Para abril, est\u00e1 prevista a instala\u00e7\u00e3o dos equipamentos no Centro de Especialidades Odontol\u00f3gicas, nas Unidades de Sa\u00fade da Fam\u00edlia (USF) dos bairros Christiano de Carvalho, Luiz Spina e S\u00e3o Francisco, nas UBSs dos bairros Am\u00e9rica, Barretos II e Pimenta. Em maio, no Servi\u00e7o de Assist\u00eancia Especializada Casa Rosa, nas USFs dos bairros Derby, Los Angeles, Ibirapuera, Nova Barretos, Cecapinha e CSU, al\u00e9m das USFs rurais dos distritos de Alberto Moreira e Ibitu.<\/p>\n<p>VEJA TAMB\u00c9M:\u00a0<a href=\"https:\/\/redenoticiaz.com.br\/barretos-regiao\/sp\/2023\/03\/30\/video-prefeitura-faz-aquisicao-de-van-adaptada-para-a-saude-publica-de-guaira\">V\u00eddeo &#8211; Prefeitura faz aquisi\u00e7\u00e3o de van adaptada para a sa\u00fade p\u00fablica de Gua\u00edra<\/a><\/p>\n","protected":false},"excerpt":{"rendered":"<p>Realizada a entrega oficial de 31 consult\u00f3rios odontol\u00f3gicos \u00e0 rede municipal de Sa\u00fade da Est\u00e2ncia Tur\u00edstica de Barretos. Para a cerim\u00f4nia, a prefeita Paula Lemos recebeu o deputado Carl\u00e3o Pignatari, que destinou verba estadual de R$ 1,7 milh\u00e3o \u00e0 sa\u00fade odontol\u00f3gica do munic\u00edpio, a partir da qual os equipamentos foram adquiridos. Paula celebrou os novos &hellip;<\/p>\n","protected":false},"author":15,"featured_media":103124,"comment_status":"open","ping_status":"closed","sticky":false,"template":"","format":"standard","meta":{"footnotes":""},"categories":[129],"tags":[26098,17364,17810,21479,165,166],"class_list":["post-103123","post","type-post","status-publish","format-standard","has-post-thumbnail","hentry","category-saude","tag-consultorios","tag-entrega","tag-equipamentos","tag-odontologia","tag-saude","tag-saude-bucal"],"yoast_head":"<!-- This site is optimized with the Yoast SEO plugin v27.4 - https:\/\/yoast.com\/product\/yoast-seo-wordpress\/ -->\n<title>Equipamentos para 31 consult\u00f3rios completos s\u00e3o entregues \u00e0 Sa\u00fade barretense - Ribeir\u00e3o Preto e Regi\u00e3o<\/title>\n<meta name=\"description\" content=\"Realizada a entrega oficial de 31 consult\u00f3rios odontol\u00f3gicos \u00e0 rede municipal de Sa\u00fade da Est\u00e2ncia Tur\u00edstica de Barretos\" \/>\n<meta name=\"robots\" content=\"index, follow, max-snippet:-1, max-image-preview:large, max-video-preview:-1\" \/>\n<link rel=\"canonical\" href=\"https:\/\/redenoticiaz.com.br\/ribeiraopreto-regiao\/sp\/2023\/04\/02\/equipamentos-para-31-consultorios-completos-sao-entregues-a-saude-barretense\" \/>\n<meta property=\"og:locale\" content=\"pt_BR\" \/>\n<meta property=\"og:type\" content=\"article\" \/>\n<meta property=\"og:title\" content=\"Equipamentos para 31 consult\u00f3rios completos s\u00e3o entregues \u00e0 Sa\u00fade barretense - Ribeir\u00e3o Preto e Regi\u00e3o\" \/>\n<meta property=\"og:description\" content=\"Realizada a entrega oficial de 31 consult\u00f3rios odontol\u00f3gicos \u00e0 rede municipal de Sa\u00fade da Est\u00e2ncia Tur\u00edstica de Barretos\" \/>\n<meta property=\"og:url\" content=\"https:\/\/redenoticiaz.com.br\/ribeiraopreto-regiao\/sp\/2023\/04\/02\/equipamentos-para-31-consultorios-completos-sao-entregues-a-saude-barretense\" \/>\n<meta property=\"og:site_name\" content=\"Ribeir\u00e3o Preto e Regi\u00e3o\" \/>\n<meta property=\"article:publisher\" content=\"https:\/\/m.facebook.com\/redenoticiaz.barretos\" \/>\n<meta property=\"article:published_time\" content=\"2023-04-02T13:35:23+00:00\" \/>\n<meta property=\"og:image\" content=\"https:\/\/redenoticiaz.com.br\/ribeiraopreto-regiao\/wp-content\/uploads\/sites\/4\/2023\/04\/4c56ff4ce4aaf9573aa5dff913df997a.jpeg\" \/>\n\t<meta property=\"og:image:width\" content=\"1600\" \/>\n\t<meta property=\"og:image:height\" content=\"1069\" \/>\n\t<meta property=\"og:image:type\" content=\"image\/jpeg\" \/>\n<meta name=\"twitter:card\" content=\"summary_large_image\" \/>\n<meta name=\"twitter:creator\" content=\"@RN_barretos\" \/>\n<meta name=\"twitter:site\" content=\"@RN_barretos\" \/>\n<meta name=\"twitter:label1\" content=\"Escrito por\" \/>\n\t<meta name=\"twitter:data1\" content=\"\" \/>\n\t<meta name=\"twitter:label2\" content=\"Est. tempo de leitura\" \/>\n\t<meta name=\"twitter:data2\" content=\"2 minutos\" \/>\n<script type=\"application\/ld+json\" class=\"yoast-schema-graph\">{\"@context\":\"https:\\\/\\\/schema.org\",\"@graph\":[{\"@type\":\"Article\",\"@id\":\"https:\\\/\\\/redenoticiaz.com.br\\\/ribeiraopreto-regiao\\\/sp\\\/2023\\\/04\\\/02\\\/equipamentos-para-31-consultorios-completos-sao-entregues-a-saude-barretense#article\",\"isPartOf\":{\"@id\":\"https:\\\/\\\/redenoticiaz.com.br\\\/ribeiraopreto-regiao\\\/sp\\\/2023\\\/04\\\/02\\\/equipamentos-para-31-consultorios-completos-sao-entregues-a-saude-barretense\"},\"author\":{\"name\":\"\",\"@id\":\"\"},\"headline\":\"Equipamentos para 31 consult\u00f3rios completos s\u00e3o entregues \u00e0 Sa\u00fade barretense\",\"datePublished\":\"2023-04-02T13:35:23+00:00\",\"mainEntityOfPage\":{\"@id\":\"https:\\\/\\\/redenoticiaz.com.br\\\/ribeiraopreto-regiao\\\/sp\\\/2023\\\/04\\\/02\\\/equipamentos-para-31-consultorios-completos-sao-entregues-a-saude-barretense\"},\"wordCount\":334,\"commentCount\":0,\"publisher\":{\"@id\":\"https:\\\/\\\/redenoticiaz.com.br\\\/ribeiraopreto-regiao\\\/#organization\"},\"image\":{\"@id\":\"https:\\\/\\\/redenoticiaz.com.br\\\/ribeiraopreto-regiao\\\/sp\\\/2023\\\/04\\\/02\\\/equipamentos-para-31-consultorios-completos-sao-entregues-a-saude-barretense#primaryimage\"},\"thumbnailUrl\":\"https:\\\/\\\/redenoticiaz.com.br\\\/ribeiraopreto-regiao\\\/wp-content\\\/uploads\\\/sites\\\/4\\\/2023\\\/04\\\/4c56ff4ce4aaf9573aa5dff913df997a.jpeg\",\"keywords\":[\"consult\u00f3rios\",\"ENTREGA\",\"EQUIPAMENTOS\",\"odontologia\",\"saude\",\"SA\u00daDE BUCAL\"],\"articleSection\":[\"Sa\u00fade\"],\"inLanguage\":\"pt-BR\",\"potentialAction\":[{\"@type\":\"CommentAction\",\"name\":\"Comment\",\"target\":[\"https:\\\/\\\/redenoticiaz.com.br\\\/ribeiraopreto-regiao\\\/sp\\\/2023\\\/04\\\/02\\\/equipamentos-para-31-consultorios-completos-sao-entregues-a-saude-barretense#respond\"]}]},{\"@type\":\"WebPage\",\"@id\":\"https:\\\/\\\/redenoticiaz.com.br\\\/ribeiraopreto-regiao\\\/sp\\\/2023\\\/04\\\/02\\\/equipamentos-para-31-consultorios-completos-sao-entregues-a-saude-barretense\",\"url\":\"https:\\\/\\\/redenoticiaz.com.br\\\/ribeiraopreto-regiao\\\/sp\\\/2023\\\/04\\\/02\\\/equipamentos-para-31-consultorios-completos-sao-entregues-a-saude-barretense\",\"name\":\"Equipamentos para 31 consult\u00f3rios completos s\u00e3o entregues \u00e0 Sa\u00fade barretense - Ribeir\u00e3o Preto e Regi\u00e3o\",\"isPartOf\":{\"@id\":\"https:\\\/\\\/redenoticiaz.com.br\\\/ribeiraopreto-regiao\\\/#website\"},\"primaryImageOfPage\":{\"@id\":\"https:\\\/\\\/redenoticiaz.com.br\\\/ribeiraopreto-regiao\\\/sp\\\/2023\\\/04\\\/02\\\/equipamentos-para-31-consultorios-completos-sao-entregues-a-saude-barretense#primaryimage\"},\"image\":{\"@id\":\"https:\\\/\\\/redenoticiaz.com.br\\\/ribeiraopreto-regiao\\\/sp\\\/2023\\\/04\\\/02\\\/equipamentos-para-31-consultorios-completos-sao-entregues-a-saude-barretense#primaryimage\"},\"thumbnailUrl\":\"https:\\\/\\\/redenoticiaz.com.br\\\/ribeiraopreto-regiao\\\/wp-content\\\/uploads\\\/sites\\\/4\\\/2023\\\/04\\\/4c56ff4ce4aaf9573aa5dff913df997a.jpeg\",\"datePublished\":\"2023-04-02T13:35:23+00:00\",\"description\":\"Realizada a entrega oficial de 31 consult\u00f3rios odontol\u00f3gicos \u00e0 rede municipal de Sa\u00fade da Est\u00e2ncia Tur\u00edstica de Barretos\",\"inLanguage\":\"pt-BR\",\"potentialAction\":[{\"@type\":\"ReadAction\",\"target\":[\"https:\\\/\\\/redenoticiaz.com.br\\\/ribeiraopreto-regiao\\\/sp\\\/2023\\\/04\\\/02\\\/equipamentos-para-31-consultorios-completos-sao-entregues-a-saude-barretense\"]}]},{\"@type\":\"ImageObject\",\"inLanguage\":\"pt-BR\",\"@id\":\"https:\\\/\\\/redenoticiaz.com.br\\\/ribeiraopreto-regiao\\\/sp\\\/2023\\\/04\\\/02\\\/equipamentos-para-31-consultorios-completos-sao-entregues-a-saude-barretense#primaryimage\",\"url\":\"https:\\\/\\\/redenoticiaz.com.br\\\/ribeiraopreto-regiao\\\/wp-content\\\/uploads\\\/sites\\\/4\\\/2023\\\/04\\\/4c56ff4ce4aaf9573aa5dff913df997a.jpeg\",\"contentUrl\":\"https:\\\/\\\/redenoticiaz.com.br\\\/ribeiraopreto-regiao\\\/wp-content\\\/uploads\\\/sites\\\/4\\\/2023\\\/04\\\/4c56ff4ce4aaf9573aa5dff913df997a.jpeg\",\"width\":1600,\"height\":1069,\"caption\":\"Equipamentos para 31 consult\u00f3rios completos s\u00e3o entregues \u00e0 Sa\u00fade barretense. Cr\u00e9dito: Divulga\u00e7\u00e3o\"},{\"@type\":\"WebSite\",\"@id\":\"https:\\\/\\\/redenoticiaz.com.br\\\/ribeiraopreto-regiao\\\/#website\",\"url\":\"https:\\\/\\\/redenoticiaz.com.br\\\/ribeiraopreto-regiao\\\/\",\"name\":\"Ribeir\u00e3o Preto e Regi\u00e3o\",\"description\":\"Rede NoticiaZ - Ribeir\u00e3o Preto e regi\u00e3o\",\"publisher\":{\"@id\":\"https:\\\/\\\/redenoticiaz.com.br\\\/ribeiraopreto-regiao\\\/#organization\"},\"potentialAction\":[{\"@type\":\"SearchAction\",\"target\":{\"@type\":\"EntryPoint\",\"urlTemplate\":\"https:\\\/\\\/redenoticiaz.com.br\\\/ribeiraopreto-regiao\\\/?s={search_term_string}\"},\"query-input\":{\"@type\":\"PropertyValueSpecification\",\"valueRequired\":true,\"valueName\":\"search_term_string\"}}],\"inLanguage\":\"pt-BR\"},{\"@type\":\"Organization\",\"@id\":\"https:\\\/\\\/redenoticiaz.com.br\\\/ribeiraopreto-regiao\\\/#organization\",\"name\":\"Ribeir\u00e3o Preto e Regi\u00e3o\",\"url\":\"https:\\\/\\\/redenoticiaz.com.br\\\/ribeiraopreto-regiao\\\/\",\"logo\":{\"@type\":\"ImageObject\",\"inLanguage\":\"pt-BR\",\"@id\":\"https:\\\/\\\/redenoticiaz.com.br\\\/ribeiraopreto-regiao\\\/#\\\/schema\\\/logo\\\/image\\\/\",\"url\":\"https:\\\/\\\/redenoticiaz.com.br\\\/barretos-regiao\\\/wp-content\\\/uploads\\\/sites\\\/4\\\/2022\\\/02\\\/logo.jpg\",\"contentUrl\":\"https:\\\/\\\/redenoticiaz.com.br\\\/barretos-regiao\\\/wp-content\\\/uploads\\\/sites\\\/4\\\/2022\\\/02\\\/logo.jpg\",\"width\":400,\"height\":250,\"caption\":\"Ribeir\u00e3o Preto e Regi\u00e3o\"},\"image\":{\"@id\":\"https:\\\/\\\/redenoticiaz.com.br\\\/ribeiraopreto-regiao\\\/#\\\/schema\\\/logo\\\/image\\\/\"},\"sameAs\":[\"https:\\\/\\\/m.facebook.com\\\/redenoticiaz.barretos\",\"https:\\\/\\\/x.com\\\/RN_barretos\",\"https:\\\/\\\/www.instagram.com\\\/redenoticiaz.barretos\\\/?igshid=YmMyMTA2M2Y\",\"https:\\\/\\\/www.linkedin.com\\\/company\\\/rede-noticiaz-barretos-e-regio\\\/\"]},{\"@type\":\"Person\",\"@id\":\"\",\"url\":\"https:\\\/\\\/redenoticiaz.com.br\\\/ribeiraopreto-regiao\\\/sp\\\/author\"}]}<\/script>\n<!-- \/ Yoast SEO plugin. -->","yoast_head_json":{"title":"Equipamentos para 31 consult\u00f3rios completos s\u00e3o entregues \u00e0 Sa\u00fade barretense - Ribeir\u00e3o Preto e Regi\u00e3o","description":"Realizada a entrega oficial de 31 consult\u00f3rios odontol\u00f3gicos \u00e0 rede municipal de Sa\u00fade da Est\u00e2ncia Tur\u00edstica de Barretos","robots":{"index":"index","follow":"follow","max-snippet":"max-snippet:-1","max-image-preview":"max-image-preview:large","max-video-preview":"max-video-preview:-1"},"canonical":"https:\/\/redenoticiaz.com.br\/ribeiraopreto-regiao\/sp\/2023\/04\/02\/equipamentos-para-31-consultorios-completos-sao-entregues-a-saude-barretense","og_locale":"pt_BR","og_type":"article","og_title":"Equipamentos para 31 consult\u00f3rios completos s\u00e3o entregues \u00e0 Sa\u00fade barretense - Ribeir\u00e3o Preto e Regi\u00e3o","og_description":"Realizada a entrega oficial de 31 consult\u00f3rios odontol\u00f3gicos \u00e0 rede municipal de Sa\u00fade da Est\u00e2ncia Tur\u00edstica de Barretos","og_url":"https:\/\/redenoticiaz.com.br\/ribeiraopreto-regiao\/sp\/2023\/04\/02\/equipamentos-para-31-consultorios-completos-sao-entregues-a-saude-barretense","og_site_name":"Ribeir\u00e3o Preto e Regi\u00e3o","article_publisher":"https:\/\/m.facebook.com\/redenoticiaz.barretos","article_published_time":"2023-04-02T13:35:23+00:00","og_image":[{"width":1600,"height":1069,"url":"https:\/\/redenoticiaz.com.br\/ribeiraopreto-regiao\/wp-content\/uploads\/sites\/4\/2023\/04\/4c56ff4ce4aaf9573aa5dff913df997a.jpeg","type":"image\/jpeg"}],"twitter_card":"summary_large_image","twitter_creator":"@RN_barretos","twitter_site":"@RN_barretos","twitter_misc":{"Escrito por":"","Est. tempo de leitura":"2 minutos"},"schema":{"@context":"https:\/\/schema.org","@graph":[{"@type":"Article","@id":"https:\/\/redenoticiaz.com.br\/ribeiraopreto-regiao\/sp\/2023\/04\/02\/equipamentos-para-31-consultorios-completos-sao-entregues-a-saude-barretense#article","isPartOf":{"@id":"https:\/\/redenoticiaz.com.br\/ribeiraopreto-regiao\/sp\/2023\/04\/02\/equipamentos-para-31-consultorios-completos-sao-entregues-a-saude-barretense"},"author":{"name":"","@id":""},"headline":"Equipamentos para 31 consult\u00f3rios completos s\u00e3o entregues \u00e0 Sa\u00fade barretense","datePublished":"2023-04-02T13:35:23+00:00","mainEntityOfPage":{"@id":"https:\/\/redenoticiaz.com.br\/ribeiraopreto-regiao\/sp\/2023\/04\/02\/equipamentos-para-31-consultorios-completos-sao-entregues-a-saude-barretense"},"wordCount":334,"commentCount":0,"publisher":{"@id":"https:\/\/redenoticiaz.com.br\/ribeiraopreto-regiao\/#organization"},"image":{"@id":"https:\/\/redenoticiaz.com.br\/ribeiraopreto-regiao\/sp\/2023\/04\/02\/equipamentos-para-31-consultorios-completos-sao-entregues-a-saude-barretense#primaryimage"},"thumbnailUrl":"https:\/\/redenoticiaz.com.br\/ribeiraopreto-regiao\/wp-content\/uploads\/sites\/4\/2023\/04\/4c56ff4ce4aaf9573aa5dff913df997a.jpeg","keywords":["consult\u00f3rios","ENTREGA","EQUIPAMENTOS","odontologia","saude","SA\u00daDE BUCAL"],"articleSection":["Sa\u00fade"],"inLanguage":"pt-BR","potentialAction":[{"@type":"CommentAction","name":"Comment","target":["https:\/\/redenoticiaz.com.br\/ribeiraopreto-regiao\/sp\/2023\/04\/02\/equipamentos-para-31-consultorios-completos-sao-entregues-a-saude-barretense#respond"]}]},{"@type":"WebPage","@id":"https:\/\/redenoticiaz.com.br\/ribeiraopreto-regiao\/sp\/2023\/04\/02\/equipamentos-para-31-consultorios-completos-sao-entregues-a-saude-barretense","url":"https:\/\/redenoticiaz.com.br\/ribeiraopreto-regiao\/sp\/2023\/04\/02\/equipamentos-para-31-consultorios-completos-sao-entregues-a-saude-barretense","name":"Equipamentos para 31 consult\u00f3rios completos s\u00e3o entregues \u00e0 Sa\u00fade barretense - Ribeir\u00e3o Preto e Regi\u00e3o","isPartOf":{"@id":"https:\/\/redenoticiaz.com.br\/ribeiraopreto-regiao\/#website"},"primaryImageOfPage":{"@id":"https:\/\/redenoticiaz.com.br\/ribeiraopreto-regiao\/sp\/2023\/04\/02\/equipamentos-para-31-consultorios-completos-sao-entregues-a-saude-barretense#primaryimage"},"image":{"@id":"https:\/\/redenoticiaz.com.br\/ribeiraopreto-regiao\/sp\/2023\/04\/02\/equipamentos-para-31-consultorios-completos-sao-entregues-a-saude-barretense#primaryimage"},"thumbnailUrl":"https:\/\/redenoticiaz.com.br\/ribeiraopreto-regiao\/wp-content\/uploads\/sites\/4\/2023\/04\/4c56ff4ce4aaf9573aa5dff913df997a.jpeg","datePublished":"2023-04-02T13:35:23+00:00","description":"Realizada a entrega oficial de 31 consult\u00f3rios odontol\u00f3gicos \u00e0 rede municipal de Sa\u00fade da Est\u00e2ncia Tur\u00edstica de Barretos","inLanguage":"pt-BR","potentialAction":[{"@type":"ReadAction","target":["https:\/\/redenoticiaz.com.br\/ribeiraopreto-regiao\/sp\/2023\/04\/02\/equipamentos-para-31-consultorios-completos-sao-entregues-a-saude-barretense"]}]},{"@type":"ImageObject","inLanguage":"pt-BR","@id":"https:\/\/redenoticiaz.com.br\/ribeiraopreto-regiao\/sp\/2023\/04\/02\/equipamentos-para-31-consultorios-completos-sao-entregues-a-saude-barretense#primaryimage","url":"https:\/\/redenoticiaz.com.br\/ribeiraopreto-regiao\/wp-content\/uploads\/sites\/4\/2023\/04\/4c56ff4ce4aaf9573aa5dff913df997a.jpeg","contentUrl":"https:\/\/redenoticiaz.com.br\/ribeiraopreto-regiao\/wp-content\/uploads\/sites\/4\/2023\/04\/4c56ff4ce4aaf9573aa5dff913df997a.jpeg","width":1600,"height":1069,"caption":"Equipamentos para 31 consult\u00f3rios completos s\u00e3o entregues \u00e0 Sa\u00fade barretense. Cr\u00e9dito: Divulga\u00e7\u00e3o"},{"@type":"WebSite","@id":"https:\/\/redenoticiaz.com.br\/ribeiraopreto-regiao\/#website","url":"https:\/\/redenoticiaz.com.br\/ribeiraopreto-regiao\/","name":"Ribeir\u00e3o Preto e Regi\u00e3o","description":"Rede NoticiaZ - Ribeir\u00e3o Preto e regi\u00e3o","publisher":{"@id":"https:\/\/redenoticiaz.com.br\/ribeiraopreto-regiao\/#organization"},"potentialAction":[{"@type":"SearchAction","target":{"@type":"EntryPoint","urlTemplate":"https:\/\/redenoticiaz.com.br\/ribeiraopreto-regiao\/?s={search_term_string}"},"query-input":{"@type":"PropertyValueSpecification","valueRequired":true,"valueName":"search_term_string"}}],"inLanguage":"pt-BR"},{"@type":"Organization","@id":"https:\/\/redenoticiaz.com.br\/ribeiraopreto-regiao\/#organization","name":"Ribeir\u00e3o Preto e Regi\u00e3o","url":"https:\/\/redenoticiaz.com.br\/ribeiraopreto-regiao\/","logo":{"@type":"ImageObject","inLanguage":"pt-BR","@id":"https:\/\/redenoticiaz.com.br\/ribeiraopreto-regiao\/#\/schema\/logo\/image\/","url":"https:\/\/redenoticiaz.com.br\/barretos-regiao\/wp-content\/uploads\/sites\/4\/2022\/02\/logo.jpg","contentUrl":"https:\/\/redenoticiaz.com.br\/barretos-regiao\/wp-content\/uploads\/sites\/4\/2022\/02\/logo.jpg","width":400,"height":250,"caption":"Ribeir\u00e3o Preto e Regi\u00e3o"},"image":{"@id":"https:\/\/redenoticiaz.com.br\/ribeiraopreto-regiao\/#\/schema\/logo\/image\/"},"sameAs":["https:\/\/m.facebook.com\/redenoticiaz.barretos","https:\/\/x.com\/RN_barretos","https:\/\/www.instagram.com\/redenoticiaz.barretos\/?igshid=YmMyMTA2M2Y","https:\/\/www.linkedin.com\/company\/rede-noticiaz-barretos-e-regio\/"]},{"@type":"Person","@id":"","url":"https:\/\/redenoticiaz.com.br\/ribeiraopreto-regiao\/sp\/author"}]}},"_links":{"self":[{"href":"https:\/\/redenoticiaz.com.br\/ribeiraopreto-regiao\/wp-json\/wp\/v2\/posts\/103123","targetHints":{"allow":["GET"]}}],"collection":[{"href":"https:\/\/redenoticiaz.com.br\/ribeiraopreto-regiao\/wp-json\/wp\/v2\/posts"}],"about":[{"href":"https:\/\/redenoticiaz.com.br\/ribeiraopreto-regiao\/wp-json\/wp\/v2\/types\/post"}],"author":[{"embeddable":true,"href":"https:\/\/redenoticiaz.com.br\/ribeiraopreto-regiao\/wp-json\/wp\/v2\/users\/15"}],"replies":[{"embeddable":true,"href":"https:\/\/redenoticiaz.com.br\/ribeiraopreto-regiao\/wp-json\/wp\/v2\/comments?post=103123"}],"version-history":[{"count":1,"href":"https:\/\/redenoticiaz.com.br\/ribeiraopreto-regiao\/wp-json\/wp\/v2\/posts\/103123\/revisions"}],"predecessor-version":[{"id":103125,"href":"https:\/\/redenoticiaz.com.br\/ribeiraopreto-regiao\/wp-json\/wp\/v2\/posts\/103123\/revisions\/103125"}],"wp:featuredmedia":[{"embeddable":true,"href":"https:\/\/redenoticiaz.com.br\/ribeiraopreto-regiao\/wp-json\/wp\/v2\/media\/103124"}],"wp:attachment":[{"href":"https:\/\/redenoticiaz.com.br\/ribeiraopreto-regiao\/wp-json\/wp\/v2\/media?parent=103123"}],"wp:term":[{"taxonomy":"category","embeddable":true,"href":"https:\/\/redenoticiaz.com.br\/ribeiraopreto-regiao\/wp-json\/wp\/v2\/categories?post=103123"},{"taxonomy":"post_tag","embeddable":true,"href":"https:\/\/redenoticiaz.com.br\/ribeiraopreto-regiao\/wp-json\/wp\/v2\/tags?post=103123"}],"curies":[{"name":"wp","href":"https:\/\/api.w.org\/{rel}","templated":true}]}}