{"id":103160,"date":"2023-04-03T08:10:40","date_gmt":"2023-04-03T11:10:40","guid":{"rendered":"https:\/\/redenoticiaz.com.br\/barretos-regiao\/sp\/2023\/04\/03\/ponte-preta-e-novorizontino-garantem-vagas-na-elite-do-paulistao-2024"},"modified":"2023-04-03T08:10:40","modified_gmt":"2023-04-03T11:10:40","slug":"ponte-preta-e-novorizontino-garantem-vagas-na-elite-do-paulistao-2024","status":"publish","type":"post","link":"https:\/\/redenoticiaz.com.br\/ribeiraopreto-regiao\/sp\/2023\/04\/03\/ponte-preta-e-novorizontino-garantem-vagas-na-elite-do-paulistao-2024","title":{"rendered":"Ponte Preta e Novorizontino garantem vagas na elite do Paulist\u00e3o 2024"},"content":{"rendered":"<p>O Campeonato Paulista de 2024 j\u00e1 conhece os dois novos integrantes. <strong>Ponte Preta e Novorizontino conseguiram as classifica\u00e7\u00f5es<\/strong> ao vencerem XV de Piracicaba e Noroeste, respectivamente neste final de semana. Agora a Macaca e o Tigre lutam para saber quem ser\u00e1 o campe\u00e3o do Paulist\u00e3o da A2.<\/p>\n<p>No Mois\u00e9s Lucarelli, mais de 16 mil torcedores compareceram ao local para dar o apoio \u00e0 Ponte. A equipe de Campinas venceu a ida por 3 a 0 e poderia at\u00e9 mesmo perder por dois gols de diferen\u00e7a. Mas a Macaca fez bem mais do que isso. A vit\u00f3ria por 2 a 0 sobre o XV de Piracicaba, com gols de Jeh e Eliel, um em cada tempo, foi a cereja do bolo constru\u00edda ao longo de 19 jogos e que estava solidificada ap\u00f3s o atropelo por 3 a 0 em Piracicaba, na semana passada (o placar agregado foi de 5 a 0). O campo ratificou a voz das arquibancadas: &#8220;a macacada voltou&#8221;.<\/p>\n<figure id=\"attachment_103161\" aria-describedby=\"caption-attachment-103161\" style=\"width: 390px\" class=\"wp-caption alignleft\"><img loading=\"lazy\" decoding=\"async\" class=\"size-medium wp-image-103161\" src=\"https:\/\/redenoticiaz.com.br\/barretos-regiao\/wp-content\/uploads\/sites\/4\/2023\/04\/novorizontino-classificado-390x217.jpg\" alt=\"\" width=\"390\" height=\"217\" \/><figcaption id=\"caption-attachment-103161\" class=\"wp-caption-text\">Cr\u00e9ditos: Divulga\u00e7\u00e3o\/Novorizontino<\/figcaption><\/figure>\n<p>J\u00e1 em Novo Horizonte, o Tigre do Vale e o Norusca tiveram um empate no jogo de ida por 1 a 1. Qualquer vit\u00f3ria classificaria ambos, enquanto que um novo empate levaria a decis\u00e3o para os p\u00eanaltis. S\u00f3 que a partida de s\u00e1bado foi um verdadeiro passeio dos donos de casa.<\/p>\n<p>A vit\u00f3ria por 3 a 0 foi constru\u00edda com um primeiro tempo dominante, com gols de R\u00f4mulo e Aylon. O time administrou a vantagem na segunda etapa e ainda deu tempo de fazer o terceiro com Renan Gorne, em um gola\u00e7o para carimbar o acesso. O Noroeste n\u00e3o fez uma boa partida e pouco conseguiu criar nos 90 minutos de jogo.<\/p>\n<p>Os hor\u00e1rios e as datas dos dois jogos das finais do Campeonato Paulista da S\u00e9rie A2 ainda ser\u00e3o definidos em reuni\u00e3o na sede da Federa\u00e7\u00e3o Paulista de Futebol.<\/p>\n<p><strong>LEIA TAMB\u00c9M<\/strong><\/p>\n<p><a href=\"https:\/\/redenoticiaz.com.br\/blog\/2023\/04\/02\/agua-santa-vence-palmeiras-na-1a-final-do-paulista\">\u00c1gua Santa vence Palmeiras na 1\u00aa final do Paulista<\/a><\/p>\n","protected":false},"excerpt":{"rendered":"<p>O Campeonato Paulista de 2024 j\u00e1 conhece os dois novos integrantes. Ponte Preta e Novorizontino conseguiram as classifica\u00e7\u00f5es ao vencerem XV de Piracicaba e Noroeste, respectivamente neste final de semana. Agora a Macaca e o Tigre lutam para saber quem ser\u00e1 o campe\u00e3o do Paulist\u00e3o da A2. No Mois\u00e9s Lucarelli, mais de 16 mil torcedores &hellip;<\/p>\n","protected":false},"author":6,"featured_media":103162,"comment_status":"open","ping_status":"closed","sticky":false,"template":"","format":"standard","meta":{"footnotes":""},"categories":[87],"tags":[26115,26116,417,26117,3058],"class_list":["post-103160","post","type-post","status-publish","format-standard","has-post-thumbnail","hentry","category-esporte","tag-acesso-a-elite","tag-campeonato-paulista-a2","tag-novorizontino","tag-paulistao-a2","tag-ponte-preta"],"yoast_head":"<!-- This site is optimized with the Yoast SEO plugin v27.4 - https:\/\/yoast.com\/product\/yoast-seo-wordpress\/ -->\n<title>Ponte Preta e Novorizontino garantem vagas na elite do Paulist\u00e3o 2024 - Ribeir\u00e3o Preto e Regi\u00e3o<\/title>\n<meta name=\"description\" content=\"O Campeonato Paulista de 2024 j\u00e1 conhece os dois novos integrantes. Ponte Preta e Novorizontino conseguiram as classifica\u00e7\u00f5es\" \/>\n<meta name=\"robots\" content=\"index, follow, max-snippet:-1, max-image-preview:large, max-video-preview:-1\" \/>\n<link rel=\"canonical\" href=\"https:\/\/redenoticiaz.com.br\/ribeiraopreto-regiao\/sp\/2023\/04\/03\/ponte-preta-e-novorizontino-garantem-vagas-na-elite-do-paulistao-2024\" \/>\n<meta property=\"og:locale\" content=\"pt_BR\" \/>\n<meta property=\"og:type\" content=\"article\" \/>\n<meta property=\"og:title\" content=\"Ponte Preta e Novorizontino garantem vagas na elite do Paulist\u00e3o 2024 - Ribeir\u00e3o Preto e Regi\u00e3o\" \/>\n<meta property=\"og:description\" content=\"O Campeonato Paulista de 2024 j\u00e1 conhece os dois novos integrantes. Ponte Preta e Novorizontino conseguiram as classifica\u00e7\u00f5es\" \/>\n<meta property=\"og:url\" content=\"https:\/\/redenoticiaz.com.br\/ribeiraopreto-regiao\/sp\/2023\/04\/03\/ponte-preta-e-novorizontino-garantem-vagas-na-elite-do-paulistao-2024\" \/>\n<meta property=\"og:site_name\" content=\"Ribeir\u00e3o Preto e Regi\u00e3o\" \/>\n<meta property=\"article:publisher\" content=\"https:\/\/m.facebook.com\/redenoticiaz.barretos\" \/>\n<meta property=\"article:published_time\" content=\"2023-04-03T11:10:40+00:00\" \/>\n<meta property=\"og:image\" content=\"https:\/\/redenoticiaz.com.br\/ribeiraopreto-regiao\/wp-content\/uploads\/sites\/4\/2022\/02\/logo.jpg\" \/>\n\t<meta property=\"og:image:width\" content=\"400\" \/>\n\t<meta property=\"og:image:height\" content=\"250\" \/>\n\t<meta property=\"og:image:type\" content=\"image\/jpeg\" \/>\n<meta name=\"author\" content=\"Leonardo Francisco\" \/>\n<meta name=\"twitter:card\" content=\"summary_large_image\" \/>\n<meta name=\"twitter:creator\" content=\"@RN_barretos\" \/>\n<meta name=\"twitter:site\" content=\"@RN_barretos\" \/>\n<meta name=\"twitter:label1\" content=\"Escrito por\" \/>\n\t<meta name=\"twitter:data1\" content=\"Leonardo Francisco\" \/>\n\t<meta name=\"twitter:label2\" content=\"Est. tempo de leitura\" \/>\n\t<meta name=\"twitter:data2\" content=\"2 minutos\" \/>\n<script type=\"application\/ld+json\" class=\"yoast-schema-graph\">{\"@context\":\"https:\\\/\\\/schema.org\",\"@graph\":[{\"@type\":\"Article\",\"@id\":\"https:\\\/\\\/redenoticiaz.com.br\\\/ribeiraopreto-regiao\\\/sp\\\/2023\\\/04\\\/03\\\/ponte-preta-e-novorizontino-garantem-vagas-na-elite-do-paulistao-2024#article\",\"isPartOf\":{\"@id\":\"https:\\\/\\\/redenoticiaz.com.br\\\/ribeiraopreto-regiao\\\/sp\\\/2023\\\/04\\\/03\\\/ponte-preta-e-novorizontino-garantem-vagas-na-elite-do-paulistao-2024\"},\"author\":{\"name\":\"Leonardo Francisco\",\"@id\":\"https:\\\/\\\/redenoticiaz.com.br\\\/ribeiraopreto-regiao\\\/#\\\/schema\\\/person\\\/0f0b8a5bdafefe82841e07ae8d81ecb3\"},\"headline\":\"Ponte Preta e Novorizontino garantem vagas na elite do Paulist\u00e3o 2024\",\"datePublished\":\"2023-04-03T11:10:40+00:00\",\"mainEntityOfPage\":{\"@id\":\"https:\\\/\\\/redenoticiaz.com.br\\\/ribeiraopreto-regiao\\\/sp\\\/2023\\\/04\\\/03\\\/ponte-preta-e-novorizontino-garantem-vagas-na-elite-do-paulistao-2024\"},\"wordCount\":339,\"commentCount\":0,\"publisher\":{\"@id\":\"https:\\\/\\\/redenoticiaz.com.br\\\/ribeiraopreto-regiao\\\/#organization\"},\"image\":{\"@id\":\"https:\\\/\\\/redenoticiaz.com.br\\\/ribeiraopreto-regiao\\\/sp\\\/2023\\\/04\\\/03\\\/ponte-preta-e-novorizontino-garantem-vagas-na-elite-do-paulistao-2024#primaryimage\"},\"thumbnailUrl\":\"https:\\\/\\\/redenoticiaz.com.br\\\/ribeiraopreto-regiao\\\/wp-content\\\/uploads\\\/sites\\\/4\\\/2023\\\/04\\\/PONTE-CLASSIFICADA.jpg?v=1680519997\",\"keywords\":[\"ACESSO \u00c0 ELITE\",\"CAMPEONATO PAULISTA A2\",\"NOVORIZONTINO\",\"PAULIST\u00c3O A2\",\"Ponte Preta\"],\"articleSection\":[\"Esporte\"],\"inLanguage\":\"pt-BR\",\"potentialAction\":[{\"@type\":\"CommentAction\",\"name\":\"Comment\",\"target\":[\"https:\\\/\\\/redenoticiaz.com.br\\\/ribeiraopreto-regiao\\\/sp\\\/2023\\\/04\\\/03\\\/ponte-preta-e-novorizontino-garantem-vagas-na-elite-do-paulistao-2024#respond\"]}]},{\"@type\":\"WebPage\",\"@id\":\"https:\\\/\\\/redenoticiaz.com.br\\\/ribeiraopreto-regiao\\\/sp\\\/2023\\\/04\\\/03\\\/ponte-preta-e-novorizontino-garantem-vagas-na-elite-do-paulistao-2024\",\"url\":\"https:\\\/\\\/redenoticiaz.com.br\\\/ribeiraopreto-regiao\\\/sp\\\/2023\\\/04\\\/03\\\/ponte-preta-e-novorizontino-garantem-vagas-na-elite-do-paulistao-2024\",\"name\":\"Ponte Preta e Novorizontino garantem vagas na elite do Paulist\u00e3o 2024 - Ribeir\u00e3o Preto e Regi\u00e3o\",\"isPartOf\":{\"@id\":\"https:\\\/\\\/redenoticiaz.com.br\\\/ribeiraopreto-regiao\\\/#website\"},\"primaryImageOfPage\":{\"@id\":\"https:\\\/\\\/redenoticiaz.com.br\\\/ribeiraopreto-regiao\\\/sp\\\/2023\\\/04\\\/03\\\/ponte-preta-e-novorizontino-garantem-vagas-na-elite-do-paulistao-2024#primaryimage\"},\"image\":{\"@id\":\"https:\\\/\\\/redenoticiaz.com.br\\\/ribeiraopreto-regiao\\\/sp\\\/2023\\\/04\\\/03\\\/ponte-preta-e-novorizontino-garantem-vagas-na-elite-do-paulistao-2024#primaryimage\"},\"thumbnailUrl\":\"https:\\\/\\\/redenoticiaz.com.br\\\/ribeiraopreto-regiao\\\/wp-content\\\/uploads\\\/sites\\\/4\\\/2023\\\/04\\\/PONTE-CLASSIFICADA.jpg?v=1680519997\",\"datePublished\":\"2023-04-03T11:10:40+00:00\",\"description\":\"O Campeonato Paulista de 2024 j\u00e1 conhece os dois novos integrantes. Ponte Preta e Novorizontino conseguiram as classifica\u00e7\u00f5es\",\"inLanguage\":\"pt-BR\",\"potentialAction\":[{\"@type\":\"ReadAction\",\"target\":[\"https:\\\/\\\/redenoticiaz.com.br\\\/ribeiraopreto-regiao\\\/sp\\\/2023\\\/04\\\/03\\\/ponte-preta-e-novorizontino-garantem-vagas-na-elite-do-paulistao-2024\"]}]},{\"@type\":\"ImageObject\",\"inLanguage\":\"pt-BR\",\"@id\":\"https:\\\/\\\/redenoticiaz.com.br\\\/ribeiraopreto-regiao\\\/sp\\\/2023\\\/04\\\/03\\\/ponte-preta-e-novorizontino-garantem-vagas-na-elite-do-paulistao-2024#primaryimage\",\"url\":\"https:\\\/\\\/redenoticiaz.com.br\\\/ribeiraopreto-regiao\\\/wp-content\\\/uploads\\\/sites\\\/4\\\/2023\\\/04\\\/PONTE-CLASSIFICADA.jpg?v=1680519997\",\"contentUrl\":\"https:\\\/\\\/redenoticiaz.com.br\\\/ribeiraopreto-regiao\\\/wp-content\\\/uploads\\\/sites\\\/4\\\/2023\\\/04\\\/PONTE-CLASSIFICADA.jpg?v=1680519997\",\"width\":574,\"height\":318,\"caption\":\"Ambas as equipes voltam ap\u00f3s ca\u00edrem na temporada passada. Cr\u00e9ditos: Reprodu\u00e7\u00e3o\"},{\"@type\":\"WebSite\",\"@id\":\"https:\\\/\\\/redenoticiaz.com.br\\\/ribeiraopreto-regiao\\\/#website\",\"url\":\"https:\\\/\\\/redenoticiaz.com.br\\\/ribeiraopreto-regiao\\\/\",\"name\":\"Ribeir\u00e3o Preto e Regi\u00e3o\",\"description\":\"Rede NoticiaZ - Ribeir\u00e3o Preto e regi\u00e3o\",\"publisher\":{\"@id\":\"https:\\\/\\\/redenoticiaz.com.br\\\/ribeiraopreto-regiao\\\/#organization\"},\"potentialAction\":[{\"@type\":\"SearchAction\",\"target\":{\"@type\":\"EntryPoint\",\"urlTemplate\":\"https:\\\/\\\/redenoticiaz.com.br\\\/ribeiraopreto-regiao\\\/?s={search_term_string}\"},\"query-input\":{\"@type\":\"PropertyValueSpecification\",\"valueRequired\":true,\"valueName\":\"search_term_string\"}}],\"inLanguage\":\"pt-BR\"},{\"@type\":\"Organization\",\"@id\":\"https:\\\/\\\/redenoticiaz.com.br\\\/ribeiraopreto-regiao\\\/#organization\",\"name\":\"Ribeir\u00e3o Preto e Regi\u00e3o\",\"url\":\"https:\\\/\\\/redenoticiaz.com.br\\\/ribeiraopreto-regiao\\\/\",\"logo\":{\"@type\":\"ImageObject\",\"inLanguage\":\"pt-BR\",\"@id\":\"https:\\\/\\\/redenoticiaz.com.br\\\/ribeiraopreto-regiao\\\/#\\\/schema\\\/logo\\\/image\\\/\",\"url\":\"https:\\\/\\\/redenoticiaz.com.br\\\/barretos-regiao\\\/wp-content\\\/uploads\\\/sites\\\/4\\\/2022\\\/02\\\/logo.jpg\",\"contentUrl\":\"https:\\\/\\\/redenoticiaz.com.br\\\/barretos-regiao\\\/wp-content\\\/uploads\\\/sites\\\/4\\\/2022\\\/02\\\/logo.jpg\",\"width\":400,\"height\":250,\"caption\":\"Ribeir\u00e3o Preto e Regi\u00e3o\"},\"image\":{\"@id\":\"https:\\\/\\\/redenoticiaz.com.br\\\/ribeiraopreto-regiao\\\/#\\\/schema\\\/logo\\\/image\\\/\"},\"sameAs\":[\"https:\\\/\\\/m.facebook.com\\\/redenoticiaz.barretos\",\"https:\\\/\\\/x.com\\\/RN_barretos\",\"https:\\\/\\\/www.instagram.com\\\/redenoticiaz.barretos\\\/?igshid=YmMyMTA2M2Y\",\"https:\\\/\\\/www.linkedin.com\\\/company\\\/rede-noticiaz-barretos-e-regio\\\/\"]},{\"@type\":\"Person\",\"@id\":\"https:\\\/\\\/redenoticiaz.com.br\\\/ribeiraopreto-regiao\\\/#\\\/schema\\\/person\\\/0f0b8a5bdafefe82841e07ae8d81ecb3\",\"name\":\"Leonardo Francisco\",\"image\":{\"@type\":\"ImageObject\",\"inLanguage\":\"pt-BR\",\"@id\":\"https:\\\/\\\/secure.gravatar.com\\\/avatar\\\/a7358cb406a99b682ec6df1e77e31ae82e63601f6784e8a3df411d72b37864da?s=96&d=mm&r=g\",\"url\":\"https:\\\/\\\/secure.gravatar.com\\\/avatar\\\/a7358cb406a99b682ec6df1e77e31ae82e63601f6784e8a3df411d72b37864da?s=96&d=mm&r=g\",\"contentUrl\":\"https:\\\/\\\/secure.gravatar.com\\\/avatar\\\/a7358cb406a99b682ec6df1e77e31ae82e63601f6784e8a3df411d72b37864da?s=96&d=mm&r=g\",\"caption\":\"Leonardo Francisco\"},\"url\":\"https:\\\/\\\/redenoticiaz.com.br\\\/ribeiraopreto-regiao\\\/sp\\\/author\\\/leonardo-francisco\"}]}<\/script>\n<!-- \/ Yoast SEO plugin. -->","yoast_head_json":{"title":"Ponte Preta e Novorizontino garantem vagas na elite do Paulist\u00e3o 2024 - Ribeir\u00e3o Preto e Regi\u00e3o","description":"O Campeonato Paulista de 2024 j\u00e1 conhece os dois novos integrantes. Ponte Preta e Novorizontino conseguiram as classifica\u00e7\u00f5es","robots":{"index":"index","follow":"follow","max-snippet":"max-snippet:-1","max-image-preview":"max-image-preview:large","max-video-preview":"max-video-preview:-1"},"canonical":"https:\/\/redenoticiaz.com.br\/ribeiraopreto-regiao\/sp\/2023\/04\/03\/ponte-preta-e-novorizontino-garantem-vagas-na-elite-do-paulistao-2024","og_locale":"pt_BR","og_type":"article","og_title":"Ponte Preta e Novorizontino garantem vagas na elite do Paulist\u00e3o 2024 - Ribeir\u00e3o Preto e Regi\u00e3o","og_description":"O Campeonato Paulista de 2024 j\u00e1 conhece os dois novos integrantes. Ponte Preta e Novorizontino conseguiram as classifica\u00e7\u00f5es","og_url":"https:\/\/redenoticiaz.com.br\/ribeiraopreto-regiao\/sp\/2023\/04\/03\/ponte-preta-e-novorizontino-garantem-vagas-na-elite-do-paulistao-2024","og_site_name":"Ribeir\u00e3o Preto e Regi\u00e3o","article_publisher":"https:\/\/m.facebook.com\/redenoticiaz.barretos","article_published_time":"2023-04-03T11:10:40+00:00","og_image":[{"width":400,"height":250,"url":"https:\/\/redenoticiaz.com.br\/ribeiraopreto-regiao\/wp-content\/uploads\/sites\/4\/2022\/02\/logo.jpg","type":"image\/jpeg"}],"author":"Leonardo Francisco","twitter_card":"summary_large_image","twitter_creator":"@RN_barretos","twitter_site":"@RN_barretos","twitter_misc":{"Escrito por":"Leonardo Francisco","Est. tempo de leitura":"2 minutos"},"schema":{"@context":"https:\/\/schema.org","@graph":[{"@type":"Article","@id":"https:\/\/redenoticiaz.com.br\/ribeiraopreto-regiao\/sp\/2023\/04\/03\/ponte-preta-e-novorizontino-garantem-vagas-na-elite-do-paulistao-2024#article","isPartOf":{"@id":"https:\/\/redenoticiaz.com.br\/ribeiraopreto-regiao\/sp\/2023\/04\/03\/ponte-preta-e-novorizontino-garantem-vagas-na-elite-do-paulistao-2024"},"author":{"name":"Leonardo Francisco","@id":"https:\/\/redenoticiaz.com.br\/ribeiraopreto-regiao\/#\/schema\/person\/0f0b8a5bdafefe82841e07ae8d81ecb3"},"headline":"Ponte Preta e Novorizontino garantem vagas na elite do Paulist\u00e3o 2024","datePublished":"2023-04-03T11:10:40+00:00","mainEntityOfPage":{"@id":"https:\/\/redenoticiaz.com.br\/ribeiraopreto-regiao\/sp\/2023\/04\/03\/ponte-preta-e-novorizontino-garantem-vagas-na-elite-do-paulistao-2024"},"wordCount":339,"commentCount":0,"publisher":{"@id":"https:\/\/redenoticiaz.com.br\/ribeiraopreto-regiao\/#organization"},"image":{"@id":"https:\/\/redenoticiaz.com.br\/ribeiraopreto-regiao\/sp\/2023\/04\/03\/ponte-preta-e-novorizontino-garantem-vagas-na-elite-do-paulistao-2024#primaryimage"},"thumbnailUrl":"https:\/\/redenoticiaz.com.br\/ribeiraopreto-regiao\/wp-content\/uploads\/sites\/4\/2023\/04\/PONTE-CLASSIFICADA.jpg?v=1680519997","keywords":["ACESSO \u00c0 ELITE","CAMPEONATO PAULISTA A2","NOVORIZONTINO","PAULIST\u00c3O A2","Ponte Preta"],"articleSection":["Esporte"],"inLanguage":"pt-BR","potentialAction":[{"@type":"CommentAction","name":"Comment","target":["https:\/\/redenoticiaz.com.br\/ribeiraopreto-regiao\/sp\/2023\/04\/03\/ponte-preta-e-novorizontino-garantem-vagas-na-elite-do-paulistao-2024#respond"]}]},{"@type":"WebPage","@id":"https:\/\/redenoticiaz.com.br\/ribeiraopreto-regiao\/sp\/2023\/04\/03\/ponte-preta-e-novorizontino-garantem-vagas-na-elite-do-paulistao-2024","url":"https:\/\/redenoticiaz.com.br\/ribeiraopreto-regiao\/sp\/2023\/04\/03\/ponte-preta-e-novorizontino-garantem-vagas-na-elite-do-paulistao-2024","name":"Ponte Preta e Novorizontino garantem vagas na elite do Paulist\u00e3o 2024 - Ribeir\u00e3o Preto e Regi\u00e3o","isPartOf":{"@id":"https:\/\/redenoticiaz.com.br\/ribeiraopreto-regiao\/#website"},"primaryImageOfPage":{"@id":"https:\/\/redenoticiaz.com.br\/ribeiraopreto-regiao\/sp\/2023\/04\/03\/ponte-preta-e-novorizontino-garantem-vagas-na-elite-do-paulistao-2024#primaryimage"},"image":{"@id":"https:\/\/redenoticiaz.com.br\/ribeiraopreto-regiao\/sp\/2023\/04\/03\/ponte-preta-e-novorizontino-garantem-vagas-na-elite-do-paulistao-2024#primaryimage"},"thumbnailUrl":"https:\/\/redenoticiaz.com.br\/ribeiraopreto-regiao\/wp-content\/uploads\/sites\/4\/2023\/04\/PONTE-CLASSIFICADA.jpg?v=1680519997","datePublished":"2023-04-03T11:10:40+00:00","description":"O Campeonato Paulista de 2024 j\u00e1 conhece os dois novos integrantes. Ponte Preta e Novorizontino conseguiram as classifica\u00e7\u00f5es","inLanguage":"pt-BR","potentialAction":[{"@type":"ReadAction","target":["https:\/\/redenoticiaz.com.br\/ribeiraopreto-regiao\/sp\/2023\/04\/03\/ponte-preta-e-novorizontino-garantem-vagas-na-elite-do-paulistao-2024"]}]},{"@type":"ImageObject","inLanguage":"pt-BR","@id":"https:\/\/redenoticiaz.com.br\/ribeiraopreto-regiao\/sp\/2023\/04\/03\/ponte-preta-e-novorizontino-garantem-vagas-na-elite-do-paulistao-2024#primaryimage","url":"https:\/\/redenoticiaz.com.br\/ribeiraopreto-regiao\/wp-content\/uploads\/sites\/4\/2023\/04\/PONTE-CLASSIFICADA.jpg?v=1680519997","contentUrl":"https:\/\/redenoticiaz.com.br\/ribeiraopreto-regiao\/wp-content\/uploads\/sites\/4\/2023\/04\/PONTE-CLASSIFICADA.jpg?v=1680519997","width":574,"height":318,"caption":"Ambas as equipes voltam ap\u00f3s ca\u00edrem na temporada passada. Cr\u00e9ditos: Reprodu\u00e7\u00e3o"},{"@type":"WebSite","@id":"https:\/\/redenoticiaz.com.br\/ribeiraopreto-regiao\/#website","url":"https:\/\/redenoticiaz.com.br\/ribeiraopreto-regiao\/","name":"Ribeir\u00e3o Preto e Regi\u00e3o","description":"Rede NoticiaZ - Ribeir\u00e3o Preto e regi\u00e3o","publisher":{"@id":"https:\/\/redenoticiaz.com.br\/ribeiraopreto-regiao\/#organization"},"potentialAction":[{"@type":"SearchAction","target":{"@type":"EntryPoint","urlTemplate":"https:\/\/redenoticiaz.com.br\/ribeiraopreto-regiao\/?s={search_term_string}"},"query-input":{"@type":"PropertyValueSpecification","valueRequired":true,"valueName":"search_term_string"}}],"inLanguage":"pt-BR"},{"@type":"Organization","@id":"https:\/\/redenoticiaz.com.br\/ribeiraopreto-regiao\/#organization","name":"Ribeir\u00e3o Preto e Regi\u00e3o","url":"https:\/\/redenoticiaz.com.br\/ribeiraopreto-regiao\/","logo":{"@type":"ImageObject","inLanguage":"pt-BR","@id":"https:\/\/redenoticiaz.com.br\/ribeiraopreto-regiao\/#\/schema\/logo\/image\/","url":"https:\/\/redenoticiaz.com.br\/barretos-regiao\/wp-content\/uploads\/sites\/4\/2022\/02\/logo.jpg","contentUrl":"https:\/\/redenoticiaz.com.br\/barretos-regiao\/wp-content\/uploads\/sites\/4\/2022\/02\/logo.jpg","width":400,"height":250,"caption":"Ribeir\u00e3o Preto e Regi\u00e3o"},"image":{"@id":"https:\/\/redenoticiaz.com.br\/ribeiraopreto-regiao\/#\/schema\/logo\/image\/"},"sameAs":["https:\/\/m.facebook.com\/redenoticiaz.barretos","https:\/\/x.com\/RN_barretos","https:\/\/www.instagram.com\/redenoticiaz.barretos\/?igshid=YmMyMTA2M2Y","https:\/\/www.linkedin.com\/company\/rede-noticiaz-barretos-e-regio\/"]},{"@type":"Person","@id":"https:\/\/redenoticiaz.com.br\/ribeiraopreto-regiao\/#\/schema\/person\/0f0b8a5bdafefe82841e07ae8d81ecb3","name":"Leonardo Francisco","image":{"@type":"ImageObject","inLanguage":"pt-BR","@id":"https:\/\/secure.gravatar.com\/avatar\/a7358cb406a99b682ec6df1e77e31ae82e63601f6784e8a3df411d72b37864da?s=96&d=mm&r=g","url":"https:\/\/secure.gravatar.com\/avatar\/a7358cb406a99b682ec6df1e77e31ae82e63601f6784e8a3df411d72b37864da?s=96&d=mm&r=g","contentUrl":"https:\/\/secure.gravatar.com\/avatar\/a7358cb406a99b682ec6df1e77e31ae82e63601f6784e8a3df411d72b37864da?s=96&d=mm&r=g","caption":"Leonardo Francisco"},"url":"https:\/\/redenoticiaz.com.br\/ribeiraopreto-regiao\/sp\/author\/leonardo-francisco"}]}},"_links":{"self":[{"href":"https:\/\/redenoticiaz.com.br\/ribeiraopreto-regiao\/wp-json\/wp\/v2\/posts\/103160","targetHints":{"allow":["GET"]}}],"collection":[{"href":"https:\/\/redenoticiaz.com.br\/ribeiraopreto-regiao\/wp-json\/wp\/v2\/posts"}],"about":[{"href":"https:\/\/redenoticiaz.com.br\/ribeiraopreto-regiao\/wp-json\/wp\/v2\/types\/post"}],"author":[{"embeddable":true,"href":"https:\/\/redenoticiaz.com.br\/ribeiraopreto-regiao\/wp-json\/wp\/v2\/users\/6"}],"replies":[{"embeddable":true,"href":"https:\/\/redenoticiaz.com.br\/ribeiraopreto-regiao\/wp-json\/wp\/v2\/comments?post=103160"}],"version-history":[{"count":1,"href":"https:\/\/redenoticiaz.com.br\/ribeiraopreto-regiao\/wp-json\/wp\/v2\/posts\/103160\/revisions"}],"predecessor-version":[{"id":103163,"href":"https:\/\/redenoticiaz.com.br\/ribeiraopreto-regiao\/wp-json\/wp\/v2\/posts\/103160\/revisions\/103163"}],"wp:featuredmedia":[{"embeddable":true,"href":"https:\/\/redenoticiaz.com.br\/ribeiraopreto-regiao\/wp-json\/wp\/v2\/media\/103162"}],"wp:attachment":[{"href":"https:\/\/redenoticiaz.com.br\/ribeiraopreto-regiao\/wp-json\/wp\/v2\/media?parent=103160"}],"wp:term":[{"taxonomy":"category","embeddable":true,"href":"https:\/\/redenoticiaz.com.br\/ribeiraopreto-regiao\/wp-json\/wp\/v2\/categories?post=103160"},{"taxonomy":"post_tag","embeddable":true,"href":"https:\/\/redenoticiaz.com.br\/ribeiraopreto-regiao\/wp-json\/wp\/v2\/tags?post=103160"}],"curies":[{"name":"wp","href":"https:\/\/api.w.org\/{rel}","templated":true}]}}