{"id":103190,"date":"2023-04-03T15:25:01","date_gmt":"2023-04-03T18:25:01","guid":{"rendered":"https:\/\/redenoticiaz.com.br\/barretos-regiao\/?p=103190"},"modified":"2023-04-03T15:25:01","modified_gmt":"2023-04-03T18:25:01","slug":"professores-recebem-formacao-para-uso-do-novo-material-didatico-da-rede-municipal","status":"publish","type":"post","link":"https:\/\/redenoticiaz.com.br\/ribeiraopreto-regiao\/sp\/2023\/04\/03\/professores-recebem-formacao-para-uso-do-novo-material-didatico-da-rede-municipal","title":{"rendered":"Professores recebem forma\u00e7\u00e3o para uso do novo material did\u00e1tico da rede municipal"},"content":{"rendered":"<p class=\"v1MsoNormal\"><span style=\"font-family: arial, sans-serif\">A rede municipal de ensino da Est\u00e2ncia Tur\u00edstica de Ol\u00edmpia est\u00e1 com um novo material did\u00e1tico e, para iniciar a aplica\u00e7\u00e3o dos novos recursos e aprimorar a aprendizagem dos alunos, os professores est\u00e3o passando por forma\u00e7\u00e3o nesta semana.<\/span><\/p>\n<p class=\"v1MsoNormal\"><span style=\"font-family: arial, sans-serif\">Segundo o cronograma da secretaria de Educa\u00e7\u00e3o, a capacita\u00e7\u00e3o ser\u00e1 realizada entre os dias 03 e 06 de abril, dividida por ciclos, de acordo com cada modalidade de ensino. Na manh\u00e3 desta segunda (03), houve a abertura da primeira turma de forma\u00e7\u00e3o, na EMEB Theodomiro da Silva Melo, com a presen\u00e7a da secret\u00e1ria de Educa\u00e7\u00e3o, Maria Cl\u00e1udia Padilha.<\/span><\/p>\n<p class=\"v1MsoNormal\"><span style=\"font-family: arial, sans-serif\">A Implanta\u00e7\u00e3o do Sistema de Ensino &#8220;Trilhas&#8221;, da FTD Educa\u00e7\u00e3o, considerada a mais completa editora de livros did\u00e1ticos do Brasil, \u00e9 uma iniciativa do munic\u00edpio, atendendo proposta do prefeito Fernando Cunha de modernizar a metodologia e atualizar os conte\u00fados, tendo em vista que o material atual vem sendo usado h\u00e1 quase 15 anos.<\/span><\/p>\n<p class=\"v1MsoNormal\"><span style=\"font-family: arial, sans-serif\">O novo material, que se destaca por seu uso em institui\u00e7\u00f5es particulares de todo o pa\u00eds, chega para fortalecer a metodologia de ensino e a aprendizagem com conte\u00fados que integram conhecimentos e forma\u00e7\u00e3o de valores aos recursos impressos e digitais, com o objetivo de estabelecer um processo de ensino din\u00e2mico, preparando os alunos n\u00e3o apenas para os desafios da vida acad\u00eamica, mas tamb\u00e9m formar cidad\u00e3os conscientes e atuantes.<\/span><\/p>\n<p class=\"v1MsoNormal\"><span style=\"font-family: arial, sans-serif\">Al\u00e9m disso, a mudan\u00e7a acompanha os investimentos que t\u00eam sido realizados na Educa\u00e7\u00e3o, principalmente, com a explora\u00e7\u00e3o dos recursos tecnol\u00f3gicos, como a aquisi\u00e7\u00e3o de tablets e, agora, das mesinhas digitais, buscando oferecer aos alunos uma imers\u00e3o maior e mais adequada ao universo em que vivem, aliando o estudo \u00e0 conviv\u00eancia em sociedade.<\/span><\/p>\n<p class=\"v1MsoNormal\"><span style=\"font-family: arial, sans-serif\">A inten\u00e7\u00e3o do munic\u00edpio \u00e9 tamb\u00e9m de que com as escolas e os alunos ainda mais preparados, haja melhoria do desempenho de Ol\u00edmpia em avalia\u00e7\u00f5es e \u00edndices importantes da educa\u00e7\u00e3o, como Saeb, Ideb, Saresp, entre outros, elevando a qualidade do ensino b\u00e1sico como um todo na cidade.<\/span><\/p>\n<div>VEJA TAMB\u00c9M:\u00a0<a href=\"https:\/\/redenoticiaz.com.br\/barretos-regiao\/sp\/2023\/03\/27\/policia-investiga-caso-de-vitima-internada-com-queimaduras\">Pol\u00edcia investiga caso de v\u00edtima internada com queimaduras<\/a><\/div>\n","protected":false},"excerpt":{"rendered":"<p>A rede municipal de ensino da Est\u00e2ncia Tur\u00edstica de Ol\u00edmpia est\u00e1 com um novo material did\u00e1tico e, para iniciar a aplica\u00e7\u00e3o dos novos recursos e aprimorar a aprendizagem dos alunos, os professores est\u00e3o passando por forma\u00e7\u00e3o nesta semana. Segundo o cronograma da secretaria de Educa\u00e7\u00e3o, a capacita\u00e7\u00e3o ser\u00e1 realizada entre os dias 03 e 06 &hellip;<\/p>\n","protected":false},"author":15,"featured_media":103191,"comment_status":"open","ping_status":"closed","sticky":false,"template":"","format":"standard","meta":{"footnotes":""},"categories":[820,1561],"tags":[943,2204,26127,2651,18604],"class_list":["post-103190","post","type-post","status-publish","format-standard","has-post-thumbnail","hentry","category-educacao","category-tecnologia","tag-educacao","tag-formacao","tag-novo-material","tag-professores","tag-rede-municipal"],"yoast_head":"<!-- This site is optimized with the Yoast SEO plugin v27.4 - https:\/\/yoast.com\/product\/yoast-seo-wordpress\/ -->\n<title>Professores recebem forma\u00e7\u00e3o para uso do novo material did\u00e1tico da rede municipal - Ribeir\u00e3o Preto e Regi\u00e3o<\/title>\n<meta name=\"description\" content=\"Ol\u00edmpia est\u00e1 com um novo material did\u00e1tico e, para iniciar a aplica\u00e7\u00e3o dos novos recursos e aprimorar a aprendizagem dos alunos\" \/>\n<meta name=\"robots\" content=\"index, follow, max-snippet:-1, max-image-preview:large, max-video-preview:-1\" \/>\n<link rel=\"canonical\" href=\"https:\/\/redenoticiaz.com.br\/ribeiraopreto-regiao\/sp\/2023\/04\/03\/professores-recebem-formacao-para-uso-do-novo-material-didatico-da-rede-municipal\" \/>\n<meta property=\"og:locale\" content=\"pt_BR\" \/>\n<meta property=\"og:type\" content=\"article\" \/>\n<meta property=\"og:title\" content=\"Professores recebem forma\u00e7\u00e3o para uso do novo material did\u00e1tico da rede municipal - Ribeir\u00e3o Preto e Regi\u00e3o\" \/>\n<meta property=\"og:description\" content=\"Ol\u00edmpia est\u00e1 com um novo material did\u00e1tico e, para iniciar a aplica\u00e7\u00e3o dos novos recursos e aprimorar a aprendizagem dos alunos\" \/>\n<meta property=\"og:url\" content=\"https:\/\/redenoticiaz.com.br\/ribeiraopreto-regiao\/sp\/2023\/04\/03\/professores-recebem-formacao-para-uso-do-novo-material-didatico-da-rede-municipal\" \/>\n<meta property=\"og:site_name\" content=\"Ribeir\u00e3o Preto e Regi\u00e3o\" \/>\n<meta property=\"article:publisher\" content=\"https:\/\/m.facebook.com\/redenoticiaz.barretos\" \/>\n<meta property=\"article:published_time\" content=\"2023-04-03T18:25:01+00:00\" \/>\n<meta property=\"og:image\" content=\"https:\/\/redenoticiaz.com.br\/ribeiraopreto-regiao\/wp-content\/uploads\/sites\/4\/2023\/04\/Formacao-Novo-Material-3-scaled.jpg\" \/>\n\t<meta property=\"og:image:width\" content=\"1920\" \/>\n\t<meta property=\"og:image:height\" content=\"1080\" \/>\n\t<meta property=\"og:image:type\" content=\"image\/jpeg\" \/>\n<meta name=\"twitter:card\" content=\"summary_large_image\" \/>\n<meta name=\"twitter:creator\" content=\"@RN_barretos\" \/>\n<meta name=\"twitter:site\" content=\"@RN_barretos\" \/>\n<meta name=\"twitter:label1\" content=\"Escrito por\" \/>\n\t<meta name=\"twitter:data1\" content=\"\" \/>\n\t<meta name=\"twitter:label2\" content=\"Est. tempo de leitura\" \/>\n\t<meta name=\"twitter:data2\" content=\"2 minutos\" \/>\n<script type=\"application\/ld+json\" class=\"yoast-schema-graph\">{\"@context\":\"https:\\\/\\\/schema.org\",\"@graph\":[{\"@type\":\"Article\",\"@id\":\"https:\\\/\\\/redenoticiaz.com.br\\\/ribeiraopreto-regiao\\\/sp\\\/2023\\\/04\\\/03\\\/professores-recebem-formacao-para-uso-do-novo-material-didatico-da-rede-municipal#article\",\"isPartOf\":{\"@id\":\"https:\\\/\\\/redenoticiaz.com.br\\\/ribeiraopreto-regiao\\\/sp\\\/2023\\\/04\\\/03\\\/professores-recebem-formacao-para-uso-do-novo-material-didatico-da-rede-municipal\"},\"author\":{\"name\":\"\",\"@id\":\"\"},\"headline\":\"Professores recebem forma\u00e7\u00e3o para uso do novo material did\u00e1tico da rede municipal\",\"datePublished\":\"2023-04-03T18:25:01+00:00\",\"mainEntityOfPage\":{\"@id\":\"https:\\\/\\\/redenoticiaz.com.br\\\/ribeiraopreto-regiao\\\/sp\\\/2023\\\/04\\\/03\\\/professores-recebem-formacao-para-uso-do-novo-material-didatico-da-rede-municipal\"},\"wordCount\":380,\"commentCount\":0,\"publisher\":{\"@id\":\"https:\\\/\\\/redenoticiaz.com.br\\\/ribeiraopreto-regiao\\\/#organization\"},\"image\":{\"@id\":\"https:\\\/\\\/redenoticiaz.com.br\\\/ribeiraopreto-regiao\\\/sp\\\/2023\\\/04\\\/03\\\/professores-recebem-formacao-para-uso-do-novo-material-didatico-da-rede-municipal#primaryimage\"},\"thumbnailUrl\":\"https:\\\/\\\/redenoticiaz.com.br\\\/ribeiraopreto-regiao\\\/wp-content\\\/uploads\\\/sites\\\/4\\\/2023\\\/04\\\/Formacao-Novo-Material-3-scaled.jpg\",\"keywords\":[\"educa\u00e7\u00e3o\",\"FORMA\u00c7\u00c3O\",\"novo material\",\"professores\",\"REDE MUNICIPAL\"],\"articleSection\":[\"Educa\u00e7\u00e3o\",\"Tecnologia\"],\"inLanguage\":\"pt-BR\",\"potentialAction\":[{\"@type\":\"CommentAction\",\"name\":\"Comment\",\"target\":[\"https:\\\/\\\/redenoticiaz.com.br\\\/ribeiraopreto-regiao\\\/sp\\\/2023\\\/04\\\/03\\\/professores-recebem-formacao-para-uso-do-novo-material-didatico-da-rede-municipal#respond\"]}]},{\"@type\":\"WebPage\",\"@id\":\"https:\\\/\\\/redenoticiaz.com.br\\\/ribeiraopreto-regiao\\\/sp\\\/2023\\\/04\\\/03\\\/professores-recebem-formacao-para-uso-do-novo-material-didatico-da-rede-municipal\",\"url\":\"https:\\\/\\\/redenoticiaz.com.br\\\/ribeiraopreto-regiao\\\/sp\\\/2023\\\/04\\\/03\\\/professores-recebem-formacao-para-uso-do-novo-material-didatico-da-rede-municipal\",\"name\":\"Professores recebem forma\u00e7\u00e3o para uso do novo material did\u00e1tico da rede municipal - Ribeir\u00e3o Preto e Regi\u00e3o\",\"isPartOf\":{\"@id\":\"https:\\\/\\\/redenoticiaz.com.br\\\/ribeiraopreto-regiao\\\/#website\"},\"primaryImageOfPage\":{\"@id\":\"https:\\\/\\\/redenoticiaz.com.br\\\/ribeiraopreto-regiao\\\/sp\\\/2023\\\/04\\\/03\\\/professores-recebem-formacao-para-uso-do-novo-material-didatico-da-rede-municipal#primaryimage\"},\"image\":{\"@id\":\"https:\\\/\\\/redenoticiaz.com.br\\\/ribeiraopreto-regiao\\\/sp\\\/2023\\\/04\\\/03\\\/professores-recebem-formacao-para-uso-do-novo-material-didatico-da-rede-municipal#primaryimage\"},\"thumbnailUrl\":\"https:\\\/\\\/redenoticiaz.com.br\\\/ribeiraopreto-regiao\\\/wp-content\\\/uploads\\\/sites\\\/4\\\/2023\\\/04\\\/Formacao-Novo-Material-3-scaled.jpg\",\"datePublished\":\"2023-04-03T18:25:01+00:00\",\"description\":\"Ol\u00edmpia est\u00e1 com um novo material did\u00e1tico e, para iniciar a aplica\u00e7\u00e3o dos novos recursos e aprimorar a aprendizagem dos alunos\",\"inLanguage\":\"pt-BR\",\"potentialAction\":[{\"@type\":\"ReadAction\",\"target\":[\"https:\\\/\\\/redenoticiaz.com.br\\\/ribeiraopreto-regiao\\\/sp\\\/2023\\\/04\\\/03\\\/professores-recebem-formacao-para-uso-do-novo-material-didatico-da-rede-municipal\"]}]},{\"@type\":\"ImageObject\",\"inLanguage\":\"pt-BR\",\"@id\":\"https:\\\/\\\/redenoticiaz.com.br\\\/ribeiraopreto-regiao\\\/sp\\\/2023\\\/04\\\/03\\\/professores-recebem-formacao-para-uso-do-novo-material-didatico-da-rede-municipal#primaryimage\",\"url\":\"https:\\\/\\\/redenoticiaz.com.br\\\/ribeiraopreto-regiao\\\/wp-content\\\/uploads\\\/sites\\\/4\\\/2023\\\/04\\\/Formacao-Novo-Material-3-scaled.jpg\",\"contentUrl\":\"https:\\\/\\\/redenoticiaz.com.br\\\/ribeiraopreto-regiao\\\/wp-content\\\/uploads\\\/sites\\\/4\\\/2023\\\/04\\\/Formacao-Novo-Material-3-scaled.jpg\",\"width\":1920,\"height\":1080,\"caption\":\"Cr\u00e9dito: Divulga\u00e7\u00e3o\"},{\"@type\":\"WebSite\",\"@id\":\"https:\\\/\\\/redenoticiaz.com.br\\\/ribeiraopreto-regiao\\\/#website\",\"url\":\"https:\\\/\\\/redenoticiaz.com.br\\\/ribeiraopreto-regiao\\\/\",\"name\":\"Ribeir\u00e3o Preto e Regi\u00e3o\",\"description\":\"Rede NoticiaZ - Ribeir\u00e3o Preto e regi\u00e3o\",\"publisher\":{\"@id\":\"https:\\\/\\\/redenoticiaz.com.br\\\/ribeiraopreto-regiao\\\/#organization\"},\"potentialAction\":[{\"@type\":\"SearchAction\",\"target\":{\"@type\":\"EntryPoint\",\"urlTemplate\":\"https:\\\/\\\/redenoticiaz.com.br\\\/ribeiraopreto-regiao\\\/?s={search_term_string}\"},\"query-input\":{\"@type\":\"PropertyValueSpecification\",\"valueRequired\":true,\"valueName\":\"search_term_string\"}}],\"inLanguage\":\"pt-BR\"},{\"@type\":\"Organization\",\"@id\":\"https:\\\/\\\/redenoticiaz.com.br\\\/ribeiraopreto-regiao\\\/#organization\",\"name\":\"Ribeir\u00e3o Preto e Regi\u00e3o\",\"url\":\"https:\\\/\\\/redenoticiaz.com.br\\\/ribeiraopreto-regiao\\\/\",\"logo\":{\"@type\":\"ImageObject\",\"inLanguage\":\"pt-BR\",\"@id\":\"https:\\\/\\\/redenoticiaz.com.br\\\/ribeiraopreto-regiao\\\/#\\\/schema\\\/logo\\\/image\\\/\",\"url\":\"https:\\\/\\\/redenoticiaz.com.br\\\/barretos-regiao\\\/wp-content\\\/uploads\\\/sites\\\/4\\\/2022\\\/02\\\/logo.jpg\",\"contentUrl\":\"https:\\\/\\\/redenoticiaz.com.br\\\/barretos-regiao\\\/wp-content\\\/uploads\\\/sites\\\/4\\\/2022\\\/02\\\/logo.jpg\",\"width\":400,\"height\":250,\"caption\":\"Ribeir\u00e3o Preto e Regi\u00e3o\"},\"image\":{\"@id\":\"https:\\\/\\\/redenoticiaz.com.br\\\/ribeiraopreto-regiao\\\/#\\\/schema\\\/logo\\\/image\\\/\"},\"sameAs\":[\"https:\\\/\\\/m.facebook.com\\\/redenoticiaz.barretos\",\"https:\\\/\\\/x.com\\\/RN_barretos\",\"https:\\\/\\\/www.instagram.com\\\/redenoticiaz.barretos\\\/?igshid=YmMyMTA2M2Y\",\"https:\\\/\\\/www.linkedin.com\\\/company\\\/rede-noticiaz-barretos-e-regio\\\/\"]},{\"@type\":\"Person\",\"@id\":\"\",\"url\":\"https:\\\/\\\/redenoticiaz.com.br\\\/ribeiraopreto-regiao\\\/sp\\\/author\"}]}<\/script>\n<!-- \/ Yoast SEO plugin. -->","yoast_head_json":{"title":"Professores recebem forma\u00e7\u00e3o para uso do novo material did\u00e1tico da rede municipal - Ribeir\u00e3o Preto e Regi\u00e3o","description":"Ol\u00edmpia est\u00e1 com um novo material did\u00e1tico e, para iniciar a aplica\u00e7\u00e3o dos novos recursos e aprimorar a aprendizagem dos alunos","robots":{"index":"index","follow":"follow","max-snippet":"max-snippet:-1","max-image-preview":"max-image-preview:large","max-video-preview":"max-video-preview:-1"},"canonical":"https:\/\/redenoticiaz.com.br\/ribeiraopreto-regiao\/sp\/2023\/04\/03\/professores-recebem-formacao-para-uso-do-novo-material-didatico-da-rede-municipal","og_locale":"pt_BR","og_type":"article","og_title":"Professores recebem forma\u00e7\u00e3o para uso do novo material did\u00e1tico da rede municipal - Ribeir\u00e3o Preto e Regi\u00e3o","og_description":"Ol\u00edmpia est\u00e1 com um novo material did\u00e1tico e, para iniciar a aplica\u00e7\u00e3o dos novos recursos e aprimorar a aprendizagem dos alunos","og_url":"https:\/\/redenoticiaz.com.br\/ribeiraopreto-regiao\/sp\/2023\/04\/03\/professores-recebem-formacao-para-uso-do-novo-material-didatico-da-rede-municipal","og_site_name":"Ribeir\u00e3o Preto e Regi\u00e3o","article_publisher":"https:\/\/m.facebook.com\/redenoticiaz.barretos","article_published_time":"2023-04-03T18:25:01+00:00","og_image":[{"width":1920,"height":1080,"url":"https:\/\/redenoticiaz.com.br\/ribeiraopreto-regiao\/wp-content\/uploads\/sites\/4\/2023\/04\/Formacao-Novo-Material-3-scaled.jpg","type":"image\/jpeg"}],"twitter_card":"summary_large_image","twitter_creator":"@RN_barretos","twitter_site":"@RN_barretos","twitter_misc":{"Escrito por":"","Est. tempo de leitura":"2 minutos"},"schema":{"@context":"https:\/\/schema.org","@graph":[{"@type":"Article","@id":"https:\/\/redenoticiaz.com.br\/ribeiraopreto-regiao\/sp\/2023\/04\/03\/professores-recebem-formacao-para-uso-do-novo-material-didatico-da-rede-municipal#article","isPartOf":{"@id":"https:\/\/redenoticiaz.com.br\/ribeiraopreto-regiao\/sp\/2023\/04\/03\/professores-recebem-formacao-para-uso-do-novo-material-didatico-da-rede-municipal"},"author":{"name":"","@id":""},"headline":"Professores recebem forma\u00e7\u00e3o para uso do novo material did\u00e1tico da rede municipal","datePublished":"2023-04-03T18:25:01+00:00","mainEntityOfPage":{"@id":"https:\/\/redenoticiaz.com.br\/ribeiraopreto-regiao\/sp\/2023\/04\/03\/professores-recebem-formacao-para-uso-do-novo-material-didatico-da-rede-municipal"},"wordCount":380,"commentCount":0,"publisher":{"@id":"https:\/\/redenoticiaz.com.br\/ribeiraopreto-regiao\/#organization"},"image":{"@id":"https:\/\/redenoticiaz.com.br\/ribeiraopreto-regiao\/sp\/2023\/04\/03\/professores-recebem-formacao-para-uso-do-novo-material-didatico-da-rede-municipal#primaryimage"},"thumbnailUrl":"https:\/\/redenoticiaz.com.br\/ribeiraopreto-regiao\/wp-content\/uploads\/sites\/4\/2023\/04\/Formacao-Novo-Material-3-scaled.jpg","keywords":["educa\u00e7\u00e3o","FORMA\u00c7\u00c3O","novo material","professores","REDE MUNICIPAL"],"articleSection":["Educa\u00e7\u00e3o","Tecnologia"],"inLanguage":"pt-BR","potentialAction":[{"@type":"CommentAction","name":"Comment","target":["https:\/\/redenoticiaz.com.br\/ribeiraopreto-regiao\/sp\/2023\/04\/03\/professores-recebem-formacao-para-uso-do-novo-material-didatico-da-rede-municipal#respond"]}]},{"@type":"WebPage","@id":"https:\/\/redenoticiaz.com.br\/ribeiraopreto-regiao\/sp\/2023\/04\/03\/professores-recebem-formacao-para-uso-do-novo-material-didatico-da-rede-municipal","url":"https:\/\/redenoticiaz.com.br\/ribeiraopreto-regiao\/sp\/2023\/04\/03\/professores-recebem-formacao-para-uso-do-novo-material-didatico-da-rede-municipal","name":"Professores recebem forma\u00e7\u00e3o para uso do novo material did\u00e1tico da rede municipal - Ribeir\u00e3o Preto e Regi\u00e3o","isPartOf":{"@id":"https:\/\/redenoticiaz.com.br\/ribeiraopreto-regiao\/#website"},"primaryImageOfPage":{"@id":"https:\/\/redenoticiaz.com.br\/ribeiraopreto-regiao\/sp\/2023\/04\/03\/professores-recebem-formacao-para-uso-do-novo-material-didatico-da-rede-municipal#primaryimage"},"image":{"@id":"https:\/\/redenoticiaz.com.br\/ribeiraopreto-regiao\/sp\/2023\/04\/03\/professores-recebem-formacao-para-uso-do-novo-material-didatico-da-rede-municipal#primaryimage"},"thumbnailUrl":"https:\/\/redenoticiaz.com.br\/ribeiraopreto-regiao\/wp-content\/uploads\/sites\/4\/2023\/04\/Formacao-Novo-Material-3-scaled.jpg","datePublished":"2023-04-03T18:25:01+00:00","description":"Ol\u00edmpia est\u00e1 com um novo material did\u00e1tico e, para iniciar a aplica\u00e7\u00e3o dos novos recursos e aprimorar a aprendizagem dos alunos","inLanguage":"pt-BR","potentialAction":[{"@type":"ReadAction","target":["https:\/\/redenoticiaz.com.br\/ribeiraopreto-regiao\/sp\/2023\/04\/03\/professores-recebem-formacao-para-uso-do-novo-material-didatico-da-rede-municipal"]}]},{"@type":"ImageObject","inLanguage":"pt-BR","@id":"https:\/\/redenoticiaz.com.br\/ribeiraopreto-regiao\/sp\/2023\/04\/03\/professores-recebem-formacao-para-uso-do-novo-material-didatico-da-rede-municipal#primaryimage","url":"https:\/\/redenoticiaz.com.br\/ribeiraopreto-regiao\/wp-content\/uploads\/sites\/4\/2023\/04\/Formacao-Novo-Material-3-scaled.jpg","contentUrl":"https:\/\/redenoticiaz.com.br\/ribeiraopreto-regiao\/wp-content\/uploads\/sites\/4\/2023\/04\/Formacao-Novo-Material-3-scaled.jpg","width":1920,"height":1080,"caption":"Cr\u00e9dito: Divulga\u00e7\u00e3o"},{"@type":"WebSite","@id":"https:\/\/redenoticiaz.com.br\/ribeiraopreto-regiao\/#website","url":"https:\/\/redenoticiaz.com.br\/ribeiraopreto-regiao\/","name":"Ribeir\u00e3o Preto e Regi\u00e3o","description":"Rede NoticiaZ - Ribeir\u00e3o Preto e regi\u00e3o","publisher":{"@id":"https:\/\/redenoticiaz.com.br\/ribeiraopreto-regiao\/#organization"},"potentialAction":[{"@type":"SearchAction","target":{"@type":"EntryPoint","urlTemplate":"https:\/\/redenoticiaz.com.br\/ribeiraopreto-regiao\/?s={search_term_string}"},"query-input":{"@type":"PropertyValueSpecification","valueRequired":true,"valueName":"search_term_string"}}],"inLanguage":"pt-BR"},{"@type":"Organization","@id":"https:\/\/redenoticiaz.com.br\/ribeiraopreto-regiao\/#organization","name":"Ribeir\u00e3o Preto e Regi\u00e3o","url":"https:\/\/redenoticiaz.com.br\/ribeiraopreto-regiao\/","logo":{"@type":"ImageObject","inLanguage":"pt-BR","@id":"https:\/\/redenoticiaz.com.br\/ribeiraopreto-regiao\/#\/schema\/logo\/image\/","url":"https:\/\/redenoticiaz.com.br\/barretos-regiao\/wp-content\/uploads\/sites\/4\/2022\/02\/logo.jpg","contentUrl":"https:\/\/redenoticiaz.com.br\/barretos-regiao\/wp-content\/uploads\/sites\/4\/2022\/02\/logo.jpg","width":400,"height":250,"caption":"Ribeir\u00e3o Preto e Regi\u00e3o"},"image":{"@id":"https:\/\/redenoticiaz.com.br\/ribeiraopreto-regiao\/#\/schema\/logo\/image\/"},"sameAs":["https:\/\/m.facebook.com\/redenoticiaz.barretos","https:\/\/x.com\/RN_barretos","https:\/\/www.instagram.com\/redenoticiaz.barretos\/?igshid=YmMyMTA2M2Y","https:\/\/www.linkedin.com\/company\/rede-noticiaz-barretos-e-regio\/"]},{"@type":"Person","@id":"","url":"https:\/\/redenoticiaz.com.br\/ribeiraopreto-regiao\/sp\/author"}]}},"_links":{"self":[{"href":"https:\/\/redenoticiaz.com.br\/ribeiraopreto-regiao\/wp-json\/wp\/v2\/posts\/103190","targetHints":{"allow":["GET"]}}],"collection":[{"href":"https:\/\/redenoticiaz.com.br\/ribeiraopreto-regiao\/wp-json\/wp\/v2\/posts"}],"about":[{"href":"https:\/\/redenoticiaz.com.br\/ribeiraopreto-regiao\/wp-json\/wp\/v2\/types\/post"}],"author":[{"embeddable":true,"href":"https:\/\/redenoticiaz.com.br\/ribeiraopreto-regiao\/wp-json\/wp\/v2\/users\/15"}],"replies":[{"embeddable":true,"href":"https:\/\/redenoticiaz.com.br\/ribeiraopreto-regiao\/wp-json\/wp\/v2\/comments?post=103190"}],"version-history":[{"count":1,"href":"https:\/\/redenoticiaz.com.br\/ribeiraopreto-regiao\/wp-json\/wp\/v2\/posts\/103190\/revisions"}],"predecessor-version":[{"id":103192,"href":"https:\/\/redenoticiaz.com.br\/ribeiraopreto-regiao\/wp-json\/wp\/v2\/posts\/103190\/revisions\/103192"}],"wp:featuredmedia":[{"embeddable":true,"href":"https:\/\/redenoticiaz.com.br\/ribeiraopreto-regiao\/wp-json\/wp\/v2\/media\/103191"}],"wp:attachment":[{"href":"https:\/\/redenoticiaz.com.br\/ribeiraopreto-regiao\/wp-json\/wp\/v2\/media?parent=103190"}],"wp:term":[{"taxonomy":"category","embeddable":true,"href":"https:\/\/redenoticiaz.com.br\/ribeiraopreto-regiao\/wp-json\/wp\/v2\/categories?post=103190"},{"taxonomy":"post_tag","embeddable":true,"href":"https:\/\/redenoticiaz.com.br\/ribeiraopreto-regiao\/wp-json\/wp\/v2\/tags?post=103190"}],"curies":[{"name":"wp","href":"https:\/\/api.w.org\/{rel}","templated":true}]}}