{"id":103229,"date":"2023-04-04T13:20:54","date_gmt":"2023-04-04T16:20:54","guid":{"rendered":"https:\/\/redenoticiaz.com.br\/barretos-regiao\/?p=103229"},"modified":"2023-04-04T13:20:54","modified_gmt":"2023-04-04T16:20:54","slug":"dia-mundial-de-conscientizacao-do-autismo-e-celebrado-em-barretos","status":"publish","type":"post","link":"https:\/\/redenoticiaz.com.br\/ribeiraopreto-regiao\/sp\/2023\/04\/04\/dia-mundial-de-conscientizacao-do-autismo-e-celebrado-em-barretos","title":{"rendered":"Dia Mundial de Conscientiza\u00e7\u00e3o do Autismo \u00e9 celebrado em Barretos"},"content":{"rendered":"<p><span data-offset-key=\"48iqh-973-0\">A<\/span><span data-offset-key=\"48iqh-974-0\"> Pre<\/span><span data-offset-key=\"48iqh-975-0\">fe<\/span><span data-offset-key=\"48iqh-976-0\">it<\/span><span data-offset-key=\"48iqh-977-0\">ura<\/span><span data-offset-key=\"48iqh-978-0\"> da<\/span><span data-offset-key=\"48iqh-979-0\"> Est<\/span><span data-offset-key=\"48iqh-980-0\">\u00e2<\/span><span data-offset-key=\"48iqh-981-0\">nc<\/span><span data-offset-key=\"48iqh-982-0\">ia<\/span><span data-offset-key=\"48iqh-983-0\"> Tur<\/span><span data-offset-key=\"48iqh-984-0\">\u00ed<\/span><span data-offset-key=\"48iqh-985-0\">st<\/span><span data-offset-key=\"48iqh-986-0\">ica<\/span><span data-offset-key=\"48iqh-987-0\"> de<\/span><span data-offset-key=\"48iqh-988-0\"> Bar<\/span><span data-offset-key=\"48iqh-989-0\">ret<\/span><span data-offset-key=\"48iqh-990-0\">os<\/span><span data-offset-key=\"48iqh-991-0\">,<\/span><span data-offset-key=\"48iqh-997-0\">\u00a0real<\/span><span data-offset-key=\"48iqh-998-0\">iz<\/span><span data-offset-key=\"48iqh-999-0\">ou<\/span><span data-offset-key=\"48iqh-1000-0\"> na<\/span><span data-offset-key=\"48iqh-1001-0\"> t<\/span><span data-offset-key=\"48iqh-1002-0\">arde<\/span><span data-offset-key=\"48iqh-1003-0\"> de<\/span><span data-offset-key=\"48iqh-1004-0\"> se<\/span><span data-offset-key=\"48iqh-1005-0\">g<\/span><span data-offset-key=\"48iqh-1006-0\">unda<\/span><span data-offset-key=\"48iqh-1007-0\">&#8211;<\/span><span data-offset-key=\"48iqh-1008-0\">fe<\/span><span data-offset-key=\"48iqh-1009-0\">ira<\/span><span data-offset-key=\"48iqh-1010-0\">,<\/span><span data-offset-key=\"48iqh-1011-0\"> d<\/span><span data-offset-key=\"48iqh-1012-0\">ia<\/span><span data-offset-key=\"48iqh-1013-0\"> 03<\/span><span data-offset-key=\"48iqh-1014-0\"> de<\/span><span data-offset-key=\"48iqh-1015-0\"> ab<\/span><span data-offset-key=\"48iqh-1016-0\">ril<\/span><span data-offset-key=\"48iqh-1017-0\">,<\/span><span data-offset-key=\"48iqh-1018-0\"> um<\/span><span data-offset-key=\"48iqh-1019-0\"> event<\/span><span data-offset-key=\"48iqh-1020-0\">o<\/span><span data-offset-key=\"48iqh-1021-0\"> para<\/span><span data-offset-key=\"48iqh-1022-0\"> com<\/span><span data-offset-key=\"48iqh-1023-0\">em<\/span><span data-offset-key=\"48iqh-1024-0\">or<\/span><span data-offset-key=\"48iqh-1025-0\">ar<\/span><span data-offset-key=\"48iqh-1026-0\"> o<\/span><span data-offset-key=\"48iqh-1027-0\"> Dia<\/span><span data-offset-key=\"48iqh-1028-0\"> Mund<\/span><span data-offset-key=\"48iqh-1029-0\">ial<\/span><span data-offset-key=\"48iqh-1030-0\"> de<\/span><span data-offset-key=\"48iqh-1031-0\"> Cons<\/span><span data-offset-key=\"48iqh-1032-0\">cient<\/span><span data-offset-key=\"48iqh-1033-0\">iza<\/span><span data-offset-key=\"48iqh-1034-0\">\u00e7<\/span><span data-offset-key=\"48iqh-1035-0\">\u00e3o<\/span><span data-offset-key=\"48iqh-1036-0\"> do<\/span><span data-offset-key=\"48iqh-1037-0\"> Autism<\/span><span data-offset-key=\"48iqh-1038-0\">o<\/span><span data-offset-key=\"48iqh-1039-0\">.<\/span><\/p>\n<p><span data-offset-key=\"48iqh-1040-0\">O<\/span><span data-offset-key=\"48iqh-1041-0\"> event<\/span><span data-offset-key=\"48iqh-1042-0\">o<\/span><span data-offset-key=\"48iqh-1043-0\"> reun<\/span><span data-offset-key=\"48iqh-1044-0\">iu<\/span><span data-offset-key=\"48iqh-1045-0\"> al<\/span><span data-offset-key=\"48iqh-1046-0\">un<\/span><span data-offset-key=\"48iqh-1047-0\">os<\/span><span data-offset-key=\"48iqh-1048-0\"> da<\/span><span data-offset-key=\"48iqh-1049-0\"> Red<\/span><span data-offset-key=\"48iqh-1050-0\">e<\/span><span data-offset-key=\"48iqh-1051-0\"> Municipal<\/span><span data-offset-key=\"48iqh-1052-0\"> de<\/span><span data-offset-key=\"48iqh-1053-0\"> Ens<\/span><span data-offset-key=\"48iqh-1054-0\">ino<\/span><span data-offset-key=\"48iqh-1055-0\"> e<\/span><span data-offset-key=\"48iqh-1056-0\"> da<\/span><span data-offset-key=\"48iqh-1057-0\"> Ass<\/span><span data-offset-key=\"48iqh-1058-0\">oc<\/span><span data-offset-key=\"48iqh-1059-0\">ia<\/span><span data-offset-key=\"48iqh-1060-0\">\u00e7<\/span><span data-offset-key=\"48iqh-1061-0\">\u00e3o<\/span><span data-offset-key=\"48iqh-1062-0\"> de<\/span><span data-offset-key=\"48iqh-1063-0\"> Am<\/span><span data-offset-key=\"48iqh-1064-0\">ig<\/span><span data-offset-key=\"48iqh-1065-0\">os<\/span><span data-offset-key=\"48iqh-1066-0\"> do<\/span><span data-offset-key=\"48iqh-1067-0\"> Aut<\/span><span data-offset-key=\"48iqh-1068-0\">ista<\/span><span data-offset-key=\"48iqh-1069-0\"> (<\/span><span data-offset-key=\"48iqh-1070-0\">AMA<\/span><span data-offset-key=\"48iqh-1071-0\">)<\/span><span data-offset-key=\"48iqh-1072-0\"> diagnostic<\/span><span data-offset-key=\"48iqh-1073-0\">ados<\/span><span data-offset-key=\"48iqh-1074-0\"> com<\/span><span data-offset-key=\"48iqh-1075-0\"> Tr<\/span><span data-offset-key=\"48iqh-1076-0\">an<\/span><span data-offset-key=\"48iqh-1077-0\">st<\/span><span data-offset-key=\"48iqh-1078-0\">orno<\/span><span data-offset-key=\"48iqh-1079-0\"> do<\/span><span data-offset-key=\"48iqh-1080-0\"> E<\/span><span data-offset-key=\"48iqh-1081-0\">spect<\/span><span data-offset-key=\"48iqh-1082-0\">ro<\/span><span data-offset-key=\"48iqh-1083-0\"> Aut<\/span><span data-offset-key=\"48iqh-1084-0\">ista<\/span><span data-offset-key=\"48iqh-1085-0\"> (<\/span><span data-offset-key=\"48iqh-1086-0\">TE<\/span><span data-offset-key=\"48iqh-1087-0\">A<\/span><span data-offset-key=\"48iqh-1088-0\">)<\/span><span data-offset-key=\"48iqh-1089-0\"> em<\/span><span data-offset-key=\"48iqh-1090-0\"> u<\/span><span data-offset-key=\"48iqh-1091-0\">ma<\/span><span data-offset-key=\"48iqh-1092-0\"> t<\/span><span data-offset-key=\"48iqh-1093-0\">arde<\/span><span data-offset-key=\"48iqh-1094-0\"> es<\/span><span data-offset-key=\"48iqh-1095-0\">pe<\/span><span data-offset-key=\"48iqh-1096-0\">cial<\/span><span data-offset-key=\"48iqh-1097-0\">,<\/span><span data-offset-key=\"48iqh-1098-0\"> mar<\/span><span data-offset-key=\"48iqh-1099-0\">c<\/span><span data-offset-key=\"48iqh-1100-0\">ada<\/span><span data-offset-key=\"48iqh-1101-0\"> por<\/span><span data-offset-key=\"48iqh-1102-0\"> at<\/span><span data-offset-key=\"48iqh-1103-0\">ivid<\/span><span data-offset-key=\"48iqh-1104-0\">ades<\/span><span data-offset-key=\"48iqh-1105-0\"> rec<\/span><span data-offset-key=\"48iqh-1106-0\">reat<\/span><span data-offset-key=\"48iqh-1107-0\">ivas<\/span><span data-offset-key=\"48iqh-1108-0\">.<\/span><\/p>\n<p>&nbsp;<\/p>\n<p><span data-offset-key=\"48iqh-1109-0\"><img loading=\"lazy\" decoding=\"async\" class=\"size-medium wp-image-103230 alignleft\" src=\"https:\/\/redenoticiaz.com.br\/barretos-regiao\/wp-content\/uploads\/sites\/4\/2023\/04\/8d5e957f297893487bd98fa830fa6413-300x200.jpeg\" alt=\"\" width=\"300\" height=\"200\" srcset=\"https:\/\/redenoticiaz.com.br\/ribeiraopreto-regiao\/wp-content\/uploads\/sites\/4\/2023\/04\/8d5e957f297893487bd98fa830fa6413-300x200.jpeg 300w, https:\/\/redenoticiaz.com.br\/ribeiraopreto-regiao\/wp-content\/uploads\/sites\/4\/2023\/04\/8d5e957f297893487bd98fa830fa6413-1024x684.jpeg 1024w, https:\/\/redenoticiaz.com.br\/ribeiraopreto-regiao\/wp-content\/uploads\/sites\/4\/2023\/04\/8d5e957f297893487bd98fa830fa6413-768x513.jpeg 768w, https:\/\/redenoticiaz.com.br\/ribeiraopreto-regiao\/wp-content\/uploads\/sites\/4\/2023\/04\/8d5e957f297893487bd98fa830fa6413-1536x1025.jpeg 1536w, https:\/\/redenoticiaz.com.br\/ribeiraopreto-regiao\/wp-content\/uploads\/sites\/4\/2023\/04\/8d5e957f297893487bd98fa830fa6413.jpeg 1600w\" sizes=\"auto, (max-width: 300px) 100vw, 300px\" \/>A<\/span><span data-offset-key=\"48iqh-1110-0\"> pre<\/span><span data-offset-key=\"48iqh-1111-0\">fe<\/span><span data-offset-key=\"48iqh-1112-0\">ita<\/span><span data-offset-key=\"48iqh-1113-0\"> Paula<\/span><span data-offset-key=\"48iqh-1114-0\"> Lem<\/span><span data-offset-key=\"48iqh-1115-0\">os<\/span><span data-offset-key=\"48iqh-1116-0\"> particip<\/span><span data-offset-key=\"48iqh-1117-0\">ou<\/span><span data-offset-key=\"48iqh-1118-0\"> do<\/span><span data-offset-key=\"48iqh-1119-0\"> event<\/span><span data-offset-key=\"48iqh-1120-0\">o<\/span><span data-offset-key=\"48iqh-1121-0\"> e<\/span><span data-offset-key=\"48iqh-1122-0\"> convers<\/span><span data-offset-key=\"48iqh-1123-0\">ou<\/span><span data-offset-key=\"48iqh-1124-0\"> com<\/span><span data-offset-key=\"48iqh-1125-0\"> m<\/span><span data-offset-key=\"48iqh-1126-0\">\u00e3<\/span><span data-offset-key=\"48iqh-1127-0\">es<\/span><span data-offset-key=\"48iqh-1128-0\"> e<\/span><span data-offset-key=\"48iqh-1129-0\"> al<\/span><span data-offset-key=\"48iqh-1130-0\">un<\/span><span data-offset-key=\"48iqh-1131-0\">os<\/span><span data-offset-key=\"48iqh-1132-0\"> present<\/span><span data-offset-key=\"48iqh-1133-0\">es<\/span><span data-offset-key=\"48iqh-1134-0\">.<\/span><span data-offset-key=\"48iqh-1135-0\"> J<\/span><span data-offset-key=\"48iqh-1136-0\">\u00e9<\/span><span data-offset-key=\"48iqh-1137-0\">ss<\/span><span data-offset-key=\"48iqh-1138-0\">ica<\/span><span data-offset-key=\"48iqh-1139-0\"> Maria<\/span><span data-offset-key=\"48iqh-1140-0\"> dos<\/span><span data-offset-key=\"48iqh-1141-0\"> Santos<\/span><span data-offset-key=\"48iqh-1142-0\">,<\/span><span data-offset-key=\"48iqh-1143-0\"> secret<\/span><span data-offset-key=\"48iqh-1144-0\">\u00e1<\/span><span data-offset-key=\"48iqh-1145-0\">ria<\/span><span data-offset-key=\"48iqh-1146-0\"> de<\/span><span data-offset-key=\"48iqh-1147-0\"> Educ<\/span><span data-offset-key=\"48iqh-1148-0\">a<\/span><span data-offset-key=\"48iqh-1149-0\">\u00e7<\/span><span data-offset-key=\"48iqh-1150-0\">\u00e3o<\/span><span data-offset-key=\"48iqh-1151-0\">,<\/span><span data-offset-key=\"48iqh-1152-0\"> dest<\/span><span data-offset-key=\"48iqh-1153-0\">ac<\/span><span data-offset-key=\"48iqh-1154-0\">ou<\/span><span data-offset-key=\"48iqh-1155-0\"> a<\/span><span data-offset-key=\"48iqh-1156-0\"> ded<\/span><span data-offset-key=\"48iqh-1157-0\">ica<\/span><span data-offset-key=\"48iqh-1158-0\">\u00e7<\/span><span data-offset-key=\"48iqh-1159-0\">\u00e3o<\/span><span data-offset-key=\"48iqh-1160-0\"> dos<\/span><span data-offset-key=\"48iqh-1161-0\"> prof<\/span><span data-offset-key=\"48iqh-1162-0\">ission<\/span><span data-offset-key=\"48iqh-1163-0\">ais<\/span><span data-offset-key=\"48iqh-1164-0\"> na<\/span><span data-offset-key=\"48iqh-1165-0\"> produ<\/span><span data-offset-key=\"48iqh-1166-0\">\u00e7<\/span><span data-offset-key=\"48iqh-1167-0\">\u00e3o<\/span><span data-offset-key=\"48iqh-1168-0\"> e<\/span><span data-offset-key=\"48iqh-1169-0\"> condu<\/span><span data-offset-key=\"48iqh-1170-0\">\u00e7<\/span><span data-offset-key=\"48iqh-1171-0\">\u00e3o<\/span><span data-offset-key=\"48iqh-1172-0\"> do<\/span><span data-offset-key=\"48iqh-1173-0\"> event<\/span><span data-offset-key=\"48iqh-1174-0\">o<\/span><span data-offset-key=\"48iqh-1175-0\">.<\/span><span data-offset-key=\"48iqh-1176-0\"> O<\/span><span data-offset-key=\"48iqh-1177-0\"> al<\/span><span data-offset-key=\"48iqh-1178-0\">uno<\/span><span data-offset-key=\"48iqh-1179-0\"> Gabriel<\/span><span data-offset-key=\"48iqh-1180-0\"> Hen<\/span><span data-offset-key=\"48iqh-1181-0\">rique<\/span><span data-offset-key=\"48iqh-1182-0\">,<\/span><span data-offset-key=\"48iqh-1183-0\"> de<\/span><span data-offset-key=\"48iqh-1184-0\"> 8<\/span><span data-offset-key=\"48iqh-1185-0\"> an<\/span><span data-offset-key=\"48iqh-1186-0\">os<\/span><span data-offset-key=\"48iqh-1187-0\">,<\/span><span data-offset-key=\"48iqh-1188-0\"> le<\/span><span data-offset-key=\"48iqh-1189-0\">u<\/span><span data-offset-key=\"48iqh-1190-0\"> u<\/span><span data-offset-key=\"48iqh-1191-0\">ma<\/span><span data-offset-key=\"48iqh-1192-0\"> em<\/span><span data-offset-key=\"48iqh-1193-0\">oc<\/span><span data-offset-key=\"48iqh-1194-0\">ion<\/span><span data-offset-key=\"48iqh-1195-0\">ante<\/span><span data-offset-key=\"48iqh-1196-0\"> hom<\/span><span data-offset-key=\"48iqh-1197-0\">en<\/span><span data-offset-key=\"48iqh-1198-0\">ag<\/span><span data-offset-key=\"48iqh-1199-0\">em<\/span><span data-offset-key=\"48iqh-1200-0\"> d<\/span><span data-offset-key=\"48iqh-1201-0\">as<\/span><span data-offset-key=\"48iqh-1202-0\"> m<\/span><span data-offset-key=\"48iqh-1203-0\">\u00e3<\/span><span data-offset-key=\"48iqh-1204-0\">es<\/span><span data-offset-key=\"48iqh-1205-0\"> para<\/span><span data-offset-key=\"48iqh-1206-0\"> a<\/span><span data-offset-key=\"48iqh-1207-0\"> Coord<\/span><span data-offset-key=\"48iqh-1208-0\">en<\/span><span data-offset-key=\"48iqh-1209-0\">ad<\/span><span data-offset-key=\"48iqh-1210-0\">ora<\/span><span data-offset-key=\"48iqh-1211-0\"> Ped<\/span><span data-offset-key=\"48iqh-1212-0\">ag<\/span><span data-offset-key=\"48iqh-1213-0\">\u00f3<\/span><span data-offset-key=\"48iqh-1214-0\">g<\/span><span data-offset-key=\"48iqh-1215-0\">ica<\/span><span data-offset-key=\"48iqh-1216-0\"> do<\/span><span data-offset-key=\"48iqh-1217-0\"> N<\/span><span data-offset-key=\"48iqh-1218-0\">\u00fa<\/span><span data-offset-key=\"48iqh-1219-0\">cle<\/span><span data-offset-key=\"48iqh-1220-0\">o<\/span><span data-offset-key=\"48iqh-1221-0\"> de<\/span><span data-offset-key=\"48iqh-1222-0\"> Educ<\/span><span data-offset-key=\"48iqh-1223-0\">a<\/span><span data-offset-key=\"48iqh-1224-0\">\u00e7<\/span><span data-offset-key=\"48iqh-1225-0\">\u00e3o<\/span><span data-offset-key=\"48iqh-1226-0\"> In<\/span><span data-offset-key=\"48iqh-1227-0\">clus<\/span><span data-offset-key=\"48iqh-1228-0\">iva<\/span><span data-offset-key=\"48iqh-1229-0\">,<\/span><span data-offset-key=\"48iqh-1230-0\"> Maria<\/span><span data-offset-key=\"48iqh-1231-0\"> Alice<\/span><span data-offset-key=\"48iqh-1232-0\"> Du<\/span><span data-offset-key=\"48iqh-1233-0\">arte<\/span><span data-offset-key=\"48iqh-1234-0\">,<\/span><span data-offset-key=\"48iqh-1235-0\"> que<\/span><span data-offset-key=\"48iqh-1236-0\"> se<\/span><span data-offset-key=\"48iqh-1237-0\"> a<\/span><span data-offset-key=\"48iqh-1238-0\">pos<\/span><span data-offset-key=\"48iqh-1239-0\">ent<\/span><span data-offset-key=\"48iqh-1240-0\">ar<\/span><span data-offset-key=\"48iqh-1241-0\">\u00e1<\/span><span data-offset-key=\"48iqh-1242-0\"> nest<\/span><span data-offset-key=\"48iqh-1243-0\">e<\/span><span data-offset-key=\"48iqh-1244-0\"> an<\/span><span data-offset-key=\"48iqh-1245-0\">o<\/span><span data-offset-key=\"48iqh-1246-0\">.<\/span><span data-offset-key=\"48iqh-1247-0\"> Alz<\/span><span data-offset-key=\"48iqh-1248-0\">ira<\/span><span data-offset-key=\"48iqh-1249-0\"> Maria<\/span><span data-offset-key=\"48iqh-1250-0\">,<\/span><span data-offset-key=\"48iqh-1251-0\"> m<\/span><span data-offset-key=\"48iqh-1252-0\">\u00e3<\/span><span data-offset-key=\"48iqh-1253-0\">e<\/span><span data-offset-key=\"48iqh-1254-0\"> do<\/span><span data-offset-key=\"48iqh-1255-0\"> Jo<\/span><span data-offset-key=\"48iqh-1256-0\">\u00e3o<\/span><span data-offset-key=\"48iqh-1257-0\"> Daniel<\/span><span data-offset-key=\"48iqh-1258-0\">,<\/span><span data-offset-key=\"48iqh-1259-0\"> de<\/span><span data-offset-key=\"48iqh-1260-0\"> 07<\/span><span data-offset-key=\"48iqh-1261-0\"> an<\/span><span data-offset-key=\"48iqh-1262-0\">os<\/span><span data-offset-key=\"48iqh-1263-0\">,<\/span><span data-offset-key=\"48iqh-1264-0\"> cont<\/span><span data-offset-key=\"48iqh-1265-0\">ou<\/span><span data-offset-key=\"48iqh-1266-0\"> que<\/span><span data-offset-key=\"48iqh-1267-0\"> mud<\/span><span data-offset-key=\"48iqh-1268-0\">ou<\/span><span data-offset-key=\"48iqh-1269-0\">&#8211;<\/span><span data-offset-key=\"48iqh-1270-0\">se<\/span><span data-offset-key=\"48iqh-1271-0\"> para<\/span><span data-offset-key=\"48iqh-1272-0\"> Bar<\/span><span data-offset-key=\"48iqh-1273-0\">ret<\/span><span data-offset-key=\"48iqh-1274-0\">os<\/span><span data-offset-key=\"48iqh-1275-0\"> em<\/span><span data-offset-key=\"48iqh-1276-0\"> bus<\/span><span data-offset-key=\"48iqh-1277-0\">ca<\/span><span data-offset-key=\"48iqh-1278-0\"> de<\/span><span data-offset-key=\"48iqh-1279-0\"> in<\/span><span data-offset-key=\"48iqh-1280-0\">clus<\/span><span data-offset-key=\"48iqh-1281-0\">\u00e3o<\/span><span data-offset-key=\"48iqh-1282-0\"> para<\/span><span data-offset-key=\"48iqh-1283-0\"> o<\/span><span data-offset-key=\"48iqh-1284-0\"> fil<\/span><span data-offset-key=\"48iqh-1285-0\">ho<\/span><span data-offset-key=\"48iqh-1286-0\">,<\/span><span data-offset-key=\"48iqh-1287-0\"> que<\/span><span data-offset-key=\"48iqh-1288-0\"> ho<\/span><span data-offset-key=\"48iqh-1289-0\">je<\/span><span data-offset-key=\"48iqh-1290-0\"> l<\/span><span data-offset-key=\"48iqh-1291-0\">\u00ea<\/span><span data-offset-key=\"48iqh-1292-0\"> e<\/span><span data-offset-key=\"48iqh-1293-0\"> esc<\/span><span data-offset-key=\"48iqh-1294-0\">reve<\/span><span data-offset-key=\"48iqh-1295-0\">.<\/span><\/p>\n<p>&nbsp;<\/p>\n<p>VEJA TAMB\u00c9M:\u00a0<a href=\"https:\/\/redenoticiaz.com.br\/barretos-regiao\/sp\/2023\/03\/19\/artigo-o-aumento-de-diagnostico-de-autismo-tea-em-adultos\">Artigo &#8211; O aumento de diagn\u00f3stico de Autismo (TEA) em adultos<\/a><\/p>\n","protected":false},"excerpt":{"rendered":"<p>A Prefeitura da Est\u00e2ncia Tur\u00edstica de Barretos,\u00a0realizou na tarde de segunda&#8211;feira, dia 03 de abril, um evento para comemorar o Dia Mundial de Conscientiza\u00e7\u00e3o do Autismo. O evento reuniu alunos da Rede Municipal de Ensino e da Associa\u00e7\u00e3o de Amigos do Autista (AMA) diagnosticados com Transtorno do Espectro Autista (TEA) em uma tarde especial, marcada &hellip;<\/p>\n","protected":false},"author":15,"featured_media":103231,"comment_status":"open","ping_status":"closed","sticky":false,"template":"","format":"standard","meta":{"footnotes":""},"categories":[252],"tags":[64,26141,613],"class_list":["post-103229","post","type-post","status-publish","format-standard","has-post-thumbnail","hentry","category-acao-social","tag-barretos","tag-conscientizacao-do-autismo","tag-evento"],"yoast_head":"<!-- This site is optimized with the Yoast SEO plugin v28.3 - https:\/\/yoast.com\/product\/yoast-seo-wordpress\/ -->\n<title>Dia Mundial de Conscientiza\u00e7\u00e3o do Autismo \u00e9 celebrado em Barretos - Ribeir\u00e3o Preto e Regi\u00e3o<\/title>\n<meta name=\"description\" content=\"Barretos,\u00a0realizou na tarde de segunda-feira, dia 03 de abril, um evento para comemorar o Dia Mundial de Conscientiza\u00e7\u00e3o do Autismo\" \/>\n<meta name=\"robots\" content=\"index, follow, max-snippet:-1, max-image-preview:large, max-video-preview:-1\" \/>\n<link rel=\"canonical\" href=\"https:\/\/redenoticiaz.com.br\/ribeiraopreto-regiao\/sp\/2023\/04\/04\/dia-mundial-de-conscientizacao-do-autismo-e-celebrado-em-barretos\" \/>\n<meta property=\"og:locale\" content=\"pt_BR\" \/>\n<meta property=\"og:type\" content=\"article\" \/>\n<meta property=\"og:title\" content=\"Dia Mundial de Conscientiza\u00e7\u00e3o do Autismo \u00e9 celebrado em Barretos - Ribeir\u00e3o Preto e Regi\u00e3o\" \/>\n<meta property=\"og:description\" content=\"Barretos,\u00a0realizou na tarde de segunda-feira, dia 03 de abril, um evento para comemorar o Dia Mundial de Conscientiza\u00e7\u00e3o do Autismo\" \/>\n<meta property=\"og:url\" content=\"https:\/\/redenoticiaz.com.br\/ribeiraopreto-regiao\/sp\/2023\/04\/04\/dia-mundial-de-conscientizacao-do-autismo-e-celebrado-em-barretos\" \/>\n<meta property=\"og:site_name\" content=\"Ribeir\u00e3o Preto e Regi\u00e3o\" \/>\n<meta property=\"article:publisher\" content=\"https:\/\/m.facebook.com\/redenoticiaz.barretos\" \/>\n<meta property=\"article:published_time\" content=\"2023-04-04T16:20:54+00:00\" \/>\n<meta property=\"og:image\" content=\"https:\/\/redenoticiaz.com.br\/ribeiraopreto-regiao\/wp-content\/uploads\/sites\/4\/2023\/04\/Dia-Mundial-de-Conscientizacao-do-Autismo-e-celebrado-em-Barretos.jpeg\" \/>\n\t<meta property=\"og:image:width\" content=\"1600\" \/>\n\t<meta property=\"og:image:height\" content=\"1068\" \/>\n\t<meta property=\"og:image:type\" content=\"image\/jpeg\" \/>\n<meta name=\"twitter:card\" content=\"summary_large_image\" \/>\n<meta name=\"twitter:creator\" content=\"@RN_barretos\" \/>\n<meta name=\"twitter:site\" content=\"@RN_barretos\" \/>\n<meta name=\"twitter:label1\" content=\"Escrito por\" \/>\n\t<meta name=\"twitter:data1\" content=\"\" \/>\n\t<meta name=\"twitter:label2\" content=\"Est. tempo de leitura\" \/>\n\t<meta name=\"twitter:data2\" content=\"2 minutos\" \/>\n<script type=\"application\/ld+json\" class=\"yoast-schema-graph\">{\"@context\":\"https:\\\/\\\/schema.org\",\"@graph\":[{\"@type\":\"Article\",\"@id\":\"https:\\\/\\\/redenoticiaz.com.br\\\/ribeiraopreto-regiao\\\/sp\\\/2023\\\/04\\\/04\\\/dia-mundial-de-conscientizacao-do-autismo-e-celebrado-em-barretos#article\",\"isPartOf\":{\"@id\":\"https:\\\/\\\/redenoticiaz.com.br\\\/ribeiraopreto-regiao\\\/sp\\\/2023\\\/04\\\/04\\\/dia-mundial-de-conscientizacao-do-autismo-e-celebrado-em-barretos\"},\"author\":{\"name\":\"\",\"@id\":\"\"},\"headline\":\"Dia Mundial de Conscientiza\u00e7\u00e3o do Autismo \u00e9 celebrado em Barretos\",\"datePublished\":\"2023-04-04T16:20:54+00:00\",\"mainEntityOfPage\":{\"@id\":\"https:\\\/\\\/redenoticiaz.com.br\\\/ribeiraopreto-regiao\\\/sp\\\/2023\\\/04\\\/04\\\/dia-mundial-de-conscientizacao-do-autismo-e-celebrado-em-barretos\"},\"wordCount\":299,\"commentCount\":0,\"publisher\":{\"@id\":\"https:\\\/\\\/redenoticiaz.com.br\\\/ribeiraopreto-regiao\\\/#organization\"},\"image\":{\"@id\":\"https:\\\/\\\/redenoticiaz.com.br\\\/ribeiraopreto-regiao\\\/sp\\\/2023\\\/04\\\/04\\\/dia-mundial-de-conscientizacao-do-autismo-e-celebrado-em-barretos#primaryimage\"},\"thumbnailUrl\":\"https:\\\/\\\/redenoticiaz.com.br\\\/ribeiraopreto-regiao\\\/wp-content\\\/uploads\\\/sites\\\/4\\\/2023\\\/04\\\/Dia-Mundial-de-Conscientizacao-do-Autismo-e-celebrado-em-Barretos.jpeg\",\"keywords\":[\"BARRETOS\",\"Conscientiza\u00e7\u00e3o do Autismo\",\"EVENTO\"],\"articleSection\":[\"A\u00e7\u00e3o Social\"],\"inLanguage\":\"pt-BR\",\"potentialAction\":[{\"@type\":\"CommentAction\",\"name\":\"Comment\",\"target\":[\"https:\\\/\\\/redenoticiaz.com.br\\\/ribeiraopreto-regiao\\\/sp\\\/2023\\\/04\\\/04\\\/dia-mundial-de-conscientizacao-do-autismo-e-celebrado-em-barretos#respond\"]}]},{\"@type\":\"WebPage\",\"@id\":\"https:\\\/\\\/redenoticiaz.com.br\\\/ribeiraopreto-regiao\\\/sp\\\/2023\\\/04\\\/04\\\/dia-mundial-de-conscientizacao-do-autismo-e-celebrado-em-barretos\",\"url\":\"https:\\\/\\\/redenoticiaz.com.br\\\/ribeiraopreto-regiao\\\/sp\\\/2023\\\/04\\\/04\\\/dia-mundial-de-conscientizacao-do-autismo-e-celebrado-em-barretos\",\"name\":\"Dia Mundial de Conscientiza\u00e7\u00e3o do Autismo \u00e9 celebrado em Barretos - Ribeir\u00e3o Preto e Regi\u00e3o\",\"isPartOf\":{\"@id\":\"https:\\\/\\\/redenoticiaz.com.br\\\/ribeiraopreto-regiao\\\/#website\"},\"primaryImageOfPage\":{\"@id\":\"https:\\\/\\\/redenoticiaz.com.br\\\/ribeiraopreto-regiao\\\/sp\\\/2023\\\/04\\\/04\\\/dia-mundial-de-conscientizacao-do-autismo-e-celebrado-em-barretos#primaryimage\"},\"image\":{\"@id\":\"https:\\\/\\\/redenoticiaz.com.br\\\/ribeiraopreto-regiao\\\/sp\\\/2023\\\/04\\\/04\\\/dia-mundial-de-conscientizacao-do-autismo-e-celebrado-em-barretos#primaryimage\"},\"thumbnailUrl\":\"https:\\\/\\\/redenoticiaz.com.br\\\/ribeiraopreto-regiao\\\/wp-content\\\/uploads\\\/sites\\\/4\\\/2023\\\/04\\\/Dia-Mundial-de-Conscientizacao-do-Autismo-e-celebrado-em-Barretos.jpeg\",\"datePublished\":\"2023-04-04T16:20:54+00:00\",\"description\":\"Barretos,\u00a0realizou na tarde de segunda-feira, dia 03 de abril, um evento para comemorar o Dia Mundial de Conscientiza\u00e7\u00e3o do Autismo\",\"inLanguage\":\"pt-BR\",\"potentialAction\":[{\"@type\":\"ReadAction\",\"target\":[\"https:\\\/\\\/redenoticiaz.com.br\\\/ribeiraopreto-regiao\\\/sp\\\/2023\\\/04\\\/04\\\/dia-mundial-de-conscientizacao-do-autismo-e-celebrado-em-barretos\"]}]},{\"@type\":\"ImageObject\",\"inLanguage\":\"pt-BR\",\"@id\":\"https:\\\/\\\/redenoticiaz.com.br\\\/ribeiraopreto-regiao\\\/sp\\\/2023\\\/04\\\/04\\\/dia-mundial-de-conscientizacao-do-autismo-e-celebrado-em-barretos#primaryimage\",\"url\":\"https:\\\/\\\/redenoticiaz.com.br\\\/ribeiraopreto-regiao\\\/wp-content\\\/uploads\\\/sites\\\/4\\\/2023\\\/04\\\/Dia-Mundial-de-Conscientizacao-do-Autismo-e-celebrado-em-Barretos.jpeg\",\"contentUrl\":\"https:\\\/\\\/redenoticiaz.com.br\\\/ribeiraopreto-regiao\\\/wp-content\\\/uploads\\\/sites\\\/4\\\/2023\\\/04\\\/Dia-Mundial-de-Conscientizacao-do-Autismo-e-celebrado-em-Barretos.jpeg\",\"width\":1600,\"height\":1068,\"caption\":\"Dia Mundial da Conscientiza\u00e7\u00e3o do Autismo, celebrado em Barretos. Cr\u00e9dito: Divulga\u00e7\u00e3o\"},{\"@type\":\"WebSite\",\"@id\":\"https:\\\/\\\/redenoticiaz.com.br\\\/ribeiraopreto-regiao\\\/#website\",\"url\":\"https:\\\/\\\/redenoticiaz.com.br\\\/ribeiraopreto-regiao\\\/\",\"name\":\"Ribeir\u00e3o Preto e Regi\u00e3o\",\"description\":\"Rede NoticiaZ - Ribeir\u00e3o Preto e regi\u00e3o\",\"publisher\":{\"@id\":\"https:\\\/\\\/redenoticiaz.com.br\\\/ribeiraopreto-regiao\\\/#organization\"},\"potentialAction\":[{\"@type\":\"SearchAction\",\"target\":{\"@type\":\"EntryPoint\",\"urlTemplate\":\"https:\\\/\\\/redenoticiaz.com.br\\\/ribeiraopreto-regiao\\\/?s={search_term_string}\"},\"query-input\":{\"@type\":\"PropertyValueSpecification\",\"valueRequired\":true,\"valueName\":\"search_term_string\"}}],\"inLanguage\":\"pt-BR\"},{\"@type\":\"Organization\",\"@id\":\"https:\\\/\\\/redenoticiaz.com.br\\\/ribeiraopreto-regiao\\\/#organization\",\"name\":\"Ribeir\u00e3o Preto e Regi\u00e3o\",\"url\":\"https:\\\/\\\/redenoticiaz.com.br\\\/ribeiraopreto-regiao\\\/\",\"logo\":{\"@type\":\"ImageObject\",\"inLanguage\":\"pt-BR\",\"@id\":\"https:\\\/\\\/redenoticiaz.com.br\\\/ribeiraopreto-regiao\\\/#\\\/schema\\\/logo\\\/image\\\/\",\"url\":\"https:\\\/\\\/redenoticiaz.com.br\\\/barretos-regiao\\\/wp-content\\\/uploads\\\/sites\\\/4\\\/2022\\\/02\\\/logo.jpg\",\"contentUrl\":\"https:\\\/\\\/redenoticiaz.com.br\\\/barretos-regiao\\\/wp-content\\\/uploads\\\/sites\\\/4\\\/2022\\\/02\\\/logo.jpg\",\"width\":400,\"height\":250,\"caption\":\"Ribeir\u00e3o Preto e Regi\u00e3o\"},\"image\":{\"@id\":\"https:\\\/\\\/redenoticiaz.com.br\\\/ribeiraopreto-regiao\\\/#\\\/schema\\\/logo\\\/image\\\/\"},\"sameAs\":[\"https:\\\/\\\/m.facebook.com\\\/redenoticiaz.barretos\",\"https:\\\/\\\/x.com\\\/RN_barretos\",\"https:\\\/\\\/www.instagram.com\\\/redenoticiaz.barretos\\\/?igshid=YmMyMTA2M2Y\",\"https:\\\/\\\/www.linkedin.com\\\/company\\\/rede-noticiaz-barretos-e-regio\\\/\"]},{\"@type\":\"Person\",\"@id\":\"\",\"url\":\"https:\\\/\\\/redenoticiaz.com.br\\\/ribeiraopreto-regiao\\\/sp\\\/author\"}]}<\/script>\n<!-- \/ Yoast SEO plugin. -->","yoast_head_json":{"title":"Dia Mundial de Conscientiza\u00e7\u00e3o do Autismo \u00e9 celebrado em Barretos - Ribeir\u00e3o Preto e Regi\u00e3o","description":"Barretos,\u00a0realizou na tarde de segunda-feira, dia 03 de abril, um evento para comemorar o Dia Mundial de Conscientiza\u00e7\u00e3o do Autismo","robots":{"index":"index","follow":"follow","max-snippet":"max-snippet:-1","max-image-preview":"max-image-preview:large","max-video-preview":"max-video-preview:-1"},"canonical":"https:\/\/redenoticiaz.com.br\/ribeiraopreto-regiao\/sp\/2023\/04\/04\/dia-mundial-de-conscientizacao-do-autismo-e-celebrado-em-barretos","og_locale":"pt_BR","og_type":"article","og_title":"Dia Mundial de Conscientiza\u00e7\u00e3o do Autismo \u00e9 celebrado em Barretos - Ribeir\u00e3o Preto e Regi\u00e3o","og_description":"Barretos,\u00a0realizou na tarde de segunda-feira, dia 03 de abril, um evento para comemorar o Dia Mundial de Conscientiza\u00e7\u00e3o do Autismo","og_url":"https:\/\/redenoticiaz.com.br\/ribeiraopreto-regiao\/sp\/2023\/04\/04\/dia-mundial-de-conscientizacao-do-autismo-e-celebrado-em-barretos","og_site_name":"Ribeir\u00e3o Preto e Regi\u00e3o","article_publisher":"https:\/\/m.facebook.com\/redenoticiaz.barretos","article_published_time":"2023-04-04T16:20:54+00:00","og_image":[{"width":1600,"height":1068,"url":"https:\/\/redenoticiaz.com.br\/ribeiraopreto-regiao\/wp-content\/uploads\/sites\/4\/2023\/04\/Dia-Mundial-de-Conscientizacao-do-Autismo-e-celebrado-em-Barretos.jpeg","type":"image\/jpeg"}],"twitter_card":"summary_large_image","twitter_creator":"@RN_barretos","twitter_site":"@RN_barretos","twitter_misc":{"Escrito por":"","Est. tempo de leitura":"2 minutos"},"schema":{"@context":"https:\/\/schema.org","@graph":[{"@type":"Article","@id":"https:\/\/redenoticiaz.com.br\/ribeiraopreto-regiao\/sp\/2023\/04\/04\/dia-mundial-de-conscientizacao-do-autismo-e-celebrado-em-barretos#article","isPartOf":{"@id":"https:\/\/redenoticiaz.com.br\/ribeiraopreto-regiao\/sp\/2023\/04\/04\/dia-mundial-de-conscientizacao-do-autismo-e-celebrado-em-barretos"},"author":{"name":"","@id":""},"headline":"Dia Mundial de Conscientiza\u00e7\u00e3o do Autismo \u00e9 celebrado em Barretos","datePublished":"2023-04-04T16:20:54+00:00","mainEntityOfPage":{"@id":"https:\/\/redenoticiaz.com.br\/ribeiraopreto-regiao\/sp\/2023\/04\/04\/dia-mundial-de-conscientizacao-do-autismo-e-celebrado-em-barretos"},"wordCount":299,"commentCount":0,"publisher":{"@id":"https:\/\/redenoticiaz.com.br\/ribeiraopreto-regiao\/#organization"},"image":{"@id":"https:\/\/redenoticiaz.com.br\/ribeiraopreto-regiao\/sp\/2023\/04\/04\/dia-mundial-de-conscientizacao-do-autismo-e-celebrado-em-barretos#primaryimage"},"thumbnailUrl":"https:\/\/redenoticiaz.com.br\/ribeiraopreto-regiao\/wp-content\/uploads\/sites\/4\/2023\/04\/Dia-Mundial-de-Conscientizacao-do-Autismo-e-celebrado-em-Barretos.jpeg","keywords":["BARRETOS","Conscientiza\u00e7\u00e3o do Autismo","EVENTO"],"articleSection":["A\u00e7\u00e3o Social"],"inLanguage":"pt-BR","potentialAction":[{"@type":"CommentAction","name":"Comment","target":["https:\/\/redenoticiaz.com.br\/ribeiraopreto-regiao\/sp\/2023\/04\/04\/dia-mundial-de-conscientizacao-do-autismo-e-celebrado-em-barretos#respond"]}]},{"@type":"WebPage","@id":"https:\/\/redenoticiaz.com.br\/ribeiraopreto-regiao\/sp\/2023\/04\/04\/dia-mundial-de-conscientizacao-do-autismo-e-celebrado-em-barretos","url":"https:\/\/redenoticiaz.com.br\/ribeiraopreto-regiao\/sp\/2023\/04\/04\/dia-mundial-de-conscientizacao-do-autismo-e-celebrado-em-barretos","name":"Dia Mundial de Conscientiza\u00e7\u00e3o do Autismo \u00e9 celebrado em Barretos - Ribeir\u00e3o Preto e Regi\u00e3o","isPartOf":{"@id":"https:\/\/redenoticiaz.com.br\/ribeiraopreto-regiao\/#website"},"primaryImageOfPage":{"@id":"https:\/\/redenoticiaz.com.br\/ribeiraopreto-regiao\/sp\/2023\/04\/04\/dia-mundial-de-conscientizacao-do-autismo-e-celebrado-em-barretos#primaryimage"},"image":{"@id":"https:\/\/redenoticiaz.com.br\/ribeiraopreto-regiao\/sp\/2023\/04\/04\/dia-mundial-de-conscientizacao-do-autismo-e-celebrado-em-barretos#primaryimage"},"thumbnailUrl":"https:\/\/redenoticiaz.com.br\/ribeiraopreto-regiao\/wp-content\/uploads\/sites\/4\/2023\/04\/Dia-Mundial-de-Conscientizacao-do-Autismo-e-celebrado-em-Barretos.jpeg","datePublished":"2023-04-04T16:20:54+00:00","description":"Barretos,\u00a0realizou na tarde de segunda-feira, dia 03 de abril, um evento para comemorar o Dia Mundial de Conscientiza\u00e7\u00e3o do Autismo","inLanguage":"pt-BR","potentialAction":[{"@type":"ReadAction","target":["https:\/\/redenoticiaz.com.br\/ribeiraopreto-regiao\/sp\/2023\/04\/04\/dia-mundial-de-conscientizacao-do-autismo-e-celebrado-em-barretos"]}]},{"@type":"ImageObject","inLanguage":"pt-BR","@id":"https:\/\/redenoticiaz.com.br\/ribeiraopreto-regiao\/sp\/2023\/04\/04\/dia-mundial-de-conscientizacao-do-autismo-e-celebrado-em-barretos#primaryimage","url":"https:\/\/redenoticiaz.com.br\/ribeiraopreto-regiao\/wp-content\/uploads\/sites\/4\/2023\/04\/Dia-Mundial-de-Conscientizacao-do-Autismo-e-celebrado-em-Barretos.jpeg","contentUrl":"https:\/\/redenoticiaz.com.br\/ribeiraopreto-regiao\/wp-content\/uploads\/sites\/4\/2023\/04\/Dia-Mundial-de-Conscientizacao-do-Autismo-e-celebrado-em-Barretos.jpeg","width":1600,"height":1068,"caption":"Dia Mundial da Conscientiza\u00e7\u00e3o do Autismo, celebrado em Barretos. Cr\u00e9dito: Divulga\u00e7\u00e3o"},{"@type":"WebSite","@id":"https:\/\/redenoticiaz.com.br\/ribeiraopreto-regiao\/#website","url":"https:\/\/redenoticiaz.com.br\/ribeiraopreto-regiao\/","name":"Ribeir\u00e3o Preto e Regi\u00e3o","description":"Rede NoticiaZ - Ribeir\u00e3o Preto e regi\u00e3o","publisher":{"@id":"https:\/\/redenoticiaz.com.br\/ribeiraopreto-regiao\/#organization"},"potentialAction":[{"@type":"SearchAction","target":{"@type":"EntryPoint","urlTemplate":"https:\/\/redenoticiaz.com.br\/ribeiraopreto-regiao\/?s={search_term_string}"},"query-input":{"@type":"PropertyValueSpecification","valueRequired":true,"valueName":"search_term_string"}}],"inLanguage":"pt-BR"},{"@type":"Organization","@id":"https:\/\/redenoticiaz.com.br\/ribeiraopreto-regiao\/#organization","name":"Ribeir\u00e3o Preto e Regi\u00e3o","url":"https:\/\/redenoticiaz.com.br\/ribeiraopreto-regiao\/","logo":{"@type":"ImageObject","inLanguage":"pt-BR","@id":"https:\/\/redenoticiaz.com.br\/ribeiraopreto-regiao\/#\/schema\/logo\/image\/","url":"https:\/\/redenoticiaz.com.br\/barretos-regiao\/wp-content\/uploads\/sites\/4\/2022\/02\/logo.jpg","contentUrl":"https:\/\/redenoticiaz.com.br\/barretos-regiao\/wp-content\/uploads\/sites\/4\/2022\/02\/logo.jpg","width":400,"height":250,"caption":"Ribeir\u00e3o Preto e Regi\u00e3o"},"image":{"@id":"https:\/\/redenoticiaz.com.br\/ribeiraopreto-regiao\/#\/schema\/logo\/image\/"},"sameAs":["https:\/\/m.facebook.com\/redenoticiaz.barretos","https:\/\/x.com\/RN_barretos","https:\/\/www.instagram.com\/redenoticiaz.barretos\/?igshid=YmMyMTA2M2Y","https:\/\/www.linkedin.com\/company\/rede-noticiaz-barretos-e-regio\/"]},{"@type":"Person","@id":"","url":"https:\/\/redenoticiaz.com.br\/ribeiraopreto-regiao\/sp\/author"}]}},"_links":{"self":[{"href":"https:\/\/redenoticiaz.com.br\/ribeiraopreto-regiao\/wp-json\/wp\/v2\/posts\/103229","targetHints":{"allow":["GET"]}}],"collection":[{"href":"https:\/\/redenoticiaz.com.br\/ribeiraopreto-regiao\/wp-json\/wp\/v2\/posts"}],"about":[{"href":"https:\/\/redenoticiaz.com.br\/ribeiraopreto-regiao\/wp-json\/wp\/v2\/types\/post"}],"author":[{"embeddable":true,"href":"https:\/\/redenoticiaz.com.br\/ribeiraopreto-regiao\/wp-json\/wp\/v2\/users\/15"}],"replies":[{"embeddable":true,"href":"https:\/\/redenoticiaz.com.br\/ribeiraopreto-regiao\/wp-json\/wp\/v2\/comments?post=103229"}],"version-history":[{"count":1,"href":"https:\/\/redenoticiaz.com.br\/ribeiraopreto-regiao\/wp-json\/wp\/v2\/posts\/103229\/revisions"}],"predecessor-version":[{"id":103232,"href":"https:\/\/redenoticiaz.com.br\/ribeiraopreto-regiao\/wp-json\/wp\/v2\/posts\/103229\/revisions\/103232"}],"wp:featuredmedia":[{"embeddable":true,"href":"https:\/\/redenoticiaz.com.br\/ribeiraopreto-regiao\/wp-json\/wp\/v2\/media\/103231"}],"wp:attachment":[{"href":"https:\/\/redenoticiaz.com.br\/ribeiraopreto-regiao\/wp-json\/wp\/v2\/media?parent=103229"}],"wp:term":[{"taxonomy":"category","embeddable":true,"href":"https:\/\/redenoticiaz.com.br\/ribeiraopreto-regiao\/wp-json\/wp\/v2\/categories?post=103229"},{"taxonomy":"post_tag","embeddable":true,"href":"https:\/\/redenoticiaz.com.br\/ribeiraopreto-regiao\/wp-json\/wp\/v2\/tags?post=103229"}],"curies":[{"name":"wp","href":"https:\/\/api.w.org\/{rel}","templated":true}]}}