{"id":103319,"date":"2023-04-05T14:18:31","date_gmt":"2023-04-05T17:18:31","guid":{"rendered":"https:\/\/redenoticiaz.com.br\/barretos-regiao\/?p=103319"},"modified":"2023-04-05T14:18:31","modified_gmt":"2023-04-05T17:18:31","slug":"mais-duas-ruas-de-terra-recebem-pavimentacao-asfaltica-em-bairros-de-olimpia","status":"publish","type":"post","link":"https:\/\/redenoticiaz.com.br\/ribeiraopreto-regiao\/sp\/2023\/04\/05\/mais-duas-ruas-de-terra-recebem-pavimentacao-asfaltica-em-bairros-de-olimpia","title":{"rendered":"Mais duas ruas de terra recebem pavimenta\u00e7\u00e3o asf\u00e1ltica em bairros de Ol\u00edmpia"},"content":{"rendered":"<p class=\"v1MsoNormal\"><span style=\"font-family: arial, sans-serif\">As obras para pavimentar as ruas de terra existentes na Est\u00e2ncia Tur\u00edstica de Ol\u00edmpia seguem contemplando diversos locais. Desta vez, mais duas vias, que s\u00e3o demandas antigas de moradores, foram contempladas.<\/span><\/p>\n<p class=\"v1MsoNormal\"><span style=\"font-family: arial, sans-serif\">Uma delas \u00e9 a Avenida Jos\u00e9 de Carvalho Novaes, ao lado da EMEB Dona Luiza Seno de Oliveira, entre as Ruas Jo\u00e3o Forti e Theodomiro Joaquim Bittencourt, na regi\u00e3o dos bairros Jardim Cisoto e Cecap.<\/span><\/p>\n<p class=\"v1MsoNormal\"><span style=\"font-family: arial, sans-serif\">No local, o trecho da rua, que era de terra, recebeu toda a estrutura necess\u00e1ria, como obras de drenagem, constru\u00e7\u00e3o de guias e sarjetas para aplica\u00e7\u00e3o da massa asf\u00e1ltica, al\u00e9m de cal\u00e7adas e ilumina\u00e7\u00e3o p\u00fablica.<\/span><\/p>\n<p class=\"v1MsoNormal\"><span style=\"font-family: arial, sans-serif\">Ainda nas proximidades dessa via, tamb\u00e9m passou por todos os servi\u00e7os estruturais e de pavimenta\u00e7\u00e3o o prolongamento da Rua Alfredo Takahashi, que d\u00e1 acesso a secretarias municipais, ao p\u00e1tio de servi\u00e7os e outros departamentos da Prefeitura, melhorando as condi\u00e7\u00f5es de mobilidade e minimizando os transtornos causados, h\u00e1 anos, a moradores da regi\u00e3o, devido ao fluxo intenso de caminh\u00f5es e maquin\u00e1rios do munic\u00edpio.<\/span><\/p>\n<p class=\"v1MsoNormal\"><span style=\"font-family: arial, sans-serif\">Para a execu\u00e7\u00e3o das duas vias, foram investidos cerca de R$ 570 mil em recursos pr\u00f3prios provenientes de opera\u00e7\u00e3o de cr\u00e9dito (FINISA), com pavimenta\u00e7\u00e3o de mais de 2,3 mil metros quadrados.<\/span><\/p>\n<p class=\"v1MsoNormal\"><span style=\"font-family: arial, sans-serif\">O projeto de pavimenta\u00e7\u00e3o das ruas de terra faz parte dos compromissos de governo da atual gest\u00e3o para trazer mais qualidade de vida e infraestrutura aos bairros. Nos \u00faltimos anos, diversos locais j\u00e1 foram contemplados no Jardim S\u00e3o Francisco, Jardim Cisoto, Distrito Industrial III e tamb\u00e9m no distrito de Ribeiro dos Santos. Recentemente, o munic\u00edpio tamb\u00e9m duplicou a Avenida Nossa Senhora de F\u00e1tima, em frente \u00e0 nova creche do Jardim Maranata, com a pavimenta\u00e7\u00e3o do trecho que d\u00e1 acesso \u00e0 escola para maior seguran\u00e7a de pais, alunos e professores.<\/span><\/p>\n<p class=\"v1MsoNormal\"><span style=\"font-family: arial, sans-serif\">Segundo a secretaria de Obras, Engenharia e Infraestrutura, o cronograma de melhorias na mobilidade urbana seguir\u00e1, em breve, com a constru\u00e7\u00e3o e pavimenta\u00e7\u00e3o de duas rotat\u00f3rias, uma pr\u00f3xima ao antigo Bazar das Noivas e outra no cruzamento da Avenida Cinquenten\u00e1rio do Folclore com a Rua Theodomiro Joaquim Bittencourt, no antigo Banespol.<\/span><\/p>\n<div>VEJA TAMB\u00c9M:\u00a0<a href=\"https:\/\/redenoticiaz.com.br\/barretos-regiao\/sp\/2023\/03\/30\/prefeitura-anuncia-fim-das-obras-de-recapeamento-em-avenida\">Prefeitura anuncia fim das obras de recapeamento em avenida<\/a><\/div>\n","protected":false},"excerpt":{"rendered":"<p>As obras para pavimentar as ruas de terra existentes na Est\u00e2ncia Tur\u00edstica de Ol\u00edmpia seguem contemplando diversos locais. Desta vez, mais duas vias, que s\u00e3o demandas antigas de moradores, foram contempladas. Uma delas \u00e9 a Avenida Jos\u00e9 de Carvalho Novaes, ao lado da EMEB Dona Luiza Seno de Oliveira, entre as Ruas Jo\u00e3o Forti e &hellip;<\/p>\n","protected":false},"author":15,"featured_media":103320,"comment_status":"open","ping_status":"closed","sticky":false,"template":"","format":"standard","meta":{"footnotes":""},"categories":[2920],"tags":[3121,17117,26183],"class_list":["post-103319","post","type-post","status-publish","format-standard","has-post-thumbnail","hentry","category-obras","tag-obras","tag-pavimentacao","tag-ruas-de-terra"],"yoast_head":"<!-- This site is optimized with the Yoast SEO plugin v27.4 - https:\/\/yoast.com\/product\/yoast-seo-wordpress\/ -->\n<title>Mais duas ruas de terra recebem pavimenta\u00e7\u00e3o asf\u00e1ltica em bairros de Ol\u00edmpia - Ribeir\u00e3o Preto e Regi\u00e3o<\/title>\n<meta name=\"description\" content=\"As obras para pavimentar as ruas de terra existentes na Est\u00e2ncia Tur\u00edstica de Ol\u00edmpia seguem contemplando diversos locais.\" \/>\n<meta name=\"robots\" content=\"index, follow, max-snippet:-1, max-image-preview:large, max-video-preview:-1\" \/>\n<link rel=\"canonical\" href=\"https:\/\/redenoticiaz.com.br\/ribeiraopreto-regiao\/sp\/2023\/04\/05\/mais-duas-ruas-de-terra-recebem-pavimentacao-asfaltica-em-bairros-de-olimpia\" \/>\n<meta property=\"og:locale\" content=\"pt_BR\" \/>\n<meta property=\"og:type\" content=\"article\" \/>\n<meta property=\"og:title\" content=\"Mais duas ruas de terra recebem pavimenta\u00e7\u00e3o asf\u00e1ltica em bairros de Ol\u00edmpia - Ribeir\u00e3o Preto e Regi\u00e3o\" \/>\n<meta property=\"og:description\" content=\"As obras para pavimentar as ruas de terra existentes na Est\u00e2ncia Tur\u00edstica de Ol\u00edmpia seguem contemplando diversos locais.\" \/>\n<meta property=\"og:url\" content=\"https:\/\/redenoticiaz.com.br\/ribeiraopreto-regiao\/sp\/2023\/04\/05\/mais-duas-ruas-de-terra-recebem-pavimentacao-asfaltica-em-bairros-de-olimpia\" \/>\n<meta property=\"og:site_name\" content=\"Ribeir\u00e3o Preto e Regi\u00e3o\" \/>\n<meta property=\"article:publisher\" content=\"https:\/\/m.facebook.com\/redenoticiaz.barretos\" \/>\n<meta property=\"article:published_time\" content=\"2023-04-05T17:18:31+00:00\" \/>\n<meta property=\"og:image\" content=\"https:\/\/redenoticiaz.com.br\/ribeiraopreto-regiao\/wp-content\/uploads\/sites\/4\/2023\/04\/Avenida-Jose-de-Carvalho-Novaes-DEPOIS-1-scaled.jpg\" \/>\n\t<meta property=\"og:image:width\" content=\"1920\" \/>\n\t<meta property=\"og:image:height\" content=\"1080\" \/>\n\t<meta property=\"og:image:type\" content=\"image\/jpeg\" \/>\n<meta name=\"twitter:card\" content=\"summary_large_image\" \/>\n<meta name=\"twitter:creator\" content=\"@RN_barretos\" \/>\n<meta name=\"twitter:site\" content=\"@RN_barretos\" \/>\n<meta name=\"twitter:label1\" content=\"Escrito por\" \/>\n\t<meta name=\"twitter:data1\" content=\"\" \/>\n\t<meta name=\"twitter:label2\" content=\"Est. tempo de leitura\" \/>\n\t<meta name=\"twitter:data2\" content=\"2 minutos\" \/>\n<script type=\"application\/ld+json\" class=\"yoast-schema-graph\">{\"@context\":\"https:\\\/\\\/schema.org\",\"@graph\":[{\"@type\":\"Article\",\"@id\":\"https:\\\/\\\/redenoticiaz.com.br\\\/ribeiraopreto-regiao\\\/sp\\\/2023\\\/04\\\/05\\\/mais-duas-ruas-de-terra-recebem-pavimentacao-asfaltica-em-bairros-de-olimpia#article\",\"isPartOf\":{\"@id\":\"https:\\\/\\\/redenoticiaz.com.br\\\/ribeiraopreto-regiao\\\/sp\\\/2023\\\/04\\\/05\\\/mais-duas-ruas-de-terra-recebem-pavimentacao-asfaltica-em-bairros-de-olimpia\"},\"author\":{\"name\":\"\",\"@id\":\"\"},\"headline\":\"Mais duas ruas de terra recebem pavimenta\u00e7\u00e3o asf\u00e1ltica em bairros de Ol\u00edmpia\",\"datePublished\":\"2023-04-05T17:18:31+00:00\",\"mainEntityOfPage\":{\"@id\":\"https:\\\/\\\/redenoticiaz.com.br\\\/ribeiraopreto-regiao\\\/sp\\\/2023\\\/04\\\/05\\\/mais-duas-ruas-de-terra-recebem-pavimentacao-asfaltica-em-bairros-de-olimpia\"},\"wordCount\":399,\"commentCount\":0,\"publisher\":{\"@id\":\"https:\\\/\\\/redenoticiaz.com.br\\\/ribeiraopreto-regiao\\\/#organization\"},\"image\":{\"@id\":\"https:\\\/\\\/redenoticiaz.com.br\\\/ribeiraopreto-regiao\\\/sp\\\/2023\\\/04\\\/05\\\/mais-duas-ruas-de-terra-recebem-pavimentacao-asfaltica-em-bairros-de-olimpia#primaryimage\"},\"thumbnailUrl\":\"https:\\\/\\\/redenoticiaz.com.br\\\/ribeiraopreto-regiao\\\/wp-content\\\/uploads\\\/sites\\\/4\\\/2023\\\/04\\\/Avenida-Jose-de-Carvalho-Novaes-DEPOIS-1-scaled.jpg\",\"keywords\":[\"obras\",\"PAVIMENTA\u00c7\u00c3O\",\"ruas de terra\"],\"articleSection\":[\"Obras\"],\"inLanguage\":\"pt-BR\",\"potentialAction\":[{\"@type\":\"CommentAction\",\"name\":\"Comment\",\"target\":[\"https:\\\/\\\/redenoticiaz.com.br\\\/ribeiraopreto-regiao\\\/sp\\\/2023\\\/04\\\/05\\\/mais-duas-ruas-de-terra-recebem-pavimentacao-asfaltica-em-bairros-de-olimpia#respond\"]}]},{\"@type\":\"WebPage\",\"@id\":\"https:\\\/\\\/redenoticiaz.com.br\\\/ribeiraopreto-regiao\\\/sp\\\/2023\\\/04\\\/05\\\/mais-duas-ruas-de-terra-recebem-pavimentacao-asfaltica-em-bairros-de-olimpia\",\"url\":\"https:\\\/\\\/redenoticiaz.com.br\\\/ribeiraopreto-regiao\\\/sp\\\/2023\\\/04\\\/05\\\/mais-duas-ruas-de-terra-recebem-pavimentacao-asfaltica-em-bairros-de-olimpia\",\"name\":\"Mais duas ruas de terra recebem pavimenta\u00e7\u00e3o asf\u00e1ltica em bairros de Ol\u00edmpia - Ribeir\u00e3o Preto e Regi\u00e3o\",\"isPartOf\":{\"@id\":\"https:\\\/\\\/redenoticiaz.com.br\\\/ribeiraopreto-regiao\\\/#website\"},\"primaryImageOfPage\":{\"@id\":\"https:\\\/\\\/redenoticiaz.com.br\\\/ribeiraopreto-regiao\\\/sp\\\/2023\\\/04\\\/05\\\/mais-duas-ruas-de-terra-recebem-pavimentacao-asfaltica-em-bairros-de-olimpia#primaryimage\"},\"image\":{\"@id\":\"https:\\\/\\\/redenoticiaz.com.br\\\/ribeiraopreto-regiao\\\/sp\\\/2023\\\/04\\\/05\\\/mais-duas-ruas-de-terra-recebem-pavimentacao-asfaltica-em-bairros-de-olimpia#primaryimage\"},\"thumbnailUrl\":\"https:\\\/\\\/redenoticiaz.com.br\\\/ribeiraopreto-regiao\\\/wp-content\\\/uploads\\\/sites\\\/4\\\/2023\\\/04\\\/Avenida-Jose-de-Carvalho-Novaes-DEPOIS-1-scaled.jpg\",\"datePublished\":\"2023-04-05T17:18:31+00:00\",\"description\":\"As obras para pavimentar as ruas de terra existentes na Est\u00e2ncia Tur\u00edstica de Ol\u00edmpia seguem contemplando diversos locais.\",\"inLanguage\":\"pt-BR\",\"potentialAction\":[{\"@type\":\"ReadAction\",\"target\":[\"https:\\\/\\\/redenoticiaz.com.br\\\/ribeiraopreto-regiao\\\/sp\\\/2023\\\/04\\\/05\\\/mais-duas-ruas-de-terra-recebem-pavimentacao-asfaltica-em-bairros-de-olimpia\"]}]},{\"@type\":\"ImageObject\",\"inLanguage\":\"pt-BR\",\"@id\":\"https:\\\/\\\/redenoticiaz.com.br\\\/ribeiraopreto-regiao\\\/sp\\\/2023\\\/04\\\/05\\\/mais-duas-ruas-de-terra-recebem-pavimentacao-asfaltica-em-bairros-de-olimpia#primaryimage\",\"url\":\"https:\\\/\\\/redenoticiaz.com.br\\\/ribeiraopreto-regiao\\\/wp-content\\\/uploads\\\/sites\\\/4\\\/2023\\\/04\\\/Avenida-Jose-de-Carvalho-Novaes-DEPOIS-1-scaled.jpg\",\"contentUrl\":\"https:\\\/\\\/redenoticiaz.com.br\\\/ribeiraopreto-regiao\\\/wp-content\\\/uploads\\\/sites\\\/4\\\/2023\\\/04\\\/Avenida-Jose-de-Carvalho-Novaes-DEPOIS-1-scaled.jpg\",\"width\":1920,\"height\":1080,\"caption\":\"Mais duas ruas de terra recebem pavimenta\u00e7\u00e3o asf\u00e1ltica em bairros de Ol\u00edmpia. Cr\u00e9dito: Divulga\u00e7\u00e3o\"},{\"@type\":\"WebSite\",\"@id\":\"https:\\\/\\\/redenoticiaz.com.br\\\/ribeiraopreto-regiao\\\/#website\",\"url\":\"https:\\\/\\\/redenoticiaz.com.br\\\/ribeiraopreto-regiao\\\/\",\"name\":\"Ribeir\u00e3o Preto e Regi\u00e3o\",\"description\":\"Rede NoticiaZ - Ribeir\u00e3o Preto e regi\u00e3o\",\"publisher\":{\"@id\":\"https:\\\/\\\/redenoticiaz.com.br\\\/ribeiraopreto-regiao\\\/#organization\"},\"potentialAction\":[{\"@type\":\"SearchAction\",\"target\":{\"@type\":\"EntryPoint\",\"urlTemplate\":\"https:\\\/\\\/redenoticiaz.com.br\\\/ribeiraopreto-regiao\\\/?s={search_term_string}\"},\"query-input\":{\"@type\":\"PropertyValueSpecification\",\"valueRequired\":true,\"valueName\":\"search_term_string\"}}],\"inLanguage\":\"pt-BR\"},{\"@type\":\"Organization\",\"@id\":\"https:\\\/\\\/redenoticiaz.com.br\\\/ribeiraopreto-regiao\\\/#organization\",\"name\":\"Ribeir\u00e3o Preto e Regi\u00e3o\",\"url\":\"https:\\\/\\\/redenoticiaz.com.br\\\/ribeiraopreto-regiao\\\/\",\"logo\":{\"@type\":\"ImageObject\",\"inLanguage\":\"pt-BR\",\"@id\":\"https:\\\/\\\/redenoticiaz.com.br\\\/ribeiraopreto-regiao\\\/#\\\/schema\\\/logo\\\/image\\\/\",\"url\":\"https:\\\/\\\/redenoticiaz.com.br\\\/barretos-regiao\\\/wp-content\\\/uploads\\\/sites\\\/4\\\/2022\\\/02\\\/logo.jpg\",\"contentUrl\":\"https:\\\/\\\/redenoticiaz.com.br\\\/barretos-regiao\\\/wp-content\\\/uploads\\\/sites\\\/4\\\/2022\\\/02\\\/logo.jpg\",\"width\":400,\"height\":250,\"caption\":\"Ribeir\u00e3o Preto e Regi\u00e3o\"},\"image\":{\"@id\":\"https:\\\/\\\/redenoticiaz.com.br\\\/ribeiraopreto-regiao\\\/#\\\/schema\\\/logo\\\/image\\\/\"},\"sameAs\":[\"https:\\\/\\\/m.facebook.com\\\/redenoticiaz.barretos\",\"https:\\\/\\\/x.com\\\/RN_barretos\",\"https:\\\/\\\/www.instagram.com\\\/redenoticiaz.barretos\\\/?igshid=YmMyMTA2M2Y\",\"https:\\\/\\\/www.linkedin.com\\\/company\\\/rede-noticiaz-barretos-e-regio\\\/\"]},{\"@type\":\"Person\",\"@id\":\"\",\"url\":\"https:\\\/\\\/redenoticiaz.com.br\\\/ribeiraopreto-regiao\\\/sp\\\/author\"}]}<\/script>\n<!-- \/ Yoast SEO plugin. -->","yoast_head_json":{"title":"Mais duas ruas de terra recebem pavimenta\u00e7\u00e3o asf\u00e1ltica em bairros de Ol\u00edmpia - Ribeir\u00e3o Preto e Regi\u00e3o","description":"As obras para pavimentar as ruas de terra existentes na Est\u00e2ncia Tur\u00edstica de Ol\u00edmpia seguem contemplando diversos locais.","robots":{"index":"index","follow":"follow","max-snippet":"max-snippet:-1","max-image-preview":"max-image-preview:large","max-video-preview":"max-video-preview:-1"},"canonical":"https:\/\/redenoticiaz.com.br\/ribeiraopreto-regiao\/sp\/2023\/04\/05\/mais-duas-ruas-de-terra-recebem-pavimentacao-asfaltica-em-bairros-de-olimpia","og_locale":"pt_BR","og_type":"article","og_title":"Mais duas ruas de terra recebem pavimenta\u00e7\u00e3o asf\u00e1ltica em bairros de Ol\u00edmpia - Ribeir\u00e3o Preto e Regi\u00e3o","og_description":"As obras para pavimentar as ruas de terra existentes na Est\u00e2ncia Tur\u00edstica de Ol\u00edmpia seguem contemplando diversos locais.","og_url":"https:\/\/redenoticiaz.com.br\/ribeiraopreto-regiao\/sp\/2023\/04\/05\/mais-duas-ruas-de-terra-recebem-pavimentacao-asfaltica-em-bairros-de-olimpia","og_site_name":"Ribeir\u00e3o Preto e Regi\u00e3o","article_publisher":"https:\/\/m.facebook.com\/redenoticiaz.barretos","article_published_time":"2023-04-05T17:18:31+00:00","og_image":[{"width":1920,"height":1080,"url":"https:\/\/redenoticiaz.com.br\/ribeiraopreto-regiao\/wp-content\/uploads\/sites\/4\/2023\/04\/Avenida-Jose-de-Carvalho-Novaes-DEPOIS-1-scaled.jpg","type":"image\/jpeg"}],"twitter_card":"summary_large_image","twitter_creator":"@RN_barretos","twitter_site":"@RN_barretos","twitter_misc":{"Escrito por":"","Est. tempo de leitura":"2 minutos"},"schema":{"@context":"https:\/\/schema.org","@graph":[{"@type":"Article","@id":"https:\/\/redenoticiaz.com.br\/ribeiraopreto-regiao\/sp\/2023\/04\/05\/mais-duas-ruas-de-terra-recebem-pavimentacao-asfaltica-em-bairros-de-olimpia#article","isPartOf":{"@id":"https:\/\/redenoticiaz.com.br\/ribeiraopreto-regiao\/sp\/2023\/04\/05\/mais-duas-ruas-de-terra-recebem-pavimentacao-asfaltica-em-bairros-de-olimpia"},"author":{"name":"","@id":""},"headline":"Mais duas ruas de terra recebem pavimenta\u00e7\u00e3o asf\u00e1ltica em bairros de Ol\u00edmpia","datePublished":"2023-04-05T17:18:31+00:00","mainEntityOfPage":{"@id":"https:\/\/redenoticiaz.com.br\/ribeiraopreto-regiao\/sp\/2023\/04\/05\/mais-duas-ruas-de-terra-recebem-pavimentacao-asfaltica-em-bairros-de-olimpia"},"wordCount":399,"commentCount":0,"publisher":{"@id":"https:\/\/redenoticiaz.com.br\/ribeiraopreto-regiao\/#organization"},"image":{"@id":"https:\/\/redenoticiaz.com.br\/ribeiraopreto-regiao\/sp\/2023\/04\/05\/mais-duas-ruas-de-terra-recebem-pavimentacao-asfaltica-em-bairros-de-olimpia#primaryimage"},"thumbnailUrl":"https:\/\/redenoticiaz.com.br\/ribeiraopreto-regiao\/wp-content\/uploads\/sites\/4\/2023\/04\/Avenida-Jose-de-Carvalho-Novaes-DEPOIS-1-scaled.jpg","keywords":["obras","PAVIMENTA\u00c7\u00c3O","ruas de terra"],"articleSection":["Obras"],"inLanguage":"pt-BR","potentialAction":[{"@type":"CommentAction","name":"Comment","target":["https:\/\/redenoticiaz.com.br\/ribeiraopreto-regiao\/sp\/2023\/04\/05\/mais-duas-ruas-de-terra-recebem-pavimentacao-asfaltica-em-bairros-de-olimpia#respond"]}]},{"@type":"WebPage","@id":"https:\/\/redenoticiaz.com.br\/ribeiraopreto-regiao\/sp\/2023\/04\/05\/mais-duas-ruas-de-terra-recebem-pavimentacao-asfaltica-em-bairros-de-olimpia","url":"https:\/\/redenoticiaz.com.br\/ribeiraopreto-regiao\/sp\/2023\/04\/05\/mais-duas-ruas-de-terra-recebem-pavimentacao-asfaltica-em-bairros-de-olimpia","name":"Mais duas ruas de terra recebem pavimenta\u00e7\u00e3o asf\u00e1ltica em bairros de Ol\u00edmpia - Ribeir\u00e3o Preto e Regi\u00e3o","isPartOf":{"@id":"https:\/\/redenoticiaz.com.br\/ribeiraopreto-regiao\/#website"},"primaryImageOfPage":{"@id":"https:\/\/redenoticiaz.com.br\/ribeiraopreto-regiao\/sp\/2023\/04\/05\/mais-duas-ruas-de-terra-recebem-pavimentacao-asfaltica-em-bairros-de-olimpia#primaryimage"},"image":{"@id":"https:\/\/redenoticiaz.com.br\/ribeiraopreto-regiao\/sp\/2023\/04\/05\/mais-duas-ruas-de-terra-recebem-pavimentacao-asfaltica-em-bairros-de-olimpia#primaryimage"},"thumbnailUrl":"https:\/\/redenoticiaz.com.br\/ribeiraopreto-regiao\/wp-content\/uploads\/sites\/4\/2023\/04\/Avenida-Jose-de-Carvalho-Novaes-DEPOIS-1-scaled.jpg","datePublished":"2023-04-05T17:18:31+00:00","description":"As obras para pavimentar as ruas de terra existentes na Est\u00e2ncia Tur\u00edstica de Ol\u00edmpia seguem contemplando diversos locais.","inLanguage":"pt-BR","potentialAction":[{"@type":"ReadAction","target":["https:\/\/redenoticiaz.com.br\/ribeiraopreto-regiao\/sp\/2023\/04\/05\/mais-duas-ruas-de-terra-recebem-pavimentacao-asfaltica-em-bairros-de-olimpia"]}]},{"@type":"ImageObject","inLanguage":"pt-BR","@id":"https:\/\/redenoticiaz.com.br\/ribeiraopreto-regiao\/sp\/2023\/04\/05\/mais-duas-ruas-de-terra-recebem-pavimentacao-asfaltica-em-bairros-de-olimpia#primaryimage","url":"https:\/\/redenoticiaz.com.br\/ribeiraopreto-regiao\/wp-content\/uploads\/sites\/4\/2023\/04\/Avenida-Jose-de-Carvalho-Novaes-DEPOIS-1-scaled.jpg","contentUrl":"https:\/\/redenoticiaz.com.br\/ribeiraopreto-regiao\/wp-content\/uploads\/sites\/4\/2023\/04\/Avenida-Jose-de-Carvalho-Novaes-DEPOIS-1-scaled.jpg","width":1920,"height":1080,"caption":"Mais duas ruas de terra recebem pavimenta\u00e7\u00e3o asf\u00e1ltica em bairros de Ol\u00edmpia. Cr\u00e9dito: Divulga\u00e7\u00e3o"},{"@type":"WebSite","@id":"https:\/\/redenoticiaz.com.br\/ribeiraopreto-regiao\/#website","url":"https:\/\/redenoticiaz.com.br\/ribeiraopreto-regiao\/","name":"Ribeir\u00e3o Preto e Regi\u00e3o","description":"Rede NoticiaZ - Ribeir\u00e3o Preto e regi\u00e3o","publisher":{"@id":"https:\/\/redenoticiaz.com.br\/ribeiraopreto-regiao\/#organization"},"potentialAction":[{"@type":"SearchAction","target":{"@type":"EntryPoint","urlTemplate":"https:\/\/redenoticiaz.com.br\/ribeiraopreto-regiao\/?s={search_term_string}"},"query-input":{"@type":"PropertyValueSpecification","valueRequired":true,"valueName":"search_term_string"}}],"inLanguage":"pt-BR"},{"@type":"Organization","@id":"https:\/\/redenoticiaz.com.br\/ribeiraopreto-regiao\/#organization","name":"Ribeir\u00e3o Preto e Regi\u00e3o","url":"https:\/\/redenoticiaz.com.br\/ribeiraopreto-regiao\/","logo":{"@type":"ImageObject","inLanguage":"pt-BR","@id":"https:\/\/redenoticiaz.com.br\/ribeiraopreto-regiao\/#\/schema\/logo\/image\/","url":"https:\/\/redenoticiaz.com.br\/barretos-regiao\/wp-content\/uploads\/sites\/4\/2022\/02\/logo.jpg","contentUrl":"https:\/\/redenoticiaz.com.br\/barretos-regiao\/wp-content\/uploads\/sites\/4\/2022\/02\/logo.jpg","width":400,"height":250,"caption":"Ribeir\u00e3o Preto e Regi\u00e3o"},"image":{"@id":"https:\/\/redenoticiaz.com.br\/ribeiraopreto-regiao\/#\/schema\/logo\/image\/"},"sameAs":["https:\/\/m.facebook.com\/redenoticiaz.barretos","https:\/\/x.com\/RN_barretos","https:\/\/www.instagram.com\/redenoticiaz.barretos\/?igshid=YmMyMTA2M2Y","https:\/\/www.linkedin.com\/company\/rede-noticiaz-barretos-e-regio\/"]},{"@type":"Person","@id":"","url":"https:\/\/redenoticiaz.com.br\/ribeiraopreto-regiao\/sp\/author"}]}},"_links":{"self":[{"href":"https:\/\/redenoticiaz.com.br\/ribeiraopreto-regiao\/wp-json\/wp\/v2\/posts\/103319","targetHints":{"allow":["GET"]}}],"collection":[{"href":"https:\/\/redenoticiaz.com.br\/ribeiraopreto-regiao\/wp-json\/wp\/v2\/posts"}],"about":[{"href":"https:\/\/redenoticiaz.com.br\/ribeiraopreto-regiao\/wp-json\/wp\/v2\/types\/post"}],"author":[{"embeddable":true,"href":"https:\/\/redenoticiaz.com.br\/ribeiraopreto-regiao\/wp-json\/wp\/v2\/users\/15"}],"replies":[{"embeddable":true,"href":"https:\/\/redenoticiaz.com.br\/ribeiraopreto-regiao\/wp-json\/wp\/v2\/comments?post=103319"}],"version-history":[{"count":1,"href":"https:\/\/redenoticiaz.com.br\/ribeiraopreto-regiao\/wp-json\/wp\/v2\/posts\/103319\/revisions"}],"predecessor-version":[{"id":103321,"href":"https:\/\/redenoticiaz.com.br\/ribeiraopreto-regiao\/wp-json\/wp\/v2\/posts\/103319\/revisions\/103321"}],"wp:featuredmedia":[{"embeddable":true,"href":"https:\/\/redenoticiaz.com.br\/ribeiraopreto-regiao\/wp-json\/wp\/v2\/media\/103320"}],"wp:attachment":[{"href":"https:\/\/redenoticiaz.com.br\/ribeiraopreto-regiao\/wp-json\/wp\/v2\/media?parent=103319"}],"wp:term":[{"taxonomy":"category","embeddable":true,"href":"https:\/\/redenoticiaz.com.br\/ribeiraopreto-regiao\/wp-json\/wp\/v2\/categories?post=103319"},{"taxonomy":"post_tag","embeddable":true,"href":"https:\/\/redenoticiaz.com.br\/ribeiraopreto-regiao\/wp-json\/wp\/v2\/tags?post=103319"}],"curies":[{"name":"wp","href":"https:\/\/api.w.org\/{rel}","templated":true}]}}