{"id":103334,"date":"2023-04-05T16:38:30","date_gmt":"2023-04-05T19:38:30","guid":{"rendered":"https:\/\/redenoticiaz.com.br\/barretos-regiao\/?p=103334"},"modified":"2023-04-05T16:38:30","modified_gmt":"2023-04-05T19:38:30","slug":"olimpia-reforca-seguranca-em-escola-apos-ataque-em-sp-e-sc","status":"publish","type":"post","link":"https:\/\/redenoticiaz.com.br\/ribeiraopreto-regiao\/sp\/2023\/04\/05\/olimpia-reforca-seguranca-em-escola-apos-ataque-em-sp-e-sc","title":{"rendered":"Ol\u00edmpia refor\u00e7a seguran\u00e7a em escola ap\u00f3s ataques em SP e SC"},"content":{"rendered":"<p>Ap\u00f3s terr\u00edveis casos de ataque registrado em <a href=\"https:\/\/redenoticiaz.com.br\/barretos-regiao\/sp\/2023\/03\/27\/professora-vitima-de-ataque-em-escola-de-sp-morre\">S\u00e3o Paulo<\/a> e <a href=\"https:\/\/redenoticiaz.com.br\/barretos-regiao\/sp\/2023\/04\/05\/quatro-criancas-sao-mortas-dentro-de-creche\">Santa Catarina,<\/a> a cidade de Ol\u00edmpia decidiu refor\u00e7ar a seguran\u00e7a nas \u00e1reas das escolas e creches da rede municipal. A decis\u00e3o foi tomada nesta quarta-feira (5).<\/p>\n<p>Em um comunicado publicado nas redes sociais, a Prefeitura de Ol\u00edmpia afirmou que a Guarda Civil Municipal (GCM) intensificou a ronda, e que a vigil\u00e2ncia dentro das unidades de ensino foi aumentada.<\/p>\n<p><em>\u201cCabe ressaltar que nenhuma situa\u00e7\u00e3o suspeita foi identificada nas escolas, e que as unidades j\u00e1 contam com diversos dispositivos de seguran\u00e7a e port\u00f5es eletr\u00f4nicos. A Secretaria de Educa\u00e7\u00e3o est\u00e1 em constante di\u00e1logo com os pais, salientando que todas as medidas necess\u00e1rias est\u00e3o sendo tomadas a fim de garantir a seguran\u00e7a dos alunos\u201d<\/em>, conta na nota.<\/p>\n<p>VEJA TAMB\u00c9M:\u00a0<a href=\"https:\/\/redenoticiaz.com.br\/barretos-regiao\/sp\/2023\/04\/05\/quatro-criancas-sao-mortas-dentro-de-creche\">Quatro crian\u00e7as s\u00e3o mortas dentro de creche<\/a><\/p>\n","protected":false},"excerpt":{"rendered":"<p>Ap\u00f3s terr\u00edveis casos de ataque registrado em S\u00e3o Paulo e Santa Catarina, a cidade de Ol\u00edmpia decidiu refor\u00e7ar a seguran\u00e7a nas \u00e1reas das escolas e creches da rede municipal. A decis\u00e3o foi tomada nesta quarta-feira (5). Em um comunicado publicado nas redes sociais, a Prefeitura de Ol\u00edmpia afirmou que a Guarda Civil Municipal (GCM) intensificou &hellip;<\/p>\n","protected":false},"author":15,"featured_media":103335,"comment_status":"open","ping_status":"closed","sticky":false,"template":"","format":"standard","meta":{"footnotes":""},"categories":[88],"tags":[1011,8298,814,25140,26186],"class_list":["post-103334","post","type-post","status-publish","format-standard","has-post-thumbnail","hentry","category-policia","tag-ataques","tag-escola","tag-olimpia","tag-policiamento","tag-reforca"],"yoast_head":"<!-- This site is optimized with the Yoast SEO plugin v28.4 - https:\/\/yoast.com\/product\/yoast-seo-wordpress\/ -->\n<title>Ol\u00edmpia refor\u00e7a seguran\u00e7a em escola ap\u00f3s ataques em SP e SC - Ribeir\u00e3o Preto e Regi\u00e3o<\/title>\n<meta name=\"description\" content=\"Ap\u00f3s terr\u00edveis casos de ataque registrado em S\u00e3o Paulo e Santa Catarina, a cidade de Ol\u00edmpia decidiu refor\u00e7ar a seguran\u00e7a nas \u00e1reas das escolas.\" \/>\n<meta name=\"robots\" content=\"index, follow, max-snippet:-1, max-image-preview:large, max-video-preview:-1\" \/>\n<link rel=\"canonical\" href=\"https:\/\/redenoticiaz.com.br\/ribeiraopreto-regiao\/sp\/2023\/04\/05\/olimpia-reforca-seguranca-em-escola-apos-ataque-em-sp-e-sc\" \/>\n<meta property=\"og:locale\" content=\"pt_BR\" \/>\n<meta property=\"og:type\" content=\"article\" \/>\n<meta property=\"og:title\" content=\"Ol\u00edmpia refor\u00e7a seguran\u00e7a em escola ap\u00f3s ataques em SP e SC - Ribeir\u00e3o Preto e Regi\u00e3o\" \/>\n<meta property=\"og:description\" content=\"Ap\u00f3s terr\u00edveis casos de ataque registrado em S\u00e3o Paulo e Santa Catarina, a cidade de Ol\u00edmpia decidiu refor\u00e7ar a seguran\u00e7a nas \u00e1reas das escolas.\" \/>\n<meta property=\"og:url\" content=\"https:\/\/redenoticiaz.com.br\/ribeiraopreto-regiao\/sp\/2023\/04\/05\/olimpia-reforca-seguranca-em-escola-apos-ataque-em-sp-e-sc\" \/>\n<meta property=\"og:site_name\" content=\"Ribeir\u00e3o Preto e Regi\u00e3o\" \/>\n<meta property=\"article:publisher\" content=\"https:\/\/m.facebook.com\/redenoticiaz.barretos\" \/>\n<meta property=\"article:published_time\" content=\"2023-04-05T19:38:30+00:00\" \/>\n<meta property=\"og:image\" content=\"https:\/\/redenoticiaz.com.br\/ribeiraopreto-regiao\/wp-content\/uploads\/sites\/4\/2023\/04\/FOTO-CORRETA-CRECHE-OLIMPIA.jpg\" \/>\n\t<meta property=\"og:image:width\" content=\"1270\" \/>\n\t<meta property=\"og:image:height\" content=\"800\" \/>\n\t<meta property=\"og:image:type\" content=\"image\/jpeg\" \/>\n<meta name=\"twitter:card\" content=\"summary_large_image\" \/>\n<meta name=\"twitter:creator\" content=\"@RN_barretos\" \/>\n<meta name=\"twitter:site\" content=\"@RN_barretos\" \/>\n<meta name=\"twitter:label1\" content=\"Escrito por\" \/>\n\t<meta name=\"twitter:data1\" content=\"\" \/>\n\t<meta name=\"twitter:label2\" content=\"Est. tempo de leitura\" \/>\n\t<meta name=\"twitter:data2\" content=\"1 minuto\" \/>\n<script type=\"application\/ld+json\" class=\"yoast-schema-graph\">{\"@context\":\"https:\\\/\\\/schema.org\",\"@graph\":[{\"@type\":\"Article\",\"@id\":\"https:\\\/\\\/redenoticiaz.com.br\\\/ribeiraopreto-regiao\\\/sp\\\/2023\\\/04\\\/05\\\/olimpia-reforca-seguranca-em-escola-apos-ataque-em-sp-e-sc#article\",\"isPartOf\":{\"@id\":\"https:\\\/\\\/redenoticiaz.com.br\\\/ribeiraopreto-regiao\\\/sp\\\/2023\\\/04\\\/05\\\/olimpia-reforca-seguranca-em-escola-apos-ataque-em-sp-e-sc\"},\"author\":{\"name\":\"\",\"@id\":\"\"},\"headline\":\"Ol\u00edmpia refor\u00e7a seguran\u00e7a em escola ap\u00f3s ataques em SP e SC\",\"datePublished\":\"2023-04-05T19:38:30+00:00\",\"mainEntityOfPage\":{\"@id\":\"https:\\\/\\\/redenoticiaz.com.br\\\/ribeiraopreto-regiao\\\/sp\\\/2023\\\/04\\\/05\\\/olimpia-reforca-seguranca-em-escola-apos-ataque-em-sp-e-sc\"},\"wordCount\":167,\"commentCount\":0,\"publisher\":{\"@id\":\"https:\\\/\\\/redenoticiaz.com.br\\\/ribeiraopreto-regiao\\\/#organization\"},\"image\":{\"@id\":\"https:\\\/\\\/redenoticiaz.com.br\\\/ribeiraopreto-regiao\\\/sp\\\/2023\\\/04\\\/05\\\/olimpia-reforca-seguranca-em-escola-apos-ataque-em-sp-e-sc#primaryimage\"},\"thumbnailUrl\":\"https:\\\/\\\/redenoticiaz.com.br\\\/ribeiraopreto-regiao\\\/wp-content\\\/uploads\\\/sites\\\/4\\\/2023\\\/04\\\/FOTO-CORRETA-CRECHE-OLIMPIA.jpg\",\"keywords\":[\"ATAQUES\",\"ESCOLA\",\"OLIMP\u00cdA\",\"Policiamento\",\"refor\u00e7a\"],\"articleSection\":[\"Pol\u00edcia\"],\"inLanguage\":\"pt-BR\",\"potentialAction\":[{\"@type\":\"CommentAction\",\"name\":\"Comment\",\"target\":[\"https:\\\/\\\/redenoticiaz.com.br\\\/ribeiraopreto-regiao\\\/sp\\\/2023\\\/04\\\/05\\\/olimpia-reforca-seguranca-em-escola-apos-ataque-em-sp-e-sc#respond\"]}]},{\"@type\":\"WebPage\",\"@id\":\"https:\\\/\\\/redenoticiaz.com.br\\\/ribeiraopreto-regiao\\\/sp\\\/2023\\\/04\\\/05\\\/olimpia-reforca-seguranca-em-escola-apos-ataque-em-sp-e-sc\",\"url\":\"https:\\\/\\\/redenoticiaz.com.br\\\/ribeiraopreto-regiao\\\/sp\\\/2023\\\/04\\\/05\\\/olimpia-reforca-seguranca-em-escola-apos-ataque-em-sp-e-sc\",\"name\":\"Ol\u00edmpia refor\u00e7a seguran\u00e7a em escola ap\u00f3s ataques em SP e SC - Ribeir\u00e3o Preto e Regi\u00e3o\",\"isPartOf\":{\"@id\":\"https:\\\/\\\/redenoticiaz.com.br\\\/ribeiraopreto-regiao\\\/#website\"},\"primaryImageOfPage\":{\"@id\":\"https:\\\/\\\/redenoticiaz.com.br\\\/ribeiraopreto-regiao\\\/sp\\\/2023\\\/04\\\/05\\\/olimpia-reforca-seguranca-em-escola-apos-ataque-em-sp-e-sc#primaryimage\"},\"image\":{\"@id\":\"https:\\\/\\\/redenoticiaz.com.br\\\/ribeiraopreto-regiao\\\/sp\\\/2023\\\/04\\\/05\\\/olimpia-reforca-seguranca-em-escola-apos-ataque-em-sp-e-sc#primaryimage\"},\"thumbnailUrl\":\"https:\\\/\\\/redenoticiaz.com.br\\\/ribeiraopreto-regiao\\\/wp-content\\\/uploads\\\/sites\\\/4\\\/2023\\\/04\\\/FOTO-CORRETA-CRECHE-OLIMPIA.jpg\",\"datePublished\":\"2023-04-05T19:38:30+00:00\",\"description\":\"Ap\u00f3s terr\u00edveis casos de ataque registrado em S\u00e3o Paulo e Santa Catarina, a cidade de Ol\u00edmpia decidiu refor\u00e7ar a seguran\u00e7a nas \u00e1reas das escolas.\",\"inLanguage\":\"pt-BR\",\"potentialAction\":[{\"@type\":\"ReadAction\",\"target\":[\"https:\\\/\\\/redenoticiaz.com.br\\\/ribeiraopreto-regiao\\\/sp\\\/2023\\\/04\\\/05\\\/olimpia-reforca-seguranca-em-escola-apos-ataque-em-sp-e-sc\"]}]},{\"@type\":\"ImageObject\",\"inLanguage\":\"pt-BR\",\"@id\":\"https:\\\/\\\/redenoticiaz.com.br\\\/ribeiraopreto-regiao\\\/sp\\\/2023\\\/04\\\/05\\\/olimpia-reforca-seguranca-em-escola-apos-ataque-em-sp-e-sc#primaryimage\",\"url\":\"https:\\\/\\\/redenoticiaz.com.br\\\/ribeiraopreto-regiao\\\/wp-content\\\/uploads\\\/sites\\\/4\\\/2023\\\/04\\\/FOTO-CORRETA-CRECHE-OLIMPIA.jpg\",\"contentUrl\":\"https:\\\/\\\/redenoticiaz.com.br\\\/ribeiraopreto-regiao\\\/wp-content\\\/uploads\\\/sites\\\/4\\\/2023\\\/04\\\/FOTO-CORRETA-CRECHE-OLIMPIA.jpg\",\"width\":1270,\"height\":800,\"caption\":\"Ol\u00edmpia refor\u00e7a seguran\u00e7a em escola ap\u00f3s ataques em SP e SC. Cr\u00e9dito: Divulga\u00e7\u00e3o\"},{\"@type\":\"WebSite\",\"@id\":\"https:\\\/\\\/redenoticiaz.com.br\\\/ribeiraopreto-regiao\\\/#website\",\"url\":\"https:\\\/\\\/redenoticiaz.com.br\\\/ribeiraopreto-regiao\\\/\",\"name\":\"Ribeir\u00e3o Preto e Regi\u00e3o\",\"description\":\"Rede NoticiaZ - Ribeir\u00e3o Preto e regi\u00e3o\",\"publisher\":{\"@id\":\"https:\\\/\\\/redenoticiaz.com.br\\\/ribeiraopreto-regiao\\\/#organization\"},\"potentialAction\":[{\"@type\":\"SearchAction\",\"target\":{\"@type\":\"EntryPoint\",\"urlTemplate\":\"https:\\\/\\\/redenoticiaz.com.br\\\/ribeiraopreto-regiao\\\/?s={search_term_string}\"},\"query-input\":{\"@type\":\"PropertyValueSpecification\",\"valueRequired\":true,\"valueName\":\"search_term_string\"}}],\"inLanguage\":\"pt-BR\"},{\"@type\":\"Organization\",\"@id\":\"https:\\\/\\\/redenoticiaz.com.br\\\/ribeiraopreto-regiao\\\/#organization\",\"name\":\"Ribeir\u00e3o Preto e Regi\u00e3o\",\"url\":\"https:\\\/\\\/redenoticiaz.com.br\\\/ribeiraopreto-regiao\\\/\",\"logo\":{\"@type\":\"ImageObject\",\"inLanguage\":\"pt-BR\",\"@id\":\"https:\\\/\\\/redenoticiaz.com.br\\\/ribeiraopreto-regiao\\\/#\\\/schema\\\/logo\\\/image\\\/\",\"url\":\"https:\\\/\\\/redenoticiaz.com.br\\\/barretos-regiao\\\/wp-content\\\/uploads\\\/sites\\\/4\\\/2022\\\/02\\\/logo.jpg\",\"contentUrl\":\"https:\\\/\\\/redenoticiaz.com.br\\\/barretos-regiao\\\/wp-content\\\/uploads\\\/sites\\\/4\\\/2022\\\/02\\\/logo.jpg\",\"width\":400,\"height\":250,\"caption\":\"Ribeir\u00e3o Preto e Regi\u00e3o\"},\"image\":{\"@id\":\"https:\\\/\\\/redenoticiaz.com.br\\\/ribeiraopreto-regiao\\\/#\\\/schema\\\/logo\\\/image\\\/\"},\"sameAs\":[\"https:\\\/\\\/m.facebook.com\\\/redenoticiaz.barretos\",\"https:\\\/\\\/x.com\\\/RN_barretos\",\"https:\\\/\\\/www.instagram.com\\\/redenoticiaz.barretos\\\/?igshid=YmMyMTA2M2Y\",\"https:\\\/\\\/www.linkedin.com\\\/company\\\/rede-noticiaz-barretos-e-regio\\\/\"]},{\"@type\":\"Person\",\"@id\":\"\",\"url\":\"https:\\\/\\\/redenoticiaz.com.br\\\/ribeiraopreto-regiao\\\/sp\\\/author\"}]}<\/script>\n<!-- \/ Yoast SEO plugin. -->","yoast_head_json":{"title":"Ol\u00edmpia refor\u00e7a seguran\u00e7a em escola ap\u00f3s ataques em SP e SC - Ribeir\u00e3o Preto e Regi\u00e3o","description":"Ap\u00f3s terr\u00edveis casos de ataque registrado em S\u00e3o Paulo e Santa Catarina, a cidade de Ol\u00edmpia decidiu refor\u00e7ar a seguran\u00e7a nas \u00e1reas das escolas.","robots":{"index":"index","follow":"follow","max-snippet":"max-snippet:-1","max-image-preview":"max-image-preview:large","max-video-preview":"max-video-preview:-1"},"canonical":"https:\/\/redenoticiaz.com.br\/ribeiraopreto-regiao\/sp\/2023\/04\/05\/olimpia-reforca-seguranca-em-escola-apos-ataque-em-sp-e-sc","og_locale":"pt_BR","og_type":"article","og_title":"Ol\u00edmpia refor\u00e7a seguran\u00e7a em escola ap\u00f3s ataques em SP e SC - Ribeir\u00e3o Preto e Regi\u00e3o","og_description":"Ap\u00f3s terr\u00edveis casos de ataque registrado em S\u00e3o Paulo e Santa Catarina, a cidade de Ol\u00edmpia decidiu refor\u00e7ar a seguran\u00e7a nas \u00e1reas das escolas.","og_url":"https:\/\/redenoticiaz.com.br\/ribeiraopreto-regiao\/sp\/2023\/04\/05\/olimpia-reforca-seguranca-em-escola-apos-ataque-em-sp-e-sc","og_site_name":"Ribeir\u00e3o Preto e Regi\u00e3o","article_publisher":"https:\/\/m.facebook.com\/redenoticiaz.barretos","article_published_time":"2023-04-05T19:38:30+00:00","og_image":[{"width":1270,"height":800,"url":"https:\/\/redenoticiaz.com.br\/ribeiraopreto-regiao\/wp-content\/uploads\/sites\/4\/2023\/04\/FOTO-CORRETA-CRECHE-OLIMPIA.jpg","type":"image\/jpeg"}],"twitter_card":"summary_large_image","twitter_creator":"@RN_barretos","twitter_site":"@RN_barretos","twitter_misc":{"Escrito por":"","Est. tempo de leitura":"1 minuto"},"schema":{"@context":"https:\/\/schema.org","@graph":[{"@type":"Article","@id":"https:\/\/redenoticiaz.com.br\/ribeiraopreto-regiao\/sp\/2023\/04\/05\/olimpia-reforca-seguranca-em-escola-apos-ataque-em-sp-e-sc#article","isPartOf":{"@id":"https:\/\/redenoticiaz.com.br\/ribeiraopreto-regiao\/sp\/2023\/04\/05\/olimpia-reforca-seguranca-em-escola-apos-ataque-em-sp-e-sc"},"author":{"name":"","@id":""},"headline":"Ol\u00edmpia refor\u00e7a seguran\u00e7a em escola ap\u00f3s ataques em SP e SC","datePublished":"2023-04-05T19:38:30+00:00","mainEntityOfPage":{"@id":"https:\/\/redenoticiaz.com.br\/ribeiraopreto-regiao\/sp\/2023\/04\/05\/olimpia-reforca-seguranca-em-escola-apos-ataque-em-sp-e-sc"},"wordCount":167,"commentCount":0,"publisher":{"@id":"https:\/\/redenoticiaz.com.br\/ribeiraopreto-regiao\/#organization"},"image":{"@id":"https:\/\/redenoticiaz.com.br\/ribeiraopreto-regiao\/sp\/2023\/04\/05\/olimpia-reforca-seguranca-em-escola-apos-ataque-em-sp-e-sc#primaryimage"},"thumbnailUrl":"https:\/\/redenoticiaz.com.br\/ribeiraopreto-regiao\/wp-content\/uploads\/sites\/4\/2023\/04\/FOTO-CORRETA-CRECHE-OLIMPIA.jpg","keywords":["ATAQUES","ESCOLA","OLIMP\u00cdA","Policiamento","refor\u00e7a"],"articleSection":["Pol\u00edcia"],"inLanguage":"pt-BR","potentialAction":[{"@type":"CommentAction","name":"Comment","target":["https:\/\/redenoticiaz.com.br\/ribeiraopreto-regiao\/sp\/2023\/04\/05\/olimpia-reforca-seguranca-em-escola-apos-ataque-em-sp-e-sc#respond"]}]},{"@type":"WebPage","@id":"https:\/\/redenoticiaz.com.br\/ribeiraopreto-regiao\/sp\/2023\/04\/05\/olimpia-reforca-seguranca-em-escola-apos-ataque-em-sp-e-sc","url":"https:\/\/redenoticiaz.com.br\/ribeiraopreto-regiao\/sp\/2023\/04\/05\/olimpia-reforca-seguranca-em-escola-apos-ataque-em-sp-e-sc","name":"Ol\u00edmpia refor\u00e7a seguran\u00e7a em escola ap\u00f3s ataques em SP e SC - Ribeir\u00e3o Preto e Regi\u00e3o","isPartOf":{"@id":"https:\/\/redenoticiaz.com.br\/ribeiraopreto-regiao\/#website"},"primaryImageOfPage":{"@id":"https:\/\/redenoticiaz.com.br\/ribeiraopreto-regiao\/sp\/2023\/04\/05\/olimpia-reforca-seguranca-em-escola-apos-ataque-em-sp-e-sc#primaryimage"},"image":{"@id":"https:\/\/redenoticiaz.com.br\/ribeiraopreto-regiao\/sp\/2023\/04\/05\/olimpia-reforca-seguranca-em-escola-apos-ataque-em-sp-e-sc#primaryimage"},"thumbnailUrl":"https:\/\/redenoticiaz.com.br\/ribeiraopreto-regiao\/wp-content\/uploads\/sites\/4\/2023\/04\/FOTO-CORRETA-CRECHE-OLIMPIA.jpg","datePublished":"2023-04-05T19:38:30+00:00","description":"Ap\u00f3s terr\u00edveis casos de ataque registrado em S\u00e3o Paulo e Santa Catarina, a cidade de Ol\u00edmpia decidiu refor\u00e7ar a seguran\u00e7a nas \u00e1reas das escolas.","inLanguage":"pt-BR","potentialAction":[{"@type":"ReadAction","target":["https:\/\/redenoticiaz.com.br\/ribeiraopreto-regiao\/sp\/2023\/04\/05\/olimpia-reforca-seguranca-em-escola-apos-ataque-em-sp-e-sc"]}]},{"@type":"ImageObject","inLanguage":"pt-BR","@id":"https:\/\/redenoticiaz.com.br\/ribeiraopreto-regiao\/sp\/2023\/04\/05\/olimpia-reforca-seguranca-em-escola-apos-ataque-em-sp-e-sc#primaryimage","url":"https:\/\/redenoticiaz.com.br\/ribeiraopreto-regiao\/wp-content\/uploads\/sites\/4\/2023\/04\/FOTO-CORRETA-CRECHE-OLIMPIA.jpg","contentUrl":"https:\/\/redenoticiaz.com.br\/ribeiraopreto-regiao\/wp-content\/uploads\/sites\/4\/2023\/04\/FOTO-CORRETA-CRECHE-OLIMPIA.jpg","width":1270,"height":800,"caption":"Ol\u00edmpia refor\u00e7a seguran\u00e7a em escola ap\u00f3s ataques em SP e SC. Cr\u00e9dito: Divulga\u00e7\u00e3o"},{"@type":"WebSite","@id":"https:\/\/redenoticiaz.com.br\/ribeiraopreto-regiao\/#website","url":"https:\/\/redenoticiaz.com.br\/ribeiraopreto-regiao\/","name":"Ribeir\u00e3o Preto e Regi\u00e3o","description":"Rede NoticiaZ - Ribeir\u00e3o Preto e regi\u00e3o","publisher":{"@id":"https:\/\/redenoticiaz.com.br\/ribeiraopreto-regiao\/#organization"},"potentialAction":[{"@type":"SearchAction","target":{"@type":"EntryPoint","urlTemplate":"https:\/\/redenoticiaz.com.br\/ribeiraopreto-regiao\/?s={search_term_string}"},"query-input":{"@type":"PropertyValueSpecification","valueRequired":true,"valueName":"search_term_string"}}],"inLanguage":"pt-BR"},{"@type":"Organization","@id":"https:\/\/redenoticiaz.com.br\/ribeiraopreto-regiao\/#organization","name":"Ribeir\u00e3o Preto e Regi\u00e3o","url":"https:\/\/redenoticiaz.com.br\/ribeiraopreto-regiao\/","logo":{"@type":"ImageObject","inLanguage":"pt-BR","@id":"https:\/\/redenoticiaz.com.br\/ribeiraopreto-regiao\/#\/schema\/logo\/image\/","url":"https:\/\/redenoticiaz.com.br\/barretos-regiao\/wp-content\/uploads\/sites\/4\/2022\/02\/logo.jpg","contentUrl":"https:\/\/redenoticiaz.com.br\/barretos-regiao\/wp-content\/uploads\/sites\/4\/2022\/02\/logo.jpg","width":400,"height":250,"caption":"Ribeir\u00e3o Preto e Regi\u00e3o"},"image":{"@id":"https:\/\/redenoticiaz.com.br\/ribeiraopreto-regiao\/#\/schema\/logo\/image\/"},"sameAs":["https:\/\/m.facebook.com\/redenoticiaz.barretos","https:\/\/x.com\/RN_barretos","https:\/\/www.instagram.com\/redenoticiaz.barretos\/?igshid=YmMyMTA2M2Y","https:\/\/www.linkedin.com\/company\/rede-noticiaz-barretos-e-regio\/"]},{"@type":"Person","@id":"","url":"https:\/\/redenoticiaz.com.br\/ribeiraopreto-regiao\/sp\/author"}]}},"_links":{"self":[{"href":"https:\/\/redenoticiaz.com.br\/ribeiraopreto-regiao\/wp-json\/wp\/v2\/posts\/103334","targetHints":{"allow":["GET"]}}],"collection":[{"href":"https:\/\/redenoticiaz.com.br\/ribeiraopreto-regiao\/wp-json\/wp\/v2\/posts"}],"about":[{"href":"https:\/\/redenoticiaz.com.br\/ribeiraopreto-regiao\/wp-json\/wp\/v2\/types\/post"}],"author":[{"embeddable":true,"href":"https:\/\/redenoticiaz.com.br\/ribeiraopreto-regiao\/wp-json\/wp\/v2\/users\/15"}],"replies":[{"embeddable":true,"href":"https:\/\/redenoticiaz.com.br\/ribeiraopreto-regiao\/wp-json\/wp\/v2\/comments?post=103334"}],"version-history":[{"count":1,"href":"https:\/\/redenoticiaz.com.br\/ribeiraopreto-regiao\/wp-json\/wp\/v2\/posts\/103334\/revisions"}],"predecessor-version":[{"id":103336,"href":"https:\/\/redenoticiaz.com.br\/ribeiraopreto-regiao\/wp-json\/wp\/v2\/posts\/103334\/revisions\/103336"}],"wp:featuredmedia":[{"embeddable":true,"href":"https:\/\/redenoticiaz.com.br\/ribeiraopreto-regiao\/wp-json\/wp\/v2\/media\/103335"}],"wp:attachment":[{"href":"https:\/\/redenoticiaz.com.br\/ribeiraopreto-regiao\/wp-json\/wp\/v2\/media?parent=103334"}],"wp:term":[{"taxonomy":"category","embeddable":true,"href":"https:\/\/redenoticiaz.com.br\/ribeiraopreto-regiao\/wp-json\/wp\/v2\/categories?post=103334"},{"taxonomy":"post_tag","embeddable":true,"href":"https:\/\/redenoticiaz.com.br\/ribeiraopreto-regiao\/wp-json\/wp\/v2\/tags?post=103334"}],"curies":[{"name":"wp","href":"https:\/\/api.w.org\/{rel}","templated":true}]}}