{"id":103495,"date":"2023-04-09T18:26:36","date_gmt":"2023-04-09T21:26:36","guid":{"rendered":"https:\/\/redenoticiaz.com.br\/barretos-regiao\/sp\/2023\/04\/09\/palmeiras-goleia-o-agua-santa-e-volta-a-ser-bicampeao-paulista-apos-29-anos"},"modified":"2023-04-09T18:26:36","modified_gmt":"2023-04-09T21:26:36","slug":"palmeiras-goleia-o-agua-santa-e-volta-a-ser-bicampeao-paulista-apos-29-anos","status":"publish","type":"post","link":"https:\/\/redenoticiaz.com.br\/ribeiraopreto-regiao\/sp\/2023\/04\/09\/palmeiras-goleia-o-agua-santa-e-volta-a-ser-bicampeao-paulista-apos-29-anos","title":{"rendered":"Palmeiras goleia o \u00c1gua Santa e volta a ser bicampe\u00e3o Paulista ap\u00f3s 29 anos"},"content":{"rendered":"<p>O futebol paulista veste a cor alviverde. Neste domingo (9), o Palmeiras foi absoluto e levou o <strong>25\u00ba Campeonato Paulista<\/strong> da hist\u00f3ria ao golear o \u00c1gua Santa por 4 a 0 em um Allianz Parque abarrotado, onde a torcida apoiou incondicionalmente o time, ap\u00f3s derrota no jogo de ida por 2 a 1. O Verd\u00e3o tamb\u00e9m fez hist\u00f3ria ao conquistar o bicampeonato do Paulist\u00e3o, ap\u00f3s 29 anos. A \u00faltima vez foi na \u00e9poca do t\u00e9cnico Vanderlei Luxemburgo, que comandou estrelas como Edmundo, Evair, Roberto Carlos, Velloso e Cl\u00e9ber.<\/p>\n<p>Logo nos primeiros minutos de jogo, o Palmeiras mostrou a que veio e saiu pressionando o \u00c1gua Santa. E contou com a estrela de Dudu, Por ele foram constru\u00eddas as duas primeiras grandes jogadas da equipe, aos 3 e aos 7 minutos. Primeiro, serviu Murilo, que cabeceou para fora. Depois, chutou cruzado e parou no goleiro Ygor \u2013 na sequ\u00eancia, Murilo tamb\u00e9m finalizou em cima do camisa 1.<\/p>\n<p>Contudo, o nome da primeira etapa foi Gabriel Menino. Aos 15, ele cobrou falta na barreira e, no rebote, soltou uma bomba rente \u00e0 trave para abrir o placar. O Verd\u00e3o seguiu sufocando os visitantes e, 11 minutos depois, fez o segundo. Dudu aplicou um bel\u00edssimo drible em Thiaguinho, perto da linha de fundo, e cruzou para Gabriel Menino, que voltou a marcar, dessa vez de cabe\u00e7a.<\/p>\n<p>E n\u00e3o parou por a\u00ed. O terceiro veio aos 34, novamente com participa\u00e7\u00e3o de Gabriel Menino. Ele serviu Rony, que chutou cruzado. Ygor pegou, mas deu rebote, aproveitado por Endrick. Atordoado com o ritmo palmeirense, o \u00c1gua Santa n\u00e3o conseguia reter a bola e errava muitos passes. A \u00fanica chance dos visitantes foi aos 9 minutos, em bela finaliza\u00e7\u00e3o de Gabriel Inoc\u00eancio, de fora da \u00e1rea, defendida por Weverton.<\/p>\n<p>Antes do intervalo, jogadores dos dois clubes se envolveram em uma confus\u00e3o generalizada, ap\u00f3s Dudu acertar um golpe nas costas de Didi. O VAR chegou a recomendar a revis\u00e3o do lance, mas o \u00e1rbitro Raphael Claus optou por n\u00e3o expulsar o camisa 7 alviverde.<\/p>\n<h3>Segundo tempo<\/h3>\n<p>Com 3 a 0 a favor, o Palmeiras passou a administrar a etapa final. Tendo \u00edmpeto ofensivo menor, o time da casa tratou de ficar com a bola, manter o \u00c1gua Santa longe do gol de Weverton e tamb\u00e9m enervar a equipe de Diadema. Bem abaixo do que mostrou na primeira decis\u00e3o, a equipe de Diadema praticamente n\u00e3o amea\u00e7ou.<\/p>\n<p>A goleada aconteceu, quando aos 27 minutos, Flaco L\u00f3pez puxou contra-ataque, tabelou com Rony e, dentro da \u00e1rea, limpou a marca\u00e7\u00e3o e mandou para o fundo das redes. Com o jogo j\u00e1 resolvido, Abel Ferreira tirou alguns dos destaques da equipe, como Gabriel Menino, Raphael Veiga e Endrick, e a torcida alviverde encheu os pulm\u00f5es para gritar \u201col\u00e9\u201d e \u201cfesta no chiqueiro\u201d.<\/p>\n<p>A Federa\u00e7\u00e3o Paulista de Futebol pagar\u00e1 R$ 5 milh\u00f5es de premia\u00e7\u00e3o ao Palmeiras pelo t\u00edtulo. O Verd\u00e3o ainda embolsar\u00e1 mais R$ 4 milh\u00f5es de b\u00f4nus da Crefisa. Estes R$ 9 milh\u00f5es significam o valor bruto e n\u00e3o entram integralmente para o caixa do clube. Isto porque ainda h\u00e1 desconto de impostos, al\u00e9m de em muitos casos metade da premia\u00e7\u00e3o ser repassada aos atletas como bicho. J\u00e1 o \u00c1gua Santa ficar\u00e1 com R$ 1,65 milh\u00e3o pelo vice-campeonato.<\/p>\n<p><strong>LEIA TAMB\u00c9M<\/strong><\/p>\n<p><a href=\"https:\/\/redenoticiaz.com.br\/blog\/2023\/04\/09\/brasil-ganha-ouro-inedito-em-grand-prix-de-ginastica-ritmica\">Brasil ganha ouro in\u00e9dito em Grand Prix de gin\u00e1stica r\u00edtmica<\/a><\/p>\n","protected":false},"excerpt":{"rendered":"<p>O futebol paulista veste a cor alviverde. Neste domingo (9), o Palmeiras foi absoluto e levou o 25\u00ba Campeonato Paulista da hist\u00f3ria ao golear o \u00c1gua Santa por 4 a 0 em um Allianz Parque abarrotado, onde a torcida apoiou incondicionalmente o time, ap\u00f3s derrota no jogo de ida por 2 a 1. O Verd\u00e3o &hellip;<\/p>\n","protected":false},"author":6,"featured_media":101559,"comment_status":"open","ping_status":"closed","sticky":false,"template":"","format":"standard","meta":{"footnotes":""},"categories":[87],"tags":[667,8098,377,24349,161,21717,21654],"class_list":["post-103495","post","type-post","status-publish","format-standard","has-post-thumbnail","hentry","category-esporte","tag-agua-santa","tag-allianz-parque","tag-campeonato-paulista","tag-gabriel-menino","tag-palmeiras","tag-palmeiras-campeao","tag-paulistao-2023"],"yoast_head":"<!-- This site is optimized with the Yoast SEO plugin v27.5 - https:\/\/yoast.com\/product\/yoast-seo-wordpress\/ -->\n<title>Palmeiras goleia o \u00c1gua Santa e volta a ser bicampe\u00e3o Paulista ap\u00f3s 29 anos - Ribeir\u00e3o Preto e Regi\u00e3o<\/title>\n<meta name=\"description\" content=\"O futebol paulista veste a cor alviverde. Neste domingo (9), o Palmeiras foi absoluto e levou o 25\u00ba Campeonato Paulista da hist\u00f3ria\" \/>\n<meta name=\"robots\" content=\"index, follow, max-snippet:-1, max-image-preview:large, max-video-preview:-1\" \/>\n<link rel=\"canonical\" href=\"https:\/\/redenoticiaz.com.br\/ribeiraopreto-regiao\/sp\/2023\/04\/09\/palmeiras-goleia-o-agua-santa-e-volta-a-ser-bicampeao-paulista-apos-29-anos\" \/>\n<meta property=\"og:locale\" content=\"pt_BR\" \/>\n<meta property=\"og:type\" content=\"article\" \/>\n<meta property=\"og:title\" content=\"Palmeiras goleia o \u00c1gua Santa e volta a ser bicampe\u00e3o Paulista ap\u00f3s 29 anos - Ribeir\u00e3o Preto e Regi\u00e3o\" \/>\n<meta property=\"og:description\" content=\"O futebol paulista veste a cor alviverde. Neste domingo (9), o Palmeiras foi absoluto e levou o 25\u00ba Campeonato Paulista da hist\u00f3ria\" \/>\n<meta property=\"og:url\" content=\"https:\/\/redenoticiaz.com.br\/ribeiraopreto-regiao\/sp\/2023\/04\/09\/palmeiras-goleia-o-agua-santa-e-volta-a-ser-bicampeao-paulista-apos-29-anos\" \/>\n<meta property=\"og:site_name\" content=\"Ribeir\u00e3o Preto e Regi\u00e3o\" \/>\n<meta property=\"article:publisher\" content=\"https:\/\/m.facebook.com\/redenoticiaz.barretos\" \/>\n<meta property=\"article:published_time\" content=\"2023-04-09T21:26:36+00:00\" \/>\n<meta property=\"og:image\" content=\"https:\/\/redenoticiaz.com.br\/ribeiraopreto-regiao\/wp-content\/uploads\/sites\/4\/2022\/02\/logo.jpg\" \/>\n\t<meta property=\"og:image:width\" content=\"400\" \/>\n\t<meta property=\"og:image:height\" content=\"250\" \/>\n\t<meta property=\"og:image:type\" content=\"image\/jpeg\" \/>\n<meta name=\"author\" content=\"Leonardo Francisco\" \/>\n<meta name=\"twitter:card\" content=\"summary_large_image\" \/>\n<meta name=\"twitter:creator\" content=\"@RN_barretos\" \/>\n<meta name=\"twitter:site\" content=\"@RN_barretos\" \/>\n<meta name=\"twitter:label1\" content=\"Escrito por\" \/>\n\t<meta name=\"twitter:data1\" content=\"Leonardo Francisco\" \/>\n\t<meta name=\"twitter:label2\" content=\"Est. tempo de leitura\" \/>\n\t<meta name=\"twitter:data2\" content=\"4 minutos\" \/>\n<script type=\"application\/ld+json\" class=\"yoast-schema-graph\">{\"@context\":\"https:\\\/\\\/schema.org\",\"@graph\":[{\"@type\":\"Article\",\"@id\":\"https:\\\/\\\/redenoticiaz.com.br\\\/ribeiraopreto-regiao\\\/sp\\\/2023\\\/04\\\/09\\\/palmeiras-goleia-o-agua-santa-e-volta-a-ser-bicampeao-paulista-apos-29-anos#article\",\"isPartOf\":{\"@id\":\"https:\\\/\\\/redenoticiaz.com.br\\\/ribeiraopreto-regiao\\\/sp\\\/2023\\\/04\\\/09\\\/palmeiras-goleia-o-agua-santa-e-volta-a-ser-bicampeao-paulista-apos-29-anos\"},\"author\":{\"name\":\"Leonardo Francisco\",\"@id\":\"https:\\\/\\\/redenoticiaz.com.br\\\/ribeiraopreto-regiao\\\/#\\\/schema\\\/person\\\/0f0b8a5bdafefe82841e07ae8d81ecb3\"},\"headline\":\"Palmeiras goleia o \u00c1gua Santa e volta a ser bicampe\u00e3o Paulista ap\u00f3s 29 anos\",\"datePublished\":\"2023-04-09T21:26:36+00:00\",\"mainEntityOfPage\":{\"@id\":\"https:\\\/\\\/redenoticiaz.com.br\\\/ribeiraopreto-regiao\\\/sp\\\/2023\\\/04\\\/09\\\/palmeiras-goleia-o-agua-santa-e-volta-a-ser-bicampeao-paulista-apos-29-anos\"},\"wordCount\":585,\"commentCount\":0,\"publisher\":{\"@id\":\"https:\\\/\\\/redenoticiaz.com.br\\\/ribeiraopreto-regiao\\\/#organization\"},\"image\":{\"@id\":\"https:\\\/\\\/redenoticiaz.com.br\\\/ribeiraopreto-regiao\\\/sp\\\/2023\\\/04\\\/09\\\/palmeiras-goleia-o-agua-santa-e-volta-a-ser-bicampeao-paulista-apos-29-anos#primaryimage\"},\"thumbnailUrl\":\"https:\\\/\\\/redenoticiaz.com.br\\\/ribeiraopreto-regiao\\\/wp-content\\\/uploads\\\/sites\\\/4\\\/2023\\\/03\\\/1_taca_paulistao_reproducao_twitter-594887.jpg?v=1678063114\",\"keywords\":[\"\u00c1GUA SANTA\",\"ALLIANZ PARQUE\",\"CAMPEONATO PAULISTA\",\"GABRIEL MENINO\",\"Palmeiras\",\"PALMEIRAS CAMPE\u00c3O\",\"paulist\u00e3o 2023\"],\"articleSection\":[\"Esporte\"],\"inLanguage\":\"pt-BR\",\"potentialAction\":[{\"@type\":\"CommentAction\",\"name\":\"Comment\",\"target\":[\"https:\\\/\\\/redenoticiaz.com.br\\\/ribeiraopreto-regiao\\\/sp\\\/2023\\\/04\\\/09\\\/palmeiras-goleia-o-agua-santa-e-volta-a-ser-bicampeao-paulista-apos-29-anos#respond\"]}]},{\"@type\":\"WebPage\",\"@id\":\"https:\\\/\\\/redenoticiaz.com.br\\\/ribeiraopreto-regiao\\\/sp\\\/2023\\\/04\\\/09\\\/palmeiras-goleia-o-agua-santa-e-volta-a-ser-bicampeao-paulista-apos-29-anos\",\"url\":\"https:\\\/\\\/redenoticiaz.com.br\\\/ribeiraopreto-regiao\\\/sp\\\/2023\\\/04\\\/09\\\/palmeiras-goleia-o-agua-santa-e-volta-a-ser-bicampeao-paulista-apos-29-anos\",\"name\":\"Palmeiras goleia o \u00c1gua Santa e volta a ser bicampe\u00e3o Paulista ap\u00f3s 29 anos - Ribeir\u00e3o Preto e Regi\u00e3o\",\"isPartOf\":{\"@id\":\"https:\\\/\\\/redenoticiaz.com.br\\\/ribeiraopreto-regiao\\\/#website\"},\"primaryImageOfPage\":{\"@id\":\"https:\\\/\\\/redenoticiaz.com.br\\\/ribeiraopreto-regiao\\\/sp\\\/2023\\\/04\\\/09\\\/palmeiras-goleia-o-agua-santa-e-volta-a-ser-bicampeao-paulista-apos-29-anos#primaryimage\"},\"image\":{\"@id\":\"https:\\\/\\\/redenoticiaz.com.br\\\/ribeiraopreto-regiao\\\/sp\\\/2023\\\/04\\\/09\\\/palmeiras-goleia-o-agua-santa-e-volta-a-ser-bicampeao-paulista-apos-29-anos#primaryimage\"},\"thumbnailUrl\":\"https:\\\/\\\/redenoticiaz.com.br\\\/ribeiraopreto-regiao\\\/wp-content\\\/uploads\\\/sites\\\/4\\\/2023\\\/03\\\/1_taca_paulistao_reproducao_twitter-594887.jpg?v=1678063114\",\"datePublished\":\"2023-04-09T21:26:36+00:00\",\"description\":\"O futebol paulista veste a cor alviverde. Neste domingo (9), o Palmeiras foi absoluto e levou o 25\u00ba Campeonato Paulista da hist\u00f3ria\",\"inLanguage\":\"pt-BR\",\"potentialAction\":[{\"@type\":\"ReadAction\",\"target\":[\"https:\\\/\\\/redenoticiaz.com.br\\\/ribeiraopreto-regiao\\\/sp\\\/2023\\\/04\\\/09\\\/palmeiras-goleia-o-agua-santa-e-volta-a-ser-bicampeao-paulista-apos-29-anos\"]}]},{\"@type\":\"ImageObject\",\"inLanguage\":\"pt-BR\",\"@id\":\"https:\\\/\\\/redenoticiaz.com.br\\\/ribeiraopreto-regiao\\\/sp\\\/2023\\\/04\\\/09\\\/palmeiras-goleia-o-agua-santa-e-volta-a-ser-bicampeao-paulista-apos-29-anos#primaryimage\",\"url\":\"https:\\\/\\\/redenoticiaz.com.br\\\/ribeiraopreto-regiao\\\/wp-content\\\/uploads\\\/sites\\\/4\\\/2023\\\/03\\\/1_taca_paulistao_reproducao_twitter-594887.jpg?v=1678063114\",\"contentUrl\":\"https:\\\/\\\/redenoticiaz.com.br\\\/ribeiraopreto-regiao\\\/wp-content\\\/uploads\\\/sites\\\/4\\\/2023\\\/03\\\/1_taca_paulistao_reproducao_twitter-594887.jpg?v=1678063114\",\"width\":920,\"height\":403,\"caption\":\"Campeonato Paulista define os times para as quartas de final\"},{\"@type\":\"WebSite\",\"@id\":\"https:\\\/\\\/redenoticiaz.com.br\\\/ribeiraopreto-regiao\\\/#website\",\"url\":\"https:\\\/\\\/redenoticiaz.com.br\\\/ribeiraopreto-regiao\\\/\",\"name\":\"Ribeir\u00e3o Preto e Regi\u00e3o\",\"description\":\"Rede NoticiaZ - Ribeir\u00e3o Preto e regi\u00e3o\",\"publisher\":{\"@id\":\"https:\\\/\\\/redenoticiaz.com.br\\\/ribeiraopreto-regiao\\\/#organization\"},\"potentialAction\":[{\"@type\":\"SearchAction\",\"target\":{\"@type\":\"EntryPoint\",\"urlTemplate\":\"https:\\\/\\\/redenoticiaz.com.br\\\/ribeiraopreto-regiao\\\/?s={search_term_string}\"},\"query-input\":{\"@type\":\"PropertyValueSpecification\",\"valueRequired\":true,\"valueName\":\"search_term_string\"}}],\"inLanguage\":\"pt-BR\"},{\"@type\":\"Organization\",\"@id\":\"https:\\\/\\\/redenoticiaz.com.br\\\/ribeiraopreto-regiao\\\/#organization\",\"name\":\"Ribeir\u00e3o Preto e Regi\u00e3o\",\"url\":\"https:\\\/\\\/redenoticiaz.com.br\\\/ribeiraopreto-regiao\\\/\",\"logo\":{\"@type\":\"ImageObject\",\"inLanguage\":\"pt-BR\",\"@id\":\"https:\\\/\\\/redenoticiaz.com.br\\\/ribeiraopreto-regiao\\\/#\\\/schema\\\/logo\\\/image\\\/\",\"url\":\"https:\\\/\\\/redenoticiaz.com.br\\\/barretos-regiao\\\/wp-content\\\/uploads\\\/sites\\\/4\\\/2022\\\/02\\\/logo.jpg\",\"contentUrl\":\"https:\\\/\\\/redenoticiaz.com.br\\\/barretos-regiao\\\/wp-content\\\/uploads\\\/sites\\\/4\\\/2022\\\/02\\\/logo.jpg\",\"width\":400,\"height\":250,\"caption\":\"Ribeir\u00e3o Preto e Regi\u00e3o\"},\"image\":{\"@id\":\"https:\\\/\\\/redenoticiaz.com.br\\\/ribeiraopreto-regiao\\\/#\\\/schema\\\/logo\\\/image\\\/\"},\"sameAs\":[\"https:\\\/\\\/m.facebook.com\\\/redenoticiaz.barretos\",\"https:\\\/\\\/x.com\\\/RN_barretos\",\"https:\\\/\\\/www.instagram.com\\\/redenoticiaz.barretos\\\/?igshid=YmMyMTA2M2Y\",\"https:\\\/\\\/www.linkedin.com\\\/company\\\/rede-noticiaz-barretos-e-regio\\\/\"]},{\"@type\":\"Person\",\"@id\":\"https:\\\/\\\/redenoticiaz.com.br\\\/ribeiraopreto-regiao\\\/#\\\/schema\\\/person\\\/0f0b8a5bdafefe82841e07ae8d81ecb3\",\"name\":\"Leonardo Francisco\",\"image\":{\"@type\":\"ImageObject\",\"inLanguage\":\"pt-BR\",\"@id\":\"https:\\\/\\\/secure.gravatar.com\\\/avatar\\\/a7358cb406a99b682ec6df1e77e31ae82e63601f6784e8a3df411d72b37864da?s=96&d=mm&r=g\",\"url\":\"https:\\\/\\\/secure.gravatar.com\\\/avatar\\\/a7358cb406a99b682ec6df1e77e31ae82e63601f6784e8a3df411d72b37864da?s=96&d=mm&r=g\",\"contentUrl\":\"https:\\\/\\\/secure.gravatar.com\\\/avatar\\\/a7358cb406a99b682ec6df1e77e31ae82e63601f6784e8a3df411d72b37864da?s=96&d=mm&r=g\",\"caption\":\"Leonardo Francisco\"},\"url\":\"https:\\\/\\\/redenoticiaz.com.br\\\/ribeiraopreto-regiao\\\/sp\\\/author\\\/leonardo-francisco\"}]}<\/script>\n<!-- \/ Yoast SEO plugin. -->","yoast_head_json":{"title":"Palmeiras goleia o \u00c1gua Santa e volta a ser bicampe\u00e3o Paulista ap\u00f3s 29 anos - Ribeir\u00e3o Preto e Regi\u00e3o","description":"O futebol paulista veste a cor alviverde. Neste domingo (9), o Palmeiras foi absoluto e levou o 25\u00ba Campeonato Paulista da hist\u00f3ria","robots":{"index":"index","follow":"follow","max-snippet":"max-snippet:-1","max-image-preview":"max-image-preview:large","max-video-preview":"max-video-preview:-1"},"canonical":"https:\/\/redenoticiaz.com.br\/ribeiraopreto-regiao\/sp\/2023\/04\/09\/palmeiras-goleia-o-agua-santa-e-volta-a-ser-bicampeao-paulista-apos-29-anos","og_locale":"pt_BR","og_type":"article","og_title":"Palmeiras goleia o \u00c1gua Santa e volta a ser bicampe\u00e3o Paulista ap\u00f3s 29 anos - Ribeir\u00e3o Preto e Regi\u00e3o","og_description":"O futebol paulista veste a cor alviverde. Neste domingo (9), o Palmeiras foi absoluto e levou o 25\u00ba Campeonato Paulista da hist\u00f3ria","og_url":"https:\/\/redenoticiaz.com.br\/ribeiraopreto-regiao\/sp\/2023\/04\/09\/palmeiras-goleia-o-agua-santa-e-volta-a-ser-bicampeao-paulista-apos-29-anos","og_site_name":"Ribeir\u00e3o Preto e Regi\u00e3o","article_publisher":"https:\/\/m.facebook.com\/redenoticiaz.barretos","article_published_time":"2023-04-09T21:26:36+00:00","og_image":[{"width":400,"height":250,"url":"https:\/\/redenoticiaz.com.br\/ribeiraopreto-regiao\/wp-content\/uploads\/sites\/4\/2022\/02\/logo.jpg","type":"image\/jpeg"}],"author":"Leonardo Francisco","twitter_card":"summary_large_image","twitter_creator":"@RN_barretos","twitter_site":"@RN_barretos","twitter_misc":{"Escrito por":"Leonardo Francisco","Est. tempo de leitura":"4 minutos"},"schema":{"@context":"https:\/\/schema.org","@graph":[{"@type":"Article","@id":"https:\/\/redenoticiaz.com.br\/ribeiraopreto-regiao\/sp\/2023\/04\/09\/palmeiras-goleia-o-agua-santa-e-volta-a-ser-bicampeao-paulista-apos-29-anos#article","isPartOf":{"@id":"https:\/\/redenoticiaz.com.br\/ribeiraopreto-regiao\/sp\/2023\/04\/09\/palmeiras-goleia-o-agua-santa-e-volta-a-ser-bicampeao-paulista-apos-29-anos"},"author":{"name":"Leonardo Francisco","@id":"https:\/\/redenoticiaz.com.br\/ribeiraopreto-regiao\/#\/schema\/person\/0f0b8a5bdafefe82841e07ae8d81ecb3"},"headline":"Palmeiras goleia o \u00c1gua Santa e volta a ser bicampe\u00e3o Paulista ap\u00f3s 29 anos","datePublished":"2023-04-09T21:26:36+00:00","mainEntityOfPage":{"@id":"https:\/\/redenoticiaz.com.br\/ribeiraopreto-regiao\/sp\/2023\/04\/09\/palmeiras-goleia-o-agua-santa-e-volta-a-ser-bicampeao-paulista-apos-29-anos"},"wordCount":585,"commentCount":0,"publisher":{"@id":"https:\/\/redenoticiaz.com.br\/ribeiraopreto-regiao\/#organization"},"image":{"@id":"https:\/\/redenoticiaz.com.br\/ribeiraopreto-regiao\/sp\/2023\/04\/09\/palmeiras-goleia-o-agua-santa-e-volta-a-ser-bicampeao-paulista-apos-29-anos#primaryimage"},"thumbnailUrl":"https:\/\/redenoticiaz.com.br\/ribeiraopreto-regiao\/wp-content\/uploads\/sites\/4\/2023\/03\/1_taca_paulistao_reproducao_twitter-594887.jpg?v=1678063114","keywords":["\u00c1GUA SANTA","ALLIANZ PARQUE","CAMPEONATO PAULISTA","GABRIEL MENINO","Palmeiras","PALMEIRAS CAMPE\u00c3O","paulist\u00e3o 2023"],"articleSection":["Esporte"],"inLanguage":"pt-BR","potentialAction":[{"@type":"CommentAction","name":"Comment","target":["https:\/\/redenoticiaz.com.br\/ribeiraopreto-regiao\/sp\/2023\/04\/09\/palmeiras-goleia-o-agua-santa-e-volta-a-ser-bicampeao-paulista-apos-29-anos#respond"]}]},{"@type":"WebPage","@id":"https:\/\/redenoticiaz.com.br\/ribeiraopreto-regiao\/sp\/2023\/04\/09\/palmeiras-goleia-o-agua-santa-e-volta-a-ser-bicampeao-paulista-apos-29-anos","url":"https:\/\/redenoticiaz.com.br\/ribeiraopreto-regiao\/sp\/2023\/04\/09\/palmeiras-goleia-o-agua-santa-e-volta-a-ser-bicampeao-paulista-apos-29-anos","name":"Palmeiras goleia o \u00c1gua Santa e volta a ser bicampe\u00e3o Paulista ap\u00f3s 29 anos - Ribeir\u00e3o Preto e Regi\u00e3o","isPartOf":{"@id":"https:\/\/redenoticiaz.com.br\/ribeiraopreto-regiao\/#website"},"primaryImageOfPage":{"@id":"https:\/\/redenoticiaz.com.br\/ribeiraopreto-regiao\/sp\/2023\/04\/09\/palmeiras-goleia-o-agua-santa-e-volta-a-ser-bicampeao-paulista-apos-29-anos#primaryimage"},"image":{"@id":"https:\/\/redenoticiaz.com.br\/ribeiraopreto-regiao\/sp\/2023\/04\/09\/palmeiras-goleia-o-agua-santa-e-volta-a-ser-bicampeao-paulista-apos-29-anos#primaryimage"},"thumbnailUrl":"https:\/\/redenoticiaz.com.br\/ribeiraopreto-regiao\/wp-content\/uploads\/sites\/4\/2023\/03\/1_taca_paulistao_reproducao_twitter-594887.jpg?v=1678063114","datePublished":"2023-04-09T21:26:36+00:00","description":"O futebol paulista veste a cor alviverde. Neste domingo (9), o Palmeiras foi absoluto e levou o 25\u00ba Campeonato Paulista da hist\u00f3ria","inLanguage":"pt-BR","potentialAction":[{"@type":"ReadAction","target":["https:\/\/redenoticiaz.com.br\/ribeiraopreto-regiao\/sp\/2023\/04\/09\/palmeiras-goleia-o-agua-santa-e-volta-a-ser-bicampeao-paulista-apos-29-anos"]}]},{"@type":"ImageObject","inLanguage":"pt-BR","@id":"https:\/\/redenoticiaz.com.br\/ribeiraopreto-regiao\/sp\/2023\/04\/09\/palmeiras-goleia-o-agua-santa-e-volta-a-ser-bicampeao-paulista-apos-29-anos#primaryimage","url":"https:\/\/redenoticiaz.com.br\/ribeiraopreto-regiao\/wp-content\/uploads\/sites\/4\/2023\/03\/1_taca_paulistao_reproducao_twitter-594887.jpg?v=1678063114","contentUrl":"https:\/\/redenoticiaz.com.br\/ribeiraopreto-regiao\/wp-content\/uploads\/sites\/4\/2023\/03\/1_taca_paulistao_reproducao_twitter-594887.jpg?v=1678063114","width":920,"height":403,"caption":"Campeonato Paulista define os times para as quartas de final"},{"@type":"WebSite","@id":"https:\/\/redenoticiaz.com.br\/ribeiraopreto-regiao\/#website","url":"https:\/\/redenoticiaz.com.br\/ribeiraopreto-regiao\/","name":"Ribeir\u00e3o Preto e Regi\u00e3o","description":"Rede NoticiaZ - Ribeir\u00e3o Preto e regi\u00e3o","publisher":{"@id":"https:\/\/redenoticiaz.com.br\/ribeiraopreto-regiao\/#organization"},"potentialAction":[{"@type":"SearchAction","target":{"@type":"EntryPoint","urlTemplate":"https:\/\/redenoticiaz.com.br\/ribeiraopreto-regiao\/?s={search_term_string}"},"query-input":{"@type":"PropertyValueSpecification","valueRequired":true,"valueName":"search_term_string"}}],"inLanguage":"pt-BR"},{"@type":"Organization","@id":"https:\/\/redenoticiaz.com.br\/ribeiraopreto-regiao\/#organization","name":"Ribeir\u00e3o Preto e Regi\u00e3o","url":"https:\/\/redenoticiaz.com.br\/ribeiraopreto-regiao\/","logo":{"@type":"ImageObject","inLanguage":"pt-BR","@id":"https:\/\/redenoticiaz.com.br\/ribeiraopreto-regiao\/#\/schema\/logo\/image\/","url":"https:\/\/redenoticiaz.com.br\/barretos-regiao\/wp-content\/uploads\/sites\/4\/2022\/02\/logo.jpg","contentUrl":"https:\/\/redenoticiaz.com.br\/barretos-regiao\/wp-content\/uploads\/sites\/4\/2022\/02\/logo.jpg","width":400,"height":250,"caption":"Ribeir\u00e3o Preto e Regi\u00e3o"},"image":{"@id":"https:\/\/redenoticiaz.com.br\/ribeiraopreto-regiao\/#\/schema\/logo\/image\/"},"sameAs":["https:\/\/m.facebook.com\/redenoticiaz.barretos","https:\/\/x.com\/RN_barretos","https:\/\/www.instagram.com\/redenoticiaz.barretos\/?igshid=YmMyMTA2M2Y","https:\/\/www.linkedin.com\/company\/rede-noticiaz-barretos-e-regio\/"]},{"@type":"Person","@id":"https:\/\/redenoticiaz.com.br\/ribeiraopreto-regiao\/#\/schema\/person\/0f0b8a5bdafefe82841e07ae8d81ecb3","name":"Leonardo Francisco","image":{"@type":"ImageObject","inLanguage":"pt-BR","@id":"https:\/\/secure.gravatar.com\/avatar\/a7358cb406a99b682ec6df1e77e31ae82e63601f6784e8a3df411d72b37864da?s=96&d=mm&r=g","url":"https:\/\/secure.gravatar.com\/avatar\/a7358cb406a99b682ec6df1e77e31ae82e63601f6784e8a3df411d72b37864da?s=96&d=mm&r=g","contentUrl":"https:\/\/secure.gravatar.com\/avatar\/a7358cb406a99b682ec6df1e77e31ae82e63601f6784e8a3df411d72b37864da?s=96&d=mm&r=g","caption":"Leonardo Francisco"},"url":"https:\/\/redenoticiaz.com.br\/ribeiraopreto-regiao\/sp\/author\/leonardo-francisco"}]}},"_links":{"self":[{"href":"https:\/\/redenoticiaz.com.br\/ribeiraopreto-regiao\/wp-json\/wp\/v2\/posts\/103495","targetHints":{"allow":["GET"]}}],"collection":[{"href":"https:\/\/redenoticiaz.com.br\/ribeiraopreto-regiao\/wp-json\/wp\/v2\/posts"}],"about":[{"href":"https:\/\/redenoticiaz.com.br\/ribeiraopreto-regiao\/wp-json\/wp\/v2\/types\/post"}],"author":[{"embeddable":true,"href":"https:\/\/redenoticiaz.com.br\/ribeiraopreto-regiao\/wp-json\/wp\/v2\/users\/6"}],"replies":[{"embeddable":true,"href":"https:\/\/redenoticiaz.com.br\/ribeiraopreto-regiao\/wp-json\/wp\/v2\/comments?post=103495"}],"version-history":[{"count":1,"href":"https:\/\/redenoticiaz.com.br\/ribeiraopreto-regiao\/wp-json\/wp\/v2\/posts\/103495\/revisions"}],"predecessor-version":[{"id":103496,"href":"https:\/\/redenoticiaz.com.br\/ribeiraopreto-regiao\/wp-json\/wp\/v2\/posts\/103495\/revisions\/103496"}],"wp:featuredmedia":[{"embeddable":true,"href":"https:\/\/redenoticiaz.com.br\/ribeiraopreto-regiao\/wp-json\/wp\/v2\/media\/101559"}],"wp:attachment":[{"href":"https:\/\/redenoticiaz.com.br\/ribeiraopreto-regiao\/wp-json\/wp\/v2\/media?parent=103495"}],"wp:term":[{"taxonomy":"category","embeddable":true,"href":"https:\/\/redenoticiaz.com.br\/ribeiraopreto-regiao\/wp-json\/wp\/v2\/categories?post=103495"},{"taxonomy":"post_tag","embeddable":true,"href":"https:\/\/redenoticiaz.com.br\/ribeiraopreto-regiao\/wp-json\/wp\/v2\/tags?post=103495"}],"curies":[{"name":"wp","href":"https:\/\/api.w.org\/{rel}","templated":true}]}}