{"id":103674,"date":"2023-04-16T12:00:54","date_gmt":"2023-04-16T15:00:54","guid":{"rendered":"https:\/\/redenoticiaz.com.br\/barretos-regiao\/?p=103674"},"modified":"2023-04-13T17:53:38","modified_gmt":"2023-04-13T20:53:38","slug":"assexybilidade-de-daniel-goncalves-revela-as-vivencias-de-pessoas-com-deficiencia-com-o-sexo","status":"publish","type":"post","link":"https:\/\/redenoticiaz.com.br\/ribeiraopreto-regiao\/sp\/2023\/04\/16\/assexybilidade-de-daniel-goncalves-revela-as-vivencias-de-pessoas-com-deficiencia-com-o-sexo","title":{"rendered":"&#8216;Assexybilidade&#8217;, de Daniel Gon\u00e7alves, revela as viv\u00eancias de pessoas com defici\u00eancia com o sexo"},"content":{"rendered":"<p>Hist\u00f3rias sobre a sexualidade de pessoas com defici\u00eancia e a pluralidade de experi\u00eancias atrav\u00e9s da viv\u00eancia de cada uma delas. Esse \u00e9 o mote de &#8220;Assexybilidade&#8221;, segundo longa-metragem de Daniel Gon\u00e7alves (<i>Meu nome \u00e9 Daniel<\/i>).<\/p>\n<p>O diretor, produtor e roteirista busca desmistificar o tabu do sexo, com todas as del\u00edcias e prazeres envolvidos. O document\u00e1rio revela tamb\u00e9m as dores, como a luta di\u00e1ria contra a invisibilidade, ou a ideia preconceituosa de que n\u00e3o sentem desejo como todas as pessoas.<\/p>\n<h3>Confira uma pr\u00e9via da produ\u00e7\u00e3o:<\/h3>\n<p><iframe loading=\"lazy\" title=\"ASSEXYBILIDADE - MAKING OF\" width=\"500\" height=\"281\" src=\"https:\/\/www.youtube.com\/embed\/HQ26f3eQqLQ?feature=oembed\" frameborder=\"0\" allow=\"accelerometer; autoplay; clipboard-write; encrypted-media; gyroscope; picture-in-picture; web-share\" referrerpolicy=\"strict-origin-when-cross-origin\" allowfullscreen><\/iframe><\/p>\n<p>O longa tem uma proposta inclusiva, n\u00e3o s\u00f3 na tem\u00e1tica, como tamb\u00e9m no processo de realiza\u00e7\u00e3o e contou com algumas pessoas com defici\u00eancia em sua equipe, a come\u00e7ar pelo diretor, que tem uma defici\u00eancia de origem desconhecida que afeta sua coordena\u00e7\u00e3o motora. Em seu primeiro document\u00e1rio, &#8220;Meu Nome \u00e9 Daniel&#8221;, Gon\u00e7alves, atrav\u00e9s de vasto material em arquivo em VHS e de cenas gravadas nos dias de hoje, rev\u00ea sua trajet\u00f3ria e busca compreender sua condi\u00e7\u00e3o. J\u00e1 em &#8220;Assexybilidade&#8221;, Daniel se inclui em cena, como mais um personagem desta hist\u00f3ria, mas tamb\u00e9m d\u00e1 a palavra a diversos entrevistados e entrevistadas que refletem sobre o sexo e sobre como este campo de suas vidas \u00e9 afetado pelo preconceito com que lidam diariamente em uma sociedade capacitista.<\/p>\n<h3><strong>Sinopse<\/strong><\/h3>\n<p><em>ASSEXYBILIDADE conta hist\u00f3rias sobre a sexualidade de pessoas com defici\u00eancia. O filme fala sobre flerte, beijo na boca, namoro, masturba\u00e7\u00e3o, capacitismo e, \u00e9 claro, sexo. A maior for\u00e7a do document\u00e1rio \u00e9 precisamente ouvir das pessoas com defici\u00eancia coisas que a sociedade n\u00e3o espera que elas digam e fa\u00e7am. Queremos mudar a ideia de que s\u00e3o seres assexuados, angelicais, especiais e, at\u00e9 mesmo, desprovidos de desejos. N\u00f3s fodemos e fodemos bem, dizem por a\u00ed.<\/em><\/p>\n<p>VEJA TAMB\u00c9M:\u00a0<a href=\"https:\/\/redenoticiaz.com.br\/barretos-regiao\/sp\/2023\/04\/01\/tara-nova-serie-estrelada-por-xuxa-ganha-trailer\">Tar\u00e3 \u2013 Nova s\u00e9rie estrelada por Xuxa ganha Trailer<\/a><\/p>\n","protected":false},"excerpt":{"rendered":"<p>Hist\u00f3rias sobre a sexualidade de pessoas com defici\u00eancia e a pluralidade de experi\u00eancias atrav\u00e9s da viv\u00eancia de cada uma delas. Esse \u00e9 o mote de &#8220;Assexybilidade&#8221;, segundo longa-metragem de Daniel Gon\u00e7alves (Meu nome \u00e9 Daniel). O diretor, produtor e roteirista busca desmistificar o tabu do sexo, com todas as del\u00edcias e prazeres envolvidos. O document\u00e1rio &hellip;<\/p>\n","protected":false},"author":30,"featured_media":103675,"comment_status":"open","ping_status":"closed","sticky":false,"template":"","format":"standard","meta":{"footnotes":""},"categories":[23210,469,134],"tags":[26325,5886,15115,17351],"class_list":["post-103674","post","type-post","status-publish","format-standard","has-post-thumbnail","hentry","category-cameraz","category-cultura","category-entretenimento","tag-assexybilidade","tag-documentario","tag-filme","tag-pessoas-com-deficiencia"],"yoast_head":"<!-- This site is optimized with the Yoast SEO plugin v27.4 - https:\/\/yoast.com\/product\/yoast-seo-wordpress\/ -->\n<title>&#8216;Assexybilidade&#8217;, de Daniel Gon\u00e7alves, revela as viv\u00eancias de pessoas com defici\u00eancia com o sexo - Ribeir\u00e3o Preto e Regi\u00e3o<\/title>\n<meta name=\"description\" content=\"Hist\u00f3rias sobre a sexualidade de pessoas com defici\u00eancia e a pluralidade de experi\u00eancias atrav\u00e9s da viv\u00eancia de cada uma delas, &quot;Assexybilidade&quot;.\" \/>\n<meta name=\"robots\" content=\"index, follow, max-snippet:-1, max-image-preview:large, max-video-preview:-1\" \/>\n<link rel=\"canonical\" href=\"https:\/\/redenoticiaz.com.br\/ribeiraopreto-regiao\/sp\/2023\/04\/16\/assexybilidade-de-daniel-goncalves-revela-as-vivencias-de-pessoas-com-deficiencia-com-o-sexo\" \/>\n<meta property=\"og:locale\" content=\"pt_BR\" \/>\n<meta property=\"og:type\" content=\"article\" \/>\n<meta property=\"og:title\" content=\"&#8216;Assexybilidade&#8217;, de Daniel Gon\u00e7alves, revela as viv\u00eancias de pessoas com defici\u00eancia com o sexo - Ribeir\u00e3o Preto e Regi\u00e3o\" \/>\n<meta property=\"og:description\" content=\"Hist\u00f3rias sobre a sexualidade de pessoas com defici\u00eancia e a pluralidade de experi\u00eancias atrav\u00e9s da viv\u00eancia de cada uma delas, &quot;Assexybilidade&quot;.\" \/>\n<meta property=\"og:url\" content=\"https:\/\/redenoticiaz.com.br\/ribeiraopreto-regiao\/sp\/2023\/04\/16\/assexybilidade-de-daniel-goncalves-revela-as-vivencias-de-pessoas-com-deficiencia-com-o-sexo\" \/>\n<meta property=\"og:site_name\" content=\"Ribeir\u00e3o Preto e Regi\u00e3o\" \/>\n<meta property=\"article:publisher\" content=\"https:\/\/m.facebook.com\/redenoticiaz.barretos\" \/>\n<meta property=\"article:published_time\" content=\"2023-04-16T15:00:54+00:00\" \/>\n<meta property=\"og:image\" content=\"https:\/\/redenoticiaz.com.br\/ribeiraopreto-regiao\/wp-content\/uploads\/sites\/4\/2023\/04\/Assexybilidade-de-Daniel-Goncalves-revela-as-vivencias-de-pessoas-com-deficiencia-com-o-sexo.jpg\" \/>\n\t<meta property=\"og:image:width\" content=\"800\" \/>\n\t<meta property=\"og:image:height\" content=\"450\" \/>\n\t<meta property=\"og:image:type\" content=\"image\/jpeg\" \/>\n<meta name=\"author\" content=\"Carina Reifonas\" \/>\n<meta name=\"twitter:card\" content=\"summary_large_image\" \/>\n<meta name=\"twitter:creator\" content=\"@RN_barretos\" \/>\n<meta name=\"twitter:site\" content=\"@RN_barretos\" \/>\n<meta name=\"twitter:label1\" content=\"Escrito por\" \/>\n\t<meta name=\"twitter:data1\" content=\"Carina Reifonas\" \/>\n\t<meta name=\"twitter:label2\" content=\"Est. tempo de leitura\" \/>\n\t<meta name=\"twitter:data2\" content=\"2 minutos\" \/>\n<script type=\"application\/ld+json\" class=\"yoast-schema-graph\">{\"@context\":\"https:\\\/\\\/schema.org\",\"@graph\":[{\"@type\":\"Article\",\"@id\":\"https:\\\/\\\/redenoticiaz.com.br\\\/ribeiraopreto-regiao\\\/sp\\\/2023\\\/04\\\/16\\\/assexybilidade-de-daniel-goncalves-revela-as-vivencias-de-pessoas-com-deficiencia-com-o-sexo#article\",\"isPartOf\":{\"@id\":\"https:\\\/\\\/redenoticiaz.com.br\\\/ribeiraopreto-regiao\\\/sp\\\/2023\\\/04\\\/16\\\/assexybilidade-de-daniel-goncalves-revela-as-vivencias-de-pessoas-com-deficiencia-com-o-sexo\"},\"author\":{\"name\":\"Carina Reifonas\",\"@id\":\"https:\\\/\\\/redenoticiaz.com.br\\\/ribeiraopreto-regiao\\\/#\\\/schema\\\/person\\\/1f84d6e94e6a62d2d81199d7503e9e90\"},\"headline\":\"&#8216;Assexybilidade&#8217;, de Daniel Gon\u00e7alves, revela as viv\u00eancias de pessoas com defici\u00eancia com o sexo\",\"datePublished\":\"2023-04-16T15:00:54+00:00\",\"mainEntityOfPage\":{\"@id\":\"https:\\\/\\\/redenoticiaz.com.br\\\/ribeiraopreto-regiao\\\/sp\\\/2023\\\/04\\\/16\\\/assexybilidade-de-daniel-goncalves-revela-as-vivencias-de-pessoas-com-deficiencia-com-o-sexo\"},\"wordCount\":354,\"commentCount\":0,\"publisher\":{\"@id\":\"https:\\\/\\\/redenoticiaz.com.br\\\/ribeiraopreto-regiao\\\/#organization\"},\"image\":{\"@id\":\"https:\\\/\\\/redenoticiaz.com.br\\\/ribeiraopreto-regiao\\\/sp\\\/2023\\\/04\\\/16\\\/assexybilidade-de-daniel-goncalves-revela-as-vivencias-de-pessoas-com-deficiencia-com-o-sexo#primaryimage\"},\"thumbnailUrl\":\"https:\\\/\\\/redenoticiaz.com.br\\\/ribeiraopreto-regiao\\\/wp-content\\\/uploads\\\/sites\\\/4\\\/2023\\\/04\\\/Assexybilidade-de-Daniel-Goncalves-revela-as-vivencias-de-pessoas-com-deficiencia-com-o-sexo.jpg\",\"keywords\":[\"ASSEXYBILIDADE\",\"DOCUMENT\u00c1RIO\",\"FILME\",\"PESSOAS COM DEFICI~ENCIA\"],\"articleSection\":[\"C\u00e2mera Z\",\"Cultura\",\"Entretenimento\"],\"inLanguage\":\"pt-BR\",\"potentialAction\":[{\"@type\":\"CommentAction\",\"name\":\"Comment\",\"target\":[\"https:\\\/\\\/redenoticiaz.com.br\\\/ribeiraopreto-regiao\\\/sp\\\/2023\\\/04\\\/16\\\/assexybilidade-de-daniel-goncalves-revela-as-vivencias-de-pessoas-com-deficiencia-com-o-sexo#respond\"]}]},{\"@type\":\"WebPage\",\"@id\":\"https:\\\/\\\/redenoticiaz.com.br\\\/ribeiraopreto-regiao\\\/sp\\\/2023\\\/04\\\/16\\\/assexybilidade-de-daniel-goncalves-revela-as-vivencias-de-pessoas-com-deficiencia-com-o-sexo\",\"url\":\"https:\\\/\\\/redenoticiaz.com.br\\\/ribeiraopreto-regiao\\\/sp\\\/2023\\\/04\\\/16\\\/assexybilidade-de-daniel-goncalves-revela-as-vivencias-de-pessoas-com-deficiencia-com-o-sexo\",\"name\":\"&#8216;Assexybilidade&#8217;, de Daniel Gon\u00e7alves, revela as viv\u00eancias de pessoas com defici\u00eancia com o sexo - Ribeir\u00e3o Preto e Regi\u00e3o\",\"isPartOf\":{\"@id\":\"https:\\\/\\\/redenoticiaz.com.br\\\/ribeiraopreto-regiao\\\/#website\"},\"primaryImageOfPage\":{\"@id\":\"https:\\\/\\\/redenoticiaz.com.br\\\/ribeiraopreto-regiao\\\/sp\\\/2023\\\/04\\\/16\\\/assexybilidade-de-daniel-goncalves-revela-as-vivencias-de-pessoas-com-deficiencia-com-o-sexo#primaryimage\"},\"image\":{\"@id\":\"https:\\\/\\\/redenoticiaz.com.br\\\/ribeiraopreto-regiao\\\/sp\\\/2023\\\/04\\\/16\\\/assexybilidade-de-daniel-goncalves-revela-as-vivencias-de-pessoas-com-deficiencia-com-o-sexo#primaryimage\"},\"thumbnailUrl\":\"https:\\\/\\\/redenoticiaz.com.br\\\/ribeiraopreto-regiao\\\/wp-content\\\/uploads\\\/sites\\\/4\\\/2023\\\/04\\\/Assexybilidade-de-Daniel-Goncalves-revela-as-vivencias-de-pessoas-com-deficiencia-com-o-sexo.jpg\",\"datePublished\":\"2023-04-16T15:00:54+00:00\",\"description\":\"Hist\u00f3rias sobre a sexualidade de pessoas com defici\u00eancia e a pluralidade de experi\u00eancias atrav\u00e9s da viv\u00eancia de cada uma delas, \\\"Assexybilidade\\\".\",\"inLanguage\":\"pt-BR\",\"potentialAction\":[{\"@type\":\"ReadAction\",\"target\":[\"https:\\\/\\\/redenoticiaz.com.br\\\/ribeiraopreto-regiao\\\/sp\\\/2023\\\/04\\\/16\\\/assexybilidade-de-daniel-goncalves-revela-as-vivencias-de-pessoas-com-deficiencia-com-o-sexo\"]}]},{\"@type\":\"ImageObject\",\"inLanguage\":\"pt-BR\",\"@id\":\"https:\\\/\\\/redenoticiaz.com.br\\\/ribeiraopreto-regiao\\\/sp\\\/2023\\\/04\\\/16\\\/assexybilidade-de-daniel-goncalves-revela-as-vivencias-de-pessoas-com-deficiencia-com-o-sexo#primaryimage\",\"url\":\"https:\\\/\\\/redenoticiaz.com.br\\\/ribeiraopreto-regiao\\\/wp-content\\\/uploads\\\/sites\\\/4\\\/2023\\\/04\\\/Assexybilidade-de-Daniel-Goncalves-revela-as-vivencias-de-pessoas-com-deficiencia-com-o-sexo.jpg\",\"contentUrl\":\"https:\\\/\\\/redenoticiaz.com.br\\\/ribeiraopreto-regiao\\\/wp-content\\\/uploads\\\/sites\\\/4\\\/2023\\\/04\\\/Assexybilidade-de-Daniel-Goncalves-revela-as-vivencias-de-pessoas-com-deficiencia-com-o-sexo.jpg\",\"width\":800,\"height\":450,\"caption\":\"'Assexybilidade'. Cr\u00e9dito: Divulga\u00e7\u00e3o\"},{\"@type\":\"WebSite\",\"@id\":\"https:\\\/\\\/redenoticiaz.com.br\\\/ribeiraopreto-regiao\\\/#website\",\"url\":\"https:\\\/\\\/redenoticiaz.com.br\\\/ribeiraopreto-regiao\\\/\",\"name\":\"Ribeir\u00e3o Preto e Regi\u00e3o\",\"description\":\"Rede NoticiaZ - Ribeir\u00e3o Preto e regi\u00e3o\",\"publisher\":{\"@id\":\"https:\\\/\\\/redenoticiaz.com.br\\\/ribeiraopreto-regiao\\\/#organization\"},\"potentialAction\":[{\"@type\":\"SearchAction\",\"target\":{\"@type\":\"EntryPoint\",\"urlTemplate\":\"https:\\\/\\\/redenoticiaz.com.br\\\/ribeiraopreto-regiao\\\/?s={search_term_string}\"},\"query-input\":{\"@type\":\"PropertyValueSpecification\",\"valueRequired\":true,\"valueName\":\"search_term_string\"}}],\"inLanguage\":\"pt-BR\"},{\"@type\":\"Organization\",\"@id\":\"https:\\\/\\\/redenoticiaz.com.br\\\/ribeiraopreto-regiao\\\/#organization\",\"name\":\"Ribeir\u00e3o Preto e Regi\u00e3o\",\"url\":\"https:\\\/\\\/redenoticiaz.com.br\\\/ribeiraopreto-regiao\\\/\",\"logo\":{\"@type\":\"ImageObject\",\"inLanguage\":\"pt-BR\",\"@id\":\"https:\\\/\\\/redenoticiaz.com.br\\\/ribeiraopreto-regiao\\\/#\\\/schema\\\/logo\\\/image\\\/\",\"url\":\"https:\\\/\\\/redenoticiaz.com.br\\\/barretos-regiao\\\/wp-content\\\/uploads\\\/sites\\\/4\\\/2022\\\/02\\\/logo.jpg\",\"contentUrl\":\"https:\\\/\\\/redenoticiaz.com.br\\\/barretos-regiao\\\/wp-content\\\/uploads\\\/sites\\\/4\\\/2022\\\/02\\\/logo.jpg\",\"width\":400,\"height\":250,\"caption\":\"Ribeir\u00e3o Preto e Regi\u00e3o\"},\"image\":{\"@id\":\"https:\\\/\\\/redenoticiaz.com.br\\\/ribeiraopreto-regiao\\\/#\\\/schema\\\/logo\\\/image\\\/\"},\"sameAs\":[\"https:\\\/\\\/m.facebook.com\\\/redenoticiaz.barretos\",\"https:\\\/\\\/x.com\\\/RN_barretos\",\"https:\\\/\\\/www.instagram.com\\\/redenoticiaz.barretos\\\/?igshid=YmMyMTA2M2Y\",\"https:\\\/\\\/www.linkedin.com\\\/company\\\/rede-noticiaz-barretos-e-regio\\\/\"]},{\"@type\":\"Person\",\"@id\":\"https:\\\/\\\/redenoticiaz.com.br\\\/ribeiraopreto-regiao\\\/#\\\/schema\\\/person\\\/1f84d6e94e6a62d2d81199d7503e9e90\",\"name\":\"Carina Reifonas\",\"image\":{\"@type\":\"ImageObject\",\"inLanguage\":\"pt-BR\",\"@id\":\"https:\\\/\\\/secure.gravatar.com\\\/avatar\\\/04c59859b23696cf867715880f81d5c037e60109730bdb4e6670ec2a2245bc97?s=96&d=mm&r=g\",\"url\":\"https:\\\/\\\/secure.gravatar.com\\\/avatar\\\/04c59859b23696cf867715880f81d5c037e60109730bdb4e6670ec2a2245bc97?s=96&d=mm&r=g\",\"contentUrl\":\"https:\\\/\\\/secure.gravatar.com\\\/avatar\\\/04c59859b23696cf867715880f81d5c037e60109730bdb4e6670ec2a2245bc97?s=96&d=mm&r=g\",\"caption\":\"Carina Reifonas\"},\"url\":\"https:\\\/\\\/redenoticiaz.com.br\\\/ribeiraopreto-regiao\\\/sp\\\/author\\\/carinareifonas\"}]}<\/script>\n<!-- \/ Yoast SEO plugin. -->","yoast_head_json":{"title":"&#8216;Assexybilidade&#8217;, de Daniel Gon\u00e7alves, revela as viv\u00eancias de pessoas com defici\u00eancia com o sexo - Ribeir\u00e3o Preto e Regi\u00e3o","description":"Hist\u00f3rias sobre a sexualidade de pessoas com defici\u00eancia e a pluralidade de experi\u00eancias atrav\u00e9s da viv\u00eancia de cada uma delas, \"Assexybilidade\".","robots":{"index":"index","follow":"follow","max-snippet":"max-snippet:-1","max-image-preview":"max-image-preview:large","max-video-preview":"max-video-preview:-1"},"canonical":"https:\/\/redenoticiaz.com.br\/ribeiraopreto-regiao\/sp\/2023\/04\/16\/assexybilidade-de-daniel-goncalves-revela-as-vivencias-de-pessoas-com-deficiencia-com-o-sexo","og_locale":"pt_BR","og_type":"article","og_title":"&#8216;Assexybilidade&#8217;, de Daniel Gon\u00e7alves, revela as viv\u00eancias de pessoas com defici\u00eancia com o sexo - Ribeir\u00e3o Preto e Regi\u00e3o","og_description":"Hist\u00f3rias sobre a sexualidade de pessoas com defici\u00eancia e a pluralidade de experi\u00eancias atrav\u00e9s da viv\u00eancia de cada uma delas, \"Assexybilidade\".","og_url":"https:\/\/redenoticiaz.com.br\/ribeiraopreto-regiao\/sp\/2023\/04\/16\/assexybilidade-de-daniel-goncalves-revela-as-vivencias-de-pessoas-com-deficiencia-com-o-sexo","og_site_name":"Ribeir\u00e3o Preto e Regi\u00e3o","article_publisher":"https:\/\/m.facebook.com\/redenoticiaz.barretos","article_published_time":"2023-04-16T15:00:54+00:00","og_image":[{"width":800,"height":450,"url":"https:\/\/redenoticiaz.com.br\/ribeiraopreto-regiao\/wp-content\/uploads\/sites\/4\/2023\/04\/Assexybilidade-de-Daniel-Goncalves-revela-as-vivencias-de-pessoas-com-deficiencia-com-o-sexo.jpg","type":"image\/jpeg"}],"author":"Carina Reifonas","twitter_card":"summary_large_image","twitter_creator":"@RN_barretos","twitter_site":"@RN_barretos","twitter_misc":{"Escrito por":"Carina Reifonas","Est. tempo de leitura":"2 minutos"},"schema":{"@context":"https:\/\/schema.org","@graph":[{"@type":"Article","@id":"https:\/\/redenoticiaz.com.br\/ribeiraopreto-regiao\/sp\/2023\/04\/16\/assexybilidade-de-daniel-goncalves-revela-as-vivencias-de-pessoas-com-deficiencia-com-o-sexo#article","isPartOf":{"@id":"https:\/\/redenoticiaz.com.br\/ribeiraopreto-regiao\/sp\/2023\/04\/16\/assexybilidade-de-daniel-goncalves-revela-as-vivencias-de-pessoas-com-deficiencia-com-o-sexo"},"author":{"name":"Carina Reifonas","@id":"https:\/\/redenoticiaz.com.br\/ribeiraopreto-regiao\/#\/schema\/person\/1f84d6e94e6a62d2d81199d7503e9e90"},"headline":"&#8216;Assexybilidade&#8217;, de Daniel Gon\u00e7alves, revela as viv\u00eancias de pessoas com defici\u00eancia com o sexo","datePublished":"2023-04-16T15:00:54+00:00","mainEntityOfPage":{"@id":"https:\/\/redenoticiaz.com.br\/ribeiraopreto-regiao\/sp\/2023\/04\/16\/assexybilidade-de-daniel-goncalves-revela-as-vivencias-de-pessoas-com-deficiencia-com-o-sexo"},"wordCount":354,"commentCount":0,"publisher":{"@id":"https:\/\/redenoticiaz.com.br\/ribeiraopreto-regiao\/#organization"},"image":{"@id":"https:\/\/redenoticiaz.com.br\/ribeiraopreto-regiao\/sp\/2023\/04\/16\/assexybilidade-de-daniel-goncalves-revela-as-vivencias-de-pessoas-com-deficiencia-com-o-sexo#primaryimage"},"thumbnailUrl":"https:\/\/redenoticiaz.com.br\/ribeiraopreto-regiao\/wp-content\/uploads\/sites\/4\/2023\/04\/Assexybilidade-de-Daniel-Goncalves-revela-as-vivencias-de-pessoas-com-deficiencia-com-o-sexo.jpg","keywords":["ASSEXYBILIDADE","DOCUMENT\u00c1RIO","FILME","PESSOAS COM DEFICI~ENCIA"],"articleSection":["C\u00e2mera Z","Cultura","Entretenimento"],"inLanguage":"pt-BR","potentialAction":[{"@type":"CommentAction","name":"Comment","target":["https:\/\/redenoticiaz.com.br\/ribeiraopreto-regiao\/sp\/2023\/04\/16\/assexybilidade-de-daniel-goncalves-revela-as-vivencias-de-pessoas-com-deficiencia-com-o-sexo#respond"]}]},{"@type":"WebPage","@id":"https:\/\/redenoticiaz.com.br\/ribeiraopreto-regiao\/sp\/2023\/04\/16\/assexybilidade-de-daniel-goncalves-revela-as-vivencias-de-pessoas-com-deficiencia-com-o-sexo","url":"https:\/\/redenoticiaz.com.br\/ribeiraopreto-regiao\/sp\/2023\/04\/16\/assexybilidade-de-daniel-goncalves-revela-as-vivencias-de-pessoas-com-deficiencia-com-o-sexo","name":"&#8216;Assexybilidade&#8217;, de Daniel Gon\u00e7alves, revela as viv\u00eancias de pessoas com defici\u00eancia com o sexo - Ribeir\u00e3o Preto e Regi\u00e3o","isPartOf":{"@id":"https:\/\/redenoticiaz.com.br\/ribeiraopreto-regiao\/#website"},"primaryImageOfPage":{"@id":"https:\/\/redenoticiaz.com.br\/ribeiraopreto-regiao\/sp\/2023\/04\/16\/assexybilidade-de-daniel-goncalves-revela-as-vivencias-de-pessoas-com-deficiencia-com-o-sexo#primaryimage"},"image":{"@id":"https:\/\/redenoticiaz.com.br\/ribeiraopreto-regiao\/sp\/2023\/04\/16\/assexybilidade-de-daniel-goncalves-revela-as-vivencias-de-pessoas-com-deficiencia-com-o-sexo#primaryimage"},"thumbnailUrl":"https:\/\/redenoticiaz.com.br\/ribeiraopreto-regiao\/wp-content\/uploads\/sites\/4\/2023\/04\/Assexybilidade-de-Daniel-Goncalves-revela-as-vivencias-de-pessoas-com-deficiencia-com-o-sexo.jpg","datePublished":"2023-04-16T15:00:54+00:00","description":"Hist\u00f3rias sobre a sexualidade de pessoas com defici\u00eancia e a pluralidade de experi\u00eancias atrav\u00e9s da viv\u00eancia de cada uma delas, \"Assexybilidade\".","inLanguage":"pt-BR","potentialAction":[{"@type":"ReadAction","target":["https:\/\/redenoticiaz.com.br\/ribeiraopreto-regiao\/sp\/2023\/04\/16\/assexybilidade-de-daniel-goncalves-revela-as-vivencias-de-pessoas-com-deficiencia-com-o-sexo"]}]},{"@type":"ImageObject","inLanguage":"pt-BR","@id":"https:\/\/redenoticiaz.com.br\/ribeiraopreto-regiao\/sp\/2023\/04\/16\/assexybilidade-de-daniel-goncalves-revela-as-vivencias-de-pessoas-com-deficiencia-com-o-sexo#primaryimage","url":"https:\/\/redenoticiaz.com.br\/ribeiraopreto-regiao\/wp-content\/uploads\/sites\/4\/2023\/04\/Assexybilidade-de-Daniel-Goncalves-revela-as-vivencias-de-pessoas-com-deficiencia-com-o-sexo.jpg","contentUrl":"https:\/\/redenoticiaz.com.br\/ribeiraopreto-regiao\/wp-content\/uploads\/sites\/4\/2023\/04\/Assexybilidade-de-Daniel-Goncalves-revela-as-vivencias-de-pessoas-com-deficiencia-com-o-sexo.jpg","width":800,"height":450,"caption":"'Assexybilidade'. Cr\u00e9dito: Divulga\u00e7\u00e3o"},{"@type":"WebSite","@id":"https:\/\/redenoticiaz.com.br\/ribeiraopreto-regiao\/#website","url":"https:\/\/redenoticiaz.com.br\/ribeiraopreto-regiao\/","name":"Ribeir\u00e3o Preto e Regi\u00e3o","description":"Rede NoticiaZ - Ribeir\u00e3o Preto e regi\u00e3o","publisher":{"@id":"https:\/\/redenoticiaz.com.br\/ribeiraopreto-regiao\/#organization"},"potentialAction":[{"@type":"SearchAction","target":{"@type":"EntryPoint","urlTemplate":"https:\/\/redenoticiaz.com.br\/ribeiraopreto-regiao\/?s={search_term_string}"},"query-input":{"@type":"PropertyValueSpecification","valueRequired":true,"valueName":"search_term_string"}}],"inLanguage":"pt-BR"},{"@type":"Organization","@id":"https:\/\/redenoticiaz.com.br\/ribeiraopreto-regiao\/#organization","name":"Ribeir\u00e3o Preto e Regi\u00e3o","url":"https:\/\/redenoticiaz.com.br\/ribeiraopreto-regiao\/","logo":{"@type":"ImageObject","inLanguage":"pt-BR","@id":"https:\/\/redenoticiaz.com.br\/ribeiraopreto-regiao\/#\/schema\/logo\/image\/","url":"https:\/\/redenoticiaz.com.br\/barretos-regiao\/wp-content\/uploads\/sites\/4\/2022\/02\/logo.jpg","contentUrl":"https:\/\/redenoticiaz.com.br\/barretos-regiao\/wp-content\/uploads\/sites\/4\/2022\/02\/logo.jpg","width":400,"height":250,"caption":"Ribeir\u00e3o Preto e Regi\u00e3o"},"image":{"@id":"https:\/\/redenoticiaz.com.br\/ribeiraopreto-regiao\/#\/schema\/logo\/image\/"},"sameAs":["https:\/\/m.facebook.com\/redenoticiaz.barretos","https:\/\/x.com\/RN_barretos","https:\/\/www.instagram.com\/redenoticiaz.barretos\/?igshid=YmMyMTA2M2Y","https:\/\/www.linkedin.com\/company\/rede-noticiaz-barretos-e-regio\/"]},{"@type":"Person","@id":"https:\/\/redenoticiaz.com.br\/ribeiraopreto-regiao\/#\/schema\/person\/1f84d6e94e6a62d2d81199d7503e9e90","name":"Carina Reifonas","image":{"@type":"ImageObject","inLanguage":"pt-BR","@id":"https:\/\/secure.gravatar.com\/avatar\/04c59859b23696cf867715880f81d5c037e60109730bdb4e6670ec2a2245bc97?s=96&d=mm&r=g","url":"https:\/\/secure.gravatar.com\/avatar\/04c59859b23696cf867715880f81d5c037e60109730bdb4e6670ec2a2245bc97?s=96&d=mm&r=g","contentUrl":"https:\/\/secure.gravatar.com\/avatar\/04c59859b23696cf867715880f81d5c037e60109730bdb4e6670ec2a2245bc97?s=96&d=mm&r=g","caption":"Carina Reifonas"},"url":"https:\/\/redenoticiaz.com.br\/ribeiraopreto-regiao\/sp\/author\/carinareifonas"}]}},"_links":{"self":[{"href":"https:\/\/redenoticiaz.com.br\/ribeiraopreto-regiao\/wp-json\/wp\/v2\/posts\/103674","targetHints":{"allow":["GET"]}}],"collection":[{"href":"https:\/\/redenoticiaz.com.br\/ribeiraopreto-regiao\/wp-json\/wp\/v2\/posts"}],"about":[{"href":"https:\/\/redenoticiaz.com.br\/ribeiraopreto-regiao\/wp-json\/wp\/v2\/types\/post"}],"author":[{"embeddable":true,"href":"https:\/\/redenoticiaz.com.br\/ribeiraopreto-regiao\/wp-json\/wp\/v2\/users\/30"}],"replies":[{"embeddable":true,"href":"https:\/\/redenoticiaz.com.br\/ribeiraopreto-regiao\/wp-json\/wp\/v2\/comments?post=103674"}],"version-history":[{"count":1,"href":"https:\/\/redenoticiaz.com.br\/ribeiraopreto-regiao\/wp-json\/wp\/v2\/posts\/103674\/revisions"}],"predecessor-version":[{"id":103676,"href":"https:\/\/redenoticiaz.com.br\/ribeiraopreto-regiao\/wp-json\/wp\/v2\/posts\/103674\/revisions\/103676"}],"wp:featuredmedia":[{"embeddable":true,"href":"https:\/\/redenoticiaz.com.br\/ribeiraopreto-regiao\/wp-json\/wp\/v2\/media\/103675"}],"wp:attachment":[{"href":"https:\/\/redenoticiaz.com.br\/ribeiraopreto-regiao\/wp-json\/wp\/v2\/media?parent=103674"}],"wp:term":[{"taxonomy":"category","embeddable":true,"href":"https:\/\/redenoticiaz.com.br\/ribeiraopreto-regiao\/wp-json\/wp\/v2\/categories?post=103674"},{"taxonomy":"post_tag","embeddable":true,"href":"https:\/\/redenoticiaz.com.br\/ribeiraopreto-regiao\/wp-json\/wp\/v2\/tags?post=103674"}],"curies":[{"name":"wp","href":"https:\/\/api.w.org\/{rel}","templated":true}]}}