{"id":103725,"date":"2023-04-16T15:00:09","date_gmt":"2023-04-16T18:00:09","guid":{"rendered":"https:\/\/redenoticiaz.com.br\/barretos-regiao\/?p=103725"},"modified":"2023-04-14T17:49:01","modified_gmt":"2023-04-14T20:49:01","slug":"confira-os-cuidados-que-se-deve-ter-com-voz","status":"publish","type":"post","link":"https:\/\/redenoticiaz.com.br\/ribeiraopreto-regiao\/sp\/2023\/04\/16\/confira-os-cuidados-que-se-deve-ter-com-voz","title":{"rendered":"Confira os cuidados que se deve ter com a voz"},"content":{"rendered":"<p>Os transtornos da voz prejudicam a qualidade de vida das pessoas. A conscientiza\u00e7\u00e3o \u00e9, principalmente, para as pessoas que utilizam a voz como instrumento de trabalho, como os professores, operadores de telemarketing, atores, cantores, profissionais do direito, locutores, entre outros. Para quem n\u00e3o entende como a sa\u00fade da voz pode interferir na vida cotidiana de cada indiv\u00edduo, fica o questionamento: J\u00e1 passou um dia inteiro sem falar?<\/p>\n<p>Segundo o cirurgi\u00e3o especialista em cabe\u00e7a e pesco\u00e7o, Dr. Rog\u00e9rio Dedivitis, essa campanha tamb\u00e9m \u201cPromove a possibilidade de auto avalia\u00e7\u00e3o, fazendo com que as pessoas busquem profissionais qualificados que possam realizar o diagn\u00f3stico precoce de doen\u00e7as, como o c\u00e2ncer de laringe. O Brasil ocupa o segundo lugar no ranking de c\u00e2ncer de laringe e os grandes vil\u00f5es s\u00e3o o cigarro e o \u00e1lcool. Associado ao tabagismo, o consumo alto de bebidas alc\u00f3olicas triplica as chances de desenvolver a doen\u00e7a\u201d.<\/p>\n<p>A voz pode demonstrar diversas caracter\u00edsticas individuais, cerca de 70% da popula\u00e7\u00e3o ativa t\u00eam na voz o instrumento de trabalho mais exigido, mesmo que n\u00e3o seja o foco das atividades. A principal causa de afastamento na rede de ensino p\u00fablico de S\u00e3o Paulo est\u00e1 relacionada a problemas de voz. Dr. Rog\u00e9rio Dedivitis explica ainda que \u201cPessoas que n\u00e3o dependem da voz para trabalhar tamb\u00e9m s\u00e3o prejudicadas pelo mau uso. Especialistas calculam que at\u00e9 30% da popula\u00e7\u00e3o apresentem algum tipo de les\u00e3o nas cordas vocais. Alguns sintomas podem significar dist\u00farbio da voz, se forem persistentes por mais de duas semanas: Rouquid\u00e3o, pigarro, dor ou ard\u00eancia na garganta, dificuldade ou dor para engolir e perda de voz\u201d, frisa.<\/p>\n<p>C\u00e2ncer de Laringe: \u00c9 o quinto mais comum no sexo masculino. Se alguns dos sintomas descritos acima forem persistentes, principalmente em pessoas acima de 40 anos de idade e fumantes, \u00e9 necess\u00e1rio procurar um especialista para um diagn\u00f3stico precoce, que \u00e9 fundamental para a cura da doen\u00e7a. A preven\u00e7\u00e3o \u00e9 a melhor arma e o h\u00e1bito de fumar traz um grande mal para o organismo e, particularmente, para as pregas vocais.<\/p>\n<h3>Os cuidados que se deve ter com a voz:<\/h3>\n<p>&#8211; O inimigo n\u00famero 1 \u00e9 o cigarro, portanto, evite fumar;<\/p>\n<p>&#8211; N\u00e3o force a voz, procure falar confortavelmente;<\/p>\n<p>&#8211; N\u00e3o grite;<\/p>\n<p>&#8211; Evite a \u201ccompeti\u00e7\u00e3o vocal\u201d, ou seja, em ambientes muito barulhentos, voc\u00ea pode estar gritando sem perceber;<\/p>\n<p>&#8211; Evite o ato de pigarrear, ele representa um grande trauma para as pregas vocais;<\/p>\n<p>&#8211; O volume da voz deve ser normal<\/p>\n<p>&#8211; Durante o dia, \u00e9 bom ingerir muito l\u00edquido em temperatura ambiente;<\/p>\n<p>&#8211; Bebidas alco\u00f3licas e geladas devem ser usadas com modera\u00e7\u00e3o;<\/p>\n<p>&#8211; Alimentos que causam azia e m\u00e1 digest\u00e3o devem ser evitados. Frituras, chocolate, bebidas alco\u00f3licas e alimentos \u00e1cidos devem ser consumidos com modera\u00e7\u00e3o;<\/p>\n<p>&#8211; Ap\u00f3s alimentar-se, permane\u00e7a pelo menos uma hora sem deitar-se;<\/p>\n<p>&#8211; Mofo, poeira e cheiros fortes devem ser evitados.<\/p>\n<p>VEJA TAMB\u00c9M:\u00a0<a href=\"https:\/\/redenoticiaz.com.br\/barretos-regiao\/sp\/2023\/04\/09\/saiba-qual-a-importancia-do-cuidado-com-a-pele-do-rosto-a-dermatologista-esclarece\">Saiba qual a import\u00e2ncia do cuidado com a pele do rosto: a dermatologista esclarece<\/a><\/p>\n","protected":false},"excerpt":{"rendered":"<p>Os transtornos da voz prejudicam a qualidade de vida das pessoas. A conscientiza\u00e7\u00e3o \u00e9, principalmente, para as pessoas que utilizam a voz como instrumento de trabalho, como os professores, operadores de telemarketing, atores, cantores, profissionais do direito, locutores, entre outros. Para quem n\u00e3o entende como a sa\u00fade da voz pode interferir na vida cotidiana de &hellip;<\/p>\n","protected":false},"author":30,"featured_media":103726,"comment_status":"open","ping_status":"closed","sticky":false,"template":"","format":"standard","meta":{"footnotes":""},"categories":[129],"tags":[141,8451,22198,26342],"class_list":["post-103725","post","type-post","status-publish","format-standard","has-post-thumbnail","hentry","category-saude","tag-cancer","tag-cuidados","tag-laringe","tag-voz"],"yoast_head":"<!-- This site is optimized with the Yoast SEO plugin v27.4 - https:\/\/yoast.com\/product\/yoast-seo-wordpress\/ -->\n<title>Confira os cuidados que se deve ter com a voz - Ribeir\u00e3o Preto e Regi\u00e3o<\/title>\n<meta name=\"description\" content=\"Os transtornos da voz prejudicam a qualidade de vida das pessoas. A conscientiza\u00e7\u00e3o \u00e9, principalmente, para as pessoas que utilizam a voz\" \/>\n<meta name=\"robots\" content=\"index, follow, max-snippet:-1, max-image-preview:large, max-video-preview:-1\" \/>\n<link rel=\"canonical\" href=\"https:\/\/redenoticiaz.com.br\/ribeiraopreto-regiao\/sp\/2023\/04\/16\/confira-os-cuidados-que-se-deve-ter-com-voz\" \/>\n<meta property=\"og:locale\" content=\"pt_BR\" \/>\n<meta property=\"og:type\" content=\"article\" \/>\n<meta property=\"og:title\" content=\"Confira os cuidados que se deve ter com a voz - Ribeir\u00e3o Preto e Regi\u00e3o\" \/>\n<meta property=\"og:description\" content=\"Os transtornos da voz prejudicam a qualidade de vida das pessoas. A conscientiza\u00e7\u00e3o \u00e9, principalmente, para as pessoas que utilizam a voz\" \/>\n<meta property=\"og:url\" content=\"https:\/\/redenoticiaz.com.br\/ribeiraopreto-regiao\/sp\/2023\/04\/16\/confira-os-cuidados-que-se-deve-ter-com-voz\" \/>\n<meta property=\"og:site_name\" content=\"Ribeir\u00e3o Preto e Regi\u00e3o\" \/>\n<meta property=\"article:publisher\" content=\"https:\/\/m.facebook.com\/redenoticiaz.barretos\" \/>\n<meta property=\"article:published_time\" content=\"2023-04-16T18:00:09+00:00\" \/>\n<meta property=\"og:image\" content=\"https:\/\/redenoticiaz.com.br\/ribeiraopreto-regiao\/wp-content\/uploads\/sites\/4\/2023\/04\/9.png\" \/>\n\t<meta property=\"og:image:width\" content=\"1200\" \/>\n\t<meta property=\"og:image:height\" content=\"628\" \/>\n\t<meta property=\"og:image:type\" content=\"image\/png\" \/>\n<meta name=\"author\" content=\"Carina Reifonas\" \/>\n<meta name=\"twitter:card\" content=\"summary_large_image\" \/>\n<meta name=\"twitter:creator\" content=\"@RN_barretos\" \/>\n<meta name=\"twitter:site\" content=\"@RN_barretos\" \/>\n<meta name=\"twitter:label1\" content=\"Escrito por\" \/>\n\t<meta name=\"twitter:data1\" content=\"Carina Reifonas\" \/>\n\t<meta name=\"twitter:label2\" content=\"Est. tempo de leitura\" \/>\n\t<meta name=\"twitter:data2\" content=\"3 minutos\" \/>\n<script type=\"application\/ld+json\" class=\"yoast-schema-graph\">{\"@context\":\"https:\\\/\\\/schema.org\",\"@graph\":[{\"@type\":\"Article\",\"@id\":\"https:\\\/\\\/redenoticiaz.com.br\\\/ribeiraopreto-regiao\\\/sp\\\/2023\\\/04\\\/16\\\/confira-os-cuidados-que-se-deve-ter-com-voz#article\",\"isPartOf\":{\"@id\":\"https:\\\/\\\/redenoticiaz.com.br\\\/ribeiraopreto-regiao\\\/sp\\\/2023\\\/04\\\/16\\\/confira-os-cuidados-que-se-deve-ter-com-voz\"},\"author\":{\"name\":\"Carina Reifonas\",\"@id\":\"https:\\\/\\\/redenoticiaz.com.br\\\/ribeiraopreto-regiao\\\/#\\\/schema\\\/person\\\/1f84d6e94e6a62d2d81199d7503e9e90\"},\"headline\":\"Confira os cuidados que se deve ter com a voz\",\"datePublished\":\"2023-04-16T18:00:09+00:00\",\"mainEntityOfPage\":{\"@id\":\"https:\\\/\\\/redenoticiaz.com.br\\\/ribeiraopreto-regiao\\\/sp\\\/2023\\\/04\\\/16\\\/confira-os-cuidados-que-se-deve-ter-com-voz\"},\"wordCount\":536,\"commentCount\":0,\"publisher\":{\"@id\":\"https:\\\/\\\/redenoticiaz.com.br\\\/ribeiraopreto-regiao\\\/#organization\"},\"image\":{\"@id\":\"https:\\\/\\\/redenoticiaz.com.br\\\/ribeiraopreto-regiao\\\/sp\\\/2023\\\/04\\\/16\\\/confira-os-cuidados-que-se-deve-ter-com-voz#primaryimage\"},\"thumbnailUrl\":\"https:\\\/\\\/redenoticiaz.com.br\\\/ribeiraopreto-regiao\\\/wp-content\\\/uploads\\\/sites\\\/4\\\/2023\\\/04\\\/9.png\",\"keywords\":[\"C\u00c2NCER\",\"CUIDADOS\",\"LARINGE\",\"voz\"],\"articleSection\":[\"Sa\u00fade\"],\"inLanguage\":\"pt-BR\",\"potentialAction\":[{\"@type\":\"CommentAction\",\"name\":\"Comment\",\"target\":[\"https:\\\/\\\/redenoticiaz.com.br\\\/ribeiraopreto-regiao\\\/sp\\\/2023\\\/04\\\/16\\\/confira-os-cuidados-que-se-deve-ter-com-voz#respond\"]}]},{\"@type\":\"WebPage\",\"@id\":\"https:\\\/\\\/redenoticiaz.com.br\\\/ribeiraopreto-regiao\\\/sp\\\/2023\\\/04\\\/16\\\/confira-os-cuidados-que-se-deve-ter-com-voz\",\"url\":\"https:\\\/\\\/redenoticiaz.com.br\\\/ribeiraopreto-regiao\\\/sp\\\/2023\\\/04\\\/16\\\/confira-os-cuidados-que-se-deve-ter-com-voz\",\"name\":\"Confira os cuidados que se deve ter com a voz - Ribeir\u00e3o Preto e Regi\u00e3o\",\"isPartOf\":{\"@id\":\"https:\\\/\\\/redenoticiaz.com.br\\\/ribeiraopreto-regiao\\\/#website\"},\"primaryImageOfPage\":{\"@id\":\"https:\\\/\\\/redenoticiaz.com.br\\\/ribeiraopreto-regiao\\\/sp\\\/2023\\\/04\\\/16\\\/confira-os-cuidados-que-se-deve-ter-com-voz#primaryimage\"},\"image\":{\"@id\":\"https:\\\/\\\/redenoticiaz.com.br\\\/ribeiraopreto-regiao\\\/sp\\\/2023\\\/04\\\/16\\\/confira-os-cuidados-que-se-deve-ter-com-voz#primaryimage\"},\"thumbnailUrl\":\"https:\\\/\\\/redenoticiaz.com.br\\\/ribeiraopreto-regiao\\\/wp-content\\\/uploads\\\/sites\\\/4\\\/2023\\\/04\\\/9.png\",\"datePublished\":\"2023-04-16T18:00:09+00:00\",\"description\":\"Os transtornos da voz prejudicam a qualidade de vida das pessoas. A conscientiza\u00e7\u00e3o \u00e9, principalmente, para as pessoas que utilizam a voz\",\"inLanguage\":\"pt-BR\",\"potentialAction\":[{\"@type\":\"ReadAction\",\"target\":[\"https:\\\/\\\/redenoticiaz.com.br\\\/ribeiraopreto-regiao\\\/sp\\\/2023\\\/04\\\/16\\\/confira-os-cuidados-que-se-deve-ter-com-voz\"]}]},{\"@type\":\"ImageObject\",\"inLanguage\":\"pt-BR\",\"@id\":\"https:\\\/\\\/redenoticiaz.com.br\\\/ribeiraopreto-regiao\\\/sp\\\/2023\\\/04\\\/16\\\/confira-os-cuidados-que-se-deve-ter-com-voz#primaryimage\",\"url\":\"https:\\\/\\\/redenoticiaz.com.br\\\/ribeiraopreto-regiao\\\/wp-content\\\/uploads\\\/sites\\\/4\\\/2023\\\/04\\\/9.png\",\"contentUrl\":\"https:\\\/\\\/redenoticiaz.com.br\\\/ribeiraopreto-regiao\\\/wp-content\\\/uploads\\\/sites\\\/4\\\/2023\\\/04\\\/9.png\",\"width\":1200,\"height\":628,\"caption\":\"Confira os cuidados que se deve ter com a voz. Cr\u00e9dito: Divulga\u00e7\u00e3o\"},{\"@type\":\"WebSite\",\"@id\":\"https:\\\/\\\/redenoticiaz.com.br\\\/ribeiraopreto-regiao\\\/#website\",\"url\":\"https:\\\/\\\/redenoticiaz.com.br\\\/ribeiraopreto-regiao\\\/\",\"name\":\"Ribeir\u00e3o Preto e Regi\u00e3o\",\"description\":\"Rede NoticiaZ - Ribeir\u00e3o Preto e regi\u00e3o\",\"publisher\":{\"@id\":\"https:\\\/\\\/redenoticiaz.com.br\\\/ribeiraopreto-regiao\\\/#organization\"},\"potentialAction\":[{\"@type\":\"SearchAction\",\"target\":{\"@type\":\"EntryPoint\",\"urlTemplate\":\"https:\\\/\\\/redenoticiaz.com.br\\\/ribeiraopreto-regiao\\\/?s={search_term_string}\"},\"query-input\":{\"@type\":\"PropertyValueSpecification\",\"valueRequired\":true,\"valueName\":\"search_term_string\"}}],\"inLanguage\":\"pt-BR\"},{\"@type\":\"Organization\",\"@id\":\"https:\\\/\\\/redenoticiaz.com.br\\\/ribeiraopreto-regiao\\\/#organization\",\"name\":\"Ribeir\u00e3o Preto e Regi\u00e3o\",\"url\":\"https:\\\/\\\/redenoticiaz.com.br\\\/ribeiraopreto-regiao\\\/\",\"logo\":{\"@type\":\"ImageObject\",\"inLanguage\":\"pt-BR\",\"@id\":\"https:\\\/\\\/redenoticiaz.com.br\\\/ribeiraopreto-regiao\\\/#\\\/schema\\\/logo\\\/image\\\/\",\"url\":\"https:\\\/\\\/redenoticiaz.com.br\\\/barretos-regiao\\\/wp-content\\\/uploads\\\/sites\\\/4\\\/2022\\\/02\\\/logo.jpg\",\"contentUrl\":\"https:\\\/\\\/redenoticiaz.com.br\\\/barretos-regiao\\\/wp-content\\\/uploads\\\/sites\\\/4\\\/2022\\\/02\\\/logo.jpg\",\"width\":400,\"height\":250,\"caption\":\"Ribeir\u00e3o Preto e Regi\u00e3o\"},\"image\":{\"@id\":\"https:\\\/\\\/redenoticiaz.com.br\\\/ribeiraopreto-regiao\\\/#\\\/schema\\\/logo\\\/image\\\/\"},\"sameAs\":[\"https:\\\/\\\/m.facebook.com\\\/redenoticiaz.barretos\",\"https:\\\/\\\/x.com\\\/RN_barretos\",\"https:\\\/\\\/www.instagram.com\\\/redenoticiaz.barretos\\\/?igshid=YmMyMTA2M2Y\",\"https:\\\/\\\/www.linkedin.com\\\/company\\\/rede-noticiaz-barretos-e-regio\\\/\"]},{\"@type\":\"Person\",\"@id\":\"https:\\\/\\\/redenoticiaz.com.br\\\/ribeiraopreto-regiao\\\/#\\\/schema\\\/person\\\/1f84d6e94e6a62d2d81199d7503e9e90\",\"name\":\"Carina Reifonas\",\"image\":{\"@type\":\"ImageObject\",\"inLanguage\":\"pt-BR\",\"@id\":\"https:\\\/\\\/secure.gravatar.com\\\/avatar\\\/04c59859b23696cf867715880f81d5c037e60109730bdb4e6670ec2a2245bc97?s=96&d=mm&r=g\",\"url\":\"https:\\\/\\\/secure.gravatar.com\\\/avatar\\\/04c59859b23696cf867715880f81d5c037e60109730bdb4e6670ec2a2245bc97?s=96&d=mm&r=g\",\"contentUrl\":\"https:\\\/\\\/secure.gravatar.com\\\/avatar\\\/04c59859b23696cf867715880f81d5c037e60109730bdb4e6670ec2a2245bc97?s=96&d=mm&r=g\",\"caption\":\"Carina Reifonas\"},\"url\":\"https:\\\/\\\/redenoticiaz.com.br\\\/ribeiraopreto-regiao\\\/sp\\\/author\\\/carinareifonas\"}]}<\/script>\n<!-- \/ Yoast SEO plugin. -->","yoast_head_json":{"title":"Confira os cuidados que se deve ter com a voz - Ribeir\u00e3o Preto e Regi\u00e3o","description":"Os transtornos da voz prejudicam a qualidade de vida das pessoas. A conscientiza\u00e7\u00e3o \u00e9, principalmente, para as pessoas que utilizam a voz","robots":{"index":"index","follow":"follow","max-snippet":"max-snippet:-1","max-image-preview":"max-image-preview:large","max-video-preview":"max-video-preview:-1"},"canonical":"https:\/\/redenoticiaz.com.br\/ribeiraopreto-regiao\/sp\/2023\/04\/16\/confira-os-cuidados-que-se-deve-ter-com-voz","og_locale":"pt_BR","og_type":"article","og_title":"Confira os cuidados que se deve ter com a voz - Ribeir\u00e3o Preto e Regi\u00e3o","og_description":"Os transtornos da voz prejudicam a qualidade de vida das pessoas. A conscientiza\u00e7\u00e3o \u00e9, principalmente, para as pessoas que utilizam a voz","og_url":"https:\/\/redenoticiaz.com.br\/ribeiraopreto-regiao\/sp\/2023\/04\/16\/confira-os-cuidados-que-se-deve-ter-com-voz","og_site_name":"Ribeir\u00e3o Preto e Regi\u00e3o","article_publisher":"https:\/\/m.facebook.com\/redenoticiaz.barretos","article_published_time":"2023-04-16T18:00:09+00:00","og_image":[{"width":1200,"height":628,"url":"https:\/\/redenoticiaz.com.br\/ribeiraopreto-regiao\/wp-content\/uploads\/sites\/4\/2023\/04\/9.png","type":"image\/png"}],"author":"Carina Reifonas","twitter_card":"summary_large_image","twitter_creator":"@RN_barretos","twitter_site":"@RN_barretos","twitter_misc":{"Escrito por":"Carina Reifonas","Est. tempo de leitura":"3 minutos"},"schema":{"@context":"https:\/\/schema.org","@graph":[{"@type":"Article","@id":"https:\/\/redenoticiaz.com.br\/ribeiraopreto-regiao\/sp\/2023\/04\/16\/confira-os-cuidados-que-se-deve-ter-com-voz#article","isPartOf":{"@id":"https:\/\/redenoticiaz.com.br\/ribeiraopreto-regiao\/sp\/2023\/04\/16\/confira-os-cuidados-que-se-deve-ter-com-voz"},"author":{"name":"Carina Reifonas","@id":"https:\/\/redenoticiaz.com.br\/ribeiraopreto-regiao\/#\/schema\/person\/1f84d6e94e6a62d2d81199d7503e9e90"},"headline":"Confira os cuidados que se deve ter com a voz","datePublished":"2023-04-16T18:00:09+00:00","mainEntityOfPage":{"@id":"https:\/\/redenoticiaz.com.br\/ribeiraopreto-regiao\/sp\/2023\/04\/16\/confira-os-cuidados-que-se-deve-ter-com-voz"},"wordCount":536,"commentCount":0,"publisher":{"@id":"https:\/\/redenoticiaz.com.br\/ribeiraopreto-regiao\/#organization"},"image":{"@id":"https:\/\/redenoticiaz.com.br\/ribeiraopreto-regiao\/sp\/2023\/04\/16\/confira-os-cuidados-que-se-deve-ter-com-voz#primaryimage"},"thumbnailUrl":"https:\/\/redenoticiaz.com.br\/ribeiraopreto-regiao\/wp-content\/uploads\/sites\/4\/2023\/04\/9.png","keywords":["C\u00c2NCER","CUIDADOS","LARINGE","voz"],"articleSection":["Sa\u00fade"],"inLanguage":"pt-BR","potentialAction":[{"@type":"CommentAction","name":"Comment","target":["https:\/\/redenoticiaz.com.br\/ribeiraopreto-regiao\/sp\/2023\/04\/16\/confira-os-cuidados-que-se-deve-ter-com-voz#respond"]}]},{"@type":"WebPage","@id":"https:\/\/redenoticiaz.com.br\/ribeiraopreto-regiao\/sp\/2023\/04\/16\/confira-os-cuidados-que-se-deve-ter-com-voz","url":"https:\/\/redenoticiaz.com.br\/ribeiraopreto-regiao\/sp\/2023\/04\/16\/confira-os-cuidados-que-se-deve-ter-com-voz","name":"Confira os cuidados que se deve ter com a voz - Ribeir\u00e3o Preto e Regi\u00e3o","isPartOf":{"@id":"https:\/\/redenoticiaz.com.br\/ribeiraopreto-regiao\/#website"},"primaryImageOfPage":{"@id":"https:\/\/redenoticiaz.com.br\/ribeiraopreto-regiao\/sp\/2023\/04\/16\/confira-os-cuidados-que-se-deve-ter-com-voz#primaryimage"},"image":{"@id":"https:\/\/redenoticiaz.com.br\/ribeiraopreto-regiao\/sp\/2023\/04\/16\/confira-os-cuidados-que-se-deve-ter-com-voz#primaryimage"},"thumbnailUrl":"https:\/\/redenoticiaz.com.br\/ribeiraopreto-regiao\/wp-content\/uploads\/sites\/4\/2023\/04\/9.png","datePublished":"2023-04-16T18:00:09+00:00","description":"Os transtornos da voz prejudicam a qualidade de vida das pessoas. A conscientiza\u00e7\u00e3o \u00e9, principalmente, para as pessoas que utilizam a voz","inLanguage":"pt-BR","potentialAction":[{"@type":"ReadAction","target":["https:\/\/redenoticiaz.com.br\/ribeiraopreto-regiao\/sp\/2023\/04\/16\/confira-os-cuidados-que-se-deve-ter-com-voz"]}]},{"@type":"ImageObject","inLanguage":"pt-BR","@id":"https:\/\/redenoticiaz.com.br\/ribeiraopreto-regiao\/sp\/2023\/04\/16\/confira-os-cuidados-que-se-deve-ter-com-voz#primaryimage","url":"https:\/\/redenoticiaz.com.br\/ribeiraopreto-regiao\/wp-content\/uploads\/sites\/4\/2023\/04\/9.png","contentUrl":"https:\/\/redenoticiaz.com.br\/ribeiraopreto-regiao\/wp-content\/uploads\/sites\/4\/2023\/04\/9.png","width":1200,"height":628,"caption":"Confira os cuidados que se deve ter com a voz. Cr\u00e9dito: Divulga\u00e7\u00e3o"},{"@type":"WebSite","@id":"https:\/\/redenoticiaz.com.br\/ribeiraopreto-regiao\/#website","url":"https:\/\/redenoticiaz.com.br\/ribeiraopreto-regiao\/","name":"Ribeir\u00e3o Preto e Regi\u00e3o","description":"Rede NoticiaZ - Ribeir\u00e3o Preto e regi\u00e3o","publisher":{"@id":"https:\/\/redenoticiaz.com.br\/ribeiraopreto-regiao\/#organization"},"potentialAction":[{"@type":"SearchAction","target":{"@type":"EntryPoint","urlTemplate":"https:\/\/redenoticiaz.com.br\/ribeiraopreto-regiao\/?s={search_term_string}"},"query-input":{"@type":"PropertyValueSpecification","valueRequired":true,"valueName":"search_term_string"}}],"inLanguage":"pt-BR"},{"@type":"Organization","@id":"https:\/\/redenoticiaz.com.br\/ribeiraopreto-regiao\/#organization","name":"Ribeir\u00e3o Preto e Regi\u00e3o","url":"https:\/\/redenoticiaz.com.br\/ribeiraopreto-regiao\/","logo":{"@type":"ImageObject","inLanguage":"pt-BR","@id":"https:\/\/redenoticiaz.com.br\/ribeiraopreto-regiao\/#\/schema\/logo\/image\/","url":"https:\/\/redenoticiaz.com.br\/barretos-regiao\/wp-content\/uploads\/sites\/4\/2022\/02\/logo.jpg","contentUrl":"https:\/\/redenoticiaz.com.br\/barretos-regiao\/wp-content\/uploads\/sites\/4\/2022\/02\/logo.jpg","width":400,"height":250,"caption":"Ribeir\u00e3o Preto e Regi\u00e3o"},"image":{"@id":"https:\/\/redenoticiaz.com.br\/ribeiraopreto-regiao\/#\/schema\/logo\/image\/"},"sameAs":["https:\/\/m.facebook.com\/redenoticiaz.barretos","https:\/\/x.com\/RN_barretos","https:\/\/www.instagram.com\/redenoticiaz.barretos\/?igshid=YmMyMTA2M2Y","https:\/\/www.linkedin.com\/company\/rede-noticiaz-barretos-e-regio\/"]},{"@type":"Person","@id":"https:\/\/redenoticiaz.com.br\/ribeiraopreto-regiao\/#\/schema\/person\/1f84d6e94e6a62d2d81199d7503e9e90","name":"Carina Reifonas","image":{"@type":"ImageObject","inLanguage":"pt-BR","@id":"https:\/\/secure.gravatar.com\/avatar\/04c59859b23696cf867715880f81d5c037e60109730bdb4e6670ec2a2245bc97?s=96&d=mm&r=g","url":"https:\/\/secure.gravatar.com\/avatar\/04c59859b23696cf867715880f81d5c037e60109730bdb4e6670ec2a2245bc97?s=96&d=mm&r=g","contentUrl":"https:\/\/secure.gravatar.com\/avatar\/04c59859b23696cf867715880f81d5c037e60109730bdb4e6670ec2a2245bc97?s=96&d=mm&r=g","caption":"Carina Reifonas"},"url":"https:\/\/redenoticiaz.com.br\/ribeiraopreto-regiao\/sp\/author\/carinareifonas"}]}},"_links":{"self":[{"href":"https:\/\/redenoticiaz.com.br\/ribeiraopreto-regiao\/wp-json\/wp\/v2\/posts\/103725","targetHints":{"allow":["GET"]}}],"collection":[{"href":"https:\/\/redenoticiaz.com.br\/ribeiraopreto-regiao\/wp-json\/wp\/v2\/posts"}],"about":[{"href":"https:\/\/redenoticiaz.com.br\/ribeiraopreto-regiao\/wp-json\/wp\/v2\/types\/post"}],"author":[{"embeddable":true,"href":"https:\/\/redenoticiaz.com.br\/ribeiraopreto-regiao\/wp-json\/wp\/v2\/users\/30"}],"replies":[{"embeddable":true,"href":"https:\/\/redenoticiaz.com.br\/ribeiraopreto-regiao\/wp-json\/wp\/v2\/comments?post=103725"}],"version-history":[{"count":1,"href":"https:\/\/redenoticiaz.com.br\/ribeiraopreto-regiao\/wp-json\/wp\/v2\/posts\/103725\/revisions"}],"predecessor-version":[{"id":103727,"href":"https:\/\/redenoticiaz.com.br\/ribeiraopreto-regiao\/wp-json\/wp\/v2\/posts\/103725\/revisions\/103727"}],"wp:featuredmedia":[{"embeddable":true,"href":"https:\/\/redenoticiaz.com.br\/ribeiraopreto-regiao\/wp-json\/wp\/v2\/media\/103726"}],"wp:attachment":[{"href":"https:\/\/redenoticiaz.com.br\/ribeiraopreto-regiao\/wp-json\/wp\/v2\/media?parent=103725"}],"wp:term":[{"taxonomy":"category","embeddable":true,"href":"https:\/\/redenoticiaz.com.br\/ribeiraopreto-regiao\/wp-json\/wp\/v2\/categories?post=103725"},{"taxonomy":"post_tag","embeddable":true,"href":"https:\/\/redenoticiaz.com.br\/ribeiraopreto-regiao\/wp-json\/wp\/v2\/tags?post=103725"}],"curies":[{"name":"wp","href":"https:\/\/api.w.org\/{rel}","templated":true}]}}