{"id":103816,"date":"2023-04-16T19:14:10","date_gmt":"2023-04-16T22:14:10","guid":{"rendered":"https:\/\/redenoticiaz.com.br\/barretos-regiao\/sp\/2023\/04\/16\/video-ex-politico-e-irmao-sao-mortos-ao-vivo-na-tv"},"modified":"2023-04-16T19:14:10","modified_gmt":"2023-04-16T22:14:10","slug":"video-ex-politico-e-irmao-sao-mortos-ao-vivo-na-tv","status":"publish","type":"post","link":"https:\/\/redenoticiaz.com.br\/ribeiraopreto-regiao\/sp\/2023\/04\/16\/video-ex-politico-e-irmao-sao-mortos-ao-vivo-na-tv","title":{"rendered":"V\u00cdDEO \u2013 Ex-pol\u00edtico e irm\u00e3o s\u00e3o mortos ao vivo na TV"},"content":{"rendered":"<div id=\"chunk-e8ptn\">\n<div class=\"mc-column content-text active-extra-styles \" data-block-type=\"unstyled\" data-block-weight=\"26\" data-block-id=\"3\">\n<p data-track-category=\"Link no Texto\" data-track-links=\"\">Um ex-pol\u00edtico indiano e seu irm\u00e3o foram mortos ao vivo na TV ap\u00f3s serem condenados por sequestro na cidade de Prayagraj, no norte da \u00edndia.<\/p>\n<p data-track-category=\"Link no Texto\" data-track-links=\"\">De acordo com as informa\u00e7\u00f5es, Atiq Ahmed, estava sob escolta policial, e conversava com rep\u00f3rteres quando uma pessoa colocou uma arma perto de sua cabe\u00e7a e fez um disparo.<\/p>\n<p data-track-category=\"Link no Texto\" data-track-links=\"\">Ainda de acordo com as informa\u00e7\u00f5es, o seu irm\u00e3o que estava do lado, tamb\u00e9m foi atingido e ambos morreram no local.<\/p>\n<div style=\"width: 720px;\" class=\"wp-video\"><video class=\"wp-video-shortcode\" id=\"video-103816-1\" width=\"720\" height=\"720\" preload=\"metadata\" controls=\"controls\"><source type=\"video\/mp4\" src=\"https:\/\/redenoticiaz.com.br\/barretos-regiao\/wp-content\/uploads\/sites\/4\/2023\/04\/WhatsApp-Video-2023-04-16-at-19.01.14-1.mp4?_=1\" \/><a href=\"https:\/\/redenoticiaz.com.br\/barretos-regiao\/wp-content\/uploads\/sites\/4\/2023\/04\/WhatsApp-Video-2023-04-16-at-19.01.14-1.mp4\">https:\/\/redenoticiaz.com.br\/barretos-regiao\/wp-content\/uploads\/sites\/4\/2023\/04\/WhatsApp-Video-2023-04-16-at-19.01.14-1.mp4<\/a><\/video><\/div>\n<p data-track-category=\"Link no Texto\" data-track-links=\"\">Sendo assim, os homens que efetuaram os disparos, se apresentaram como jornalistas para se aproximarem das v\u00edtimas. Logo ap\u00f3s os disparos eles se entregaram a pol\u00edcia.<\/p>\n<\/div>\n<\/div>\n<div class=\"wall protected-content\">\n<div id=\"chunk-avqtv\">\n<div class=\"mc-column content-text active-extra-styles \" data-block-type=\"unstyled\" data-block-weight=\"18\" data-block-id=\"5\">\n<p class=\"content-text__container \" data-track-category=\"Link no Texto\" data-track-links=\"\">A fam\u00edlia dos pol\u00edticos j\u00e1 vinham sofrendo atentados, j\u00e1 que o filho adolescente de Ahmed, foi morto na \u00faltima semana por tiros da pol\u00edcia.<\/p>\n<\/div>\n<\/div>\n<div id=\"chunk-ccu4t\">\n<div class=\"mc-column content-text active-extra-styles \" data-block-type=\"unstyled\" data-block-weight=\"15\" data-block-id=\"6\">\n<p class=\"content-text__container \" data-track-category=\"Link no Texto\" data-track-links=\"\">Pol\u00eamico<\/p>\n<p data-track-category=\"Link no Texto\" data-track-links=\"\">Atiq Ahmed \u00e9 uma figura pol\u00eamica da \u00edndica e nas \u00faltimas d\u00e9cadas foi acusado de dezenas der crimes, incluindo assassinato e extors\u00e3o.<\/p>\n<div id=\"chunk-8qk3m\">\n<div class=\"mc-column content-text active-extra-styles \" data-block-type=\"unstyled\" data-block-weight=\"32\" data-block-id=\"9\">\n<p class=\"content-text__container \" data-track-category=\"Link no Texto\" data-track-links=\"\">No m\u00eas passado, um tribunal o condenou \u00e0 pris\u00e3o perp\u00e9tua em um caso de sequestro.<\/p>\n<\/div>\n<\/div>\n<div id=\"chunk-5l635\">\n<div class=\"mc-column content-text active-extra-styles \" data-block-type=\"unstyled\" data-block-weight=\"10\" data-block-id=\"10\">\n<p class=\"content-text__container \" data-track-category=\"Link no Texto\" data-track-links=\"\"><strong>Leia mais<\/strong><\/p>\n<p data-track-category=\"Link no Texto\" data-track-links=\"\"><a href=\"https:\/\/redenoticiaz.com.br\/blog\/2023\/04\/12\/tutor-atacado-por-pitbull-em-jundiai-tem-morte-confirmada\">Tutor atacado por pitbull em Jundia\u00ed tem morte confirmada<\/a><\/p>\n<\/div>\n<\/div>\n<\/div>\n<\/div>\n<\/div>\n","protected":false},"excerpt":{"rendered":"<p>Um ex-pol\u00edtico indiano e seu irm\u00e3o foram mortos ao vivo na TV ap\u00f3s serem condenados por sequestro na cidade de Prayagraj, no norte da \u00edndia. De acordo com as informa\u00e7\u00f5es, Atiq Ahmed, estava sob escolta policial, e conversava com rep\u00f3rteres quando uma pessoa colocou uma arma perto de sua cabe\u00e7a e fez um disparo. Ainda &hellip;<\/p>\n","protected":false},"author":12,"featured_media":103817,"comment_status":"open","ping_status":"closed","sticky":false,"template":"","format":"standard","meta":{"footnotes":""},"categories":[88,186],"tags":[26364,3071,26365,26366],"class_list":["post-103816","post","type-post","status-publish","format-standard","has-post-thumbnail","hentry","category-policia","category-politica","tag-ao-vivo-tv","tag-ataque","tag-indiano","tag-morte-ao-vivo"],"yoast_head":"<!-- This site is optimized with the Yoast SEO plugin v27.5 - https:\/\/yoast.com\/product\/yoast-seo-wordpress\/ -->\n<title>V\u00cdDEO \u2013 Ex-pol\u00edtico e irm\u00e3o s\u00e3o mortos ao vivo na TV - Ribeir\u00e3o Preto e Regi\u00e3o<\/title>\n<meta name=\"description\" content=\"Um ex-pol\u00edtico indiano e seu irm\u00e3o foram mortos ao vivo na TV ap\u00f3s serem condenados por sequestro na cidade de Prayagraj, no norte da \u00edndia.\" \/>\n<meta name=\"robots\" content=\"index, follow, max-snippet:-1, max-image-preview:large, max-video-preview:-1\" \/>\n<link rel=\"canonical\" href=\"https:\/\/redenoticiaz.com.br\/ribeiraopreto-regiao\/sp\/2023\/04\/16\/video-ex-politico-e-irmao-sao-mortos-ao-vivo-na-tv\" \/>\n<meta property=\"og:locale\" content=\"pt_BR\" \/>\n<meta property=\"og:type\" content=\"article\" \/>\n<meta property=\"og:title\" content=\"V\u00cdDEO \u2013 Ex-pol\u00edtico e irm\u00e3o s\u00e3o mortos ao vivo na TV - Ribeir\u00e3o Preto e Regi\u00e3o\" \/>\n<meta property=\"og:description\" content=\"Um ex-pol\u00edtico indiano e seu irm\u00e3o foram mortos ao vivo na TV ap\u00f3s serem condenados por sequestro na cidade de Prayagraj, no norte da \u00edndia.\" \/>\n<meta property=\"og:url\" content=\"https:\/\/redenoticiaz.com.br\/ribeiraopreto-regiao\/sp\/2023\/04\/16\/video-ex-politico-e-irmao-sao-mortos-ao-vivo-na-tv\" \/>\n<meta property=\"og:site_name\" content=\"Ribeir\u00e3o Preto e Regi\u00e3o\" \/>\n<meta property=\"article:publisher\" content=\"https:\/\/m.facebook.com\/redenoticiaz.barretos\" \/>\n<meta property=\"article:published_time\" content=\"2023-04-16T22:14:10+00:00\" \/>\n<meta property=\"og:image\" content=\"https:\/\/redenoticiaz.com.br\/ribeiraopreto-regiao\/wp-content\/uploads\/sites\/4\/2023\/04\/india.jpg?v=1681683195\" \/>\n\t<meta property=\"og:image:width\" content=\"984\" \/>\n\t<meta property=\"og:image:height\" content=\"554\" \/>\n\t<meta property=\"og:image:type\" content=\"image\/jpeg\" \/>\n<meta name=\"author\" content=\"Gustavo Silva\" \/>\n<meta name=\"twitter:card\" content=\"summary_large_image\" \/>\n<meta name=\"twitter:creator\" content=\"@RN_barretos\" \/>\n<meta name=\"twitter:site\" content=\"@RN_barretos\" \/>\n<meta name=\"twitter:label1\" content=\"Escrito por\" \/>\n\t<meta name=\"twitter:data1\" content=\"Gustavo Silva\" \/>\n\t<meta name=\"twitter:label2\" content=\"Est. tempo de leitura\" \/>\n\t<meta name=\"twitter:data2\" content=\"1 minuto\" \/>\n<script type=\"application\/ld+json\" class=\"yoast-schema-graph\">{\"@context\":\"https:\\\/\\\/schema.org\",\"@graph\":[{\"@type\":\"Article\",\"@id\":\"https:\\\/\\\/redenoticiaz.com.br\\\/ribeiraopreto-regiao\\\/sp\\\/2023\\\/04\\\/16\\\/video-ex-politico-e-irmao-sao-mortos-ao-vivo-na-tv#article\",\"isPartOf\":{\"@id\":\"https:\\\/\\\/redenoticiaz.com.br\\\/ribeiraopreto-regiao\\\/sp\\\/2023\\\/04\\\/16\\\/video-ex-politico-e-irmao-sao-mortos-ao-vivo-na-tv\"},\"author\":{\"name\":\"Gustavo Silva\",\"@id\":\"https:\\\/\\\/redenoticiaz.com.br\\\/ribeiraopreto-regiao\\\/#\\\/schema\\\/person\\\/16057b37a3c0ee6b096d7f887c566e2e\"},\"headline\":\"V\u00cdDEO \u2013 Ex-pol\u00edtico e irm\u00e3o s\u00e3o mortos ao vivo na TV\",\"datePublished\":\"2023-04-16T22:14:10+00:00\",\"mainEntityOfPage\":{\"@id\":\"https:\\\/\\\/redenoticiaz.com.br\\\/ribeiraopreto-regiao\\\/sp\\\/2023\\\/04\\\/16\\\/video-ex-politico-e-irmao-sao-mortos-ao-vivo-na-tv\"},\"wordCount\":227,\"commentCount\":0,\"publisher\":{\"@id\":\"https:\\\/\\\/redenoticiaz.com.br\\\/ribeiraopreto-regiao\\\/#organization\"},\"image\":{\"@id\":\"https:\\\/\\\/redenoticiaz.com.br\\\/ribeiraopreto-regiao\\\/sp\\\/2023\\\/04\\\/16\\\/video-ex-politico-e-irmao-sao-mortos-ao-vivo-na-tv#primaryimage\"},\"thumbnailUrl\":\"https:\\\/\\\/redenoticiaz.com.br\\\/ribeiraopreto-regiao\\\/wp-content\\\/uploads\\\/sites\\\/4\\\/2023\\\/04\\\/india.jpg?v=1681683195\",\"keywords\":[\"ao vivo tv\",\"ATAQUE\",\"indiano\",\"morte ao vivo\"],\"articleSection\":[\"Pol\u00edcia\",\"Pol\u00edtica\"],\"inLanguage\":\"pt-BR\",\"potentialAction\":[{\"@type\":\"CommentAction\",\"name\":\"Comment\",\"target\":[\"https:\\\/\\\/redenoticiaz.com.br\\\/ribeiraopreto-regiao\\\/sp\\\/2023\\\/04\\\/16\\\/video-ex-politico-e-irmao-sao-mortos-ao-vivo-na-tv#respond\"]}]},{\"@type\":\"WebPage\",\"@id\":\"https:\\\/\\\/redenoticiaz.com.br\\\/ribeiraopreto-regiao\\\/sp\\\/2023\\\/04\\\/16\\\/video-ex-politico-e-irmao-sao-mortos-ao-vivo-na-tv\",\"url\":\"https:\\\/\\\/redenoticiaz.com.br\\\/ribeiraopreto-regiao\\\/sp\\\/2023\\\/04\\\/16\\\/video-ex-politico-e-irmao-sao-mortos-ao-vivo-na-tv\",\"name\":\"V\u00cdDEO \u2013 Ex-pol\u00edtico e irm\u00e3o s\u00e3o mortos ao vivo na TV - Ribeir\u00e3o Preto e Regi\u00e3o\",\"isPartOf\":{\"@id\":\"https:\\\/\\\/redenoticiaz.com.br\\\/ribeiraopreto-regiao\\\/#website\"},\"primaryImageOfPage\":{\"@id\":\"https:\\\/\\\/redenoticiaz.com.br\\\/ribeiraopreto-regiao\\\/sp\\\/2023\\\/04\\\/16\\\/video-ex-politico-e-irmao-sao-mortos-ao-vivo-na-tv#primaryimage\"},\"image\":{\"@id\":\"https:\\\/\\\/redenoticiaz.com.br\\\/ribeiraopreto-regiao\\\/sp\\\/2023\\\/04\\\/16\\\/video-ex-politico-e-irmao-sao-mortos-ao-vivo-na-tv#primaryimage\"},\"thumbnailUrl\":\"https:\\\/\\\/redenoticiaz.com.br\\\/ribeiraopreto-regiao\\\/wp-content\\\/uploads\\\/sites\\\/4\\\/2023\\\/04\\\/india.jpg?v=1681683195\",\"datePublished\":\"2023-04-16T22:14:10+00:00\",\"description\":\"Um ex-pol\u00edtico indiano e seu irm\u00e3o foram mortos ao vivo na TV ap\u00f3s serem condenados por sequestro na cidade de Prayagraj, no norte da \u00edndia.\",\"inLanguage\":\"pt-BR\",\"potentialAction\":[{\"@type\":\"ReadAction\",\"target\":[\"https:\\\/\\\/redenoticiaz.com.br\\\/ribeiraopreto-regiao\\\/sp\\\/2023\\\/04\\\/16\\\/video-ex-politico-e-irmao-sao-mortos-ao-vivo-na-tv\"]}]},{\"@type\":\"ImageObject\",\"inLanguage\":\"pt-BR\",\"@id\":\"https:\\\/\\\/redenoticiaz.com.br\\\/ribeiraopreto-regiao\\\/sp\\\/2023\\\/04\\\/16\\\/video-ex-politico-e-irmao-sao-mortos-ao-vivo-na-tv#primaryimage\",\"url\":\"https:\\\/\\\/redenoticiaz.com.br\\\/ribeiraopreto-regiao\\\/wp-content\\\/uploads\\\/sites\\\/4\\\/2023\\\/04\\\/india.jpg?v=1681683195\",\"contentUrl\":\"https:\\\/\\\/redenoticiaz.com.br\\\/ribeiraopreto-regiao\\\/wp-content\\\/uploads\\\/sites\\\/4\\\/2023\\\/04\\\/india.jpg?v=1681683195\",\"width\":984,\"height\":554,\"caption\":\"V\u00cdDEO - Ex-pol\u00edtico e irm\u00e3o s\u00e3o mortos ao vivo na TV\"},{\"@type\":\"WebSite\",\"@id\":\"https:\\\/\\\/redenoticiaz.com.br\\\/ribeiraopreto-regiao\\\/#website\",\"url\":\"https:\\\/\\\/redenoticiaz.com.br\\\/ribeiraopreto-regiao\\\/\",\"name\":\"Ribeir\u00e3o Preto e Regi\u00e3o\",\"description\":\"Rede NoticiaZ - Ribeir\u00e3o Preto e regi\u00e3o\",\"publisher\":{\"@id\":\"https:\\\/\\\/redenoticiaz.com.br\\\/ribeiraopreto-regiao\\\/#organization\"},\"potentialAction\":[{\"@type\":\"SearchAction\",\"target\":{\"@type\":\"EntryPoint\",\"urlTemplate\":\"https:\\\/\\\/redenoticiaz.com.br\\\/ribeiraopreto-regiao\\\/?s={search_term_string}\"},\"query-input\":{\"@type\":\"PropertyValueSpecification\",\"valueRequired\":true,\"valueName\":\"search_term_string\"}}],\"inLanguage\":\"pt-BR\"},{\"@type\":\"Organization\",\"@id\":\"https:\\\/\\\/redenoticiaz.com.br\\\/ribeiraopreto-regiao\\\/#organization\",\"name\":\"Ribeir\u00e3o Preto e Regi\u00e3o\",\"url\":\"https:\\\/\\\/redenoticiaz.com.br\\\/ribeiraopreto-regiao\\\/\",\"logo\":{\"@type\":\"ImageObject\",\"inLanguage\":\"pt-BR\",\"@id\":\"https:\\\/\\\/redenoticiaz.com.br\\\/ribeiraopreto-regiao\\\/#\\\/schema\\\/logo\\\/image\\\/\",\"url\":\"https:\\\/\\\/redenoticiaz.com.br\\\/barretos-regiao\\\/wp-content\\\/uploads\\\/sites\\\/4\\\/2022\\\/02\\\/logo.jpg\",\"contentUrl\":\"https:\\\/\\\/redenoticiaz.com.br\\\/barretos-regiao\\\/wp-content\\\/uploads\\\/sites\\\/4\\\/2022\\\/02\\\/logo.jpg\",\"width\":400,\"height\":250,\"caption\":\"Ribeir\u00e3o Preto e Regi\u00e3o\"},\"image\":{\"@id\":\"https:\\\/\\\/redenoticiaz.com.br\\\/ribeiraopreto-regiao\\\/#\\\/schema\\\/logo\\\/image\\\/\"},\"sameAs\":[\"https:\\\/\\\/m.facebook.com\\\/redenoticiaz.barretos\",\"https:\\\/\\\/x.com\\\/RN_barretos\",\"https:\\\/\\\/www.instagram.com\\\/redenoticiaz.barretos\\\/?igshid=YmMyMTA2M2Y\",\"https:\\\/\\\/www.linkedin.com\\\/company\\\/rede-noticiaz-barretos-e-regio\\\/\"]},{\"@type\":\"Person\",\"@id\":\"https:\\\/\\\/redenoticiaz.com.br\\\/ribeiraopreto-regiao\\\/#\\\/schema\\\/person\\\/16057b37a3c0ee6b096d7f887c566e2e\",\"name\":\"Gustavo Silva\",\"image\":{\"@type\":\"ImageObject\",\"inLanguage\":\"pt-BR\",\"@id\":\"https:\\\/\\\/secure.gravatar.com\\\/avatar\\\/3ee4e82f93b26de0a7cf4ea5eb7893da637ed6bb0c9170c58065944c56e28a33?s=96&d=mm&r=g\",\"url\":\"https:\\\/\\\/secure.gravatar.com\\\/avatar\\\/3ee4e82f93b26de0a7cf4ea5eb7893da637ed6bb0c9170c58065944c56e28a33?s=96&d=mm&r=g\",\"contentUrl\":\"https:\\\/\\\/secure.gravatar.com\\\/avatar\\\/3ee4e82f93b26de0a7cf4ea5eb7893da637ed6bb0c9170c58065944c56e28a33?s=96&d=mm&r=g\",\"caption\":\"Gustavo Silva\"},\"url\":\"https:\\\/\\\/redenoticiaz.com.br\\\/ribeiraopreto-regiao\\\/sp\\\/author\\\/gustavosilva\"}]}<\/script>\n<!-- \/ Yoast SEO plugin. -->","yoast_head_json":{"title":"V\u00cdDEO \u2013 Ex-pol\u00edtico e irm\u00e3o s\u00e3o mortos ao vivo na TV - Ribeir\u00e3o Preto e Regi\u00e3o","description":"Um ex-pol\u00edtico indiano e seu irm\u00e3o foram mortos ao vivo na TV ap\u00f3s serem condenados por sequestro na cidade de Prayagraj, no norte da \u00edndia.","robots":{"index":"index","follow":"follow","max-snippet":"max-snippet:-1","max-image-preview":"max-image-preview:large","max-video-preview":"max-video-preview:-1"},"canonical":"https:\/\/redenoticiaz.com.br\/ribeiraopreto-regiao\/sp\/2023\/04\/16\/video-ex-politico-e-irmao-sao-mortos-ao-vivo-na-tv","og_locale":"pt_BR","og_type":"article","og_title":"V\u00cdDEO \u2013 Ex-pol\u00edtico e irm\u00e3o s\u00e3o mortos ao vivo na TV - Ribeir\u00e3o Preto e Regi\u00e3o","og_description":"Um ex-pol\u00edtico indiano e seu irm\u00e3o foram mortos ao vivo na TV ap\u00f3s serem condenados por sequestro na cidade de Prayagraj, no norte da \u00edndia.","og_url":"https:\/\/redenoticiaz.com.br\/ribeiraopreto-regiao\/sp\/2023\/04\/16\/video-ex-politico-e-irmao-sao-mortos-ao-vivo-na-tv","og_site_name":"Ribeir\u00e3o Preto e Regi\u00e3o","article_publisher":"https:\/\/m.facebook.com\/redenoticiaz.barretos","article_published_time":"2023-04-16T22:14:10+00:00","og_image":[{"width":984,"height":554,"url":"https:\/\/redenoticiaz.com.br\/ribeiraopreto-regiao\/wp-content\/uploads\/sites\/4\/2023\/04\/india.jpg?v=1681683195","type":"image\/jpeg"}],"author":"Gustavo Silva","twitter_card":"summary_large_image","twitter_creator":"@RN_barretos","twitter_site":"@RN_barretos","twitter_misc":{"Escrito por":"Gustavo Silva","Est. tempo de leitura":"1 minuto"},"schema":{"@context":"https:\/\/schema.org","@graph":[{"@type":"Article","@id":"https:\/\/redenoticiaz.com.br\/ribeiraopreto-regiao\/sp\/2023\/04\/16\/video-ex-politico-e-irmao-sao-mortos-ao-vivo-na-tv#article","isPartOf":{"@id":"https:\/\/redenoticiaz.com.br\/ribeiraopreto-regiao\/sp\/2023\/04\/16\/video-ex-politico-e-irmao-sao-mortos-ao-vivo-na-tv"},"author":{"name":"Gustavo Silva","@id":"https:\/\/redenoticiaz.com.br\/ribeiraopreto-regiao\/#\/schema\/person\/16057b37a3c0ee6b096d7f887c566e2e"},"headline":"V\u00cdDEO \u2013 Ex-pol\u00edtico e irm\u00e3o s\u00e3o mortos ao vivo na TV","datePublished":"2023-04-16T22:14:10+00:00","mainEntityOfPage":{"@id":"https:\/\/redenoticiaz.com.br\/ribeiraopreto-regiao\/sp\/2023\/04\/16\/video-ex-politico-e-irmao-sao-mortos-ao-vivo-na-tv"},"wordCount":227,"commentCount":0,"publisher":{"@id":"https:\/\/redenoticiaz.com.br\/ribeiraopreto-regiao\/#organization"},"image":{"@id":"https:\/\/redenoticiaz.com.br\/ribeiraopreto-regiao\/sp\/2023\/04\/16\/video-ex-politico-e-irmao-sao-mortos-ao-vivo-na-tv#primaryimage"},"thumbnailUrl":"https:\/\/redenoticiaz.com.br\/ribeiraopreto-regiao\/wp-content\/uploads\/sites\/4\/2023\/04\/india.jpg?v=1681683195","keywords":["ao vivo tv","ATAQUE","indiano","morte ao vivo"],"articleSection":["Pol\u00edcia","Pol\u00edtica"],"inLanguage":"pt-BR","potentialAction":[{"@type":"CommentAction","name":"Comment","target":["https:\/\/redenoticiaz.com.br\/ribeiraopreto-regiao\/sp\/2023\/04\/16\/video-ex-politico-e-irmao-sao-mortos-ao-vivo-na-tv#respond"]}]},{"@type":"WebPage","@id":"https:\/\/redenoticiaz.com.br\/ribeiraopreto-regiao\/sp\/2023\/04\/16\/video-ex-politico-e-irmao-sao-mortos-ao-vivo-na-tv","url":"https:\/\/redenoticiaz.com.br\/ribeiraopreto-regiao\/sp\/2023\/04\/16\/video-ex-politico-e-irmao-sao-mortos-ao-vivo-na-tv","name":"V\u00cdDEO \u2013 Ex-pol\u00edtico e irm\u00e3o s\u00e3o mortos ao vivo na TV - Ribeir\u00e3o Preto e Regi\u00e3o","isPartOf":{"@id":"https:\/\/redenoticiaz.com.br\/ribeiraopreto-regiao\/#website"},"primaryImageOfPage":{"@id":"https:\/\/redenoticiaz.com.br\/ribeiraopreto-regiao\/sp\/2023\/04\/16\/video-ex-politico-e-irmao-sao-mortos-ao-vivo-na-tv#primaryimage"},"image":{"@id":"https:\/\/redenoticiaz.com.br\/ribeiraopreto-regiao\/sp\/2023\/04\/16\/video-ex-politico-e-irmao-sao-mortos-ao-vivo-na-tv#primaryimage"},"thumbnailUrl":"https:\/\/redenoticiaz.com.br\/ribeiraopreto-regiao\/wp-content\/uploads\/sites\/4\/2023\/04\/india.jpg?v=1681683195","datePublished":"2023-04-16T22:14:10+00:00","description":"Um ex-pol\u00edtico indiano e seu irm\u00e3o foram mortos ao vivo na TV ap\u00f3s serem condenados por sequestro na cidade de Prayagraj, no norte da \u00edndia.","inLanguage":"pt-BR","potentialAction":[{"@type":"ReadAction","target":["https:\/\/redenoticiaz.com.br\/ribeiraopreto-regiao\/sp\/2023\/04\/16\/video-ex-politico-e-irmao-sao-mortos-ao-vivo-na-tv"]}]},{"@type":"ImageObject","inLanguage":"pt-BR","@id":"https:\/\/redenoticiaz.com.br\/ribeiraopreto-regiao\/sp\/2023\/04\/16\/video-ex-politico-e-irmao-sao-mortos-ao-vivo-na-tv#primaryimage","url":"https:\/\/redenoticiaz.com.br\/ribeiraopreto-regiao\/wp-content\/uploads\/sites\/4\/2023\/04\/india.jpg?v=1681683195","contentUrl":"https:\/\/redenoticiaz.com.br\/ribeiraopreto-regiao\/wp-content\/uploads\/sites\/4\/2023\/04\/india.jpg?v=1681683195","width":984,"height":554,"caption":"V\u00cdDEO - Ex-pol\u00edtico e irm\u00e3o s\u00e3o mortos ao vivo na TV"},{"@type":"WebSite","@id":"https:\/\/redenoticiaz.com.br\/ribeiraopreto-regiao\/#website","url":"https:\/\/redenoticiaz.com.br\/ribeiraopreto-regiao\/","name":"Ribeir\u00e3o Preto e Regi\u00e3o","description":"Rede NoticiaZ - Ribeir\u00e3o Preto e regi\u00e3o","publisher":{"@id":"https:\/\/redenoticiaz.com.br\/ribeiraopreto-regiao\/#organization"},"potentialAction":[{"@type":"SearchAction","target":{"@type":"EntryPoint","urlTemplate":"https:\/\/redenoticiaz.com.br\/ribeiraopreto-regiao\/?s={search_term_string}"},"query-input":{"@type":"PropertyValueSpecification","valueRequired":true,"valueName":"search_term_string"}}],"inLanguage":"pt-BR"},{"@type":"Organization","@id":"https:\/\/redenoticiaz.com.br\/ribeiraopreto-regiao\/#organization","name":"Ribeir\u00e3o Preto e Regi\u00e3o","url":"https:\/\/redenoticiaz.com.br\/ribeiraopreto-regiao\/","logo":{"@type":"ImageObject","inLanguage":"pt-BR","@id":"https:\/\/redenoticiaz.com.br\/ribeiraopreto-regiao\/#\/schema\/logo\/image\/","url":"https:\/\/redenoticiaz.com.br\/barretos-regiao\/wp-content\/uploads\/sites\/4\/2022\/02\/logo.jpg","contentUrl":"https:\/\/redenoticiaz.com.br\/barretos-regiao\/wp-content\/uploads\/sites\/4\/2022\/02\/logo.jpg","width":400,"height":250,"caption":"Ribeir\u00e3o Preto e Regi\u00e3o"},"image":{"@id":"https:\/\/redenoticiaz.com.br\/ribeiraopreto-regiao\/#\/schema\/logo\/image\/"},"sameAs":["https:\/\/m.facebook.com\/redenoticiaz.barretos","https:\/\/x.com\/RN_barretos","https:\/\/www.instagram.com\/redenoticiaz.barretos\/?igshid=YmMyMTA2M2Y","https:\/\/www.linkedin.com\/company\/rede-noticiaz-barretos-e-regio\/"]},{"@type":"Person","@id":"https:\/\/redenoticiaz.com.br\/ribeiraopreto-regiao\/#\/schema\/person\/16057b37a3c0ee6b096d7f887c566e2e","name":"Gustavo Silva","image":{"@type":"ImageObject","inLanguage":"pt-BR","@id":"https:\/\/secure.gravatar.com\/avatar\/3ee4e82f93b26de0a7cf4ea5eb7893da637ed6bb0c9170c58065944c56e28a33?s=96&d=mm&r=g","url":"https:\/\/secure.gravatar.com\/avatar\/3ee4e82f93b26de0a7cf4ea5eb7893da637ed6bb0c9170c58065944c56e28a33?s=96&d=mm&r=g","contentUrl":"https:\/\/secure.gravatar.com\/avatar\/3ee4e82f93b26de0a7cf4ea5eb7893da637ed6bb0c9170c58065944c56e28a33?s=96&d=mm&r=g","caption":"Gustavo Silva"},"url":"https:\/\/redenoticiaz.com.br\/ribeiraopreto-regiao\/sp\/author\/gustavosilva"}]}},"_links":{"self":[{"href":"https:\/\/redenoticiaz.com.br\/ribeiraopreto-regiao\/wp-json\/wp\/v2\/posts\/103816","targetHints":{"allow":["GET"]}}],"collection":[{"href":"https:\/\/redenoticiaz.com.br\/ribeiraopreto-regiao\/wp-json\/wp\/v2\/posts"}],"about":[{"href":"https:\/\/redenoticiaz.com.br\/ribeiraopreto-regiao\/wp-json\/wp\/v2\/types\/post"}],"author":[{"embeddable":true,"href":"https:\/\/redenoticiaz.com.br\/ribeiraopreto-regiao\/wp-json\/wp\/v2\/users\/12"}],"replies":[{"embeddable":true,"href":"https:\/\/redenoticiaz.com.br\/ribeiraopreto-regiao\/wp-json\/wp\/v2\/comments?post=103816"}],"version-history":[{"count":1,"href":"https:\/\/redenoticiaz.com.br\/ribeiraopreto-regiao\/wp-json\/wp\/v2\/posts\/103816\/revisions"}],"predecessor-version":[{"id":103819,"href":"https:\/\/redenoticiaz.com.br\/ribeiraopreto-regiao\/wp-json\/wp\/v2\/posts\/103816\/revisions\/103819"}],"wp:featuredmedia":[{"embeddable":true,"href":"https:\/\/redenoticiaz.com.br\/ribeiraopreto-regiao\/wp-json\/wp\/v2\/media\/103817"}],"wp:attachment":[{"href":"https:\/\/redenoticiaz.com.br\/ribeiraopreto-regiao\/wp-json\/wp\/v2\/media?parent=103816"}],"wp:term":[{"taxonomy":"category","embeddable":true,"href":"https:\/\/redenoticiaz.com.br\/ribeiraopreto-regiao\/wp-json\/wp\/v2\/categories?post=103816"},{"taxonomy":"post_tag","embeddable":true,"href":"https:\/\/redenoticiaz.com.br\/ribeiraopreto-regiao\/wp-json\/wp\/v2\/tags?post=103816"}],"curies":[{"name":"wp","href":"https:\/\/api.w.org\/{rel}","templated":true}]}}