{"id":103840,"date":"2023-04-22T07:00:32","date_gmt":"2023-04-22T10:00:32","guid":{"rendered":"https:\/\/redenoticiaz.com.br\/barretos-regiao\/?p=103840"},"modified":"2023-04-17T12:14:14","modified_gmt":"2023-04-17T15:14:14","slug":"a-vida-dos-jovens-e-o-mercado-de-trabalho","status":"publish","type":"post","link":"https:\/\/redenoticiaz.com.br\/ribeiraopreto-regiao\/sp\/2023\/04\/22\/a-vida-dos-jovens-e-o-mercado-de-trabalho","title":{"rendered":"A vida dos jovens e o mercado de trabalho"},"content":{"rendered":"<p class=\"v1ql-align-justify\">A busca pelo <strong>primeiro emprego<\/strong> sempre \u00e9 um desafio e tanto na vida dos jovens. Os maiores obst\u00e1culos envolvem a falta de experi\u00eancia e habilidades necess\u00e1rias para se destacar em um campo altamente competitivo. No entanto, h\u00e1 muitas oportunidades dispon\u00edveis para aqueles que est\u00e3o dispostos a se esfor\u00e7ar e aprender com mentores experientes.<\/p>\n<p class=\"v1ql-align-justify\">Para Andr\u00e9 Minucci, mentor de empres\u00e1rios, uma das principais dicas para os jovens \u00e9 estar aberto a diferentes oportunidades e estar disposto a trabalhar duro para alcan\u00e7ar seus objetivos profissionais. &#8220;\u00c9 importante lembrar que as habilidades e experi\u00eancias que voc\u00ea adquire em um emprego podem ser transfer\u00edveis para outras \u00e1reas e \u00fateis em sua carreira futura&#8221;, diz.<\/p>\n<p class=\"v1ql-align-justify\">O mentor de empres\u00e1rio recomenda que os jovens considerem a cultura da empresa e os valores antes de aceitar um emprego. &#8220;\u00c9 necess\u00e1rio trabalhar em um ambiente onde voc\u00ea se sinta confort\u00e1vel e onde possa se desenvolver como profissional&#8221;. Al\u00e9m disso, o especialista incentiva os jovens a buscarem oportunidades de networking e conhecimento, como: come\u00e7ar um treinamento de comunica\u00e7\u00e3o e se conectar com outras pessoas em sua \u00e1rea de interesse.<\/p>\n<p class=\"v1ql-align-justify\">De acordo com dados recentes do Instituto Brasileiro de Geografia e Estat\u00edstica (IBGE), a taxa de desemprego entre jovens de 18 a 24 anos \u00e9 quase o dobro da m\u00e9dia nacional. No entanto, h\u00e1 sinais positivos, com a gera\u00e7\u00e3o de empregos para jovens aumentando no \u00faltimo ano.<\/p>\n<h3 class=\"v1ql-align-justify\"><strong>Desafios para os jovens\u00a0<\/strong><\/h3>\n<p class=\"v1ql-align-justify\">Os jovens enfrentam dificuldades no mercado de trabalho, desde a falta de experi\u00eancia at\u00e9 a concorr\u00eancia acirrada em busca de empregos. Algumas das principais incluem:<\/p>\n<p class=\"v1ql-align-justify\"><strong>Falta de experi\u00eancia<\/strong>: muitos jovens n\u00e3o t\u00eam experi\u00eancia de trabalho anterior e, portanto, t\u00eam dificuldades em demonstrar suas habilidades e conhecimentos para os empregadores.<\/p>\n<p class=\"v1ql-align-justify\"><strong>Falta de conhecimento:<\/strong> alguns n\u00e3o possuem as habilidades e conhecimentos necess\u00e1rios para desempenhar determinados trabalhos, o que pode dificultar sua contrata\u00e7\u00e3o e progress\u00e3o na carreira.<\/p>\n<p class=\"v1ql-align-justify\"><strong>Concorr\u00eancia acirrada:<\/strong> muitos disputam as mesmas vagas de emprego, o que aumenta a concorr\u00eancia e torna mais dif\u00edcil a contrata\u00e7\u00e3o.<\/p>\n<p class=\"v1ql-align-justify\"><strong>Baixos sal\u00e1rios<\/strong>: Alguns empregos dispon\u00edveis para jovens oferecem baixos sal\u00e1rios, o que pode tornar dif\u00edcil manter-se financeiramente independentes.<\/p>\n<p class=\"v1ql-align-justify\"><strong>Falta de crescimento:<\/strong> Trabalho que n\u00e3o oferecem oportunidades de crescimento ou progress\u00e3o na carreira, o que pode desestimular os jovens a permanecerem em seus empregos.<\/p>\n<p class=\"v1ql-align-justify\">Essas s\u00e3o algumas das principais dificuldades que os jovens enfrentam no mercado de trabalho, mas para Minucci, \u00e9 importante ressaltar que com esfor\u00e7o, dedica\u00e7\u00e3o e investimento, muitos jovens conseguem superar essas dificuldades e alcan\u00e7ar sucesso profissional.<\/p>\n<p class=\"v1ql-align-justify\">De acordo com o mentor, o jovem deve aproveitar as oportunidades dispon\u00edveis, investir em sua educa\u00e7\u00e3o e que estejam em alta demanda no mercado de trabalho. &#8220;Aprender novas habilidades, como programa\u00e7\u00e3o, marketing digital e gerenciamento de projetos, pode abrir portas para novas oportunidades e ajud\u00e1-lo a se destacar em sua carreira&#8221;.<\/p>\n<p class=\"v1ql-align-justify\">Em resumo \u00e9 preciso estar aberto a diferentes oportunidades, trabalhar para adquirir habilidades e se conectar com mentores experientes em sua \u00e1rea de interesse. &#8220;Com esfor\u00e7o e dedica\u00e7\u00e3o, \u00e9 poss\u00edvel alcan\u00e7ar o sucesso profissional e encontrar uma carreira gratificante e de longo prazo&#8221;, finaliza Andr\u00e9.<\/p>\n<p><strong>LEIA TAMB\u00c9M<\/strong><\/p>\n<p><a href=\"https:\/\/redenoticiaz.com.br\/blog\/2023\/04\/16\/confira-os-cuidados-que-se-deve-ter-com-voz\">Confira os cuidados que se deve ter com a voz<\/a><\/p>\n","protected":false},"excerpt":{"rendered":"<p>A busca pelo primeiro emprego sempre \u00e9 um desafio e tanto na vida dos jovens. Os maiores obst\u00e1culos envolvem a falta de experi\u00eancia e habilidades necess\u00e1rias para se destacar em um campo altamente competitivo. No entanto, h\u00e1 muitas oportunidades dispon\u00edveis para aqueles que est\u00e3o dispostos a se esfor\u00e7ar e aprender com mentores experientes. Para Andr\u00e9 &hellip;<\/p>\n","protected":false},"author":6,"featured_media":103841,"comment_status":"open","ping_status":"closed","sticky":false,"template":"","format":"standard","meta":{"footnotes":""},"categories":[2075],"tags":[70,17590,6416,16923,26377],"class_list":["post-103840","post","type-post","status-publish","format-standard","has-post-thumbnail","hentry","category-trabalho","tag-brasil","tag-ibge","tag-jovens","tag-mercado-de-trabalho","tag-primeiro-emprego"],"yoast_head":"<!-- This site is optimized with the Yoast SEO plugin v27.4 - https:\/\/yoast.com\/product\/yoast-seo-wordpress\/ -->\n<title>A vida dos jovens e o mercado de trabalho - Ribeir\u00e3o Preto e Regi\u00e3o<\/title>\n<meta name=\"description\" content=\"A busca pelo primeiro emprego sempre \u00e9 um desafio e tanto na vida dos jovens. Os maiores obst\u00e1culos envolvem a falta de experi\u00eancia\" \/>\n<meta name=\"robots\" content=\"index, follow, max-snippet:-1, max-image-preview:large, max-video-preview:-1\" \/>\n<link rel=\"canonical\" href=\"https:\/\/redenoticiaz.com.br\/ribeiraopreto-regiao\/sp\/2023\/04\/22\/a-vida-dos-jovens-e-o-mercado-de-trabalho\" \/>\n<meta property=\"og:locale\" content=\"pt_BR\" \/>\n<meta property=\"og:type\" content=\"article\" \/>\n<meta property=\"og:title\" content=\"A vida dos jovens e o mercado de trabalho - Ribeir\u00e3o Preto e Regi\u00e3o\" \/>\n<meta property=\"og:description\" content=\"A busca pelo primeiro emprego sempre \u00e9 um desafio e tanto na vida dos jovens. Os maiores obst\u00e1culos envolvem a falta de experi\u00eancia\" \/>\n<meta property=\"og:url\" content=\"https:\/\/redenoticiaz.com.br\/ribeiraopreto-regiao\/sp\/2023\/04\/22\/a-vida-dos-jovens-e-o-mercado-de-trabalho\" \/>\n<meta property=\"og:site_name\" content=\"Ribeir\u00e3o Preto e Regi\u00e3o\" \/>\n<meta property=\"article:publisher\" content=\"https:\/\/m.facebook.com\/redenoticiaz.barretos\" \/>\n<meta property=\"article:published_time\" content=\"2023-04-22T10:00:32+00:00\" \/>\n<meta property=\"og:image\" content=\"https:\/\/redenoticiaz.com.br\/ribeiraopreto-regiao\/wp-content\/uploads\/sites\/4\/2023\/06\/e00da03b685a0dd18fb6a08af0923de0.jpeg\" \/>\n\t<meta property=\"og:image:width\" content=\"1280\" \/>\n\t<meta property=\"og:image:height\" content=\"576\" \/>\n\t<meta property=\"og:image:type\" content=\"image\/jpeg\" \/>\n<meta name=\"author\" content=\"Leonardo Francisco\" \/>\n<meta name=\"twitter:card\" content=\"summary_large_image\" \/>\n<meta name=\"twitter:creator\" content=\"@RN_barretos\" \/>\n<meta name=\"twitter:site\" content=\"@RN_barretos\" \/>\n<meta name=\"twitter:label1\" content=\"Escrito por\" \/>\n\t<meta name=\"twitter:data1\" content=\"Leonardo Francisco\" \/>\n\t<meta name=\"twitter:label2\" content=\"Est. tempo de leitura\" \/>\n\t<meta name=\"twitter:data2\" content=\"3 minutos\" \/>\n<script type=\"application\/ld+json\" class=\"yoast-schema-graph\">{\"@context\":\"https:\\\/\\\/schema.org\",\"@graph\":[{\"@type\":\"Article\",\"@id\":\"https:\\\/\\\/redenoticiaz.com.br\\\/ribeiraopreto-regiao\\\/sp\\\/2023\\\/04\\\/22\\\/a-vida-dos-jovens-e-o-mercado-de-trabalho#article\",\"isPartOf\":{\"@id\":\"https:\\\/\\\/redenoticiaz.com.br\\\/ribeiraopreto-regiao\\\/sp\\\/2023\\\/04\\\/22\\\/a-vida-dos-jovens-e-o-mercado-de-trabalho\"},\"author\":{\"name\":\"Leonardo Francisco\",\"@id\":\"https:\\\/\\\/redenoticiaz.com.br\\\/ribeiraopreto-regiao\\\/#\\\/schema\\\/person\\\/0f0b8a5bdafefe82841e07ae8d81ecb3\"},\"headline\":\"A vida dos jovens e o mercado de trabalho\",\"datePublished\":\"2023-04-22T10:00:32+00:00\",\"mainEntityOfPage\":{\"@id\":\"https:\\\/\\\/redenoticiaz.com.br\\\/ribeiraopreto-regiao\\\/sp\\\/2023\\\/04\\\/22\\\/a-vida-dos-jovens-e-o-mercado-de-trabalho\"},\"wordCount\":564,\"commentCount\":0,\"publisher\":{\"@id\":\"https:\\\/\\\/redenoticiaz.com.br\\\/ribeiraopreto-regiao\\\/#organization\"},\"image\":{\"@id\":\"https:\\\/\\\/redenoticiaz.com.br\\\/ribeiraopreto-regiao\\\/sp\\\/2023\\\/04\\\/22\\\/a-vida-dos-jovens-e-o-mercado-de-trabalho#primaryimage\"},\"thumbnailUrl\":\"https:\\\/\\\/redenoticiaz.com.br\\\/ribeiraopreto-regiao\\\/wp-content\\\/uploads\\\/sites\\\/4\\\/2023\\\/04\\\/a-insercao-do-jovem-no-mercado-de-trabalho.jpg?v=1681744405\",\"keywords\":[\"Brasil\",\"IBGE\",\"JOVENS\",\"MERCADO DE TRABALHO\",\"PRIMEIRO EMPREGO\"],\"articleSection\":[\"Trabalho\"],\"inLanguage\":\"pt-BR\",\"potentialAction\":[{\"@type\":\"CommentAction\",\"name\":\"Comment\",\"target\":[\"https:\\\/\\\/redenoticiaz.com.br\\\/ribeiraopreto-regiao\\\/sp\\\/2023\\\/04\\\/22\\\/a-vida-dos-jovens-e-o-mercado-de-trabalho#respond\"]}]},{\"@type\":\"WebPage\",\"@id\":\"https:\\\/\\\/redenoticiaz.com.br\\\/ribeiraopreto-regiao\\\/sp\\\/2023\\\/04\\\/22\\\/a-vida-dos-jovens-e-o-mercado-de-trabalho\",\"url\":\"https:\\\/\\\/redenoticiaz.com.br\\\/ribeiraopreto-regiao\\\/sp\\\/2023\\\/04\\\/22\\\/a-vida-dos-jovens-e-o-mercado-de-trabalho\",\"name\":\"A vida dos jovens e o mercado de trabalho - Ribeir\u00e3o Preto e Regi\u00e3o\",\"isPartOf\":{\"@id\":\"https:\\\/\\\/redenoticiaz.com.br\\\/ribeiraopreto-regiao\\\/#website\"},\"primaryImageOfPage\":{\"@id\":\"https:\\\/\\\/redenoticiaz.com.br\\\/ribeiraopreto-regiao\\\/sp\\\/2023\\\/04\\\/22\\\/a-vida-dos-jovens-e-o-mercado-de-trabalho#primaryimage\"},\"image\":{\"@id\":\"https:\\\/\\\/redenoticiaz.com.br\\\/ribeiraopreto-regiao\\\/sp\\\/2023\\\/04\\\/22\\\/a-vida-dos-jovens-e-o-mercado-de-trabalho#primaryimage\"},\"thumbnailUrl\":\"https:\\\/\\\/redenoticiaz.com.br\\\/ribeiraopreto-regiao\\\/wp-content\\\/uploads\\\/sites\\\/4\\\/2023\\\/04\\\/a-insercao-do-jovem-no-mercado-de-trabalho.jpg?v=1681744405\",\"datePublished\":\"2023-04-22T10:00:32+00:00\",\"description\":\"A busca pelo primeiro emprego sempre \u00e9 um desafio e tanto na vida dos jovens. Os maiores obst\u00e1culos envolvem a falta de experi\u00eancia\",\"inLanguage\":\"pt-BR\",\"potentialAction\":[{\"@type\":\"ReadAction\",\"target\":[\"https:\\\/\\\/redenoticiaz.com.br\\\/ribeiraopreto-regiao\\\/sp\\\/2023\\\/04\\\/22\\\/a-vida-dos-jovens-e-o-mercado-de-trabalho\"]}]},{\"@type\":\"ImageObject\",\"inLanguage\":\"pt-BR\",\"@id\":\"https:\\\/\\\/redenoticiaz.com.br\\\/ribeiraopreto-regiao\\\/sp\\\/2023\\\/04\\\/22\\\/a-vida-dos-jovens-e-o-mercado-de-trabalho#primaryimage\",\"url\":\"https:\\\/\\\/redenoticiaz.com.br\\\/ribeiraopreto-regiao\\\/wp-content\\\/uploads\\\/sites\\\/4\\\/2023\\\/04\\\/a-insercao-do-jovem-no-mercado-de-trabalho.jpg?v=1681744405\",\"contentUrl\":\"https:\\\/\\\/redenoticiaz.com.br\\\/ribeiraopreto-regiao\\\/wp-content\\\/uploads\\\/sites\\\/4\\\/2023\\\/04\\\/a-insercao-do-jovem-no-mercado-de-trabalho.jpg?v=1681744405\",\"width\":950,\"height\":567,\"caption\":\"Cr\u00e9ditos :Reprodu\u00e7\u00e3o\"},{\"@type\":\"WebSite\",\"@id\":\"https:\\\/\\\/redenoticiaz.com.br\\\/ribeiraopreto-regiao\\\/#website\",\"url\":\"https:\\\/\\\/redenoticiaz.com.br\\\/ribeiraopreto-regiao\\\/\",\"name\":\"Ribeir\u00e3o Preto e Regi\u00e3o\",\"description\":\"Rede NoticiaZ - Ribeir\u00e3o Preto e regi\u00e3o\",\"publisher\":{\"@id\":\"https:\\\/\\\/redenoticiaz.com.br\\\/ribeiraopreto-regiao\\\/#organization\"},\"potentialAction\":[{\"@type\":\"SearchAction\",\"target\":{\"@type\":\"EntryPoint\",\"urlTemplate\":\"https:\\\/\\\/redenoticiaz.com.br\\\/ribeiraopreto-regiao\\\/?s={search_term_string}\"},\"query-input\":{\"@type\":\"PropertyValueSpecification\",\"valueRequired\":true,\"valueName\":\"search_term_string\"}}],\"inLanguage\":\"pt-BR\"},{\"@type\":\"Organization\",\"@id\":\"https:\\\/\\\/redenoticiaz.com.br\\\/ribeiraopreto-regiao\\\/#organization\",\"name\":\"Ribeir\u00e3o Preto e Regi\u00e3o\",\"url\":\"https:\\\/\\\/redenoticiaz.com.br\\\/ribeiraopreto-regiao\\\/\",\"logo\":{\"@type\":\"ImageObject\",\"inLanguage\":\"pt-BR\",\"@id\":\"https:\\\/\\\/redenoticiaz.com.br\\\/ribeiraopreto-regiao\\\/#\\\/schema\\\/logo\\\/image\\\/\",\"url\":\"https:\\\/\\\/redenoticiaz.com.br\\\/barretos-regiao\\\/wp-content\\\/uploads\\\/sites\\\/4\\\/2022\\\/02\\\/logo.jpg\",\"contentUrl\":\"https:\\\/\\\/redenoticiaz.com.br\\\/barretos-regiao\\\/wp-content\\\/uploads\\\/sites\\\/4\\\/2022\\\/02\\\/logo.jpg\",\"width\":400,\"height\":250,\"caption\":\"Ribeir\u00e3o Preto e Regi\u00e3o\"},\"image\":{\"@id\":\"https:\\\/\\\/redenoticiaz.com.br\\\/ribeiraopreto-regiao\\\/#\\\/schema\\\/logo\\\/image\\\/\"},\"sameAs\":[\"https:\\\/\\\/m.facebook.com\\\/redenoticiaz.barretos\",\"https:\\\/\\\/x.com\\\/RN_barretos\",\"https:\\\/\\\/www.instagram.com\\\/redenoticiaz.barretos\\\/?igshid=YmMyMTA2M2Y\",\"https:\\\/\\\/www.linkedin.com\\\/company\\\/rede-noticiaz-barretos-e-regio\\\/\"]},{\"@type\":\"Person\",\"@id\":\"https:\\\/\\\/redenoticiaz.com.br\\\/ribeiraopreto-regiao\\\/#\\\/schema\\\/person\\\/0f0b8a5bdafefe82841e07ae8d81ecb3\",\"name\":\"Leonardo Francisco\",\"image\":{\"@type\":\"ImageObject\",\"inLanguage\":\"pt-BR\",\"@id\":\"https:\\\/\\\/secure.gravatar.com\\\/avatar\\\/a7358cb406a99b682ec6df1e77e31ae82e63601f6784e8a3df411d72b37864da?s=96&d=mm&r=g\",\"url\":\"https:\\\/\\\/secure.gravatar.com\\\/avatar\\\/a7358cb406a99b682ec6df1e77e31ae82e63601f6784e8a3df411d72b37864da?s=96&d=mm&r=g\",\"contentUrl\":\"https:\\\/\\\/secure.gravatar.com\\\/avatar\\\/a7358cb406a99b682ec6df1e77e31ae82e63601f6784e8a3df411d72b37864da?s=96&d=mm&r=g\",\"caption\":\"Leonardo Francisco\"},\"url\":\"https:\\\/\\\/redenoticiaz.com.br\\\/ribeiraopreto-regiao\\\/sp\\\/author\\\/leonardo-francisco\"}]}<\/script>\n<!-- \/ Yoast SEO plugin. -->","yoast_head_json":{"title":"A vida dos jovens e o mercado de trabalho - Ribeir\u00e3o Preto e Regi\u00e3o","description":"A busca pelo primeiro emprego sempre \u00e9 um desafio e tanto na vida dos jovens. Os maiores obst\u00e1culos envolvem a falta de experi\u00eancia","robots":{"index":"index","follow":"follow","max-snippet":"max-snippet:-1","max-image-preview":"max-image-preview:large","max-video-preview":"max-video-preview:-1"},"canonical":"https:\/\/redenoticiaz.com.br\/ribeiraopreto-regiao\/sp\/2023\/04\/22\/a-vida-dos-jovens-e-o-mercado-de-trabalho","og_locale":"pt_BR","og_type":"article","og_title":"A vida dos jovens e o mercado de trabalho - Ribeir\u00e3o Preto e Regi\u00e3o","og_description":"A busca pelo primeiro emprego sempre \u00e9 um desafio e tanto na vida dos jovens. Os maiores obst\u00e1culos envolvem a falta de experi\u00eancia","og_url":"https:\/\/redenoticiaz.com.br\/ribeiraopreto-regiao\/sp\/2023\/04\/22\/a-vida-dos-jovens-e-o-mercado-de-trabalho","og_site_name":"Ribeir\u00e3o Preto e Regi\u00e3o","article_publisher":"https:\/\/m.facebook.com\/redenoticiaz.barretos","article_published_time":"2023-04-22T10:00:32+00:00","og_image":[{"width":1280,"height":576,"url":"https:\/\/redenoticiaz.com.br\/ribeiraopreto-regiao\/wp-content\/uploads\/sites\/4\/2023\/06\/e00da03b685a0dd18fb6a08af0923de0.jpeg","type":"image\/jpeg"}],"author":"Leonardo Francisco","twitter_card":"summary_large_image","twitter_creator":"@RN_barretos","twitter_site":"@RN_barretos","twitter_misc":{"Escrito por":"Leonardo Francisco","Est. tempo de leitura":"3 minutos"},"schema":{"@context":"https:\/\/schema.org","@graph":[{"@type":"Article","@id":"https:\/\/redenoticiaz.com.br\/ribeiraopreto-regiao\/sp\/2023\/04\/22\/a-vida-dos-jovens-e-o-mercado-de-trabalho#article","isPartOf":{"@id":"https:\/\/redenoticiaz.com.br\/ribeiraopreto-regiao\/sp\/2023\/04\/22\/a-vida-dos-jovens-e-o-mercado-de-trabalho"},"author":{"name":"Leonardo Francisco","@id":"https:\/\/redenoticiaz.com.br\/ribeiraopreto-regiao\/#\/schema\/person\/0f0b8a5bdafefe82841e07ae8d81ecb3"},"headline":"A vida dos jovens e o mercado de trabalho","datePublished":"2023-04-22T10:00:32+00:00","mainEntityOfPage":{"@id":"https:\/\/redenoticiaz.com.br\/ribeiraopreto-regiao\/sp\/2023\/04\/22\/a-vida-dos-jovens-e-o-mercado-de-trabalho"},"wordCount":564,"commentCount":0,"publisher":{"@id":"https:\/\/redenoticiaz.com.br\/ribeiraopreto-regiao\/#organization"},"image":{"@id":"https:\/\/redenoticiaz.com.br\/ribeiraopreto-regiao\/sp\/2023\/04\/22\/a-vida-dos-jovens-e-o-mercado-de-trabalho#primaryimage"},"thumbnailUrl":"https:\/\/redenoticiaz.com.br\/ribeiraopreto-regiao\/wp-content\/uploads\/sites\/4\/2023\/04\/a-insercao-do-jovem-no-mercado-de-trabalho.jpg?v=1681744405","keywords":["Brasil","IBGE","JOVENS","MERCADO DE TRABALHO","PRIMEIRO EMPREGO"],"articleSection":["Trabalho"],"inLanguage":"pt-BR","potentialAction":[{"@type":"CommentAction","name":"Comment","target":["https:\/\/redenoticiaz.com.br\/ribeiraopreto-regiao\/sp\/2023\/04\/22\/a-vida-dos-jovens-e-o-mercado-de-trabalho#respond"]}]},{"@type":"WebPage","@id":"https:\/\/redenoticiaz.com.br\/ribeiraopreto-regiao\/sp\/2023\/04\/22\/a-vida-dos-jovens-e-o-mercado-de-trabalho","url":"https:\/\/redenoticiaz.com.br\/ribeiraopreto-regiao\/sp\/2023\/04\/22\/a-vida-dos-jovens-e-o-mercado-de-trabalho","name":"A vida dos jovens e o mercado de trabalho - Ribeir\u00e3o Preto e Regi\u00e3o","isPartOf":{"@id":"https:\/\/redenoticiaz.com.br\/ribeiraopreto-regiao\/#website"},"primaryImageOfPage":{"@id":"https:\/\/redenoticiaz.com.br\/ribeiraopreto-regiao\/sp\/2023\/04\/22\/a-vida-dos-jovens-e-o-mercado-de-trabalho#primaryimage"},"image":{"@id":"https:\/\/redenoticiaz.com.br\/ribeiraopreto-regiao\/sp\/2023\/04\/22\/a-vida-dos-jovens-e-o-mercado-de-trabalho#primaryimage"},"thumbnailUrl":"https:\/\/redenoticiaz.com.br\/ribeiraopreto-regiao\/wp-content\/uploads\/sites\/4\/2023\/04\/a-insercao-do-jovem-no-mercado-de-trabalho.jpg?v=1681744405","datePublished":"2023-04-22T10:00:32+00:00","description":"A busca pelo primeiro emprego sempre \u00e9 um desafio e tanto na vida dos jovens. Os maiores obst\u00e1culos envolvem a falta de experi\u00eancia","inLanguage":"pt-BR","potentialAction":[{"@type":"ReadAction","target":["https:\/\/redenoticiaz.com.br\/ribeiraopreto-regiao\/sp\/2023\/04\/22\/a-vida-dos-jovens-e-o-mercado-de-trabalho"]}]},{"@type":"ImageObject","inLanguage":"pt-BR","@id":"https:\/\/redenoticiaz.com.br\/ribeiraopreto-regiao\/sp\/2023\/04\/22\/a-vida-dos-jovens-e-o-mercado-de-trabalho#primaryimage","url":"https:\/\/redenoticiaz.com.br\/ribeiraopreto-regiao\/wp-content\/uploads\/sites\/4\/2023\/04\/a-insercao-do-jovem-no-mercado-de-trabalho.jpg?v=1681744405","contentUrl":"https:\/\/redenoticiaz.com.br\/ribeiraopreto-regiao\/wp-content\/uploads\/sites\/4\/2023\/04\/a-insercao-do-jovem-no-mercado-de-trabalho.jpg?v=1681744405","width":950,"height":567,"caption":"Cr\u00e9ditos :Reprodu\u00e7\u00e3o"},{"@type":"WebSite","@id":"https:\/\/redenoticiaz.com.br\/ribeiraopreto-regiao\/#website","url":"https:\/\/redenoticiaz.com.br\/ribeiraopreto-regiao\/","name":"Ribeir\u00e3o Preto e Regi\u00e3o","description":"Rede NoticiaZ - Ribeir\u00e3o Preto e regi\u00e3o","publisher":{"@id":"https:\/\/redenoticiaz.com.br\/ribeiraopreto-regiao\/#organization"},"potentialAction":[{"@type":"SearchAction","target":{"@type":"EntryPoint","urlTemplate":"https:\/\/redenoticiaz.com.br\/ribeiraopreto-regiao\/?s={search_term_string}"},"query-input":{"@type":"PropertyValueSpecification","valueRequired":true,"valueName":"search_term_string"}}],"inLanguage":"pt-BR"},{"@type":"Organization","@id":"https:\/\/redenoticiaz.com.br\/ribeiraopreto-regiao\/#organization","name":"Ribeir\u00e3o Preto e Regi\u00e3o","url":"https:\/\/redenoticiaz.com.br\/ribeiraopreto-regiao\/","logo":{"@type":"ImageObject","inLanguage":"pt-BR","@id":"https:\/\/redenoticiaz.com.br\/ribeiraopreto-regiao\/#\/schema\/logo\/image\/","url":"https:\/\/redenoticiaz.com.br\/barretos-regiao\/wp-content\/uploads\/sites\/4\/2022\/02\/logo.jpg","contentUrl":"https:\/\/redenoticiaz.com.br\/barretos-regiao\/wp-content\/uploads\/sites\/4\/2022\/02\/logo.jpg","width":400,"height":250,"caption":"Ribeir\u00e3o Preto e Regi\u00e3o"},"image":{"@id":"https:\/\/redenoticiaz.com.br\/ribeiraopreto-regiao\/#\/schema\/logo\/image\/"},"sameAs":["https:\/\/m.facebook.com\/redenoticiaz.barretos","https:\/\/x.com\/RN_barretos","https:\/\/www.instagram.com\/redenoticiaz.barretos\/?igshid=YmMyMTA2M2Y","https:\/\/www.linkedin.com\/company\/rede-noticiaz-barretos-e-regio\/"]},{"@type":"Person","@id":"https:\/\/redenoticiaz.com.br\/ribeiraopreto-regiao\/#\/schema\/person\/0f0b8a5bdafefe82841e07ae8d81ecb3","name":"Leonardo Francisco","image":{"@type":"ImageObject","inLanguage":"pt-BR","@id":"https:\/\/secure.gravatar.com\/avatar\/a7358cb406a99b682ec6df1e77e31ae82e63601f6784e8a3df411d72b37864da?s=96&d=mm&r=g","url":"https:\/\/secure.gravatar.com\/avatar\/a7358cb406a99b682ec6df1e77e31ae82e63601f6784e8a3df411d72b37864da?s=96&d=mm&r=g","contentUrl":"https:\/\/secure.gravatar.com\/avatar\/a7358cb406a99b682ec6df1e77e31ae82e63601f6784e8a3df411d72b37864da?s=96&d=mm&r=g","caption":"Leonardo Francisco"},"url":"https:\/\/redenoticiaz.com.br\/ribeiraopreto-regiao\/sp\/author\/leonardo-francisco"}]}},"_links":{"self":[{"href":"https:\/\/redenoticiaz.com.br\/ribeiraopreto-regiao\/wp-json\/wp\/v2\/posts\/103840","targetHints":{"allow":["GET"]}}],"collection":[{"href":"https:\/\/redenoticiaz.com.br\/ribeiraopreto-regiao\/wp-json\/wp\/v2\/posts"}],"about":[{"href":"https:\/\/redenoticiaz.com.br\/ribeiraopreto-regiao\/wp-json\/wp\/v2\/types\/post"}],"author":[{"embeddable":true,"href":"https:\/\/redenoticiaz.com.br\/ribeiraopreto-regiao\/wp-json\/wp\/v2\/users\/6"}],"replies":[{"embeddable":true,"href":"https:\/\/redenoticiaz.com.br\/ribeiraopreto-regiao\/wp-json\/wp\/v2\/comments?post=103840"}],"version-history":[{"count":0,"href":"https:\/\/redenoticiaz.com.br\/ribeiraopreto-regiao\/wp-json\/wp\/v2\/posts\/103840\/revisions"}],"wp:featuredmedia":[{"embeddable":true,"href":"https:\/\/redenoticiaz.com.br\/ribeiraopreto-regiao\/wp-json\/wp\/v2\/media\/103841"}],"wp:attachment":[{"href":"https:\/\/redenoticiaz.com.br\/ribeiraopreto-regiao\/wp-json\/wp\/v2\/media?parent=103840"}],"wp:term":[{"taxonomy":"category","embeddable":true,"href":"https:\/\/redenoticiaz.com.br\/ribeiraopreto-regiao\/wp-json\/wp\/v2\/categories?post=103840"},{"taxonomy":"post_tag","embeddable":true,"href":"https:\/\/redenoticiaz.com.br\/ribeiraopreto-regiao\/wp-json\/wp\/v2\/tags?post=103840"}],"curies":[{"name":"wp","href":"https:\/\/api.w.org\/{rel}","templated":true}]}}