{"id":103909,"date":"2023-04-18T13:53:09","date_gmt":"2023-04-18T16:53:09","guid":{"rendered":"https:\/\/redenoticiaz.com.br\/barretos-regiao\/?p=103909"},"modified":"2023-04-18T13:53:09","modified_gmt":"2023-04-18T16:53:09","slug":"olimpia-inaugura-mais-duas-arenas-esportivas-no-tropical-ii-e-da-cohab-iii","status":"publish","type":"post","link":"https:\/\/redenoticiaz.com.br\/ribeiraopreto-regiao\/sp\/2023\/04\/18\/olimpia-inaugura-mais-duas-arenas-esportivas-no-tropical-ii-e-da-cohab-iii","title":{"rendered":"Ol\u00edmpia inaugura mais duas Arenas Esportivas no Tropical II e da Cohab III"},"content":{"rendered":"<p><span data-offset-key=\"15r5u-985-0\">A<\/span><span data-offset-key=\"15r5u-986-0\"> Est<\/span><span data-offset-key=\"15r5u-987-0\">\u00e2<\/span><span data-offset-key=\"15r5u-988-0\">nc<\/span><span data-offset-key=\"15r5u-989-0\">ia<\/span><span data-offset-key=\"15r5u-990-0\"> Tur<\/span><span data-offset-key=\"15r5u-991-0\">\u00ed<\/span><span data-offset-key=\"15r5u-992-0\">st<\/span><span data-offset-key=\"15r5u-993-0\">ica<\/span><span data-offset-key=\"15r5u-994-0\"> de<\/span><span data-offset-key=\"15r5u-995-0\"> Ol<\/span><span data-offset-key=\"15r5u-996-0\">\u00ed<\/span><span data-offset-key=\"15r5u-997-0\">mp<\/span><span data-offset-key=\"15r5u-998-0\">ia<\/span><span data-offset-key=\"15r5u-999-0\"> rece<\/span><span data-offset-key=\"15r5u-1000-0\">be<\/span><span data-offset-key=\"15r5u-1001-0\">u<\/span><span data-offset-key=\"15r5u-1002-0\"> a<\/span><span data-offset-key=\"15r5u-1003-0\"> inaug<\/span><span data-offset-key=\"15r5u-1004-0\">ura<\/span><span data-offset-key=\"15r5u-1005-0\">\u00e7<\/span><span data-offset-key=\"15r5u-1006-0\">\u00e3o<\/span><span data-offset-key=\"15r5u-1007-0\"> de<\/span><span data-offset-key=\"15r5u-1008-0\"> du<\/span><span data-offset-key=\"15r5u-1009-0\">as<\/span><span data-offset-key=\"15r5u-1010-0\"> Aren<\/span><span data-offset-key=\"15r5u-1011-0\">as<\/span><span data-offset-key=\"15r5u-1012-0\"> Es<\/span><span data-offset-key=\"15r5u-1013-0\">port<\/span><span data-offset-key=\"15r5u-1014-0\">ivas<\/span><span data-offset-key=\"15r5u-1015-0\">,<\/span><span data-offset-key=\"15r5u-1016-0\"> fr<\/span><span data-offset-key=\"15r5u-1017-0\">uto<\/span><span data-offset-key=\"15r5u-1018-0\"> de<\/span><span data-offset-key=\"15r5u-1019-0\"> um<\/span><span data-offset-key=\"15r5u-1020-0\"> conv<\/span><span data-offset-key=\"15r5u-1021-0\">\u00ea<\/span><span data-offset-key=\"15r5u-1022-0\">n<\/span><span data-offset-key=\"15r5u-1023-0\">io<\/span><span data-offset-key=\"15r5u-1024-0\"> com<\/span><span data-offset-key=\"15r5u-1025-0\"> o<\/span><span data-offset-key=\"15r5u-1026-0\"> Govern<\/span><span data-offset-key=\"15r5u-1027-0\">o<\/span><span data-offset-key=\"15r5u-1028-0\"> do<\/span><span data-offset-key=\"15r5u-1029-0\"> Est<\/span><span data-offset-key=\"15r5u-1030-0\">ado<\/span><span data-offset-key=\"15r5u-1031-0\">,<\/span><span data-offset-key=\"15r5u-1032-0\"> que<\/span><span data-offset-key=\"15r5u-1033-0\"> prom<\/span><span data-offset-key=\"15r5u-1034-0\">over<\/span><span data-offset-key=\"15r5u-1035-0\">\u00e3o<\/span><span data-offset-key=\"15r5u-1036-0\"> es<\/span><span data-offset-key=\"15r5u-1037-0\">port<\/span><span data-offset-key=\"15r5u-1038-0\">e<\/span><span data-offset-key=\"15r5u-1039-0\">,<\/span><span data-offset-key=\"15r5u-1040-0\"> l<\/span><span data-offset-key=\"15r5u-1041-0\">azer<\/span><span data-offset-key=\"15r5u-1042-0\"> e<\/span><span data-offset-key=\"15r5u-1043-0\"> qual<\/span><span data-offset-key=\"15r5u-1044-0\">id<\/span><span data-offset-key=\"15r5u-1045-0\">ade<\/span><span data-offset-key=\"15r5u-1046-0\"> de<\/span><span data-offset-key=\"15r5u-1047-0\"> v<\/span><span data-offset-key=\"15r5u-1048-0\">ida<\/span><span data-offset-key=\"15r5u-1049-0\"> para<\/span><span data-offset-key=\"15r5u-1050-0\"> a<\/span><span data-offset-key=\"15r5u-1051-0\"> pop<\/span><span data-offset-key=\"15r5u-1052-0\">ula<\/span><span data-offset-key=\"15r5u-1053-0\">\u00e7<\/span><span data-offset-key=\"15r5u-1054-0\">\u00e3o<\/span><span data-offset-key=\"15r5u-1055-0\">.<\/span><\/p>\n<p><span data-offset-key=\"15r5u-1056-0\">As<\/span><span data-offset-key=\"15r5u-1057-0\"> Aren<\/span><span data-offset-key=\"15r5u-1058-0\">as<\/span><span data-offset-key=\"15r5u-1059-0\"> contam<\/span><span data-offset-key=\"15r5u-1060-0\"> com<\/span><span data-offset-key=\"15r5u-1061-0\"> camp<\/span><span data-offset-key=\"15r5u-1062-0\">o<\/span><span data-offset-key=\"15r5u-1063-0\"> s<\/span><span data-offset-key=\"15r5u-1064-0\">int<\/span><span data-offset-key=\"15r5u-1065-0\">\u00e9t<\/span><span data-offset-key=\"15r5u-1066-0\">ico<\/span><span data-offset-key=\"15r5u-1067-0\">,<\/span><span data-offset-key=\"15r5u-1068-0\"> quad<\/span><span data-offset-key=\"15r5u-1069-0\">ra<\/span><span data-offset-key=\"15r5u-1070-0\"> de<\/span><span data-offset-key=\"15r5u-1071-0\"> bas<\/span><span data-offset-key=\"15r5u-1072-0\">qu<\/span><span data-offset-key=\"15r5u-1073-0\">ete<\/span><span data-offset-key=\"15r5u-1074-0\"> 3<\/span><span data-offset-key=\"15r5u-1075-0\">x<\/span><span data-offset-key=\"15r5u-1076-0\">3<\/span><span data-offset-key=\"15r5u-1077-0\"> e<\/span><span data-offset-key=\"15r5u-1078-0\"> ar<\/span><span data-offset-key=\"15r5u-1079-0\">qu<\/span><span data-offset-key=\"15r5u-1080-0\">ib<\/span><span data-offset-key=\"15r5u-1081-0\">anc<\/span><span data-offset-key=\"15r5u-1082-0\">ada<\/span><span data-offset-key=\"15r5u-1083-0\">,<\/span><span data-offset-key=\"15r5u-1084-0\"> al<\/span><span data-offset-key=\"15r5u-1085-0\">\u00e9<\/span><span data-offset-key=\"15r5u-1086-0\">m<\/span><span data-offset-key=\"15r5u-1087-0\"> de<\/span><span data-offset-key=\"15r5u-1088-0\"> gram<\/span><span data-offset-key=\"15r5u-1089-0\">ado<\/span><span data-offset-key=\"15r5u-1090-0\"> a<\/span><span data-offset-key=\"15r5u-1091-0\">o<\/span><span data-offset-key=\"15r5u-1092-0\"> red<\/span><span data-offset-key=\"15r5u-1093-0\">or<\/span><span data-offset-key=\"15r5u-1094-0\"> e<\/span><span data-offset-key=\"15r5u-1095-0\"> il<\/span><span data-offset-key=\"15r5u-1096-0\">um<\/span><span data-offset-key=\"15r5u-1097-0\">ina<\/span><span data-offset-key=\"15r5u-1098-0\">\u00e7<\/span><span data-offset-key=\"15r5u-1099-0\">\u00e3o<\/span><span data-offset-key=\"15r5u-1100-0\">.<\/span><\/p>\n<p><span data-offset-key=\"15r5u-1101-0\">Os<\/span><span data-offset-key=\"15r5u-1102-0\"> es<\/span><span data-offset-key=\"15r5u-1103-0\">pa<\/span><span data-offset-key=\"15r5u-1104-0\">\u00e7<\/span><span data-offset-key=\"15r5u-1105-0\">os<\/span><span data-offset-key=\"15r5u-1106-0\"> for<\/span><span data-offset-key=\"15r5u-1107-0\">am<\/span><span data-offset-key=\"15r5u-1108-0\"> ent<\/span><span data-offset-key=\"15r5u-1109-0\">reg<\/span><span data-offset-key=\"15r5u-1110-0\">ues<\/span><span data-offset-key=\"15r5u-1111-0\"> pel<\/span><span data-offset-key=\"15r5u-1112-0\">o<\/span><span data-offset-key=\"15r5u-1113-0\"> pre<\/span><span data-offset-key=\"15r5u-1114-0\">fe<\/span><span data-offset-key=\"15r5u-1115-0\">ito<\/span><span data-offset-key=\"15r5u-1116-0\"> Fernando<\/span><span data-offset-key=\"15r5u-1117-0\"> C<\/span><span data-offset-key=\"15r5u-1118-0\">un<\/span><span data-offset-key=\"15r5u-1119-0\">ha<\/span><span data-offset-key=\"15r5u-1120-0\">,<\/span><span data-offset-key=\"15r5u-1121-0\"> jun<\/span><span data-offset-key=\"15r5u-1122-0\">to<\/span><span data-offset-key=\"15r5u-1123-0\"> com<\/span><span data-offset-key=\"15r5u-1124-0\"> a<\/span><span data-offset-key=\"15r5u-1125-0\"> secret<\/span><span data-offset-key=\"15r5u-1126-0\">\u00e1<\/span><span data-offset-key=\"15r5u-1127-0\">ria<\/span><span data-offset-key=\"15r5u-1128-0\"> de<\/span><span data-offset-key=\"15r5u-1129-0\"> Es<\/span><span data-offset-key=\"15r5u-1130-0\">port<\/span><span data-offset-key=\"15r5u-1131-0\">es<\/span><span data-offset-key=\"15r5u-1132-0\">,<\/span><span data-offset-key=\"15r5u-1133-0\"> e<\/span><span data-offset-key=\"15r5u-1134-0\"> rece<\/span><span data-offset-key=\"15r5u-1135-0\">ber<\/span><span data-offset-key=\"15r5u-1136-0\">am<\/span><span data-offset-key=\"15r5u-1137-0\"> os<\/span><span data-offset-key=\"15r5u-1138-0\"> n<\/span><span data-offset-key=\"15r5u-1139-0\">omes<\/span><span data-offset-key=\"15r5u-1140-0\"> de<\/span><span data-offset-key=\"15r5u-1141-0\"> sa<\/span><span data-offset-key=\"15r5u-1142-0\">udos<\/span><span data-offset-key=\"15r5u-1143-0\">os<\/span><span data-offset-key=\"15r5u-1144-0\"> o<\/span><span data-offset-key=\"15r5u-1145-0\">lim<\/span><span data-offset-key=\"15r5u-1146-0\">pi<\/span><span data-offset-key=\"15r5u-1147-0\">enses<\/span><span data-offset-key=\"15r5u-1148-0\">,<\/span><span data-offset-key=\"15r5u-1149-0\"> Ad<\/span><span data-offset-key=\"15r5u-1150-0\">al<\/span><span data-offset-key=\"15r5u-1151-0\">berto<\/span><span data-offset-key=\"15r5u-1152-0\"> Fir<\/span><span data-offset-key=\"15r5u-1153-0\">min<\/span><span data-offset-key=\"15r5u-1154-0\">o<\/span><span data-offset-key=\"15r5u-1155-0\"> do<\/span><span data-offset-key=\"15r5u-1156-0\"> Amar<\/span><span data-offset-key=\"15r5u-1157-0\">al<\/span><span data-offset-key=\"15r5u-1158-0\"> e<\/span><span data-offset-key=\"15r5u-1159-0\"> Daniel<\/span><span data-offset-key=\"15r5u-1160-0\"> C<\/span><span data-offset-key=\"15r5u-1161-0\">\u00e9s<\/span><span data-offset-key=\"15r5u-1162-0\">ar<\/span><span data-offset-key=\"15r5u-1163-0\"> Garcia<\/span><span data-offset-key=\"15r5u-1164-0\">,<\/span><span data-offset-key=\"15r5u-1165-0\"> com<\/span><span data-offset-key=\"15r5u-1166-0\">o<\/span><span data-offset-key=\"15r5u-1167-0\"> hom<\/span><span data-offset-key=\"15r5u-1168-0\">en<\/span><span data-offset-key=\"15r5u-1169-0\">ag<\/span><span data-offset-key=\"15r5u-1170-0\">em<\/span><span data-offset-key=\"15r5u-1171-0\">.<\/span><span data-offset-key=\"15r5u-1172-0\"> Al<\/span><span data-offset-key=\"15r5u-1173-0\">\u00e9<\/span><span data-offset-key=\"15r5u-1174-0\">m<\/span><span data-offset-key=\"15r5u-1175-0\"> dis<\/span><span data-offset-key=\"15r5u-1176-0\">so<\/span><span data-offset-key=\"15r5u-1177-0\">,<\/span><span data-offset-key=\"15r5u-1178-0\"> fo<\/span><span data-offset-key=\"15r5u-1179-0\">i<\/span><span data-offset-key=\"15r5u-1180-0\"> ent<\/span><span data-offset-key=\"15r5u-1181-0\">reg<\/span><span data-offset-key=\"15r5u-1182-0\">ue<\/span><span data-offset-key=\"15r5u-1183-0\"> t<\/span><span data-offset-key=\"15r5u-1184-0\">amb<\/span><span data-offset-key=\"15r5u-1185-0\">\u00e9<\/span><span data-offset-key=\"15r5u-1186-0\">m<\/span><span data-offset-key=\"15r5u-1187-0\"> o<\/span><span data-offset-key=\"15r5u-1188-0\"> S<\/span><span data-offset-key=\"15r5u-1189-0\">ist<\/span><span data-offset-key=\"15r5u-1190-0\">ema<\/span><span data-offset-key=\"15r5u-1191-0\"> de<\/span><span data-offset-key=\"15r5u-1192-0\"> L<\/span><span data-offset-key=\"15r5u-1193-0\">azer<\/span><span data-offset-key=\"15r5u-1194-0\"> do<\/span><span data-offset-key=\"15r5u-1195-0\"> b<\/span><span data-offset-key=\"15r5u-1196-0\">air<\/span><span data-offset-key=\"15r5u-1197-0\">ro<\/span><span data-offset-key=\"15r5u-1198-0\"> &#8220;<\/span><span data-offset-key=\"15r5u-1199-0\">Ad<\/span><span data-offset-key=\"15r5u-1200-0\">ev<\/span><span data-offset-key=\"15r5u-1201-0\">ar<\/span><span data-offset-key=\"15r5u-1202-0\"> Jos\u00e9<\/span><span data-offset-key=\"15r5u-1203-0\"> de<\/span><span data-offset-key=\"15r5u-1204-0\"> Castro<\/span><span data-offset-key=\"15r5u-1205-0\">&#8220;.<\/span><\/p>\n<p>VEJA TAMB\u00c9M:\u00a0<a href=\"https:\/\/redenoticiaz.com.br\/barretos-regiao\/sp\/2023\/04\/18\/prefeitura-de-guaira-avanca-com-o-seu-plano-diretor-de-tecnologia-da-informacao\">Prefeitura de Gua\u00edra avan\u00e7a com o seu Plano Diretor de Tecnologia da Informa\u00e7\u00e3o<\/a><\/p>\n<p>&nbsp;<\/p>\n","protected":false},"excerpt":{"rendered":"<p>A Est\u00e2ncia Tur\u00edstica de Ol\u00edmpia recebeu a inaugura\u00e7\u00e3o de duas Arenas Esportivas, fruto de um conv\u00eanio com o Governo do Estado, que promover\u00e3o esporte, lazer e qualidade de vida para a popula\u00e7\u00e3o. As Arenas contam com campo sint\u00e9tico, quadra de basquete 3&#215;3 e arquibancada, al\u00e9m de gramado ao redor e ilumina\u00e7\u00e3o. Os espa\u00e7os foram entregues &hellip;<\/p>\n","protected":false},"author":30,"featured_media":103910,"comment_status":"open","ping_status":"closed","sticky":false,"template":"","format":"standard","meta":{"footnotes":""},"categories":[1],"tags":[26399,6551,387,814,26400],"class_list":["post-103909","post","type-post","status-publish","format-standard","has-post-thumbnail","hentry","category-cidades","tag-arenas-esportivas","tag-basquete","tag-futebol","tag-olimpia","tag-quadras"],"yoast_head":"<!-- This site is optimized with the Yoast SEO plugin v27.4 - https:\/\/yoast.com\/product\/yoast-seo-wordpress\/ -->\n<title>Ol\u00edmpia inaugura mais duas Arenas Esportivas no Tropical II e da Cohab III - Ribeir\u00e3o Preto e Regi\u00e3o<\/title>\n<meta name=\"description\" content=\"Est\u00e2ncia Tur\u00edstica de Ol\u00edmpia recebeu a inaugura\u00e7\u00e3o de duas Arenas Esportivas, fruto de um conv\u00eanio com o Governo do Estado.\" \/>\n<meta name=\"robots\" content=\"index, follow, max-snippet:-1, max-image-preview:large, max-video-preview:-1\" \/>\n<link rel=\"canonical\" href=\"https:\/\/redenoticiaz.com.br\/ribeiraopreto-regiao\/sp\/2023\/04\/18\/olimpia-inaugura-mais-duas-arenas-esportivas-no-tropical-ii-e-da-cohab-iii\" \/>\n<meta property=\"og:locale\" content=\"pt_BR\" \/>\n<meta property=\"og:type\" content=\"article\" \/>\n<meta property=\"og:title\" content=\"Ol\u00edmpia inaugura mais duas Arenas Esportivas no Tropical II e da Cohab III - Ribeir\u00e3o Preto e Regi\u00e3o\" \/>\n<meta property=\"og:description\" content=\"Est\u00e2ncia Tur\u00edstica de Ol\u00edmpia recebeu a inaugura\u00e7\u00e3o de duas Arenas Esportivas, fruto de um conv\u00eanio com o Governo do Estado.\" \/>\n<meta property=\"og:url\" content=\"https:\/\/redenoticiaz.com.br\/ribeiraopreto-regiao\/sp\/2023\/04\/18\/olimpia-inaugura-mais-duas-arenas-esportivas-no-tropical-ii-e-da-cohab-iii\" \/>\n<meta property=\"og:site_name\" content=\"Ribeir\u00e3o Preto e Regi\u00e3o\" \/>\n<meta property=\"article:publisher\" content=\"https:\/\/m.facebook.com\/redenoticiaz.barretos\" \/>\n<meta property=\"article:published_time\" content=\"2023-04-18T16:53:09+00:00\" \/>\n<meta property=\"og:image\" content=\"https:\/\/redenoticiaz.com.br\/ribeiraopreto-regiao\/wp-content\/uploads\/sites\/4\/2023\/04\/Areninha-Cohab-III-scaled.jpg\" \/>\n\t<meta property=\"og:image:width\" content=\"1765\" \/>\n\t<meta property=\"og:image:height\" content=\"1080\" \/>\n\t<meta property=\"og:image:type\" content=\"image\/jpeg\" \/>\n<meta name=\"author\" content=\"Carina Reifonas\" \/>\n<meta name=\"twitter:card\" content=\"summary_large_image\" \/>\n<meta name=\"twitter:creator\" content=\"@RN_barretos\" \/>\n<meta name=\"twitter:site\" content=\"@RN_barretos\" \/>\n<meta name=\"twitter:label1\" content=\"Escrito por\" \/>\n\t<meta name=\"twitter:data1\" content=\"Carina Reifonas\" \/>\n\t<meta name=\"twitter:label2\" content=\"Est. tempo de leitura\" \/>\n\t<meta name=\"twitter:data2\" content=\"2 minutos\" \/>\n<script type=\"application\/ld+json\" class=\"yoast-schema-graph\">{\"@context\":\"https:\\\/\\\/schema.org\",\"@graph\":[{\"@type\":\"Article\",\"@id\":\"https:\\\/\\\/redenoticiaz.com.br\\\/ribeiraopreto-regiao\\\/sp\\\/2023\\\/04\\\/18\\\/olimpia-inaugura-mais-duas-arenas-esportivas-no-tropical-ii-e-da-cohab-iii#article\",\"isPartOf\":{\"@id\":\"https:\\\/\\\/redenoticiaz.com.br\\\/ribeiraopreto-regiao\\\/sp\\\/2023\\\/04\\\/18\\\/olimpia-inaugura-mais-duas-arenas-esportivas-no-tropical-ii-e-da-cohab-iii\"},\"author\":{\"name\":\"Carina Reifonas\",\"@id\":\"https:\\\/\\\/redenoticiaz.com.br\\\/ribeiraopreto-regiao\\\/#\\\/schema\\\/person\\\/1f84d6e94e6a62d2d81199d7503e9e90\"},\"headline\":\"Ol\u00edmpia inaugura mais duas Arenas Esportivas no Tropical II e da Cohab III\",\"datePublished\":\"2023-04-18T16:53:09+00:00\",\"mainEntityOfPage\":{\"@id\":\"https:\\\/\\\/redenoticiaz.com.br\\\/ribeiraopreto-regiao\\\/sp\\\/2023\\\/04\\\/18\\\/olimpia-inaugura-mais-duas-arenas-esportivas-no-tropical-ii-e-da-cohab-iii\"},\"wordCount\":226,\"commentCount\":0,\"publisher\":{\"@id\":\"https:\\\/\\\/redenoticiaz.com.br\\\/ribeiraopreto-regiao\\\/#organization\"},\"image\":{\"@id\":\"https:\\\/\\\/redenoticiaz.com.br\\\/ribeiraopreto-regiao\\\/sp\\\/2023\\\/04\\\/18\\\/olimpia-inaugura-mais-duas-arenas-esportivas-no-tropical-ii-e-da-cohab-iii#primaryimage\"},\"thumbnailUrl\":\"https:\\\/\\\/redenoticiaz.com.br\\\/ribeiraopreto-regiao\\\/wp-content\\\/uploads\\\/sites\\\/4\\\/2023\\\/04\\\/Areninha-Cohab-III-scaled.jpg\",\"keywords\":[\"Arenas esportivas\",\"BASQUETE\",\"FUTEBOL\",\"OLIMP\u00cdA\",\"quadras\"],\"articleSection\":[\"Cidades\"],\"inLanguage\":\"pt-BR\",\"potentialAction\":[{\"@type\":\"CommentAction\",\"name\":\"Comment\",\"target\":[\"https:\\\/\\\/redenoticiaz.com.br\\\/ribeiraopreto-regiao\\\/sp\\\/2023\\\/04\\\/18\\\/olimpia-inaugura-mais-duas-arenas-esportivas-no-tropical-ii-e-da-cohab-iii#respond\"]}]},{\"@type\":\"WebPage\",\"@id\":\"https:\\\/\\\/redenoticiaz.com.br\\\/ribeiraopreto-regiao\\\/sp\\\/2023\\\/04\\\/18\\\/olimpia-inaugura-mais-duas-arenas-esportivas-no-tropical-ii-e-da-cohab-iii\",\"url\":\"https:\\\/\\\/redenoticiaz.com.br\\\/ribeiraopreto-regiao\\\/sp\\\/2023\\\/04\\\/18\\\/olimpia-inaugura-mais-duas-arenas-esportivas-no-tropical-ii-e-da-cohab-iii\",\"name\":\"Ol\u00edmpia inaugura mais duas Arenas Esportivas no Tropical II e da Cohab III - Ribeir\u00e3o Preto e Regi\u00e3o\",\"isPartOf\":{\"@id\":\"https:\\\/\\\/redenoticiaz.com.br\\\/ribeiraopreto-regiao\\\/#website\"},\"primaryImageOfPage\":{\"@id\":\"https:\\\/\\\/redenoticiaz.com.br\\\/ribeiraopreto-regiao\\\/sp\\\/2023\\\/04\\\/18\\\/olimpia-inaugura-mais-duas-arenas-esportivas-no-tropical-ii-e-da-cohab-iii#primaryimage\"},\"image\":{\"@id\":\"https:\\\/\\\/redenoticiaz.com.br\\\/ribeiraopreto-regiao\\\/sp\\\/2023\\\/04\\\/18\\\/olimpia-inaugura-mais-duas-arenas-esportivas-no-tropical-ii-e-da-cohab-iii#primaryimage\"},\"thumbnailUrl\":\"https:\\\/\\\/redenoticiaz.com.br\\\/ribeiraopreto-regiao\\\/wp-content\\\/uploads\\\/sites\\\/4\\\/2023\\\/04\\\/Areninha-Cohab-III-scaled.jpg\",\"datePublished\":\"2023-04-18T16:53:09+00:00\",\"description\":\"Est\u00e2ncia Tur\u00edstica de Ol\u00edmpia recebeu a inaugura\u00e7\u00e3o de duas Arenas Esportivas, fruto de um conv\u00eanio com o Governo do Estado.\",\"inLanguage\":\"pt-BR\",\"potentialAction\":[{\"@type\":\"ReadAction\",\"target\":[\"https:\\\/\\\/redenoticiaz.com.br\\\/ribeiraopreto-regiao\\\/sp\\\/2023\\\/04\\\/18\\\/olimpia-inaugura-mais-duas-arenas-esportivas-no-tropical-ii-e-da-cohab-iii\"]}]},{\"@type\":\"ImageObject\",\"inLanguage\":\"pt-BR\",\"@id\":\"https:\\\/\\\/redenoticiaz.com.br\\\/ribeiraopreto-regiao\\\/sp\\\/2023\\\/04\\\/18\\\/olimpia-inaugura-mais-duas-arenas-esportivas-no-tropical-ii-e-da-cohab-iii#primaryimage\",\"url\":\"https:\\\/\\\/redenoticiaz.com.br\\\/ribeiraopreto-regiao\\\/wp-content\\\/uploads\\\/sites\\\/4\\\/2023\\\/04\\\/Areninha-Cohab-III-scaled.jpg\",\"contentUrl\":\"https:\\\/\\\/redenoticiaz.com.br\\\/ribeiraopreto-regiao\\\/wp-content\\\/uploads\\\/sites\\\/4\\\/2023\\\/04\\\/Areninha-Cohab-III-scaled.jpg\",\"width\":1765,\"height\":1080,\"caption\":\"Ol\u00edmpia inaugura mais duas Arenas Esportivas no Tropical II e da Cohab III. Cr\u00e9dito: Divulga\u00e7\u00e3o\"},{\"@type\":\"WebSite\",\"@id\":\"https:\\\/\\\/redenoticiaz.com.br\\\/ribeiraopreto-regiao\\\/#website\",\"url\":\"https:\\\/\\\/redenoticiaz.com.br\\\/ribeiraopreto-regiao\\\/\",\"name\":\"Ribeir\u00e3o Preto e Regi\u00e3o\",\"description\":\"Rede NoticiaZ - Ribeir\u00e3o Preto e regi\u00e3o\",\"publisher\":{\"@id\":\"https:\\\/\\\/redenoticiaz.com.br\\\/ribeiraopreto-regiao\\\/#organization\"},\"potentialAction\":[{\"@type\":\"SearchAction\",\"target\":{\"@type\":\"EntryPoint\",\"urlTemplate\":\"https:\\\/\\\/redenoticiaz.com.br\\\/ribeiraopreto-regiao\\\/?s={search_term_string}\"},\"query-input\":{\"@type\":\"PropertyValueSpecification\",\"valueRequired\":true,\"valueName\":\"search_term_string\"}}],\"inLanguage\":\"pt-BR\"},{\"@type\":\"Organization\",\"@id\":\"https:\\\/\\\/redenoticiaz.com.br\\\/ribeiraopreto-regiao\\\/#organization\",\"name\":\"Ribeir\u00e3o Preto e Regi\u00e3o\",\"url\":\"https:\\\/\\\/redenoticiaz.com.br\\\/ribeiraopreto-regiao\\\/\",\"logo\":{\"@type\":\"ImageObject\",\"inLanguage\":\"pt-BR\",\"@id\":\"https:\\\/\\\/redenoticiaz.com.br\\\/ribeiraopreto-regiao\\\/#\\\/schema\\\/logo\\\/image\\\/\",\"url\":\"https:\\\/\\\/redenoticiaz.com.br\\\/barretos-regiao\\\/wp-content\\\/uploads\\\/sites\\\/4\\\/2022\\\/02\\\/logo.jpg\",\"contentUrl\":\"https:\\\/\\\/redenoticiaz.com.br\\\/barretos-regiao\\\/wp-content\\\/uploads\\\/sites\\\/4\\\/2022\\\/02\\\/logo.jpg\",\"width\":400,\"height\":250,\"caption\":\"Ribeir\u00e3o Preto e Regi\u00e3o\"},\"image\":{\"@id\":\"https:\\\/\\\/redenoticiaz.com.br\\\/ribeiraopreto-regiao\\\/#\\\/schema\\\/logo\\\/image\\\/\"},\"sameAs\":[\"https:\\\/\\\/m.facebook.com\\\/redenoticiaz.barretos\",\"https:\\\/\\\/x.com\\\/RN_barretos\",\"https:\\\/\\\/www.instagram.com\\\/redenoticiaz.barretos\\\/?igshid=YmMyMTA2M2Y\",\"https:\\\/\\\/www.linkedin.com\\\/company\\\/rede-noticiaz-barretos-e-regio\\\/\"]},{\"@type\":\"Person\",\"@id\":\"https:\\\/\\\/redenoticiaz.com.br\\\/ribeiraopreto-regiao\\\/#\\\/schema\\\/person\\\/1f84d6e94e6a62d2d81199d7503e9e90\",\"name\":\"Carina Reifonas\",\"image\":{\"@type\":\"ImageObject\",\"inLanguage\":\"pt-BR\",\"@id\":\"https:\\\/\\\/secure.gravatar.com\\\/avatar\\\/04c59859b23696cf867715880f81d5c037e60109730bdb4e6670ec2a2245bc97?s=96&d=mm&r=g\",\"url\":\"https:\\\/\\\/secure.gravatar.com\\\/avatar\\\/04c59859b23696cf867715880f81d5c037e60109730bdb4e6670ec2a2245bc97?s=96&d=mm&r=g\",\"contentUrl\":\"https:\\\/\\\/secure.gravatar.com\\\/avatar\\\/04c59859b23696cf867715880f81d5c037e60109730bdb4e6670ec2a2245bc97?s=96&d=mm&r=g\",\"caption\":\"Carina Reifonas\"},\"url\":\"https:\\\/\\\/redenoticiaz.com.br\\\/ribeiraopreto-regiao\\\/sp\\\/author\\\/carinareifonas\"}]}<\/script>\n<!-- \/ Yoast SEO plugin. -->","yoast_head_json":{"title":"Ol\u00edmpia inaugura mais duas Arenas Esportivas no Tropical II e da Cohab III - Ribeir\u00e3o Preto e Regi\u00e3o","description":"Est\u00e2ncia Tur\u00edstica de Ol\u00edmpia recebeu a inaugura\u00e7\u00e3o de duas Arenas Esportivas, fruto de um conv\u00eanio com o Governo do Estado.","robots":{"index":"index","follow":"follow","max-snippet":"max-snippet:-1","max-image-preview":"max-image-preview:large","max-video-preview":"max-video-preview:-1"},"canonical":"https:\/\/redenoticiaz.com.br\/ribeiraopreto-regiao\/sp\/2023\/04\/18\/olimpia-inaugura-mais-duas-arenas-esportivas-no-tropical-ii-e-da-cohab-iii","og_locale":"pt_BR","og_type":"article","og_title":"Ol\u00edmpia inaugura mais duas Arenas Esportivas no Tropical II e da Cohab III - Ribeir\u00e3o Preto e Regi\u00e3o","og_description":"Est\u00e2ncia Tur\u00edstica de Ol\u00edmpia recebeu a inaugura\u00e7\u00e3o de duas Arenas Esportivas, fruto de um conv\u00eanio com o Governo do Estado.","og_url":"https:\/\/redenoticiaz.com.br\/ribeiraopreto-regiao\/sp\/2023\/04\/18\/olimpia-inaugura-mais-duas-arenas-esportivas-no-tropical-ii-e-da-cohab-iii","og_site_name":"Ribeir\u00e3o Preto e Regi\u00e3o","article_publisher":"https:\/\/m.facebook.com\/redenoticiaz.barretos","article_published_time":"2023-04-18T16:53:09+00:00","og_image":[{"width":1765,"height":1080,"url":"https:\/\/redenoticiaz.com.br\/ribeiraopreto-regiao\/wp-content\/uploads\/sites\/4\/2023\/04\/Areninha-Cohab-III-scaled.jpg","type":"image\/jpeg"}],"author":"Carina Reifonas","twitter_card":"summary_large_image","twitter_creator":"@RN_barretos","twitter_site":"@RN_barretos","twitter_misc":{"Escrito por":"Carina Reifonas","Est. tempo de leitura":"2 minutos"},"schema":{"@context":"https:\/\/schema.org","@graph":[{"@type":"Article","@id":"https:\/\/redenoticiaz.com.br\/ribeiraopreto-regiao\/sp\/2023\/04\/18\/olimpia-inaugura-mais-duas-arenas-esportivas-no-tropical-ii-e-da-cohab-iii#article","isPartOf":{"@id":"https:\/\/redenoticiaz.com.br\/ribeiraopreto-regiao\/sp\/2023\/04\/18\/olimpia-inaugura-mais-duas-arenas-esportivas-no-tropical-ii-e-da-cohab-iii"},"author":{"name":"Carina Reifonas","@id":"https:\/\/redenoticiaz.com.br\/ribeiraopreto-regiao\/#\/schema\/person\/1f84d6e94e6a62d2d81199d7503e9e90"},"headline":"Ol\u00edmpia inaugura mais duas Arenas Esportivas no Tropical II e da Cohab III","datePublished":"2023-04-18T16:53:09+00:00","mainEntityOfPage":{"@id":"https:\/\/redenoticiaz.com.br\/ribeiraopreto-regiao\/sp\/2023\/04\/18\/olimpia-inaugura-mais-duas-arenas-esportivas-no-tropical-ii-e-da-cohab-iii"},"wordCount":226,"commentCount":0,"publisher":{"@id":"https:\/\/redenoticiaz.com.br\/ribeiraopreto-regiao\/#organization"},"image":{"@id":"https:\/\/redenoticiaz.com.br\/ribeiraopreto-regiao\/sp\/2023\/04\/18\/olimpia-inaugura-mais-duas-arenas-esportivas-no-tropical-ii-e-da-cohab-iii#primaryimage"},"thumbnailUrl":"https:\/\/redenoticiaz.com.br\/ribeiraopreto-regiao\/wp-content\/uploads\/sites\/4\/2023\/04\/Areninha-Cohab-III-scaled.jpg","keywords":["Arenas esportivas","BASQUETE","FUTEBOL","OLIMP\u00cdA","quadras"],"articleSection":["Cidades"],"inLanguage":"pt-BR","potentialAction":[{"@type":"CommentAction","name":"Comment","target":["https:\/\/redenoticiaz.com.br\/ribeiraopreto-regiao\/sp\/2023\/04\/18\/olimpia-inaugura-mais-duas-arenas-esportivas-no-tropical-ii-e-da-cohab-iii#respond"]}]},{"@type":"WebPage","@id":"https:\/\/redenoticiaz.com.br\/ribeiraopreto-regiao\/sp\/2023\/04\/18\/olimpia-inaugura-mais-duas-arenas-esportivas-no-tropical-ii-e-da-cohab-iii","url":"https:\/\/redenoticiaz.com.br\/ribeiraopreto-regiao\/sp\/2023\/04\/18\/olimpia-inaugura-mais-duas-arenas-esportivas-no-tropical-ii-e-da-cohab-iii","name":"Ol\u00edmpia inaugura mais duas Arenas Esportivas no Tropical II e da Cohab III - Ribeir\u00e3o Preto e Regi\u00e3o","isPartOf":{"@id":"https:\/\/redenoticiaz.com.br\/ribeiraopreto-regiao\/#website"},"primaryImageOfPage":{"@id":"https:\/\/redenoticiaz.com.br\/ribeiraopreto-regiao\/sp\/2023\/04\/18\/olimpia-inaugura-mais-duas-arenas-esportivas-no-tropical-ii-e-da-cohab-iii#primaryimage"},"image":{"@id":"https:\/\/redenoticiaz.com.br\/ribeiraopreto-regiao\/sp\/2023\/04\/18\/olimpia-inaugura-mais-duas-arenas-esportivas-no-tropical-ii-e-da-cohab-iii#primaryimage"},"thumbnailUrl":"https:\/\/redenoticiaz.com.br\/ribeiraopreto-regiao\/wp-content\/uploads\/sites\/4\/2023\/04\/Areninha-Cohab-III-scaled.jpg","datePublished":"2023-04-18T16:53:09+00:00","description":"Est\u00e2ncia Tur\u00edstica de Ol\u00edmpia recebeu a inaugura\u00e7\u00e3o de duas Arenas Esportivas, fruto de um conv\u00eanio com o Governo do Estado.","inLanguage":"pt-BR","potentialAction":[{"@type":"ReadAction","target":["https:\/\/redenoticiaz.com.br\/ribeiraopreto-regiao\/sp\/2023\/04\/18\/olimpia-inaugura-mais-duas-arenas-esportivas-no-tropical-ii-e-da-cohab-iii"]}]},{"@type":"ImageObject","inLanguage":"pt-BR","@id":"https:\/\/redenoticiaz.com.br\/ribeiraopreto-regiao\/sp\/2023\/04\/18\/olimpia-inaugura-mais-duas-arenas-esportivas-no-tropical-ii-e-da-cohab-iii#primaryimage","url":"https:\/\/redenoticiaz.com.br\/ribeiraopreto-regiao\/wp-content\/uploads\/sites\/4\/2023\/04\/Areninha-Cohab-III-scaled.jpg","contentUrl":"https:\/\/redenoticiaz.com.br\/ribeiraopreto-regiao\/wp-content\/uploads\/sites\/4\/2023\/04\/Areninha-Cohab-III-scaled.jpg","width":1765,"height":1080,"caption":"Ol\u00edmpia inaugura mais duas Arenas Esportivas no Tropical II e da Cohab III. Cr\u00e9dito: Divulga\u00e7\u00e3o"},{"@type":"WebSite","@id":"https:\/\/redenoticiaz.com.br\/ribeiraopreto-regiao\/#website","url":"https:\/\/redenoticiaz.com.br\/ribeiraopreto-regiao\/","name":"Ribeir\u00e3o Preto e Regi\u00e3o","description":"Rede NoticiaZ - Ribeir\u00e3o Preto e regi\u00e3o","publisher":{"@id":"https:\/\/redenoticiaz.com.br\/ribeiraopreto-regiao\/#organization"},"potentialAction":[{"@type":"SearchAction","target":{"@type":"EntryPoint","urlTemplate":"https:\/\/redenoticiaz.com.br\/ribeiraopreto-regiao\/?s={search_term_string}"},"query-input":{"@type":"PropertyValueSpecification","valueRequired":true,"valueName":"search_term_string"}}],"inLanguage":"pt-BR"},{"@type":"Organization","@id":"https:\/\/redenoticiaz.com.br\/ribeiraopreto-regiao\/#organization","name":"Ribeir\u00e3o Preto e Regi\u00e3o","url":"https:\/\/redenoticiaz.com.br\/ribeiraopreto-regiao\/","logo":{"@type":"ImageObject","inLanguage":"pt-BR","@id":"https:\/\/redenoticiaz.com.br\/ribeiraopreto-regiao\/#\/schema\/logo\/image\/","url":"https:\/\/redenoticiaz.com.br\/barretos-regiao\/wp-content\/uploads\/sites\/4\/2022\/02\/logo.jpg","contentUrl":"https:\/\/redenoticiaz.com.br\/barretos-regiao\/wp-content\/uploads\/sites\/4\/2022\/02\/logo.jpg","width":400,"height":250,"caption":"Ribeir\u00e3o Preto e Regi\u00e3o"},"image":{"@id":"https:\/\/redenoticiaz.com.br\/ribeiraopreto-regiao\/#\/schema\/logo\/image\/"},"sameAs":["https:\/\/m.facebook.com\/redenoticiaz.barretos","https:\/\/x.com\/RN_barretos","https:\/\/www.instagram.com\/redenoticiaz.barretos\/?igshid=YmMyMTA2M2Y","https:\/\/www.linkedin.com\/company\/rede-noticiaz-barretos-e-regio\/"]},{"@type":"Person","@id":"https:\/\/redenoticiaz.com.br\/ribeiraopreto-regiao\/#\/schema\/person\/1f84d6e94e6a62d2d81199d7503e9e90","name":"Carina Reifonas","image":{"@type":"ImageObject","inLanguage":"pt-BR","@id":"https:\/\/secure.gravatar.com\/avatar\/04c59859b23696cf867715880f81d5c037e60109730bdb4e6670ec2a2245bc97?s=96&d=mm&r=g","url":"https:\/\/secure.gravatar.com\/avatar\/04c59859b23696cf867715880f81d5c037e60109730bdb4e6670ec2a2245bc97?s=96&d=mm&r=g","contentUrl":"https:\/\/secure.gravatar.com\/avatar\/04c59859b23696cf867715880f81d5c037e60109730bdb4e6670ec2a2245bc97?s=96&d=mm&r=g","caption":"Carina Reifonas"},"url":"https:\/\/redenoticiaz.com.br\/ribeiraopreto-regiao\/sp\/author\/carinareifonas"}]}},"_links":{"self":[{"href":"https:\/\/redenoticiaz.com.br\/ribeiraopreto-regiao\/wp-json\/wp\/v2\/posts\/103909","targetHints":{"allow":["GET"]}}],"collection":[{"href":"https:\/\/redenoticiaz.com.br\/ribeiraopreto-regiao\/wp-json\/wp\/v2\/posts"}],"about":[{"href":"https:\/\/redenoticiaz.com.br\/ribeiraopreto-regiao\/wp-json\/wp\/v2\/types\/post"}],"author":[{"embeddable":true,"href":"https:\/\/redenoticiaz.com.br\/ribeiraopreto-regiao\/wp-json\/wp\/v2\/users\/30"}],"replies":[{"embeddable":true,"href":"https:\/\/redenoticiaz.com.br\/ribeiraopreto-regiao\/wp-json\/wp\/v2\/comments?post=103909"}],"version-history":[{"count":1,"href":"https:\/\/redenoticiaz.com.br\/ribeiraopreto-regiao\/wp-json\/wp\/v2\/posts\/103909\/revisions"}],"predecessor-version":[{"id":103911,"href":"https:\/\/redenoticiaz.com.br\/ribeiraopreto-regiao\/wp-json\/wp\/v2\/posts\/103909\/revisions\/103911"}],"wp:featuredmedia":[{"embeddable":true,"href":"https:\/\/redenoticiaz.com.br\/ribeiraopreto-regiao\/wp-json\/wp\/v2\/media\/103910"}],"wp:attachment":[{"href":"https:\/\/redenoticiaz.com.br\/ribeiraopreto-regiao\/wp-json\/wp\/v2\/media?parent=103909"}],"wp:term":[{"taxonomy":"category","embeddable":true,"href":"https:\/\/redenoticiaz.com.br\/ribeiraopreto-regiao\/wp-json\/wp\/v2\/categories?post=103909"},{"taxonomy":"post_tag","embeddable":true,"href":"https:\/\/redenoticiaz.com.br\/ribeiraopreto-regiao\/wp-json\/wp\/v2\/tags?post=103909"}],"curies":[{"name":"wp","href":"https:\/\/api.w.org\/{rel}","templated":true}]}}