{"id":103958,"date":"2023-04-19T07:24:35","date_gmt":"2023-04-19T10:24:35","guid":{"rendered":"https:\/\/redenoticiaz.com.br\/barretos-regiao\/sp\/2023\/04\/19\/bbb-23-tem-saida-de-domitila-nova-lider-e-mais-um-paredao-formado"},"modified":"2023-04-19T07:24:35","modified_gmt":"2023-04-19T10:24:35","slug":"bbb-23-tem-saida-de-domitila-nova-lider-e-mais-um-paredao-formado","status":"publish","type":"post","link":"https:\/\/redenoticiaz.com.br\/ribeiraopreto-regiao\/sp\/2023\/04\/19\/bbb-23-tem-saida-de-domitila-nova-lider-e-mais-um-paredao-formado","title":{"rendered":"BBB 23 tem sa\u00edda de Domitila, nova l\u00edder e mais um Pared\u00e3o formado"},"content":{"rendered":"<p>Mais um dia agitado rolou no Big Brother Brasil nessa ter\u00e7a-feira (18). Mais uma elimina\u00e7\u00e3o aconteceu no Pared\u00e3o, onde a escolhida acabou sendo <strong>Domitila Barros<\/strong>. Momentos depois, mais uma Prova do L\u00edder aconteceu, sendo <strong>Bruna Griphao<\/strong> a grande vencedora e o Pared\u00e3o formado tem <strong>Larissa e Ricardo<\/strong> na briga pela perman\u00eancia.<\/p>\n<p class=\"content-text__container \" data-track-category=\"Link no Texto\" data-track-links=\"\">O apresentador Tadeu Schmidt anunciou a sa\u00edda da sister da seguinte maneira. &#8220;Pared\u00e3o ap\u00f3s Pared\u00e3o, essa vantagem foi caindo. Agora, elas continuam sendo quatro, mas em uma casa com seis pessoas, agora s\u00e3o o dobro. A conex\u00e3o entre as des\u00e9rticas se tornou inabal\u00e1vel. Quanto desses resultados todos \u00e9 fruto do indiv\u00edduo e quanto \u00e9 fruto do time?&#8221;.<\/p>\n<div id=\"chunk-eplcd\">\n<div class=\"mc-column content-text active-extra-styles \" data-block-type=\"unstyled\" data-block-weight=\"46\" data-block-id=\"9\">\n<p class=\"content-text__container \" data-track-category=\"Link no Texto\" data-track-links=\"\">&#8220;S\u00f3 tem uma coisa que \u00e9 incontest\u00e1vel: o voto. \u00c9 autom\u00e1tico, mais pessoas votaram ou mais pessoas se engajaram pra votar mais vezes. Quem sai n\u00e3o leva o pr\u00eamio, n\u00e3o vai ser campe\u00e3 do BBB, mas pode ser o que quiser (&#8230;)&#8221;.<\/p>\n<\/div>\n<\/div>\n<div id=\"chunk-5iefq\">\n<div class=\"mc-column content-text active-extra-styles \" data-block-type=\"unstyled\" data-block-weight=\"35\" data-block-id=\"10\">\n<p class=\"content-text__container \" data-track-category=\"Link no Texto\" data-track-links=\"\">Tadeu finalizou seu discurso com palavras que foram ditas pela pr\u00f3pria eliminada. <span class=\"highlight highlighted\">&#8220;Voc\u00ea \u00e9 farinha. Pode ser p\u00e3o, pode ser bolo, mas voc\u00ea \u00e9 farinha. Acabou o Fundo do Mar, quem sai \u00e9 voc\u00ea, Domitila&#8221;<\/span>.<\/p>\n<\/div>\n<\/div>\n<div id=\"chunk-53j69\">\n<div class=\"mc-column content-text active-extra-styles \" data-block-type=\"unstyled\" data-block-weight=\"16\" data-block-id=\"11\">\n<p class=\"content-text__container \" data-track-category=\"Link no Texto\" data-track-links=\"\">Domitila teve 59,94% dos votos, enquanto Larissa recebeu 39,35% e Amanda teve apenas 0,71% dos votos.<\/p>\n<h3 data-track-category=\"Link no Texto\">Prova do L\u00edder e novo Pared\u00e3o<\/h3>\n<p>A Prova do L\u00edder foi realizada logo ap\u00f3s a Elimina\u00e7\u00e3o de Domitila Barros. No jardim da casa, os brothers participaram de uma din\u00e2mica que exigia habilidade e agilidade. Bruna Griphao realizou a prova em menor tempo e conquistou a \u00faltima lideran\u00e7a da temporada.<\/p>\n<p>Ap\u00f3s a vit\u00f3ria, Tadeu deu in\u00edcio \u00e0 forma\u00e7\u00e3o do Pared\u00e3o e a L\u00edder Bruna indicou Ricardo por ter deixado o grupo do Quarto do Deserto.J\u00e1 na vota\u00e7\u00e3o, que foi aberta, Larissa foi a mais votada com tr\u00eas indica\u00e7\u00f5es.<\/p>\n<p><strong>LEIA TAMB\u00c9M<\/strong><\/p>\n<p><a href=\"https:\/\/redenoticiaz.com.br\/blog\/2023\/04\/17\/sarah-aline-deixa-o-bbb-23-que-tem-novo-lider-e-mais-um-paredao-formado\">Sarah Aline deixa o BBB 23, que tem novo L\u00edder e mais um Pared\u00e3o formado<\/a><\/p>\n<\/div>\n<\/div>\n","protected":false},"excerpt":{"rendered":"<p>Mais um dia agitado rolou no Big Brother Brasil nessa ter\u00e7a-feira (18). Mais uma elimina\u00e7\u00e3o aconteceu no Pared\u00e3o, onde a escolhida acabou sendo Domitila Barros. Momentos depois, mais uma Prova do L\u00edder aconteceu, sendo Bruna Griphao a grande vencedora e o Pared\u00e3o formado tem Larissa e Ricardo na briga pela perman\u00eancia. O apresentador Tadeu Schmidt &hellip;<\/p>\n","protected":false},"author":6,"featured_media":103959,"comment_status":"open","ping_status":"closed","sticky":false,"template":"","format":"standard","meta":{"footnotes":""},"categories":[134],"tags":[23066,136,23783,26419,932,451,139,24345],"class_list":["post-103958","post","type-post","status-publish","format-standard","has-post-thumbnail","hentry","category-entretenimento","tag-bbb-23","tag-big-brother-brasil","tag-bruna-griphao","tag-domitila-eliminada","tag-larissa","tag-paredao","tag-prova-do-lider","tag-ricardo"],"yoast_head":"<!-- This site is optimized with the Yoast SEO plugin v27.5 - https:\/\/yoast.com\/product\/yoast-seo-wordpress\/ -->\n<title>BBB 23 tem sa\u00edda de Domitila, nova l\u00edder e mais um Pared\u00e3o formado - Ribeir\u00e3o Preto e Regi\u00e3o<\/title>\n<meta name=\"description\" content=\"no Big Brother Brasil nessa ter\u00e7a-feira (18). Mais uma elimina\u00e7\u00e3o aconteceu no Pared\u00e3o, onde a escolhida acabou sendo Domitila Barros.\" \/>\n<meta name=\"robots\" content=\"index, follow, max-snippet:-1, max-image-preview:large, max-video-preview:-1\" \/>\n<link rel=\"canonical\" href=\"https:\/\/redenoticiaz.com.br\/ribeiraopreto-regiao\/sp\/2023\/04\/19\/bbb-23-tem-saida-de-domitila-nova-lider-e-mais-um-paredao-formado\" \/>\n<meta property=\"og:locale\" content=\"pt_BR\" \/>\n<meta property=\"og:type\" content=\"article\" \/>\n<meta property=\"og:title\" content=\"BBB 23 tem sa\u00edda de Domitila, nova l\u00edder e mais um Pared\u00e3o formado - Ribeir\u00e3o Preto e Regi\u00e3o\" \/>\n<meta property=\"og:description\" content=\"no Big Brother Brasil nessa ter\u00e7a-feira (18). Mais uma elimina\u00e7\u00e3o aconteceu no Pared\u00e3o, onde a escolhida acabou sendo Domitila Barros.\" \/>\n<meta property=\"og:url\" content=\"https:\/\/redenoticiaz.com.br\/ribeiraopreto-regiao\/sp\/2023\/04\/19\/bbb-23-tem-saida-de-domitila-nova-lider-e-mais-um-paredao-formado\" \/>\n<meta property=\"og:site_name\" content=\"Ribeir\u00e3o Preto e Regi\u00e3o\" \/>\n<meta property=\"article:publisher\" content=\"https:\/\/m.facebook.com\/redenoticiaz.barretos\" \/>\n<meta property=\"article:published_time\" content=\"2023-04-19T10:24:35+00:00\" \/>\n<meta property=\"og:image\" content=\"https:\/\/redenoticiaz.com.br\/ribeiraopreto-regiao\/wp-content\/uploads\/sites\/4\/2022\/02\/logo.jpg\" \/>\n\t<meta property=\"og:image:width\" content=\"400\" \/>\n\t<meta property=\"og:image:height\" content=\"250\" \/>\n\t<meta property=\"og:image:type\" content=\"image\/jpeg\" \/>\n<meta name=\"author\" content=\"Leonardo Francisco\" \/>\n<meta name=\"twitter:card\" content=\"summary_large_image\" \/>\n<meta name=\"twitter:creator\" content=\"@RN_barretos\" \/>\n<meta name=\"twitter:site\" content=\"@RN_barretos\" \/>\n<meta name=\"twitter:label1\" content=\"Escrito por\" \/>\n\t<meta name=\"twitter:data1\" content=\"Leonardo Francisco\" \/>\n\t<meta name=\"twitter:label2\" content=\"Est. tempo de leitura\" \/>\n\t<meta name=\"twitter:data2\" content=\"2 minutos\" \/>\n<script type=\"application\/ld+json\" class=\"yoast-schema-graph\">{\"@context\":\"https:\\\/\\\/schema.org\",\"@graph\":[{\"@type\":\"Article\",\"@id\":\"https:\\\/\\\/redenoticiaz.com.br\\\/ribeiraopreto-regiao\\\/sp\\\/2023\\\/04\\\/19\\\/bbb-23-tem-saida-de-domitila-nova-lider-e-mais-um-paredao-formado#article\",\"isPartOf\":{\"@id\":\"https:\\\/\\\/redenoticiaz.com.br\\\/ribeiraopreto-regiao\\\/sp\\\/2023\\\/04\\\/19\\\/bbb-23-tem-saida-de-domitila-nova-lider-e-mais-um-paredao-formado\"},\"author\":{\"name\":\"Leonardo Francisco\",\"@id\":\"https:\\\/\\\/redenoticiaz.com.br\\\/ribeiraopreto-regiao\\\/#\\\/schema\\\/person\\\/0f0b8a5bdafefe82841e07ae8d81ecb3\"},\"headline\":\"BBB 23 tem sa\u00edda de Domitila, nova l\u00edder e mais um Pared\u00e3o formado\",\"datePublished\":\"2023-04-19T10:24:35+00:00\",\"mainEntityOfPage\":{\"@id\":\"https:\\\/\\\/redenoticiaz.com.br\\\/ribeiraopreto-regiao\\\/sp\\\/2023\\\/04\\\/19\\\/bbb-23-tem-saida-de-domitila-nova-lider-e-mais-um-paredao-formado\"},\"wordCount\":348,\"commentCount\":0,\"publisher\":{\"@id\":\"https:\\\/\\\/redenoticiaz.com.br\\\/ribeiraopreto-regiao\\\/#organization\"},\"image\":{\"@id\":\"https:\\\/\\\/redenoticiaz.com.br\\\/ribeiraopreto-regiao\\\/sp\\\/2023\\\/04\\\/19\\\/bbb-23-tem-saida-de-domitila-nova-lider-e-mais-um-paredao-formado#primaryimage\"},\"thumbnailUrl\":\"https:\\\/\\\/redenoticiaz.com.br\\\/ribeiraopreto-regiao\\\/wp-content\\\/uploads\\\/sites\\\/4\\\/2023\\\/04\\\/DOMIERIC.jpg?v=1681899782\",\"keywords\":[\"BBB 23\",\"BIG BROTHER BRASIL\",\"bruna griphao\",\"DOMITILA ELIMINADA\",\"LARISSA\",\"PARED\u00c3O\",\"prova do lider\",\"RICARDO\"],\"articleSection\":[\"Entretenimento\"],\"inLanguage\":\"pt-BR\",\"potentialAction\":[{\"@type\":\"CommentAction\",\"name\":\"Comment\",\"target\":[\"https:\\\/\\\/redenoticiaz.com.br\\\/ribeiraopreto-regiao\\\/sp\\\/2023\\\/04\\\/19\\\/bbb-23-tem-saida-de-domitila-nova-lider-e-mais-um-paredao-formado#respond\"]}]},{\"@type\":\"WebPage\",\"@id\":\"https:\\\/\\\/redenoticiaz.com.br\\\/ribeiraopreto-regiao\\\/sp\\\/2023\\\/04\\\/19\\\/bbb-23-tem-saida-de-domitila-nova-lider-e-mais-um-paredao-formado\",\"url\":\"https:\\\/\\\/redenoticiaz.com.br\\\/ribeiraopreto-regiao\\\/sp\\\/2023\\\/04\\\/19\\\/bbb-23-tem-saida-de-domitila-nova-lider-e-mais-um-paredao-formado\",\"name\":\"BBB 23 tem sa\u00edda de Domitila, nova l\u00edder e mais um Pared\u00e3o formado - Ribeir\u00e3o Preto e Regi\u00e3o\",\"isPartOf\":{\"@id\":\"https:\\\/\\\/redenoticiaz.com.br\\\/ribeiraopreto-regiao\\\/#website\"},\"primaryImageOfPage\":{\"@id\":\"https:\\\/\\\/redenoticiaz.com.br\\\/ribeiraopreto-regiao\\\/sp\\\/2023\\\/04\\\/19\\\/bbb-23-tem-saida-de-domitila-nova-lider-e-mais-um-paredao-formado#primaryimage\"},\"image\":{\"@id\":\"https:\\\/\\\/redenoticiaz.com.br\\\/ribeiraopreto-regiao\\\/sp\\\/2023\\\/04\\\/19\\\/bbb-23-tem-saida-de-domitila-nova-lider-e-mais-um-paredao-formado#primaryimage\"},\"thumbnailUrl\":\"https:\\\/\\\/redenoticiaz.com.br\\\/ribeiraopreto-regiao\\\/wp-content\\\/uploads\\\/sites\\\/4\\\/2023\\\/04\\\/DOMIERIC.jpg?v=1681899782\",\"datePublished\":\"2023-04-19T10:24:35+00:00\",\"description\":\"no Big Brother Brasil nessa ter\u00e7a-feira (18). Mais uma elimina\u00e7\u00e3o aconteceu no Pared\u00e3o, onde a escolhida acabou sendo Domitila Barros.\",\"inLanguage\":\"pt-BR\",\"potentialAction\":[{\"@type\":\"ReadAction\",\"target\":[\"https:\\\/\\\/redenoticiaz.com.br\\\/ribeiraopreto-regiao\\\/sp\\\/2023\\\/04\\\/19\\\/bbb-23-tem-saida-de-domitila-nova-lider-e-mais-um-paredao-formado\"]}]},{\"@type\":\"ImageObject\",\"inLanguage\":\"pt-BR\",\"@id\":\"https:\\\/\\\/redenoticiaz.com.br\\\/ribeiraopreto-regiao\\\/sp\\\/2023\\\/04\\\/19\\\/bbb-23-tem-saida-de-domitila-nova-lider-e-mais-um-paredao-formado#primaryimage\",\"url\":\"https:\\\/\\\/redenoticiaz.com.br\\\/ribeiraopreto-regiao\\\/wp-content\\\/uploads\\\/sites\\\/4\\\/2023\\\/04\\\/DOMIERIC.jpg?v=1681899782\",\"contentUrl\":\"https:\\\/\\\/redenoticiaz.com.br\\\/ribeiraopreto-regiao\\\/wp-content\\\/uploads\\\/sites\\\/4\\\/2023\\\/04\\\/DOMIERIC.jpg?v=1681899782\",\"width\":546,\"height\":309,\"caption\":\"Domi eliminada e Ricardo no Pared\u00e3o. Cr\u00e9ditos: Reprodu\u00e7\u00e3o\\\/TV Globo\"},{\"@type\":\"WebSite\",\"@id\":\"https:\\\/\\\/redenoticiaz.com.br\\\/ribeiraopreto-regiao\\\/#website\",\"url\":\"https:\\\/\\\/redenoticiaz.com.br\\\/ribeiraopreto-regiao\\\/\",\"name\":\"Ribeir\u00e3o Preto e Regi\u00e3o\",\"description\":\"Rede NoticiaZ - Ribeir\u00e3o Preto e regi\u00e3o\",\"publisher\":{\"@id\":\"https:\\\/\\\/redenoticiaz.com.br\\\/ribeiraopreto-regiao\\\/#organization\"},\"potentialAction\":[{\"@type\":\"SearchAction\",\"target\":{\"@type\":\"EntryPoint\",\"urlTemplate\":\"https:\\\/\\\/redenoticiaz.com.br\\\/ribeiraopreto-regiao\\\/?s={search_term_string}\"},\"query-input\":{\"@type\":\"PropertyValueSpecification\",\"valueRequired\":true,\"valueName\":\"search_term_string\"}}],\"inLanguage\":\"pt-BR\"},{\"@type\":\"Organization\",\"@id\":\"https:\\\/\\\/redenoticiaz.com.br\\\/ribeiraopreto-regiao\\\/#organization\",\"name\":\"Ribeir\u00e3o Preto e Regi\u00e3o\",\"url\":\"https:\\\/\\\/redenoticiaz.com.br\\\/ribeiraopreto-regiao\\\/\",\"logo\":{\"@type\":\"ImageObject\",\"inLanguage\":\"pt-BR\",\"@id\":\"https:\\\/\\\/redenoticiaz.com.br\\\/ribeiraopreto-regiao\\\/#\\\/schema\\\/logo\\\/image\\\/\",\"url\":\"https:\\\/\\\/redenoticiaz.com.br\\\/barretos-regiao\\\/wp-content\\\/uploads\\\/sites\\\/4\\\/2022\\\/02\\\/logo.jpg\",\"contentUrl\":\"https:\\\/\\\/redenoticiaz.com.br\\\/barretos-regiao\\\/wp-content\\\/uploads\\\/sites\\\/4\\\/2022\\\/02\\\/logo.jpg\",\"width\":400,\"height\":250,\"caption\":\"Ribeir\u00e3o Preto e Regi\u00e3o\"},\"image\":{\"@id\":\"https:\\\/\\\/redenoticiaz.com.br\\\/ribeiraopreto-regiao\\\/#\\\/schema\\\/logo\\\/image\\\/\"},\"sameAs\":[\"https:\\\/\\\/m.facebook.com\\\/redenoticiaz.barretos\",\"https:\\\/\\\/x.com\\\/RN_barretos\",\"https:\\\/\\\/www.instagram.com\\\/redenoticiaz.barretos\\\/?igshid=YmMyMTA2M2Y\",\"https:\\\/\\\/www.linkedin.com\\\/company\\\/rede-noticiaz-barretos-e-regio\\\/\"]},{\"@type\":\"Person\",\"@id\":\"https:\\\/\\\/redenoticiaz.com.br\\\/ribeiraopreto-regiao\\\/#\\\/schema\\\/person\\\/0f0b8a5bdafefe82841e07ae8d81ecb3\",\"name\":\"Leonardo Francisco\",\"image\":{\"@type\":\"ImageObject\",\"inLanguage\":\"pt-BR\",\"@id\":\"https:\\\/\\\/secure.gravatar.com\\\/avatar\\\/a7358cb406a99b682ec6df1e77e31ae82e63601f6784e8a3df411d72b37864da?s=96&d=mm&r=g\",\"url\":\"https:\\\/\\\/secure.gravatar.com\\\/avatar\\\/a7358cb406a99b682ec6df1e77e31ae82e63601f6784e8a3df411d72b37864da?s=96&d=mm&r=g\",\"contentUrl\":\"https:\\\/\\\/secure.gravatar.com\\\/avatar\\\/a7358cb406a99b682ec6df1e77e31ae82e63601f6784e8a3df411d72b37864da?s=96&d=mm&r=g\",\"caption\":\"Leonardo Francisco\"},\"url\":\"https:\\\/\\\/redenoticiaz.com.br\\\/ribeiraopreto-regiao\\\/sp\\\/author\\\/leonardo-francisco\"}]}<\/script>\n<!-- \/ Yoast SEO plugin. -->","yoast_head_json":{"title":"BBB 23 tem sa\u00edda de Domitila, nova l\u00edder e mais um Pared\u00e3o formado - Ribeir\u00e3o Preto e Regi\u00e3o","description":"no Big Brother Brasil nessa ter\u00e7a-feira (18). Mais uma elimina\u00e7\u00e3o aconteceu no Pared\u00e3o, onde a escolhida acabou sendo Domitila Barros.","robots":{"index":"index","follow":"follow","max-snippet":"max-snippet:-1","max-image-preview":"max-image-preview:large","max-video-preview":"max-video-preview:-1"},"canonical":"https:\/\/redenoticiaz.com.br\/ribeiraopreto-regiao\/sp\/2023\/04\/19\/bbb-23-tem-saida-de-domitila-nova-lider-e-mais-um-paredao-formado","og_locale":"pt_BR","og_type":"article","og_title":"BBB 23 tem sa\u00edda de Domitila, nova l\u00edder e mais um Pared\u00e3o formado - Ribeir\u00e3o Preto e Regi\u00e3o","og_description":"no Big Brother Brasil nessa ter\u00e7a-feira (18). Mais uma elimina\u00e7\u00e3o aconteceu no Pared\u00e3o, onde a escolhida acabou sendo Domitila Barros.","og_url":"https:\/\/redenoticiaz.com.br\/ribeiraopreto-regiao\/sp\/2023\/04\/19\/bbb-23-tem-saida-de-domitila-nova-lider-e-mais-um-paredao-formado","og_site_name":"Ribeir\u00e3o Preto e Regi\u00e3o","article_publisher":"https:\/\/m.facebook.com\/redenoticiaz.barretos","article_published_time":"2023-04-19T10:24:35+00:00","og_image":[{"width":400,"height":250,"url":"https:\/\/redenoticiaz.com.br\/ribeiraopreto-regiao\/wp-content\/uploads\/sites\/4\/2022\/02\/logo.jpg","type":"image\/jpeg"}],"author":"Leonardo Francisco","twitter_card":"summary_large_image","twitter_creator":"@RN_barretos","twitter_site":"@RN_barretos","twitter_misc":{"Escrito por":"Leonardo Francisco","Est. tempo de leitura":"2 minutos"},"schema":{"@context":"https:\/\/schema.org","@graph":[{"@type":"Article","@id":"https:\/\/redenoticiaz.com.br\/ribeiraopreto-regiao\/sp\/2023\/04\/19\/bbb-23-tem-saida-de-domitila-nova-lider-e-mais-um-paredao-formado#article","isPartOf":{"@id":"https:\/\/redenoticiaz.com.br\/ribeiraopreto-regiao\/sp\/2023\/04\/19\/bbb-23-tem-saida-de-domitila-nova-lider-e-mais-um-paredao-formado"},"author":{"name":"Leonardo Francisco","@id":"https:\/\/redenoticiaz.com.br\/ribeiraopreto-regiao\/#\/schema\/person\/0f0b8a5bdafefe82841e07ae8d81ecb3"},"headline":"BBB 23 tem sa\u00edda de Domitila, nova l\u00edder e mais um Pared\u00e3o formado","datePublished":"2023-04-19T10:24:35+00:00","mainEntityOfPage":{"@id":"https:\/\/redenoticiaz.com.br\/ribeiraopreto-regiao\/sp\/2023\/04\/19\/bbb-23-tem-saida-de-domitila-nova-lider-e-mais-um-paredao-formado"},"wordCount":348,"commentCount":0,"publisher":{"@id":"https:\/\/redenoticiaz.com.br\/ribeiraopreto-regiao\/#organization"},"image":{"@id":"https:\/\/redenoticiaz.com.br\/ribeiraopreto-regiao\/sp\/2023\/04\/19\/bbb-23-tem-saida-de-domitila-nova-lider-e-mais-um-paredao-formado#primaryimage"},"thumbnailUrl":"https:\/\/redenoticiaz.com.br\/ribeiraopreto-regiao\/wp-content\/uploads\/sites\/4\/2023\/04\/DOMIERIC.jpg?v=1681899782","keywords":["BBB 23","BIG BROTHER BRASIL","bruna griphao","DOMITILA ELIMINADA","LARISSA","PARED\u00c3O","prova do lider","RICARDO"],"articleSection":["Entretenimento"],"inLanguage":"pt-BR","potentialAction":[{"@type":"CommentAction","name":"Comment","target":["https:\/\/redenoticiaz.com.br\/ribeiraopreto-regiao\/sp\/2023\/04\/19\/bbb-23-tem-saida-de-domitila-nova-lider-e-mais-um-paredao-formado#respond"]}]},{"@type":"WebPage","@id":"https:\/\/redenoticiaz.com.br\/ribeiraopreto-regiao\/sp\/2023\/04\/19\/bbb-23-tem-saida-de-domitila-nova-lider-e-mais-um-paredao-formado","url":"https:\/\/redenoticiaz.com.br\/ribeiraopreto-regiao\/sp\/2023\/04\/19\/bbb-23-tem-saida-de-domitila-nova-lider-e-mais-um-paredao-formado","name":"BBB 23 tem sa\u00edda de Domitila, nova l\u00edder e mais um Pared\u00e3o formado - Ribeir\u00e3o Preto e Regi\u00e3o","isPartOf":{"@id":"https:\/\/redenoticiaz.com.br\/ribeiraopreto-regiao\/#website"},"primaryImageOfPage":{"@id":"https:\/\/redenoticiaz.com.br\/ribeiraopreto-regiao\/sp\/2023\/04\/19\/bbb-23-tem-saida-de-domitila-nova-lider-e-mais-um-paredao-formado#primaryimage"},"image":{"@id":"https:\/\/redenoticiaz.com.br\/ribeiraopreto-regiao\/sp\/2023\/04\/19\/bbb-23-tem-saida-de-domitila-nova-lider-e-mais-um-paredao-formado#primaryimage"},"thumbnailUrl":"https:\/\/redenoticiaz.com.br\/ribeiraopreto-regiao\/wp-content\/uploads\/sites\/4\/2023\/04\/DOMIERIC.jpg?v=1681899782","datePublished":"2023-04-19T10:24:35+00:00","description":"no Big Brother Brasil nessa ter\u00e7a-feira (18). Mais uma elimina\u00e7\u00e3o aconteceu no Pared\u00e3o, onde a escolhida acabou sendo Domitila Barros.","inLanguage":"pt-BR","potentialAction":[{"@type":"ReadAction","target":["https:\/\/redenoticiaz.com.br\/ribeiraopreto-regiao\/sp\/2023\/04\/19\/bbb-23-tem-saida-de-domitila-nova-lider-e-mais-um-paredao-formado"]}]},{"@type":"ImageObject","inLanguage":"pt-BR","@id":"https:\/\/redenoticiaz.com.br\/ribeiraopreto-regiao\/sp\/2023\/04\/19\/bbb-23-tem-saida-de-domitila-nova-lider-e-mais-um-paredao-formado#primaryimage","url":"https:\/\/redenoticiaz.com.br\/ribeiraopreto-regiao\/wp-content\/uploads\/sites\/4\/2023\/04\/DOMIERIC.jpg?v=1681899782","contentUrl":"https:\/\/redenoticiaz.com.br\/ribeiraopreto-regiao\/wp-content\/uploads\/sites\/4\/2023\/04\/DOMIERIC.jpg?v=1681899782","width":546,"height":309,"caption":"Domi eliminada e Ricardo no Pared\u00e3o. Cr\u00e9ditos: Reprodu\u00e7\u00e3o\/TV Globo"},{"@type":"WebSite","@id":"https:\/\/redenoticiaz.com.br\/ribeiraopreto-regiao\/#website","url":"https:\/\/redenoticiaz.com.br\/ribeiraopreto-regiao\/","name":"Ribeir\u00e3o Preto e Regi\u00e3o","description":"Rede NoticiaZ - Ribeir\u00e3o Preto e regi\u00e3o","publisher":{"@id":"https:\/\/redenoticiaz.com.br\/ribeiraopreto-regiao\/#organization"},"potentialAction":[{"@type":"SearchAction","target":{"@type":"EntryPoint","urlTemplate":"https:\/\/redenoticiaz.com.br\/ribeiraopreto-regiao\/?s={search_term_string}"},"query-input":{"@type":"PropertyValueSpecification","valueRequired":true,"valueName":"search_term_string"}}],"inLanguage":"pt-BR"},{"@type":"Organization","@id":"https:\/\/redenoticiaz.com.br\/ribeiraopreto-regiao\/#organization","name":"Ribeir\u00e3o Preto e Regi\u00e3o","url":"https:\/\/redenoticiaz.com.br\/ribeiraopreto-regiao\/","logo":{"@type":"ImageObject","inLanguage":"pt-BR","@id":"https:\/\/redenoticiaz.com.br\/ribeiraopreto-regiao\/#\/schema\/logo\/image\/","url":"https:\/\/redenoticiaz.com.br\/barretos-regiao\/wp-content\/uploads\/sites\/4\/2022\/02\/logo.jpg","contentUrl":"https:\/\/redenoticiaz.com.br\/barretos-regiao\/wp-content\/uploads\/sites\/4\/2022\/02\/logo.jpg","width":400,"height":250,"caption":"Ribeir\u00e3o Preto e Regi\u00e3o"},"image":{"@id":"https:\/\/redenoticiaz.com.br\/ribeiraopreto-regiao\/#\/schema\/logo\/image\/"},"sameAs":["https:\/\/m.facebook.com\/redenoticiaz.barretos","https:\/\/x.com\/RN_barretos","https:\/\/www.instagram.com\/redenoticiaz.barretos\/?igshid=YmMyMTA2M2Y","https:\/\/www.linkedin.com\/company\/rede-noticiaz-barretos-e-regio\/"]},{"@type":"Person","@id":"https:\/\/redenoticiaz.com.br\/ribeiraopreto-regiao\/#\/schema\/person\/0f0b8a5bdafefe82841e07ae8d81ecb3","name":"Leonardo Francisco","image":{"@type":"ImageObject","inLanguage":"pt-BR","@id":"https:\/\/secure.gravatar.com\/avatar\/a7358cb406a99b682ec6df1e77e31ae82e63601f6784e8a3df411d72b37864da?s=96&d=mm&r=g","url":"https:\/\/secure.gravatar.com\/avatar\/a7358cb406a99b682ec6df1e77e31ae82e63601f6784e8a3df411d72b37864da?s=96&d=mm&r=g","contentUrl":"https:\/\/secure.gravatar.com\/avatar\/a7358cb406a99b682ec6df1e77e31ae82e63601f6784e8a3df411d72b37864da?s=96&d=mm&r=g","caption":"Leonardo Francisco"},"url":"https:\/\/redenoticiaz.com.br\/ribeiraopreto-regiao\/sp\/author\/leonardo-francisco"}]}},"_links":{"self":[{"href":"https:\/\/redenoticiaz.com.br\/ribeiraopreto-regiao\/wp-json\/wp\/v2\/posts\/103958","targetHints":{"allow":["GET"]}}],"collection":[{"href":"https:\/\/redenoticiaz.com.br\/ribeiraopreto-regiao\/wp-json\/wp\/v2\/posts"}],"about":[{"href":"https:\/\/redenoticiaz.com.br\/ribeiraopreto-regiao\/wp-json\/wp\/v2\/types\/post"}],"author":[{"embeddable":true,"href":"https:\/\/redenoticiaz.com.br\/ribeiraopreto-regiao\/wp-json\/wp\/v2\/users\/6"}],"replies":[{"embeddable":true,"href":"https:\/\/redenoticiaz.com.br\/ribeiraopreto-regiao\/wp-json\/wp\/v2\/comments?post=103958"}],"version-history":[{"count":0,"href":"https:\/\/redenoticiaz.com.br\/ribeiraopreto-regiao\/wp-json\/wp\/v2\/posts\/103958\/revisions"}],"wp:featuredmedia":[{"embeddable":true,"href":"https:\/\/redenoticiaz.com.br\/ribeiraopreto-regiao\/wp-json\/wp\/v2\/media\/103959"}],"wp:attachment":[{"href":"https:\/\/redenoticiaz.com.br\/ribeiraopreto-regiao\/wp-json\/wp\/v2\/media?parent=103958"}],"wp:term":[{"taxonomy":"category","embeddable":true,"href":"https:\/\/redenoticiaz.com.br\/ribeiraopreto-regiao\/wp-json\/wp\/v2\/categories?post=103958"},{"taxonomy":"post_tag","embeddable":true,"href":"https:\/\/redenoticiaz.com.br\/ribeiraopreto-regiao\/wp-json\/wp\/v2\/tags?post=103958"}],"curies":[{"name":"wp","href":"https:\/\/api.w.org\/{rel}","templated":true}]}}