{"id":104085,"date":"2023-04-23T13:00:18","date_gmt":"2023-04-23T16:00:18","guid":{"rendered":"https:\/\/redenoticiaz.com.br\/barretos-regiao\/?p=104085"},"modified":"2023-04-20T22:20:16","modified_gmt":"2023-04-21T01:20:16","slug":"nordeste-concentra-quase-metade-dos-onibus-fiscalizados-no-2o-turno","status":"publish","type":"post","link":"https:\/\/redenoticiaz.com.br\/ribeiraopreto-regiao\/sp\/2023\/04\/23\/nordeste-concentra-quase-metade-dos-onibus-fiscalizados-no-2o-turno","title":{"rendered":"Nordeste concentra quase metade dos \u00f4nibus fiscalizados no 2\u00ba turno"},"content":{"rendered":"<p>Controladoria-Geral da Uni\u00e3o (CGU) retirou o sigilo, e os dados divulgados sobre a atua\u00e7\u00e3o da Pol\u00edcia Rodovi\u00e1ria Federal (PRF) no dia 30 de outubro do ano passado, data do segundo turno das elei\u00e7\u00f5es, mostram concentra\u00e7\u00e3o &#8220;at\u00edpica&#8221; de opera\u00e7\u00f5es na Regi\u00e3o Nordeste. De acordo com uma tabela apresentada pelo ministro da Justi\u00e7a e Seguran\u00e7a P\u00fablica, Fl\u00e1vio Dino, 324 \u00f4nibus foram paralisados em estradas no Nordeste, o que representa cerca de 46% do total de ve\u00edculos abordados em todo o pa\u00eds, 696. As demais regi\u00f5es, juntas, tiveram 372 ve\u00edculos parados.<\/p>\n<p>&#8220;Temos agora a comprova\u00e7\u00e3o emp\u00edrica, que nasce da pr\u00f3pria Pol\u00edcia Rodovi\u00e1ria Federal, no sentido de que houve um desvio de padr\u00e3o, em rela\u00e7\u00e3o \u00e0 atua\u00e7\u00e3o rotineira, ordin\u00e1ria da PRF&#8221;, afirmou Dino durante coletiva de imprensa para apresentar os dados, na tarde desta quinta-feira (20), em Bras\u00edlia. A revela\u00e7\u00e3o dos dados foi uma decis\u00e3o da CGU a partir da an\u00e1lise de um recurso feito ao \u00f3rg\u00e3o com base na Lei de Acesso \u00e0 Informa\u00e7\u00e3o (LAI).<\/p>\n<p>Segundo o ministro, a opera\u00e7\u00e3o da PRF no segundo turno das elei\u00e7\u00f5es superou at\u00e9 mesmo as fiscaliza\u00e7\u00f5es que ocorrem anualmente durante o per\u00edodo de festas juninas no Nordeste, o S\u00e3o Jo\u00e3o nordestino, que at\u00e9 ent\u00e3o era a maior opera\u00e7\u00e3o executada pela PRF na regi\u00e3o, em eventos que duram cerca de um m\u00eas.<\/p>\n<p>Os dados mostram tamb\u00e9m que 48 \u00f4nibus foram retidos em estados do Nordeste entre os dias 28 e 30 de outubro de 2022, praticamente o dobro dos 26 \u00f4nibus que ficaram retidos em todas as outras regi\u00f5es do pa\u00eds somadas, ao longo do mesmo per\u00edodo.<\/p>\n<p>Os pontos fixos de fiscaliza\u00e7\u00e3o foram bem superiores no Nordeste (290), enquanto uma regi\u00e3o bem mais populosa, como Sudeste, registrou 191 pontos, seguida das regi\u00f5es Sul (181), Centro-Oeste (153) e Norte (96).<\/p>\n<p>O efetivo de agentes que atuaram no segundo\u00a0turno das elei\u00e7\u00f5es de 2022 tamb\u00e9m foi maior no Nordeste (795), seguido pelas regi\u00f5es Sudeste (528), Sul (418), Centro-Oeste (381) e Norte (230). Al\u00e9m disso, foi empregado um valor total de quase R$ 1 milh\u00e3o para o pagamento de horas extras para que agentes em folga fossem convocados para atuar no dia da elei\u00e7\u00e3o. O valor \u00e9 bem superior aos cerca de R$ 685 mil usados para &#8220;comprar&#8221; a folga de agentes no Sudeste, por exemplo.<\/p>\n<p>Leia mais<\/p>\n<p><a href=\"https:\/\/redenoticiaz.com.br\/blog\/2022\/10\/30\/o-brasil-escolhe-lula-para-ser-presidente-em-eleicao-historica\">Pol\u00edcia Federal encontra documento que poderia alterar resultado da elei\u00e7\u00e3o na casa de Anderson Torres<\/a><\/p>\n","protected":false},"excerpt":{"rendered":"<p>Controladoria-Geral da Uni\u00e3o (CGU) retirou o sigilo, e os dados divulgados sobre a atua\u00e7\u00e3o da Pol\u00edcia Rodovi\u00e1ria Federal (PRF) no dia 30 de outubro do ano passado, data do segundo turno das elei\u00e7\u00f5es, mostram concentra\u00e7\u00e3o &#8220;at\u00edpica&#8221; de opera\u00e7\u00f5es na Regi\u00e3o Nordeste. De acordo com uma tabela apresentada pelo ministro da Justi\u00e7a e Seguran\u00e7a P\u00fablica, Fl\u00e1vio &hellip;<\/p>\n","protected":false},"author":12,"featured_media":94014,"comment_status":"open","ping_status":"closed","sticky":false,"template":"","format":"standard","meta":{"footnotes":""},"categories":[9271],"tags":[26463,26464,5292,20270,10778],"class_list":["post-104085","post","type-post","status-publish","format-standard","has-post-thumbnail","hentry","category-eleicoes","tag-2o-turno","tag-cgu","tag-fraudes","tag-nordeste","tag-onibus"],"yoast_head":"<!-- This site is optimized with the Yoast SEO plugin v27.4 - https:\/\/yoast.com\/product\/yoast-seo-wordpress\/ -->\n<title>Nordeste concentra quase metade dos \u00f4nibus fiscalizados no 2\u00ba turno - Ribeir\u00e3o Preto e Regi\u00e3o<\/title>\n<meta name=\"description\" content=\"(CGU) retirou o sigilo, e os dados divulgados sobre a atua\u00e7\u00e3o da Pol\u00edcia Rodovi\u00e1ria Federal (PRF) no dia 30 de outubro do ano passado, data do segundo turno das elei\u00e7\u00f5es,\" \/>\n<meta name=\"robots\" content=\"index, follow, max-snippet:-1, max-image-preview:large, max-video-preview:-1\" \/>\n<link rel=\"canonical\" href=\"https:\/\/redenoticiaz.com.br\/ribeiraopreto-regiao\/sp\/2023\/04\/23\/nordeste-concentra-quase-metade-dos-onibus-fiscalizados-no-2o-turno\" \/>\n<meta property=\"og:locale\" content=\"pt_BR\" \/>\n<meta property=\"og:type\" content=\"article\" \/>\n<meta property=\"og:title\" content=\"Nordeste concentra quase metade dos \u00f4nibus fiscalizados no 2\u00ba turno - Ribeir\u00e3o Preto e Regi\u00e3o\" \/>\n<meta property=\"og:description\" content=\"(CGU) retirou o sigilo, e os dados divulgados sobre a atua\u00e7\u00e3o da Pol\u00edcia Rodovi\u00e1ria Federal (PRF) no dia 30 de outubro do ano passado, data do segundo turno das elei\u00e7\u00f5es,\" \/>\n<meta property=\"og:url\" content=\"https:\/\/redenoticiaz.com.br\/ribeiraopreto-regiao\/sp\/2023\/04\/23\/nordeste-concentra-quase-metade-dos-onibus-fiscalizados-no-2o-turno\" \/>\n<meta property=\"og:site_name\" content=\"Ribeir\u00e3o Preto e Regi\u00e3o\" \/>\n<meta property=\"article:publisher\" content=\"https:\/\/m.facebook.com\/redenoticiaz.barretos\" \/>\n<meta property=\"article:published_time\" content=\"2023-04-23T16:00:18+00:00\" \/>\n<meta property=\"og:image\" content=\"https:\/\/redenoticiaz.com.br\/ribeiraopreto-regiao\/wp-content\/uploads\/sites\/4\/2022\/10\/urna-eleicoes.jpg?v=1666828800\" \/>\n\t<meta property=\"og:image:width\" content=\"1170\" \/>\n\t<meta property=\"og:image:height\" content=\"700\" \/>\n\t<meta property=\"og:image:type\" content=\"image\/jpeg\" \/>\n<meta name=\"author\" content=\"Gustavo Silva\" \/>\n<meta name=\"twitter:card\" content=\"summary_large_image\" \/>\n<meta name=\"twitter:creator\" content=\"@RN_barretos\" \/>\n<meta name=\"twitter:site\" content=\"@RN_barretos\" \/>\n<meta name=\"twitter:label1\" content=\"Escrito por\" \/>\n\t<meta name=\"twitter:data1\" content=\"Gustavo Silva\" \/>\n\t<meta name=\"twitter:label2\" content=\"Est. tempo de leitura\" \/>\n\t<meta name=\"twitter:data2\" content=\"3 minutos\" \/>\n<script type=\"application\/ld+json\" class=\"yoast-schema-graph\">{\"@context\":\"https:\\\/\\\/schema.org\",\"@graph\":[{\"@type\":\"Article\",\"@id\":\"https:\\\/\\\/redenoticiaz.com.br\\\/ribeiraopreto-regiao\\\/sp\\\/2023\\\/04\\\/23\\\/nordeste-concentra-quase-metade-dos-onibus-fiscalizados-no-2o-turno#article\",\"isPartOf\":{\"@id\":\"https:\\\/\\\/redenoticiaz.com.br\\\/ribeiraopreto-regiao\\\/sp\\\/2023\\\/04\\\/23\\\/nordeste-concentra-quase-metade-dos-onibus-fiscalizados-no-2o-turno\"},\"author\":{\"name\":\"Gustavo Silva\",\"@id\":\"https:\\\/\\\/redenoticiaz.com.br\\\/ribeiraopreto-regiao\\\/#\\\/schema\\\/person\\\/16057b37a3c0ee6b096d7f887c566e2e\"},\"headline\":\"Nordeste concentra quase metade dos \u00f4nibus fiscalizados no 2\u00ba turno\",\"datePublished\":\"2023-04-23T16:00:18+00:00\",\"mainEntityOfPage\":{\"@id\":\"https:\\\/\\\/redenoticiaz.com.br\\\/ribeiraopreto-regiao\\\/sp\\\/2023\\\/04\\\/23\\\/nordeste-concentra-quase-metade-dos-onibus-fiscalizados-no-2o-turno\"},\"wordCount\":431,\"commentCount\":0,\"publisher\":{\"@id\":\"https:\\\/\\\/redenoticiaz.com.br\\\/ribeiraopreto-regiao\\\/#organization\"},\"image\":{\"@id\":\"https:\\\/\\\/redenoticiaz.com.br\\\/ribeiraopreto-regiao\\\/sp\\\/2023\\\/04\\\/23\\\/nordeste-concentra-quase-metade-dos-onibus-fiscalizados-no-2o-turno#primaryimage\"},\"thumbnailUrl\":\"https:\\\/\\\/redenoticiaz.com.br\\\/ribeiraopreto-regiao\\\/wp-content\\\/uploads\\\/sites\\\/4\\\/2022\\\/10\\\/urna-eleicoes.jpg?v=1666828800\",\"keywords\":[\"2\u00ba turno\",\"CGU\",\"FRAUDES\",\"NORDESTE\",\"\u00d4NIBUS\"],\"articleSection\":[\"Elei\u00e7\u00f5es\"],\"inLanguage\":\"pt-BR\",\"potentialAction\":[{\"@type\":\"CommentAction\",\"name\":\"Comment\",\"target\":[\"https:\\\/\\\/redenoticiaz.com.br\\\/ribeiraopreto-regiao\\\/sp\\\/2023\\\/04\\\/23\\\/nordeste-concentra-quase-metade-dos-onibus-fiscalizados-no-2o-turno#respond\"]}]},{\"@type\":\"WebPage\",\"@id\":\"https:\\\/\\\/redenoticiaz.com.br\\\/ribeiraopreto-regiao\\\/sp\\\/2023\\\/04\\\/23\\\/nordeste-concentra-quase-metade-dos-onibus-fiscalizados-no-2o-turno\",\"url\":\"https:\\\/\\\/redenoticiaz.com.br\\\/ribeiraopreto-regiao\\\/sp\\\/2023\\\/04\\\/23\\\/nordeste-concentra-quase-metade-dos-onibus-fiscalizados-no-2o-turno\",\"name\":\"Nordeste concentra quase metade dos \u00f4nibus fiscalizados no 2\u00ba turno - Ribeir\u00e3o Preto e Regi\u00e3o\",\"isPartOf\":{\"@id\":\"https:\\\/\\\/redenoticiaz.com.br\\\/ribeiraopreto-regiao\\\/#website\"},\"primaryImageOfPage\":{\"@id\":\"https:\\\/\\\/redenoticiaz.com.br\\\/ribeiraopreto-regiao\\\/sp\\\/2023\\\/04\\\/23\\\/nordeste-concentra-quase-metade-dos-onibus-fiscalizados-no-2o-turno#primaryimage\"},\"image\":{\"@id\":\"https:\\\/\\\/redenoticiaz.com.br\\\/ribeiraopreto-regiao\\\/sp\\\/2023\\\/04\\\/23\\\/nordeste-concentra-quase-metade-dos-onibus-fiscalizados-no-2o-turno#primaryimage\"},\"thumbnailUrl\":\"https:\\\/\\\/redenoticiaz.com.br\\\/ribeiraopreto-regiao\\\/wp-content\\\/uploads\\\/sites\\\/4\\\/2022\\\/10\\\/urna-eleicoes.jpg?v=1666828800\",\"datePublished\":\"2023-04-23T16:00:18+00:00\",\"description\":\"(CGU) retirou o sigilo, e os dados divulgados sobre a atua\u00e7\u00e3o da Pol\u00edcia Rodovi\u00e1ria Federal (PRF) no dia 30 de outubro do ano passado, data do segundo turno das elei\u00e7\u00f5es,\",\"inLanguage\":\"pt-BR\",\"potentialAction\":[{\"@type\":\"ReadAction\",\"target\":[\"https:\\\/\\\/redenoticiaz.com.br\\\/ribeiraopreto-regiao\\\/sp\\\/2023\\\/04\\\/23\\\/nordeste-concentra-quase-metade-dos-onibus-fiscalizados-no-2o-turno\"]}]},{\"@type\":\"ImageObject\",\"inLanguage\":\"pt-BR\",\"@id\":\"https:\\\/\\\/redenoticiaz.com.br\\\/ribeiraopreto-regiao\\\/sp\\\/2023\\\/04\\\/23\\\/nordeste-concentra-quase-metade-dos-onibus-fiscalizados-no-2o-turno#primaryimage\",\"url\":\"https:\\\/\\\/redenoticiaz.com.br\\\/ribeiraopreto-regiao\\\/wp-content\\\/uploads\\\/sites\\\/4\\\/2022\\\/10\\\/urna-eleicoes.jpg?v=1666828800\",\"contentUrl\":\"https:\\\/\\\/redenoticiaz.com.br\\\/ribeiraopreto-regiao\\\/wp-content\\\/uploads\\\/sites\\\/4\\\/2022\\\/10\\\/urna-eleicoes.jpg?v=1666828800\",\"width\":1170,\"height\":700,\"caption\":\"Cr\u00e9ditos: Divulga\u00e7\u00e3o\\\/Ag\u00eancia Brasil\"},{\"@type\":\"WebSite\",\"@id\":\"https:\\\/\\\/redenoticiaz.com.br\\\/ribeiraopreto-regiao\\\/#website\",\"url\":\"https:\\\/\\\/redenoticiaz.com.br\\\/ribeiraopreto-regiao\\\/\",\"name\":\"Ribeir\u00e3o Preto e Regi\u00e3o\",\"description\":\"Rede NoticiaZ - Ribeir\u00e3o Preto e regi\u00e3o\",\"publisher\":{\"@id\":\"https:\\\/\\\/redenoticiaz.com.br\\\/ribeiraopreto-regiao\\\/#organization\"},\"potentialAction\":[{\"@type\":\"SearchAction\",\"target\":{\"@type\":\"EntryPoint\",\"urlTemplate\":\"https:\\\/\\\/redenoticiaz.com.br\\\/ribeiraopreto-regiao\\\/?s={search_term_string}\"},\"query-input\":{\"@type\":\"PropertyValueSpecification\",\"valueRequired\":true,\"valueName\":\"search_term_string\"}}],\"inLanguage\":\"pt-BR\"},{\"@type\":\"Organization\",\"@id\":\"https:\\\/\\\/redenoticiaz.com.br\\\/ribeiraopreto-regiao\\\/#organization\",\"name\":\"Ribeir\u00e3o Preto e Regi\u00e3o\",\"url\":\"https:\\\/\\\/redenoticiaz.com.br\\\/ribeiraopreto-regiao\\\/\",\"logo\":{\"@type\":\"ImageObject\",\"inLanguage\":\"pt-BR\",\"@id\":\"https:\\\/\\\/redenoticiaz.com.br\\\/ribeiraopreto-regiao\\\/#\\\/schema\\\/logo\\\/image\\\/\",\"url\":\"https:\\\/\\\/redenoticiaz.com.br\\\/barretos-regiao\\\/wp-content\\\/uploads\\\/sites\\\/4\\\/2022\\\/02\\\/logo.jpg\",\"contentUrl\":\"https:\\\/\\\/redenoticiaz.com.br\\\/barretos-regiao\\\/wp-content\\\/uploads\\\/sites\\\/4\\\/2022\\\/02\\\/logo.jpg\",\"width\":400,\"height\":250,\"caption\":\"Ribeir\u00e3o Preto e Regi\u00e3o\"},\"image\":{\"@id\":\"https:\\\/\\\/redenoticiaz.com.br\\\/ribeiraopreto-regiao\\\/#\\\/schema\\\/logo\\\/image\\\/\"},\"sameAs\":[\"https:\\\/\\\/m.facebook.com\\\/redenoticiaz.barretos\",\"https:\\\/\\\/x.com\\\/RN_barretos\",\"https:\\\/\\\/www.instagram.com\\\/redenoticiaz.barretos\\\/?igshid=YmMyMTA2M2Y\",\"https:\\\/\\\/www.linkedin.com\\\/company\\\/rede-noticiaz-barretos-e-regio\\\/\"]},{\"@type\":\"Person\",\"@id\":\"https:\\\/\\\/redenoticiaz.com.br\\\/ribeiraopreto-regiao\\\/#\\\/schema\\\/person\\\/16057b37a3c0ee6b096d7f887c566e2e\",\"name\":\"Gustavo Silva\",\"image\":{\"@type\":\"ImageObject\",\"inLanguage\":\"pt-BR\",\"@id\":\"https:\\\/\\\/secure.gravatar.com\\\/avatar\\\/3ee4e82f93b26de0a7cf4ea5eb7893da637ed6bb0c9170c58065944c56e28a33?s=96&d=mm&r=g\",\"url\":\"https:\\\/\\\/secure.gravatar.com\\\/avatar\\\/3ee4e82f93b26de0a7cf4ea5eb7893da637ed6bb0c9170c58065944c56e28a33?s=96&d=mm&r=g\",\"contentUrl\":\"https:\\\/\\\/secure.gravatar.com\\\/avatar\\\/3ee4e82f93b26de0a7cf4ea5eb7893da637ed6bb0c9170c58065944c56e28a33?s=96&d=mm&r=g\",\"caption\":\"Gustavo Silva\"},\"url\":\"https:\\\/\\\/redenoticiaz.com.br\\\/ribeiraopreto-regiao\\\/sp\\\/author\\\/gustavosilva\"}]}<\/script>\n<!-- \/ Yoast SEO plugin. -->","yoast_head_json":{"title":"Nordeste concentra quase metade dos \u00f4nibus fiscalizados no 2\u00ba turno - Ribeir\u00e3o Preto e Regi\u00e3o","description":"(CGU) retirou o sigilo, e os dados divulgados sobre a atua\u00e7\u00e3o da Pol\u00edcia Rodovi\u00e1ria Federal (PRF) no dia 30 de outubro do ano passado, data do segundo turno das elei\u00e7\u00f5es,","robots":{"index":"index","follow":"follow","max-snippet":"max-snippet:-1","max-image-preview":"max-image-preview:large","max-video-preview":"max-video-preview:-1"},"canonical":"https:\/\/redenoticiaz.com.br\/ribeiraopreto-regiao\/sp\/2023\/04\/23\/nordeste-concentra-quase-metade-dos-onibus-fiscalizados-no-2o-turno","og_locale":"pt_BR","og_type":"article","og_title":"Nordeste concentra quase metade dos \u00f4nibus fiscalizados no 2\u00ba turno - Ribeir\u00e3o Preto e Regi\u00e3o","og_description":"(CGU) retirou o sigilo, e os dados divulgados sobre a atua\u00e7\u00e3o da Pol\u00edcia Rodovi\u00e1ria Federal (PRF) no dia 30 de outubro do ano passado, data do segundo turno das elei\u00e7\u00f5es,","og_url":"https:\/\/redenoticiaz.com.br\/ribeiraopreto-regiao\/sp\/2023\/04\/23\/nordeste-concentra-quase-metade-dos-onibus-fiscalizados-no-2o-turno","og_site_name":"Ribeir\u00e3o Preto e Regi\u00e3o","article_publisher":"https:\/\/m.facebook.com\/redenoticiaz.barretos","article_published_time":"2023-04-23T16:00:18+00:00","og_image":[{"width":1170,"height":700,"url":"https:\/\/redenoticiaz.com.br\/ribeiraopreto-regiao\/wp-content\/uploads\/sites\/4\/2022\/10\/urna-eleicoes.jpg?v=1666828800","type":"image\/jpeg"}],"author":"Gustavo Silva","twitter_card":"summary_large_image","twitter_creator":"@RN_barretos","twitter_site":"@RN_barretos","twitter_misc":{"Escrito por":"Gustavo Silva","Est. tempo de leitura":"3 minutos"},"schema":{"@context":"https:\/\/schema.org","@graph":[{"@type":"Article","@id":"https:\/\/redenoticiaz.com.br\/ribeiraopreto-regiao\/sp\/2023\/04\/23\/nordeste-concentra-quase-metade-dos-onibus-fiscalizados-no-2o-turno#article","isPartOf":{"@id":"https:\/\/redenoticiaz.com.br\/ribeiraopreto-regiao\/sp\/2023\/04\/23\/nordeste-concentra-quase-metade-dos-onibus-fiscalizados-no-2o-turno"},"author":{"name":"Gustavo Silva","@id":"https:\/\/redenoticiaz.com.br\/ribeiraopreto-regiao\/#\/schema\/person\/16057b37a3c0ee6b096d7f887c566e2e"},"headline":"Nordeste concentra quase metade dos \u00f4nibus fiscalizados no 2\u00ba turno","datePublished":"2023-04-23T16:00:18+00:00","mainEntityOfPage":{"@id":"https:\/\/redenoticiaz.com.br\/ribeiraopreto-regiao\/sp\/2023\/04\/23\/nordeste-concentra-quase-metade-dos-onibus-fiscalizados-no-2o-turno"},"wordCount":431,"commentCount":0,"publisher":{"@id":"https:\/\/redenoticiaz.com.br\/ribeiraopreto-regiao\/#organization"},"image":{"@id":"https:\/\/redenoticiaz.com.br\/ribeiraopreto-regiao\/sp\/2023\/04\/23\/nordeste-concentra-quase-metade-dos-onibus-fiscalizados-no-2o-turno#primaryimage"},"thumbnailUrl":"https:\/\/redenoticiaz.com.br\/ribeiraopreto-regiao\/wp-content\/uploads\/sites\/4\/2022\/10\/urna-eleicoes.jpg?v=1666828800","keywords":["2\u00ba turno","CGU","FRAUDES","NORDESTE","\u00d4NIBUS"],"articleSection":["Elei\u00e7\u00f5es"],"inLanguage":"pt-BR","potentialAction":[{"@type":"CommentAction","name":"Comment","target":["https:\/\/redenoticiaz.com.br\/ribeiraopreto-regiao\/sp\/2023\/04\/23\/nordeste-concentra-quase-metade-dos-onibus-fiscalizados-no-2o-turno#respond"]}]},{"@type":"WebPage","@id":"https:\/\/redenoticiaz.com.br\/ribeiraopreto-regiao\/sp\/2023\/04\/23\/nordeste-concentra-quase-metade-dos-onibus-fiscalizados-no-2o-turno","url":"https:\/\/redenoticiaz.com.br\/ribeiraopreto-regiao\/sp\/2023\/04\/23\/nordeste-concentra-quase-metade-dos-onibus-fiscalizados-no-2o-turno","name":"Nordeste concentra quase metade dos \u00f4nibus fiscalizados no 2\u00ba turno - Ribeir\u00e3o Preto e Regi\u00e3o","isPartOf":{"@id":"https:\/\/redenoticiaz.com.br\/ribeiraopreto-regiao\/#website"},"primaryImageOfPage":{"@id":"https:\/\/redenoticiaz.com.br\/ribeiraopreto-regiao\/sp\/2023\/04\/23\/nordeste-concentra-quase-metade-dos-onibus-fiscalizados-no-2o-turno#primaryimage"},"image":{"@id":"https:\/\/redenoticiaz.com.br\/ribeiraopreto-regiao\/sp\/2023\/04\/23\/nordeste-concentra-quase-metade-dos-onibus-fiscalizados-no-2o-turno#primaryimage"},"thumbnailUrl":"https:\/\/redenoticiaz.com.br\/ribeiraopreto-regiao\/wp-content\/uploads\/sites\/4\/2022\/10\/urna-eleicoes.jpg?v=1666828800","datePublished":"2023-04-23T16:00:18+00:00","description":"(CGU) retirou o sigilo, e os dados divulgados sobre a atua\u00e7\u00e3o da Pol\u00edcia Rodovi\u00e1ria Federal (PRF) no dia 30 de outubro do ano passado, data do segundo turno das elei\u00e7\u00f5es,","inLanguage":"pt-BR","potentialAction":[{"@type":"ReadAction","target":["https:\/\/redenoticiaz.com.br\/ribeiraopreto-regiao\/sp\/2023\/04\/23\/nordeste-concentra-quase-metade-dos-onibus-fiscalizados-no-2o-turno"]}]},{"@type":"ImageObject","inLanguage":"pt-BR","@id":"https:\/\/redenoticiaz.com.br\/ribeiraopreto-regiao\/sp\/2023\/04\/23\/nordeste-concentra-quase-metade-dos-onibus-fiscalizados-no-2o-turno#primaryimage","url":"https:\/\/redenoticiaz.com.br\/ribeiraopreto-regiao\/wp-content\/uploads\/sites\/4\/2022\/10\/urna-eleicoes.jpg?v=1666828800","contentUrl":"https:\/\/redenoticiaz.com.br\/ribeiraopreto-regiao\/wp-content\/uploads\/sites\/4\/2022\/10\/urna-eleicoes.jpg?v=1666828800","width":1170,"height":700,"caption":"Cr\u00e9ditos: Divulga\u00e7\u00e3o\/Ag\u00eancia Brasil"},{"@type":"WebSite","@id":"https:\/\/redenoticiaz.com.br\/ribeiraopreto-regiao\/#website","url":"https:\/\/redenoticiaz.com.br\/ribeiraopreto-regiao\/","name":"Ribeir\u00e3o Preto e Regi\u00e3o","description":"Rede NoticiaZ - Ribeir\u00e3o Preto e regi\u00e3o","publisher":{"@id":"https:\/\/redenoticiaz.com.br\/ribeiraopreto-regiao\/#organization"},"potentialAction":[{"@type":"SearchAction","target":{"@type":"EntryPoint","urlTemplate":"https:\/\/redenoticiaz.com.br\/ribeiraopreto-regiao\/?s={search_term_string}"},"query-input":{"@type":"PropertyValueSpecification","valueRequired":true,"valueName":"search_term_string"}}],"inLanguage":"pt-BR"},{"@type":"Organization","@id":"https:\/\/redenoticiaz.com.br\/ribeiraopreto-regiao\/#organization","name":"Ribeir\u00e3o Preto e Regi\u00e3o","url":"https:\/\/redenoticiaz.com.br\/ribeiraopreto-regiao\/","logo":{"@type":"ImageObject","inLanguage":"pt-BR","@id":"https:\/\/redenoticiaz.com.br\/ribeiraopreto-regiao\/#\/schema\/logo\/image\/","url":"https:\/\/redenoticiaz.com.br\/barretos-regiao\/wp-content\/uploads\/sites\/4\/2022\/02\/logo.jpg","contentUrl":"https:\/\/redenoticiaz.com.br\/barretos-regiao\/wp-content\/uploads\/sites\/4\/2022\/02\/logo.jpg","width":400,"height":250,"caption":"Ribeir\u00e3o Preto e Regi\u00e3o"},"image":{"@id":"https:\/\/redenoticiaz.com.br\/ribeiraopreto-regiao\/#\/schema\/logo\/image\/"},"sameAs":["https:\/\/m.facebook.com\/redenoticiaz.barretos","https:\/\/x.com\/RN_barretos","https:\/\/www.instagram.com\/redenoticiaz.barretos\/?igshid=YmMyMTA2M2Y","https:\/\/www.linkedin.com\/company\/rede-noticiaz-barretos-e-regio\/"]},{"@type":"Person","@id":"https:\/\/redenoticiaz.com.br\/ribeiraopreto-regiao\/#\/schema\/person\/16057b37a3c0ee6b096d7f887c566e2e","name":"Gustavo Silva","image":{"@type":"ImageObject","inLanguage":"pt-BR","@id":"https:\/\/secure.gravatar.com\/avatar\/3ee4e82f93b26de0a7cf4ea5eb7893da637ed6bb0c9170c58065944c56e28a33?s=96&d=mm&r=g","url":"https:\/\/secure.gravatar.com\/avatar\/3ee4e82f93b26de0a7cf4ea5eb7893da637ed6bb0c9170c58065944c56e28a33?s=96&d=mm&r=g","contentUrl":"https:\/\/secure.gravatar.com\/avatar\/3ee4e82f93b26de0a7cf4ea5eb7893da637ed6bb0c9170c58065944c56e28a33?s=96&d=mm&r=g","caption":"Gustavo Silva"},"url":"https:\/\/redenoticiaz.com.br\/ribeiraopreto-regiao\/sp\/author\/gustavosilva"}]}},"_links":{"self":[{"href":"https:\/\/redenoticiaz.com.br\/ribeiraopreto-regiao\/wp-json\/wp\/v2\/posts\/104085","targetHints":{"allow":["GET"]}}],"collection":[{"href":"https:\/\/redenoticiaz.com.br\/ribeiraopreto-regiao\/wp-json\/wp\/v2\/posts"}],"about":[{"href":"https:\/\/redenoticiaz.com.br\/ribeiraopreto-regiao\/wp-json\/wp\/v2\/types\/post"}],"author":[{"embeddable":true,"href":"https:\/\/redenoticiaz.com.br\/ribeiraopreto-regiao\/wp-json\/wp\/v2\/users\/12"}],"replies":[{"embeddable":true,"href":"https:\/\/redenoticiaz.com.br\/ribeiraopreto-regiao\/wp-json\/wp\/v2\/comments?post=104085"}],"version-history":[{"count":0,"href":"https:\/\/redenoticiaz.com.br\/ribeiraopreto-regiao\/wp-json\/wp\/v2\/posts\/104085\/revisions"}],"wp:featuredmedia":[{"embeddable":true,"href":"https:\/\/redenoticiaz.com.br\/ribeiraopreto-regiao\/wp-json\/wp\/v2\/media\/94014"}],"wp:attachment":[{"href":"https:\/\/redenoticiaz.com.br\/ribeiraopreto-regiao\/wp-json\/wp\/v2\/media?parent=104085"}],"wp:term":[{"taxonomy":"category","embeddable":true,"href":"https:\/\/redenoticiaz.com.br\/ribeiraopreto-regiao\/wp-json\/wp\/v2\/categories?post=104085"},{"taxonomy":"post_tag","embeddable":true,"href":"https:\/\/redenoticiaz.com.br\/ribeiraopreto-regiao\/wp-json\/wp\/v2\/tags?post=104085"}],"curies":[{"name":"wp","href":"https:\/\/api.w.org\/{rel}","templated":true}]}}