{"id":104331,"date":"2023-04-26T14:57:55","date_gmt":"2023-04-26T17:57:55","guid":{"rendered":"https:\/\/redenoticiaz.com.br\/barretos-regiao\/?p=104331"},"modified":"2023-04-26T14:57:55","modified_gmt":"2023-04-26T17:57:55","slug":"policia-recupera-televisor-furtado-e-homem-e-preso-por-crime-de-recepcao","status":"publish","type":"post","link":"https:\/\/redenoticiaz.com.br\/ribeiraopreto-regiao\/sp\/2023\/04\/26\/policia-recupera-televisor-furtado-e-homem-e-preso-por-crime-de-recepcao","title":{"rendered":"Pol\u00edcia recupera televisor furtado e homem \u00e9 preso por crime de recep\u00e7\u00e3o"},"content":{"rendered":"<p><span data-offset-key=\"2p9io-419-0\">A Pol<\/span><span data-offset-key=\"2p9io-420-0\">\u00ed<\/span><span data-offset-key=\"2p9io-421-0\">cia<\/span><span data-offset-key=\"2p9io-422-0\"> Mil<\/span><span data-offset-key=\"2p9io-423-0\">itar<\/span><span data-offset-key=\"2p9io-424-0\"> de<\/span><span data-offset-key=\"2p9io-425-0\"> Ol<\/span><span data-offset-key=\"2p9io-426-0\">\u00ed<\/span><span data-offset-key=\"2p9io-427-0\">mp<\/span><span data-offset-key=\"2p9io-428-0\">ia<\/span><span data-offset-key=\"2p9io-429-0\"> con<\/span><span data-offset-key=\"2p9io-430-0\">se<\/span><span data-offset-key=\"2p9io-431-0\">gu<\/span><span data-offset-key=\"2p9io-432-0\">iu<\/span><span data-offset-key=\"2p9io-433-0\"> rec<\/span><span data-offset-key=\"2p9io-434-0\">uper<\/span><span data-offset-key=\"2p9io-435-0\">ar<\/span><span data-offset-key=\"2p9io-436-0\"> um<\/span><span data-offset-key=\"2p9io-437-0\"> telev<\/span><span data-offset-key=\"2p9io-438-0\">is<\/span><span data-offset-key=\"2p9io-439-0\">or<\/span><span data-offset-key=\"2p9io-440-0\"> f<\/span><span data-offset-key=\"2p9io-441-0\">urt<\/span><span data-offset-key=\"2p9io-442-0\">ado<\/span><span data-offset-key=\"2p9io-443-0\"> na<\/span><span data-offset-key=\"2p9io-444-0\"> mad<\/span><span data-offset-key=\"2p9io-445-0\">rug<\/span><span data-offset-key=\"2p9io-446-0\">ada<\/span><span data-offset-key=\"2p9io-447-0\"> do<\/span><span data-offset-key=\"2p9io-448-0\"> dom<\/span><span data-offset-key=\"2p9io-449-0\">ingo<\/span><span data-offset-key=\"2p9io-450-0\"> (<\/span><span data-offset-key=\"2p9io-451-0\">23<\/span><span data-offset-key=\"2p9io-452-0\">)<\/span><span data-offset-key=\"2p9io-453-0\"> em<\/span><span data-offset-key=\"2p9io-454-0\"> u<\/span><span data-offset-key=\"2p9io-455-0\">ma<\/span><span data-offset-key=\"2p9io-456-0\"> l<\/span><span data-offset-key=\"2p9io-457-0\">anch<\/span><span data-offset-key=\"2p9io-458-0\">on<\/span><span data-offset-key=\"2p9io-459-0\">ete<\/span><span data-offset-key=\"2p9io-460-0\"> na<\/span><span data-offset-key=\"2p9io-461-0\"> Aven<\/span><span data-offset-key=\"2p9io-462-0\">ida<\/span><span data-offset-key=\"2p9io-463-0\"> Aurora<\/span><span data-offset-key=\"2p9io-464-0\"> Fort<\/span><span data-offset-key=\"2p9io-465-0\">e<\/span><span data-offset-key=\"2p9io-466-0\"> Ne<\/span><span data-offset-key=\"2p9io-467-0\">ves, em Ol\u00edmpia.<\/span><\/p>\n<p><span data-offset-key=\"2p9io-469-0\">A<\/span><span data-offset-key=\"2p9io-470-0\"> equ<\/span><span data-offset-key=\"2p9io-471-0\">ipe<\/span><span data-offset-key=\"2p9io-472-0\"> da<\/span><span data-offset-key=\"2p9io-473-0\"> For<\/span><span data-offset-key=\"2p9io-474-0\">\u00e7a<\/span><span data-offset-key=\"2p9io-475-0\"> Tr<\/span><span data-offset-key=\"2p9io-476-0\">\u00e1<\/span><span data-offset-key=\"2p9io-477-0\">t<\/span><span data-offset-key=\"2p9io-478-0\">ica<\/span><span data-offset-key=\"2p9io-479-0\"> ap<\/span><span data-offset-key=\"2p9io-480-0\">ur<\/span><span data-offset-key=\"2p9io-481-0\">ou<\/span><span data-offset-key=\"2p9io-482-0\"> que<\/span><span data-offset-key=\"2p9io-483-0\"> o<\/span><span data-offset-key=\"2p9io-484-0\"> sus<\/span><span data-offset-key=\"2p9io-485-0\">pe<\/span><span data-offset-key=\"2p9io-486-0\">ito<\/span><span data-offset-key=\"2p9io-487-0\">,<\/span><span data-offset-key=\"2p9io-488-0\"> de<\/span><span data-offset-key=\"2p9io-489-0\"> 36<\/span><span data-offset-key=\"2p9io-490-0\"> an<\/span><span data-offset-key=\"2p9io-491-0\">os<\/span><span data-offset-key=\"2p9io-492-0\">,<\/span><span data-offset-key=\"2p9io-493-0\"> con<\/span><span data-offset-key=\"2p9io-494-0\">he<\/span><span data-offset-key=\"2p9io-495-0\">c<\/span><span data-offset-key=\"2p9io-496-0\">ido<\/span><span data-offset-key=\"2p9io-497-0\"> no<\/span><span data-offset-key=\"2p9io-498-0\"> me<\/span><span data-offset-key=\"2p9io-499-0\">io<\/span><span data-offset-key=\"2p9io-500-0\"> polic<\/span><span data-offset-key=\"2p9io-501-0\">ial<\/span><span data-offset-key=\"2p9io-502-0\">,<\/span><span data-offset-key=\"2p9io-503-0\"> ter<\/span><span data-offset-key=\"2p9io-504-0\">ia<\/span><span data-offset-key=\"2p9io-505-0\"> rece<\/span><span data-offset-key=\"2p9io-506-0\">bid<\/span><span data-offset-key=\"2p9io-507-0\">o<\/span><span data-offset-key=\"2p9io-508-0\"> o<\/span><span data-offset-key=\"2p9io-509-0\"> telev<\/span><span data-offset-key=\"2p9io-510-0\">is<\/span><span data-offset-key=\"2p9io-511-0\">or<\/span><span data-offset-key=\"2p9io-512-0\"> de<\/span><span data-offset-key=\"2p9io-513-0\"> um<\/span><span data-offset-key=\"2p9io-514-0\"> us<\/span><span data-offset-key=\"2p9io-515-0\">u<\/span><span data-offset-key=\"2p9io-516-0\">\u00e1<\/span><span data-offset-key=\"2p9io-517-0\">rio<\/span><span data-offset-key=\"2p9io-518-0\"> de<\/span><span data-offset-key=\"2p9io-519-0\"> dro<\/span><span data-offset-key=\"2p9io-520-0\">gas<\/span><span data-offset-key=\"2p9io-521-0\">,<\/span><span data-offset-key=\"2p9io-522-0\"> cu<\/span><span data-offset-key=\"2p9io-523-0\">jo<\/span><span data-offset-key=\"2p9io-524-0\"> n<\/span><span data-offset-key=\"2p9io-525-0\">ome<\/span><span data-offset-key=\"2p9io-526-0\"> n<\/span><span data-offset-key=\"2p9io-527-0\">\u00e3o<\/span><span data-offset-key=\"2p9io-528-0\"> fo<\/span><span data-offset-key=\"2p9io-529-0\">i<\/span><span data-offset-key=\"2p9io-530-0\"> revel<\/span><span data-offset-key=\"2p9io-531-0\">ado<\/span><span data-offset-key=\"2p9io-532-0\">.<\/span><\/p>\n<p><span data-offset-key=\"2p9io-533-0\">Os<\/span><span data-offset-key=\"2p9io-534-0\"> polic<\/span><span data-offset-key=\"2p9io-535-0\">ia<\/span><span data-offset-key=\"2p9io-536-0\">is<\/span><span data-offset-key=\"2p9io-537-0\"> for<\/span><span data-offset-key=\"2p9io-538-0\">am<\/span><span data-offset-key=\"2p9io-539-0\"> at<\/span><span data-offset-key=\"2p9io-540-0\">\u00e9<\/span><span data-offset-key=\"2p9io-541-0\"> a<\/span><span data-offset-key=\"2p9io-542-0\"> cas<\/span><span data-offset-key=\"2p9io-543-0\">a<\/span><span data-offset-key=\"2p9io-544-0\"> do<\/span><span data-offset-key=\"2p9io-545-0\"> den<\/span><span data-offset-key=\"2p9io-546-0\">unci<\/span><span data-offset-key=\"2p9io-547-0\">ado<\/span><span data-offset-key=\"2p9io-548-0\">,<\/span><span data-offset-key=\"2p9io-549-0\"> que<\/span><span data-offset-key=\"2p9io-550-0\"> fr<\/span><span data-offset-key=\"2p9io-551-0\">an<\/span><span data-offset-key=\"2p9io-552-0\">que<\/span><span data-offset-key=\"2p9io-553-0\">ou<\/span><span data-offset-key=\"2p9io-554-0\"> a<\/span><span data-offset-key=\"2p9io-555-0\"> entr<\/span><span data-offset-key=\"2p9io-556-0\">ada<\/span><span data-offset-key=\"2p9io-557-0\"> e<\/span><span data-offset-key=\"2p9io-558-0\"> confess<\/span><span data-offset-key=\"2p9io-559-0\">ou<\/span><span data-offset-key=\"2p9io-560-0\"> o<\/span><span data-offset-key=\"2p9io-561-0\"> crime<\/span><span data-offset-key=\"2p9io-562-0\">.<\/span><span data-offset-key=\"2p9io-563-0\"> O<\/span><span data-offset-key=\"2p9io-564-0\"> telev<\/span><span data-offset-key=\"2p9io-565-0\">is<\/span><span data-offset-key=\"2p9io-566-0\">or<\/span><span data-offset-key=\"2p9io-567-0\"> fo<\/span><span data-offset-key=\"2p9io-568-0\">i<\/span><span data-offset-key=\"2p9io-569-0\"> enc<\/span><span data-offset-key=\"2p9io-570-0\">ont<\/span><span data-offset-key=\"2p9io-571-0\">r<\/span><span data-offset-key=\"2p9io-572-0\">ado<\/span><span data-offset-key=\"2p9io-573-0\"> no<\/span><span data-offset-key=\"2p9io-574-0\"> ch<\/span><span data-offset-key=\"2p9io-575-0\">\u00e3o<\/span><span data-offset-key=\"2p9io-576-0\"> de<\/span><span data-offset-key=\"2p9io-577-0\"> um<\/span><span data-offset-key=\"2p9io-578-0\"> dos<\/span><span data-offset-key=\"2p9io-579-0\"> quart<\/span><span data-offset-key=\"2p9io-580-0\">os<\/span><span data-offset-key=\"2p9io-581-0\"> e<\/span><span data-offset-key=\"2p9io-582-0\"> a<\/span><span data-offset-key=\"2p9io-583-0\"> fac<\/span><span data-offset-key=\"2p9io-584-0\">a<\/span><span data-offset-key=\"2p9io-585-0\"> na<\/span><span data-offset-key=\"2p9io-586-0\"> co<\/span><span data-offset-key=\"2p9io-587-0\">zin<\/span><span data-offset-key=\"2p9io-588-0\">ha<\/span><span data-offset-key=\"2p9io-589-0\">.<\/span><\/p>\n<p><span data-offset-key=\"2p9io-590-0\">O<\/span><span data-offset-key=\"2p9io-591-0\"> hom<\/span><span data-offset-key=\"2p9io-592-0\">em<\/span><span data-offset-key=\"2p9io-593-0\"> rece<\/span><span data-offset-key=\"2p9io-594-0\">be<\/span><span data-offset-key=\"2p9io-595-0\">u<\/span><span data-offset-key=\"2p9io-596-0\"> vo<\/span><span data-offset-key=\"2p9io-597-0\">z<\/span><span data-offset-key=\"2p9io-598-0\"> de<\/span><span data-offset-key=\"2p9io-599-0\"> pr<\/span><span data-offset-key=\"2p9io-600-0\">is<\/span><span data-offset-key=\"2p9io-601-0\">\u00e3o<\/span><span data-offset-key=\"2p9io-602-0\"> e<\/span><span data-offset-key=\"2p9io-603-0\"> fo<\/span><span data-offset-key=\"2p9io-604-0\">i<\/span><span data-offset-key=\"2p9io-605-0\"> aut<\/span><span data-offset-key=\"2p9io-606-0\">u<\/span><span data-offset-key=\"2p9io-607-0\">ado<\/span><span data-offset-key=\"2p9io-608-0\"> em<\/span><span data-offset-key=\"2p9io-609-0\"> flag<\/span><span data-offset-key=\"2p9io-610-0\">rant<\/span><span data-offset-key=\"2p9io-611-0\">e<\/span><span data-offset-key=\"2p9io-612-0\"> pel<\/span><span data-offset-key=\"2p9io-613-0\">o<\/span><span data-offset-key=\"2p9io-614-0\"> crime<\/span><span data-offset-key=\"2p9io-615-0\"> de<\/span><span data-offset-key=\"2p9io-616-0\"> rece<\/span><span data-offset-key=\"2p9io-617-0\">p<\/span><span data-offset-key=\"2p9io-618-0\">\u00e7<\/span><span data-offset-key=\"2p9io-619-0\">\u00e3o<\/span><span data-offset-key=\"2p9io-620-0\">,<\/span><span data-offset-key=\"2p9io-621-0\"> com<\/span><span data-offset-key=\"2p9io-622-0\"> u<\/span><span data-offset-key=\"2p9io-623-0\">ma<\/span><span data-offset-key=\"2p9io-624-0\"> fian<\/span><span data-offset-key=\"2p9io-625-0\">\u00e7a<\/span><span data-offset-key=\"2p9io-626-0\"> de<\/span><span data-offset-key=\"2p9io-627-0\"> R<\/span><span data-offset-key=\"2p9io-628-0\">$<\/span><span data-offset-key=\"2p9io-629-0\"> 1<\/span><span data-offset-key=\"2p9io-630-0\">.<\/span><span data-offset-key=\"2p9io-631-0\">320<\/span><span data-offset-key=\"2p9io-632-0\">.<\/span><span data-offset-key=\"2p9io-633-0\"> Com<\/span><span data-offset-key=\"2p9io-634-0\">o<\/span><span data-offset-key=\"2p9io-635-0\"> o<\/span><span data-offset-key=\"2p9io-636-0\"> indic<\/span><span data-offset-key=\"2p9io-637-0\">i<\/span><span data-offset-key=\"2p9io-638-0\">ado<\/span><span data-offset-key=\"2p9io-639-0\"> n<\/span><span data-offset-key=\"2p9io-640-0\">\u00e3o<\/span><span data-offset-key=\"2p9io-641-0\"> pag<\/span><span data-offset-key=\"2p9io-642-0\">ou<\/span><span data-offset-key=\"2p9io-643-0\"> a<\/span><span data-offset-key=\"2p9io-644-0\"> fian<\/span><span data-offset-key=\"2p9io-645-0\">\u00e7a<\/span><span data-offset-key=\"2p9io-646-0\">,<\/span><span data-offset-key=\"2p9io-647-0\"> fo<\/span><span data-offset-key=\"2p9io-648-0\">i<\/span><span data-offset-key=\"2p9io-649-0\"> enc<\/span><span data-offset-key=\"2p9io-650-0\">amin<\/span><span data-offset-key=\"2p9io-651-0\">h<\/span><span data-offset-key=\"2p9io-652-0\">ado<\/span><span data-offset-key=\"2p9io-653-0\"> para<\/span><span data-offset-key=\"2p9io-654-0\"> a<\/span><span data-offset-key=\"2p9io-655-0\"> c<\/span><span data-offset-key=\"2p9io-656-0\">ade<\/span><span data-offset-key=\"2p9io-657-0\">ia.<\/span><\/p>\n<p>VEJA TAMB\u00c9M:\u00a0<a href=\"https:\/\/redenoticiaz.com.br\/barretos-regiao\/sp\/2023\/04\/26\/policia-detem-suspeito-de-trafico-e-adolescente-e-ferido-ao-resistir-a-abordagem\">Pol\u00edcia det\u00e9m suspeito de tr\u00e1fico e adolescente \u00e9 ferido ao resistir \u00e0 abordagem<\/a><\/p>\n","protected":false},"excerpt":{"rendered":"<p>A Pol\u00edcia Militar de Ol\u00edmpia conseguiu recuperar um televisor furtado na madrugada do domingo (23) em uma lanchonete na Avenida Aurora Forte Neves, em Ol\u00edmpia. A equipe da For\u00e7a Tr\u00e1tica apurou que o suspeito, de 36 anos, conhecido no meio policial, teria recebido o televisor de um usu\u00e1rio de drogas, cujo nome n\u00e3o foi revelado. &hellip;<\/p>\n","protected":false},"author":30,"featured_media":104332,"comment_status":"open","ping_status":"closed","sticky":false,"template":"","format":"standard","meta":{"footnotes":""},"categories":[88],"tags":[26563,19267,24114,26562],"class_list":["post-104331","post","type-post","status-publish","format-standard","has-post-thumbnail","hentry","category-policia","tag-crime-de-receptacao","tag-furtado","tag-lanchonete","tag-televisor"],"yoast_head":"<!-- This site is optimized with the Yoast SEO plugin v27.4 - https:\/\/yoast.com\/product\/yoast-seo-wordpress\/ -->\n<title>Pol\u00edcia recupera televisor furtado e homem \u00e9 preso por crime de recep\u00e7\u00e3o - Ribeir\u00e3o Preto e Regi\u00e3o<\/title>\n<meta name=\"description\" content=\"A Pol\u00edcia Militar de Ol\u00edmpia conseguiu recuperar um televisor furtado na madrugada do domingo (23) em uma lanchonete, em Ol\u00edmpia.\" \/>\n<meta name=\"robots\" content=\"index, follow, max-snippet:-1, max-image-preview:large, max-video-preview:-1\" \/>\n<link rel=\"canonical\" href=\"https:\/\/redenoticiaz.com.br\/ribeiraopreto-regiao\/sp\/2023\/04\/26\/policia-recupera-televisor-furtado-e-homem-e-preso-por-crime-de-recepcao\" \/>\n<meta property=\"og:locale\" content=\"pt_BR\" \/>\n<meta property=\"og:type\" content=\"article\" \/>\n<meta property=\"og:title\" content=\"Pol\u00edcia recupera televisor furtado e homem \u00e9 preso por crime de recep\u00e7\u00e3o - Ribeir\u00e3o Preto e Regi\u00e3o\" \/>\n<meta property=\"og:description\" content=\"A Pol\u00edcia Militar de Ol\u00edmpia conseguiu recuperar um televisor furtado na madrugada do domingo (23) em uma lanchonete, em Ol\u00edmpia.\" \/>\n<meta property=\"og:url\" content=\"https:\/\/redenoticiaz.com.br\/ribeiraopreto-regiao\/sp\/2023\/04\/26\/policia-recupera-televisor-furtado-e-homem-e-preso-por-crime-de-recepcao\" \/>\n<meta property=\"og:site_name\" content=\"Ribeir\u00e3o Preto e Regi\u00e3o\" \/>\n<meta property=\"article:publisher\" content=\"https:\/\/m.facebook.com\/redenoticiaz.barretos\" \/>\n<meta property=\"article:published_time\" content=\"2023-04-26T17:57:55+00:00\" \/>\n<meta property=\"og:image\" content=\"https:\/\/redenoticiaz.com.br\/ribeiraopreto-regiao\/wp-content\/uploads\/sites\/4\/2023\/04\/televisor.png\" \/>\n\t<meta property=\"og:image:width\" content=\"639\" \/>\n\t<meta property=\"og:image:height\" content=\"492\" \/>\n\t<meta property=\"og:image:type\" content=\"image\/png\" \/>\n<meta name=\"author\" content=\"Carina Reifonas\" \/>\n<meta name=\"twitter:card\" content=\"summary_large_image\" \/>\n<meta name=\"twitter:creator\" content=\"@RN_barretos\" \/>\n<meta name=\"twitter:site\" content=\"@RN_barretos\" \/>\n<meta name=\"twitter:label1\" content=\"Escrito por\" \/>\n\t<meta name=\"twitter:data1\" content=\"Carina Reifonas\" \/>\n\t<meta name=\"twitter:label2\" content=\"Est. tempo de leitura\" \/>\n\t<meta name=\"twitter:data2\" content=\"2 minutos\" \/>\n<script type=\"application\/ld+json\" class=\"yoast-schema-graph\">{\"@context\":\"https:\\\/\\\/schema.org\",\"@graph\":[{\"@type\":\"Article\",\"@id\":\"https:\\\/\\\/redenoticiaz.com.br\\\/ribeiraopreto-regiao\\\/sp\\\/2023\\\/04\\\/26\\\/policia-recupera-televisor-furtado-e-homem-e-preso-por-crime-de-recepcao#article\",\"isPartOf\":{\"@id\":\"https:\\\/\\\/redenoticiaz.com.br\\\/ribeiraopreto-regiao\\\/sp\\\/2023\\\/04\\\/26\\\/policia-recupera-televisor-furtado-e-homem-e-preso-por-crime-de-recepcao\"},\"author\":{\"name\":\"Carina Reifonas\",\"@id\":\"https:\\\/\\\/redenoticiaz.com.br\\\/ribeiraopreto-regiao\\\/#\\\/schema\\\/person\\\/1f84d6e94e6a62d2d81199d7503e9e90\"},\"headline\":\"Pol\u00edcia recupera televisor furtado e homem \u00e9 preso por crime de recep\u00e7\u00e3o\",\"datePublished\":\"2023-04-26T17:57:55+00:00\",\"mainEntityOfPage\":{\"@id\":\"https:\\\/\\\/redenoticiaz.com.br\\\/ribeiraopreto-regiao\\\/sp\\\/2023\\\/04\\\/26\\\/policia-recupera-televisor-furtado-e-homem-e-preso-por-crime-de-recepcao\"},\"wordCount\":247,\"commentCount\":0,\"publisher\":{\"@id\":\"https:\\\/\\\/redenoticiaz.com.br\\\/ribeiraopreto-regiao\\\/#organization\"},\"image\":{\"@id\":\"https:\\\/\\\/redenoticiaz.com.br\\\/ribeiraopreto-regiao\\\/sp\\\/2023\\\/04\\\/26\\\/policia-recupera-televisor-furtado-e-homem-e-preso-por-crime-de-recepcao#primaryimage\"},\"thumbnailUrl\":\"https:\\\/\\\/redenoticiaz.com.br\\\/ribeiraopreto-regiao\\\/wp-content\\\/uploads\\\/sites\\\/4\\\/2023\\\/04\\\/televisor.png\",\"keywords\":[\"crime de recepta\u00e7\u00e3o\",\"FURTADO\",\"lanchonete\",\"Televisor\"],\"articleSection\":[\"Pol\u00edcia\"],\"inLanguage\":\"pt-BR\",\"potentialAction\":[{\"@type\":\"CommentAction\",\"name\":\"Comment\",\"target\":[\"https:\\\/\\\/redenoticiaz.com.br\\\/ribeiraopreto-regiao\\\/sp\\\/2023\\\/04\\\/26\\\/policia-recupera-televisor-furtado-e-homem-e-preso-por-crime-de-recepcao#respond\"]}]},{\"@type\":\"WebPage\",\"@id\":\"https:\\\/\\\/redenoticiaz.com.br\\\/ribeiraopreto-regiao\\\/sp\\\/2023\\\/04\\\/26\\\/policia-recupera-televisor-furtado-e-homem-e-preso-por-crime-de-recepcao\",\"url\":\"https:\\\/\\\/redenoticiaz.com.br\\\/ribeiraopreto-regiao\\\/sp\\\/2023\\\/04\\\/26\\\/policia-recupera-televisor-furtado-e-homem-e-preso-por-crime-de-recepcao\",\"name\":\"Pol\u00edcia recupera televisor furtado e homem \u00e9 preso por crime de recep\u00e7\u00e3o - Ribeir\u00e3o Preto e Regi\u00e3o\",\"isPartOf\":{\"@id\":\"https:\\\/\\\/redenoticiaz.com.br\\\/ribeiraopreto-regiao\\\/#website\"},\"primaryImageOfPage\":{\"@id\":\"https:\\\/\\\/redenoticiaz.com.br\\\/ribeiraopreto-regiao\\\/sp\\\/2023\\\/04\\\/26\\\/policia-recupera-televisor-furtado-e-homem-e-preso-por-crime-de-recepcao#primaryimage\"},\"image\":{\"@id\":\"https:\\\/\\\/redenoticiaz.com.br\\\/ribeiraopreto-regiao\\\/sp\\\/2023\\\/04\\\/26\\\/policia-recupera-televisor-furtado-e-homem-e-preso-por-crime-de-recepcao#primaryimage\"},\"thumbnailUrl\":\"https:\\\/\\\/redenoticiaz.com.br\\\/ribeiraopreto-regiao\\\/wp-content\\\/uploads\\\/sites\\\/4\\\/2023\\\/04\\\/televisor.png\",\"datePublished\":\"2023-04-26T17:57:55+00:00\",\"description\":\"A Pol\u00edcia Militar de Ol\u00edmpia conseguiu recuperar um televisor furtado na madrugada do domingo (23) em uma lanchonete, em Ol\u00edmpia.\",\"inLanguage\":\"pt-BR\",\"potentialAction\":[{\"@type\":\"ReadAction\",\"target\":[\"https:\\\/\\\/redenoticiaz.com.br\\\/ribeiraopreto-regiao\\\/sp\\\/2023\\\/04\\\/26\\\/policia-recupera-televisor-furtado-e-homem-e-preso-por-crime-de-recepcao\"]}]},{\"@type\":\"ImageObject\",\"inLanguage\":\"pt-BR\",\"@id\":\"https:\\\/\\\/redenoticiaz.com.br\\\/ribeiraopreto-regiao\\\/sp\\\/2023\\\/04\\\/26\\\/policia-recupera-televisor-furtado-e-homem-e-preso-por-crime-de-recepcao#primaryimage\",\"url\":\"https:\\\/\\\/redenoticiaz.com.br\\\/ribeiraopreto-regiao\\\/wp-content\\\/uploads\\\/sites\\\/4\\\/2023\\\/04\\\/televisor.png\",\"contentUrl\":\"https:\\\/\\\/redenoticiaz.com.br\\\/ribeiraopreto-regiao\\\/wp-content\\\/uploads\\\/sites\\\/4\\\/2023\\\/04\\\/televisor.png\",\"width\":639,\"height\":492,\"caption\":\"Pol\u00edcia recupera televisor furtado e homem \u00e9 preso por crime de recep\u00e7\u00e3o. Cr\u00e9dito: Reprodu\u00e7\u00e3o\"},{\"@type\":\"WebSite\",\"@id\":\"https:\\\/\\\/redenoticiaz.com.br\\\/ribeiraopreto-regiao\\\/#website\",\"url\":\"https:\\\/\\\/redenoticiaz.com.br\\\/ribeiraopreto-regiao\\\/\",\"name\":\"Ribeir\u00e3o Preto e Regi\u00e3o\",\"description\":\"Rede NoticiaZ - Ribeir\u00e3o Preto e regi\u00e3o\",\"publisher\":{\"@id\":\"https:\\\/\\\/redenoticiaz.com.br\\\/ribeiraopreto-regiao\\\/#organization\"},\"potentialAction\":[{\"@type\":\"SearchAction\",\"target\":{\"@type\":\"EntryPoint\",\"urlTemplate\":\"https:\\\/\\\/redenoticiaz.com.br\\\/ribeiraopreto-regiao\\\/?s={search_term_string}\"},\"query-input\":{\"@type\":\"PropertyValueSpecification\",\"valueRequired\":true,\"valueName\":\"search_term_string\"}}],\"inLanguage\":\"pt-BR\"},{\"@type\":\"Organization\",\"@id\":\"https:\\\/\\\/redenoticiaz.com.br\\\/ribeiraopreto-regiao\\\/#organization\",\"name\":\"Ribeir\u00e3o Preto e Regi\u00e3o\",\"url\":\"https:\\\/\\\/redenoticiaz.com.br\\\/ribeiraopreto-regiao\\\/\",\"logo\":{\"@type\":\"ImageObject\",\"inLanguage\":\"pt-BR\",\"@id\":\"https:\\\/\\\/redenoticiaz.com.br\\\/ribeiraopreto-regiao\\\/#\\\/schema\\\/logo\\\/image\\\/\",\"url\":\"https:\\\/\\\/redenoticiaz.com.br\\\/barretos-regiao\\\/wp-content\\\/uploads\\\/sites\\\/4\\\/2022\\\/02\\\/logo.jpg\",\"contentUrl\":\"https:\\\/\\\/redenoticiaz.com.br\\\/barretos-regiao\\\/wp-content\\\/uploads\\\/sites\\\/4\\\/2022\\\/02\\\/logo.jpg\",\"width\":400,\"height\":250,\"caption\":\"Ribeir\u00e3o Preto e Regi\u00e3o\"},\"image\":{\"@id\":\"https:\\\/\\\/redenoticiaz.com.br\\\/ribeiraopreto-regiao\\\/#\\\/schema\\\/logo\\\/image\\\/\"},\"sameAs\":[\"https:\\\/\\\/m.facebook.com\\\/redenoticiaz.barretos\",\"https:\\\/\\\/x.com\\\/RN_barretos\",\"https:\\\/\\\/www.instagram.com\\\/redenoticiaz.barretos\\\/?igshid=YmMyMTA2M2Y\",\"https:\\\/\\\/www.linkedin.com\\\/company\\\/rede-noticiaz-barretos-e-regio\\\/\"]},{\"@type\":\"Person\",\"@id\":\"https:\\\/\\\/redenoticiaz.com.br\\\/ribeiraopreto-regiao\\\/#\\\/schema\\\/person\\\/1f84d6e94e6a62d2d81199d7503e9e90\",\"name\":\"Carina Reifonas\",\"image\":{\"@type\":\"ImageObject\",\"inLanguage\":\"pt-BR\",\"@id\":\"https:\\\/\\\/secure.gravatar.com\\\/avatar\\\/04c59859b23696cf867715880f81d5c037e60109730bdb4e6670ec2a2245bc97?s=96&d=mm&r=g\",\"url\":\"https:\\\/\\\/secure.gravatar.com\\\/avatar\\\/04c59859b23696cf867715880f81d5c037e60109730bdb4e6670ec2a2245bc97?s=96&d=mm&r=g\",\"contentUrl\":\"https:\\\/\\\/secure.gravatar.com\\\/avatar\\\/04c59859b23696cf867715880f81d5c037e60109730bdb4e6670ec2a2245bc97?s=96&d=mm&r=g\",\"caption\":\"Carina Reifonas\"},\"url\":\"https:\\\/\\\/redenoticiaz.com.br\\\/ribeiraopreto-regiao\\\/sp\\\/author\\\/carinareifonas\"}]}<\/script>\n<!-- \/ Yoast SEO plugin. -->","yoast_head_json":{"title":"Pol\u00edcia recupera televisor furtado e homem \u00e9 preso por crime de recep\u00e7\u00e3o - Ribeir\u00e3o Preto e Regi\u00e3o","description":"A Pol\u00edcia Militar de Ol\u00edmpia conseguiu recuperar um televisor furtado na madrugada do domingo (23) em uma lanchonete, em Ol\u00edmpia.","robots":{"index":"index","follow":"follow","max-snippet":"max-snippet:-1","max-image-preview":"max-image-preview:large","max-video-preview":"max-video-preview:-1"},"canonical":"https:\/\/redenoticiaz.com.br\/ribeiraopreto-regiao\/sp\/2023\/04\/26\/policia-recupera-televisor-furtado-e-homem-e-preso-por-crime-de-recepcao","og_locale":"pt_BR","og_type":"article","og_title":"Pol\u00edcia recupera televisor furtado e homem \u00e9 preso por crime de recep\u00e7\u00e3o - Ribeir\u00e3o Preto e Regi\u00e3o","og_description":"A Pol\u00edcia Militar de Ol\u00edmpia conseguiu recuperar um televisor furtado na madrugada do domingo (23) em uma lanchonete, em Ol\u00edmpia.","og_url":"https:\/\/redenoticiaz.com.br\/ribeiraopreto-regiao\/sp\/2023\/04\/26\/policia-recupera-televisor-furtado-e-homem-e-preso-por-crime-de-recepcao","og_site_name":"Ribeir\u00e3o Preto e Regi\u00e3o","article_publisher":"https:\/\/m.facebook.com\/redenoticiaz.barretos","article_published_time":"2023-04-26T17:57:55+00:00","og_image":[{"width":639,"height":492,"url":"https:\/\/redenoticiaz.com.br\/ribeiraopreto-regiao\/wp-content\/uploads\/sites\/4\/2023\/04\/televisor.png","type":"image\/png"}],"author":"Carina Reifonas","twitter_card":"summary_large_image","twitter_creator":"@RN_barretos","twitter_site":"@RN_barretos","twitter_misc":{"Escrito por":"Carina Reifonas","Est. tempo de leitura":"2 minutos"},"schema":{"@context":"https:\/\/schema.org","@graph":[{"@type":"Article","@id":"https:\/\/redenoticiaz.com.br\/ribeiraopreto-regiao\/sp\/2023\/04\/26\/policia-recupera-televisor-furtado-e-homem-e-preso-por-crime-de-recepcao#article","isPartOf":{"@id":"https:\/\/redenoticiaz.com.br\/ribeiraopreto-regiao\/sp\/2023\/04\/26\/policia-recupera-televisor-furtado-e-homem-e-preso-por-crime-de-recepcao"},"author":{"name":"Carina Reifonas","@id":"https:\/\/redenoticiaz.com.br\/ribeiraopreto-regiao\/#\/schema\/person\/1f84d6e94e6a62d2d81199d7503e9e90"},"headline":"Pol\u00edcia recupera televisor furtado e homem \u00e9 preso por crime de recep\u00e7\u00e3o","datePublished":"2023-04-26T17:57:55+00:00","mainEntityOfPage":{"@id":"https:\/\/redenoticiaz.com.br\/ribeiraopreto-regiao\/sp\/2023\/04\/26\/policia-recupera-televisor-furtado-e-homem-e-preso-por-crime-de-recepcao"},"wordCount":247,"commentCount":0,"publisher":{"@id":"https:\/\/redenoticiaz.com.br\/ribeiraopreto-regiao\/#organization"},"image":{"@id":"https:\/\/redenoticiaz.com.br\/ribeiraopreto-regiao\/sp\/2023\/04\/26\/policia-recupera-televisor-furtado-e-homem-e-preso-por-crime-de-recepcao#primaryimage"},"thumbnailUrl":"https:\/\/redenoticiaz.com.br\/ribeiraopreto-regiao\/wp-content\/uploads\/sites\/4\/2023\/04\/televisor.png","keywords":["crime de recepta\u00e7\u00e3o","FURTADO","lanchonete","Televisor"],"articleSection":["Pol\u00edcia"],"inLanguage":"pt-BR","potentialAction":[{"@type":"CommentAction","name":"Comment","target":["https:\/\/redenoticiaz.com.br\/ribeiraopreto-regiao\/sp\/2023\/04\/26\/policia-recupera-televisor-furtado-e-homem-e-preso-por-crime-de-recepcao#respond"]}]},{"@type":"WebPage","@id":"https:\/\/redenoticiaz.com.br\/ribeiraopreto-regiao\/sp\/2023\/04\/26\/policia-recupera-televisor-furtado-e-homem-e-preso-por-crime-de-recepcao","url":"https:\/\/redenoticiaz.com.br\/ribeiraopreto-regiao\/sp\/2023\/04\/26\/policia-recupera-televisor-furtado-e-homem-e-preso-por-crime-de-recepcao","name":"Pol\u00edcia recupera televisor furtado e homem \u00e9 preso por crime de recep\u00e7\u00e3o - Ribeir\u00e3o Preto e Regi\u00e3o","isPartOf":{"@id":"https:\/\/redenoticiaz.com.br\/ribeiraopreto-regiao\/#website"},"primaryImageOfPage":{"@id":"https:\/\/redenoticiaz.com.br\/ribeiraopreto-regiao\/sp\/2023\/04\/26\/policia-recupera-televisor-furtado-e-homem-e-preso-por-crime-de-recepcao#primaryimage"},"image":{"@id":"https:\/\/redenoticiaz.com.br\/ribeiraopreto-regiao\/sp\/2023\/04\/26\/policia-recupera-televisor-furtado-e-homem-e-preso-por-crime-de-recepcao#primaryimage"},"thumbnailUrl":"https:\/\/redenoticiaz.com.br\/ribeiraopreto-regiao\/wp-content\/uploads\/sites\/4\/2023\/04\/televisor.png","datePublished":"2023-04-26T17:57:55+00:00","description":"A Pol\u00edcia Militar de Ol\u00edmpia conseguiu recuperar um televisor furtado na madrugada do domingo (23) em uma lanchonete, em Ol\u00edmpia.","inLanguage":"pt-BR","potentialAction":[{"@type":"ReadAction","target":["https:\/\/redenoticiaz.com.br\/ribeiraopreto-regiao\/sp\/2023\/04\/26\/policia-recupera-televisor-furtado-e-homem-e-preso-por-crime-de-recepcao"]}]},{"@type":"ImageObject","inLanguage":"pt-BR","@id":"https:\/\/redenoticiaz.com.br\/ribeiraopreto-regiao\/sp\/2023\/04\/26\/policia-recupera-televisor-furtado-e-homem-e-preso-por-crime-de-recepcao#primaryimage","url":"https:\/\/redenoticiaz.com.br\/ribeiraopreto-regiao\/wp-content\/uploads\/sites\/4\/2023\/04\/televisor.png","contentUrl":"https:\/\/redenoticiaz.com.br\/ribeiraopreto-regiao\/wp-content\/uploads\/sites\/4\/2023\/04\/televisor.png","width":639,"height":492,"caption":"Pol\u00edcia recupera televisor furtado e homem \u00e9 preso por crime de recep\u00e7\u00e3o. Cr\u00e9dito: Reprodu\u00e7\u00e3o"},{"@type":"WebSite","@id":"https:\/\/redenoticiaz.com.br\/ribeiraopreto-regiao\/#website","url":"https:\/\/redenoticiaz.com.br\/ribeiraopreto-regiao\/","name":"Ribeir\u00e3o Preto e Regi\u00e3o","description":"Rede NoticiaZ - Ribeir\u00e3o Preto e regi\u00e3o","publisher":{"@id":"https:\/\/redenoticiaz.com.br\/ribeiraopreto-regiao\/#organization"},"potentialAction":[{"@type":"SearchAction","target":{"@type":"EntryPoint","urlTemplate":"https:\/\/redenoticiaz.com.br\/ribeiraopreto-regiao\/?s={search_term_string}"},"query-input":{"@type":"PropertyValueSpecification","valueRequired":true,"valueName":"search_term_string"}}],"inLanguage":"pt-BR"},{"@type":"Organization","@id":"https:\/\/redenoticiaz.com.br\/ribeiraopreto-regiao\/#organization","name":"Ribeir\u00e3o Preto e Regi\u00e3o","url":"https:\/\/redenoticiaz.com.br\/ribeiraopreto-regiao\/","logo":{"@type":"ImageObject","inLanguage":"pt-BR","@id":"https:\/\/redenoticiaz.com.br\/ribeiraopreto-regiao\/#\/schema\/logo\/image\/","url":"https:\/\/redenoticiaz.com.br\/barretos-regiao\/wp-content\/uploads\/sites\/4\/2022\/02\/logo.jpg","contentUrl":"https:\/\/redenoticiaz.com.br\/barretos-regiao\/wp-content\/uploads\/sites\/4\/2022\/02\/logo.jpg","width":400,"height":250,"caption":"Ribeir\u00e3o Preto e Regi\u00e3o"},"image":{"@id":"https:\/\/redenoticiaz.com.br\/ribeiraopreto-regiao\/#\/schema\/logo\/image\/"},"sameAs":["https:\/\/m.facebook.com\/redenoticiaz.barretos","https:\/\/x.com\/RN_barretos","https:\/\/www.instagram.com\/redenoticiaz.barretos\/?igshid=YmMyMTA2M2Y","https:\/\/www.linkedin.com\/company\/rede-noticiaz-barretos-e-regio\/"]},{"@type":"Person","@id":"https:\/\/redenoticiaz.com.br\/ribeiraopreto-regiao\/#\/schema\/person\/1f84d6e94e6a62d2d81199d7503e9e90","name":"Carina Reifonas","image":{"@type":"ImageObject","inLanguage":"pt-BR","@id":"https:\/\/secure.gravatar.com\/avatar\/04c59859b23696cf867715880f81d5c037e60109730bdb4e6670ec2a2245bc97?s=96&d=mm&r=g","url":"https:\/\/secure.gravatar.com\/avatar\/04c59859b23696cf867715880f81d5c037e60109730bdb4e6670ec2a2245bc97?s=96&d=mm&r=g","contentUrl":"https:\/\/secure.gravatar.com\/avatar\/04c59859b23696cf867715880f81d5c037e60109730bdb4e6670ec2a2245bc97?s=96&d=mm&r=g","caption":"Carina Reifonas"},"url":"https:\/\/redenoticiaz.com.br\/ribeiraopreto-regiao\/sp\/author\/carinareifonas"}]}},"_links":{"self":[{"href":"https:\/\/redenoticiaz.com.br\/ribeiraopreto-regiao\/wp-json\/wp\/v2\/posts\/104331","targetHints":{"allow":["GET"]}}],"collection":[{"href":"https:\/\/redenoticiaz.com.br\/ribeiraopreto-regiao\/wp-json\/wp\/v2\/posts"}],"about":[{"href":"https:\/\/redenoticiaz.com.br\/ribeiraopreto-regiao\/wp-json\/wp\/v2\/types\/post"}],"author":[{"embeddable":true,"href":"https:\/\/redenoticiaz.com.br\/ribeiraopreto-regiao\/wp-json\/wp\/v2\/users\/30"}],"replies":[{"embeddable":true,"href":"https:\/\/redenoticiaz.com.br\/ribeiraopreto-regiao\/wp-json\/wp\/v2\/comments?post=104331"}],"version-history":[{"count":1,"href":"https:\/\/redenoticiaz.com.br\/ribeiraopreto-regiao\/wp-json\/wp\/v2\/posts\/104331\/revisions"}],"predecessor-version":[{"id":104333,"href":"https:\/\/redenoticiaz.com.br\/ribeiraopreto-regiao\/wp-json\/wp\/v2\/posts\/104331\/revisions\/104333"}],"wp:featuredmedia":[{"embeddable":true,"href":"https:\/\/redenoticiaz.com.br\/ribeiraopreto-regiao\/wp-json\/wp\/v2\/media\/104332"}],"wp:attachment":[{"href":"https:\/\/redenoticiaz.com.br\/ribeiraopreto-regiao\/wp-json\/wp\/v2\/media?parent=104331"}],"wp:term":[{"taxonomy":"category","embeddable":true,"href":"https:\/\/redenoticiaz.com.br\/ribeiraopreto-regiao\/wp-json\/wp\/v2\/categories?post=104331"},{"taxonomy":"post_tag","embeddable":true,"href":"https:\/\/redenoticiaz.com.br\/ribeiraopreto-regiao\/wp-json\/wp\/v2\/tags?post=104331"}],"curies":[{"name":"wp","href":"https:\/\/api.w.org\/{rel}","templated":true}]}}