{"id":104674,"date":"2023-05-03T08:39:42","date_gmt":"2023-05-03T11:39:42","guid":{"rendered":"https:\/\/redenoticiaz.com.br\/barretos-regiao\/sp\/2023\/05\/03\/ex-ajudante-de-bolsonaro-e-preso-em-operacao-da-pf"},"modified":"2023-05-03T08:39:42","modified_gmt":"2023-05-03T11:39:42","slug":"ex-ajudante-de-bolsonaro-e-preso-em-operacao-da-pf","status":"publish","type":"post","link":"https:\/\/redenoticiaz.com.br\/ribeiraopreto-regiao\/sp\/2023\/05\/03\/ex-ajudante-de-bolsonaro-e-preso-em-operacao-da-pf","title":{"rendered":"Ex-ajudante de Bolsonaro \u00e9 preso em opera\u00e7\u00e3o da PF"},"content":{"rendered":"<div id=\"chunk-32ok\">\n<div class=\"mc-column content-text active-extra-styles \" data-block-type=\"unstyled\" data-block-weight=\"32\" data-block-id=\"3\">\n<p class=\"content-text__container \" data-track-category=\"Link no Texto\" data-track-links=\"\">A Pol\u00edcia Federal faz buscas na manh\u00e3 desta quarta-feira (3) na casa do ex-presidente Jair Bolsonaro em Bras\u00edlia. Entre os pertences apreendidos est\u00e1 um celular. Al\u00e9m disso, os policiais tamb\u00e9m<strong> prenderam o ex-ajudante de ordens de Bolsonaro, tenente-coronel Mauro Cid Barbosa<\/strong> e mais cinco pessoas. Tudo por conta de fraudes nas informa\u00e7\u00f5es do Minist\u00e9rio da Sa\u00fade.<\/p>\n<\/div>\n<\/div>\n<div class=\"wall protected-content\">\n<div id=\"chunk-52o8d\">\n<div class=\"mc-column content-text active-extra-styles \" data-block-type=\"unstyled\" data-block-weight=\"22\" data-block-id=\"4\">\n<p class=\"content-text__container \" data-track-category=\"Link no Texto\" data-track-links=\"\"><span class=\"highlight highlighted\">Embora as buscas tenham sido feitas na casa do ex-presidente, a PF explica que Jair Bolsonaro n\u00e3o foi alvo de mandado de pris\u00e3o. No entanto, ele deve prestar depoimento ainda nesta quarta na Pol\u00edcia Federal em Bras\u00edlia<\/span>.<\/p>\n<\/div>\n<\/div>\n<div id=\"chunk-87vca\">\n<div class=\"mc-column content-text active-extra-styles \" data-block-type=\"unstyled\" data-block-weight=\"21\" data-block-id=\"5\">\n<p class=\"content-text__container \" data-track-category=\"Link no Texto\" data-track-links=\"\">A opera\u00e7\u00e3o autorizada pelo ministro Alexandre de Moraes, dentro do inqu\u00e9rito das &#8220;mil\u00edcias digitais&#8221; que j\u00e1 tramita no Supremo Tribunal Federal.<\/p>\n<\/div>\n<\/div>\n<div id=\"chunk-3t6cl\">\n<div class=\"mc-column content-text active-extra-styles \" data-block-type=\"unstyled\" data-block-weight=\"21\" data-block-id=\"7\">\n<p class=\"content-text__container \" data-track-category=\"Link no Texto\" data-track-links=\"\">A corpora\u00e7\u00e3o investiga um grupo suspeito de <span class=\"highlight highlighted\">inserir dados falsos de vacina\u00e7\u00e3o contra a <\/span><span class=\"highlight highlighted\">Covid-19<\/span><span class=\"highlight highlighted\"> nos sistemas do <\/span><span class=\"highlight highlighted\">Minist\u00e9rio da Sa\u00fade<\/span>. &#8220;Com isso, tais pessoas puderam emitir os respectivos certificados de vacina\u00e7\u00e3o e utiliz\u00e1-los para burlarem as restri\u00e7\u00f5es sanit\u00e1rias vigentes imposta pelos poderes p\u00fablicos (Brasil e Estados Unidos) destinadas a impedir a propaga\u00e7\u00e3o de doen\u00e7a contagiosa, no caso, a pandemia de Covid&#8221;, diz a Pol\u00edcia Federal.<\/p>\n<p class=\"content-text__container \" data-track-category=\"Link no Texto\" data-track-links=\"\">Segundo o apurado at\u00e9 o momento, os certificados de vacina\u00e7\u00e3o teriam sido forjados pelo pr\u00f3prio ex-presidente Jair Bolsonaro, da filha de Bolsonaro, Laura Bolsonaro, hoje com 12 anos e tamb\u00e9m do ex-ajudante de ordens Mauro Cid Barbosa, da mulher e da filha dele.<\/p>\n<div id=\"chunk-5ispv\">\n<div class=\"mc-column content-text active-extra-styles \" data-block-type=\"unstyled\" data-block-weight=\"41\" data-block-id=\"12\">\n<p class=\"content-text__container \" data-track-category=\"Link no Texto\" data-track-links=\"\">Essa suposta falsifica\u00e7\u00e3o teria o objetivo de garantir a entrada de Bolsonaro, familiares e auxiliares pr\u00f3ximos nos Estados Unidos, burlando a regra de vacina\u00e7\u00e3o obrigat\u00f3ria. A PF ainda investiga a situa\u00e7\u00e3o de outros membros da comitiva, como a ex-primeira-dama Michelle Bolsonaro.<\/p>\n<p data-track-category=\"Link no Texto\" data-track-links=\"\">Os agentes cumprem 16 mandados de busca e apreens\u00e3o e seis mandados de pris\u00e3o preventiva, em Bras\u00edlia e no Rio de Janeiro.<\/p>\n<h3 data-track-category=\"Link no Texto\">A investiga\u00e7\u00e3o<\/h3>\n<div id=\"chunk-8lls3\">\n<div class=\"mc-column content-text active-extra-styles \" data-block-type=\"unstyled\" data-block-weight=\"41\" data-block-id=\"21\">\n<p class=\"content-text__container \" data-track-category=\"Link no Texto\" data-track-links=\"\">A inclus\u00e3o dos dados falsos aconteceu entre novembro de 2021 e dezembro do ano passado. As pessoas beneficiadas conseguiram emitir certificados de vacina\u00e7\u00e3o e usar para burlar restri\u00e7\u00f5es sanit\u00e1rias impostas pelos governos do Brasil e dos Estados Unidos, segundo os investigadores.<\/p>\n<\/div>\n<\/div>\n<div id=\"chunk-es3t5\">\n<div class=\"mc-column content-text active-extra-styles \" data-block-type=\"unstyled\" data-block-weight=\"33\" data-block-id=\"22\">\n<p class=\"content-text__container \" data-track-category=\"Link no Texto\" data-track-links=\"\">A Pol\u00edcia Federal afirma que o objetivo do grupo seria &#8220;manter coeso o elemento identit\u00e1rio em rela\u00e7\u00e3o a suas pautas ideol\u00f3gicas&#8221; e &#8220;sustentar o discurso voltado aos ataques \u00e0 vacina\u00e7\u00e3o contra a Covid-19&#8221;.<\/p>\n<p data-track-category=\"Link no Texto\" data-track-links=\"\"><strong>LEIA TAMB\u00c9M<\/strong><\/p>\n<p data-track-category=\"Link no Texto\" data-track-links=\"\"><a href=\"https:\/\/redenoticiaz.com.br\/blog\/2023\/05\/01\/video-aviao-de-pequeno-porte-passa-perto-de-homem-na-agrishow\">V\u00eddeo \u2013 Avi\u00e3o de pequeno porte passa perto de homem na Agrishow<\/a><\/p>\n<\/div>\n<\/div>\n<\/div>\n<\/div>\n<\/div>\n<\/div>\n<\/div>\n","protected":false},"excerpt":{"rendered":"<p>A Pol\u00edcia Federal faz buscas na manh\u00e3 desta quarta-feira (3) na casa do ex-presidente Jair Bolsonaro em Bras\u00edlia. Entre os pertences apreendidos est\u00e1 um celular. Al\u00e9m disso, os policiais tamb\u00e9m prenderam o ex-ajudante de ordens de Bolsonaro, tenente-coronel Mauro Cid Barbosa e mais cinco pessoas. Tudo por conta de fraudes nas informa\u00e7\u00f5es do Minist\u00e9rio da &hellip;<\/p>\n","protected":false},"author":6,"featured_media":104675,"comment_status":"open","ping_status":"closed","sticky":false,"template":"","format":"standard","meta":{"footnotes":""},"categories":[88,186],"tags":[2588,25675,23811,24030,1314,3681],"class_list":["post-104674","post","type-post","status-publish","format-standard","has-post-thumbnail","hentry","category-policia","category-politica","tag-brasilia","tag-buscas","tag-ex-presidente-jair-bolsonaro","tag-falsificacao","tag-ministerio-da-saude","tag-policia-federal"],"yoast_head":"<!-- This site is optimized with the Yoast SEO plugin v27.4 - https:\/\/yoast.com\/product\/yoast-seo-wordpress\/ -->\n<title>Ex-ajudante de Bolsonaro \u00e9 preso em opera\u00e7\u00e3o da PF - Ribeir\u00e3o Preto e Regi\u00e3o<\/title>\n<meta name=\"description\" content=\"os pertences apreendidos est\u00e1 um celular. Al\u00e9m disso, os policiais tamb\u00e9m prenderam o ex-ajudante de ordens de Bolsonaro,\" \/>\n<meta name=\"robots\" content=\"index, follow, max-snippet:-1, max-image-preview:large, max-video-preview:-1\" \/>\n<link rel=\"canonical\" href=\"https:\/\/redenoticiaz.com.br\/ribeiraopreto-regiao\/sp\/2023\/05\/03\/ex-ajudante-de-bolsonaro-e-preso-em-operacao-da-pf\" \/>\n<meta property=\"og:locale\" content=\"pt_BR\" \/>\n<meta property=\"og:type\" content=\"article\" \/>\n<meta property=\"og:title\" content=\"Ex-ajudante de Bolsonaro \u00e9 preso em opera\u00e7\u00e3o da PF - Ribeir\u00e3o Preto e Regi\u00e3o\" \/>\n<meta property=\"og:description\" content=\"os pertences apreendidos est\u00e1 um celular. Al\u00e9m disso, os policiais tamb\u00e9m prenderam o ex-ajudante de ordens de Bolsonaro,\" \/>\n<meta property=\"og:url\" content=\"https:\/\/redenoticiaz.com.br\/ribeiraopreto-regiao\/sp\/2023\/05\/03\/ex-ajudante-de-bolsonaro-e-preso-em-operacao-da-pf\" \/>\n<meta property=\"og:site_name\" content=\"Ribeir\u00e3o Preto e Regi\u00e3o\" \/>\n<meta property=\"article:publisher\" content=\"https:\/\/m.facebook.com\/redenoticiaz.barretos\" \/>\n<meta property=\"article:published_time\" content=\"2023-05-03T11:39:42+00:00\" \/>\n<meta property=\"og:image\" content=\"https:\/\/redenoticiaz.com.br\/ribeiraopreto-regiao\/wp-content\/uploads\/sites\/4\/2022\/02\/logo.jpg\" \/>\n\t<meta property=\"og:image:width\" content=\"400\" \/>\n\t<meta property=\"og:image:height\" content=\"250\" \/>\n\t<meta property=\"og:image:type\" content=\"image\/jpeg\" \/>\n<meta name=\"author\" content=\"Leonardo Francisco\" \/>\n<meta name=\"twitter:card\" content=\"summary_large_image\" \/>\n<meta name=\"twitter:creator\" content=\"@RN_barretos\" \/>\n<meta name=\"twitter:site\" content=\"@RN_barretos\" \/>\n<meta name=\"twitter:label1\" content=\"Escrito por\" \/>\n\t<meta name=\"twitter:data1\" content=\"Leonardo Francisco\" \/>\n\t<meta name=\"twitter:label2\" content=\"Est. tempo de leitura\" \/>\n\t<meta name=\"twitter:data2\" content=\"3 minutos\" \/>\n<script type=\"application\/ld+json\" class=\"yoast-schema-graph\">{\"@context\":\"https:\\\/\\\/schema.org\",\"@graph\":[{\"@type\":\"Article\",\"@id\":\"https:\\\/\\\/redenoticiaz.com.br\\\/ribeiraopreto-regiao\\\/sp\\\/2023\\\/05\\\/03\\\/ex-ajudante-de-bolsonaro-e-preso-em-operacao-da-pf#article\",\"isPartOf\":{\"@id\":\"https:\\\/\\\/redenoticiaz.com.br\\\/ribeiraopreto-regiao\\\/sp\\\/2023\\\/05\\\/03\\\/ex-ajudante-de-bolsonaro-e-preso-em-operacao-da-pf\"},\"author\":{\"name\":\"Leonardo Francisco\",\"@id\":\"https:\\\/\\\/redenoticiaz.com.br\\\/ribeiraopreto-regiao\\\/#\\\/schema\\\/person\\\/0f0b8a5bdafefe82841e07ae8d81ecb3\"},\"headline\":\"Ex-ajudante de Bolsonaro \u00e9 preso em opera\u00e7\u00e3o da PF\",\"datePublished\":\"2023-05-03T11:39:42+00:00\",\"mainEntityOfPage\":{\"@id\":\"https:\\\/\\\/redenoticiaz.com.br\\\/ribeiraopreto-regiao\\\/sp\\\/2023\\\/05\\\/03\\\/ex-ajudante-de-bolsonaro-e-preso-em-operacao-da-pf\"},\"wordCount\":429,\"commentCount\":0,\"publisher\":{\"@id\":\"https:\\\/\\\/redenoticiaz.com.br\\\/ribeiraopreto-regiao\\\/#organization\"},\"image\":{\"@id\":\"https:\\\/\\\/redenoticiaz.com.br\\\/ribeiraopreto-regiao\\\/sp\\\/2023\\\/05\\\/03\\\/ex-ajudante-de-bolsonaro-e-preso-em-operacao-da-pf#primaryimage\"},\"thumbnailUrl\":\"https:\\\/\\\/redenoticiaz.com.br\\\/ribeiraopreto-regiao\\\/wp-content\\\/uploads\\\/sites\\\/4\\\/2023\\\/05\\\/capa-2023-04-28t110541605.jpg?v=1683113927\",\"keywords\":[\"BRAS\u00cdLIA\",\"buscas\",\"EX-PRESIDENTE JAIR BOLSONARO\",\"falsifica\u00e7\u00e3o\",\"Minist\u00e9rio da Sa\u00fade\",\"policia federal\"],\"articleSection\":[\"Pol\u00edcia\",\"Pol\u00edtica\"],\"inLanguage\":\"pt-BR\",\"potentialAction\":[{\"@type\":\"CommentAction\",\"name\":\"Comment\",\"target\":[\"https:\\\/\\\/redenoticiaz.com.br\\\/ribeiraopreto-regiao\\\/sp\\\/2023\\\/05\\\/03\\\/ex-ajudante-de-bolsonaro-e-preso-em-operacao-da-pf#respond\"]}]},{\"@type\":\"WebPage\",\"@id\":\"https:\\\/\\\/redenoticiaz.com.br\\\/ribeiraopreto-regiao\\\/sp\\\/2023\\\/05\\\/03\\\/ex-ajudante-de-bolsonaro-e-preso-em-operacao-da-pf\",\"url\":\"https:\\\/\\\/redenoticiaz.com.br\\\/ribeiraopreto-regiao\\\/sp\\\/2023\\\/05\\\/03\\\/ex-ajudante-de-bolsonaro-e-preso-em-operacao-da-pf\",\"name\":\"Ex-ajudante de Bolsonaro \u00e9 preso em opera\u00e7\u00e3o da PF - Ribeir\u00e3o Preto e Regi\u00e3o\",\"isPartOf\":{\"@id\":\"https:\\\/\\\/redenoticiaz.com.br\\\/ribeiraopreto-regiao\\\/#website\"},\"primaryImageOfPage\":{\"@id\":\"https:\\\/\\\/redenoticiaz.com.br\\\/ribeiraopreto-regiao\\\/sp\\\/2023\\\/05\\\/03\\\/ex-ajudante-de-bolsonaro-e-preso-em-operacao-da-pf#primaryimage\"},\"image\":{\"@id\":\"https:\\\/\\\/redenoticiaz.com.br\\\/ribeiraopreto-regiao\\\/sp\\\/2023\\\/05\\\/03\\\/ex-ajudante-de-bolsonaro-e-preso-em-operacao-da-pf#primaryimage\"},\"thumbnailUrl\":\"https:\\\/\\\/redenoticiaz.com.br\\\/ribeiraopreto-regiao\\\/wp-content\\\/uploads\\\/sites\\\/4\\\/2023\\\/05\\\/capa-2023-04-28t110541605.jpg?v=1683113927\",\"datePublished\":\"2023-05-03T11:39:42+00:00\",\"description\":\"os pertences apreendidos est\u00e1 um celular. Al\u00e9m disso, os policiais tamb\u00e9m prenderam o ex-ajudante de ordens de Bolsonaro,\",\"inLanguage\":\"pt-BR\",\"potentialAction\":[{\"@type\":\"ReadAction\",\"target\":[\"https:\\\/\\\/redenoticiaz.com.br\\\/ribeiraopreto-regiao\\\/sp\\\/2023\\\/05\\\/03\\\/ex-ajudante-de-bolsonaro-e-preso-em-operacao-da-pf\"]}]},{\"@type\":\"ImageObject\",\"inLanguage\":\"pt-BR\",\"@id\":\"https:\\\/\\\/redenoticiaz.com.br\\\/ribeiraopreto-regiao\\\/sp\\\/2023\\\/05\\\/03\\\/ex-ajudante-de-bolsonaro-e-preso-em-operacao-da-pf#primaryimage\",\"url\":\"https:\\\/\\\/redenoticiaz.com.br\\\/ribeiraopreto-regiao\\\/wp-content\\\/uploads\\\/sites\\\/4\\\/2023\\\/05\\\/capa-2023-04-28t110541605.jpg?v=1683113927\",\"contentUrl\":\"https:\\\/\\\/redenoticiaz.com.br\\\/ribeiraopreto-regiao\\\/wp-content\\\/uploads\\\/sites\\\/4\\\/2023\\\/05\\\/capa-2023-04-28t110541605.jpg?v=1683113927\",\"width\":1200,\"height\":900,\"caption\":\"Cr\u00e9ditos: Reprodu\u00e7\u00e3o\"},{\"@type\":\"WebSite\",\"@id\":\"https:\\\/\\\/redenoticiaz.com.br\\\/ribeiraopreto-regiao\\\/#website\",\"url\":\"https:\\\/\\\/redenoticiaz.com.br\\\/ribeiraopreto-regiao\\\/\",\"name\":\"Ribeir\u00e3o Preto e Regi\u00e3o\",\"description\":\"Rede NoticiaZ - Ribeir\u00e3o Preto e regi\u00e3o\",\"publisher\":{\"@id\":\"https:\\\/\\\/redenoticiaz.com.br\\\/ribeiraopreto-regiao\\\/#organization\"},\"potentialAction\":[{\"@type\":\"SearchAction\",\"target\":{\"@type\":\"EntryPoint\",\"urlTemplate\":\"https:\\\/\\\/redenoticiaz.com.br\\\/ribeiraopreto-regiao\\\/?s={search_term_string}\"},\"query-input\":{\"@type\":\"PropertyValueSpecification\",\"valueRequired\":true,\"valueName\":\"search_term_string\"}}],\"inLanguage\":\"pt-BR\"},{\"@type\":\"Organization\",\"@id\":\"https:\\\/\\\/redenoticiaz.com.br\\\/ribeiraopreto-regiao\\\/#organization\",\"name\":\"Ribeir\u00e3o Preto e Regi\u00e3o\",\"url\":\"https:\\\/\\\/redenoticiaz.com.br\\\/ribeiraopreto-regiao\\\/\",\"logo\":{\"@type\":\"ImageObject\",\"inLanguage\":\"pt-BR\",\"@id\":\"https:\\\/\\\/redenoticiaz.com.br\\\/ribeiraopreto-regiao\\\/#\\\/schema\\\/logo\\\/image\\\/\",\"url\":\"https:\\\/\\\/redenoticiaz.com.br\\\/barretos-regiao\\\/wp-content\\\/uploads\\\/sites\\\/4\\\/2022\\\/02\\\/logo.jpg\",\"contentUrl\":\"https:\\\/\\\/redenoticiaz.com.br\\\/barretos-regiao\\\/wp-content\\\/uploads\\\/sites\\\/4\\\/2022\\\/02\\\/logo.jpg\",\"width\":400,\"height\":250,\"caption\":\"Ribeir\u00e3o Preto e Regi\u00e3o\"},\"image\":{\"@id\":\"https:\\\/\\\/redenoticiaz.com.br\\\/ribeiraopreto-regiao\\\/#\\\/schema\\\/logo\\\/image\\\/\"},\"sameAs\":[\"https:\\\/\\\/m.facebook.com\\\/redenoticiaz.barretos\",\"https:\\\/\\\/x.com\\\/RN_barretos\",\"https:\\\/\\\/www.instagram.com\\\/redenoticiaz.barretos\\\/?igshid=YmMyMTA2M2Y\",\"https:\\\/\\\/www.linkedin.com\\\/company\\\/rede-noticiaz-barretos-e-regio\\\/\"]},{\"@type\":\"Person\",\"@id\":\"https:\\\/\\\/redenoticiaz.com.br\\\/ribeiraopreto-regiao\\\/#\\\/schema\\\/person\\\/0f0b8a5bdafefe82841e07ae8d81ecb3\",\"name\":\"Leonardo Francisco\",\"image\":{\"@type\":\"ImageObject\",\"inLanguage\":\"pt-BR\",\"@id\":\"https:\\\/\\\/secure.gravatar.com\\\/avatar\\\/a7358cb406a99b682ec6df1e77e31ae82e63601f6784e8a3df411d72b37864da?s=96&d=mm&r=g\",\"url\":\"https:\\\/\\\/secure.gravatar.com\\\/avatar\\\/a7358cb406a99b682ec6df1e77e31ae82e63601f6784e8a3df411d72b37864da?s=96&d=mm&r=g\",\"contentUrl\":\"https:\\\/\\\/secure.gravatar.com\\\/avatar\\\/a7358cb406a99b682ec6df1e77e31ae82e63601f6784e8a3df411d72b37864da?s=96&d=mm&r=g\",\"caption\":\"Leonardo Francisco\"},\"url\":\"https:\\\/\\\/redenoticiaz.com.br\\\/ribeiraopreto-regiao\\\/sp\\\/author\\\/leonardo-francisco\"}]}<\/script>\n<!-- \/ Yoast SEO plugin. -->","yoast_head_json":{"title":"Ex-ajudante de Bolsonaro \u00e9 preso em opera\u00e7\u00e3o da PF - Ribeir\u00e3o Preto e Regi\u00e3o","description":"os pertences apreendidos est\u00e1 um celular. Al\u00e9m disso, os policiais tamb\u00e9m prenderam o ex-ajudante de ordens de Bolsonaro,","robots":{"index":"index","follow":"follow","max-snippet":"max-snippet:-1","max-image-preview":"max-image-preview:large","max-video-preview":"max-video-preview:-1"},"canonical":"https:\/\/redenoticiaz.com.br\/ribeiraopreto-regiao\/sp\/2023\/05\/03\/ex-ajudante-de-bolsonaro-e-preso-em-operacao-da-pf","og_locale":"pt_BR","og_type":"article","og_title":"Ex-ajudante de Bolsonaro \u00e9 preso em opera\u00e7\u00e3o da PF - Ribeir\u00e3o Preto e Regi\u00e3o","og_description":"os pertences apreendidos est\u00e1 um celular. Al\u00e9m disso, os policiais tamb\u00e9m prenderam o ex-ajudante de ordens de Bolsonaro,","og_url":"https:\/\/redenoticiaz.com.br\/ribeiraopreto-regiao\/sp\/2023\/05\/03\/ex-ajudante-de-bolsonaro-e-preso-em-operacao-da-pf","og_site_name":"Ribeir\u00e3o Preto e Regi\u00e3o","article_publisher":"https:\/\/m.facebook.com\/redenoticiaz.barretos","article_published_time":"2023-05-03T11:39:42+00:00","og_image":[{"width":400,"height":250,"url":"https:\/\/redenoticiaz.com.br\/ribeiraopreto-regiao\/wp-content\/uploads\/sites\/4\/2022\/02\/logo.jpg","type":"image\/jpeg"}],"author":"Leonardo Francisco","twitter_card":"summary_large_image","twitter_creator":"@RN_barretos","twitter_site":"@RN_barretos","twitter_misc":{"Escrito por":"Leonardo Francisco","Est. tempo de leitura":"3 minutos"},"schema":{"@context":"https:\/\/schema.org","@graph":[{"@type":"Article","@id":"https:\/\/redenoticiaz.com.br\/ribeiraopreto-regiao\/sp\/2023\/05\/03\/ex-ajudante-de-bolsonaro-e-preso-em-operacao-da-pf#article","isPartOf":{"@id":"https:\/\/redenoticiaz.com.br\/ribeiraopreto-regiao\/sp\/2023\/05\/03\/ex-ajudante-de-bolsonaro-e-preso-em-operacao-da-pf"},"author":{"name":"Leonardo Francisco","@id":"https:\/\/redenoticiaz.com.br\/ribeiraopreto-regiao\/#\/schema\/person\/0f0b8a5bdafefe82841e07ae8d81ecb3"},"headline":"Ex-ajudante de Bolsonaro \u00e9 preso em opera\u00e7\u00e3o da PF","datePublished":"2023-05-03T11:39:42+00:00","mainEntityOfPage":{"@id":"https:\/\/redenoticiaz.com.br\/ribeiraopreto-regiao\/sp\/2023\/05\/03\/ex-ajudante-de-bolsonaro-e-preso-em-operacao-da-pf"},"wordCount":429,"commentCount":0,"publisher":{"@id":"https:\/\/redenoticiaz.com.br\/ribeiraopreto-regiao\/#organization"},"image":{"@id":"https:\/\/redenoticiaz.com.br\/ribeiraopreto-regiao\/sp\/2023\/05\/03\/ex-ajudante-de-bolsonaro-e-preso-em-operacao-da-pf#primaryimage"},"thumbnailUrl":"https:\/\/redenoticiaz.com.br\/ribeiraopreto-regiao\/wp-content\/uploads\/sites\/4\/2023\/05\/capa-2023-04-28t110541605.jpg?v=1683113927","keywords":["BRAS\u00cdLIA","buscas","EX-PRESIDENTE JAIR BOLSONARO","falsifica\u00e7\u00e3o","Minist\u00e9rio da Sa\u00fade","policia federal"],"articleSection":["Pol\u00edcia","Pol\u00edtica"],"inLanguage":"pt-BR","potentialAction":[{"@type":"CommentAction","name":"Comment","target":["https:\/\/redenoticiaz.com.br\/ribeiraopreto-regiao\/sp\/2023\/05\/03\/ex-ajudante-de-bolsonaro-e-preso-em-operacao-da-pf#respond"]}]},{"@type":"WebPage","@id":"https:\/\/redenoticiaz.com.br\/ribeiraopreto-regiao\/sp\/2023\/05\/03\/ex-ajudante-de-bolsonaro-e-preso-em-operacao-da-pf","url":"https:\/\/redenoticiaz.com.br\/ribeiraopreto-regiao\/sp\/2023\/05\/03\/ex-ajudante-de-bolsonaro-e-preso-em-operacao-da-pf","name":"Ex-ajudante de Bolsonaro \u00e9 preso em opera\u00e7\u00e3o da PF - Ribeir\u00e3o Preto e Regi\u00e3o","isPartOf":{"@id":"https:\/\/redenoticiaz.com.br\/ribeiraopreto-regiao\/#website"},"primaryImageOfPage":{"@id":"https:\/\/redenoticiaz.com.br\/ribeiraopreto-regiao\/sp\/2023\/05\/03\/ex-ajudante-de-bolsonaro-e-preso-em-operacao-da-pf#primaryimage"},"image":{"@id":"https:\/\/redenoticiaz.com.br\/ribeiraopreto-regiao\/sp\/2023\/05\/03\/ex-ajudante-de-bolsonaro-e-preso-em-operacao-da-pf#primaryimage"},"thumbnailUrl":"https:\/\/redenoticiaz.com.br\/ribeiraopreto-regiao\/wp-content\/uploads\/sites\/4\/2023\/05\/capa-2023-04-28t110541605.jpg?v=1683113927","datePublished":"2023-05-03T11:39:42+00:00","description":"os pertences apreendidos est\u00e1 um celular. Al\u00e9m disso, os policiais tamb\u00e9m prenderam o ex-ajudante de ordens de Bolsonaro,","inLanguage":"pt-BR","potentialAction":[{"@type":"ReadAction","target":["https:\/\/redenoticiaz.com.br\/ribeiraopreto-regiao\/sp\/2023\/05\/03\/ex-ajudante-de-bolsonaro-e-preso-em-operacao-da-pf"]}]},{"@type":"ImageObject","inLanguage":"pt-BR","@id":"https:\/\/redenoticiaz.com.br\/ribeiraopreto-regiao\/sp\/2023\/05\/03\/ex-ajudante-de-bolsonaro-e-preso-em-operacao-da-pf#primaryimage","url":"https:\/\/redenoticiaz.com.br\/ribeiraopreto-regiao\/wp-content\/uploads\/sites\/4\/2023\/05\/capa-2023-04-28t110541605.jpg?v=1683113927","contentUrl":"https:\/\/redenoticiaz.com.br\/ribeiraopreto-regiao\/wp-content\/uploads\/sites\/4\/2023\/05\/capa-2023-04-28t110541605.jpg?v=1683113927","width":1200,"height":900,"caption":"Cr\u00e9ditos: Reprodu\u00e7\u00e3o"},{"@type":"WebSite","@id":"https:\/\/redenoticiaz.com.br\/ribeiraopreto-regiao\/#website","url":"https:\/\/redenoticiaz.com.br\/ribeiraopreto-regiao\/","name":"Ribeir\u00e3o Preto e Regi\u00e3o","description":"Rede NoticiaZ - Ribeir\u00e3o Preto e regi\u00e3o","publisher":{"@id":"https:\/\/redenoticiaz.com.br\/ribeiraopreto-regiao\/#organization"},"potentialAction":[{"@type":"SearchAction","target":{"@type":"EntryPoint","urlTemplate":"https:\/\/redenoticiaz.com.br\/ribeiraopreto-regiao\/?s={search_term_string}"},"query-input":{"@type":"PropertyValueSpecification","valueRequired":true,"valueName":"search_term_string"}}],"inLanguage":"pt-BR"},{"@type":"Organization","@id":"https:\/\/redenoticiaz.com.br\/ribeiraopreto-regiao\/#organization","name":"Ribeir\u00e3o Preto e Regi\u00e3o","url":"https:\/\/redenoticiaz.com.br\/ribeiraopreto-regiao\/","logo":{"@type":"ImageObject","inLanguage":"pt-BR","@id":"https:\/\/redenoticiaz.com.br\/ribeiraopreto-regiao\/#\/schema\/logo\/image\/","url":"https:\/\/redenoticiaz.com.br\/barretos-regiao\/wp-content\/uploads\/sites\/4\/2022\/02\/logo.jpg","contentUrl":"https:\/\/redenoticiaz.com.br\/barretos-regiao\/wp-content\/uploads\/sites\/4\/2022\/02\/logo.jpg","width":400,"height":250,"caption":"Ribeir\u00e3o Preto e Regi\u00e3o"},"image":{"@id":"https:\/\/redenoticiaz.com.br\/ribeiraopreto-regiao\/#\/schema\/logo\/image\/"},"sameAs":["https:\/\/m.facebook.com\/redenoticiaz.barretos","https:\/\/x.com\/RN_barretos","https:\/\/www.instagram.com\/redenoticiaz.barretos\/?igshid=YmMyMTA2M2Y","https:\/\/www.linkedin.com\/company\/rede-noticiaz-barretos-e-regio\/"]},{"@type":"Person","@id":"https:\/\/redenoticiaz.com.br\/ribeiraopreto-regiao\/#\/schema\/person\/0f0b8a5bdafefe82841e07ae8d81ecb3","name":"Leonardo Francisco","image":{"@type":"ImageObject","inLanguage":"pt-BR","@id":"https:\/\/secure.gravatar.com\/avatar\/a7358cb406a99b682ec6df1e77e31ae82e63601f6784e8a3df411d72b37864da?s=96&d=mm&r=g","url":"https:\/\/secure.gravatar.com\/avatar\/a7358cb406a99b682ec6df1e77e31ae82e63601f6784e8a3df411d72b37864da?s=96&d=mm&r=g","contentUrl":"https:\/\/secure.gravatar.com\/avatar\/a7358cb406a99b682ec6df1e77e31ae82e63601f6784e8a3df411d72b37864da?s=96&d=mm&r=g","caption":"Leonardo Francisco"},"url":"https:\/\/redenoticiaz.com.br\/ribeiraopreto-regiao\/sp\/author\/leonardo-francisco"}]}},"_links":{"self":[{"href":"https:\/\/redenoticiaz.com.br\/ribeiraopreto-regiao\/wp-json\/wp\/v2\/posts\/104674","targetHints":{"allow":["GET"]}}],"collection":[{"href":"https:\/\/redenoticiaz.com.br\/ribeiraopreto-regiao\/wp-json\/wp\/v2\/posts"}],"about":[{"href":"https:\/\/redenoticiaz.com.br\/ribeiraopreto-regiao\/wp-json\/wp\/v2\/types\/post"}],"author":[{"embeddable":true,"href":"https:\/\/redenoticiaz.com.br\/ribeiraopreto-regiao\/wp-json\/wp\/v2\/users\/6"}],"replies":[{"embeddable":true,"href":"https:\/\/redenoticiaz.com.br\/ribeiraopreto-regiao\/wp-json\/wp\/v2\/comments?post=104674"}],"version-history":[{"count":1,"href":"https:\/\/redenoticiaz.com.br\/ribeiraopreto-regiao\/wp-json\/wp\/v2\/posts\/104674\/revisions"}],"predecessor-version":[{"id":104676,"href":"https:\/\/redenoticiaz.com.br\/ribeiraopreto-regiao\/wp-json\/wp\/v2\/posts\/104674\/revisions\/104676"}],"wp:featuredmedia":[{"embeddable":true,"href":"https:\/\/redenoticiaz.com.br\/ribeiraopreto-regiao\/wp-json\/wp\/v2\/media\/104675"}],"wp:attachment":[{"href":"https:\/\/redenoticiaz.com.br\/ribeiraopreto-regiao\/wp-json\/wp\/v2\/media?parent=104674"}],"wp:term":[{"taxonomy":"category","embeddable":true,"href":"https:\/\/redenoticiaz.com.br\/ribeiraopreto-regiao\/wp-json\/wp\/v2\/categories?post=104674"},{"taxonomy":"post_tag","embeddable":true,"href":"https:\/\/redenoticiaz.com.br\/ribeiraopreto-regiao\/wp-json\/wp\/v2\/tags?post=104674"}],"curies":[{"name":"wp","href":"https:\/\/api.w.org\/{rel}","templated":true}]}}