{"id":104912,"date":"2023-05-08T15:38:55","date_gmt":"2023-05-08T18:38:55","guid":{"rendered":"https:\/\/redenoticiaz.com.br\/barretos-regiao\/?p=104912"},"modified":"2023-05-08T15:38:55","modified_gmt":"2023-05-08T18:38:55","slug":"zona-azul-sera-retomada-em-barretos","status":"publish","type":"post","link":"https:\/\/redenoticiaz.com.br\/ribeiraopreto-regiao\/sp\/2023\/05\/08\/zona-azul-sera-retomada-em-barretos","title":{"rendered":"Zona Azul ser\u00e1 retomada em Barretos"},"content":{"rendered":"<div>A Prefeitura da Est\u00e2ncia Tur\u00edstica de Barretos, por meio da Secretaria Municipal de Ordem P\u00fablica, inicia nesta segunda-feira, dia 8, a fase educativa da retomada da cobran\u00e7a do estacionamento rotativo na \u00e1rea central, agora administrado pela empresa Serttel. Nesta primeira semana, os motoristas j\u00e1 poder\u00e3o adquirir os t\u00edquetes eletr\u00f4nicos para utiliza\u00e7\u00e3o das vagas.<\/div>\n<div><\/div>\n<div><\/div>\n<div>O ve\u00edculo de monitoramento, equipado com tecnologia de Reconhecimento \u00d3tico de Caracteres (OCR) passar\u00e1 a percorrer as vias em que h\u00e1 Zona Azul. &#8220;Teremos uma primeira semana com a\u00e7\u00e3o educativa, para que os motoristas possam baixar o aplicativo, aprenderem a usar e na pr\u00f3xima semana j\u00e1 haver\u00e1 o monitoramento de rotina, que pode resultar em multa por descumprimento&#8221;, destaca o secret\u00e1rio municipal de Ordem P\u00fablica, Luiz de Matos.<\/div>\n<div><\/div>\n<div><\/div>\n<div>Agentes da empresa respons\u00e1vel pela opera\u00e7\u00e3o do servi\u00e7o passam a percorrer os locais de Zona Azul para esclarecer d\u00favidas dos usu\u00e1rios e entregar folheto informativo sobre como utilizar o aplicativo.<\/div>\n<div><b>\u00a0<\/b><\/div>\n<div><\/div>\n<div><b>Como adquirir t\u00edquete de estacionamento<\/b><\/div>\n<div>Os usu\u00e1rios do servi\u00e7o poder\u00e3o adquirir os t\u00edquetes a partir do &#8220;Zona Azul Barretos&#8221;, aplicativo para smartphones que ficar\u00e1 dispon\u00edvel para ser baixado gratuitamente nas lojas Apple e Google Play.<\/div>\n<div><\/div>\n<div><\/div>\n<div>Ao baixar o aplicativo, o usu\u00e1rio j\u00e1 cadastra seus ve\u00edculos, faz a aquisi\u00e7\u00e3o de horas em cr\u00e9ditos virtuais e pode optar em pagar com cart\u00e3o de cr\u00e9dito, d\u00e9bito ou pix. Quando for estacionar, basta ativar seus t\u00edquetes. Outras possibilidades s\u00e3o a compra pela internet, no site https:\/\/www.zae.com.br\/barretos\/ ou em pontos de vendas localizados no com\u00e9rcio e distribu\u00eddos estrategicamente, em que o usu\u00e1rio ter\u00e1 ainda a possibilidade de pagamento com dinheiro em esp\u00e9cie.<\/div>\n<div><\/div>\n<div><\/div>\n<div>O valor cobrado para estacionar ser\u00e1 de R$ 2,46 por hora, com o prazo m\u00e1ximo de tr\u00eas horas, conforme sinaliza\u00e7\u00e3o no local.<\/div>\n<div><\/div>\n<div><\/div>\n<div><b>Monitoramento<\/b><\/div>\n<div>O recurso de OCR permite, atrav\u00e9s da capta\u00e7\u00e3o de imagens, a leitura da placa dos carros que est\u00e3o utilizando as vagas do estacionamento rotativo. Caso seja apurada irregularidade no estacionamento, como ve\u00edculo sem t\u00edquete ou com t\u00edquete vencido, o usu\u00e1rio ter\u00e1 48 horas para fazer a regulariza\u00e7\u00e3o atrav\u00e9s do aplicativo do estacionamento rotativo ou nos pontos de venda.<\/div>\n<div><\/div>\n<div><\/div>\n<div>Caso fa\u00e7a a regulariza\u00e7\u00e3o pelo aplicativo, o usu\u00e1rio ir\u00e1 pagar taxa de R$ 19,50 e, como incentivo para o uso regular do servi\u00e7o, receber\u00e1 b\u00f4nus de tr\u00eas horas para estacionamento.<\/div>\n<div><\/div>\n<div>Se o usu\u00e1rio n\u00e3o fizer a regulariza\u00e7\u00e3o em at\u00e9 48 horas, ser\u00e1 emitida a multa de tr\u00e2nsito por estacionamento irregular.<\/div>\n<div><\/div>\n<div><\/div>\n<div><b>Possibilidades do aplicativo<\/b><\/div>\n<div>O aplicativo permite verificar onde o ve\u00edculo ficou estacionado e, atrav\u00e9s de um mapa de calor, poder\u00e1 ajudar o usu\u00e1rio a localizar uma regi\u00e3o para estacionar mais facilmente.<\/div>\n<div><\/div>\n<div>VEJA TAMB\u00c9M:\u00a0<a href=\"https:\/\/redenoticiaz.com.br\/barretos-regiao\/sp\/2023\/05\/08\/defesa-civil-recebe-novos-equipamentos-de-protecao-individual\">Defesa Civil recebe novos Equipamentos de Prote\u00e7\u00e3o Individual<\/a><\/div>\n","protected":false},"excerpt":{"rendered":"<p>A Prefeitura da Est\u00e2ncia Tur\u00edstica de Barretos, por meio da Secretaria Municipal de Ordem P\u00fablica, inicia nesta segunda-feira, dia 8, a fase educativa da retomada da cobran\u00e7a do estacionamento rotativo na \u00e1rea central, agora administrado pela empresa Serttel. Nesta primeira semana, os motoristas j\u00e1 poder\u00e3o adquirir os t\u00edquetes eletr\u00f4nicos para utiliza\u00e7\u00e3o das vagas. O ve\u00edculo &hellip;<\/p>\n","protected":false},"author":30,"featured_media":104921,"comment_status":"open","ping_status":"closed","sticky":false,"template":"","format":"standard","meta":{"footnotes":""},"categories":[143],"tags":[1562,17076,26784,21124,3984],"class_list":["post-104912","post","type-post","status-publish","format-standard","has-post-thumbnail","hentry","category-transito","tag-aplicativo","tag-carros","tag-estacionamentos","tag-monitoramento","tag-zona-azul"],"yoast_head":"<!-- This site is optimized with the Yoast SEO plugin v27.4 - https:\/\/yoast.com\/product\/yoast-seo-wordpress\/ -->\n<title>Zona Azul ser\u00e1 retomada em Barretos - Ribeir\u00e3o Preto e Regi\u00e3o<\/title>\n<meta name=\"description\" content=\"Secretaria Municipal de Ordem P\u00fablica, inicia a fase educativa da retomada da cobran\u00e7a do estacionamento rotativo, da Zona Azul.\" \/>\n<meta name=\"robots\" content=\"index, follow, max-snippet:-1, max-image-preview:large, max-video-preview:-1\" \/>\n<link rel=\"canonical\" href=\"https:\/\/redenoticiaz.com.br\/ribeiraopreto-regiao\/sp\/2023\/05\/08\/zona-azul-sera-retomada-em-barretos\" \/>\n<meta property=\"og:locale\" content=\"pt_BR\" \/>\n<meta property=\"og:type\" content=\"article\" \/>\n<meta property=\"og:title\" content=\"Zona Azul ser\u00e1 retomada em Barretos - Ribeir\u00e3o Preto e Regi\u00e3o\" \/>\n<meta property=\"og:description\" content=\"Secretaria Municipal de Ordem P\u00fablica, inicia a fase educativa da retomada da cobran\u00e7a do estacionamento rotativo, da Zona Azul.\" \/>\n<meta property=\"og:url\" content=\"https:\/\/redenoticiaz.com.br\/ribeiraopreto-regiao\/sp\/2023\/05\/08\/zona-azul-sera-retomada-em-barretos\" \/>\n<meta property=\"og:site_name\" content=\"Ribeir\u00e3o Preto e Regi\u00e3o\" \/>\n<meta property=\"article:publisher\" content=\"https:\/\/m.facebook.com\/redenoticiaz.barretos\" \/>\n<meta property=\"article:published_time\" content=\"2023-05-08T18:38:55+00:00\" \/>\n<meta property=\"og:image\" content=\"https:\/\/redenoticiaz.com.br\/ribeiraopreto-regiao\/wp-content\/uploads\/sites\/4\/2023\/05\/73278a4a86960eeb576a8fd4c9ec6997.jpg\" \/>\n\t<meta property=\"og:image:width\" content=\"1024\" \/>\n\t<meta property=\"og:image:height\" content=\"681\" \/>\n\t<meta property=\"og:image:type\" content=\"image\/jpeg\" \/>\n<meta name=\"author\" content=\"Carina Reifonas\" \/>\n<meta name=\"twitter:card\" content=\"summary_large_image\" \/>\n<meta name=\"twitter:creator\" content=\"@RN_barretos\" \/>\n<meta name=\"twitter:site\" content=\"@RN_barretos\" \/>\n<meta name=\"twitter:label1\" content=\"Escrito por\" \/>\n\t<meta name=\"twitter:data1\" content=\"Carina Reifonas\" \/>\n\t<meta name=\"twitter:label2\" content=\"Est. tempo de leitura\" \/>\n\t<meta name=\"twitter:data2\" content=\"3 minutos\" \/>\n<script type=\"application\/ld+json\" class=\"yoast-schema-graph\">{\"@context\":\"https:\\\/\\\/schema.org\",\"@graph\":[{\"@type\":\"Article\",\"@id\":\"https:\\\/\\\/redenoticiaz.com.br\\\/ribeiraopreto-regiao\\\/sp\\\/2023\\\/05\\\/08\\\/zona-azul-sera-retomada-em-barretos#article\",\"isPartOf\":{\"@id\":\"https:\\\/\\\/redenoticiaz.com.br\\\/ribeiraopreto-regiao\\\/sp\\\/2023\\\/05\\\/08\\\/zona-azul-sera-retomada-em-barretos\"},\"author\":{\"name\":\"Carina Reifonas\",\"@id\":\"https:\\\/\\\/redenoticiaz.com.br\\\/ribeiraopreto-regiao\\\/#\\\/schema\\\/person\\\/1f84d6e94e6a62d2d81199d7503e9e90\"},\"headline\":\"Zona Azul ser\u00e1 retomada em Barretos\",\"datePublished\":\"2023-05-08T18:38:55+00:00\",\"mainEntityOfPage\":{\"@id\":\"https:\\\/\\\/redenoticiaz.com.br\\\/ribeiraopreto-regiao\\\/sp\\\/2023\\\/05\\\/08\\\/zona-azul-sera-retomada-em-barretos\"},\"wordCount\":501,\"commentCount\":0,\"publisher\":{\"@id\":\"https:\\\/\\\/redenoticiaz.com.br\\\/ribeiraopreto-regiao\\\/#organization\"},\"image\":{\"@id\":\"https:\\\/\\\/redenoticiaz.com.br\\\/ribeiraopreto-regiao\\\/sp\\\/2023\\\/05\\\/08\\\/zona-azul-sera-retomada-em-barretos#primaryimage\"},\"thumbnailUrl\":\"https:\\\/\\\/redenoticiaz.com.br\\\/ribeiraopreto-regiao\\\/wp-content\\\/uploads\\\/sites\\\/4\\\/2023\\\/05\\\/73278a4a86960eeb576a8fd4c9ec6997.jpg\",\"keywords\":[\"APLICATIVO\",\"Carros\",\"estacionamentos\",\"MONITORAMENTO\",\"ZONA AZUL\"],\"articleSection\":[\"Tr\u00e2nsito\"],\"inLanguage\":\"pt-BR\",\"potentialAction\":[{\"@type\":\"CommentAction\",\"name\":\"Comment\",\"target\":[\"https:\\\/\\\/redenoticiaz.com.br\\\/ribeiraopreto-regiao\\\/sp\\\/2023\\\/05\\\/08\\\/zona-azul-sera-retomada-em-barretos#respond\"]}]},{\"@type\":\"WebPage\",\"@id\":\"https:\\\/\\\/redenoticiaz.com.br\\\/ribeiraopreto-regiao\\\/sp\\\/2023\\\/05\\\/08\\\/zona-azul-sera-retomada-em-barretos\",\"url\":\"https:\\\/\\\/redenoticiaz.com.br\\\/ribeiraopreto-regiao\\\/sp\\\/2023\\\/05\\\/08\\\/zona-azul-sera-retomada-em-barretos\",\"name\":\"Zona Azul ser\u00e1 retomada em Barretos - Ribeir\u00e3o Preto e Regi\u00e3o\",\"isPartOf\":{\"@id\":\"https:\\\/\\\/redenoticiaz.com.br\\\/ribeiraopreto-regiao\\\/#website\"},\"primaryImageOfPage\":{\"@id\":\"https:\\\/\\\/redenoticiaz.com.br\\\/ribeiraopreto-regiao\\\/sp\\\/2023\\\/05\\\/08\\\/zona-azul-sera-retomada-em-barretos#primaryimage\"},\"image\":{\"@id\":\"https:\\\/\\\/redenoticiaz.com.br\\\/ribeiraopreto-regiao\\\/sp\\\/2023\\\/05\\\/08\\\/zona-azul-sera-retomada-em-barretos#primaryimage\"},\"thumbnailUrl\":\"https:\\\/\\\/redenoticiaz.com.br\\\/ribeiraopreto-regiao\\\/wp-content\\\/uploads\\\/sites\\\/4\\\/2023\\\/05\\\/73278a4a86960eeb576a8fd4c9ec6997.jpg\",\"datePublished\":\"2023-05-08T18:38:55+00:00\",\"description\":\"Secretaria Municipal de Ordem P\u00fablica, inicia a fase educativa da retomada da cobran\u00e7a do estacionamento rotativo, da Zona Azul.\",\"inLanguage\":\"pt-BR\",\"potentialAction\":[{\"@type\":\"ReadAction\",\"target\":[\"https:\\\/\\\/redenoticiaz.com.br\\\/ribeiraopreto-regiao\\\/sp\\\/2023\\\/05\\\/08\\\/zona-azul-sera-retomada-em-barretos\"]}]},{\"@type\":\"ImageObject\",\"inLanguage\":\"pt-BR\",\"@id\":\"https:\\\/\\\/redenoticiaz.com.br\\\/ribeiraopreto-regiao\\\/sp\\\/2023\\\/05\\\/08\\\/zona-azul-sera-retomada-em-barretos#primaryimage\",\"url\":\"https:\\\/\\\/redenoticiaz.com.br\\\/ribeiraopreto-regiao\\\/wp-content\\\/uploads\\\/sites\\\/4\\\/2023\\\/05\\\/73278a4a86960eeb576a8fd4c9ec6997.jpg\",\"contentUrl\":\"https:\\\/\\\/redenoticiaz.com.br\\\/ribeiraopreto-regiao\\\/wp-content\\\/uploads\\\/sites\\\/4\\\/2023\\\/05\\\/73278a4a86960eeb576a8fd4c9ec6997.jpg\",\"width\":1024,\"height\":681,\"caption\":\"Zona Azul. Cr\u00e9dito: Divulga\u00e7\u00e3o\"},{\"@type\":\"WebSite\",\"@id\":\"https:\\\/\\\/redenoticiaz.com.br\\\/ribeiraopreto-regiao\\\/#website\",\"url\":\"https:\\\/\\\/redenoticiaz.com.br\\\/ribeiraopreto-regiao\\\/\",\"name\":\"Ribeir\u00e3o Preto e Regi\u00e3o\",\"description\":\"Rede NoticiaZ - Ribeir\u00e3o Preto e regi\u00e3o\",\"publisher\":{\"@id\":\"https:\\\/\\\/redenoticiaz.com.br\\\/ribeiraopreto-regiao\\\/#organization\"},\"potentialAction\":[{\"@type\":\"SearchAction\",\"target\":{\"@type\":\"EntryPoint\",\"urlTemplate\":\"https:\\\/\\\/redenoticiaz.com.br\\\/ribeiraopreto-regiao\\\/?s={search_term_string}\"},\"query-input\":{\"@type\":\"PropertyValueSpecification\",\"valueRequired\":true,\"valueName\":\"search_term_string\"}}],\"inLanguage\":\"pt-BR\"},{\"@type\":\"Organization\",\"@id\":\"https:\\\/\\\/redenoticiaz.com.br\\\/ribeiraopreto-regiao\\\/#organization\",\"name\":\"Ribeir\u00e3o Preto e Regi\u00e3o\",\"url\":\"https:\\\/\\\/redenoticiaz.com.br\\\/ribeiraopreto-regiao\\\/\",\"logo\":{\"@type\":\"ImageObject\",\"inLanguage\":\"pt-BR\",\"@id\":\"https:\\\/\\\/redenoticiaz.com.br\\\/ribeiraopreto-regiao\\\/#\\\/schema\\\/logo\\\/image\\\/\",\"url\":\"https:\\\/\\\/redenoticiaz.com.br\\\/barretos-regiao\\\/wp-content\\\/uploads\\\/sites\\\/4\\\/2022\\\/02\\\/logo.jpg\",\"contentUrl\":\"https:\\\/\\\/redenoticiaz.com.br\\\/barretos-regiao\\\/wp-content\\\/uploads\\\/sites\\\/4\\\/2022\\\/02\\\/logo.jpg\",\"width\":400,\"height\":250,\"caption\":\"Ribeir\u00e3o Preto e Regi\u00e3o\"},\"image\":{\"@id\":\"https:\\\/\\\/redenoticiaz.com.br\\\/ribeiraopreto-regiao\\\/#\\\/schema\\\/logo\\\/image\\\/\"},\"sameAs\":[\"https:\\\/\\\/m.facebook.com\\\/redenoticiaz.barretos\",\"https:\\\/\\\/x.com\\\/RN_barretos\",\"https:\\\/\\\/www.instagram.com\\\/redenoticiaz.barretos\\\/?igshid=YmMyMTA2M2Y\",\"https:\\\/\\\/www.linkedin.com\\\/company\\\/rede-noticiaz-barretos-e-regio\\\/\"]},{\"@type\":\"Person\",\"@id\":\"https:\\\/\\\/redenoticiaz.com.br\\\/ribeiraopreto-regiao\\\/#\\\/schema\\\/person\\\/1f84d6e94e6a62d2d81199d7503e9e90\",\"name\":\"Carina Reifonas\",\"image\":{\"@type\":\"ImageObject\",\"inLanguage\":\"pt-BR\",\"@id\":\"https:\\\/\\\/secure.gravatar.com\\\/avatar\\\/04c59859b23696cf867715880f81d5c037e60109730bdb4e6670ec2a2245bc97?s=96&d=mm&r=g\",\"url\":\"https:\\\/\\\/secure.gravatar.com\\\/avatar\\\/04c59859b23696cf867715880f81d5c037e60109730bdb4e6670ec2a2245bc97?s=96&d=mm&r=g\",\"contentUrl\":\"https:\\\/\\\/secure.gravatar.com\\\/avatar\\\/04c59859b23696cf867715880f81d5c037e60109730bdb4e6670ec2a2245bc97?s=96&d=mm&r=g\",\"caption\":\"Carina Reifonas\"},\"url\":\"https:\\\/\\\/redenoticiaz.com.br\\\/ribeiraopreto-regiao\\\/sp\\\/author\\\/carinareifonas\"}]}<\/script>\n<!-- \/ Yoast SEO plugin. -->","yoast_head_json":{"title":"Zona Azul ser\u00e1 retomada em Barretos - Ribeir\u00e3o Preto e Regi\u00e3o","description":"Secretaria Municipal de Ordem P\u00fablica, inicia a fase educativa da retomada da cobran\u00e7a do estacionamento rotativo, da Zona Azul.","robots":{"index":"index","follow":"follow","max-snippet":"max-snippet:-1","max-image-preview":"max-image-preview:large","max-video-preview":"max-video-preview:-1"},"canonical":"https:\/\/redenoticiaz.com.br\/ribeiraopreto-regiao\/sp\/2023\/05\/08\/zona-azul-sera-retomada-em-barretos","og_locale":"pt_BR","og_type":"article","og_title":"Zona Azul ser\u00e1 retomada em Barretos - Ribeir\u00e3o Preto e Regi\u00e3o","og_description":"Secretaria Municipal de Ordem P\u00fablica, inicia a fase educativa da retomada da cobran\u00e7a do estacionamento rotativo, da Zona Azul.","og_url":"https:\/\/redenoticiaz.com.br\/ribeiraopreto-regiao\/sp\/2023\/05\/08\/zona-azul-sera-retomada-em-barretos","og_site_name":"Ribeir\u00e3o Preto e Regi\u00e3o","article_publisher":"https:\/\/m.facebook.com\/redenoticiaz.barretos","article_published_time":"2023-05-08T18:38:55+00:00","og_image":[{"width":1024,"height":681,"url":"https:\/\/redenoticiaz.com.br\/ribeiraopreto-regiao\/wp-content\/uploads\/sites\/4\/2023\/05\/73278a4a86960eeb576a8fd4c9ec6997.jpg","type":"image\/jpeg"}],"author":"Carina Reifonas","twitter_card":"summary_large_image","twitter_creator":"@RN_barretos","twitter_site":"@RN_barretos","twitter_misc":{"Escrito por":"Carina Reifonas","Est. tempo de leitura":"3 minutos"},"schema":{"@context":"https:\/\/schema.org","@graph":[{"@type":"Article","@id":"https:\/\/redenoticiaz.com.br\/ribeiraopreto-regiao\/sp\/2023\/05\/08\/zona-azul-sera-retomada-em-barretos#article","isPartOf":{"@id":"https:\/\/redenoticiaz.com.br\/ribeiraopreto-regiao\/sp\/2023\/05\/08\/zona-azul-sera-retomada-em-barretos"},"author":{"name":"Carina Reifonas","@id":"https:\/\/redenoticiaz.com.br\/ribeiraopreto-regiao\/#\/schema\/person\/1f84d6e94e6a62d2d81199d7503e9e90"},"headline":"Zona Azul ser\u00e1 retomada em Barretos","datePublished":"2023-05-08T18:38:55+00:00","mainEntityOfPage":{"@id":"https:\/\/redenoticiaz.com.br\/ribeiraopreto-regiao\/sp\/2023\/05\/08\/zona-azul-sera-retomada-em-barretos"},"wordCount":501,"commentCount":0,"publisher":{"@id":"https:\/\/redenoticiaz.com.br\/ribeiraopreto-regiao\/#organization"},"image":{"@id":"https:\/\/redenoticiaz.com.br\/ribeiraopreto-regiao\/sp\/2023\/05\/08\/zona-azul-sera-retomada-em-barretos#primaryimage"},"thumbnailUrl":"https:\/\/redenoticiaz.com.br\/ribeiraopreto-regiao\/wp-content\/uploads\/sites\/4\/2023\/05\/73278a4a86960eeb576a8fd4c9ec6997.jpg","keywords":["APLICATIVO","Carros","estacionamentos","MONITORAMENTO","ZONA AZUL"],"articleSection":["Tr\u00e2nsito"],"inLanguage":"pt-BR","potentialAction":[{"@type":"CommentAction","name":"Comment","target":["https:\/\/redenoticiaz.com.br\/ribeiraopreto-regiao\/sp\/2023\/05\/08\/zona-azul-sera-retomada-em-barretos#respond"]}]},{"@type":"WebPage","@id":"https:\/\/redenoticiaz.com.br\/ribeiraopreto-regiao\/sp\/2023\/05\/08\/zona-azul-sera-retomada-em-barretos","url":"https:\/\/redenoticiaz.com.br\/ribeiraopreto-regiao\/sp\/2023\/05\/08\/zona-azul-sera-retomada-em-barretos","name":"Zona Azul ser\u00e1 retomada em Barretos - Ribeir\u00e3o Preto e Regi\u00e3o","isPartOf":{"@id":"https:\/\/redenoticiaz.com.br\/ribeiraopreto-regiao\/#website"},"primaryImageOfPage":{"@id":"https:\/\/redenoticiaz.com.br\/ribeiraopreto-regiao\/sp\/2023\/05\/08\/zona-azul-sera-retomada-em-barretos#primaryimage"},"image":{"@id":"https:\/\/redenoticiaz.com.br\/ribeiraopreto-regiao\/sp\/2023\/05\/08\/zona-azul-sera-retomada-em-barretos#primaryimage"},"thumbnailUrl":"https:\/\/redenoticiaz.com.br\/ribeiraopreto-regiao\/wp-content\/uploads\/sites\/4\/2023\/05\/73278a4a86960eeb576a8fd4c9ec6997.jpg","datePublished":"2023-05-08T18:38:55+00:00","description":"Secretaria Municipal de Ordem P\u00fablica, inicia a fase educativa da retomada da cobran\u00e7a do estacionamento rotativo, da Zona Azul.","inLanguage":"pt-BR","potentialAction":[{"@type":"ReadAction","target":["https:\/\/redenoticiaz.com.br\/ribeiraopreto-regiao\/sp\/2023\/05\/08\/zona-azul-sera-retomada-em-barretos"]}]},{"@type":"ImageObject","inLanguage":"pt-BR","@id":"https:\/\/redenoticiaz.com.br\/ribeiraopreto-regiao\/sp\/2023\/05\/08\/zona-azul-sera-retomada-em-barretos#primaryimage","url":"https:\/\/redenoticiaz.com.br\/ribeiraopreto-regiao\/wp-content\/uploads\/sites\/4\/2023\/05\/73278a4a86960eeb576a8fd4c9ec6997.jpg","contentUrl":"https:\/\/redenoticiaz.com.br\/ribeiraopreto-regiao\/wp-content\/uploads\/sites\/4\/2023\/05\/73278a4a86960eeb576a8fd4c9ec6997.jpg","width":1024,"height":681,"caption":"Zona Azul. Cr\u00e9dito: Divulga\u00e7\u00e3o"},{"@type":"WebSite","@id":"https:\/\/redenoticiaz.com.br\/ribeiraopreto-regiao\/#website","url":"https:\/\/redenoticiaz.com.br\/ribeiraopreto-regiao\/","name":"Ribeir\u00e3o Preto e Regi\u00e3o","description":"Rede NoticiaZ - Ribeir\u00e3o Preto e regi\u00e3o","publisher":{"@id":"https:\/\/redenoticiaz.com.br\/ribeiraopreto-regiao\/#organization"},"potentialAction":[{"@type":"SearchAction","target":{"@type":"EntryPoint","urlTemplate":"https:\/\/redenoticiaz.com.br\/ribeiraopreto-regiao\/?s={search_term_string}"},"query-input":{"@type":"PropertyValueSpecification","valueRequired":true,"valueName":"search_term_string"}}],"inLanguage":"pt-BR"},{"@type":"Organization","@id":"https:\/\/redenoticiaz.com.br\/ribeiraopreto-regiao\/#organization","name":"Ribeir\u00e3o Preto e Regi\u00e3o","url":"https:\/\/redenoticiaz.com.br\/ribeiraopreto-regiao\/","logo":{"@type":"ImageObject","inLanguage":"pt-BR","@id":"https:\/\/redenoticiaz.com.br\/ribeiraopreto-regiao\/#\/schema\/logo\/image\/","url":"https:\/\/redenoticiaz.com.br\/barretos-regiao\/wp-content\/uploads\/sites\/4\/2022\/02\/logo.jpg","contentUrl":"https:\/\/redenoticiaz.com.br\/barretos-regiao\/wp-content\/uploads\/sites\/4\/2022\/02\/logo.jpg","width":400,"height":250,"caption":"Ribeir\u00e3o Preto e Regi\u00e3o"},"image":{"@id":"https:\/\/redenoticiaz.com.br\/ribeiraopreto-regiao\/#\/schema\/logo\/image\/"},"sameAs":["https:\/\/m.facebook.com\/redenoticiaz.barretos","https:\/\/x.com\/RN_barretos","https:\/\/www.instagram.com\/redenoticiaz.barretos\/?igshid=YmMyMTA2M2Y","https:\/\/www.linkedin.com\/company\/rede-noticiaz-barretos-e-regio\/"]},{"@type":"Person","@id":"https:\/\/redenoticiaz.com.br\/ribeiraopreto-regiao\/#\/schema\/person\/1f84d6e94e6a62d2d81199d7503e9e90","name":"Carina Reifonas","image":{"@type":"ImageObject","inLanguage":"pt-BR","@id":"https:\/\/secure.gravatar.com\/avatar\/04c59859b23696cf867715880f81d5c037e60109730bdb4e6670ec2a2245bc97?s=96&d=mm&r=g","url":"https:\/\/secure.gravatar.com\/avatar\/04c59859b23696cf867715880f81d5c037e60109730bdb4e6670ec2a2245bc97?s=96&d=mm&r=g","contentUrl":"https:\/\/secure.gravatar.com\/avatar\/04c59859b23696cf867715880f81d5c037e60109730bdb4e6670ec2a2245bc97?s=96&d=mm&r=g","caption":"Carina Reifonas"},"url":"https:\/\/redenoticiaz.com.br\/ribeiraopreto-regiao\/sp\/author\/carinareifonas"}]}},"_links":{"self":[{"href":"https:\/\/redenoticiaz.com.br\/ribeiraopreto-regiao\/wp-json\/wp\/v2\/posts\/104912","targetHints":{"allow":["GET"]}}],"collection":[{"href":"https:\/\/redenoticiaz.com.br\/ribeiraopreto-regiao\/wp-json\/wp\/v2\/posts"}],"about":[{"href":"https:\/\/redenoticiaz.com.br\/ribeiraopreto-regiao\/wp-json\/wp\/v2\/types\/post"}],"author":[{"embeddable":true,"href":"https:\/\/redenoticiaz.com.br\/ribeiraopreto-regiao\/wp-json\/wp\/v2\/users\/30"}],"replies":[{"embeddable":true,"href":"https:\/\/redenoticiaz.com.br\/ribeiraopreto-regiao\/wp-json\/wp\/v2\/comments?post=104912"}],"version-history":[{"count":2,"href":"https:\/\/redenoticiaz.com.br\/ribeiraopreto-regiao\/wp-json\/wp\/v2\/posts\/104912\/revisions"}],"predecessor-version":[{"id":104922,"href":"https:\/\/redenoticiaz.com.br\/ribeiraopreto-regiao\/wp-json\/wp\/v2\/posts\/104912\/revisions\/104922"}],"wp:featuredmedia":[{"embeddable":true,"href":"https:\/\/redenoticiaz.com.br\/ribeiraopreto-regiao\/wp-json\/wp\/v2\/media\/104921"}],"wp:attachment":[{"href":"https:\/\/redenoticiaz.com.br\/ribeiraopreto-regiao\/wp-json\/wp\/v2\/media?parent=104912"}],"wp:term":[{"taxonomy":"category","embeddable":true,"href":"https:\/\/redenoticiaz.com.br\/ribeiraopreto-regiao\/wp-json\/wp\/v2\/categories?post=104912"},{"taxonomy":"post_tag","embeddable":true,"href":"https:\/\/redenoticiaz.com.br\/ribeiraopreto-regiao\/wp-json\/wp\/v2\/tags?post=104912"}],"curies":[{"name":"wp","href":"https:\/\/api.w.org\/{rel}","templated":true}]}}