{"id":105513,"date":"2023-05-21T17:00:26","date_gmt":"2023-05-21T20:00:26","guid":{"rendered":"https:\/\/redenoticiaz.com.br\/barretos-regiao\/?p=105513"},"modified":"2023-05-18T12:27:46","modified_gmt":"2023-05-18T15:27:46","slug":"mst-e-tse-se-juntam-para-combater-o-assedio-eleitoral-no-trabalho","status":"publish","type":"post","link":"https:\/\/redenoticiaz.com.br\/ribeiraopreto-regiao\/sp\/2023\/05\/21\/mst-e-tse-se-juntam-para-combater-o-assedio-eleitoral-no-trabalho","title":{"rendered":"MST e TSE se juntam para combater o ass\u00e9dio eleitoral no trabalho"},"content":{"rendered":"<p>Todos tem o direito de se expressar e escolher quem \u00e9 o melhor representante na pol\u00edtica. Com esta miss\u00e3o que o Minist\u00e9rio P\u00fablico do Trabalho (MPT) e o Tribunal Superior Eleitoral (TSE) fecharam um acordo de coopera\u00e7\u00e3o t\u00e9cnica firmado na ter\u00e7a-feira (16) para enfrentar o <strong>ass\u00e9dio eleitoral<\/strong>.<\/p>\n<p>A solenidade contou com a presen\u00e7a do procurador-geral do Trabalho, Jos\u00e9 de Lima Ramos Pereira, e do presidente do TSE, Alexandre de Moraes. Segundo o Minist\u00e9rio P\u00fablico do Trabalho, a parceria prev\u00ea a troca de informa\u00e7\u00f5es sobre irregularidades relacionadas ao tema para subsidiar investiga\u00e7\u00f5es e a\u00e7\u00f5es judiciais na repress\u00e3o das condutas que caracterizem ass\u00e9dio eleitoral, no \u00e2mbito das atribui\u00e7\u00f5es de cada institui\u00e7\u00e3o.<\/p>\n<p>O documento tamb\u00e9m permite a realiza\u00e7\u00e3o de campanhas de sensibiliza\u00e7\u00e3o e conscientiza\u00e7\u00e3o, a regulamenta\u00e7\u00e3o do combate ao ass\u00e9dio eleitoral nas rela\u00e7\u00f5es de trabalho por meio de atos normativos e opera\u00e7\u00f5es conjuntas de combate \u00e0 irregularidade.<\/p>\n<p>Durante a solenidade, o procurador-geral do Trabalho destacou que a parceria visa garantir o direito ao voto livre e secreto. &#8220;O Tribunal Superior Eleitoral e o Minist\u00e9rio P\u00fablico do Trabalho t\u00eam se dedicado para prevenir e reprimir essa pr\u00e1tica ilegal, buscando garantir a liberdade e a seguran\u00e7a das trabalhadoras e dos trabalhadores durante o processo eleitoral, pela preven\u00e7\u00e3o, conscientiza\u00e7\u00e3o e facilita\u00e7\u00e3o do acesso e das formas de denunciar&#8221;, afirmou.<\/p>\n<p>O presidente do TSE lamentou a quantidade de casos de trabalho escravo em pleno s\u00e9culo XXI. Al\u00e9m disso, Moraes enfatizou que o ass\u00e9dio eleitoral \u00e9 uma grande amea\u00e7a \u00e0 democracia e comparou a pr\u00e1tica ao crime organizado.<\/p>\n<h3><strong>Dados <\/strong><\/h3>\n<p>Conforme dados do MPT atualizados nesta ter\u00e7a-feira (16), a institui\u00e7\u00e3o recebeu 3.477 den\u00fancias sobre o tema contra 2.472 empresas e institui\u00e7\u00f5es p\u00fablicas. Foram firmados 418 termos de ajuste de conduta (TACs) e ajuizadas 82 a\u00e7\u00f5es civis p\u00fablicas.<\/p>\n<p><strong>LEIA TAMB\u00c9M<\/strong><\/p>\n<p><a href=\"https:\/\/redenoticiaz.com.br\/blog\/2023\/05\/17\/deputado-deltan-dallagnol-tem-o-mandato-cassado-pelo-tse\">Deputado Deltan Dallagnol tem o mandato cassado pelo TSE<\/a><\/p>\n","protected":false},"excerpt":{"rendered":"<p>Todos tem o direito de se expressar e escolher quem \u00e9 o melhor representante na pol\u00edtica. Com esta miss\u00e3o que o Minist\u00e9rio P\u00fablico do Trabalho (MPT) e o Tribunal Superior Eleitoral (TSE) fecharam um acordo de coopera\u00e7\u00e3o t\u00e9cnica firmado na ter\u00e7a-feira (16) para enfrentar o ass\u00e9dio eleitoral. A solenidade contou com a presen\u00e7a do procurador-geral &hellip;<\/p>\n","protected":false},"author":6,"featured_media":105514,"comment_status":"open","ping_status":"closed","sticky":false,"template":"","format":"standard","meta":{"footnotes":""},"categories":[9271,683],"tags":[21144,70,27019,25281,6279,6280],"class_list":["post-105513","post","type-post","status-publish","format-standard","has-post-thumbnail","hentry","category-eleicoes","category-justica","tag-assedio-eleitoral","tag-brasil","tag-ministerio-publico-federal","tag-mpf","tag-tribunal-superior-eleitoral","tag-tse"],"yoast_head":"<!-- This site is optimized with the Yoast SEO plugin v27.4 - https:\/\/yoast.com\/product\/yoast-seo-wordpress\/ -->\n<title>MST e TSE se juntam para combater o ass\u00e9dio eleitoral no trabalho - Ribeir\u00e3o Preto e Regi\u00e3o<\/title>\n<meta name=\"description\" content=\"e o Tribunal Superior Eleitoral (TSE) fecharam um acordo de coopera\u00e7\u00e3o t\u00e9cnica firmado na ter\u00e7a-feira (16) para enfrentar o ass\u00e9dio eleitoral.\" \/>\n<meta name=\"robots\" content=\"index, follow, max-snippet:-1, max-image-preview:large, max-video-preview:-1\" \/>\n<link rel=\"canonical\" href=\"https:\/\/redenoticiaz.com.br\/ribeiraopreto-regiao\/sp\/2023\/05\/21\/mst-e-tse-se-juntam-para-combater-o-assedio-eleitoral-no-trabalho\" \/>\n<meta property=\"og:locale\" content=\"pt_BR\" \/>\n<meta property=\"og:type\" content=\"article\" \/>\n<meta property=\"og:title\" content=\"MST e TSE se juntam para combater o ass\u00e9dio eleitoral no trabalho - Ribeir\u00e3o Preto e Regi\u00e3o\" \/>\n<meta property=\"og:description\" content=\"e o Tribunal Superior Eleitoral (TSE) fecharam um acordo de coopera\u00e7\u00e3o t\u00e9cnica firmado na ter\u00e7a-feira (16) para enfrentar o ass\u00e9dio eleitoral.\" \/>\n<meta property=\"og:url\" content=\"https:\/\/redenoticiaz.com.br\/ribeiraopreto-regiao\/sp\/2023\/05\/21\/mst-e-tse-se-juntam-para-combater-o-assedio-eleitoral-no-trabalho\" \/>\n<meta property=\"og:site_name\" content=\"Ribeir\u00e3o Preto e Regi\u00e3o\" \/>\n<meta property=\"article:publisher\" content=\"https:\/\/m.facebook.com\/redenoticiaz.barretos\" \/>\n<meta property=\"article:published_time\" content=\"2023-05-21T20:00:26+00:00\" \/>\n<meta property=\"og:image\" content=\"https:\/\/redenoticiaz.com.br\/ribeiraopreto-regiao\/wp-content\/uploads\/sites\/4\/2022\/02\/logo.jpg\" \/>\n\t<meta property=\"og:image:width\" content=\"400\" \/>\n\t<meta property=\"og:image:height\" content=\"250\" \/>\n\t<meta property=\"og:image:type\" content=\"image\/jpeg\" \/>\n<meta name=\"author\" content=\"Leonardo Francisco\" \/>\n<meta name=\"twitter:card\" content=\"summary_large_image\" \/>\n<meta name=\"twitter:creator\" content=\"@RN_barretos\" \/>\n<meta name=\"twitter:site\" content=\"@RN_barretos\" \/>\n<meta name=\"twitter:label1\" content=\"Escrito por\" \/>\n\t<meta name=\"twitter:data1\" content=\"Leonardo Francisco\" \/>\n\t<meta name=\"twitter:label2\" content=\"Est. tempo de leitura\" \/>\n\t<meta name=\"twitter:data2\" content=\"2 minutos\" \/>\n<script type=\"application\/ld+json\" class=\"yoast-schema-graph\">{\"@context\":\"https:\\\/\\\/schema.org\",\"@graph\":[{\"@type\":\"Article\",\"@id\":\"https:\\\/\\\/redenoticiaz.com.br\\\/ribeiraopreto-regiao\\\/sp\\\/2023\\\/05\\\/21\\\/mst-e-tse-se-juntam-para-combater-o-assedio-eleitoral-no-trabalho#article\",\"isPartOf\":{\"@id\":\"https:\\\/\\\/redenoticiaz.com.br\\\/ribeiraopreto-regiao\\\/sp\\\/2023\\\/05\\\/21\\\/mst-e-tse-se-juntam-para-combater-o-assedio-eleitoral-no-trabalho\"},\"author\":{\"name\":\"Leonardo Francisco\",\"@id\":\"https:\\\/\\\/redenoticiaz.com.br\\\/ribeiraopreto-regiao\\\/#\\\/schema\\\/person\\\/0f0b8a5bdafefe82841e07ae8d81ecb3\"},\"headline\":\"MST e TSE se juntam para combater o ass\u00e9dio eleitoral no trabalho\",\"datePublished\":\"2023-05-21T20:00:26+00:00\",\"mainEntityOfPage\":{\"@id\":\"https:\\\/\\\/redenoticiaz.com.br\\\/ribeiraopreto-regiao\\\/sp\\\/2023\\\/05\\\/21\\\/mst-e-tse-se-juntam-para-combater-o-assedio-eleitoral-no-trabalho\"},\"wordCount\":349,\"commentCount\":0,\"publisher\":{\"@id\":\"https:\\\/\\\/redenoticiaz.com.br\\\/ribeiraopreto-regiao\\\/#organization\"},\"image\":{\"@id\":\"https:\\\/\\\/redenoticiaz.com.br\\\/ribeiraopreto-regiao\\\/sp\\\/2023\\\/05\\\/21\\\/mst-e-tse-se-juntam-para-combater-o-assedio-eleitoral-no-trabalho#primaryimage\"},\"thumbnailUrl\":\"https:\\\/\\\/redenoticiaz.com.br\\\/ribeiraopreto-regiao\\\/wp-content\\\/uploads\\\/sites\\\/4\\\/2023\\\/05\\\/Assedio.jpg?v=1684423611\",\"keywords\":[\"ass\u00e9dio eleitoral\",\"Brasil\",\"MINIST\u00c9RIO P\u00daBLICO FEDERAL\",\"mpf\",\"TRIBUNAL SUPERIOR ELEITORAL\",\"TSE\"],\"articleSection\":[\"Elei\u00e7\u00f5es\",\"Justi\u00e7a\"],\"inLanguage\":\"pt-BR\",\"potentialAction\":[{\"@type\":\"CommentAction\",\"name\":\"Comment\",\"target\":[\"https:\\\/\\\/redenoticiaz.com.br\\\/ribeiraopreto-regiao\\\/sp\\\/2023\\\/05\\\/21\\\/mst-e-tse-se-juntam-para-combater-o-assedio-eleitoral-no-trabalho#respond\"]}]},{\"@type\":\"WebPage\",\"@id\":\"https:\\\/\\\/redenoticiaz.com.br\\\/ribeiraopreto-regiao\\\/sp\\\/2023\\\/05\\\/21\\\/mst-e-tse-se-juntam-para-combater-o-assedio-eleitoral-no-trabalho\",\"url\":\"https:\\\/\\\/redenoticiaz.com.br\\\/ribeiraopreto-regiao\\\/sp\\\/2023\\\/05\\\/21\\\/mst-e-tse-se-juntam-para-combater-o-assedio-eleitoral-no-trabalho\",\"name\":\"MST e TSE se juntam para combater o ass\u00e9dio eleitoral no trabalho - Ribeir\u00e3o Preto e Regi\u00e3o\",\"isPartOf\":{\"@id\":\"https:\\\/\\\/redenoticiaz.com.br\\\/ribeiraopreto-regiao\\\/#website\"},\"primaryImageOfPage\":{\"@id\":\"https:\\\/\\\/redenoticiaz.com.br\\\/ribeiraopreto-regiao\\\/sp\\\/2023\\\/05\\\/21\\\/mst-e-tse-se-juntam-para-combater-o-assedio-eleitoral-no-trabalho#primaryimage\"},\"image\":{\"@id\":\"https:\\\/\\\/redenoticiaz.com.br\\\/ribeiraopreto-regiao\\\/sp\\\/2023\\\/05\\\/21\\\/mst-e-tse-se-juntam-para-combater-o-assedio-eleitoral-no-trabalho#primaryimage\"},\"thumbnailUrl\":\"https:\\\/\\\/redenoticiaz.com.br\\\/ribeiraopreto-regiao\\\/wp-content\\\/uploads\\\/sites\\\/4\\\/2023\\\/05\\\/Assedio.jpg?v=1684423611\",\"datePublished\":\"2023-05-21T20:00:26+00:00\",\"description\":\"e o Tribunal Superior Eleitoral (TSE) fecharam um acordo de coopera\u00e7\u00e3o t\u00e9cnica firmado na ter\u00e7a-feira (16) para enfrentar o ass\u00e9dio eleitoral.\",\"inLanguage\":\"pt-BR\",\"potentialAction\":[{\"@type\":\"ReadAction\",\"target\":[\"https:\\\/\\\/redenoticiaz.com.br\\\/ribeiraopreto-regiao\\\/sp\\\/2023\\\/05\\\/21\\\/mst-e-tse-se-juntam-para-combater-o-assedio-eleitoral-no-trabalho\"]}]},{\"@type\":\"ImageObject\",\"inLanguage\":\"pt-BR\",\"@id\":\"https:\\\/\\\/redenoticiaz.com.br\\\/ribeiraopreto-regiao\\\/sp\\\/2023\\\/05\\\/21\\\/mst-e-tse-se-juntam-para-combater-o-assedio-eleitoral-no-trabalho#primaryimage\",\"url\":\"https:\\\/\\\/redenoticiaz.com.br\\\/ribeiraopreto-regiao\\\/wp-content\\\/uploads\\\/sites\\\/4\\\/2023\\\/05\\\/Assedio.jpg?v=1684423611\",\"contentUrl\":\"https:\\\/\\\/redenoticiaz.com.br\\\/ribeiraopreto-regiao\\\/wp-content\\\/uploads\\\/sites\\\/4\\\/2023\\\/05\\\/Assedio.jpg?v=1684423611\",\"width\":1892,\"height\":983,\"caption\":\"Cr\u00e9ditos: Divulga\u00e7\u00e3o\"},{\"@type\":\"WebSite\",\"@id\":\"https:\\\/\\\/redenoticiaz.com.br\\\/ribeiraopreto-regiao\\\/#website\",\"url\":\"https:\\\/\\\/redenoticiaz.com.br\\\/ribeiraopreto-regiao\\\/\",\"name\":\"Ribeir\u00e3o Preto e Regi\u00e3o\",\"description\":\"Rede NoticiaZ - Ribeir\u00e3o Preto e regi\u00e3o\",\"publisher\":{\"@id\":\"https:\\\/\\\/redenoticiaz.com.br\\\/ribeiraopreto-regiao\\\/#organization\"},\"potentialAction\":[{\"@type\":\"SearchAction\",\"target\":{\"@type\":\"EntryPoint\",\"urlTemplate\":\"https:\\\/\\\/redenoticiaz.com.br\\\/ribeiraopreto-regiao\\\/?s={search_term_string}\"},\"query-input\":{\"@type\":\"PropertyValueSpecification\",\"valueRequired\":true,\"valueName\":\"search_term_string\"}}],\"inLanguage\":\"pt-BR\"},{\"@type\":\"Organization\",\"@id\":\"https:\\\/\\\/redenoticiaz.com.br\\\/ribeiraopreto-regiao\\\/#organization\",\"name\":\"Ribeir\u00e3o Preto e Regi\u00e3o\",\"url\":\"https:\\\/\\\/redenoticiaz.com.br\\\/ribeiraopreto-regiao\\\/\",\"logo\":{\"@type\":\"ImageObject\",\"inLanguage\":\"pt-BR\",\"@id\":\"https:\\\/\\\/redenoticiaz.com.br\\\/ribeiraopreto-regiao\\\/#\\\/schema\\\/logo\\\/image\\\/\",\"url\":\"https:\\\/\\\/redenoticiaz.com.br\\\/barretos-regiao\\\/wp-content\\\/uploads\\\/sites\\\/4\\\/2022\\\/02\\\/logo.jpg\",\"contentUrl\":\"https:\\\/\\\/redenoticiaz.com.br\\\/barretos-regiao\\\/wp-content\\\/uploads\\\/sites\\\/4\\\/2022\\\/02\\\/logo.jpg\",\"width\":400,\"height\":250,\"caption\":\"Ribeir\u00e3o Preto e Regi\u00e3o\"},\"image\":{\"@id\":\"https:\\\/\\\/redenoticiaz.com.br\\\/ribeiraopreto-regiao\\\/#\\\/schema\\\/logo\\\/image\\\/\"},\"sameAs\":[\"https:\\\/\\\/m.facebook.com\\\/redenoticiaz.barretos\",\"https:\\\/\\\/x.com\\\/RN_barretos\",\"https:\\\/\\\/www.instagram.com\\\/redenoticiaz.barretos\\\/?igshid=YmMyMTA2M2Y\",\"https:\\\/\\\/www.linkedin.com\\\/company\\\/rede-noticiaz-barretos-e-regio\\\/\"]},{\"@type\":\"Person\",\"@id\":\"https:\\\/\\\/redenoticiaz.com.br\\\/ribeiraopreto-regiao\\\/#\\\/schema\\\/person\\\/0f0b8a5bdafefe82841e07ae8d81ecb3\",\"name\":\"Leonardo Francisco\",\"image\":{\"@type\":\"ImageObject\",\"inLanguage\":\"pt-BR\",\"@id\":\"https:\\\/\\\/secure.gravatar.com\\\/avatar\\\/a7358cb406a99b682ec6df1e77e31ae82e63601f6784e8a3df411d72b37864da?s=96&d=mm&r=g\",\"url\":\"https:\\\/\\\/secure.gravatar.com\\\/avatar\\\/a7358cb406a99b682ec6df1e77e31ae82e63601f6784e8a3df411d72b37864da?s=96&d=mm&r=g\",\"contentUrl\":\"https:\\\/\\\/secure.gravatar.com\\\/avatar\\\/a7358cb406a99b682ec6df1e77e31ae82e63601f6784e8a3df411d72b37864da?s=96&d=mm&r=g\",\"caption\":\"Leonardo Francisco\"},\"url\":\"https:\\\/\\\/redenoticiaz.com.br\\\/ribeiraopreto-regiao\\\/sp\\\/author\\\/leonardo-francisco\"}]}<\/script>\n<!-- \/ Yoast SEO plugin. -->","yoast_head_json":{"title":"MST e TSE se juntam para combater o ass\u00e9dio eleitoral no trabalho - Ribeir\u00e3o Preto e Regi\u00e3o","description":"e o Tribunal Superior Eleitoral (TSE) fecharam um acordo de coopera\u00e7\u00e3o t\u00e9cnica firmado na ter\u00e7a-feira (16) para enfrentar o ass\u00e9dio eleitoral.","robots":{"index":"index","follow":"follow","max-snippet":"max-snippet:-1","max-image-preview":"max-image-preview:large","max-video-preview":"max-video-preview:-1"},"canonical":"https:\/\/redenoticiaz.com.br\/ribeiraopreto-regiao\/sp\/2023\/05\/21\/mst-e-tse-se-juntam-para-combater-o-assedio-eleitoral-no-trabalho","og_locale":"pt_BR","og_type":"article","og_title":"MST e TSE se juntam para combater o ass\u00e9dio eleitoral no trabalho - Ribeir\u00e3o Preto e Regi\u00e3o","og_description":"e o Tribunal Superior Eleitoral (TSE) fecharam um acordo de coopera\u00e7\u00e3o t\u00e9cnica firmado na ter\u00e7a-feira (16) para enfrentar o ass\u00e9dio eleitoral.","og_url":"https:\/\/redenoticiaz.com.br\/ribeiraopreto-regiao\/sp\/2023\/05\/21\/mst-e-tse-se-juntam-para-combater-o-assedio-eleitoral-no-trabalho","og_site_name":"Ribeir\u00e3o Preto e Regi\u00e3o","article_publisher":"https:\/\/m.facebook.com\/redenoticiaz.barretos","article_published_time":"2023-05-21T20:00:26+00:00","og_image":[{"width":400,"height":250,"url":"https:\/\/redenoticiaz.com.br\/ribeiraopreto-regiao\/wp-content\/uploads\/sites\/4\/2022\/02\/logo.jpg","type":"image\/jpeg"}],"author":"Leonardo Francisco","twitter_card":"summary_large_image","twitter_creator":"@RN_barretos","twitter_site":"@RN_barretos","twitter_misc":{"Escrito por":"Leonardo Francisco","Est. tempo de leitura":"2 minutos"},"schema":{"@context":"https:\/\/schema.org","@graph":[{"@type":"Article","@id":"https:\/\/redenoticiaz.com.br\/ribeiraopreto-regiao\/sp\/2023\/05\/21\/mst-e-tse-se-juntam-para-combater-o-assedio-eleitoral-no-trabalho#article","isPartOf":{"@id":"https:\/\/redenoticiaz.com.br\/ribeiraopreto-regiao\/sp\/2023\/05\/21\/mst-e-tse-se-juntam-para-combater-o-assedio-eleitoral-no-trabalho"},"author":{"name":"Leonardo Francisco","@id":"https:\/\/redenoticiaz.com.br\/ribeiraopreto-regiao\/#\/schema\/person\/0f0b8a5bdafefe82841e07ae8d81ecb3"},"headline":"MST e TSE se juntam para combater o ass\u00e9dio eleitoral no trabalho","datePublished":"2023-05-21T20:00:26+00:00","mainEntityOfPage":{"@id":"https:\/\/redenoticiaz.com.br\/ribeiraopreto-regiao\/sp\/2023\/05\/21\/mst-e-tse-se-juntam-para-combater-o-assedio-eleitoral-no-trabalho"},"wordCount":349,"commentCount":0,"publisher":{"@id":"https:\/\/redenoticiaz.com.br\/ribeiraopreto-regiao\/#organization"},"image":{"@id":"https:\/\/redenoticiaz.com.br\/ribeiraopreto-regiao\/sp\/2023\/05\/21\/mst-e-tse-se-juntam-para-combater-o-assedio-eleitoral-no-trabalho#primaryimage"},"thumbnailUrl":"https:\/\/redenoticiaz.com.br\/ribeiraopreto-regiao\/wp-content\/uploads\/sites\/4\/2023\/05\/Assedio.jpg?v=1684423611","keywords":["ass\u00e9dio eleitoral","Brasil","MINIST\u00c9RIO P\u00daBLICO FEDERAL","mpf","TRIBUNAL SUPERIOR ELEITORAL","TSE"],"articleSection":["Elei\u00e7\u00f5es","Justi\u00e7a"],"inLanguage":"pt-BR","potentialAction":[{"@type":"CommentAction","name":"Comment","target":["https:\/\/redenoticiaz.com.br\/ribeiraopreto-regiao\/sp\/2023\/05\/21\/mst-e-tse-se-juntam-para-combater-o-assedio-eleitoral-no-trabalho#respond"]}]},{"@type":"WebPage","@id":"https:\/\/redenoticiaz.com.br\/ribeiraopreto-regiao\/sp\/2023\/05\/21\/mst-e-tse-se-juntam-para-combater-o-assedio-eleitoral-no-trabalho","url":"https:\/\/redenoticiaz.com.br\/ribeiraopreto-regiao\/sp\/2023\/05\/21\/mst-e-tse-se-juntam-para-combater-o-assedio-eleitoral-no-trabalho","name":"MST e TSE se juntam para combater o ass\u00e9dio eleitoral no trabalho - Ribeir\u00e3o Preto e Regi\u00e3o","isPartOf":{"@id":"https:\/\/redenoticiaz.com.br\/ribeiraopreto-regiao\/#website"},"primaryImageOfPage":{"@id":"https:\/\/redenoticiaz.com.br\/ribeiraopreto-regiao\/sp\/2023\/05\/21\/mst-e-tse-se-juntam-para-combater-o-assedio-eleitoral-no-trabalho#primaryimage"},"image":{"@id":"https:\/\/redenoticiaz.com.br\/ribeiraopreto-regiao\/sp\/2023\/05\/21\/mst-e-tse-se-juntam-para-combater-o-assedio-eleitoral-no-trabalho#primaryimage"},"thumbnailUrl":"https:\/\/redenoticiaz.com.br\/ribeiraopreto-regiao\/wp-content\/uploads\/sites\/4\/2023\/05\/Assedio.jpg?v=1684423611","datePublished":"2023-05-21T20:00:26+00:00","description":"e o Tribunal Superior Eleitoral (TSE) fecharam um acordo de coopera\u00e7\u00e3o t\u00e9cnica firmado na ter\u00e7a-feira (16) para enfrentar o ass\u00e9dio eleitoral.","inLanguage":"pt-BR","potentialAction":[{"@type":"ReadAction","target":["https:\/\/redenoticiaz.com.br\/ribeiraopreto-regiao\/sp\/2023\/05\/21\/mst-e-tse-se-juntam-para-combater-o-assedio-eleitoral-no-trabalho"]}]},{"@type":"ImageObject","inLanguage":"pt-BR","@id":"https:\/\/redenoticiaz.com.br\/ribeiraopreto-regiao\/sp\/2023\/05\/21\/mst-e-tse-se-juntam-para-combater-o-assedio-eleitoral-no-trabalho#primaryimage","url":"https:\/\/redenoticiaz.com.br\/ribeiraopreto-regiao\/wp-content\/uploads\/sites\/4\/2023\/05\/Assedio.jpg?v=1684423611","contentUrl":"https:\/\/redenoticiaz.com.br\/ribeiraopreto-regiao\/wp-content\/uploads\/sites\/4\/2023\/05\/Assedio.jpg?v=1684423611","width":1892,"height":983,"caption":"Cr\u00e9ditos: Divulga\u00e7\u00e3o"},{"@type":"WebSite","@id":"https:\/\/redenoticiaz.com.br\/ribeiraopreto-regiao\/#website","url":"https:\/\/redenoticiaz.com.br\/ribeiraopreto-regiao\/","name":"Ribeir\u00e3o Preto e Regi\u00e3o","description":"Rede NoticiaZ - Ribeir\u00e3o Preto e regi\u00e3o","publisher":{"@id":"https:\/\/redenoticiaz.com.br\/ribeiraopreto-regiao\/#organization"},"potentialAction":[{"@type":"SearchAction","target":{"@type":"EntryPoint","urlTemplate":"https:\/\/redenoticiaz.com.br\/ribeiraopreto-regiao\/?s={search_term_string}"},"query-input":{"@type":"PropertyValueSpecification","valueRequired":true,"valueName":"search_term_string"}}],"inLanguage":"pt-BR"},{"@type":"Organization","@id":"https:\/\/redenoticiaz.com.br\/ribeiraopreto-regiao\/#organization","name":"Ribeir\u00e3o Preto e Regi\u00e3o","url":"https:\/\/redenoticiaz.com.br\/ribeiraopreto-regiao\/","logo":{"@type":"ImageObject","inLanguage":"pt-BR","@id":"https:\/\/redenoticiaz.com.br\/ribeiraopreto-regiao\/#\/schema\/logo\/image\/","url":"https:\/\/redenoticiaz.com.br\/barretos-regiao\/wp-content\/uploads\/sites\/4\/2022\/02\/logo.jpg","contentUrl":"https:\/\/redenoticiaz.com.br\/barretos-regiao\/wp-content\/uploads\/sites\/4\/2022\/02\/logo.jpg","width":400,"height":250,"caption":"Ribeir\u00e3o Preto e Regi\u00e3o"},"image":{"@id":"https:\/\/redenoticiaz.com.br\/ribeiraopreto-regiao\/#\/schema\/logo\/image\/"},"sameAs":["https:\/\/m.facebook.com\/redenoticiaz.barretos","https:\/\/x.com\/RN_barretos","https:\/\/www.instagram.com\/redenoticiaz.barretos\/?igshid=YmMyMTA2M2Y","https:\/\/www.linkedin.com\/company\/rede-noticiaz-barretos-e-regio\/"]},{"@type":"Person","@id":"https:\/\/redenoticiaz.com.br\/ribeiraopreto-regiao\/#\/schema\/person\/0f0b8a5bdafefe82841e07ae8d81ecb3","name":"Leonardo Francisco","image":{"@type":"ImageObject","inLanguage":"pt-BR","@id":"https:\/\/secure.gravatar.com\/avatar\/a7358cb406a99b682ec6df1e77e31ae82e63601f6784e8a3df411d72b37864da?s=96&d=mm&r=g","url":"https:\/\/secure.gravatar.com\/avatar\/a7358cb406a99b682ec6df1e77e31ae82e63601f6784e8a3df411d72b37864da?s=96&d=mm&r=g","contentUrl":"https:\/\/secure.gravatar.com\/avatar\/a7358cb406a99b682ec6df1e77e31ae82e63601f6784e8a3df411d72b37864da?s=96&d=mm&r=g","caption":"Leonardo Francisco"},"url":"https:\/\/redenoticiaz.com.br\/ribeiraopreto-regiao\/sp\/author\/leonardo-francisco"}]}},"_links":{"self":[{"href":"https:\/\/redenoticiaz.com.br\/ribeiraopreto-regiao\/wp-json\/wp\/v2\/posts\/105513","targetHints":{"allow":["GET"]}}],"collection":[{"href":"https:\/\/redenoticiaz.com.br\/ribeiraopreto-regiao\/wp-json\/wp\/v2\/posts"}],"about":[{"href":"https:\/\/redenoticiaz.com.br\/ribeiraopreto-regiao\/wp-json\/wp\/v2\/types\/post"}],"author":[{"embeddable":true,"href":"https:\/\/redenoticiaz.com.br\/ribeiraopreto-regiao\/wp-json\/wp\/v2\/users\/6"}],"replies":[{"embeddable":true,"href":"https:\/\/redenoticiaz.com.br\/ribeiraopreto-regiao\/wp-json\/wp\/v2\/comments?post=105513"}],"version-history":[{"count":1,"href":"https:\/\/redenoticiaz.com.br\/ribeiraopreto-regiao\/wp-json\/wp\/v2\/posts\/105513\/revisions"}],"predecessor-version":[{"id":105515,"href":"https:\/\/redenoticiaz.com.br\/ribeiraopreto-regiao\/wp-json\/wp\/v2\/posts\/105513\/revisions\/105515"}],"wp:featuredmedia":[{"embeddable":true,"href":"https:\/\/redenoticiaz.com.br\/ribeiraopreto-regiao\/wp-json\/wp\/v2\/media\/105514"}],"wp:attachment":[{"href":"https:\/\/redenoticiaz.com.br\/ribeiraopreto-regiao\/wp-json\/wp\/v2\/media?parent=105513"}],"wp:term":[{"taxonomy":"category","embeddable":true,"href":"https:\/\/redenoticiaz.com.br\/ribeiraopreto-regiao\/wp-json\/wp\/v2\/categories?post=105513"},{"taxonomy":"post_tag","embeddable":true,"href":"https:\/\/redenoticiaz.com.br\/ribeiraopreto-regiao\/wp-json\/wp\/v2\/tags?post=105513"}],"curies":[{"name":"wp","href":"https:\/\/api.w.org\/{rel}","templated":true}]}}