{"id":105730,"date":"2023-05-22T16:23:03","date_gmt":"2023-05-22T19:23:03","guid":{"rendered":"https:\/\/redenoticiaz.com.br\/barretos-regiao\/?p=105730"},"modified":"2023-05-22T16:23:03","modified_gmt":"2023-05-22T19:23:03","slug":"prefeitura-de-barretos-intensifica-acoes-de-combate-a-dengue-e-chikungunya","status":"publish","type":"post","link":"https:\/\/redenoticiaz.com.br\/ribeiraopreto-regiao\/sp\/2023\/05\/22\/prefeitura-de-barretos-intensifica-acoes-de-combate-a-dengue-e-chikungunya","title":{"rendered":"Prefeitura de Barretos intensifica a\u00e7\u00f5es de combate \u00e0 dengue e chikungunya"},"content":{"rendered":"<div>A Prefeitura da Est\u00e2ncia Tur\u00edstica de Barretos intensifica os esfor\u00e7os para combater e impedir que o mosquito Aedes aegypti, transmissor da dengue, chikungunya e zika, se reproduza. A prefeita Paula Lemos recebeu os 12 convocados, por meio de concurso, que passam a integrar a Equipe de Agentes de Controle de Endemias (ACEs), aos quais deu as boas-vindas, e destacou a import\u00e2ncia de cada um.<\/div>\n<div><\/div>\n<div><\/div>\n<div>De acordo com o boletim da Secretaria da Sa\u00fade, no momento a cidade j\u00e1 registra mais casos confirmados de chikungunya do que dengue, al\u00e9m da confirma\u00e7\u00e3o de zika. S\u00e3o 394 casos de chikungunya, 343 de dengue e um de zika.<\/div>\n<div><\/div>\n<div>A prefeita Paula voltou a pedir o apoio de toda a popula\u00e7\u00e3o. <em>&#8220;As pessoas adquiriram muita preocupa\u00e7\u00e3o com a Covid-19, mas a dengue tamb\u00e9m pode matar. \u00c9 necess\u00e1rio que todos tenham consci\u00eancia de que s\u00f3 h\u00e1 como vencer o Aedes aegypti se a popula\u00e7\u00e3o fizer a sua parte. \u00c9 preciso que cada um pare por cinco minutos todas as semanas e olhe cada canto de sua casa. Ao fazer isso, voc\u00ea estar\u00e1 olhando pela sa\u00fade da sua fam\u00edlia&#8221;<\/em>, ressaltou.<\/div>\n<div><\/div>\n<h3>Premia\u00e7\u00e3o como incentivo<\/h3>\n<div><\/div>\n<div>Como forma de atrair a colabora\u00e7\u00e3o da popula\u00e7\u00e3o, a chefe do Executivo anunciou que encaminhar\u00e1 ao Legislativo um projeto de lei que autoriza o Executivo a distribuir R$ 50 mil em pr\u00eamios, por meio de sorteio e crit\u00e9rios a serem observados, a moradores que colaborarem no combate ao Aedes aegypti.<\/div>\n<div>\u00a0<em>&#8220;Vamos realizar o sorteio entre os 10 bairros em que registrarem menos incid\u00eancia de dengue. Ser\u00e3o premiados, com mil reais cada, 50 moradores, e poder\u00e3o participar do sorteio os moradores que atenderem aos crit\u00e9rios, abrindo suas casas para os agentes fazerem o monitoramento e em que n\u00e3o tenha sido encontrado nenhum foco dentro da resid\u00eancia ao longo do ano&#8221;<\/em>, destacou.<\/div>\n<div><\/div>\n<h3>Desempenho<\/h3>\n<div><\/div>\n<div>Mais de 73 mil im\u00f3veis foram nebulizados este ano e esquema \u00e9 refor\u00e7ado com ciclo de tr\u00eas aplica\u00e7\u00f5es seguidas por localidade<\/div>\n<div><\/div>\n<div>VEJA TAMB\u00c9M:\u00a0<a href=\"https:\/\/redenoticiaz.com.br\/barretos-regiao\/sp\/2023\/05\/22\/homem-e-detido-pela-pm-apos-tentativa-de-furto-de-moto-e-carro\">Homem \u00e9 detido pela PM ap\u00f3s tentativa de furto de moto e carro<\/a><\/div>\n<div><\/div>\n<div><\/div>\n<div><\/div>\n","protected":false},"excerpt":{"rendered":"<p>A Prefeitura da Est\u00e2ncia Tur\u00edstica de Barretos intensifica os esfor\u00e7os para combater e impedir que o mosquito Aedes aegypti, transmissor da dengue, chikungunya e zika, se reproduza. A prefeita Paula Lemos recebeu os 12 convocados, por meio de concurso, que passam a integrar a Equipe de Agentes de Controle de Endemias (ACEs), aos quais deu &hellip;<\/p>\n","protected":false},"author":30,"featured_media":105731,"comment_status":"open","ping_status":"closed","sticky":false,"template":"","format":"standard","meta":{"footnotes":""},"categories":[94,129],"tags":[27106,17631,11477,4590,17056,8512,27105],"class_list":["post-105730","post","type-post","status-publish","format-standard","has-post-thumbnail","hentry","category-meio-ambiente","category-saude","tag-agentes-de-controle-de-endemias","tag-casos-confirmados","tag-chikungunya","tag-dengue","tag-mosquito","tag-premiacao","tag-zika"],"yoast_head":"<!-- This site is optimized with the Yoast SEO plugin v28.3 - https:\/\/yoast.com\/product\/yoast-seo-wordpress\/ -->\n<title>Prefeitura de Barretos intensifica a\u00e7\u00f5es de combate \u00e0 dengue e chikungunya - Ribeir\u00e3o Preto e Regi\u00e3o<\/title>\n<meta name=\"description\" content=\"Barretos intensifica os esfor\u00e7os para combater e impedir que o mosquito Aedes aegypti, transmissor da dengue, chikungunya e zika.\" \/>\n<meta name=\"robots\" content=\"index, follow, max-snippet:-1, max-image-preview:large, max-video-preview:-1\" \/>\n<link rel=\"canonical\" href=\"https:\/\/redenoticiaz.com.br\/ribeiraopreto-regiao\/sp\/2023\/05\/22\/prefeitura-de-barretos-intensifica-acoes-de-combate-a-dengue-e-chikungunya\" \/>\n<meta property=\"og:locale\" content=\"pt_BR\" \/>\n<meta property=\"og:type\" content=\"article\" \/>\n<meta property=\"og:title\" content=\"Prefeitura de Barretos intensifica a\u00e7\u00f5es de combate \u00e0 dengue e chikungunya - Ribeir\u00e3o Preto e Regi\u00e3o\" \/>\n<meta property=\"og:description\" content=\"Barretos intensifica os esfor\u00e7os para combater e impedir que o mosquito Aedes aegypti, transmissor da dengue, chikungunya e zika.\" \/>\n<meta property=\"og:url\" content=\"https:\/\/redenoticiaz.com.br\/ribeiraopreto-regiao\/sp\/2023\/05\/22\/prefeitura-de-barretos-intensifica-acoes-de-combate-a-dengue-e-chikungunya\" \/>\n<meta property=\"og:site_name\" content=\"Ribeir\u00e3o Preto e Regi\u00e3o\" \/>\n<meta property=\"article:publisher\" content=\"https:\/\/m.facebook.com\/redenoticiaz.barretos\" \/>\n<meta property=\"article:published_time\" content=\"2023-05-22T19:23:03+00:00\" \/>\n<meta property=\"og:image\" content=\"https:\/\/redenoticiaz.com.br\/ribeiraopreto-regiao\/wp-content\/uploads\/sites\/4\/2023\/05\/84d9ee44e457ddef7f2c4f25dc8fa865.jpeg\" \/>\n\t<meta property=\"og:image:width\" content=\"1600\" \/>\n\t<meta property=\"og:image:height\" content=\"1056\" \/>\n\t<meta property=\"og:image:type\" content=\"image\/jpeg\" \/>\n<meta name=\"author\" content=\"Carina Reifonas\" \/>\n<meta name=\"twitter:card\" content=\"summary_large_image\" \/>\n<meta name=\"twitter:creator\" content=\"@RN_barretos\" \/>\n<meta name=\"twitter:site\" content=\"@RN_barretos\" \/>\n<meta name=\"twitter:label1\" content=\"Escrito por\" \/>\n\t<meta name=\"twitter:data1\" content=\"Carina Reifonas\" \/>\n\t<meta name=\"twitter:label2\" content=\"Est. tempo de leitura\" \/>\n\t<meta name=\"twitter:data2\" content=\"2 minutos\" \/>\n<script type=\"application\/ld+json\" class=\"yoast-schema-graph\">{\"@context\":\"https:\\\/\\\/schema.org\",\"@graph\":[{\"@type\":\"Article\",\"@id\":\"https:\\\/\\\/redenoticiaz.com.br\\\/ribeiraopreto-regiao\\\/sp\\\/2023\\\/05\\\/22\\\/prefeitura-de-barretos-intensifica-acoes-de-combate-a-dengue-e-chikungunya#article\",\"isPartOf\":{\"@id\":\"https:\\\/\\\/redenoticiaz.com.br\\\/ribeiraopreto-regiao\\\/sp\\\/2023\\\/05\\\/22\\\/prefeitura-de-barretos-intensifica-acoes-de-combate-a-dengue-e-chikungunya\"},\"author\":{\"name\":\"Carina Reifonas\",\"@id\":\"https:\\\/\\\/redenoticiaz.com.br\\\/ribeiraopreto-regiao\\\/#\\\/schema\\\/person\\\/1f84d6e94e6a62d2d81199d7503e9e90\"},\"headline\":\"Prefeitura de Barretos intensifica a\u00e7\u00f5es de combate \u00e0 dengue e chikungunya\",\"datePublished\":\"2023-05-22T19:23:03+00:00\",\"mainEntityOfPage\":{\"@id\":\"https:\\\/\\\/redenoticiaz.com.br\\\/ribeiraopreto-regiao\\\/sp\\\/2023\\\/05\\\/22\\\/prefeitura-de-barretos-intensifica-acoes-de-combate-a-dengue-e-chikungunya\"},\"wordCount\":366,\"commentCount\":0,\"publisher\":{\"@id\":\"https:\\\/\\\/redenoticiaz.com.br\\\/ribeiraopreto-regiao\\\/#organization\"},\"image\":{\"@id\":\"https:\\\/\\\/redenoticiaz.com.br\\\/ribeiraopreto-regiao\\\/sp\\\/2023\\\/05\\\/22\\\/prefeitura-de-barretos-intensifica-acoes-de-combate-a-dengue-e-chikungunya#primaryimage\"},\"thumbnailUrl\":\"https:\\\/\\\/redenoticiaz.com.br\\\/ribeiraopreto-regiao\\\/wp-content\\\/uploads\\\/sites\\\/4\\\/2023\\\/05\\\/84d9ee44e457ddef7f2c4f25dc8fa865.jpeg\",\"keywords\":[\"agentes de controle de endemias\",\"CASOS CONFIRMADOS\",\"CHIKUNGUNYA\",\"DENGUE\",\"MOSQUITO\",\"PREMIA\u00c7\u00c3O\",\"zika\"],\"articleSection\":[\"Meio Ambiente\",\"Sa\u00fade\"],\"inLanguage\":\"pt-BR\",\"potentialAction\":[{\"@type\":\"CommentAction\",\"name\":\"Comment\",\"target\":[\"https:\\\/\\\/redenoticiaz.com.br\\\/ribeiraopreto-regiao\\\/sp\\\/2023\\\/05\\\/22\\\/prefeitura-de-barretos-intensifica-acoes-de-combate-a-dengue-e-chikungunya#respond\"]}]},{\"@type\":\"WebPage\",\"@id\":\"https:\\\/\\\/redenoticiaz.com.br\\\/ribeiraopreto-regiao\\\/sp\\\/2023\\\/05\\\/22\\\/prefeitura-de-barretos-intensifica-acoes-de-combate-a-dengue-e-chikungunya\",\"url\":\"https:\\\/\\\/redenoticiaz.com.br\\\/ribeiraopreto-regiao\\\/sp\\\/2023\\\/05\\\/22\\\/prefeitura-de-barretos-intensifica-acoes-de-combate-a-dengue-e-chikungunya\",\"name\":\"Prefeitura de Barretos intensifica a\u00e7\u00f5es de combate \u00e0 dengue e chikungunya - Ribeir\u00e3o Preto e Regi\u00e3o\",\"isPartOf\":{\"@id\":\"https:\\\/\\\/redenoticiaz.com.br\\\/ribeiraopreto-regiao\\\/#website\"},\"primaryImageOfPage\":{\"@id\":\"https:\\\/\\\/redenoticiaz.com.br\\\/ribeiraopreto-regiao\\\/sp\\\/2023\\\/05\\\/22\\\/prefeitura-de-barretos-intensifica-acoes-de-combate-a-dengue-e-chikungunya#primaryimage\"},\"image\":{\"@id\":\"https:\\\/\\\/redenoticiaz.com.br\\\/ribeiraopreto-regiao\\\/sp\\\/2023\\\/05\\\/22\\\/prefeitura-de-barretos-intensifica-acoes-de-combate-a-dengue-e-chikungunya#primaryimage\"},\"thumbnailUrl\":\"https:\\\/\\\/redenoticiaz.com.br\\\/ribeiraopreto-regiao\\\/wp-content\\\/uploads\\\/sites\\\/4\\\/2023\\\/05\\\/84d9ee44e457ddef7f2c4f25dc8fa865.jpeg\",\"datePublished\":\"2023-05-22T19:23:03+00:00\",\"description\":\"Barretos intensifica os esfor\u00e7os para combater e impedir que o mosquito Aedes aegypti, transmissor da dengue, chikungunya e zika.\",\"inLanguage\":\"pt-BR\",\"potentialAction\":[{\"@type\":\"ReadAction\",\"target\":[\"https:\\\/\\\/redenoticiaz.com.br\\\/ribeiraopreto-regiao\\\/sp\\\/2023\\\/05\\\/22\\\/prefeitura-de-barretos-intensifica-acoes-de-combate-a-dengue-e-chikungunya\"]}]},{\"@type\":\"ImageObject\",\"inLanguage\":\"pt-BR\",\"@id\":\"https:\\\/\\\/redenoticiaz.com.br\\\/ribeiraopreto-regiao\\\/sp\\\/2023\\\/05\\\/22\\\/prefeitura-de-barretos-intensifica-acoes-de-combate-a-dengue-e-chikungunya#primaryimage\",\"url\":\"https:\\\/\\\/redenoticiaz.com.br\\\/ribeiraopreto-regiao\\\/wp-content\\\/uploads\\\/sites\\\/4\\\/2023\\\/05\\\/84d9ee44e457ddef7f2c4f25dc8fa865.jpeg\",\"contentUrl\":\"https:\\\/\\\/redenoticiaz.com.br\\\/ribeiraopreto-regiao\\\/wp-content\\\/uploads\\\/sites\\\/4\\\/2023\\\/05\\\/84d9ee44e457ddef7f2c4f25dc8fa865.jpeg\",\"width\":1600,\"height\":1056,\"caption\":\"Cr\u00e9dito: Divulga\u00e7\u00e3o\"},{\"@type\":\"WebSite\",\"@id\":\"https:\\\/\\\/redenoticiaz.com.br\\\/ribeiraopreto-regiao\\\/#website\",\"url\":\"https:\\\/\\\/redenoticiaz.com.br\\\/ribeiraopreto-regiao\\\/\",\"name\":\"Ribeir\u00e3o Preto e Regi\u00e3o\",\"description\":\"Rede NoticiaZ - Ribeir\u00e3o Preto e regi\u00e3o\",\"publisher\":{\"@id\":\"https:\\\/\\\/redenoticiaz.com.br\\\/ribeiraopreto-regiao\\\/#organization\"},\"potentialAction\":[{\"@type\":\"SearchAction\",\"target\":{\"@type\":\"EntryPoint\",\"urlTemplate\":\"https:\\\/\\\/redenoticiaz.com.br\\\/ribeiraopreto-regiao\\\/?s={search_term_string}\"},\"query-input\":{\"@type\":\"PropertyValueSpecification\",\"valueRequired\":true,\"valueName\":\"search_term_string\"}}],\"inLanguage\":\"pt-BR\"},{\"@type\":\"Organization\",\"@id\":\"https:\\\/\\\/redenoticiaz.com.br\\\/ribeiraopreto-regiao\\\/#organization\",\"name\":\"Ribeir\u00e3o Preto e Regi\u00e3o\",\"url\":\"https:\\\/\\\/redenoticiaz.com.br\\\/ribeiraopreto-regiao\\\/\",\"logo\":{\"@type\":\"ImageObject\",\"inLanguage\":\"pt-BR\",\"@id\":\"https:\\\/\\\/redenoticiaz.com.br\\\/ribeiraopreto-regiao\\\/#\\\/schema\\\/logo\\\/image\\\/\",\"url\":\"https:\\\/\\\/redenoticiaz.com.br\\\/barretos-regiao\\\/wp-content\\\/uploads\\\/sites\\\/4\\\/2022\\\/02\\\/logo.jpg\",\"contentUrl\":\"https:\\\/\\\/redenoticiaz.com.br\\\/barretos-regiao\\\/wp-content\\\/uploads\\\/sites\\\/4\\\/2022\\\/02\\\/logo.jpg\",\"width\":400,\"height\":250,\"caption\":\"Ribeir\u00e3o Preto e Regi\u00e3o\"},\"image\":{\"@id\":\"https:\\\/\\\/redenoticiaz.com.br\\\/ribeiraopreto-regiao\\\/#\\\/schema\\\/logo\\\/image\\\/\"},\"sameAs\":[\"https:\\\/\\\/m.facebook.com\\\/redenoticiaz.barretos\",\"https:\\\/\\\/x.com\\\/RN_barretos\",\"https:\\\/\\\/www.instagram.com\\\/redenoticiaz.barretos\\\/?igshid=YmMyMTA2M2Y\",\"https:\\\/\\\/www.linkedin.com\\\/company\\\/rede-noticiaz-barretos-e-regio\\\/\"]},{\"@type\":\"Person\",\"@id\":\"https:\\\/\\\/redenoticiaz.com.br\\\/ribeiraopreto-regiao\\\/#\\\/schema\\\/person\\\/1f84d6e94e6a62d2d81199d7503e9e90\",\"name\":\"Carina Reifonas\",\"image\":{\"@type\":\"ImageObject\",\"inLanguage\":\"pt-BR\",\"@id\":\"https:\\\/\\\/secure.gravatar.com\\\/avatar\\\/04c59859b23696cf867715880f81d5c037e60109730bdb4e6670ec2a2245bc97?s=96&d=mm&r=g\",\"url\":\"https:\\\/\\\/secure.gravatar.com\\\/avatar\\\/04c59859b23696cf867715880f81d5c037e60109730bdb4e6670ec2a2245bc97?s=96&d=mm&r=g\",\"contentUrl\":\"https:\\\/\\\/secure.gravatar.com\\\/avatar\\\/04c59859b23696cf867715880f81d5c037e60109730bdb4e6670ec2a2245bc97?s=96&d=mm&r=g\",\"caption\":\"Carina Reifonas\"},\"url\":\"https:\\\/\\\/redenoticiaz.com.br\\\/ribeiraopreto-regiao\\\/sp\\\/author\\\/carinareifonas\"}]}<\/script>\n<!-- \/ Yoast SEO plugin. -->","yoast_head_json":{"title":"Prefeitura de Barretos intensifica a\u00e7\u00f5es de combate \u00e0 dengue e chikungunya - Ribeir\u00e3o Preto e Regi\u00e3o","description":"Barretos intensifica os esfor\u00e7os para combater e impedir que o mosquito Aedes aegypti, transmissor da dengue, chikungunya e zika.","robots":{"index":"index","follow":"follow","max-snippet":"max-snippet:-1","max-image-preview":"max-image-preview:large","max-video-preview":"max-video-preview:-1"},"canonical":"https:\/\/redenoticiaz.com.br\/ribeiraopreto-regiao\/sp\/2023\/05\/22\/prefeitura-de-barretos-intensifica-acoes-de-combate-a-dengue-e-chikungunya","og_locale":"pt_BR","og_type":"article","og_title":"Prefeitura de Barretos intensifica a\u00e7\u00f5es de combate \u00e0 dengue e chikungunya - Ribeir\u00e3o Preto e Regi\u00e3o","og_description":"Barretos intensifica os esfor\u00e7os para combater e impedir que o mosquito Aedes aegypti, transmissor da dengue, chikungunya e zika.","og_url":"https:\/\/redenoticiaz.com.br\/ribeiraopreto-regiao\/sp\/2023\/05\/22\/prefeitura-de-barretos-intensifica-acoes-de-combate-a-dengue-e-chikungunya","og_site_name":"Ribeir\u00e3o Preto e Regi\u00e3o","article_publisher":"https:\/\/m.facebook.com\/redenoticiaz.barretos","article_published_time":"2023-05-22T19:23:03+00:00","og_image":[{"width":1600,"height":1056,"url":"https:\/\/redenoticiaz.com.br\/ribeiraopreto-regiao\/wp-content\/uploads\/sites\/4\/2023\/05\/84d9ee44e457ddef7f2c4f25dc8fa865.jpeg","type":"image\/jpeg"}],"author":"Carina Reifonas","twitter_card":"summary_large_image","twitter_creator":"@RN_barretos","twitter_site":"@RN_barretos","twitter_misc":{"Escrito por":"Carina Reifonas","Est. tempo de leitura":"2 minutos"},"schema":{"@context":"https:\/\/schema.org","@graph":[{"@type":"Article","@id":"https:\/\/redenoticiaz.com.br\/ribeiraopreto-regiao\/sp\/2023\/05\/22\/prefeitura-de-barretos-intensifica-acoes-de-combate-a-dengue-e-chikungunya#article","isPartOf":{"@id":"https:\/\/redenoticiaz.com.br\/ribeiraopreto-regiao\/sp\/2023\/05\/22\/prefeitura-de-barretos-intensifica-acoes-de-combate-a-dengue-e-chikungunya"},"author":{"name":"Carina Reifonas","@id":"https:\/\/redenoticiaz.com.br\/ribeiraopreto-regiao\/#\/schema\/person\/1f84d6e94e6a62d2d81199d7503e9e90"},"headline":"Prefeitura de Barretos intensifica a\u00e7\u00f5es de combate \u00e0 dengue e chikungunya","datePublished":"2023-05-22T19:23:03+00:00","mainEntityOfPage":{"@id":"https:\/\/redenoticiaz.com.br\/ribeiraopreto-regiao\/sp\/2023\/05\/22\/prefeitura-de-barretos-intensifica-acoes-de-combate-a-dengue-e-chikungunya"},"wordCount":366,"commentCount":0,"publisher":{"@id":"https:\/\/redenoticiaz.com.br\/ribeiraopreto-regiao\/#organization"},"image":{"@id":"https:\/\/redenoticiaz.com.br\/ribeiraopreto-regiao\/sp\/2023\/05\/22\/prefeitura-de-barretos-intensifica-acoes-de-combate-a-dengue-e-chikungunya#primaryimage"},"thumbnailUrl":"https:\/\/redenoticiaz.com.br\/ribeiraopreto-regiao\/wp-content\/uploads\/sites\/4\/2023\/05\/84d9ee44e457ddef7f2c4f25dc8fa865.jpeg","keywords":["agentes de controle de endemias","CASOS CONFIRMADOS","CHIKUNGUNYA","DENGUE","MOSQUITO","PREMIA\u00c7\u00c3O","zika"],"articleSection":["Meio Ambiente","Sa\u00fade"],"inLanguage":"pt-BR","potentialAction":[{"@type":"CommentAction","name":"Comment","target":["https:\/\/redenoticiaz.com.br\/ribeiraopreto-regiao\/sp\/2023\/05\/22\/prefeitura-de-barretos-intensifica-acoes-de-combate-a-dengue-e-chikungunya#respond"]}]},{"@type":"WebPage","@id":"https:\/\/redenoticiaz.com.br\/ribeiraopreto-regiao\/sp\/2023\/05\/22\/prefeitura-de-barretos-intensifica-acoes-de-combate-a-dengue-e-chikungunya","url":"https:\/\/redenoticiaz.com.br\/ribeiraopreto-regiao\/sp\/2023\/05\/22\/prefeitura-de-barretos-intensifica-acoes-de-combate-a-dengue-e-chikungunya","name":"Prefeitura de Barretos intensifica a\u00e7\u00f5es de combate \u00e0 dengue e chikungunya - Ribeir\u00e3o Preto e Regi\u00e3o","isPartOf":{"@id":"https:\/\/redenoticiaz.com.br\/ribeiraopreto-regiao\/#website"},"primaryImageOfPage":{"@id":"https:\/\/redenoticiaz.com.br\/ribeiraopreto-regiao\/sp\/2023\/05\/22\/prefeitura-de-barretos-intensifica-acoes-de-combate-a-dengue-e-chikungunya#primaryimage"},"image":{"@id":"https:\/\/redenoticiaz.com.br\/ribeiraopreto-regiao\/sp\/2023\/05\/22\/prefeitura-de-barretos-intensifica-acoes-de-combate-a-dengue-e-chikungunya#primaryimage"},"thumbnailUrl":"https:\/\/redenoticiaz.com.br\/ribeiraopreto-regiao\/wp-content\/uploads\/sites\/4\/2023\/05\/84d9ee44e457ddef7f2c4f25dc8fa865.jpeg","datePublished":"2023-05-22T19:23:03+00:00","description":"Barretos intensifica os esfor\u00e7os para combater e impedir que o mosquito Aedes aegypti, transmissor da dengue, chikungunya e zika.","inLanguage":"pt-BR","potentialAction":[{"@type":"ReadAction","target":["https:\/\/redenoticiaz.com.br\/ribeiraopreto-regiao\/sp\/2023\/05\/22\/prefeitura-de-barretos-intensifica-acoes-de-combate-a-dengue-e-chikungunya"]}]},{"@type":"ImageObject","inLanguage":"pt-BR","@id":"https:\/\/redenoticiaz.com.br\/ribeiraopreto-regiao\/sp\/2023\/05\/22\/prefeitura-de-barretos-intensifica-acoes-de-combate-a-dengue-e-chikungunya#primaryimage","url":"https:\/\/redenoticiaz.com.br\/ribeiraopreto-regiao\/wp-content\/uploads\/sites\/4\/2023\/05\/84d9ee44e457ddef7f2c4f25dc8fa865.jpeg","contentUrl":"https:\/\/redenoticiaz.com.br\/ribeiraopreto-regiao\/wp-content\/uploads\/sites\/4\/2023\/05\/84d9ee44e457ddef7f2c4f25dc8fa865.jpeg","width":1600,"height":1056,"caption":"Cr\u00e9dito: Divulga\u00e7\u00e3o"},{"@type":"WebSite","@id":"https:\/\/redenoticiaz.com.br\/ribeiraopreto-regiao\/#website","url":"https:\/\/redenoticiaz.com.br\/ribeiraopreto-regiao\/","name":"Ribeir\u00e3o Preto e Regi\u00e3o","description":"Rede NoticiaZ - Ribeir\u00e3o Preto e regi\u00e3o","publisher":{"@id":"https:\/\/redenoticiaz.com.br\/ribeiraopreto-regiao\/#organization"},"potentialAction":[{"@type":"SearchAction","target":{"@type":"EntryPoint","urlTemplate":"https:\/\/redenoticiaz.com.br\/ribeiraopreto-regiao\/?s={search_term_string}"},"query-input":{"@type":"PropertyValueSpecification","valueRequired":true,"valueName":"search_term_string"}}],"inLanguage":"pt-BR"},{"@type":"Organization","@id":"https:\/\/redenoticiaz.com.br\/ribeiraopreto-regiao\/#organization","name":"Ribeir\u00e3o Preto e Regi\u00e3o","url":"https:\/\/redenoticiaz.com.br\/ribeiraopreto-regiao\/","logo":{"@type":"ImageObject","inLanguage":"pt-BR","@id":"https:\/\/redenoticiaz.com.br\/ribeiraopreto-regiao\/#\/schema\/logo\/image\/","url":"https:\/\/redenoticiaz.com.br\/barretos-regiao\/wp-content\/uploads\/sites\/4\/2022\/02\/logo.jpg","contentUrl":"https:\/\/redenoticiaz.com.br\/barretos-regiao\/wp-content\/uploads\/sites\/4\/2022\/02\/logo.jpg","width":400,"height":250,"caption":"Ribeir\u00e3o Preto e Regi\u00e3o"},"image":{"@id":"https:\/\/redenoticiaz.com.br\/ribeiraopreto-regiao\/#\/schema\/logo\/image\/"},"sameAs":["https:\/\/m.facebook.com\/redenoticiaz.barretos","https:\/\/x.com\/RN_barretos","https:\/\/www.instagram.com\/redenoticiaz.barretos\/?igshid=YmMyMTA2M2Y","https:\/\/www.linkedin.com\/company\/rede-noticiaz-barretos-e-regio\/"]},{"@type":"Person","@id":"https:\/\/redenoticiaz.com.br\/ribeiraopreto-regiao\/#\/schema\/person\/1f84d6e94e6a62d2d81199d7503e9e90","name":"Carina Reifonas","image":{"@type":"ImageObject","inLanguage":"pt-BR","@id":"https:\/\/secure.gravatar.com\/avatar\/04c59859b23696cf867715880f81d5c037e60109730bdb4e6670ec2a2245bc97?s=96&d=mm&r=g","url":"https:\/\/secure.gravatar.com\/avatar\/04c59859b23696cf867715880f81d5c037e60109730bdb4e6670ec2a2245bc97?s=96&d=mm&r=g","contentUrl":"https:\/\/secure.gravatar.com\/avatar\/04c59859b23696cf867715880f81d5c037e60109730bdb4e6670ec2a2245bc97?s=96&d=mm&r=g","caption":"Carina Reifonas"},"url":"https:\/\/redenoticiaz.com.br\/ribeiraopreto-regiao\/sp\/author\/carinareifonas"}]}},"_links":{"self":[{"href":"https:\/\/redenoticiaz.com.br\/ribeiraopreto-regiao\/wp-json\/wp\/v2\/posts\/105730","targetHints":{"allow":["GET"]}}],"collection":[{"href":"https:\/\/redenoticiaz.com.br\/ribeiraopreto-regiao\/wp-json\/wp\/v2\/posts"}],"about":[{"href":"https:\/\/redenoticiaz.com.br\/ribeiraopreto-regiao\/wp-json\/wp\/v2\/types\/post"}],"author":[{"embeddable":true,"href":"https:\/\/redenoticiaz.com.br\/ribeiraopreto-regiao\/wp-json\/wp\/v2\/users\/30"}],"replies":[{"embeddable":true,"href":"https:\/\/redenoticiaz.com.br\/ribeiraopreto-regiao\/wp-json\/wp\/v2\/comments?post=105730"}],"version-history":[{"count":1,"href":"https:\/\/redenoticiaz.com.br\/ribeiraopreto-regiao\/wp-json\/wp\/v2\/posts\/105730\/revisions"}],"predecessor-version":[{"id":105732,"href":"https:\/\/redenoticiaz.com.br\/ribeiraopreto-regiao\/wp-json\/wp\/v2\/posts\/105730\/revisions\/105732"}],"wp:featuredmedia":[{"embeddable":true,"href":"https:\/\/redenoticiaz.com.br\/ribeiraopreto-regiao\/wp-json\/wp\/v2\/media\/105731"}],"wp:attachment":[{"href":"https:\/\/redenoticiaz.com.br\/ribeiraopreto-regiao\/wp-json\/wp\/v2\/media?parent=105730"}],"wp:term":[{"taxonomy":"category","embeddable":true,"href":"https:\/\/redenoticiaz.com.br\/ribeiraopreto-regiao\/wp-json\/wp\/v2\/categories?post=105730"},{"taxonomy":"post_tag","embeddable":true,"href":"https:\/\/redenoticiaz.com.br\/ribeiraopreto-regiao\/wp-json\/wp\/v2\/tags?post=105730"}],"curies":[{"name":"wp","href":"https:\/\/api.w.org\/{rel}","templated":true}]}}