{"id":105739,"date":"2023-05-22T16:55:02","date_gmt":"2023-05-22T19:55:02","guid":{"rendered":"https:\/\/redenoticiaz.com.br\/barretos-regiao\/?p=105739"},"modified":"2023-05-22T16:55:02","modified_gmt":"2023-05-22T19:55:02","slug":"em-maio-bolsa-familia-investe-r-138-milhoes-com-as-familias-de-guaira","status":"publish","type":"post","link":"https:\/\/redenoticiaz.com.br\/ribeiraopreto-regiao\/sp\/2023\/05\/22\/em-maio-bolsa-familia-investe-r-138-milhoes-com-as-familias-de-guaira","title":{"rendered":"Em maio, Bolsa Fam\u00edlia investe R$ 1,38 milh\u00f5es com as fam\u00edlias de Gua\u00edra"},"content":{"rendered":"<p>De acordo com o Minist\u00e9rio da Cidadania, o benef\u00edcio m\u00e9dio do Bolsa Fam\u00edlia pago \u00e0s fam\u00edlias beneficiadas no m\u00eas de maio em Gua\u00edra foi de R$ 666,10, o que resulta em um investimento de R$ 1.385.26,00 para o pagamento das 2.077 pessoas cadastradas com direito a receber o benef\u00edcio na cidade. No total s\u00e3o 5.216 pessoas contempladas em Gua\u00edra.<\/p>\n<p>O Bolsa Fam\u00edlia \u00e9 um programa de transfer\u00eancia de renda que busca garantir o acesso \u00e0 alimenta\u00e7\u00e3o, educa\u00e7\u00e3o, sa\u00fade e assist\u00eancia social para fam\u00edlias em situa\u00e7\u00e3o de pobreza ou extrema pobreza.<\/p>\n<p>Os recursos financeiros s\u00e3o muito importantes para muitas fam\u00edlias que vivem em situa\u00e7\u00e3o de vulnerabilidade.\u00a0 Al\u00e9m disso, o Bolsa Fam\u00edlia tem um impacto positivo na economia local, pois os recursos financeiros s\u00e3o utilizados para a compra de produtos e servi\u00e7os na cidade. Com isso, pequenos empres\u00e1rios e comerciantes locais s\u00e3o beneficiados.<\/p>\n<p>Em tempos de crise econ\u00f4mica, o Bolsa Fam\u00edlia se torna ainda mais importante para garantir a sobreviv\u00eancia de muitas fam\u00edlias brasileiras.<\/p>\n<p>VEJA TAMB\u00c9M:\u00a0<a href=\"https:\/\/redenoticiaz.com.br\/barretos-regiao\/sp\/2023\/05\/22\/moto-roubada-e-encontrada-abandonada-na-rodovia-assis-chateaubriand\">Moto roubada \u00e9 encontrada abandonada na rodovia Assis Chateaubriand<\/a><\/p>\n","protected":false},"excerpt":{"rendered":"<p>De acordo com o Minist\u00e9rio da Cidadania, o benef\u00edcio m\u00e9dio do Bolsa Fam\u00edlia pago \u00e0s fam\u00edlias beneficiadas no m\u00eas de maio em Gua\u00edra foi de R$ 666,10, o que resulta em um investimento de R$ 1.385.26,00 para o pagamento das 2.077 pessoas cadastradas com direito a receber o benef\u00edcio na cidade. No total s\u00e3o 5.216 &hellip;<\/p>\n","protected":false},"author":30,"featured_media":105740,"comment_status":"open","ping_status":"closed","sticky":false,"template":"","format":"standard","meta":{"footnotes":""},"categories":[252,101],"tags":[27109,20269,943,3174,2217,5296,27110],"class_list":["post-105739","post","type-post","status-publish","format-standard","has-post-thumbnail","hentry","category-acao-social","category-economia","tag-acesso-a-alimentacao","tag-bolsa-familia","tag-educacao","tag-guaira","tag-investimento","tag-pagamento","tag-pessoas-contempladas"],"yoast_head":"<!-- This site is optimized with the Yoast SEO plugin v27.4 - https:\/\/yoast.com\/product\/yoast-seo-wordpress\/ -->\n<title>Em maio, Bolsa Fam\u00edlia investe R$ 1,38 milh\u00f5es com as fam\u00edlias de Gua\u00edra - Ribeir\u00e3o Preto e Regi\u00e3o<\/title>\n<meta name=\"description\" content=\"De acordo com o Minist\u00e9rio da Cidadania, o benef\u00edcio m\u00e9dio do Bolsa Fam\u00edlia pago \u00e0s fam\u00edlias beneficiadas no m\u00eas de maio em Gua\u00edra\" \/>\n<meta name=\"robots\" content=\"index, follow, max-snippet:-1, max-image-preview:large, max-video-preview:-1\" \/>\n<link rel=\"canonical\" href=\"https:\/\/redenoticiaz.com.br\/ribeiraopreto-regiao\/sp\/2023\/05\/22\/em-maio-bolsa-familia-investe-r-138-milhoes-com-as-familias-de-guaira\" \/>\n<meta property=\"og:locale\" content=\"pt_BR\" \/>\n<meta property=\"og:type\" content=\"article\" \/>\n<meta property=\"og:title\" content=\"Em maio, Bolsa Fam\u00edlia investe R$ 1,38 milh\u00f5es com as fam\u00edlias de Gua\u00edra - Ribeir\u00e3o Preto e Regi\u00e3o\" \/>\n<meta property=\"og:description\" content=\"De acordo com o Minist\u00e9rio da Cidadania, o benef\u00edcio m\u00e9dio do Bolsa Fam\u00edlia pago \u00e0s fam\u00edlias beneficiadas no m\u00eas de maio em Gua\u00edra\" \/>\n<meta property=\"og:url\" content=\"https:\/\/redenoticiaz.com.br\/ribeiraopreto-regiao\/sp\/2023\/05\/22\/em-maio-bolsa-familia-investe-r-138-milhoes-com-as-familias-de-guaira\" \/>\n<meta property=\"og:site_name\" content=\"Ribeir\u00e3o Preto e Regi\u00e3o\" \/>\n<meta property=\"article:publisher\" content=\"https:\/\/m.facebook.com\/redenoticiaz.barretos\" \/>\n<meta property=\"article:published_time\" content=\"2023-05-22T19:55:02+00:00\" \/>\n<meta property=\"og:image\" content=\"https:\/\/redenoticiaz.com.br\/ribeiraopreto-regiao\/wp-content\/uploads\/sites\/4\/2023\/05\/bolsa-familia-invs.jpg\" \/>\n\t<meta property=\"og:image:width\" content=\"1170\" \/>\n\t<meta property=\"og:image:height\" content=\"700\" \/>\n\t<meta property=\"og:image:type\" content=\"image\/jpeg\" \/>\n<meta name=\"author\" content=\"Carina Reifonas\" \/>\n<meta name=\"twitter:card\" content=\"summary_large_image\" \/>\n<meta name=\"twitter:creator\" content=\"@RN_barretos\" \/>\n<meta name=\"twitter:site\" content=\"@RN_barretos\" \/>\n<meta name=\"twitter:label1\" content=\"Escrito por\" \/>\n\t<meta name=\"twitter:data1\" content=\"Carina Reifonas\" \/>\n\t<meta name=\"twitter:label2\" content=\"Est. tempo de leitura\" \/>\n\t<meta name=\"twitter:data2\" content=\"1 minuto\" \/>\n<script type=\"application\/ld+json\" class=\"yoast-schema-graph\">{\"@context\":\"https:\\\/\\\/schema.org\",\"@graph\":[{\"@type\":\"Article\",\"@id\":\"https:\\\/\\\/redenoticiaz.com.br\\\/ribeiraopreto-regiao\\\/sp\\\/2023\\\/05\\\/22\\\/em-maio-bolsa-familia-investe-r-138-milhoes-com-as-familias-de-guaira#article\",\"isPartOf\":{\"@id\":\"https:\\\/\\\/redenoticiaz.com.br\\\/ribeiraopreto-regiao\\\/sp\\\/2023\\\/05\\\/22\\\/em-maio-bolsa-familia-investe-r-138-milhoes-com-as-familias-de-guaira\"},\"author\":{\"name\":\"Carina Reifonas\",\"@id\":\"https:\\\/\\\/redenoticiaz.com.br\\\/ribeiraopreto-regiao\\\/#\\\/schema\\\/person\\\/1f84d6e94e6a62d2d81199d7503e9e90\"},\"headline\":\"Em maio, Bolsa Fam\u00edlia investe R$ 1,38 milh\u00f5es com as fam\u00edlias de Gua\u00edra\",\"datePublished\":\"2023-05-22T19:55:02+00:00\",\"mainEntityOfPage\":{\"@id\":\"https:\\\/\\\/redenoticiaz.com.br\\\/ribeiraopreto-regiao\\\/sp\\\/2023\\\/05\\\/22\\\/em-maio-bolsa-familia-investe-r-138-milhoes-com-as-familias-de-guaira\"},\"wordCount\":214,\"commentCount\":0,\"publisher\":{\"@id\":\"https:\\\/\\\/redenoticiaz.com.br\\\/ribeiraopreto-regiao\\\/#organization\"},\"image\":{\"@id\":\"https:\\\/\\\/redenoticiaz.com.br\\\/ribeiraopreto-regiao\\\/sp\\\/2023\\\/05\\\/22\\\/em-maio-bolsa-familia-investe-r-138-milhoes-com-as-familias-de-guaira#primaryimage\"},\"thumbnailUrl\":\"https:\\\/\\\/redenoticiaz.com.br\\\/ribeiraopreto-regiao\\\/wp-content\\\/uploads\\\/sites\\\/4\\\/2023\\\/05\\\/bolsa-familia-invs.jpg\",\"keywords\":[\"acesso \u00e1 alimenta\u00e7\u00e3o\",\"Bolsa Fam\u00edlia\",\"educa\u00e7\u00e3o\",\"GUA\u00cdRA\",\"INVESTIMENTO\",\"PAGAMENTO\",\"pessoas contempladas\"],\"articleSection\":[\"A\u00e7\u00e3o Social\",\"Economia\"],\"inLanguage\":\"pt-BR\",\"potentialAction\":[{\"@type\":\"CommentAction\",\"name\":\"Comment\",\"target\":[\"https:\\\/\\\/redenoticiaz.com.br\\\/ribeiraopreto-regiao\\\/sp\\\/2023\\\/05\\\/22\\\/em-maio-bolsa-familia-investe-r-138-milhoes-com-as-familias-de-guaira#respond\"]}]},{\"@type\":\"WebPage\",\"@id\":\"https:\\\/\\\/redenoticiaz.com.br\\\/ribeiraopreto-regiao\\\/sp\\\/2023\\\/05\\\/22\\\/em-maio-bolsa-familia-investe-r-138-milhoes-com-as-familias-de-guaira\",\"url\":\"https:\\\/\\\/redenoticiaz.com.br\\\/ribeiraopreto-regiao\\\/sp\\\/2023\\\/05\\\/22\\\/em-maio-bolsa-familia-investe-r-138-milhoes-com-as-familias-de-guaira\",\"name\":\"Em maio, Bolsa Fam\u00edlia investe R$ 1,38 milh\u00f5es com as fam\u00edlias de Gua\u00edra - Ribeir\u00e3o Preto e Regi\u00e3o\",\"isPartOf\":{\"@id\":\"https:\\\/\\\/redenoticiaz.com.br\\\/ribeiraopreto-regiao\\\/#website\"},\"primaryImageOfPage\":{\"@id\":\"https:\\\/\\\/redenoticiaz.com.br\\\/ribeiraopreto-regiao\\\/sp\\\/2023\\\/05\\\/22\\\/em-maio-bolsa-familia-investe-r-138-milhoes-com-as-familias-de-guaira#primaryimage\"},\"image\":{\"@id\":\"https:\\\/\\\/redenoticiaz.com.br\\\/ribeiraopreto-regiao\\\/sp\\\/2023\\\/05\\\/22\\\/em-maio-bolsa-familia-investe-r-138-milhoes-com-as-familias-de-guaira#primaryimage\"},\"thumbnailUrl\":\"https:\\\/\\\/redenoticiaz.com.br\\\/ribeiraopreto-regiao\\\/wp-content\\\/uploads\\\/sites\\\/4\\\/2023\\\/05\\\/bolsa-familia-invs.jpg\",\"datePublished\":\"2023-05-22T19:55:02+00:00\",\"description\":\"De acordo com o Minist\u00e9rio da Cidadania, o benef\u00edcio m\u00e9dio do Bolsa Fam\u00edlia pago \u00e0s fam\u00edlias beneficiadas no m\u00eas de maio em Gua\u00edra\",\"inLanguage\":\"pt-BR\",\"potentialAction\":[{\"@type\":\"ReadAction\",\"target\":[\"https:\\\/\\\/redenoticiaz.com.br\\\/ribeiraopreto-regiao\\\/sp\\\/2023\\\/05\\\/22\\\/em-maio-bolsa-familia-investe-r-138-milhoes-com-as-familias-de-guaira\"]}]},{\"@type\":\"ImageObject\",\"inLanguage\":\"pt-BR\",\"@id\":\"https:\\\/\\\/redenoticiaz.com.br\\\/ribeiraopreto-regiao\\\/sp\\\/2023\\\/05\\\/22\\\/em-maio-bolsa-familia-investe-r-138-milhoes-com-as-familias-de-guaira#primaryimage\",\"url\":\"https:\\\/\\\/redenoticiaz.com.br\\\/ribeiraopreto-regiao\\\/wp-content\\\/uploads\\\/sites\\\/4\\\/2023\\\/05\\\/bolsa-familia-invs.jpg\",\"contentUrl\":\"https:\\\/\\\/redenoticiaz.com.br\\\/ribeiraopreto-regiao\\\/wp-content\\\/uploads\\\/sites\\\/4\\\/2023\\\/05\\\/bolsa-familia-invs.jpg\",\"width\":1170,\"height\":700,\"caption\":\"Bras\u00edlia (DF) -- Novo cart\u00e3o Bolsa Fam\u00edlia 2023. Foto: MDAS\\\/Divulga\u00e7\u00e3o\"},{\"@type\":\"WebSite\",\"@id\":\"https:\\\/\\\/redenoticiaz.com.br\\\/ribeiraopreto-regiao\\\/#website\",\"url\":\"https:\\\/\\\/redenoticiaz.com.br\\\/ribeiraopreto-regiao\\\/\",\"name\":\"Ribeir\u00e3o Preto e Regi\u00e3o\",\"description\":\"Rede NoticiaZ - Ribeir\u00e3o Preto e regi\u00e3o\",\"publisher\":{\"@id\":\"https:\\\/\\\/redenoticiaz.com.br\\\/ribeiraopreto-regiao\\\/#organization\"},\"potentialAction\":[{\"@type\":\"SearchAction\",\"target\":{\"@type\":\"EntryPoint\",\"urlTemplate\":\"https:\\\/\\\/redenoticiaz.com.br\\\/ribeiraopreto-regiao\\\/?s={search_term_string}\"},\"query-input\":{\"@type\":\"PropertyValueSpecification\",\"valueRequired\":true,\"valueName\":\"search_term_string\"}}],\"inLanguage\":\"pt-BR\"},{\"@type\":\"Organization\",\"@id\":\"https:\\\/\\\/redenoticiaz.com.br\\\/ribeiraopreto-regiao\\\/#organization\",\"name\":\"Ribeir\u00e3o Preto e Regi\u00e3o\",\"url\":\"https:\\\/\\\/redenoticiaz.com.br\\\/ribeiraopreto-regiao\\\/\",\"logo\":{\"@type\":\"ImageObject\",\"inLanguage\":\"pt-BR\",\"@id\":\"https:\\\/\\\/redenoticiaz.com.br\\\/ribeiraopreto-regiao\\\/#\\\/schema\\\/logo\\\/image\\\/\",\"url\":\"https:\\\/\\\/redenoticiaz.com.br\\\/barretos-regiao\\\/wp-content\\\/uploads\\\/sites\\\/4\\\/2022\\\/02\\\/logo.jpg\",\"contentUrl\":\"https:\\\/\\\/redenoticiaz.com.br\\\/barretos-regiao\\\/wp-content\\\/uploads\\\/sites\\\/4\\\/2022\\\/02\\\/logo.jpg\",\"width\":400,\"height\":250,\"caption\":\"Ribeir\u00e3o Preto e Regi\u00e3o\"},\"image\":{\"@id\":\"https:\\\/\\\/redenoticiaz.com.br\\\/ribeiraopreto-regiao\\\/#\\\/schema\\\/logo\\\/image\\\/\"},\"sameAs\":[\"https:\\\/\\\/m.facebook.com\\\/redenoticiaz.barretos\",\"https:\\\/\\\/x.com\\\/RN_barretos\",\"https:\\\/\\\/www.instagram.com\\\/redenoticiaz.barretos\\\/?igshid=YmMyMTA2M2Y\",\"https:\\\/\\\/www.linkedin.com\\\/company\\\/rede-noticiaz-barretos-e-regio\\\/\"]},{\"@type\":\"Person\",\"@id\":\"https:\\\/\\\/redenoticiaz.com.br\\\/ribeiraopreto-regiao\\\/#\\\/schema\\\/person\\\/1f84d6e94e6a62d2d81199d7503e9e90\",\"name\":\"Carina Reifonas\",\"image\":{\"@type\":\"ImageObject\",\"inLanguage\":\"pt-BR\",\"@id\":\"https:\\\/\\\/secure.gravatar.com\\\/avatar\\\/04c59859b23696cf867715880f81d5c037e60109730bdb4e6670ec2a2245bc97?s=96&d=mm&r=g\",\"url\":\"https:\\\/\\\/secure.gravatar.com\\\/avatar\\\/04c59859b23696cf867715880f81d5c037e60109730bdb4e6670ec2a2245bc97?s=96&d=mm&r=g\",\"contentUrl\":\"https:\\\/\\\/secure.gravatar.com\\\/avatar\\\/04c59859b23696cf867715880f81d5c037e60109730bdb4e6670ec2a2245bc97?s=96&d=mm&r=g\",\"caption\":\"Carina Reifonas\"},\"url\":\"https:\\\/\\\/redenoticiaz.com.br\\\/ribeiraopreto-regiao\\\/sp\\\/author\\\/carinareifonas\"}]}<\/script>\n<!-- \/ Yoast SEO plugin. -->","yoast_head_json":{"title":"Em maio, Bolsa Fam\u00edlia investe R$ 1,38 milh\u00f5es com as fam\u00edlias de Gua\u00edra - Ribeir\u00e3o Preto e Regi\u00e3o","description":"De acordo com o Minist\u00e9rio da Cidadania, o benef\u00edcio m\u00e9dio do Bolsa Fam\u00edlia pago \u00e0s fam\u00edlias beneficiadas no m\u00eas de maio em Gua\u00edra","robots":{"index":"index","follow":"follow","max-snippet":"max-snippet:-1","max-image-preview":"max-image-preview:large","max-video-preview":"max-video-preview:-1"},"canonical":"https:\/\/redenoticiaz.com.br\/ribeiraopreto-regiao\/sp\/2023\/05\/22\/em-maio-bolsa-familia-investe-r-138-milhoes-com-as-familias-de-guaira","og_locale":"pt_BR","og_type":"article","og_title":"Em maio, Bolsa Fam\u00edlia investe R$ 1,38 milh\u00f5es com as fam\u00edlias de Gua\u00edra - Ribeir\u00e3o Preto e Regi\u00e3o","og_description":"De acordo com o Minist\u00e9rio da Cidadania, o benef\u00edcio m\u00e9dio do Bolsa Fam\u00edlia pago \u00e0s fam\u00edlias beneficiadas no m\u00eas de maio em Gua\u00edra","og_url":"https:\/\/redenoticiaz.com.br\/ribeiraopreto-regiao\/sp\/2023\/05\/22\/em-maio-bolsa-familia-investe-r-138-milhoes-com-as-familias-de-guaira","og_site_name":"Ribeir\u00e3o Preto e Regi\u00e3o","article_publisher":"https:\/\/m.facebook.com\/redenoticiaz.barretos","article_published_time":"2023-05-22T19:55:02+00:00","og_image":[{"width":1170,"height":700,"url":"https:\/\/redenoticiaz.com.br\/ribeiraopreto-regiao\/wp-content\/uploads\/sites\/4\/2023\/05\/bolsa-familia-invs.jpg","type":"image\/jpeg"}],"author":"Carina Reifonas","twitter_card":"summary_large_image","twitter_creator":"@RN_barretos","twitter_site":"@RN_barretos","twitter_misc":{"Escrito por":"Carina Reifonas","Est. tempo de leitura":"1 minuto"},"schema":{"@context":"https:\/\/schema.org","@graph":[{"@type":"Article","@id":"https:\/\/redenoticiaz.com.br\/ribeiraopreto-regiao\/sp\/2023\/05\/22\/em-maio-bolsa-familia-investe-r-138-milhoes-com-as-familias-de-guaira#article","isPartOf":{"@id":"https:\/\/redenoticiaz.com.br\/ribeiraopreto-regiao\/sp\/2023\/05\/22\/em-maio-bolsa-familia-investe-r-138-milhoes-com-as-familias-de-guaira"},"author":{"name":"Carina Reifonas","@id":"https:\/\/redenoticiaz.com.br\/ribeiraopreto-regiao\/#\/schema\/person\/1f84d6e94e6a62d2d81199d7503e9e90"},"headline":"Em maio, Bolsa Fam\u00edlia investe R$ 1,38 milh\u00f5es com as fam\u00edlias de Gua\u00edra","datePublished":"2023-05-22T19:55:02+00:00","mainEntityOfPage":{"@id":"https:\/\/redenoticiaz.com.br\/ribeiraopreto-regiao\/sp\/2023\/05\/22\/em-maio-bolsa-familia-investe-r-138-milhoes-com-as-familias-de-guaira"},"wordCount":214,"commentCount":0,"publisher":{"@id":"https:\/\/redenoticiaz.com.br\/ribeiraopreto-regiao\/#organization"},"image":{"@id":"https:\/\/redenoticiaz.com.br\/ribeiraopreto-regiao\/sp\/2023\/05\/22\/em-maio-bolsa-familia-investe-r-138-milhoes-com-as-familias-de-guaira#primaryimage"},"thumbnailUrl":"https:\/\/redenoticiaz.com.br\/ribeiraopreto-regiao\/wp-content\/uploads\/sites\/4\/2023\/05\/bolsa-familia-invs.jpg","keywords":["acesso \u00e1 alimenta\u00e7\u00e3o","Bolsa Fam\u00edlia","educa\u00e7\u00e3o","GUA\u00cdRA","INVESTIMENTO","PAGAMENTO","pessoas contempladas"],"articleSection":["A\u00e7\u00e3o Social","Economia"],"inLanguage":"pt-BR","potentialAction":[{"@type":"CommentAction","name":"Comment","target":["https:\/\/redenoticiaz.com.br\/ribeiraopreto-regiao\/sp\/2023\/05\/22\/em-maio-bolsa-familia-investe-r-138-milhoes-com-as-familias-de-guaira#respond"]}]},{"@type":"WebPage","@id":"https:\/\/redenoticiaz.com.br\/ribeiraopreto-regiao\/sp\/2023\/05\/22\/em-maio-bolsa-familia-investe-r-138-milhoes-com-as-familias-de-guaira","url":"https:\/\/redenoticiaz.com.br\/ribeiraopreto-regiao\/sp\/2023\/05\/22\/em-maio-bolsa-familia-investe-r-138-milhoes-com-as-familias-de-guaira","name":"Em maio, Bolsa Fam\u00edlia investe R$ 1,38 milh\u00f5es com as fam\u00edlias de Gua\u00edra - Ribeir\u00e3o Preto e Regi\u00e3o","isPartOf":{"@id":"https:\/\/redenoticiaz.com.br\/ribeiraopreto-regiao\/#website"},"primaryImageOfPage":{"@id":"https:\/\/redenoticiaz.com.br\/ribeiraopreto-regiao\/sp\/2023\/05\/22\/em-maio-bolsa-familia-investe-r-138-milhoes-com-as-familias-de-guaira#primaryimage"},"image":{"@id":"https:\/\/redenoticiaz.com.br\/ribeiraopreto-regiao\/sp\/2023\/05\/22\/em-maio-bolsa-familia-investe-r-138-milhoes-com-as-familias-de-guaira#primaryimage"},"thumbnailUrl":"https:\/\/redenoticiaz.com.br\/ribeiraopreto-regiao\/wp-content\/uploads\/sites\/4\/2023\/05\/bolsa-familia-invs.jpg","datePublished":"2023-05-22T19:55:02+00:00","description":"De acordo com o Minist\u00e9rio da Cidadania, o benef\u00edcio m\u00e9dio do Bolsa Fam\u00edlia pago \u00e0s fam\u00edlias beneficiadas no m\u00eas de maio em Gua\u00edra","inLanguage":"pt-BR","potentialAction":[{"@type":"ReadAction","target":["https:\/\/redenoticiaz.com.br\/ribeiraopreto-regiao\/sp\/2023\/05\/22\/em-maio-bolsa-familia-investe-r-138-milhoes-com-as-familias-de-guaira"]}]},{"@type":"ImageObject","inLanguage":"pt-BR","@id":"https:\/\/redenoticiaz.com.br\/ribeiraopreto-regiao\/sp\/2023\/05\/22\/em-maio-bolsa-familia-investe-r-138-milhoes-com-as-familias-de-guaira#primaryimage","url":"https:\/\/redenoticiaz.com.br\/ribeiraopreto-regiao\/wp-content\/uploads\/sites\/4\/2023\/05\/bolsa-familia-invs.jpg","contentUrl":"https:\/\/redenoticiaz.com.br\/ribeiraopreto-regiao\/wp-content\/uploads\/sites\/4\/2023\/05\/bolsa-familia-invs.jpg","width":1170,"height":700,"caption":"Bras\u00edlia (DF) -- Novo cart\u00e3o Bolsa Fam\u00edlia 2023. Foto: MDAS\/Divulga\u00e7\u00e3o"},{"@type":"WebSite","@id":"https:\/\/redenoticiaz.com.br\/ribeiraopreto-regiao\/#website","url":"https:\/\/redenoticiaz.com.br\/ribeiraopreto-regiao\/","name":"Ribeir\u00e3o Preto e Regi\u00e3o","description":"Rede NoticiaZ - Ribeir\u00e3o Preto e regi\u00e3o","publisher":{"@id":"https:\/\/redenoticiaz.com.br\/ribeiraopreto-regiao\/#organization"},"potentialAction":[{"@type":"SearchAction","target":{"@type":"EntryPoint","urlTemplate":"https:\/\/redenoticiaz.com.br\/ribeiraopreto-regiao\/?s={search_term_string}"},"query-input":{"@type":"PropertyValueSpecification","valueRequired":true,"valueName":"search_term_string"}}],"inLanguage":"pt-BR"},{"@type":"Organization","@id":"https:\/\/redenoticiaz.com.br\/ribeiraopreto-regiao\/#organization","name":"Ribeir\u00e3o Preto e Regi\u00e3o","url":"https:\/\/redenoticiaz.com.br\/ribeiraopreto-regiao\/","logo":{"@type":"ImageObject","inLanguage":"pt-BR","@id":"https:\/\/redenoticiaz.com.br\/ribeiraopreto-regiao\/#\/schema\/logo\/image\/","url":"https:\/\/redenoticiaz.com.br\/barretos-regiao\/wp-content\/uploads\/sites\/4\/2022\/02\/logo.jpg","contentUrl":"https:\/\/redenoticiaz.com.br\/barretos-regiao\/wp-content\/uploads\/sites\/4\/2022\/02\/logo.jpg","width":400,"height":250,"caption":"Ribeir\u00e3o Preto e Regi\u00e3o"},"image":{"@id":"https:\/\/redenoticiaz.com.br\/ribeiraopreto-regiao\/#\/schema\/logo\/image\/"},"sameAs":["https:\/\/m.facebook.com\/redenoticiaz.barretos","https:\/\/x.com\/RN_barretos","https:\/\/www.instagram.com\/redenoticiaz.barretos\/?igshid=YmMyMTA2M2Y","https:\/\/www.linkedin.com\/company\/rede-noticiaz-barretos-e-regio\/"]},{"@type":"Person","@id":"https:\/\/redenoticiaz.com.br\/ribeiraopreto-regiao\/#\/schema\/person\/1f84d6e94e6a62d2d81199d7503e9e90","name":"Carina Reifonas","image":{"@type":"ImageObject","inLanguage":"pt-BR","@id":"https:\/\/secure.gravatar.com\/avatar\/04c59859b23696cf867715880f81d5c037e60109730bdb4e6670ec2a2245bc97?s=96&d=mm&r=g","url":"https:\/\/secure.gravatar.com\/avatar\/04c59859b23696cf867715880f81d5c037e60109730bdb4e6670ec2a2245bc97?s=96&d=mm&r=g","contentUrl":"https:\/\/secure.gravatar.com\/avatar\/04c59859b23696cf867715880f81d5c037e60109730bdb4e6670ec2a2245bc97?s=96&d=mm&r=g","caption":"Carina Reifonas"},"url":"https:\/\/redenoticiaz.com.br\/ribeiraopreto-regiao\/sp\/author\/carinareifonas"}]}},"_links":{"self":[{"href":"https:\/\/redenoticiaz.com.br\/ribeiraopreto-regiao\/wp-json\/wp\/v2\/posts\/105739","targetHints":{"allow":["GET"]}}],"collection":[{"href":"https:\/\/redenoticiaz.com.br\/ribeiraopreto-regiao\/wp-json\/wp\/v2\/posts"}],"about":[{"href":"https:\/\/redenoticiaz.com.br\/ribeiraopreto-regiao\/wp-json\/wp\/v2\/types\/post"}],"author":[{"embeddable":true,"href":"https:\/\/redenoticiaz.com.br\/ribeiraopreto-regiao\/wp-json\/wp\/v2\/users\/30"}],"replies":[{"embeddable":true,"href":"https:\/\/redenoticiaz.com.br\/ribeiraopreto-regiao\/wp-json\/wp\/v2\/comments?post=105739"}],"version-history":[{"count":1,"href":"https:\/\/redenoticiaz.com.br\/ribeiraopreto-regiao\/wp-json\/wp\/v2\/posts\/105739\/revisions"}],"predecessor-version":[{"id":105741,"href":"https:\/\/redenoticiaz.com.br\/ribeiraopreto-regiao\/wp-json\/wp\/v2\/posts\/105739\/revisions\/105741"}],"wp:featuredmedia":[{"embeddable":true,"href":"https:\/\/redenoticiaz.com.br\/ribeiraopreto-regiao\/wp-json\/wp\/v2\/media\/105740"}],"wp:attachment":[{"href":"https:\/\/redenoticiaz.com.br\/ribeiraopreto-regiao\/wp-json\/wp\/v2\/media?parent=105739"}],"wp:term":[{"taxonomy":"category","embeddable":true,"href":"https:\/\/redenoticiaz.com.br\/ribeiraopreto-regiao\/wp-json\/wp\/v2\/categories?post=105739"},{"taxonomy":"post_tag","embeddable":true,"href":"https:\/\/redenoticiaz.com.br\/ribeiraopreto-regiao\/wp-json\/wp\/v2\/tags?post=105739"}],"curies":[{"name":"wp","href":"https:\/\/api.w.org\/{rel}","templated":true}]}}