{"id":105829,"date":"2023-05-24T15:20:31","date_gmt":"2023-05-24T18:20:31","guid":{"rendered":"https:\/\/redenoticiaz.com.br\/barretos-regiao\/?p=105829"},"modified":"2023-05-24T09:15:59","modified_gmt":"2023-05-24T12:15:59","slug":"e-hoje-cerimonia-de-abertura-da-25a-edicao-dos-jogos-regionais-da-melhor-idade","status":"publish","type":"post","link":"https:\/\/redenoticiaz.com.br\/ribeiraopreto-regiao\/sp\/2023\/05\/24\/e-hoje-cerimonia-de-abertura-da-25a-edicao-dos-jogos-regionais-da-melhor-idade","title":{"rendered":"\u00c9 hoje! Cerim\u00f4nia de abertura da 25\u00aa edi\u00e7\u00e3o dos Jogos Regionais da Melhor Idade"},"content":{"rendered":"<p>De hoje a domingo, a Est\u00e2ncia Tur\u00edstica de Barretos \u00e9 palco de um dos mais importantes eventos esportivos do Estado de S\u00e3o Paulo. A cidade sedia a 25\u00aa edi\u00e7\u00e3o dos Jogos Regionais da Melhor Idade (JOMI) e recebe cerca de 1.600 atletas acima de 60 anos, representantes de 51 munic\u00edpios, que ir\u00e3o disputar diversas modalidades: atletismo, bocha, buraco, coreografia, damas, dan\u00e7a de sal\u00e3o, domin\u00f3, malha, nata\u00e7\u00e3o, t\u00eanis, t\u00eanis de Mesa, truco, voleibol adaptado e xadrez. A delega\u00e7\u00e3o barretense \u00e9 formada por 94 atletas.<\/p>\n<p>As disputas, que t\u00eam in\u00edcio nesta ter\u00e7a-feira, \u00e0s 15h, com a coreografia, ser\u00e3o realizadas em diversos espa\u00e7os: Roch\u00e3o, Funda\u00e7\u00e3o Lugar de Viver Feliz (L.V.F.), Centro De Conviv\u00eancia Do Idoso &#8220;Idalina De Jesus Anast\u00e1cio&#8221; (CCI &#8211; Fepasa), Clube Rio Das Pedras Country Club (R.P.C.C.), SESI, Gr\u00eamio Liter\u00e1rio e Recreativo de Barretos (Sede de Campo), Espa\u00e7o de Eventos do North Shopping, Cemepe Nova Barretos &#8220;Manuel Sanchez Barreiro&#8221;, Cemepe Mar\u00edlia &#8220;Dr. C\u00edrio Ribeiro de \u00c1vila&#8221; e Centro de Esportes, Lazer e Cultura Dona Racibe Rezek. As delega\u00e7\u00f5es est\u00e3o alojadas nas escolas da Rede Municipal de Ensino, que est\u00e1 em recesso, conforme previsto em calend\u00e1rio escolar.<\/p>\n<p>Cerim\u00f4nia Oficial<\/p>\n<p>Nesta quarta-feira (24), \u00e0s 19h, no Gin\u00e1sio do Complexo Poliesportivo Jo\u00e3o Batista da Rocha, o Roch\u00e3o, ser\u00e1 realizada a cerim\u00f4nia oficial do JOMI, momento em que as delega\u00e7\u00f5es apresentam seus atletas. O evento \u00e9 aberto ao p\u00fablico.<\/p>\n<p>Os Jogos da Melhor Idade s\u00e3o uma realiza\u00e7\u00e3o das Secretarias de Estado de Esportes, Desenvolvimento Social, Educa\u00e7\u00e3o e da Sa\u00fade, e t\u00eam por objetivo valorizar e estimular a pr\u00e1tica esportiva, como fator de promo\u00e7\u00e3o de sa\u00fade e bem-estar, resgatando a autoestima para melhor conv\u00edvio social dos idosos dos munic\u00edpios do Estado de S\u00e3o Paulo e tem o apoio das prefeituras das cidades sedes, como \u00e9 o caso de Barretos.<\/p>\n<p>VEJA TAMB\u00c9M:\u00a0<a href=\"https:\/\/redenoticiaz.com.br\/barretos-regiao\/sp\/2023\/05\/22\/menor-e-apreendido-por-trafico-de-drogas-e-posse-ilegal-de-municao\">Menor \u00e9 apreendido por tr\u00e1fico de drogas e posse ilegal de muni\u00e7\u00e3o<\/a><\/p>\n","protected":false},"excerpt":{"rendered":"<p>De hoje a domingo, a Est\u00e2ncia Tur\u00edstica de Barretos \u00e9 palco de um dos mais importantes eventos esportivos do Estado de S\u00e3o Paulo. A cidade sedia a 25\u00aa edi\u00e7\u00e3o dos Jogos Regionais da Melhor Idade (JOMI) e recebe cerca de 1.600 atletas acima de 60 anos, representantes de 51 munic\u00edpios, que ir\u00e3o disputar diversas modalidades: &hellip;<\/p>\n","protected":false},"author":30,"featured_media":105830,"comment_status":"open","ping_status":"closed","sticky":false,"template":"","format":"standard","meta":{"footnotes":""},"categories":[87],"tags":[64,2831,3663,18106],"class_list":["post-105829","post","type-post","status-publish","format-standard","has-post-thumbnail","hentry","category-esporte","tag-barretos","tag-esportes","tag-jogos","tag-melhor-idade"],"yoast_head":"<!-- This site is optimized with the Yoast SEO plugin v27.4 - https:\/\/yoast.com\/product\/yoast-seo-wordpress\/ -->\n<title>\u00c9 hoje! Cerim\u00f4nia de abertura da 25\u00aa edi\u00e7\u00e3o dos Jogos Regionais da Melhor Idade - Ribeir\u00e3o Preto e Regi\u00e3o<\/title>\n<meta name=\"description\" content=\"De hoje a domingo, a Est\u00e2ncia Tur\u00edstica de Barretos \u00e9 palco de um dos mais importantes eventos esportivos do Estado de S\u00e3o Paulo.\" \/>\n<meta name=\"robots\" content=\"index, follow, max-snippet:-1, max-image-preview:large, max-video-preview:-1\" \/>\n<link rel=\"canonical\" href=\"https:\/\/redenoticiaz.com.br\/ribeiraopreto-regiao\/sp\/2023\/05\/24\/e-hoje-cerimonia-de-abertura-da-25a-edicao-dos-jogos-regionais-da-melhor-idade\" \/>\n<meta property=\"og:locale\" content=\"pt_BR\" \/>\n<meta property=\"og:type\" content=\"article\" \/>\n<meta property=\"og:title\" content=\"\u00c9 hoje! Cerim\u00f4nia de abertura da 25\u00aa edi\u00e7\u00e3o dos Jogos Regionais da Melhor Idade - Ribeir\u00e3o Preto e Regi\u00e3o\" \/>\n<meta property=\"og:description\" content=\"De hoje a domingo, a Est\u00e2ncia Tur\u00edstica de Barretos \u00e9 palco de um dos mais importantes eventos esportivos do Estado de S\u00e3o Paulo.\" \/>\n<meta property=\"og:url\" content=\"https:\/\/redenoticiaz.com.br\/ribeiraopreto-regiao\/sp\/2023\/05\/24\/e-hoje-cerimonia-de-abertura-da-25a-edicao-dos-jogos-regionais-da-melhor-idade\" \/>\n<meta property=\"og:site_name\" content=\"Ribeir\u00e3o Preto e Regi\u00e3o\" \/>\n<meta property=\"article:publisher\" content=\"https:\/\/m.facebook.com\/redenoticiaz.barretos\" \/>\n<meta property=\"article:published_time\" content=\"2023-05-24T18:20:31+00:00\" \/>\n<meta property=\"og:image\" content=\"https:\/\/redenoticiaz.com.br\/ribeiraopreto-regiao\/wp-content\/uploads\/sites\/4\/2023\/05\/20230524_091235_0000.png\" \/>\n\t<meta property=\"og:image:width\" content=\"1640\" \/>\n\t<meta property=\"og:image:height\" content=\"924\" \/>\n\t<meta property=\"og:image:type\" content=\"image\/png\" \/>\n<meta name=\"author\" content=\"Carina Reifonas\" \/>\n<meta name=\"twitter:card\" content=\"summary_large_image\" \/>\n<meta name=\"twitter:creator\" content=\"@RN_barretos\" \/>\n<meta name=\"twitter:site\" content=\"@RN_barretos\" \/>\n<meta name=\"twitter:label1\" content=\"Escrito por\" \/>\n\t<meta name=\"twitter:data1\" content=\"Carina Reifonas\" \/>\n\t<meta name=\"twitter:label2\" content=\"Est. tempo de leitura\" \/>\n\t<meta name=\"twitter:data2\" content=\"2 minutos\" \/>\n<script type=\"application\/ld+json\" class=\"yoast-schema-graph\">{\"@context\":\"https:\\\/\\\/schema.org\",\"@graph\":[{\"@type\":\"Article\",\"@id\":\"https:\\\/\\\/redenoticiaz.com.br\\\/ribeiraopreto-regiao\\\/sp\\\/2023\\\/05\\\/24\\\/e-hoje-cerimonia-de-abertura-da-25a-edicao-dos-jogos-regionais-da-melhor-idade#article\",\"isPartOf\":{\"@id\":\"https:\\\/\\\/redenoticiaz.com.br\\\/ribeiraopreto-regiao\\\/sp\\\/2023\\\/05\\\/24\\\/e-hoje-cerimonia-de-abertura-da-25a-edicao-dos-jogos-regionais-da-melhor-idade\"},\"author\":{\"name\":\"Carina Reifonas\",\"@id\":\"https:\\\/\\\/redenoticiaz.com.br\\\/ribeiraopreto-regiao\\\/#\\\/schema\\\/person\\\/1f84d6e94e6a62d2d81199d7503e9e90\"},\"headline\":\"\u00c9 hoje! Cerim\u00f4nia de abertura da 25\u00aa edi\u00e7\u00e3o dos Jogos Regionais da Melhor Idade\",\"datePublished\":\"2023-05-24T18:20:31+00:00\",\"mainEntityOfPage\":{\"@id\":\"https:\\\/\\\/redenoticiaz.com.br\\\/ribeiraopreto-regiao\\\/sp\\\/2023\\\/05\\\/24\\\/e-hoje-cerimonia-de-abertura-da-25a-edicao-dos-jogos-regionais-da-melhor-idade\"},\"wordCount\":365,\"commentCount\":0,\"publisher\":{\"@id\":\"https:\\\/\\\/redenoticiaz.com.br\\\/ribeiraopreto-regiao\\\/#organization\"},\"image\":{\"@id\":\"https:\\\/\\\/redenoticiaz.com.br\\\/ribeiraopreto-regiao\\\/sp\\\/2023\\\/05\\\/24\\\/e-hoje-cerimonia-de-abertura-da-25a-edicao-dos-jogos-regionais-da-melhor-idade#primaryimage\"},\"thumbnailUrl\":\"https:\\\/\\\/redenoticiaz.com.br\\\/ribeiraopreto-regiao\\\/wp-content\\\/uploads\\\/sites\\\/4\\\/2023\\\/05\\\/20230524_091235_0000.png\",\"keywords\":[\"BARRETOS\",\"ESPORTES\",\"JOGOS\",\"MELHOR IDADE\"],\"articleSection\":[\"Esporte\"],\"inLanguage\":\"pt-BR\",\"potentialAction\":[{\"@type\":\"CommentAction\",\"name\":\"Comment\",\"target\":[\"https:\\\/\\\/redenoticiaz.com.br\\\/ribeiraopreto-regiao\\\/sp\\\/2023\\\/05\\\/24\\\/e-hoje-cerimonia-de-abertura-da-25a-edicao-dos-jogos-regionais-da-melhor-idade#respond\"]}]},{\"@type\":\"WebPage\",\"@id\":\"https:\\\/\\\/redenoticiaz.com.br\\\/ribeiraopreto-regiao\\\/sp\\\/2023\\\/05\\\/24\\\/e-hoje-cerimonia-de-abertura-da-25a-edicao-dos-jogos-regionais-da-melhor-idade\",\"url\":\"https:\\\/\\\/redenoticiaz.com.br\\\/ribeiraopreto-regiao\\\/sp\\\/2023\\\/05\\\/24\\\/e-hoje-cerimonia-de-abertura-da-25a-edicao-dos-jogos-regionais-da-melhor-idade\",\"name\":\"\u00c9 hoje! Cerim\u00f4nia de abertura da 25\u00aa edi\u00e7\u00e3o dos Jogos Regionais da Melhor Idade - Ribeir\u00e3o Preto e Regi\u00e3o\",\"isPartOf\":{\"@id\":\"https:\\\/\\\/redenoticiaz.com.br\\\/ribeiraopreto-regiao\\\/#website\"},\"primaryImageOfPage\":{\"@id\":\"https:\\\/\\\/redenoticiaz.com.br\\\/ribeiraopreto-regiao\\\/sp\\\/2023\\\/05\\\/24\\\/e-hoje-cerimonia-de-abertura-da-25a-edicao-dos-jogos-regionais-da-melhor-idade#primaryimage\"},\"image\":{\"@id\":\"https:\\\/\\\/redenoticiaz.com.br\\\/ribeiraopreto-regiao\\\/sp\\\/2023\\\/05\\\/24\\\/e-hoje-cerimonia-de-abertura-da-25a-edicao-dos-jogos-regionais-da-melhor-idade#primaryimage\"},\"thumbnailUrl\":\"https:\\\/\\\/redenoticiaz.com.br\\\/ribeiraopreto-regiao\\\/wp-content\\\/uploads\\\/sites\\\/4\\\/2023\\\/05\\\/20230524_091235_0000.png\",\"datePublished\":\"2023-05-24T18:20:31+00:00\",\"description\":\"De hoje a domingo, a Est\u00e2ncia Tur\u00edstica de Barretos \u00e9 palco de um dos mais importantes eventos esportivos do Estado de S\u00e3o Paulo.\",\"inLanguage\":\"pt-BR\",\"potentialAction\":[{\"@type\":\"ReadAction\",\"target\":[\"https:\\\/\\\/redenoticiaz.com.br\\\/ribeiraopreto-regiao\\\/sp\\\/2023\\\/05\\\/24\\\/e-hoje-cerimonia-de-abertura-da-25a-edicao-dos-jogos-regionais-da-melhor-idade\"]}]},{\"@type\":\"ImageObject\",\"inLanguage\":\"pt-BR\",\"@id\":\"https:\\\/\\\/redenoticiaz.com.br\\\/ribeiraopreto-regiao\\\/sp\\\/2023\\\/05\\\/24\\\/e-hoje-cerimonia-de-abertura-da-25a-edicao-dos-jogos-regionais-da-melhor-idade#primaryimage\",\"url\":\"https:\\\/\\\/redenoticiaz.com.br\\\/ribeiraopreto-regiao\\\/wp-content\\\/uploads\\\/sites\\\/4\\\/2023\\\/05\\\/20230524_091235_0000.png\",\"contentUrl\":\"https:\\\/\\\/redenoticiaz.com.br\\\/ribeiraopreto-regiao\\\/wp-content\\\/uploads\\\/sites\\\/4\\\/2023\\\/05\\\/20230524_091235_0000.png\",\"width\":1640,\"height\":924},{\"@type\":\"WebSite\",\"@id\":\"https:\\\/\\\/redenoticiaz.com.br\\\/ribeiraopreto-regiao\\\/#website\",\"url\":\"https:\\\/\\\/redenoticiaz.com.br\\\/ribeiraopreto-regiao\\\/\",\"name\":\"Ribeir\u00e3o Preto e Regi\u00e3o\",\"description\":\"Rede NoticiaZ - Ribeir\u00e3o Preto e regi\u00e3o\",\"publisher\":{\"@id\":\"https:\\\/\\\/redenoticiaz.com.br\\\/ribeiraopreto-regiao\\\/#organization\"},\"potentialAction\":[{\"@type\":\"SearchAction\",\"target\":{\"@type\":\"EntryPoint\",\"urlTemplate\":\"https:\\\/\\\/redenoticiaz.com.br\\\/ribeiraopreto-regiao\\\/?s={search_term_string}\"},\"query-input\":{\"@type\":\"PropertyValueSpecification\",\"valueRequired\":true,\"valueName\":\"search_term_string\"}}],\"inLanguage\":\"pt-BR\"},{\"@type\":\"Organization\",\"@id\":\"https:\\\/\\\/redenoticiaz.com.br\\\/ribeiraopreto-regiao\\\/#organization\",\"name\":\"Ribeir\u00e3o Preto e Regi\u00e3o\",\"url\":\"https:\\\/\\\/redenoticiaz.com.br\\\/ribeiraopreto-regiao\\\/\",\"logo\":{\"@type\":\"ImageObject\",\"inLanguage\":\"pt-BR\",\"@id\":\"https:\\\/\\\/redenoticiaz.com.br\\\/ribeiraopreto-regiao\\\/#\\\/schema\\\/logo\\\/image\\\/\",\"url\":\"https:\\\/\\\/redenoticiaz.com.br\\\/barretos-regiao\\\/wp-content\\\/uploads\\\/sites\\\/4\\\/2022\\\/02\\\/logo.jpg\",\"contentUrl\":\"https:\\\/\\\/redenoticiaz.com.br\\\/barretos-regiao\\\/wp-content\\\/uploads\\\/sites\\\/4\\\/2022\\\/02\\\/logo.jpg\",\"width\":400,\"height\":250,\"caption\":\"Ribeir\u00e3o Preto e Regi\u00e3o\"},\"image\":{\"@id\":\"https:\\\/\\\/redenoticiaz.com.br\\\/ribeiraopreto-regiao\\\/#\\\/schema\\\/logo\\\/image\\\/\"},\"sameAs\":[\"https:\\\/\\\/m.facebook.com\\\/redenoticiaz.barretos\",\"https:\\\/\\\/x.com\\\/RN_barretos\",\"https:\\\/\\\/www.instagram.com\\\/redenoticiaz.barretos\\\/?igshid=YmMyMTA2M2Y\",\"https:\\\/\\\/www.linkedin.com\\\/company\\\/rede-noticiaz-barretos-e-regio\\\/\"]},{\"@type\":\"Person\",\"@id\":\"https:\\\/\\\/redenoticiaz.com.br\\\/ribeiraopreto-regiao\\\/#\\\/schema\\\/person\\\/1f84d6e94e6a62d2d81199d7503e9e90\",\"name\":\"Carina Reifonas\",\"image\":{\"@type\":\"ImageObject\",\"inLanguage\":\"pt-BR\",\"@id\":\"https:\\\/\\\/secure.gravatar.com\\\/avatar\\\/04c59859b23696cf867715880f81d5c037e60109730bdb4e6670ec2a2245bc97?s=96&d=mm&r=g\",\"url\":\"https:\\\/\\\/secure.gravatar.com\\\/avatar\\\/04c59859b23696cf867715880f81d5c037e60109730bdb4e6670ec2a2245bc97?s=96&d=mm&r=g\",\"contentUrl\":\"https:\\\/\\\/secure.gravatar.com\\\/avatar\\\/04c59859b23696cf867715880f81d5c037e60109730bdb4e6670ec2a2245bc97?s=96&d=mm&r=g\",\"caption\":\"Carina Reifonas\"},\"url\":\"https:\\\/\\\/redenoticiaz.com.br\\\/ribeiraopreto-regiao\\\/sp\\\/author\\\/carinareifonas\"}]}<\/script>\n<!-- \/ Yoast SEO plugin. -->","yoast_head_json":{"title":"\u00c9 hoje! Cerim\u00f4nia de abertura da 25\u00aa edi\u00e7\u00e3o dos Jogos Regionais da Melhor Idade - Ribeir\u00e3o Preto e Regi\u00e3o","description":"De hoje a domingo, a Est\u00e2ncia Tur\u00edstica de Barretos \u00e9 palco de um dos mais importantes eventos esportivos do Estado de S\u00e3o Paulo.","robots":{"index":"index","follow":"follow","max-snippet":"max-snippet:-1","max-image-preview":"max-image-preview:large","max-video-preview":"max-video-preview:-1"},"canonical":"https:\/\/redenoticiaz.com.br\/ribeiraopreto-regiao\/sp\/2023\/05\/24\/e-hoje-cerimonia-de-abertura-da-25a-edicao-dos-jogos-regionais-da-melhor-idade","og_locale":"pt_BR","og_type":"article","og_title":"\u00c9 hoje! Cerim\u00f4nia de abertura da 25\u00aa edi\u00e7\u00e3o dos Jogos Regionais da Melhor Idade - Ribeir\u00e3o Preto e Regi\u00e3o","og_description":"De hoje a domingo, a Est\u00e2ncia Tur\u00edstica de Barretos \u00e9 palco de um dos mais importantes eventos esportivos do Estado de S\u00e3o Paulo.","og_url":"https:\/\/redenoticiaz.com.br\/ribeiraopreto-regiao\/sp\/2023\/05\/24\/e-hoje-cerimonia-de-abertura-da-25a-edicao-dos-jogos-regionais-da-melhor-idade","og_site_name":"Ribeir\u00e3o Preto e Regi\u00e3o","article_publisher":"https:\/\/m.facebook.com\/redenoticiaz.barretos","article_published_time":"2023-05-24T18:20:31+00:00","og_image":[{"width":1640,"height":924,"url":"https:\/\/redenoticiaz.com.br\/ribeiraopreto-regiao\/wp-content\/uploads\/sites\/4\/2023\/05\/20230524_091235_0000.png","type":"image\/png"}],"author":"Carina Reifonas","twitter_card":"summary_large_image","twitter_creator":"@RN_barretos","twitter_site":"@RN_barretos","twitter_misc":{"Escrito por":"Carina Reifonas","Est. tempo de leitura":"2 minutos"},"schema":{"@context":"https:\/\/schema.org","@graph":[{"@type":"Article","@id":"https:\/\/redenoticiaz.com.br\/ribeiraopreto-regiao\/sp\/2023\/05\/24\/e-hoje-cerimonia-de-abertura-da-25a-edicao-dos-jogos-regionais-da-melhor-idade#article","isPartOf":{"@id":"https:\/\/redenoticiaz.com.br\/ribeiraopreto-regiao\/sp\/2023\/05\/24\/e-hoje-cerimonia-de-abertura-da-25a-edicao-dos-jogos-regionais-da-melhor-idade"},"author":{"name":"Carina Reifonas","@id":"https:\/\/redenoticiaz.com.br\/ribeiraopreto-regiao\/#\/schema\/person\/1f84d6e94e6a62d2d81199d7503e9e90"},"headline":"\u00c9 hoje! Cerim\u00f4nia de abertura da 25\u00aa edi\u00e7\u00e3o dos Jogos Regionais da Melhor Idade","datePublished":"2023-05-24T18:20:31+00:00","mainEntityOfPage":{"@id":"https:\/\/redenoticiaz.com.br\/ribeiraopreto-regiao\/sp\/2023\/05\/24\/e-hoje-cerimonia-de-abertura-da-25a-edicao-dos-jogos-regionais-da-melhor-idade"},"wordCount":365,"commentCount":0,"publisher":{"@id":"https:\/\/redenoticiaz.com.br\/ribeiraopreto-regiao\/#organization"},"image":{"@id":"https:\/\/redenoticiaz.com.br\/ribeiraopreto-regiao\/sp\/2023\/05\/24\/e-hoje-cerimonia-de-abertura-da-25a-edicao-dos-jogos-regionais-da-melhor-idade#primaryimage"},"thumbnailUrl":"https:\/\/redenoticiaz.com.br\/ribeiraopreto-regiao\/wp-content\/uploads\/sites\/4\/2023\/05\/20230524_091235_0000.png","keywords":["BARRETOS","ESPORTES","JOGOS","MELHOR IDADE"],"articleSection":["Esporte"],"inLanguage":"pt-BR","potentialAction":[{"@type":"CommentAction","name":"Comment","target":["https:\/\/redenoticiaz.com.br\/ribeiraopreto-regiao\/sp\/2023\/05\/24\/e-hoje-cerimonia-de-abertura-da-25a-edicao-dos-jogos-regionais-da-melhor-idade#respond"]}]},{"@type":"WebPage","@id":"https:\/\/redenoticiaz.com.br\/ribeiraopreto-regiao\/sp\/2023\/05\/24\/e-hoje-cerimonia-de-abertura-da-25a-edicao-dos-jogos-regionais-da-melhor-idade","url":"https:\/\/redenoticiaz.com.br\/ribeiraopreto-regiao\/sp\/2023\/05\/24\/e-hoje-cerimonia-de-abertura-da-25a-edicao-dos-jogos-regionais-da-melhor-idade","name":"\u00c9 hoje! Cerim\u00f4nia de abertura da 25\u00aa edi\u00e7\u00e3o dos Jogos Regionais da Melhor Idade - Ribeir\u00e3o Preto e Regi\u00e3o","isPartOf":{"@id":"https:\/\/redenoticiaz.com.br\/ribeiraopreto-regiao\/#website"},"primaryImageOfPage":{"@id":"https:\/\/redenoticiaz.com.br\/ribeiraopreto-regiao\/sp\/2023\/05\/24\/e-hoje-cerimonia-de-abertura-da-25a-edicao-dos-jogos-regionais-da-melhor-idade#primaryimage"},"image":{"@id":"https:\/\/redenoticiaz.com.br\/ribeiraopreto-regiao\/sp\/2023\/05\/24\/e-hoje-cerimonia-de-abertura-da-25a-edicao-dos-jogos-regionais-da-melhor-idade#primaryimage"},"thumbnailUrl":"https:\/\/redenoticiaz.com.br\/ribeiraopreto-regiao\/wp-content\/uploads\/sites\/4\/2023\/05\/20230524_091235_0000.png","datePublished":"2023-05-24T18:20:31+00:00","description":"De hoje a domingo, a Est\u00e2ncia Tur\u00edstica de Barretos \u00e9 palco de um dos mais importantes eventos esportivos do Estado de S\u00e3o Paulo.","inLanguage":"pt-BR","potentialAction":[{"@type":"ReadAction","target":["https:\/\/redenoticiaz.com.br\/ribeiraopreto-regiao\/sp\/2023\/05\/24\/e-hoje-cerimonia-de-abertura-da-25a-edicao-dos-jogos-regionais-da-melhor-idade"]}]},{"@type":"ImageObject","inLanguage":"pt-BR","@id":"https:\/\/redenoticiaz.com.br\/ribeiraopreto-regiao\/sp\/2023\/05\/24\/e-hoje-cerimonia-de-abertura-da-25a-edicao-dos-jogos-regionais-da-melhor-idade#primaryimage","url":"https:\/\/redenoticiaz.com.br\/ribeiraopreto-regiao\/wp-content\/uploads\/sites\/4\/2023\/05\/20230524_091235_0000.png","contentUrl":"https:\/\/redenoticiaz.com.br\/ribeiraopreto-regiao\/wp-content\/uploads\/sites\/4\/2023\/05\/20230524_091235_0000.png","width":1640,"height":924},{"@type":"WebSite","@id":"https:\/\/redenoticiaz.com.br\/ribeiraopreto-regiao\/#website","url":"https:\/\/redenoticiaz.com.br\/ribeiraopreto-regiao\/","name":"Ribeir\u00e3o Preto e Regi\u00e3o","description":"Rede NoticiaZ - Ribeir\u00e3o Preto e regi\u00e3o","publisher":{"@id":"https:\/\/redenoticiaz.com.br\/ribeiraopreto-regiao\/#organization"},"potentialAction":[{"@type":"SearchAction","target":{"@type":"EntryPoint","urlTemplate":"https:\/\/redenoticiaz.com.br\/ribeiraopreto-regiao\/?s={search_term_string}"},"query-input":{"@type":"PropertyValueSpecification","valueRequired":true,"valueName":"search_term_string"}}],"inLanguage":"pt-BR"},{"@type":"Organization","@id":"https:\/\/redenoticiaz.com.br\/ribeiraopreto-regiao\/#organization","name":"Ribeir\u00e3o Preto e Regi\u00e3o","url":"https:\/\/redenoticiaz.com.br\/ribeiraopreto-regiao\/","logo":{"@type":"ImageObject","inLanguage":"pt-BR","@id":"https:\/\/redenoticiaz.com.br\/ribeiraopreto-regiao\/#\/schema\/logo\/image\/","url":"https:\/\/redenoticiaz.com.br\/barretos-regiao\/wp-content\/uploads\/sites\/4\/2022\/02\/logo.jpg","contentUrl":"https:\/\/redenoticiaz.com.br\/barretos-regiao\/wp-content\/uploads\/sites\/4\/2022\/02\/logo.jpg","width":400,"height":250,"caption":"Ribeir\u00e3o Preto e Regi\u00e3o"},"image":{"@id":"https:\/\/redenoticiaz.com.br\/ribeiraopreto-regiao\/#\/schema\/logo\/image\/"},"sameAs":["https:\/\/m.facebook.com\/redenoticiaz.barretos","https:\/\/x.com\/RN_barretos","https:\/\/www.instagram.com\/redenoticiaz.barretos\/?igshid=YmMyMTA2M2Y","https:\/\/www.linkedin.com\/company\/rede-noticiaz-barretos-e-regio\/"]},{"@type":"Person","@id":"https:\/\/redenoticiaz.com.br\/ribeiraopreto-regiao\/#\/schema\/person\/1f84d6e94e6a62d2d81199d7503e9e90","name":"Carina Reifonas","image":{"@type":"ImageObject","inLanguage":"pt-BR","@id":"https:\/\/secure.gravatar.com\/avatar\/04c59859b23696cf867715880f81d5c037e60109730bdb4e6670ec2a2245bc97?s=96&d=mm&r=g","url":"https:\/\/secure.gravatar.com\/avatar\/04c59859b23696cf867715880f81d5c037e60109730bdb4e6670ec2a2245bc97?s=96&d=mm&r=g","contentUrl":"https:\/\/secure.gravatar.com\/avatar\/04c59859b23696cf867715880f81d5c037e60109730bdb4e6670ec2a2245bc97?s=96&d=mm&r=g","caption":"Carina Reifonas"},"url":"https:\/\/redenoticiaz.com.br\/ribeiraopreto-regiao\/sp\/author\/carinareifonas"}]}},"_links":{"self":[{"href":"https:\/\/redenoticiaz.com.br\/ribeiraopreto-regiao\/wp-json\/wp\/v2\/posts\/105829","targetHints":{"allow":["GET"]}}],"collection":[{"href":"https:\/\/redenoticiaz.com.br\/ribeiraopreto-regiao\/wp-json\/wp\/v2\/posts"}],"about":[{"href":"https:\/\/redenoticiaz.com.br\/ribeiraopreto-regiao\/wp-json\/wp\/v2\/types\/post"}],"author":[{"embeddable":true,"href":"https:\/\/redenoticiaz.com.br\/ribeiraopreto-regiao\/wp-json\/wp\/v2\/users\/30"}],"replies":[{"embeddable":true,"href":"https:\/\/redenoticiaz.com.br\/ribeiraopreto-regiao\/wp-json\/wp\/v2\/comments?post=105829"}],"version-history":[{"count":1,"href":"https:\/\/redenoticiaz.com.br\/ribeiraopreto-regiao\/wp-json\/wp\/v2\/posts\/105829\/revisions"}],"predecessor-version":[{"id":105831,"href":"https:\/\/redenoticiaz.com.br\/ribeiraopreto-regiao\/wp-json\/wp\/v2\/posts\/105829\/revisions\/105831"}],"wp:featuredmedia":[{"embeddable":true,"href":"https:\/\/redenoticiaz.com.br\/ribeiraopreto-regiao\/wp-json\/wp\/v2\/media\/105830"}],"wp:attachment":[{"href":"https:\/\/redenoticiaz.com.br\/ribeiraopreto-regiao\/wp-json\/wp\/v2\/media?parent=105829"}],"wp:term":[{"taxonomy":"category","embeddable":true,"href":"https:\/\/redenoticiaz.com.br\/ribeiraopreto-regiao\/wp-json\/wp\/v2\/categories?post=105829"},{"taxonomy":"post_tag","embeddable":true,"href":"https:\/\/redenoticiaz.com.br\/ribeiraopreto-regiao\/wp-json\/wp\/v2\/tags?post=105829"}],"curies":[{"name":"wp","href":"https:\/\/api.w.org\/{rel}","templated":true}]}}