{"id":105933,"date":"2023-05-25T14:32:30","date_gmt":"2023-05-25T17:32:30","guid":{"rendered":"https:\/\/redenoticiaz.com.br\/barretos-regiao\/?p=105933"},"modified":"2023-05-25T14:56:11","modified_gmt":"2023-05-25T17:56:11","slug":"estrada-vicinal-jose-recco-apos-anos-de-espera-pavimentacao-e-finalmente-realizada","status":"publish","type":"post","link":"https:\/\/redenoticiaz.com.br\/ribeiraopreto-regiao\/sp\/2023\/05\/25\/estrada-vicinal-jose-recco-apos-anos-de-espera-pavimentacao-e-finalmente-realizada","title":{"rendered":"Estrada Vicinal Jos\u00e9 Recco: ap\u00f3s anos de espera, pavimenta\u00e7\u00e3o \u00e9 finalmente realizada"},"content":{"rendered":"<p class=\"v1MsoNormal\"><span style=\"font-family: arial, sans-serif\">A Estrada Vicinal Jos\u00e9 Recco (OLP &#8211; 020), que liga a Est\u00e2ncia Tur\u00edstica de Ol\u00edmpia a \u00c1lvora, distrito de Sever\u00ednia, come\u00e7ou a receber a t\u00e3o aguardada pavimenta\u00e7\u00e3o. <\/span><span style=\"font-family: arial, sans-serif\">A via, que \u00e9 de terra, est\u00e1 passando por recupera\u00e7\u00e3o, contemplando toda a obra estrutural necess\u00e1ria, como limpeza, terraplanagem e drenagem, preparando o local para a devida aplica\u00e7\u00e3o do asfalto e sinaliza\u00e7\u00e3o.<\/span><\/p>\n<p class=\"v1MsoNormal\"><span style=\"font-family: arial, sans-serif\">A estrada \u00e9 bastante utilizada por moradores, produtores rurais e tamb\u00e9m por ciclistas, que h\u00e1 anos solicitam a pavimenta\u00e7\u00e3o do trecho para melhor comodidade, transporte, estrutura e seguran\u00e7a e, agora, est\u00e3o tendo a demanda atendida gra\u00e7as \u00e0 uni\u00e3o de esfor\u00e7os de lideran\u00e7as regionais e \u00e0 gest\u00e3o do prefeito Fernando Cunha.<\/span><\/p>\n<p class=\"v1MsoNormal\"><span style=\"font-family: arial, sans-serif\">Em 2020, a Prefeitura havia realizado a pavimenta\u00e7\u00e3o do in\u00edcio da estrada num trecho de\u00a0aproximadamente 650 metros de extens\u00e3o, na sa\u00edda da Cohab III. Agora, todo o restante da extens\u00e3o da via, que compreende cerca de 12 quil\u00f4metros at\u00e9 Sever\u00ednia, est\u00e1 sendo recuperada e receber\u00e1 o asfalto onde ainda \u00e9 de terra.<\/span><\/p>\n<p class=\"v1MsoNormal\"><span style=\"font-family: arial, sans-serif\"><em>&#8220;As obras de infraestrutura das estradas demandam grande investimento que os munic\u00edpios, muitas vezes, n\u00e3o t\u00eam como custear sozinhos. Por isso, h\u00e1 anos, levamos essa e outras solicita\u00e7\u00f5es para o Estado, buscando solu\u00e7\u00f5es definitivas para as vicinais que precisam de manuten\u00e7\u00e3o constante por quest\u00f5es de seguran\u00e7a. Essa \u00e9 mais uma conquista que garantimos para trazer mais qualidade aos moradores e, agora, continuamos empenhados e lutando pela retomada da Natal Breda, que \u00e9 uma demanda que vem se arrastando e temos urg\u00eancia, uma vez que a obra foi iniciada pelo Estado, mas foi abandonada pela empresa respons\u00e1vel. Estamos cobrando constantemente para que os tr\u00e2mites burocr\u00e1ticos caminhem e o servi\u00e7o seja realizado&#8221;<\/em>, ressaltou o prefeito Fernando Cunha.<\/span><\/p>\n<p>VEJA TAMB\u00c9M:\u00a0<a href=\"https:\/\/redenoticiaz.com.br\/barretos-regiao\/sp\/2023\/05\/25\/suspeito-de-homicidio-contra-gcm-e-investigado\">Suspeito de homic\u00eddio contra GCM \u00e9 investigado<\/a><\/p>\n","protected":false},"excerpt":{"rendered":"<p>A Estrada Vicinal Jos\u00e9 Recco (OLP &#8211; 020), que liga a Est\u00e2ncia Tur\u00edstica de Ol\u00edmpia a \u00c1lvora, distrito de Sever\u00ednia, come\u00e7ou a receber a t\u00e3o aguardada pavimenta\u00e7\u00e3o. A via, que \u00e9 de terra, est\u00e1 passando por recupera\u00e7\u00e3o, contemplando toda a obra estrutural necess\u00e1ria, como limpeza, terraplanagem e drenagem, preparando o local para a devida aplica\u00e7\u00e3o &hellip;<\/p>\n","protected":false},"author":30,"featured_media":105940,"comment_status":"open","ping_status":"closed","sticky":false,"template":"","format":"standard","meta":{"footnotes":""},"categories":[2920],"tags":[27190,26807,17845,814,17117],"class_list":["post-105933","post","type-post","status-publish","format-standard","has-post-thumbnail","hentry","category-obras","tag-alvora","tag-estrada-de-terra","tag-estrada-vicinal","tag-olimpia","tag-pavimentacao"],"yoast_head":"<!-- This site is optimized with the Yoast SEO plugin v27.4 - https:\/\/yoast.com\/product\/yoast-seo-wordpress\/ -->\n<title>Estrada Vicinal Jos\u00e9 Recco: ap\u00f3s anos de espera, pavimenta\u00e7\u00e3o \u00e9 finalmente realizada - Ribeir\u00e3o Preto e Regi\u00e3o<\/title>\n<meta name=\"description\" content=\"A Estrada Vicinal Jos\u00e9 Recco, que liga a Est\u00e2ncia Tur\u00edstica de Ol\u00edmpia a \u00c1lvora, distrito de Sever\u00ednia, come\u00e7ou a receber pavimenta\u00e7\u00e3o.\" \/>\n<meta name=\"robots\" content=\"index, follow, max-snippet:-1, max-image-preview:large, max-video-preview:-1\" \/>\n<link rel=\"canonical\" href=\"https:\/\/redenoticiaz.com.br\/ribeiraopreto-regiao\/sp\/2023\/05\/25\/estrada-vicinal-jose-recco-apos-anos-de-espera-pavimentacao-e-finalmente-realizada\" \/>\n<meta property=\"og:locale\" content=\"pt_BR\" \/>\n<meta property=\"og:type\" content=\"article\" \/>\n<meta property=\"og:title\" content=\"Estrada Vicinal Jos\u00e9 Recco: ap\u00f3s anos de espera, pavimenta\u00e7\u00e3o \u00e9 finalmente realizada - Ribeir\u00e3o Preto e Regi\u00e3o\" \/>\n<meta property=\"og:description\" content=\"A Estrada Vicinal Jos\u00e9 Recco, que liga a Est\u00e2ncia Tur\u00edstica de Ol\u00edmpia a \u00c1lvora, distrito de Sever\u00ednia, come\u00e7ou a receber pavimenta\u00e7\u00e3o.\" \/>\n<meta property=\"og:url\" content=\"https:\/\/redenoticiaz.com.br\/ribeiraopreto-regiao\/sp\/2023\/05\/25\/estrada-vicinal-jose-recco-apos-anos-de-espera-pavimentacao-e-finalmente-realizada\" \/>\n<meta property=\"og:site_name\" content=\"Ribeir\u00e3o Preto e Regi\u00e3o\" \/>\n<meta property=\"article:publisher\" content=\"https:\/\/m.facebook.com\/redenoticiaz.barretos\" \/>\n<meta property=\"article:published_time\" content=\"2023-05-25T17:32:30+00:00\" \/>\n<meta property=\"article:modified_time\" content=\"2023-05-25T17:56:11+00:00\" \/>\n<meta property=\"og:image\" content=\"https:\/\/redenoticiaz.com.br\/ribeiraopreto-regiao\/wp-content\/uploads\/sites\/4\/2023\/05\/Pavimentacao-Vicinal-Jose-Recco-1-scaled.jpg\" \/>\n\t<meta property=\"og:image:width\" content=\"1920\" \/>\n\t<meta property=\"og:image:height\" content=\"1080\" \/>\n\t<meta property=\"og:image:type\" content=\"image\/jpeg\" \/>\n<meta name=\"author\" content=\"Carina Reifonas\" \/>\n<meta name=\"twitter:card\" content=\"summary_large_image\" \/>\n<meta name=\"twitter:creator\" content=\"@RN_barretos\" \/>\n<meta name=\"twitter:site\" content=\"@RN_barretos\" \/>\n<meta name=\"twitter:label1\" content=\"Escrito por\" \/>\n\t<meta name=\"twitter:data1\" content=\"Carina Reifonas\" \/>\n\t<meta name=\"twitter:label2\" content=\"Est. tempo de leitura\" \/>\n\t<meta name=\"twitter:data2\" content=\"2 minutos\" \/>\n<script type=\"application\/ld+json\" class=\"yoast-schema-graph\">{\"@context\":\"https:\\\/\\\/schema.org\",\"@graph\":[{\"@type\":\"Article\",\"@id\":\"https:\\\/\\\/redenoticiaz.com.br\\\/ribeiraopreto-regiao\\\/sp\\\/2023\\\/05\\\/25\\\/estrada-vicinal-jose-recco-apos-anos-de-espera-pavimentacao-e-finalmente-realizada#article\",\"isPartOf\":{\"@id\":\"https:\\\/\\\/redenoticiaz.com.br\\\/ribeiraopreto-regiao\\\/sp\\\/2023\\\/05\\\/25\\\/estrada-vicinal-jose-recco-apos-anos-de-espera-pavimentacao-e-finalmente-realizada\"},\"author\":{\"name\":\"Carina Reifonas\",\"@id\":\"https:\\\/\\\/redenoticiaz.com.br\\\/ribeiraopreto-regiao\\\/#\\\/schema\\\/person\\\/1f84d6e94e6a62d2d81199d7503e9e90\"},\"headline\":\"Estrada Vicinal Jos\u00e9 Recco: ap\u00f3s anos de espera, pavimenta\u00e7\u00e3o \u00e9 finalmente realizada\",\"datePublished\":\"2023-05-25T17:32:30+00:00\",\"dateModified\":\"2023-05-25T17:56:11+00:00\",\"mainEntityOfPage\":{\"@id\":\"https:\\\/\\\/redenoticiaz.com.br\\\/ribeiraopreto-regiao\\\/sp\\\/2023\\\/05\\\/25\\\/estrada-vicinal-jose-recco-apos-anos-de-espera-pavimentacao-e-finalmente-realizada\"},\"wordCount\":329,\"commentCount\":0,\"publisher\":{\"@id\":\"https:\\\/\\\/redenoticiaz.com.br\\\/ribeiraopreto-regiao\\\/#organization\"},\"image\":{\"@id\":\"https:\\\/\\\/redenoticiaz.com.br\\\/ribeiraopreto-regiao\\\/sp\\\/2023\\\/05\\\/25\\\/estrada-vicinal-jose-recco-apos-anos-de-espera-pavimentacao-e-finalmente-realizada#primaryimage\"},\"thumbnailUrl\":\"https:\\\/\\\/redenoticiaz.com.br\\\/ribeiraopreto-regiao\\\/wp-content\\\/uploads\\\/sites\\\/4\\\/2023\\\/05\\\/Pavimentacao-Vicinal-Jose-Recco-1-scaled.jpg\",\"keywords\":[\"\u00c1lvora\",\"estrada de terra\",\"ESTRADA VICINAL\",\"OLIMP\u00cdA\",\"PAVIMENTA\u00c7\u00c3O\"],\"articleSection\":[\"Obras\"],\"inLanguage\":\"pt-BR\",\"potentialAction\":[{\"@type\":\"CommentAction\",\"name\":\"Comment\",\"target\":[\"https:\\\/\\\/redenoticiaz.com.br\\\/ribeiraopreto-regiao\\\/sp\\\/2023\\\/05\\\/25\\\/estrada-vicinal-jose-recco-apos-anos-de-espera-pavimentacao-e-finalmente-realizada#respond\"]}]},{\"@type\":\"WebPage\",\"@id\":\"https:\\\/\\\/redenoticiaz.com.br\\\/ribeiraopreto-regiao\\\/sp\\\/2023\\\/05\\\/25\\\/estrada-vicinal-jose-recco-apos-anos-de-espera-pavimentacao-e-finalmente-realizada\",\"url\":\"https:\\\/\\\/redenoticiaz.com.br\\\/ribeiraopreto-regiao\\\/sp\\\/2023\\\/05\\\/25\\\/estrada-vicinal-jose-recco-apos-anos-de-espera-pavimentacao-e-finalmente-realizada\",\"name\":\"Estrada Vicinal Jos\u00e9 Recco: ap\u00f3s anos de espera, pavimenta\u00e7\u00e3o \u00e9 finalmente realizada - Ribeir\u00e3o Preto e Regi\u00e3o\",\"isPartOf\":{\"@id\":\"https:\\\/\\\/redenoticiaz.com.br\\\/ribeiraopreto-regiao\\\/#website\"},\"primaryImageOfPage\":{\"@id\":\"https:\\\/\\\/redenoticiaz.com.br\\\/ribeiraopreto-regiao\\\/sp\\\/2023\\\/05\\\/25\\\/estrada-vicinal-jose-recco-apos-anos-de-espera-pavimentacao-e-finalmente-realizada#primaryimage\"},\"image\":{\"@id\":\"https:\\\/\\\/redenoticiaz.com.br\\\/ribeiraopreto-regiao\\\/sp\\\/2023\\\/05\\\/25\\\/estrada-vicinal-jose-recco-apos-anos-de-espera-pavimentacao-e-finalmente-realizada#primaryimage\"},\"thumbnailUrl\":\"https:\\\/\\\/redenoticiaz.com.br\\\/ribeiraopreto-regiao\\\/wp-content\\\/uploads\\\/sites\\\/4\\\/2023\\\/05\\\/Pavimentacao-Vicinal-Jose-Recco-1-scaled.jpg\",\"datePublished\":\"2023-05-25T17:32:30+00:00\",\"dateModified\":\"2023-05-25T17:56:11+00:00\",\"description\":\"A Estrada Vicinal Jos\u00e9 Recco, que liga a Est\u00e2ncia Tur\u00edstica de Ol\u00edmpia a \u00c1lvora, distrito de Sever\u00ednia, come\u00e7ou a receber pavimenta\u00e7\u00e3o.\",\"inLanguage\":\"pt-BR\",\"potentialAction\":[{\"@type\":\"ReadAction\",\"target\":[\"https:\\\/\\\/redenoticiaz.com.br\\\/ribeiraopreto-regiao\\\/sp\\\/2023\\\/05\\\/25\\\/estrada-vicinal-jose-recco-apos-anos-de-espera-pavimentacao-e-finalmente-realizada\"]}]},{\"@type\":\"ImageObject\",\"inLanguage\":\"pt-BR\",\"@id\":\"https:\\\/\\\/redenoticiaz.com.br\\\/ribeiraopreto-regiao\\\/sp\\\/2023\\\/05\\\/25\\\/estrada-vicinal-jose-recco-apos-anos-de-espera-pavimentacao-e-finalmente-realizada#primaryimage\",\"url\":\"https:\\\/\\\/redenoticiaz.com.br\\\/ribeiraopreto-regiao\\\/wp-content\\\/uploads\\\/sites\\\/4\\\/2023\\\/05\\\/Pavimentacao-Vicinal-Jose-Recco-1-scaled.jpg\",\"contentUrl\":\"https:\\\/\\\/redenoticiaz.com.br\\\/ribeiraopreto-regiao\\\/wp-content\\\/uploads\\\/sites\\\/4\\\/2023\\\/05\\\/Pavimentacao-Vicinal-Jose-Recco-1-scaled.jpg\",\"width\":1920,\"height\":1080,\"caption\":\"default\"},{\"@type\":\"WebSite\",\"@id\":\"https:\\\/\\\/redenoticiaz.com.br\\\/ribeiraopreto-regiao\\\/#website\",\"url\":\"https:\\\/\\\/redenoticiaz.com.br\\\/ribeiraopreto-regiao\\\/\",\"name\":\"Ribeir\u00e3o Preto e Regi\u00e3o\",\"description\":\"Rede NoticiaZ - Ribeir\u00e3o Preto e regi\u00e3o\",\"publisher\":{\"@id\":\"https:\\\/\\\/redenoticiaz.com.br\\\/ribeiraopreto-regiao\\\/#organization\"},\"potentialAction\":[{\"@type\":\"SearchAction\",\"target\":{\"@type\":\"EntryPoint\",\"urlTemplate\":\"https:\\\/\\\/redenoticiaz.com.br\\\/ribeiraopreto-regiao\\\/?s={search_term_string}\"},\"query-input\":{\"@type\":\"PropertyValueSpecification\",\"valueRequired\":true,\"valueName\":\"search_term_string\"}}],\"inLanguage\":\"pt-BR\"},{\"@type\":\"Organization\",\"@id\":\"https:\\\/\\\/redenoticiaz.com.br\\\/ribeiraopreto-regiao\\\/#organization\",\"name\":\"Ribeir\u00e3o Preto e Regi\u00e3o\",\"url\":\"https:\\\/\\\/redenoticiaz.com.br\\\/ribeiraopreto-regiao\\\/\",\"logo\":{\"@type\":\"ImageObject\",\"inLanguage\":\"pt-BR\",\"@id\":\"https:\\\/\\\/redenoticiaz.com.br\\\/ribeiraopreto-regiao\\\/#\\\/schema\\\/logo\\\/image\\\/\",\"url\":\"https:\\\/\\\/redenoticiaz.com.br\\\/barretos-regiao\\\/wp-content\\\/uploads\\\/sites\\\/4\\\/2022\\\/02\\\/logo.jpg\",\"contentUrl\":\"https:\\\/\\\/redenoticiaz.com.br\\\/barretos-regiao\\\/wp-content\\\/uploads\\\/sites\\\/4\\\/2022\\\/02\\\/logo.jpg\",\"width\":400,\"height\":250,\"caption\":\"Ribeir\u00e3o Preto e Regi\u00e3o\"},\"image\":{\"@id\":\"https:\\\/\\\/redenoticiaz.com.br\\\/ribeiraopreto-regiao\\\/#\\\/schema\\\/logo\\\/image\\\/\"},\"sameAs\":[\"https:\\\/\\\/m.facebook.com\\\/redenoticiaz.barretos\",\"https:\\\/\\\/x.com\\\/RN_barretos\",\"https:\\\/\\\/www.instagram.com\\\/redenoticiaz.barretos\\\/?igshid=YmMyMTA2M2Y\",\"https:\\\/\\\/www.linkedin.com\\\/company\\\/rede-noticiaz-barretos-e-regio\\\/\"]},{\"@type\":\"Person\",\"@id\":\"https:\\\/\\\/redenoticiaz.com.br\\\/ribeiraopreto-regiao\\\/#\\\/schema\\\/person\\\/1f84d6e94e6a62d2d81199d7503e9e90\",\"name\":\"Carina Reifonas\",\"image\":{\"@type\":\"ImageObject\",\"inLanguage\":\"pt-BR\",\"@id\":\"https:\\\/\\\/secure.gravatar.com\\\/avatar\\\/04c59859b23696cf867715880f81d5c037e60109730bdb4e6670ec2a2245bc97?s=96&d=mm&r=g\",\"url\":\"https:\\\/\\\/secure.gravatar.com\\\/avatar\\\/04c59859b23696cf867715880f81d5c037e60109730bdb4e6670ec2a2245bc97?s=96&d=mm&r=g\",\"contentUrl\":\"https:\\\/\\\/secure.gravatar.com\\\/avatar\\\/04c59859b23696cf867715880f81d5c037e60109730bdb4e6670ec2a2245bc97?s=96&d=mm&r=g\",\"caption\":\"Carina Reifonas\"},\"url\":\"https:\\\/\\\/redenoticiaz.com.br\\\/ribeiraopreto-regiao\\\/sp\\\/author\\\/carinareifonas\"}]}<\/script>\n<!-- \/ Yoast SEO plugin. -->","yoast_head_json":{"title":"Estrada Vicinal Jos\u00e9 Recco: ap\u00f3s anos de espera, pavimenta\u00e7\u00e3o \u00e9 finalmente realizada - Ribeir\u00e3o Preto e Regi\u00e3o","description":"A Estrada Vicinal Jos\u00e9 Recco, que liga a Est\u00e2ncia Tur\u00edstica de Ol\u00edmpia a \u00c1lvora, distrito de Sever\u00ednia, come\u00e7ou a receber pavimenta\u00e7\u00e3o.","robots":{"index":"index","follow":"follow","max-snippet":"max-snippet:-1","max-image-preview":"max-image-preview:large","max-video-preview":"max-video-preview:-1"},"canonical":"https:\/\/redenoticiaz.com.br\/ribeiraopreto-regiao\/sp\/2023\/05\/25\/estrada-vicinal-jose-recco-apos-anos-de-espera-pavimentacao-e-finalmente-realizada","og_locale":"pt_BR","og_type":"article","og_title":"Estrada Vicinal Jos\u00e9 Recco: ap\u00f3s anos de espera, pavimenta\u00e7\u00e3o \u00e9 finalmente realizada - Ribeir\u00e3o Preto e Regi\u00e3o","og_description":"A Estrada Vicinal Jos\u00e9 Recco, que liga a Est\u00e2ncia Tur\u00edstica de Ol\u00edmpia a \u00c1lvora, distrito de Sever\u00ednia, come\u00e7ou a receber pavimenta\u00e7\u00e3o.","og_url":"https:\/\/redenoticiaz.com.br\/ribeiraopreto-regiao\/sp\/2023\/05\/25\/estrada-vicinal-jose-recco-apos-anos-de-espera-pavimentacao-e-finalmente-realizada","og_site_name":"Ribeir\u00e3o Preto e Regi\u00e3o","article_publisher":"https:\/\/m.facebook.com\/redenoticiaz.barretos","article_published_time":"2023-05-25T17:32:30+00:00","article_modified_time":"2023-05-25T17:56:11+00:00","og_image":[{"width":1920,"height":1080,"url":"https:\/\/redenoticiaz.com.br\/ribeiraopreto-regiao\/wp-content\/uploads\/sites\/4\/2023\/05\/Pavimentacao-Vicinal-Jose-Recco-1-scaled.jpg","type":"image\/jpeg"}],"author":"Carina Reifonas","twitter_card":"summary_large_image","twitter_creator":"@RN_barretos","twitter_site":"@RN_barretos","twitter_misc":{"Escrito por":"Carina Reifonas","Est. tempo de leitura":"2 minutos"},"schema":{"@context":"https:\/\/schema.org","@graph":[{"@type":"Article","@id":"https:\/\/redenoticiaz.com.br\/ribeiraopreto-regiao\/sp\/2023\/05\/25\/estrada-vicinal-jose-recco-apos-anos-de-espera-pavimentacao-e-finalmente-realizada#article","isPartOf":{"@id":"https:\/\/redenoticiaz.com.br\/ribeiraopreto-regiao\/sp\/2023\/05\/25\/estrada-vicinal-jose-recco-apos-anos-de-espera-pavimentacao-e-finalmente-realizada"},"author":{"name":"Carina Reifonas","@id":"https:\/\/redenoticiaz.com.br\/ribeiraopreto-regiao\/#\/schema\/person\/1f84d6e94e6a62d2d81199d7503e9e90"},"headline":"Estrada Vicinal Jos\u00e9 Recco: ap\u00f3s anos de espera, pavimenta\u00e7\u00e3o \u00e9 finalmente realizada","datePublished":"2023-05-25T17:32:30+00:00","dateModified":"2023-05-25T17:56:11+00:00","mainEntityOfPage":{"@id":"https:\/\/redenoticiaz.com.br\/ribeiraopreto-regiao\/sp\/2023\/05\/25\/estrada-vicinal-jose-recco-apos-anos-de-espera-pavimentacao-e-finalmente-realizada"},"wordCount":329,"commentCount":0,"publisher":{"@id":"https:\/\/redenoticiaz.com.br\/ribeiraopreto-regiao\/#organization"},"image":{"@id":"https:\/\/redenoticiaz.com.br\/ribeiraopreto-regiao\/sp\/2023\/05\/25\/estrada-vicinal-jose-recco-apos-anos-de-espera-pavimentacao-e-finalmente-realizada#primaryimage"},"thumbnailUrl":"https:\/\/redenoticiaz.com.br\/ribeiraopreto-regiao\/wp-content\/uploads\/sites\/4\/2023\/05\/Pavimentacao-Vicinal-Jose-Recco-1-scaled.jpg","keywords":["\u00c1lvora","estrada de terra","ESTRADA VICINAL","OLIMP\u00cdA","PAVIMENTA\u00c7\u00c3O"],"articleSection":["Obras"],"inLanguage":"pt-BR","potentialAction":[{"@type":"CommentAction","name":"Comment","target":["https:\/\/redenoticiaz.com.br\/ribeiraopreto-regiao\/sp\/2023\/05\/25\/estrada-vicinal-jose-recco-apos-anos-de-espera-pavimentacao-e-finalmente-realizada#respond"]}]},{"@type":"WebPage","@id":"https:\/\/redenoticiaz.com.br\/ribeiraopreto-regiao\/sp\/2023\/05\/25\/estrada-vicinal-jose-recco-apos-anos-de-espera-pavimentacao-e-finalmente-realizada","url":"https:\/\/redenoticiaz.com.br\/ribeiraopreto-regiao\/sp\/2023\/05\/25\/estrada-vicinal-jose-recco-apos-anos-de-espera-pavimentacao-e-finalmente-realizada","name":"Estrada Vicinal Jos\u00e9 Recco: ap\u00f3s anos de espera, pavimenta\u00e7\u00e3o \u00e9 finalmente realizada - Ribeir\u00e3o Preto e Regi\u00e3o","isPartOf":{"@id":"https:\/\/redenoticiaz.com.br\/ribeiraopreto-regiao\/#website"},"primaryImageOfPage":{"@id":"https:\/\/redenoticiaz.com.br\/ribeiraopreto-regiao\/sp\/2023\/05\/25\/estrada-vicinal-jose-recco-apos-anos-de-espera-pavimentacao-e-finalmente-realizada#primaryimage"},"image":{"@id":"https:\/\/redenoticiaz.com.br\/ribeiraopreto-regiao\/sp\/2023\/05\/25\/estrada-vicinal-jose-recco-apos-anos-de-espera-pavimentacao-e-finalmente-realizada#primaryimage"},"thumbnailUrl":"https:\/\/redenoticiaz.com.br\/ribeiraopreto-regiao\/wp-content\/uploads\/sites\/4\/2023\/05\/Pavimentacao-Vicinal-Jose-Recco-1-scaled.jpg","datePublished":"2023-05-25T17:32:30+00:00","dateModified":"2023-05-25T17:56:11+00:00","description":"A Estrada Vicinal Jos\u00e9 Recco, que liga a Est\u00e2ncia Tur\u00edstica de Ol\u00edmpia a \u00c1lvora, distrito de Sever\u00ednia, come\u00e7ou a receber pavimenta\u00e7\u00e3o.","inLanguage":"pt-BR","potentialAction":[{"@type":"ReadAction","target":["https:\/\/redenoticiaz.com.br\/ribeiraopreto-regiao\/sp\/2023\/05\/25\/estrada-vicinal-jose-recco-apos-anos-de-espera-pavimentacao-e-finalmente-realizada"]}]},{"@type":"ImageObject","inLanguage":"pt-BR","@id":"https:\/\/redenoticiaz.com.br\/ribeiraopreto-regiao\/sp\/2023\/05\/25\/estrada-vicinal-jose-recco-apos-anos-de-espera-pavimentacao-e-finalmente-realizada#primaryimage","url":"https:\/\/redenoticiaz.com.br\/ribeiraopreto-regiao\/wp-content\/uploads\/sites\/4\/2023\/05\/Pavimentacao-Vicinal-Jose-Recco-1-scaled.jpg","contentUrl":"https:\/\/redenoticiaz.com.br\/ribeiraopreto-regiao\/wp-content\/uploads\/sites\/4\/2023\/05\/Pavimentacao-Vicinal-Jose-Recco-1-scaled.jpg","width":1920,"height":1080,"caption":"default"},{"@type":"WebSite","@id":"https:\/\/redenoticiaz.com.br\/ribeiraopreto-regiao\/#website","url":"https:\/\/redenoticiaz.com.br\/ribeiraopreto-regiao\/","name":"Ribeir\u00e3o Preto e Regi\u00e3o","description":"Rede NoticiaZ - Ribeir\u00e3o Preto e regi\u00e3o","publisher":{"@id":"https:\/\/redenoticiaz.com.br\/ribeiraopreto-regiao\/#organization"},"potentialAction":[{"@type":"SearchAction","target":{"@type":"EntryPoint","urlTemplate":"https:\/\/redenoticiaz.com.br\/ribeiraopreto-regiao\/?s={search_term_string}"},"query-input":{"@type":"PropertyValueSpecification","valueRequired":true,"valueName":"search_term_string"}}],"inLanguage":"pt-BR"},{"@type":"Organization","@id":"https:\/\/redenoticiaz.com.br\/ribeiraopreto-regiao\/#organization","name":"Ribeir\u00e3o Preto e Regi\u00e3o","url":"https:\/\/redenoticiaz.com.br\/ribeiraopreto-regiao\/","logo":{"@type":"ImageObject","inLanguage":"pt-BR","@id":"https:\/\/redenoticiaz.com.br\/ribeiraopreto-regiao\/#\/schema\/logo\/image\/","url":"https:\/\/redenoticiaz.com.br\/barretos-regiao\/wp-content\/uploads\/sites\/4\/2022\/02\/logo.jpg","contentUrl":"https:\/\/redenoticiaz.com.br\/barretos-regiao\/wp-content\/uploads\/sites\/4\/2022\/02\/logo.jpg","width":400,"height":250,"caption":"Ribeir\u00e3o Preto e Regi\u00e3o"},"image":{"@id":"https:\/\/redenoticiaz.com.br\/ribeiraopreto-regiao\/#\/schema\/logo\/image\/"},"sameAs":["https:\/\/m.facebook.com\/redenoticiaz.barretos","https:\/\/x.com\/RN_barretos","https:\/\/www.instagram.com\/redenoticiaz.barretos\/?igshid=YmMyMTA2M2Y","https:\/\/www.linkedin.com\/company\/rede-noticiaz-barretos-e-regio\/"]},{"@type":"Person","@id":"https:\/\/redenoticiaz.com.br\/ribeiraopreto-regiao\/#\/schema\/person\/1f84d6e94e6a62d2d81199d7503e9e90","name":"Carina Reifonas","image":{"@type":"ImageObject","inLanguage":"pt-BR","@id":"https:\/\/secure.gravatar.com\/avatar\/04c59859b23696cf867715880f81d5c037e60109730bdb4e6670ec2a2245bc97?s=96&d=mm&r=g","url":"https:\/\/secure.gravatar.com\/avatar\/04c59859b23696cf867715880f81d5c037e60109730bdb4e6670ec2a2245bc97?s=96&d=mm&r=g","contentUrl":"https:\/\/secure.gravatar.com\/avatar\/04c59859b23696cf867715880f81d5c037e60109730bdb4e6670ec2a2245bc97?s=96&d=mm&r=g","caption":"Carina Reifonas"},"url":"https:\/\/redenoticiaz.com.br\/ribeiraopreto-regiao\/sp\/author\/carinareifonas"}]}},"_links":{"self":[{"href":"https:\/\/redenoticiaz.com.br\/ribeiraopreto-regiao\/wp-json\/wp\/v2\/posts\/105933","targetHints":{"allow":["GET"]}}],"collection":[{"href":"https:\/\/redenoticiaz.com.br\/ribeiraopreto-regiao\/wp-json\/wp\/v2\/posts"}],"about":[{"href":"https:\/\/redenoticiaz.com.br\/ribeiraopreto-regiao\/wp-json\/wp\/v2\/types\/post"}],"author":[{"embeddable":true,"href":"https:\/\/redenoticiaz.com.br\/ribeiraopreto-regiao\/wp-json\/wp\/v2\/users\/30"}],"replies":[{"embeddable":true,"href":"https:\/\/redenoticiaz.com.br\/ribeiraopreto-regiao\/wp-json\/wp\/v2\/comments?post=105933"}],"version-history":[{"count":1,"href":"https:\/\/redenoticiaz.com.br\/ribeiraopreto-regiao\/wp-json\/wp\/v2\/posts\/105933\/revisions"}],"predecessor-version":[{"id":105936,"href":"https:\/\/redenoticiaz.com.br\/ribeiraopreto-regiao\/wp-json\/wp\/v2\/posts\/105933\/revisions\/105936"}],"wp:featuredmedia":[{"embeddable":true,"href":"https:\/\/redenoticiaz.com.br\/ribeiraopreto-regiao\/wp-json\/wp\/v2\/media\/105940"}],"wp:attachment":[{"href":"https:\/\/redenoticiaz.com.br\/ribeiraopreto-regiao\/wp-json\/wp\/v2\/media?parent=105933"}],"wp:term":[{"taxonomy":"category","embeddable":true,"href":"https:\/\/redenoticiaz.com.br\/ribeiraopreto-regiao\/wp-json\/wp\/v2\/categories?post=105933"},{"taxonomy":"post_tag","embeddable":true,"href":"https:\/\/redenoticiaz.com.br\/ribeiraopreto-regiao\/wp-json\/wp\/v2\/tags?post=105933"}],"curies":[{"name":"wp","href":"https:\/\/api.w.org\/{rel}","templated":true}]}}