{"id":106042,"date":"2023-05-27T14:39:18","date_gmt":"2023-05-27T17:39:18","guid":{"rendered":"https:\/\/redenoticiaz.com.br\/barretos-regiao\/?p=106042"},"modified":"2023-05-27T14:39:18","modified_gmt":"2023-05-27T17:39:18","slug":"obras-do-novo-postao-avancam-para-cobertura-e-instalacoes-eletricas-e-hidraulicas","status":"publish","type":"post","link":"https:\/\/redenoticiaz.com.br\/ribeiraopreto-regiao\/sp\/2023\/05\/27\/obras-do-novo-postao-avancam-para-cobertura-e-instalacoes-eletricas-e-hidraulicas","title":{"rendered":"Obras do novo &#8220;Post\u00e3o&#8221; avan\u00e7am para cobertura e instala\u00e7\u00f5es el\u00e9tricas e hidr\u00e1ulicas"},"content":{"rendered":"<div>A Prefeitura da Est\u00e2ncia Tur\u00edstica de Barretos, por meio da Secretaria Municipal de Obras e Servi\u00e7os Urbanos, informa que as obras do Centro M\u00e9dico de Refer\u00eancia e Especialidades e de Aten\u00e7\u00e3o \u00e0 Mulher e \u00e0 Crian\u00e7a, o novo &#8220;Post\u00e3o&#8221;, avan\u00e7aram para a fase de instala\u00e7\u00f5es el\u00e9tricas, hidr\u00e1ulicas e cobertura.<\/div>\n<div><\/div>\n<div>De acordo com o secret\u00e1rio de Obras, Pl\u00e1cido Martins J\u00fanior, a estrutura do pr\u00e9dio ser\u00e1 conclu\u00edda com a finaliza\u00e7\u00e3o dos pilares do pavimento superior e a instala\u00e7\u00e3o da viga de respaldo para a cobertura do pr\u00e9dio. &#8220;Com a conclus\u00e3o do pavimento superior, trabalharemos as partes el\u00e9tricas, hidr\u00e1ulicas e de esgoto da obra, bem como na cobertura do pr\u00e9dio, com telhado met\u00e1lico e forro de gesso&#8221;, explicou.<\/div>\n<div><\/div>\n<div>O engenheiro ainda destacou que o moderno projeto tamb\u00e9m prev\u00ea a instala\u00e7\u00e3o de &#8220;pele de vidro&#8221; na fachada do novo post\u00e3o. &#8220;A fachada em &#8216;pele de vidro&#8217;, al\u00e9m de ser moderna e visualmente mais atrativa, aproveita melhor a luz natural no espa\u00e7o, promovendo economia de energia, entre outras vantagens&#8221;, disse.<\/div>\n<div><\/div>\n<div><\/div>\n<div><b>Investimento<\/b><\/div>\n<div><\/div>\n<div>O investimento no novo &#8220;Post\u00e3o&#8221; \u00e9 de R$ 6.726.033,22, sendo R$ 3 milh\u00f5es em repasse da Secretaria de Desenvolvimento Regional do Estado de S\u00e3o Paulo e R$ 3.726.033,22 de contrapartida do munic\u00edpio.<\/div>\n<div><\/div>\n<div>A nova unidade tem como meta elevar a qualidade do atendimento \u00e0 sa\u00fade da popula\u00e7\u00e3o barretense, com uma estrutura f\u00edsica dotada de mais de 20 consult\u00f3rios, salas para realiza\u00e7\u00e3o de exames e procedimentos e amplo espa\u00e7o de conviv\u00eancia, em 3.110,58 m\u00b2 de \u00e1rea constru\u00edda.<\/div>\n<div><\/div>\n<div><\/div>\n<div>VEJA TAMB\u00c9M:\u00a0<a href=\"https:\/\/redenoticiaz.com.br\/barretos-regiao\/sp\/2023\/05\/27\/zona-azul-consumidores-com-creditos-no-aplicativo-da-e-so-parar-podem-solicitar-transferencia-de-valores\">Zona Azul: Consumidores com cr\u00e9ditos no aplicativo da \u00c9 S\u00f3 Parar podem solicitar transfer\u00eancia de valores<\/a><\/div>\n","protected":false},"excerpt":{"rendered":"<p>A Prefeitura da Est\u00e2ncia Tur\u00edstica de Barretos, por meio da Secretaria Municipal de Obras e Servi\u00e7os Urbanos, informa que as obras do Centro M\u00e9dico de Refer\u00eancia e Especialidades e de Aten\u00e7\u00e3o \u00e0 Mulher e \u00e0 Crian\u00e7a, o novo &#8220;Post\u00e3o&#8221;, avan\u00e7aram para a fase de instala\u00e7\u00f5es el\u00e9tricas, hidr\u00e1ulicas e cobertura. De acordo com o secret\u00e1rio de &hellip;<\/p>\n","protected":false},"author":30,"featured_media":106043,"comment_status":"open","ping_status":"closed","sticky":false,"template":"","format":"standard","meta":{"footnotes":""},"categories":[2920],"tags":[27232,2217,3121,13186],"class_list":["post-106042","post","type-post","status-publish","format-standard","has-post-thumbnail","hentry","category-obras","tag-centro-medico-de-referencia-e-especialidades-e-de-atencao-a-mulher-e-a-crianca","tag-investimento","tag-obras","tag-postao"],"yoast_head":"<!-- This site is optimized with the Yoast SEO plugin v27.4 - https:\/\/yoast.com\/product\/yoast-seo-wordpress\/ -->\n<title>Obras do novo &#8220;Post\u00e3o&#8221; avan\u00e7am para cobertura e instala\u00e7\u00f5es el\u00e9tricas e hidr\u00e1ulicas - Ribeir\u00e3o Preto e Regi\u00e3o<\/title>\n<meta name=\"description\" content=\"Obras do Centro M\u00e9dico de Refer\u00eancia e Especialidades e de Aten\u00e7\u00e3o \u00e0 Mulher e \u00e0 Crian\u00e7a, o novo &quot;Post\u00e3o&quot;, avan\u00e7aram...\" \/>\n<meta name=\"robots\" content=\"index, follow, max-snippet:-1, max-image-preview:large, max-video-preview:-1\" \/>\n<link rel=\"canonical\" href=\"https:\/\/redenoticiaz.com.br\/ribeiraopreto-regiao\/sp\/2023\/05\/27\/obras-do-novo-postao-avancam-para-cobertura-e-instalacoes-eletricas-e-hidraulicas\" \/>\n<meta property=\"og:locale\" content=\"pt_BR\" \/>\n<meta property=\"og:type\" content=\"article\" \/>\n<meta property=\"og:title\" content=\"Obras do novo &#8220;Post\u00e3o&#8221; avan\u00e7am para cobertura e instala\u00e7\u00f5es el\u00e9tricas e hidr\u00e1ulicas - Ribeir\u00e3o Preto e Regi\u00e3o\" \/>\n<meta property=\"og:description\" content=\"Obras do Centro M\u00e9dico de Refer\u00eancia e Especialidades e de Aten\u00e7\u00e3o \u00e0 Mulher e \u00e0 Crian\u00e7a, o novo &quot;Post\u00e3o&quot;, avan\u00e7aram...\" \/>\n<meta property=\"og:url\" content=\"https:\/\/redenoticiaz.com.br\/ribeiraopreto-regiao\/sp\/2023\/05\/27\/obras-do-novo-postao-avancam-para-cobertura-e-instalacoes-eletricas-e-hidraulicas\" \/>\n<meta property=\"og:site_name\" content=\"Ribeir\u00e3o Preto e Regi\u00e3o\" \/>\n<meta property=\"article:publisher\" content=\"https:\/\/m.facebook.com\/redenoticiaz.barretos\" \/>\n<meta property=\"article:published_time\" content=\"2023-05-27T17:39:18+00:00\" \/>\n<meta property=\"og:image\" content=\"https:\/\/redenoticiaz.com.br\/ribeiraopreto-regiao\/wp-content\/uploads\/sites\/4\/2023\/05\/6974ce5ac660610b44d9b9fed0ff9548.jpeg\" \/>\n\t<meta property=\"og:image:width\" content=\"1600\" \/>\n\t<meta property=\"og:image:height\" content=\"900\" \/>\n\t<meta property=\"og:image:type\" content=\"image\/jpeg\" \/>\n<meta name=\"author\" content=\"Carina Reifonas\" \/>\n<meta name=\"twitter:card\" content=\"summary_large_image\" \/>\n<meta name=\"twitter:creator\" content=\"@RN_barretos\" \/>\n<meta name=\"twitter:site\" content=\"@RN_barretos\" \/>\n<meta name=\"twitter:label1\" content=\"Escrito por\" \/>\n\t<meta name=\"twitter:data1\" content=\"Carina Reifonas\" \/>\n\t<meta name=\"twitter:label2\" content=\"Est. tempo de leitura\" \/>\n\t<meta name=\"twitter:data2\" content=\"2 minutos\" \/>\n<script type=\"application\/ld+json\" class=\"yoast-schema-graph\">{\"@context\":\"https:\\\/\\\/schema.org\",\"@graph\":[{\"@type\":\"Article\",\"@id\":\"https:\\\/\\\/redenoticiaz.com.br\\\/ribeiraopreto-regiao\\\/sp\\\/2023\\\/05\\\/27\\\/obras-do-novo-postao-avancam-para-cobertura-e-instalacoes-eletricas-e-hidraulicas#article\",\"isPartOf\":{\"@id\":\"https:\\\/\\\/redenoticiaz.com.br\\\/ribeiraopreto-regiao\\\/sp\\\/2023\\\/05\\\/27\\\/obras-do-novo-postao-avancam-para-cobertura-e-instalacoes-eletricas-e-hidraulicas\"},\"author\":{\"name\":\"Carina Reifonas\",\"@id\":\"https:\\\/\\\/redenoticiaz.com.br\\\/ribeiraopreto-regiao\\\/#\\\/schema\\\/person\\\/1f84d6e94e6a62d2d81199d7503e9e90\"},\"headline\":\"Obras do novo &#8220;Post\u00e3o&#8221; avan\u00e7am para cobertura e instala\u00e7\u00f5es el\u00e9tricas e hidr\u00e1ulicas\",\"datePublished\":\"2023-05-27T17:39:18+00:00\",\"mainEntityOfPage\":{\"@id\":\"https:\\\/\\\/redenoticiaz.com.br\\\/ribeiraopreto-regiao\\\/sp\\\/2023\\\/05\\\/27\\\/obras-do-novo-postao-avancam-para-cobertura-e-instalacoes-eletricas-e-hidraulicas\"},\"wordCount\":312,\"commentCount\":0,\"publisher\":{\"@id\":\"https:\\\/\\\/redenoticiaz.com.br\\\/ribeiraopreto-regiao\\\/#organization\"},\"image\":{\"@id\":\"https:\\\/\\\/redenoticiaz.com.br\\\/ribeiraopreto-regiao\\\/sp\\\/2023\\\/05\\\/27\\\/obras-do-novo-postao-avancam-para-cobertura-e-instalacoes-eletricas-e-hidraulicas#primaryimage\"},\"thumbnailUrl\":\"https:\\\/\\\/redenoticiaz.com.br\\\/ribeiraopreto-regiao\\\/wp-content\\\/uploads\\\/sites\\\/4\\\/2023\\\/05\\\/6974ce5ac660610b44d9b9fed0ff9548.jpeg\",\"keywords\":[\"Centro M\u00e9dico de Refer\u00eancia e Especialidades e de Aten\u00e7\u00e3o \u00e0 Mulher e \u00e0 Crian\u00e7a\",\"INVESTIMENTO\",\"obras\",\"POST\u00c3O\"],\"articleSection\":[\"Obras\"],\"inLanguage\":\"pt-BR\",\"potentialAction\":[{\"@type\":\"CommentAction\",\"name\":\"Comment\",\"target\":[\"https:\\\/\\\/redenoticiaz.com.br\\\/ribeiraopreto-regiao\\\/sp\\\/2023\\\/05\\\/27\\\/obras-do-novo-postao-avancam-para-cobertura-e-instalacoes-eletricas-e-hidraulicas#respond\"]}]},{\"@type\":\"WebPage\",\"@id\":\"https:\\\/\\\/redenoticiaz.com.br\\\/ribeiraopreto-regiao\\\/sp\\\/2023\\\/05\\\/27\\\/obras-do-novo-postao-avancam-para-cobertura-e-instalacoes-eletricas-e-hidraulicas\",\"url\":\"https:\\\/\\\/redenoticiaz.com.br\\\/ribeiraopreto-regiao\\\/sp\\\/2023\\\/05\\\/27\\\/obras-do-novo-postao-avancam-para-cobertura-e-instalacoes-eletricas-e-hidraulicas\",\"name\":\"Obras do novo &#8220;Post\u00e3o&#8221; avan\u00e7am para cobertura e instala\u00e7\u00f5es el\u00e9tricas e hidr\u00e1ulicas - Ribeir\u00e3o Preto e Regi\u00e3o\",\"isPartOf\":{\"@id\":\"https:\\\/\\\/redenoticiaz.com.br\\\/ribeiraopreto-regiao\\\/#website\"},\"primaryImageOfPage\":{\"@id\":\"https:\\\/\\\/redenoticiaz.com.br\\\/ribeiraopreto-regiao\\\/sp\\\/2023\\\/05\\\/27\\\/obras-do-novo-postao-avancam-para-cobertura-e-instalacoes-eletricas-e-hidraulicas#primaryimage\"},\"image\":{\"@id\":\"https:\\\/\\\/redenoticiaz.com.br\\\/ribeiraopreto-regiao\\\/sp\\\/2023\\\/05\\\/27\\\/obras-do-novo-postao-avancam-para-cobertura-e-instalacoes-eletricas-e-hidraulicas#primaryimage\"},\"thumbnailUrl\":\"https:\\\/\\\/redenoticiaz.com.br\\\/ribeiraopreto-regiao\\\/wp-content\\\/uploads\\\/sites\\\/4\\\/2023\\\/05\\\/6974ce5ac660610b44d9b9fed0ff9548.jpeg\",\"datePublished\":\"2023-05-27T17:39:18+00:00\",\"description\":\"Obras do Centro M\u00e9dico de Refer\u00eancia e Especialidades e de Aten\u00e7\u00e3o \u00e0 Mulher e \u00e0 Crian\u00e7a, o novo \\\"Post\u00e3o\\\", avan\u00e7aram...\",\"inLanguage\":\"pt-BR\",\"potentialAction\":[{\"@type\":\"ReadAction\",\"target\":[\"https:\\\/\\\/redenoticiaz.com.br\\\/ribeiraopreto-regiao\\\/sp\\\/2023\\\/05\\\/27\\\/obras-do-novo-postao-avancam-para-cobertura-e-instalacoes-eletricas-e-hidraulicas\"]}]},{\"@type\":\"ImageObject\",\"inLanguage\":\"pt-BR\",\"@id\":\"https:\\\/\\\/redenoticiaz.com.br\\\/ribeiraopreto-regiao\\\/sp\\\/2023\\\/05\\\/27\\\/obras-do-novo-postao-avancam-para-cobertura-e-instalacoes-eletricas-e-hidraulicas#primaryimage\",\"url\":\"https:\\\/\\\/redenoticiaz.com.br\\\/ribeiraopreto-regiao\\\/wp-content\\\/uploads\\\/sites\\\/4\\\/2023\\\/05\\\/6974ce5ac660610b44d9b9fed0ff9548.jpeg\",\"contentUrl\":\"https:\\\/\\\/redenoticiaz.com.br\\\/ribeiraopreto-regiao\\\/wp-content\\\/uploads\\\/sites\\\/4\\\/2023\\\/05\\\/6974ce5ac660610b44d9b9fed0ff9548.jpeg\",\"width\":1600,\"height\":900,\"caption\":\"Obras do novo \\\"Post\u00e3o\\\" avan\u00e7am para cobertura e instala\u00e7\u00f5es el\u00e9tricas e hidr\u00e1ulicas\"},{\"@type\":\"WebSite\",\"@id\":\"https:\\\/\\\/redenoticiaz.com.br\\\/ribeiraopreto-regiao\\\/#website\",\"url\":\"https:\\\/\\\/redenoticiaz.com.br\\\/ribeiraopreto-regiao\\\/\",\"name\":\"Ribeir\u00e3o Preto e Regi\u00e3o\",\"description\":\"Rede NoticiaZ - Ribeir\u00e3o Preto e regi\u00e3o\",\"publisher\":{\"@id\":\"https:\\\/\\\/redenoticiaz.com.br\\\/ribeiraopreto-regiao\\\/#organization\"},\"potentialAction\":[{\"@type\":\"SearchAction\",\"target\":{\"@type\":\"EntryPoint\",\"urlTemplate\":\"https:\\\/\\\/redenoticiaz.com.br\\\/ribeiraopreto-regiao\\\/?s={search_term_string}\"},\"query-input\":{\"@type\":\"PropertyValueSpecification\",\"valueRequired\":true,\"valueName\":\"search_term_string\"}}],\"inLanguage\":\"pt-BR\"},{\"@type\":\"Organization\",\"@id\":\"https:\\\/\\\/redenoticiaz.com.br\\\/ribeiraopreto-regiao\\\/#organization\",\"name\":\"Ribeir\u00e3o Preto e Regi\u00e3o\",\"url\":\"https:\\\/\\\/redenoticiaz.com.br\\\/ribeiraopreto-regiao\\\/\",\"logo\":{\"@type\":\"ImageObject\",\"inLanguage\":\"pt-BR\",\"@id\":\"https:\\\/\\\/redenoticiaz.com.br\\\/ribeiraopreto-regiao\\\/#\\\/schema\\\/logo\\\/image\\\/\",\"url\":\"https:\\\/\\\/redenoticiaz.com.br\\\/barretos-regiao\\\/wp-content\\\/uploads\\\/sites\\\/4\\\/2022\\\/02\\\/logo.jpg\",\"contentUrl\":\"https:\\\/\\\/redenoticiaz.com.br\\\/barretos-regiao\\\/wp-content\\\/uploads\\\/sites\\\/4\\\/2022\\\/02\\\/logo.jpg\",\"width\":400,\"height\":250,\"caption\":\"Ribeir\u00e3o Preto e Regi\u00e3o\"},\"image\":{\"@id\":\"https:\\\/\\\/redenoticiaz.com.br\\\/ribeiraopreto-regiao\\\/#\\\/schema\\\/logo\\\/image\\\/\"},\"sameAs\":[\"https:\\\/\\\/m.facebook.com\\\/redenoticiaz.barretos\",\"https:\\\/\\\/x.com\\\/RN_barretos\",\"https:\\\/\\\/www.instagram.com\\\/redenoticiaz.barretos\\\/?igshid=YmMyMTA2M2Y\",\"https:\\\/\\\/www.linkedin.com\\\/company\\\/rede-noticiaz-barretos-e-regio\\\/\"]},{\"@type\":\"Person\",\"@id\":\"https:\\\/\\\/redenoticiaz.com.br\\\/ribeiraopreto-regiao\\\/#\\\/schema\\\/person\\\/1f84d6e94e6a62d2d81199d7503e9e90\",\"name\":\"Carina Reifonas\",\"image\":{\"@type\":\"ImageObject\",\"inLanguage\":\"pt-BR\",\"@id\":\"https:\\\/\\\/secure.gravatar.com\\\/avatar\\\/04c59859b23696cf867715880f81d5c037e60109730bdb4e6670ec2a2245bc97?s=96&d=mm&r=g\",\"url\":\"https:\\\/\\\/secure.gravatar.com\\\/avatar\\\/04c59859b23696cf867715880f81d5c037e60109730bdb4e6670ec2a2245bc97?s=96&d=mm&r=g\",\"contentUrl\":\"https:\\\/\\\/secure.gravatar.com\\\/avatar\\\/04c59859b23696cf867715880f81d5c037e60109730bdb4e6670ec2a2245bc97?s=96&d=mm&r=g\",\"caption\":\"Carina Reifonas\"},\"url\":\"https:\\\/\\\/redenoticiaz.com.br\\\/ribeiraopreto-regiao\\\/sp\\\/author\\\/carinareifonas\"}]}<\/script>\n<!-- \/ Yoast SEO plugin. -->","yoast_head_json":{"title":"Obras do novo &#8220;Post\u00e3o&#8221; avan\u00e7am para cobertura e instala\u00e7\u00f5es el\u00e9tricas e hidr\u00e1ulicas - Ribeir\u00e3o Preto e Regi\u00e3o","description":"Obras do Centro M\u00e9dico de Refer\u00eancia e Especialidades e de Aten\u00e7\u00e3o \u00e0 Mulher e \u00e0 Crian\u00e7a, o novo \"Post\u00e3o\", avan\u00e7aram...","robots":{"index":"index","follow":"follow","max-snippet":"max-snippet:-1","max-image-preview":"max-image-preview:large","max-video-preview":"max-video-preview:-1"},"canonical":"https:\/\/redenoticiaz.com.br\/ribeiraopreto-regiao\/sp\/2023\/05\/27\/obras-do-novo-postao-avancam-para-cobertura-e-instalacoes-eletricas-e-hidraulicas","og_locale":"pt_BR","og_type":"article","og_title":"Obras do novo &#8220;Post\u00e3o&#8221; avan\u00e7am para cobertura e instala\u00e7\u00f5es el\u00e9tricas e hidr\u00e1ulicas - Ribeir\u00e3o Preto e Regi\u00e3o","og_description":"Obras do Centro M\u00e9dico de Refer\u00eancia e Especialidades e de Aten\u00e7\u00e3o \u00e0 Mulher e \u00e0 Crian\u00e7a, o novo \"Post\u00e3o\", avan\u00e7aram...","og_url":"https:\/\/redenoticiaz.com.br\/ribeiraopreto-regiao\/sp\/2023\/05\/27\/obras-do-novo-postao-avancam-para-cobertura-e-instalacoes-eletricas-e-hidraulicas","og_site_name":"Ribeir\u00e3o Preto e Regi\u00e3o","article_publisher":"https:\/\/m.facebook.com\/redenoticiaz.barretos","article_published_time":"2023-05-27T17:39:18+00:00","og_image":[{"width":1600,"height":900,"url":"https:\/\/redenoticiaz.com.br\/ribeiraopreto-regiao\/wp-content\/uploads\/sites\/4\/2023\/05\/6974ce5ac660610b44d9b9fed0ff9548.jpeg","type":"image\/jpeg"}],"author":"Carina Reifonas","twitter_card":"summary_large_image","twitter_creator":"@RN_barretos","twitter_site":"@RN_barretos","twitter_misc":{"Escrito por":"Carina Reifonas","Est. tempo de leitura":"2 minutos"},"schema":{"@context":"https:\/\/schema.org","@graph":[{"@type":"Article","@id":"https:\/\/redenoticiaz.com.br\/ribeiraopreto-regiao\/sp\/2023\/05\/27\/obras-do-novo-postao-avancam-para-cobertura-e-instalacoes-eletricas-e-hidraulicas#article","isPartOf":{"@id":"https:\/\/redenoticiaz.com.br\/ribeiraopreto-regiao\/sp\/2023\/05\/27\/obras-do-novo-postao-avancam-para-cobertura-e-instalacoes-eletricas-e-hidraulicas"},"author":{"name":"Carina Reifonas","@id":"https:\/\/redenoticiaz.com.br\/ribeiraopreto-regiao\/#\/schema\/person\/1f84d6e94e6a62d2d81199d7503e9e90"},"headline":"Obras do novo &#8220;Post\u00e3o&#8221; avan\u00e7am para cobertura e instala\u00e7\u00f5es el\u00e9tricas e hidr\u00e1ulicas","datePublished":"2023-05-27T17:39:18+00:00","mainEntityOfPage":{"@id":"https:\/\/redenoticiaz.com.br\/ribeiraopreto-regiao\/sp\/2023\/05\/27\/obras-do-novo-postao-avancam-para-cobertura-e-instalacoes-eletricas-e-hidraulicas"},"wordCount":312,"commentCount":0,"publisher":{"@id":"https:\/\/redenoticiaz.com.br\/ribeiraopreto-regiao\/#organization"},"image":{"@id":"https:\/\/redenoticiaz.com.br\/ribeiraopreto-regiao\/sp\/2023\/05\/27\/obras-do-novo-postao-avancam-para-cobertura-e-instalacoes-eletricas-e-hidraulicas#primaryimage"},"thumbnailUrl":"https:\/\/redenoticiaz.com.br\/ribeiraopreto-regiao\/wp-content\/uploads\/sites\/4\/2023\/05\/6974ce5ac660610b44d9b9fed0ff9548.jpeg","keywords":["Centro M\u00e9dico de Refer\u00eancia e Especialidades e de Aten\u00e7\u00e3o \u00e0 Mulher e \u00e0 Crian\u00e7a","INVESTIMENTO","obras","POST\u00c3O"],"articleSection":["Obras"],"inLanguage":"pt-BR","potentialAction":[{"@type":"CommentAction","name":"Comment","target":["https:\/\/redenoticiaz.com.br\/ribeiraopreto-regiao\/sp\/2023\/05\/27\/obras-do-novo-postao-avancam-para-cobertura-e-instalacoes-eletricas-e-hidraulicas#respond"]}]},{"@type":"WebPage","@id":"https:\/\/redenoticiaz.com.br\/ribeiraopreto-regiao\/sp\/2023\/05\/27\/obras-do-novo-postao-avancam-para-cobertura-e-instalacoes-eletricas-e-hidraulicas","url":"https:\/\/redenoticiaz.com.br\/ribeiraopreto-regiao\/sp\/2023\/05\/27\/obras-do-novo-postao-avancam-para-cobertura-e-instalacoes-eletricas-e-hidraulicas","name":"Obras do novo &#8220;Post\u00e3o&#8221; avan\u00e7am para cobertura e instala\u00e7\u00f5es el\u00e9tricas e hidr\u00e1ulicas - Ribeir\u00e3o Preto e Regi\u00e3o","isPartOf":{"@id":"https:\/\/redenoticiaz.com.br\/ribeiraopreto-regiao\/#website"},"primaryImageOfPage":{"@id":"https:\/\/redenoticiaz.com.br\/ribeiraopreto-regiao\/sp\/2023\/05\/27\/obras-do-novo-postao-avancam-para-cobertura-e-instalacoes-eletricas-e-hidraulicas#primaryimage"},"image":{"@id":"https:\/\/redenoticiaz.com.br\/ribeiraopreto-regiao\/sp\/2023\/05\/27\/obras-do-novo-postao-avancam-para-cobertura-e-instalacoes-eletricas-e-hidraulicas#primaryimage"},"thumbnailUrl":"https:\/\/redenoticiaz.com.br\/ribeiraopreto-regiao\/wp-content\/uploads\/sites\/4\/2023\/05\/6974ce5ac660610b44d9b9fed0ff9548.jpeg","datePublished":"2023-05-27T17:39:18+00:00","description":"Obras do Centro M\u00e9dico de Refer\u00eancia e Especialidades e de Aten\u00e7\u00e3o \u00e0 Mulher e \u00e0 Crian\u00e7a, o novo \"Post\u00e3o\", avan\u00e7aram...","inLanguage":"pt-BR","potentialAction":[{"@type":"ReadAction","target":["https:\/\/redenoticiaz.com.br\/ribeiraopreto-regiao\/sp\/2023\/05\/27\/obras-do-novo-postao-avancam-para-cobertura-e-instalacoes-eletricas-e-hidraulicas"]}]},{"@type":"ImageObject","inLanguage":"pt-BR","@id":"https:\/\/redenoticiaz.com.br\/ribeiraopreto-regiao\/sp\/2023\/05\/27\/obras-do-novo-postao-avancam-para-cobertura-e-instalacoes-eletricas-e-hidraulicas#primaryimage","url":"https:\/\/redenoticiaz.com.br\/ribeiraopreto-regiao\/wp-content\/uploads\/sites\/4\/2023\/05\/6974ce5ac660610b44d9b9fed0ff9548.jpeg","contentUrl":"https:\/\/redenoticiaz.com.br\/ribeiraopreto-regiao\/wp-content\/uploads\/sites\/4\/2023\/05\/6974ce5ac660610b44d9b9fed0ff9548.jpeg","width":1600,"height":900,"caption":"Obras do novo \"Post\u00e3o\" avan\u00e7am para cobertura e instala\u00e7\u00f5es el\u00e9tricas e hidr\u00e1ulicas"},{"@type":"WebSite","@id":"https:\/\/redenoticiaz.com.br\/ribeiraopreto-regiao\/#website","url":"https:\/\/redenoticiaz.com.br\/ribeiraopreto-regiao\/","name":"Ribeir\u00e3o Preto e Regi\u00e3o","description":"Rede NoticiaZ - Ribeir\u00e3o Preto e regi\u00e3o","publisher":{"@id":"https:\/\/redenoticiaz.com.br\/ribeiraopreto-regiao\/#organization"},"potentialAction":[{"@type":"SearchAction","target":{"@type":"EntryPoint","urlTemplate":"https:\/\/redenoticiaz.com.br\/ribeiraopreto-regiao\/?s={search_term_string}"},"query-input":{"@type":"PropertyValueSpecification","valueRequired":true,"valueName":"search_term_string"}}],"inLanguage":"pt-BR"},{"@type":"Organization","@id":"https:\/\/redenoticiaz.com.br\/ribeiraopreto-regiao\/#organization","name":"Ribeir\u00e3o Preto e Regi\u00e3o","url":"https:\/\/redenoticiaz.com.br\/ribeiraopreto-regiao\/","logo":{"@type":"ImageObject","inLanguage":"pt-BR","@id":"https:\/\/redenoticiaz.com.br\/ribeiraopreto-regiao\/#\/schema\/logo\/image\/","url":"https:\/\/redenoticiaz.com.br\/barretos-regiao\/wp-content\/uploads\/sites\/4\/2022\/02\/logo.jpg","contentUrl":"https:\/\/redenoticiaz.com.br\/barretos-regiao\/wp-content\/uploads\/sites\/4\/2022\/02\/logo.jpg","width":400,"height":250,"caption":"Ribeir\u00e3o Preto e Regi\u00e3o"},"image":{"@id":"https:\/\/redenoticiaz.com.br\/ribeiraopreto-regiao\/#\/schema\/logo\/image\/"},"sameAs":["https:\/\/m.facebook.com\/redenoticiaz.barretos","https:\/\/x.com\/RN_barretos","https:\/\/www.instagram.com\/redenoticiaz.barretos\/?igshid=YmMyMTA2M2Y","https:\/\/www.linkedin.com\/company\/rede-noticiaz-barretos-e-regio\/"]},{"@type":"Person","@id":"https:\/\/redenoticiaz.com.br\/ribeiraopreto-regiao\/#\/schema\/person\/1f84d6e94e6a62d2d81199d7503e9e90","name":"Carina Reifonas","image":{"@type":"ImageObject","inLanguage":"pt-BR","@id":"https:\/\/secure.gravatar.com\/avatar\/04c59859b23696cf867715880f81d5c037e60109730bdb4e6670ec2a2245bc97?s=96&d=mm&r=g","url":"https:\/\/secure.gravatar.com\/avatar\/04c59859b23696cf867715880f81d5c037e60109730bdb4e6670ec2a2245bc97?s=96&d=mm&r=g","contentUrl":"https:\/\/secure.gravatar.com\/avatar\/04c59859b23696cf867715880f81d5c037e60109730bdb4e6670ec2a2245bc97?s=96&d=mm&r=g","caption":"Carina Reifonas"},"url":"https:\/\/redenoticiaz.com.br\/ribeiraopreto-regiao\/sp\/author\/carinareifonas"}]}},"_links":{"self":[{"href":"https:\/\/redenoticiaz.com.br\/ribeiraopreto-regiao\/wp-json\/wp\/v2\/posts\/106042","targetHints":{"allow":["GET"]}}],"collection":[{"href":"https:\/\/redenoticiaz.com.br\/ribeiraopreto-regiao\/wp-json\/wp\/v2\/posts"}],"about":[{"href":"https:\/\/redenoticiaz.com.br\/ribeiraopreto-regiao\/wp-json\/wp\/v2\/types\/post"}],"author":[{"embeddable":true,"href":"https:\/\/redenoticiaz.com.br\/ribeiraopreto-regiao\/wp-json\/wp\/v2\/users\/30"}],"replies":[{"embeddable":true,"href":"https:\/\/redenoticiaz.com.br\/ribeiraopreto-regiao\/wp-json\/wp\/v2\/comments?post=106042"}],"version-history":[{"count":1,"href":"https:\/\/redenoticiaz.com.br\/ribeiraopreto-regiao\/wp-json\/wp\/v2\/posts\/106042\/revisions"}],"predecessor-version":[{"id":106044,"href":"https:\/\/redenoticiaz.com.br\/ribeiraopreto-regiao\/wp-json\/wp\/v2\/posts\/106042\/revisions\/106044"}],"wp:featuredmedia":[{"embeddable":true,"href":"https:\/\/redenoticiaz.com.br\/ribeiraopreto-regiao\/wp-json\/wp\/v2\/media\/106043"}],"wp:attachment":[{"href":"https:\/\/redenoticiaz.com.br\/ribeiraopreto-regiao\/wp-json\/wp\/v2\/media?parent=106042"}],"wp:term":[{"taxonomy":"category","embeddable":true,"href":"https:\/\/redenoticiaz.com.br\/ribeiraopreto-regiao\/wp-json\/wp\/v2\/categories?post=106042"},{"taxonomy":"post_tag","embeddable":true,"href":"https:\/\/redenoticiaz.com.br\/ribeiraopreto-regiao\/wp-json\/wp\/v2\/tags?post=106042"}],"curies":[{"name":"wp","href":"https:\/\/api.w.org\/{rel}","templated":true}]}}