{"id":106076,"date":"2023-05-29T08:09:20","date_gmt":"2023-05-29T11:09:20","guid":{"rendered":"https:\/\/redenoticiaz.com.br\/barretos-regiao\/sp\/2023\/05\/29\/turquia-reelege-presidente-erdogan-que-fica-por-mais-cinco-anos"},"modified":"2023-05-29T08:09:20","modified_gmt":"2023-05-29T11:09:20","slug":"turquia-reelege-presidente-erdogan-que-fica-por-mais-cinco-anos","status":"publish","type":"post","link":"https:\/\/redenoticiaz.com.br\/ribeiraopreto-regiao\/sp\/2023\/05\/29\/turquia-reelege-presidente-erdogan-que-fica-por-mais-cinco-anos","title":{"rendered":"Turquia reelege presidente Erdogan, que fica por mais cinco anos"},"content":{"rendered":"<p>O presidente Tayyip Erdogan, foi <strong>reeleito mais uma vez<\/strong> para seguir na presid\u00eancia da Turquia. Ele j\u00e1 tinha exercido o cargo por 20 anos e vai permanecer por mais cinco. As elei\u00e7\u00f5es aconteceram neste domingo (28), em meio a cr\u00edticas e acusa\u00e7\u00f5es feitas pelo candidato da oposi\u00e7\u00e3o nas elei\u00e7\u00f5es presidenciais, Kemal Kilicdaroglu.<\/p>\n<p>Segundo o candidato derrotado, &#8220;a elei\u00e7\u00e3o mais injusta em anos&#8221;. Kemal Kilicdaroglu disputava o pleito com o atual presidente turco, Tayyip Erdogan.<img decoding=\"async\" src=\"https:\/\/agenciabrasil.ebc.com.br\/ebc.png?id=1535725&amp;o=node\" \/><img decoding=\"async\" src=\"https:\/\/agenciabrasil.ebc.com.br\/ebc.gif?id=1535725&amp;o=node\" \/><\/p>\n<p>Kilicdaroglu declarou que os resultados do segundo turno das elei\u00e7\u00f5es, realizado neste domingo, mostraram a vontade do povo de mudar um governo autorit\u00e1rio. Kemal Kilicdaroglu afirmou ainda que est\u00e1 triste com os &#8220;problemas&#8221; que aguardam a Turquia.<\/p>\n<p>Do outro lado, o presidente Tayyip Erdogan reivindicou a vit\u00f3ria na elei\u00e7\u00e3o presidencial, mesmo sem ter sido divulgado\u00a0o resultado final oficialmente. Dirigindo-se aos apoiadores, Erdogan disse que os eleitores lhe deram a responsabilidade de governar por mais cinco anos, al\u00e9m dos 20 anos em que se esteve do poder. &#8220;O \u00fanico vencedor \u00e9 a Turquia&#8221;, comemorou Erdogan, em Istambul.<\/p>\n<p>Segundo o Alto Conselho Eleitoral, Erdogan venceu com 52,16% dos votos v\u00e1lidos. E a oposi\u00e7\u00e3o obteve 47,84%. At\u00e9 o momento, 99,85% dos votos foram apurados.<\/p>\n<p>Durante a campanha, Erdogan, l\u00edder do Partido AK, de ra\u00edzes islamistas, apelou aos eleitores com uma ret\u00f3rica nacionalista e conservadora.<\/p>\n<p>Em 14 de maio, no primeiro turno do pleito, que incluiu elei\u00e7\u00f5es parlamentares, o partido AK foi o mais votado em dez das 11 prov\u00edncias atingidas pelos terremotos, ajudando-o a garantir uma maioria parlamentar junto a seus aliados.<\/p>\n<p>Neste momento, apoiadores de Erdogan reunidos do lado de fora de sua resid\u00eancia em Istambul entoaram gritos de &#8220;Allahu Akbar&#8221;, ou &#8220;Deus \u00e9 o Maior&#8221;.<\/p>\n<h3>Lideran\u00e7as reagem \u00e0s elei\u00e7\u00f5es<\/h3>\n<p>V\u00e1rias autoridades pelo mundo se manifestaram com o resultado das elei\u00e7\u00f5es presidenciais realizadas na Turquia. Todos parabenizando a reelei\u00e7\u00e3o de Erdogan.<\/p>\n<p>Pelas redes sociais, o presidente do Brasil, Luiz In\u00e1cio Lula da Silva (PT), cumprimentou o l\u00edder turco Tayyip Erdogan pela reelei\u00e7\u00e3o. \u201cCumprimento @RTErdogan pela reelei\u00e7\u00e3o como presidente da Turquia. Desejo um bom mandato, de muito trabalho para o melhor do povo turco. E conte com a parceria do Brasil na coopera\u00e7\u00e3o global pela paz e no combate \u00e0 pobreza e desenvolvimento do mundo\u201d.<\/p>\n<p>O presidente russo, Vladimir Putin, parabenizou Tayyip Erdogan depois que o turco reivindicou vit\u00f3ria nas elei\u00e7\u00f5es presidenciais da Turquia, neste domingo.<\/p>\n<p>Putin disse que o resultado das urnas evidencia o apre\u00e7o do povo turco pelo trabalho e pela pol\u00edtica externa independente de Erdogan. &#8220;A vit\u00f3ria eleitoral foi um resultado natural de seu trabalho altru\u00edsta como chefe da Rep\u00fablica da Turquia, uma clara evid\u00eancia do apoio do povo turco aos seus esfor\u00e7os para fortalecer a soberania do Estado e conduzir uma pol\u00edtica externa independente&#8221;, disse Putin.<\/p>\n<p>&#8220;Apreciamos muito sua contribui\u00e7\u00e3o pessoal para o fortalecimento das rela\u00e7\u00f5es russo-turcas e a coopera\u00e7\u00e3o mutuamente ben\u00e9fica em v\u00e1rias \u00e1reas&#8221;, completou Putin.<\/p>\n<p><em>Com informa\u00e7\u00f5es da Reuters e Ag\u00eancia Brasil<\/em><\/p>\n<p><strong>LEIA TAMB\u00c9M<\/strong><\/p>\n<p><a href=\"https:\/\/redenoticiaz.com.br\/blog\/2023\/05\/28\/fontes-renovaveis-respondem-por-914-da-energia-gerada-ate-abril\">Fontes renov\u00e1veis respondem por 91,4% da energia gerada at\u00e9 abril<\/a><\/p>\n","protected":false},"excerpt":{"rendered":"<p>O presidente Tayyip Erdogan, foi reeleito mais uma vez para seguir na presid\u00eancia da Turquia. Ele j\u00e1 tinha exercido o cargo por 20 anos e vai permanecer por mais cinco. As elei\u00e7\u00f5es aconteceram neste domingo (28), em meio a cr\u00edticas e acusa\u00e7\u00f5es feitas pelo candidato da oposi\u00e7\u00e3o nas elei\u00e7\u00f5es presidenciais, Kemal Kilicdaroglu. Segundo o candidato &hellip;<\/p>\n","protected":false},"author":6,"featured_media":106077,"comment_status":"open","ping_status":"closed","sticky":false,"template":"","format":"standard","meta":{"footnotes":""},"categories":[9271,68,186],"tags":[25567,27245,27246,19726],"class_list":["post-106076","post","type-post","status-publish","format-standard","has-post-thumbnail","hentry","category-eleicoes","category-mundo","category-politica","tag-eleicao-presidencial","tag-presidente-tayyip-erdogan","tag-tayyip-erdogan","tag-turquia"],"yoast_head":"<!-- This site is optimized with the Yoast SEO plugin v27.5 - https:\/\/yoast.com\/product\/yoast-seo-wordpress\/ -->\n<title>Turquia reelege presidente Erdogan, que fica por mais cinco anos - Ribeir\u00e3o Preto e Regi\u00e3o<\/title>\n<meta name=\"description\" content=\"O presidente Tayyip Erdogan, foi reeleito mais uma vez para seguir na presid\u00eancia da Turquia. Ele j\u00e1 tinha exercido o cargo por 20 anos\" \/>\n<meta name=\"robots\" content=\"index, follow, max-snippet:-1, max-image-preview:large, max-video-preview:-1\" \/>\n<link rel=\"canonical\" href=\"https:\/\/redenoticiaz.com.br\/ribeiraopreto-regiao\/sp\/2023\/05\/29\/turquia-reelege-presidente-erdogan-que-fica-por-mais-cinco-anos\" \/>\n<meta property=\"og:locale\" content=\"pt_BR\" \/>\n<meta property=\"og:type\" content=\"article\" \/>\n<meta property=\"og:title\" content=\"Turquia reelege presidente Erdogan, que fica por mais cinco anos - Ribeir\u00e3o Preto e Regi\u00e3o\" \/>\n<meta property=\"og:description\" content=\"O presidente Tayyip Erdogan, foi reeleito mais uma vez para seguir na presid\u00eancia da Turquia. Ele j\u00e1 tinha exercido o cargo por 20 anos\" \/>\n<meta property=\"og:url\" content=\"https:\/\/redenoticiaz.com.br\/ribeiraopreto-regiao\/sp\/2023\/05\/29\/turquia-reelege-presidente-erdogan-que-fica-por-mais-cinco-anos\" \/>\n<meta property=\"og:site_name\" content=\"Ribeir\u00e3o Preto e Regi\u00e3o\" \/>\n<meta property=\"article:publisher\" content=\"https:\/\/m.facebook.com\/redenoticiaz.barretos\" \/>\n<meta property=\"article:published_time\" content=\"2023-05-29T11:09:20+00:00\" \/>\n<meta property=\"og:image\" content=\"https:\/\/redenoticiaz.com.br\/ribeiraopreto-regiao\/wp-content\/uploads\/sites\/4\/2022\/02\/logo.jpg\" \/>\n\t<meta property=\"og:image:width\" content=\"400\" \/>\n\t<meta property=\"og:image:height\" content=\"250\" \/>\n\t<meta property=\"og:image:type\" content=\"image\/jpeg\" \/>\n<meta name=\"author\" content=\"Leonardo Francisco\" \/>\n<meta name=\"twitter:card\" content=\"summary_large_image\" \/>\n<meta name=\"twitter:creator\" content=\"@RN_barretos\" \/>\n<meta name=\"twitter:site\" content=\"@RN_barretos\" \/>\n<meta name=\"twitter:label1\" content=\"Escrito por\" \/>\n\t<meta name=\"twitter:data1\" content=\"Leonardo Francisco\" \/>\n\t<meta name=\"twitter:label2\" content=\"Est. tempo de leitura\" \/>\n\t<meta name=\"twitter:data2\" content=\"4 minutos\" \/>\n<script type=\"application\/ld+json\" class=\"yoast-schema-graph\">{\"@context\":\"https:\\\/\\\/schema.org\",\"@graph\":[{\"@type\":\"Article\",\"@id\":\"https:\\\/\\\/redenoticiaz.com.br\\\/ribeiraopreto-regiao\\\/sp\\\/2023\\\/05\\\/29\\\/turquia-reelege-presidente-erdogan-que-fica-por-mais-cinco-anos#article\",\"isPartOf\":{\"@id\":\"https:\\\/\\\/redenoticiaz.com.br\\\/ribeiraopreto-regiao\\\/sp\\\/2023\\\/05\\\/29\\\/turquia-reelege-presidente-erdogan-que-fica-por-mais-cinco-anos\"},\"author\":{\"name\":\"Leonardo Francisco\",\"@id\":\"https:\\\/\\\/redenoticiaz.com.br\\\/ribeiraopreto-regiao\\\/#\\\/schema\\\/person\\\/0f0b8a5bdafefe82841e07ae8d81ecb3\"},\"headline\":\"Turquia reelege presidente Erdogan, que fica por mais cinco anos\",\"datePublished\":\"2023-05-29T11:09:20+00:00\",\"mainEntityOfPage\":{\"@id\":\"https:\\\/\\\/redenoticiaz.com.br\\\/ribeiraopreto-regiao\\\/sp\\\/2023\\\/05\\\/29\\\/turquia-reelege-presidente-erdogan-que-fica-por-mais-cinco-anos\"},\"wordCount\":539,\"commentCount\":0,\"publisher\":{\"@id\":\"https:\\\/\\\/redenoticiaz.com.br\\\/ribeiraopreto-regiao\\\/#organization\"},\"image\":{\"@id\":\"https:\\\/\\\/redenoticiaz.com.br\\\/ribeiraopreto-regiao\\\/sp\\\/2023\\\/05\\\/29\\\/turquia-reelege-presidente-erdogan-que-fica-por-mais-cinco-anos#primaryimage\"},\"thumbnailUrl\":\"https:\\\/\\\/redenoticiaz.com.br\\\/ribeiraopreto-regiao\\\/wp-content\\\/uploads\\\/sites\\\/4\\\/2023\\\/05\\\/presidente-turquia.jpg?v=1685358496\",\"keywords\":[\"ELEI\u00c7\u00c3O PRESIDENCIAL\",\"PRESIDENTE TAYYIP ERDOGAN\",\"TAYYIP ERDOGAN\",\"TURQUIA\"],\"articleSection\":[\"Elei\u00e7\u00f5es\",\"Mundo\",\"Pol\u00edtica\"],\"inLanguage\":\"pt-BR\",\"potentialAction\":[{\"@type\":\"CommentAction\",\"name\":\"Comment\",\"target\":[\"https:\\\/\\\/redenoticiaz.com.br\\\/ribeiraopreto-regiao\\\/sp\\\/2023\\\/05\\\/29\\\/turquia-reelege-presidente-erdogan-que-fica-por-mais-cinco-anos#respond\"]}]},{\"@type\":\"WebPage\",\"@id\":\"https:\\\/\\\/redenoticiaz.com.br\\\/ribeiraopreto-regiao\\\/sp\\\/2023\\\/05\\\/29\\\/turquia-reelege-presidente-erdogan-que-fica-por-mais-cinco-anos\",\"url\":\"https:\\\/\\\/redenoticiaz.com.br\\\/ribeiraopreto-regiao\\\/sp\\\/2023\\\/05\\\/29\\\/turquia-reelege-presidente-erdogan-que-fica-por-mais-cinco-anos\",\"name\":\"Turquia reelege presidente Erdogan, que fica por mais cinco anos - Ribeir\u00e3o Preto e Regi\u00e3o\",\"isPartOf\":{\"@id\":\"https:\\\/\\\/redenoticiaz.com.br\\\/ribeiraopreto-regiao\\\/#website\"},\"primaryImageOfPage\":{\"@id\":\"https:\\\/\\\/redenoticiaz.com.br\\\/ribeiraopreto-regiao\\\/sp\\\/2023\\\/05\\\/29\\\/turquia-reelege-presidente-erdogan-que-fica-por-mais-cinco-anos#primaryimage\"},\"image\":{\"@id\":\"https:\\\/\\\/redenoticiaz.com.br\\\/ribeiraopreto-regiao\\\/sp\\\/2023\\\/05\\\/29\\\/turquia-reelege-presidente-erdogan-que-fica-por-mais-cinco-anos#primaryimage\"},\"thumbnailUrl\":\"https:\\\/\\\/redenoticiaz.com.br\\\/ribeiraopreto-regiao\\\/wp-content\\\/uploads\\\/sites\\\/4\\\/2023\\\/05\\\/presidente-turquia.jpg?v=1685358496\",\"datePublished\":\"2023-05-29T11:09:20+00:00\",\"description\":\"O presidente Tayyip Erdogan, foi reeleito mais uma vez para seguir na presid\u00eancia da Turquia. Ele j\u00e1 tinha exercido o cargo por 20 anos\",\"inLanguage\":\"pt-BR\",\"potentialAction\":[{\"@type\":\"ReadAction\",\"target\":[\"https:\\\/\\\/redenoticiaz.com.br\\\/ribeiraopreto-regiao\\\/sp\\\/2023\\\/05\\\/29\\\/turquia-reelege-presidente-erdogan-que-fica-por-mais-cinco-anos\"]}]},{\"@type\":\"ImageObject\",\"inLanguage\":\"pt-BR\",\"@id\":\"https:\\\/\\\/redenoticiaz.com.br\\\/ribeiraopreto-regiao\\\/sp\\\/2023\\\/05\\\/29\\\/turquia-reelege-presidente-erdogan-que-fica-por-mais-cinco-anos#primaryimage\",\"url\":\"https:\\\/\\\/redenoticiaz.com.br\\\/ribeiraopreto-regiao\\\/wp-content\\\/uploads\\\/sites\\\/4\\\/2023\\\/05\\\/presidente-turquia.jpg?v=1685358496\",\"contentUrl\":\"https:\\\/\\\/redenoticiaz.com.br\\\/ribeiraopreto-regiao\\\/wp-content\\\/uploads\\\/sites\\\/4\\\/2023\\\/05\\\/presidente-turquia.jpg?v=1685358496\",\"width\":754,\"height\":503,\"caption\":\"Cr\u00e9ditos: REUTERS\\\/Murad Sezer\"},{\"@type\":\"WebSite\",\"@id\":\"https:\\\/\\\/redenoticiaz.com.br\\\/ribeiraopreto-regiao\\\/#website\",\"url\":\"https:\\\/\\\/redenoticiaz.com.br\\\/ribeiraopreto-regiao\\\/\",\"name\":\"Ribeir\u00e3o Preto e Regi\u00e3o\",\"description\":\"Rede NoticiaZ - Ribeir\u00e3o Preto e regi\u00e3o\",\"publisher\":{\"@id\":\"https:\\\/\\\/redenoticiaz.com.br\\\/ribeiraopreto-regiao\\\/#organization\"},\"potentialAction\":[{\"@type\":\"SearchAction\",\"target\":{\"@type\":\"EntryPoint\",\"urlTemplate\":\"https:\\\/\\\/redenoticiaz.com.br\\\/ribeiraopreto-regiao\\\/?s={search_term_string}\"},\"query-input\":{\"@type\":\"PropertyValueSpecification\",\"valueRequired\":true,\"valueName\":\"search_term_string\"}}],\"inLanguage\":\"pt-BR\"},{\"@type\":\"Organization\",\"@id\":\"https:\\\/\\\/redenoticiaz.com.br\\\/ribeiraopreto-regiao\\\/#organization\",\"name\":\"Ribeir\u00e3o Preto e Regi\u00e3o\",\"url\":\"https:\\\/\\\/redenoticiaz.com.br\\\/ribeiraopreto-regiao\\\/\",\"logo\":{\"@type\":\"ImageObject\",\"inLanguage\":\"pt-BR\",\"@id\":\"https:\\\/\\\/redenoticiaz.com.br\\\/ribeiraopreto-regiao\\\/#\\\/schema\\\/logo\\\/image\\\/\",\"url\":\"https:\\\/\\\/redenoticiaz.com.br\\\/barretos-regiao\\\/wp-content\\\/uploads\\\/sites\\\/4\\\/2022\\\/02\\\/logo.jpg\",\"contentUrl\":\"https:\\\/\\\/redenoticiaz.com.br\\\/barretos-regiao\\\/wp-content\\\/uploads\\\/sites\\\/4\\\/2022\\\/02\\\/logo.jpg\",\"width\":400,\"height\":250,\"caption\":\"Ribeir\u00e3o Preto e Regi\u00e3o\"},\"image\":{\"@id\":\"https:\\\/\\\/redenoticiaz.com.br\\\/ribeiraopreto-regiao\\\/#\\\/schema\\\/logo\\\/image\\\/\"},\"sameAs\":[\"https:\\\/\\\/m.facebook.com\\\/redenoticiaz.barretos\",\"https:\\\/\\\/x.com\\\/RN_barretos\",\"https:\\\/\\\/www.instagram.com\\\/redenoticiaz.barretos\\\/?igshid=YmMyMTA2M2Y\",\"https:\\\/\\\/www.linkedin.com\\\/company\\\/rede-noticiaz-barretos-e-regio\\\/\"]},{\"@type\":\"Person\",\"@id\":\"https:\\\/\\\/redenoticiaz.com.br\\\/ribeiraopreto-regiao\\\/#\\\/schema\\\/person\\\/0f0b8a5bdafefe82841e07ae8d81ecb3\",\"name\":\"Leonardo Francisco\",\"image\":{\"@type\":\"ImageObject\",\"inLanguage\":\"pt-BR\",\"@id\":\"https:\\\/\\\/secure.gravatar.com\\\/avatar\\\/a7358cb406a99b682ec6df1e77e31ae82e63601f6784e8a3df411d72b37864da?s=96&d=mm&r=g\",\"url\":\"https:\\\/\\\/secure.gravatar.com\\\/avatar\\\/a7358cb406a99b682ec6df1e77e31ae82e63601f6784e8a3df411d72b37864da?s=96&d=mm&r=g\",\"contentUrl\":\"https:\\\/\\\/secure.gravatar.com\\\/avatar\\\/a7358cb406a99b682ec6df1e77e31ae82e63601f6784e8a3df411d72b37864da?s=96&d=mm&r=g\",\"caption\":\"Leonardo Francisco\"},\"url\":\"https:\\\/\\\/redenoticiaz.com.br\\\/ribeiraopreto-regiao\\\/sp\\\/author\\\/leonardo-francisco\"}]}<\/script>\n<!-- \/ Yoast SEO plugin. -->","yoast_head_json":{"title":"Turquia reelege presidente Erdogan, que fica por mais cinco anos - Ribeir\u00e3o Preto e Regi\u00e3o","description":"O presidente Tayyip Erdogan, foi reeleito mais uma vez para seguir na presid\u00eancia da Turquia. Ele j\u00e1 tinha exercido o cargo por 20 anos","robots":{"index":"index","follow":"follow","max-snippet":"max-snippet:-1","max-image-preview":"max-image-preview:large","max-video-preview":"max-video-preview:-1"},"canonical":"https:\/\/redenoticiaz.com.br\/ribeiraopreto-regiao\/sp\/2023\/05\/29\/turquia-reelege-presidente-erdogan-que-fica-por-mais-cinco-anos","og_locale":"pt_BR","og_type":"article","og_title":"Turquia reelege presidente Erdogan, que fica por mais cinco anos - Ribeir\u00e3o Preto e Regi\u00e3o","og_description":"O presidente Tayyip Erdogan, foi reeleito mais uma vez para seguir na presid\u00eancia da Turquia. Ele j\u00e1 tinha exercido o cargo por 20 anos","og_url":"https:\/\/redenoticiaz.com.br\/ribeiraopreto-regiao\/sp\/2023\/05\/29\/turquia-reelege-presidente-erdogan-que-fica-por-mais-cinco-anos","og_site_name":"Ribeir\u00e3o Preto e Regi\u00e3o","article_publisher":"https:\/\/m.facebook.com\/redenoticiaz.barretos","article_published_time":"2023-05-29T11:09:20+00:00","og_image":[{"width":400,"height":250,"url":"https:\/\/redenoticiaz.com.br\/ribeiraopreto-regiao\/wp-content\/uploads\/sites\/4\/2022\/02\/logo.jpg","type":"image\/jpeg"}],"author":"Leonardo Francisco","twitter_card":"summary_large_image","twitter_creator":"@RN_barretos","twitter_site":"@RN_barretos","twitter_misc":{"Escrito por":"Leonardo Francisco","Est. tempo de leitura":"4 minutos"},"schema":{"@context":"https:\/\/schema.org","@graph":[{"@type":"Article","@id":"https:\/\/redenoticiaz.com.br\/ribeiraopreto-regiao\/sp\/2023\/05\/29\/turquia-reelege-presidente-erdogan-que-fica-por-mais-cinco-anos#article","isPartOf":{"@id":"https:\/\/redenoticiaz.com.br\/ribeiraopreto-regiao\/sp\/2023\/05\/29\/turquia-reelege-presidente-erdogan-que-fica-por-mais-cinco-anos"},"author":{"name":"Leonardo Francisco","@id":"https:\/\/redenoticiaz.com.br\/ribeiraopreto-regiao\/#\/schema\/person\/0f0b8a5bdafefe82841e07ae8d81ecb3"},"headline":"Turquia reelege presidente Erdogan, que fica por mais cinco anos","datePublished":"2023-05-29T11:09:20+00:00","mainEntityOfPage":{"@id":"https:\/\/redenoticiaz.com.br\/ribeiraopreto-regiao\/sp\/2023\/05\/29\/turquia-reelege-presidente-erdogan-que-fica-por-mais-cinco-anos"},"wordCount":539,"commentCount":0,"publisher":{"@id":"https:\/\/redenoticiaz.com.br\/ribeiraopreto-regiao\/#organization"},"image":{"@id":"https:\/\/redenoticiaz.com.br\/ribeiraopreto-regiao\/sp\/2023\/05\/29\/turquia-reelege-presidente-erdogan-que-fica-por-mais-cinco-anos#primaryimage"},"thumbnailUrl":"https:\/\/redenoticiaz.com.br\/ribeiraopreto-regiao\/wp-content\/uploads\/sites\/4\/2023\/05\/presidente-turquia.jpg?v=1685358496","keywords":["ELEI\u00c7\u00c3O PRESIDENCIAL","PRESIDENTE TAYYIP ERDOGAN","TAYYIP ERDOGAN","TURQUIA"],"articleSection":["Elei\u00e7\u00f5es","Mundo","Pol\u00edtica"],"inLanguage":"pt-BR","potentialAction":[{"@type":"CommentAction","name":"Comment","target":["https:\/\/redenoticiaz.com.br\/ribeiraopreto-regiao\/sp\/2023\/05\/29\/turquia-reelege-presidente-erdogan-que-fica-por-mais-cinco-anos#respond"]}]},{"@type":"WebPage","@id":"https:\/\/redenoticiaz.com.br\/ribeiraopreto-regiao\/sp\/2023\/05\/29\/turquia-reelege-presidente-erdogan-que-fica-por-mais-cinco-anos","url":"https:\/\/redenoticiaz.com.br\/ribeiraopreto-regiao\/sp\/2023\/05\/29\/turquia-reelege-presidente-erdogan-que-fica-por-mais-cinco-anos","name":"Turquia reelege presidente Erdogan, que fica por mais cinco anos - Ribeir\u00e3o Preto e Regi\u00e3o","isPartOf":{"@id":"https:\/\/redenoticiaz.com.br\/ribeiraopreto-regiao\/#website"},"primaryImageOfPage":{"@id":"https:\/\/redenoticiaz.com.br\/ribeiraopreto-regiao\/sp\/2023\/05\/29\/turquia-reelege-presidente-erdogan-que-fica-por-mais-cinco-anos#primaryimage"},"image":{"@id":"https:\/\/redenoticiaz.com.br\/ribeiraopreto-regiao\/sp\/2023\/05\/29\/turquia-reelege-presidente-erdogan-que-fica-por-mais-cinco-anos#primaryimage"},"thumbnailUrl":"https:\/\/redenoticiaz.com.br\/ribeiraopreto-regiao\/wp-content\/uploads\/sites\/4\/2023\/05\/presidente-turquia.jpg?v=1685358496","datePublished":"2023-05-29T11:09:20+00:00","description":"O presidente Tayyip Erdogan, foi reeleito mais uma vez para seguir na presid\u00eancia da Turquia. Ele j\u00e1 tinha exercido o cargo por 20 anos","inLanguage":"pt-BR","potentialAction":[{"@type":"ReadAction","target":["https:\/\/redenoticiaz.com.br\/ribeiraopreto-regiao\/sp\/2023\/05\/29\/turquia-reelege-presidente-erdogan-que-fica-por-mais-cinco-anos"]}]},{"@type":"ImageObject","inLanguage":"pt-BR","@id":"https:\/\/redenoticiaz.com.br\/ribeiraopreto-regiao\/sp\/2023\/05\/29\/turquia-reelege-presidente-erdogan-que-fica-por-mais-cinco-anos#primaryimage","url":"https:\/\/redenoticiaz.com.br\/ribeiraopreto-regiao\/wp-content\/uploads\/sites\/4\/2023\/05\/presidente-turquia.jpg?v=1685358496","contentUrl":"https:\/\/redenoticiaz.com.br\/ribeiraopreto-regiao\/wp-content\/uploads\/sites\/4\/2023\/05\/presidente-turquia.jpg?v=1685358496","width":754,"height":503,"caption":"Cr\u00e9ditos: REUTERS\/Murad Sezer"},{"@type":"WebSite","@id":"https:\/\/redenoticiaz.com.br\/ribeiraopreto-regiao\/#website","url":"https:\/\/redenoticiaz.com.br\/ribeiraopreto-regiao\/","name":"Ribeir\u00e3o Preto e Regi\u00e3o","description":"Rede NoticiaZ - Ribeir\u00e3o Preto e regi\u00e3o","publisher":{"@id":"https:\/\/redenoticiaz.com.br\/ribeiraopreto-regiao\/#organization"},"potentialAction":[{"@type":"SearchAction","target":{"@type":"EntryPoint","urlTemplate":"https:\/\/redenoticiaz.com.br\/ribeiraopreto-regiao\/?s={search_term_string}"},"query-input":{"@type":"PropertyValueSpecification","valueRequired":true,"valueName":"search_term_string"}}],"inLanguage":"pt-BR"},{"@type":"Organization","@id":"https:\/\/redenoticiaz.com.br\/ribeiraopreto-regiao\/#organization","name":"Ribeir\u00e3o Preto e Regi\u00e3o","url":"https:\/\/redenoticiaz.com.br\/ribeiraopreto-regiao\/","logo":{"@type":"ImageObject","inLanguage":"pt-BR","@id":"https:\/\/redenoticiaz.com.br\/ribeiraopreto-regiao\/#\/schema\/logo\/image\/","url":"https:\/\/redenoticiaz.com.br\/barretos-regiao\/wp-content\/uploads\/sites\/4\/2022\/02\/logo.jpg","contentUrl":"https:\/\/redenoticiaz.com.br\/barretos-regiao\/wp-content\/uploads\/sites\/4\/2022\/02\/logo.jpg","width":400,"height":250,"caption":"Ribeir\u00e3o Preto e Regi\u00e3o"},"image":{"@id":"https:\/\/redenoticiaz.com.br\/ribeiraopreto-regiao\/#\/schema\/logo\/image\/"},"sameAs":["https:\/\/m.facebook.com\/redenoticiaz.barretos","https:\/\/x.com\/RN_barretos","https:\/\/www.instagram.com\/redenoticiaz.barretos\/?igshid=YmMyMTA2M2Y","https:\/\/www.linkedin.com\/company\/rede-noticiaz-barretos-e-regio\/"]},{"@type":"Person","@id":"https:\/\/redenoticiaz.com.br\/ribeiraopreto-regiao\/#\/schema\/person\/0f0b8a5bdafefe82841e07ae8d81ecb3","name":"Leonardo Francisco","image":{"@type":"ImageObject","inLanguage":"pt-BR","@id":"https:\/\/secure.gravatar.com\/avatar\/a7358cb406a99b682ec6df1e77e31ae82e63601f6784e8a3df411d72b37864da?s=96&d=mm&r=g","url":"https:\/\/secure.gravatar.com\/avatar\/a7358cb406a99b682ec6df1e77e31ae82e63601f6784e8a3df411d72b37864da?s=96&d=mm&r=g","contentUrl":"https:\/\/secure.gravatar.com\/avatar\/a7358cb406a99b682ec6df1e77e31ae82e63601f6784e8a3df411d72b37864da?s=96&d=mm&r=g","caption":"Leonardo Francisco"},"url":"https:\/\/redenoticiaz.com.br\/ribeiraopreto-regiao\/sp\/author\/leonardo-francisco"}]}},"_links":{"self":[{"href":"https:\/\/redenoticiaz.com.br\/ribeiraopreto-regiao\/wp-json\/wp\/v2\/posts\/106076","targetHints":{"allow":["GET"]}}],"collection":[{"href":"https:\/\/redenoticiaz.com.br\/ribeiraopreto-regiao\/wp-json\/wp\/v2\/posts"}],"about":[{"href":"https:\/\/redenoticiaz.com.br\/ribeiraopreto-regiao\/wp-json\/wp\/v2\/types\/post"}],"author":[{"embeddable":true,"href":"https:\/\/redenoticiaz.com.br\/ribeiraopreto-regiao\/wp-json\/wp\/v2\/users\/6"}],"replies":[{"embeddable":true,"href":"https:\/\/redenoticiaz.com.br\/ribeiraopreto-regiao\/wp-json\/wp\/v2\/comments?post=106076"}],"version-history":[{"count":0,"href":"https:\/\/redenoticiaz.com.br\/ribeiraopreto-regiao\/wp-json\/wp\/v2\/posts\/106076\/revisions"}],"wp:featuredmedia":[{"embeddable":true,"href":"https:\/\/redenoticiaz.com.br\/ribeiraopreto-regiao\/wp-json\/wp\/v2\/media\/106077"}],"wp:attachment":[{"href":"https:\/\/redenoticiaz.com.br\/ribeiraopreto-regiao\/wp-json\/wp\/v2\/media?parent=106076"}],"wp:term":[{"taxonomy":"category","embeddable":true,"href":"https:\/\/redenoticiaz.com.br\/ribeiraopreto-regiao\/wp-json\/wp\/v2\/categories?post=106076"},{"taxonomy":"post_tag","embeddable":true,"href":"https:\/\/redenoticiaz.com.br\/ribeiraopreto-regiao\/wp-json\/wp\/v2\/tags?post=106076"}],"curies":[{"name":"wp","href":"https:\/\/api.w.org\/{rel}","templated":true}]}}