{"id":106143,"date":"2023-05-30T12:17:36","date_gmt":"2023-05-30T15:17:36","guid":{"rendered":"https:\/\/redenoticiaz.com.br\/barretos-regiao\/sp\/2023\/05\/30\/video-confusao-generalizada-em-centro-comercial-de-sp-tem-tiros-e-correria"},"modified":"2023-05-30T12:18:05","modified_gmt":"2023-05-30T15:18:05","slug":"video-confusao-generalizada-em-centro-comercial-de-sp-tem-tiros-e-correria","status":"publish","type":"post","link":"https:\/\/redenoticiaz.com.br\/ribeiraopreto-regiao\/sp\/2023\/05\/30\/video-confusao-generalizada-em-centro-comercial-de-sp-tem-tiros-e-correria","title":{"rendered":"V\u00cdDEO \u2013 Confus\u00e3o generalizada em centro comercial de SP tem tiros e correria"},"content":{"rendered":"<div>O que era para ser um dia normal de compras virou um ambiente de guerra. Nessa segunda-feira (29), um grupo de comerciantes provocaram uma <strong>briga generalizada<\/strong>, com direito a tiros com arma de fogo. Detalhe, tudo isso em plena 25 de Mar\u00e7o, em S\u00e3o Paulo, um dos grandes centros comerciais da Capital.<\/div>\n<div><\/div>\n<div>\n<div>V\u00eddeos que circulam nas redes sociais mostram homens trocando socos, chutes e empurr\u00f5es, tomando as ruas e tamb\u00e9m dentro de uma galeria comercial. Nas imagens, tamb\u00e9m \u00e9 poss\u00edvel ouvir vendedores reclamando de como a confus\u00e3o est\u00e1 atrapalhando o com\u00e9rcio no local.<\/div>\n<div><\/div>\n<div>Em nota, a Secretaria de Seguran\u00e7a P\u00fablica do Estado de S\u00e3o Paulo (SSP-SP), informou que a confus\u00e3o deixou ao menos uma pessoa ferida na rua Bar\u00e3o de Duprat. A v\u00edtima foi atingida por uma garrafada na cabe\u00e7a e teve que ser socorrida \u00e0 Unidade de Pronto Atendimento Vergueiro.<\/div>\n<\/div>\n<div><\/div>\n<div>\n<p>Um homem, com identidade n\u00e3o informada, foi ferido na regi\u00e3o da cabe\u00e7a e encaminhado para a Assist\u00eancia M\u00e9dica Ambulatorial (AMA) da S\u00e9. O estado de sa\u00fade dele n\u00e3o foi informado.<\/p>\n<p>Ambos os casos foram encaminhados para o 87\u00ba DP (Vila Pereira Barreto), que investiga as circunst\u00e2ncias em que come\u00e7aram.<\/p>\n<h3>Veja os v\u00eddeos:<\/h3>\n\n<p><strong>LEIA TAMB\u00c9M<\/strong><\/p>\n<p><a href=\"https:\/\/redenoticiaz.com.br\/blog\/2023\/05\/29\/video-mc-pipokinha-tira-a-calca-dentro-de-cabine-de-aviao\">V\u00cdDEO \u2013 MC Pipokinha tira a cal\u00e7a dentro de cabine de avi\u00e3o<\/a><\/p>\n<\/div>\n","protected":false},"excerpt":{"rendered":"<p>O que era para ser um dia normal de compras virou um ambiente de guerra. Nessa segunda-feira (29), um grupo de comerciantes provocaram uma briga generalizada, com direito a tiros com arma de fogo. Detalhe, tudo isso em plena 25 de Mar\u00e7o, em S\u00e3o Paulo, um dos grandes centros comerciais da Capital. V\u00eddeos que circulam &hellip;<\/p>\n","protected":false},"author":6,"featured_media":106144,"comment_status":"open","ping_status":"closed","sticky":false,"template":"","format":"standard","meta":{"footnotes":""},"categories":[88],"tags":[22809,18025,18654,157,23426],"class_list":["post-106143","post","type-post","status-publish","format-standard","has-post-thumbnail","hentry","category-policia","tag-briga-generalizada","tag-centro-de-sao-paulo","tag-rua-25-de-marco","tag-sao-paulo","tag-secretaria-de-seguranca-publica-do-estado-de-sao-paulo"],"yoast_head":"<!-- This site is optimized with the Yoast SEO plugin v27.4 - https:\/\/yoast.com\/product\/yoast-seo-wordpress\/ -->\n<title>V\u00cdDEO \u2013 Confus\u00e3o generalizada em centro comercial de SP tem tiros e correria - Ribeir\u00e3o Preto e Regi\u00e3o<\/title>\n<meta name=\"description\" content=\"um dia normal de compras virou um ambiente de guerra. Nessa segunda-feira (29), um grupo de comerciantes provocaram uma briga generalizada, com\" \/>\n<meta name=\"robots\" content=\"index, follow, max-snippet:-1, max-image-preview:large, max-video-preview:-1\" \/>\n<link rel=\"canonical\" href=\"https:\/\/redenoticiaz.com.br\/ribeiraopreto-regiao\/sp\/2023\/05\/30\/video-confusao-generalizada-em-centro-comercial-de-sp-tem-tiros-e-correria\" \/>\n<meta property=\"og:locale\" content=\"pt_BR\" \/>\n<meta property=\"og:type\" content=\"article\" \/>\n<meta property=\"og:title\" content=\"V\u00cdDEO \u2013 Confus\u00e3o generalizada em centro comercial de SP tem tiros e correria - Ribeir\u00e3o Preto e Regi\u00e3o\" \/>\n<meta property=\"og:description\" content=\"um dia normal de compras virou um ambiente de guerra. Nessa segunda-feira (29), um grupo de comerciantes provocaram uma briga generalizada, com\" \/>\n<meta property=\"og:url\" content=\"https:\/\/redenoticiaz.com.br\/ribeiraopreto-regiao\/sp\/2023\/05\/30\/video-confusao-generalizada-em-centro-comercial-de-sp-tem-tiros-e-correria\" \/>\n<meta property=\"og:site_name\" content=\"Ribeir\u00e3o Preto e Regi\u00e3o\" \/>\n<meta property=\"article:publisher\" content=\"https:\/\/m.facebook.com\/redenoticiaz.barretos\" \/>\n<meta property=\"article:published_time\" content=\"2023-05-30T15:17:36+00:00\" \/>\n<meta property=\"article:modified_time\" content=\"2023-05-30T15:18:05+00:00\" \/>\n<meta property=\"og:image\" content=\"https:\/\/redenoticiaz.com.br\/ribeiraopreto-regiao\/wp-content\/uploads\/sites\/4\/2023\/08\/960e46c2-b539-4892-8c3d-11eabf31e4cf-scaled.jpg\" \/>\n\t<meta property=\"og:image:width\" content=\"1620\" \/>\n\t<meta property=\"og:image:height\" content=\"1080\" \/>\n\t<meta property=\"og:image:type\" content=\"image\/jpeg\" \/>\n<meta name=\"author\" content=\"Leonardo Francisco\" \/>\n<meta name=\"twitter:card\" content=\"summary_large_image\" \/>\n<meta name=\"twitter:creator\" content=\"@RN_barretos\" \/>\n<meta name=\"twitter:site\" content=\"@RN_barretos\" \/>\n<meta name=\"twitter:label1\" content=\"Escrito por\" \/>\n\t<meta name=\"twitter:data1\" content=\"Leonardo Francisco\" \/>\n\t<meta name=\"twitter:label2\" content=\"Est. tempo de leitura\" \/>\n\t<meta name=\"twitter:data2\" content=\"2 minutos\" \/>\n<script type=\"application\/ld+json\" class=\"yoast-schema-graph\">{\"@context\":\"https:\\\/\\\/schema.org\",\"@graph\":[{\"@type\":\"Article\",\"@id\":\"https:\\\/\\\/redenoticiaz.com.br\\\/ribeiraopreto-regiao\\\/sp\\\/2023\\\/05\\\/30\\\/video-confusao-generalizada-em-centro-comercial-de-sp-tem-tiros-e-correria#article\",\"isPartOf\":{\"@id\":\"https:\\\/\\\/redenoticiaz.com.br\\\/ribeiraopreto-regiao\\\/sp\\\/2023\\\/05\\\/30\\\/video-confusao-generalizada-em-centro-comercial-de-sp-tem-tiros-e-correria\"},\"author\":{\"name\":\"Leonardo Francisco\",\"@id\":\"https:\\\/\\\/redenoticiaz.com.br\\\/ribeiraopreto-regiao\\\/#\\\/schema\\\/person\\\/0f0b8a5bdafefe82841e07ae8d81ecb3\"},\"headline\":\"V\u00cdDEO \u2013 Confus\u00e3o generalizada em centro comercial de SP tem tiros e correria\",\"datePublished\":\"2023-05-30T15:17:36+00:00\",\"dateModified\":\"2023-05-30T15:18:05+00:00\",\"mainEntityOfPage\":{\"@id\":\"https:\\\/\\\/redenoticiaz.com.br\\\/ribeiraopreto-regiao\\\/sp\\\/2023\\\/05\\\/30\\\/video-confusao-generalizada-em-centro-comercial-de-sp-tem-tiros-e-correria\"},\"wordCount\":249,\"commentCount\":0,\"publisher\":{\"@id\":\"https:\\\/\\\/redenoticiaz.com.br\\\/ribeiraopreto-regiao\\\/#organization\"},\"image\":{\"@id\":\"https:\\\/\\\/redenoticiaz.com.br\\\/ribeiraopreto-regiao\\\/sp\\\/2023\\\/05\\\/30\\\/video-confusao-generalizada-em-centro-comercial-de-sp-tem-tiros-e-correria#primaryimage\"},\"thumbnailUrl\":\"https:\\\/\\\/redenoticiaz.com.br\\\/ribeiraopreto-regiao\\\/wp-content\\\/uploads\\\/sites\\\/4\\\/2023\\\/05\\\/BRIGA-COMERCIO.jpg?v=1685459736\",\"keywords\":[\"BRIGA GENERALIZADA\",\"CENTRO DE S\u00c3O PAULO\",\"RUA 25 DE MAR\u00c7O\",\"S\u00e3o Paulo\",\"Secretaria de Seguran\u00e7a P\u00fablica do Estado de S\u00e3o Paulo\"],\"articleSection\":[\"Pol\u00edcia\"],\"inLanguage\":\"pt-BR\",\"potentialAction\":[{\"@type\":\"CommentAction\",\"name\":\"Comment\",\"target\":[\"https:\\\/\\\/redenoticiaz.com.br\\\/ribeiraopreto-regiao\\\/sp\\\/2023\\\/05\\\/30\\\/video-confusao-generalizada-em-centro-comercial-de-sp-tem-tiros-e-correria#respond\"]}]},{\"@type\":\"WebPage\",\"@id\":\"https:\\\/\\\/redenoticiaz.com.br\\\/ribeiraopreto-regiao\\\/sp\\\/2023\\\/05\\\/30\\\/video-confusao-generalizada-em-centro-comercial-de-sp-tem-tiros-e-correria\",\"url\":\"https:\\\/\\\/redenoticiaz.com.br\\\/ribeiraopreto-regiao\\\/sp\\\/2023\\\/05\\\/30\\\/video-confusao-generalizada-em-centro-comercial-de-sp-tem-tiros-e-correria\",\"name\":\"V\u00cdDEO \u2013 Confus\u00e3o generalizada em centro comercial de SP tem tiros e correria - Ribeir\u00e3o Preto e Regi\u00e3o\",\"isPartOf\":{\"@id\":\"https:\\\/\\\/redenoticiaz.com.br\\\/ribeiraopreto-regiao\\\/#website\"},\"primaryImageOfPage\":{\"@id\":\"https:\\\/\\\/redenoticiaz.com.br\\\/ribeiraopreto-regiao\\\/sp\\\/2023\\\/05\\\/30\\\/video-confusao-generalizada-em-centro-comercial-de-sp-tem-tiros-e-correria#primaryimage\"},\"image\":{\"@id\":\"https:\\\/\\\/redenoticiaz.com.br\\\/ribeiraopreto-regiao\\\/sp\\\/2023\\\/05\\\/30\\\/video-confusao-generalizada-em-centro-comercial-de-sp-tem-tiros-e-correria#primaryimage\"},\"thumbnailUrl\":\"https:\\\/\\\/redenoticiaz.com.br\\\/ribeiraopreto-regiao\\\/wp-content\\\/uploads\\\/sites\\\/4\\\/2023\\\/05\\\/BRIGA-COMERCIO.jpg?v=1685459736\",\"datePublished\":\"2023-05-30T15:17:36+00:00\",\"dateModified\":\"2023-05-30T15:18:05+00:00\",\"description\":\"um dia normal de compras virou um ambiente de guerra. Nessa segunda-feira (29), um grupo de comerciantes provocaram uma briga generalizada, com\",\"inLanguage\":\"pt-BR\",\"potentialAction\":[{\"@type\":\"ReadAction\",\"target\":[\"https:\\\/\\\/redenoticiaz.com.br\\\/ribeiraopreto-regiao\\\/sp\\\/2023\\\/05\\\/30\\\/video-confusao-generalizada-em-centro-comercial-de-sp-tem-tiros-e-correria\"]}]},{\"@type\":\"ImageObject\",\"inLanguage\":\"pt-BR\",\"@id\":\"https:\\\/\\\/redenoticiaz.com.br\\\/ribeiraopreto-regiao\\\/sp\\\/2023\\\/05\\\/30\\\/video-confusao-generalizada-em-centro-comercial-de-sp-tem-tiros-e-correria#primaryimage\",\"url\":\"https:\\\/\\\/redenoticiaz.com.br\\\/ribeiraopreto-regiao\\\/wp-content\\\/uploads\\\/sites\\\/4\\\/2023\\\/05\\\/BRIGA-COMERCIO.jpg?v=1685459736\",\"contentUrl\":\"https:\\\/\\\/redenoticiaz.com.br\\\/ribeiraopreto-regiao\\\/wp-content\\\/uploads\\\/sites\\\/4\\\/2023\\\/05\\\/BRIGA-COMERCIO.jpg?v=1685459736\",\"width\":590,\"height\":389,\"caption\":\"Cr\u00e9ditos: Reprodu\u00e7\u00e3o\\\/Redes Sociais\"},{\"@type\":\"WebSite\",\"@id\":\"https:\\\/\\\/redenoticiaz.com.br\\\/ribeiraopreto-regiao\\\/#website\",\"url\":\"https:\\\/\\\/redenoticiaz.com.br\\\/ribeiraopreto-regiao\\\/\",\"name\":\"Ribeir\u00e3o Preto e Regi\u00e3o\",\"description\":\"Rede NoticiaZ - Ribeir\u00e3o Preto e regi\u00e3o\",\"publisher\":{\"@id\":\"https:\\\/\\\/redenoticiaz.com.br\\\/ribeiraopreto-regiao\\\/#organization\"},\"potentialAction\":[{\"@type\":\"SearchAction\",\"target\":{\"@type\":\"EntryPoint\",\"urlTemplate\":\"https:\\\/\\\/redenoticiaz.com.br\\\/ribeiraopreto-regiao\\\/?s={search_term_string}\"},\"query-input\":{\"@type\":\"PropertyValueSpecification\",\"valueRequired\":true,\"valueName\":\"search_term_string\"}}],\"inLanguage\":\"pt-BR\"},{\"@type\":\"Organization\",\"@id\":\"https:\\\/\\\/redenoticiaz.com.br\\\/ribeiraopreto-regiao\\\/#organization\",\"name\":\"Ribeir\u00e3o Preto e Regi\u00e3o\",\"url\":\"https:\\\/\\\/redenoticiaz.com.br\\\/ribeiraopreto-regiao\\\/\",\"logo\":{\"@type\":\"ImageObject\",\"inLanguage\":\"pt-BR\",\"@id\":\"https:\\\/\\\/redenoticiaz.com.br\\\/ribeiraopreto-regiao\\\/#\\\/schema\\\/logo\\\/image\\\/\",\"url\":\"https:\\\/\\\/redenoticiaz.com.br\\\/barretos-regiao\\\/wp-content\\\/uploads\\\/sites\\\/4\\\/2022\\\/02\\\/logo.jpg\",\"contentUrl\":\"https:\\\/\\\/redenoticiaz.com.br\\\/barretos-regiao\\\/wp-content\\\/uploads\\\/sites\\\/4\\\/2022\\\/02\\\/logo.jpg\",\"width\":400,\"height\":250,\"caption\":\"Ribeir\u00e3o Preto e Regi\u00e3o\"},\"image\":{\"@id\":\"https:\\\/\\\/redenoticiaz.com.br\\\/ribeiraopreto-regiao\\\/#\\\/schema\\\/logo\\\/image\\\/\"},\"sameAs\":[\"https:\\\/\\\/m.facebook.com\\\/redenoticiaz.barretos\",\"https:\\\/\\\/x.com\\\/RN_barretos\",\"https:\\\/\\\/www.instagram.com\\\/redenoticiaz.barretos\\\/?igshid=YmMyMTA2M2Y\",\"https:\\\/\\\/www.linkedin.com\\\/company\\\/rede-noticiaz-barretos-e-regio\\\/\"]},{\"@type\":\"Person\",\"@id\":\"https:\\\/\\\/redenoticiaz.com.br\\\/ribeiraopreto-regiao\\\/#\\\/schema\\\/person\\\/0f0b8a5bdafefe82841e07ae8d81ecb3\",\"name\":\"Leonardo Francisco\",\"image\":{\"@type\":\"ImageObject\",\"inLanguage\":\"pt-BR\",\"@id\":\"https:\\\/\\\/secure.gravatar.com\\\/avatar\\\/a7358cb406a99b682ec6df1e77e31ae82e63601f6784e8a3df411d72b37864da?s=96&d=mm&r=g\",\"url\":\"https:\\\/\\\/secure.gravatar.com\\\/avatar\\\/a7358cb406a99b682ec6df1e77e31ae82e63601f6784e8a3df411d72b37864da?s=96&d=mm&r=g\",\"contentUrl\":\"https:\\\/\\\/secure.gravatar.com\\\/avatar\\\/a7358cb406a99b682ec6df1e77e31ae82e63601f6784e8a3df411d72b37864da?s=96&d=mm&r=g\",\"caption\":\"Leonardo Francisco\"},\"url\":\"https:\\\/\\\/redenoticiaz.com.br\\\/ribeiraopreto-regiao\\\/sp\\\/author\\\/leonardo-francisco\"}]}<\/script>\n<!-- \/ Yoast SEO plugin. -->","yoast_head_json":{"title":"V\u00cdDEO \u2013 Confus\u00e3o generalizada em centro comercial de SP tem tiros e correria - Ribeir\u00e3o Preto e Regi\u00e3o","description":"um dia normal de compras virou um ambiente de guerra. Nessa segunda-feira (29), um grupo de comerciantes provocaram uma briga generalizada, com","robots":{"index":"index","follow":"follow","max-snippet":"max-snippet:-1","max-image-preview":"max-image-preview:large","max-video-preview":"max-video-preview:-1"},"canonical":"https:\/\/redenoticiaz.com.br\/ribeiraopreto-regiao\/sp\/2023\/05\/30\/video-confusao-generalizada-em-centro-comercial-de-sp-tem-tiros-e-correria","og_locale":"pt_BR","og_type":"article","og_title":"V\u00cdDEO \u2013 Confus\u00e3o generalizada em centro comercial de SP tem tiros e correria - Ribeir\u00e3o Preto e Regi\u00e3o","og_description":"um dia normal de compras virou um ambiente de guerra. Nessa segunda-feira (29), um grupo de comerciantes provocaram uma briga generalizada, com","og_url":"https:\/\/redenoticiaz.com.br\/ribeiraopreto-regiao\/sp\/2023\/05\/30\/video-confusao-generalizada-em-centro-comercial-de-sp-tem-tiros-e-correria","og_site_name":"Ribeir\u00e3o Preto e Regi\u00e3o","article_publisher":"https:\/\/m.facebook.com\/redenoticiaz.barretos","article_published_time":"2023-05-30T15:17:36+00:00","article_modified_time":"2023-05-30T15:18:05+00:00","og_image":[{"width":1620,"height":1080,"url":"https:\/\/redenoticiaz.com.br\/ribeiraopreto-regiao\/wp-content\/uploads\/sites\/4\/2023\/08\/960e46c2-b539-4892-8c3d-11eabf31e4cf-scaled.jpg","type":"image\/jpeg"}],"author":"Leonardo Francisco","twitter_card":"summary_large_image","twitter_creator":"@RN_barretos","twitter_site":"@RN_barretos","twitter_misc":{"Escrito por":"Leonardo Francisco","Est. tempo de leitura":"2 minutos"},"schema":{"@context":"https:\/\/schema.org","@graph":[{"@type":"Article","@id":"https:\/\/redenoticiaz.com.br\/ribeiraopreto-regiao\/sp\/2023\/05\/30\/video-confusao-generalizada-em-centro-comercial-de-sp-tem-tiros-e-correria#article","isPartOf":{"@id":"https:\/\/redenoticiaz.com.br\/ribeiraopreto-regiao\/sp\/2023\/05\/30\/video-confusao-generalizada-em-centro-comercial-de-sp-tem-tiros-e-correria"},"author":{"name":"Leonardo Francisco","@id":"https:\/\/redenoticiaz.com.br\/ribeiraopreto-regiao\/#\/schema\/person\/0f0b8a5bdafefe82841e07ae8d81ecb3"},"headline":"V\u00cdDEO \u2013 Confus\u00e3o generalizada em centro comercial de SP tem tiros e correria","datePublished":"2023-05-30T15:17:36+00:00","dateModified":"2023-05-30T15:18:05+00:00","mainEntityOfPage":{"@id":"https:\/\/redenoticiaz.com.br\/ribeiraopreto-regiao\/sp\/2023\/05\/30\/video-confusao-generalizada-em-centro-comercial-de-sp-tem-tiros-e-correria"},"wordCount":249,"commentCount":0,"publisher":{"@id":"https:\/\/redenoticiaz.com.br\/ribeiraopreto-regiao\/#organization"},"image":{"@id":"https:\/\/redenoticiaz.com.br\/ribeiraopreto-regiao\/sp\/2023\/05\/30\/video-confusao-generalizada-em-centro-comercial-de-sp-tem-tiros-e-correria#primaryimage"},"thumbnailUrl":"https:\/\/redenoticiaz.com.br\/ribeiraopreto-regiao\/wp-content\/uploads\/sites\/4\/2023\/05\/BRIGA-COMERCIO.jpg?v=1685459736","keywords":["BRIGA GENERALIZADA","CENTRO DE S\u00c3O PAULO","RUA 25 DE MAR\u00c7O","S\u00e3o Paulo","Secretaria de Seguran\u00e7a P\u00fablica do Estado de S\u00e3o Paulo"],"articleSection":["Pol\u00edcia"],"inLanguage":"pt-BR","potentialAction":[{"@type":"CommentAction","name":"Comment","target":["https:\/\/redenoticiaz.com.br\/ribeiraopreto-regiao\/sp\/2023\/05\/30\/video-confusao-generalizada-em-centro-comercial-de-sp-tem-tiros-e-correria#respond"]}]},{"@type":"WebPage","@id":"https:\/\/redenoticiaz.com.br\/ribeiraopreto-regiao\/sp\/2023\/05\/30\/video-confusao-generalizada-em-centro-comercial-de-sp-tem-tiros-e-correria","url":"https:\/\/redenoticiaz.com.br\/ribeiraopreto-regiao\/sp\/2023\/05\/30\/video-confusao-generalizada-em-centro-comercial-de-sp-tem-tiros-e-correria","name":"V\u00cdDEO \u2013 Confus\u00e3o generalizada em centro comercial de SP tem tiros e correria - Ribeir\u00e3o Preto e Regi\u00e3o","isPartOf":{"@id":"https:\/\/redenoticiaz.com.br\/ribeiraopreto-regiao\/#website"},"primaryImageOfPage":{"@id":"https:\/\/redenoticiaz.com.br\/ribeiraopreto-regiao\/sp\/2023\/05\/30\/video-confusao-generalizada-em-centro-comercial-de-sp-tem-tiros-e-correria#primaryimage"},"image":{"@id":"https:\/\/redenoticiaz.com.br\/ribeiraopreto-regiao\/sp\/2023\/05\/30\/video-confusao-generalizada-em-centro-comercial-de-sp-tem-tiros-e-correria#primaryimage"},"thumbnailUrl":"https:\/\/redenoticiaz.com.br\/ribeiraopreto-regiao\/wp-content\/uploads\/sites\/4\/2023\/05\/BRIGA-COMERCIO.jpg?v=1685459736","datePublished":"2023-05-30T15:17:36+00:00","dateModified":"2023-05-30T15:18:05+00:00","description":"um dia normal de compras virou um ambiente de guerra. Nessa segunda-feira (29), um grupo de comerciantes provocaram uma briga generalizada, com","inLanguage":"pt-BR","potentialAction":[{"@type":"ReadAction","target":["https:\/\/redenoticiaz.com.br\/ribeiraopreto-regiao\/sp\/2023\/05\/30\/video-confusao-generalizada-em-centro-comercial-de-sp-tem-tiros-e-correria"]}]},{"@type":"ImageObject","inLanguage":"pt-BR","@id":"https:\/\/redenoticiaz.com.br\/ribeiraopreto-regiao\/sp\/2023\/05\/30\/video-confusao-generalizada-em-centro-comercial-de-sp-tem-tiros-e-correria#primaryimage","url":"https:\/\/redenoticiaz.com.br\/ribeiraopreto-regiao\/wp-content\/uploads\/sites\/4\/2023\/05\/BRIGA-COMERCIO.jpg?v=1685459736","contentUrl":"https:\/\/redenoticiaz.com.br\/ribeiraopreto-regiao\/wp-content\/uploads\/sites\/4\/2023\/05\/BRIGA-COMERCIO.jpg?v=1685459736","width":590,"height":389,"caption":"Cr\u00e9ditos: Reprodu\u00e7\u00e3o\/Redes Sociais"},{"@type":"WebSite","@id":"https:\/\/redenoticiaz.com.br\/ribeiraopreto-regiao\/#website","url":"https:\/\/redenoticiaz.com.br\/ribeiraopreto-regiao\/","name":"Ribeir\u00e3o Preto e Regi\u00e3o","description":"Rede NoticiaZ - Ribeir\u00e3o Preto e regi\u00e3o","publisher":{"@id":"https:\/\/redenoticiaz.com.br\/ribeiraopreto-regiao\/#organization"},"potentialAction":[{"@type":"SearchAction","target":{"@type":"EntryPoint","urlTemplate":"https:\/\/redenoticiaz.com.br\/ribeiraopreto-regiao\/?s={search_term_string}"},"query-input":{"@type":"PropertyValueSpecification","valueRequired":true,"valueName":"search_term_string"}}],"inLanguage":"pt-BR"},{"@type":"Organization","@id":"https:\/\/redenoticiaz.com.br\/ribeiraopreto-regiao\/#organization","name":"Ribeir\u00e3o Preto e Regi\u00e3o","url":"https:\/\/redenoticiaz.com.br\/ribeiraopreto-regiao\/","logo":{"@type":"ImageObject","inLanguage":"pt-BR","@id":"https:\/\/redenoticiaz.com.br\/ribeiraopreto-regiao\/#\/schema\/logo\/image\/","url":"https:\/\/redenoticiaz.com.br\/barretos-regiao\/wp-content\/uploads\/sites\/4\/2022\/02\/logo.jpg","contentUrl":"https:\/\/redenoticiaz.com.br\/barretos-regiao\/wp-content\/uploads\/sites\/4\/2022\/02\/logo.jpg","width":400,"height":250,"caption":"Ribeir\u00e3o Preto e Regi\u00e3o"},"image":{"@id":"https:\/\/redenoticiaz.com.br\/ribeiraopreto-regiao\/#\/schema\/logo\/image\/"},"sameAs":["https:\/\/m.facebook.com\/redenoticiaz.barretos","https:\/\/x.com\/RN_barretos","https:\/\/www.instagram.com\/redenoticiaz.barretos\/?igshid=YmMyMTA2M2Y","https:\/\/www.linkedin.com\/company\/rede-noticiaz-barretos-e-regio\/"]},{"@type":"Person","@id":"https:\/\/redenoticiaz.com.br\/ribeiraopreto-regiao\/#\/schema\/person\/0f0b8a5bdafefe82841e07ae8d81ecb3","name":"Leonardo Francisco","image":{"@type":"ImageObject","inLanguage":"pt-BR","@id":"https:\/\/secure.gravatar.com\/avatar\/a7358cb406a99b682ec6df1e77e31ae82e63601f6784e8a3df411d72b37864da?s=96&d=mm&r=g","url":"https:\/\/secure.gravatar.com\/avatar\/a7358cb406a99b682ec6df1e77e31ae82e63601f6784e8a3df411d72b37864da?s=96&d=mm&r=g","contentUrl":"https:\/\/secure.gravatar.com\/avatar\/a7358cb406a99b682ec6df1e77e31ae82e63601f6784e8a3df411d72b37864da?s=96&d=mm&r=g","caption":"Leonardo Francisco"},"url":"https:\/\/redenoticiaz.com.br\/ribeiraopreto-regiao\/sp\/author\/leonardo-francisco"}]}},"_links":{"self":[{"href":"https:\/\/redenoticiaz.com.br\/ribeiraopreto-regiao\/wp-json\/wp\/v2\/posts\/106143","targetHints":{"allow":["GET"]}}],"collection":[{"href":"https:\/\/redenoticiaz.com.br\/ribeiraopreto-regiao\/wp-json\/wp\/v2\/posts"}],"about":[{"href":"https:\/\/redenoticiaz.com.br\/ribeiraopreto-regiao\/wp-json\/wp\/v2\/types\/post"}],"author":[{"embeddable":true,"href":"https:\/\/redenoticiaz.com.br\/ribeiraopreto-regiao\/wp-json\/wp\/v2\/users\/6"}],"replies":[{"embeddable":true,"href":"https:\/\/redenoticiaz.com.br\/ribeiraopreto-regiao\/wp-json\/wp\/v2\/comments?post=106143"}],"version-history":[{"count":1,"href":"https:\/\/redenoticiaz.com.br\/ribeiraopreto-regiao\/wp-json\/wp\/v2\/posts\/106143\/revisions"}],"predecessor-version":[{"id":106149,"href":"https:\/\/redenoticiaz.com.br\/ribeiraopreto-regiao\/wp-json\/wp\/v2\/posts\/106143\/revisions\/106149"}],"wp:featuredmedia":[{"embeddable":true,"href":"https:\/\/redenoticiaz.com.br\/ribeiraopreto-regiao\/wp-json\/wp\/v2\/media\/106144"}],"wp:attachment":[{"href":"https:\/\/redenoticiaz.com.br\/ribeiraopreto-regiao\/wp-json\/wp\/v2\/media?parent=106143"}],"wp:term":[{"taxonomy":"category","embeddable":true,"href":"https:\/\/redenoticiaz.com.br\/ribeiraopreto-regiao\/wp-json\/wp\/v2\/categories?post=106143"},{"taxonomy":"post_tag","embeddable":true,"href":"https:\/\/redenoticiaz.com.br\/ribeiraopreto-regiao\/wp-json\/wp\/v2\/tags?post=106143"}],"curies":[{"name":"wp","href":"https:\/\/api.w.org\/{rel}","templated":true}]}}