{"id":106174,"date":"2023-05-30T15:17:29","date_gmt":"2023-05-30T18:17:29","guid":{"rendered":"https:\/\/redenoticiaz.com.br\/barretos-regiao\/?p=106174"},"modified":"2023-05-30T15:17:29","modified_gmt":"2023-05-30T18:17:29","slug":"guaira-se-destaca-e-conquista-a-8a-colocacao-nos-jogos-da-melhor-idade","status":"publish","type":"post","link":"https:\/\/redenoticiaz.com.br\/ribeiraopreto-regiao\/sp\/2023\/05\/30\/guaira-se-destaca-e-conquista-a-8a-colocacao-nos-jogos-da-melhor-idade","title":{"rendered":"Gua\u00edra se destaca e conquista a 8\u00aa coloca\u00e7\u00e3o nos Jogos da Melhor Idade"},"content":{"rendered":"<p>Os atletas de Gua\u00edra surpreenderam ao conquistar a 8\u00aa coloca\u00e7\u00e3o na classifica\u00e7\u00e3o geral dos Jogos da Melhor Idade (JOMI), realizados em Barretos. Essa competi\u00e7\u00e3o esportiva re\u00fane participantes com mais de 60 anos de idade de diversos munic\u00edpios da regi\u00e3o.<\/p>\n<p>O feito chamou a aten\u00e7\u00e3o por superar a performance de 50 cidades, incluindo Araraquara, uma cidade com 240 mil habitantes e cinco vezes maior que Gua\u00edra. Al\u00e9m disso, Gua\u00edra competiu de igual para igual com outras cidades maiores e tradicionais em competi\u00e7\u00f5es esportivas, como Jaboticabal, Barretos, Ribeir\u00e3o Preto, Taquaritinga e Franca.<\/p>\n<p>Um dos destaques do desempenho guairense foi nas modalidades de nata\u00e7\u00e3o e atletismo, onde os atletas conseguiram boas coloca\u00e7\u00f5es, somando pontos importantes para a equipe. Outros destaques foram nas modalidades de malha, arremesso de peso, Buraco, t\u00eanis de mesa e xadrez, sendo estas duas \u00faltimas modalidades em que Gua\u00edra n\u00e3o possu\u00eda tradi\u00e7\u00e3o, mas conquistaram resultados expressivos.<\/p>\n<p>Os Jogos da Melhor Idade t\u00eam como objetivo estimular a pr\u00e1tica de atividades f\u00edsicas e o conv\u00edvio social entre os idosos. Al\u00e9m dos esportes mencionados, a competi\u00e7\u00e3o tamb\u00e9m englobou disputas de dan\u00e7a, bocha, truco, v\u00f4lei adaptado, entre outros.<\/p>\n<p>&#8220;A oitava coloca\u00e7\u00e3o de Gua\u00edra nos JOMI demonstra que a pr\u00e1tica esportiva n\u00e3o tem idade. Parab\u00e9ns aos atletas e organizadores por participarem dos Jogos da Melhor Idade e por serem reconhecidos pelo trabalho realizado em prol do esporte e da sa\u00fade dos idosos&#8221;, destaca a professora de Educa\u00e7\u00e3o F\u00edsica dos idosos, Vilsa Alves de Lima.<\/p>\n<p>A primeira-dama Marta Barbar comemorou o resultado dos JOMI, ressaltando o desempenho n\u00e3o apenas nas modalidades esportivas, mas tamb\u00e9m na dan\u00e7a e coreografia, onde os participantes surpreenderam e elevaram o nome de Gua\u00edra. &#8220;Parab\u00e9ns a todos os envolvidos&#8221;, celebra a presidente do Fundo Social de Solidariedade.<\/p>\n<div id='gallery-1' class='gallery galleryid-106174 gallery-columns-3 gallery-size-medium'><figure class='gallery-item'>\n\t\t\t<div class='gallery-icon landscape'>\n\t\t\t\t<a href='https:\/\/redenoticiaz.com.br\/ribeiraopreto-regiao\/sp\/2023\/05\/30\/guaira-se-destaca-e-conquista-a-8a-colocacao-nos-jogos-da-melhor-idade\/jomi-4'><img loading=\"lazy\" decoding=\"async\" width=\"300\" height=\"300\" src=\"https:\/\/redenoticiaz.com.br\/ribeiraopreto-regiao\/wp-content\/uploads\/sites\/4\/2023\/05\/jomi-4-300x300.jpeg\" class=\"attachment-medium size-medium\" alt=\"\" srcset=\"https:\/\/redenoticiaz.com.br\/ribeiraopreto-regiao\/wp-content\/uploads\/sites\/4\/2023\/05\/jomi-4-300x300.jpeg 300w, https:\/\/redenoticiaz.com.br\/ribeiraopreto-regiao\/wp-content\/uploads\/sites\/4\/2023\/05\/jomi-4-1024x1024.jpeg 1024w, https:\/\/redenoticiaz.com.br\/ribeiraopreto-regiao\/wp-content\/uploads\/sites\/4\/2023\/05\/jomi-4-150x150.jpeg 150w, https:\/\/redenoticiaz.com.br\/ribeiraopreto-regiao\/wp-content\/uploads\/sites\/4\/2023\/05\/jomi-4-768x768.jpeg 768w, https:\/\/redenoticiaz.com.br\/ribeiraopreto-regiao\/wp-content\/uploads\/sites\/4\/2023\/05\/jomi-4.jpeg 1080w\" sizes=\"auto, (max-width: 300px) 100vw, 300px\" \/><\/a>\n\t\t\t<\/div><\/figure><figure class='gallery-item'>\n\t\t\t<div class='gallery-icon landscape'>\n\t\t\t\t<a href='https:\/\/redenoticiaz.com.br\/ribeiraopreto-regiao\/sp\/2023\/05\/30\/guaira-se-destaca-e-conquista-a-8a-colocacao-nos-jogos-da-melhor-idade\/jomi-6'><img loading=\"lazy\" decoding=\"async\" width=\"300\" height=\"300\" src=\"https:\/\/redenoticiaz.com.br\/ribeiraopreto-regiao\/wp-content\/uploads\/sites\/4\/2023\/05\/jomi-6-300x300.jpeg\" class=\"attachment-medium size-medium\" alt=\"\" srcset=\"https:\/\/redenoticiaz.com.br\/ribeiraopreto-regiao\/wp-content\/uploads\/sites\/4\/2023\/05\/jomi-6-300x300.jpeg 300w, https:\/\/redenoticiaz.com.br\/ribeiraopreto-regiao\/wp-content\/uploads\/sites\/4\/2023\/05\/jomi-6-1024x1024.jpeg 1024w, https:\/\/redenoticiaz.com.br\/ribeiraopreto-regiao\/wp-content\/uploads\/sites\/4\/2023\/05\/jomi-6-150x150.jpeg 150w, https:\/\/redenoticiaz.com.br\/ribeiraopreto-regiao\/wp-content\/uploads\/sites\/4\/2023\/05\/jomi-6-768x768.jpeg 768w, https:\/\/redenoticiaz.com.br\/ribeiraopreto-regiao\/wp-content\/uploads\/sites\/4\/2023\/05\/jomi-6.jpeg 1080w\" sizes=\"auto, (max-width: 300px) 100vw, 300px\" \/><\/a>\n\t\t\t<\/div><\/figure><figure class='gallery-item'>\n\t\t\t<div class='gallery-icon landscape'>\n\t\t\t\t<a href='https:\/\/redenoticiaz.com.br\/ribeiraopreto-regiao\/sp\/2023\/05\/30\/guaira-se-destaca-e-conquista-a-8a-colocacao-nos-jogos-da-melhor-idade\/jomi-1'><img loading=\"lazy\" decoding=\"async\" width=\"300\" height=\"300\" src=\"https:\/\/redenoticiaz.com.br\/ribeiraopreto-regiao\/wp-content\/uploads\/sites\/4\/2023\/05\/jomi-1-300x300.jpeg\" class=\"attachment-medium size-medium\" alt=\"\" srcset=\"https:\/\/redenoticiaz.com.br\/ribeiraopreto-regiao\/wp-content\/uploads\/sites\/4\/2023\/05\/jomi-1-300x300.jpeg 300w, https:\/\/redenoticiaz.com.br\/ribeiraopreto-regiao\/wp-content\/uploads\/sites\/4\/2023\/05\/jomi-1-1024x1024.jpeg 1024w, https:\/\/redenoticiaz.com.br\/ribeiraopreto-regiao\/wp-content\/uploads\/sites\/4\/2023\/05\/jomi-1-150x150.jpeg 150w, https:\/\/redenoticiaz.com.br\/ribeiraopreto-regiao\/wp-content\/uploads\/sites\/4\/2023\/05\/jomi-1-768x768.jpeg 768w, https:\/\/redenoticiaz.com.br\/ribeiraopreto-regiao\/wp-content\/uploads\/sites\/4\/2023\/05\/jomi-1.jpeg 1080w\" sizes=\"auto, (max-width: 300px) 100vw, 300px\" \/><\/a>\n\t\t\t<\/div><\/figure><figure class='gallery-item'>\n\t\t\t<div class='gallery-icon landscape'>\n\t\t\t\t<a href='https:\/\/redenoticiaz.com.br\/ribeiraopreto-regiao\/sp\/2023\/05\/30\/guaira-se-destaca-e-conquista-a-8a-colocacao-nos-jogos-da-melhor-idade\/jomi-3'><img loading=\"lazy\" decoding=\"async\" width=\"300\" height=\"300\" src=\"https:\/\/redenoticiaz.com.br\/ribeiraopreto-regiao\/wp-content\/uploads\/sites\/4\/2023\/05\/jomi-3-300x300.jpeg\" class=\"attachment-medium size-medium\" alt=\"\" srcset=\"https:\/\/redenoticiaz.com.br\/ribeiraopreto-regiao\/wp-content\/uploads\/sites\/4\/2023\/05\/jomi-3-300x300.jpeg 300w, https:\/\/redenoticiaz.com.br\/ribeiraopreto-regiao\/wp-content\/uploads\/sites\/4\/2023\/05\/jomi-3-1024x1024.jpeg 1024w, https:\/\/redenoticiaz.com.br\/ribeiraopreto-regiao\/wp-content\/uploads\/sites\/4\/2023\/05\/jomi-3-150x150.jpeg 150w, https:\/\/redenoticiaz.com.br\/ribeiraopreto-regiao\/wp-content\/uploads\/sites\/4\/2023\/05\/jomi-3-768x768.jpeg 768w, https:\/\/redenoticiaz.com.br\/ribeiraopreto-regiao\/wp-content\/uploads\/sites\/4\/2023\/05\/jomi-3.jpeg 1080w\" sizes=\"auto, (max-width: 300px) 100vw, 300px\" \/><\/a>\n\t\t\t<\/div><\/figure><figure class='gallery-item'>\n\t\t\t<div class='gallery-icon landscape'>\n\t\t\t\t<a href='https:\/\/redenoticiaz.com.br\/ribeiraopreto-regiao\/sp\/2023\/05\/30\/guaira-se-destaca-e-conquista-a-8a-colocacao-nos-jogos-da-melhor-idade\/jomi-8'><img loading=\"lazy\" decoding=\"async\" width=\"300\" height=\"300\" src=\"https:\/\/redenoticiaz.com.br\/ribeiraopreto-regiao\/wp-content\/uploads\/sites\/4\/2023\/05\/jomi-8-300x300.jpeg\" class=\"attachment-medium size-medium\" alt=\"\" srcset=\"https:\/\/redenoticiaz.com.br\/ribeiraopreto-regiao\/wp-content\/uploads\/sites\/4\/2023\/05\/jomi-8-300x300.jpeg 300w, https:\/\/redenoticiaz.com.br\/ribeiraopreto-regiao\/wp-content\/uploads\/sites\/4\/2023\/05\/jomi-8-1024x1024.jpeg 1024w, https:\/\/redenoticiaz.com.br\/ribeiraopreto-regiao\/wp-content\/uploads\/sites\/4\/2023\/05\/jomi-8-150x150.jpeg 150w, https:\/\/redenoticiaz.com.br\/ribeiraopreto-regiao\/wp-content\/uploads\/sites\/4\/2023\/05\/jomi-8-768x768.jpeg 768w, https:\/\/redenoticiaz.com.br\/ribeiraopreto-regiao\/wp-content\/uploads\/sites\/4\/2023\/05\/jomi-8.jpeg 1080w\" sizes=\"auto, (max-width: 300px) 100vw, 300px\" \/><\/a>\n\t\t\t<\/div><\/figure><figure class='gallery-item'>\n\t\t\t<div class='gallery-icon landscape'>\n\t\t\t\t<a href='https:\/\/redenoticiaz.com.br\/ribeiraopreto-regiao\/sp\/2023\/05\/30\/guaira-se-destaca-e-conquista-a-8a-colocacao-nos-jogos-da-melhor-idade\/jomi-7'><img loading=\"lazy\" decoding=\"async\" width=\"300\" height=\"300\" src=\"https:\/\/redenoticiaz.com.br\/ribeiraopreto-regiao\/wp-content\/uploads\/sites\/4\/2023\/05\/jomi-7-300x300.jpeg\" class=\"attachment-medium size-medium\" alt=\"\" srcset=\"https:\/\/redenoticiaz.com.br\/ribeiraopreto-regiao\/wp-content\/uploads\/sites\/4\/2023\/05\/jomi-7-300x300.jpeg 300w, https:\/\/redenoticiaz.com.br\/ribeiraopreto-regiao\/wp-content\/uploads\/sites\/4\/2023\/05\/jomi-7-1024x1024.jpeg 1024w, https:\/\/redenoticiaz.com.br\/ribeiraopreto-regiao\/wp-content\/uploads\/sites\/4\/2023\/05\/jomi-7-150x150.jpeg 150w, https:\/\/redenoticiaz.com.br\/ribeiraopreto-regiao\/wp-content\/uploads\/sites\/4\/2023\/05\/jomi-7-768x768.jpeg 768w, https:\/\/redenoticiaz.com.br\/ribeiraopreto-regiao\/wp-content\/uploads\/sites\/4\/2023\/05\/jomi-7.jpeg 1080w\" sizes=\"auto, (max-width: 300px) 100vw, 300px\" \/><\/a>\n\t\t\t<\/div><\/figure><figure class='gallery-item'>\n\t\t\t<div class='gallery-icon landscape'>\n\t\t\t\t<a href='https:\/\/redenoticiaz.com.br\/ribeiraopreto-regiao\/sp\/2023\/05\/30\/guaira-se-destaca-e-conquista-a-8a-colocacao-nos-jogos-da-melhor-idade\/jomi-5'><img loading=\"lazy\" decoding=\"async\" width=\"300\" height=\"300\" src=\"https:\/\/redenoticiaz.com.br\/ribeiraopreto-regiao\/wp-content\/uploads\/sites\/4\/2023\/05\/jomi-5-300x300.jpeg\" class=\"attachment-medium size-medium\" alt=\"\" srcset=\"https:\/\/redenoticiaz.com.br\/ribeiraopreto-regiao\/wp-content\/uploads\/sites\/4\/2023\/05\/jomi-5-300x300.jpeg 300w, https:\/\/redenoticiaz.com.br\/ribeiraopreto-regiao\/wp-content\/uploads\/sites\/4\/2023\/05\/jomi-5-1024x1024.jpeg 1024w, https:\/\/redenoticiaz.com.br\/ribeiraopreto-regiao\/wp-content\/uploads\/sites\/4\/2023\/05\/jomi-5-150x150.jpeg 150w, https:\/\/redenoticiaz.com.br\/ribeiraopreto-regiao\/wp-content\/uploads\/sites\/4\/2023\/05\/jomi-5-768x768.jpeg 768w, https:\/\/redenoticiaz.com.br\/ribeiraopreto-regiao\/wp-content\/uploads\/sites\/4\/2023\/05\/jomi-5.jpeg 1080w\" sizes=\"auto, (max-width: 300px) 100vw, 300px\" \/><\/a>\n\t\t\t<\/div><\/figure>\n\t\t<\/div>\n\n<p>VEJA TAMB\u00c9M:\u00a0<a href=\"https:\/\/redenoticiaz.com.br\/barretos-regiao\/sp\/2023\/05\/30\/brasileiro-vence-medvedev-em-sua-estreia-de-roland-garros\">Brasileiro vence Medvedev em sua estreia de Roland Garros<\/a><\/p>\n","protected":false},"excerpt":{"rendered":"<p>Os atletas de Gua\u00edra surpreenderam ao conquistar a 8\u00aa coloca\u00e7\u00e3o na classifica\u00e7\u00e3o geral dos Jogos da Melhor Idade (JOMI), realizados em Barretos. Essa competi\u00e7\u00e3o esportiva re\u00fane participantes com mais de 60 anos de idade de diversos munic\u00edpios da regi\u00e3o. O feito chamou a aten\u00e7\u00e3o por superar a performance de 50 cidades, incluindo Araraquara, uma cidade &hellip;<\/p>\n","protected":false},"author":30,"featured_media":106175,"comment_status":"open","ping_status":"closed","sticky":false,"template":"","format":"standard","meta":{"footnotes":""},"categories":[87],"tags":[27292,5975,3174,21021,27066,27291,4987],"class_list":["post-106174","post","type-post","status-publish","format-standard","has-post-thumbnail","hentry","category-esporte","tag-bocha","tag-danca","tag-guaira","tag-jogos-da-melhor-idade","tag-jomi","tag-oitava-posicao","tag-volei"],"yoast_head":"<!-- This site is optimized with the Yoast SEO plugin v28.4 - https:\/\/yoast.com\/product\/yoast-seo-wordpress\/ -->\n<title>Gua\u00edra se destaca e conquista a 8\u00aa coloca\u00e7\u00e3o nos Jogos da Melhor Idade - Ribeir\u00e3o Preto e Regi\u00e3o<\/title>\n<meta name=\"description\" content=\"Os atletas de Gua\u00edra surpreenderam ao conquistar a 8\u00aa coloca\u00e7\u00e3o na classifica\u00e7\u00e3o geral dos Jogos da Melhor Idade, realizados em Barretos.\" \/>\n<meta name=\"robots\" content=\"index, follow, max-snippet:-1, max-image-preview:large, max-video-preview:-1\" \/>\n<link rel=\"canonical\" href=\"https:\/\/redenoticiaz.com.br\/ribeiraopreto-regiao\/sp\/2023\/05\/30\/guaira-se-destaca-e-conquista-a-8a-colocacao-nos-jogos-da-melhor-idade\" \/>\n<meta property=\"og:locale\" content=\"pt_BR\" \/>\n<meta property=\"og:type\" content=\"article\" \/>\n<meta property=\"og:title\" content=\"Gua\u00edra se destaca e conquista a 8\u00aa coloca\u00e7\u00e3o nos Jogos da Melhor Idade - Ribeir\u00e3o Preto e Regi\u00e3o\" \/>\n<meta property=\"og:description\" content=\"Os atletas de Gua\u00edra surpreenderam ao conquistar a 8\u00aa coloca\u00e7\u00e3o na classifica\u00e7\u00e3o geral dos Jogos da Melhor Idade, realizados em Barretos.\" \/>\n<meta property=\"og:url\" content=\"https:\/\/redenoticiaz.com.br\/ribeiraopreto-regiao\/sp\/2023\/05\/30\/guaira-se-destaca-e-conquista-a-8a-colocacao-nos-jogos-da-melhor-idade\" \/>\n<meta property=\"og:site_name\" content=\"Ribeir\u00e3o Preto e Regi\u00e3o\" \/>\n<meta property=\"article:publisher\" content=\"https:\/\/m.facebook.com\/redenoticiaz.barretos\" \/>\n<meta property=\"article:published_time\" content=\"2023-05-30T18:17:29+00:00\" \/>\n<meta property=\"og:image\" content=\"https:\/\/redenoticiaz.com.br\/ribeiraopreto-regiao\/wp-content\/uploads\/sites\/4\/2023\/05\/jomi-capa.jpg\" \/>\n\t<meta property=\"og:image:width\" content=\"1440\" \/>\n\t<meta property=\"og:image:height\" content=\"1080\" \/>\n\t<meta property=\"og:image:type\" content=\"image\/jpeg\" \/>\n<meta name=\"author\" content=\"Carina Reifonas\" \/>\n<meta name=\"twitter:card\" content=\"summary_large_image\" \/>\n<meta name=\"twitter:creator\" content=\"@RN_barretos\" \/>\n<meta name=\"twitter:site\" content=\"@RN_barretos\" \/>\n<meta name=\"twitter:label1\" content=\"Escrito por\" \/>\n\t<meta name=\"twitter:data1\" content=\"Carina Reifonas\" \/>\n\t<meta name=\"twitter:label2\" content=\"Est. tempo de leitura\" \/>\n\t<meta name=\"twitter:data2\" content=\"2 minutos\" \/>\n<script type=\"application\/ld+json\" class=\"yoast-schema-graph\">{\"@context\":\"https:\\\/\\\/schema.org\",\"@graph\":[{\"@type\":\"Article\",\"@id\":\"https:\\\/\\\/redenoticiaz.com.br\\\/ribeiraopreto-regiao\\\/sp\\\/2023\\\/05\\\/30\\\/guaira-se-destaca-e-conquista-a-8a-colocacao-nos-jogos-da-melhor-idade#article\",\"isPartOf\":{\"@id\":\"https:\\\/\\\/redenoticiaz.com.br\\\/ribeiraopreto-regiao\\\/sp\\\/2023\\\/05\\\/30\\\/guaira-se-destaca-e-conquista-a-8a-colocacao-nos-jogos-da-melhor-idade\"},\"author\":{\"name\":\"Carina Reifonas\",\"@id\":\"https:\\\/\\\/redenoticiaz.com.br\\\/ribeiraopreto-regiao\\\/#\\\/schema\\\/person\\\/1f84d6e94e6a62d2d81199d7503e9e90\"},\"headline\":\"Gua\u00edra se destaca e conquista a 8\u00aa coloca\u00e7\u00e3o nos Jogos da Melhor Idade\",\"datePublished\":\"2023-05-30T18:17:29+00:00\",\"mainEntityOfPage\":{\"@id\":\"https:\\\/\\\/redenoticiaz.com.br\\\/ribeiraopreto-regiao\\\/sp\\\/2023\\\/05\\\/30\\\/guaira-se-destaca-e-conquista-a-8a-colocacao-nos-jogos-da-melhor-idade\"},\"wordCount\":353,\"commentCount\":0,\"publisher\":{\"@id\":\"https:\\\/\\\/redenoticiaz.com.br\\\/ribeiraopreto-regiao\\\/#organization\"},\"image\":{\"@id\":\"https:\\\/\\\/redenoticiaz.com.br\\\/ribeiraopreto-regiao\\\/sp\\\/2023\\\/05\\\/30\\\/guaira-se-destaca-e-conquista-a-8a-colocacao-nos-jogos-da-melhor-idade#primaryimage\"},\"thumbnailUrl\":\"https:\\\/\\\/redenoticiaz.com.br\\\/ribeiraopreto-regiao\\\/wp-content\\\/uploads\\\/sites\\\/4\\\/2023\\\/05\\\/jomi-capa.jpg\",\"keywords\":[\"bocha\",\"dan\u00e7a\",\"GUA\u00cdRA\",\"JOGOS DA MELHOR IDADE\",\"JOMI\",\"oitava posi\u00e7\u00e3o\",\"V\u00d4LEI\"],\"articleSection\":[\"Esporte\"],\"inLanguage\":\"pt-BR\",\"potentialAction\":[{\"@type\":\"CommentAction\",\"name\":\"Comment\",\"target\":[\"https:\\\/\\\/redenoticiaz.com.br\\\/ribeiraopreto-regiao\\\/sp\\\/2023\\\/05\\\/30\\\/guaira-se-destaca-e-conquista-a-8a-colocacao-nos-jogos-da-melhor-idade#respond\"]}]},{\"@type\":\"WebPage\",\"@id\":\"https:\\\/\\\/redenoticiaz.com.br\\\/ribeiraopreto-regiao\\\/sp\\\/2023\\\/05\\\/30\\\/guaira-se-destaca-e-conquista-a-8a-colocacao-nos-jogos-da-melhor-idade\",\"url\":\"https:\\\/\\\/redenoticiaz.com.br\\\/ribeiraopreto-regiao\\\/sp\\\/2023\\\/05\\\/30\\\/guaira-se-destaca-e-conquista-a-8a-colocacao-nos-jogos-da-melhor-idade\",\"name\":\"Gua\u00edra se destaca e conquista a 8\u00aa coloca\u00e7\u00e3o nos Jogos da Melhor Idade - Ribeir\u00e3o Preto e Regi\u00e3o\",\"isPartOf\":{\"@id\":\"https:\\\/\\\/redenoticiaz.com.br\\\/ribeiraopreto-regiao\\\/#website\"},\"primaryImageOfPage\":{\"@id\":\"https:\\\/\\\/redenoticiaz.com.br\\\/ribeiraopreto-regiao\\\/sp\\\/2023\\\/05\\\/30\\\/guaira-se-destaca-e-conquista-a-8a-colocacao-nos-jogos-da-melhor-idade#primaryimage\"},\"image\":{\"@id\":\"https:\\\/\\\/redenoticiaz.com.br\\\/ribeiraopreto-regiao\\\/sp\\\/2023\\\/05\\\/30\\\/guaira-se-destaca-e-conquista-a-8a-colocacao-nos-jogos-da-melhor-idade#primaryimage\"},\"thumbnailUrl\":\"https:\\\/\\\/redenoticiaz.com.br\\\/ribeiraopreto-regiao\\\/wp-content\\\/uploads\\\/sites\\\/4\\\/2023\\\/05\\\/jomi-capa.jpg\",\"datePublished\":\"2023-05-30T18:17:29+00:00\",\"description\":\"Os atletas de Gua\u00edra surpreenderam ao conquistar a 8\u00aa coloca\u00e7\u00e3o na classifica\u00e7\u00e3o geral dos Jogos da Melhor Idade, realizados em Barretos.\",\"inLanguage\":\"pt-BR\",\"potentialAction\":[{\"@type\":\"ReadAction\",\"target\":[\"https:\\\/\\\/redenoticiaz.com.br\\\/ribeiraopreto-regiao\\\/sp\\\/2023\\\/05\\\/30\\\/guaira-se-destaca-e-conquista-a-8a-colocacao-nos-jogos-da-melhor-idade\"]}]},{\"@type\":\"ImageObject\",\"inLanguage\":\"pt-BR\",\"@id\":\"https:\\\/\\\/redenoticiaz.com.br\\\/ribeiraopreto-regiao\\\/sp\\\/2023\\\/05\\\/30\\\/guaira-se-destaca-e-conquista-a-8a-colocacao-nos-jogos-da-melhor-idade#primaryimage\",\"url\":\"https:\\\/\\\/redenoticiaz.com.br\\\/ribeiraopreto-regiao\\\/wp-content\\\/uploads\\\/sites\\\/4\\\/2023\\\/05\\\/jomi-capa.jpg\",\"contentUrl\":\"https:\\\/\\\/redenoticiaz.com.br\\\/ribeiraopreto-regiao\\\/wp-content\\\/uploads\\\/sites\\\/4\\\/2023\\\/05\\\/jomi-capa.jpg\",\"width\":1440,\"height\":1080,\"caption\":\"Gua\u00edra se destaca e conquista a 8\u00aa coloca\u00e7\u00e3o nos Jogos da Melhor Idade. Cr\u00e9dito: Divulga\u00e7\u00e3o\"},{\"@type\":\"WebSite\",\"@id\":\"https:\\\/\\\/redenoticiaz.com.br\\\/ribeiraopreto-regiao\\\/#website\",\"url\":\"https:\\\/\\\/redenoticiaz.com.br\\\/ribeiraopreto-regiao\\\/\",\"name\":\"Ribeir\u00e3o Preto e Regi\u00e3o\",\"description\":\"Rede NoticiaZ - Ribeir\u00e3o Preto e regi\u00e3o\",\"publisher\":{\"@id\":\"https:\\\/\\\/redenoticiaz.com.br\\\/ribeiraopreto-regiao\\\/#organization\"},\"potentialAction\":[{\"@type\":\"SearchAction\",\"target\":{\"@type\":\"EntryPoint\",\"urlTemplate\":\"https:\\\/\\\/redenoticiaz.com.br\\\/ribeiraopreto-regiao\\\/?s={search_term_string}\"},\"query-input\":{\"@type\":\"PropertyValueSpecification\",\"valueRequired\":true,\"valueName\":\"search_term_string\"}}],\"inLanguage\":\"pt-BR\"},{\"@type\":\"Organization\",\"@id\":\"https:\\\/\\\/redenoticiaz.com.br\\\/ribeiraopreto-regiao\\\/#organization\",\"name\":\"Ribeir\u00e3o Preto e Regi\u00e3o\",\"url\":\"https:\\\/\\\/redenoticiaz.com.br\\\/ribeiraopreto-regiao\\\/\",\"logo\":{\"@type\":\"ImageObject\",\"inLanguage\":\"pt-BR\",\"@id\":\"https:\\\/\\\/redenoticiaz.com.br\\\/ribeiraopreto-regiao\\\/#\\\/schema\\\/logo\\\/image\\\/\",\"url\":\"https:\\\/\\\/redenoticiaz.com.br\\\/barretos-regiao\\\/wp-content\\\/uploads\\\/sites\\\/4\\\/2022\\\/02\\\/logo.jpg\",\"contentUrl\":\"https:\\\/\\\/redenoticiaz.com.br\\\/barretos-regiao\\\/wp-content\\\/uploads\\\/sites\\\/4\\\/2022\\\/02\\\/logo.jpg\",\"width\":400,\"height\":250,\"caption\":\"Ribeir\u00e3o Preto e Regi\u00e3o\"},\"image\":{\"@id\":\"https:\\\/\\\/redenoticiaz.com.br\\\/ribeiraopreto-regiao\\\/#\\\/schema\\\/logo\\\/image\\\/\"},\"sameAs\":[\"https:\\\/\\\/m.facebook.com\\\/redenoticiaz.barretos\",\"https:\\\/\\\/x.com\\\/RN_barretos\",\"https:\\\/\\\/www.instagram.com\\\/redenoticiaz.barretos\\\/?igshid=YmMyMTA2M2Y\",\"https:\\\/\\\/www.linkedin.com\\\/company\\\/rede-noticiaz-barretos-e-regio\\\/\"]},{\"@type\":\"Person\",\"@id\":\"https:\\\/\\\/redenoticiaz.com.br\\\/ribeiraopreto-regiao\\\/#\\\/schema\\\/person\\\/1f84d6e94e6a62d2d81199d7503e9e90\",\"name\":\"Carina Reifonas\",\"image\":{\"@type\":\"ImageObject\",\"inLanguage\":\"pt-BR\",\"@id\":\"https:\\\/\\\/secure.gravatar.com\\\/avatar\\\/04c59859b23696cf867715880f81d5c037e60109730bdb4e6670ec2a2245bc97?s=96&d=mm&r=g\",\"url\":\"https:\\\/\\\/secure.gravatar.com\\\/avatar\\\/04c59859b23696cf867715880f81d5c037e60109730bdb4e6670ec2a2245bc97?s=96&d=mm&r=g\",\"contentUrl\":\"https:\\\/\\\/secure.gravatar.com\\\/avatar\\\/04c59859b23696cf867715880f81d5c037e60109730bdb4e6670ec2a2245bc97?s=96&d=mm&r=g\",\"caption\":\"Carina Reifonas\"},\"url\":\"https:\\\/\\\/redenoticiaz.com.br\\\/ribeiraopreto-regiao\\\/sp\\\/author\\\/carinareifonas\"}]}<\/script>\n<!-- \/ Yoast SEO plugin. -->","yoast_head_json":{"title":"Gua\u00edra se destaca e conquista a 8\u00aa coloca\u00e7\u00e3o nos Jogos da Melhor Idade - Ribeir\u00e3o Preto e Regi\u00e3o","description":"Os atletas de Gua\u00edra surpreenderam ao conquistar a 8\u00aa coloca\u00e7\u00e3o na classifica\u00e7\u00e3o geral dos Jogos da Melhor Idade, realizados em Barretos.","robots":{"index":"index","follow":"follow","max-snippet":"max-snippet:-1","max-image-preview":"max-image-preview:large","max-video-preview":"max-video-preview:-1"},"canonical":"https:\/\/redenoticiaz.com.br\/ribeiraopreto-regiao\/sp\/2023\/05\/30\/guaira-se-destaca-e-conquista-a-8a-colocacao-nos-jogos-da-melhor-idade","og_locale":"pt_BR","og_type":"article","og_title":"Gua\u00edra se destaca e conquista a 8\u00aa coloca\u00e7\u00e3o nos Jogos da Melhor Idade - Ribeir\u00e3o Preto e Regi\u00e3o","og_description":"Os atletas de Gua\u00edra surpreenderam ao conquistar a 8\u00aa coloca\u00e7\u00e3o na classifica\u00e7\u00e3o geral dos Jogos da Melhor Idade, realizados em Barretos.","og_url":"https:\/\/redenoticiaz.com.br\/ribeiraopreto-regiao\/sp\/2023\/05\/30\/guaira-se-destaca-e-conquista-a-8a-colocacao-nos-jogos-da-melhor-idade","og_site_name":"Ribeir\u00e3o Preto e Regi\u00e3o","article_publisher":"https:\/\/m.facebook.com\/redenoticiaz.barretos","article_published_time":"2023-05-30T18:17:29+00:00","og_image":[{"width":1440,"height":1080,"url":"https:\/\/redenoticiaz.com.br\/ribeiraopreto-regiao\/wp-content\/uploads\/sites\/4\/2023\/05\/jomi-capa.jpg","type":"image\/jpeg"}],"author":"Carina Reifonas","twitter_card":"summary_large_image","twitter_creator":"@RN_barretos","twitter_site":"@RN_barretos","twitter_misc":{"Escrito por":"Carina Reifonas","Est. tempo de leitura":"2 minutos"},"schema":{"@context":"https:\/\/schema.org","@graph":[{"@type":"Article","@id":"https:\/\/redenoticiaz.com.br\/ribeiraopreto-regiao\/sp\/2023\/05\/30\/guaira-se-destaca-e-conquista-a-8a-colocacao-nos-jogos-da-melhor-idade#article","isPartOf":{"@id":"https:\/\/redenoticiaz.com.br\/ribeiraopreto-regiao\/sp\/2023\/05\/30\/guaira-se-destaca-e-conquista-a-8a-colocacao-nos-jogos-da-melhor-idade"},"author":{"name":"Carina Reifonas","@id":"https:\/\/redenoticiaz.com.br\/ribeiraopreto-regiao\/#\/schema\/person\/1f84d6e94e6a62d2d81199d7503e9e90"},"headline":"Gua\u00edra se destaca e conquista a 8\u00aa coloca\u00e7\u00e3o nos Jogos da Melhor Idade","datePublished":"2023-05-30T18:17:29+00:00","mainEntityOfPage":{"@id":"https:\/\/redenoticiaz.com.br\/ribeiraopreto-regiao\/sp\/2023\/05\/30\/guaira-se-destaca-e-conquista-a-8a-colocacao-nos-jogos-da-melhor-idade"},"wordCount":353,"commentCount":0,"publisher":{"@id":"https:\/\/redenoticiaz.com.br\/ribeiraopreto-regiao\/#organization"},"image":{"@id":"https:\/\/redenoticiaz.com.br\/ribeiraopreto-regiao\/sp\/2023\/05\/30\/guaira-se-destaca-e-conquista-a-8a-colocacao-nos-jogos-da-melhor-idade#primaryimage"},"thumbnailUrl":"https:\/\/redenoticiaz.com.br\/ribeiraopreto-regiao\/wp-content\/uploads\/sites\/4\/2023\/05\/jomi-capa.jpg","keywords":["bocha","dan\u00e7a","GUA\u00cdRA","JOGOS DA MELHOR IDADE","JOMI","oitava posi\u00e7\u00e3o","V\u00d4LEI"],"articleSection":["Esporte"],"inLanguage":"pt-BR","potentialAction":[{"@type":"CommentAction","name":"Comment","target":["https:\/\/redenoticiaz.com.br\/ribeiraopreto-regiao\/sp\/2023\/05\/30\/guaira-se-destaca-e-conquista-a-8a-colocacao-nos-jogos-da-melhor-idade#respond"]}]},{"@type":"WebPage","@id":"https:\/\/redenoticiaz.com.br\/ribeiraopreto-regiao\/sp\/2023\/05\/30\/guaira-se-destaca-e-conquista-a-8a-colocacao-nos-jogos-da-melhor-idade","url":"https:\/\/redenoticiaz.com.br\/ribeiraopreto-regiao\/sp\/2023\/05\/30\/guaira-se-destaca-e-conquista-a-8a-colocacao-nos-jogos-da-melhor-idade","name":"Gua\u00edra se destaca e conquista a 8\u00aa coloca\u00e7\u00e3o nos Jogos da Melhor Idade - Ribeir\u00e3o Preto e Regi\u00e3o","isPartOf":{"@id":"https:\/\/redenoticiaz.com.br\/ribeiraopreto-regiao\/#website"},"primaryImageOfPage":{"@id":"https:\/\/redenoticiaz.com.br\/ribeiraopreto-regiao\/sp\/2023\/05\/30\/guaira-se-destaca-e-conquista-a-8a-colocacao-nos-jogos-da-melhor-idade#primaryimage"},"image":{"@id":"https:\/\/redenoticiaz.com.br\/ribeiraopreto-regiao\/sp\/2023\/05\/30\/guaira-se-destaca-e-conquista-a-8a-colocacao-nos-jogos-da-melhor-idade#primaryimage"},"thumbnailUrl":"https:\/\/redenoticiaz.com.br\/ribeiraopreto-regiao\/wp-content\/uploads\/sites\/4\/2023\/05\/jomi-capa.jpg","datePublished":"2023-05-30T18:17:29+00:00","description":"Os atletas de Gua\u00edra surpreenderam ao conquistar a 8\u00aa coloca\u00e7\u00e3o na classifica\u00e7\u00e3o geral dos Jogos da Melhor Idade, realizados em Barretos.","inLanguage":"pt-BR","potentialAction":[{"@type":"ReadAction","target":["https:\/\/redenoticiaz.com.br\/ribeiraopreto-regiao\/sp\/2023\/05\/30\/guaira-se-destaca-e-conquista-a-8a-colocacao-nos-jogos-da-melhor-idade"]}]},{"@type":"ImageObject","inLanguage":"pt-BR","@id":"https:\/\/redenoticiaz.com.br\/ribeiraopreto-regiao\/sp\/2023\/05\/30\/guaira-se-destaca-e-conquista-a-8a-colocacao-nos-jogos-da-melhor-idade#primaryimage","url":"https:\/\/redenoticiaz.com.br\/ribeiraopreto-regiao\/wp-content\/uploads\/sites\/4\/2023\/05\/jomi-capa.jpg","contentUrl":"https:\/\/redenoticiaz.com.br\/ribeiraopreto-regiao\/wp-content\/uploads\/sites\/4\/2023\/05\/jomi-capa.jpg","width":1440,"height":1080,"caption":"Gua\u00edra se destaca e conquista a 8\u00aa coloca\u00e7\u00e3o nos Jogos da Melhor Idade. Cr\u00e9dito: Divulga\u00e7\u00e3o"},{"@type":"WebSite","@id":"https:\/\/redenoticiaz.com.br\/ribeiraopreto-regiao\/#website","url":"https:\/\/redenoticiaz.com.br\/ribeiraopreto-regiao\/","name":"Ribeir\u00e3o Preto e Regi\u00e3o","description":"Rede NoticiaZ - Ribeir\u00e3o Preto e regi\u00e3o","publisher":{"@id":"https:\/\/redenoticiaz.com.br\/ribeiraopreto-regiao\/#organization"},"potentialAction":[{"@type":"SearchAction","target":{"@type":"EntryPoint","urlTemplate":"https:\/\/redenoticiaz.com.br\/ribeiraopreto-regiao\/?s={search_term_string}"},"query-input":{"@type":"PropertyValueSpecification","valueRequired":true,"valueName":"search_term_string"}}],"inLanguage":"pt-BR"},{"@type":"Organization","@id":"https:\/\/redenoticiaz.com.br\/ribeiraopreto-regiao\/#organization","name":"Ribeir\u00e3o Preto e Regi\u00e3o","url":"https:\/\/redenoticiaz.com.br\/ribeiraopreto-regiao\/","logo":{"@type":"ImageObject","inLanguage":"pt-BR","@id":"https:\/\/redenoticiaz.com.br\/ribeiraopreto-regiao\/#\/schema\/logo\/image\/","url":"https:\/\/redenoticiaz.com.br\/barretos-regiao\/wp-content\/uploads\/sites\/4\/2022\/02\/logo.jpg","contentUrl":"https:\/\/redenoticiaz.com.br\/barretos-regiao\/wp-content\/uploads\/sites\/4\/2022\/02\/logo.jpg","width":400,"height":250,"caption":"Ribeir\u00e3o Preto e Regi\u00e3o"},"image":{"@id":"https:\/\/redenoticiaz.com.br\/ribeiraopreto-regiao\/#\/schema\/logo\/image\/"},"sameAs":["https:\/\/m.facebook.com\/redenoticiaz.barretos","https:\/\/x.com\/RN_barretos","https:\/\/www.instagram.com\/redenoticiaz.barretos\/?igshid=YmMyMTA2M2Y","https:\/\/www.linkedin.com\/company\/rede-noticiaz-barretos-e-regio\/"]},{"@type":"Person","@id":"https:\/\/redenoticiaz.com.br\/ribeiraopreto-regiao\/#\/schema\/person\/1f84d6e94e6a62d2d81199d7503e9e90","name":"Carina Reifonas","image":{"@type":"ImageObject","inLanguage":"pt-BR","@id":"https:\/\/secure.gravatar.com\/avatar\/04c59859b23696cf867715880f81d5c037e60109730bdb4e6670ec2a2245bc97?s=96&d=mm&r=g","url":"https:\/\/secure.gravatar.com\/avatar\/04c59859b23696cf867715880f81d5c037e60109730bdb4e6670ec2a2245bc97?s=96&d=mm&r=g","contentUrl":"https:\/\/secure.gravatar.com\/avatar\/04c59859b23696cf867715880f81d5c037e60109730bdb4e6670ec2a2245bc97?s=96&d=mm&r=g","caption":"Carina Reifonas"},"url":"https:\/\/redenoticiaz.com.br\/ribeiraopreto-regiao\/sp\/author\/carinareifonas"}]}},"_links":{"self":[{"href":"https:\/\/redenoticiaz.com.br\/ribeiraopreto-regiao\/wp-json\/wp\/v2\/posts\/106174","targetHints":{"allow":["GET"]}}],"collection":[{"href":"https:\/\/redenoticiaz.com.br\/ribeiraopreto-regiao\/wp-json\/wp\/v2\/posts"}],"about":[{"href":"https:\/\/redenoticiaz.com.br\/ribeiraopreto-regiao\/wp-json\/wp\/v2\/types\/post"}],"author":[{"embeddable":true,"href":"https:\/\/redenoticiaz.com.br\/ribeiraopreto-regiao\/wp-json\/wp\/v2\/users\/30"}],"replies":[{"embeddable":true,"href":"https:\/\/redenoticiaz.com.br\/ribeiraopreto-regiao\/wp-json\/wp\/v2\/comments?post=106174"}],"version-history":[{"count":1,"href":"https:\/\/redenoticiaz.com.br\/ribeiraopreto-regiao\/wp-json\/wp\/v2\/posts\/106174\/revisions"}],"predecessor-version":[{"id":106183,"href":"https:\/\/redenoticiaz.com.br\/ribeiraopreto-regiao\/wp-json\/wp\/v2\/posts\/106174\/revisions\/106183"}],"wp:featuredmedia":[{"embeddable":true,"href":"https:\/\/redenoticiaz.com.br\/ribeiraopreto-regiao\/wp-json\/wp\/v2\/media\/106175"}],"wp:attachment":[{"href":"https:\/\/redenoticiaz.com.br\/ribeiraopreto-regiao\/wp-json\/wp\/v2\/media?parent=106174"}],"wp:term":[{"taxonomy":"category","embeddable":true,"href":"https:\/\/redenoticiaz.com.br\/ribeiraopreto-regiao\/wp-json\/wp\/v2\/categories?post=106174"},{"taxonomy":"post_tag","embeddable":true,"href":"https:\/\/redenoticiaz.com.br\/ribeiraopreto-regiao\/wp-json\/wp\/v2\/tags?post=106174"}],"curies":[{"name":"wp","href":"https:\/\/api.w.org\/{rel}","templated":true}]}}