{"id":106439,"date":"2023-06-05T13:58:11","date_gmt":"2023-06-05T16:58:11","guid":{"rendered":"https:\/\/redenoticiaz.com.br\/barretos-regiao\/?p=106439"},"modified":"2023-06-05T13:58:11","modified_gmt":"2023-06-05T16:58:11","slug":"incidente-envolvendo-cao-pitbull-resulta-em-acao-da-pm","status":"publish","type":"post","link":"https:\/\/redenoticiaz.com.br\/ribeiraopreto-regiao\/sp\/2023\/06\/05\/incidente-envolvendo-cao-pitbull-resulta-em-acao-da-pm","title":{"rendered":"Incidente envolvendo c\u00e3o Pitbull resulta em a\u00e7\u00e3o da PM"},"content":{"rendered":"<p>A Pol\u00edcia Militar foi chamada para intervir em uma ocorr\u00eancia na rua dos Curi\u00f3s, localizada no Jardim Cai\u00e7ara em Barretos. Segundo informa\u00e7\u00f5es,<strong> um c\u00e3o da ra\u00e7a Pitbull escapou e atacou outros quatro cachorros<\/strong> em uma ch\u00e1cara vizinha. O propriet\u00e1rio dos c\u00e3es atacados, considerado investigado, contou aos militares, que ao se deparar com a situa\u00e7\u00e3o, utilizou uma corda de la\u00e7o para tentar separar a briga.<\/p>\n<p>Ainda segundo as informa\u00e7\u00f5es, tr\u00eas de seus cachorros conseguiram escapar, mas o Pitbull continuou atacando um dos c\u00e3es. Diante disso, ele passou a corda em volta da barriga do Pitbull, amarrou-a em uma \u00e1rvore e come\u00e7ou a puxar o animal at\u00e9 conseguir salv\u00e1-lo. Nesse momento, uma mulher de 35 anos, identificada como autora e suposta propriet\u00e1ria do Pitbull, chegou ao local.<\/p>\n<p>O homem confirmou, em relato da pol\u00edcia, possuir uma espingarda de press\u00e3o, por\u00e9m negou ter efetuado qualquer disparo contra o cachorro ou ter batido nele com um peda\u00e7o de madeira. Ele apresentou a arma, que acabou sendo apreendida junto com alguns chumbinhos.<\/p>\n<p>O investigado alegou que estava preocupado com a possibilidade de o animal atacar seu filho de apenas 6 anos. J\u00e1 a autora afirmou que estava em casa quando ouviu latidos e um disparo, sem ter certeza se era proveniente de uma arma de fogo ou de press\u00e3o, vindo da resid\u00eancia do vizinho. Ela disse a pol\u00edcia, ter presenciado o investigado agredindo repetidamente seu cachorro com um peda\u00e7o de madeira e enforcando-o com uma corda. Nesse momento, ela se aproximou gritando que o c\u00e3o era dela, constatando que o animal apresentava ferimentos na boca e na cabe\u00e7a.<\/p>\n<p>A mulher tamb\u00e9m observou que havia uma abertura no alambrado que cercava sua propriedade, por onde seu animal conseguiu escapar. O laudo realizado por uma m\u00e9dica veterin\u00e1ria constatou a presen\u00e7a de um proj\u00e9til de arma de press\u00e3o no corpo do Pitbull, que foi removido, al\u00e9m de ferimentos na boca e claudica\u00e7\u00e3o.<\/p>\n<p>Diante das vers\u00f5es conflitantes e da aus\u00eancia de testemunhas oculares, o delegado respons\u00e1vel determinou a elabora\u00e7\u00e3o de um registro de ocorr\u00eancia por suposto ato de abuso a animais e neglig\u00eancia na guarda\/condu\u00e7\u00e3o de animais, para que os fatos sejam mais bem investigados pela Central de Pol\u00edcia Judici\u00e1ria.<\/p>\n<p>VEJA TAMB\u00c9M:\u00a0<a href=\"https:\/\/redenoticiaz.com.br\/barretos-regiao\/sp\/2023\/06\/05\/hospital-regional-abre-vagas-para-diversos-setores\">Hospital Regional abre vagas para diversos setores<\/a><\/p>\n","protected":false},"excerpt":{"rendered":"<p>A Pol\u00edcia Militar foi chamada para intervir em uma ocorr\u00eancia na rua dos Curi\u00f3s, localizada no Jardim Cai\u00e7ara em Barretos. Segundo informa\u00e7\u00f5es, um c\u00e3o da ra\u00e7a Pitbull escapou e atacou outros quatro cachorros em uma ch\u00e1cara vizinha. O propriet\u00e1rio dos c\u00e3es atacados, considerado investigado, contou aos militares, que ao se deparar com a situa\u00e7\u00e3o, utilizou &hellip;<\/p>\n","protected":false},"author":30,"featured_media":106441,"comment_status":"open","ping_status":"closed","sticky":false,"template":"","format":"standard","meta":{"footnotes":""},"categories":[88],"tags":[27413,27412,20842,27411],"class_list":["post-106439","post","type-post","status-publish","format-standard","has-post-thumbnail","hentry","category-policia","tag-arma-de-pressao","tag-medica-veterinaria","tag-pitbul","tag-proprietaria-do-cachorro"],"yoast_head":"<!-- This site is optimized with the Yoast SEO plugin v27.4 - https:\/\/yoast.com\/product\/yoast-seo-wordpress\/ -->\n<title>Incidente envolvendo c\u00e3o Pitbull resulta em a\u00e7\u00e3o da PM - Ribeir\u00e3o Preto e Regi\u00e3o<\/title>\n<meta name=\"description\" content=\"A Pol\u00edcia Militar foi chamada para intervir em uma ocorr\u00eancia na rua dos Curi\u00f3s, localizada no Jardim Cai\u00e7ara em Barretos.\" \/>\n<meta name=\"robots\" content=\"index, follow, max-snippet:-1, max-image-preview:large, max-video-preview:-1\" \/>\n<link rel=\"canonical\" href=\"https:\/\/redenoticiaz.com.br\/ribeiraopreto-regiao\/sp\/2023\/06\/05\/incidente-envolvendo-cao-pitbull-resulta-em-acao-da-pm\" \/>\n<meta property=\"og:locale\" content=\"pt_BR\" \/>\n<meta property=\"og:type\" content=\"article\" \/>\n<meta property=\"og:title\" content=\"Incidente envolvendo c\u00e3o Pitbull resulta em a\u00e7\u00e3o da PM - Ribeir\u00e3o Preto e Regi\u00e3o\" \/>\n<meta property=\"og:description\" content=\"A Pol\u00edcia Militar foi chamada para intervir em uma ocorr\u00eancia na rua dos Curi\u00f3s, localizada no Jardim Cai\u00e7ara em Barretos.\" \/>\n<meta property=\"og:url\" content=\"https:\/\/redenoticiaz.com.br\/ribeiraopreto-regiao\/sp\/2023\/06\/05\/incidente-envolvendo-cao-pitbull-resulta-em-acao-da-pm\" \/>\n<meta property=\"og:site_name\" content=\"Ribeir\u00e3o Preto e Regi\u00e3o\" \/>\n<meta property=\"article:publisher\" content=\"https:\/\/m.facebook.com\/redenoticiaz.barretos\" \/>\n<meta property=\"article:published_time\" content=\"2023-06-05T16:58:11+00:00\" \/>\n<meta property=\"og:image\" content=\"https:\/\/redenoticiaz.com.br\/ribeiraopreto-regiao\/wp-content\/uploads\/sites\/4\/2023\/06\/Homem-e-preso-em-flagrante-apos-furtar-celular.png\" \/>\n\t<meta property=\"og:image:width\" content=\"1200\" \/>\n\t<meta property=\"og:image:height\" content=\"628\" \/>\n\t<meta property=\"og:image:type\" content=\"image\/png\" \/>\n<meta name=\"author\" content=\"Carina Reifonas\" \/>\n<meta name=\"twitter:card\" content=\"summary_large_image\" \/>\n<meta name=\"twitter:creator\" content=\"@RN_barretos\" \/>\n<meta name=\"twitter:site\" content=\"@RN_barretos\" \/>\n<meta name=\"twitter:label1\" content=\"Escrito por\" \/>\n\t<meta name=\"twitter:data1\" content=\"Carina Reifonas\" \/>\n\t<meta name=\"twitter:label2\" content=\"Est. tempo de leitura\" \/>\n\t<meta name=\"twitter:data2\" content=\"3 minutos\" \/>\n<script type=\"application\/ld+json\" class=\"yoast-schema-graph\">{\"@context\":\"https:\\\/\\\/schema.org\",\"@graph\":[{\"@type\":\"Article\",\"@id\":\"https:\\\/\\\/redenoticiaz.com.br\\\/ribeiraopreto-regiao\\\/sp\\\/2023\\\/06\\\/05\\\/incidente-envolvendo-cao-pitbull-resulta-em-acao-da-pm#article\",\"isPartOf\":{\"@id\":\"https:\\\/\\\/redenoticiaz.com.br\\\/ribeiraopreto-regiao\\\/sp\\\/2023\\\/06\\\/05\\\/incidente-envolvendo-cao-pitbull-resulta-em-acao-da-pm\"},\"author\":{\"name\":\"Carina Reifonas\",\"@id\":\"https:\\\/\\\/redenoticiaz.com.br\\\/ribeiraopreto-regiao\\\/#\\\/schema\\\/person\\\/1f84d6e94e6a62d2d81199d7503e9e90\"},\"headline\":\"Incidente envolvendo c\u00e3o Pitbull resulta em a\u00e7\u00e3o da PM\",\"datePublished\":\"2023-06-05T16:58:11+00:00\",\"mainEntityOfPage\":{\"@id\":\"https:\\\/\\\/redenoticiaz.com.br\\\/ribeiraopreto-regiao\\\/sp\\\/2023\\\/06\\\/05\\\/incidente-envolvendo-cao-pitbull-resulta-em-acao-da-pm\"},\"wordCount\":426,\"commentCount\":0,\"publisher\":{\"@id\":\"https:\\\/\\\/redenoticiaz.com.br\\\/ribeiraopreto-regiao\\\/#organization\"},\"image\":{\"@id\":\"https:\\\/\\\/redenoticiaz.com.br\\\/ribeiraopreto-regiao\\\/sp\\\/2023\\\/06\\\/05\\\/incidente-envolvendo-cao-pitbull-resulta-em-acao-da-pm#primaryimage\"},\"thumbnailUrl\":\"https:\\\/\\\/redenoticiaz.com.br\\\/ribeiraopreto-regiao\\\/wp-content\\\/uploads\\\/sites\\\/4\\\/2023\\\/06\\\/Homem-e-preso-em-flagrante-apos-furtar-celular.png\",\"keywords\":[\"arma de press\u00e3o\",\"m\u00e9dica veterin\u00e1ria\",\"PITBUL\",\"propriet\u00e1ria do cachorro\"],\"articleSection\":[\"Pol\u00edcia\"],\"inLanguage\":\"pt-BR\",\"potentialAction\":[{\"@type\":\"CommentAction\",\"name\":\"Comment\",\"target\":[\"https:\\\/\\\/redenoticiaz.com.br\\\/ribeiraopreto-regiao\\\/sp\\\/2023\\\/06\\\/05\\\/incidente-envolvendo-cao-pitbull-resulta-em-acao-da-pm#respond\"]}]},{\"@type\":\"WebPage\",\"@id\":\"https:\\\/\\\/redenoticiaz.com.br\\\/ribeiraopreto-regiao\\\/sp\\\/2023\\\/06\\\/05\\\/incidente-envolvendo-cao-pitbull-resulta-em-acao-da-pm\",\"url\":\"https:\\\/\\\/redenoticiaz.com.br\\\/ribeiraopreto-regiao\\\/sp\\\/2023\\\/06\\\/05\\\/incidente-envolvendo-cao-pitbull-resulta-em-acao-da-pm\",\"name\":\"Incidente envolvendo c\u00e3o Pitbull resulta em a\u00e7\u00e3o da PM - Ribeir\u00e3o Preto e Regi\u00e3o\",\"isPartOf\":{\"@id\":\"https:\\\/\\\/redenoticiaz.com.br\\\/ribeiraopreto-regiao\\\/#website\"},\"primaryImageOfPage\":{\"@id\":\"https:\\\/\\\/redenoticiaz.com.br\\\/ribeiraopreto-regiao\\\/sp\\\/2023\\\/06\\\/05\\\/incidente-envolvendo-cao-pitbull-resulta-em-acao-da-pm#primaryimage\"},\"image\":{\"@id\":\"https:\\\/\\\/redenoticiaz.com.br\\\/ribeiraopreto-regiao\\\/sp\\\/2023\\\/06\\\/05\\\/incidente-envolvendo-cao-pitbull-resulta-em-acao-da-pm#primaryimage\"},\"thumbnailUrl\":\"https:\\\/\\\/redenoticiaz.com.br\\\/ribeiraopreto-regiao\\\/wp-content\\\/uploads\\\/sites\\\/4\\\/2023\\\/06\\\/Homem-e-preso-em-flagrante-apos-furtar-celular.png\",\"datePublished\":\"2023-06-05T16:58:11+00:00\",\"description\":\"A Pol\u00edcia Militar foi chamada para intervir em uma ocorr\u00eancia na rua dos Curi\u00f3s, localizada no Jardim Cai\u00e7ara em Barretos.\",\"inLanguage\":\"pt-BR\",\"potentialAction\":[{\"@type\":\"ReadAction\",\"target\":[\"https:\\\/\\\/redenoticiaz.com.br\\\/ribeiraopreto-regiao\\\/sp\\\/2023\\\/06\\\/05\\\/incidente-envolvendo-cao-pitbull-resulta-em-acao-da-pm\"]}]},{\"@type\":\"ImageObject\",\"inLanguage\":\"pt-BR\",\"@id\":\"https:\\\/\\\/redenoticiaz.com.br\\\/ribeiraopreto-regiao\\\/sp\\\/2023\\\/06\\\/05\\\/incidente-envolvendo-cao-pitbull-resulta-em-acao-da-pm#primaryimage\",\"url\":\"https:\\\/\\\/redenoticiaz.com.br\\\/ribeiraopreto-regiao\\\/wp-content\\\/uploads\\\/sites\\\/4\\\/2023\\\/06\\\/Homem-e-preso-em-flagrante-apos-furtar-celular.png\",\"contentUrl\":\"https:\\\/\\\/redenoticiaz.com.br\\\/ribeiraopreto-regiao\\\/wp-content\\\/uploads\\\/sites\\\/4\\\/2023\\\/06\\\/Homem-e-preso-em-flagrante-apos-furtar-celular.png\",\"width\":1200,\"height\":628,\"caption\":\"Cr\u00e9dito: Reprodu\u00e7\u00e3o\"},{\"@type\":\"WebSite\",\"@id\":\"https:\\\/\\\/redenoticiaz.com.br\\\/ribeiraopreto-regiao\\\/#website\",\"url\":\"https:\\\/\\\/redenoticiaz.com.br\\\/ribeiraopreto-regiao\\\/\",\"name\":\"Ribeir\u00e3o Preto e Regi\u00e3o\",\"description\":\"Rede NoticiaZ - Ribeir\u00e3o Preto e regi\u00e3o\",\"publisher\":{\"@id\":\"https:\\\/\\\/redenoticiaz.com.br\\\/ribeiraopreto-regiao\\\/#organization\"},\"potentialAction\":[{\"@type\":\"SearchAction\",\"target\":{\"@type\":\"EntryPoint\",\"urlTemplate\":\"https:\\\/\\\/redenoticiaz.com.br\\\/ribeiraopreto-regiao\\\/?s={search_term_string}\"},\"query-input\":{\"@type\":\"PropertyValueSpecification\",\"valueRequired\":true,\"valueName\":\"search_term_string\"}}],\"inLanguage\":\"pt-BR\"},{\"@type\":\"Organization\",\"@id\":\"https:\\\/\\\/redenoticiaz.com.br\\\/ribeiraopreto-regiao\\\/#organization\",\"name\":\"Ribeir\u00e3o Preto e Regi\u00e3o\",\"url\":\"https:\\\/\\\/redenoticiaz.com.br\\\/ribeiraopreto-regiao\\\/\",\"logo\":{\"@type\":\"ImageObject\",\"inLanguage\":\"pt-BR\",\"@id\":\"https:\\\/\\\/redenoticiaz.com.br\\\/ribeiraopreto-regiao\\\/#\\\/schema\\\/logo\\\/image\\\/\",\"url\":\"https:\\\/\\\/redenoticiaz.com.br\\\/barretos-regiao\\\/wp-content\\\/uploads\\\/sites\\\/4\\\/2022\\\/02\\\/logo.jpg\",\"contentUrl\":\"https:\\\/\\\/redenoticiaz.com.br\\\/barretos-regiao\\\/wp-content\\\/uploads\\\/sites\\\/4\\\/2022\\\/02\\\/logo.jpg\",\"width\":400,\"height\":250,\"caption\":\"Ribeir\u00e3o Preto e Regi\u00e3o\"},\"image\":{\"@id\":\"https:\\\/\\\/redenoticiaz.com.br\\\/ribeiraopreto-regiao\\\/#\\\/schema\\\/logo\\\/image\\\/\"},\"sameAs\":[\"https:\\\/\\\/m.facebook.com\\\/redenoticiaz.barretos\",\"https:\\\/\\\/x.com\\\/RN_barretos\",\"https:\\\/\\\/www.instagram.com\\\/redenoticiaz.barretos\\\/?igshid=YmMyMTA2M2Y\",\"https:\\\/\\\/www.linkedin.com\\\/company\\\/rede-noticiaz-barretos-e-regio\\\/\"]},{\"@type\":\"Person\",\"@id\":\"https:\\\/\\\/redenoticiaz.com.br\\\/ribeiraopreto-regiao\\\/#\\\/schema\\\/person\\\/1f84d6e94e6a62d2d81199d7503e9e90\",\"name\":\"Carina Reifonas\",\"image\":{\"@type\":\"ImageObject\",\"inLanguage\":\"pt-BR\",\"@id\":\"https:\\\/\\\/secure.gravatar.com\\\/avatar\\\/04c59859b23696cf867715880f81d5c037e60109730bdb4e6670ec2a2245bc97?s=96&d=mm&r=g\",\"url\":\"https:\\\/\\\/secure.gravatar.com\\\/avatar\\\/04c59859b23696cf867715880f81d5c037e60109730bdb4e6670ec2a2245bc97?s=96&d=mm&r=g\",\"contentUrl\":\"https:\\\/\\\/secure.gravatar.com\\\/avatar\\\/04c59859b23696cf867715880f81d5c037e60109730bdb4e6670ec2a2245bc97?s=96&d=mm&r=g\",\"caption\":\"Carina Reifonas\"},\"url\":\"https:\\\/\\\/redenoticiaz.com.br\\\/ribeiraopreto-regiao\\\/sp\\\/author\\\/carinareifonas\"}]}<\/script>\n<!-- \/ Yoast SEO plugin. -->","yoast_head_json":{"title":"Incidente envolvendo c\u00e3o Pitbull resulta em a\u00e7\u00e3o da PM - Ribeir\u00e3o Preto e Regi\u00e3o","description":"A Pol\u00edcia Militar foi chamada para intervir em uma ocorr\u00eancia na rua dos Curi\u00f3s, localizada no Jardim Cai\u00e7ara em Barretos.","robots":{"index":"index","follow":"follow","max-snippet":"max-snippet:-1","max-image-preview":"max-image-preview:large","max-video-preview":"max-video-preview:-1"},"canonical":"https:\/\/redenoticiaz.com.br\/ribeiraopreto-regiao\/sp\/2023\/06\/05\/incidente-envolvendo-cao-pitbull-resulta-em-acao-da-pm","og_locale":"pt_BR","og_type":"article","og_title":"Incidente envolvendo c\u00e3o Pitbull resulta em a\u00e7\u00e3o da PM - Ribeir\u00e3o Preto e Regi\u00e3o","og_description":"A Pol\u00edcia Militar foi chamada para intervir em uma ocorr\u00eancia na rua dos Curi\u00f3s, localizada no Jardim Cai\u00e7ara em Barretos.","og_url":"https:\/\/redenoticiaz.com.br\/ribeiraopreto-regiao\/sp\/2023\/06\/05\/incidente-envolvendo-cao-pitbull-resulta-em-acao-da-pm","og_site_name":"Ribeir\u00e3o Preto e Regi\u00e3o","article_publisher":"https:\/\/m.facebook.com\/redenoticiaz.barretos","article_published_time":"2023-06-05T16:58:11+00:00","og_image":[{"width":1200,"height":628,"url":"https:\/\/redenoticiaz.com.br\/ribeiraopreto-regiao\/wp-content\/uploads\/sites\/4\/2023\/06\/Homem-e-preso-em-flagrante-apos-furtar-celular.png","type":"image\/png"}],"author":"Carina Reifonas","twitter_card":"summary_large_image","twitter_creator":"@RN_barretos","twitter_site":"@RN_barretos","twitter_misc":{"Escrito por":"Carina Reifonas","Est. tempo de leitura":"3 minutos"},"schema":{"@context":"https:\/\/schema.org","@graph":[{"@type":"Article","@id":"https:\/\/redenoticiaz.com.br\/ribeiraopreto-regiao\/sp\/2023\/06\/05\/incidente-envolvendo-cao-pitbull-resulta-em-acao-da-pm#article","isPartOf":{"@id":"https:\/\/redenoticiaz.com.br\/ribeiraopreto-regiao\/sp\/2023\/06\/05\/incidente-envolvendo-cao-pitbull-resulta-em-acao-da-pm"},"author":{"name":"Carina Reifonas","@id":"https:\/\/redenoticiaz.com.br\/ribeiraopreto-regiao\/#\/schema\/person\/1f84d6e94e6a62d2d81199d7503e9e90"},"headline":"Incidente envolvendo c\u00e3o Pitbull resulta em a\u00e7\u00e3o da PM","datePublished":"2023-06-05T16:58:11+00:00","mainEntityOfPage":{"@id":"https:\/\/redenoticiaz.com.br\/ribeiraopreto-regiao\/sp\/2023\/06\/05\/incidente-envolvendo-cao-pitbull-resulta-em-acao-da-pm"},"wordCount":426,"commentCount":0,"publisher":{"@id":"https:\/\/redenoticiaz.com.br\/ribeiraopreto-regiao\/#organization"},"image":{"@id":"https:\/\/redenoticiaz.com.br\/ribeiraopreto-regiao\/sp\/2023\/06\/05\/incidente-envolvendo-cao-pitbull-resulta-em-acao-da-pm#primaryimage"},"thumbnailUrl":"https:\/\/redenoticiaz.com.br\/ribeiraopreto-regiao\/wp-content\/uploads\/sites\/4\/2023\/06\/Homem-e-preso-em-flagrante-apos-furtar-celular.png","keywords":["arma de press\u00e3o","m\u00e9dica veterin\u00e1ria","PITBUL","propriet\u00e1ria do cachorro"],"articleSection":["Pol\u00edcia"],"inLanguage":"pt-BR","potentialAction":[{"@type":"CommentAction","name":"Comment","target":["https:\/\/redenoticiaz.com.br\/ribeiraopreto-regiao\/sp\/2023\/06\/05\/incidente-envolvendo-cao-pitbull-resulta-em-acao-da-pm#respond"]}]},{"@type":"WebPage","@id":"https:\/\/redenoticiaz.com.br\/ribeiraopreto-regiao\/sp\/2023\/06\/05\/incidente-envolvendo-cao-pitbull-resulta-em-acao-da-pm","url":"https:\/\/redenoticiaz.com.br\/ribeiraopreto-regiao\/sp\/2023\/06\/05\/incidente-envolvendo-cao-pitbull-resulta-em-acao-da-pm","name":"Incidente envolvendo c\u00e3o Pitbull resulta em a\u00e7\u00e3o da PM - Ribeir\u00e3o Preto e Regi\u00e3o","isPartOf":{"@id":"https:\/\/redenoticiaz.com.br\/ribeiraopreto-regiao\/#website"},"primaryImageOfPage":{"@id":"https:\/\/redenoticiaz.com.br\/ribeiraopreto-regiao\/sp\/2023\/06\/05\/incidente-envolvendo-cao-pitbull-resulta-em-acao-da-pm#primaryimage"},"image":{"@id":"https:\/\/redenoticiaz.com.br\/ribeiraopreto-regiao\/sp\/2023\/06\/05\/incidente-envolvendo-cao-pitbull-resulta-em-acao-da-pm#primaryimage"},"thumbnailUrl":"https:\/\/redenoticiaz.com.br\/ribeiraopreto-regiao\/wp-content\/uploads\/sites\/4\/2023\/06\/Homem-e-preso-em-flagrante-apos-furtar-celular.png","datePublished":"2023-06-05T16:58:11+00:00","description":"A Pol\u00edcia Militar foi chamada para intervir em uma ocorr\u00eancia na rua dos Curi\u00f3s, localizada no Jardim Cai\u00e7ara em Barretos.","inLanguage":"pt-BR","potentialAction":[{"@type":"ReadAction","target":["https:\/\/redenoticiaz.com.br\/ribeiraopreto-regiao\/sp\/2023\/06\/05\/incidente-envolvendo-cao-pitbull-resulta-em-acao-da-pm"]}]},{"@type":"ImageObject","inLanguage":"pt-BR","@id":"https:\/\/redenoticiaz.com.br\/ribeiraopreto-regiao\/sp\/2023\/06\/05\/incidente-envolvendo-cao-pitbull-resulta-em-acao-da-pm#primaryimage","url":"https:\/\/redenoticiaz.com.br\/ribeiraopreto-regiao\/wp-content\/uploads\/sites\/4\/2023\/06\/Homem-e-preso-em-flagrante-apos-furtar-celular.png","contentUrl":"https:\/\/redenoticiaz.com.br\/ribeiraopreto-regiao\/wp-content\/uploads\/sites\/4\/2023\/06\/Homem-e-preso-em-flagrante-apos-furtar-celular.png","width":1200,"height":628,"caption":"Cr\u00e9dito: Reprodu\u00e7\u00e3o"},{"@type":"WebSite","@id":"https:\/\/redenoticiaz.com.br\/ribeiraopreto-regiao\/#website","url":"https:\/\/redenoticiaz.com.br\/ribeiraopreto-regiao\/","name":"Ribeir\u00e3o Preto e Regi\u00e3o","description":"Rede NoticiaZ - Ribeir\u00e3o Preto e regi\u00e3o","publisher":{"@id":"https:\/\/redenoticiaz.com.br\/ribeiraopreto-regiao\/#organization"},"potentialAction":[{"@type":"SearchAction","target":{"@type":"EntryPoint","urlTemplate":"https:\/\/redenoticiaz.com.br\/ribeiraopreto-regiao\/?s={search_term_string}"},"query-input":{"@type":"PropertyValueSpecification","valueRequired":true,"valueName":"search_term_string"}}],"inLanguage":"pt-BR"},{"@type":"Organization","@id":"https:\/\/redenoticiaz.com.br\/ribeiraopreto-regiao\/#organization","name":"Ribeir\u00e3o Preto e Regi\u00e3o","url":"https:\/\/redenoticiaz.com.br\/ribeiraopreto-regiao\/","logo":{"@type":"ImageObject","inLanguage":"pt-BR","@id":"https:\/\/redenoticiaz.com.br\/ribeiraopreto-regiao\/#\/schema\/logo\/image\/","url":"https:\/\/redenoticiaz.com.br\/barretos-regiao\/wp-content\/uploads\/sites\/4\/2022\/02\/logo.jpg","contentUrl":"https:\/\/redenoticiaz.com.br\/barretos-regiao\/wp-content\/uploads\/sites\/4\/2022\/02\/logo.jpg","width":400,"height":250,"caption":"Ribeir\u00e3o Preto e Regi\u00e3o"},"image":{"@id":"https:\/\/redenoticiaz.com.br\/ribeiraopreto-regiao\/#\/schema\/logo\/image\/"},"sameAs":["https:\/\/m.facebook.com\/redenoticiaz.barretos","https:\/\/x.com\/RN_barretos","https:\/\/www.instagram.com\/redenoticiaz.barretos\/?igshid=YmMyMTA2M2Y","https:\/\/www.linkedin.com\/company\/rede-noticiaz-barretos-e-regio\/"]},{"@type":"Person","@id":"https:\/\/redenoticiaz.com.br\/ribeiraopreto-regiao\/#\/schema\/person\/1f84d6e94e6a62d2d81199d7503e9e90","name":"Carina Reifonas","image":{"@type":"ImageObject","inLanguage":"pt-BR","@id":"https:\/\/secure.gravatar.com\/avatar\/04c59859b23696cf867715880f81d5c037e60109730bdb4e6670ec2a2245bc97?s=96&d=mm&r=g","url":"https:\/\/secure.gravatar.com\/avatar\/04c59859b23696cf867715880f81d5c037e60109730bdb4e6670ec2a2245bc97?s=96&d=mm&r=g","contentUrl":"https:\/\/secure.gravatar.com\/avatar\/04c59859b23696cf867715880f81d5c037e60109730bdb4e6670ec2a2245bc97?s=96&d=mm&r=g","caption":"Carina Reifonas"},"url":"https:\/\/redenoticiaz.com.br\/ribeiraopreto-regiao\/sp\/author\/carinareifonas"}]}},"_links":{"self":[{"href":"https:\/\/redenoticiaz.com.br\/ribeiraopreto-regiao\/wp-json\/wp\/v2\/posts\/106439","targetHints":{"allow":["GET"]}}],"collection":[{"href":"https:\/\/redenoticiaz.com.br\/ribeiraopreto-regiao\/wp-json\/wp\/v2\/posts"}],"about":[{"href":"https:\/\/redenoticiaz.com.br\/ribeiraopreto-regiao\/wp-json\/wp\/v2\/types\/post"}],"author":[{"embeddable":true,"href":"https:\/\/redenoticiaz.com.br\/ribeiraopreto-regiao\/wp-json\/wp\/v2\/users\/30"}],"replies":[{"embeddable":true,"href":"https:\/\/redenoticiaz.com.br\/ribeiraopreto-regiao\/wp-json\/wp\/v2\/comments?post=106439"}],"version-history":[{"count":1,"href":"https:\/\/redenoticiaz.com.br\/ribeiraopreto-regiao\/wp-json\/wp\/v2\/posts\/106439\/revisions"}],"predecessor-version":[{"id":106442,"href":"https:\/\/redenoticiaz.com.br\/ribeiraopreto-regiao\/wp-json\/wp\/v2\/posts\/106439\/revisions\/106442"}],"wp:featuredmedia":[{"embeddable":true,"href":"https:\/\/redenoticiaz.com.br\/ribeiraopreto-regiao\/wp-json\/wp\/v2\/media\/106441"}],"wp:attachment":[{"href":"https:\/\/redenoticiaz.com.br\/ribeiraopreto-regiao\/wp-json\/wp\/v2\/media?parent=106439"}],"wp:term":[{"taxonomy":"category","embeddable":true,"href":"https:\/\/redenoticiaz.com.br\/ribeiraopreto-regiao\/wp-json\/wp\/v2\/categories?post=106439"},{"taxonomy":"post_tag","embeddable":true,"href":"https:\/\/redenoticiaz.com.br\/ribeiraopreto-regiao\/wp-json\/wp\/v2\/tags?post=106439"}],"curies":[{"name":"wp","href":"https:\/\/api.w.org\/{rel}","templated":true}]}}