{"id":106471,"date":"2023-06-10T09:00:02","date_gmt":"2023-06-10T12:00:02","guid":{"rendered":"https:\/\/redenoticiaz.com.br\/barretos-regiao\/?p=106471"},"modified":"2023-06-05T17:37:12","modified_gmt":"2023-06-05T20:37:12","slug":"descubra-informacoes-e-curiosidades-sobre-o-eterno-indiana-jones","status":"publish","type":"post","link":"https:\/\/redenoticiaz.com.br\/ribeiraopreto-regiao\/sp\/2023\/06\/10\/descubra-informacoes-e-curiosidades-sobre-o-eterno-indiana-jones","title":{"rendered":"Descubra informa\u00e7\u00f5es e curiosidades sobre o eterno Indiana Jones"},"content":{"rendered":"<p class=\"v1MsoNoSpacing\">Prepare-se para a despedida!<b><i>\u00a0Indiana Jones e a Rel\u00edquia do Destino<\/i><\/b>,<i>\u00a0<\/i>o \u00faltimo filme da franquia consagrada, estreia em 29 de junho nos cinemas de todo o pa\u00eds. Nesta nova produ\u00e7\u00e3o, Harrison Ford retorna como o lend\u00e1rio her\u00f3i arque\u00f3logo ao lado de um elenco e produ\u00e7\u00e3o de peso. Dirigido por James Mangold, o filme tem produ\u00e7\u00e3o de Kathleen Kennedy, Frank Marshall e Simon Emanuel, com Steven Spielberg e George Lucas como produtores executivos. John Williams, que comp\u00f4s a partitura de todas as aventuras de Indy desde o original <i>Os Ca\u00e7adores da Arca Perdida\u00a0<\/i>em 1981, \u00e9 respons\u00e1vel pela trilha musical.<\/p>\n<p class=\"v1MsoNoSpacing\">\n<p class=\"v1MsoNoSpacing\">O longa finaliza uma sequ\u00eancia de grande sucesso e que atraiu um p\u00fablico fiel ao longo de v\u00e1rias d\u00e9cadas.\u00a0<b><i>Indiana Jones e a Rel\u00edquia do Destino\u00a0<\/i><\/b>chega como a \u00faltima participa\u00e7\u00e3o de Harrison Ford como o ic\u00f4nico personagem, sendo consagrado como um dos principais atores de uma gera\u00e7\u00e3o. E para quem ainda n\u00e3o se aprofundou na vida e carreira de uma das grandes estrelas do cinema, confira mais curiosidades sobre o eterno Indiana Jones:<\/p>\n<p class=\"v1MsoNoSpacing\">\n<p class=\"v1MsoNormal\"><b>SUA HIST\u00d3RIA E IN\u00cdCIO DA CARREIRA<\/b><\/p>\n<p class=\"v1MsoNormal\" align=\"center\"><img loading=\"lazy\" decoding=\"async\" class=\"size-medium wp-image-106472 alignleft\" src=\"https:\/\/redenoticiaz.com.br\/barretos-regiao\/wp-content\/uploads\/sites\/4\/2023\/06\/SUA-HISTORIA-E-INICIO-DA-CARREIRA-300x164.jpg\" alt=\"\" width=\"300\" height=\"164\" srcset=\"https:\/\/redenoticiaz.com.br\/ribeiraopreto-regiao\/wp-content\/uploads\/sites\/4\/2023\/06\/SUA-HISTORIA-E-INICIO-DA-CARREIRA-300x164.jpg 300w, https:\/\/redenoticiaz.com.br\/ribeiraopreto-regiao\/wp-content\/uploads\/sites\/4\/2023\/06\/SUA-HISTORIA-E-INICIO-DA-CARREIRA.jpg 566w\" sizes=\"auto, (max-width: 300px) 100vw, 300px\" \/><\/p>\n<p class=\"v1MsoNormal\">Nascido em Chicago, nos Estados Unidos, no dia 13 de julho de 1942, Harrison Ford \u00e9 filho de pai irland\u00eas e m\u00e3e judia russa. Ap\u00f3s se graduar no col\u00e9gio no ano de 1960, ingressou no curso de Literatura Inglesa e Filosofia no Ripon College, em Wisconsin. Enquanto cursava as mat\u00e9rias, se inscreveu no curso de artes e descobriu a sua paix\u00e3o pela atua\u00e7\u00e3o.<\/p>\n<p class=\"v1MsoNormal\">\n<p class=\"v1MsoNormal\">Ap\u00f3s um in\u00edcio de carreira complicado e com poucos pap\u00e9is de destaque, Ford largou tudo em 1970 para ser carpinteiro. Por\u00e9m, um de seus clientes fez uma ponte junto ao diretor George Lucas para que ele fosse escolhido para o elenco de\u00a0<i>American Graffiti &#8211; Loucuras de Ver\u00e3o<\/i>\u00a0em 1973 e, desde ent\u00e3o, nunca mais parou de atuar.<\/p>\n<p class=\"v1MsoNormal\">\n<p class=\"v1MsoNormal\">Como destaque, quatro anos depois, o ator interpretou Han Solo, em\u00a0<i>Star Wars: Uma Nova Esperan\u00e7a\u00a0<\/i>(1977), que at\u00e9 hoje \u00e9 um dos principais filmes de fic\u00e7\u00e3o cientifica de todos os tempos. Em seguida, Ford se consolidou como uma das principais estrelas do cinema com o personagem Indiana Jones, em\u00a0<i>Indiana Jones: Os Ca\u00e7adores da Arca Perdida<\/i>, de Steven Spielberg, no ano de 1981.<\/p>\n<p class=\"v1MsoNormal\"><b>\u00a0<\/b><\/p>\n<p class=\"v1MsoNormal\"><b>PRINCIPAIS TRABALHOS<\/b><\/p>\n<p class=\"v1MsoNormal\" align=\"center\"><img loading=\"lazy\" decoding=\"async\" class=\"size-medium wp-image-106473 alignleft\" src=\"https:\/\/redenoticiaz.com.br\/barretos-regiao\/wp-content\/uploads\/sites\/4\/2023\/06\/PRINCIPAIS-TRABALHOS-300x169.jpg\" alt=\"\" width=\"300\" height=\"169\" srcset=\"https:\/\/redenoticiaz.com.br\/ribeiraopreto-regiao\/wp-content\/uploads\/sites\/4\/2023\/06\/PRINCIPAIS-TRABALHOS-300x169.jpg 300w, https:\/\/redenoticiaz.com.br\/ribeiraopreto-regiao\/wp-content\/uploads\/sites\/4\/2023\/06\/PRINCIPAIS-TRABALHOS-390x220.jpg 390w, https:\/\/redenoticiaz.com.br\/ribeiraopreto-regiao\/wp-content\/uploads\/sites\/4\/2023\/06\/PRINCIPAIS-TRABALHOS.jpg 567w\" sizes=\"auto, (max-width: 300px) 100vw, 300px\" \/><\/p>\n<p class=\"v1MsoNoSpacing\">Indiana Jones e Han Solo ainda s\u00e3o considerados os maiores pap\u00e9is da carreira de Harrison Ford. No primeiro papel, interpretou o personagem nos cinco longas da saga de grande sucesso. J\u00e1 como um dos rebeldes de\u00a0<b>Star Wars<\/b>, Ford participou dos epis\u00f3dios IV, V, VI, VII, VIII e IX, se tornando um dos personagens mais amados da s\u00e9rie de filmes. O ator tamb\u00e9m \u00e9 bastante conhecido por seu papel como Rick Deckard em\u00a0<i>Blade Runner<\/i>\u00a0(1982) e\u00a0<i>Blade Runner 2049<\/i>\u00a0(2017), al\u00e9m de Max Drummer em\u00a0<i>Os Mercen\u00e1rios<\/i>\u00a03 (2014).<\/p>\n<p class=\"v1MsoNormal\"><b>\u00a0<\/b><\/p>\n<p class=\"v1MsoNormal\"><b>ETERNO INDIANA JONES<\/b><\/p>\n<p class=\"v1MsoNormal\" align=\"center\"><img loading=\"lazy\" decoding=\"async\" class=\"size-medium wp-image-106474 alignleft\" src=\"https:\/\/redenoticiaz.com.br\/barretos-regiao\/wp-content\/uploads\/sites\/4\/2023\/06\/ETERNO-INDIANA-JONES-300x126.jpg\" alt=\"\" width=\"300\" height=\"126\" srcset=\"https:\/\/redenoticiaz.com.br\/ribeiraopreto-regiao\/wp-content\/uploads\/sites\/4\/2023\/06\/ETERNO-INDIANA-JONES-300x126.jpg 300w, https:\/\/redenoticiaz.com.br\/ribeiraopreto-regiao\/wp-content\/uploads\/sites\/4\/2023\/06\/ETERNO-INDIANA-JONES.jpg 567w\" sizes=\"auto, (max-width: 300px) 100vw, 300px\" \/><\/p>\n<p class=\"v1MsoNoSpacing\">A franquia Indiana Jones foi quem projetou Harrison Ford como um dos principais nomes da ind\u00fastria do cinema. O primeiro filme,\u00a0<i>Indiana Jones: Os Ca\u00e7adores da Arca Perdida<b>\u00a0<\/b><\/i>(1981),<b><i>\u00a0<\/i><\/b>teve um sucesso estrondoso e garantiu o lan\u00e7amento de mais quatro longa-metragem:\u00a0<i>Indiana Jones e o<b>\u00a0<\/b>Templo da Perdi\u00e7\u00e3o<\/i>\u00a0(1984),\u00a0<i>Indiana Jones e a \u00daltima Cruzada<\/i>\u00a0(1989),\u00a0<i>Indiana Jones e o Reino da Caveira de Cristal<\/i>\u00a0(2008) e, por \u00faltimo,\u00a0<b><i>Indiana Jones e a Rel\u00edquia do Destino<\/i><\/b>\u00a0(2023), que ser\u00e1 lan\u00e7ado em 29 de junho deste ano. Juntos, os filmes j\u00e1 lan\u00e7ados arrecadaram quase U$ 2 bilh\u00f5es em todo o mundo.<\/p>\n<p class=\"v1MsoNoSpacing\">\n<p class=\"v1MsoNoSpacing\"><b>DESPEDIDA COM CHAVE DE OURO<\/b><\/p>\n<p class=\"v1MsoNoSpacing\" align=\"center\"><img loading=\"lazy\" decoding=\"async\" class=\"size-medium wp-image-106475 alignleft\" src=\"https:\/\/redenoticiaz.com.br\/barretos-regiao\/wp-content\/uploads\/sites\/4\/2023\/06\/DESPEDIDA-COM-CHAVE-DE-OURO-300x126.jpg\" alt=\"\" width=\"300\" height=\"126\" srcset=\"https:\/\/redenoticiaz.com.br\/ribeiraopreto-regiao\/wp-content\/uploads\/sites\/4\/2023\/06\/DESPEDIDA-COM-CHAVE-DE-OURO-300x126.jpg 300w, https:\/\/redenoticiaz.com.br\/ribeiraopreto-regiao\/wp-content\/uploads\/sites\/4\/2023\/06\/DESPEDIDA-COM-CHAVE-DE-OURO.jpg 566w\" sizes=\"auto, (max-width: 300px) 100vw, 300px\" \/><\/p>\n<p class=\"v1MsoNormal\">O novo filme da franquia Indiana Jones se passa no ano de 1969, enquanto o arque\u00f3logo e aventureiro americano vive no cen\u00e1rio da Corrida Espacial e Guerra Fria, estando prestes a se aposentar. Ele luta para se encaixar em um mundo que parece t\u00ea-lo superado, mas quando as garras de um mal muito familiar retornam na forma de um antigo rival, Indiana Jones deve colocar seu chap\u00e9u e pegar seu chicote mais uma vez para garantir que um antigo e poderoso artefato n\u00e3o caia nas m\u00e3os erradas.<\/p>\n<p class=\"v1MsoNormal\"><b><i>\u00a0<\/i><\/b><\/p>\n<p class=\"v1MsoNormal\"><b><i>Indiana Jones e a Rel\u00edquia do Destino<\/i><\/b>\u00a0teve sua estreia mundial no dia 18 de maio, no Festival de Cinema de Cannes, e Harrison Ford foi homenageado com uma Palma de Ouro honor\u00e1ria e uma salva de palmas com o p\u00fablico de p\u00e9 por mais de 5 minutos. Sem segurar a grande emo\u00e7\u00e3o, o ator agradeceu a grande carreira no cinema e televis\u00e3o.<\/p>\n<p><iframe loading=\"lazy\" title=\"Indiana Jones e a Rel\u00edquia do Destino | Trailer Oficial 2 Legendado\" width=\"500\" height=\"281\" src=\"https:\/\/www.youtube.com\/embed\/jBPJyOP3N5U?feature=oembed\" frameborder=\"0\" allow=\"accelerometer; autoplay; clipboard-write; encrypted-media; gyroscope; picture-in-picture; web-share\" referrerpolicy=\"strict-origin-when-cross-origin\" allowfullscreen><\/iframe><\/p>\n<p class=\"v1MsoNormal\">\n<p class=\"v1MsoNormal\">No Brasil,\u00a0<b><i>Indiana Jones e a Rel\u00edquia do Destino\u00a0<\/i><\/b>estreia em 29 de junho, exclusivamente nos cinemas.<\/p>\n<p class=\"v1MsoNormal\">VEJA TAMB\u00c9M:\u00a0<a href=\"https:\/\/redenoticiaz.com.br\/barretos-regiao\/sp\/2023\/06\/03\/transformers-o-despertar-das-feras-ganha-video-com-bastidores-das-gravacoes-no-peru\">&#8216;Transformers: O Despertar das Feras&#8217; ganha v\u00eddeo com bastidores das grava\u00e7\u00f5es no Peru<\/a><\/p>\n","protected":false},"excerpt":{"rendered":"<p>Prepare-se para a despedida!\u00a0Indiana Jones e a Rel\u00edquia do Destino,\u00a0o \u00faltimo filme da franquia consagrada, estreia em 29 de junho nos cinemas de todo o pa\u00eds. Nesta nova produ\u00e7\u00e3o, Harrison Ford retorna como o lend\u00e1rio her\u00f3i arque\u00f3logo ao lado de um elenco e produ\u00e7\u00e3o de peso. Dirigido por James Mangold, o filme tem produ\u00e7\u00e3o de &hellip;<\/p>\n","protected":false},"author":30,"featured_media":106476,"comment_status":"open","ping_status":"closed","sticky":false,"template":"","format":"standard","meta":{"footnotes":""},"categories":[23210,134],"tags":[19012,20940,27422,26289,27423,9943],"class_list":["post-106471","post","type-post","status-publish","format-standard","has-post-thumbnail","hentry","category-cameraz","category-entretenimento","tag-carreira","tag-curiosidades","tag-harrison-ford","tag-indiana-jones","tag-indiana-jones-e-a-reliquia-do-destino","tag-trailer"],"yoast_head":"<!-- This site is optimized with the Yoast SEO plugin v27.4 - https:\/\/yoast.com\/product\/yoast-seo-wordpress\/ -->\n<title>Descubra informa\u00e7\u00f5es e curiosidades sobre o eterno Indiana Jones - Ribeir\u00e3o Preto e Regi\u00e3o<\/title>\n<meta name=\"description\" content=\"Prepare-se para a despedida!\u00a0Indiana Jones e a Rel\u00edquia do Destino,\u00a0o \u00faltimo filme da franquia consagrada, estreia em junho nos cinemas.\" \/>\n<meta name=\"robots\" content=\"index, follow, max-snippet:-1, max-image-preview:large, max-video-preview:-1\" \/>\n<link rel=\"canonical\" href=\"https:\/\/redenoticiaz.com.br\/ribeiraopreto-regiao\/sp\/2023\/06\/10\/descubra-informacoes-e-curiosidades-sobre-o-eterno-indiana-jones\" \/>\n<meta property=\"og:locale\" content=\"pt_BR\" \/>\n<meta property=\"og:type\" content=\"article\" \/>\n<meta property=\"og:title\" content=\"Descubra informa\u00e7\u00f5es e curiosidades sobre o eterno Indiana Jones - Ribeir\u00e3o Preto e Regi\u00e3o\" \/>\n<meta property=\"og:description\" content=\"Prepare-se para a despedida!\u00a0Indiana Jones e a Rel\u00edquia do Destino,\u00a0o \u00faltimo filme da franquia consagrada, estreia em junho nos cinemas.\" \/>\n<meta property=\"og:url\" content=\"https:\/\/redenoticiaz.com.br\/ribeiraopreto-regiao\/sp\/2023\/06\/10\/descubra-informacoes-e-curiosidades-sobre-o-eterno-indiana-jones\" \/>\n<meta property=\"og:site_name\" content=\"Ribeir\u00e3o Preto e Regi\u00e3o\" \/>\n<meta property=\"article:publisher\" content=\"https:\/\/m.facebook.com\/redenoticiaz.barretos\" \/>\n<meta property=\"article:published_time\" content=\"2023-06-10T12:00:02+00:00\" \/>\n<meta property=\"og:image\" content=\"https:\/\/redenoticiaz.com.br\/ribeiraopreto-regiao\/wp-content\/uploads\/sites\/4\/2023\/06\/Descubra-informacoes-e-curiosidades-sobre-o-eterno-Indiana-Jones.jpg\" \/>\n\t<meta property=\"og:image:width\" content=\"567\" \/>\n\t<meta property=\"og:image:height\" content=\"378\" \/>\n\t<meta property=\"og:image:type\" content=\"image\/jpeg\" \/>\n<meta name=\"author\" content=\"Carina Reifonas\" \/>\n<meta name=\"twitter:card\" content=\"summary_large_image\" \/>\n<meta name=\"twitter:creator\" content=\"@RN_barretos\" \/>\n<meta name=\"twitter:site\" content=\"@RN_barretos\" \/>\n<meta name=\"twitter:label1\" content=\"Escrito por\" \/>\n\t<meta name=\"twitter:data1\" content=\"Carina Reifonas\" \/>\n\t<meta name=\"twitter:label2\" content=\"Est. tempo de leitura\" \/>\n\t<meta name=\"twitter:data2\" content=\"5 minutos\" \/>\n<script type=\"application\/ld+json\" class=\"yoast-schema-graph\">{\"@context\":\"https:\\\/\\\/schema.org\",\"@graph\":[{\"@type\":\"Article\",\"@id\":\"https:\\\/\\\/redenoticiaz.com.br\\\/ribeiraopreto-regiao\\\/sp\\\/2023\\\/06\\\/10\\\/descubra-informacoes-e-curiosidades-sobre-o-eterno-indiana-jones#article\",\"isPartOf\":{\"@id\":\"https:\\\/\\\/redenoticiaz.com.br\\\/ribeiraopreto-regiao\\\/sp\\\/2023\\\/06\\\/10\\\/descubra-informacoes-e-curiosidades-sobre-o-eterno-indiana-jones\"},\"author\":{\"name\":\"Carina Reifonas\",\"@id\":\"https:\\\/\\\/redenoticiaz.com.br\\\/ribeiraopreto-regiao\\\/#\\\/schema\\\/person\\\/1f84d6e94e6a62d2d81199d7503e9e90\"},\"headline\":\"Descubra informa\u00e7\u00f5es e curiosidades sobre o eterno Indiana Jones\",\"datePublished\":\"2023-06-10T12:00:02+00:00\",\"mainEntityOfPage\":{\"@id\":\"https:\\\/\\\/redenoticiaz.com.br\\\/ribeiraopreto-regiao\\\/sp\\\/2023\\\/06\\\/10\\\/descubra-informacoes-e-curiosidades-sobre-o-eterno-indiana-jones\"},\"wordCount\":805,\"commentCount\":0,\"publisher\":{\"@id\":\"https:\\\/\\\/redenoticiaz.com.br\\\/ribeiraopreto-regiao\\\/#organization\"},\"image\":{\"@id\":\"https:\\\/\\\/redenoticiaz.com.br\\\/ribeiraopreto-regiao\\\/sp\\\/2023\\\/06\\\/10\\\/descubra-informacoes-e-curiosidades-sobre-o-eterno-indiana-jones#primaryimage\"},\"thumbnailUrl\":\"https:\\\/\\\/redenoticiaz.com.br\\\/ribeiraopreto-regiao\\\/wp-content\\\/uploads\\\/sites\\\/4\\\/2023\\\/06\\\/Descubra-informacoes-e-curiosidades-sobre-o-eterno-Indiana-Jones.jpg\",\"keywords\":[\"CARREIRA\",\"CURIOSIDADES\",\"Harrison Ford\",\"Indiana Jones\",\"indiana jones e a rel\u00edquia do destino\",\"TRAILER\"],\"articleSection\":[\"C\u00e2mera Z\",\"Entretenimento\"],\"inLanguage\":\"pt-BR\",\"potentialAction\":[{\"@type\":\"CommentAction\",\"name\":\"Comment\",\"target\":[\"https:\\\/\\\/redenoticiaz.com.br\\\/ribeiraopreto-regiao\\\/sp\\\/2023\\\/06\\\/10\\\/descubra-informacoes-e-curiosidades-sobre-o-eterno-indiana-jones#respond\"]}]},{\"@type\":\"WebPage\",\"@id\":\"https:\\\/\\\/redenoticiaz.com.br\\\/ribeiraopreto-regiao\\\/sp\\\/2023\\\/06\\\/10\\\/descubra-informacoes-e-curiosidades-sobre-o-eterno-indiana-jones\",\"url\":\"https:\\\/\\\/redenoticiaz.com.br\\\/ribeiraopreto-regiao\\\/sp\\\/2023\\\/06\\\/10\\\/descubra-informacoes-e-curiosidades-sobre-o-eterno-indiana-jones\",\"name\":\"Descubra informa\u00e7\u00f5es e curiosidades sobre o eterno Indiana Jones - Ribeir\u00e3o Preto e Regi\u00e3o\",\"isPartOf\":{\"@id\":\"https:\\\/\\\/redenoticiaz.com.br\\\/ribeiraopreto-regiao\\\/#website\"},\"primaryImageOfPage\":{\"@id\":\"https:\\\/\\\/redenoticiaz.com.br\\\/ribeiraopreto-regiao\\\/sp\\\/2023\\\/06\\\/10\\\/descubra-informacoes-e-curiosidades-sobre-o-eterno-indiana-jones#primaryimage\"},\"image\":{\"@id\":\"https:\\\/\\\/redenoticiaz.com.br\\\/ribeiraopreto-regiao\\\/sp\\\/2023\\\/06\\\/10\\\/descubra-informacoes-e-curiosidades-sobre-o-eterno-indiana-jones#primaryimage\"},\"thumbnailUrl\":\"https:\\\/\\\/redenoticiaz.com.br\\\/ribeiraopreto-regiao\\\/wp-content\\\/uploads\\\/sites\\\/4\\\/2023\\\/06\\\/Descubra-informacoes-e-curiosidades-sobre-o-eterno-Indiana-Jones.jpg\",\"datePublished\":\"2023-06-10T12:00:02+00:00\",\"description\":\"Prepare-se para a despedida!\u00a0Indiana Jones e a Rel\u00edquia do Destino,\u00a0o \u00faltimo filme da franquia consagrada, estreia em junho nos cinemas.\",\"inLanguage\":\"pt-BR\",\"potentialAction\":[{\"@type\":\"ReadAction\",\"target\":[\"https:\\\/\\\/redenoticiaz.com.br\\\/ribeiraopreto-regiao\\\/sp\\\/2023\\\/06\\\/10\\\/descubra-informacoes-e-curiosidades-sobre-o-eterno-indiana-jones\"]}]},{\"@type\":\"ImageObject\",\"inLanguage\":\"pt-BR\",\"@id\":\"https:\\\/\\\/redenoticiaz.com.br\\\/ribeiraopreto-regiao\\\/sp\\\/2023\\\/06\\\/10\\\/descubra-informacoes-e-curiosidades-sobre-o-eterno-indiana-jones#primaryimage\",\"url\":\"https:\\\/\\\/redenoticiaz.com.br\\\/ribeiraopreto-regiao\\\/wp-content\\\/uploads\\\/sites\\\/4\\\/2023\\\/06\\\/Descubra-informacoes-e-curiosidades-sobre-o-eterno-Indiana-Jones.jpg\",\"contentUrl\":\"https:\\\/\\\/redenoticiaz.com.br\\\/ribeiraopreto-regiao\\\/wp-content\\\/uploads\\\/sites\\\/4\\\/2023\\\/06\\\/Descubra-informacoes-e-curiosidades-sobre-o-eterno-Indiana-Jones.jpg\",\"width\":567,\"height\":378,\"caption\":\"Indiana Jones. Cr\u00e9dito: Divulga\u00e7\u00e3o\"},{\"@type\":\"WebSite\",\"@id\":\"https:\\\/\\\/redenoticiaz.com.br\\\/ribeiraopreto-regiao\\\/#website\",\"url\":\"https:\\\/\\\/redenoticiaz.com.br\\\/ribeiraopreto-regiao\\\/\",\"name\":\"Ribeir\u00e3o Preto e Regi\u00e3o\",\"description\":\"Rede NoticiaZ - Ribeir\u00e3o Preto e regi\u00e3o\",\"publisher\":{\"@id\":\"https:\\\/\\\/redenoticiaz.com.br\\\/ribeiraopreto-regiao\\\/#organization\"},\"potentialAction\":[{\"@type\":\"SearchAction\",\"target\":{\"@type\":\"EntryPoint\",\"urlTemplate\":\"https:\\\/\\\/redenoticiaz.com.br\\\/ribeiraopreto-regiao\\\/?s={search_term_string}\"},\"query-input\":{\"@type\":\"PropertyValueSpecification\",\"valueRequired\":true,\"valueName\":\"search_term_string\"}}],\"inLanguage\":\"pt-BR\"},{\"@type\":\"Organization\",\"@id\":\"https:\\\/\\\/redenoticiaz.com.br\\\/ribeiraopreto-regiao\\\/#organization\",\"name\":\"Ribeir\u00e3o Preto e Regi\u00e3o\",\"url\":\"https:\\\/\\\/redenoticiaz.com.br\\\/ribeiraopreto-regiao\\\/\",\"logo\":{\"@type\":\"ImageObject\",\"inLanguage\":\"pt-BR\",\"@id\":\"https:\\\/\\\/redenoticiaz.com.br\\\/ribeiraopreto-regiao\\\/#\\\/schema\\\/logo\\\/image\\\/\",\"url\":\"https:\\\/\\\/redenoticiaz.com.br\\\/barretos-regiao\\\/wp-content\\\/uploads\\\/sites\\\/4\\\/2022\\\/02\\\/logo.jpg\",\"contentUrl\":\"https:\\\/\\\/redenoticiaz.com.br\\\/barretos-regiao\\\/wp-content\\\/uploads\\\/sites\\\/4\\\/2022\\\/02\\\/logo.jpg\",\"width\":400,\"height\":250,\"caption\":\"Ribeir\u00e3o Preto e Regi\u00e3o\"},\"image\":{\"@id\":\"https:\\\/\\\/redenoticiaz.com.br\\\/ribeiraopreto-regiao\\\/#\\\/schema\\\/logo\\\/image\\\/\"},\"sameAs\":[\"https:\\\/\\\/m.facebook.com\\\/redenoticiaz.barretos\",\"https:\\\/\\\/x.com\\\/RN_barretos\",\"https:\\\/\\\/www.instagram.com\\\/redenoticiaz.barretos\\\/?igshid=YmMyMTA2M2Y\",\"https:\\\/\\\/www.linkedin.com\\\/company\\\/rede-noticiaz-barretos-e-regio\\\/\"]},{\"@type\":\"Person\",\"@id\":\"https:\\\/\\\/redenoticiaz.com.br\\\/ribeiraopreto-regiao\\\/#\\\/schema\\\/person\\\/1f84d6e94e6a62d2d81199d7503e9e90\",\"name\":\"Carina Reifonas\",\"image\":{\"@type\":\"ImageObject\",\"inLanguage\":\"pt-BR\",\"@id\":\"https:\\\/\\\/secure.gravatar.com\\\/avatar\\\/04c59859b23696cf867715880f81d5c037e60109730bdb4e6670ec2a2245bc97?s=96&d=mm&r=g\",\"url\":\"https:\\\/\\\/secure.gravatar.com\\\/avatar\\\/04c59859b23696cf867715880f81d5c037e60109730bdb4e6670ec2a2245bc97?s=96&d=mm&r=g\",\"contentUrl\":\"https:\\\/\\\/secure.gravatar.com\\\/avatar\\\/04c59859b23696cf867715880f81d5c037e60109730bdb4e6670ec2a2245bc97?s=96&d=mm&r=g\",\"caption\":\"Carina Reifonas\"},\"url\":\"https:\\\/\\\/redenoticiaz.com.br\\\/ribeiraopreto-regiao\\\/sp\\\/author\\\/carinareifonas\"}]}<\/script>\n<!-- \/ Yoast SEO plugin. -->","yoast_head_json":{"title":"Descubra informa\u00e7\u00f5es e curiosidades sobre o eterno Indiana Jones - Ribeir\u00e3o Preto e Regi\u00e3o","description":"Prepare-se para a despedida!\u00a0Indiana Jones e a Rel\u00edquia do Destino,\u00a0o \u00faltimo filme da franquia consagrada, estreia em junho nos cinemas.","robots":{"index":"index","follow":"follow","max-snippet":"max-snippet:-1","max-image-preview":"max-image-preview:large","max-video-preview":"max-video-preview:-1"},"canonical":"https:\/\/redenoticiaz.com.br\/ribeiraopreto-regiao\/sp\/2023\/06\/10\/descubra-informacoes-e-curiosidades-sobre-o-eterno-indiana-jones","og_locale":"pt_BR","og_type":"article","og_title":"Descubra informa\u00e7\u00f5es e curiosidades sobre o eterno Indiana Jones - Ribeir\u00e3o Preto e Regi\u00e3o","og_description":"Prepare-se para a despedida!\u00a0Indiana Jones e a Rel\u00edquia do Destino,\u00a0o \u00faltimo filme da franquia consagrada, estreia em junho nos cinemas.","og_url":"https:\/\/redenoticiaz.com.br\/ribeiraopreto-regiao\/sp\/2023\/06\/10\/descubra-informacoes-e-curiosidades-sobre-o-eterno-indiana-jones","og_site_name":"Ribeir\u00e3o Preto e Regi\u00e3o","article_publisher":"https:\/\/m.facebook.com\/redenoticiaz.barretos","article_published_time":"2023-06-10T12:00:02+00:00","og_image":[{"width":567,"height":378,"url":"https:\/\/redenoticiaz.com.br\/ribeiraopreto-regiao\/wp-content\/uploads\/sites\/4\/2023\/06\/Descubra-informacoes-e-curiosidades-sobre-o-eterno-Indiana-Jones.jpg","type":"image\/jpeg"}],"author":"Carina Reifonas","twitter_card":"summary_large_image","twitter_creator":"@RN_barretos","twitter_site":"@RN_barretos","twitter_misc":{"Escrito por":"Carina Reifonas","Est. tempo de leitura":"5 minutos"},"schema":{"@context":"https:\/\/schema.org","@graph":[{"@type":"Article","@id":"https:\/\/redenoticiaz.com.br\/ribeiraopreto-regiao\/sp\/2023\/06\/10\/descubra-informacoes-e-curiosidades-sobre-o-eterno-indiana-jones#article","isPartOf":{"@id":"https:\/\/redenoticiaz.com.br\/ribeiraopreto-regiao\/sp\/2023\/06\/10\/descubra-informacoes-e-curiosidades-sobre-o-eterno-indiana-jones"},"author":{"name":"Carina Reifonas","@id":"https:\/\/redenoticiaz.com.br\/ribeiraopreto-regiao\/#\/schema\/person\/1f84d6e94e6a62d2d81199d7503e9e90"},"headline":"Descubra informa\u00e7\u00f5es e curiosidades sobre o eterno Indiana Jones","datePublished":"2023-06-10T12:00:02+00:00","mainEntityOfPage":{"@id":"https:\/\/redenoticiaz.com.br\/ribeiraopreto-regiao\/sp\/2023\/06\/10\/descubra-informacoes-e-curiosidades-sobre-o-eterno-indiana-jones"},"wordCount":805,"commentCount":0,"publisher":{"@id":"https:\/\/redenoticiaz.com.br\/ribeiraopreto-regiao\/#organization"},"image":{"@id":"https:\/\/redenoticiaz.com.br\/ribeiraopreto-regiao\/sp\/2023\/06\/10\/descubra-informacoes-e-curiosidades-sobre-o-eterno-indiana-jones#primaryimage"},"thumbnailUrl":"https:\/\/redenoticiaz.com.br\/ribeiraopreto-regiao\/wp-content\/uploads\/sites\/4\/2023\/06\/Descubra-informacoes-e-curiosidades-sobre-o-eterno-Indiana-Jones.jpg","keywords":["CARREIRA","CURIOSIDADES","Harrison Ford","Indiana Jones","indiana jones e a rel\u00edquia do destino","TRAILER"],"articleSection":["C\u00e2mera Z","Entretenimento"],"inLanguage":"pt-BR","potentialAction":[{"@type":"CommentAction","name":"Comment","target":["https:\/\/redenoticiaz.com.br\/ribeiraopreto-regiao\/sp\/2023\/06\/10\/descubra-informacoes-e-curiosidades-sobre-o-eterno-indiana-jones#respond"]}]},{"@type":"WebPage","@id":"https:\/\/redenoticiaz.com.br\/ribeiraopreto-regiao\/sp\/2023\/06\/10\/descubra-informacoes-e-curiosidades-sobre-o-eterno-indiana-jones","url":"https:\/\/redenoticiaz.com.br\/ribeiraopreto-regiao\/sp\/2023\/06\/10\/descubra-informacoes-e-curiosidades-sobre-o-eterno-indiana-jones","name":"Descubra informa\u00e7\u00f5es e curiosidades sobre o eterno Indiana Jones - Ribeir\u00e3o Preto e Regi\u00e3o","isPartOf":{"@id":"https:\/\/redenoticiaz.com.br\/ribeiraopreto-regiao\/#website"},"primaryImageOfPage":{"@id":"https:\/\/redenoticiaz.com.br\/ribeiraopreto-regiao\/sp\/2023\/06\/10\/descubra-informacoes-e-curiosidades-sobre-o-eterno-indiana-jones#primaryimage"},"image":{"@id":"https:\/\/redenoticiaz.com.br\/ribeiraopreto-regiao\/sp\/2023\/06\/10\/descubra-informacoes-e-curiosidades-sobre-o-eterno-indiana-jones#primaryimage"},"thumbnailUrl":"https:\/\/redenoticiaz.com.br\/ribeiraopreto-regiao\/wp-content\/uploads\/sites\/4\/2023\/06\/Descubra-informacoes-e-curiosidades-sobre-o-eterno-Indiana-Jones.jpg","datePublished":"2023-06-10T12:00:02+00:00","description":"Prepare-se para a despedida!\u00a0Indiana Jones e a Rel\u00edquia do Destino,\u00a0o \u00faltimo filme da franquia consagrada, estreia em junho nos cinemas.","inLanguage":"pt-BR","potentialAction":[{"@type":"ReadAction","target":["https:\/\/redenoticiaz.com.br\/ribeiraopreto-regiao\/sp\/2023\/06\/10\/descubra-informacoes-e-curiosidades-sobre-o-eterno-indiana-jones"]}]},{"@type":"ImageObject","inLanguage":"pt-BR","@id":"https:\/\/redenoticiaz.com.br\/ribeiraopreto-regiao\/sp\/2023\/06\/10\/descubra-informacoes-e-curiosidades-sobre-o-eterno-indiana-jones#primaryimage","url":"https:\/\/redenoticiaz.com.br\/ribeiraopreto-regiao\/wp-content\/uploads\/sites\/4\/2023\/06\/Descubra-informacoes-e-curiosidades-sobre-o-eterno-Indiana-Jones.jpg","contentUrl":"https:\/\/redenoticiaz.com.br\/ribeiraopreto-regiao\/wp-content\/uploads\/sites\/4\/2023\/06\/Descubra-informacoes-e-curiosidades-sobre-o-eterno-Indiana-Jones.jpg","width":567,"height":378,"caption":"Indiana Jones. Cr\u00e9dito: Divulga\u00e7\u00e3o"},{"@type":"WebSite","@id":"https:\/\/redenoticiaz.com.br\/ribeiraopreto-regiao\/#website","url":"https:\/\/redenoticiaz.com.br\/ribeiraopreto-regiao\/","name":"Ribeir\u00e3o Preto e Regi\u00e3o","description":"Rede NoticiaZ - Ribeir\u00e3o Preto e regi\u00e3o","publisher":{"@id":"https:\/\/redenoticiaz.com.br\/ribeiraopreto-regiao\/#organization"},"potentialAction":[{"@type":"SearchAction","target":{"@type":"EntryPoint","urlTemplate":"https:\/\/redenoticiaz.com.br\/ribeiraopreto-regiao\/?s={search_term_string}"},"query-input":{"@type":"PropertyValueSpecification","valueRequired":true,"valueName":"search_term_string"}}],"inLanguage":"pt-BR"},{"@type":"Organization","@id":"https:\/\/redenoticiaz.com.br\/ribeiraopreto-regiao\/#organization","name":"Ribeir\u00e3o Preto e Regi\u00e3o","url":"https:\/\/redenoticiaz.com.br\/ribeiraopreto-regiao\/","logo":{"@type":"ImageObject","inLanguage":"pt-BR","@id":"https:\/\/redenoticiaz.com.br\/ribeiraopreto-regiao\/#\/schema\/logo\/image\/","url":"https:\/\/redenoticiaz.com.br\/barretos-regiao\/wp-content\/uploads\/sites\/4\/2022\/02\/logo.jpg","contentUrl":"https:\/\/redenoticiaz.com.br\/barretos-regiao\/wp-content\/uploads\/sites\/4\/2022\/02\/logo.jpg","width":400,"height":250,"caption":"Ribeir\u00e3o Preto e Regi\u00e3o"},"image":{"@id":"https:\/\/redenoticiaz.com.br\/ribeiraopreto-regiao\/#\/schema\/logo\/image\/"},"sameAs":["https:\/\/m.facebook.com\/redenoticiaz.barretos","https:\/\/x.com\/RN_barretos","https:\/\/www.instagram.com\/redenoticiaz.barretos\/?igshid=YmMyMTA2M2Y","https:\/\/www.linkedin.com\/company\/rede-noticiaz-barretos-e-regio\/"]},{"@type":"Person","@id":"https:\/\/redenoticiaz.com.br\/ribeiraopreto-regiao\/#\/schema\/person\/1f84d6e94e6a62d2d81199d7503e9e90","name":"Carina Reifonas","image":{"@type":"ImageObject","inLanguage":"pt-BR","@id":"https:\/\/secure.gravatar.com\/avatar\/04c59859b23696cf867715880f81d5c037e60109730bdb4e6670ec2a2245bc97?s=96&d=mm&r=g","url":"https:\/\/secure.gravatar.com\/avatar\/04c59859b23696cf867715880f81d5c037e60109730bdb4e6670ec2a2245bc97?s=96&d=mm&r=g","contentUrl":"https:\/\/secure.gravatar.com\/avatar\/04c59859b23696cf867715880f81d5c037e60109730bdb4e6670ec2a2245bc97?s=96&d=mm&r=g","caption":"Carina Reifonas"},"url":"https:\/\/redenoticiaz.com.br\/ribeiraopreto-regiao\/sp\/author\/carinareifonas"}]}},"_links":{"self":[{"href":"https:\/\/redenoticiaz.com.br\/ribeiraopreto-regiao\/wp-json\/wp\/v2\/posts\/106471","targetHints":{"allow":["GET"]}}],"collection":[{"href":"https:\/\/redenoticiaz.com.br\/ribeiraopreto-regiao\/wp-json\/wp\/v2\/posts"}],"about":[{"href":"https:\/\/redenoticiaz.com.br\/ribeiraopreto-regiao\/wp-json\/wp\/v2\/types\/post"}],"author":[{"embeddable":true,"href":"https:\/\/redenoticiaz.com.br\/ribeiraopreto-regiao\/wp-json\/wp\/v2\/users\/30"}],"replies":[{"embeddable":true,"href":"https:\/\/redenoticiaz.com.br\/ribeiraopreto-regiao\/wp-json\/wp\/v2\/comments?post=106471"}],"version-history":[{"count":1,"href":"https:\/\/redenoticiaz.com.br\/ribeiraopreto-regiao\/wp-json\/wp\/v2\/posts\/106471\/revisions"}],"predecessor-version":[{"id":106477,"href":"https:\/\/redenoticiaz.com.br\/ribeiraopreto-regiao\/wp-json\/wp\/v2\/posts\/106471\/revisions\/106477"}],"wp:featuredmedia":[{"embeddable":true,"href":"https:\/\/redenoticiaz.com.br\/ribeiraopreto-regiao\/wp-json\/wp\/v2\/media\/106476"}],"wp:attachment":[{"href":"https:\/\/redenoticiaz.com.br\/ribeiraopreto-regiao\/wp-json\/wp\/v2\/media?parent=106471"}],"wp:term":[{"taxonomy":"category","embeddable":true,"href":"https:\/\/redenoticiaz.com.br\/ribeiraopreto-regiao\/wp-json\/wp\/v2\/categories?post=106471"},{"taxonomy":"post_tag","embeddable":true,"href":"https:\/\/redenoticiaz.com.br\/ribeiraopreto-regiao\/wp-json\/wp\/v2\/tags?post=106471"}],"curies":[{"name":"wp","href":"https:\/\/api.w.org\/{rel}","templated":true}]}}