{"id":106483,"date":"2023-06-10T12:00:19","date_gmt":"2023-06-10T15:00:19","guid":{"rendered":"https:\/\/redenoticiaz.com.br\/barretos-regiao\/?p=106483"},"modified":"2023-06-05T21:53:06","modified_gmt":"2023-06-06T00:53:06","slug":"mercado-eleva-para-168-projecao-do-crescimento-da-economia-em-2023","status":"publish","type":"post","link":"https:\/\/redenoticiaz.com.br\/ribeiraopreto-regiao\/sp\/2023\/06\/10\/mercado-eleva-para-168-projecao-do-crescimento-da-economia-em-2023","title":{"rendered":"Mercado eleva para 1,68% proje\u00e7\u00e3o do crescimento da economia em 2023"},"content":{"rendered":"<p>A previs\u00e3o do mercado financeiro para o crescimento da economia brasileira este ano subiu de 1,26% para 1,68%. A estimativa est\u00e1 no boletim Focus de hoje (5), pesquisa divulgada semanalmente pelo Banco Central (BC) com a proje\u00e7\u00e3o para os principais indicadores econ\u00f4micos.<img decoding=\"async\" src=\"https:\/\/agenciabrasil.ebc.com.br\/ebc.png?id=1536847&amp;o=node\" \/><img decoding=\"async\" src=\"https:\/\/agenciabrasil.ebc.com.br\/ebc.gif?id=1536847&amp;o=node\" \/><\/p>\n<p>Para o pr\u00f3ximo ano, a expectativa para o Produto Interno Bruto (PIB, a soma dos bens e servi\u00e7os produzidos no pa\u00eds) \u00e9 de crescimento de 1,28%. Em 2025 e 2026, o mercado financeiro projeta expans\u00e3o do PIB em 1,7% e 1,9%, respectivamente.<\/p>\n<p>J\u00e1 a previs\u00e3o para o \u00cdndice Nacional de Pre\u00e7os ao Consumidor Amplo (IPCA) &#8211; considerada a infla\u00e7\u00e3o oficial do pa\u00eds &#8211; caiu de 5,71% para 5,69% neste ano. Para 2024, a estimativa de infla\u00e7\u00e3o ficou em 4,12%. Para 2025 e 2026, as previs\u00f5es s\u00e3o de 4%, para os dois anos.<\/p>\n<p>A estimativa para este ano est\u00e1 acima do teto da meta de infla\u00e7\u00e3o que deve ser perseguida pelo BC. Definida pelo Conselho Monet\u00e1rio Nacional (CMN), a meta \u00e9 3,25% para 2023, com intervalo de toler\u00e2ncia de 1,5 ponto percentual para cima ou para baixo. Ou seja, o limite inferior \u00e9 1,75% e o superior 4,75%. Segundo o BC, no \u00faltimo r<a href=\"https:\/\/agenciabrasil.ebc.com.br\/economia\/noticia\/2023-03\/bc-aumenta-projecao-de-crescimento-da-economia-de-1-para-12\" target=\"_blank\" rel=\"noopener\">elat\u00f3rio de Infla\u00e7\u00e3o<\/a>, a chance de a infla\u00e7\u00e3o oficial superar o teto da meta em 2023 \u00e9 de 83%.<\/p>\n<p>A proje\u00e7\u00e3o do mercado para a infla\u00e7\u00e3o de 2024 tamb\u00e9m est\u00e1 acima do centro da meta prevista, fixada em 3%, mas ainda dentro do intervalo de toler\u00e2ncia de 1,5 ponto percentual.<\/p>\n<p>Em abril, influenciado pelo aumento dos pre\u00e7os de rem\u00e9dios, o\u00a0<a href=\"https:\/\/agenciabrasil.ebc.com.br\/economia\/noticia\/2023-05\/ibge-inflacao-em-abril-e-de-061-influenciada-pela-alta-de-remedios\" target=\"_blank\" rel=\"noopener\">IPCA<\/a>\u00a0ficou em 0,61%, segundo o Instituto Brasileiro de Geografia e Estat\u00edstica (IBGE). O resultado \u00e9 inferior \u00e0 taxa de mar\u00e7o, de 0,71%. Em 12 meses, o indicador acumula 4,18%.<\/p>\n<p>O IPCA do m\u00eas passado ser\u00e1 divulgado na quarta-feira (7). Mas, em maio, o \u00cdndice Nacional de Pre\u00e7os ao Consumidor Amplo 15 (IPCA-15), que \u00e9 a\u00a0<a href=\"https:\/\/agenciabrasil.ebc.com.br\/economia\/noticia\/2023-05\/previa-da-inflacao-oficial-cai-para-051-em-maio\" target=\"_blank\" rel=\"noopener\">pr\u00e9via da infla\u00e7\u00e3o<\/a>, ficou em 0,51%.<\/p>\n<h2>Taxa de juros<\/h2>\n<p>Para alcan\u00e7ar a meta de infla\u00e7\u00e3o, o Banco Central usa como principal instrumento a taxa b\u00e1sica de juros, a Selic, definida em 13,75% ao ano pelo Comit\u00ea de Pol\u00edtica Monet\u00e1ria (Copom). A taxa est\u00e1 nesse n\u00edvel desde agosto do ano passado, e \u00e9 o maior desde janeiro de 2017, quando tamb\u00e9m estava nesse patamar.<\/p>\n<p>Para o mercado financeiro, a expectativa \u00e9 de que a Selic encerre 2023 em 12,5% ao ano. Para o fim de 2024, a estimativa \u00e9 que a taxa b\u00e1sica caia para 10% ao ano. J\u00e1 para o fim de 2025 e de 2026, a previs\u00e3o \u00e9 de Selic em 9% ao ano, para os dois anos.<\/p>\n<p>Quando o Copom aumenta a taxa b\u00e1sica de juros, a finalidade \u00e9 conter a demanda aquecida, e isso causa reflexos nos pre\u00e7os porque os juros mais altos encarecem o cr\u00e9dito e estimulam a poupan\u00e7a. Mas, al\u00e9m da Selic, os bancos consideram outros fatores na hora de definir os juros cobrados dos consumidores, como risco de inadimpl\u00eancia, lucro e despesas administrativas. Desse modo, taxas mais altas tamb\u00e9m podem dificultar a expans\u00e3o da economia.<\/p>\n<p>Quando o Copom diminui a Selic, a tend\u00eancia \u00e9 que o cr\u00e9dito fique mais barato, com incentivo \u00e0 produ\u00e7\u00e3o e ao consumo, reduzindo o controle sobre a infla\u00e7\u00e3o e estimulando a atividade econ\u00f4mica.<\/p>\n<p>Por fim, a previs\u00e3o do mercado financeiro para a cota\u00e7\u00e3o do d\u00f3lar est\u00e1 em R$ 5,10 para o fim deste ano. Para o fim de 2024, a previs\u00e3o \u00e9 de que a moeda americana fique em R$ 5,16.<\/p>\n<p><strong>Leia mais<\/strong><\/p>\n<p><a href=\"https:\/\/redenoticiaz.com.br\/blog\/2023\/05\/22\/estudo-aponta-jundiai-como-uma-das-melhores-economias-do-estado\">Estudo aponta Jundia\u00ed como uma das melhores economias do Estado<\/a><\/p>\n","protected":false},"excerpt":{"rendered":"<p>A previs\u00e3o do mercado financeiro para o crescimento da economia brasileira este ano subiu de 1,26% para 1,68%. A estimativa est\u00e1 no boletim Focus de hoje (5), pesquisa divulgada semanalmente pelo Banco Central (BC) com a proje\u00e7\u00e3o para os principais indicadores econ\u00f4micos. Para o pr\u00f3ximo ano, a expectativa para o Produto Interno Bruto (PIB, a &hellip;<\/p>\n","protected":false},"author":12,"featured_media":106484,"comment_status":"open","ping_status":"closed","sticky":false,"template":"","format":"standard","meta":{"footnotes":""},"categories":[1],"tags":[203,27429,27430,102,27431,27432],"class_list":["post-106483","post","type-post","status-publish","format-standard","has-post-thumbnail","hentry","category-cidades","tag-banco-central","tag-boletim-focus","tag-conselho-monetario-nacional","tag-economia-brasileira","tag-ipca","tag-taxa-de-juros"],"yoast_head":"<!-- This site is optimized with the Yoast SEO plugin v27.4 - https:\/\/yoast.com\/product\/yoast-seo-wordpress\/ -->\n<title>Mercado eleva para 1,68% proje\u00e7\u00e3o do crescimento da economia em 2023 - Ribeir\u00e3o Preto e Regi\u00e3o<\/title>\n<meta name=\"description\" content=\"A previs\u00e3o do mercado financeiro para o crescimento da economia brasileira este ano subiu de 1,26% para 1,68%.\" \/>\n<meta name=\"robots\" content=\"index, follow, max-snippet:-1, max-image-preview:large, max-video-preview:-1\" \/>\n<link rel=\"canonical\" href=\"https:\/\/redenoticiaz.com.br\/ribeiraopreto-regiao\/sp\/2023\/06\/10\/mercado-eleva-para-168-projecao-do-crescimento-da-economia-em-2023\" \/>\n<meta property=\"og:locale\" content=\"pt_BR\" \/>\n<meta property=\"og:type\" content=\"article\" \/>\n<meta property=\"og:title\" content=\"Mercado eleva para 1,68% proje\u00e7\u00e3o do crescimento da economia em 2023 - Ribeir\u00e3o Preto e Regi\u00e3o\" \/>\n<meta property=\"og:description\" content=\"A previs\u00e3o do mercado financeiro para o crescimento da economia brasileira este ano subiu de 1,26% para 1,68%.\" \/>\n<meta property=\"og:url\" content=\"https:\/\/redenoticiaz.com.br\/ribeiraopreto-regiao\/sp\/2023\/06\/10\/mercado-eleva-para-168-projecao-do-crescimento-da-economia-em-2023\" \/>\n<meta property=\"og:site_name\" content=\"Ribeir\u00e3o Preto e Regi\u00e3o\" \/>\n<meta property=\"article:publisher\" content=\"https:\/\/m.facebook.com\/redenoticiaz.barretos\" \/>\n<meta property=\"article:published_time\" content=\"2023-06-10T15:00:19+00:00\" \/>\n<meta property=\"og:image\" content=\"https:\/\/redenoticiaz.com.br\/ribeiraopreto-regiao\/wp-content\/uploads\/sites\/4\/2023\/06\/banco_central_mcajr_abr_0104222274_0.jpg?v=1686012708\" \/>\n\t<meta property=\"og:image:width\" content=\"1170\" \/>\n\t<meta property=\"og:image:height\" content=\"700\" \/>\n\t<meta property=\"og:image:type\" content=\"image\/jpeg\" \/>\n<meta name=\"author\" content=\"Gustavo Silva\" \/>\n<meta name=\"twitter:card\" content=\"summary_large_image\" \/>\n<meta name=\"twitter:creator\" content=\"@RN_barretos\" \/>\n<meta name=\"twitter:site\" content=\"@RN_barretos\" \/>\n<meta name=\"twitter:label1\" content=\"Escrito por\" \/>\n\t<meta name=\"twitter:data1\" content=\"Gustavo Silva\" \/>\n\t<meta name=\"twitter:label2\" content=\"Est. tempo de leitura\" \/>\n\t<meta name=\"twitter:data2\" content=\"4 minutos\" \/>\n<script type=\"application\/ld+json\" class=\"yoast-schema-graph\">{\"@context\":\"https:\\\/\\\/schema.org\",\"@graph\":[{\"@type\":\"Article\",\"@id\":\"https:\\\/\\\/redenoticiaz.com.br\\\/ribeiraopreto-regiao\\\/sp\\\/2023\\\/06\\\/10\\\/mercado-eleva-para-168-projecao-do-crescimento-da-economia-em-2023#article\",\"isPartOf\":{\"@id\":\"https:\\\/\\\/redenoticiaz.com.br\\\/ribeiraopreto-regiao\\\/sp\\\/2023\\\/06\\\/10\\\/mercado-eleva-para-168-projecao-do-crescimento-da-economia-em-2023\"},\"author\":{\"name\":\"Gustavo Silva\",\"@id\":\"https:\\\/\\\/redenoticiaz.com.br\\\/ribeiraopreto-regiao\\\/#\\\/schema\\\/person\\\/16057b37a3c0ee6b096d7f887c566e2e\"},\"headline\":\"Mercado eleva para 1,68% proje\u00e7\u00e3o do crescimento da economia em 2023\",\"datePublished\":\"2023-06-10T15:00:19+00:00\",\"mainEntityOfPage\":{\"@id\":\"https:\\\/\\\/redenoticiaz.com.br\\\/ribeiraopreto-regiao\\\/sp\\\/2023\\\/06\\\/10\\\/mercado-eleva-para-168-projecao-do-crescimento-da-economia-em-2023\"},\"wordCount\":593,\"commentCount\":0,\"publisher\":{\"@id\":\"https:\\\/\\\/redenoticiaz.com.br\\\/ribeiraopreto-regiao\\\/#organization\"},\"image\":{\"@id\":\"https:\\\/\\\/redenoticiaz.com.br\\\/ribeiraopreto-regiao\\\/sp\\\/2023\\\/06\\\/10\\\/mercado-eleva-para-168-projecao-do-crescimento-da-economia-em-2023#primaryimage\"},\"thumbnailUrl\":\"https:\\\/\\\/redenoticiaz.com.br\\\/ribeiraopreto-regiao\\\/wp-content\\\/uploads\\\/sites\\\/4\\\/2023\\\/06\\\/banco_central_mcajr_abr_0104222274_0.jpg?v=1686012708\",\"keywords\":[\"banco central\",\"Boletim Focus\",\"Conselho Monet\u00e1rio Nacional\",\"ECONOMIA BRASILEIRA\",\"IPCA\",\"Taxa de juros\"],\"articleSection\":[\"Cidades\"],\"inLanguage\":\"pt-BR\",\"potentialAction\":[{\"@type\":\"CommentAction\",\"name\":\"Comment\",\"target\":[\"https:\\\/\\\/redenoticiaz.com.br\\\/ribeiraopreto-regiao\\\/sp\\\/2023\\\/06\\\/10\\\/mercado-eleva-para-168-projecao-do-crescimento-da-economia-em-2023#respond\"]}]},{\"@type\":\"WebPage\",\"@id\":\"https:\\\/\\\/redenoticiaz.com.br\\\/ribeiraopreto-regiao\\\/sp\\\/2023\\\/06\\\/10\\\/mercado-eleva-para-168-projecao-do-crescimento-da-economia-em-2023\",\"url\":\"https:\\\/\\\/redenoticiaz.com.br\\\/ribeiraopreto-regiao\\\/sp\\\/2023\\\/06\\\/10\\\/mercado-eleva-para-168-projecao-do-crescimento-da-economia-em-2023\",\"name\":\"Mercado eleva para 1,68% proje\u00e7\u00e3o do crescimento da economia em 2023 - Ribeir\u00e3o Preto e Regi\u00e3o\",\"isPartOf\":{\"@id\":\"https:\\\/\\\/redenoticiaz.com.br\\\/ribeiraopreto-regiao\\\/#website\"},\"primaryImageOfPage\":{\"@id\":\"https:\\\/\\\/redenoticiaz.com.br\\\/ribeiraopreto-regiao\\\/sp\\\/2023\\\/06\\\/10\\\/mercado-eleva-para-168-projecao-do-crescimento-da-economia-em-2023#primaryimage\"},\"image\":{\"@id\":\"https:\\\/\\\/redenoticiaz.com.br\\\/ribeiraopreto-regiao\\\/sp\\\/2023\\\/06\\\/10\\\/mercado-eleva-para-168-projecao-do-crescimento-da-economia-em-2023#primaryimage\"},\"thumbnailUrl\":\"https:\\\/\\\/redenoticiaz.com.br\\\/ribeiraopreto-regiao\\\/wp-content\\\/uploads\\\/sites\\\/4\\\/2023\\\/06\\\/banco_central_mcajr_abr_0104222274_0.jpg?v=1686012708\",\"datePublished\":\"2023-06-10T15:00:19+00:00\",\"description\":\"A previs\u00e3o do mercado financeiro para o crescimento da economia brasileira este ano subiu de 1,26% para 1,68%.\",\"inLanguage\":\"pt-BR\",\"potentialAction\":[{\"@type\":\"ReadAction\",\"target\":[\"https:\\\/\\\/redenoticiaz.com.br\\\/ribeiraopreto-regiao\\\/sp\\\/2023\\\/06\\\/10\\\/mercado-eleva-para-168-projecao-do-crescimento-da-economia-em-2023\"]}]},{\"@type\":\"ImageObject\",\"inLanguage\":\"pt-BR\",\"@id\":\"https:\\\/\\\/redenoticiaz.com.br\\\/ribeiraopreto-regiao\\\/sp\\\/2023\\\/06\\\/10\\\/mercado-eleva-para-168-projecao-do-crescimento-da-economia-em-2023#primaryimage\",\"url\":\"https:\\\/\\\/redenoticiaz.com.br\\\/ribeiraopreto-regiao\\\/wp-content\\\/uploads\\\/sites\\\/4\\\/2023\\\/06\\\/banco_central_mcajr_abr_0104222274_0.jpg?v=1686012708\",\"contentUrl\":\"https:\\\/\\\/redenoticiaz.com.br\\\/ribeiraopreto-regiao\\\/wp-content\\\/uploads\\\/sites\\\/4\\\/2023\\\/06\\\/banco_central_mcajr_abr_0104222274_0.jpg?v=1686012708\",\"width\":1170,\"height\":700,\"caption\":\"Mercado eleva para 1,68% proje\u00e7\u00e3o do crescimento da economia em 2023\"},{\"@type\":\"WebSite\",\"@id\":\"https:\\\/\\\/redenoticiaz.com.br\\\/ribeiraopreto-regiao\\\/#website\",\"url\":\"https:\\\/\\\/redenoticiaz.com.br\\\/ribeiraopreto-regiao\\\/\",\"name\":\"Ribeir\u00e3o Preto e Regi\u00e3o\",\"description\":\"Rede NoticiaZ - Ribeir\u00e3o Preto e regi\u00e3o\",\"publisher\":{\"@id\":\"https:\\\/\\\/redenoticiaz.com.br\\\/ribeiraopreto-regiao\\\/#organization\"},\"potentialAction\":[{\"@type\":\"SearchAction\",\"target\":{\"@type\":\"EntryPoint\",\"urlTemplate\":\"https:\\\/\\\/redenoticiaz.com.br\\\/ribeiraopreto-regiao\\\/?s={search_term_string}\"},\"query-input\":{\"@type\":\"PropertyValueSpecification\",\"valueRequired\":true,\"valueName\":\"search_term_string\"}}],\"inLanguage\":\"pt-BR\"},{\"@type\":\"Organization\",\"@id\":\"https:\\\/\\\/redenoticiaz.com.br\\\/ribeiraopreto-regiao\\\/#organization\",\"name\":\"Ribeir\u00e3o Preto e Regi\u00e3o\",\"url\":\"https:\\\/\\\/redenoticiaz.com.br\\\/ribeiraopreto-regiao\\\/\",\"logo\":{\"@type\":\"ImageObject\",\"inLanguage\":\"pt-BR\",\"@id\":\"https:\\\/\\\/redenoticiaz.com.br\\\/ribeiraopreto-regiao\\\/#\\\/schema\\\/logo\\\/image\\\/\",\"url\":\"https:\\\/\\\/redenoticiaz.com.br\\\/barretos-regiao\\\/wp-content\\\/uploads\\\/sites\\\/4\\\/2022\\\/02\\\/logo.jpg\",\"contentUrl\":\"https:\\\/\\\/redenoticiaz.com.br\\\/barretos-regiao\\\/wp-content\\\/uploads\\\/sites\\\/4\\\/2022\\\/02\\\/logo.jpg\",\"width\":400,\"height\":250,\"caption\":\"Ribeir\u00e3o Preto e Regi\u00e3o\"},\"image\":{\"@id\":\"https:\\\/\\\/redenoticiaz.com.br\\\/ribeiraopreto-regiao\\\/#\\\/schema\\\/logo\\\/image\\\/\"},\"sameAs\":[\"https:\\\/\\\/m.facebook.com\\\/redenoticiaz.barretos\",\"https:\\\/\\\/x.com\\\/RN_barretos\",\"https:\\\/\\\/www.instagram.com\\\/redenoticiaz.barretos\\\/?igshid=YmMyMTA2M2Y\",\"https:\\\/\\\/www.linkedin.com\\\/company\\\/rede-noticiaz-barretos-e-regio\\\/\"]},{\"@type\":\"Person\",\"@id\":\"https:\\\/\\\/redenoticiaz.com.br\\\/ribeiraopreto-regiao\\\/#\\\/schema\\\/person\\\/16057b37a3c0ee6b096d7f887c566e2e\",\"name\":\"Gustavo Silva\",\"image\":{\"@type\":\"ImageObject\",\"inLanguage\":\"pt-BR\",\"@id\":\"https:\\\/\\\/secure.gravatar.com\\\/avatar\\\/3ee4e82f93b26de0a7cf4ea5eb7893da637ed6bb0c9170c58065944c56e28a33?s=96&d=mm&r=g\",\"url\":\"https:\\\/\\\/secure.gravatar.com\\\/avatar\\\/3ee4e82f93b26de0a7cf4ea5eb7893da637ed6bb0c9170c58065944c56e28a33?s=96&d=mm&r=g\",\"contentUrl\":\"https:\\\/\\\/secure.gravatar.com\\\/avatar\\\/3ee4e82f93b26de0a7cf4ea5eb7893da637ed6bb0c9170c58065944c56e28a33?s=96&d=mm&r=g\",\"caption\":\"Gustavo Silva\"},\"url\":\"https:\\\/\\\/redenoticiaz.com.br\\\/ribeiraopreto-regiao\\\/sp\\\/author\\\/gustavosilva\"}]}<\/script>\n<!-- \/ Yoast SEO plugin. -->","yoast_head_json":{"title":"Mercado eleva para 1,68% proje\u00e7\u00e3o do crescimento da economia em 2023 - Ribeir\u00e3o Preto e Regi\u00e3o","description":"A previs\u00e3o do mercado financeiro para o crescimento da economia brasileira este ano subiu de 1,26% para 1,68%.","robots":{"index":"index","follow":"follow","max-snippet":"max-snippet:-1","max-image-preview":"max-image-preview:large","max-video-preview":"max-video-preview:-1"},"canonical":"https:\/\/redenoticiaz.com.br\/ribeiraopreto-regiao\/sp\/2023\/06\/10\/mercado-eleva-para-168-projecao-do-crescimento-da-economia-em-2023","og_locale":"pt_BR","og_type":"article","og_title":"Mercado eleva para 1,68% proje\u00e7\u00e3o do crescimento da economia em 2023 - Ribeir\u00e3o Preto e Regi\u00e3o","og_description":"A previs\u00e3o do mercado financeiro para o crescimento da economia brasileira este ano subiu de 1,26% para 1,68%.","og_url":"https:\/\/redenoticiaz.com.br\/ribeiraopreto-regiao\/sp\/2023\/06\/10\/mercado-eleva-para-168-projecao-do-crescimento-da-economia-em-2023","og_site_name":"Ribeir\u00e3o Preto e Regi\u00e3o","article_publisher":"https:\/\/m.facebook.com\/redenoticiaz.barretos","article_published_time":"2023-06-10T15:00:19+00:00","og_image":[{"width":1170,"height":700,"url":"https:\/\/redenoticiaz.com.br\/ribeiraopreto-regiao\/wp-content\/uploads\/sites\/4\/2023\/06\/banco_central_mcajr_abr_0104222274_0.jpg?v=1686012708","type":"image\/jpeg"}],"author":"Gustavo Silva","twitter_card":"summary_large_image","twitter_creator":"@RN_barretos","twitter_site":"@RN_barretos","twitter_misc":{"Escrito por":"Gustavo Silva","Est. tempo de leitura":"4 minutos"},"schema":{"@context":"https:\/\/schema.org","@graph":[{"@type":"Article","@id":"https:\/\/redenoticiaz.com.br\/ribeiraopreto-regiao\/sp\/2023\/06\/10\/mercado-eleva-para-168-projecao-do-crescimento-da-economia-em-2023#article","isPartOf":{"@id":"https:\/\/redenoticiaz.com.br\/ribeiraopreto-regiao\/sp\/2023\/06\/10\/mercado-eleva-para-168-projecao-do-crescimento-da-economia-em-2023"},"author":{"name":"Gustavo Silva","@id":"https:\/\/redenoticiaz.com.br\/ribeiraopreto-regiao\/#\/schema\/person\/16057b37a3c0ee6b096d7f887c566e2e"},"headline":"Mercado eleva para 1,68% proje\u00e7\u00e3o do crescimento da economia em 2023","datePublished":"2023-06-10T15:00:19+00:00","mainEntityOfPage":{"@id":"https:\/\/redenoticiaz.com.br\/ribeiraopreto-regiao\/sp\/2023\/06\/10\/mercado-eleva-para-168-projecao-do-crescimento-da-economia-em-2023"},"wordCount":593,"commentCount":0,"publisher":{"@id":"https:\/\/redenoticiaz.com.br\/ribeiraopreto-regiao\/#organization"},"image":{"@id":"https:\/\/redenoticiaz.com.br\/ribeiraopreto-regiao\/sp\/2023\/06\/10\/mercado-eleva-para-168-projecao-do-crescimento-da-economia-em-2023#primaryimage"},"thumbnailUrl":"https:\/\/redenoticiaz.com.br\/ribeiraopreto-regiao\/wp-content\/uploads\/sites\/4\/2023\/06\/banco_central_mcajr_abr_0104222274_0.jpg?v=1686012708","keywords":["banco central","Boletim Focus","Conselho Monet\u00e1rio Nacional","ECONOMIA BRASILEIRA","IPCA","Taxa de juros"],"articleSection":["Cidades"],"inLanguage":"pt-BR","potentialAction":[{"@type":"CommentAction","name":"Comment","target":["https:\/\/redenoticiaz.com.br\/ribeiraopreto-regiao\/sp\/2023\/06\/10\/mercado-eleva-para-168-projecao-do-crescimento-da-economia-em-2023#respond"]}]},{"@type":"WebPage","@id":"https:\/\/redenoticiaz.com.br\/ribeiraopreto-regiao\/sp\/2023\/06\/10\/mercado-eleva-para-168-projecao-do-crescimento-da-economia-em-2023","url":"https:\/\/redenoticiaz.com.br\/ribeiraopreto-regiao\/sp\/2023\/06\/10\/mercado-eleva-para-168-projecao-do-crescimento-da-economia-em-2023","name":"Mercado eleva para 1,68% proje\u00e7\u00e3o do crescimento da economia em 2023 - Ribeir\u00e3o Preto e Regi\u00e3o","isPartOf":{"@id":"https:\/\/redenoticiaz.com.br\/ribeiraopreto-regiao\/#website"},"primaryImageOfPage":{"@id":"https:\/\/redenoticiaz.com.br\/ribeiraopreto-regiao\/sp\/2023\/06\/10\/mercado-eleva-para-168-projecao-do-crescimento-da-economia-em-2023#primaryimage"},"image":{"@id":"https:\/\/redenoticiaz.com.br\/ribeiraopreto-regiao\/sp\/2023\/06\/10\/mercado-eleva-para-168-projecao-do-crescimento-da-economia-em-2023#primaryimage"},"thumbnailUrl":"https:\/\/redenoticiaz.com.br\/ribeiraopreto-regiao\/wp-content\/uploads\/sites\/4\/2023\/06\/banco_central_mcajr_abr_0104222274_0.jpg?v=1686012708","datePublished":"2023-06-10T15:00:19+00:00","description":"A previs\u00e3o do mercado financeiro para o crescimento da economia brasileira este ano subiu de 1,26% para 1,68%.","inLanguage":"pt-BR","potentialAction":[{"@type":"ReadAction","target":["https:\/\/redenoticiaz.com.br\/ribeiraopreto-regiao\/sp\/2023\/06\/10\/mercado-eleva-para-168-projecao-do-crescimento-da-economia-em-2023"]}]},{"@type":"ImageObject","inLanguage":"pt-BR","@id":"https:\/\/redenoticiaz.com.br\/ribeiraopreto-regiao\/sp\/2023\/06\/10\/mercado-eleva-para-168-projecao-do-crescimento-da-economia-em-2023#primaryimage","url":"https:\/\/redenoticiaz.com.br\/ribeiraopreto-regiao\/wp-content\/uploads\/sites\/4\/2023\/06\/banco_central_mcajr_abr_0104222274_0.jpg?v=1686012708","contentUrl":"https:\/\/redenoticiaz.com.br\/ribeiraopreto-regiao\/wp-content\/uploads\/sites\/4\/2023\/06\/banco_central_mcajr_abr_0104222274_0.jpg?v=1686012708","width":1170,"height":700,"caption":"Mercado eleva para 1,68% proje\u00e7\u00e3o do crescimento da economia em 2023"},{"@type":"WebSite","@id":"https:\/\/redenoticiaz.com.br\/ribeiraopreto-regiao\/#website","url":"https:\/\/redenoticiaz.com.br\/ribeiraopreto-regiao\/","name":"Ribeir\u00e3o Preto e Regi\u00e3o","description":"Rede NoticiaZ - Ribeir\u00e3o Preto e regi\u00e3o","publisher":{"@id":"https:\/\/redenoticiaz.com.br\/ribeiraopreto-regiao\/#organization"},"potentialAction":[{"@type":"SearchAction","target":{"@type":"EntryPoint","urlTemplate":"https:\/\/redenoticiaz.com.br\/ribeiraopreto-regiao\/?s={search_term_string}"},"query-input":{"@type":"PropertyValueSpecification","valueRequired":true,"valueName":"search_term_string"}}],"inLanguage":"pt-BR"},{"@type":"Organization","@id":"https:\/\/redenoticiaz.com.br\/ribeiraopreto-regiao\/#organization","name":"Ribeir\u00e3o Preto e Regi\u00e3o","url":"https:\/\/redenoticiaz.com.br\/ribeiraopreto-regiao\/","logo":{"@type":"ImageObject","inLanguage":"pt-BR","@id":"https:\/\/redenoticiaz.com.br\/ribeiraopreto-regiao\/#\/schema\/logo\/image\/","url":"https:\/\/redenoticiaz.com.br\/barretos-regiao\/wp-content\/uploads\/sites\/4\/2022\/02\/logo.jpg","contentUrl":"https:\/\/redenoticiaz.com.br\/barretos-regiao\/wp-content\/uploads\/sites\/4\/2022\/02\/logo.jpg","width":400,"height":250,"caption":"Ribeir\u00e3o Preto e Regi\u00e3o"},"image":{"@id":"https:\/\/redenoticiaz.com.br\/ribeiraopreto-regiao\/#\/schema\/logo\/image\/"},"sameAs":["https:\/\/m.facebook.com\/redenoticiaz.barretos","https:\/\/x.com\/RN_barretos","https:\/\/www.instagram.com\/redenoticiaz.barretos\/?igshid=YmMyMTA2M2Y","https:\/\/www.linkedin.com\/company\/rede-noticiaz-barretos-e-regio\/"]},{"@type":"Person","@id":"https:\/\/redenoticiaz.com.br\/ribeiraopreto-regiao\/#\/schema\/person\/16057b37a3c0ee6b096d7f887c566e2e","name":"Gustavo Silva","image":{"@type":"ImageObject","inLanguage":"pt-BR","@id":"https:\/\/secure.gravatar.com\/avatar\/3ee4e82f93b26de0a7cf4ea5eb7893da637ed6bb0c9170c58065944c56e28a33?s=96&d=mm&r=g","url":"https:\/\/secure.gravatar.com\/avatar\/3ee4e82f93b26de0a7cf4ea5eb7893da637ed6bb0c9170c58065944c56e28a33?s=96&d=mm&r=g","contentUrl":"https:\/\/secure.gravatar.com\/avatar\/3ee4e82f93b26de0a7cf4ea5eb7893da637ed6bb0c9170c58065944c56e28a33?s=96&d=mm&r=g","caption":"Gustavo Silva"},"url":"https:\/\/redenoticiaz.com.br\/ribeiraopreto-regiao\/sp\/author\/gustavosilva"}]}},"_links":{"self":[{"href":"https:\/\/redenoticiaz.com.br\/ribeiraopreto-regiao\/wp-json\/wp\/v2\/posts\/106483","targetHints":{"allow":["GET"]}}],"collection":[{"href":"https:\/\/redenoticiaz.com.br\/ribeiraopreto-regiao\/wp-json\/wp\/v2\/posts"}],"about":[{"href":"https:\/\/redenoticiaz.com.br\/ribeiraopreto-regiao\/wp-json\/wp\/v2\/types\/post"}],"author":[{"embeddable":true,"href":"https:\/\/redenoticiaz.com.br\/ribeiraopreto-regiao\/wp-json\/wp\/v2\/users\/12"}],"replies":[{"embeddable":true,"href":"https:\/\/redenoticiaz.com.br\/ribeiraopreto-regiao\/wp-json\/wp\/v2\/comments?post=106483"}],"version-history":[{"count":0,"href":"https:\/\/redenoticiaz.com.br\/ribeiraopreto-regiao\/wp-json\/wp\/v2\/posts\/106483\/revisions"}],"wp:featuredmedia":[{"embeddable":true,"href":"https:\/\/redenoticiaz.com.br\/ribeiraopreto-regiao\/wp-json\/wp\/v2\/media\/106484"}],"wp:attachment":[{"href":"https:\/\/redenoticiaz.com.br\/ribeiraopreto-regiao\/wp-json\/wp\/v2\/media?parent=106483"}],"wp:term":[{"taxonomy":"category","embeddable":true,"href":"https:\/\/redenoticiaz.com.br\/ribeiraopreto-regiao\/wp-json\/wp\/v2\/categories?post=106483"},{"taxonomy":"post_tag","embeddable":true,"href":"https:\/\/redenoticiaz.com.br\/ribeiraopreto-regiao\/wp-json\/wp\/v2\/tags?post=106483"}],"curies":[{"name":"wp","href":"https:\/\/api.w.org\/{rel}","templated":true}]}}