{"id":106523,"date":"2023-06-06T17:06:00","date_gmt":"2023-06-06T20:06:00","guid":{"rendered":"https:\/\/redenoticiaz.com.br\/barretos-regiao\/?p=106523"},"modified":"2023-06-06T17:06:00","modified_gmt":"2023-06-06T20:06:00","slug":"sao-paulo-e-palmeiras-se-enfrentam-pela-copa-do-brasil","status":"publish","type":"post","link":"https:\/\/redenoticiaz.com.br\/ribeiraopreto-regiao\/sp\/2023\/06\/06\/sao-paulo-e-palmeiras-se-enfrentam-pela-copa-do-brasil","title":{"rendered":"S\u00e3o Paulo e Palmeiras se enfrentam pela Copa do Brasil"},"content":{"rendered":"<p>Definidos os confrontos das <strong>quartas de final da Copa do Brasil<\/strong>: <strong>Corinthians enfrenta o Am\u00e9rica-MG,<\/strong> enquanto <strong>Palmeiras e S\u00e3o Paulo<\/strong> se enfrentam em um cl\u00e1ssico emocionante. Do outro lado da chave, <strong>Gr\u00eamio encara o Bahia,<\/strong> e<strong> Flamengo ter\u00e1 pela frente o Athletico-PR.<\/strong><\/p>\n<p>Os jogos prometem muita rivalidade e emo\u00e7\u00e3o, e as equipes est\u00e3o preparadas para dar o seu melhor em busca da t\u00e3o desejada vaga nas semifinais. Os confrontos s\u00e3o de alto n\u00edvel, e os times ter\u00e3o que mostrar todo o seu potencial para avan\u00e7ar na competi\u00e7\u00e3o.<\/p>\n<p>No duelo entre<strong> Am\u00e9rica-MG e Corinthians<\/strong>, o time mineiro tentar\u00e1 surpreender o Tim\u00e3o para garantir sua classifica\u00e7\u00e3o. Enquanto isso,<strong> S\u00e3o Paulo e Palmeiras<\/strong> protagonizar\u00e3o mais um cap\u00edtulo dessa tradicional rivalidade, prometendo um confronto repleto de emo\u00e7\u00f5es.<\/p>\n<p>J\u00e1 <strong>Bahia e Gr\u00eamio<\/strong> se enfrentar\u00e3o em busca de uma vaga nas semifinais. J\u00e1 o <strong>Flamengo<\/strong> ter\u00e1 um desafio pela frente contra o <strong>Athletico-PR<\/strong>, em um confronto entre dois clubes de tradi\u00e7\u00e3o no futebol brasileiro.<\/p>\n<p>Os jogos das quartas de final ser\u00e3o disputados em dois confrontos, ida e volta, e o mando de campo pode fazer a diferen\u00e7a para as equipes.<\/p>\n<div class=\"mc-column content-text active-extra-styles\" data-block-type=\"raw\" data-block-weight=\"11\" data-block-id=\"5\">\n<div class=\"content-intertitle\">\n<h2>Jogos e mando de campo das quartas da Copa do Brasil:<\/h2>\n<\/div>\n<p><img loading=\"lazy\" decoding=\"async\" class=\"size-medium wp-image-106524 alignleft\" src=\"https:\/\/redenoticiaz.com.br\/barretos-regiao\/wp-content\/uploads\/sites\/4\/2023\/06\/tabela-300x169.png\" alt=\"\" width=\"300\" height=\"169\" srcset=\"https:\/\/redenoticiaz.com.br\/ribeiraopreto-regiao\/wp-content\/uploads\/sites\/4\/2023\/06\/tabela-300x169.png 300w, https:\/\/redenoticiaz.com.br\/ribeiraopreto-regiao\/wp-content\/uploads\/sites\/4\/2023\/06\/tabela-1024x577.png 1024w, https:\/\/redenoticiaz.com.br\/ribeiraopreto-regiao\/wp-content\/uploads\/sites\/4\/2023\/06\/tabela-768x433.png 768w, https:\/\/redenoticiaz.com.br\/ribeiraopreto-regiao\/wp-content\/uploads\/sites\/4\/2023\/06\/tabela-1536x865.png 1536w, https:\/\/redenoticiaz.com.br\/ribeiraopreto-regiao\/wp-content\/uploads\/sites\/4\/2023\/06\/tabela-390x220.png 390w, https:\/\/redenoticiaz.com.br\/ribeiraopreto-regiao\/wp-content\/uploads\/sites\/4\/2023\/06\/tabela.png 1640w\" sizes=\"auto, (max-width: 300px) 100vw, 300px\" \/><\/p>\n<ul>\n<li><strong>Am\u00e9rica<\/strong>-MG x Corinthians<\/li>\n<li><strong>S\u00e3o Paulo<\/strong> x Palmeiras<\/li>\n<li><strong>Bahia<\/strong> x Gr\u00eamio<\/li>\n<li><strong>Flamengo<\/strong> x Athletico-PR<\/li>\n<\/ul>\n<p>&nbsp;<\/p>\n<p>VEJA TAMB\u00c9M:\u00a0<a href=\"https:\/\/redenoticiaz.com.br\/barretos-regiao\/sp\/2023\/06\/02\/copa-sao-paulo-de-futebol-junior-feminina-e-anunciada\">Copa S\u00e3o Paulo de Futebol J\u00fanior feminina \u00e9 anunciada<\/a><\/p>\n<\/div>\n","protected":false},"excerpt":{"rendered":"<p>Definidos os confrontos das quartas de final da Copa do Brasil: Corinthians enfrenta o Am\u00e9rica-MG, enquanto Palmeiras e S\u00e3o Paulo se enfrentam em um cl\u00e1ssico emocionante. Do outro lado da chave, Gr\u00eamio encara o Bahia, e Flamengo ter\u00e1 pela frente o Athletico-PR. Os jogos prometem muita rivalidade e emo\u00e7\u00e3o, e as equipes est\u00e3o preparadas para &hellip;<\/p>\n","protected":false},"author":30,"featured_media":106525,"comment_status":"open","ping_status":"closed","sticky":false,"template":"","format":"standard","meta":{"footnotes":""},"categories":[87],"tags":[156,378,11045,161,18954,157,6207],"class_list":["post-106523","post","type-post","status-publish","format-standard","has-post-thumbnail","hentry","category-esporte","tag-copa-do-brasil","tag-corinthians","tag-flamengo","tag-palmeiras","tag-quartas-de-final","tag-sao-paulo","tag-sorteio"],"yoast_head":"<!-- This site is optimized with the Yoast SEO plugin v28.3 - https:\/\/yoast.com\/product\/yoast-seo-wordpress\/ -->\n<title>S\u00e3o Paulo e Palmeiras se enfrentam pela Copa do Brasil - Ribeir\u00e3o Preto e Regi\u00e3o<\/title>\n<meta name=\"description\" content=\"Definidos os confrontos das quartas de final da Copa do Brasil: Corinthians enfrenta o Am\u00e9rica-MG, enquanto Palmeiras e S\u00e3o Paulo\" \/>\n<meta name=\"robots\" content=\"index, follow, max-snippet:-1, max-image-preview:large, max-video-preview:-1\" \/>\n<link rel=\"canonical\" href=\"https:\/\/redenoticiaz.com.br\/ribeiraopreto-regiao\/sp\/2023\/06\/06\/sao-paulo-e-palmeiras-se-enfrentam-pela-copa-do-brasil\" \/>\n<meta property=\"og:locale\" content=\"pt_BR\" \/>\n<meta property=\"og:type\" content=\"article\" \/>\n<meta property=\"og:title\" content=\"S\u00e3o Paulo e Palmeiras se enfrentam pela Copa do Brasil - Ribeir\u00e3o Preto e Regi\u00e3o\" \/>\n<meta property=\"og:description\" content=\"Definidos os confrontos das quartas de final da Copa do Brasil: Corinthians enfrenta o Am\u00e9rica-MG, enquanto Palmeiras e S\u00e3o Paulo\" \/>\n<meta property=\"og:url\" content=\"https:\/\/redenoticiaz.com.br\/ribeiraopreto-regiao\/sp\/2023\/06\/06\/sao-paulo-e-palmeiras-se-enfrentam-pela-copa-do-brasil\" \/>\n<meta property=\"og:site_name\" content=\"Ribeir\u00e3o Preto e Regi\u00e3o\" \/>\n<meta property=\"article:publisher\" content=\"https:\/\/m.facebook.com\/redenoticiaz.barretos\" \/>\n<meta property=\"article:published_time\" content=\"2023-06-06T20:06:00+00:00\" \/>\n<meta property=\"og:image\" content=\"https:\/\/redenoticiaz.com.br\/ribeiraopreto-regiao\/wp-content\/uploads\/sites\/4\/2023\/06\/TACA.png\" \/>\n\t<meta property=\"og:image:width\" content=\"1640\" \/>\n\t<meta property=\"og:image:height\" content=\"924\" \/>\n\t<meta property=\"og:image:type\" content=\"image\/png\" \/>\n<meta name=\"author\" content=\"Carina Reifonas\" \/>\n<meta name=\"twitter:card\" content=\"summary_large_image\" \/>\n<meta name=\"twitter:creator\" content=\"@RN_barretos\" \/>\n<meta name=\"twitter:site\" content=\"@RN_barretos\" \/>\n<meta name=\"twitter:label1\" content=\"Escrito por\" \/>\n\t<meta name=\"twitter:data1\" content=\"Carina Reifonas\" \/>\n\t<meta name=\"twitter:label2\" content=\"Est. tempo de leitura\" \/>\n\t<meta name=\"twitter:data2\" content=\"2 minutos\" \/>\n<script type=\"application\/ld+json\" class=\"yoast-schema-graph\">{\"@context\":\"https:\\\/\\\/schema.org\",\"@graph\":[{\"@type\":\"Article\",\"@id\":\"https:\\\/\\\/redenoticiaz.com.br\\\/ribeiraopreto-regiao\\\/sp\\\/2023\\\/06\\\/06\\\/sao-paulo-e-palmeiras-se-enfrentam-pela-copa-do-brasil#article\",\"isPartOf\":{\"@id\":\"https:\\\/\\\/redenoticiaz.com.br\\\/ribeiraopreto-regiao\\\/sp\\\/2023\\\/06\\\/06\\\/sao-paulo-e-palmeiras-se-enfrentam-pela-copa-do-brasil\"},\"author\":{\"name\":\"Carina Reifonas\",\"@id\":\"https:\\\/\\\/redenoticiaz.com.br\\\/ribeiraopreto-regiao\\\/#\\\/schema\\\/person\\\/1f84d6e94e6a62d2d81199d7503e9e90\"},\"headline\":\"S\u00e3o Paulo e Palmeiras se enfrentam pela Copa do Brasil\",\"datePublished\":\"2023-06-06T20:06:00+00:00\",\"mainEntityOfPage\":{\"@id\":\"https:\\\/\\\/redenoticiaz.com.br\\\/ribeiraopreto-regiao\\\/sp\\\/2023\\\/06\\\/06\\\/sao-paulo-e-palmeiras-se-enfrentam-pela-copa-do-brasil\"},\"wordCount\":260,\"commentCount\":0,\"publisher\":{\"@id\":\"https:\\\/\\\/redenoticiaz.com.br\\\/ribeiraopreto-regiao\\\/#organization\"},\"image\":{\"@id\":\"https:\\\/\\\/redenoticiaz.com.br\\\/ribeiraopreto-regiao\\\/sp\\\/2023\\\/06\\\/06\\\/sao-paulo-e-palmeiras-se-enfrentam-pela-copa-do-brasil#primaryimage\"},\"thumbnailUrl\":\"https:\\\/\\\/redenoticiaz.com.br\\\/ribeiraopreto-regiao\\\/wp-content\\\/uploads\\\/sites\\\/4\\\/2023\\\/06\\\/TACA.png\",\"keywords\":[\"COPA DO BRASIL\",\"Corinthians\",\"FLAMENGO\",\"Palmeiras\",\"QUARTAS DE FINAL\",\"S\u00e3o Paulo\",\"sorteio\"],\"articleSection\":[\"Esporte\"],\"inLanguage\":\"pt-BR\",\"potentialAction\":[{\"@type\":\"CommentAction\",\"name\":\"Comment\",\"target\":[\"https:\\\/\\\/redenoticiaz.com.br\\\/ribeiraopreto-regiao\\\/sp\\\/2023\\\/06\\\/06\\\/sao-paulo-e-palmeiras-se-enfrentam-pela-copa-do-brasil#respond\"]}]},{\"@type\":\"WebPage\",\"@id\":\"https:\\\/\\\/redenoticiaz.com.br\\\/ribeiraopreto-regiao\\\/sp\\\/2023\\\/06\\\/06\\\/sao-paulo-e-palmeiras-se-enfrentam-pela-copa-do-brasil\",\"url\":\"https:\\\/\\\/redenoticiaz.com.br\\\/ribeiraopreto-regiao\\\/sp\\\/2023\\\/06\\\/06\\\/sao-paulo-e-palmeiras-se-enfrentam-pela-copa-do-brasil\",\"name\":\"S\u00e3o Paulo e Palmeiras se enfrentam pela Copa do Brasil - Ribeir\u00e3o Preto e Regi\u00e3o\",\"isPartOf\":{\"@id\":\"https:\\\/\\\/redenoticiaz.com.br\\\/ribeiraopreto-regiao\\\/#website\"},\"primaryImageOfPage\":{\"@id\":\"https:\\\/\\\/redenoticiaz.com.br\\\/ribeiraopreto-regiao\\\/sp\\\/2023\\\/06\\\/06\\\/sao-paulo-e-palmeiras-se-enfrentam-pela-copa-do-brasil#primaryimage\"},\"image\":{\"@id\":\"https:\\\/\\\/redenoticiaz.com.br\\\/ribeiraopreto-regiao\\\/sp\\\/2023\\\/06\\\/06\\\/sao-paulo-e-palmeiras-se-enfrentam-pela-copa-do-brasil#primaryimage\"},\"thumbnailUrl\":\"https:\\\/\\\/redenoticiaz.com.br\\\/ribeiraopreto-regiao\\\/wp-content\\\/uploads\\\/sites\\\/4\\\/2023\\\/06\\\/TACA.png\",\"datePublished\":\"2023-06-06T20:06:00+00:00\",\"description\":\"Definidos os confrontos das quartas de final da Copa do Brasil: Corinthians enfrenta o Am\u00e9rica-MG, enquanto Palmeiras e S\u00e3o Paulo\",\"inLanguage\":\"pt-BR\",\"potentialAction\":[{\"@type\":\"ReadAction\",\"target\":[\"https:\\\/\\\/redenoticiaz.com.br\\\/ribeiraopreto-regiao\\\/sp\\\/2023\\\/06\\\/06\\\/sao-paulo-e-palmeiras-se-enfrentam-pela-copa-do-brasil\"]}]},{\"@type\":\"ImageObject\",\"inLanguage\":\"pt-BR\",\"@id\":\"https:\\\/\\\/redenoticiaz.com.br\\\/ribeiraopreto-regiao\\\/sp\\\/2023\\\/06\\\/06\\\/sao-paulo-e-palmeiras-se-enfrentam-pela-copa-do-brasil#primaryimage\",\"url\":\"https:\\\/\\\/redenoticiaz.com.br\\\/ribeiraopreto-regiao\\\/wp-content\\\/uploads\\\/sites\\\/4\\\/2023\\\/06\\\/TACA.png\",\"contentUrl\":\"https:\\\/\\\/redenoticiaz.com.br\\\/ribeiraopreto-regiao\\\/wp-content\\\/uploads\\\/sites\\\/4\\\/2023\\\/06\\\/TACA.png\",\"width\":1640,\"height\":924,\"caption\":\"Ta\u00e7a da Copa do Brasil \u2014 Foto: Lucas Figueiredo\\\/CBF\"},{\"@type\":\"WebSite\",\"@id\":\"https:\\\/\\\/redenoticiaz.com.br\\\/ribeiraopreto-regiao\\\/#website\",\"url\":\"https:\\\/\\\/redenoticiaz.com.br\\\/ribeiraopreto-regiao\\\/\",\"name\":\"Ribeir\u00e3o Preto e Regi\u00e3o\",\"description\":\"Rede NoticiaZ - Ribeir\u00e3o Preto e regi\u00e3o\",\"publisher\":{\"@id\":\"https:\\\/\\\/redenoticiaz.com.br\\\/ribeiraopreto-regiao\\\/#organization\"},\"potentialAction\":[{\"@type\":\"SearchAction\",\"target\":{\"@type\":\"EntryPoint\",\"urlTemplate\":\"https:\\\/\\\/redenoticiaz.com.br\\\/ribeiraopreto-regiao\\\/?s={search_term_string}\"},\"query-input\":{\"@type\":\"PropertyValueSpecification\",\"valueRequired\":true,\"valueName\":\"search_term_string\"}}],\"inLanguage\":\"pt-BR\"},{\"@type\":\"Organization\",\"@id\":\"https:\\\/\\\/redenoticiaz.com.br\\\/ribeiraopreto-regiao\\\/#organization\",\"name\":\"Ribeir\u00e3o Preto e Regi\u00e3o\",\"url\":\"https:\\\/\\\/redenoticiaz.com.br\\\/ribeiraopreto-regiao\\\/\",\"logo\":{\"@type\":\"ImageObject\",\"inLanguage\":\"pt-BR\",\"@id\":\"https:\\\/\\\/redenoticiaz.com.br\\\/ribeiraopreto-regiao\\\/#\\\/schema\\\/logo\\\/image\\\/\",\"url\":\"https:\\\/\\\/redenoticiaz.com.br\\\/barretos-regiao\\\/wp-content\\\/uploads\\\/sites\\\/4\\\/2022\\\/02\\\/logo.jpg\",\"contentUrl\":\"https:\\\/\\\/redenoticiaz.com.br\\\/barretos-regiao\\\/wp-content\\\/uploads\\\/sites\\\/4\\\/2022\\\/02\\\/logo.jpg\",\"width\":400,\"height\":250,\"caption\":\"Ribeir\u00e3o Preto e Regi\u00e3o\"},\"image\":{\"@id\":\"https:\\\/\\\/redenoticiaz.com.br\\\/ribeiraopreto-regiao\\\/#\\\/schema\\\/logo\\\/image\\\/\"},\"sameAs\":[\"https:\\\/\\\/m.facebook.com\\\/redenoticiaz.barretos\",\"https:\\\/\\\/x.com\\\/RN_barretos\",\"https:\\\/\\\/www.instagram.com\\\/redenoticiaz.barretos\\\/?igshid=YmMyMTA2M2Y\",\"https:\\\/\\\/www.linkedin.com\\\/company\\\/rede-noticiaz-barretos-e-regio\\\/\"]},{\"@type\":\"Person\",\"@id\":\"https:\\\/\\\/redenoticiaz.com.br\\\/ribeiraopreto-regiao\\\/#\\\/schema\\\/person\\\/1f84d6e94e6a62d2d81199d7503e9e90\",\"name\":\"Carina Reifonas\",\"image\":{\"@type\":\"ImageObject\",\"inLanguage\":\"pt-BR\",\"@id\":\"https:\\\/\\\/secure.gravatar.com\\\/avatar\\\/04c59859b23696cf867715880f81d5c037e60109730bdb4e6670ec2a2245bc97?s=96&d=mm&r=g\",\"url\":\"https:\\\/\\\/secure.gravatar.com\\\/avatar\\\/04c59859b23696cf867715880f81d5c037e60109730bdb4e6670ec2a2245bc97?s=96&d=mm&r=g\",\"contentUrl\":\"https:\\\/\\\/secure.gravatar.com\\\/avatar\\\/04c59859b23696cf867715880f81d5c037e60109730bdb4e6670ec2a2245bc97?s=96&d=mm&r=g\",\"caption\":\"Carina Reifonas\"},\"url\":\"https:\\\/\\\/redenoticiaz.com.br\\\/ribeiraopreto-regiao\\\/sp\\\/author\\\/carinareifonas\"}]}<\/script>\n<!-- \/ Yoast SEO plugin. -->","yoast_head_json":{"title":"S\u00e3o Paulo e Palmeiras se enfrentam pela Copa do Brasil - Ribeir\u00e3o Preto e Regi\u00e3o","description":"Definidos os confrontos das quartas de final da Copa do Brasil: Corinthians enfrenta o Am\u00e9rica-MG, enquanto Palmeiras e S\u00e3o Paulo","robots":{"index":"index","follow":"follow","max-snippet":"max-snippet:-1","max-image-preview":"max-image-preview:large","max-video-preview":"max-video-preview:-1"},"canonical":"https:\/\/redenoticiaz.com.br\/ribeiraopreto-regiao\/sp\/2023\/06\/06\/sao-paulo-e-palmeiras-se-enfrentam-pela-copa-do-brasil","og_locale":"pt_BR","og_type":"article","og_title":"S\u00e3o Paulo e Palmeiras se enfrentam pela Copa do Brasil - Ribeir\u00e3o Preto e Regi\u00e3o","og_description":"Definidos os confrontos das quartas de final da Copa do Brasil: Corinthians enfrenta o Am\u00e9rica-MG, enquanto Palmeiras e S\u00e3o Paulo","og_url":"https:\/\/redenoticiaz.com.br\/ribeiraopreto-regiao\/sp\/2023\/06\/06\/sao-paulo-e-palmeiras-se-enfrentam-pela-copa-do-brasil","og_site_name":"Ribeir\u00e3o Preto e Regi\u00e3o","article_publisher":"https:\/\/m.facebook.com\/redenoticiaz.barretos","article_published_time":"2023-06-06T20:06:00+00:00","og_image":[{"width":1640,"height":924,"url":"https:\/\/redenoticiaz.com.br\/ribeiraopreto-regiao\/wp-content\/uploads\/sites\/4\/2023\/06\/TACA.png","type":"image\/png"}],"author":"Carina Reifonas","twitter_card":"summary_large_image","twitter_creator":"@RN_barretos","twitter_site":"@RN_barretos","twitter_misc":{"Escrito por":"Carina Reifonas","Est. tempo de leitura":"2 minutos"},"schema":{"@context":"https:\/\/schema.org","@graph":[{"@type":"Article","@id":"https:\/\/redenoticiaz.com.br\/ribeiraopreto-regiao\/sp\/2023\/06\/06\/sao-paulo-e-palmeiras-se-enfrentam-pela-copa-do-brasil#article","isPartOf":{"@id":"https:\/\/redenoticiaz.com.br\/ribeiraopreto-regiao\/sp\/2023\/06\/06\/sao-paulo-e-palmeiras-se-enfrentam-pela-copa-do-brasil"},"author":{"name":"Carina Reifonas","@id":"https:\/\/redenoticiaz.com.br\/ribeiraopreto-regiao\/#\/schema\/person\/1f84d6e94e6a62d2d81199d7503e9e90"},"headline":"S\u00e3o Paulo e Palmeiras se enfrentam pela Copa do Brasil","datePublished":"2023-06-06T20:06:00+00:00","mainEntityOfPage":{"@id":"https:\/\/redenoticiaz.com.br\/ribeiraopreto-regiao\/sp\/2023\/06\/06\/sao-paulo-e-palmeiras-se-enfrentam-pela-copa-do-brasil"},"wordCount":260,"commentCount":0,"publisher":{"@id":"https:\/\/redenoticiaz.com.br\/ribeiraopreto-regiao\/#organization"},"image":{"@id":"https:\/\/redenoticiaz.com.br\/ribeiraopreto-regiao\/sp\/2023\/06\/06\/sao-paulo-e-palmeiras-se-enfrentam-pela-copa-do-brasil#primaryimage"},"thumbnailUrl":"https:\/\/redenoticiaz.com.br\/ribeiraopreto-regiao\/wp-content\/uploads\/sites\/4\/2023\/06\/TACA.png","keywords":["COPA DO BRASIL","Corinthians","FLAMENGO","Palmeiras","QUARTAS DE FINAL","S\u00e3o Paulo","sorteio"],"articleSection":["Esporte"],"inLanguage":"pt-BR","potentialAction":[{"@type":"CommentAction","name":"Comment","target":["https:\/\/redenoticiaz.com.br\/ribeiraopreto-regiao\/sp\/2023\/06\/06\/sao-paulo-e-palmeiras-se-enfrentam-pela-copa-do-brasil#respond"]}]},{"@type":"WebPage","@id":"https:\/\/redenoticiaz.com.br\/ribeiraopreto-regiao\/sp\/2023\/06\/06\/sao-paulo-e-palmeiras-se-enfrentam-pela-copa-do-brasil","url":"https:\/\/redenoticiaz.com.br\/ribeiraopreto-regiao\/sp\/2023\/06\/06\/sao-paulo-e-palmeiras-se-enfrentam-pela-copa-do-brasil","name":"S\u00e3o Paulo e Palmeiras se enfrentam pela Copa do Brasil - Ribeir\u00e3o Preto e Regi\u00e3o","isPartOf":{"@id":"https:\/\/redenoticiaz.com.br\/ribeiraopreto-regiao\/#website"},"primaryImageOfPage":{"@id":"https:\/\/redenoticiaz.com.br\/ribeiraopreto-regiao\/sp\/2023\/06\/06\/sao-paulo-e-palmeiras-se-enfrentam-pela-copa-do-brasil#primaryimage"},"image":{"@id":"https:\/\/redenoticiaz.com.br\/ribeiraopreto-regiao\/sp\/2023\/06\/06\/sao-paulo-e-palmeiras-se-enfrentam-pela-copa-do-brasil#primaryimage"},"thumbnailUrl":"https:\/\/redenoticiaz.com.br\/ribeiraopreto-regiao\/wp-content\/uploads\/sites\/4\/2023\/06\/TACA.png","datePublished":"2023-06-06T20:06:00+00:00","description":"Definidos os confrontos das quartas de final da Copa do Brasil: Corinthians enfrenta o Am\u00e9rica-MG, enquanto Palmeiras e S\u00e3o Paulo","inLanguage":"pt-BR","potentialAction":[{"@type":"ReadAction","target":["https:\/\/redenoticiaz.com.br\/ribeiraopreto-regiao\/sp\/2023\/06\/06\/sao-paulo-e-palmeiras-se-enfrentam-pela-copa-do-brasil"]}]},{"@type":"ImageObject","inLanguage":"pt-BR","@id":"https:\/\/redenoticiaz.com.br\/ribeiraopreto-regiao\/sp\/2023\/06\/06\/sao-paulo-e-palmeiras-se-enfrentam-pela-copa-do-brasil#primaryimage","url":"https:\/\/redenoticiaz.com.br\/ribeiraopreto-regiao\/wp-content\/uploads\/sites\/4\/2023\/06\/TACA.png","contentUrl":"https:\/\/redenoticiaz.com.br\/ribeiraopreto-regiao\/wp-content\/uploads\/sites\/4\/2023\/06\/TACA.png","width":1640,"height":924,"caption":"Ta\u00e7a da Copa do Brasil \u2014 Foto: Lucas Figueiredo\/CBF"},{"@type":"WebSite","@id":"https:\/\/redenoticiaz.com.br\/ribeiraopreto-regiao\/#website","url":"https:\/\/redenoticiaz.com.br\/ribeiraopreto-regiao\/","name":"Ribeir\u00e3o Preto e Regi\u00e3o","description":"Rede NoticiaZ - Ribeir\u00e3o Preto e regi\u00e3o","publisher":{"@id":"https:\/\/redenoticiaz.com.br\/ribeiraopreto-regiao\/#organization"},"potentialAction":[{"@type":"SearchAction","target":{"@type":"EntryPoint","urlTemplate":"https:\/\/redenoticiaz.com.br\/ribeiraopreto-regiao\/?s={search_term_string}"},"query-input":{"@type":"PropertyValueSpecification","valueRequired":true,"valueName":"search_term_string"}}],"inLanguage":"pt-BR"},{"@type":"Organization","@id":"https:\/\/redenoticiaz.com.br\/ribeiraopreto-regiao\/#organization","name":"Ribeir\u00e3o Preto e Regi\u00e3o","url":"https:\/\/redenoticiaz.com.br\/ribeiraopreto-regiao\/","logo":{"@type":"ImageObject","inLanguage":"pt-BR","@id":"https:\/\/redenoticiaz.com.br\/ribeiraopreto-regiao\/#\/schema\/logo\/image\/","url":"https:\/\/redenoticiaz.com.br\/barretos-regiao\/wp-content\/uploads\/sites\/4\/2022\/02\/logo.jpg","contentUrl":"https:\/\/redenoticiaz.com.br\/barretos-regiao\/wp-content\/uploads\/sites\/4\/2022\/02\/logo.jpg","width":400,"height":250,"caption":"Ribeir\u00e3o Preto e Regi\u00e3o"},"image":{"@id":"https:\/\/redenoticiaz.com.br\/ribeiraopreto-regiao\/#\/schema\/logo\/image\/"},"sameAs":["https:\/\/m.facebook.com\/redenoticiaz.barretos","https:\/\/x.com\/RN_barretos","https:\/\/www.instagram.com\/redenoticiaz.barretos\/?igshid=YmMyMTA2M2Y","https:\/\/www.linkedin.com\/company\/rede-noticiaz-barretos-e-regio\/"]},{"@type":"Person","@id":"https:\/\/redenoticiaz.com.br\/ribeiraopreto-regiao\/#\/schema\/person\/1f84d6e94e6a62d2d81199d7503e9e90","name":"Carina Reifonas","image":{"@type":"ImageObject","inLanguage":"pt-BR","@id":"https:\/\/secure.gravatar.com\/avatar\/04c59859b23696cf867715880f81d5c037e60109730bdb4e6670ec2a2245bc97?s=96&d=mm&r=g","url":"https:\/\/secure.gravatar.com\/avatar\/04c59859b23696cf867715880f81d5c037e60109730bdb4e6670ec2a2245bc97?s=96&d=mm&r=g","contentUrl":"https:\/\/secure.gravatar.com\/avatar\/04c59859b23696cf867715880f81d5c037e60109730bdb4e6670ec2a2245bc97?s=96&d=mm&r=g","caption":"Carina Reifonas"},"url":"https:\/\/redenoticiaz.com.br\/ribeiraopreto-regiao\/sp\/author\/carinareifonas"}]}},"_links":{"self":[{"href":"https:\/\/redenoticiaz.com.br\/ribeiraopreto-regiao\/wp-json\/wp\/v2\/posts\/106523","targetHints":{"allow":["GET"]}}],"collection":[{"href":"https:\/\/redenoticiaz.com.br\/ribeiraopreto-regiao\/wp-json\/wp\/v2\/posts"}],"about":[{"href":"https:\/\/redenoticiaz.com.br\/ribeiraopreto-regiao\/wp-json\/wp\/v2\/types\/post"}],"author":[{"embeddable":true,"href":"https:\/\/redenoticiaz.com.br\/ribeiraopreto-regiao\/wp-json\/wp\/v2\/users\/30"}],"replies":[{"embeddable":true,"href":"https:\/\/redenoticiaz.com.br\/ribeiraopreto-regiao\/wp-json\/wp\/v2\/comments?post=106523"}],"version-history":[{"count":1,"href":"https:\/\/redenoticiaz.com.br\/ribeiraopreto-regiao\/wp-json\/wp\/v2\/posts\/106523\/revisions"}],"predecessor-version":[{"id":106526,"href":"https:\/\/redenoticiaz.com.br\/ribeiraopreto-regiao\/wp-json\/wp\/v2\/posts\/106523\/revisions\/106526"}],"wp:featuredmedia":[{"embeddable":true,"href":"https:\/\/redenoticiaz.com.br\/ribeiraopreto-regiao\/wp-json\/wp\/v2\/media\/106525"}],"wp:attachment":[{"href":"https:\/\/redenoticiaz.com.br\/ribeiraopreto-regiao\/wp-json\/wp\/v2\/media?parent=106523"}],"wp:term":[{"taxonomy":"category","embeddable":true,"href":"https:\/\/redenoticiaz.com.br\/ribeiraopreto-regiao\/wp-json\/wp\/v2\/categories?post=106523"},{"taxonomy":"post_tag","embeddable":true,"href":"https:\/\/redenoticiaz.com.br\/ribeiraopreto-regiao\/wp-json\/wp\/v2\/tags?post=106523"}],"curies":[{"name":"wp","href":"https:\/\/api.w.org\/{rel}","templated":true}]}}