{"id":106550,"date":"2023-06-07T14:41:20","date_gmt":"2023-06-07T17:41:20","guid":{"rendered":"https:\/\/redenoticiaz.com.br\/barretos-regiao\/?p=106550"},"modified":"2023-06-07T14:41:20","modified_gmt":"2023-06-07T17:41:20","slug":"confira-o-que-abre-e-fecha-no-feriado-de-corpus-christi","status":"publish","type":"post","link":"https:\/\/redenoticiaz.com.br\/ribeiraopreto-regiao\/sp\/2023\/06\/07\/confira-o-que-abre-e-fecha-no-feriado-de-corpus-christi","title":{"rendered":"Confira o que abre e fecha no feriado de Corpus Christi"},"content":{"rendered":"<p>Em fun\u00e7\u00e3o do feriado de Corpus Christi, a Prefeitura de Gua\u00edra informa que: o Pa\u00e7o Municipal &#8220;Messias C\u00e2ndido Faleiros&#8221; e seus demais setores ter\u00e3o expedientes normais at\u00e9 quarta-feira, dia 7 de julho e para, no dia 8. E o funcionamento retornar\u00e1 ao hor\u00e1rio habitual na segunda-feira (12).<\/p>\n<p>&nbsp;<\/p>\n<p>PREFEITURA<\/p>\n<p>O Pa\u00e7o Municipal &#8220;Messias C\u00e2ndido Faleiros&#8221; ter\u00e1 expediente normal at\u00e9 quarta-feira, dia 7 de julho. A partir do dia seguinte, no dia 8, as atividades ser\u00e3o suspensas. O atendimento \u00e0 popula\u00e7\u00e3o retornar\u00e1 ao hor\u00e1rio habitual na segunda-feira, dia 12 de junho<\/p>\n<p>LIMPEZA P\u00daBLICA<\/p>\n<p>A coleta de lixo dom\u00e9stico dever\u00e1 acontecer da forma usual no feriado do Corpus Christi. Por\u00e9m a coleta noturna ter\u00e1 seu in\u00edcio antecipado para \u00e0s 14hrs. O hor\u00e1rio volta ao normal na segunda-feira, dia 12.<\/p>\n<p>&nbsp;<\/p>\n<p>ASSIST\u00caNCIA SOCIAL<\/p>\n<p>A Diretoria da Assist\u00eancia, Desenvolvimento e Inclus\u00e3o Social (CRAS e DGB) tem expediente normal at\u00e9 quarta-feira, dia 7 de julho e para, no dia 8. E o funcionamento retornar\u00e1 ao hor\u00e1rio habitual na segunda-feira, dia 12 de junho<\/p>\n<p>&nbsp;<\/p>\n<p>EDUCA\u00c7\u00c3O<\/p>\n<p>A Diretoria de Educa\u00e7\u00e3o, Cultura e Esportes e suas unidades t\u00eam expediente normais at\u00e9 quarta-feira, dia 7 de julho e para, no dia 8. E o funcionamento retornar\u00e1 ao hor\u00e1rio habitual na segunda-feira, dia 12 de junho<\/p>\n<p>&nbsp;<\/p>\n<p>SA\u00daDE<\/p>\n<p>As USFs \u2013 Unidades da Sa\u00fade da Fam\u00edlia \u2013, Centro de Especialidades Odontol\u00f3gicas, Farm\u00e1cia Municipal, Fisioterapia, CEO e Atendimento da Sa\u00fade Mental t\u00eam expediente normal at\u00e9 quarta-feira, dia 7 de julho e para, no dia 8. E o funcionamento retornar\u00e1 ao hor\u00e1rio habitual na segunda-feira, dia 12 de junho<\/p>\n<p>&nbsp;<\/p>\n<p>PRONTO-SOCORRO<\/p>\n<p>Funcionar\u00e1 normalmente em plant\u00e3o de 24 horas.<\/p>\n<p>&nbsp;<\/p>\n<p>GANHA TEMPO MUNICIPAL<\/p>\n<p>O Ganha Tempo Ant\u00f4nio de Jesus Marques, com seus departamentos, tem expediente normal at\u00e9 quarta-feira, dia 7 de julho e para, no dia 8. E o funcionamento retornar\u00e1 ao hor\u00e1rio habitual na segunda-feira, dia 12 de junho<\/p>\n<p>&nbsp;<\/p>\n<p>SEGURAN\u00c7A<\/p>\n<p>A GCM trabalha em plant\u00e3o de 24hrs<\/p>\n<p>&nbsp;<\/p>\n<p>CULTURA<\/p>\n<p>A Casa de Cultura Professor Jo\u00e3o Augusto de Mello tem expediente normal at\u00e9 quarta-feira, dia 7 de julho e para, no dia 8. E o funcionamento retornar\u00e1 ao hor\u00e1rio habitual na segunda-feira, dia 12 de junho<\/p>\n<p>&nbsp;<\/p>\n<p>ESPORTES<\/p>\n<p>A sede administrativa do Departamento de Esportes tem expediente normal at\u00e9 quarta-feira, dia 7 de julho e para, no dia 8. E o funcionamento retornar\u00e1 ao hor\u00e1rio habitual na segunda-feira, dia 12 de junho<\/p>\n<p>&nbsp;<\/p>\n<p>DEAGUA<\/p>\n<p>As reparti\u00e7\u00f5es da autarquia tem expediente normal at\u00e9 quarta-feira, dia 7 de junho e para, no dia 8. E o funcionamento retornar\u00e1 ao hor\u00e1rio habitual na segunda-feira, dia 12 de julho. Emerg\u00eancias s\u00e3o atendidas pelo telefone 115.<\/p>\n<p>VEJA TAMB\u00c9M:\u00a0<a href=\"https:\/\/redenoticiaz.com.br\/barretos-regiao\/sp\/2023\/06\/04\/promotor-revela-denuncias-de-manipulacao-em-dois-jogos\">Promotor revela den\u00fancias de manipula\u00e7\u00e3o em dois jogos<\/a><\/p>\n","protected":false},"excerpt":{"rendered":"<p>Em fun\u00e7\u00e3o do feriado de Corpus Christi, a Prefeitura de Gua\u00edra informa que: o Pa\u00e7o Municipal &#8220;Messias C\u00e2ndido Faleiros&#8221; e seus demais setores ter\u00e3o expedientes normais at\u00e9 quarta-feira, dia 7 de julho e para, no dia 8. E o funcionamento retornar\u00e1 ao hor\u00e1rio habitual na segunda-feira (12). &nbsp; PREFEITURA O Pa\u00e7o Municipal &#8220;Messias C\u00e2ndido Faleiros&#8221; &hellip;<\/p>\n","protected":false},"author":30,"featured_media":106551,"comment_status":"open","ping_status":"closed","sticky":false,"template":"","format":"standard","meta":{"footnotes":""},"categories":[820,134,2920,88],"tags":[3693,27464,27465,927],"class_list":["post-106550","post","type-post","status-publish","format-standard","has-post-thumbnail","hentry","category-educacao","category-entretenimento","category-obras","category-policia","tag-atendimento","tag-corpus-christi","tag-lixo-domestico","tag-prefeitura"],"yoast_head":"<!-- This site is optimized with the Yoast SEO plugin v27.4 - https:\/\/yoast.com\/product\/yoast-seo-wordpress\/ -->\n<title>Confira o que abre e fecha no feriado de Corpus Christi - Ribeir\u00e3o Preto e Regi\u00e3o<\/title>\n<meta name=\"description\" content=\"Em fun\u00e7\u00e3o do feriado de Corpus Christi, a Prefeitura informa que: o Pa\u00e7o Municipal &quot;Messias C\u00e2ndido Faleiros&quot; e seus demais setores ter\u00e3o expedientes\" \/>\n<meta name=\"robots\" content=\"index, follow, max-snippet:-1, max-image-preview:large, max-video-preview:-1\" \/>\n<link rel=\"canonical\" href=\"https:\/\/redenoticiaz.com.br\/ribeiraopreto-regiao\/sp\/2023\/06\/07\/confira-o-que-abre-e-fecha-no-feriado-de-corpus-christi\" \/>\n<meta property=\"og:locale\" content=\"pt_BR\" \/>\n<meta property=\"og:type\" content=\"article\" \/>\n<meta property=\"og:title\" content=\"Confira o que abre e fecha no feriado de Corpus Christi - Ribeir\u00e3o Preto e Regi\u00e3o\" \/>\n<meta property=\"og:description\" content=\"Em fun\u00e7\u00e3o do feriado de Corpus Christi, a Prefeitura informa que: o Pa\u00e7o Municipal &quot;Messias C\u00e2ndido Faleiros&quot; e seus demais setores ter\u00e3o expedientes\" \/>\n<meta property=\"og:url\" content=\"https:\/\/redenoticiaz.com.br\/ribeiraopreto-regiao\/sp\/2023\/06\/07\/confira-o-que-abre-e-fecha-no-feriado-de-corpus-christi\" \/>\n<meta property=\"og:site_name\" content=\"Ribeir\u00e3o Preto e Regi\u00e3o\" \/>\n<meta property=\"article:publisher\" content=\"https:\/\/m.facebook.com\/redenoticiaz.barretos\" \/>\n<meta property=\"article:published_time\" content=\"2023-06-07T17:41:20+00:00\" \/>\n<meta property=\"og:image\" content=\"https:\/\/redenoticiaz.com.br\/ribeiraopreto-regiao\/wp-content\/uploads\/sites\/4\/2023\/06\/dac6e1c41dd829d1f55a2af5f521a03b.png\" \/>\n\t<meta property=\"og:image:width\" content=\"356\" \/>\n\t<meta property=\"og:image:height\" content=\"236\" \/>\n\t<meta property=\"og:image:type\" content=\"image\/png\" \/>\n<meta name=\"author\" content=\"Carina Reifonas\" \/>\n<meta name=\"twitter:card\" content=\"summary_large_image\" \/>\n<meta name=\"twitter:creator\" content=\"@RN_barretos\" \/>\n<meta name=\"twitter:site\" content=\"@RN_barretos\" \/>\n<meta name=\"twitter:label1\" content=\"Escrito por\" \/>\n\t<meta name=\"twitter:data1\" content=\"Carina Reifonas\" \/>\n\t<meta name=\"twitter:label2\" content=\"Est. tempo de leitura\" \/>\n\t<meta name=\"twitter:data2\" content=\"3 minutos\" \/>\n<script type=\"application\/ld+json\" class=\"yoast-schema-graph\">{\"@context\":\"https:\\\/\\\/schema.org\",\"@graph\":[{\"@type\":\"Article\",\"@id\":\"https:\\\/\\\/redenoticiaz.com.br\\\/ribeiraopreto-regiao\\\/sp\\\/2023\\\/06\\\/07\\\/confira-o-que-abre-e-fecha-no-feriado-de-corpus-christi#article\",\"isPartOf\":{\"@id\":\"https:\\\/\\\/redenoticiaz.com.br\\\/ribeiraopreto-regiao\\\/sp\\\/2023\\\/06\\\/07\\\/confira-o-que-abre-e-fecha-no-feriado-de-corpus-christi\"},\"author\":{\"name\":\"Carina Reifonas\",\"@id\":\"https:\\\/\\\/redenoticiaz.com.br\\\/ribeiraopreto-regiao\\\/#\\\/schema\\\/person\\\/1f84d6e94e6a62d2d81199d7503e9e90\"},\"headline\":\"Confira o que abre e fecha no feriado de Corpus Christi\",\"datePublished\":\"2023-06-07T17:41:20+00:00\",\"mainEntityOfPage\":{\"@id\":\"https:\\\/\\\/redenoticiaz.com.br\\\/ribeiraopreto-regiao\\\/sp\\\/2023\\\/06\\\/07\\\/confira-o-que-abre-e-fecha-no-feriado-de-corpus-christi\"},\"wordCount\":465,\"commentCount\":0,\"publisher\":{\"@id\":\"https:\\\/\\\/redenoticiaz.com.br\\\/ribeiraopreto-regiao\\\/#organization\"},\"image\":{\"@id\":\"https:\\\/\\\/redenoticiaz.com.br\\\/ribeiraopreto-regiao\\\/sp\\\/2023\\\/06\\\/07\\\/confira-o-que-abre-e-fecha-no-feriado-de-corpus-christi#primaryimage\"},\"thumbnailUrl\":\"https:\\\/\\\/redenoticiaz.com.br\\\/ribeiraopreto-regiao\\\/wp-content\\\/uploads\\\/sites\\\/4\\\/2023\\\/06\\\/dac6e1c41dd829d1f55a2af5f521a03b.png\",\"keywords\":[\"ATENDIMENTO\",\"Corpus Christi\",\"lixo dom\u00e9stico\",\"PREFEITURA\"],\"articleSection\":[\"Educa\u00e7\u00e3o\",\"Entretenimento\",\"Obras\",\"Pol\u00edcia\"],\"inLanguage\":\"pt-BR\",\"potentialAction\":[{\"@type\":\"CommentAction\",\"name\":\"Comment\",\"target\":[\"https:\\\/\\\/redenoticiaz.com.br\\\/ribeiraopreto-regiao\\\/sp\\\/2023\\\/06\\\/07\\\/confira-o-que-abre-e-fecha-no-feriado-de-corpus-christi#respond\"]}]},{\"@type\":\"WebPage\",\"@id\":\"https:\\\/\\\/redenoticiaz.com.br\\\/ribeiraopreto-regiao\\\/sp\\\/2023\\\/06\\\/07\\\/confira-o-que-abre-e-fecha-no-feriado-de-corpus-christi\",\"url\":\"https:\\\/\\\/redenoticiaz.com.br\\\/ribeiraopreto-regiao\\\/sp\\\/2023\\\/06\\\/07\\\/confira-o-que-abre-e-fecha-no-feriado-de-corpus-christi\",\"name\":\"Confira o que abre e fecha no feriado de Corpus Christi - Ribeir\u00e3o Preto e Regi\u00e3o\",\"isPartOf\":{\"@id\":\"https:\\\/\\\/redenoticiaz.com.br\\\/ribeiraopreto-regiao\\\/#website\"},\"primaryImageOfPage\":{\"@id\":\"https:\\\/\\\/redenoticiaz.com.br\\\/ribeiraopreto-regiao\\\/sp\\\/2023\\\/06\\\/07\\\/confira-o-que-abre-e-fecha-no-feriado-de-corpus-christi#primaryimage\"},\"image\":{\"@id\":\"https:\\\/\\\/redenoticiaz.com.br\\\/ribeiraopreto-regiao\\\/sp\\\/2023\\\/06\\\/07\\\/confira-o-que-abre-e-fecha-no-feriado-de-corpus-christi#primaryimage\"},\"thumbnailUrl\":\"https:\\\/\\\/redenoticiaz.com.br\\\/ribeiraopreto-regiao\\\/wp-content\\\/uploads\\\/sites\\\/4\\\/2023\\\/06\\\/dac6e1c41dd829d1f55a2af5f521a03b.png\",\"datePublished\":\"2023-06-07T17:41:20+00:00\",\"description\":\"Em fun\u00e7\u00e3o do feriado de Corpus Christi, a Prefeitura informa que: o Pa\u00e7o Municipal \\\"Messias C\u00e2ndido Faleiros\\\" e seus demais setores ter\u00e3o expedientes\",\"inLanguage\":\"pt-BR\",\"potentialAction\":[{\"@type\":\"ReadAction\",\"target\":[\"https:\\\/\\\/redenoticiaz.com.br\\\/ribeiraopreto-regiao\\\/sp\\\/2023\\\/06\\\/07\\\/confira-o-que-abre-e-fecha-no-feriado-de-corpus-christi\"]}]},{\"@type\":\"ImageObject\",\"inLanguage\":\"pt-BR\",\"@id\":\"https:\\\/\\\/redenoticiaz.com.br\\\/ribeiraopreto-regiao\\\/sp\\\/2023\\\/06\\\/07\\\/confira-o-que-abre-e-fecha-no-feriado-de-corpus-christi#primaryimage\",\"url\":\"https:\\\/\\\/redenoticiaz.com.br\\\/ribeiraopreto-regiao\\\/wp-content\\\/uploads\\\/sites\\\/4\\\/2023\\\/06\\\/dac6e1c41dd829d1f55a2af5f521a03b.png\",\"contentUrl\":\"https:\\\/\\\/redenoticiaz.com.br\\\/ribeiraopreto-regiao\\\/wp-content\\\/uploads\\\/sites\\\/4\\\/2023\\\/06\\\/dac6e1c41dd829d1f55a2af5f521a03b.png\",\"width\":356,\"height\":236,\"caption\":\"Confira o que abre e fecha no feriado de Corpus Christi. Cr\u00e9dto: Divulga\u00e7\u00e3o\"},{\"@type\":\"WebSite\",\"@id\":\"https:\\\/\\\/redenoticiaz.com.br\\\/ribeiraopreto-regiao\\\/#website\",\"url\":\"https:\\\/\\\/redenoticiaz.com.br\\\/ribeiraopreto-regiao\\\/\",\"name\":\"Ribeir\u00e3o Preto e Regi\u00e3o\",\"description\":\"Rede NoticiaZ - Ribeir\u00e3o Preto e regi\u00e3o\",\"publisher\":{\"@id\":\"https:\\\/\\\/redenoticiaz.com.br\\\/ribeiraopreto-regiao\\\/#organization\"},\"potentialAction\":[{\"@type\":\"SearchAction\",\"target\":{\"@type\":\"EntryPoint\",\"urlTemplate\":\"https:\\\/\\\/redenoticiaz.com.br\\\/ribeiraopreto-regiao\\\/?s={search_term_string}\"},\"query-input\":{\"@type\":\"PropertyValueSpecification\",\"valueRequired\":true,\"valueName\":\"search_term_string\"}}],\"inLanguage\":\"pt-BR\"},{\"@type\":\"Organization\",\"@id\":\"https:\\\/\\\/redenoticiaz.com.br\\\/ribeiraopreto-regiao\\\/#organization\",\"name\":\"Ribeir\u00e3o Preto e Regi\u00e3o\",\"url\":\"https:\\\/\\\/redenoticiaz.com.br\\\/ribeiraopreto-regiao\\\/\",\"logo\":{\"@type\":\"ImageObject\",\"inLanguage\":\"pt-BR\",\"@id\":\"https:\\\/\\\/redenoticiaz.com.br\\\/ribeiraopreto-regiao\\\/#\\\/schema\\\/logo\\\/image\\\/\",\"url\":\"https:\\\/\\\/redenoticiaz.com.br\\\/barretos-regiao\\\/wp-content\\\/uploads\\\/sites\\\/4\\\/2022\\\/02\\\/logo.jpg\",\"contentUrl\":\"https:\\\/\\\/redenoticiaz.com.br\\\/barretos-regiao\\\/wp-content\\\/uploads\\\/sites\\\/4\\\/2022\\\/02\\\/logo.jpg\",\"width\":400,\"height\":250,\"caption\":\"Ribeir\u00e3o Preto e Regi\u00e3o\"},\"image\":{\"@id\":\"https:\\\/\\\/redenoticiaz.com.br\\\/ribeiraopreto-regiao\\\/#\\\/schema\\\/logo\\\/image\\\/\"},\"sameAs\":[\"https:\\\/\\\/m.facebook.com\\\/redenoticiaz.barretos\",\"https:\\\/\\\/x.com\\\/RN_barretos\",\"https:\\\/\\\/www.instagram.com\\\/redenoticiaz.barretos\\\/?igshid=YmMyMTA2M2Y\",\"https:\\\/\\\/www.linkedin.com\\\/company\\\/rede-noticiaz-barretos-e-regio\\\/\"]},{\"@type\":\"Person\",\"@id\":\"https:\\\/\\\/redenoticiaz.com.br\\\/ribeiraopreto-regiao\\\/#\\\/schema\\\/person\\\/1f84d6e94e6a62d2d81199d7503e9e90\",\"name\":\"Carina Reifonas\",\"image\":{\"@type\":\"ImageObject\",\"inLanguage\":\"pt-BR\",\"@id\":\"https:\\\/\\\/secure.gravatar.com\\\/avatar\\\/04c59859b23696cf867715880f81d5c037e60109730bdb4e6670ec2a2245bc97?s=96&d=mm&r=g\",\"url\":\"https:\\\/\\\/secure.gravatar.com\\\/avatar\\\/04c59859b23696cf867715880f81d5c037e60109730bdb4e6670ec2a2245bc97?s=96&d=mm&r=g\",\"contentUrl\":\"https:\\\/\\\/secure.gravatar.com\\\/avatar\\\/04c59859b23696cf867715880f81d5c037e60109730bdb4e6670ec2a2245bc97?s=96&d=mm&r=g\",\"caption\":\"Carina Reifonas\"},\"url\":\"https:\\\/\\\/redenoticiaz.com.br\\\/ribeiraopreto-regiao\\\/sp\\\/author\\\/carinareifonas\"}]}<\/script>\n<!-- \/ Yoast SEO plugin. -->","yoast_head_json":{"title":"Confira o que abre e fecha no feriado de Corpus Christi - Ribeir\u00e3o Preto e Regi\u00e3o","description":"Em fun\u00e7\u00e3o do feriado de Corpus Christi, a Prefeitura informa que: o Pa\u00e7o Municipal \"Messias C\u00e2ndido Faleiros\" e seus demais setores ter\u00e3o expedientes","robots":{"index":"index","follow":"follow","max-snippet":"max-snippet:-1","max-image-preview":"max-image-preview:large","max-video-preview":"max-video-preview:-1"},"canonical":"https:\/\/redenoticiaz.com.br\/ribeiraopreto-regiao\/sp\/2023\/06\/07\/confira-o-que-abre-e-fecha-no-feriado-de-corpus-christi","og_locale":"pt_BR","og_type":"article","og_title":"Confira o que abre e fecha no feriado de Corpus Christi - Ribeir\u00e3o Preto e Regi\u00e3o","og_description":"Em fun\u00e7\u00e3o do feriado de Corpus Christi, a Prefeitura informa que: o Pa\u00e7o Municipal \"Messias C\u00e2ndido Faleiros\" e seus demais setores ter\u00e3o expedientes","og_url":"https:\/\/redenoticiaz.com.br\/ribeiraopreto-regiao\/sp\/2023\/06\/07\/confira-o-que-abre-e-fecha-no-feriado-de-corpus-christi","og_site_name":"Ribeir\u00e3o Preto e Regi\u00e3o","article_publisher":"https:\/\/m.facebook.com\/redenoticiaz.barretos","article_published_time":"2023-06-07T17:41:20+00:00","og_image":[{"width":356,"height":236,"url":"https:\/\/redenoticiaz.com.br\/ribeiraopreto-regiao\/wp-content\/uploads\/sites\/4\/2023\/06\/dac6e1c41dd829d1f55a2af5f521a03b.png","type":"image\/png"}],"author":"Carina Reifonas","twitter_card":"summary_large_image","twitter_creator":"@RN_barretos","twitter_site":"@RN_barretos","twitter_misc":{"Escrito por":"Carina Reifonas","Est. tempo de leitura":"3 minutos"},"schema":{"@context":"https:\/\/schema.org","@graph":[{"@type":"Article","@id":"https:\/\/redenoticiaz.com.br\/ribeiraopreto-regiao\/sp\/2023\/06\/07\/confira-o-que-abre-e-fecha-no-feriado-de-corpus-christi#article","isPartOf":{"@id":"https:\/\/redenoticiaz.com.br\/ribeiraopreto-regiao\/sp\/2023\/06\/07\/confira-o-que-abre-e-fecha-no-feriado-de-corpus-christi"},"author":{"name":"Carina Reifonas","@id":"https:\/\/redenoticiaz.com.br\/ribeiraopreto-regiao\/#\/schema\/person\/1f84d6e94e6a62d2d81199d7503e9e90"},"headline":"Confira o que abre e fecha no feriado de Corpus Christi","datePublished":"2023-06-07T17:41:20+00:00","mainEntityOfPage":{"@id":"https:\/\/redenoticiaz.com.br\/ribeiraopreto-regiao\/sp\/2023\/06\/07\/confira-o-que-abre-e-fecha-no-feriado-de-corpus-christi"},"wordCount":465,"commentCount":0,"publisher":{"@id":"https:\/\/redenoticiaz.com.br\/ribeiraopreto-regiao\/#organization"},"image":{"@id":"https:\/\/redenoticiaz.com.br\/ribeiraopreto-regiao\/sp\/2023\/06\/07\/confira-o-que-abre-e-fecha-no-feriado-de-corpus-christi#primaryimage"},"thumbnailUrl":"https:\/\/redenoticiaz.com.br\/ribeiraopreto-regiao\/wp-content\/uploads\/sites\/4\/2023\/06\/dac6e1c41dd829d1f55a2af5f521a03b.png","keywords":["ATENDIMENTO","Corpus Christi","lixo dom\u00e9stico","PREFEITURA"],"articleSection":["Educa\u00e7\u00e3o","Entretenimento","Obras","Pol\u00edcia"],"inLanguage":"pt-BR","potentialAction":[{"@type":"CommentAction","name":"Comment","target":["https:\/\/redenoticiaz.com.br\/ribeiraopreto-regiao\/sp\/2023\/06\/07\/confira-o-que-abre-e-fecha-no-feriado-de-corpus-christi#respond"]}]},{"@type":"WebPage","@id":"https:\/\/redenoticiaz.com.br\/ribeiraopreto-regiao\/sp\/2023\/06\/07\/confira-o-que-abre-e-fecha-no-feriado-de-corpus-christi","url":"https:\/\/redenoticiaz.com.br\/ribeiraopreto-regiao\/sp\/2023\/06\/07\/confira-o-que-abre-e-fecha-no-feriado-de-corpus-christi","name":"Confira o que abre e fecha no feriado de Corpus Christi - Ribeir\u00e3o Preto e Regi\u00e3o","isPartOf":{"@id":"https:\/\/redenoticiaz.com.br\/ribeiraopreto-regiao\/#website"},"primaryImageOfPage":{"@id":"https:\/\/redenoticiaz.com.br\/ribeiraopreto-regiao\/sp\/2023\/06\/07\/confira-o-que-abre-e-fecha-no-feriado-de-corpus-christi#primaryimage"},"image":{"@id":"https:\/\/redenoticiaz.com.br\/ribeiraopreto-regiao\/sp\/2023\/06\/07\/confira-o-que-abre-e-fecha-no-feriado-de-corpus-christi#primaryimage"},"thumbnailUrl":"https:\/\/redenoticiaz.com.br\/ribeiraopreto-regiao\/wp-content\/uploads\/sites\/4\/2023\/06\/dac6e1c41dd829d1f55a2af5f521a03b.png","datePublished":"2023-06-07T17:41:20+00:00","description":"Em fun\u00e7\u00e3o do feriado de Corpus Christi, a Prefeitura informa que: o Pa\u00e7o Municipal \"Messias C\u00e2ndido Faleiros\" e seus demais setores ter\u00e3o expedientes","inLanguage":"pt-BR","potentialAction":[{"@type":"ReadAction","target":["https:\/\/redenoticiaz.com.br\/ribeiraopreto-regiao\/sp\/2023\/06\/07\/confira-o-que-abre-e-fecha-no-feriado-de-corpus-christi"]}]},{"@type":"ImageObject","inLanguage":"pt-BR","@id":"https:\/\/redenoticiaz.com.br\/ribeiraopreto-regiao\/sp\/2023\/06\/07\/confira-o-que-abre-e-fecha-no-feriado-de-corpus-christi#primaryimage","url":"https:\/\/redenoticiaz.com.br\/ribeiraopreto-regiao\/wp-content\/uploads\/sites\/4\/2023\/06\/dac6e1c41dd829d1f55a2af5f521a03b.png","contentUrl":"https:\/\/redenoticiaz.com.br\/ribeiraopreto-regiao\/wp-content\/uploads\/sites\/4\/2023\/06\/dac6e1c41dd829d1f55a2af5f521a03b.png","width":356,"height":236,"caption":"Confira o que abre e fecha no feriado de Corpus Christi. Cr\u00e9dto: Divulga\u00e7\u00e3o"},{"@type":"WebSite","@id":"https:\/\/redenoticiaz.com.br\/ribeiraopreto-regiao\/#website","url":"https:\/\/redenoticiaz.com.br\/ribeiraopreto-regiao\/","name":"Ribeir\u00e3o Preto e Regi\u00e3o","description":"Rede NoticiaZ - Ribeir\u00e3o Preto e regi\u00e3o","publisher":{"@id":"https:\/\/redenoticiaz.com.br\/ribeiraopreto-regiao\/#organization"},"potentialAction":[{"@type":"SearchAction","target":{"@type":"EntryPoint","urlTemplate":"https:\/\/redenoticiaz.com.br\/ribeiraopreto-regiao\/?s={search_term_string}"},"query-input":{"@type":"PropertyValueSpecification","valueRequired":true,"valueName":"search_term_string"}}],"inLanguage":"pt-BR"},{"@type":"Organization","@id":"https:\/\/redenoticiaz.com.br\/ribeiraopreto-regiao\/#organization","name":"Ribeir\u00e3o Preto e Regi\u00e3o","url":"https:\/\/redenoticiaz.com.br\/ribeiraopreto-regiao\/","logo":{"@type":"ImageObject","inLanguage":"pt-BR","@id":"https:\/\/redenoticiaz.com.br\/ribeiraopreto-regiao\/#\/schema\/logo\/image\/","url":"https:\/\/redenoticiaz.com.br\/barretos-regiao\/wp-content\/uploads\/sites\/4\/2022\/02\/logo.jpg","contentUrl":"https:\/\/redenoticiaz.com.br\/barretos-regiao\/wp-content\/uploads\/sites\/4\/2022\/02\/logo.jpg","width":400,"height":250,"caption":"Ribeir\u00e3o Preto e Regi\u00e3o"},"image":{"@id":"https:\/\/redenoticiaz.com.br\/ribeiraopreto-regiao\/#\/schema\/logo\/image\/"},"sameAs":["https:\/\/m.facebook.com\/redenoticiaz.barretos","https:\/\/x.com\/RN_barretos","https:\/\/www.instagram.com\/redenoticiaz.barretos\/?igshid=YmMyMTA2M2Y","https:\/\/www.linkedin.com\/company\/rede-noticiaz-barretos-e-regio\/"]},{"@type":"Person","@id":"https:\/\/redenoticiaz.com.br\/ribeiraopreto-regiao\/#\/schema\/person\/1f84d6e94e6a62d2d81199d7503e9e90","name":"Carina Reifonas","image":{"@type":"ImageObject","inLanguage":"pt-BR","@id":"https:\/\/secure.gravatar.com\/avatar\/04c59859b23696cf867715880f81d5c037e60109730bdb4e6670ec2a2245bc97?s=96&d=mm&r=g","url":"https:\/\/secure.gravatar.com\/avatar\/04c59859b23696cf867715880f81d5c037e60109730bdb4e6670ec2a2245bc97?s=96&d=mm&r=g","contentUrl":"https:\/\/secure.gravatar.com\/avatar\/04c59859b23696cf867715880f81d5c037e60109730bdb4e6670ec2a2245bc97?s=96&d=mm&r=g","caption":"Carina Reifonas"},"url":"https:\/\/redenoticiaz.com.br\/ribeiraopreto-regiao\/sp\/author\/carinareifonas"}]}},"_links":{"self":[{"href":"https:\/\/redenoticiaz.com.br\/ribeiraopreto-regiao\/wp-json\/wp\/v2\/posts\/106550","targetHints":{"allow":["GET"]}}],"collection":[{"href":"https:\/\/redenoticiaz.com.br\/ribeiraopreto-regiao\/wp-json\/wp\/v2\/posts"}],"about":[{"href":"https:\/\/redenoticiaz.com.br\/ribeiraopreto-regiao\/wp-json\/wp\/v2\/types\/post"}],"author":[{"embeddable":true,"href":"https:\/\/redenoticiaz.com.br\/ribeiraopreto-regiao\/wp-json\/wp\/v2\/users\/30"}],"replies":[{"embeddable":true,"href":"https:\/\/redenoticiaz.com.br\/ribeiraopreto-regiao\/wp-json\/wp\/v2\/comments?post=106550"}],"version-history":[{"count":1,"href":"https:\/\/redenoticiaz.com.br\/ribeiraopreto-regiao\/wp-json\/wp\/v2\/posts\/106550\/revisions"}],"predecessor-version":[{"id":106552,"href":"https:\/\/redenoticiaz.com.br\/ribeiraopreto-regiao\/wp-json\/wp\/v2\/posts\/106550\/revisions\/106552"}],"wp:featuredmedia":[{"embeddable":true,"href":"https:\/\/redenoticiaz.com.br\/ribeiraopreto-regiao\/wp-json\/wp\/v2\/media\/106551"}],"wp:attachment":[{"href":"https:\/\/redenoticiaz.com.br\/ribeiraopreto-regiao\/wp-json\/wp\/v2\/media?parent=106550"}],"wp:term":[{"taxonomy":"category","embeddable":true,"href":"https:\/\/redenoticiaz.com.br\/ribeiraopreto-regiao\/wp-json\/wp\/v2\/categories?post=106550"},{"taxonomy":"post_tag","embeddable":true,"href":"https:\/\/redenoticiaz.com.br\/ribeiraopreto-regiao\/wp-json\/wp\/v2\/tags?post=106550"}],"curies":[{"name":"wp","href":"https:\/\/api.w.org\/{rel}","templated":true}]}}