{"id":106569,"date":"2023-06-10T18:00:54","date_gmt":"2023-06-10T21:00:54","guid":{"rendered":"https:\/\/redenoticiaz.com.br\/barretos-regiao\/?p=106569"},"modified":"2023-06-07T16:42:24","modified_gmt":"2023-06-07T19:42:24","slug":"estrela-de-princesa-adormecida-pietra-quintela-filma-com-maisa-silva","status":"publish","type":"post","link":"https:\/\/redenoticiaz.com.br\/ribeiraopreto-regiao\/sp\/2023\/06\/10\/estrela-de-princesa-adormecida-pietra-quintela-filma-com-maisa-silva","title":{"rendered":"Estrela de &#8220;Princesa Adormecida&#8221;, Pietra Quintela filma com Maisa Silva"},"content":{"rendered":"<p>Levar uma personagem de livro para o cinema nem sempre \u00e9 uma tarefa f\u00e1cil, mas Pietra Quintela tem tirado essa miss\u00e3o de letra! Protagonista de &#8220;Princesa Adormecida&#8221;, a atriz tem vivido experi\u00eancias incr\u00edveis no Rio de Janeiro durante as grava\u00e7\u00f5es do longa. &#8220;\u00c9 imposs\u00edvel n\u00e3o se apaixonar por esse lugar&#8221;, entrega ela, que celebra a volta aos cinemas ap\u00f3s anos dedicando-se \u00e0s novelas.<br \/>\nNa hist\u00f3ria, ela interpreta Rosa, uma t\u00edpica adolescente que sonha com liberdade e independ\u00eancia enquanto seus tr\u00eas tios, que a criaram como uma filha, a superprotegem a todo custo e n\u00e3o a deixam fazer nada. Mas, aos 15 anos, Rosa descobre que \u00e9 uma princesa de um pa\u00eds distante, e que sua vida pode estar em perigo. &#8220;A vida dela vai dar uma mexida! Vamos ter romance, muitas coisas loucas e uma grande descoberta&#8221;, adianta a atriz.<\/p>\n<p>&nbsp;<\/p>\n<p>Entre as viv\u00eancias mais marcantes dos \u00faltimos dias, o destaque est\u00e1 para o encontro com Maisa Silva, que far\u00e1 uma participa\u00e7\u00e3o para l\u00e1 de especial no longa interpretando a DJ Cinderela. &#8220;A gente j\u00e1 se conhecia, mas nunca t\u00ednhamos contracenado juntas. Sempre soube que ela era uma pessoa incr\u00edvel e foi muito bom trabalhar com ela e ver que \u00e9 realmente tudo isso: uma menina doce, simples, e com uma energia muito boa&#8221;, descreve Pietra. &#8220;Foi maravilhoso rodar esse filme com a Pietra. J\u00e1 tinha conhecimento do talento dela, mas atrav\u00e9s do conv\u00edvio pude, de fato, perceber seu profissionalismo e comprometimento. Ela se diverte atuando e domina o set. Fiquei muito feliz e surpresa por encontra-la assim com tanta maturidade sem perder o jeitinho de menina. Amei a experi\u00eancia de conhecer mais uma princesa da Paula Pimenta e poder viver isso com ela&#8221;, detalha Ma\u00edsa.<\/p>\n<table class=\"v1image v1image_resized\" width=\"586\" align=\"center\">\n<tbody>\n<tr>\n<td><img decoding=\"async\" class=\"aligncenter\" src=\"https:\/\/s2306.imxsnd20.com\/0=EGN6ITOwEGN5ojci5SbvNmL6FWajlGdv5WZkVmcAdTMuEGd1FGc6MTNykTO2YjM5IjOnVGcq5ydvxmZxkjNwkDN5IGZiFjM0YDZyEWMxImZ3gTMwEGO0EGNwYkMlEGNwYkMlAjMycTMGJTJzQjM4kTN3QDNx8VL0ETLfpTO\" width=\"586\" \/><\/p>\n<table class=\"v1figcap\" border=\"0\" width=\"586\" cellspacing=\"0\" cellpadding=\"0\" align=\"center\">\n<tbody>\n<tr class=\"v1tr001\">\n<td width=\"586\"><\/td>\n<\/tr>\n<\/tbody>\n<\/table>\n<\/td>\n<\/tr>\n<\/tbody>\n<\/table>\n<p>&nbsp;<\/p>\n<p>&nbsp;<\/p>\n<p>Com dire\u00e7\u00e3o de Cl\u00e1udio Boeckel e produ\u00e7\u00e3o da Panor\u00e2mica Filmes, principal produtora de filmes infanto-juvenis do Brasil, a hist\u00f3ria de Rosa faz parte da s\u00e9rie de livros &#8220;Princesas Modernas&#8221; criada pela escritora mineira Paula Pimenta. Inclusive, o primeiro longa da franquia, intitulado &#8220;Cinderela Pop&#8221;, foi protagonizado por Maisa. &#8220;Come\u00e7amos nossa carreira com a mesma idade e conversamos sobre como foi crescer fazendo novela, sobre os amigos que temos em comum e sobre o filme, em geral&#8230; J\u00e1 era e continuo sendo f\u00e3! Queria que todo mundo tivesse o prazer de conhecer a Maisa&#8221;, detalha Pietra.<\/p>\n<p>&nbsp;<\/p>\n<p>Ainda sem previs\u00e3o de estreia, o filme ainda traz no elenco nomes como Patr\u00edcia Fran\u00e7a, Juliana Knust, Livia Silva, Aramis Trindade, Claudio Mendes, Ren\u00e9 Stern, Guilherme Cabral e Ju Colombo, entre outros. A coprodu\u00e7\u00e3o fica por conta da Warner Bros Discovery e a distribui\u00e7\u00e3o pela Manequim Filmes, novo selo da Vitrine Filmes para a distribui\u00e7\u00e3o de filmes comerciais com um perfil de p\u00fablico mais amplo.<\/p>\n<p>&nbsp;<\/p>\n<p>VEJA TAMB\u00c9M:\u00a0<a href=\"https:\/\/redenoticiaz.com.br\/barretos-regiao\/sp\/2023\/05\/27\/serie-da-disney-reune-novos-e-antigos-nomes-do-mcu\">Trailer- S\u00e9rie da Disney re\u00fane novos e antigos nomes do MCU<\/a><\/p>\n","protected":false},"excerpt":{"rendered":"<p>Levar uma personagem de livro para o cinema nem sempre \u00e9 uma tarefa f\u00e1cil, mas Pietra Quintela tem tirado essa miss\u00e3o de letra! Protagonista de &#8220;Princesa Adormecida&#8221;, a atriz tem vivido experi\u00eancias incr\u00edveis no Rio de Janeiro durante as grava\u00e7\u00f5es do longa. &#8220;\u00c9 imposs\u00edvel n\u00e3o se apaixonar por esse lugar&#8221;, entrega ela, que celebra a &hellip;<\/p>\n","protected":false},"author":30,"featured_media":106570,"comment_status":"open","ping_status":"closed","sticky":false,"template":"","format":"standard","meta":{"footnotes":""},"categories":[23210,469,815],"tags":[15115,27476,27478,27477,27475],"class_list":["post-106569","post","type-post","status-publish","format-standard","has-post-thumbnail","hentry","category-cameraz","category-cultura","category-cultura-e-musica","tag-filme","tag-maisa-silva","tag-personagem-de-livro","tag-pietra-quintela","tag-princesa-adormecida"],"yoast_head":"<!-- This site is optimized with the Yoast SEO plugin v27.4 - https:\/\/yoast.com\/product\/yoast-seo-wordpress\/ -->\n<title>Estrela de &#8220;Princesa Adormecida&#8221;, Pietra Quintela filma com Maisa Silva - Ribeir\u00e3o Preto e Regi\u00e3o<\/title>\n<meta name=\"description\" content=\"Protagonistas Maisa Silva e Pietra Quintela de &quot;Princesa Adormecida&quot;, tem vivido experi\u00eancias incr\u00edveis durante as grava\u00e7\u00f5es do longa.\" \/>\n<meta name=\"robots\" content=\"index, follow, max-snippet:-1, max-image-preview:large, max-video-preview:-1\" \/>\n<link rel=\"canonical\" href=\"https:\/\/redenoticiaz.com.br\/ribeiraopreto-regiao\/sp\/2023\/06\/10\/estrela-de-princesa-adormecida-pietra-quintela-filma-com-maisa-silva\" \/>\n<meta property=\"og:locale\" content=\"pt_BR\" \/>\n<meta property=\"og:type\" content=\"article\" \/>\n<meta property=\"og:title\" content=\"Estrela de &#8220;Princesa Adormecida&#8221;, Pietra Quintela filma com Maisa Silva - Ribeir\u00e3o Preto e Regi\u00e3o\" \/>\n<meta property=\"og:description\" content=\"Protagonistas Maisa Silva e Pietra Quintela de &quot;Princesa Adormecida&quot;, tem vivido experi\u00eancias incr\u00edveis durante as grava\u00e7\u00f5es do longa.\" \/>\n<meta property=\"og:url\" content=\"https:\/\/redenoticiaz.com.br\/ribeiraopreto-regiao\/sp\/2023\/06\/10\/estrela-de-princesa-adormecida-pietra-quintela-filma-com-maisa-silva\" \/>\n<meta property=\"og:site_name\" content=\"Ribeir\u00e3o Preto e Regi\u00e3o\" \/>\n<meta property=\"article:publisher\" content=\"https:\/\/m.facebook.com\/redenoticiaz.barretos\" \/>\n<meta property=\"article:published_time\" content=\"2023-06-10T21:00:54+00:00\" \/>\n<meta property=\"og:image\" content=\"https:\/\/redenoticiaz.com.br\/ribeiraopreto-regiao\/wp-content\/uploads\/sites\/4\/2023\/06\/handler.jpg\" \/>\n\t<meta property=\"og:image:width\" content=\"915\" \/>\n\t<meta property=\"og:image:height\" content=\"610\" \/>\n\t<meta property=\"og:image:type\" content=\"image\/jpeg\" \/>\n<meta name=\"author\" content=\"Carina Reifonas\" \/>\n<meta name=\"twitter:card\" content=\"summary_large_image\" \/>\n<meta name=\"twitter:creator\" content=\"@RN_barretos\" \/>\n<meta name=\"twitter:site\" content=\"@RN_barretos\" \/>\n<meta name=\"twitter:label1\" content=\"Escrito por\" \/>\n\t<meta name=\"twitter:data1\" content=\"Carina Reifonas\" \/>\n\t<meta name=\"twitter:label2\" content=\"Est. tempo de leitura\" \/>\n\t<meta name=\"twitter:data2\" content=\"3 minutos\" \/>\n<script type=\"application\/ld+json\" class=\"yoast-schema-graph\">{\"@context\":\"https:\\\/\\\/schema.org\",\"@graph\":[{\"@type\":\"Article\",\"@id\":\"https:\\\/\\\/redenoticiaz.com.br\\\/ribeiraopreto-regiao\\\/sp\\\/2023\\\/06\\\/10\\\/estrela-de-princesa-adormecida-pietra-quintela-filma-com-maisa-silva#article\",\"isPartOf\":{\"@id\":\"https:\\\/\\\/redenoticiaz.com.br\\\/ribeiraopreto-regiao\\\/sp\\\/2023\\\/06\\\/10\\\/estrela-de-princesa-adormecida-pietra-quintela-filma-com-maisa-silva\"},\"author\":{\"name\":\"Carina Reifonas\",\"@id\":\"https:\\\/\\\/redenoticiaz.com.br\\\/ribeiraopreto-regiao\\\/#\\\/schema\\\/person\\\/1f84d6e94e6a62d2d81199d7503e9e90\"},\"headline\":\"Estrela de &#8220;Princesa Adormecida&#8221;, Pietra Quintela filma com Maisa Silva\",\"datePublished\":\"2023-06-10T21:00:54+00:00\",\"mainEntityOfPage\":{\"@id\":\"https:\\\/\\\/redenoticiaz.com.br\\\/ribeiraopreto-regiao\\\/sp\\\/2023\\\/06\\\/10\\\/estrela-de-princesa-adormecida-pietra-quintela-filma-com-maisa-silva\"},\"wordCount\":507,\"commentCount\":0,\"publisher\":{\"@id\":\"https:\\\/\\\/redenoticiaz.com.br\\\/ribeiraopreto-regiao\\\/#organization\"},\"image\":{\"@id\":\"https:\\\/\\\/redenoticiaz.com.br\\\/ribeiraopreto-regiao\\\/sp\\\/2023\\\/06\\\/10\\\/estrela-de-princesa-adormecida-pietra-quintela-filma-com-maisa-silva#primaryimage\"},\"thumbnailUrl\":\"https:\\\/\\\/redenoticiaz.com.br\\\/ribeiraopreto-regiao\\\/wp-content\\\/uploads\\\/sites\\\/4\\\/2023\\\/06\\\/handler.jpg\",\"keywords\":[\"FILME\",\"Maisa Silva\",\"personagem de livro\",\"Pietra Quintela\",\"princesa adormecida\"],\"articleSection\":[\"C\u00e2mera Z\",\"Cultura\",\"Cultura e M\u00fasica\"],\"inLanguage\":\"pt-BR\",\"potentialAction\":[{\"@type\":\"CommentAction\",\"name\":\"Comment\",\"target\":[\"https:\\\/\\\/redenoticiaz.com.br\\\/ribeiraopreto-regiao\\\/sp\\\/2023\\\/06\\\/10\\\/estrela-de-princesa-adormecida-pietra-quintela-filma-com-maisa-silva#respond\"]}]},{\"@type\":\"WebPage\",\"@id\":\"https:\\\/\\\/redenoticiaz.com.br\\\/ribeiraopreto-regiao\\\/sp\\\/2023\\\/06\\\/10\\\/estrela-de-princesa-adormecida-pietra-quintela-filma-com-maisa-silva\",\"url\":\"https:\\\/\\\/redenoticiaz.com.br\\\/ribeiraopreto-regiao\\\/sp\\\/2023\\\/06\\\/10\\\/estrela-de-princesa-adormecida-pietra-quintela-filma-com-maisa-silva\",\"name\":\"Estrela de &#8220;Princesa Adormecida&#8221;, Pietra Quintela filma com Maisa Silva - Ribeir\u00e3o Preto e Regi\u00e3o\",\"isPartOf\":{\"@id\":\"https:\\\/\\\/redenoticiaz.com.br\\\/ribeiraopreto-regiao\\\/#website\"},\"primaryImageOfPage\":{\"@id\":\"https:\\\/\\\/redenoticiaz.com.br\\\/ribeiraopreto-regiao\\\/sp\\\/2023\\\/06\\\/10\\\/estrela-de-princesa-adormecida-pietra-quintela-filma-com-maisa-silva#primaryimage\"},\"image\":{\"@id\":\"https:\\\/\\\/redenoticiaz.com.br\\\/ribeiraopreto-regiao\\\/sp\\\/2023\\\/06\\\/10\\\/estrela-de-princesa-adormecida-pietra-quintela-filma-com-maisa-silva#primaryimage\"},\"thumbnailUrl\":\"https:\\\/\\\/redenoticiaz.com.br\\\/ribeiraopreto-regiao\\\/wp-content\\\/uploads\\\/sites\\\/4\\\/2023\\\/06\\\/handler.jpg\",\"datePublished\":\"2023-06-10T21:00:54+00:00\",\"description\":\"Protagonistas Maisa Silva e Pietra Quintela de \\\"Princesa Adormecida\\\", tem vivido experi\u00eancias incr\u00edveis durante as grava\u00e7\u00f5es do longa.\",\"inLanguage\":\"pt-BR\",\"potentialAction\":[{\"@type\":\"ReadAction\",\"target\":[\"https:\\\/\\\/redenoticiaz.com.br\\\/ribeiraopreto-regiao\\\/sp\\\/2023\\\/06\\\/10\\\/estrela-de-princesa-adormecida-pietra-quintela-filma-com-maisa-silva\"]}]},{\"@type\":\"ImageObject\",\"inLanguage\":\"pt-BR\",\"@id\":\"https:\\\/\\\/redenoticiaz.com.br\\\/ribeiraopreto-regiao\\\/sp\\\/2023\\\/06\\\/10\\\/estrela-de-princesa-adormecida-pietra-quintela-filma-com-maisa-silva#primaryimage\",\"url\":\"https:\\\/\\\/redenoticiaz.com.br\\\/ribeiraopreto-regiao\\\/wp-content\\\/uploads\\\/sites\\\/4\\\/2023\\\/06\\\/handler.jpg\",\"contentUrl\":\"https:\\\/\\\/redenoticiaz.com.br\\\/ribeiraopreto-regiao\\\/wp-content\\\/uploads\\\/sites\\\/4\\\/2023\\\/06\\\/handler.jpg\",\"width\":915,\"height\":610,\"caption\":\"Estrela de \\\"Princesa Adormecida\\\", Pietra Quintela filma com Maisa Silva. Cr\u00e9dito: Divulga\u00e7\u00e3o. Foto - Laura Campanella\"},{\"@type\":\"WebSite\",\"@id\":\"https:\\\/\\\/redenoticiaz.com.br\\\/ribeiraopreto-regiao\\\/#website\",\"url\":\"https:\\\/\\\/redenoticiaz.com.br\\\/ribeiraopreto-regiao\\\/\",\"name\":\"Ribeir\u00e3o Preto e Regi\u00e3o\",\"description\":\"Rede NoticiaZ - Ribeir\u00e3o Preto e regi\u00e3o\",\"publisher\":{\"@id\":\"https:\\\/\\\/redenoticiaz.com.br\\\/ribeiraopreto-regiao\\\/#organization\"},\"potentialAction\":[{\"@type\":\"SearchAction\",\"target\":{\"@type\":\"EntryPoint\",\"urlTemplate\":\"https:\\\/\\\/redenoticiaz.com.br\\\/ribeiraopreto-regiao\\\/?s={search_term_string}\"},\"query-input\":{\"@type\":\"PropertyValueSpecification\",\"valueRequired\":true,\"valueName\":\"search_term_string\"}}],\"inLanguage\":\"pt-BR\"},{\"@type\":\"Organization\",\"@id\":\"https:\\\/\\\/redenoticiaz.com.br\\\/ribeiraopreto-regiao\\\/#organization\",\"name\":\"Ribeir\u00e3o Preto e Regi\u00e3o\",\"url\":\"https:\\\/\\\/redenoticiaz.com.br\\\/ribeiraopreto-regiao\\\/\",\"logo\":{\"@type\":\"ImageObject\",\"inLanguage\":\"pt-BR\",\"@id\":\"https:\\\/\\\/redenoticiaz.com.br\\\/ribeiraopreto-regiao\\\/#\\\/schema\\\/logo\\\/image\\\/\",\"url\":\"https:\\\/\\\/redenoticiaz.com.br\\\/barretos-regiao\\\/wp-content\\\/uploads\\\/sites\\\/4\\\/2022\\\/02\\\/logo.jpg\",\"contentUrl\":\"https:\\\/\\\/redenoticiaz.com.br\\\/barretos-regiao\\\/wp-content\\\/uploads\\\/sites\\\/4\\\/2022\\\/02\\\/logo.jpg\",\"width\":400,\"height\":250,\"caption\":\"Ribeir\u00e3o Preto e Regi\u00e3o\"},\"image\":{\"@id\":\"https:\\\/\\\/redenoticiaz.com.br\\\/ribeiraopreto-regiao\\\/#\\\/schema\\\/logo\\\/image\\\/\"},\"sameAs\":[\"https:\\\/\\\/m.facebook.com\\\/redenoticiaz.barretos\",\"https:\\\/\\\/x.com\\\/RN_barretos\",\"https:\\\/\\\/www.instagram.com\\\/redenoticiaz.barretos\\\/?igshid=YmMyMTA2M2Y\",\"https:\\\/\\\/www.linkedin.com\\\/company\\\/rede-noticiaz-barretos-e-regio\\\/\"]},{\"@type\":\"Person\",\"@id\":\"https:\\\/\\\/redenoticiaz.com.br\\\/ribeiraopreto-regiao\\\/#\\\/schema\\\/person\\\/1f84d6e94e6a62d2d81199d7503e9e90\",\"name\":\"Carina Reifonas\",\"image\":{\"@type\":\"ImageObject\",\"inLanguage\":\"pt-BR\",\"@id\":\"https:\\\/\\\/secure.gravatar.com\\\/avatar\\\/04c59859b23696cf867715880f81d5c037e60109730bdb4e6670ec2a2245bc97?s=96&d=mm&r=g\",\"url\":\"https:\\\/\\\/secure.gravatar.com\\\/avatar\\\/04c59859b23696cf867715880f81d5c037e60109730bdb4e6670ec2a2245bc97?s=96&d=mm&r=g\",\"contentUrl\":\"https:\\\/\\\/secure.gravatar.com\\\/avatar\\\/04c59859b23696cf867715880f81d5c037e60109730bdb4e6670ec2a2245bc97?s=96&d=mm&r=g\",\"caption\":\"Carina Reifonas\"},\"url\":\"https:\\\/\\\/redenoticiaz.com.br\\\/ribeiraopreto-regiao\\\/sp\\\/author\\\/carinareifonas\"}]}<\/script>\n<!-- \/ Yoast SEO plugin. -->","yoast_head_json":{"title":"Estrela de &#8220;Princesa Adormecida&#8221;, Pietra Quintela filma com Maisa Silva - Ribeir\u00e3o Preto e Regi\u00e3o","description":"Protagonistas Maisa Silva e Pietra Quintela de \"Princesa Adormecida\", tem vivido experi\u00eancias incr\u00edveis durante as grava\u00e7\u00f5es do longa.","robots":{"index":"index","follow":"follow","max-snippet":"max-snippet:-1","max-image-preview":"max-image-preview:large","max-video-preview":"max-video-preview:-1"},"canonical":"https:\/\/redenoticiaz.com.br\/ribeiraopreto-regiao\/sp\/2023\/06\/10\/estrela-de-princesa-adormecida-pietra-quintela-filma-com-maisa-silva","og_locale":"pt_BR","og_type":"article","og_title":"Estrela de &#8220;Princesa Adormecida&#8221;, Pietra Quintela filma com Maisa Silva - Ribeir\u00e3o Preto e Regi\u00e3o","og_description":"Protagonistas Maisa Silva e Pietra Quintela de \"Princesa Adormecida\", tem vivido experi\u00eancias incr\u00edveis durante as grava\u00e7\u00f5es do longa.","og_url":"https:\/\/redenoticiaz.com.br\/ribeiraopreto-regiao\/sp\/2023\/06\/10\/estrela-de-princesa-adormecida-pietra-quintela-filma-com-maisa-silva","og_site_name":"Ribeir\u00e3o Preto e Regi\u00e3o","article_publisher":"https:\/\/m.facebook.com\/redenoticiaz.barretos","article_published_time":"2023-06-10T21:00:54+00:00","og_image":[{"width":915,"height":610,"url":"https:\/\/redenoticiaz.com.br\/ribeiraopreto-regiao\/wp-content\/uploads\/sites\/4\/2023\/06\/handler.jpg","type":"image\/jpeg"}],"author":"Carina Reifonas","twitter_card":"summary_large_image","twitter_creator":"@RN_barretos","twitter_site":"@RN_barretos","twitter_misc":{"Escrito por":"Carina Reifonas","Est. tempo de leitura":"3 minutos"},"schema":{"@context":"https:\/\/schema.org","@graph":[{"@type":"Article","@id":"https:\/\/redenoticiaz.com.br\/ribeiraopreto-regiao\/sp\/2023\/06\/10\/estrela-de-princesa-adormecida-pietra-quintela-filma-com-maisa-silva#article","isPartOf":{"@id":"https:\/\/redenoticiaz.com.br\/ribeiraopreto-regiao\/sp\/2023\/06\/10\/estrela-de-princesa-adormecida-pietra-quintela-filma-com-maisa-silva"},"author":{"name":"Carina Reifonas","@id":"https:\/\/redenoticiaz.com.br\/ribeiraopreto-regiao\/#\/schema\/person\/1f84d6e94e6a62d2d81199d7503e9e90"},"headline":"Estrela de &#8220;Princesa Adormecida&#8221;, Pietra Quintela filma com Maisa Silva","datePublished":"2023-06-10T21:00:54+00:00","mainEntityOfPage":{"@id":"https:\/\/redenoticiaz.com.br\/ribeiraopreto-regiao\/sp\/2023\/06\/10\/estrela-de-princesa-adormecida-pietra-quintela-filma-com-maisa-silva"},"wordCount":507,"commentCount":0,"publisher":{"@id":"https:\/\/redenoticiaz.com.br\/ribeiraopreto-regiao\/#organization"},"image":{"@id":"https:\/\/redenoticiaz.com.br\/ribeiraopreto-regiao\/sp\/2023\/06\/10\/estrela-de-princesa-adormecida-pietra-quintela-filma-com-maisa-silva#primaryimage"},"thumbnailUrl":"https:\/\/redenoticiaz.com.br\/ribeiraopreto-regiao\/wp-content\/uploads\/sites\/4\/2023\/06\/handler.jpg","keywords":["FILME","Maisa Silva","personagem de livro","Pietra Quintela","princesa adormecida"],"articleSection":["C\u00e2mera Z","Cultura","Cultura e M\u00fasica"],"inLanguage":"pt-BR","potentialAction":[{"@type":"CommentAction","name":"Comment","target":["https:\/\/redenoticiaz.com.br\/ribeiraopreto-regiao\/sp\/2023\/06\/10\/estrela-de-princesa-adormecida-pietra-quintela-filma-com-maisa-silva#respond"]}]},{"@type":"WebPage","@id":"https:\/\/redenoticiaz.com.br\/ribeiraopreto-regiao\/sp\/2023\/06\/10\/estrela-de-princesa-adormecida-pietra-quintela-filma-com-maisa-silva","url":"https:\/\/redenoticiaz.com.br\/ribeiraopreto-regiao\/sp\/2023\/06\/10\/estrela-de-princesa-adormecida-pietra-quintela-filma-com-maisa-silva","name":"Estrela de &#8220;Princesa Adormecida&#8221;, Pietra Quintela filma com Maisa Silva - Ribeir\u00e3o Preto e Regi\u00e3o","isPartOf":{"@id":"https:\/\/redenoticiaz.com.br\/ribeiraopreto-regiao\/#website"},"primaryImageOfPage":{"@id":"https:\/\/redenoticiaz.com.br\/ribeiraopreto-regiao\/sp\/2023\/06\/10\/estrela-de-princesa-adormecida-pietra-quintela-filma-com-maisa-silva#primaryimage"},"image":{"@id":"https:\/\/redenoticiaz.com.br\/ribeiraopreto-regiao\/sp\/2023\/06\/10\/estrela-de-princesa-adormecida-pietra-quintela-filma-com-maisa-silva#primaryimage"},"thumbnailUrl":"https:\/\/redenoticiaz.com.br\/ribeiraopreto-regiao\/wp-content\/uploads\/sites\/4\/2023\/06\/handler.jpg","datePublished":"2023-06-10T21:00:54+00:00","description":"Protagonistas Maisa Silva e Pietra Quintela de \"Princesa Adormecida\", tem vivido experi\u00eancias incr\u00edveis durante as grava\u00e7\u00f5es do longa.","inLanguage":"pt-BR","potentialAction":[{"@type":"ReadAction","target":["https:\/\/redenoticiaz.com.br\/ribeiraopreto-regiao\/sp\/2023\/06\/10\/estrela-de-princesa-adormecida-pietra-quintela-filma-com-maisa-silva"]}]},{"@type":"ImageObject","inLanguage":"pt-BR","@id":"https:\/\/redenoticiaz.com.br\/ribeiraopreto-regiao\/sp\/2023\/06\/10\/estrela-de-princesa-adormecida-pietra-quintela-filma-com-maisa-silva#primaryimage","url":"https:\/\/redenoticiaz.com.br\/ribeiraopreto-regiao\/wp-content\/uploads\/sites\/4\/2023\/06\/handler.jpg","contentUrl":"https:\/\/redenoticiaz.com.br\/ribeiraopreto-regiao\/wp-content\/uploads\/sites\/4\/2023\/06\/handler.jpg","width":915,"height":610,"caption":"Estrela de \"Princesa Adormecida\", Pietra Quintela filma com Maisa Silva. Cr\u00e9dito: Divulga\u00e7\u00e3o. Foto - Laura Campanella"},{"@type":"WebSite","@id":"https:\/\/redenoticiaz.com.br\/ribeiraopreto-regiao\/#website","url":"https:\/\/redenoticiaz.com.br\/ribeiraopreto-regiao\/","name":"Ribeir\u00e3o Preto e Regi\u00e3o","description":"Rede NoticiaZ - Ribeir\u00e3o Preto e regi\u00e3o","publisher":{"@id":"https:\/\/redenoticiaz.com.br\/ribeiraopreto-regiao\/#organization"},"potentialAction":[{"@type":"SearchAction","target":{"@type":"EntryPoint","urlTemplate":"https:\/\/redenoticiaz.com.br\/ribeiraopreto-regiao\/?s={search_term_string}"},"query-input":{"@type":"PropertyValueSpecification","valueRequired":true,"valueName":"search_term_string"}}],"inLanguage":"pt-BR"},{"@type":"Organization","@id":"https:\/\/redenoticiaz.com.br\/ribeiraopreto-regiao\/#organization","name":"Ribeir\u00e3o Preto e Regi\u00e3o","url":"https:\/\/redenoticiaz.com.br\/ribeiraopreto-regiao\/","logo":{"@type":"ImageObject","inLanguage":"pt-BR","@id":"https:\/\/redenoticiaz.com.br\/ribeiraopreto-regiao\/#\/schema\/logo\/image\/","url":"https:\/\/redenoticiaz.com.br\/barretos-regiao\/wp-content\/uploads\/sites\/4\/2022\/02\/logo.jpg","contentUrl":"https:\/\/redenoticiaz.com.br\/barretos-regiao\/wp-content\/uploads\/sites\/4\/2022\/02\/logo.jpg","width":400,"height":250,"caption":"Ribeir\u00e3o Preto e Regi\u00e3o"},"image":{"@id":"https:\/\/redenoticiaz.com.br\/ribeiraopreto-regiao\/#\/schema\/logo\/image\/"},"sameAs":["https:\/\/m.facebook.com\/redenoticiaz.barretos","https:\/\/x.com\/RN_barretos","https:\/\/www.instagram.com\/redenoticiaz.barretos\/?igshid=YmMyMTA2M2Y","https:\/\/www.linkedin.com\/company\/rede-noticiaz-barretos-e-regio\/"]},{"@type":"Person","@id":"https:\/\/redenoticiaz.com.br\/ribeiraopreto-regiao\/#\/schema\/person\/1f84d6e94e6a62d2d81199d7503e9e90","name":"Carina Reifonas","image":{"@type":"ImageObject","inLanguage":"pt-BR","@id":"https:\/\/secure.gravatar.com\/avatar\/04c59859b23696cf867715880f81d5c037e60109730bdb4e6670ec2a2245bc97?s=96&d=mm&r=g","url":"https:\/\/secure.gravatar.com\/avatar\/04c59859b23696cf867715880f81d5c037e60109730bdb4e6670ec2a2245bc97?s=96&d=mm&r=g","contentUrl":"https:\/\/secure.gravatar.com\/avatar\/04c59859b23696cf867715880f81d5c037e60109730bdb4e6670ec2a2245bc97?s=96&d=mm&r=g","caption":"Carina Reifonas"},"url":"https:\/\/redenoticiaz.com.br\/ribeiraopreto-regiao\/sp\/author\/carinareifonas"}]}},"_links":{"self":[{"href":"https:\/\/redenoticiaz.com.br\/ribeiraopreto-regiao\/wp-json\/wp\/v2\/posts\/106569","targetHints":{"allow":["GET"]}}],"collection":[{"href":"https:\/\/redenoticiaz.com.br\/ribeiraopreto-regiao\/wp-json\/wp\/v2\/posts"}],"about":[{"href":"https:\/\/redenoticiaz.com.br\/ribeiraopreto-regiao\/wp-json\/wp\/v2\/types\/post"}],"author":[{"embeddable":true,"href":"https:\/\/redenoticiaz.com.br\/ribeiraopreto-regiao\/wp-json\/wp\/v2\/users\/30"}],"replies":[{"embeddable":true,"href":"https:\/\/redenoticiaz.com.br\/ribeiraopreto-regiao\/wp-json\/wp\/v2\/comments?post=106569"}],"version-history":[{"count":1,"href":"https:\/\/redenoticiaz.com.br\/ribeiraopreto-regiao\/wp-json\/wp\/v2\/posts\/106569\/revisions"}],"predecessor-version":[{"id":106571,"href":"https:\/\/redenoticiaz.com.br\/ribeiraopreto-regiao\/wp-json\/wp\/v2\/posts\/106569\/revisions\/106571"}],"wp:featuredmedia":[{"embeddable":true,"href":"https:\/\/redenoticiaz.com.br\/ribeiraopreto-regiao\/wp-json\/wp\/v2\/media\/106570"}],"wp:attachment":[{"href":"https:\/\/redenoticiaz.com.br\/ribeiraopreto-regiao\/wp-json\/wp\/v2\/media?parent=106569"}],"wp:term":[{"taxonomy":"category","embeddable":true,"href":"https:\/\/redenoticiaz.com.br\/ribeiraopreto-regiao\/wp-json\/wp\/v2\/categories?post=106569"},{"taxonomy":"post_tag","embeddable":true,"href":"https:\/\/redenoticiaz.com.br\/ribeiraopreto-regiao\/wp-json\/wp\/v2\/tags?post=106569"}],"curies":[{"name":"wp","href":"https:\/\/api.w.org\/{rel}","templated":true}]}}