{"id":107075,"date":"2023-06-18T11:00:18","date_gmt":"2023-06-18T14:00:18","guid":{"rendered":"https:\/\/redenoticiaz.com.br\/barretos-regiao\/?p=107075"},"modified":"2023-06-16T21:40:14","modified_gmt":"2023-06-17T00:40:14","slug":"pesquisadores-buscam-vacina-contra-a-febre-maculosa","status":"publish","type":"post","link":"https:\/\/redenoticiaz.com.br\/ribeiraopreto-regiao\/sp\/2023\/06\/18\/pesquisadores-buscam-vacina-contra-a-febre-maculosa","title":{"rendered":"Pesquisadores buscam vacina contra a febre maculosa"},"content":{"rendered":"<p>Estudo do Instituto de Ci\u00eancias Biom\u00e9dicas da Universidade de S\u00e3o Paulo (ICB-USP) identificou uma forma de reduzir o crescimento da bact\u00e9ria causadora da febre maculosa nos carrapatos e tornar o aracn\u00eddeo mais resistente \u00e0 infec\u00e7\u00e3o. O conhecimento desse mecanismo de intera\u00e7\u00e3o entre hospedeiro e bact\u00e9ria permite avan\u00e7ar em metodologias para desenvolvimento de vacinas.<img decoding=\"async\" src=\"https:\/\/agenciabrasil.ebc.com.br\/ebc.png?id=1538620&amp;o=node\" \/><img decoding=\"async\" src=\"https:\/\/agenciabrasil.ebc.com.br\/ebc.gif?id=1538620&amp;o=node\" \/><\/p>\n<p>A pesquisa \u00e9 baseada em estudos anteriores que mostraram que a bact\u00e9ria Rickettsia rickettsii, que provoca a febre maculosa, inibe a morte das c\u00e9lulas do carrapato, o que favorece o crescimento do animal, dando mais tempo para a bact\u00e9ria se proliferar e infectar novas c\u00e9lulas.<\/p>\n<p>O artigo, publicado na revista Parasites &amp; Vectors, demonstrou a possibilidade de silenciar o gene da principal prote\u00edna respons\u00e1vel por impedir a morte programada das c\u00e9lulas, chamada de apoptose, no carrapato-estrela.<\/p>\n<p>De acordo com a professora do Departamento de Parasitologia do ICB-USP e coordenadora do estudo, Andrea Cristina Foga\u00e7a, a alimenta\u00e7\u00e3o dos carrapatos foi reproduzida em laborat\u00f3rio, com sangue de coelhos infectados e n\u00e3o infectados por Rickettsia rickettsii\u00a0e, independentemente da infec\u00e7\u00e3o, os parasitas morriam ao se alimentar, o que indicou a possibilidade n\u00e3o s\u00f3 de bloquear a infec\u00e7\u00e3o como de conter e diminuir popula\u00e7\u00e3o nos hospedeiros.<\/p>\n<p>\u201cO que meu grupo de pesquisa estuda s\u00e3o as intera\u00e7\u00f5es que acontecem entre o carrapato e a bact\u00e9ria que causa essa doen\u00e7a. Nosso objetivo com a pesquisa foi o de entender quais s\u00e3o as intera\u00e7\u00f5es e as mol\u00e9culas que s\u00e3o importantes para a intera\u00e7\u00e3o entre a bact\u00e9ria e o vetor, porque queremos identificar alguns potenciais alvos para o desenvolvimento de vacinas, tanto para diminui\u00e7\u00e3o da popula\u00e7\u00e3o do carrapato como para o bloqueio da transmiss\u00e3o da bact\u00e9ria\u201d, explicou a pesquisadora.<\/p>\n<p>Ainda n\u00e3o h\u00e1 previs\u00e3o para a produ\u00e7\u00e3o de uma vacina contra a febre maculosa, porque novos estudos ser\u00e3o conduzidos nesse sentido. \u201cN\u00e3o temos no horizonte pr\u00f3ximo a perspectiva de uma vacina dispon\u00edvel. E se tivermos e quando tivermos, vamos conseguir uma redu\u00e7\u00e3o da popula\u00e7\u00e3o do carrapato. Eu acredito que essa prote\u00edna levar\u00e1 tamb\u00e9m a prote\u00e7\u00e3o dos animais que s\u00e3o utilizados pelo carrapato para se alimentar, como cavalos, e termos uma redu\u00e7\u00e3o da popula\u00e7\u00e3o de carrapatos que transmitem a bact\u00e9ria\u201d, disse.<\/p>\n<p>Os pr\u00f3ximos passos da pesquisa s\u00e3o confirmar que a alimenta\u00e7\u00e3o sangu\u00ednea \u00e9 realmente o fator que promove a apoptose pela produ\u00e7\u00e3o de esp\u00e9cies reativas de oxig\u00eanio e, possivelmente, expandir os experimentos para outras esp\u00e9cies de carrapato.<\/p>\n<p>A pesquisa foi conduzida com o apoio da Funda\u00e7\u00e3o de Amparo \u00e0 Pesquisa do Estado de S\u00e3o Paulo (Fapesp).<\/p>\n<p><strong>Leia mais<\/strong><\/p>\n<p><a href=\"https:\/\/redenoticiaz.com.br\/blog\/2023\/06\/14\/mais-dois-casos-de-febre-maculosa-sao-registrados-em-campinas\">Itupeva registra 6 casos suspeitos de febre maculosa<\/a><\/p>\n","protected":false},"excerpt":{"rendered":"<p>Estudo do Instituto de Ci\u00eancias Biom\u00e9dicas da Universidade de S\u00e3o Paulo (ICB-USP) identificou uma forma de reduzir o crescimento da bact\u00e9ria causadora da febre maculosa nos carrapatos e tornar o aracn\u00eddeo mais resistente \u00e0 infec\u00e7\u00e3o. O conhecimento desse mecanismo de intera\u00e7\u00e3o entre hospedeiro e bact\u00e9ria permite avan\u00e7ar em metodologias para desenvolvimento de vacinas. A pesquisa &hellip;<\/p>\n","protected":false},"author":12,"featured_media":107076,"comment_status":"open","ping_status":"closed","sticky":false,"template":"","format":"standard","meta":{"footnotes":""},"categories":[129],"tags":[27677,27678,27559,27681],"class_list":["post-107075","post","type-post","status-publish","format-standard","has-post-thumbnail","hentry","category-saude","tag-casos-febre-maculosa","tag-febre","tag-febre-maculosa","tag-febre-maculosa-casos"],"yoast_head":"<!-- This site is optimized with the Yoast SEO plugin v27.4 - https:\/\/yoast.com\/product\/yoast-seo-wordpress\/ -->\n<title>Pesquisadores buscam vacina contra a febre maculosa - Ribeir\u00e3o Preto e Regi\u00e3o<\/title>\n<meta name=\"description\" content=\"A pesquisa \u00e9 baseada em estudos anteriores que mostraram que a bact\u00e9ria Rickettsia rickettsii, que provoca a febre maculosa, inibe a morte das c\u00e9lulas do carrapato\" \/>\n<meta name=\"robots\" content=\"index, follow, max-snippet:-1, max-image-preview:large, max-video-preview:-1\" \/>\n<link rel=\"canonical\" href=\"https:\/\/redenoticiaz.com.br\/ribeiraopreto-regiao\/sp\/2023\/06\/18\/pesquisadores-buscam-vacina-contra-a-febre-maculosa\" \/>\n<meta property=\"og:locale\" content=\"pt_BR\" \/>\n<meta property=\"og:type\" content=\"article\" \/>\n<meta property=\"og:title\" content=\"Pesquisadores buscam vacina contra a febre maculosa - Ribeir\u00e3o Preto e Regi\u00e3o\" \/>\n<meta property=\"og:description\" content=\"A pesquisa \u00e9 baseada em estudos anteriores que mostraram que a bact\u00e9ria Rickettsia rickettsii, que provoca a febre maculosa, inibe a morte das c\u00e9lulas do carrapato\" \/>\n<meta property=\"og:url\" content=\"https:\/\/redenoticiaz.com.br\/ribeiraopreto-regiao\/sp\/2023\/06\/18\/pesquisadores-buscam-vacina-contra-a-febre-maculosa\" \/>\n<meta property=\"og:site_name\" content=\"Ribeir\u00e3o Preto e Regi\u00e3o\" \/>\n<meta property=\"article:publisher\" content=\"https:\/\/m.facebook.com\/redenoticiaz.barretos\" \/>\n<meta property=\"article:published_time\" content=\"2023-06-18T14:00:18+00:00\" \/>\n<meta property=\"og:image\" content=\"https:\/\/redenoticiaz.com.br\/ribeiraopreto-regiao\/wp-content\/uploads\/sites\/4\/2023\/06\/Sem-titulo-5.jpg?v=1686864301\" \/>\n\t<meta property=\"og:image:width\" content=\"673\" \/>\n\t<meta property=\"og:image:height\" content=\"458\" \/>\n\t<meta property=\"og:image:type\" content=\"image\/jpeg\" \/>\n<meta name=\"author\" content=\"Gustavo Silva\" \/>\n<meta name=\"twitter:card\" content=\"summary_large_image\" \/>\n<meta name=\"twitter:creator\" content=\"@RN_barretos\" \/>\n<meta name=\"twitter:site\" content=\"@RN_barretos\" \/>\n<meta name=\"twitter:label1\" content=\"Escrito por\" \/>\n\t<meta name=\"twitter:data1\" content=\"Gustavo Silva\" \/>\n\t<meta name=\"twitter:label2\" content=\"Est. tempo de leitura\" \/>\n\t<meta name=\"twitter:data2\" content=\"3 minutos\" \/>\n<script type=\"application\/ld+json\" class=\"yoast-schema-graph\">{\"@context\":\"https:\\\/\\\/schema.org\",\"@graph\":[{\"@type\":\"Article\",\"@id\":\"https:\\\/\\\/redenoticiaz.com.br\\\/ribeiraopreto-regiao\\\/sp\\\/2023\\\/06\\\/18\\\/pesquisadores-buscam-vacina-contra-a-febre-maculosa#article\",\"isPartOf\":{\"@id\":\"https:\\\/\\\/redenoticiaz.com.br\\\/ribeiraopreto-regiao\\\/sp\\\/2023\\\/06\\\/18\\\/pesquisadores-buscam-vacina-contra-a-febre-maculosa\"},\"author\":{\"name\":\"Gustavo Silva\",\"@id\":\"https:\\\/\\\/redenoticiaz.com.br\\\/ribeiraopreto-regiao\\\/#\\\/schema\\\/person\\\/16057b37a3c0ee6b096d7f887c566e2e\"},\"headline\":\"Pesquisadores buscam vacina contra a febre maculosa\",\"datePublished\":\"2023-06-18T14:00:18+00:00\",\"mainEntityOfPage\":{\"@id\":\"https:\\\/\\\/redenoticiaz.com.br\\\/ribeiraopreto-regiao\\\/sp\\\/2023\\\/06\\\/18\\\/pesquisadores-buscam-vacina-contra-a-febre-maculosa\"},\"wordCount\":485,\"commentCount\":0,\"publisher\":{\"@id\":\"https:\\\/\\\/redenoticiaz.com.br\\\/ribeiraopreto-regiao\\\/#organization\"},\"image\":{\"@id\":\"https:\\\/\\\/redenoticiaz.com.br\\\/ribeiraopreto-regiao\\\/sp\\\/2023\\\/06\\\/18\\\/pesquisadores-buscam-vacina-contra-a-febre-maculosa#primaryimage\"},\"thumbnailUrl\":\"https:\\\/\\\/redenoticiaz.com.br\\\/ribeiraopreto-regiao\\\/wp-content\\\/uploads\\\/sites\\\/4\\\/2023\\\/06\\\/Sem-titulo-5.jpg?v=1686864301\",\"keywords\":[\"casos febre maculosa\",\"febre\",\"FEBRE MACULOSA\",\"febre maculosa casos\"],\"articleSection\":[\"Sa\u00fade\"],\"inLanguage\":\"pt-BR\",\"potentialAction\":[{\"@type\":\"CommentAction\",\"name\":\"Comment\",\"target\":[\"https:\\\/\\\/redenoticiaz.com.br\\\/ribeiraopreto-regiao\\\/sp\\\/2023\\\/06\\\/18\\\/pesquisadores-buscam-vacina-contra-a-febre-maculosa#respond\"]}]},{\"@type\":\"WebPage\",\"@id\":\"https:\\\/\\\/redenoticiaz.com.br\\\/ribeiraopreto-regiao\\\/sp\\\/2023\\\/06\\\/18\\\/pesquisadores-buscam-vacina-contra-a-febre-maculosa\",\"url\":\"https:\\\/\\\/redenoticiaz.com.br\\\/ribeiraopreto-regiao\\\/sp\\\/2023\\\/06\\\/18\\\/pesquisadores-buscam-vacina-contra-a-febre-maculosa\",\"name\":\"Pesquisadores buscam vacina contra a febre maculosa - Ribeir\u00e3o Preto e Regi\u00e3o\",\"isPartOf\":{\"@id\":\"https:\\\/\\\/redenoticiaz.com.br\\\/ribeiraopreto-regiao\\\/#website\"},\"primaryImageOfPage\":{\"@id\":\"https:\\\/\\\/redenoticiaz.com.br\\\/ribeiraopreto-regiao\\\/sp\\\/2023\\\/06\\\/18\\\/pesquisadores-buscam-vacina-contra-a-febre-maculosa#primaryimage\"},\"image\":{\"@id\":\"https:\\\/\\\/redenoticiaz.com.br\\\/ribeiraopreto-regiao\\\/sp\\\/2023\\\/06\\\/18\\\/pesquisadores-buscam-vacina-contra-a-febre-maculosa#primaryimage\"},\"thumbnailUrl\":\"https:\\\/\\\/redenoticiaz.com.br\\\/ribeiraopreto-regiao\\\/wp-content\\\/uploads\\\/sites\\\/4\\\/2023\\\/06\\\/Sem-titulo-5.jpg?v=1686864301\",\"datePublished\":\"2023-06-18T14:00:18+00:00\",\"description\":\"A pesquisa \u00e9 baseada em estudos anteriores que mostraram que a bact\u00e9ria Rickettsia rickettsii, que provoca a febre maculosa, inibe a morte das c\u00e9lulas do carrapato\",\"inLanguage\":\"pt-BR\",\"potentialAction\":[{\"@type\":\"ReadAction\",\"target\":[\"https:\\\/\\\/redenoticiaz.com.br\\\/ribeiraopreto-regiao\\\/sp\\\/2023\\\/06\\\/18\\\/pesquisadores-buscam-vacina-contra-a-febre-maculosa\"]}]},{\"@type\":\"ImageObject\",\"inLanguage\":\"pt-BR\",\"@id\":\"https:\\\/\\\/redenoticiaz.com.br\\\/ribeiraopreto-regiao\\\/sp\\\/2023\\\/06\\\/18\\\/pesquisadores-buscam-vacina-contra-a-febre-maculosa#primaryimage\",\"url\":\"https:\\\/\\\/redenoticiaz.com.br\\\/ribeiraopreto-regiao\\\/wp-content\\\/uploads\\\/sites\\\/4\\\/2023\\\/06\\\/Sem-titulo-5.jpg?v=1686864301\",\"contentUrl\":\"https:\\\/\\\/redenoticiaz.com.br\\\/ribeiraopreto-regiao\\\/wp-content\\\/uploads\\\/sites\\\/4\\\/2023\\\/06\\\/Sem-titulo-5.jpg?v=1686864301\",\"width\":673,\"height\":458,\"caption\":\"Jundia\u00ed est\u00e1 com sete casos suspeitos de Febre Maculosa\"},{\"@type\":\"WebSite\",\"@id\":\"https:\\\/\\\/redenoticiaz.com.br\\\/ribeiraopreto-regiao\\\/#website\",\"url\":\"https:\\\/\\\/redenoticiaz.com.br\\\/ribeiraopreto-regiao\\\/\",\"name\":\"Ribeir\u00e3o Preto e Regi\u00e3o\",\"description\":\"Rede NoticiaZ - Ribeir\u00e3o Preto e regi\u00e3o\",\"publisher\":{\"@id\":\"https:\\\/\\\/redenoticiaz.com.br\\\/ribeiraopreto-regiao\\\/#organization\"},\"potentialAction\":[{\"@type\":\"SearchAction\",\"target\":{\"@type\":\"EntryPoint\",\"urlTemplate\":\"https:\\\/\\\/redenoticiaz.com.br\\\/ribeiraopreto-regiao\\\/?s={search_term_string}\"},\"query-input\":{\"@type\":\"PropertyValueSpecification\",\"valueRequired\":true,\"valueName\":\"search_term_string\"}}],\"inLanguage\":\"pt-BR\"},{\"@type\":\"Organization\",\"@id\":\"https:\\\/\\\/redenoticiaz.com.br\\\/ribeiraopreto-regiao\\\/#organization\",\"name\":\"Ribeir\u00e3o Preto e Regi\u00e3o\",\"url\":\"https:\\\/\\\/redenoticiaz.com.br\\\/ribeiraopreto-regiao\\\/\",\"logo\":{\"@type\":\"ImageObject\",\"inLanguage\":\"pt-BR\",\"@id\":\"https:\\\/\\\/redenoticiaz.com.br\\\/ribeiraopreto-regiao\\\/#\\\/schema\\\/logo\\\/image\\\/\",\"url\":\"https:\\\/\\\/redenoticiaz.com.br\\\/barretos-regiao\\\/wp-content\\\/uploads\\\/sites\\\/4\\\/2022\\\/02\\\/logo.jpg\",\"contentUrl\":\"https:\\\/\\\/redenoticiaz.com.br\\\/barretos-regiao\\\/wp-content\\\/uploads\\\/sites\\\/4\\\/2022\\\/02\\\/logo.jpg\",\"width\":400,\"height\":250,\"caption\":\"Ribeir\u00e3o Preto e Regi\u00e3o\"},\"image\":{\"@id\":\"https:\\\/\\\/redenoticiaz.com.br\\\/ribeiraopreto-regiao\\\/#\\\/schema\\\/logo\\\/image\\\/\"},\"sameAs\":[\"https:\\\/\\\/m.facebook.com\\\/redenoticiaz.barretos\",\"https:\\\/\\\/x.com\\\/RN_barretos\",\"https:\\\/\\\/www.instagram.com\\\/redenoticiaz.barretos\\\/?igshid=YmMyMTA2M2Y\",\"https:\\\/\\\/www.linkedin.com\\\/company\\\/rede-noticiaz-barretos-e-regio\\\/\"]},{\"@type\":\"Person\",\"@id\":\"https:\\\/\\\/redenoticiaz.com.br\\\/ribeiraopreto-regiao\\\/#\\\/schema\\\/person\\\/16057b37a3c0ee6b096d7f887c566e2e\",\"name\":\"Gustavo Silva\",\"image\":{\"@type\":\"ImageObject\",\"inLanguage\":\"pt-BR\",\"@id\":\"https:\\\/\\\/secure.gravatar.com\\\/avatar\\\/3ee4e82f93b26de0a7cf4ea5eb7893da637ed6bb0c9170c58065944c56e28a33?s=96&d=mm&r=g\",\"url\":\"https:\\\/\\\/secure.gravatar.com\\\/avatar\\\/3ee4e82f93b26de0a7cf4ea5eb7893da637ed6bb0c9170c58065944c56e28a33?s=96&d=mm&r=g\",\"contentUrl\":\"https:\\\/\\\/secure.gravatar.com\\\/avatar\\\/3ee4e82f93b26de0a7cf4ea5eb7893da637ed6bb0c9170c58065944c56e28a33?s=96&d=mm&r=g\",\"caption\":\"Gustavo Silva\"},\"url\":\"https:\\\/\\\/redenoticiaz.com.br\\\/ribeiraopreto-regiao\\\/sp\\\/author\\\/gustavosilva\"}]}<\/script>\n<!-- \/ Yoast SEO plugin. -->","yoast_head_json":{"title":"Pesquisadores buscam vacina contra a febre maculosa - Ribeir\u00e3o Preto e Regi\u00e3o","description":"A pesquisa \u00e9 baseada em estudos anteriores que mostraram que a bact\u00e9ria Rickettsia rickettsii, que provoca a febre maculosa, inibe a morte das c\u00e9lulas do carrapato","robots":{"index":"index","follow":"follow","max-snippet":"max-snippet:-1","max-image-preview":"max-image-preview:large","max-video-preview":"max-video-preview:-1"},"canonical":"https:\/\/redenoticiaz.com.br\/ribeiraopreto-regiao\/sp\/2023\/06\/18\/pesquisadores-buscam-vacina-contra-a-febre-maculosa","og_locale":"pt_BR","og_type":"article","og_title":"Pesquisadores buscam vacina contra a febre maculosa - Ribeir\u00e3o Preto e Regi\u00e3o","og_description":"A pesquisa \u00e9 baseada em estudos anteriores que mostraram que a bact\u00e9ria Rickettsia rickettsii, que provoca a febre maculosa, inibe a morte das c\u00e9lulas do carrapato","og_url":"https:\/\/redenoticiaz.com.br\/ribeiraopreto-regiao\/sp\/2023\/06\/18\/pesquisadores-buscam-vacina-contra-a-febre-maculosa","og_site_name":"Ribeir\u00e3o Preto e Regi\u00e3o","article_publisher":"https:\/\/m.facebook.com\/redenoticiaz.barretos","article_published_time":"2023-06-18T14:00:18+00:00","og_image":[{"width":673,"height":458,"url":"https:\/\/redenoticiaz.com.br\/ribeiraopreto-regiao\/wp-content\/uploads\/sites\/4\/2023\/06\/Sem-titulo-5.jpg?v=1686864301","type":"image\/jpeg"}],"author":"Gustavo Silva","twitter_card":"summary_large_image","twitter_creator":"@RN_barretos","twitter_site":"@RN_barretos","twitter_misc":{"Escrito por":"Gustavo Silva","Est. tempo de leitura":"3 minutos"},"schema":{"@context":"https:\/\/schema.org","@graph":[{"@type":"Article","@id":"https:\/\/redenoticiaz.com.br\/ribeiraopreto-regiao\/sp\/2023\/06\/18\/pesquisadores-buscam-vacina-contra-a-febre-maculosa#article","isPartOf":{"@id":"https:\/\/redenoticiaz.com.br\/ribeiraopreto-regiao\/sp\/2023\/06\/18\/pesquisadores-buscam-vacina-contra-a-febre-maculosa"},"author":{"name":"Gustavo Silva","@id":"https:\/\/redenoticiaz.com.br\/ribeiraopreto-regiao\/#\/schema\/person\/16057b37a3c0ee6b096d7f887c566e2e"},"headline":"Pesquisadores buscam vacina contra a febre maculosa","datePublished":"2023-06-18T14:00:18+00:00","mainEntityOfPage":{"@id":"https:\/\/redenoticiaz.com.br\/ribeiraopreto-regiao\/sp\/2023\/06\/18\/pesquisadores-buscam-vacina-contra-a-febre-maculosa"},"wordCount":485,"commentCount":0,"publisher":{"@id":"https:\/\/redenoticiaz.com.br\/ribeiraopreto-regiao\/#organization"},"image":{"@id":"https:\/\/redenoticiaz.com.br\/ribeiraopreto-regiao\/sp\/2023\/06\/18\/pesquisadores-buscam-vacina-contra-a-febre-maculosa#primaryimage"},"thumbnailUrl":"https:\/\/redenoticiaz.com.br\/ribeiraopreto-regiao\/wp-content\/uploads\/sites\/4\/2023\/06\/Sem-titulo-5.jpg?v=1686864301","keywords":["casos febre maculosa","febre","FEBRE MACULOSA","febre maculosa casos"],"articleSection":["Sa\u00fade"],"inLanguage":"pt-BR","potentialAction":[{"@type":"CommentAction","name":"Comment","target":["https:\/\/redenoticiaz.com.br\/ribeiraopreto-regiao\/sp\/2023\/06\/18\/pesquisadores-buscam-vacina-contra-a-febre-maculosa#respond"]}]},{"@type":"WebPage","@id":"https:\/\/redenoticiaz.com.br\/ribeiraopreto-regiao\/sp\/2023\/06\/18\/pesquisadores-buscam-vacina-contra-a-febre-maculosa","url":"https:\/\/redenoticiaz.com.br\/ribeiraopreto-regiao\/sp\/2023\/06\/18\/pesquisadores-buscam-vacina-contra-a-febre-maculosa","name":"Pesquisadores buscam vacina contra a febre maculosa - Ribeir\u00e3o Preto e Regi\u00e3o","isPartOf":{"@id":"https:\/\/redenoticiaz.com.br\/ribeiraopreto-regiao\/#website"},"primaryImageOfPage":{"@id":"https:\/\/redenoticiaz.com.br\/ribeiraopreto-regiao\/sp\/2023\/06\/18\/pesquisadores-buscam-vacina-contra-a-febre-maculosa#primaryimage"},"image":{"@id":"https:\/\/redenoticiaz.com.br\/ribeiraopreto-regiao\/sp\/2023\/06\/18\/pesquisadores-buscam-vacina-contra-a-febre-maculosa#primaryimage"},"thumbnailUrl":"https:\/\/redenoticiaz.com.br\/ribeiraopreto-regiao\/wp-content\/uploads\/sites\/4\/2023\/06\/Sem-titulo-5.jpg?v=1686864301","datePublished":"2023-06-18T14:00:18+00:00","description":"A pesquisa \u00e9 baseada em estudos anteriores que mostraram que a bact\u00e9ria Rickettsia rickettsii, que provoca a febre maculosa, inibe a morte das c\u00e9lulas do carrapato","inLanguage":"pt-BR","potentialAction":[{"@type":"ReadAction","target":["https:\/\/redenoticiaz.com.br\/ribeiraopreto-regiao\/sp\/2023\/06\/18\/pesquisadores-buscam-vacina-contra-a-febre-maculosa"]}]},{"@type":"ImageObject","inLanguage":"pt-BR","@id":"https:\/\/redenoticiaz.com.br\/ribeiraopreto-regiao\/sp\/2023\/06\/18\/pesquisadores-buscam-vacina-contra-a-febre-maculosa#primaryimage","url":"https:\/\/redenoticiaz.com.br\/ribeiraopreto-regiao\/wp-content\/uploads\/sites\/4\/2023\/06\/Sem-titulo-5.jpg?v=1686864301","contentUrl":"https:\/\/redenoticiaz.com.br\/ribeiraopreto-regiao\/wp-content\/uploads\/sites\/4\/2023\/06\/Sem-titulo-5.jpg?v=1686864301","width":673,"height":458,"caption":"Jundia\u00ed est\u00e1 com sete casos suspeitos de Febre Maculosa"},{"@type":"WebSite","@id":"https:\/\/redenoticiaz.com.br\/ribeiraopreto-regiao\/#website","url":"https:\/\/redenoticiaz.com.br\/ribeiraopreto-regiao\/","name":"Ribeir\u00e3o Preto e Regi\u00e3o","description":"Rede NoticiaZ - Ribeir\u00e3o Preto e regi\u00e3o","publisher":{"@id":"https:\/\/redenoticiaz.com.br\/ribeiraopreto-regiao\/#organization"},"potentialAction":[{"@type":"SearchAction","target":{"@type":"EntryPoint","urlTemplate":"https:\/\/redenoticiaz.com.br\/ribeiraopreto-regiao\/?s={search_term_string}"},"query-input":{"@type":"PropertyValueSpecification","valueRequired":true,"valueName":"search_term_string"}}],"inLanguage":"pt-BR"},{"@type":"Organization","@id":"https:\/\/redenoticiaz.com.br\/ribeiraopreto-regiao\/#organization","name":"Ribeir\u00e3o Preto e Regi\u00e3o","url":"https:\/\/redenoticiaz.com.br\/ribeiraopreto-regiao\/","logo":{"@type":"ImageObject","inLanguage":"pt-BR","@id":"https:\/\/redenoticiaz.com.br\/ribeiraopreto-regiao\/#\/schema\/logo\/image\/","url":"https:\/\/redenoticiaz.com.br\/barretos-regiao\/wp-content\/uploads\/sites\/4\/2022\/02\/logo.jpg","contentUrl":"https:\/\/redenoticiaz.com.br\/barretos-regiao\/wp-content\/uploads\/sites\/4\/2022\/02\/logo.jpg","width":400,"height":250,"caption":"Ribeir\u00e3o Preto e Regi\u00e3o"},"image":{"@id":"https:\/\/redenoticiaz.com.br\/ribeiraopreto-regiao\/#\/schema\/logo\/image\/"},"sameAs":["https:\/\/m.facebook.com\/redenoticiaz.barretos","https:\/\/x.com\/RN_barretos","https:\/\/www.instagram.com\/redenoticiaz.barretos\/?igshid=YmMyMTA2M2Y","https:\/\/www.linkedin.com\/company\/rede-noticiaz-barretos-e-regio\/"]},{"@type":"Person","@id":"https:\/\/redenoticiaz.com.br\/ribeiraopreto-regiao\/#\/schema\/person\/16057b37a3c0ee6b096d7f887c566e2e","name":"Gustavo Silva","image":{"@type":"ImageObject","inLanguage":"pt-BR","@id":"https:\/\/secure.gravatar.com\/avatar\/3ee4e82f93b26de0a7cf4ea5eb7893da637ed6bb0c9170c58065944c56e28a33?s=96&d=mm&r=g","url":"https:\/\/secure.gravatar.com\/avatar\/3ee4e82f93b26de0a7cf4ea5eb7893da637ed6bb0c9170c58065944c56e28a33?s=96&d=mm&r=g","contentUrl":"https:\/\/secure.gravatar.com\/avatar\/3ee4e82f93b26de0a7cf4ea5eb7893da637ed6bb0c9170c58065944c56e28a33?s=96&d=mm&r=g","caption":"Gustavo Silva"},"url":"https:\/\/redenoticiaz.com.br\/ribeiraopreto-regiao\/sp\/author\/gustavosilva"}]}},"_links":{"self":[{"href":"https:\/\/redenoticiaz.com.br\/ribeiraopreto-regiao\/wp-json\/wp\/v2\/posts\/107075","targetHints":{"allow":["GET"]}}],"collection":[{"href":"https:\/\/redenoticiaz.com.br\/ribeiraopreto-regiao\/wp-json\/wp\/v2\/posts"}],"about":[{"href":"https:\/\/redenoticiaz.com.br\/ribeiraopreto-regiao\/wp-json\/wp\/v2\/types\/post"}],"author":[{"embeddable":true,"href":"https:\/\/redenoticiaz.com.br\/ribeiraopreto-regiao\/wp-json\/wp\/v2\/users\/12"}],"replies":[{"embeddable":true,"href":"https:\/\/redenoticiaz.com.br\/ribeiraopreto-regiao\/wp-json\/wp\/v2\/comments?post=107075"}],"version-history":[{"count":0,"href":"https:\/\/redenoticiaz.com.br\/ribeiraopreto-regiao\/wp-json\/wp\/v2\/posts\/107075\/revisions"}],"wp:featuredmedia":[{"embeddable":true,"href":"https:\/\/redenoticiaz.com.br\/ribeiraopreto-regiao\/wp-json\/wp\/v2\/media\/107076"}],"wp:attachment":[{"href":"https:\/\/redenoticiaz.com.br\/ribeiraopreto-regiao\/wp-json\/wp\/v2\/media?parent=107075"}],"wp:term":[{"taxonomy":"category","embeddable":true,"href":"https:\/\/redenoticiaz.com.br\/ribeiraopreto-regiao\/wp-json\/wp\/v2\/categories?post=107075"},{"taxonomy":"post_tag","embeddable":true,"href":"https:\/\/redenoticiaz.com.br\/ribeiraopreto-regiao\/wp-json\/wp\/v2\/tags?post=107075"}],"curies":[{"name":"wp","href":"https:\/\/api.w.org\/{rel}","templated":true}]}}