{"id":107099,"date":"2023-06-19T08:50:16","date_gmt":"2023-06-19T11:50:16","guid":{"rendered":"https:\/\/redenoticiaz.com.br\/barretos-regiao\/?p=107099"},"modified":"2023-06-19T08:50:16","modified_gmt":"2023-06-19T11:50:16","slug":"prefeitura-intensifica-atendimento-de-pessoas-em-situacao-de-rua","status":"publish","type":"post","link":"https:\/\/redenoticiaz.com.br\/ribeiraopreto-regiao\/sp\/2023\/06\/19\/prefeitura-intensifica-atendimento-de-pessoas-em-situacao-de-rua","title":{"rendered":"Prefeitura intensifica atendimento de pessoas em situa\u00e7\u00e3o de rua"},"content":{"rendered":"<div>\n<p class=\"v1MsoNormal\">A prefeitura de Gua\u00edra, atrav\u00e9s da Diretoria Municipal de Assist\u00eancia, Desenvolvimento e Inclus\u00e3o Social e a Casa de Passagem, est\u00e1 intensificando as abordagens sociais \u00e0s pessoas em situa\u00e7\u00e3o de rua pelo munic\u00edpio devido \u00e0 onda de frio que est\u00e1 atingindo Gua\u00edra neste final de semana.<\/p>\n<p class=\"v1MsoNormal\">Assim, os profissionais do servi\u00e7o especializado de abordagem social est\u00e3o abordando as pessoas de rua, fazendo orienta\u00e7\u00f5es e convidando todas para se recolherem \u00e0 Casa de Passagem, onde recebem alimenta\u00e7\u00e3o, banho, pernoites e roupas\/agasalhos, com o objetivo de convencer o maior n\u00famero a aceitarem o acolhimento.<\/p>\n<p class=\"v1MsoNormal\">&#8220;J\u00e1 conseguimos a aceita\u00e7\u00e3o de 14 pessoas em situa\u00e7\u00e3o de rua, que foram encaminhadas para a Casa de Passagem, onde j\u00e1 foram atendidas e est\u00e3o devidamente instaladas. Estamos, agora, tentando convencer aqueles casos mais complexos, para que todos estejam abrigados deste frio intenso em nossa cidade, pelo menos neste final de semana&#8221;, afirma a diretora de assist\u00eancia, Silmara Reis.<\/p>\n<\/div>\n<div><\/div>\n<h3><strong>LEIA MAIS\u00a0<\/strong><\/h3>\n<p><a href=\"https:\/\/redenoticiaz.com.br\/barretos-regiao\/sp\/2023\/06\/18\/conquista-para-familias-prefeitura-rgulariza-moradias-em-bairros-de-barretos\">Conquista para as fam\u00edlias: Prefeitura regulariza moradias em bairros de Barretos<\/a><\/p>\n","protected":false},"excerpt":{"rendered":"<p>A prefeitura de Gua\u00edra, atrav\u00e9s da Diretoria Municipal de Assist\u00eancia, Desenvolvimento e Inclus\u00e3o Social e a Casa de Passagem, est\u00e1 intensificando as abordagens sociais \u00e0s pessoas em situa\u00e7\u00e3o de rua pelo munic\u00edpio devido \u00e0 onda de frio que est\u00e1 atingindo Gua\u00edra neste final de semana. Assim, os profissionais do servi\u00e7o especializado de abordagem social est\u00e3o &hellip;<\/p>\n","protected":false},"author":30,"featured_media":107100,"comment_status":"open","ping_status":"closed","sticky":false,"template":"","format":"standard","meta":{"footnotes":""},"categories":[252,1771,67],"tags":[18247,27693,16919,16917],"class_list":["post-107099","post","type-post","status-publish","format-standard","has-post-thumbnail","hentry","category-acao-social","category-climatologia","category-direitos-humanos","tag-agentes","tag-baixa-temperatura","tag-casa-de-passagem","tag-situacao-de-rua"],"yoast_head":"<!-- This site is optimized with the Yoast SEO plugin v27.4 - https:\/\/yoast.com\/product\/yoast-seo-wordpress\/ -->\n<title>Prefeitura intensifica atendimento de pessoas em situa\u00e7\u00e3o de rua - Ribeir\u00e3o Preto e Regi\u00e3o<\/title>\n<meta name=\"description\" content=\"Desenvolvimento e Inclus\u00e3o Social e a Casa de Passagem, est\u00e1 intensificando as abordagens sociais \u00e0s pessoas em situa\u00e7\u00e3o de rua\" \/>\n<meta name=\"robots\" content=\"index, follow, max-snippet:-1, max-image-preview:large, max-video-preview:-1\" \/>\n<link rel=\"canonical\" href=\"https:\/\/redenoticiaz.com.br\/ribeiraopreto-regiao\/sp\/2023\/06\/19\/prefeitura-intensifica-atendimento-de-pessoas-em-situacao-de-rua\" \/>\n<meta property=\"og:locale\" content=\"pt_BR\" \/>\n<meta property=\"og:type\" content=\"article\" \/>\n<meta property=\"og:title\" content=\"Prefeitura intensifica atendimento de pessoas em situa\u00e7\u00e3o de rua - Ribeir\u00e3o Preto e Regi\u00e3o\" \/>\n<meta property=\"og:description\" content=\"Desenvolvimento e Inclus\u00e3o Social e a Casa de Passagem, est\u00e1 intensificando as abordagens sociais \u00e0s pessoas em situa\u00e7\u00e3o de rua\" \/>\n<meta property=\"og:url\" content=\"https:\/\/redenoticiaz.com.br\/ribeiraopreto-regiao\/sp\/2023\/06\/19\/prefeitura-intensifica-atendimento-de-pessoas-em-situacao-de-rua\" \/>\n<meta property=\"og:site_name\" content=\"Ribeir\u00e3o Preto e Regi\u00e3o\" \/>\n<meta property=\"article:publisher\" content=\"https:\/\/m.facebook.com\/redenoticiaz.barretos\" \/>\n<meta property=\"article:published_time\" content=\"2023-06-19T11:50:16+00:00\" \/>\n<meta property=\"og:image\" content=\"https:\/\/redenoticiaz.com.br\/ribeiraopreto-regiao\/wp-content\/uploads\/sites\/4\/2023\/06\/Cidade-de-Guaira.png\" \/>\n\t<meta property=\"og:image:width\" content=\"1640\" \/>\n\t<meta property=\"og:image:height\" content=\"924\" \/>\n\t<meta property=\"og:image:type\" content=\"image\/png\" \/>\n<meta name=\"author\" content=\"Carina Reifonas\" \/>\n<meta name=\"twitter:card\" content=\"summary_large_image\" \/>\n<meta name=\"twitter:creator\" content=\"@RN_barretos\" \/>\n<meta name=\"twitter:site\" content=\"@RN_barretos\" \/>\n<meta name=\"twitter:label1\" content=\"Escrito por\" \/>\n\t<meta name=\"twitter:data1\" content=\"Carina Reifonas\" \/>\n\t<meta name=\"twitter:label2\" content=\"Est. tempo de leitura\" \/>\n\t<meta name=\"twitter:data2\" content=\"1 minuto\" \/>\n<script type=\"application\/ld+json\" class=\"yoast-schema-graph\">{\"@context\":\"https:\\\/\\\/schema.org\",\"@graph\":[{\"@type\":\"Article\",\"@id\":\"https:\\\/\\\/redenoticiaz.com.br\\\/ribeiraopreto-regiao\\\/sp\\\/2023\\\/06\\\/19\\\/prefeitura-intensifica-atendimento-de-pessoas-em-situacao-de-rua#article\",\"isPartOf\":{\"@id\":\"https:\\\/\\\/redenoticiaz.com.br\\\/ribeiraopreto-regiao\\\/sp\\\/2023\\\/06\\\/19\\\/prefeitura-intensifica-atendimento-de-pessoas-em-situacao-de-rua\"},\"author\":{\"name\":\"Carina Reifonas\",\"@id\":\"https:\\\/\\\/redenoticiaz.com.br\\\/ribeiraopreto-regiao\\\/#\\\/schema\\\/person\\\/1f84d6e94e6a62d2d81199d7503e9e90\"},\"headline\":\"Prefeitura intensifica atendimento de pessoas em situa\u00e7\u00e3o de rua\",\"datePublished\":\"2023-06-19T11:50:16+00:00\",\"mainEntityOfPage\":{\"@id\":\"https:\\\/\\\/redenoticiaz.com.br\\\/ribeiraopreto-regiao\\\/sp\\\/2023\\\/06\\\/19\\\/prefeitura-intensifica-atendimento-de-pessoas-em-situacao-de-rua\"},\"wordCount\":188,\"commentCount\":0,\"publisher\":{\"@id\":\"https:\\\/\\\/redenoticiaz.com.br\\\/ribeiraopreto-regiao\\\/#organization\"},\"image\":{\"@id\":\"https:\\\/\\\/redenoticiaz.com.br\\\/ribeiraopreto-regiao\\\/sp\\\/2023\\\/06\\\/19\\\/prefeitura-intensifica-atendimento-de-pessoas-em-situacao-de-rua#primaryimage\"},\"thumbnailUrl\":\"https:\\\/\\\/redenoticiaz.com.br\\\/ribeiraopreto-regiao\\\/wp-content\\\/uploads\\\/sites\\\/4\\\/2023\\\/06\\\/Cidade-de-Guaira.png\",\"keywords\":[\"agentes\",\"baixa temperatura\",\"CASA DE PASSAGEM\",\"SITUA\u00c7\u00c3O DE RUA\"],\"articleSection\":[\"A\u00e7\u00e3o Social\",\"Climatologia\",\"Direitos Humanos\"],\"inLanguage\":\"pt-BR\",\"potentialAction\":[{\"@type\":\"CommentAction\",\"name\":\"Comment\",\"target\":[\"https:\\\/\\\/redenoticiaz.com.br\\\/ribeiraopreto-regiao\\\/sp\\\/2023\\\/06\\\/19\\\/prefeitura-intensifica-atendimento-de-pessoas-em-situacao-de-rua#respond\"]}]},{\"@type\":\"WebPage\",\"@id\":\"https:\\\/\\\/redenoticiaz.com.br\\\/ribeiraopreto-regiao\\\/sp\\\/2023\\\/06\\\/19\\\/prefeitura-intensifica-atendimento-de-pessoas-em-situacao-de-rua\",\"url\":\"https:\\\/\\\/redenoticiaz.com.br\\\/ribeiraopreto-regiao\\\/sp\\\/2023\\\/06\\\/19\\\/prefeitura-intensifica-atendimento-de-pessoas-em-situacao-de-rua\",\"name\":\"Prefeitura intensifica atendimento de pessoas em situa\u00e7\u00e3o de rua - Ribeir\u00e3o Preto e Regi\u00e3o\",\"isPartOf\":{\"@id\":\"https:\\\/\\\/redenoticiaz.com.br\\\/ribeiraopreto-regiao\\\/#website\"},\"primaryImageOfPage\":{\"@id\":\"https:\\\/\\\/redenoticiaz.com.br\\\/ribeiraopreto-regiao\\\/sp\\\/2023\\\/06\\\/19\\\/prefeitura-intensifica-atendimento-de-pessoas-em-situacao-de-rua#primaryimage\"},\"image\":{\"@id\":\"https:\\\/\\\/redenoticiaz.com.br\\\/ribeiraopreto-regiao\\\/sp\\\/2023\\\/06\\\/19\\\/prefeitura-intensifica-atendimento-de-pessoas-em-situacao-de-rua#primaryimage\"},\"thumbnailUrl\":\"https:\\\/\\\/redenoticiaz.com.br\\\/ribeiraopreto-regiao\\\/wp-content\\\/uploads\\\/sites\\\/4\\\/2023\\\/06\\\/Cidade-de-Guaira.png\",\"datePublished\":\"2023-06-19T11:50:16+00:00\",\"description\":\"Desenvolvimento e Inclus\u00e3o Social e a Casa de Passagem, est\u00e1 intensificando as abordagens sociais \u00e0s pessoas em situa\u00e7\u00e3o de rua\",\"inLanguage\":\"pt-BR\",\"potentialAction\":[{\"@type\":\"ReadAction\",\"target\":[\"https:\\\/\\\/redenoticiaz.com.br\\\/ribeiraopreto-regiao\\\/sp\\\/2023\\\/06\\\/19\\\/prefeitura-intensifica-atendimento-de-pessoas-em-situacao-de-rua\"]}]},{\"@type\":\"ImageObject\",\"inLanguage\":\"pt-BR\",\"@id\":\"https:\\\/\\\/redenoticiaz.com.br\\\/ribeiraopreto-regiao\\\/sp\\\/2023\\\/06\\\/19\\\/prefeitura-intensifica-atendimento-de-pessoas-em-situacao-de-rua#primaryimage\",\"url\":\"https:\\\/\\\/redenoticiaz.com.br\\\/ribeiraopreto-regiao\\\/wp-content\\\/uploads\\\/sites\\\/4\\\/2023\\\/06\\\/Cidade-de-Guaira.png\",\"contentUrl\":\"https:\\\/\\\/redenoticiaz.com.br\\\/ribeiraopreto-regiao\\\/wp-content\\\/uploads\\\/sites\\\/4\\\/2023\\\/06\\\/Cidade-de-Guaira.png\",\"width\":1640,\"height\":924,\"caption\":\"Prefeitura intensifica atendimento de pessoas em situa\u00e7\u00e3o de rua. Cr\u00e9dito: Divulga\u00e7\u00e3o\"},{\"@type\":\"WebSite\",\"@id\":\"https:\\\/\\\/redenoticiaz.com.br\\\/ribeiraopreto-regiao\\\/#website\",\"url\":\"https:\\\/\\\/redenoticiaz.com.br\\\/ribeiraopreto-regiao\\\/\",\"name\":\"Ribeir\u00e3o Preto e Regi\u00e3o\",\"description\":\"Rede NoticiaZ - Ribeir\u00e3o Preto e regi\u00e3o\",\"publisher\":{\"@id\":\"https:\\\/\\\/redenoticiaz.com.br\\\/ribeiraopreto-regiao\\\/#organization\"},\"potentialAction\":[{\"@type\":\"SearchAction\",\"target\":{\"@type\":\"EntryPoint\",\"urlTemplate\":\"https:\\\/\\\/redenoticiaz.com.br\\\/ribeiraopreto-regiao\\\/?s={search_term_string}\"},\"query-input\":{\"@type\":\"PropertyValueSpecification\",\"valueRequired\":true,\"valueName\":\"search_term_string\"}}],\"inLanguage\":\"pt-BR\"},{\"@type\":\"Organization\",\"@id\":\"https:\\\/\\\/redenoticiaz.com.br\\\/ribeiraopreto-regiao\\\/#organization\",\"name\":\"Ribeir\u00e3o Preto e Regi\u00e3o\",\"url\":\"https:\\\/\\\/redenoticiaz.com.br\\\/ribeiraopreto-regiao\\\/\",\"logo\":{\"@type\":\"ImageObject\",\"inLanguage\":\"pt-BR\",\"@id\":\"https:\\\/\\\/redenoticiaz.com.br\\\/ribeiraopreto-regiao\\\/#\\\/schema\\\/logo\\\/image\\\/\",\"url\":\"https:\\\/\\\/redenoticiaz.com.br\\\/barretos-regiao\\\/wp-content\\\/uploads\\\/sites\\\/4\\\/2022\\\/02\\\/logo.jpg\",\"contentUrl\":\"https:\\\/\\\/redenoticiaz.com.br\\\/barretos-regiao\\\/wp-content\\\/uploads\\\/sites\\\/4\\\/2022\\\/02\\\/logo.jpg\",\"width\":400,\"height\":250,\"caption\":\"Ribeir\u00e3o Preto e Regi\u00e3o\"},\"image\":{\"@id\":\"https:\\\/\\\/redenoticiaz.com.br\\\/ribeiraopreto-regiao\\\/#\\\/schema\\\/logo\\\/image\\\/\"},\"sameAs\":[\"https:\\\/\\\/m.facebook.com\\\/redenoticiaz.barretos\",\"https:\\\/\\\/x.com\\\/RN_barretos\",\"https:\\\/\\\/www.instagram.com\\\/redenoticiaz.barretos\\\/?igshid=YmMyMTA2M2Y\",\"https:\\\/\\\/www.linkedin.com\\\/company\\\/rede-noticiaz-barretos-e-regio\\\/\"]},{\"@type\":\"Person\",\"@id\":\"https:\\\/\\\/redenoticiaz.com.br\\\/ribeiraopreto-regiao\\\/#\\\/schema\\\/person\\\/1f84d6e94e6a62d2d81199d7503e9e90\",\"name\":\"Carina Reifonas\",\"image\":{\"@type\":\"ImageObject\",\"inLanguage\":\"pt-BR\",\"@id\":\"https:\\\/\\\/secure.gravatar.com\\\/avatar\\\/04c59859b23696cf867715880f81d5c037e60109730bdb4e6670ec2a2245bc97?s=96&d=mm&r=g\",\"url\":\"https:\\\/\\\/secure.gravatar.com\\\/avatar\\\/04c59859b23696cf867715880f81d5c037e60109730bdb4e6670ec2a2245bc97?s=96&d=mm&r=g\",\"contentUrl\":\"https:\\\/\\\/secure.gravatar.com\\\/avatar\\\/04c59859b23696cf867715880f81d5c037e60109730bdb4e6670ec2a2245bc97?s=96&d=mm&r=g\",\"caption\":\"Carina Reifonas\"},\"url\":\"https:\\\/\\\/redenoticiaz.com.br\\\/ribeiraopreto-regiao\\\/sp\\\/author\\\/carinareifonas\"}]}<\/script>\n<!-- \/ Yoast SEO plugin. -->","yoast_head_json":{"title":"Prefeitura intensifica atendimento de pessoas em situa\u00e7\u00e3o de rua - Ribeir\u00e3o Preto e Regi\u00e3o","description":"Desenvolvimento e Inclus\u00e3o Social e a Casa de Passagem, est\u00e1 intensificando as abordagens sociais \u00e0s pessoas em situa\u00e7\u00e3o de rua","robots":{"index":"index","follow":"follow","max-snippet":"max-snippet:-1","max-image-preview":"max-image-preview:large","max-video-preview":"max-video-preview:-1"},"canonical":"https:\/\/redenoticiaz.com.br\/ribeiraopreto-regiao\/sp\/2023\/06\/19\/prefeitura-intensifica-atendimento-de-pessoas-em-situacao-de-rua","og_locale":"pt_BR","og_type":"article","og_title":"Prefeitura intensifica atendimento de pessoas em situa\u00e7\u00e3o de rua - Ribeir\u00e3o Preto e Regi\u00e3o","og_description":"Desenvolvimento e Inclus\u00e3o Social e a Casa de Passagem, est\u00e1 intensificando as abordagens sociais \u00e0s pessoas em situa\u00e7\u00e3o de rua","og_url":"https:\/\/redenoticiaz.com.br\/ribeiraopreto-regiao\/sp\/2023\/06\/19\/prefeitura-intensifica-atendimento-de-pessoas-em-situacao-de-rua","og_site_name":"Ribeir\u00e3o Preto e Regi\u00e3o","article_publisher":"https:\/\/m.facebook.com\/redenoticiaz.barretos","article_published_time":"2023-06-19T11:50:16+00:00","og_image":[{"width":1640,"height":924,"url":"https:\/\/redenoticiaz.com.br\/ribeiraopreto-regiao\/wp-content\/uploads\/sites\/4\/2023\/06\/Cidade-de-Guaira.png","type":"image\/png"}],"author":"Carina Reifonas","twitter_card":"summary_large_image","twitter_creator":"@RN_barretos","twitter_site":"@RN_barretos","twitter_misc":{"Escrito por":"Carina Reifonas","Est. tempo de leitura":"1 minuto"},"schema":{"@context":"https:\/\/schema.org","@graph":[{"@type":"Article","@id":"https:\/\/redenoticiaz.com.br\/ribeiraopreto-regiao\/sp\/2023\/06\/19\/prefeitura-intensifica-atendimento-de-pessoas-em-situacao-de-rua#article","isPartOf":{"@id":"https:\/\/redenoticiaz.com.br\/ribeiraopreto-regiao\/sp\/2023\/06\/19\/prefeitura-intensifica-atendimento-de-pessoas-em-situacao-de-rua"},"author":{"name":"Carina Reifonas","@id":"https:\/\/redenoticiaz.com.br\/ribeiraopreto-regiao\/#\/schema\/person\/1f84d6e94e6a62d2d81199d7503e9e90"},"headline":"Prefeitura intensifica atendimento de pessoas em situa\u00e7\u00e3o de rua","datePublished":"2023-06-19T11:50:16+00:00","mainEntityOfPage":{"@id":"https:\/\/redenoticiaz.com.br\/ribeiraopreto-regiao\/sp\/2023\/06\/19\/prefeitura-intensifica-atendimento-de-pessoas-em-situacao-de-rua"},"wordCount":188,"commentCount":0,"publisher":{"@id":"https:\/\/redenoticiaz.com.br\/ribeiraopreto-regiao\/#organization"},"image":{"@id":"https:\/\/redenoticiaz.com.br\/ribeiraopreto-regiao\/sp\/2023\/06\/19\/prefeitura-intensifica-atendimento-de-pessoas-em-situacao-de-rua#primaryimage"},"thumbnailUrl":"https:\/\/redenoticiaz.com.br\/ribeiraopreto-regiao\/wp-content\/uploads\/sites\/4\/2023\/06\/Cidade-de-Guaira.png","keywords":["agentes","baixa temperatura","CASA DE PASSAGEM","SITUA\u00c7\u00c3O DE RUA"],"articleSection":["A\u00e7\u00e3o Social","Climatologia","Direitos Humanos"],"inLanguage":"pt-BR","potentialAction":[{"@type":"CommentAction","name":"Comment","target":["https:\/\/redenoticiaz.com.br\/ribeiraopreto-regiao\/sp\/2023\/06\/19\/prefeitura-intensifica-atendimento-de-pessoas-em-situacao-de-rua#respond"]}]},{"@type":"WebPage","@id":"https:\/\/redenoticiaz.com.br\/ribeiraopreto-regiao\/sp\/2023\/06\/19\/prefeitura-intensifica-atendimento-de-pessoas-em-situacao-de-rua","url":"https:\/\/redenoticiaz.com.br\/ribeiraopreto-regiao\/sp\/2023\/06\/19\/prefeitura-intensifica-atendimento-de-pessoas-em-situacao-de-rua","name":"Prefeitura intensifica atendimento de pessoas em situa\u00e7\u00e3o de rua - Ribeir\u00e3o Preto e Regi\u00e3o","isPartOf":{"@id":"https:\/\/redenoticiaz.com.br\/ribeiraopreto-regiao\/#website"},"primaryImageOfPage":{"@id":"https:\/\/redenoticiaz.com.br\/ribeiraopreto-regiao\/sp\/2023\/06\/19\/prefeitura-intensifica-atendimento-de-pessoas-em-situacao-de-rua#primaryimage"},"image":{"@id":"https:\/\/redenoticiaz.com.br\/ribeiraopreto-regiao\/sp\/2023\/06\/19\/prefeitura-intensifica-atendimento-de-pessoas-em-situacao-de-rua#primaryimage"},"thumbnailUrl":"https:\/\/redenoticiaz.com.br\/ribeiraopreto-regiao\/wp-content\/uploads\/sites\/4\/2023\/06\/Cidade-de-Guaira.png","datePublished":"2023-06-19T11:50:16+00:00","description":"Desenvolvimento e Inclus\u00e3o Social e a Casa de Passagem, est\u00e1 intensificando as abordagens sociais \u00e0s pessoas em situa\u00e7\u00e3o de rua","inLanguage":"pt-BR","potentialAction":[{"@type":"ReadAction","target":["https:\/\/redenoticiaz.com.br\/ribeiraopreto-regiao\/sp\/2023\/06\/19\/prefeitura-intensifica-atendimento-de-pessoas-em-situacao-de-rua"]}]},{"@type":"ImageObject","inLanguage":"pt-BR","@id":"https:\/\/redenoticiaz.com.br\/ribeiraopreto-regiao\/sp\/2023\/06\/19\/prefeitura-intensifica-atendimento-de-pessoas-em-situacao-de-rua#primaryimage","url":"https:\/\/redenoticiaz.com.br\/ribeiraopreto-regiao\/wp-content\/uploads\/sites\/4\/2023\/06\/Cidade-de-Guaira.png","contentUrl":"https:\/\/redenoticiaz.com.br\/ribeiraopreto-regiao\/wp-content\/uploads\/sites\/4\/2023\/06\/Cidade-de-Guaira.png","width":1640,"height":924,"caption":"Prefeitura intensifica atendimento de pessoas em situa\u00e7\u00e3o de rua. Cr\u00e9dito: Divulga\u00e7\u00e3o"},{"@type":"WebSite","@id":"https:\/\/redenoticiaz.com.br\/ribeiraopreto-regiao\/#website","url":"https:\/\/redenoticiaz.com.br\/ribeiraopreto-regiao\/","name":"Ribeir\u00e3o Preto e Regi\u00e3o","description":"Rede NoticiaZ - Ribeir\u00e3o Preto e regi\u00e3o","publisher":{"@id":"https:\/\/redenoticiaz.com.br\/ribeiraopreto-regiao\/#organization"},"potentialAction":[{"@type":"SearchAction","target":{"@type":"EntryPoint","urlTemplate":"https:\/\/redenoticiaz.com.br\/ribeiraopreto-regiao\/?s={search_term_string}"},"query-input":{"@type":"PropertyValueSpecification","valueRequired":true,"valueName":"search_term_string"}}],"inLanguage":"pt-BR"},{"@type":"Organization","@id":"https:\/\/redenoticiaz.com.br\/ribeiraopreto-regiao\/#organization","name":"Ribeir\u00e3o Preto e Regi\u00e3o","url":"https:\/\/redenoticiaz.com.br\/ribeiraopreto-regiao\/","logo":{"@type":"ImageObject","inLanguage":"pt-BR","@id":"https:\/\/redenoticiaz.com.br\/ribeiraopreto-regiao\/#\/schema\/logo\/image\/","url":"https:\/\/redenoticiaz.com.br\/barretos-regiao\/wp-content\/uploads\/sites\/4\/2022\/02\/logo.jpg","contentUrl":"https:\/\/redenoticiaz.com.br\/barretos-regiao\/wp-content\/uploads\/sites\/4\/2022\/02\/logo.jpg","width":400,"height":250,"caption":"Ribeir\u00e3o Preto e Regi\u00e3o"},"image":{"@id":"https:\/\/redenoticiaz.com.br\/ribeiraopreto-regiao\/#\/schema\/logo\/image\/"},"sameAs":["https:\/\/m.facebook.com\/redenoticiaz.barretos","https:\/\/x.com\/RN_barretos","https:\/\/www.instagram.com\/redenoticiaz.barretos\/?igshid=YmMyMTA2M2Y","https:\/\/www.linkedin.com\/company\/rede-noticiaz-barretos-e-regio\/"]},{"@type":"Person","@id":"https:\/\/redenoticiaz.com.br\/ribeiraopreto-regiao\/#\/schema\/person\/1f84d6e94e6a62d2d81199d7503e9e90","name":"Carina Reifonas","image":{"@type":"ImageObject","inLanguage":"pt-BR","@id":"https:\/\/secure.gravatar.com\/avatar\/04c59859b23696cf867715880f81d5c037e60109730bdb4e6670ec2a2245bc97?s=96&d=mm&r=g","url":"https:\/\/secure.gravatar.com\/avatar\/04c59859b23696cf867715880f81d5c037e60109730bdb4e6670ec2a2245bc97?s=96&d=mm&r=g","contentUrl":"https:\/\/secure.gravatar.com\/avatar\/04c59859b23696cf867715880f81d5c037e60109730bdb4e6670ec2a2245bc97?s=96&d=mm&r=g","caption":"Carina Reifonas"},"url":"https:\/\/redenoticiaz.com.br\/ribeiraopreto-regiao\/sp\/author\/carinareifonas"}]}},"_links":{"self":[{"href":"https:\/\/redenoticiaz.com.br\/ribeiraopreto-regiao\/wp-json\/wp\/v2\/posts\/107099","targetHints":{"allow":["GET"]}}],"collection":[{"href":"https:\/\/redenoticiaz.com.br\/ribeiraopreto-regiao\/wp-json\/wp\/v2\/posts"}],"about":[{"href":"https:\/\/redenoticiaz.com.br\/ribeiraopreto-regiao\/wp-json\/wp\/v2\/types\/post"}],"author":[{"embeddable":true,"href":"https:\/\/redenoticiaz.com.br\/ribeiraopreto-regiao\/wp-json\/wp\/v2\/users\/30"}],"replies":[{"embeddable":true,"href":"https:\/\/redenoticiaz.com.br\/ribeiraopreto-regiao\/wp-json\/wp\/v2\/comments?post=107099"}],"version-history":[{"count":1,"href":"https:\/\/redenoticiaz.com.br\/ribeiraopreto-regiao\/wp-json\/wp\/v2\/posts\/107099\/revisions"}],"predecessor-version":[{"id":107101,"href":"https:\/\/redenoticiaz.com.br\/ribeiraopreto-regiao\/wp-json\/wp\/v2\/posts\/107099\/revisions\/107101"}],"wp:featuredmedia":[{"embeddable":true,"href":"https:\/\/redenoticiaz.com.br\/ribeiraopreto-regiao\/wp-json\/wp\/v2\/media\/107100"}],"wp:attachment":[{"href":"https:\/\/redenoticiaz.com.br\/ribeiraopreto-regiao\/wp-json\/wp\/v2\/media?parent=107099"}],"wp:term":[{"taxonomy":"category","embeddable":true,"href":"https:\/\/redenoticiaz.com.br\/ribeiraopreto-regiao\/wp-json\/wp\/v2\/categories?post=107099"},{"taxonomy":"post_tag","embeddable":true,"href":"https:\/\/redenoticiaz.com.br\/ribeiraopreto-regiao\/wp-json\/wp\/v2\/tags?post=107099"}],"curies":[{"name":"wp","href":"https:\/\/api.w.org\/{rel}","templated":true}]}}