{"id":107128,"date":"2023-06-19T15:05:43","date_gmt":"2023-06-19T18:05:43","guid":{"rendered":"https:\/\/redenoticiaz.com.br\/barretos-regiao\/sp\/2023\/06\/19\/cbf-fecha-com-carlo-ancelotti-para-tecnico-da-selecao-brasileira"},"modified":"2023-06-19T15:11:47","modified_gmt":"2023-06-19T18:11:47","slug":"cbf-fecha-com-carlo-ancelotti-para-tecnico-da-selecao-brasileira","status":"publish","type":"post","link":"https:\/\/redenoticiaz.com.br\/ribeiraopreto-regiao\/sp\/2023\/06\/19\/cbf-fecha-com-carlo-ancelotti-para-tecnico-da-selecao-brasileira","title":{"rendered":"CBF fecha com Carlo Ancelotti para t\u00e9cnico da sele\u00e7\u00e3o Brasileira"},"content":{"rendered":"<p>A CBF fechou um acordo verbal com Carlo Ancelotti para ele seja o\u00a0 t\u00e9cnico da sele\u00e7\u00e3o Brasileira a partir de 2024.<\/p>\n<p>De acordo com as informa\u00e7\u00f5es, o Real Madrid, atual casa de Ancelotti j\u00e1 foi informado sobre o acordo em uma reuni\u00e3o.<\/p>\n<p>Ainda de acordo com as informa\u00e7\u00f5es, nem\u00a0 A CBF, nem o time europeu podem confirmar a opera\u00e7\u00e3o j\u00e1 que seu contrato ainda est\u00e1 em vig\u00eancia.<\/p>\n<p>Sendo assim, o interesse da CBF no treinador foi noticiado pela primeira vez em Dezembro de 2022 e nunca desmentido.<\/p>\n<p>Por fim, fontes afirmam que Ancelotti demonstrou interesse em assumir a sele\u00e7\u00e3o brasileira, antes mesmo de uma reuni\u00e3o na Europa.<\/p>\n<p>O Real Madrid n\u00e3o aceitou liberar o t\u00e9cnico imediatamente e n\u00e3o se ap\u00f4s a sua sa\u00edda no final do contrato.<\/p>\n<p>Um anuncio oficial, assim como uma coletiva de ambos os lados deve acontecer somente em janeiro de 2024.<\/p>\n<p><strong>Leia mais<\/strong><\/p>\n<p><a href=\"https:\/\/redenoticiaz.com.br\/blog\/2023\/03\/25\/confira-os-possiveis-destaques-do-novo-ciclo-da-selecao-brasileira\">Racismo: o maior advers\u00e1rio de Vini Jr. e de toda sociedade<\/a><\/p>\n","protected":false},"excerpt":{"rendered":"<p>A CBF fechou um acordo verbal com Carlo Ancelotti para ele seja o\u00a0 t\u00e9cnico da sele\u00e7\u00e3o Brasileira a partir de 2024. De acordo com as informa\u00e7\u00f5es, o Real Madrid, atual casa de Ancelotti j\u00e1 foi informado sobre o acordo em uma reuni\u00e3o. Ainda de acordo com as informa\u00e7\u00f5es, nem\u00a0 A CBF, nem o time europeu &hellip;<\/p>\n","protected":false},"author":12,"featured_media":107129,"comment_status":"open","ping_status":"closed","sticky":false,"template":"","format":"standard","meta":{"footnotes":""},"categories":[87],"tags":[27704,2985,17149,199],"class_list":["post-107128","post","type-post","status-publish","format-standard","has-post-thumbnail","hentry","category-esporte","tag-carlo-ancelotti","tag-cbf","tag-real-madrid","tag-selecao-brasileira"],"yoast_head":"<!-- This site is optimized with the Yoast SEO plugin v28.3 - https:\/\/yoast.com\/product\/yoast-seo-wordpress\/ -->\n<title>CBF fecha com Carlo Ancelotti para t\u00e9cnico da sele\u00e7\u00e3o Brasileira - Ribeir\u00e3o Preto e Regi\u00e3o<\/title>\n<meta name=\"description\" content=\"A CBF fechou um acordo verbal com Carlo Ancelotti para ele seja o\u00a0 t\u00e9cnico da sele\u00e7\u00e3o Brasileira a partir de 2024.\" \/>\n<meta name=\"robots\" content=\"index, follow, max-snippet:-1, max-image-preview:large, max-video-preview:-1\" \/>\n<link rel=\"canonical\" href=\"https:\/\/redenoticiaz.com.br\/ribeiraopreto-regiao\/sp\/2023\/06\/19\/cbf-fecha-com-carlo-ancelotti-para-tecnico-da-selecao-brasileira\" \/>\n<meta property=\"og:locale\" content=\"pt_BR\" \/>\n<meta property=\"og:type\" content=\"article\" \/>\n<meta property=\"og:title\" content=\"CBF fecha com Carlo Ancelotti para t\u00e9cnico da sele\u00e7\u00e3o Brasileira - Ribeir\u00e3o Preto e Regi\u00e3o\" \/>\n<meta property=\"og:description\" content=\"A CBF fechou um acordo verbal com Carlo Ancelotti para ele seja o\u00a0 t\u00e9cnico da sele\u00e7\u00e3o Brasileira a partir de 2024.\" \/>\n<meta property=\"og:url\" content=\"https:\/\/redenoticiaz.com.br\/ribeiraopreto-regiao\/sp\/2023\/06\/19\/cbf-fecha-com-carlo-ancelotti-para-tecnico-da-selecao-brasileira\" \/>\n<meta property=\"og:site_name\" content=\"Ribeir\u00e3o Preto e Regi\u00e3o\" \/>\n<meta property=\"article:publisher\" content=\"https:\/\/m.facebook.com\/redenoticiaz.barretos\" \/>\n<meta property=\"article:published_time\" content=\"2023-06-19T18:05:43+00:00\" \/>\n<meta property=\"article:modified_time\" content=\"2023-06-19T18:11:47+00:00\" \/>\n<meta property=\"og:image\" content=\"https:\/\/redenoticiaz.com.br\/ribeiraopreto-regiao\/wp-content\/uploads\/sites\/4\/2023\/06\/97138421-real-madrids-italian-coach-carlo-ancelotti-looks-on-during-the-spanish-league-football.jpg?v=1687197915\" \/>\n\t<meta property=\"og:image:width\" content=\"924\" \/>\n\t<meta property=\"og:image:height\" content=\"616\" \/>\n\t<meta property=\"og:image:type\" content=\"image\/jpeg\" \/>\n<meta name=\"author\" content=\"Gustavo Silva\" \/>\n<meta name=\"twitter:card\" content=\"summary_large_image\" \/>\n<meta name=\"twitter:creator\" content=\"@RN_barretos\" \/>\n<meta name=\"twitter:site\" content=\"@RN_barretos\" \/>\n<meta name=\"twitter:label1\" content=\"Escrito por\" \/>\n\t<meta name=\"twitter:data1\" content=\"Gustavo Silva\" \/>\n\t<meta name=\"twitter:label2\" content=\"Est. tempo de leitura\" \/>\n\t<meta name=\"twitter:data2\" content=\"1 minuto\" \/>\n<script type=\"application\/ld+json\" class=\"yoast-schema-graph\">{\"@context\":\"https:\\\/\\\/schema.org\",\"@graph\":[{\"@type\":\"Article\",\"@id\":\"https:\\\/\\\/redenoticiaz.com.br\\\/ribeiraopreto-regiao\\\/sp\\\/2023\\\/06\\\/19\\\/cbf-fecha-com-carlo-ancelotti-para-tecnico-da-selecao-brasileira#article\",\"isPartOf\":{\"@id\":\"https:\\\/\\\/redenoticiaz.com.br\\\/ribeiraopreto-regiao\\\/sp\\\/2023\\\/06\\\/19\\\/cbf-fecha-com-carlo-ancelotti-para-tecnico-da-selecao-brasileira\"},\"author\":{\"name\":\"Gustavo Silva\",\"@id\":\"https:\\\/\\\/redenoticiaz.com.br\\\/ribeiraopreto-regiao\\\/#\\\/schema\\\/person\\\/16057b37a3c0ee6b096d7f887c566e2e\"},\"headline\":\"CBF fecha com Carlo Ancelotti para t\u00e9cnico da sele\u00e7\u00e3o Brasileira\",\"datePublished\":\"2023-06-19T18:05:43+00:00\",\"dateModified\":\"2023-06-19T18:11:47+00:00\",\"mainEntityOfPage\":{\"@id\":\"https:\\\/\\\/redenoticiaz.com.br\\\/ribeiraopreto-regiao\\\/sp\\\/2023\\\/06\\\/19\\\/cbf-fecha-com-carlo-ancelotti-para-tecnico-da-selecao-brasileira\"},\"wordCount\":182,\"commentCount\":0,\"publisher\":{\"@id\":\"https:\\\/\\\/redenoticiaz.com.br\\\/ribeiraopreto-regiao\\\/#organization\"},\"image\":{\"@id\":\"https:\\\/\\\/redenoticiaz.com.br\\\/ribeiraopreto-regiao\\\/sp\\\/2023\\\/06\\\/19\\\/cbf-fecha-com-carlo-ancelotti-para-tecnico-da-selecao-brasileira#primaryimage\"},\"thumbnailUrl\":\"https:\\\/\\\/redenoticiaz.com.br\\\/ribeiraopreto-regiao\\\/wp-content\\\/uploads\\\/sites\\\/4\\\/2023\\\/06\\\/97138421-real-madrids-italian-coach-carlo-ancelotti-looks-on-during-the-spanish-league-football.jpg?v=1687197915\",\"keywords\":[\"Carlo Ancelotti\",\"CBF\",\"REAL MADRID\",\"Sele\u00e7\u00e3o Brasileira\"],\"articleSection\":[\"Esporte\"],\"inLanguage\":\"pt-BR\",\"potentialAction\":[{\"@type\":\"CommentAction\",\"name\":\"Comment\",\"target\":[\"https:\\\/\\\/redenoticiaz.com.br\\\/ribeiraopreto-regiao\\\/sp\\\/2023\\\/06\\\/19\\\/cbf-fecha-com-carlo-ancelotti-para-tecnico-da-selecao-brasileira#respond\"]}]},{\"@type\":\"WebPage\",\"@id\":\"https:\\\/\\\/redenoticiaz.com.br\\\/ribeiraopreto-regiao\\\/sp\\\/2023\\\/06\\\/19\\\/cbf-fecha-com-carlo-ancelotti-para-tecnico-da-selecao-brasileira\",\"url\":\"https:\\\/\\\/redenoticiaz.com.br\\\/ribeiraopreto-regiao\\\/sp\\\/2023\\\/06\\\/19\\\/cbf-fecha-com-carlo-ancelotti-para-tecnico-da-selecao-brasileira\",\"name\":\"CBF fecha com Carlo Ancelotti para t\u00e9cnico da sele\u00e7\u00e3o Brasileira - Ribeir\u00e3o Preto e Regi\u00e3o\",\"isPartOf\":{\"@id\":\"https:\\\/\\\/redenoticiaz.com.br\\\/ribeiraopreto-regiao\\\/#website\"},\"primaryImageOfPage\":{\"@id\":\"https:\\\/\\\/redenoticiaz.com.br\\\/ribeiraopreto-regiao\\\/sp\\\/2023\\\/06\\\/19\\\/cbf-fecha-com-carlo-ancelotti-para-tecnico-da-selecao-brasileira#primaryimage\"},\"image\":{\"@id\":\"https:\\\/\\\/redenoticiaz.com.br\\\/ribeiraopreto-regiao\\\/sp\\\/2023\\\/06\\\/19\\\/cbf-fecha-com-carlo-ancelotti-para-tecnico-da-selecao-brasileira#primaryimage\"},\"thumbnailUrl\":\"https:\\\/\\\/redenoticiaz.com.br\\\/ribeiraopreto-regiao\\\/wp-content\\\/uploads\\\/sites\\\/4\\\/2023\\\/06\\\/97138421-real-madrids-italian-coach-carlo-ancelotti-looks-on-during-the-spanish-league-football.jpg?v=1687197915\",\"datePublished\":\"2023-06-19T18:05:43+00:00\",\"dateModified\":\"2023-06-19T18:11:47+00:00\",\"description\":\"A CBF fechou um acordo verbal com Carlo Ancelotti para ele seja o\u00a0 t\u00e9cnico da sele\u00e7\u00e3o Brasileira a partir de 2024.\",\"inLanguage\":\"pt-BR\",\"potentialAction\":[{\"@type\":\"ReadAction\",\"target\":[\"https:\\\/\\\/redenoticiaz.com.br\\\/ribeiraopreto-regiao\\\/sp\\\/2023\\\/06\\\/19\\\/cbf-fecha-com-carlo-ancelotti-para-tecnico-da-selecao-brasileira\"]}]},{\"@type\":\"ImageObject\",\"inLanguage\":\"pt-BR\",\"@id\":\"https:\\\/\\\/redenoticiaz.com.br\\\/ribeiraopreto-regiao\\\/sp\\\/2023\\\/06\\\/19\\\/cbf-fecha-com-carlo-ancelotti-para-tecnico-da-selecao-brasileira#primaryimage\",\"url\":\"https:\\\/\\\/redenoticiaz.com.br\\\/ribeiraopreto-regiao\\\/wp-content\\\/uploads\\\/sites\\\/4\\\/2023\\\/06\\\/97138421-real-madrids-italian-coach-carlo-ancelotti-looks-on-during-the-spanish-league-football.jpg?v=1687197915\",\"contentUrl\":\"https:\\\/\\\/redenoticiaz.com.br\\\/ribeiraopreto-regiao\\\/wp-content\\\/uploads\\\/sites\\\/4\\\/2023\\\/06\\\/97138421-real-madrids-italian-coach-carlo-ancelotti-looks-on-during-the-spanish-league-football.jpg?v=1687197915\",\"width\":924,\"height\":616,\"caption\":\"CBF fecha com Carlo Ancelotti para t\u00e9cnico da sele\u00e7\u00e3o Brasileira\"},{\"@type\":\"WebSite\",\"@id\":\"https:\\\/\\\/redenoticiaz.com.br\\\/ribeiraopreto-regiao\\\/#website\",\"url\":\"https:\\\/\\\/redenoticiaz.com.br\\\/ribeiraopreto-regiao\\\/\",\"name\":\"Ribeir\u00e3o Preto e Regi\u00e3o\",\"description\":\"Rede NoticiaZ - Ribeir\u00e3o Preto e regi\u00e3o\",\"publisher\":{\"@id\":\"https:\\\/\\\/redenoticiaz.com.br\\\/ribeiraopreto-regiao\\\/#organization\"},\"potentialAction\":[{\"@type\":\"SearchAction\",\"target\":{\"@type\":\"EntryPoint\",\"urlTemplate\":\"https:\\\/\\\/redenoticiaz.com.br\\\/ribeiraopreto-regiao\\\/?s={search_term_string}\"},\"query-input\":{\"@type\":\"PropertyValueSpecification\",\"valueRequired\":true,\"valueName\":\"search_term_string\"}}],\"inLanguage\":\"pt-BR\"},{\"@type\":\"Organization\",\"@id\":\"https:\\\/\\\/redenoticiaz.com.br\\\/ribeiraopreto-regiao\\\/#organization\",\"name\":\"Ribeir\u00e3o Preto e Regi\u00e3o\",\"url\":\"https:\\\/\\\/redenoticiaz.com.br\\\/ribeiraopreto-regiao\\\/\",\"logo\":{\"@type\":\"ImageObject\",\"inLanguage\":\"pt-BR\",\"@id\":\"https:\\\/\\\/redenoticiaz.com.br\\\/ribeiraopreto-regiao\\\/#\\\/schema\\\/logo\\\/image\\\/\",\"url\":\"https:\\\/\\\/redenoticiaz.com.br\\\/barretos-regiao\\\/wp-content\\\/uploads\\\/sites\\\/4\\\/2022\\\/02\\\/logo.jpg\",\"contentUrl\":\"https:\\\/\\\/redenoticiaz.com.br\\\/barretos-regiao\\\/wp-content\\\/uploads\\\/sites\\\/4\\\/2022\\\/02\\\/logo.jpg\",\"width\":400,\"height\":250,\"caption\":\"Ribeir\u00e3o Preto e Regi\u00e3o\"},\"image\":{\"@id\":\"https:\\\/\\\/redenoticiaz.com.br\\\/ribeiraopreto-regiao\\\/#\\\/schema\\\/logo\\\/image\\\/\"},\"sameAs\":[\"https:\\\/\\\/m.facebook.com\\\/redenoticiaz.barretos\",\"https:\\\/\\\/x.com\\\/RN_barretos\",\"https:\\\/\\\/www.instagram.com\\\/redenoticiaz.barretos\\\/?igshid=YmMyMTA2M2Y\",\"https:\\\/\\\/www.linkedin.com\\\/company\\\/rede-noticiaz-barretos-e-regio\\\/\"]},{\"@type\":\"Person\",\"@id\":\"https:\\\/\\\/redenoticiaz.com.br\\\/ribeiraopreto-regiao\\\/#\\\/schema\\\/person\\\/16057b37a3c0ee6b096d7f887c566e2e\",\"name\":\"Gustavo Silva\",\"image\":{\"@type\":\"ImageObject\",\"inLanguage\":\"pt-BR\",\"@id\":\"https:\\\/\\\/secure.gravatar.com\\\/avatar\\\/3ee4e82f93b26de0a7cf4ea5eb7893da637ed6bb0c9170c58065944c56e28a33?s=96&d=mm&r=g\",\"url\":\"https:\\\/\\\/secure.gravatar.com\\\/avatar\\\/3ee4e82f93b26de0a7cf4ea5eb7893da637ed6bb0c9170c58065944c56e28a33?s=96&d=mm&r=g\",\"contentUrl\":\"https:\\\/\\\/secure.gravatar.com\\\/avatar\\\/3ee4e82f93b26de0a7cf4ea5eb7893da637ed6bb0c9170c58065944c56e28a33?s=96&d=mm&r=g\",\"caption\":\"Gustavo Silva\"},\"url\":\"https:\\\/\\\/redenoticiaz.com.br\\\/ribeiraopreto-regiao\\\/sp\\\/author\\\/gustavosilva\"}]}<\/script>\n<!-- \/ Yoast SEO plugin. -->","yoast_head_json":{"title":"CBF fecha com Carlo Ancelotti para t\u00e9cnico da sele\u00e7\u00e3o Brasileira - Ribeir\u00e3o Preto e Regi\u00e3o","description":"A CBF fechou um acordo verbal com Carlo Ancelotti para ele seja o\u00a0 t\u00e9cnico da sele\u00e7\u00e3o Brasileira a partir de 2024.","robots":{"index":"index","follow":"follow","max-snippet":"max-snippet:-1","max-image-preview":"max-image-preview:large","max-video-preview":"max-video-preview:-1"},"canonical":"https:\/\/redenoticiaz.com.br\/ribeiraopreto-regiao\/sp\/2023\/06\/19\/cbf-fecha-com-carlo-ancelotti-para-tecnico-da-selecao-brasileira","og_locale":"pt_BR","og_type":"article","og_title":"CBF fecha com Carlo Ancelotti para t\u00e9cnico da sele\u00e7\u00e3o Brasileira - Ribeir\u00e3o Preto e Regi\u00e3o","og_description":"A CBF fechou um acordo verbal com Carlo Ancelotti para ele seja o\u00a0 t\u00e9cnico da sele\u00e7\u00e3o Brasileira a partir de 2024.","og_url":"https:\/\/redenoticiaz.com.br\/ribeiraopreto-regiao\/sp\/2023\/06\/19\/cbf-fecha-com-carlo-ancelotti-para-tecnico-da-selecao-brasileira","og_site_name":"Ribeir\u00e3o Preto e Regi\u00e3o","article_publisher":"https:\/\/m.facebook.com\/redenoticiaz.barretos","article_published_time":"2023-06-19T18:05:43+00:00","article_modified_time":"2023-06-19T18:11:47+00:00","og_image":[{"width":924,"height":616,"url":"https:\/\/redenoticiaz.com.br\/ribeiraopreto-regiao\/wp-content\/uploads\/sites\/4\/2023\/06\/97138421-real-madrids-italian-coach-carlo-ancelotti-looks-on-during-the-spanish-league-football.jpg?v=1687197915","type":"image\/jpeg"}],"author":"Gustavo Silva","twitter_card":"summary_large_image","twitter_creator":"@RN_barretos","twitter_site":"@RN_barretos","twitter_misc":{"Escrito por":"Gustavo Silva","Est. tempo de leitura":"1 minuto"},"schema":{"@context":"https:\/\/schema.org","@graph":[{"@type":"Article","@id":"https:\/\/redenoticiaz.com.br\/ribeiraopreto-regiao\/sp\/2023\/06\/19\/cbf-fecha-com-carlo-ancelotti-para-tecnico-da-selecao-brasileira#article","isPartOf":{"@id":"https:\/\/redenoticiaz.com.br\/ribeiraopreto-regiao\/sp\/2023\/06\/19\/cbf-fecha-com-carlo-ancelotti-para-tecnico-da-selecao-brasileira"},"author":{"name":"Gustavo Silva","@id":"https:\/\/redenoticiaz.com.br\/ribeiraopreto-regiao\/#\/schema\/person\/16057b37a3c0ee6b096d7f887c566e2e"},"headline":"CBF fecha com Carlo Ancelotti para t\u00e9cnico da sele\u00e7\u00e3o Brasileira","datePublished":"2023-06-19T18:05:43+00:00","dateModified":"2023-06-19T18:11:47+00:00","mainEntityOfPage":{"@id":"https:\/\/redenoticiaz.com.br\/ribeiraopreto-regiao\/sp\/2023\/06\/19\/cbf-fecha-com-carlo-ancelotti-para-tecnico-da-selecao-brasileira"},"wordCount":182,"commentCount":0,"publisher":{"@id":"https:\/\/redenoticiaz.com.br\/ribeiraopreto-regiao\/#organization"},"image":{"@id":"https:\/\/redenoticiaz.com.br\/ribeiraopreto-regiao\/sp\/2023\/06\/19\/cbf-fecha-com-carlo-ancelotti-para-tecnico-da-selecao-brasileira#primaryimage"},"thumbnailUrl":"https:\/\/redenoticiaz.com.br\/ribeiraopreto-regiao\/wp-content\/uploads\/sites\/4\/2023\/06\/97138421-real-madrids-italian-coach-carlo-ancelotti-looks-on-during-the-spanish-league-football.jpg?v=1687197915","keywords":["Carlo Ancelotti","CBF","REAL MADRID","Sele\u00e7\u00e3o Brasileira"],"articleSection":["Esporte"],"inLanguage":"pt-BR","potentialAction":[{"@type":"CommentAction","name":"Comment","target":["https:\/\/redenoticiaz.com.br\/ribeiraopreto-regiao\/sp\/2023\/06\/19\/cbf-fecha-com-carlo-ancelotti-para-tecnico-da-selecao-brasileira#respond"]}]},{"@type":"WebPage","@id":"https:\/\/redenoticiaz.com.br\/ribeiraopreto-regiao\/sp\/2023\/06\/19\/cbf-fecha-com-carlo-ancelotti-para-tecnico-da-selecao-brasileira","url":"https:\/\/redenoticiaz.com.br\/ribeiraopreto-regiao\/sp\/2023\/06\/19\/cbf-fecha-com-carlo-ancelotti-para-tecnico-da-selecao-brasileira","name":"CBF fecha com Carlo Ancelotti para t\u00e9cnico da sele\u00e7\u00e3o Brasileira - Ribeir\u00e3o Preto e Regi\u00e3o","isPartOf":{"@id":"https:\/\/redenoticiaz.com.br\/ribeiraopreto-regiao\/#website"},"primaryImageOfPage":{"@id":"https:\/\/redenoticiaz.com.br\/ribeiraopreto-regiao\/sp\/2023\/06\/19\/cbf-fecha-com-carlo-ancelotti-para-tecnico-da-selecao-brasileira#primaryimage"},"image":{"@id":"https:\/\/redenoticiaz.com.br\/ribeiraopreto-regiao\/sp\/2023\/06\/19\/cbf-fecha-com-carlo-ancelotti-para-tecnico-da-selecao-brasileira#primaryimage"},"thumbnailUrl":"https:\/\/redenoticiaz.com.br\/ribeiraopreto-regiao\/wp-content\/uploads\/sites\/4\/2023\/06\/97138421-real-madrids-italian-coach-carlo-ancelotti-looks-on-during-the-spanish-league-football.jpg?v=1687197915","datePublished":"2023-06-19T18:05:43+00:00","dateModified":"2023-06-19T18:11:47+00:00","description":"A CBF fechou um acordo verbal com Carlo Ancelotti para ele seja o\u00a0 t\u00e9cnico da sele\u00e7\u00e3o Brasileira a partir de 2024.","inLanguage":"pt-BR","potentialAction":[{"@type":"ReadAction","target":["https:\/\/redenoticiaz.com.br\/ribeiraopreto-regiao\/sp\/2023\/06\/19\/cbf-fecha-com-carlo-ancelotti-para-tecnico-da-selecao-brasileira"]}]},{"@type":"ImageObject","inLanguage":"pt-BR","@id":"https:\/\/redenoticiaz.com.br\/ribeiraopreto-regiao\/sp\/2023\/06\/19\/cbf-fecha-com-carlo-ancelotti-para-tecnico-da-selecao-brasileira#primaryimage","url":"https:\/\/redenoticiaz.com.br\/ribeiraopreto-regiao\/wp-content\/uploads\/sites\/4\/2023\/06\/97138421-real-madrids-italian-coach-carlo-ancelotti-looks-on-during-the-spanish-league-football.jpg?v=1687197915","contentUrl":"https:\/\/redenoticiaz.com.br\/ribeiraopreto-regiao\/wp-content\/uploads\/sites\/4\/2023\/06\/97138421-real-madrids-italian-coach-carlo-ancelotti-looks-on-during-the-spanish-league-football.jpg?v=1687197915","width":924,"height":616,"caption":"CBF fecha com Carlo Ancelotti para t\u00e9cnico da sele\u00e7\u00e3o Brasileira"},{"@type":"WebSite","@id":"https:\/\/redenoticiaz.com.br\/ribeiraopreto-regiao\/#website","url":"https:\/\/redenoticiaz.com.br\/ribeiraopreto-regiao\/","name":"Ribeir\u00e3o Preto e Regi\u00e3o","description":"Rede NoticiaZ - Ribeir\u00e3o Preto e regi\u00e3o","publisher":{"@id":"https:\/\/redenoticiaz.com.br\/ribeiraopreto-regiao\/#organization"},"potentialAction":[{"@type":"SearchAction","target":{"@type":"EntryPoint","urlTemplate":"https:\/\/redenoticiaz.com.br\/ribeiraopreto-regiao\/?s={search_term_string}"},"query-input":{"@type":"PropertyValueSpecification","valueRequired":true,"valueName":"search_term_string"}}],"inLanguage":"pt-BR"},{"@type":"Organization","@id":"https:\/\/redenoticiaz.com.br\/ribeiraopreto-regiao\/#organization","name":"Ribeir\u00e3o Preto e Regi\u00e3o","url":"https:\/\/redenoticiaz.com.br\/ribeiraopreto-regiao\/","logo":{"@type":"ImageObject","inLanguage":"pt-BR","@id":"https:\/\/redenoticiaz.com.br\/ribeiraopreto-regiao\/#\/schema\/logo\/image\/","url":"https:\/\/redenoticiaz.com.br\/barretos-regiao\/wp-content\/uploads\/sites\/4\/2022\/02\/logo.jpg","contentUrl":"https:\/\/redenoticiaz.com.br\/barretos-regiao\/wp-content\/uploads\/sites\/4\/2022\/02\/logo.jpg","width":400,"height":250,"caption":"Ribeir\u00e3o Preto e Regi\u00e3o"},"image":{"@id":"https:\/\/redenoticiaz.com.br\/ribeiraopreto-regiao\/#\/schema\/logo\/image\/"},"sameAs":["https:\/\/m.facebook.com\/redenoticiaz.barretos","https:\/\/x.com\/RN_barretos","https:\/\/www.instagram.com\/redenoticiaz.barretos\/?igshid=YmMyMTA2M2Y","https:\/\/www.linkedin.com\/company\/rede-noticiaz-barretos-e-regio\/"]},{"@type":"Person","@id":"https:\/\/redenoticiaz.com.br\/ribeiraopreto-regiao\/#\/schema\/person\/16057b37a3c0ee6b096d7f887c566e2e","name":"Gustavo Silva","image":{"@type":"ImageObject","inLanguage":"pt-BR","@id":"https:\/\/secure.gravatar.com\/avatar\/3ee4e82f93b26de0a7cf4ea5eb7893da637ed6bb0c9170c58065944c56e28a33?s=96&d=mm&r=g","url":"https:\/\/secure.gravatar.com\/avatar\/3ee4e82f93b26de0a7cf4ea5eb7893da637ed6bb0c9170c58065944c56e28a33?s=96&d=mm&r=g","contentUrl":"https:\/\/secure.gravatar.com\/avatar\/3ee4e82f93b26de0a7cf4ea5eb7893da637ed6bb0c9170c58065944c56e28a33?s=96&d=mm&r=g","caption":"Gustavo Silva"},"url":"https:\/\/redenoticiaz.com.br\/ribeiraopreto-regiao\/sp\/author\/gustavosilva"}]}},"_links":{"self":[{"href":"https:\/\/redenoticiaz.com.br\/ribeiraopreto-regiao\/wp-json\/wp\/v2\/posts\/107128","targetHints":{"allow":["GET"]}}],"collection":[{"href":"https:\/\/redenoticiaz.com.br\/ribeiraopreto-regiao\/wp-json\/wp\/v2\/posts"}],"about":[{"href":"https:\/\/redenoticiaz.com.br\/ribeiraopreto-regiao\/wp-json\/wp\/v2\/types\/post"}],"author":[{"embeddable":true,"href":"https:\/\/redenoticiaz.com.br\/ribeiraopreto-regiao\/wp-json\/wp\/v2\/users\/12"}],"replies":[{"embeddable":true,"href":"https:\/\/redenoticiaz.com.br\/ribeiraopreto-regiao\/wp-json\/wp\/v2\/comments?post=107128"}],"version-history":[{"count":0,"href":"https:\/\/redenoticiaz.com.br\/ribeiraopreto-regiao\/wp-json\/wp\/v2\/posts\/107128\/revisions"}],"wp:featuredmedia":[{"embeddable":true,"href":"https:\/\/redenoticiaz.com.br\/ribeiraopreto-regiao\/wp-json\/wp\/v2\/media\/107129"}],"wp:attachment":[{"href":"https:\/\/redenoticiaz.com.br\/ribeiraopreto-regiao\/wp-json\/wp\/v2\/media?parent=107128"}],"wp:term":[{"taxonomy":"category","embeddable":true,"href":"https:\/\/redenoticiaz.com.br\/ribeiraopreto-regiao\/wp-json\/wp\/v2\/categories?post=107128"},{"taxonomy":"post_tag","embeddable":true,"href":"https:\/\/redenoticiaz.com.br\/ribeiraopreto-regiao\/wp-json\/wp\/v2\/tags?post=107128"}],"curies":[{"name":"wp","href":"https:\/\/api.w.org\/{rel}","templated":true}]}}