{"id":107396,"date":"2023-07-01T09:00:33","date_gmt":"2023-07-01T12:00:33","guid":{"rendered":"https:\/\/redenoticiaz.com.br\/barretos-regiao\/?p=107396"},"modified":"2023-06-26T20:07:27","modified_gmt":"2023-06-26T23:07:27","slug":"junho-vermelho-saiba-os-principais-sinais-de-alerta-da-leucemia","status":"publish","type":"post","link":"https:\/\/redenoticiaz.com.br\/ribeiraopreto-regiao\/sp\/2023\/07\/01\/junho-vermelho-saiba-os-principais-sinais-de-alerta-da-leucemia","title":{"rendered":"JUNHO VERMELHO \u2013 Saiba os principais sinais de alerta da Leucemia"},"content":{"rendered":"<p class=\"v1ql-align-justify\"><strong>Neste m\u00eas contamos com importantes campanhas relacionadas ao sangue, como o Junho Vermelho<\/strong>. Que estimula a doa\u00e7\u00e3o de sangue, e o Junho Laranja, que alerta para doen\u00e7as como a anemia e a <a href=\"https:\/\/drauziovarella.uol.com.br\/doencas-e-sintomas\/leucemia\/\">leucemia<\/a>.<\/p>\n<p class=\"v1ql-align-justify\">A leucemia \u00e9 um c\u00e2ncer que ocorre na forma\u00e7\u00e3o das c\u00e9lulas sangu\u00edneas na medula \u00f3ssea, mais especificamente os gl\u00f3bulos brancos (respons\u00e1veis pela defesa do organismo). Dificultando a capacidade do organismo de combater infec\u00e7\u00f5es.<\/p>\n<p class=\"v1ql-align-justify\">A doen\u00e7a, que pode ser subdividida em pelo menos quatro grupos distintos, ocorre em todas as faixas et\u00e1rias, sendo a leucemia linfobl\u00e1stica aguda mais comum em crian\u00e7as, e a mieloide aguda frequentemente diagnosticada em adultos na faixa et\u00e1ria entre 50 e 60 anos.<\/p>\n<p class=\"v1ql-align-justify\">Dados do Instituto Nacional de C\u00e2ncer (INCA) estimam 11,5 mil novos casos de leucemia no Brasil, para cada ano do tri\u00eanio de 2023 a 2025.<\/p>\n<p class=\"v1ql-align-justify\">Pedro Neff\u00e1, Hematologista do Hospital S\u00e3o Luiz Itaim, alerta que os sintomas da doen\u00e7a podem ser inespec\u00edficos e se confundir com situa\u00e7\u00f5es do cotidiano.<\/p>\n<p class=\"v1ql-align-justify\">J\u00e1 os casos agudos apresentam diminui\u00e7\u00e3o dos gl\u00f3bulos vermelhos (anemia) e das plaquetas. &#8220;Saber identificar os sinais de alerta e levar o paciente para avalia\u00e7\u00e3o com um especialista o quanto antes \u00e9 essencial&#8221;, complementa Pedro.<\/p>\n<p class=\"v1ql-align-justify\">No Hospital S\u00e3o Luiz Itaim, localizado na zona Sul da capital paulista, os pacientes contam com uma atua\u00e7\u00e3o integrada dos diferentes profissionais. Envolvidos no diagn\u00f3stico e tratamento do c\u00e2ncer, com estrutura completa.<\/p>\n<p class=\"v1ql-align-justify\">O m\u00e9dico aproveita o momento de conscientiza\u00e7\u00e3o do Junho Laranja para alertar tamb\u00e9m sobre a import\u00e2ncia da doa\u00e7\u00e3o de sangue de forma regular.<\/p>\n<p class=\"v1ql-align-justify\">&#8220;Muitos pacientes com leucemia precisam realizar transfus\u00f5es ao longo do tratamento, por isso, \u00e9 essencial que todo adulto saud\u00e1vel seja doador! Voc\u00ea s\u00f3 precisa buscar um banco de sangue pr\u00f3ximo \u00e0 sua resid\u00eancia&#8221;, enfatiza o hematologista.<\/p>\n<h2 class=\"v1ql-align-justify\"><strong>Diagn\u00f3stico e Tratamento<\/strong><\/h2>\n<p class=\"v1ql-align-justify\">O primeiro passo para o diagn\u00f3stico da leucemia \u00e9 realiza\u00e7\u00e3o de exames de sangue, principalmente o hemograma.<\/p>\n<p class=\"v1ql-align-justify\">O tratamento envolve principalmente a quimioterapia, combinada com medicamentos orais e antibi\u00f3ticos. Em pacientes com maior risco de recidiva da doen\u00e7a, uma op\u00e7\u00e3o \u00e9 o transplante de medula \u00f3ssea, onde o doador pode ser um familiar ou membro do banco nacional.<\/p>\n<p class=\"v1ql-align-justify\">*No S\u00e3o Luiz Itaim, desde 2019, tamb\u00e9m \u00e9 poss\u00edvel realizar o transplante aut\u00f3logo de medula \u00f3ssea, onde as c\u00e9lulas-tronco do pr\u00f3prio paciente s\u00e3o reinfundidas ap\u00f3s as sess\u00f5es de quimioterapia.*<\/p>\n<p class=\"v1ql-align-justify\">&#8220;Nos \u00faltimos anos, vimos uma evolu\u00e7\u00e3o nos tratamento, com a incorpora\u00e7\u00e3o de uma s\u00e9rie de medicamentos que proporcionaram uma redu\u00e7\u00e3o dos efeitos colaterais e melhora do desfecho dos casos. H\u00e1 tamb\u00e9m a nova terapia com c\u00e9lulas T quim\u00e9ricas, conhecidas como Car-T Cells, aprovada para leucemia linfobl\u00e1stica aguda, e que apresenta resultados promissores para pacientes mais jovens&#8221;, lembra o hematologista.<\/p>\n<p><em><strong>LEIA MAIS<\/strong><\/em><br \/>\n<a href=\"https:\/\/redenoticiaz.com.br\/blog\/2023\/06\/26\/time-jundiai-de-atletismo-conquista-bons-resultados-em-campeonato-paulista\">Time Jundia\u00ed de Atletismo conquista bons resultados em Campeonato Paulista<\/a><\/p>\n","protected":false},"excerpt":{"rendered":"<p>Neste m\u00eas contamos com importantes campanhas relacionadas ao sangue, como o Junho Vermelho. Que estimula a doa\u00e7\u00e3o de sangue, e o Junho Laranja, que alerta para doen\u00e7as como a anemia e a leucemia. A leucemia \u00e9 um c\u00e2ncer que ocorre na forma\u00e7\u00e3o das c\u00e9lulas sangu\u00edneas na medula \u00f3ssea, mais especificamente os gl\u00f3bulos brancos (respons\u00e1veis pela &hellip;<\/p>\n","protected":false},"author":11,"featured_media":107397,"comment_status":"open","ping_status":"closed","sticky":false,"template":"","format":"standard","meta":{"footnotes":""},"categories":[1],"tags":[1695,27803,22493],"class_list":["post-107396","post","type-post","status-publish","format-standard","has-post-thumbnail","hentry","category-cidades","tag-doacao-de-sangue","tag-junho-vermelho","tag-leucemia"],"yoast_head":"<!-- This site is optimized with the Yoast SEO plugin v27.4 - https:\/\/yoast.com\/product\/yoast-seo-wordpress\/ -->\n<title>JUNHO VERMELHO \u2013 Saiba os principais sinais de alerta da Leucemia - Ribeir\u00e3o Preto e Regi\u00e3o<\/title>\n<meta name=\"description\" content=\"Neste m\u00eas contamos com importantes campanhas relacionadas ao sangue, como o Junho Vermelho. Que estimula a doa\u00e7\u00e3o de sangue.\" \/>\n<meta name=\"robots\" content=\"index, follow, max-snippet:-1, max-image-preview:large, max-video-preview:-1\" \/>\n<link rel=\"canonical\" href=\"https:\/\/redenoticiaz.com.br\/ribeiraopreto-regiao\/sp\/2023\/07\/01\/junho-vermelho-saiba-os-principais-sinais-de-alerta-da-leucemia\" \/>\n<meta property=\"og:locale\" content=\"pt_BR\" \/>\n<meta property=\"og:type\" content=\"article\" \/>\n<meta property=\"og:title\" content=\"JUNHO VERMELHO \u2013 Saiba os principais sinais de alerta da Leucemia - Ribeir\u00e3o Preto e Regi\u00e3o\" \/>\n<meta property=\"og:description\" content=\"Neste m\u00eas contamos com importantes campanhas relacionadas ao sangue, como o Junho Vermelho. Que estimula a doa\u00e7\u00e3o de sangue.\" \/>\n<meta property=\"og:url\" content=\"https:\/\/redenoticiaz.com.br\/ribeiraopreto-regiao\/sp\/2023\/07\/01\/junho-vermelho-saiba-os-principais-sinais-de-alerta-da-leucemia\" \/>\n<meta property=\"og:site_name\" content=\"Ribeir\u00e3o Preto e Regi\u00e3o\" \/>\n<meta property=\"article:publisher\" content=\"https:\/\/m.facebook.com\/redenoticiaz.barretos\" \/>\n<meta property=\"article:published_time\" content=\"2023-07-01T12:00:33+00:00\" \/>\n<meta property=\"og:image\" content=\"https:\/\/redenoticiaz.com.br\/ribeiraopreto-regiao\/wp-content\/uploads\/sites\/4\/2022\/02\/logo.jpg\" \/>\n\t<meta property=\"og:image:width\" content=\"400\" \/>\n\t<meta property=\"og:image:height\" content=\"250\" \/>\n\t<meta property=\"og:image:type\" content=\"image\/jpeg\" \/>\n<meta name=\"twitter:card\" content=\"summary_large_image\" \/>\n<meta name=\"twitter:creator\" content=\"@RN_barretos\" \/>\n<meta name=\"twitter:site\" content=\"@RN_barretos\" \/>\n<meta name=\"twitter:label1\" content=\"Escrito por\" \/>\n\t<meta name=\"twitter:data1\" content=\"\" \/>\n\t<meta name=\"twitter:label2\" content=\"Est. tempo de leitura\" \/>\n\t<meta name=\"twitter:data2\" content=\"3 minutos\" \/>\n<script type=\"application\/ld+json\" class=\"yoast-schema-graph\">{\"@context\":\"https:\\\/\\\/schema.org\",\"@graph\":[{\"@type\":\"Article\",\"@id\":\"https:\\\/\\\/redenoticiaz.com.br\\\/ribeiraopreto-regiao\\\/sp\\\/2023\\\/07\\\/01\\\/junho-vermelho-saiba-os-principais-sinais-de-alerta-da-leucemia#article\",\"isPartOf\":{\"@id\":\"https:\\\/\\\/redenoticiaz.com.br\\\/ribeiraopreto-regiao\\\/sp\\\/2023\\\/07\\\/01\\\/junho-vermelho-saiba-os-principais-sinais-de-alerta-da-leucemia\"},\"author\":{\"name\":\"\",\"@id\":\"\"},\"headline\":\"JUNHO VERMELHO \u2013 Saiba os principais sinais de alerta da Leucemia\",\"datePublished\":\"2023-07-01T12:00:33+00:00\",\"mainEntityOfPage\":{\"@id\":\"https:\\\/\\\/redenoticiaz.com.br\\\/ribeiraopreto-regiao\\\/sp\\\/2023\\\/07\\\/01\\\/junho-vermelho-saiba-os-principais-sinais-de-alerta-da-leucemia\"},\"wordCount\":502,\"commentCount\":0,\"publisher\":{\"@id\":\"https:\\\/\\\/redenoticiaz.com.br\\\/ribeiraopreto-regiao\\\/#organization\"},\"image\":{\"@id\":\"https:\\\/\\\/redenoticiaz.com.br\\\/ribeiraopreto-regiao\\\/sp\\\/2023\\\/07\\\/01\\\/junho-vermelho-saiba-os-principais-sinais-de-alerta-da-leucemia#primaryimage\"},\"thumbnailUrl\":\"https:\\\/\\\/redenoticiaz.com.br\\\/ribeiraopreto-regiao\\\/wp-content\\\/uploads\\\/sites\\\/4\\\/2023\\\/06\\\/OIP-1.jpg?v=1687820553\",\"keywords\":[\"DOA\u00c7\u00c3O DE SANGUE\",\"JUNHO VERMELHO\",\"LEUCEMIA\"],\"articleSection\":[\"Cidades\"],\"inLanguage\":\"pt-BR\",\"potentialAction\":[{\"@type\":\"CommentAction\",\"name\":\"Comment\",\"target\":[\"https:\\\/\\\/redenoticiaz.com.br\\\/ribeiraopreto-regiao\\\/sp\\\/2023\\\/07\\\/01\\\/junho-vermelho-saiba-os-principais-sinais-de-alerta-da-leucemia#respond\"]}]},{\"@type\":\"WebPage\",\"@id\":\"https:\\\/\\\/redenoticiaz.com.br\\\/ribeiraopreto-regiao\\\/sp\\\/2023\\\/07\\\/01\\\/junho-vermelho-saiba-os-principais-sinais-de-alerta-da-leucemia\",\"url\":\"https:\\\/\\\/redenoticiaz.com.br\\\/ribeiraopreto-regiao\\\/sp\\\/2023\\\/07\\\/01\\\/junho-vermelho-saiba-os-principais-sinais-de-alerta-da-leucemia\",\"name\":\"JUNHO VERMELHO \u2013 Saiba os principais sinais de alerta da Leucemia - Ribeir\u00e3o Preto e Regi\u00e3o\",\"isPartOf\":{\"@id\":\"https:\\\/\\\/redenoticiaz.com.br\\\/ribeiraopreto-regiao\\\/#website\"},\"primaryImageOfPage\":{\"@id\":\"https:\\\/\\\/redenoticiaz.com.br\\\/ribeiraopreto-regiao\\\/sp\\\/2023\\\/07\\\/01\\\/junho-vermelho-saiba-os-principais-sinais-de-alerta-da-leucemia#primaryimage\"},\"image\":{\"@id\":\"https:\\\/\\\/redenoticiaz.com.br\\\/ribeiraopreto-regiao\\\/sp\\\/2023\\\/07\\\/01\\\/junho-vermelho-saiba-os-principais-sinais-de-alerta-da-leucemia#primaryimage\"},\"thumbnailUrl\":\"https:\\\/\\\/redenoticiaz.com.br\\\/ribeiraopreto-regiao\\\/wp-content\\\/uploads\\\/sites\\\/4\\\/2023\\\/06\\\/OIP-1.jpg?v=1687820553\",\"datePublished\":\"2023-07-01T12:00:33+00:00\",\"description\":\"Neste m\u00eas contamos com importantes campanhas relacionadas ao sangue, como o Junho Vermelho. Que estimula a doa\u00e7\u00e3o de sangue.\",\"inLanguage\":\"pt-BR\",\"potentialAction\":[{\"@type\":\"ReadAction\",\"target\":[\"https:\\\/\\\/redenoticiaz.com.br\\\/ribeiraopreto-regiao\\\/sp\\\/2023\\\/07\\\/01\\\/junho-vermelho-saiba-os-principais-sinais-de-alerta-da-leucemia\"]}]},{\"@type\":\"ImageObject\",\"inLanguage\":\"pt-BR\",\"@id\":\"https:\\\/\\\/redenoticiaz.com.br\\\/ribeiraopreto-regiao\\\/sp\\\/2023\\\/07\\\/01\\\/junho-vermelho-saiba-os-principais-sinais-de-alerta-da-leucemia#primaryimage\",\"url\":\"https:\\\/\\\/redenoticiaz.com.br\\\/ribeiraopreto-regiao\\\/wp-content\\\/uploads\\\/sites\\\/4\\\/2023\\\/06\\\/OIP-1.jpg?v=1687820553\",\"contentUrl\":\"https:\\\/\\\/redenoticiaz.com.br\\\/ribeiraopreto-regiao\\\/wp-content\\\/uploads\\\/sites\\\/4\\\/2023\\\/06\\\/OIP-1.jpg?v=1687820553\",\"width\":474,\"height\":270,\"caption\":\"Foto: Divulga\u00e7\u00e3o\"},{\"@type\":\"WebSite\",\"@id\":\"https:\\\/\\\/redenoticiaz.com.br\\\/ribeiraopreto-regiao\\\/#website\",\"url\":\"https:\\\/\\\/redenoticiaz.com.br\\\/ribeiraopreto-regiao\\\/\",\"name\":\"Ribeir\u00e3o Preto e Regi\u00e3o\",\"description\":\"Rede NoticiaZ - Ribeir\u00e3o Preto e regi\u00e3o\",\"publisher\":{\"@id\":\"https:\\\/\\\/redenoticiaz.com.br\\\/ribeiraopreto-regiao\\\/#organization\"},\"potentialAction\":[{\"@type\":\"SearchAction\",\"target\":{\"@type\":\"EntryPoint\",\"urlTemplate\":\"https:\\\/\\\/redenoticiaz.com.br\\\/ribeiraopreto-regiao\\\/?s={search_term_string}\"},\"query-input\":{\"@type\":\"PropertyValueSpecification\",\"valueRequired\":true,\"valueName\":\"search_term_string\"}}],\"inLanguage\":\"pt-BR\"},{\"@type\":\"Organization\",\"@id\":\"https:\\\/\\\/redenoticiaz.com.br\\\/ribeiraopreto-regiao\\\/#organization\",\"name\":\"Ribeir\u00e3o Preto e Regi\u00e3o\",\"url\":\"https:\\\/\\\/redenoticiaz.com.br\\\/ribeiraopreto-regiao\\\/\",\"logo\":{\"@type\":\"ImageObject\",\"inLanguage\":\"pt-BR\",\"@id\":\"https:\\\/\\\/redenoticiaz.com.br\\\/ribeiraopreto-regiao\\\/#\\\/schema\\\/logo\\\/image\\\/\",\"url\":\"https:\\\/\\\/redenoticiaz.com.br\\\/barretos-regiao\\\/wp-content\\\/uploads\\\/sites\\\/4\\\/2022\\\/02\\\/logo.jpg\",\"contentUrl\":\"https:\\\/\\\/redenoticiaz.com.br\\\/barretos-regiao\\\/wp-content\\\/uploads\\\/sites\\\/4\\\/2022\\\/02\\\/logo.jpg\",\"width\":400,\"height\":250,\"caption\":\"Ribeir\u00e3o Preto e Regi\u00e3o\"},\"image\":{\"@id\":\"https:\\\/\\\/redenoticiaz.com.br\\\/ribeiraopreto-regiao\\\/#\\\/schema\\\/logo\\\/image\\\/\"},\"sameAs\":[\"https:\\\/\\\/m.facebook.com\\\/redenoticiaz.barretos\",\"https:\\\/\\\/x.com\\\/RN_barretos\",\"https:\\\/\\\/www.instagram.com\\\/redenoticiaz.barretos\\\/?igshid=YmMyMTA2M2Y\",\"https:\\\/\\\/www.linkedin.com\\\/company\\\/rede-noticiaz-barretos-e-regio\\\/\"]},{\"@type\":\"Person\",\"@id\":\"\",\"url\":\"https:\\\/\\\/redenoticiaz.com.br\\\/ribeiraopreto-regiao\\\/sp\\\/author\"}]}<\/script>\n<!-- \/ Yoast SEO plugin. -->","yoast_head_json":{"title":"JUNHO VERMELHO \u2013 Saiba os principais sinais de alerta da Leucemia - Ribeir\u00e3o Preto e Regi\u00e3o","description":"Neste m\u00eas contamos com importantes campanhas relacionadas ao sangue, como o Junho Vermelho. Que estimula a doa\u00e7\u00e3o de sangue.","robots":{"index":"index","follow":"follow","max-snippet":"max-snippet:-1","max-image-preview":"max-image-preview:large","max-video-preview":"max-video-preview:-1"},"canonical":"https:\/\/redenoticiaz.com.br\/ribeiraopreto-regiao\/sp\/2023\/07\/01\/junho-vermelho-saiba-os-principais-sinais-de-alerta-da-leucemia","og_locale":"pt_BR","og_type":"article","og_title":"JUNHO VERMELHO \u2013 Saiba os principais sinais de alerta da Leucemia - Ribeir\u00e3o Preto e Regi\u00e3o","og_description":"Neste m\u00eas contamos com importantes campanhas relacionadas ao sangue, como o Junho Vermelho. Que estimula a doa\u00e7\u00e3o de sangue.","og_url":"https:\/\/redenoticiaz.com.br\/ribeiraopreto-regiao\/sp\/2023\/07\/01\/junho-vermelho-saiba-os-principais-sinais-de-alerta-da-leucemia","og_site_name":"Ribeir\u00e3o Preto e Regi\u00e3o","article_publisher":"https:\/\/m.facebook.com\/redenoticiaz.barretos","article_published_time":"2023-07-01T12:00:33+00:00","og_image":[{"width":400,"height":250,"url":"https:\/\/redenoticiaz.com.br\/ribeiraopreto-regiao\/wp-content\/uploads\/sites\/4\/2022\/02\/logo.jpg","type":"image\/jpeg"}],"twitter_card":"summary_large_image","twitter_creator":"@RN_barretos","twitter_site":"@RN_barretos","twitter_misc":{"Escrito por":"","Est. tempo de leitura":"3 minutos"},"schema":{"@context":"https:\/\/schema.org","@graph":[{"@type":"Article","@id":"https:\/\/redenoticiaz.com.br\/ribeiraopreto-regiao\/sp\/2023\/07\/01\/junho-vermelho-saiba-os-principais-sinais-de-alerta-da-leucemia#article","isPartOf":{"@id":"https:\/\/redenoticiaz.com.br\/ribeiraopreto-regiao\/sp\/2023\/07\/01\/junho-vermelho-saiba-os-principais-sinais-de-alerta-da-leucemia"},"author":{"name":"","@id":""},"headline":"JUNHO VERMELHO \u2013 Saiba os principais sinais de alerta da Leucemia","datePublished":"2023-07-01T12:00:33+00:00","mainEntityOfPage":{"@id":"https:\/\/redenoticiaz.com.br\/ribeiraopreto-regiao\/sp\/2023\/07\/01\/junho-vermelho-saiba-os-principais-sinais-de-alerta-da-leucemia"},"wordCount":502,"commentCount":0,"publisher":{"@id":"https:\/\/redenoticiaz.com.br\/ribeiraopreto-regiao\/#organization"},"image":{"@id":"https:\/\/redenoticiaz.com.br\/ribeiraopreto-regiao\/sp\/2023\/07\/01\/junho-vermelho-saiba-os-principais-sinais-de-alerta-da-leucemia#primaryimage"},"thumbnailUrl":"https:\/\/redenoticiaz.com.br\/ribeiraopreto-regiao\/wp-content\/uploads\/sites\/4\/2023\/06\/OIP-1.jpg?v=1687820553","keywords":["DOA\u00c7\u00c3O DE SANGUE","JUNHO VERMELHO","LEUCEMIA"],"articleSection":["Cidades"],"inLanguage":"pt-BR","potentialAction":[{"@type":"CommentAction","name":"Comment","target":["https:\/\/redenoticiaz.com.br\/ribeiraopreto-regiao\/sp\/2023\/07\/01\/junho-vermelho-saiba-os-principais-sinais-de-alerta-da-leucemia#respond"]}]},{"@type":"WebPage","@id":"https:\/\/redenoticiaz.com.br\/ribeiraopreto-regiao\/sp\/2023\/07\/01\/junho-vermelho-saiba-os-principais-sinais-de-alerta-da-leucemia","url":"https:\/\/redenoticiaz.com.br\/ribeiraopreto-regiao\/sp\/2023\/07\/01\/junho-vermelho-saiba-os-principais-sinais-de-alerta-da-leucemia","name":"JUNHO VERMELHO \u2013 Saiba os principais sinais de alerta da Leucemia - Ribeir\u00e3o Preto e Regi\u00e3o","isPartOf":{"@id":"https:\/\/redenoticiaz.com.br\/ribeiraopreto-regiao\/#website"},"primaryImageOfPage":{"@id":"https:\/\/redenoticiaz.com.br\/ribeiraopreto-regiao\/sp\/2023\/07\/01\/junho-vermelho-saiba-os-principais-sinais-de-alerta-da-leucemia#primaryimage"},"image":{"@id":"https:\/\/redenoticiaz.com.br\/ribeiraopreto-regiao\/sp\/2023\/07\/01\/junho-vermelho-saiba-os-principais-sinais-de-alerta-da-leucemia#primaryimage"},"thumbnailUrl":"https:\/\/redenoticiaz.com.br\/ribeiraopreto-regiao\/wp-content\/uploads\/sites\/4\/2023\/06\/OIP-1.jpg?v=1687820553","datePublished":"2023-07-01T12:00:33+00:00","description":"Neste m\u00eas contamos com importantes campanhas relacionadas ao sangue, como o Junho Vermelho. Que estimula a doa\u00e7\u00e3o de sangue.","inLanguage":"pt-BR","potentialAction":[{"@type":"ReadAction","target":["https:\/\/redenoticiaz.com.br\/ribeiraopreto-regiao\/sp\/2023\/07\/01\/junho-vermelho-saiba-os-principais-sinais-de-alerta-da-leucemia"]}]},{"@type":"ImageObject","inLanguage":"pt-BR","@id":"https:\/\/redenoticiaz.com.br\/ribeiraopreto-regiao\/sp\/2023\/07\/01\/junho-vermelho-saiba-os-principais-sinais-de-alerta-da-leucemia#primaryimage","url":"https:\/\/redenoticiaz.com.br\/ribeiraopreto-regiao\/wp-content\/uploads\/sites\/4\/2023\/06\/OIP-1.jpg?v=1687820553","contentUrl":"https:\/\/redenoticiaz.com.br\/ribeiraopreto-regiao\/wp-content\/uploads\/sites\/4\/2023\/06\/OIP-1.jpg?v=1687820553","width":474,"height":270,"caption":"Foto: Divulga\u00e7\u00e3o"},{"@type":"WebSite","@id":"https:\/\/redenoticiaz.com.br\/ribeiraopreto-regiao\/#website","url":"https:\/\/redenoticiaz.com.br\/ribeiraopreto-regiao\/","name":"Ribeir\u00e3o Preto e Regi\u00e3o","description":"Rede NoticiaZ - Ribeir\u00e3o Preto e regi\u00e3o","publisher":{"@id":"https:\/\/redenoticiaz.com.br\/ribeiraopreto-regiao\/#organization"},"potentialAction":[{"@type":"SearchAction","target":{"@type":"EntryPoint","urlTemplate":"https:\/\/redenoticiaz.com.br\/ribeiraopreto-regiao\/?s={search_term_string}"},"query-input":{"@type":"PropertyValueSpecification","valueRequired":true,"valueName":"search_term_string"}}],"inLanguage":"pt-BR"},{"@type":"Organization","@id":"https:\/\/redenoticiaz.com.br\/ribeiraopreto-regiao\/#organization","name":"Ribeir\u00e3o Preto e Regi\u00e3o","url":"https:\/\/redenoticiaz.com.br\/ribeiraopreto-regiao\/","logo":{"@type":"ImageObject","inLanguage":"pt-BR","@id":"https:\/\/redenoticiaz.com.br\/ribeiraopreto-regiao\/#\/schema\/logo\/image\/","url":"https:\/\/redenoticiaz.com.br\/barretos-regiao\/wp-content\/uploads\/sites\/4\/2022\/02\/logo.jpg","contentUrl":"https:\/\/redenoticiaz.com.br\/barretos-regiao\/wp-content\/uploads\/sites\/4\/2022\/02\/logo.jpg","width":400,"height":250,"caption":"Ribeir\u00e3o Preto e Regi\u00e3o"},"image":{"@id":"https:\/\/redenoticiaz.com.br\/ribeiraopreto-regiao\/#\/schema\/logo\/image\/"},"sameAs":["https:\/\/m.facebook.com\/redenoticiaz.barretos","https:\/\/x.com\/RN_barretos","https:\/\/www.instagram.com\/redenoticiaz.barretos\/?igshid=YmMyMTA2M2Y","https:\/\/www.linkedin.com\/company\/rede-noticiaz-barretos-e-regio\/"]},{"@type":"Person","@id":"","url":"https:\/\/redenoticiaz.com.br\/ribeiraopreto-regiao\/sp\/author"}]}},"_links":{"self":[{"href":"https:\/\/redenoticiaz.com.br\/ribeiraopreto-regiao\/wp-json\/wp\/v2\/posts\/107396","targetHints":{"allow":["GET"]}}],"collection":[{"href":"https:\/\/redenoticiaz.com.br\/ribeiraopreto-regiao\/wp-json\/wp\/v2\/posts"}],"about":[{"href":"https:\/\/redenoticiaz.com.br\/ribeiraopreto-regiao\/wp-json\/wp\/v2\/types\/post"}],"author":[{"embeddable":true,"href":"https:\/\/redenoticiaz.com.br\/ribeiraopreto-regiao\/wp-json\/wp\/v2\/users\/11"}],"replies":[{"embeddable":true,"href":"https:\/\/redenoticiaz.com.br\/ribeiraopreto-regiao\/wp-json\/wp\/v2\/comments?post=107396"}],"version-history":[{"count":0,"href":"https:\/\/redenoticiaz.com.br\/ribeiraopreto-regiao\/wp-json\/wp\/v2\/posts\/107396\/revisions"}],"wp:featuredmedia":[{"embeddable":true,"href":"https:\/\/redenoticiaz.com.br\/ribeiraopreto-regiao\/wp-json\/wp\/v2\/media\/107397"}],"wp:attachment":[{"href":"https:\/\/redenoticiaz.com.br\/ribeiraopreto-regiao\/wp-json\/wp\/v2\/media?parent=107396"}],"wp:term":[{"taxonomy":"category","embeddable":true,"href":"https:\/\/redenoticiaz.com.br\/ribeiraopreto-regiao\/wp-json\/wp\/v2\/categories?post=107396"},{"taxonomy":"post_tag","embeddable":true,"href":"https:\/\/redenoticiaz.com.br\/ribeiraopreto-regiao\/wp-json\/wp\/v2\/tags?post=107396"}],"curies":[{"name":"wp","href":"https:\/\/api.w.org\/{rel}","templated":true}]}}