{"id":107587,"date":"2023-07-01T10:31:05","date_gmt":"2023-07-01T13:31:05","guid":{"rendered":"https:\/\/redenoticiaz.com.br\/barretos-regiao\/?p=107587"},"modified":"2023-07-01T10:34:37","modified_gmt":"2023-07-01T13:34:37","slug":"moto-e-apreendida-e-adolescente-e-detido-suspeito-de-tentativa-de-assalto","status":"publish","type":"post","link":"https:\/\/redenoticiaz.com.br\/ribeiraopreto-regiao\/sp\/2023\/07\/01\/moto-e-apreendida-e-adolescente-e-detido-suspeito-de-tentativa-de-assalto","title":{"rendered":"Moto \u00e9 apreendida e adolescente detido suspeito de participa\u00e7\u00e3o em assalto"},"content":{"rendered":"<div class=\"x11i5rnm xat24cr x1mh8g0r x1vvkbs xtlvy1s x126k92a\">\n<div dir=\"auto\">Um adolescente de 17 anos foi detido por suspeita de participa\u00e7\u00e3o de tentativa de roubo em Barretos. A tentativa de assalto ocorreu no bairro de San Diego. As v\u00edtimas, um homem de 21 anos e uma mulher de 22 relataram para pol\u00edcia que estavam trafegando em uma motocicleta quando foram abordados por tr\u00eas criminosos em duas motos.<\/div>\n<div dir=\"auto\"><\/div>\n<\/div>\n<div class=\"x11i5rnm xat24cr x1mh8g0r x1vvkbs xtlvy1s x126k92a\">\n<div dir=\"auto\">O adolescente infrator estava de passageiro em uma das motos e apontou para o casal, simulando estar armado fazendo amea\u00e7as exigindo que entregasse o ve\u00edculo.<\/div>\n<div dir=\"auto\"><\/div>\n<\/div>\n<div class=\"x11i5rnm xat24cr x1mh8g0r x1vvkbs xtlvy1s x126k92a\">\n<div dir=\"auto\">A mulher que estava conduzindo a moto, acelerou para escapar da a\u00e7\u00e3o dos criminosos. Aos chegarem em casa a pol\u00edcia foi acionada.<\/div>\n<div dir=\"auto\"><\/div>\n<div dir=\"auto\">Diante das informa\u00e7\u00f5es, a pol\u00edcia realizou patrulhamento pelo bairro Santa Cec\u00edlia e se depararam com os suspeitos, que ao perceberem a presen\u00e7a da viatura empreenderam fuga.<\/div>\n<\/div>\n<div class=\"x11i5rnm xat24cr x1mh8g0r x1vvkbs xtlvy1s x126k92a\">\n<div dir=\"auto\"><\/div>\n<div dir=\"auto\">O condutor de uma das motos, conseguiu fugir. A equipe realizou acompanhamento do ve\u00edculo que tinha dois ocupantes, at\u00e9 que o condutor perdeu o controle e ambos sofreram uma queda.<\/div>\n<\/div>\n<div class=\"x11i5rnm xat24cr x1mh8g0r x1vvkbs xtlvy1s x126k92a\">\n<div dir=\"auto\"><\/div>\n<div dir=\"auto\">O sujeito que conduzia o ve\u00edculo, fugiu a p\u00e9 entrando num matagal, enquanto o adolescente acabou detido. O menor foi reconhecido como sendo um dos autores da tentativa de assalto.<\/div>\n<\/div>\n<div class=\"x11i5rnm xat24cr x1mh8g0r x1vvkbs xtlvy1s x126k92a\">\n<div dir=\"auto\"><\/div>\n<div dir=\"auto\">Ele admitiu que estava na moto em companhia de outro suspeito, por\u00e9m, negou a participa\u00e7\u00e3o no crime.<\/div>\n<\/div>\n<div class=\"x11i5rnm xat24cr x1mh8g0r x1vvkbs xtlvy1s x126k92a\">\n<div dir=\"auto\"><\/div>\n<div dir=\"auto\">O delegado respons\u00e1vel determinou que o menor fosse apreendido, ficando \u00e0 disposi\u00e7\u00e3o da Justi\u00e7a.<\/div>\n<\/div>\n<div dir=\"auto\"><\/div>\n<div dir=\"auto\"><strong>LEIA MAIS<\/strong><\/div>\n<div dir=\"auto\"><a href=\"https:\/\/redenoticiaz.com.br\/barretos-regiao\/sp\/2023\/07\/01\/jovem-de-23-anos-e-morto-a-facadas\">Jovem de 23 anos \u00e9 morto a facadas<\/a><\/div>\n","protected":false},"excerpt":{"rendered":"<p>Um adolescente de 17 anos foi detido por suspeita de participa\u00e7\u00e3o de tentativa de roubo em Barretos. A tentativa de assalto ocorreu no bairro de San Diego. As v\u00edtimas, um homem de 21 anos e uma mulher de 22 relataram para pol\u00edcia que estavam trafegando em uma motocicleta quando foram abordados por tr\u00eas criminosos em &hellip;<\/p>\n","protected":false},"author":30,"featured_media":107588,"comment_status":"open","ping_status":"closed","sticky":false,"template":"","format":"standard","meta":{"footnotes":""},"categories":[88],"tags":[1015,3018,20075,12717],"class_list":["post-107587","post","type-post","status-publish","format-standard","has-post-thumbnail","hentry","category-policia","tag-adolescente","tag-assalto","tag-criminosos","tag-moto"],"yoast_head":"<!-- This site is optimized with the Yoast SEO plugin v28.4 - https:\/\/yoast.com\/product\/yoast-seo-wordpress\/ -->\n<title>Moto \u00e9 apreendida e adolescente detido suspeito de participa\u00e7\u00e3o em assalto - Ribeir\u00e3o Preto e Regi\u00e3o<\/title>\n<meta name=\"description\" content=\"Um adolescente de 17 anos foi detido por suspeita de participa\u00e7\u00e3o de tentativa de roubo em Barretos. A tentativa de assalto ocorreu no bairro\" \/>\n<meta name=\"robots\" content=\"index, follow, max-snippet:-1, max-image-preview:large, max-video-preview:-1\" \/>\n<link rel=\"canonical\" href=\"https:\/\/redenoticiaz.com.br\/ribeiraopreto-regiao\/sp\/2023\/07\/01\/moto-e-apreendida-e-adolescente-e-detido-suspeito-de-tentativa-de-assalto\" \/>\n<meta property=\"og:locale\" content=\"pt_BR\" \/>\n<meta property=\"og:type\" content=\"article\" \/>\n<meta property=\"og:title\" content=\"Moto \u00e9 apreendida e adolescente detido suspeito de participa\u00e7\u00e3o em assalto - Ribeir\u00e3o Preto e Regi\u00e3o\" \/>\n<meta property=\"og:description\" content=\"Um adolescente de 17 anos foi detido por suspeita de participa\u00e7\u00e3o de tentativa de roubo em Barretos. A tentativa de assalto ocorreu no bairro\" \/>\n<meta property=\"og:url\" content=\"https:\/\/redenoticiaz.com.br\/ribeiraopreto-regiao\/sp\/2023\/07\/01\/moto-e-apreendida-e-adolescente-e-detido-suspeito-de-tentativa-de-assalto\" \/>\n<meta property=\"og:site_name\" content=\"Ribeir\u00e3o Preto e Regi\u00e3o\" \/>\n<meta property=\"article:publisher\" content=\"https:\/\/m.facebook.com\/redenoticiaz.barretos\" \/>\n<meta property=\"article:published_time\" content=\"2023-07-01T13:31:05+00:00\" \/>\n<meta property=\"article:modified_time\" content=\"2023-07-01T13:34:37+00:00\" \/>\n<meta property=\"og:image\" content=\"https:\/\/redenoticiaz.com.br\/ribeiraopreto-regiao\/wp-content\/uploads\/sites\/4\/2023\/07\/356842388_733924632073187_6035902978133478618_n.jpg\" \/>\n\t<meta property=\"og:image:width\" content=\"700\" \/>\n\t<meta property=\"og:image:height\" content=\"492\" \/>\n\t<meta property=\"og:image:type\" content=\"image\/jpeg\" \/>\n<meta name=\"author\" content=\"Carina Reifonas\" \/>\n<meta name=\"twitter:card\" content=\"summary_large_image\" \/>\n<meta name=\"twitter:creator\" content=\"@RN_barretos\" \/>\n<meta name=\"twitter:site\" content=\"@RN_barretos\" \/>\n<meta name=\"twitter:label1\" content=\"Escrito por\" \/>\n\t<meta name=\"twitter:data1\" content=\"Carina Reifonas\" \/>\n\t<meta name=\"twitter:label2\" content=\"Est. tempo de leitura\" \/>\n\t<meta name=\"twitter:data2\" content=\"2 minutos\" \/>\n<script type=\"application\/ld+json\" class=\"yoast-schema-graph\">{\"@context\":\"https:\\\/\\\/schema.org\",\"@graph\":[{\"@type\":\"Article\",\"@id\":\"https:\\\/\\\/redenoticiaz.com.br\\\/ribeiraopreto-regiao\\\/sp\\\/2023\\\/07\\\/01\\\/moto-e-apreendida-e-adolescente-e-detido-suspeito-de-tentativa-de-assalto#article\",\"isPartOf\":{\"@id\":\"https:\\\/\\\/redenoticiaz.com.br\\\/ribeiraopreto-regiao\\\/sp\\\/2023\\\/07\\\/01\\\/moto-e-apreendida-e-adolescente-e-detido-suspeito-de-tentativa-de-assalto\"},\"author\":{\"name\":\"Carina Reifonas\",\"@id\":\"https:\\\/\\\/redenoticiaz.com.br\\\/ribeiraopreto-regiao\\\/#\\\/schema\\\/person\\\/1f84d6e94e6a62d2d81199d7503e9e90\"},\"headline\":\"Moto \u00e9 apreendida e adolescente detido suspeito de participa\u00e7\u00e3o em assalto\",\"datePublished\":\"2023-07-01T13:31:05+00:00\",\"dateModified\":\"2023-07-01T13:34:37+00:00\",\"mainEntityOfPage\":{\"@id\":\"https:\\\/\\\/redenoticiaz.com.br\\\/ribeiraopreto-regiao\\\/sp\\\/2023\\\/07\\\/01\\\/moto-e-apreendida-e-adolescente-e-detido-suspeito-de-tentativa-de-assalto\"},\"wordCount\":255,\"commentCount\":0,\"publisher\":{\"@id\":\"https:\\\/\\\/redenoticiaz.com.br\\\/ribeiraopreto-regiao\\\/#organization\"},\"image\":{\"@id\":\"https:\\\/\\\/redenoticiaz.com.br\\\/ribeiraopreto-regiao\\\/sp\\\/2023\\\/07\\\/01\\\/moto-e-apreendida-e-adolescente-e-detido-suspeito-de-tentativa-de-assalto#primaryimage\"},\"thumbnailUrl\":\"https:\\\/\\\/redenoticiaz.com.br\\\/ribeiraopreto-regiao\\\/wp-content\\\/uploads\\\/sites\\\/4\\\/2023\\\/07\\\/356842388_733924632073187_6035902978133478618_n.jpg\",\"keywords\":[\"ADOLESCENTE\",\"Assalto\",\"CRIMINOSOS\",\"MOTO\"],\"articleSection\":[\"Pol\u00edcia\"],\"inLanguage\":\"pt-BR\",\"potentialAction\":[{\"@type\":\"CommentAction\",\"name\":\"Comment\",\"target\":[\"https:\\\/\\\/redenoticiaz.com.br\\\/ribeiraopreto-regiao\\\/sp\\\/2023\\\/07\\\/01\\\/moto-e-apreendida-e-adolescente-e-detido-suspeito-de-tentativa-de-assalto#respond\"]}]},{\"@type\":\"WebPage\",\"@id\":\"https:\\\/\\\/redenoticiaz.com.br\\\/ribeiraopreto-regiao\\\/sp\\\/2023\\\/07\\\/01\\\/moto-e-apreendida-e-adolescente-e-detido-suspeito-de-tentativa-de-assalto\",\"url\":\"https:\\\/\\\/redenoticiaz.com.br\\\/ribeiraopreto-regiao\\\/sp\\\/2023\\\/07\\\/01\\\/moto-e-apreendida-e-adolescente-e-detido-suspeito-de-tentativa-de-assalto\",\"name\":\"Moto \u00e9 apreendida e adolescente detido suspeito de participa\u00e7\u00e3o em assalto - Ribeir\u00e3o Preto e Regi\u00e3o\",\"isPartOf\":{\"@id\":\"https:\\\/\\\/redenoticiaz.com.br\\\/ribeiraopreto-regiao\\\/#website\"},\"primaryImageOfPage\":{\"@id\":\"https:\\\/\\\/redenoticiaz.com.br\\\/ribeiraopreto-regiao\\\/sp\\\/2023\\\/07\\\/01\\\/moto-e-apreendida-e-adolescente-e-detido-suspeito-de-tentativa-de-assalto#primaryimage\"},\"image\":{\"@id\":\"https:\\\/\\\/redenoticiaz.com.br\\\/ribeiraopreto-regiao\\\/sp\\\/2023\\\/07\\\/01\\\/moto-e-apreendida-e-adolescente-e-detido-suspeito-de-tentativa-de-assalto#primaryimage\"},\"thumbnailUrl\":\"https:\\\/\\\/redenoticiaz.com.br\\\/ribeiraopreto-regiao\\\/wp-content\\\/uploads\\\/sites\\\/4\\\/2023\\\/07\\\/356842388_733924632073187_6035902978133478618_n.jpg\",\"datePublished\":\"2023-07-01T13:31:05+00:00\",\"dateModified\":\"2023-07-01T13:34:37+00:00\",\"description\":\"Um adolescente de 17 anos foi detido por suspeita de participa\u00e7\u00e3o de tentativa de roubo em Barretos. A tentativa de assalto ocorreu no bairro\",\"inLanguage\":\"pt-BR\",\"potentialAction\":[{\"@type\":\"ReadAction\",\"target\":[\"https:\\\/\\\/redenoticiaz.com.br\\\/ribeiraopreto-regiao\\\/sp\\\/2023\\\/07\\\/01\\\/moto-e-apreendida-e-adolescente-e-detido-suspeito-de-tentativa-de-assalto\"]}]},{\"@type\":\"ImageObject\",\"inLanguage\":\"pt-BR\",\"@id\":\"https:\\\/\\\/redenoticiaz.com.br\\\/ribeiraopreto-regiao\\\/sp\\\/2023\\\/07\\\/01\\\/moto-e-apreendida-e-adolescente-e-detido-suspeito-de-tentativa-de-assalto#primaryimage\",\"url\":\"https:\\\/\\\/redenoticiaz.com.br\\\/ribeiraopreto-regiao\\\/wp-content\\\/uploads\\\/sites\\\/4\\\/2023\\\/07\\\/356842388_733924632073187_6035902978133478618_n.jpg\",\"contentUrl\":\"https:\\\/\\\/redenoticiaz.com.br\\\/ribeiraopreto-regiao\\\/wp-content\\\/uploads\\\/sites\\\/4\\\/2023\\\/07\\\/356842388_733924632073187_6035902978133478618_n.jpg\",\"width\":700,\"height\":492,\"caption\":\"Adolescente foi detido suspeito de tentativa de assalto. Cr\u00e9dito: Reprodu\u00e7\u00e3o\"},{\"@type\":\"WebSite\",\"@id\":\"https:\\\/\\\/redenoticiaz.com.br\\\/ribeiraopreto-regiao\\\/#website\",\"url\":\"https:\\\/\\\/redenoticiaz.com.br\\\/ribeiraopreto-regiao\\\/\",\"name\":\"Ribeir\u00e3o Preto e Regi\u00e3o\",\"description\":\"Rede NoticiaZ - Ribeir\u00e3o Preto e regi\u00e3o\",\"publisher\":{\"@id\":\"https:\\\/\\\/redenoticiaz.com.br\\\/ribeiraopreto-regiao\\\/#organization\"},\"potentialAction\":[{\"@type\":\"SearchAction\",\"target\":{\"@type\":\"EntryPoint\",\"urlTemplate\":\"https:\\\/\\\/redenoticiaz.com.br\\\/ribeiraopreto-regiao\\\/?s={search_term_string}\"},\"query-input\":{\"@type\":\"PropertyValueSpecification\",\"valueRequired\":true,\"valueName\":\"search_term_string\"}}],\"inLanguage\":\"pt-BR\"},{\"@type\":\"Organization\",\"@id\":\"https:\\\/\\\/redenoticiaz.com.br\\\/ribeiraopreto-regiao\\\/#organization\",\"name\":\"Ribeir\u00e3o Preto e Regi\u00e3o\",\"url\":\"https:\\\/\\\/redenoticiaz.com.br\\\/ribeiraopreto-regiao\\\/\",\"logo\":{\"@type\":\"ImageObject\",\"inLanguage\":\"pt-BR\",\"@id\":\"https:\\\/\\\/redenoticiaz.com.br\\\/ribeiraopreto-regiao\\\/#\\\/schema\\\/logo\\\/image\\\/\",\"url\":\"https:\\\/\\\/redenoticiaz.com.br\\\/barretos-regiao\\\/wp-content\\\/uploads\\\/sites\\\/4\\\/2022\\\/02\\\/logo.jpg\",\"contentUrl\":\"https:\\\/\\\/redenoticiaz.com.br\\\/barretos-regiao\\\/wp-content\\\/uploads\\\/sites\\\/4\\\/2022\\\/02\\\/logo.jpg\",\"width\":400,\"height\":250,\"caption\":\"Ribeir\u00e3o Preto e Regi\u00e3o\"},\"image\":{\"@id\":\"https:\\\/\\\/redenoticiaz.com.br\\\/ribeiraopreto-regiao\\\/#\\\/schema\\\/logo\\\/image\\\/\"},\"sameAs\":[\"https:\\\/\\\/m.facebook.com\\\/redenoticiaz.barretos\",\"https:\\\/\\\/x.com\\\/RN_barretos\",\"https:\\\/\\\/www.instagram.com\\\/redenoticiaz.barretos\\\/?igshid=YmMyMTA2M2Y\",\"https:\\\/\\\/www.linkedin.com\\\/company\\\/rede-noticiaz-barretos-e-regio\\\/\"]},{\"@type\":\"Person\",\"@id\":\"https:\\\/\\\/redenoticiaz.com.br\\\/ribeiraopreto-regiao\\\/#\\\/schema\\\/person\\\/1f84d6e94e6a62d2d81199d7503e9e90\",\"name\":\"Carina Reifonas\",\"image\":{\"@type\":\"ImageObject\",\"inLanguage\":\"pt-BR\",\"@id\":\"https:\\\/\\\/secure.gravatar.com\\\/avatar\\\/04c59859b23696cf867715880f81d5c037e60109730bdb4e6670ec2a2245bc97?s=96&d=mm&r=g\",\"url\":\"https:\\\/\\\/secure.gravatar.com\\\/avatar\\\/04c59859b23696cf867715880f81d5c037e60109730bdb4e6670ec2a2245bc97?s=96&d=mm&r=g\",\"contentUrl\":\"https:\\\/\\\/secure.gravatar.com\\\/avatar\\\/04c59859b23696cf867715880f81d5c037e60109730bdb4e6670ec2a2245bc97?s=96&d=mm&r=g\",\"caption\":\"Carina Reifonas\"},\"url\":\"https:\\\/\\\/redenoticiaz.com.br\\\/ribeiraopreto-regiao\\\/sp\\\/author\\\/carinareifonas\"}]}<\/script>\n<!-- \/ Yoast SEO plugin. -->","yoast_head_json":{"title":"Moto \u00e9 apreendida e adolescente detido suspeito de participa\u00e7\u00e3o em assalto - Ribeir\u00e3o Preto e Regi\u00e3o","description":"Um adolescente de 17 anos foi detido por suspeita de participa\u00e7\u00e3o de tentativa de roubo em Barretos. A tentativa de assalto ocorreu no bairro","robots":{"index":"index","follow":"follow","max-snippet":"max-snippet:-1","max-image-preview":"max-image-preview:large","max-video-preview":"max-video-preview:-1"},"canonical":"https:\/\/redenoticiaz.com.br\/ribeiraopreto-regiao\/sp\/2023\/07\/01\/moto-e-apreendida-e-adolescente-e-detido-suspeito-de-tentativa-de-assalto","og_locale":"pt_BR","og_type":"article","og_title":"Moto \u00e9 apreendida e adolescente detido suspeito de participa\u00e7\u00e3o em assalto - Ribeir\u00e3o Preto e Regi\u00e3o","og_description":"Um adolescente de 17 anos foi detido por suspeita de participa\u00e7\u00e3o de tentativa de roubo em Barretos. A tentativa de assalto ocorreu no bairro","og_url":"https:\/\/redenoticiaz.com.br\/ribeiraopreto-regiao\/sp\/2023\/07\/01\/moto-e-apreendida-e-adolescente-e-detido-suspeito-de-tentativa-de-assalto","og_site_name":"Ribeir\u00e3o Preto e Regi\u00e3o","article_publisher":"https:\/\/m.facebook.com\/redenoticiaz.barretos","article_published_time":"2023-07-01T13:31:05+00:00","article_modified_time":"2023-07-01T13:34:37+00:00","og_image":[{"width":700,"height":492,"url":"https:\/\/redenoticiaz.com.br\/ribeiraopreto-regiao\/wp-content\/uploads\/sites\/4\/2023\/07\/356842388_733924632073187_6035902978133478618_n.jpg","type":"image\/jpeg"}],"author":"Carina Reifonas","twitter_card":"summary_large_image","twitter_creator":"@RN_barretos","twitter_site":"@RN_barretos","twitter_misc":{"Escrito por":"Carina Reifonas","Est. tempo de leitura":"2 minutos"},"schema":{"@context":"https:\/\/schema.org","@graph":[{"@type":"Article","@id":"https:\/\/redenoticiaz.com.br\/ribeiraopreto-regiao\/sp\/2023\/07\/01\/moto-e-apreendida-e-adolescente-e-detido-suspeito-de-tentativa-de-assalto#article","isPartOf":{"@id":"https:\/\/redenoticiaz.com.br\/ribeiraopreto-regiao\/sp\/2023\/07\/01\/moto-e-apreendida-e-adolescente-e-detido-suspeito-de-tentativa-de-assalto"},"author":{"name":"Carina Reifonas","@id":"https:\/\/redenoticiaz.com.br\/ribeiraopreto-regiao\/#\/schema\/person\/1f84d6e94e6a62d2d81199d7503e9e90"},"headline":"Moto \u00e9 apreendida e adolescente detido suspeito de participa\u00e7\u00e3o em assalto","datePublished":"2023-07-01T13:31:05+00:00","dateModified":"2023-07-01T13:34:37+00:00","mainEntityOfPage":{"@id":"https:\/\/redenoticiaz.com.br\/ribeiraopreto-regiao\/sp\/2023\/07\/01\/moto-e-apreendida-e-adolescente-e-detido-suspeito-de-tentativa-de-assalto"},"wordCount":255,"commentCount":0,"publisher":{"@id":"https:\/\/redenoticiaz.com.br\/ribeiraopreto-regiao\/#organization"},"image":{"@id":"https:\/\/redenoticiaz.com.br\/ribeiraopreto-regiao\/sp\/2023\/07\/01\/moto-e-apreendida-e-adolescente-e-detido-suspeito-de-tentativa-de-assalto#primaryimage"},"thumbnailUrl":"https:\/\/redenoticiaz.com.br\/ribeiraopreto-regiao\/wp-content\/uploads\/sites\/4\/2023\/07\/356842388_733924632073187_6035902978133478618_n.jpg","keywords":["ADOLESCENTE","Assalto","CRIMINOSOS","MOTO"],"articleSection":["Pol\u00edcia"],"inLanguage":"pt-BR","potentialAction":[{"@type":"CommentAction","name":"Comment","target":["https:\/\/redenoticiaz.com.br\/ribeiraopreto-regiao\/sp\/2023\/07\/01\/moto-e-apreendida-e-adolescente-e-detido-suspeito-de-tentativa-de-assalto#respond"]}]},{"@type":"WebPage","@id":"https:\/\/redenoticiaz.com.br\/ribeiraopreto-regiao\/sp\/2023\/07\/01\/moto-e-apreendida-e-adolescente-e-detido-suspeito-de-tentativa-de-assalto","url":"https:\/\/redenoticiaz.com.br\/ribeiraopreto-regiao\/sp\/2023\/07\/01\/moto-e-apreendida-e-adolescente-e-detido-suspeito-de-tentativa-de-assalto","name":"Moto \u00e9 apreendida e adolescente detido suspeito de participa\u00e7\u00e3o em assalto - Ribeir\u00e3o Preto e Regi\u00e3o","isPartOf":{"@id":"https:\/\/redenoticiaz.com.br\/ribeiraopreto-regiao\/#website"},"primaryImageOfPage":{"@id":"https:\/\/redenoticiaz.com.br\/ribeiraopreto-regiao\/sp\/2023\/07\/01\/moto-e-apreendida-e-adolescente-e-detido-suspeito-de-tentativa-de-assalto#primaryimage"},"image":{"@id":"https:\/\/redenoticiaz.com.br\/ribeiraopreto-regiao\/sp\/2023\/07\/01\/moto-e-apreendida-e-adolescente-e-detido-suspeito-de-tentativa-de-assalto#primaryimage"},"thumbnailUrl":"https:\/\/redenoticiaz.com.br\/ribeiraopreto-regiao\/wp-content\/uploads\/sites\/4\/2023\/07\/356842388_733924632073187_6035902978133478618_n.jpg","datePublished":"2023-07-01T13:31:05+00:00","dateModified":"2023-07-01T13:34:37+00:00","description":"Um adolescente de 17 anos foi detido por suspeita de participa\u00e7\u00e3o de tentativa de roubo em Barretos. A tentativa de assalto ocorreu no bairro","inLanguage":"pt-BR","potentialAction":[{"@type":"ReadAction","target":["https:\/\/redenoticiaz.com.br\/ribeiraopreto-regiao\/sp\/2023\/07\/01\/moto-e-apreendida-e-adolescente-e-detido-suspeito-de-tentativa-de-assalto"]}]},{"@type":"ImageObject","inLanguage":"pt-BR","@id":"https:\/\/redenoticiaz.com.br\/ribeiraopreto-regiao\/sp\/2023\/07\/01\/moto-e-apreendida-e-adolescente-e-detido-suspeito-de-tentativa-de-assalto#primaryimage","url":"https:\/\/redenoticiaz.com.br\/ribeiraopreto-regiao\/wp-content\/uploads\/sites\/4\/2023\/07\/356842388_733924632073187_6035902978133478618_n.jpg","contentUrl":"https:\/\/redenoticiaz.com.br\/ribeiraopreto-regiao\/wp-content\/uploads\/sites\/4\/2023\/07\/356842388_733924632073187_6035902978133478618_n.jpg","width":700,"height":492,"caption":"Adolescente foi detido suspeito de tentativa de assalto. Cr\u00e9dito: Reprodu\u00e7\u00e3o"},{"@type":"WebSite","@id":"https:\/\/redenoticiaz.com.br\/ribeiraopreto-regiao\/#website","url":"https:\/\/redenoticiaz.com.br\/ribeiraopreto-regiao\/","name":"Ribeir\u00e3o Preto e Regi\u00e3o","description":"Rede NoticiaZ - Ribeir\u00e3o Preto e regi\u00e3o","publisher":{"@id":"https:\/\/redenoticiaz.com.br\/ribeiraopreto-regiao\/#organization"},"potentialAction":[{"@type":"SearchAction","target":{"@type":"EntryPoint","urlTemplate":"https:\/\/redenoticiaz.com.br\/ribeiraopreto-regiao\/?s={search_term_string}"},"query-input":{"@type":"PropertyValueSpecification","valueRequired":true,"valueName":"search_term_string"}}],"inLanguage":"pt-BR"},{"@type":"Organization","@id":"https:\/\/redenoticiaz.com.br\/ribeiraopreto-regiao\/#organization","name":"Ribeir\u00e3o Preto e Regi\u00e3o","url":"https:\/\/redenoticiaz.com.br\/ribeiraopreto-regiao\/","logo":{"@type":"ImageObject","inLanguage":"pt-BR","@id":"https:\/\/redenoticiaz.com.br\/ribeiraopreto-regiao\/#\/schema\/logo\/image\/","url":"https:\/\/redenoticiaz.com.br\/barretos-regiao\/wp-content\/uploads\/sites\/4\/2022\/02\/logo.jpg","contentUrl":"https:\/\/redenoticiaz.com.br\/barretos-regiao\/wp-content\/uploads\/sites\/4\/2022\/02\/logo.jpg","width":400,"height":250,"caption":"Ribeir\u00e3o Preto e Regi\u00e3o"},"image":{"@id":"https:\/\/redenoticiaz.com.br\/ribeiraopreto-regiao\/#\/schema\/logo\/image\/"},"sameAs":["https:\/\/m.facebook.com\/redenoticiaz.barretos","https:\/\/x.com\/RN_barretos","https:\/\/www.instagram.com\/redenoticiaz.barretos\/?igshid=YmMyMTA2M2Y","https:\/\/www.linkedin.com\/company\/rede-noticiaz-barretos-e-regio\/"]},{"@type":"Person","@id":"https:\/\/redenoticiaz.com.br\/ribeiraopreto-regiao\/#\/schema\/person\/1f84d6e94e6a62d2d81199d7503e9e90","name":"Carina Reifonas","image":{"@type":"ImageObject","inLanguage":"pt-BR","@id":"https:\/\/secure.gravatar.com\/avatar\/04c59859b23696cf867715880f81d5c037e60109730bdb4e6670ec2a2245bc97?s=96&d=mm&r=g","url":"https:\/\/secure.gravatar.com\/avatar\/04c59859b23696cf867715880f81d5c037e60109730bdb4e6670ec2a2245bc97?s=96&d=mm&r=g","contentUrl":"https:\/\/secure.gravatar.com\/avatar\/04c59859b23696cf867715880f81d5c037e60109730bdb4e6670ec2a2245bc97?s=96&d=mm&r=g","caption":"Carina Reifonas"},"url":"https:\/\/redenoticiaz.com.br\/ribeiraopreto-regiao\/sp\/author\/carinareifonas"}]}},"_links":{"self":[{"href":"https:\/\/redenoticiaz.com.br\/ribeiraopreto-regiao\/wp-json\/wp\/v2\/posts\/107587","targetHints":{"allow":["GET"]}}],"collection":[{"href":"https:\/\/redenoticiaz.com.br\/ribeiraopreto-regiao\/wp-json\/wp\/v2\/posts"}],"about":[{"href":"https:\/\/redenoticiaz.com.br\/ribeiraopreto-regiao\/wp-json\/wp\/v2\/types\/post"}],"author":[{"embeddable":true,"href":"https:\/\/redenoticiaz.com.br\/ribeiraopreto-regiao\/wp-json\/wp\/v2\/users\/30"}],"replies":[{"embeddable":true,"href":"https:\/\/redenoticiaz.com.br\/ribeiraopreto-regiao\/wp-json\/wp\/v2\/comments?post=107587"}],"version-history":[{"count":3,"href":"https:\/\/redenoticiaz.com.br\/ribeiraopreto-regiao\/wp-json\/wp\/v2\/posts\/107587\/revisions"}],"predecessor-version":[{"id":107591,"href":"https:\/\/redenoticiaz.com.br\/ribeiraopreto-regiao\/wp-json\/wp\/v2\/posts\/107587\/revisions\/107591"}],"wp:featuredmedia":[{"embeddable":true,"href":"https:\/\/redenoticiaz.com.br\/ribeiraopreto-regiao\/wp-json\/wp\/v2\/media\/107588"}],"wp:attachment":[{"href":"https:\/\/redenoticiaz.com.br\/ribeiraopreto-regiao\/wp-json\/wp\/v2\/media?parent=107587"}],"wp:term":[{"taxonomy":"category","embeddable":true,"href":"https:\/\/redenoticiaz.com.br\/ribeiraopreto-regiao\/wp-json\/wp\/v2\/categories?post=107587"},{"taxonomy":"post_tag","embeddable":true,"href":"https:\/\/redenoticiaz.com.br\/ribeiraopreto-regiao\/wp-json\/wp\/v2\/tags?post=107587"}],"curies":[{"name":"wp","href":"https:\/\/api.w.org\/{rel}","templated":true}]}}