{"id":1076,"date":"2022-03-18T13:36:16","date_gmt":"2022-03-18T16:36:16","guid":{"rendered":"https:\/\/redenoticiaz.com.br\/barretos-regiao\/?p=1076"},"modified":"2022-03-18T13:39:35","modified_gmt":"2022-03-18T16:39:35","slug":"campo-de-futebol-da-regiao-do-lagos-ganha-revitalizacao","status":"publish","type":"post","link":"https:\/\/redenoticiaz.com.br\/ribeiraopreto-regiao\/sp\/2022\/03\/18\/campo-de-futebol-da-regiao-do-lagos-ganha-revitalizacao","title":{"rendered":"Campo de Futebol da Regi\u00e3o do Lagos ganha revitaliza\u00e7\u00e3o"},"content":{"rendered":"<p>A Prefeitura de Barretos, atrav\u00e9s de uma\u00a0 a\u00e7\u00e3o conjunta entre as secretarias municipais de <strong>Esporte e Lazer e Obras<\/strong>, iniciou os servi\u00e7os de manuten\u00e7\u00e3o e revitaliza\u00e7\u00e3o do campo de futebol da Regi\u00e3o dos Lagos.<\/p>\n<p>Assim, a prefeita Paula Lemos afirma que, <em>&#8220;esse \u00e9 um espa\u00e7o importante de pr\u00e1tica de atividade esportiva e tamb\u00e9m de lazer para a popula\u00e7\u00e3o da regi\u00e3o.<\/em> Al\u00e9m disso, com esta reforma mais fam\u00edlias poder\u00e3o utilizar o campo. Seguimos investindo em obras que melhorem a qualidade de vida dos barretenses&#8221;.<\/p>\n<p>De acordo com o Secret\u00e1rio Municipal de Esportes e Lazer, Tony Vieira Carvalho, a reforma manter\u00e1 as medidas atuais do campo. Ainda assim, trar\u00e1 mais valoriza\u00e7\u00e3o para aquela regi\u00e3o. &#8220;Ser\u00e1 feita a drenagem do campo, instala\u00e7\u00e3o de grama sint\u00e9tica, alambrados e arquibancada. Com essa reforma, Barretos contar\u00e1 com um dos \u00fanicos campos de futebol de grama sint\u00e9tica da nossa regi\u00e3o&#8221;, completou.<\/p>\n<p>O investimento de R$1,4 milh\u00e3o \u00e9 fruto de emenda parlamentar do Deputado Estadual Sebastiao Santos para melhorias no local. S\u00f3 no ano passado foram constru\u00eddos mais de 250 campos de futebol desse modelo no Estado de S\u00e3o Paulo. A previs\u00e3o de conclus\u00e3o da obra \u00e9 de 60 dias.<\/p>\n<p>Al\u00e9m da reforma do campo de futebol, a academia ao ar livre da Regi\u00e3o dos Lagos tamb\u00e9m passou por melhorias recentemente, sendo a primeira de v\u00e1rias que ser\u00e3o revitalizadas.<\/p>\n<p>LEIA TAMB\u00c9M:<\/p>\n","protected":false},"excerpt":{"rendered":"<p>A Prefeitura de Barretos, atrav\u00e9s de uma\u00a0 a\u00e7\u00e3o conjunta entre as secretarias municipais de Esporte e Lazer e Obras, iniciou os servi\u00e7os de manuten\u00e7\u00e3o e revitaliza\u00e7\u00e3o do campo de futebol da Regi\u00e3o dos Lagos. Assim, a prefeita Paula Lemos afirma que, &#8220;esse \u00e9 um espa\u00e7o importante de pr\u00e1tica de atividade esportiva e tamb\u00e9m de lazer &hellip;<\/p>\n","protected":false},"author":15,"featured_media":1077,"comment_status":"open","ping_status":"closed","sticky":false,"template":"","format":"standard","meta":{"footnotes":""},"categories":[1],"tags":[64,3974,3975,3761],"class_list":["post-1076","post","type-post","status-publish","format-standard","has-post-thumbnail","hentry","category-cidades","tag-barretos","tag-campo-de-futebol","tag-regiao-dos-lagos","tag-revitalizacao"],"yoast_head":"<!-- This site is optimized with the Yoast SEO plugin v27.4 - https:\/\/yoast.com\/product\/yoast-seo-wordpress\/ -->\n<title>Campo de Futebol da Regi\u00e3o do Lagos ganha revitaliza\u00e7\u00e3o - Ribeir\u00e3o Preto e Regi\u00e3o<\/title>\n<meta name=\"description\" content=\"A\u00e7\u00e3o conjunta entre as secretarias municipais de Esporte e Lazer e Obras, iniciou os servi\u00e7os de manuten\u00e7\u00e3o e revitaliza\u00e7\u00e3o do campo de futebol.\" \/>\n<meta name=\"robots\" content=\"index, follow, max-snippet:-1, max-image-preview:large, max-video-preview:-1\" \/>\n<link rel=\"canonical\" href=\"https:\/\/redenoticiaz.com.br\/ribeiraopreto-regiao\/sp\/2022\/03\/18\/campo-de-futebol-da-regiao-do-lagos-ganha-revitalizacao\" \/>\n<meta property=\"og:locale\" content=\"pt_BR\" \/>\n<meta property=\"og:type\" content=\"article\" \/>\n<meta property=\"og:title\" content=\"Campo de Futebol da Regi\u00e3o do Lagos ganha revitaliza\u00e7\u00e3o - Ribeir\u00e3o Preto e Regi\u00e3o\" \/>\n<meta property=\"og:description\" content=\"A\u00e7\u00e3o conjunta entre as secretarias municipais de Esporte e Lazer e Obras, iniciou os servi\u00e7os de manuten\u00e7\u00e3o e revitaliza\u00e7\u00e3o do campo de futebol.\" \/>\n<meta property=\"og:url\" content=\"https:\/\/redenoticiaz.com.br\/ribeiraopreto-regiao\/sp\/2022\/03\/18\/campo-de-futebol-da-regiao-do-lagos-ganha-revitalizacao\" \/>\n<meta property=\"og:site_name\" content=\"Ribeir\u00e3o Preto e Regi\u00e3o\" \/>\n<meta property=\"article:publisher\" content=\"https:\/\/m.facebook.com\/redenoticiaz.barretos\" \/>\n<meta property=\"article:published_time\" content=\"2022-03-18T16:36:16+00:00\" \/>\n<meta property=\"article:modified_time\" content=\"2022-03-18T16:39:35+00:00\" \/>\n<meta property=\"og:image\" content=\"https:\/\/redenoticiaz.com.br\/ribeiraopreto-regiao\/wp-content\/uploads\/sites\/4\/2022\/03\/captura-de-tela-46.png\" \/>\n\t<meta property=\"og:image:width\" content=\"815\" \/>\n\t<meta property=\"og:image:height\" content=\"408\" \/>\n\t<meta property=\"og:image:type\" content=\"image\/png\" \/>\n<meta name=\"twitter:card\" content=\"summary_large_image\" \/>\n<meta name=\"twitter:creator\" content=\"@RN_barretos\" \/>\n<meta name=\"twitter:site\" content=\"@RN_barretos\" \/>\n<meta name=\"twitter:label1\" content=\"Escrito por\" \/>\n\t<meta name=\"twitter:data1\" content=\"\" \/>\n\t<meta name=\"twitter:label2\" content=\"Est. tempo de leitura\" \/>\n\t<meta name=\"twitter:data2\" content=\"1 minuto\" \/>\n<script type=\"application\/ld+json\" class=\"yoast-schema-graph\">{\"@context\":\"https:\\\/\\\/schema.org\",\"@graph\":[{\"@type\":\"Article\",\"@id\":\"https:\\\/\\\/redenoticiaz.com.br\\\/ribeiraopreto-regiao\\\/sp\\\/2022\\\/03\\\/18\\\/campo-de-futebol-da-regiao-do-lagos-ganha-revitalizacao#article\",\"isPartOf\":{\"@id\":\"https:\\\/\\\/redenoticiaz.com.br\\\/ribeiraopreto-regiao\\\/sp\\\/2022\\\/03\\\/18\\\/campo-de-futebol-da-regiao-do-lagos-ganha-revitalizacao\"},\"author\":{\"name\":\"\",\"@id\":\"\"},\"headline\":\"Campo de Futebol da Regi\u00e3o do Lagos ganha revitaliza\u00e7\u00e3o\",\"datePublished\":\"2022-03-18T16:36:16+00:00\",\"dateModified\":\"2022-03-18T16:39:35+00:00\",\"mainEntityOfPage\":{\"@id\":\"https:\\\/\\\/redenoticiaz.com.br\\\/ribeiraopreto-regiao\\\/sp\\\/2022\\\/03\\\/18\\\/campo-de-futebol-da-regiao-do-lagos-ganha-revitalizacao\"},\"wordCount\":261,\"commentCount\":0,\"publisher\":{\"@id\":\"https:\\\/\\\/redenoticiaz.com.br\\\/ribeiraopreto-regiao\\\/#organization\"},\"image\":{\"@id\":\"https:\\\/\\\/redenoticiaz.com.br\\\/ribeiraopreto-regiao\\\/sp\\\/2022\\\/03\\\/18\\\/campo-de-futebol-da-regiao-do-lagos-ganha-revitalizacao#primaryimage\"},\"thumbnailUrl\":\"https:\\\/\\\/redenoticiaz.com.br\\\/ribeiraopreto-regiao\\\/wp-content\\\/uploads\\\/sites\\\/4\\\/2022\\\/03\\\/captura-de-tela-46.png\",\"keywords\":[\"BARRETOS\",\"CAMPO DE FUTEBOL\",\"REGI\u00c3O DOS LAGOS\",\"REVITALIZA\u00c7\u00c3O\"],\"articleSection\":[\"Cidades\"],\"inLanguage\":\"pt-BR\",\"potentialAction\":[{\"@type\":\"CommentAction\",\"name\":\"Comment\",\"target\":[\"https:\\\/\\\/redenoticiaz.com.br\\\/ribeiraopreto-regiao\\\/sp\\\/2022\\\/03\\\/18\\\/campo-de-futebol-da-regiao-do-lagos-ganha-revitalizacao#respond\"]}]},{\"@type\":\"WebPage\",\"@id\":\"https:\\\/\\\/redenoticiaz.com.br\\\/ribeiraopreto-regiao\\\/sp\\\/2022\\\/03\\\/18\\\/campo-de-futebol-da-regiao-do-lagos-ganha-revitalizacao\",\"url\":\"https:\\\/\\\/redenoticiaz.com.br\\\/ribeiraopreto-regiao\\\/sp\\\/2022\\\/03\\\/18\\\/campo-de-futebol-da-regiao-do-lagos-ganha-revitalizacao\",\"name\":\"Campo de Futebol da Regi\u00e3o do Lagos ganha revitaliza\u00e7\u00e3o - Ribeir\u00e3o Preto e Regi\u00e3o\",\"isPartOf\":{\"@id\":\"https:\\\/\\\/redenoticiaz.com.br\\\/ribeiraopreto-regiao\\\/#website\"},\"primaryImageOfPage\":{\"@id\":\"https:\\\/\\\/redenoticiaz.com.br\\\/ribeiraopreto-regiao\\\/sp\\\/2022\\\/03\\\/18\\\/campo-de-futebol-da-regiao-do-lagos-ganha-revitalizacao#primaryimage\"},\"image\":{\"@id\":\"https:\\\/\\\/redenoticiaz.com.br\\\/ribeiraopreto-regiao\\\/sp\\\/2022\\\/03\\\/18\\\/campo-de-futebol-da-regiao-do-lagos-ganha-revitalizacao#primaryimage\"},\"thumbnailUrl\":\"https:\\\/\\\/redenoticiaz.com.br\\\/ribeiraopreto-regiao\\\/wp-content\\\/uploads\\\/sites\\\/4\\\/2022\\\/03\\\/captura-de-tela-46.png\",\"datePublished\":\"2022-03-18T16:36:16+00:00\",\"dateModified\":\"2022-03-18T16:39:35+00:00\",\"description\":\"A\u00e7\u00e3o conjunta entre as secretarias municipais de Esporte e Lazer e Obras, iniciou os servi\u00e7os de manuten\u00e7\u00e3o e revitaliza\u00e7\u00e3o do campo de futebol.\",\"inLanguage\":\"pt-BR\",\"potentialAction\":[{\"@type\":\"ReadAction\",\"target\":[\"https:\\\/\\\/redenoticiaz.com.br\\\/ribeiraopreto-regiao\\\/sp\\\/2022\\\/03\\\/18\\\/campo-de-futebol-da-regiao-do-lagos-ganha-revitalizacao\"]}]},{\"@type\":\"ImageObject\",\"inLanguage\":\"pt-BR\",\"@id\":\"https:\\\/\\\/redenoticiaz.com.br\\\/ribeiraopreto-regiao\\\/sp\\\/2022\\\/03\\\/18\\\/campo-de-futebol-da-regiao-do-lagos-ganha-revitalizacao#primaryimage\",\"url\":\"https:\\\/\\\/redenoticiaz.com.br\\\/ribeiraopreto-regiao\\\/wp-content\\\/uploads\\\/sites\\\/4\\\/2022\\\/03\\\/captura-de-tela-46.png\",\"contentUrl\":\"https:\\\/\\\/redenoticiaz.com.br\\\/ribeiraopreto-regiao\\\/wp-content\\\/uploads\\\/sites\\\/4\\\/2022\\\/03\\\/captura-de-tela-46.png\",\"width\":815,\"height\":408,\"caption\":\"Campo de futebol passar\u00e1 por revitaliza\u00e7\u00e3o.\"},{\"@type\":\"WebSite\",\"@id\":\"https:\\\/\\\/redenoticiaz.com.br\\\/ribeiraopreto-regiao\\\/#website\",\"url\":\"https:\\\/\\\/redenoticiaz.com.br\\\/ribeiraopreto-regiao\\\/\",\"name\":\"Ribeir\u00e3o Preto e Regi\u00e3o\",\"description\":\"Rede NoticiaZ - Ribeir\u00e3o Preto e regi\u00e3o\",\"publisher\":{\"@id\":\"https:\\\/\\\/redenoticiaz.com.br\\\/ribeiraopreto-regiao\\\/#organization\"},\"potentialAction\":[{\"@type\":\"SearchAction\",\"target\":{\"@type\":\"EntryPoint\",\"urlTemplate\":\"https:\\\/\\\/redenoticiaz.com.br\\\/ribeiraopreto-regiao\\\/?s={search_term_string}\"},\"query-input\":{\"@type\":\"PropertyValueSpecification\",\"valueRequired\":true,\"valueName\":\"search_term_string\"}}],\"inLanguage\":\"pt-BR\"},{\"@type\":\"Organization\",\"@id\":\"https:\\\/\\\/redenoticiaz.com.br\\\/ribeiraopreto-regiao\\\/#organization\",\"name\":\"Ribeir\u00e3o Preto e Regi\u00e3o\",\"url\":\"https:\\\/\\\/redenoticiaz.com.br\\\/ribeiraopreto-regiao\\\/\",\"logo\":{\"@type\":\"ImageObject\",\"inLanguage\":\"pt-BR\",\"@id\":\"https:\\\/\\\/redenoticiaz.com.br\\\/ribeiraopreto-regiao\\\/#\\\/schema\\\/logo\\\/image\\\/\",\"url\":\"https:\\\/\\\/redenoticiaz.com.br\\\/barretos-regiao\\\/wp-content\\\/uploads\\\/sites\\\/4\\\/2022\\\/02\\\/logo.jpg\",\"contentUrl\":\"https:\\\/\\\/redenoticiaz.com.br\\\/barretos-regiao\\\/wp-content\\\/uploads\\\/sites\\\/4\\\/2022\\\/02\\\/logo.jpg\",\"width\":400,\"height\":250,\"caption\":\"Ribeir\u00e3o Preto e Regi\u00e3o\"},\"image\":{\"@id\":\"https:\\\/\\\/redenoticiaz.com.br\\\/ribeiraopreto-regiao\\\/#\\\/schema\\\/logo\\\/image\\\/\"},\"sameAs\":[\"https:\\\/\\\/m.facebook.com\\\/redenoticiaz.barretos\",\"https:\\\/\\\/x.com\\\/RN_barretos\",\"https:\\\/\\\/www.instagram.com\\\/redenoticiaz.barretos\\\/?igshid=YmMyMTA2M2Y\",\"https:\\\/\\\/www.linkedin.com\\\/company\\\/rede-noticiaz-barretos-e-regio\\\/\"]},{\"@type\":\"Person\",\"@id\":\"\",\"url\":\"https:\\\/\\\/redenoticiaz.com.br\\\/ribeiraopreto-regiao\\\/sp\\\/author\"}]}<\/script>\n<!-- \/ Yoast SEO plugin. -->","yoast_head_json":{"title":"Campo de Futebol da Regi\u00e3o do Lagos ganha revitaliza\u00e7\u00e3o - Ribeir\u00e3o Preto e Regi\u00e3o","description":"A\u00e7\u00e3o conjunta entre as secretarias municipais de Esporte e Lazer e Obras, iniciou os servi\u00e7os de manuten\u00e7\u00e3o e revitaliza\u00e7\u00e3o do campo de futebol.","robots":{"index":"index","follow":"follow","max-snippet":"max-snippet:-1","max-image-preview":"max-image-preview:large","max-video-preview":"max-video-preview:-1"},"canonical":"https:\/\/redenoticiaz.com.br\/ribeiraopreto-regiao\/sp\/2022\/03\/18\/campo-de-futebol-da-regiao-do-lagos-ganha-revitalizacao","og_locale":"pt_BR","og_type":"article","og_title":"Campo de Futebol da Regi\u00e3o do Lagos ganha revitaliza\u00e7\u00e3o - Ribeir\u00e3o Preto e Regi\u00e3o","og_description":"A\u00e7\u00e3o conjunta entre as secretarias municipais de Esporte e Lazer e Obras, iniciou os servi\u00e7os de manuten\u00e7\u00e3o e revitaliza\u00e7\u00e3o do campo de futebol.","og_url":"https:\/\/redenoticiaz.com.br\/ribeiraopreto-regiao\/sp\/2022\/03\/18\/campo-de-futebol-da-regiao-do-lagos-ganha-revitalizacao","og_site_name":"Ribeir\u00e3o Preto e Regi\u00e3o","article_publisher":"https:\/\/m.facebook.com\/redenoticiaz.barretos","article_published_time":"2022-03-18T16:36:16+00:00","article_modified_time":"2022-03-18T16:39:35+00:00","og_image":[{"width":815,"height":408,"url":"https:\/\/redenoticiaz.com.br\/ribeiraopreto-regiao\/wp-content\/uploads\/sites\/4\/2022\/03\/captura-de-tela-46.png","type":"image\/png"}],"twitter_card":"summary_large_image","twitter_creator":"@RN_barretos","twitter_site":"@RN_barretos","twitter_misc":{"Escrito por":"","Est. tempo de leitura":"1 minuto"},"schema":{"@context":"https:\/\/schema.org","@graph":[{"@type":"Article","@id":"https:\/\/redenoticiaz.com.br\/ribeiraopreto-regiao\/sp\/2022\/03\/18\/campo-de-futebol-da-regiao-do-lagos-ganha-revitalizacao#article","isPartOf":{"@id":"https:\/\/redenoticiaz.com.br\/ribeiraopreto-regiao\/sp\/2022\/03\/18\/campo-de-futebol-da-regiao-do-lagos-ganha-revitalizacao"},"author":{"name":"","@id":""},"headline":"Campo de Futebol da Regi\u00e3o do Lagos ganha revitaliza\u00e7\u00e3o","datePublished":"2022-03-18T16:36:16+00:00","dateModified":"2022-03-18T16:39:35+00:00","mainEntityOfPage":{"@id":"https:\/\/redenoticiaz.com.br\/ribeiraopreto-regiao\/sp\/2022\/03\/18\/campo-de-futebol-da-regiao-do-lagos-ganha-revitalizacao"},"wordCount":261,"commentCount":0,"publisher":{"@id":"https:\/\/redenoticiaz.com.br\/ribeiraopreto-regiao\/#organization"},"image":{"@id":"https:\/\/redenoticiaz.com.br\/ribeiraopreto-regiao\/sp\/2022\/03\/18\/campo-de-futebol-da-regiao-do-lagos-ganha-revitalizacao#primaryimage"},"thumbnailUrl":"https:\/\/redenoticiaz.com.br\/ribeiraopreto-regiao\/wp-content\/uploads\/sites\/4\/2022\/03\/captura-de-tela-46.png","keywords":["BARRETOS","CAMPO DE FUTEBOL","REGI\u00c3O DOS LAGOS","REVITALIZA\u00c7\u00c3O"],"articleSection":["Cidades"],"inLanguage":"pt-BR","potentialAction":[{"@type":"CommentAction","name":"Comment","target":["https:\/\/redenoticiaz.com.br\/ribeiraopreto-regiao\/sp\/2022\/03\/18\/campo-de-futebol-da-regiao-do-lagos-ganha-revitalizacao#respond"]}]},{"@type":"WebPage","@id":"https:\/\/redenoticiaz.com.br\/ribeiraopreto-regiao\/sp\/2022\/03\/18\/campo-de-futebol-da-regiao-do-lagos-ganha-revitalizacao","url":"https:\/\/redenoticiaz.com.br\/ribeiraopreto-regiao\/sp\/2022\/03\/18\/campo-de-futebol-da-regiao-do-lagos-ganha-revitalizacao","name":"Campo de Futebol da Regi\u00e3o do Lagos ganha revitaliza\u00e7\u00e3o - Ribeir\u00e3o Preto e Regi\u00e3o","isPartOf":{"@id":"https:\/\/redenoticiaz.com.br\/ribeiraopreto-regiao\/#website"},"primaryImageOfPage":{"@id":"https:\/\/redenoticiaz.com.br\/ribeiraopreto-regiao\/sp\/2022\/03\/18\/campo-de-futebol-da-regiao-do-lagos-ganha-revitalizacao#primaryimage"},"image":{"@id":"https:\/\/redenoticiaz.com.br\/ribeiraopreto-regiao\/sp\/2022\/03\/18\/campo-de-futebol-da-regiao-do-lagos-ganha-revitalizacao#primaryimage"},"thumbnailUrl":"https:\/\/redenoticiaz.com.br\/ribeiraopreto-regiao\/wp-content\/uploads\/sites\/4\/2022\/03\/captura-de-tela-46.png","datePublished":"2022-03-18T16:36:16+00:00","dateModified":"2022-03-18T16:39:35+00:00","description":"A\u00e7\u00e3o conjunta entre as secretarias municipais de Esporte e Lazer e Obras, iniciou os servi\u00e7os de manuten\u00e7\u00e3o e revitaliza\u00e7\u00e3o do campo de futebol.","inLanguage":"pt-BR","potentialAction":[{"@type":"ReadAction","target":["https:\/\/redenoticiaz.com.br\/ribeiraopreto-regiao\/sp\/2022\/03\/18\/campo-de-futebol-da-regiao-do-lagos-ganha-revitalizacao"]}]},{"@type":"ImageObject","inLanguage":"pt-BR","@id":"https:\/\/redenoticiaz.com.br\/ribeiraopreto-regiao\/sp\/2022\/03\/18\/campo-de-futebol-da-regiao-do-lagos-ganha-revitalizacao#primaryimage","url":"https:\/\/redenoticiaz.com.br\/ribeiraopreto-regiao\/wp-content\/uploads\/sites\/4\/2022\/03\/captura-de-tela-46.png","contentUrl":"https:\/\/redenoticiaz.com.br\/ribeiraopreto-regiao\/wp-content\/uploads\/sites\/4\/2022\/03\/captura-de-tela-46.png","width":815,"height":408,"caption":"Campo de futebol passar\u00e1 por revitaliza\u00e7\u00e3o."},{"@type":"WebSite","@id":"https:\/\/redenoticiaz.com.br\/ribeiraopreto-regiao\/#website","url":"https:\/\/redenoticiaz.com.br\/ribeiraopreto-regiao\/","name":"Ribeir\u00e3o Preto e Regi\u00e3o","description":"Rede NoticiaZ - Ribeir\u00e3o Preto e regi\u00e3o","publisher":{"@id":"https:\/\/redenoticiaz.com.br\/ribeiraopreto-regiao\/#organization"},"potentialAction":[{"@type":"SearchAction","target":{"@type":"EntryPoint","urlTemplate":"https:\/\/redenoticiaz.com.br\/ribeiraopreto-regiao\/?s={search_term_string}"},"query-input":{"@type":"PropertyValueSpecification","valueRequired":true,"valueName":"search_term_string"}}],"inLanguage":"pt-BR"},{"@type":"Organization","@id":"https:\/\/redenoticiaz.com.br\/ribeiraopreto-regiao\/#organization","name":"Ribeir\u00e3o Preto e Regi\u00e3o","url":"https:\/\/redenoticiaz.com.br\/ribeiraopreto-regiao\/","logo":{"@type":"ImageObject","inLanguage":"pt-BR","@id":"https:\/\/redenoticiaz.com.br\/ribeiraopreto-regiao\/#\/schema\/logo\/image\/","url":"https:\/\/redenoticiaz.com.br\/barretos-regiao\/wp-content\/uploads\/sites\/4\/2022\/02\/logo.jpg","contentUrl":"https:\/\/redenoticiaz.com.br\/barretos-regiao\/wp-content\/uploads\/sites\/4\/2022\/02\/logo.jpg","width":400,"height":250,"caption":"Ribeir\u00e3o Preto e Regi\u00e3o"},"image":{"@id":"https:\/\/redenoticiaz.com.br\/ribeiraopreto-regiao\/#\/schema\/logo\/image\/"},"sameAs":["https:\/\/m.facebook.com\/redenoticiaz.barretos","https:\/\/x.com\/RN_barretos","https:\/\/www.instagram.com\/redenoticiaz.barretos\/?igshid=YmMyMTA2M2Y","https:\/\/www.linkedin.com\/company\/rede-noticiaz-barretos-e-regio\/"]},{"@type":"Person","@id":"","url":"https:\/\/redenoticiaz.com.br\/ribeiraopreto-regiao\/sp\/author"}]}},"_links":{"self":[{"href":"https:\/\/redenoticiaz.com.br\/ribeiraopreto-regiao\/wp-json\/wp\/v2\/posts\/1076","targetHints":{"allow":["GET"]}}],"collection":[{"href":"https:\/\/redenoticiaz.com.br\/ribeiraopreto-regiao\/wp-json\/wp\/v2\/posts"}],"about":[{"href":"https:\/\/redenoticiaz.com.br\/ribeiraopreto-regiao\/wp-json\/wp\/v2\/types\/post"}],"author":[{"embeddable":true,"href":"https:\/\/redenoticiaz.com.br\/ribeiraopreto-regiao\/wp-json\/wp\/v2\/users\/15"}],"replies":[{"embeddable":true,"href":"https:\/\/redenoticiaz.com.br\/ribeiraopreto-regiao\/wp-json\/wp\/v2\/comments?post=1076"}],"version-history":[{"count":1,"href":"https:\/\/redenoticiaz.com.br\/ribeiraopreto-regiao\/wp-json\/wp\/v2\/posts\/1076\/revisions"}],"predecessor-version":[{"id":1078,"href":"https:\/\/redenoticiaz.com.br\/ribeiraopreto-regiao\/wp-json\/wp\/v2\/posts\/1076\/revisions\/1078"}],"wp:featuredmedia":[{"embeddable":true,"href":"https:\/\/redenoticiaz.com.br\/ribeiraopreto-regiao\/wp-json\/wp\/v2\/media\/1077"}],"wp:attachment":[{"href":"https:\/\/redenoticiaz.com.br\/ribeiraopreto-regiao\/wp-json\/wp\/v2\/media?parent=1076"}],"wp:term":[{"taxonomy":"category","embeddable":true,"href":"https:\/\/redenoticiaz.com.br\/ribeiraopreto-regiao\/wp-json\/wp\/v2\/categories?post=1076"},{"taxonomy":"post_tag","embeddable":true,"href":"https:\/\/redenoticiaz.com.br\/ribeiraopreto-regiao\/wp-json\/wp\/v2\/tags?post=1076"}],"curies":[{"name":"wp","href":"https:\/\/api.w.org\/{rel}","templated":true}]}}