{"id":107799,"date":"2023-07-05T22:20:57","date_gmt":"2023-07-06T01:20:57","guid":{"rendered":"https:\/\/redenoticiaz.com.br\/barretos-regiao\/sp\/2023\/07\/05\/ze-celso-esta-vivo-e-estavel-diz-amiga-e-medica-do-dramaturgo"},"modified":"2023-07-05T22:21:16","modified_gmt":"2023-07-06T01:21:16","slug":"ze-celso-esta-vivo-e-estavel-diz-amiga-e-medica-do-dramaturgo","status":"publish","type":"post","link":"https:\/\/redenoticiaz.com.br\/ribeiraopreto-regiao\/sp\/2023\/07\/05\/ze-celso-esta-vivo-e-estavel-diz-amiga-e-medica-do-dramaturgo","title":{"rendered":"Z\u00e9 Celso \u201cest\u00e1 vivo e est\u00e1vel\u201d, diz amiga e m\u00e9dica do dramaturgo"},"content":{"rendered":"<p>A m\u00e9dica e atriz Luciana Domschke\u00a0disse\u00a0na tarde desta quarta-feira\u00a0(5) que\u00a0o diretor e dramaturgo Jos\u00e9 Celso Martinez Corr\u00eaa (Z\u00e9 Celso), 86 anos,\u00a0\u201cest\u00e1 vivo e est\u00e1vel\u201d.\u00a0Z\u00e9 Celso\u00a0se\u00a0<a href=\"https:\/\/agenciabrasil.ebc.com.br\/geral\/noticia\/2023-07\/ze-celso-e-internado-apos-incendio-atingir-seu-apartamento\" target=\"_blank\" rel=\"noopener\">encontra internado<\/a>\u00a0no Hospital das Cl\u00ednicas, em\u00a0S\u00e3o Paulo,\u00a0desde ontem (4), ap\u00f3s inc\u00eandio ocorrido em seu apartamento, no qual teve 53% do corpo queimado.<img decoding=\"async\" src=\"https:\/\/agenciabrasil.ebc.com.br\/ebc.png?id=1542198&amp;o=node\" \/><img decoding=\"async\" src=\"https:\/\/agenciabrasil.ebc.com.br\/ebc.gif?id=1542198&amp;o=node\" \/><\/p>\n<p>Segundo a m\u00e9dica, que \u00e9 amiga e acompanha a sa\u00fade de Z\u00e9 Celso, as not\u00edcias que est\u00e3o sendo veiculadas de que houve um agravamento no estado de sa\u00fade do diretor n\u00e3o s\u00e3o corretas.<\/p>\n<blockquote><p>\u201cQueremos esclarecer alguns pontos que ficaram em d\u00favida no decorrer desta manh\u00e3. O primeiro ponto \u00e9 de que houve um agravamento na sa\u00fade do Z\u00e9. Com rela\u00e7\u00e3o a isso, eu queria esclarecer que na situa\u00e7\u00e3o do Z\u00e9, que \u00e9 um grande queimado, \u00e0s vezes algumas coisas se agravam para poder melhorar outras. E \u00e9 nesse equil\u00edbrio que o Z\u00e9 est\u00e1 conseguindo estabilidade. Ele permanece vivo e est\u00e1vel. Ele est\u00e1, a cada minuto, mais perto da vida\u201d<\/p><\/blockquote>\n<p>Ela admitiu, no entanto, que ele poder\u00e1 precisar de hemodi\u00e1lise.\u00a0\u201cNo momento em que ele precisar da ajuda, essa ajuda vai acontecer e, assim que ele se recuperar, ele volta a fazer a fun\u00e7\u00e3o dele. Esse vai ser um ciclo que a gente vai acompanhar em um per\u00edodo longo\u201d, afirmou.<\/p>\n<blockquote><p>\u201cA recupera\u00e7\u00e3o desse tipo de quadro \u00e9 lenta e se prolonga por um tempo, pelo qual teremos que caminhar com paci\u00eancia, coragem e muito amor\u201d<\/p><\/blockquote>\n<p>Leia mais<\/p>\n<p><a href=\"https:\/\/redenoticiaz.com.br\/blog\/2023\/07\/05\/empresa-harald-contrata-moradores-de-cajamar-em-diversas-areas-de-atuacao\">Empresa Harald contrata moradores de Cajamar em diversas \u00e1reas de atua\u00e7\u00e3o<\/a><\/p>\n","protected":false},"excerpt":{"rendered":"<p>A m\u00e9dica e atriz Luciana Domschke\u00a0disse\u00a0na tarde desta quarta-feira\u00a0(5) que\u00a0o diretor e dramaturgo Jos\u00e9 Celso Martinez Corr\u00eaa (Z\u00e9 Celso), 86 anos,\u00a0\u201cest\u00e1 vivo e est\u00e1vel\u201d.\u00a0Z\u00e9 Celso\u00a0se\u00a0encontra internado\u00a0no Hospital das Cl\u00ednicas, em\u00a0S\u00e3o Paulo,\u00a0desde ontem (4), ap\u00f3s inc\u00eandio ocorrido em seu apartamento, no qual teve 53% do corpo queimado. Segundo a m\u00e9dica, que \u00e9 amiga e acompanha a &hellip;<\/p>\n","protected":false},"author":12,"featured_media":107800,"comment_status":"open","ping_status":"closed","sticky":false,"template":"","format":"standard","meta":{"footnotes":""},"categories":[22062,815,134],"tags":[145,18384,1773,27917,27918],"class_list":["post-107799","post","type-post","status-publish","format-standard","has-post-thumbnail","hentry","category-celebridades","category-cultura-e-musica","category-entretenimento","tag-acidente","tag-queimaduras","tag-rio-de-janeiro","tag-teatro-oficina","tag-ze-celso"],"yoast_head":"<!-- This site is optimized with the Yoast SEO plugin v27.5 - https:\/\/yoast.com\/product\/yoast-seo-wordpress\/ -->\n<title>Z\u00e9 Celso \u201cest\u00e1 vivo e est\u00e1vel\u201d, diz amiga e m\u00e9dica do dramaturgo - Ribeir\u00e3o Preto e Regi\u00e3o<\/title>\n<meta name=\"description\" content=\"A m\u00e9dica e atriz Luciana Domschke\u00a0disse\u00a0na tarde desta quarta-feira\u00a0(5) que\u00a0o diretor e dramaturgo Jos\u00e9 Celso Martinez Corr\u00eaa (Z\u00e9 Celso), 86 anos,\u00a0\u201cest\u00e1 vivo e est\u00e1vel\u201d.\" \/>\n<meta name=\"robots\" content=\"index, follow, max-snippet:-1, max-image-preview:large, max-video-preview:-1\" \/>\n<link rel=\"canonical\" href=\"https:\/\/redenoticiaz.com.br\/ribeiraopreto-regiao\/sp\/2023\/07\/05\/ze-celso-esta-vivo-e-estavel-diz-amiga-e-medica-do-dramaturgo\" \/>\n<meta property=\"og:locale\" content=\"pt_BR\" \/>\n<meta property=\"og:type\" content=\"article\" \/>\n<meta property=\"og:title\" content=\"Z\u00e9 Celso \u201cest\u00e1 vivo e est\u00e1vel\u201d, diz amiga e m\u00e9dica do dramaturgo - Ribeir\u00e3o Preto e Regi\u00e3o\" \/>\n<meta property=\"og:description\" content=\"A m\u00e9dica e atriz Luciana Domschke\u00a0disse\u00a0na tarde desta quarta-feira\u00a0(5) que\u00a0o diretor e dramaturgo Jos\u00e9 Celso Martinez Corr\u00eaa (Z\u00e9 Celso), 86 anos,\u00a0\u201cest\u00e1 vivo e est\u00e1vel\u201d.\" \/>\n<meta property=\"og:url\" content=\"https:\/\/redenoticiaz.com.br\/ribeiraopreto-regiao\/sp\/2023\/07\/05\/ze-celso-esta-vivo-e-estavel-diz-amiga-e-medica-do-dramaturgo\" \/>\n<meta property=\"og:site_name\" content=\"Ribeir\u00e3o Preto e Regi\u00e3o\" \/>\n<meta property=\"article:publisher\" content=\"https:\/\/m.facebook.com\/redenoticiaz.barretos\" \/>\n<meta property=\"article:published_time\" content=\"2023-07-06T01:20:57+00:00\" \/>\n<meta property=\"article:modified_time\" content=\"2023-07-06T01:21:16+00:00\" \/>\n<meta property=\"og:image\" content=\"https:\/\/redenoticiaz.com.br\/ribeiraopreto-regiao\/wp-content\/uploads\/sites\/4\/2023\/07\/captura_de_tela_2023-07-04_160252-topaz-enhance-faceai.jpg?v=1688606279\" \/>\n\t<meta property=\"og:image:width\" content=\"1170\" \/>\n\t<meta property=\"og:image:height\" content=\"700\" \/>\n\t<meta property=\"og:image:type\" content=\"image\/jpeg\" \/>\n<meta name=\"author\" content=\"Gustavo Silva\" \/>\n<meta name=\"twitter:card\" content=\"summary_large_image\" \/>\n<meta name=\"twitter:creator\" content=\"@RN_barretos\" \/>\n<meta name=\"twitter:site\" content=\"@RN_barretos\" \/>\n<meta name=\"twitter:label1\" content=\"Escrito por\" \/>\n\t<meta name=\"twitter:data1\" content=\"Gustavo Silva\" \/>\n\t<meta name=\"twitter:label2\" content=\"Est. tempo de leitura\" \/>\n\t<meta name=\"twitter:data2\" content=\"2 minutos\" \/>\n<script type=\"application\/ld+json\" class=\"yoast-schema-graph\">{\"@context\":\"https:\\\/\\\/schema.org\",\"@graph\":[{\"@type\":\"Article\",\"@id\":\"https:\\\/\\\/redenoticiaz.com.br\\\/ribeiraopreto-regiao\\\/sp\\\/2023\\\/07\\\/05\\\/ze-celso-esta-vivo-e-estavel-diz-amiga-e-medica-do-dramaturgo#article\",\"isPartOf\":{\"@id\":\"https:\\\/\\\/redenoticiaz.com.br\\\/ribeiraopreto-regiao\\\/sp\\\/2023\\\/07\\\/05\\\/ze-celso-esta-vivo-e-estavel-diz-amiga-e-medica-do-dramaturgo\"},\"author\":{\"name\":\"Gustavo Silva\",\"@id\":\"https:\\\/\\\/redenoticiaz.com.br\\\/ribeiraopreto-regiao\\\/#\\\/schema\\\/person\\\/16057b37a3c0ee6b096d7f887c566e2e\"},\"headline\":\"Z\u00e9 Celso \u201cest\u00e1 vivo e est\u00e1vel\u201d, diz amiga e m\u00e9dica do dramaturgo\",\"datePublished\":\"2023-07-06T01:20:57+00:00\",\"dateModified\":\"2023-07-06T01:21:16+00:00\",\"mainEntityOfPage\":{\"@id\":\"https:\\\/\\\/redenoticiaz.com.br\\\/ribeiraopreto-regiao\\\/sp\\\/2023\\\/07\\\/05\\\/ze-celso-esta-vivo-e-estavel-diz-amiga-e-medica-do-dramaturgo\"},\"wordCount\":285,\"commentCount\":0,\"publisher\":{\"@id\":\"https:\\\/\\\/redenoticiaz.com.br\\\/ribeiraopreto-regiao\\\/#organization\"},\"image\":{\"@id\":\"https:\\\/\\\/redenoticiaz.com.br\\\/ribeiraopreto-regiao\\\/sp\\\/2023\\\/07\\\/05\\\/ze-celso-esta-vivo-e-estavel-diz-amiga-e-medica-do-dramaturgo#primaryimage\"},\"thumbnailUrl\":\"https:\\\/\\\/redenoticiaz.com.br\\\/ribeiraopreto-regiao\\\/wp-content\\\/uploads\\\/sites\\\/4\\\/2023\\\/07\\\/captura_de_tela_2023-07-04_160252-topaz-enhance-faceai.jpg?v=1688606279\",\"keywords\":[\"acidente\",\"QUEIMADURAS\",\"Rio de Janeiro\",\"teatro oficina\",\"z\u00e9 celso\"],\"articleSection\":[\"Celebridades\",\"Cultura e M\u00fasica\",\"Entretenimento\"],\"inLanguage\":\"pt-BR\",\"potentialAction\":[{\"@type\":\"CommentAction\",\"name\":\"Comment\",\"target\":[\"https:\\\/\\\/redenoticiaz.com.br\\\/ribeiraopreto-regiao\\\/sp\\\/2023\\\/07\\\/05\\\/ze-celso-esta-vivo-e-estavel-diz-amiga-e-medica-do-dramaturgo#respond\"]}]},{\"@type\":\"WebPage\",\"@id\":\"https:\\\/\\\/redenoticiaz.com.br\\\/ribeiraopreto-regiao\\\/sp\\\/2023\\\/07\\\/05\\\/ze-celso-esta-vivo-e-estavel-diz-amiga-e-medica-do-dramaturgo\",\"url\":\"https:\\\/\\\/redenoticiaz.com.br\\\/ribeiraopreto-regiao\\\/sp\\\/2023\\\/07\\\/05\\\/ze-celso-esta-vivo-e-estavel-diz-amiga-e-medica-do-dramaturgo\",\"name\":\"Z\u00e9 Celso \u201cest\u00e1 vivo e est\u00e1vel\u201d, diz amiga e m\u00e9dica do dramaturgo - Ribeir\u00e3o Preto e Regi\u00e3o\",\"isPartOf\":{\"@id\":\"https:\\\/\\\/redenoticiaz.com.br\\\/ribeiraopreto-regiao\\\/#website\"},\"primaryImageOfPage\":{\"@id\":\"https:\\\/\\\/redenoticiaz.com.br\\\/ribeiraopreto-regiao\\\/sp\\\/2023\\\/07\\\/05\\\/ze-celso-esta-vivo-e-estavel-diz-amiga-e-medica-do-dramaturgo#primaryimage\"},\"image\":{\"@id\":\"https:\\\/\\\/redenoticiaz.com.br\\\/ribeiraopreto-regiao\\\/sp\\\/2023\\\/07\\\/05\\\/ze-celso-esta-vivo-e-estavel-diz-amiga-e-medica-do-dramaturgo#primaryimage\"},\"thumbnailUrl\":\"https:\\\/\\\/redenoticiaz.com.br\\\/ribeiraopreto-regiao\\\/wp-content\\\/uploads\\\/sites\\\/4\\\/2023\\\/07\\\/captura_de_tela_2023-07-04_160252-topaz-enhance-faceai.jpg?v=1688606279\",\"datePublished\":\"2023-07-06T01:20:57+00:00\",\"dateModified\":\"2023-07-06T01:21:16+00:00\",\"description\":\"A m\u00e9dica e atriz Luciana Domschke\u00a0disse\u00a0na tarde desta quarta-feira\u00a0(5) que\u00a0o diretor e dramaturgo Jos\u00e9 Celso Martinez Corr\u00eaa (Z\u00e9 Celso), 86 anos,\u00a0\u201cest\u00e1 vivo e est\u00e1vel\u201d.\",\"inLanguage\":\"pt-BR\",\"potentialAction\":[{\"@type\":\"ReadAction\",\"target\":[\"https:\\\/\\\/redenoticiaz.com.br\\\/ribeiraopreto-regiao\\\/sp\\\/2023\\\/07\\\/05\\\/ze-celso-esta-vivo-e-estavel-diz-amiga-e-medica-do-dramaturgo\"]}]},{\"@type\":\"ImageObject\",\"inLanguage\":\"pt-BR\",\"@id\":\"https:\\\/\\\/redenoticiaz.com.br\\\/ribeiraopreto-regiao\\\/sp\\\/2023\\\/07\\\/05\\\/ze-celso-esta-vivo-e-estavel-diz-amiga-e-medica-do-dramaturgo#primaryimage\",\"url\":\"https:\\\/\\\/redenoticiaz.com.br\\\/ribeiraopreto-regiao\\\/wp-content\\\/uploads\\\/sites\\\/4\\\/2023\\\/07\\\/captura_de_tela_2023-07-04_160252-topaz-enhance-faceai.jpg?v=1688606279\",\"contentUrl\":\"https:\\\/\\\/redenoticiaz.com.br\\\/ribeiraopreto-regiao\\\/wp-content\\\/uploads\\\/sites\\\/4\\\/2023\\\/07\\\/captura_de_tela_2023-07-04_160252-topaz-enhance-faceai.jpg?v=1688606279\",\"width\":1170,\"height\":700,\"caption\":\"O diretor teatral e dramaturgo Jos\u00e9 Celso Martinez Corr\u00eaa, 86, foi internado no Hospital das Cl\u00ednicas, em S\u00e3o Paulo, nesta ter\u00e7a-feira (4), ap\u00f3s um inc\u00eandio atingir o apartamento no bairro Para\u00edso, na zona sul da capital paulista. Foto: Jos\u00e9 Celso Martinez\\\/Instagram\"},{\"@type\":\"WebSite\",\"@id\":\"https:\\\/\\\/redenoticiaz.com.br\\\/ribeiraopreto-regiao\\\/#website\",\"url\":\"https:\\\/\\\/redenoticiaz.com.br\\\/ribeiraopreto-regiao\\\/\",\"name\":\"Ribeir\u00e3o Preto e Regi\u00e3o\",\"description\":\"Rede NoticiaZ - Ribeir\u00e3o Preto e regi\u00e3o\",\"publisher\":{\"@id\":\"https:\\\/\\\/redenoticiaz.com.br\\\/ribeiraopreto-regiao\\\/#organization\"},\"potentialAction\":[{\"@type\":\"SearchAction\",\"target\":{\"@type\":\"EntryPoint\",\"urlTemplate\":\"https:\\\/\\\/redenoticiaz.com.br\\\/ribeiraopreto-regiao\\\/?s={search_term_string}\"},\"query-input\":{\"@type\":\"PropertyValueSpecification\",\"valueRequired\":true,\"valueName\":\"search_term_string\"}}],\"inLanguage\":\"pt-BR\"},{\"@type\":\"Organization\",\"@id\":\"https:\\\/\\\/redenoticiaz.com.br\\\/ribeiraopreto-regiao\\\/#organization\",\"name\":\"Ribeir\u00e3o Preto e Regi\u00e3o\",\"url\":\"https:\\\/\\\/redenoticiaz.com.br\\\/ribeiraopreto-regiao\\\/\",\"logo\":{\"@type\":\"ImageObject\",\"inLanguage\":\"pt-BR\",\"@id\":\"https:\\\/\\\/redenoticiaz.com.br\\\/ribeiraopreto-regiao\\\/#\\\/schema\\\/logo\\\/image\\\/\",\"url\":\"https:\\\/\\\/redenoticiaz.com.br\\\/barretos-regiao\\\/wp-content\\\/uploads\\\/sites\\\/4\\\/2022\\\/02\\\/logo.jpg\",\"contentUrl\":\"https:\\\/\\\/redenoticiaz.com.br\\\/barretos-regiao\\\/wp-content\\\/uploads\\\/sites\\\/4\\\/2022\\\/02\\\/logo.jpg\",\"width\":400,\"height\":250,\"caption\":\"Ribeir\u00e3o Preto e Regi\u00e3o\"},\"image\":{\"@id\":\"https:\\\/\\\/redenoticiaz.com.br\\\/ribeiraopreto-regiao\\\/#\\\/schema\\\/logo\\\/image\\\/\"},\"sameAs\":[\"https:\\\/\\\/m.facebook.com\\\/redenoticiaz.barretos\",\"https:\\\/\\\/x.com\\\/RN_barretos\",\"https:\\\/\\\/www.instagram.com\\\/redenoticiaz.barretos\\\/?igshid=YmMyMTA2M2Y\",\"https:\\\/\\\/www.linkedin.com\\\/company\\\/rede-noticiaz-barretos-e-regio\\\/\"]},{\"@type\":\"Person\",\"@id\":\"https:\\\/\\\/redenoticiaz.com.br\\\/ribeiraopreto-regiao\\\/#\\\/schema\\\/person\\\/16057b37a3c0ee6b096d7f887c566e2e\",\"name\":\"Gustavo Silva\",\"image\":{\"@type\":\"ImageObject\",\"inLanguage\":\"pt-BR\",\"@id\":\"https:\\\/\\\/secure.gravatar.com\\\/avatar\\\/3ee4e82f93b26de0a7cf4ea5eb7893da637ed6bb0c9170c58065944c56e28a33?s=96&d=mm&r=g\",\"url\":\"https:\\\/\\\/secure.gravatar.com\\\/avatar\\\/3ee4e82f93b26de0a7cf4ea5eb7893da637ed6bb0c9170c58065944c56e28a33?s=96&d=mm&r=g\",\"contentUrl\":\"https:\\\/\\\/secure.gravatar.com\\\/avatar\\\/3ee4e82f93b26de0a7cf4ea5eb7893da637ed6bb0c9170c58065944c56e28a33?s=96&d=mm&r=g\",\"caption\":\"Gustavo Silva\"},\"url\":\"https:\\\/\\\/redenoticiaz.com.br\\\/ribeiraopreto-regiao\\\/sp\\\/author\\\/gustavosilva\"}]}<\/script>\n<!-- \/ Yoast SEO plugin. -->","yoast_head_json":{"title":"Z\u00e9 Celso \u201cest\u00e1 vivo e est\u00e1vel\u201d, diz amiga e m\u00e9dica do dramaturgo - Ribeir\u00e3o Preto e Regi\u00e3o","description":"A m\u00e9dica e atriz Luciana Domschke\u00a0disse\u00a0na tarde desta quarta-feira\u00a0(5) que\u00a0o diretor e dramaturgo Jos\u00e9 Celso Martinez Corr\u00eaa (Z\u00e9 Celso), 86 anos,\u00a0\u201cest\u00e1 vivo e est\u00e1vel\u201d.","robots":{"index":"index","follow":"follow","max-snippet":"max-snippet:-1","max-image-preview":"max-image-preview:large","max-video-preview":"max-video-preview:-1"},"canonical":"https:\/\/redenoticiaz.com.br\/ribeiraopreto-regiao\/sp\/2023\/07\/05\/ze-celso-esta-vivo-e-estavel-diz-amiga-e-medica-do-dramaturgo","og_locale":"pt_BR","og_type":"article","og_title":"Z\u00e9 Celso \u201cest\u00e1 vivo e est\u00e1vel\u201d, diz amiga e m\u00e9dica do dramaturgo - Ribeir\u00e3o Preto e Regi\u00e3o","og_description":"A m\u00e9dica e atriz Luciana Domschke\u00a0disse\u00a0na tarde desta quarta-feira\u00a0(5) que\u00a0o diretor e dramaturgo Jos\u00e9 Celso Martinez Corr\u00eaa (Z\u00e9 Celso), 86 anos,\u00a0\u201cest\u00e1 vivo e est\u00e1vel\u201d.","og_url":"https:\/\/redenoticiaz.com.br\/ribeiraopreto-regiao\/sp\/2023\/07\/05\/ze-celso-esta-vivo-e-estavel-diz-amiga-e-medica-do-dramaturgo","og_site_name":"Ribeir\u00e3o Preto e Regi\u00e3o","article_publisher":"https:\/\/m.facebook.com\/redenoticiaz.barretos","article_published_time":"2023-07-06T01:20:57+00:00","article_modified_time":"2023-07-06T01:21:16+00:00","og_image":[{"width":1170,"height":700,"url":"https:\/\/redenoticiaz.com.br\/ribeiraopreto-regiao\/wp-content\/uploads\/sites\/4\/2023\/07\/captura_de_tela_2023-07-04_160252-topaz-enhance-faceai.jpg?v=1688606279","type":"image\/jpeg"}],"author":"Gustavo Silva","twitter_card":"summary_large_image","twitter_creator":"@RN_barretos","twitter_site":"@RN_barretos","twitter_misc":{"Escrito por":"Gustavo Silva","Est. tempo de leitura":"2 minutos"},"schema":{"@context":"https:\/\/schema.org","@graph":[{"@type":"Article","@id":"https:\/\/redenoticiaz.com.br\/ribeiraopreto-regiao\/sp\/2023\/07\/05\/ze-celso-esta-vivo-e-estavel-diz-amiga-e-medica-do-dramaturgo#article","isPartOf":{"@id":"https:\/\/redenoticiaz.com.br\/ribeiraopreto-regiao\/sp\/2023\/07\/05\/ze-celso-esta-vivo-e-estavel-diz-amiga-e-medica-do-dramaturgo"},"author":{"name":"Gustavo Silva","@id":"https:\/\/redenoticiaz.com.br\/ribeiraopreto-regiao\/#\/schema\/person\/16057b37a3c0ee6b096d7f887c566e2e"},"headline":"Z\u00e9 Celso \u201cest\u00e1 vivo e est\u00e1vel\u201d, diz amiga e m\u00e9dica do dramaturgo","datePublished":"2023-07-06T01:20:57+00:00","dateModified":"2023-07-06T01:21:16+00:00","mainEntityOfPage":{"@id":"https:\/\/redenoticiaz.com.br\/ribeiraopreto-regiao\/sp\/2023\/07\/05\/ze-celso-esta-vivo-e-estavel-diz-amiga-e-medica-do-dramaturgo"},"wordCount":285,"commentCount":0,"publisher":{"@id":"https:\/\/redenoticiaz.com.br\/ribeiraopreto-regiao\/#organization"},"image":{"@id":"https:\/\/redenoticiaz.com.br\/ribeiraopreto-regiao\/sp\/2023\/07\/05\/ze-celso-esta-vivo-e-estavel-diz-amiga-e-medica-do-dramaturgo#primaryimage"},"thumbnailUrl":"https:\/\/redenoticiaz.com.br\/ribeiraopreto-regiao\/wp-content\/uploads\/sites\/4\/2023\/07\/captura_de_tela_2023-07-04_160252-topaz-enhance-faceai.jpg?v=1688606279","keywords":["acidente","QUEIMADURAS","Rio de Janeiro","teatro oficina","z\u00e9 celso"],"articleSection":["Celebridades","Cultura e M\u00fasica","Entretenimento"],"inLanguage":"pt-BR","potentialAction":[{"@type":"CommentAction","name":"Comment","target":["https:\/\/redenoticiaz.com.br\/ribeiraopreto-regiao\/sp\/2023\/07\/05\/ze-celso-esta-vivo-e-estavel-diz-amiga-e-medica-do-dramaturgo#respond"]}]},{"@type":"WebPage","@id":"https:\/\/redenoticiaz.com.br\/ribeiraopreto-regiao\/sp\/2023\/07\/05\/ze-celso-esta-vivo-e-estavel-diz-amiga-e-medica-do-dramaturgo","url":"https:\/\/redenoticiaz.com.br\/ribeiraopreto-regiao\/sp\/2023\/07\/05\/ze-celso-esta-vivo-e-estavel-diz-amiga-e-medica-do-dramaturgo","name":"Z\u00e9 Celso \u201cest\u00e1 vivo e est\u00e1vel\u201d, diz amiga e m\u00e9dica do dramaturgo - Ribeir\u00e3o Preto e Regi\u00e3o","isPartOf":{"@id":"https:\/\/redenoticiaz.com.br\/ribeiraopreto-regiao\/#website"},"primaryImageOfPage":{"@id":"https:\/\/redenoticiaz.com.br\/ribeiraopreto-regiao\/sp\/2023\/07\/05\/ze-celso-esta-vivo-e-estavel-diz-amiga-e-medica-do-dramaturgo#primaryimage"},"image":{"@id":"https:\/\/redenoticiaz.com.br\/ribeiraopreto-regiao\/sp\/2023\/07\/05\/ze-celso-esta-vivo-e-estavel-diz-amiga-e-medica-do-dramaturgo#primaryimage"},"thumbnailUrl":"https:\/\/redenoticiaz.com.br\/ribeiraopreto-regiao\/wp-content\/uploads\/sites\/4\/2023\/07\/captura_de_tela_2023-07-04_160252-topaz-enhance-faceai.jpg?v=1688606279","datePublished":"2023-07-06T01:20:57+00:00","dateModified":"2023-07-06T01:21:16+00:00","description":"A m\u00e9dica e atriz Luciana Domschke\u00a0disse\u00a0na tarde desta quarta-feira\u00a0(5) que\u00a0o diretor e dramaturgo Jos\u00e9 Celso Martinez Corr\u00eaa (Z\u00e9 Celso), 86 anos,\u00a0\u201cest\u00e1 vivo e est\u00e1vel\u201d.","inLanguage":"pt-BR","potentialAction":[{"@type":"ReadAction","target":["https:\/\/redenoticiaz.com.br\/ribeiraopreto-regiao\/sp\/2023\/07\/05\/ze-celso-esta-vivo-e-estavel-diz-amiga-e-medica-do-dramaturgo"]}]},{"@type":"ImageObject","inLanguage":"pt-BR","@id":"https:\/\/redenoticiaz.com.br\/ribeiraopreto-regiao\/sp\/2023\/07\/05\/ze-celso-esta-vivo-e-estavel-diz-amiga-e-medica-do-dramaturgo#primaryimage","url":"https:\/\/redenoticiaz.com.br\/ribeiraopreto-regiao\/wp-content\/uploads\/sites\/4\/2023\/07\/captura_de_tela_2023-07-04_160252-topaz-enhance-faceai.jpg?v=1688606279","contentUrl":"https:\/\/redenoticiaz.com.br\/ribeiraopreto-regiao\/wp-content\/uploads\/sites\/4\/2023\/07\/captura_de_tela_2023-07-04_160252-topaz-enhance-faceai.jpg?v=1688606279","width":1170,"height":700,"caption":"O diretor teatral e dramaturgo Jos\u00e9 Celso Martinez Corr\u00eaa, 86, foi internado no Hospital das Cl\u00ednicas, em S\u00e3o Paulo, nesta ter\u00e7a-feira (4), ap\u00f3s um inc\u00eandio atingir o apartamento no bairro Para\u00edso, na zona sul da capital paulista. Foto: Jos\u00e9 Celso Martinez\/Instagram"},{"@type":"WebSite","@id":"https:\/\/redenoticiaz.com.br\/ribeiraopreto-regiao\/#website","url":"https:\/\/redenoticiaz.com.br\/ribeiraopreto-regiao\/","name":"Ribeir\u00e3o Preto e Regi\u00e3o","description":"Rede NoticiaZ - Ribeir\u00e3o Preto e regi\u00e3o","publisher":{"@id":"https:\/\/redenoticiaz.com.br\/ribeiraopreto-regiao\/#organization"},"potentialAction":[{"@type":"SearchAction","target":{"@type":"EntryPoint","urlTemplate":"https:\/\/redenoticiaz.com.br\/ribeiraopreto-regiao\/?s={search_term_string}"},"query-input":{"@type":"PropertyValueSpecification","valueRequired":true,"valueName":"search_term_string"}}],"inLanguage":"pt-BR"},{"@type":"Organization","@id":"https:\/\/redenoticiaz.com.br\/ribeiraopreto-regiao\/#organization","name":"Ribeir\u00e3o Preto e Regi\u00e3o","url":"https:\/\/redenoticiaz.com.br\/ribeiraopreto-regiao\/","logo":{"@type":"ImageObject","inLanguage":"pt-BR","@id":"https:\/\/redenoticiaz.com.br\/ribeiraopreto-regiao\/#\/schema\/logo\/image\/","url":"https:\/\/redenoticiaz.com.br\/barretos-regiao\/wp-content\/uploads\/sites\/4\/2022\/02\/logo.jpg","contentUrl":"https:\/\/redenoticiaz.com.br\/barretos-regiao\/wp-content\/uploads\/sites\/4\/2022\/02\/logo.jpg","width":400,"height":250,"caption":"Ribeir\u00e3o Preto e Regi\u00e3o"},"image":{"@id":"https:\/\/redenoticiaz.com.br\/ribeiraopreto-regiao\/#\/schema\/logo\/image\/"},"sameAs":["https:\/\/m.facebook.com\/redenoticiaz.barretos","https:\/\/x.com\/RN_barretos","https:\/\/www.instagram.com\/redenoticiaz.barretos\/?igshid=YmMyMTA2M2Y","https:\/\/www.linkedin.com\/company\/rede-noticiaz-barretos-e-regio\/"]},{"@type":"Person","@id":"https:\/\/redenoticiaz.com.br\/ribeiraopreto-regiao\/#\/schema\/person\/16057b37a3c0ee6b096d7f887c566e2e","name":"Gustavo Silva","image":{"@type":"ImageObject","inLanguage":"pt-BR","@id":"https:\/\/secure.gravatar.com\/avatar\/3ee4e82f93b26de0a7cf4ea5eb7893da637ed6bb0c9170c58065944c56e28a33?s=96&d=mm&r=g","url":"https:\/\/secure.gravatar.com\/avatar\/3ee4e82f93b26de0a7cf4ea5eb7893da637ed6bb0c9170c58065944c56e28a33?s=96&d=mm&r=g","contentUrl":"https:\/\/secure.gravatar.com\/avatar\/3ee4e82f93b26de0a7cf4ea5eb7893da637ed6bb0c9170c58065944c56e28a33?s=96&d=mm&r=g","caption":"Gustavo Silva"},"url":"https:\/\/redenoticiaz.com.br\/ribeiraopreto-regiao\/sp\/author\/gustavosilva"}]}},"_links":{"self":[{"href":"https:\/\/redenoticiaz.com.br\/ribeiraopreto-regiao\/wp-json\/wp\/v2\/posts\/107799","targetHints":{"allow":["GET"]}}],"collection":[{"href":"https:\/\/redenoticiaz.com.br\/ribeiraopreto-regiao\/wp-json\/wp\/v2\/posts"}],"about":[{"href":"https:\/\/redenoticiaz.com.br\/ribeiraopreto-regiao\/wp-json\/wp\/v2\/types\/post"}],"author":[{"embeddable":true,"href":"https:\/\/redenoticiaz.com.br\/ribeiraopreto-regiao\/wp-json\/wp\/v2\/users\/12"}],"replies":[{"embeddable":true,"href":"https:\/\/redenoticiaz.com.br\/ribeiraopreto-regiao\/wp-json\/wp\/v2\/comments?post=107799"}],"version-history":[{"count":0,"href":"https:\/\/redenoticiaz.com.br\/ribeiraopreto-regiao\/wp-json\/wp\/v2\/posts\/107799\/revisions"}],"wp:featuredmedia":[{"embeddable":true,"href":"https:\/\/redenoticiaz.com.br\/ribeiraopreto-regiao\/wp-json\/wp\/v2\/media\/107800"}],"wp:attachment":[{"href":"https:\/\/redenoticiaz.com.br\/ribeiraopreto-regiao\/wp-json\/wp\/v2\/media?parent=107799"}],"wp:term":[{"taxonomy":"category","embeddable":true,"href":"https:\/\/redenoticiaz.com.br\/ribeiraopreto-regiao\/wp-json\/wp\/v2\/categories?post=107799"},{"taxonomy":"post_tag","embeddable":true,"href":"https:\/\/redenoticiaz.com.br\/ribeiraopreto-regiao\/wp-json\/wp\/v2\/tags?post=107799"}],"curies":[{"name":"wp","href":"https:\/\/api.w.org\/{rel}","templated":true}]}}