{"id":108001,"date":"2023-07-11T11:21:17","date_gmt":"2023-07-11T14:21:17","guid":{"rendered":"https:\/\/redenoticiaz.com.br\/barretos-regiao\/?p=108001"},"modified":"2023-07-11T11:21:17","modified_gmt":"2023-07-11T14:21:17","slug":"prefeitura-de-barretos-abre-processo-seletivo-2024-confira","status":"publish","type":"post","link":"https:\/\/redenoticiaz.com.br\/ribeiraopreto-regiao\/sp\/2023\/07\/11\/prefeitura-de-barretos-abre-processo-seletivo-2024-confira","title":{"rendered":"Prefeitura de Barretos abre Processo Seletivo 2024, confira"},"content":{"rendered":"<p>Barretos, por meio da Secretaria Municipal de Educa\u00e7\u00e3o (SME), publicou os editais de abertura do Processo Seletivo 2024 para constitui\u00e7\u00e3o de cadastro das fun\u00e7\u00f5es de Professor de Educa\u00e7\u00e3o Infantil (PEI), Professor I, Professor II, Merendeiro, Auxiliar de Cuidados Di\u00e1rios (ACD) e Cuidador, objetivando a contrata\u00e7\u00e3o por tempo determinado para atender \u00e0 necessidade tempor\u00e1ria de excepcional interesse p\u00fablico.<\/p>\n<div>As inscri\u00e7\u00f5es para os diversos cargos ter\u00e3o in\u00edcio em 12 de julho e seguem at\u00e9 o dia 3 de agosto, exclusivamente pela internet. A entrega do requerimento de pedido de isen\u00e7\u00e3o da taxa de inscri\u00e7\u00e3o dever\u00e1 ser feita no Setor de RH da SME, entre os dias 12 e 18 de julho. O resultado dos pedidos de isen\u00e7\u00e3o ser\u00e1 divulgado no dia 25. O valor da inscri\u00e7\u00e3o para professor \u00e9 de R$20 para cada fun\u00e7\u00e3o; merendeiro, R$10; ACD e Cuidador, R$15 cada.<\/div>\n<div><\/div>\n<h4>As provas<\/h4>\n<div><\/div>\n<div>\n<div>As provas objetivas est\u00e3o previstas para o dia 17 de setembro. J\u00e1 as provas espec\u00edficas para Professor II de AEE, Libras, Braille, e L\u00edngua Inglesa, para os dias 18 e 19 de setembro.<\/div>\n<div>O processo seletivo externo simplificado ter\u00e1 validade de um ano, podendo ser prorrogado uma \u00fanica vez por igual per\u00edodo, a crit\u00e9rio da Administra\u00e7\u00e3o P\u00fablica, acompanhado por comiss\u00e3o espec\u00edfica composta por servidores efetivos. A contrata\u00e7\u00e3o para as fun\u00e7\u00f5es ser\u00e1 regida pelo Regime Jur\u00eddico Administrativo Especial (Rejae) \u2013 Lei Complementar n\u00ba 351 de 21 de novembro de 2017, obedecendo a ordem de classifica\u00e7\u00e3o final.<\/div>\n<\/div>\n<p>&nbsp;<\/p>\n<h3><b>Informa\u00e7\u00f5es importantes<\/b><\/h3>\n<div><\/div>\n<div>Os requisitos exigidos, prazos, atribui\u00e7\u00f5es das fun\u00e7\u00f5es, conte\u00fado program\u00e1tico das provas e demais informa\u00e7\u00f5es sobre os processos seletivos est\u00e3o dispon\u00edveis nos editais SME-003\/2023 (professores) e no SME-004\/2023 (ACDs, cuidadores e merendeiros), no site https:\/\/barretos.demandanet.com.br e na Folha de Barretos, na edi\u00e7\u00e3o do dia 10 de julho de 2023.<\/div>\n<div><\/div>\n<div>\n<div><b>Tutorial de inscri\u00e7\u00f5es:<\/b><\/div>\n<div><\/div>\n<div>ACDs, cuidadores e merendeiros &#8211; <a href=\"https:\/\/www.youtube.com\/watch?v=KrTVudSfEvA\">Clique aqui.<\/a><\/div>\n<div><\/div>\n<div>Professores &#8211; <a href=\"https:\/\/www.youtube.com\/watch?v=2UXdU2vdlQA\">Clique aqui.<\/a><\/div>\n<div><b>\u00a0<\/b><\/div>\n<div><b>PROCESSO SELETIVO EXTERNO 2024 \u2013 PROFESSORES (Edital SME-003\/2023)<\/b><\/div>\n<div>PROFESSOR DE EDUCA\u00c7\u00c3O INFANTIL<\/div>\n<div>PROFESSOR I<\/div>\n<div>PROFESSOR DE SUPL\u00caNCIA I<\/div>\n<div>PROFESSOR II DE ATENDIMENTO EDUCACIONAL ESPECIALIZADO (AEE)<\/div>\n<div>PROFESSOR II DE LIBRAS<\/div>\n<div>PROFESSOR II DE BRAILLE<\/div>\n<div>PROFESSOR II DE EDUCA\u00c7\u00c3O F\u00cdSICA<\/div>\n<div>PROFESSOR II DE L\u00cdNGUA PORTUGUESA<\/div>\n<div>PROFESSOR II DE MATEM\u00c1TICA<\/div>\n<div>PROFESSOR II DE HIST\u00d3RIA<\/div>\n<div>PROFESSOR II DE GEOGRAFIA<\/div>\n<div>PROFESSOR II DE QU\u00cdMICA<\/div>\n<div>PROFESSOR II DE F\u00cdSICA<\/div>\n<div>PROFESSOR II DE BIOLOGIA<\/div>\n<div>PROFESSOR II DE FILOSOFIA<\/div>\n<div>PROFESSOR II DE SOCIOLOGIA<\/div>\n<div>PROFESSOR II DE CI\u00caNCIAS<\/div>\n<div>PROFESSOR II DE ARTE<\/div>\n<div>PROFESSOR II L\u00cdNGUA INGLESA<\/div>\n<div><b>\u00a0<\/b><\/div>\n<div><b>PROCESSO SELETIVO EXTERNO 2024 (Edital SME-004\/2023)<\/b><\/div>\n<div>&#8211; AUXILIAR DE CUIDADOS DI\u00c1RIOS (ACD)<\/div>\n<div>&#8211; CUIDADOR<\/div>\n<div>&#8211; MERENDEIRO<\/div>\n<\/div>\n<div><\/div>\n<div>LEIA MAIS<\/div>\n<div><a href=\"https:\/\/redenoticiaz.com.br\/barretos-regiao\/sp\/2023\/07\/11\/acidente-em-estudio-de-emissora-assusta-apresentador\">Acidente em est\u00fadio de emissora assusta apresentador<\/a><\/div>\n","protected":false},"excerpt":{"rendered":"<p>Barretos, por meio da Secretaria Municipal de Educa\u00e7\u00e3o (SME), publicou os editais de abertura do Processo Seletivo 2024 para constitui\u00e7\u00e3o de cadastro das fun\u00e7\u00f5es de Professor de Educa\u00e7\u00e3o Infantil (PEI), Professor I, Professor II, Merendeiro, Auxiliar de Cuidados Di\u00e1rios (ACD) e Cuidador, objetivando a contrata\u00e7\u00e3o por tempo determinado para atender \u00e0 necessidade tempor\u00e1ria de excepcional &hellip;<\/p>\n","protected":false},"author":30,"featured_media":108002,"comment_status":"open","ping_status":"closed","sticky":false,"template":"","format":"standard","meta":{"footnotes":""},"categories":[2075],"tags":[17047,1055,2651,17520],"class_list":["post-108001","post","type-post","status-publish","format-standard","has-post-thumbnail","hentry","category-trabalho","tag-inscricoes","tag-processo-seletivo","tag-professores","tag-prova"],"yoast_head":"<!-- This site is optimized with the Yoast SEO plugin v27.4 - https:\/\/yoast.com\/product\/yoast-seo-wordpress\/ -->\n<title>Prefeitura de Barretos abre Processo Seletivo 2024, confira - Ribeir\u00e3o Preto e Regi\u00e3o<\/title>\n<meta name=\"description\" content=\"Secretaria Municipal de Educa\u00e7\u00e3o (SME), publicou os editais de abertura do Processo Seletivo 2024 para constitui\u00e7\u00e3o de cadastro das fun\u00e7\u00f5es\" \/>\n<meta name=\"robots\" content=\"index, follow, max-snippet:-1, max-image-preview:large, max-video-preview:-1\" \/>\n<link rel=\"canonical\" href=\"https:\/\/redenoticiaz.com.br\/ribeiraopreto-regiao\/sp\/2023\/07\/11\/prefeitura-de-barretos-abre-processo-seletivo-2024-confira\" \/>\n<meta property=\"og:locale\" content=\"pt_BR\" \/>\n<meta property=\"og:type\" content=\"article\" \/>\n<meta property=\"og:title\" content=\"Prefeitura de Barretos abre Processo Seletivo 2024, confira - Ribeir\u00e3o Preto e Regi\u00e3o\" \/>\n<meta property=\"og:description\" content=\"Secretaria Municipal de Educa\u00e7\u00e3o (SME), publicou os editais de abertura do Processo Seletivo 2024 para constitui\u00e7\u00e3o de cadastro das fun\u00e7\u00f5es\" \/>\n<meta property=\"og:url\" content=\"https:\/\/redenoticiaz.com.br\/ribeiraopreto-regiao\/sp\/2023\/07\/11\/prefeitura-de-barretos-abre-processo-seletivo-2024-confira\" \/>\n<meta property=\"og:site_name\" content=\"Ribeir\u00e3o Preto e Regi\u00e3o\" \/>\n<meta property=\"article:publisher\" content=\"https:\/\/m.facebook.com\/redenoticiaz.barretos\" \/>\n<meta property=\"article:published_time\" content=\"2023-07-11T14:21:17+00:00\" \/>\n<meta property=\"og:image\" content=\"https:\/\/redenoticiaz.com.br\/ribeiraopreto-regiao\/wp-content\/uploads\/sites\/4\/2023\/07\/Prefeitura-de-Barretos-abre-Processo-Seletivo-2024.png\" \/>\n\t<meta property=\"og:image:width\" content=\"1640\" \/>\n\t<meta property=\"og:image:height\" content=\"924\" \/>\n\t<meta property=\"og:image:type\" content=\"image\/png\" \/>\n<meta name=\"author\" content=\"Carina Reifonas\" \/>\n<meta name=\"twitter:card\" content=\"summary_large_image\" \/>\n<meta name=\"twitter:creator\" content=\"@RN_barretos\" \/>\n<meta name=\"twitter:site\" content=\"@RN_barretos\" \/>\n<meta name=\"twitter:label1\" content=\"Escrito por\" \/>\n\t<meta name=\"twitter:data1\" content=\"Carina Reifonas\" \/>\n\t<meta name=\"twitter:label2\" content=\"Est. tempo de leitura\" \/>\n\t<meta name=\"twitter:data2\" content=\"3 minutos\" \/>\n<script type=\"application\/ld+json\" class=\"yoast-schema-graph\">{\"@context\":\"https:\\\/\\\/schema.org\",\"@graph\":[{\"@type\":\"Article\",\"@id\":\"https:\\\/\\\/redenoticiaz.com.br\\\/ribeiraopreto-regiao\\\/sp\\\/2023\\\/07\\\/11\\\/prefeitura-de-barretos-abre-processo-seletivo-2024-confira#article\",\"isPartOf\":{\"@id\":\"https:\\\/\\\/redenoticiaz.com.br\\\/ribeiraopreto-regiao\\\/sp\\\/2023\\\/07\\\/11\\\/prefeitura-de-barretos-abre-processo-seletivo-2024-confira\"},\"author\":{\"name\":\"Carina Reifonas\",\"@id\":\"https:\\\/\\\/redenoticiaz.com.br\\\/ribeiraopreto-regiao\\\/#\\\/schema\\\/person\\\/1f84d6e94e6a62d2d81199d7503e9e90\"},\"headline\":\"Prefeitura de Barretos abre Processo Seletivo 2024, confira\",\"datePublished\":\"2023-07-11T14:21:17+00:00\",\"mainEntityOfPage\":{\"@id\":\"https:\\\/\\\/redenoticiaz.com.br\\\/ribeiraopreto-regiao\\\/sp\\\/2023\\\/07\\\/11\\\/prefeitura-de-barretos-abre-processo-seletivo-2024-confira\"},\"wordCount\":456,\"commentCount\":0,\"publisher\":{\"@id\":\"https:\\\/\\\/redenoticiaz.com.br\\\/ribeiraopreto-regiao\\\/#organization\"},\"image\":{\"@id\":\"https:\\\/\\\/redenoticiaz.com.br\\\/ribeiraopreto-regiao\\\/sp\\\/2023\\\/07\\\/11\\\/prefeitura-de-barretos-abre-processo-seletivo-2024-confira#primaryimage\"},\"thumbnailUrl\":\"https:\\\/\\\/redenoticiaz.com.br\\\/ribeiraopreto-regiao\\\/wp-content\\\/uploads\\\/sites\\\/4\\\/2023\\\/07\\\/Prefeitura-de-Barretos-abre-Processo-Seletivo-2024.png\",\"keywords\":[\"INSCRI\u00c7\u00d5ES\",\"processo seletivo\",\"professores\",\"PROVA\"],\"articleSection\":[\"Trabalho\"],\"inLanguage\":\"pt-BR\",\"potentialAction\":[{\"@type\":\"CommentAction\",\"name\":\"Comment\",\"target\":[\"https:\\\/\\\/redenoticiaz.com.br\\\/ribeiraopreto-regiao\\\/sp\\\/2023\\\/07\\\/11\\\/prefeitura-de-barretos-abre-processo-seletivo-2024-confira#respond\"]}]},{\"@type\":\"WebPage\",\"@id\":\"https:\\\/\\\/redenoticiaz.com.br\\\/ribeiraopreto-regiao\\\/sp\\\/2023\\\/07\\\/11\\\/prefeitura-de-barretos-abre-processo-seletivo-2024-confira\",\"url\":\"https:\\\/\\\/redenoticiaz.com.br\\\/ribeiraopreto-regiao\\\/sp\\\/2023\\\/07\\\/11\\\/prefeitura-de-barretos-abre-processo-seletivo-2024-confira\",\"name\":\"Prefeitura de Barretos abre Processo Seletivo 2024, confira - Ribeir\u00e3o Preto e Regi\u00e3o\",\"isPartOf\":{\"@id\":\"https:\\\/\\\/redenoticiaz.com.br\\\/ribeiraopreto-regiao\\\/#website\"},\"primaryImageOfPage\":{\"@id\":\"https:\\\/\\\/redenoticiaz.com.br\\\/ribeiraopreto-regiao\\\/sp\\\/2023\\\/07\\\/11\\\/prefeitura-de-barretos-abre-processo-seletivo-2024-confira#primaryimage\"},\"image\":{\"@id\":\"https:\\\/\\\/redenoticiaz.com.br\\\/ribeiraopreto-regiao\\\/sp\\\/2023\\\/07\\\/11\\\/prefeitura-de-barretos-abre-processo-seletivo-2024-confira#primaryimage\"},\"thumbnailUrl\":\"https:\\\/\\\/redenoticiaz.com.br\\\/ribeiraopreto-regiao\\\/wp-content\\\/uploads\\\/sites\\\/4\\\/2023\\\/07\\\/Prefeitura-de-Barretos-abre-Processo-Seletivo-2024.png\",\"datePublished\":\"2023-07-11T14:21:17+00:00\",\"description\":\"Secretaria Municipal de Educa\u00e7\u00e3o (SME), publicou os editais de abertura do Processo Seletivo 2024 para constitui\u00e7\u00e3o de cadastro das fun\u00e7\u00f5es\",\"inLanguage\":\"pt-BR\",\"potentialAction\":[{\"@type\":\"ReadAction\",\"target\":[\"https:\\\/\\\/redenoticiaz.com.br\\\/ribeiraopreto-regiao\\\/sp\\\/2023\\\/07\\\/11\\\/prefeitura-de-barretos-abre-processo-seletivo-2024-confira\"]}]},{\"@type\":\"ImageObject\",\"inLanguage\":\"pt-BR\",\"@id\":\"https:\\\/\\\/redenoticiaz.com.br\\\/ribeiraopreto-regiao\\\/sp\\\/2023\\\/07\\\/11\\\/prefeitura-de-barretos-abre-processo-seletivo-2024-confira#primaryimage\",\"url\":\"https:\\\/\\\/redenoticiaz.com.br\\\/ribeiraopreto-regiao\\\/wp-content\\\/uploads\\\/sites\\\/4\\\/2023\\\/07\\\/Prefeitura-de-Barretos-abre-Processo-Seletivo-2024.png\",\"contentUrl\":\"https:\\\/\\\/redenoticiaz.com.br\\\/ribeiraopreto-regiao\\\/wp-content\\\/uploads\\\/sites\\\/4\\\/2023\\\/07\\\/Prefeitura-de-Barretos-abre-Processo-Seletivo-2024.png\",\"width\":1640,\"height\":924,\"caption\":\"Cr\u00e9dito: Divulga\u00e7\u00e3o\"},{\"@type\":\"WebSite\",\"@id\":\"https:\\\/\\\/redenoticiaz.com.br\\\/ribeiraopreto-regiao\\\/#website\",\"url\":\"https:\\\/\\\/redenoticiaz.com.br\\\/ribeiraopreto-regiao\\\/\",\"name\":\"Ribeir\u00e3o Preto e Regi\u00e3o\",\"description\":\"Rede NoticiaZ - Ribeir\u00e3o Preto e regi\u00e3o\",\"publisher\":{\"@id\":\"https:\\\/\\\/redenoticiaz.com.br\\\/ribeiraopreto-regiao\\\/#organization\"},\"potentialAction\":[{\"@type\":\"SearchAction\",\"target\":{\"@type\":\"EntryPoint\",\"urlTemplate\":\"https:\\\/\\\/redenoticiaz.com.br\\\/ribeiraopreto-regiao\\\/?s={search_term_string}\"},\"query-input\":{\"@type\":\"PropertyValueSpecification\",\"valueRequired\":true,\"valueName\":\"search_term_string\"}}],\"inLanguage\":\"pt-BR\"},{\"@type\":\"Organization\",\"@id\":\"https:\\\/\\\/redenoticiaz.com.br\\\/ribeiraopreto-regiao\\\/#organization\",\"name\":\"Ribeir\u00e3o Preto e Regi\u00e3o\",\"url\":\"https:\\\/\\\/redenoticiaz.com.br\\\/ribeiraopreto-regiao\\\/\",\"logo\":{\"@type\":\"ImageObject\",\"inLanguage\":\"pt-BR\",\"@id\":\"https:\\\/\\\/redenoticiaz.com.br\\\/ribeiraopreto-regiao\\\/#\\\/schema\\\/logo\\\/image\\\/\",\"url\":\"https:\\\/\\\/redenoticiaz.com.br\\\/barretos-regiao\\\/wp-content\\\/uploads\\\/sites\\\/4\\\/2022\\\/02\\\/logo.jpg\",\"contentUrl\":\"https:\\\/\\\/redenoticiaz.com.br\\\/barretos-regiao\\\/wp-content\\\/uploads\\\/sites\\\/4\\\/2022\\\/02\\\/logo.jpg\",\"width\":400,\"height\":250,\"caption\":\"Ribeir\u00e3o Preto e Regi\u00e3o\"},\"image\":{\"@id\":\"https:\\\/\\\/redenoticiaz.com.br\\\/ribeiraopreto-regiao\\\/#\\\/schema\\\/logo\\\/image\\\/\"},\"sameAs\":[\"https:\\\/\\\/m.facebook.com\\\/redenoticiaz.barretos\",\"https:\\\/\\\/x.com\\\/RN_barretos\",\"https:\\\/\\\/www.instagram.com\\\/redenoticiaz.barretos\\\/?igshid=YmMyMTA2M2Y\",\"https:\\\/\\\/www.linkedin.com\\\/company\\\/rede-noticiaz-barretos-e-regio\\\/\"]},{\"@type\":\"Person\",\"@id\":\"https:\\\/\\\/redenoticiaz.com.br\\\/ribeiraopreto-regiao\\\/#\\\/schema\\\/person\\\/1f84d6e94e6a62d2d81199d7503e9e90\",\"name\":\"Carina Reifonas\",\"image\":{\"@type\":\"ImageObject\",\"inLanguage\":\"pt-BR\",\"@id\":\"https:\\\/\\\/secure.gravatar.com\\\/avatar\\\/04c59859b23696cf867715880f81d5c037e60109730bdb4e6670ec2a2245bc97?s=96&d=mm&r=g\",\"url\":\"https:\\\/\\\/secure.gravatar.com\\\/avatar\\\/04c59859b23696cf867715880f81d5c037e60109730bdb4e6670ec2a2245bc97?s=96&d=mm&r=g\",\"contentUrl\":\"https:\\\/\\\/secure.gravatar.com\\\/avatar\\\/04c59859b23696cf867715880f81d5c037e60109730bdb4e6670ec2a2245bc97?s=96&d=mm&r=g\",\"caption\":\"Carina Reifonas\"},\"url\":\"https:\\\/\\\/redenoticiaz.com.br\\\/ribeiraopreto-regiao\\\/sp\\\/author\\\/carinareifonas\"}]}<\/script>\n<!-- \/ Yoast SEO plugin. -->","yoast_head_json":{"title":"Prefeitura de Barretos abre Processo Seletivo 2024, confira - Ribeir\u00e3o Preto e Regi\u00e3o","description":"Secretaria Municipal de Educa\u00e7\u00e3o (SME), publicou os editais de abertura do Processo Seletivo 2024 para constitui\u00e7\u00e3o de cadastro das fun\u00e7\u00f5es","robots":{"index":"index","follow":"follow","max-snippet":"max-snippet:-1","max-image-preview":"max-image-preview:large","max-video-preview":"max-video-preview:-1"},"canonical":"https:\/\/redenoticiaz.com.br\/ribeiraopreto-regiao\/sp\/2023\/07\/11\/prefeitura-de-barretos-abre-processo-seletivo-2024-confira","og_locale":"pt_BR","og_type":"article","og_title":"Prefeitura de Barretos abre Processo Seletivo 2024, confira - Ribeir\u00e3o Preto e Regi\u00e3o","og_description":"Secretaria Municipal de Educa\u00e7\u00e3o (SME), publicou os editais de abertura do Processo Seletivo 2024 para constitui\u00e7\u00e3o de cadastro das fun\u00e7\u00f5es","og_url":"https:\/\/redenoticiaz.com.br\/ribeiraopreto-regiao\/sp\/2023\/07\/11\/prefeitura-de-barretos-abre-processo-seletivo-2024-confira","og_site_name":"Ribeir\u00e3o Preto e Regi\u00e3o","article_publisher":"https:\/\/m.facebook.com\/redenoticiaz.barretos","article_published_time":"2023-07-11T14:21:17+00:00","og_image":[{"width":1640,"height":924,"url":"https:\/\/redenoticiaz.com.br\/ribeiraopreto-regiao\/wp-content\/uploads\/sites\/4\/2023\/07\/Prefeitura-de-Barretos-abre-Processo-Seletivo-2024.png","type":"image\/png"}],"author":"Carina Reifonas","twitter_card":"summary_large_image","twitter_creator":"@RN_barretos","twitter_site":"@RN_barretos","twitter_misc":{"Escrito por":"Carina Reifonas","Est. tempo de leitura":"3 minutos"},"schema":{"@context":"https:\/\/schema.org","@graph":[{"@type":"Article","@id":"https:\/\/redenoticiaz.com.br\/ribeiraopreto-regiao\/sp\/2023\/07\/11\/prefeitura-de-barretos-abre-processo-seletivo-2024-confira#article","isPartOf":{"@id":"https:\/\/redenoticiaz.com.br\/ribeiraopreto-regiao\/sp\/2023\/07\/11\/prefeitura-de-barretos-abre-processo-seletivo-2024-confira"},"author":{"name":"Carina Reifonas","@id":"https:\/\/redenoticiaz.com.br\/ribeiraopreto-regiao\/#\/schema\/person\/1f84d6e94e6a62d2d81199d7503e9e90"},"headline":"Prefeitura de Barretos abre Processo Seletivo 2024, confira","datePublished":"2023-07-11T14:21:17+00:00","mainEntityOfPage":{"@id":"https:\/\/redenoticiaz.com.br\/ribeiraopreto-regiao\/sp\/2023\/07\/11\/prefeitura-de-barretos-abre-processo-seletivo-2024-confira"},"wordCount":456,"commentCount":0,"publisher":{"@id":"https:\/\/redenoticiaz.com.br\/ribeiraopreto-regiao\/#organization"},"image":{"@id":"https:\/\/redenoticiaz.com.br\/ribeiraopreto-regiao\/sp\/2023\/07\/11\/prefeitura-de-barretos-abre-processo-seletivo-2024-confira#primaryimage"},"thumbnailUrl":"https:\/\/redenoticiaz.com.br\/ribeiraopreto-regiao\/wp-content\/uploads\/sites\/4\/2023\/07\/Prefeitura-de-Barretos-abre-Processo-Seletivo-2024.png","keywords":["INSCRI\u00c7\u00d5ES","processo seletivo","professores","PROVA"],"articleSection":["Trabalho"],"inLanguage":"pt-BR","potentialAction":[{"@type":"CommentAction","name":"Comment","target":["https:\/\/redenoticiaz.com.br\/ribeiraopreto-regiao\/sp\/2023\/07\/11\/prefeitura-de-barretos-abre-processo-seletivo-2024-confira#respond"]}]},{"@type":"WebPage","@id":"https:\/\/redenoticiaz.com.br\/ribeiraopreto-regiao\/sp\/2023\/07\/11\/prefeitura-de-barretos-abre-processo-seletivo-2024-confira","url":"https:\/\/redenoticiaz.com.br\/ribeiraopreto-regiao\/sp\/2023\/07\/11\/prefeitura-de-barretos-abre-processo-seletivo-2024-confira","name":"Prefeitura de Barretos abre Processo Seletivo 2024, confira - Ribeir\u00e3o Preto e Regi\u00e3o","isPartOf":{"@id":"https:\/\/redenoticiaz.com.br\/ribeiraopreto-regiao\/#website"},"primaryImageOfPage":{"@id":"https:\/\/redenoticiaz.com.br\/ribeiraopreto-regiao\/sp\/2023\/07\/11\/prefeitura-de-barretos-abre-processo-seletivo-2024-confira#primaryimage"},"image":{"@id":"https:\/\/redenoticiaz.com.br\/ribeiraopreto-regiao\/sp\/2023\/07\/11\/prefeitura-de-barretos-abre-processo-seletivo-2024-confira#primaryimage"},"thumbnailUrl":"https:\/\/redenoticiaz.com.br\/ribeiraopreto-regiao\/wp-content\/uploads\/sites\/4\/2023\/07\/Prefeitura-de-Barretos-abre-Processo-Seletivo-2024.png","datePublished":"2023-07-11T14:21:17+00:00","description":"Secretaria Municipal de Educa\u00e7\u00e3o (SME), publicou os editais de abertura do Processo Seletivo 2024 para constitui\u00e7\u00e3o de cadastro das fun\u00e7\u00f5es","inLanguage":"pt-BR","potentialAction":[{"@type":"ReadAction","target":["https:\/\/redenoticiaz.com.br\/ribeiraopreto-regiao\/sp\/2023\/07\/11\/prefeitura-de-barretos-abre-processo-seletivo-2024-confira"]}]},{"@type":"ImageObject","inLanguage":"pt-BR","@id":"https:\/\/redenoticiaz.com.br\/ribeiraopreto-regiao\/sp\/2023\/07\/11\/prefeitura-de-barretos-abre-processo-seletivo-2024-confira#primaryimage","url":"https:\/\/redenoticiaz.com.br\/ribeiraopreto-regiao\/wp-content\/uploads\/sites\/4\/2023\/07\/Prefeitura-de-Barretos-abre-Processo-Seletivo-2024.png","contentUrl":"https:\/\/redenoticiaz.com.br\/ribeiraopreto-regiao\/wp-content\/uploads\/sites\/4\/2023\/07\/Prefeitura-de-Barretos-abre-Processo-Seletivo-2024.png","width":1640,"height":924,"caption":"Cr\u00e9dito: Divulga\u00e7\u00e3o"},{"@type":"WebSite","@id":"https:\/\/redenoticiaz.com.br\/ribeiraopreto-regiao\/#website","url":"https:\/\/redenoticiaz.com.br\/ribeiraopreto-regiao\/","name":"Ribeir\u00e3o Preto e Regi\u00e3o","description":"Rede NoticiaZ - Ribeir\u00e3o Preto e regi\u00e3o","publisher":{"@id":"https:\/\/redenoticiaz.com.br\/ribeiraopreto-regiao\/#organization"},"potentialAction":[{"@type":"SearchAction","target":{"@type":"EntryPoint","urlTemplate":"https:\/\/redenoticiaz.com.br\/ribeiraopreto-regiao\/?s={search_term_string}"},"query-input":{"@type":"PropertyValueSpecification","valueRequired":true,"valueName":"search_term_string"}}],"inLanguage":"pt-BR"},{"@type":"Organization","@id":"https:\/\/redenoticiaz.com.br\/ribeiraopreto-regiao\/#organization","name":"Ribeir\u00e3o Preto e Regi\u00e3o","url":"https:\/\/redenoticiaz.com.br\/ribeiraopreto-regiao\/","logo":{"@type":"ImageObject","inLanguage":"pt-BR","@id":"https:\/\/redenoticiaz.com.br\/ribeiraopreto-regiao\/#\/schema\/logo\/image\/","url":"https:\/\/redenoticiaz.com.br\/barretos-regiao\/wp-content\/uploads\/sites\/4\/2022\/02\/logo.jpg","contentUrl":"https:\/\/redenoticiaz.com.br\/barretos-regiao\/wp-content\/uploads\/sites\/4\/2022\/02\/logo.jpg","width":400,"height":250,"caption":"Ribeir\u00e3o Preto e Regi\u00e3o"},"image":{"@id":"https:\/\/redenoticiaz.com.br\/ribeiraopreto-regiao\/#\/schema\/logo\/image\/"},"sameAs":["https:\/\/m.facebook.com\/redenoticiaz.barretos","https:\/\/x.com\/RN_barretos","https:\/\/www.instagram.com\/redenoticiaz.barretos\/?igshid=YmMyMTA2M2Y","https:\/\/www.linkedin.com\/company\/rede-noticiaz-barretos-e-regio\/"]},{"@type":"Person","@id":"https:\/\/redenoticiaz.com.br\/ribeiraopreto-regiao\/#\/schema\/person\/1f84d6e94e6a62d2d81199d7503e9e90","name":"Carina Reifonas","image":{"@type":"ImageObject","inLanguage":"pt-BR","@id":"https:\/\/secure.gravatar.com\/avatar\/04c59859b23696cf867715880f81d5c037e60109730bdb4e6670ec2a2245bc97?s=96&d=mm&r=g","url":"https:\/\/secure.gravatar.com\/avatar\/04c59859b23696cf867715880f81d5c037e60109730bdb4e6670ec2a2245bc97?s=96&d=mm&r=g","contentUrl":"https:\/\/secure.gravatar.com\/avatar\/04c59859b23696cf867715880f81d5c037e60109730bdb4e6670ec2a2245bc97?s=96&d=mm&r=g","caption":"Carina Reifonas"},"url":"https:\/\/redenoticiaz.com.br\/ribeiraopreto-regiao\/sp\/author\/carinareifonas"}]}},"_links":{"self":[{"href":"https:\/\/redenoticiaz.com.br\/ribeiraopreto-regiao\/wp-json\/wp\/v2\/posts\/108001","targetHints":{"allow":["GET"]}}],"collection":[{"href":"https:\/\/redenoticiaz.com.br\/ribeiraopreto-regiao\/wp-json\/wp\/v2\/posts"}],"about":[{"href":"https:\/\/redenoticiaz.com.br\/ribeiraopreto-regiao\/wp-json\/wp\/v2\/types\/post"}],"author":[{"embeddable":true,"href":"https:\/\/redenoticiaz.com.br\/ribeiraopreto-regiao\/wp-json\/wp\/v2\/users\/30"}],"replies":[{"embeddable":true,"href":"https:\/\/redenoticiaz.com.br\/ribeiraopreto-regiao\/wp-json\/wp\/v2\/comments?post=108001"}],"version-history":[{"count":1,"href":"https:\/\/redenoticiaz.com.br\/ribeiraopreto-regiao\/wp-json\/wp\/v2\/posts\/108001\/revisions"}],"predecessor-version":[{"id":108003,"href":"https:\/\/redenoticiaz.com.br\/ribeiraopreto-regiao\/wp-json\/wp\/v2\/posts\/108001\/revisions\/108003"}],"wp:featuredmedia":[{"embeddable":true,"href":"https:\/\/redenoticiaz.com.br\/ribeiraopreto-regiao\/wp-json\/wp\/v2\/media\/108002"}],"wp:attachment":[{"href":"https:\/\/redenoticiaz.com.br\/ribeiraopreto-regiao\/wp-json\/wp\/v2\/media?parent=108001"}],"wp:term":[{"taxonomy":"category","embeddable":true,"href":"https:\/\/redenoticiaz.com.br\/ribeiraopreto-regiao\/wp-json\/wp\/v2\/categories?post=108001"},{"taxonomy":"post_tag","embeddable":true,"href":"https:\/\/redenoticiaz.com.br\/ribeiraopreto-regiao\/wp-json\/wp\/v2\/tags?post=108001"}],"curies":[{"name":"wp","href":"https:\/\/api.w.org\/{rel}","templated":true}]}}