{"id":108181,"date":"2023-07-16T15:00:42","date_gmt":"2023-07-16T18:00:42","guid":{"rendered":"https:\/\/redenoticiaz.com.br\/barretos-regiao\/?p=108181"},"modified":"2023-07-14T20:30:30","modified_gmt":"2023-07-14T23:30:30","slug":"desenrola-brasil-renegociacao-de-dividas-da-faixa-2-comeca-nesta-proxima-semana","status":"publish","type":"post","link":"https:\/\/redenoticiaz.com.br\/ribeiraopreto-regiao\/sp\/2023\/07\/16\/desenrola-brasil-renegociacao-de-dividas-da-faixa-2-comeca-nesta-proxima-semana","title":{"rendered":"Desenrola Brasil: renegocia\u00e7\u00e3o de d\u00edvidas da Faixa 2 come\u00e7a nesta pr\u00f3xima semana"},"content":{"rendered":"<p>O Minist\u00e9rio da Fazenda autorizou\u00a0nesta sexta-feira (14) que\u00a0as institui\u00e7\u00f5es financeiras credenciadas pelo Banco Central (BC) para opera\u00e7\u00f5es de cr\u00e9dito podem come\u00e7ar, a partir de segunda-feira (17), a renegocia\u00e7\u00e3o de d\u00edvidas da Faixa 2, pelo Programa Emergencial de Renegocia\u00e7\u00e3o de D\u00edvidas de Pessoas F\u00edsicas Inadimplentes, o\u00a0Desenrola Brasil.<img decoding=\"async\" src=\"https:\/\/agenciabrasil.ebc.com.br\/ebc.png?id=1543855&amp;o=node\" \/><img decoding=\"async\" src=\"https:\/\/agenciabrasil.ebc.com.br\/ebc.gif?id=1543855&amp;o=node\" \/><\/p>\n<p>A\u00a0<a href=\"https:\/\/in.gov.br\/web\/dou\/-\/portaria-normativa-mf-n-733-de-13-de-julho-de-2023-496366355\" target=\"_blank\" rel=\"noopener\">portaria foi publicada<\/a>\u00a0no Di\u00e1rio Oficial da Uni\u00e3o.<\/p>\n<p>A Faixa 2 do programa atende \u00e0 popula\u00e7\u00e3o com renda mensal de dois\u00a0sal\u00e1rios m\u00ednimos (R$2.640) a\u00a0R$ 20 mil. O presidente Luiz In\u00e1cio Lula da Silva comentou nas redes sociais o in\u00edcio do programa, que, segundo o governo, vai beneficiar 70 milh\u00f5es de brasileiros que possuem d\u00edvidas.<\/p>\n<blockquote><p>&#8220;Ningu\u00e9m gosta de ficar com o nome sujo. Vamos ajudar o povo a reconquistar dignidade.&#8221;<\/p><\/blockquote>\n<p>As d\u00edvidas poder\u00e3o ser quitadas nos canais indicados pelos agentes financeiros e poder\u00e3o ser parceladas\u00a0em, no m\u00ednimo, 12 presta\u00e7\u00f5es. Tamb\u00e9m \u00e9 necess\u00e1rio ter sido inclu\u00eddo no cadastro de inadimplente\u00a0at\u00e9 31 de dezembro de 2022.<\/p>\n<p>Nesta etapa do programa, tamb\u00e9m ser\u00e3o perdoadas as d\u00edvidas banc\u00e1rias de at\u00e9 R$ 100. Nesse caso, o nome da pessoa ser\u00e1 retirado dos cadastros de devedores automaticamente pelas institui\u00e7\u00f5es financeiras. Segundo o Minist\u00e9rio da Fazenda, com essa medida, cerca de 1,5 milh\u00e3o de pessoas deixar\u00e3o de ter restri\u00e7\u00f5es e voltar\u00e3o a poder ter acesso a cr\u00e9dito.<\/p>\n<p><strong>Leia mais<\/strong><\/p>\n<p><a href=\"https:\/\/redenoticiaz.com.br\/blog\/2023\/06\/25\/mutirao-de-renegociacao-de-dividas-sera-na-segunda-quinzena-de-julho\">Mutir\u00e3o de renegocia\u00e7\u00e3o de d\u00edvidas ser\u00e1 na segunda quinzena de julho<\/a><\/p>\n","protected":false},"excerpt":{"rendered":"<p>O Minist\u00e9rio da Fazenda autorizou\u00a0nesta sexta-feira (14) que\u00a0as institui\u00e7\u00f5es financeiras credenciadas pelo Banco Central (BC) para opera\u00e7\u00f5es de cr\u00e9dito podem come\u00e7ar, a partir de segunda-feira (17), a renegocia\u00e7\u00e3o de d\u00edvidas da Faixa 2, pelo Programa Emergencial de Renegocia\u00e7\u00e3o de D\u00edvidas de Pessoas F\u00edsicas Inadimplentes, o\u00a0Desenrola Brasil. A\u00a0portaria foi publicada\u00a0no Di\u00e1rio Oficial da Uni\u00e3o. A Faixa &hellip;<\/p>\n","protected":false},"author":12,"featured_media":108182,"comment_status":"open","ping_status":"closed","sticky":false,"template":"","format":"standard","meta":{"footnotes":""},"categories":[101],"tags":[28066,6527,28067,28068],"class_list":["post-108181","post","type-post","status-publish","format-standard","has-post-thumbnail","hentry","category-economia","tag-desenrola-brasil","tag-dividas","tag-faixa-2-governo","tag-renegociacao"],"yoast_head":"<!-- This site is optimized with the Yoast SEO plugin v27.5 - https:\/\/yoast.com\/product\/yoast-seo-wordpress\/ -->\n<title>Desenrola Brasil: renegocia\u00e7\u00e3o de d\u00edvidas da Faixa 2 come\u00e7a nesta pr\u00f3xima semana - Ribeir\u00e3o Preto e Regi\u00e3o<\/title>\n<meta name=\"description\" content=\"O Minist\u00e9rio da Fazenda autorizou que\u00a0as institui\u00e7\u00f5es financeiras possa come\u00e7ar, a renegocia\u00e7\u00e3o de d\u00edvidas da Faixa 2, pelo Desenrola Brasil.\" \/>\n<meta name=\"robots\" content=\"index, follow, max-snippet:-1, max-image-preview:large, max-video-preview:-1\" \/>\n<link rel=\"canonical\" href=\"https:\/\/redenoticiaz.com.br\/ribeiraopreto-regiao\/sp\/2023\/07\/16\/desenrola-brasil-renegociacao-de-dividas-da-faixa-2-comeca-nesta-proxima-semana\" \/>\n<meta property=\"og:locale\" content=\"pt_BR\" \/>\n<meta property=\"og:type\" content=\"article\" \/>\n<meta property=\"og:title\" content=\"Desenrola Brasil: renegocia\u00e7\u00e3o de d\u00edvidas da Faixa 2 come\u00e7a nesta pr\u00f3xima semana - Ribeir\u00e3o Preto e Regi\u00e3o\" \/>\n<meta property=\"og:description\" content=\"O Minist\u00e9rio da Fazenda autorizou que\u00a0as institui\u00e7\u00f5es financeiras possa come\u00e7ar, a renegocia\u00e7\u00e3o de d\u00edvidas da Faixa 2, pelo Desenrola Brasil.\" \/>\n<meta property=\"og:url\" content=\"https:\/\/redenoticiaz.com.br\/ribeiraopreto-regiao\/sp\/2023\/07\/16\/desenrola-brasil-renegociacao-de-dividas-da-faixa-2-comeca-nesta-proxima-semana\" \/>\n<meta property=\"og:site_name\" content=\"Ribeir\u00e3o Preto e Regi\u00e3o\" \/>\n<meta property=\"article:publisher\" content=\"https:\/\/m.facebook.com\/redenoticiaz.barretos\" \/>\n<meta property=\"article:published_time\" content=\"2023-07-16T18:00:42+00:00\" \/>\n<meta property=\"og:image\" content=\"https:\/\/redenoticiaz.com.br\/ribeiraopreto-regiao\/wp-content\/uploads\/sites\/4\/2023\/07\/dinheiro_caixa_mcajr_abr_2907221125.jpg?v=1689377365\" \/>\n\t<meta property=\"og:image:width\" content=\"1170\" \/>\n\t<meta property=\"og:image:height\" content=\"700\" \/>\n\t<meta property=\"og:image:type\" content=\"image\/jpeg\" \/>\n<meta name=\"author\" content=\"Gustavo Silva\" \/>\n<meta name=\"twitter:card\" content=\"summary_large_image\" \/>\n<meta name=\"twitter:creator\" content=\"@RN_barretos\" \/>\n<meta name=\"twitter:site\" content=\"@RN_barretos\" \/>\n<meta name=\"twitter:label1\" content=\"Escrito por\" \/>\n\t<meta name=\"twitter:data1\" content=\"Gustavo Silva\" \/>\n\t<meta name=\"twitter:label2\" content=\"Est. tempo de leitura\" \/>\n\t<meta name=\"twitter:data2\" content=\"2 minutos\" \/>\n<script type=\"application\/ld+json\" class=\"yoast-schema-graph\">{\"@context\":\"https:\\\/\\\/schema.org\",\"@graph\":[{\"@type\":\"Article\",\"@id\":\"https:\\\/\\\/redenoticiaz.com.br\\\/ribeiraopreto-regiao\\\/sp\\\/2023\\\/07\\\/16\\\/desenrola-brasil-renegociacao-de-dividas-da-faixa-2-comeca-nesta-proxima-semana#article\",\"isPartOf\":{\"@id\":\"https:\\\/\\\/redenoticiaz.com.br\\\/ribeiraopreto-regiao\\\/sp\\\/2023\\\/07\\\/16\\\/desenrola-brasil-renegociacao-de-dividas-da-faixa-2-comeca-nesta-proxima-semana\"},\"author\":{\"name\":\"Gustavo Silva\",\"@id\":\"https:\\\/\\\/redenoticiaz.com.br\\\/ribeiraopreto-regiao\\\/#\\\/schema\\\/person\\\/16057b37a3c0ee6b096d7f887c566e2e\"},\"headline\":\"Desenrola Brasil: renegocia\u00e7\u00e3o de d\u00edvidas da Faixa 2 come\u00e7a nesta pr\u00f3xima semana\",\"datePublished\":\"2023-07-16T18:00:42+00:00\",\"mainEntityOfPage\":{\"@id\":\"https:\\\/\\\/redenoticiaz.com.br\\\/ribeiraopreto-regiao\\\/sp\\\/2023\\\/07\\\/16\\\/desenrola-brasil-renegociacao-de-dividas-da-faixa-2-comeca-nesta-proxima-semana\"},\"wordCount\":270,\"commentCount\":0,\"publisher\":{\"@id\":\"https:\\\/\\\/redenoticiaz.com.br\\\/ribeiraopreto-regiao\\\/#organization\"},\"image\":{\"@id\":\"https:\\\/\\\/redenoticiaz.com.br\\\/ribeiraopreto-regiao\\\/sp\\\/2023\\\/07\\\/16\\\/desenrola-brasil-renegociacao-de-dividas-da-faixa-2-comeca-nesta-proxima-semana#primaryimage\"},\"thumbnailUrl\":\"https:\\\/\\\/redenoticiaz.com.br\\\/ribeiraopreto-regiao\\\/wp-content\\\/uploads\\\/sites\\\/4\\\/2023\\\/07\\\/dinheiro_caixa_mcajr_abr_2907221125.jpg?v=1689377365\",\"keywords\":[\"Desenrola Brasil\",\"D\u00edvidas\",\"faixa 2 governo\",\"Renegocia\u00e7\u00e3o\"],\"articleSection\":[\"Economia\"],\"inLanguage\":\"pt-BR\",\"potentialAction\":[{\"@type\":\"CommentAction\",\"name\":\"Comment\",\"target\":[\"https:\\\/\\\/redenoticiaz.com.br\\\/ribeiraopreto-regiao\\\/sp\\\/2023\\\/07\\\/16\\\/desenrola-brasil-renegociacao-de-dividas-da-faixa-2-comeca-nesta-proxima-semana#respond\"]}]},{\"@type\":\"WebPage\",\"@id\":\"https:\\\/\\\/redenoticiaz.com.br\\\/ribeiraopreto-regiao\\\/sp\\\/2023\\\/07\\\/16\\\/desenrola-brasil-renegociacao-de-dividas-da-faixa-2-comeca-nesta-proxima-semana\",\"url\":\"https:\\\/\\\/redenoticiaz.com.br\\\/ribeiraopreto-regiao\\\/sp\\\/2023\\\/07\\\/16\\\/desenrola-brasil-renegociacao-de-dividas-da-faixa-2-comeca-nesta-proxima-semana\",\"name\":\"Desenrola Brasil: renegocia\u00e7\u00e3o de d\u00edvidas da Faixa 2 come\u00e7a nesta pr\u00f3xima semana - Ribeir\u00e3o Preto e Regi\u00e3o\",\"isPartOf\":{\"@id\":\"https:\\\/\\\/redenoticiaz.com.br\\\/ribeiraopreto-regiao\\\/#website\"},\"primaryImageOfPage\":{\"@id\":\"https:\\\/\\\/redenoticiaz.com.br\\\/ribeiraopreto-regiao\\\/sp\\\/2023\\\/07\\\/16\\\/desenrola-brasil-renegociacao-de-dividas-da-faixa-2-comeca-nesta-proxima-semana#primaryimage\"},\"image\":{\"@id\":\"https:\\\/\\\/redenoticiaz.com.br\\\/ribeiraopreto-regiao\\\/sp\\\/2023\\\/07\\\/16\\\/desenrola-brasil-renegociacao-de-dividas-da-faixa-2-comeca-nesta-proxima-semana#primaryimage\"},\"thumbnailUrl\":\"https:\\\/\\\/redenoticiaz.com.br\\\/ribeiraopreto-regiao\\\/wp-content\\\/uploads\\\/sites\\\/4\\\/2023\\\/07\\\/dinheiro_caixa_mcajr_abr_2907221125.jpg?v=1689377365\",\"datePublished\":\"2023-07-16T18:00:42+00:00\",\"description\":\"O Minist\u00e9rio da Fazenda autorizou que\u00a0as institui\u00e7\u00f5es financeiras possa come\u00e7ar, a renegocia\u00e7\u00e3o de d\u00edvidas da Faixa 2, pelo Desenrola Brasil.\",\"inLanguage\":\"pt-BR\",\"potentialAction\":[{\"@type\":\"ReadAction\",\"target\":[\"https:\\\/\\\/redenoticiaz.com.br\\\/ribeiraopreto-regiao\\\/sp\\\/2023\\\/07\\\/16\\\/desenrola-brasil-renegociacao-de-dividas-da-faixa-2-comeca-nesta-proxima-semana\"]}]},{\"@type\":\"ImageObject\",\"inLanguage\":\"pt-BR\",\"@id\":\"https:\\\/\\\/redenoticiaz.com.br\\\/ribeiraopreto-regiao\\\/sp\\\/2023\\\/07\\\/16\\\/desenrola-brasil-renegociacao-de-dividas-da-faixa-2-comeca-nesta-proxima-semana#primaryimage\",\"url\":\"https:\\\/\\\/redenoticiaz.com.br\\\/ribeiraopreto-regiao\\\/wp-content\\\/uploads\\\/sites\\\/4\\\/2023\\\/07\\\/dinheiro_caixa_mcajr_abr_2907221125.jpg?v=1689377365\",\"contentUrl\":\"https:\\\/\\\/redenoticiaz.com.br\\\/ribeiraopreto-regiao\\\/wp-content\\\/uploads\\\/sites\\\/4\\\/2023\\\/07\\\/dinheiro_caixa_mcajr_abr_2907221125.jpg?v=1689377365\",\"width\":1170,\"height\":700,\"caption\":\"Dinheiro\"},{\"@type\":\"WebSite\",\"@id\":\"https:\\\/\\\/redenoticiaz.com.br\\\/ribeiraopreto-regiao\\\/#website\",\"url\":\"https:\\\/\\\/redenoticiaz.com.br\\\/ribeiraopreto-regiao\\\/\",\"name\":\"Ribeir\u00e3o Preto e Regi\u00e3o\",\"description\":\"Rede NoticiaZ - Ribeir\u00e3o Preto e regi\u00e3o\",\"publisher\":{\"@id\":\"https:\\\/\\\/redenoticiaz.com.br\\\/ribeiraopreto-regiao\\\/#organization\"},\"potentialAction\":[{\"@type\":\"SearchAction\",\"target\":{\"@type\":\"EntryPoint\",\"urlTemplate\":\"https:\\\/\\\/redenoticiaz.com.br\\\/ribeiraopreto-regiao\\\/?s={search_term_string}\"},\"query-input\":{\"@type\":\"PropertyValueSpecification\",\"valueRequired\":true,\"valueName\":\"search_term_string\"}}],\"inLanguage\":\"pt-BR\"},{\"@type\":\"Organization\",\"@id\":\"https:\\\/\\\/redenoticiaz.com.br\\\/ribeiraopreto-regiao\\\/#organization\",\"name\":\"Ribeir\u00e3o Preto e Regi\u00e3o\",\"url\":\"https:\\\/\\\/redenoticiaz.com.br\\\/ribeiraopreto-regiao\\\/\",\"logo\":{\"@type\":\"ImageObject\",\"inLanguage\":\"pt-BR\",\"@id\":\"https:\\\/\\\/redenoticiaz.com.br\\\/ribeiraopreto-regiao\\\/#\\\/schema\\\/logo\\\/image\\\/\",\"url\":\"https:\\\/\\\/redenoticiaz.com.br\\\/barretos-regiao\\\/wp-content\\\/uploads\\\/sites\\\/4\\\/2022\\\/02\\\/logo.jpg\",\"contentUrl\":\"https:\\\/\\\/redenoticiaz.com.br\\\/barretos-regiao\\\/wp-content\\\/uploads\\\/sites\\\/4\\\/2022\\\/02\\\/logo.jpg\",\"width\":400,\"height\":250,\"caption\":\"Ribeir\u00e3o Preto e Regi\u00e3o\"},\"image\":{\"@id\":\"https:\\\/\\\/redenoticiaz.com.br\\\/ribeiraopreto-regiao\\\/#\\\/schema\\\/logo\\\/image\\\/\"},\"sameAs\":[\"https:\\\/\\\/m.facebook.com\\\/redenoticiaz.barretos\",\"https:\\\/\\\/x.com\\\/RN_barretos\",\"https:\\\/\\\/www.instagram.com\\\/redenoticiaz.barretos\\\/?igshid=YmMyMTA2M2Y\",\"https:\\\/\\\/www.linkedin.com\\\/company\\\/rede-noticiaz-barretos-e-regio\\\/\"]},{\"@type\":\"Person\",\"@id\":\"https:\\\/\\\/redenoticiaz.com.br\\\/ribeiraopreto-regiao\\\/#\\\/schema\\\/person\\\/16057b37a3c0ee6b096d7f887c566e2e\",\"name\":\"Gustavo Silva\",\"image\":{\"@type\":\"ImageObject\",\"inLanguage\":\"pt-BR\",\"@id\":\"https:\\\/\\\/secure.gravatar.com\\\/avatar\\\/3ee4e82f93b26de0a7cf4ea5eb7893da637ed6bb0c9170c58065944c56e28a33?s=96&d=mm&r=g\",\"url\":\"https:\\\/\\\/secure.gravatar.com\\\/avatar\\\/3ee4e82f93b26de0a7cf4ea5eb7893da637ed6bb0c9170c58065944c56e28a33?s=96&d=mm&r=g\",\"contentUrl\":\"https:\\\/\\\/secure.gravatar.com\\\/avatar\\\/3ee4e82f93b26de0a7cf4ea5eb7893da637ed6bb0c9170c58065944c56e28a33?s=96&d=mm&r=g\",\"caption\":\"Gustavo Silva\"},\"url\":\"https:\\\/\\\/redenoticiaz.com.br\\\/ribeiraopreto-regiao\\\/sp\\\/author\\\/gustavosilva\"}]}<\/script>\n<!-- \/ Yoast SEO plugin. -->","yoast_head_json":{"title":"Desenrola Brasil: renegocia\u00e7\u00e3o de d\u00edvidas da Faixa 2 come\u00e7a nesta pr\u00f3xima semana - Ribeir\u00e3o Preto e Regi\u00e3o","description":"O Minist\u00e9rio da Fazenda autorizou que\u00a0as institui\u00e7\u00f5es financeiras possa come\u00e7ar, a renegocia\u00e7\u00e3o de d\u00edvidas da Faixa 2, pelo Desenrola Brasil.","robots":{"index":"index","follow":"follow","max-snippet":"max-snippet:-1","max-image-preview":"max-image-preview:large","max-video-preview":"max-video-preview:-1"},"canonical":"https:\/\/redenoticiaz.com.br\/ribeiraopreto-regiao\/sp\/2023\/07\/16\/desenrola-brasil-renegociacao-de-dividas-da-faixa-2-comeca-nesta-proxima-semana","og_locale":"pt_BR","og_type":"article","og_title":"Desenrola Brasil: renegocia\u00e7\u00e3o de d\u00edvidas da Faixa 2 come\u00e7a nesta pr\u00f3xima semana - Ribeir\u00e3o Preto e Regi\u00e3o","og_description":"O Minist\u00e9rio da Fazenda autorizou que\u00a0as institui\u00e7\u00f5es financeiras possa come\u00e7ar, a renegocia\u00e7\u00e3o de d\u00edvidas da Faixa 2, pelo Desenrola Brasil.","og_url":"https:\/\/redenoticiaz.com.br\/ribeiraopreto-regiao\/sp\/2023\/07\/16\/desenrola-brasil-renegociacao-de-dividas-da-faixa-2-comeca-nesta-proxima-semana","og_site_name":"Ribeir\u00e3o Preto e Regi\u00e3o","article_publisher":"https:\/\/m.facebook.com\/redenoticiaz.barretos","article_published_time":"2023-07-16T18:00:42+00:00","og_image":[{"width":1170,"height":700,"url":"https:\/\/redenoticiaz.com.br\/ribeiraopreto-regiao\/wp-content\/uploads\/sites\/4\/2023\/07\/dinheiro_caixa_mcajr_abr_2907221125.jpg?v=1689377365","type":"image\/jpeg"}],"author":"Gustavo Silva","twitter_card":"summary_large_image","twitter_creator":"@RN_barretos","twitter_site":"@RN_barretos","twitter_misc":{"Escrito por":"Gustavo Silva","Est. tempo de leitura":"2 minutos"},"schema":{"@context":"https:\/\/schema.org","@graph":[{"@type":"Article","@id":"https:\/\/redenoticiaz.com.br\/ribeiraopreto-regiao\/sp\/2023\/07\/16\/desenrola-brasil-renegociacao-de-dividas-da-faixa-2-comeca-nesta-proxima-semana#article","isPartOf":{"@id":"https:\/\/redenoticiaz.com.br\/ribeiraopreto-regiao\/sp\/2023\/07\/16\/desenrola-brasil-renegociacao-de-dividas-da-faixa-2-comeca-nesta-proxima-semana"},"author":{"name":"Gustavo Silva","@id":"https:\/\/redenoticiaz.com.br\/ribeiraopreto-regiao\/#\/schema\/person\/16057b37a3c0ee6b096d7f887c566e2e"},"headline":"Desenrola Brasil: renegocia\u00e7\u00e3o de d\u00edvidas da Faixa 2 come\u00e7a nesta pr\u00f3xima semana","datePublished":"2023-07-16T18:00:42+00:00","mainEntityOfPage":{"@id":"https:\/\/redenoticiaz.com.br\/ribeiraopreto-regiao\/sp\/2023\/07\/16\/desenrola-brasil-renegociacao-de-dividas-da-faixa-2-comeca-nesta-proxima-semana"},"wordCount":270,"commentCount":0,"publisher":{"@id":"https:\/\/redenoticiaz.com.br\/ribeiraopreto-regiao\/#organization"},"image":{"@id":"https:\/\/redenoticiaz.com.br\/ribeiraopreto-regiao\/sp\/2023\/07\/16\/desenrola-brasil-renegociacao-de-dividas-da-faixa-2-comeca-nesta-proxima-semana#primaryimage"},"thumbnailUrl":"https:\/\/redenoticiaz.com.br\/ribeiraopreto-regiao\/wp-content\/uploads\/sites\/4\/2023\/07\/dinheiro_caixa_mcajr_abr_2907221125.jpg?v=1689377365","keywords":["Desenrola Brasil","D\u00edvidas","faixa 2 governo","Renegocia\u00e7\u00e3o"],"articleSection":["Economia"],"inLanguage":"pt-BR","potentialAction":[{"@type":"CommentAction","name":"Comment","target":["https:\/\/redenoticiaz.com.br\/ribeiraopreto-regiao\/sp\/2023\/07\/16\/desenrola-brasil-renegociacao-de-dividas-da-faixa-2-comeca-nesta-proxima-semana#respond"]}]},{"@type":"WebPage","@id":"https:\/\/redenoticiaz.com.br\/ribeiraopreto-regiao\/sp\/2023\/07\/16\/desenrola-brasil-renegociacao-de-dividas-da-faixa-2-comeca-nesta-proxima-semana","url":"https:\/\/redenoticiaz.com.br\/ribeiraopreto-regiao\/sp\/2023\/07\/16\/desenrola-brasil-renegociacao-de-dividas-da-faixa-2-comeca-nesta-proxima-semana","name":"Desenrola Brasil: renegocia\u00e7\u00e3o de d\u00edvidas da Faixa 2 come\u00e7a nesta pr\u00f3xima semana - Ribeir\u00e3o Preto e Regi\u00e3o","isPartOf":{"@id":"https:\/\/redenoticiaz.com.br\/ribeiraopreto-regiao\/#website"},"primaryImageOfPage":{"@id":"https:\/\/redenoticiaz.com.br\/ribeiraopreto-regiao\/sp\/2023\/07\/16\/desenrola-brasil-renegociacao-de-dividas-da-faixa-2-comeca-nesta-proxima-semana#primaryimage"},"image":{"@id":"https:\/\/redenoticiaz.com.br\/ribeiraopreto-regiao\/sp\/2023\/07\/16\/desenrola-brasil-renegociacao-de-dividas-da-faixa-2-comeca-nesta-proxima-semana#primaryimage"},"thumbnailUrl":"https:\/\/redenoticiaz.com.br\/ribeiraopreto-regiao\/wp-content\/uploads\/sites\/4\/2023\/07\/dinheiro_caixa_mcajr_abr_2907221125.jpg?v=1689377365","datePublished":"2023-07-16T18:00:42+00:00","description":"O Minist\u00e9rio da Fazenda autorizou que\u00a0as institui\u00e7\u00f5es financeiras possa come\u00e7ar, a renegocia\u00e7\u00e3o de d\u00edvidas da Faixa 2, pelo Desenrola Brasil.","inLanguage":"pt-BR","potentialAction":[{"@type":"ReadAction","target":["https:\/\/redenoticiaz.com.br\/ribeiraopreto-regiao\/sp\/2023\/07\/16\/desenrola-brasil-renegociacao-de-dividas-da-faixa-2-comeca-nesta-proxima-semana"]}]},{"@type":"ImageObject","inLanguage":"pt-BR","@id":"https:\/\/redenoticiaz.com.br\/ribeiraopreto-regiao\/sp\/2023\/07\/16\/desenrola-brasil-renegociacao-de-dividas-da-faixa-2-comeca-nesta-proxima-semana#primaryimage","url":"https:\/\/redenoticiaz.com.br\/ribeiraopreto-regiao\/wp-content\/uploads\/sites\/4\/2023\/07\/dinheiro_caixa_mcajr_abr_2907221125.jpg?v=1689377365","contentUrl":"https:\/\/redenoticiaz.com.br\/ribeiraopreto-regiao\/wp-content\/uploads\/sites\/4\/2023\/07\/dinheiro_caixa_mcajr_abr_2907221125.jpg?v=1689377365","width":1170,"height":700,"caption":"Dinheiro"},{"@type":"WebSite","@id":"https:\/\/redenoticiaz.com.br\/ribeiraopreto-regiao\/#website","url":"https:\/\/redenoticiaz.com.br\/ribeiraopreto-regiao\/","name":"Ribeir\u00e3o Preto e Regi\u00e3o","description":"Rede NoticiaZ - Ribeir\u00e3o Preto e regi\u00e3o","publisher":{"@id":"https:\/\/redenoticiaz.com.br\/ribeiraopreto-regiao\/#organization"},"potentialAction":[{"@type":"SearchAction","target":{"@type":"EntryPoint","urlTemplate":"https:\/\/redenoticiaz.com.br\/ribeiraopreto-regiao\/?s={search_term_string}"},"query-input":{"@type":"PropertyValueSpecification","valueRequired":true,"valueName":"search_term_string"}}],"inLanguage":"pt-BR"},{"@type":"Organization","@id":"https:\/\/redenoticiaz.com.br\/ribeiraopreto-regiao\/#organization","name":"Ribeir\u00e3o Preto e Regi\u00e3o","url":"https:\/\/redenoticiaz.com.br\/ribeiraopreto-regiao\/","logo":{"@type":"ImageObject","inLanguage":"pt-BR","@id":"https:\/\/redenoticiaz.com.br\/ribeiraopreto-regiao\/#\/schema\/logo\/image\/","url":"https:\/\/redenoticiaz.com.br\/barretos-regiao\/wp-content\/uploads\/sites\/4\/2022\/02\/logo.jpg","contentUrl":"https:\/\/redenoticiaz.com.br\/barretos-regiao\/wp-content\/uploads\/sites\/4\/2022\/02\/logo.jpg","width":400,"height":250,"caption":"Ribeir\u00e3o Preto e Regi\u00e3o"},"image":{"@id":"https:\/\/redenoticiaz.com.br\/ribeiraopreto-regiao\/#\/schema\/logo\/image\/"},"sameAs":["https:\/\/m.facebook.com\/redenoticiaz.barretos","https:\/\/x.com\/RN_barretos","https:\/\/www.instagram.com\/redenoticiaz.barretos\/?igshid=YmMyMTA2M2Y","https:\/\/www.linkedin.com\/company\/rede-noticiaz-barretos-e-regio\/"]},{"@type":"Person","@id":"https:\/\/redenoticiaz.com.br\/ribeiraopreto-regiao\/#\/schema\/person\/16057b37a3c0ee6b096d7f887c566e2e","name":"Gustavo Silva","image":{"@type":"ImageObject","inLanguage":"pt-BR","@id":"https:\/\/secure.gravatar.com\/avatar\/3ee4e82f93b26de0a7cf4ea5eb7893da637ed6bb0c9170c58065944c56e28a33?s=96&d=mm&r=g","url":"https:\/\/secure.gravatar.com\/avatar\/3ee4e82f93b26de0a7cf4ea5eb7893da637ed6bb0c9170c58065944c56e28a33?s=96&d=mm&r=g","contentUrl":"https:\/\/secure.gravatar.com\/avatar\/3ee4e82f93b26de0a7cf4ea5eb7893da637ed6bb0c9170c58065944c56e28a33?s=96&d=mm&r=g","caption":"Gustavo Silva"},"url":"https:\/\/redenoticiaz.com.br\/ribeiraopreto-regiao\/sp\/author\/gustavosilva"}]}},"_links":{"self":[{"href":"https:\/\/redenoticiaz.com.br\/ribeiraopreto-regiao\/wp-json\/wp\/v2\/posts\/108181","targetHints":{"allow":["GET"]}}],"collection":[{"href":"https:\/\/redenoticiaz.com.br\/ribeiraopreto-regiao\/wp-json\/wp\/v2\/posts"}],"about":[{"href":"https:\/\/redenoticiaz.com.br\/ribeiraopreto-regiao\/wp-json\/wp\/v2\/types\/post"}],"author":[{"embeddable":true,"href":"https:\/\/redenoticiaz.com.br\/ribeiraopreto-regiao\/wp-json\/wp\/v2\/users\/12"}],"replies":[{"embeddable":true,"href":"https:\/\/redenoticiaz.com.br\/ribeiraopreto-regiao\/wp-json\/wp\/v2\/comments?post=108181"}],"version-history":[{"count":0,"href":"https:\/\/redenoticiaz.com.br\/ribeiraopreto-regiao\/wp-json\/wp\/v2\/posts\/108181\/revisions"}],"wp:featuredmedia":[{"embeddable":true,"href":"https:\/\/redenoticiaz.com.br\/ribeiraopreto-regiao\/wp-json\/wp\/v2\/media\/108182"}],"wp:attachment":[{"href":"https:\/\/redenoticiaz.com.br\/ribeiraopreto-regiao\/wp-json\/wp\/v2\/media?parent=108181"}],"wp:term":[{"taxonomy":"category","embeddable":true,"href":"https:\/\/redenoticiaz.com.br\/ribeiraopreto-regiao\/wp-json\/wp\/v2\/categories?post=108181"},{"taxonomy":"post_tag","embeddable":true,"href":"https:\/\/redenoticiaz.com.br\/ribeiraopreto-regiao\/wp-json\/wp\/v2\/tags?post=108181"}],"curies":[{"name":"wp","href":"https:\/\/api.w.org\/{rel}","templated":true}]}}