{"id":108543,"date":"2023-07-24T12:19:00","date_gmt":"2023-07-24T15:19:00","guid":{"rendered":"https:\/\/redenoticiaz.com.br\/barretos-regiao\/?p=108543"},"modified":"2023-07-24T12:19:00","modified_gmt":"2023-07-24T15:19:00","slug":"servidores-publicos-municipais-terao-horario-especial-de-expediente-em-jogos-da-selecao-feminina-na-copa-do-mundo","status":"publish","type":"post","link":"https:\/\/redenoticiaz.com.br\/ribeiraopreto-regiao\/sp\/2023\/07\/24\/servidores-publicos-municipais-terao-horario-especial-de-expediente-em-jogos-da-selecao-feminina-na-copa-do-mundo","title":{"rendered":"Servidores p\u00fablicos municipais ter\u00e3o hor\u00e1rio especial de expediente em jogos da Sele\u00e7\u00e3o Feminina na Copa do Mundo"},"content":{"rendered":"<div>A Prefeitura da Est\u00e2ncia Tur\u00edstica de Barretos ter\u00e1 ponto facultativo em jogos da Sele\u00e7\u00e3o Feminina de Futebol durante a Copa do Mundo, que est\u00e1 sendo realizada na Austr\u00e1lia e Nova Zel\u00e2ndia, com estreia da equipe brasileira no dia 24, segunda-feira, \u00e0s 8h.<\/div>\n<div><\/div>\n<div>A medida foi definida por meio do Decreto n\u00b0 11.755, que determina hor\u00e1rio especial de expediente aos servidores p\u00fablicos municipais. Para jogos com in\u00edcio at\u00e9 \u00e0s 7h30, o expediente ser\u00e1 iniciado \u00e0s 11h e em dias de jogos \u00e0s 8h, \u00e0s 12h.<\/div>\n<div><\/div>\n<div>\n<div><b>Servi\u00e7os essenciais e Secretaria da Sa\u00fade n\u00e3o param<\/b><\/div>\n<\/div>\n<div>\n<div><\/div>\n<div>O decreto, por\u00e9m, n\u00e3o se aplica aos servi\u00e7os essenciais \u00e0 popula\u00e7\u00e3o e as atividades da Secretaria Municipal de Sa\u00fade ter\u00e3o expediente normal.<\/div>\n<div><\/div>\n<div>O secret\u00e1rio da pasta Mussa Calil informou que somente para segunda-feira, dia 24, existem mais 1.000 atendimentos previamente agendados, como consultas, exames e demais procedimentos, e que qualquer mudan\u00e7a no expediente nas unidades da Rede Municipal de Sa\u00fade causaria preju\u00edzo \u00e0 popula\u00e7\u00e3o.<\/div>\n<div><\/div>\n<div><b>Secretaria da Educa\u00e7\u00e3o mant\u00e9m atividades planejadas para o dia 24<\/b><\/div>\n<div><\/div>\n<div>Em raz\u00e3o do retorno do recesso escolar marcado para o dia 25, a Secret\u00e1ria Municipal de Educa\u00e7\u00e3o J\u00e9ssica Santos, informou que as atividades na Rede Municipal de Ensino seguir\u00e3o as agendas programadas para o dia 24, data em que as escolas estar\u00e3o sendo reabastecidas com alimentos para a merenda e os educadores estar\u00e3o reunidos em uma atividade de planejamento que envolve, inclusive, a participa\u00e7\u00e3o de palestrante convidado. Quanto ao jogo do dia 2 de agosto, a secret\u00e1ria afirmou que ir\u00e1 avaliar.<\/div>\n<div><\/div>\n<div>O Brasil estreia na pr\u00f3xima segunda-feira (24), \u00e0s 8h, contra o Panam\u00e1. A sele\u00e7\u00e3o brasileira tem, ainda, mais dois confrontos confirmados na primeira fase: no s\u00e1bado (29), \u00e0s 7h, contra a Fran\u00e7a; e no dia 2 de agosto, tamb\u00e9m \u00e0s 7h, contra a Jamaica.<\/div>\n<\/div>\n<div><\/div>\n<div>LEIA MAIS<\/div>\n<div><a href=\"https:\/\/redenoticiaz.com.br\/barretos-regiao\/sp\/2023\/07\/24\/selecao-brasileira-feminina-estreia-na-copa-do-mundo-com-goleada-sobre-o-panama\">Sele\u00e7\u00e3o Brasileira feminina estreia na Copa do Mundo com goleada sobre o Panam\u00e1<\/a><\/div>\n","protected":false},"excerpt":{"rendered":"<p>A Prefeitura da Est\u00e2ncia Tur\u00edstica de Barretos ter\u00e1 ponto facultativo em jogos da Sele\u00e7\u00e3o Feminina de Futebol durante a Copa do Mundo, que est\u00e1 sendo realizada na Austr\u00e1lia e Nova Zel\u00e2ndia, com estreia da equipe brasileira no dia 24, segunda-feira, \u00e0s 8h. A medida foi definida por meio do Decreto n\u00b0 11.755, que determina hor\u00e1rio &hellip;<\/p>\n","protected":false},"author":30,"featured_media":108544,"comment_status":"open","ping_status":"closed","sticky":false,"template":"","format":"standard","meta":{"footnotes":""},"categories":[1],"tags":[3693,15060,22306],"class_list":["post-108543","post","type-post","status-publish","format-standard","has-post-thumbnail","hentry","category-cidades","tag-atendimento","tag-horario","tag-servico-publico"],"yoast_head":"<!-- This site is optimized with the Yoast SEO plugin v27.4 - https:\/\/yoast.com\/product\/yoast-seo-wordpress\/ -->\n<title>Servidores p\u00fablicos municipais ter\u00e3o hor\u00e1rio especial de expediente em jogos da Sele\u00e7\u00e3o Feminina na Copa do Mundo - Ribeir\u00e3o Preto e Regi\u00e3o<\/title>\n<meta name=\"description\" content=\"Barretos ter\u00e1 ponto facultativo em jogos da Sele\u00e7\u00e3o Feminina de Futebol durante a Copa do Mundo, que est\u00e1 sendo realizada na Austr\u00e1lia...\" \/>\n<meta name=\"robots\" content=\"index, follow, max-snippet:-1, max-image-preview:large, max-video-preview:-1\" \/>\n<link rel=\"canonical\" href=\"https:\/\/redenoticiaz.com.br\/ribeiraopreto-regiao\/sp\/2023\/07\/24\/servidores-publicos-municipais-terao-horario-especial-de-expediente-em-jogos-da-selecao-feminina-na-copa-do-mundo\" \/>\n<meta property=\"og:locale\" content=\"pt_BR\" \/>\n<meta property=\"og:type\" content=\"article\" \/>\n<meta property=\"og:title\" content=\"Servidores p\u00fablicos municipais ter\u00e3o hor\u00e1rio especial de expediente em jogos da Sele\u00e7\u00e3o Feminina na Copa do Mundo - Ribeir\u00e3o Preto e Regi\u00e3o\" \/>\n<meta property=\"og:description\" content=\"Barretos ter\u00e1 ponto facultativo em jogos da Sele\u00e7\u00e3o Feminina de Futebol durante a Copa do Mundo, que est\u00e1 sendo realizada na Austr\u00e1lia...\" \/>\n<meta property=\"og:url\" content=\"https:\/\/redenoticiaz.com.br\/ribeiraopreto-regiao\/sp\/2023\/07\/24\/servidores-publicos-municipais-terao-horario-especial-de-expediente-em-jogos-da-selecao-feminina-na-copa-do-mundo\" \/>\n<meta property=\"og:site_name\" content=\"Ribeir\u00e3o Preto e Regi\u00e3o\" \/>\n<meta property=\"article:publisher\" content=\"https:\/\/m.facebook.com\/redenoticiaz.barretos\" \/>\n<meta property=\"article:published_time\" content=\"2023-07-24T15:19:00+00:00\" \/>\n<meta property=\"og:image\" content=\"https:\/\/redenoticiaz.com.br\/ribeiraopreto-regiao\/wp-content\/uploads\/sites\/4\/2023\/07\/6cdd60ea0045eb7a6ec44c54d29ed402.jpeg\" \/>\n\t<meta property=\"og:image:width\" content=\"910\" \/>\n\t<meta property=\"og:image:height\" content=\"607\" \/>\n\t<meta property=\"og:image:type\" content=\"image\/jpeg\" \/>\n<meta name=\"author\" content=\"Carina Reifonas\" \/>\n<meta name=\"twitter:card\" content=\"summary_large_image\" \/>\n<meta name=\"twitter:creator\" content=\"@RN_barretos\" \/>\n<meta name=\"twitter:site\" content=\"@RN_barretos\" \/>\n<meta name=\"twitter:label1\" content=\"Escrito por\" \/>\n\t<meta name=\"twitter:data1\" content=\"Carina Reifonas\" \/>\n\t<meta name=\"twitter:label2\" content=\"Est. tempo de leitura\" \/>\n\t<meta name=\"twitter:data2\" content=\"2 minutos\" \/>\n<script type=\"application\/ld+json\" class=\"yoast-schema-graph\">{\"@context\":\"https:\\\/\\\/schema.org\",\"@graph\":[{\"@type\":\"Article\",\"@id\":\"https:\\\/\\\/redenoticiaz.com.br\\\/ribeiraopreto-regiao\\\/sp\\\/2023\\\/07\\\/24\\\/servidores-publicos-municipais-terao-horario-especial-de-expediente-em-jogos-da-selecao-feminina-na-copa-do-mundo#article\",\"isPartOf\":{\"@id\":\"https:\\\/\\\/redenoticiaz.com.br\\\/ribeiraopreto-regiao\\\/sp\\\/2023\\\/07\\\/24\\\/servidores-publicos-municipais-terao-horario-especial-de-expediente-em-jogos-da-selecao-feminina-na-copa-do-mundo\"},\"author\":{\"name\":\"Carina Reifonas\",\"@id\":\"https:\\\/\\\/redenoticiaz.com.br\\\/ribeiraopreto-regiao\\\/#\\\/schema\\\/person\\\/1f84d6e94e6a62d2d81199d7503e9e90\"},\"headline\":\"Servidores p\u00fablicos municipais ter\u00e3o hor\u00e1rio especial de expediente em jogos da Sele\u00e7\u00e3o Feminina na Copa do Mundo\",\"datePublished\":\"2023-07-24T15:19:00+00:00\",\"mainEntityOfPage\":{\"@id\":\"https:\\\/\\\/redenoticiaz.com.br\\\/ribeiraopreto-regiao\\\/sp\\\/2023\\\/07\\\/24\\\/servidores-publicos-municipais-terao-horario-especial-de-expediente-em-jogos-da-selecao-feminina-na-copa-do-mundo\"},\"wordCount\":353,\"commentCount\":0,\"publisher\":{\"@id\":\"https:\\\/\\\/redenoticiaz.com.br\\\/ribeiraopreto-regiao\\\/#organization\"},\"image\":{\"@id\":\"https:\\\/\\\/redenoticiaz.com.br\\\/ribeiraopreto-regiao\\\/sp\\\/2023\\\/07\\\/24\\\/servidores-publicos-municipais-terao-horario-especial-de-expediente-em-jogos-da-selecao-feminina-na-copa-do-mundo#primaryimage\"},\"thumbnailUrl\":\"https:\\\/\\\/redenoticiaz.com.br\\\/ribeiraopreto-regiao\\\/wp-content\\\/uploads\\\/sites\\\/4\\\/2023\\\/07\\\/6cdd60ea0045eb7a6ec44c54d29ed402.jpeg\",\"keywords\":[\"ATENDIMENTO\",\"HOR\u00c1RIO\",\"SERVI\u00c7O P\u00daBLICO\"],\"articleSection\":[\"Cidades\"],\"inLanguage\":\"pt-BR\",\"potentialAction\":[{\"@type\":\"CommentAction\",\"name\":\"Comment\",\"target\":[\"https:\\\/\\\/redenoticiaz.com.br\\\/ribeiraopreto-regiao\\\/sp\\\/2023\\\/07\\\/24\\\/servidores-publicos-municipais-terao-horario-especial-de-expediente-em-jogos-da-selecao-feminina-na-copa-do-mundo#respond\"]}]},{\"@type\":\"WebPage\",\"@id\":\"https:\\\/\\\/redenoticiaz.com.br\\\/ribeiraopreto-regiao\\\/sp\\\/2023\\\/07\\\/24\\\/servidores-publicos-municipais-terao-horario-especial-de-expediente-em-jogos-da-selecao-feminina-na-copa-do-mundo\",\"url\":\"https:\\\/\\\/redenoticiaz.com.br\\\/ribeiraopreto-regiao\\\/sp\\\/2023\\\/07\\\/24\\\/servidores-publicos-municipais-terao-horario-especial-de-expediente-em-jogos-da-selecao-feminina-na-copa-do-mundo\",\"name\":\"Servidores p\u00fablicos municipais ter\u00e3o hor\u00e1rio especial de expediente em jogos da Sele\u00e7\u00e3o Feminina na Copa do Mundo - Ribeir\u00e3o Preto e Regi\u00e3o\",\"isPartOf\":{\"@id\":\"https:\\\/\\\/redenoticiaz.com.br\\\/ribeiraopreto-regiao\\\/#website\"},\"primaryImageOfPage\":{\"@id\":\"https:\\\/\\\/redenoticiaz.com.br\\\/ribeiraopreto-regiao\\\/sp\\\/2023\\\/07\\\/24\\\/servidores-publicos-municipais-terao-horario-especial-de-expediente-em-jogos-da-selecao-feminina-na-copa-do-mundo#primaryimage\"},\"image\":{\"@id\":\"https:\\\/\\\/redenoticiaz.com.br\\\/ribeiraopreto-regiao\\\/sp\\\/2023\\\/07\\\/24\\\/servidores-publicos-municipais-terao-horario-especial-de-expediente-em-jogos-da-selecao-feminina-na-copa-do-mundo#primaryimage\"},\"thumbnailUrl\":\"https:\\\/\\\/redenoticiaz.com.br\\\/ribeiraopreto-regiao\\\/wp-content\\\/uploads\\\/sites\\\/4\\\/2023\\\/07\\\/6cdd60ea0045eb7a6ec44c54d29ed402.jpeg\",\"datePublished\":\"2023-07-24T15:19:00+00:00\",\"description\":\"Barretos ter\u00e1 ponto facultativo em jogos da Sele\u00e7\u00e3o Feminina de Futebol durante a Copa do Mundo, que est\u00e1 sendo realizada na Austr\u00e1lia...\",\"inLanguage\":\"pt-BR\",\"potentialAction\":[{\"@type\":\"ReadAction\",\"target\":[\"https:\\\/\\\/redenoticiaz.com.br\\\/ribeiraopreto-regiao\\\/sp\\\/2023\\\/07\\\/24\\\/servidores-publicos-municipais-terao-horario-especial-de-expediente-em-jogos-da-selecao-feminina-na-copa-do-mundo\"]}]},{\"@type\":\"ImageObject\",\"inLanguage\":\"pt-BR\",\"@id\":\"https:\\\/\\\/redenoticiaz.com.br\\\/ribeiraopreto-regiao\\\/sp\\\/2023\\\/07\\\/24\\\/servidores-publicos-municipais-terao-horario-especial-de-expediente-em-jogos-da-selecao-feminina-na-copa-do-mundo#primaryimage\",\"url\":\"https:\\\/\\\/redenoticiaz.com.br\\\/ribeiraopreto-regiao\\\/wp-content\\\/uploads\\\/sites\\\/4\\\/2023\\\/07\\\/6cdd60ea0045eb7a6ec44c54d29ed402.jpeg\",\"contentUrl\":\"https:\\\/\\\/redenoticiaz.com.br\\\/ribeiraopreto-regiao\\\/wp-content\\\/uploads\\\/sites\\\/4\\\/2023\\\/07\\\/6cdd60ea0045eb7a6ec44c54d29ed402.jpeg\",\"width\":910,\"height\":607,\"caption\":\"Cr\u00e9dito: Divulga\u00e7\u00e3o\"},{\"@type\":\"WebSite\",\"@id\":\"https:\\\/\\\/redenoticiaz.com.br\\\/ribeiraopreto-regiao\\\/#website\",\"url\":\"https:\\\/\\\/redenoticiaz.com.br\\\/ribeiraopreto-regiao\\\/\",\"name\":\"Ribeir\u00e3o Preto e Regi\u00e3o\",\"description\":\"Rede NoticiaZ - Ribeir\u00e3o Preto e regi\u00e3o\",\"publisher\":{\"@id\":\"https:\\\/\\\/redenoticiaz.com.br\\\/ribeiraopreto-regiao\\\/#organization\"},\"potentialAction\":[{\"@type\":\"SearchAction\",\"target\":{\"@type\":\"EntryPoint\",\"urlTemplate\":\"https:\\\/\\\/redenoticiaz.com.br\\\/ribeiraopreto-regiao\\\/?s={search_term_string}\"},\"query-input\":{\"@type\":\"PropertyValueSpecification\",\"valueRequired\":true,\"valueName\":\"search_term_string\"}}],\"inLanguage\":\"pt-BR\"},{\"@type\":\"Organization\",\"@id\":\"https:\\\/\\\/redenoticiaz.com.br\\\/ribeiraopreto-regiao\\\/#organization\",\"name\":\"Ribeir\u00e3o Preto e Regi\u00e3o\",\"url\":\"https:\\\/\\\/redenoticiaz.com.br\\\/ribeiraopreto-regiao\\\/\",\"logo\":{\"@type\":\"ImageObject\",\"inLanguage\":\"pt-BR\",\"@id\":\"https:\\\/\\\/redenoticiaz.com.br\\\/ribeiraopreto-regiao\\\/#\\\/schema\\\/logo\\\/image\\\/\",\"url\":\"https:\\\/\\\/redenoticiaz.com.br\\\/barretos-regiao\\\/wp-content\\\/uploads\\\/sites\\\/4\\\/2022\\\/02\\\/logo.jpg\",\"contentUrl\":\"https:\\\/\\\/redenoticiaz.com.br\\\/barretos-regiao\\\/wp-content\\\/uploads\\\/sites\\\/4\\\/2022\\\/02\\\/logo.jpg\",\"width\":400,\"height\":250,\"caption\":\"Ribeir\u00e3o Preto e Regi\u00e3o\"},\"image\":{\"@id\":\"https:\\\/\\\/redenoticiaz.com.br\\\/ribeiraopreto-regiao\\\/#\\\/schema\\\/logo\\\/image\\\/\"},\"sameAs\":[\"https:\\\/\\\/m.facebook.com\\\/redenoticiaz.barretos\",\"https:\\\/\\\/x.com\\\/RN_barretos\",\"https:\\\/\\\/www.instagram.com\\\/redenoticiaz.barretos\\\/?igshid=YmMyMTA2M2Y\",\"https:\\\/\\\/www.linkedin.com\\\/company\\\/rede-noticiaz-barretos-e-regio\\\/\"]},{\"@type\":\"Person\",\"@id\":\"https:\\\/\\\/redenoticiaz.com.br\\\/ribeiraopreto-regiao\\\/#\\\/schema\\\/person\\\/1f84d6e94e6a62d2d81199d7503e9e90\",\"name\":\"Carina Reifonas\",\"image\":{\"@type\":\"ImageObject\",\"inLanguage\":\"pt-BR\",\"@id\":\"https:\\\/\\\/secure.gravatar.com\\\/avatar\\\/04c59859b23696cf867715880f81d5c037e60109730bdb4e6670ec2a2245bc97?s=96&d=mm&r=g\",\"url\":\"https:\\\/\\\/secure.gravatar.com\\\/avatar\\\/04c59859b23696cf867715880f81d5c037e60109730bdb4e6670ec2a2245bc97?s=96&d=mm&r=g\",\"contentUrl\":\"https:\\\/\\\/secure.gravatar.com\\\/avatar\\\/04c59859b23696cf867715880f81d5c037e60109730bdb4e6670ec2a2245bc97?s=96&d=mm&r=g\",\"caption\":\"Carina Reifonas\"},\"url\":\"https:\\\/\\\/redenoticiaz.com.br\\\/ribeiraopreto-regiao\\\/sp\\\/author\\\/carinareifonas\"}]}<\/script>\n<!-- \/ Yoast SEO plugin. -->","yoast_head_json":{"title":"Servidores p\u00fablicos municipais ter\u00e3o hor\u00e1rio especial de expediente em jogos da Sele\u00e7\u00e3o Feminina na Copa do Mundo - Ribeir\u00e3o Preto e Regi\u00e3o","description":"Barretos ter\u00e1 ponto facultativo em jogos da Sele\u00e7\u00e3o Feminina de Futebol durante a Copa do Mundo, que est\u00e1 sendo realizada na Austr\u00e1lia...","robots":{"index":"index","follow":"follow","max-snippet":"max-snippet:-1","max-image-preview":"max-image-preview:large","max-video-preview":"max-video-preview:-1"},"canonical":"https:\/\/redenoticiaz.com.br\/ribeiraopreto-regiao\/sp\/2023\/07\/24\/servidores-publicos-municipais-terao-horario-especial-de-expediente-em-jogos-da-selecao-feminina-na-copa-do-mundo","og_locale":"pt_BR","og_type":"article","og_title":"Servidores p\u00fablicos municipais ter\u00e3o hor\u00e1rio especial de expediente em jogos da Sele\u00e7\u00e3o Feminina na Copa do Mundo - Ribeir\u00e3o Preto e Regi\u00e3o","og_description":"Barretos ter\u00e1 ponto facultativo em jogos da Sele\u00e7\u00e3o Feminina de Futebol durante a Copa do Mundo, que est\u00e1 sendo realizada na Austr\u00e1lia...","og_url":"https:\/\/redenoticiaz.com.br\/ribeiraopreto-regiao\/sp\/2023\/07\/24\/servidores-publicos-municipais-terao-horario-especial-de-expediente-em-jogos-da-selecao-feminina-na-copa-do-mundo","og_site_name":"Ribeir\u00e3o Preto e Regi\u00e3o","article_publisher":"https:\/\/m.facebook.com\/redenoticiaz.barretos","article_published_time":"2023-07-24T15:19:00+00:00","og_image":[{"width":910,"height":607,"url":"https:\/\/redenoticiaz.com.br\/ribeiraopreto-regiao\/wp-content\/uploads\/sites\/4\/2023\/07\/6cdd60ea0045eb7a6ec44c54d29ed402.jpeg","type":"image\/jpeg"}],"author":"Carina Reifonas","twitter_card":"summary_large_image","twitter_creator":"@RN_barretos","twitter_site":"@RN_barretos","twitter_misc":{"Escrito por":"Carina Reifonas","Est. tempo de leitura":"2 minutos"},"schema":{"@context":"https:\/\/schema.org","@graph":[{"@type":"Article","@id":"https:\/\/redenoticiaz.com.br\/ribeiraopreto-regiao\/sp\/2023\/07\/24\/servidores-publicos-municipais-terao-horario-especial-de-expediente-em-jogos-da-selecao-feminina-na-copa-do-mundo#article","isPartOf":{"@id":"https:\/\/redenoticiaz.com.br\/ribeiraopreto-regiao\/sp\/2023\/07\/24\/servidores-publicos-municipais-terao-horario-especial-de-expediente-em-jogos-da-selecao-feminina-na-copa-do-mundo"},"author":{"name":"Carina Reifonas","@id":"https:\/\/redenoticiaz.com.br\/ribeiraopreto-regiao\/#\/schema\/person\/1f84d6e94e6a62d2d81199d7503e9e90"},"headline":"Servidores p\u00fablicos municipais ter\u00e3o hor\u00e1rio especial de expediente em jogos da Sele\u00e7\u00e3o Feminina na Copa do Mundo","datePublished":"2023-07-24T15:19:00+00:00","mainEntityOfPage":{"@id":"https:\/\/redenoticiaz.com.br\/ribeiraopreto-regiao\/sp\/2023\/07\/24\/servidores-publicos-municipais-terao-horario-especial-de-expediente-em-jogos-da-selecao-feminina-na-copa-do-mundo"},"wordCount":353,"commentCount":0,"publisher":{"@id":"https:\/\/redenoticiaz.com.br\/ribeiraopreto-regiao\/#organization"},"image":{"@id":"https:\/\/redenoticiaz.com.br\/ribeiraopreto-regiao\/sp\/2023\/07\/24\/servidores-publicos-municipais-terao-horario-especial-de-expediente-em-jogos-da-selecao-feminina-na-copa-do-mundo#primaryimage"},"thumbnailUrl":"https:\/\/redenoticiaz.com.br\/ribeiraopreto-regiao\/wp-content\/uploads\/sites\/4\/2023\/07\/6cdd60ea0045eb7a6ec44c54d29ed402.jpeg","keywords":["ATENDIMENTO","HOR\u00c1RIO","SERVI\u00c7O P\u00daBLICO"],"articleSection":["Cidades"],"inLanguage":"pt-BR","potentialAction":[{"@type":"CommentAction","name":"Comment","target":["https:\/\/redenoticiaz.com.br\/ribeiraopreto-regiao\/sp\/2023\/07\/24\/servidores-publicos-municipais-terao-horario-especial-de-expediente-em-jogos-da-selecao-feminina-na-copa-do-mundo#respond"]}]},{"@type":"WebPage","@id":"https:\/\/redenoticiaz.com.br\/ribeiraopreto-regiao\/sp\/2023\/07\/24\/servidores-publicos-municipais-terao-horario-especial-de-expediente-em-jogos-da-selecao-feminina-na-copa-do-mundo","url":"https:\/\/redenoticiaz.com.br\/ribeiraopreto-regiao\/sp\/2023\/07\/24\/servidores-publicos-municipais-terao-horario-especial-de-expediente-em-jogos-da-selecao-feminina-na-copa-do-mundo","name":"Servidores p\u00fablicos municipais ter\u00e3o hor\u00e1rio especial de expediente em jogos da Sele\u00e7\u00e3o Feminina na Copa do Mundo - Ribeir\u00e3o Preto e Regi\u00e3o","isPartOf":{"@id":"https:\/\/redenoticiaz.com.br\/ribeiraopreto-regiao\/#website"},"primaryImageOfPage":{"@id":"https:\/\/redenoticiaz.com.br\/ribeiraopreto-regiao\/sp\/2023\/07\/24\/servidores-publicos-municipais-terao-horario-especial-de-expediente-em-jogos-da-selecao-feminina-na-copa-do-mundo#primaryimage"},"image":{"@id":"https:\/\/redenoticiaz.com.br\/ribeiraopreto-regiao\/sp\/2023\/07\/24\/servidores-publicos-municipais-terao-horario-especial-de-expediente-em-jogos-da-selecao-feminina-na-copa-do-mundo#primaryimage"},"thumbnailUrl":"https:\/\/redenoticiaz.com.br\/ribeiraopreto-regiao\/wp-content\/uploads\/sites\/4\/2023\/07\/6cdd60ea0045eb7a6ec44c54d29ed402.jpeg","datePublished":"2023-07-24T15:19:00+00:00","description":"Barretos ter\u00e1 ponto facultativo em jogos da Sele\u00e7\u00e3o Feminina de Futebol durante a Copa do Mundo, que est\u00e1 sendo realizada na Austr\u00e1lia...","inLanguage":"pt-BR","potentialAction":[{"@type":"ReadAction","target":["https:\/\/redenoticiaz.com.br\/ribeiraopreto-regiao\/sp\/2023\/07\/24\/servidores-publicos-municipais-terao-horario-especial-de-expediente-em-jogos-da-selecao-feminina-na-copa-do-mundo"]}]},{"@type":"ImageObject","inLanguage":"pt-BR","@id":"https:\/\/redenoticiaz.com.br\/ribeiraopreto-regiao\/sp\/2023\/07\/24\/servidores-publicos-municipais-terao-horario-especial-de-expediente-em-jogos-da-selecao-feminina-na-copa-do-mundo#primaryimage","url":"https:\/\/redenoticiaz.com.br\/ribeiraopreto-regiao\/wp-content\/uploads\/sites\/4\/2023\/07\/6cdd60ea0045eb7a6ec44c54d29ed402.jpeg","contentUrl":"https:\/\/redenoticiaz.com.br\/ribeiraopreto-regiao\/wp-content\/uploads\/sites\/4\/2023\/07\/6cdd60ea0045eb7a6ec44c54d29ed402.jpeg","width":910,"height":607,"caption":"Cr\u00e9dito: Divulga\u00e7\u00e3o"},{"@type":"WebSite","@id":"https:\/\/redenoticiaz.com.br\/ribeiraopreto-regiao\/#website","url":"https:\/\/redenoticiaz.com.br\/ribeiraopreto-regiao\/","name":"Ribeir\u00e3o Preto e Regi\u00e3o","description":"Rede NoticiaZ - Ribeir\u00e3o Preto e regi\u00e3o","publisher":{"@id":"https:\/\/redenoticiaz.com.br\/ribeiraopreto-regiao\/#organization"},"potentialAction":[{"@type":"SearchAction","target":{"@type":"EntryPoint","urlTemplate":"https:\/\/redenoticiaz.com.br\/ribeiraopreto-regiao\/?s={search_term_string}"},"query-input":{"@type":"PropertyValueSpecification","valueRequired":true,"valueName":"search_term_string"}}],"inLanguage":"pt-BR"},{"@type":"Organization","@id":"https:\/\/redenoticiaz.com.br\/ribeiraopreto-regiao\/#organization","name":"Ribeir\u00e3o Preto e Regi\u00e3o","url":"https:\/\/redenoticiaz.com.br\/ribeiraopreto-regiao\/","logo":{"@type":"ImageObject","inLanguage":"pt-BR","@id":"https:\/\/redenoticiaz.com.br\/ribeiraopreto-regiao\/#\/schema\/logo\/image\/","url":"https:\/\/redenoticiaz.com.br\/barretos-regiao\/wp-content\/uploads\/sites\/4\/2022\/02\/logo.jpg","contentUrl":"https:\/\/redenoticiaz.com.br\/barretos-regiao\/wp-content\/uploads\/sites\/4\/2022\/02\/logo.jpg","width":400,"height":250,"caption":"Ribeir\u00e3o Preto e Regi\u00e3o"},"image":{"@id":"https:\/\/redenoticiaz.com.br\/ribeiraopreto-regiao\/#\/schema\/logo\/image\/"},"sameAs":["https:\/\/m.facebook.com\/redenoticiaz.barretos","https:\/\/x.com\/RN_barretos","https:\/\/www.instagram.com\/redenoticiaz.barretos\/?igshid=YmMyMTA2M2Y","https:\/\/www.linkedin.com\/company\/rede-noticiaz-barretos-e-regio\/"]},{"@type":"Person","@id":"https:\/\/redenoticiaz.com.br\/ribeiraopreto-regiao\/#\/schema\/person\/1f84d6e94e6a62d2d81199d7503e9e90","name":"Carina Reifonas","image":{"@type":"ImageObject","inLanguage":"pt-BR","@id":"https:\/\/secure.gravatar.com\/avatar\/04c59859b23696cf867715880f81d5c037e60109730bdb4e6670ec2a2245bc97?s=96&d=mm&r=g","url":"https:\/\/secure.gravatar.com\/avatar\/04c59859b23696cf867715880f81d5c037e60109730bdb4e6670ec2a2245bc97?s=96&d=mm&r=g","contentUrl":"https:\/\/secure.gravatar.com\/avatar\/04c59859b23696cf867715880f81d5c037e60109730bdb4e6670ec2a2245bc97?s=96&d=mm&r=g","caption":"Carina Reifonas"},"url":"https:\/\/redenoticiaz.com.br\/ribeiraopreto-regiao\/sp\/author\/carinareifonas"}]}},"_links":{"self":[{"href":"https:\/\/redenoticiaz.com.br\/ribeiraopreto-regiao\/wp-json\/wp\/v2\/posts\/108543","targetHints":{"allow":["GET"]}}],"collection":[{"href":"https:\/\/redenoticiaz.com.br\/ribeiraopreto-regiao\/wp-json\/wp\/v2\/posts"}],"about":[{"href":"https:\/\/redenoticiaz.com.br\/ribeiraopreto-regiao\/wp-json\/wp\/v2\/types\/post"}],"author":[{"embeddable":true,"href":"https:\/\/redenoticiaz.com.br\/ribeiraopreto-regiao\/wp-json\/wp\/v2\/users\/30"}],"replies":[{"embeddable":true,"href":"https:\/\/redenoticiaz.com.br\/ribeiraopreto-regiao\/wp-json\/wp\/v2\/comments?post=108543"}],"version-history":[{"count":1,"href":"https:\/\/redenoticiaz.com.br\/ribeiraopreto-regiao\/wp-json\/wp\/v2\/posts\/108543\/revisions"}],"predecessor-version":[{"id":108545,"href":"https:\/\/redenoticiaz.com.br\/ribeiraopreto-regiao\/wp-json\/wp\/v2\/posts\/108543\/revisions\/108545"}],"wp:featuredmedia":[{"embeddable":true,"href":"https:\/\/redenoticiaz.com.br\/ribeiraopreto-regiao\/wp-json\/wp\/v2\/media\/108544"}],"wp:attachment":[{"href":"https:\/\/redenoticiaz.com.br\/ribeiraopreto-regiao\/wp-json\/wp\/v2\/media?parent=108543"}],"wp:term":[{"taxonomy":"category","embeddable":true,"href":"https:\/\/redenoticiaz.com.br\/ribeiraopreto-regiao\/wp-json\/wp\/v2\/categories?post=108543"},{"taxonomy":"post_tag","embeddable":true,"href":"https:\/\/redenoticiaz.com.br\/ribeiraopreto-regiao\/wp-json\/wp\/v2\/tags?post=108543"}],"curies":[{"name":"wp","href":"https:\/\/api.w.org\/{rel}","templated":true}]}}