{"id":108670,"date":"2023-07-26T15:52:09","date_gmt":"2023-07-26T18:52:09","guid":{"rendered":"https:\/\/redenoticiaz.com.br\/barretos-regiao\/sp\/2023\/07\/26\/video-mc-pipokinha-tira-a-calcinha-em-balada-durante-show"},"modified":"2023-07-26T15:54:57","modified_gmt":"2023-07-26T18:54:57","slug":"video-mc-pipokinha-tira-a-calcinha-em-balada-durante-show","status":"publish","type":"post","link":"https:\/\/redenoticiaz.com.br\/ribeiraopreto-regiao\/sp\/2023\/07\/26\/video-mc-pipokinha-tira-a-calcinha-em-balada-durante-show","title":{"rendered":"V\u00cdDEO \u2013 MC Pipokinha tira a calcinha em balada durante show"},"content":{"rendered":"<div>MC Pipokinha decidiu tirar a sua calcinha em uma balada durante um show em que divulgava a sua nova m\u00fasica de trabalho.<\/div>\n<div><\/div>\n<div>De acordo com as informa\u00e7\u00f5es, ela estava em uma boate na barra da tijuca, na zona oeste do rio e protagonizou cenas quentes com o rapper PK Delas.<\/div>\n<div><\/div>\n<div>Pipokinha e PD Delas est\u00e3o divulgando a m\u00fasica &#8220;Vou Botar pra Descer&#8221;, em parceria com Caio Passos.<\/div>\n<h2>Sexo Oral<\/h2>\n<div><\/div>\n<div>\n<p>Sendo assim, no inicio deste ano a MC estava fazendo seu show normalmente quando chama uma f\u00e3 no palco e em dado momento as mulheres come\u00e7am a pr\u00e1tica.<\/p>\n<div class=\"wp-playlist wp-video-playlist wp-playlist-light\">\n\t\t<video controls=\"controls\" preload=\"none\" width=\"640\"\n\t\t height=\"640\"\t><\/video>\n\t<div class=\"wp-playlist-next\"><\/div>\n\t<div class=\"wp-playlist-prev\"><\/div>\n\t<noscript>\n\t<ol>\n\t\t<li><a href='https:\/\/redenoticiaz.com.br\/ribeiraopreto-regiao\/wp-content\/uploads\/sites\/4\/2023\/03\/WhatsApp-Video-2023-03-09-at-12.22.06.mp4'>V\u00cdDEO - MC Pipokinha recebe sexo oral de f\u00e3 durante show<\/a><\/li>\t<\/ol>\n\t<\/noscript>\n\t<script type=\"application\/json\" class=\"wp-playlist-script\">{\"type\":\"video\",\"tracklist\":true,\"tracknumbers\":true,\"images\":true,\"artists\":true,\"tracks\":[{\"src\":\"https:\/\/redenoticiaz.com.br\/ribeiraopreto-regiao\/wp-content\/uploads\/sites\/4\/2023\/03\/WhatsApp-Video-2023-03-09-at-12.22.06.mp4\",\"type\":\"video\/mp4\",\"title\":\"V\\u00cdDEO - MC Pipokinha recebe sexo oral de f\\u00e3 durante show\",\"caption\":\"V\\u00cdDEO - MC Pipokinha recebe sexo oral de f\\u00e3 durante show\",\"description\":\"V\\u00cdDEO - MC Pipokinha recebe sexo oral de f\\u00e3 durante show\",\"meta\":{\"length_formatted\":\"0:24\"},\"dimensions\":{\"original\":{\"width\":720,\"height\":720},\"resized\":{\"width\":640,\"height\":640}},\"image\":{\"src\":\"https:\/\/redenoticiaz.com.br\/ribeiraopreto-regiao\/wp-includes\/images\/media\/video.svg\",\"width\":48,\"height\":64},\"thumb\":{\"src\":\"https:\/\/redenoticiaz.com.br\/ribeiraopreto-regiao\/wp-includes\/images\/media\/video.svg\",\"width\":48,\"height\":64}}]}<\/script>\n<\/div>\n\t\n<p>Ainda de acordo com as informa\u00e7\u00f5es, em poucos segundos a mo\u00e7a ficam sem roupa e percebendo que Pipokinha j\u00e1 estava no ch\u00e3o, levanta seu vestido e passa a praticar sexo oral.<\/p>\n<\/div>\n<div><\/div>\n<div class=\"texto\"><a href=\"https:\/\/redenoticiaz.com.br\/blog\/2023\/05\/29\/video-mc-pipokinha-tira-a-calca-dentro-de-cabine-de-aviao\">V\u00cdDEO \u2013 MC Pipokinha tira a cal\u00e7a dentro de cabine de avi\u00e3o<\/a><\/div>\n<div><a href=\"https:\/\/redenoticiaz.com.br\/blog\/2023\/05\/15\/video-imagens-de-sexo-oral-de-mc-pipokinha-viralizam-nos-estados-unidos\">V\u00cdDEO \u2013 Imagens de sexo oral de MC Pipokinha viralizam nos Estados Unidos<\/a><\/div>\n<div class=\"texto\">\n<div class=\"gallery__image-view\" data-gtm-vis-recent-on-screen-31427249_153=\"5185\" data-gtm-vis-first-on-screen-31427249_153=\"5185\" data-gtm-vis-total-visible-time-31427249_153=\"100\" data-gtm-vis-has-fired-31427249_153=\"1\">\n<div class=\"wrapper-section\">\n<div class=\"truvidPos\"><\/div>\n<header class=\"name-section flex between align-center\"><\/header>\n<\/div>\n<\/div>\n<\/div>\n","protected":false},"excerpt":{"rendered":"<p>MC Pipokinha decidiu tirar a sua calcinha em uma balada durante um show em que divulgava a sua nova m\u00fasica de trabalho. De acordo com as informa\u00e7\u00f5es, ela estava em uma boate na barra da tijuca, na zona oeste do rio e protagonizou cenas quentes com o rapper PK Delas. Pipokinha e PD Delas est\u00e3o &hellip;<\/p>\n","protected":false},"author":12,"featured_media":108671,"comment_status":"open","ping_status":"closed","sticky":false,"template":"","format":"standard","meta":{"footnotes":""},"categories":[22062,134],"tags":[28232,25544,17345,28233,1773,24309],"class_list":["post-108670","post","type-post","status-publish","format-standard","has-post-thumbnail","hentry","category-celebridades","category-entretenimento","tag-caio-passos","tag-mc-pipokinha","tag-nova-musica","tag-pd-delas","tag-rio-de-janeiro","tag-sexo-oral"],"yoast_head":"<!-- This site is optimized with the Yoast SEO plugin v27.4 - https:\/\/yoast.com\/product\/yoast-seo-wordpress\/ -->\n<title>V\u00cdDEO \u2013 MC Pipokinha tira a calcinha em balada durante show - Ribeir\u00e3o Preto e Regi\u00e3o<\/title>\n<meta name=\"description\" content=\"MC Pipokinha decidiu tirar a sua calcinha em uma balada durante um show em que divulgava a sua nova m\u00fasica de trabalho.\" \/>\n<meta name=\"robots\" content=\"index, follow, max-snippet:-1, max-image-preview:large, max-video-preview:-1\" \/>\n<link rel=\"canonical\" href=\"https:\/\/redenoticiaz.com.br\/ribeiraopreto-regiao\/sp\/2023\/07\/26\/video-mc-pipokinha-tira-a-calcinha-em-balada-durante-show\" \/>\n<meta property=\"og:locale\" content=\"pt_BR\" \/>\n<meta property=\"og:type\" content=\"article\" \/>\n<meta property=\"og:title\" content=\"V\u00cdDEO \u2013 MC Pipokinha tira a calcinha em balada durante show - Ribeir\u00e3o Preto e Regi\u00e3o\" \/>\n<meta property=\"og:description\" content=\"MC Pipokinha decidiu tirar a sua calcinha em uma balada durante um show em que divulgava a sua nova m\u00fasica de trabalho.\" \/>\n<meta property=\"og:url\" content=\"https:\/\/redenoticiaz.com.br\/ribeiraopreto-regiao\/sp\/2023\/07\/26\/video-mc-pipokinha-tira-a-calcinha-em-balada-durante-show\" \/>\n<meta property=\"og:site_name\" content=\"Ribeir\u00e3o Preto e Regi\u00e3o\" \/>\n<meta property=\"article:publisher\" content=\"https:\/\/m.facebook.com\/redenoticiaz.barretos\" \/>\n<meta property=\"article:published_time\" content=\"2023-07-26T18:52:09+00:00\" \/>\n<meta property=\"article:modified_time\" content=\"2023-07-26T18:54:57+00:00\" \/>\n<meta property=\"og:image\" content=\"https:\/\/redenoticiaz.com.br\/ribeiraopreto-regiao\/wp-content\/uploads\/sites\/4\/2023\/07\/1_pk_delas___pipoca___9_-29774732.jpg?v=1690397437\" \/>\n\t<meta property=\"og:image:width\" content=\"1200\" \/>\n\t<meta property=\"og:image:height\" content=\"750\" \/>\n\t<meta property=\"og:image:type\" content=\"image\/jpeg\" \/>\n<meta name=\"author\" content=\"Gustavo Silva\" \/>\n<meta name=\"twitter:card\" content=\"summary_large_image\" \/>\n<meta name=\"twitter:creator\" content=\"@RN_barretos\" \/>\n<meta name=\"twitter:site\" content=\"@RN_barretos\" \/>\n<meta name=\"twitter:label1\" content=\"Escrito por\" \/>\n\t<meta name=\"twitter:data1\" content=\"Gustavo Silva\" \/>\n\t<meta name=\"twitter:label2\" content=\"Est. tempo de leitura\" \/>\n\t<meta name=\"twitter:data2\" content=\"1 minuto\" \/>\n<script type=\"application\/ld+json\" class=\"yoast-schema-graph\">{\"@context\":\"https:\\\/\\\/schema.org\",\"@graph\":[{\"@type\":\"Article\",\"@id\":\"https:\\\/\\\/redenoticiaz.com.br\\\/ribeiraopreto-regiao\\\/sp\\\/2023\\\/07\\\/26\\\/video-mc-pipokinha-tira-a-calcinha-em-balada-durante-show#article\",\"isPartOf\":{\"@id\":\"https:\\\/\\\/redenoticiaz.com.br\\\/ribeiraopreto-regiao\\\/sp\\\/2023\\\/07\\\/26\\\/video-mc-pipokinha-tira-a-calcinha-em-balada-durante-show\"},\"author\":{\"name\":\"Gustavo Silva\",\"@id\":\"https:\\\/\\\/redenoticiaz.com.br\\\/ribeiraopreto-regiao\\\/#\\\/schema\\\/person\\\/16057b37a3c0ee6b096d7f887c566e2e\"},\"headline\":\"V\u00cdDEO \u2013 MC Pipokinha tira a calcinha em balada durante show\",\"datePublished\":\"2023-07-26T18:52:09+00:00\",\"dateModified\":\"2023-07-26T18:54:57+00:00\",\"mainEntityOfPage\":{\"@id\":\"https:\\\/\\\/redenoticiaz.com.br\\\/ribeiraopreto-regiao\\\/sp\\\/2023\\\/07\\\/26\\\/video-mc-pipokinha-tira-a-calcinha-em-balada-durante-show\"},\"wordCount\":179,\"commentCount\":0,\"publisher\":{\"@id\":\"https:\\\/\\\/redenoticiaz.com.br\\\/ribeiraopreto-regiao\\\/#organization\"},\"image\":{\"@id\":\"https:\\\/\\\/redenoticiaz.com.br\\\/ribeiraopreto-regiao\\\/sp\\\/2023\\\/07\\\/26\\\/video-mc-pipokinha-tira-a-calcinha-em-balada-durante-show#primaryimage\"},\"thumbnailUrl\":\"https:\\\/\\\/redenoticiaz.com.br\\\/ribeiraopreto-regiao\\\/wp-content\\\/uploads\\\/sites\\\/4\\\/2023\\\/07\\\/1_pk_delas___pipoca___9_-29774732.jpg?v=1690397437\",\"keywords\":[\"Caio Passos\",\"MC Pipokinha\",\"NOVA M\u00daSICA\",\"PD Delas\",\"Rio de Janeiro\",\"sexo oral\"],\"articleSection\":[\"Celebridades\",\"Entretenimento\"],\"inLanguage\":\"pt-BR\",\"potentialAction\":[{\"@type\":\"CommentAction\",\"name\":\"Comment\",\"target\":[\"https:\\\/\\\/redenoticiaz.com.br\\\/ribeiraopreto-regiao\\\/sp\\\/2023\\\/07\\\/26\\\/video-mc-pipokinha-tira-a-calcinha-em-balada-durante-show#respond\"]}]},{\"@type\":\"WebPage\",\"@id\":\"https:\\\/\\\/redenoticiaz.com.br\\\/ribeiraopreto-regiao\\\/sp\\\/2023\\\/07\\\/26\\\/video-mc-pipokinha-tira-a-calcinha-em-balada-durante-show\",\"url\":\"https:\\\/\\\/redenoticiaz.com.br\\\/ribeiraopreto-regiao\\\/sp\\\/2023\\\/07\\\/26\\\/video-mc-pipokinha-tira-a-calcinha-em-balada-durante-show\",\"name\":\"V\u00cdDEO \u2013 MC Pipokinha tira a calcinha em balada durante show - Ribeir\u00e3o Preto e Regi\u00e3o\",\"isPartOf\":{\"@id\":\"https:\\\/\\\/redenoticiaz.com.br\\\/ribeiraopreto-regiao\\\/#website\"},\"primaryImageOfPage\":{\"@id\":\"https:\\\/\\\/redenoticiaz.com.br\\\/ribeiraopreto-regiao\\\/sp\\\/2023\\\/07\\\/26\\\/video-mc-pipokinha-tira-a-calcinha-em-balada-durante-show#primaryimage\"},\"image\":{\"@id\":\"https:\\\/\\\/redenoticiaz.com.br\\\/ribeiraopreto-regiao\\\/sp\\\/2023\\\/07\\\/26\\\/video-mc-pipokinha-tira-a-calcinha-em-balada-durante-show#primaryimage\"},\"thumbnailUrl\":\"https:\\\/\\\/redenoticiaz.com.br\\\/ribeiraopreto-regiao\\\/wp-content\\\/uploads\\\/sites\\\/4\\\/2023\\\/07\\\/1_pk_delas___pipoca___9_-29774732.jpg?v=1690397437\",\"datePublished\":\"2023-07-26T18:52:09+00:00\",\"dateModified\":\"2023-07-26T18:54:57+00:00\",\"description\":\"MC Pipokinha decidiu tirar a sua calcinha em uma balada durante um show em que divulgava a sua nova m\u00fasica de trabalho.\",\"inLanguage\":\"pt-BR\",\"potentialAction\":[{\"@type\":\"ReadAction\",\"target\":[\"https:\\\/\\\/redenoticiaz.com.br\\\/ribeiraopreto-regiao\\\/sp\\\/2023\\\/07\\\/26\\\/video-mc-pipokinha-tira-a-calcinha-em-balada-durante-show\"]}]},{\"@type\":\"ImageObject\",\"inLanguage\":\"pt-BR\",\"@id\":\"https:\\\/\\\/redenoticiaz.com.br\\\/ribeiraopreto-regiao\\\/sp\\\/2023\\\/07\\\/26\\\/video-mc-pipokinha-tira-a-calcinha-em-balada-durante-show#primaryimage\",\"url\":\"https:\\\/\\\/redenoticiaz.com.br\\\/ribeiraopreto-regiao\\\/wp-content\\\/uploads\\\/sites\\\/4\\\/2023\\\/07\\\/1_pk_delas___pipoca___9_-29774732.jpg?v=1690397437\",\"contentUrl\":\"https:\\\/\\\/redenoticiaz.com.br\\\/ribeiraopreto-regiao\\\/wp-content\\\/uploads\\\/sites\\\/4\\\/2023\\\/07\\\/1_pk_delas___pipoca___9_-29774732.jpg?v=1690397437\",\"width\":1200,\"height\":750,\"caption\":\"V\u00cdDEO - MC Pipokinha tira a calcinha em balada durante show\"},{\"@type\":\"WebSite\",\"@id\":\"https:\\\/\\\/redenoticiaz.com.br\\\/ribeiraopreto-regiao\\\/#website\",\"url\":\"https:\\\/\\\/redenoticiaz.com.br\\\/ribeiraopreto-regiao\\\/\",\"name\":\"Ribeir\u00e3o Preto e Regi\u00e3o\",\"description\":\"Rede NoticiaZ - Ribeir\u00e3o Preto e regi\u00e3o\",\"publisher\":{\"@id\":\"https:\\\/\\\/redenoticiaz.com.br\\\/ribeiraopreto-regiao\\\/#organization\"},\"potentialAction\":[{\"@type\":\"SearchAction\",\"target\":{\"@type\":\"EntryPoint\",\"urlTemplate\":\"https:\\\/\\\/redenoticiaz.com.br\\\/ribeiraopreto-regiao\\\/?s={search_term_string}\"},\"query-input\":{\"@type\":\"PropertyValueSpecification\",\"valueRequired\":true,\"valueName\":\"search_term_string\"}}],\"inLanguage\":\"pt-BR\"},{\"@type\":\"Organization\",\"@id\":\"https:\\\/\\\/redenoticiaz.com.br\\\/ribeiraopreto-regiao\\\/#organization\",\"name\":\"Ribeir\u00e3o Preto e Regi\u00e3o\",\"url\":\"https:\\\/\\\/redenoticiaz.com.br\\\/ribeiraopreto-regiao\\\/\",\"logo\":{\"@type\":\"ImageObject\",\"inLanguage\":\"pt-BR\",\"@id\":\"https:\\\/\\\/redenoticiaz.com.br\\\/ribeiraopreto-regiao\\\/#\\\/schema\\\/logo\\\/image\\\/\",\"url\":\"https:\\\/\\\/redenoticiaz.com.br\\\/barretos-regiao\\\/wp-content\\\/uploads\\\/sites\\\/4\\\/2022\\\/02\\\/logo.jpg\",\"contentUrl\":\"https:\\\/\\\/redenoticiaz.com.br\\\/barretos-regiao\\\/wp-content\\\/uploads\\\/sites\\\/4\\\/2022\\\/02\\\/logo.jpg\",\"width\":400,\"height\":250,\"caption\":\"Ribeir\u00e3o Preto e Regi\u00e3o\"},\"image\":{\"@id\":\"https:\\\/\\\/redenoticiaz.com.br\\\/ribeiraopreto-regiao\\\/#\\\/schema\\\/logo\\\/image\\\/\"},\"sameAs\":[\"https:\\\/\\\/m.facebook.com\\\/redenoticiaz.barretos\",\"https:\\\/\\\/x.com\\\/RN_barretos\",\"https:\\\/\\\/www.instagram.com\\\/redenoticiaz.barretos\\\/?igshid=YmMyMTA2M2Y\",\"https:\\\/\\\/www.linkedin.com\\\/company\\\/rede-noticiaz-barretos-e-regio\\\/\"]},{\"@type\":\"Person\",\"@id\":\"https:\\\/\\\/redenoticiaz.com.br\\\/ribeiraopreto-regiao\\\/#\\\/schema\\\/person\\\/16057b37a3c0ee6b096d7f887c566e2e\",\"name\":\"Gustavo Silva\",\"image\":{\"@type\":\"ImageObject\",\"inLanguage\":\"pt-BR\",\"@id\":\"https:\\\/\\\/secure.gravatar.com\\\/avatar\\\/3ee4e82f93b26de0a7cf4ea5eb7893da637ed6bb0c9170c58065944c56e28a33?s=96&d=mm&r=g\",\"url\":\"https:\\\/\\\/secure.gravatar.com\\\/avatar\\\/3ee4e82f93b26de0a7cf4ea5eb7893da637ed6bb0c9170c58065944c56e28a33?s=96&d=mm&r=g\",\"contentUrl\":\"https:\\\/\\\/secure.gravatar.com\\\/avatar\\\/3ee4e82f93b26de0a7cf4ea5eb7893da637ed6bb0c9170c58065944c56e28a33?s=96&d=mm&r=g\",\"caption\":\"Gustavo Silva\"},\"url\":\"https:\\\/\\\/redenoticiaz.com.br\\\/ribeiraopreto-regiao\\\/sp\\\/author\\\/gustavosilva\"}]}<\/script>\n<!-- \/ Yoast SEO plugin. -->","yoast_head_json":{"title":"V\u00cdDEO \u2013 MC Pipokinha tira a calcinha em balada durante show - Ribeir\u00e3o Preto e Regi\u00e3o","description":"MC Pipokinha decidiu tirar a sua calcinha em uma balada durante um show em que divulgava a sua nova m\u00fasica de trabalho.","robots":{"index":"index","follow":"follow","max-snippet":"max-snippet:-1","max-image-preview":"max-image-preview:large","max-video-preview":"max-video-preview:-1"},"canonical":"https:\/\/redenoticiaz.com.br\/ribeiraopreto-regiao\/sp\/2023\/07\/26\/video-mc-pipokinha-tira-a-calcinha-em-balada-durante-show","og_locale":"pt_BR","og_type":"article","og_title":"V\u00cdDEO \u2013 MC Pipokinha tira a calcinha em balada durante show - Ribeir\u00e3o Preto e Regi\u00e3o","og_description":"MC Pipokinha decidiu tirar a sua calcinha em uma balada durante um show em que divulgava a sua nova m\u00fasica de trabalho.","og_url":"https:\/\/redenoticiaz.com.br\/ribeiraopreto-regiao\/sp\/2023\/07\/26\/video-mc-pipokinha-tira-a-calcinha-em-balada-durante-show","og_site_name":"Ribeir\u00e3o Preto e Regi\u00e3o","article_publisher":"https:\/\/m.facebook.com\/redenoticiaz.barretos","article_published_time":"2023-07-26T18:52:09+00:00","article_modified_time":"2023-07-26T18:54:57+00:00","og_image":[{"width":1200,"height":750,"url":"https:\/\/redenoticiaz.com.br\/ribeiraopreto-regiao\/wp-content\/uploads\/sites\/4\/2023\/07\/1_pk_delas___pipoca___9_-29774732.jpg?v=1690397437","type":"image\/jpeg"}],"author":"Gustavo Silva","twitter_card":"summary_large_image","twitter_creator":"@RN_barretos","twitter_site":"@RN_barretos","twitter_misc":{"Escrito por":"Gustavo Silva","Est. tempo de leitura":"1 minuto"},"schema":{"@context":"https:\/\/schema.org","@graph":[{"@type":"Article","@id":"https:\/\/redenoticiaz.com.br\/ribeiraopreto-regiao\/sp\/2023\/07\/26\/video-mc-pipokinha-tira-a-calcinha-em-balada-durante-show#article","isPartOf":{"@id":"https:\/\/redenoticiaz.com.br\/ribeiraopreto-regiao\/sp\/2023\/07\/26\/video-mc-pipokinha-tira-a-calcinha-em-balada-durante-show"},"author":{"name":"Gustavo Silva","@id":"https:\/\/redenoticiaz.com.br\/ribeiraopreto-regiao\/#\/schema\/person\/16057b37a3c0ee6b096d7f887c566e2e"},"headline":"V\u00cdDEO \u2013 MC Pipokinha tira a calcinha em balada durante show","datePublished":"2023-07-26T18:52:09+00:00","dateModified":"2023-07-26T18:54:57+00:00","mainEntityOfPage":{"@id":"https:\/\/redenoticiaz.com.br\/ribeiraopreto-regiao\/sp\/2023\/07\/26\/video-mc-pipokinha-tira-a-calcinha-em-balada-durante-show"},"wordCount":179,"commentCount":0,"publisher":{"@id":"https:\/\/redenoticiaz.com.br\/ribeiraopreto-regiao\/#organization"},"image":{"@id":"https:\/\/redenoticiaz.com.br\/ribeiraopreto-regiao\/sp\/2023\/07\/26\/video-mc-pipokinha-tira-a-calcinha-em-balada-durante-show#primaryimage"},"thumbnailUrl":"https:\/\/redenoticiaz.com.br\/ribeiraopreto-regiao\/wp-content\/uploads\/sites\/4\/2023\/07\/1_pk_delas___pipoca___9_-29774732.jpg?v=1690397437","keywords":["Caio Passos","MC Pipokinha","NOVA M\u00daSICA","PD Delas","Rio de Janeiro","sexo oral"],"articleSection":["Celebridades","Entretenimento"],"inLanguage":"pt-BR","potentialAction":[{"@type":"CommentAction","name":"Comment","target":["https:\/\/redenoticiaz.com.br\/ribeiraopreto-regiao\/sp\/2023\/07\/26\/video-mc-pipokinha-tira-a-calcinha-em-balada-durante-show#respond"]}]},{"@type":"WebPage","@id":"https:\/\/redenoticiaz.com.br\/ribeiraopreto-regiao\/sp\/2023\/07\/26\/video-mc-pipokinha-tira-a-calcinha-em-balada-durante-show","url":"https:\/\/redenoticiaz.com.br\/ribeiraopreto-regiao\/sp\/2023\/07\/26\/video-mc-pipokinha-tira-a-calcinha-em-balada-durante-show","name":"V\u00cdDEO \u2013 MC Pipokinha tira a calcinha em balada durante show - Ribeir\u00e3o Preto e Regi\u00e3o","isPartOf":{"@id":"https:\/\/redenoticiaz.com.br\/ribeiraopreto-regiao\/#website"},"primaryImageOfPage":{"@id":"https:\/\/redenoticiaz.com.br\/ribeiraopreto-regiao\/sp\/2023\/07\/26\/video-mc-pipokinha-tira-a-calcinha-em-balada-durante-show#primaryimage"},"image":{"@id":"https:\/\/redenoticiaz.com.br\/ribeiraopreto-regiao\/sp\/2023\/07\/26\/video-mc-pipokinha-tira-a-calcinha-em-balada-durante-show#primaryimage"},"thumbnailUrl":"https:\/\/redenoticiaz.com.br\/ribeiraopreto-regiao\/wp-content\/uploads\/sites\/4\/2023\/07\/1_pk_delas___pipoca___9_-29774732.jpg?v=1690397437","datePublished":"2023-07-26T18:52:09+00:00","dateModified":"2023-07-26T18:54:57+00:00","description":"MC Pipokinha decidiu tirar a sua calcinha em uma balada durante um show em que divulgava a sua nova m\u00fasica de trabalho.","inLanguage":"pt-BR","potentialAction":[{"@type":"ReadAction","target":["https:\/\/redenoticiaz.com.br\/ribeiraopreto-regiao\/sp\/2023\/07\/26\/video-mc-pipokinha-tira-a-calcinha-em-balada-durante-show"]}]},{"@type":"ImageObject","inLanguage":"pt-BR","@id":"https:\/\/redenoticiaz.com.br\/ribeiraopreto-regiao\/sp\/2023\/07\/26\/video-mc-pipokinha-tira-a-calcinha-em-balada-durante-show#primaryimage","url":"https:\/\/redenoticiaz.com.br\/ribeiraopreto-regiao\/wp-content\/uploads\/sites\/4\/2023\/07\/1_pk_delas___pipoca___9_-29774732.jpg?v=1690397437","contentUrl":"https:\/\/redenoticiaz.com.br\/ribeiraopreto-regiao\/wp-content\/uploads\/sites\/4\/2023\/07\/1_pk_delas___pipoca___9_-29774732.jpg?v=1690397437","width":1200,"height":750,"caption":"V\u00cdDEO - MC Pipokinha tira a calcinha em balada durante show"},{"@type":"WebSite","@id":"https:\/\/redenoticiaz.com.br\/ribeiraopreto-regiao\/#website","url":"https:\/\/redenoticiaz.com.br\/ribeiraopreto-regiao\/","name":"Ribeir\u00e3o Preto e Regi\u00e3o","description":"Rede NoticiaZ - Ribeir\u00e3o Preto e regi\u00e3o","publisher":{"@id":"https:\/\/redenoticiaz.com.br\/ribeiraopreto-regiao\/#organization"},"potentialAction":[{"@type":"SearchAction","target":{"@type":"EntryPoint","urlTemplate":"https:\/\/redenoticiaz.com.br\/ribeiraopreto-regiao\/?s={search_term_string}"},"query-input":{"@type":"PropertyValueSpecification","valueRequired":true,"valueName":"search_term_string"}}],"inLanguage":"pt-BR"},{"@type":"Organization","@id":"https:\/\/redenoticiaz.com.br\/ribeiraopreto-regiao\/#organization","name":"Ribeir\u00e3o Preto e Regi\u00e3o","url":"https:\/\/redenoticiaz.com.br\/ribeiraopreto-regiao\/","logo":{"@type":"ImageObject","inLanguage":"pt-BR","@id":"https:\/\/redenoticiaz.com.br\/ribeiraopreto-regiao\/#\/schema\/logo\/image\/","url":"https:\/\/redenoticiaz.com.br\/barretos-regiao\/wp-content\/uploads\/sites\/4\/2022\/02\/logo.jpg","contentUrl":"https:\/\/redenoticiaz.com.br\/barretos-regiao\/wp-content\/uploads\/sites\/4\/2022\/02\/logo.jpg","width":400,"height":250,"caption":"Ribeir\u00e3o Preto e Regi\u00e3o"},"image":{"@id":"https:\/\/redenoticiaz.com.br\/ribeiraopreto-regiao\/#\/schema\/logo\/image\/"},"sameAs":["https:\/\/m.facebook.com\/redenoticiaz.barretos","https:\/\/x.com\/RN_barretos","https:\/\/www.instagram.com\/redenoticiaz.barretos\/?igshid=YmMyMTA2M2Y","https:\/\/www.linkedin.com\/company\/rede-noticiaz-barretos-e-regio\/"]},{"@type":"Person","@id":"https:\/\/redenoticiaz.com.br\/ribeiraopreto-regiao\/#\/schema\/person\/16057b37a3c0ee6b096d7f887c566e2e","name":"Gustavo Silva","image":{"@type":"ImageObject","inLanguage":"pt-BR","@id":"https:\/\/secure.gravatar.com\/avatar\/3ee4e82f93b26de0a7cf4ea5eb7893da637ed6bb0c9170c58065944c56e28a33?s=96&d=mm&r=g","url":"https:\/\/secure.gravatar.com\/avatar\/3ee4e82f93b26de0a7cf4ea5eb7893da637ed6bb0c9170c58065944c56e28a33?s=96&d=mm&r=g","contentUrl":"https:\/\/secure.gravatar.com\/avatar\/3ee4e82f93b26de0a7cf4ea5eb7893da637ed6bb0c9170c58065944c56e28a33?s=96&d=mm&r=g","caption":"Gustavo Silva"},"url":"https:\/\/redenoticiaz.com.br\/ribeiraopreto-regiao\/sp\/author\/gustavosilva"}]}},"_links":{"self":[{"href":"https:\/\/redenoticiaz.com.br\/ribeiraopreto-regiao\/wp-json\/wp\/v2\/posts\/108670","targetHints":{"allow":["GET"]}}],"collection":[{"href":"https:\/\/redenoticiaz.com.br\/ribeiraopreto-regiao\/wp-json\/wp\/v2\/posts"}],"about":[{"href":"https:\/\/redenoticiaz.com.br\/ribeiraopreto-regiao\/wp-json\/wp\/v2\/types\/post"}],"author":[{"embeddable":true,"href":"https:\/\/redenoticiaz.com.br\/ribeiraopreto-regiao\/wp-json\/wp\/v2\/users\/12"}],"replies":[{"embeddable":true,"href":"https:\/\/redenoticiaz.com.br\/ribeiraopreto-regiao\/wp-json\/wp\/v2\/comments?post=108670"}],"version-history":[{"count":1,"href":"https:\/\/redenoticiaz.com.br\/ribeiraopreto-regiao\/wp-json\/wp\/v2\/posts\/108670\/revisions"}],"predecessor-version":[{"id":108672,"href":"https:\/\/redenoticiaz.com.br\/ribeiraopreto-regiao\/wp-json\/wp\/v2\/posts\/108670\/revisions\/108672"}],"wp:featuredmedia":[{"embeddable":true,"href":"https:\/\/redenoticiaz.com.br\/ribeiraopreto-regiao\/wp-json\/wp\/v2\/media\/108671"}],"wp:attachment":[{"href":"https:\/\/redenoticiaz.com.br\/ribeiraopreto-regiao\/wp-json\/wp\/v2\/media?parent=108670"}],"wp:term":[{"taxonomy":"category","embeddable":true,"href":"https:\/\/redenoticiaz.com.br\/ribeiraopreto-regiao\/wp-json\/wp\/v2\/categories?post=108670"},{"taxonomy":"post_tag","embeddable":true,"href":"https:\/\/redenoticiaz.com.br\/ribeiraopreto-regiao\/wp-json\/wp\/v2\/tags?post=108670"}],"curies":[{"name":"wp","href":"https:\/\/api.w.org\/{rel}","templated":true}]}}