{"id":108903,"date":"2023-08-05T08:00:57","date_gmt":"2023-08-05T11:00:57","guid":{"rendered":"https:\/\/redenoticiaz.com.br\/barretos-regiao\/?p=108903"},"modified":"2023-07-31T20:03:58","modified_gmt":"2023-07-31T23:03:58","slug":"mulheres-negras-recebem-48-do-que-ganham-homens-brancos","status":"publish","type":"post","link":"https:\/\/redenoticiaz.com.br\/ribeiraopreto-regiao\/sp\/2023\/08\/05\/mulheres-negras-recebem-48-do-que-ganham-homens-brancos","title":{"rendered":"Mulheres negras recebem 48% do que ganham homens brancos"},"content":{"rendered":"<p>Pesquisa do Instituto Brasileiro de Economia da Funda\u00e7\u00e3o Getulio Vargas (Ibre\/FGV) aponta que, no primeiro trimestre de 2023, a remunera\u00e7\u00e3o m\u00e9dia das mulheres negras era de R$ 1.948, o que equivale a 48% do que homens brancos ganham na m\u00e9dia, 62% do que as mulheres brancas recebem e 80% do que os homens negros ganham.<img decoding=\"async\" src=\"https:\/\/agenciabrasil.ebc.com.br\/ebc.png?id=1546444&amp;o=node\" \/><img decoding=\"async\" src=\"https:\/\/agenciabrasil.ebc.com.br\/ebc.gif?id=1546444&amp;o=node\" \/><\/p>\n<p>C\u00e1lculos feitos pela pesquisadora Jana\u00edna Feij\u00f3 mostram que 50% da dist\u00e2ncia entre a remunera\u00e7\u00e3o de mulheres negras e a de homens brancos est\u00e1 relacionada a caracter\u00edsticas do trabalho referentes ao tipo de atividade e fun\u00e7\u00e3o que elas exercem. \u201cEnt\u00e3o, \u00e9 importante perseverar em melhorias no campo da educa\u00e7\u00e3o\u201d, afirmou, em nota.<\/p>\n<p>Essa desigualdade permanece apesar do aumento do contingente de mulheres negras na popula\u00e7\u00e3o em idade ativa e da amplia\u00e7\u00e3o da escolaridade. Segundo o levantamento, entre o primeiro trimestre de 2012 e o de 2023, a popula\u00e7\u00e3o em idade para trabalhar cresceu 13,4% no Brasil; entre mulheres negras, essa expans\u00e3o foi de 24,5%, pr\u00f3ximo do registrado para homens negros (22,3%), e muito acima do percentual entre homens brancos (2,8%) e mulheres brancas (1,9%).<\/p>\n<p>De acordo com a pesquisadora, a participa\u00e7\u00e3o das mulheres negras que chegaram ao ensino superior e conclu\u00edram o curso dobrou, de 6% em 2012 para 12% em 2023. Esse avan\u00e7o, entretanto, n\u00e3o foi suficiente para melhorar outros indicadores deste grupo no mercado de trabalho. Apenas pouco mais da metade (51%) que t\u00eam idade para trabalhar (14 anos ou mais) estavam no mercado de trabalho \u2013 ou seja, empregada ou buscando uma atividade remunerada \u2013 no primeiro trimestre de 2023.<\/p>\n<p>Entre essas mulheres, o desemprego continua sendo maior. No primeiro trimestre, era de 13,1%, contra 8,8% para o total do Brasil, de acordo com os dados do Instituto Brasileiro de Geografia e Estat\u00edstica (IBGE). \u201cEntre todas as mulheres negras em idade para trabalhar, que somaram 50 milh\u00f5es no primeiro trimestre de 2023, apenas 44% (22,1 milh\u00f5es) estavam empregadas. Esse n\u00edvel tem permanecido est\u00e1vel ao longo do tempo e \u00e9 o menor quando comparado com os demais grupos: para as mulheres e homens n\u00e3o negros, esse percentual foi de 49,3% e 67,7%, respectivamente\u201d, disse Jana\u00edna.<\/p>\n<p>As mulheres negras empregadas est\u00e3o majoritariamente em fun\u00e7\u00f5es que apresentam remunera\u00e7\u00f5es mais baixas e que est\u00e3o mais associadas \u00e0 informalidade. Jana\u00edna ressalta que mais da metade (55%) s\u00e3o trabalhadoras dos servi\u00e7os, vendedoras ou trabalhadoras de ocupa\u00e7\u00f5es elementares. Segundo ela, os fatores que levam a esse quadro s\u00e3o m\u00faltiplos, a come\u00e7ar por barreiras dadas por preconceitos ou falta de oportunidades para capacita\u00e7\u00e3o.<\/p>\n<p>A informalidade tamb\u00e9m se mostra o caminho para m\u00e3es que n\u00e3o t\u00eam uma rede de apoio financeira ou de cuidados para suas crian\u00e7as pequenas, de acordo com Jana\u00edna. Levantamento anterior da pesquisadora do Ibre\/FGV aponta que, entre 2012 e 2022, o n\u00famero de m\u00e3es solo negras saltou de 5,4 milh\u00f5es para 6,9 milh\u00f5es, que representa quase 90% do crescimento total observado no per\u00edodo. Do total de m\u00e3es solo brasileiras, 72,4% vivem em domic\u00edlios monoparentais, ou seja, compostos apenas por elas e seus filhos.<\/p>\n<p>O levantamento foi realizado em refer\u00eancia ao Dia Internacional da Mulher Negra Latino-Americana e Caribenha, celebrado em 25 de julho.<\/p>\n<p>Leia mais<\/p>\n<p><a href=\"https:\/\/redenoticiaz.com.br\/blog\/2023\/06\/17\/faltam-mulheres-negras-em-altas-liderancas-do-setor-de-publicidade\">Faltam mulheres negras em altas lideran\u00e7as do setor de publicidade<\/a><\/p>\n","protected":false},"excerpt":{"rendered":"<p>Pesquisa do Instituto Brasileiro de Economia da Funda\u00e7\u00e3o Getulio Vargas (Ibre\/FGV) aponta que, no primeiro trimestre de 2023, a remunera\u00e7\u00e3o m\u00e9dia das mulheres negras era de R$ 1.948, o que equivale a 48% do que homens brancos ganham na m\u00e9dia, 62% do que as mulheres brancas recebem e 80% do que os homens negros ganham. &hellip;<\/p>\n","protected":false},"author":12,"featured_media":103147,"comment_status":"open","ping_status":"closed","sticky":false,"template":"","format":"standard","meta":{"footnotes":""},"categories":[252,67],"tags":[28341,28342,28343,28344],"class_list":["post-108903","post","type-post","status-publish","format-standard","has-post-thumbnail","hentry","category-acao-social","category-direitos-humanos","tag-pessoas-pretas","tag-homens-brancos","tag-ibre-fgv","tag-mulheres-pretas"],"yoast_head":"<!-- This site is optimized with the Yoast SEO plugin v28.3 - https:\/\/yoast.com\/product\/yoast-seo-wordpress\/ -->\n<title>Mulheres negras recebem 48% do que ganham homens brancos - Ribeir\u00e3o Preto e Regi\u00e3o<\/title>\n<meta name=\"description\" content=\"Ibre\/FGV aponta que, no primeiro trimestre de 2023, a remunera\u00e7\u00e3o m\u00e9dia das mulheres negras era de R$ 1.948.\" \/>\n<meta name=\"robots\" content=\"index, follow, max-snippet:-1, max-image-preview:large, max-video-preview:-1\" \/>\n<link rel=\"canonical\" href=\"https:\/\/redenoticiaz.com.br\/ribeiraopreto-regiao\/sp\/2023\/08\/05\/mulheres-negras-recebem-48-do-que-ganham-homens-brancos\" \/>\n<meta property=\"og:locale\" content=\"pt_BR\" \/>\n<meta property=\"og:type\" content=\"article\" \/>\n<meta property=\"og:title\" content=\"Mulheres negras recebem 48% do que ganham homens brancos - Ribeir\u00e3o Preto e Regi\u00e3o\" \/>\n<meta property=\"og:description\" content=\"Ibre\/FGV aponta que, no primeiro trimestre de 2023, a remunera\u00e7\u00e3o m\u00e9dia das mulheres negras era de R$ 1.948.\" \/>\n<meta property=\"og:url\" content=\"https:\/\/redenoticiaz.com.br\/ribeiraopreto-regiao\/sp\/2023\/08\/05\/mulheres-negras-recebem-48-do-que-ganham-homens-brancos\" \/>\n<meta property=\"og:site_name\" content=\"Ribeir\u00e3o Preto e Regi\u00e3o\" \/>\n<meta property=\"article:publisher\" content=\"https:\/\/m.facebook.com\/redenoticiaz.barretos\" \/>\n<meta property=\"article:published_time\" content=\"2023-08-05T11:00:57+00:00\" \/>\n<meta property=\"og:image\" content=\"https:\/\/redenoticiaz.com.br\/ribeiraopreto-regiao\/wp-content\/uploads\/sites\/4\/2023\/04\/quais-sao-todas-as-funcoes-da-empregada-domestica-20220221170818.jpg.jpg\" \/>\n\t<meta property=\"og:image:width\" content=\"800\" \/>\n\t<meta property=\"og:image:height\" content=\"450\" \/>\n\t<meta property=\"og:image:type\" content=\"image\/jpeg\" \/>\n<meta name=\"author\" content=\"Gustavo Silva\" \/>\n<meta name=\"twitter:card\" content=\"summary_large_image\" \/>\n<meta name=\"twitter:creator\" content=\"@RN_barretos\" \/>\n<meta name=\"twitter:site\" content=\"@RN_barretos\" \/>\n<meta name=\"twitter:label1\" content=\"Escrito por\" \/>\n\t<meta name=\"twitter:data1\" content=\"Gustavo Silva\" \/>\n\t<meta name=\"twitter:label2\" content=\"Est. tempo de leitura\" \/>\n\t<meta name=\"twitter:data2\" content=\"4 minutos\" \/>\n<script type=\"application\/ld+json\" class=\"yoast-schema-graph\">{\"@context\":\"https:\\\/\\\/schema.org\",\"@graph\":[{\"@type\":\"Article\",\"@id\":\"https:\\\/\\\/redenoticiaz.com.br\\\/ribeiraopreto-regiao\\\/sp\\\/2023\\\/08\\\/05\\\/mulheres-negras-recebem-48-do-que-ganham-homens-brancos#article\",\"isPartOf\":{\"@id\":\"https:\\\/\\\/redenoticiaz.com.br\\\/ribeiraopreto-regiao\\\/sp\\\/2023\\\/08\\\/05\\\/mulheres-negras-recebem-48-do-que-ganham-homens-brancos\"},\"author\":{\"name\":\"Gustavo Silva\",\"@id\":\"https:\\\/\\\/redenoticiaz.com.br\\\/ribeiraopreto-regiao\\\/#\\\/schema\\\/person\\\/16057b37a3c0ee6b096d7f887c566e2e\"},\"headline\":\"Mulheres negras recebem 48% do que ganham homens brancos\",\"datePublished\":\"2023-08-05T11:00:57+00:00\",\"mainEntityOfPage\":{\"@id\":\"https:\\\/\\\/redenoticiaz.com.br\\\/ribeiraopreto-regiao\\\/sp\\\/2023\\\/08\\\/05\\\/mulheres-negras-recebem-48-do-que-ganham-homens-brancos\"},\"wordCount\":552,\"commentCount\":0,\"publisher\":{\"@id\":\"https:\\\/\\\/redenoticiaz.com.br\\\/ribeiraopreto-regiao\\\/#organization\"},\"image\":{\"@id\":\"https:\\\/\\\/redenoticiaz.com.br\\\/ribeiraopreto-regiao\\\/sp\\\/2023\\\/08\\\/05\\\/mulheres-negras-recebem-48-do-que-ganham-homens-brancos#primaryimage\"},\"thumbnailUrl\":\"https:\\\/\\\/redenoticiaz.com.br\\\/ribeiraopreto-regiao\\\/wp-content\\\/uploads\\\/sites\\\/4\\\/2023\\\/04\\\/quais-sao-todas-as-funcoes-da-empregada-domestica-20220221170818.jpg.jpg\",\"keywords\":[\". pessoas pretas\",\"homens brancos\",\"Ibre\\\/FGV\",\"mulheres pretas\"],\"articleSection\":[\"A\u00e7\u00e3o Social\",\"Direitos Humanos\"],\"inLanguage\":\"pt-BR\",\"potentialAction\":[{\"@type\":\"CommentAction\",\"name\":\"Comment\",\"target\":[\"https:\\\/\\\/redenoticiaz.com.br\\\/ribeiraopreto-regiao\\\/sp\\\/2023\\\/08\\\/05\\\/mulheres-negras-recebem-48-do-que-ganham-homens-brancos#respond\"]}]},{\"@type\":\"WebPage\",\"@id\":\"https:\\\/\\\/redenoticiaz.com.br\\\/ribeiraopreto-regiao\\\/sp\\\/2023\\\/08\\\/05\\\/mulheres-negras-recebem-48-do-que-ganham-homens-brancos\",\"url\":\"https:\\\/\\\/redenoticiaz.com.br\\\/ribeiraopreto-regiao\\\/sp\\\/2023\\\/08\\\/05\\\/mulheres-negras-recebem-48-do-que-ganham-homens-brancos\",\"name\":\"Mulheres negras recebem 48% do que ganham homens brancos - Ribeir\u00e3o Preto e Regi\u00e3o\",\"isPartOf\":{\"@id\":\"https:\\\/\\\/redenoticiaz.com.br\\\/ribeiraopreto-regiao\\\/#website\"},\"primaryImageOfPage\":{\"@id\":\"https:\\\/\\\/redenoticiaz.com.br\\\/ribeiraopreto-regiao\\\/sp\\\/2023\\\/08\\\/05\\\/mulheres-negras-recebem-48-do-que-ganham-homens-brancos#primaryimage\"},\"image\":{\"@id\":\"https:\\\/\\\/redenoticiaz.com.br\\\/ribeiraopreto-regiao\\\/sp\\\/2023\\\/08\\\/05\\\/mulheres-negras-recebem-48-do-que-ganham-homens-brancos#primaryimage\"},\"thumbnailUrl\":\"https:\\\/\\\/redenoticiaz.com.br\\\/ribeiraopreto-regiao\\\/wp-content\\\/uploads\\\/sites\\\/4\\\/2023\\\/04\\\/quais-sao-todas-as-funcoes-da-empregada-domestica-20220221170818.jpg.jpg\",\"datePublished\":\"2023-08-05T11:00:57+00:00\",\"description\":\"Ibre\\\/FGV aponta que, no primeiro trimestre de 2023, a remunera\u00e7\u00e3o m\u00e9dia das mulheres negras era de R$ 1.948.\",\"inLanguage\":\"pt-BR\",\"potentialAction\":[{\"@type\":\"ReadAction\",\"target\":[\"https:\\\/\\\/redenoticiaz.com.br\\\/ribeiraopreto-regiao\\\/sp\\\/2023\\\/08\\\/05\\\/mulheres-negras-recebem-48-do-que-ganham-homens-brancos\"]}]},{\"@type\":\"ImageObject\",\"inLanguage\":\"pt-BR\",\"@id\":\"https:\\\/\\\/redenoticiaz.com.br\\\/ribeiraopreto-regiao\\\/sp\\\/2023\\\/08\\\/05\\\/mulheres-negras-recebem-48-do-que-ganham-homens-brancos#primaryimage\",\"url\":\"https:\\\/\\\/redenoticiaz.com.br\\\/ribeiraopreto-regiao\\\/wp-content\\\/uploads\\\/sites\\\/4\\\/2023\\\/04\\\/quais-sao-todas-as-funcoes-da-empregada-domestica-20220221170818.jpg.jpg\",\"contentUrl\":\"https:\\\/\\\/redenoticiaz.com.br\\\/ribeiraopreto-regiao\\\/wp-content\\\/uploads\\\/sites\\\/4\\\/2023\\\/04\\\/quais-sao-todas-as-funcoes-da-empregada-domestica-20220221170818.jpg.jpg\",\"width\":800,\"height\":450,\"caption\":\"A diarista Francisca Ara\u00fajo de Carvalho, de 48 anos, conta, por exemplo, que alguns empregadores n\u00e3o respeitam o limite de oito horas di\u00e1rias de servi\u00e7o. \u201cT\u00eam pessoas que chamam uma vez por m\u00eas e quer que fa\u00e7amos todo o servi\u00e7o de um m\u00eas em uma di\u00e1ria. E, geralmente, passamos do hor\u00e1rio. Ou voc\u00ea d\u00e1 conta ou a pessoa n\u00e3o te contrata\u201d, disse. Segundo Luiza Batista, houve avan\u00e7os, mas a igualdade com os demais trabalhadores ainda n\u00e3o acontece de forma integral. Para ela, \u00e9 preciso aprofundar as conquistas da PEC das Dom\u00e9sticas, com a universaliza\u00e7\u00e3o dos direitos dos demais trabalhadores, como seguro-desemprego e atestado m\u00e9dico. A coordenadora da Fenatrad explicou que as dom\u00e9sticas s\u00f3 t\u00eam direito a tr\u00eas parcelas do seguro-desemprego, no valor de um sal\u00e1rio m\u00ednimo nacional (hoje em R$ 1.302), enquanto as demais categorias t\u00eam direito a cinco parcelas, at\u00e9 o teto m\u00e1ximo do seguro-desemprego, que est\u00e1 em R$ 2.230.97. Em rela\u00e7\u00e3o ao atestado m\u00e9dico, trabalhadores em geral t\u00eam o sal\u00e1rio pago pelo INSS ap\u00f3s 14 dias de afastamento. J\u00e1 para as dom\u00e9sticas, a legisla\u00e7\u00e3o n\u00e3o \u00e9 clara. Segundo Luiza, caberia ao INSS pagar desde o 1\u00ba dia de afastamento, mas isso n\u00e3o acontece na pr\u00e1tica, o que acaba criando um jogo de empurra entre empregador e INSS. Tamb\u00e9m s\u00e3o prioridades para a categoria uma maior oferta de creches, de escolas em tempo integral e a retomada do Trabalho Dom\u00e9stico Cidad\u00e3o (TDC), programa criado em 2006, que oferecia forma\u00e7\u00e3o escolar e qualifica\u00e7\u00e3o profissional aos trabalhadores. A Fenatrad participou da transi\u00e7\u00e3o do governo do presidente Luiz In\u00e1cio Lula na Silva em dois subgrupos de trabalho, de pol\u00edticas para mulheres e de desigualdade e g\u00eanero. Agora, a entidade espera que o governo retome as pol\u00edticas p\u00fablicas e reveja alguns pontos da lei. \u201cE esperamos que a economia comece a alavancar e que a classe m\u00e9dia volte a ter o padr\u00e3o de vida que tinha antes [da pandemia]. A maioria dos nossos empregadores \u00e9 de classe m\u00e9dia. Quando torcemos por n\u00f3s, tamb\u00e9m torcemos para outras classes sociais, a nossa empregabilidade vem dessas pessoas\u201d, argumentou. A ministra das Mulheres, Cida Gon\u00e7alves, avalia que PEC das Dom\u00e9sticas foi um \\\"marco na revis\u00e3o da hist\u00f3ria de explora\u00e7\u00e3o do Brasil e de garantia dos direitos das mulheres\\\". Ela destacou que a categoria \u00e9 formada em sua maioria por mulheres negras. No entanto, ainda h\u00e1 desafios a serem enfrentados. \\\"Apesar de ter trazido muitos avan\u00e7os e mudado a hist\u00f3ria de milh\u00f5es de pessoas ao longo desta d\u00e9cada, h\u00e1 ainda muitos desafios a serem superados para aumentar a contrata\u00e7\u00e3o formal. Para isso, \u00e9 preciso enfrentar o racismo estrutural e o machismo na sociedade, al\u00e9m de sempre atuar com pol\u00edticas p\u00fablicas para assegurar a autonomia econ\u00f4mica das mulheres\\\", afimou. A ministra ressaltou que o governo federal anunciou no m\u00eas passado pol\u00edticas que contribuem para a categoria como a assinatura da Conven\u00e7\u00e3o 156 da Organiza\u00e7\u00e3o Internacional do Trabalho (OIT), que trata dos direitos dos trabalhadores com responsabilidades familiares - e a cria\u00e7\u00e3o de um grupo de trabalho para construir uma Pol\u00edtica Nacional de Cuidados.\"},{\"@type\":\"WebSite\",\"@id\":\"https:\\\/\\\/redenoticiaz.com.br\\\/ribeiraopreto-regiao\\\/#website\",\"url\":\"https:\\\/\\\/redenoticiaz.com.br\\\/ribeiraopreto-regiao\\\/\",\"name\":\"Ribeir\u00e3o Preto e Regi\u00e3o\",\"description\":\"Rede NoticiaZ - Ribeir\u00e3o Preto e regi\u00e3o\",\"publisher\":{\"@id\":\"https:\\\/\\\/redenoticiaz.com.br\\\/ribeiraopreto-regiao\\\/#organization\"},\"potentialAction\":[{\"@type\":\"SearchAction\",\"target\":{\"@type\":\"EntryPoint\",\"urlTemplate\":\"https:\\\/\\\/redenoticiaz.com.br\\\/ribeiraopreto-regiao\\\/?s={search_term_string}\"},\"query-input\":{\"@type\":\"PropertyValueSpecification\",\"valueRequired\":true,\"valueName\":\"search_term_string\"}}],\"inLanguage\":\"pt-BR\"},{\"@type\":\"Organization\",\"@id\":\"https:\\\/\\\/redenoticiaz.com.br\\\/ribeiraopreto-regiao\\\/#organization\",\"name\":\"Ribeir\u00e3o Preto e Regi\u00e3o\",\"url\":\"https:\\\/\\\/redenoticiaz.com.br\\\/ribeiraopreto-regiao\\\/\",\"logo\":{\"@type\":\"ImageObject\",\"inLanguage\":\"pt-BR\",\"@id\":\"https:\\\/\\\/redenoticiaz.com.br\\\/ribeiraopreto-regiao\\\/#\\\/schema\\\/logo\\\/image\\\/\",\"url\":\"https:\\\/\\\/redenoticiaz.com.br\\\/barretos-regiao\\\/wp-content\\\/uploads\\\/sites\\\/4\\\/2022\\\/02\\\/logo.jpg\",\"contentUrl\":\"https:\\\/\\\/redenoticiaz.com.br\\\/barretos-regiao\\\/wp-content\\\/uploads\\\/sites\\\/4\\\/2022\\\/02\\\/logo.jpg\",\"width\":400,\"height\":250,\"caption\":\"Ribeir\u00e3o Preto e Regi\u00e3o\"},\"image\":{\"@id\":\"https:\\\/\\\/redenoticiaz.com.br\\\/ribeiraopreto-regiao\\\/#\\\/schema\\\/logo\\\/image\\\/\"},\"sameAs\":[\"https:\\\/\\\/m.facebook.com\\\/redenoticiaz.barretos\",\"https:\\\/\\\/x.com\\\/RN_barretos\",\"https:\\\/\\\/www.instagram.com\\\/redenoticiaz.barretos\\\/?igshid=YmMyMTA2M2Y\",\"https:\\\/\\\/www.linkedin.com\\\/company\\\/rede-noticiaz-barretos-e-regio\\\/\"]},{\"@type\":\"Person\",\"@id\":\"https:\\\/\\\/redenoticiaz.com.br\\\/ribeiraopreto-regiao\\\/#\\\/schema\\\/person\\\/16057b37a3c0ee6b096d7f887c566e2e\",\"name\":\"Gustavo Silva\",\"image\":{\"@type\":\"ImageObject\",\"inLanguage\":\"pt-BR\",\"@id\":\"https:\\\/\\\/secure.gravatar.com\\\/avatar\\\/3ee4e82f93b26de0a7cf4ea5eb7893da637ed6bb0c9170c58065944c56e28a33?s=96&d=mm&r=g\",\"url\":\"https:\\\/\\\/secure.gravatar.com\\\/avatar\\\/3ee4e82f93b26de0a7cf4ea5eb7893da637ed6bb0c9170c58065944c56e28a33?s=96&d=mm&r=g\",\"contentUrl\":\"https:\\\/\\\/secure.gravatar.com\\\/avatar\\\/3ee4e82f93b26de0a7cf4ea5eb7893da637ed6bb0c9170c58065944c56e28a33?s=96&d=mm&r=g\",\"caption\":\"Gustavo Silva\"},\"url\":\"https:\\\/\\\/redenoticiaz.com.br\\\/ribeiraopreto-regiao\\\/sp\\\/author\\\/gustavosilva\"}]}<\/script>\n<!-- \/ Yoast SEO plugin. -->","yoast_head_json":{"title":"Mulheres negras recebem 48% do que ganham homens brancos - Ribeir\u00e3o Preto e Regi\u00e3o","description":"Ibre\/FGV aponta que, no primeiro trimestre de 2023, a remunera\u00e7\u00e3o m\u00e9dia das mulheres negras era de R$ 1.948.","robots":{"index":"index","follow":"follow","max-snippet":"max-snippet:-1","max-image-preview":"max-image-preview:large","max-video-preview":"max-video-preview:-1"},"canonical":"https:\/\/redenoticiaz.com.br\/ribeiraopreto-regiao\/sp\/2023\/08\/05\/mulheres-negras-recebem-48-do-que-ganham-homens-brancos","og_locale":"pt_BR","og_type":"article","og_title":"Mulheres negras recebem 48% do que ganham homens brancos - Ribeir\u00e3o Preto e Regi\u00e3o","og_description":"Ibre\/FGV aponta que, no primeiro trimestre de 2023, a remunera\u00e7\u00e3o m\u00e9dia das mulheres negras era de R$ 1.948.","og_url":"https:\/\/redenoticiaz.com.br\/ribeiraopreto-regiao\/sp\/2023\/08\/05\/mulheres-negras-recebem-48-do-que-ganham-homens-brancos","og_site_name":"Ribeir\u00e3o Preto e Regi\u00e3o","article_publisher":"https:\/\/m.facebook.com\/redenoticiaz.barretos","article_published_time":"2023-08-05T11:00:57+00:00","og_image":[{"width":800,"height":450,"url":"https:\/\/redenoticiaz.com.br\/ribeiraopreto-regiao\/wp-content\/uploads\/sites\/4\/2023\/04\/quais-sao-todas-as-funcoes-da-empregada-domestica-20220221170818.jpg.jpg","type":"image\/jpeg"}],"author":"Gustavo Silva","twitter_card":"summary_large_image","twitter_creator":"@RN_barretos","twitter_site":"@RN_barretos","twitter_misc":{"Escrito por":"Gustavo Silva","Est. tempo de leitura":"4 minutos"},"schema":{"@context":"https:\/\/schema.org","@graph":[{"@type":"Article","@id":"https:\/\/redenoticiaz.com.br\/ribeiraopreto-regiao\/sp\/2023\/08\/05\/mulheres-negras-recebem-48-do-que-ganham-homens-brancos#article","isPartOf":{"@id":"https:\/\/redenoticiaz.com.br\/ribeiraopreto-regiao\/sp\/2023\/08\/05\/mulheres-negras-recebem-48-do-que-ganham-homens-brancos"},"author":{"name":"Gustavo Silva","@id":"https:\/\/redenoticiaz.com.br\/ribeiraopreto-regiao\/#\/schema\/person\/16057b37a3c0ee6b096d7f887c566e2e"},"headline":"Mulheres negras recebem 48% do que ganham homens brancos","datePublished":"2023-08-05T11:00:57+00:00","mainEntityOfPage":{"@id":"https:\/\/redenoticiaz.com.br\/ribeiraopreto-regiao\/sp\/2023\/08\/05\/mulheres-negras-recebem-48-do-que-ganham-homens-brancos"},"wordCount":552,"commentCount":0,"publisher":{"@id":"https:\/\/redenoticiaz.com.br\/ribeiraopreto-regiao\/#organization"},"image":{"@id":"https:\/\/redenoticiaz.com.br\/ribeiraopreto-regiao\/sp\/2023\/08\/05\/mulheres-negras-recebem-48-do-que-ganham-homens-brancos#primaryimage"},"thumbnailUrl":"https:\/\/redenoticiaz.com.br\/ribeiraopreto-regiao\/wp-content\/uploads\/sites\/4\/2023\/04\/quais-sao-todas-as-funcoes-da-empregada-domestica-20220221170818.jpg.jpg","keywords":[". pessoas pretas","homens brancos","Ibre\/FGV","mulheres pretas"],"articleSection":["A\u00e7\u00e3o Social","Direitos Humanos"],"inLanguage":"pt-BR","potentialAction":[{"@type":"CommentAction","name":"Comment","target":["https:\/\/redenoticiaz.com.br\/ribeiraopreto-regiao\/sp\/2023\/08\/05\/mulheres-negras-recebem-48-do-que-ganham-homens-brancos#respond"]}]},{"@type":"WebPage","@id":"https:\/\/redenoticiaz.com.br\/ribeiraopreto-regiao\/sp\/2023\/08\/05\/mulheres-negras-recebem-48-do-que-ganham-homens-brancos","url":"https:\/\/redenoticiaz.com.br\/ribeiraopreto-regiao\/sp\/2023\/08\/05\/mulheres-negras-recebem-48-do-que-ganham-homens-brancos","name":"Mulheres negras recebem 48% do que ganham homens brancos - Ribeir\u00e3o Preto e Regi\u00e3o","isPartOf":{"@id":"https:\/\/redenoticiaz.com.br\/ribeiraopreto-regiao\/#website"},"primaryImageOfPage":{"@id":"https:\/\/redenoticiaz.com.br\/ribeiraopreto-regiao\/sp\/2023\/08\/05\/mulheres-negras-recebem-48-do-que-ganham-homens-brancos#primaryimage"},"image":{"@id":"https:\/\/redenoticiaz.com.br\/ribeiraopreto-regiao\/sp\/2023\/08\/05\/mulheres-negras-recebem-48-do-que-ganham-homens-brancos#primaryimage"},"thumbnailUrl":"https:\/\/redenoticiaz.com.br\/ribeiraopreto-regiao\/wp-content\/uploads\/sites\/4\/2023\/04\/quais-sao-todas-as-funcoes-da-empregada-domestica-20220221170818.jpg.jpg","datePublished":"2023-08-05T11:00:57+00:00","description":"Ibre\/FGV aponta que, no primeiro trimestre de 2023, a remunera\u00e7\u00e3o m\u00e9dia das mulheres negras era de R$ 1.948.","inLanguage":"pt-BR","potentialAction":[{"@type":"ReadAction","target":["https:\/\/redenoticiaz.com.br\/ribeiraopreto-regiao\/sp\/2023\/08\/05\/mulheres-negras-recebem-48-do-que-ganham-homens-brancos"]}]},{"@type":"ImageObject","inLanguage":"pt-BR","@id":"https:\/\/redenoticiaz.com.br\/ribeiraopreto-regiao\/sp\/2023\/08\/05\/mulheres-negras-recebem-48-do-que-ganham-homens-brancos#primaryimage","url":"https:\/\/redenoticiaz.com.br\/ribeiraopreto-regiao\/wp-content\/uploads\/sites\/4\/2023\/04\/quais-sao-todas-as-funcoes-da-empregada-domestica-20220221170818.jpg.jpg","contentUrl":"https:\/\/redenoticiaz.com.br\/ribeiraopreto-regiao\/wp-content\/uploads\/sites\/4\/2023\/04\/quais-sao-todas-as-funcoes-da-empregada-domestica-20220221170818.jpg.jpg","width":800,"height":450,"caption":"A diarista Francisca Ara\u00fajo de Carvalho, de 48 anos, conta, por exemplo, que alguns empregadores n\u00e3o respeitam o limite de oito horas di\u00e1rias de servi\u00e7o. \u201cT\u00eam pessoas que chamam uma vez por m\u00eas e quer que fa\u00e7amos todo o servi\u00e7o de um m\u00eas em uma di\u00e1ria. E, geralmente, passamos do hor\u00e1rio. Ou voc\u00ea d\u00e1 conta ou a pessoa n\u00e3o te contrata\u201d, disse. Segundo Luiza Batista, houve avan\u00e7os, mas a igualdade com os demais trabalhadores ainda n\u00e3o acontece de forma integral. Para ela, \u00e9 preciso aprofundar as conquistas da PEC das Dom\u00e9sticas, com a universaliza\u00e7\u00e3o dos direitos dos demais trabalhadores, como seguro-desemprego e atestado m\u00e9dico. A coordenadora da Fenatrad explicou que as dom\u00e9sticas s\u00f3 t\u00eam direito a tr\u00eas parcelas do seguro-desemprego, no valor de um sal\u00e1rio m\u00ednimo nacional (hoje em R$ 1.302), enquanto as demais categorias t\u00eam direito a cinco parcelas, at\u00e9 o teto m\u00e1ximo do seguro-desemprego, que est\u00e1 em R$ 2.230.97. Em rela\u00e7\u00e3o ao atestado m\u00e9dico, trabalhadores em geral t\u00eam o sal\u00e1rio pago pelo INSS ap\u00f3s 14 dias de afastamento. J\u00e1 para as dom\u00e9sticas, a legisla\u00e7\u00e3o n\u00e3o \u00e9 clara. Segundo Luiza, caberia ao INSS pagar desde o 1\u00ba dia de afastamento, mas isso n\u00e3o acontece na pr\u00e1tica, o que acaba criando um jogo de empurra entre empregador e INSS. Tamb\u00e9m s\u00e3o prioridades para a categoria uma maior oferta de creches, de escolas em tempo integral e a retomada do Trabalho Dom\u00e9stico Cidad\u00e3o (TDC), programa criado em 2006, que oferecia forma\u00e7\u00e3o escolar e qualifica\u00e7\u00e3o profissional aos trabalhadores. A Fenatrad participou da transi\u00e7\u00e3o do governo do presidente Luiz In\u00e1cio Lula na Silva em dois subgrupos de trabalho, de pol\u00edticas para mulheres e de desigualdade e g\u00eanero. Agora, a entidade espera que o governo retome as pol\u00edticas p\u00fablicas e reveja alguns pontos da lei. \u201cE esperamos que a economia comece a alavancar e que a classe m\u00e9dia volte a ter o padr\u00e3o de vida que tinha antes [da pandemia]. A maioria dos nossos empregadores \u00e9 de classe m\u00e9dia. Quando torcemos por n\u00f3s, tamb\u00e9m torcemos para outras classes sociais, a nossa empregabilidade vem dessas pessoas\u201d, argumentou. A ministra das Mulheres, Cida Gon\u00e7alves, avalia que PEC das Dom\u00e9sticas foi um \"marco na revis\u00e3o da hist\u00f3ria de explora\u00e7\u00e3o do Brasil e de garantia dos direitos das mulheres\". Ela destacou que a categoria \u00e9 formada em sua maioria por mulheres negras. No entanto, ainda h\u00e1 desafios a serem enfrentados. \"Apesar de ter trazido muitos avan\u00e7os e mudado a hist\u00f3ria de milh\u00f5es de pessoas ao longo desta d\u00e9cada, h\u00e1 ainda muitos desafios a serem superados para aumentar a contrata\u00e7\u00e3o formal. Para isso, \u00e9 preciso enfrentar o racismo estrutural e o machismo na sociedade, al\u00e9m de sempre atuar com pol\u00edticas p\u00fablicas para assegurar a autonomia econ\u00f4mica das mulheres\", afimou. A ministra ressaltou que o governo federal anunciou no m\u00eas passado pol\u00edticas que contribuem para a categoria como a assinatura da Conven\u00e7\u00e3o 156 da Organiza\u00e7\u00e3o Internacional do Trabalho (OIT), que trata dos direitos dos trabalhadores com responsabilidades familiares - e a cria\u00e7\u00e3o de um grupo de trabalho para construir uma Pol\u00edtica Nacional de Cuidados."},{"@type":"WebSite","@id":"https:\/\/redenoticiaz.com.br\/ribeiraopreto-regiao\/#website","url":"https:\/\/redenoticiaz.com.br\/ribeiraopreto-regiao\/","name":"Ribeir\u00e3o Preto e Regi\u00e3o","description":"Rede NoticiaZ - Ribeir\u00e3o Preto e regi\u00e3o","publisher":{"@id":"https:\/\/redenoticiaz.com.br\/ribeiraopreto-regiao\/#organization"},"potentialAction":[{"@type":"SearchAction","target":{"@type":"EntryPoint","urlTemplate":"https:\/\/redenoticiaz.com.br\/ribeiraopreto-regiao\/?s={search_term_string}"},"query-input":{"@type":"PropertyValueSpecification","valueRequired":true,"valueName":"search_term_string"}}],"inLanguage":"pt-BR"},{"@type":"Organization","@id":"https:\/\/redenoticiaz.com.br\/ribeiraopreto-regiao\/#organization","name":"Ribeir\u00e3o Preto e Regi\u00e3o","url":"https:\/\/redenoticiaz.com.br\/ribeiraopreto-regiao\/","logo":{"@type":"ImageObject","inLanguage":"pt-BR","@id":"https:\/\/redenoticiaz.com.br\/ribeiraopreto-regiao\/#\/schema\/logo\/image\/","url":"https:\/\/redenoticiaz.com.br\/barretos-regiao\/wp-content\/uploads\/sites\/4\/2022\/02\/logo.jpg","contentUrl":"https:\/\/redenoticiaz.com.br\/barretos-regiao\/wp-content\/uploads\/sites\/4\/2022\/02\/logo.jpg","width":400,"height":250,"caption":"Ribeir\u00e3o Preto e Regi\u00e3o"},"image":{"@id":"https:\/\/redenoticiaz.com.br\/ribeiraopreto-regiao\/#\/schema\/logo\/image\/"},"sameAs":["https:\/\/m.facebook.com\/redenoticiaz.barretos","https:\/\/x.com\/RN_barretos","https:\/\/www.instagram.com\/redenoticiaz.barretos\/?igshid=YmMyMTA2M2Y","https:\/\/www.linkedin.com\/company\/rede-noticiaz-barretos-e-regio\/"]},{"@type":"Person","@id":"https:\/\/redenoticiaz.com.br\/ribeiraopreto-regiao\/#\/schema\/person\/16057b37a3c0ee6b096d7f887c566e2e","name":"Gustavo Silva","image":{"@type":"ImageObject","inLanguage":"pt-BR","@id":"https:\/\/secure.gravatar.com\/avatar\/3ee4e82f93b26de0a7cf4ea5eb7893da637ed6bb0c9170c58065944c56e28a33?s=96&d=mm&r=g","url":"https:\/\/secure.gravatar.com\/avatar\/3ee4e82f93b26de0a7cf4ea5eb7893da637ed6bb0c9170c58065944c56e28a33?s=96&d=mm&r=g","contentUrl":"https:\/\/secure.gravatar.com\/avatar\/3ee4e82f93b26de0a7cf4ea5eb7893da637ed6bb0c9170c58065944c56e28a33?s=96&d=mm&r=g","caption":"Gustavo Silva"},"url":"https:\/\/redenoticiaz.com.br\/ribeiraopreto-regiao\/sp\/author\/gustavosilva"}]}},"_links":{"self":[{"href":"https:\/\/redenoticiaz.com.br\/ribeiraopreto-regiao\/wp-json\/wp\/v2\/posts\/108903","targetHints":{"allow":["GET"]}}],"collection":[{"href":"https:\/\/redenoticiaz.com.br\/ribeiraopreto-regiao\/wp-json\/wp\/v2\/posts"}],"about":[{"href":"https:\/\/redenoticiaz.com.br\/ribeiraopreto-regiao\/wp-json\/wp\/v2\/types\/post"}],"author":[{"embeddable":true,"href":"https:\/\/redenoticiaz.com.br\/ribeiraopreto-regiao\/wp-json\/wp\/v2\/users\/12"}],"replies":[{"embeddable":true,"href":"https:\/\/redenoticiaz.com.br\/ribeiraopreto-regiao\/wp-json\/wp\/v2\/comments?post=108903"}],"version-history":[{"count":0,"href":"https:\/\/redenoticiaz.com.br\/ribeiraopreto-regiao\/wp-json\/wp\/v2\/posts\/108903\/revisions"}],"wp:featuredmedia":[{"embeddable":true,"href":"https:\/\/redenoticiaz.com.br\/ribeiraopreto-regiao\/wp-json\/wp\/v2\/media\/103147"}],"wp:attachment":[{"href":"https:\/\/redenoticiaz.com.br\/ribeiraopreto-regiao\/wp-json\/wp\/v2\/media?parent=108903"}],"wp:term":[{"taxonomy":"category","embeddable":true,"href":"https:\/\/redenoticiaz.com.br\/ribeiraopreto-regiao\/wp-json\/wp\/v2\/categories?post=108903"},{"taxonomy":"post_tag","embeddable":true,"href":"https:\/\/redenoticiaz.com.br\/ribeiraopreto-regiao\/wp-json\/wp\/v2\/tags?post=108903"}],"curies":[{"name":"wp","href":"https:\/\/api.w.org\/{rel}","templated":true}]}}