{"id":109016,"date":"2023-08-05T09:00:48","date_gmt":"2023-08-05T12:00:48","guid":{"rendered":"https:\/\/redenoticiaz.com.br\/barretos-regiao\/?p=109016"},"modified":"2023-08-02T11:40:17","modified_gmt":"2023-08-02T14:40:17","slug":"comissao-organizadora-do-folclore-divulga-mapa-do-evento-e-preparativos-da-estrutura-da-festa","status":"publish","type":"post","link":"https:\/\/redenoticiaz.com.br\/ribeiraopreto-regiao\/sp\/2023\/08\/05\/comissao-organizadora-do-folclore-divulga-mapa-do-evento-e-preparativos-da-estrutura-da-festa","title":{"rendered":"Comiss\u00e3o Organizadora do Folclore divulga mapa do evento e preparativos da estrutura da festa"},"content":{"rendered":"<p class=\"v1MsoNormal\"><span style=\"font-family: arial, sans-serif\">Na semana que antecede o 59\u00ba Festival do Folclore da Est\u00e2ncia Tur\u00edstica de Ol\u00edmpia, os preparativos para deixar o Recinto do Folclore &#8220;Professor Jos\u00e9 Sant&#8217;anna&#8221; e a estrutura do evento prontos ganham ritmo acelerado. Tudo para receber o p\u00fablico esperado de mais de 160 mil pessoas com qualidade e comodidade, entre os dias 05 e 13 de agosto de 2023.<\/span><\/p>\n<p class=\"v1MsoNormal\"><span style=\"font-family: arial, sans-serif\">Pensando nisso e na presen\u00e7a cada vez maior de espectadores e grupos visitantes que estar\u00e3o na festa pela primeira vez, a Comiss\u00e3o Organizadora divulgou o mapa do evento, indicando os espa\u00e7os e ambientes da festa, como a localiza\u00e7\u00e3o das barracas e pra\u00e7a de alimenta\u00e7\u00e3o, Vila Brasil, Pavilh\u00e3o do Artesanato e do Mini Festival, Museu do Folclore, estacionamento, entre outros.<\/span><\/p>\n<p class=\"v1MsoNormal\"><span style=\"font-family: arial, sans-serif\">Al\u00e9m disso, o Recinto receber\u00e1 ainda nova sinaliza\u00e7\u00e3o indicativa personalizada, com placas instrutivas para direcionar o p\u00fablico, que est\u00e3o sendo instaladas em pontos estrat\u00e9gicos.<\/span><\/p>\n<p class=\"v1MsoNormal\"><span style=\"font-family: arial, sans-serif\">Os cuidados tamb\u00e9m est\u00e3o nas barracas, arquibancadas e corredores de passagem que passam por nova pintura e est\u00e3o recebendo decora\u00e7\u00e3o especial tem\u00e1tica, em refer\u00eancia aos diversos elementos regionais da cultura brasileira. Fitas coloridas, guarda-chuvas de frevo, chitas e bal\u00f5es de S\u00e3o Jo\u00e3o s\u00e3o alguns dos enfeites que est\u00e3o dando cor e movimento para o Recinto.<\/span><\/p>\n<p class=\"v1MsoNormal\"><span style=\"font-family: arial, sans-serif\">Tendas tamb\u00e9m ser\u00e3o montadas nas arquibancadas para trazer mais conforto e a \u00e1rea do parque de divers\u00f5es recebeu novas passagens com cal\u00e7amento constru\u00eddo com pe\u00e7as de paralelep\u00edpedos removidas das ruas e coloca\u00e7\u00e3o de pedra brita para oferecer mais qualidade e minimizar os espa\u00e7os de ch\u00e3o de terra.<\/span><\/p>\n<p class=\"v1MsoNormal\"><span style=\"font-family: arial, sans-serif\">Na arena, a decora\u00e7\u00e3o ter\u00e1 um toque especial em refer\u00eancia ao grupo homenageado, Parafusos (SE), com seus chap\u00e9us iluminados que prometem deixar o espa\u00e7o, que ganhou cara nova com a reforma do ano passado, ainda mais bonito. Ainda tendo como inspira\u00e7\u00e3o o grupo homenageado deste ano, uma escultura de mais de 5 metros de altura acaba de chegar ao Recinto para ocupar lugar de destaque no alto picadeiro.<\/span><\/p>\n<p class=\"v1MsoNormal\"><span style=\"font-family: arial, sans-serif\">Trata-se de uma est\u00e1tua que representa o personagem Parafuso confeccionada com pe\u00e7as de metal reutilizadas, produzida pelo artista Adalto Costa, de 54 anos, de Mirassol \u2013 SP, conhecido em toda a regi\u00e3o como criador de rob\u00f4s. Na obra encomendada especialmente para o Festival do Folclore, foram usadas sucatas e pe\u00e7as de carros, motos, implementos agr\u00edcolas, tambores, corrente, engrenagens, entre outros materiais recicl\u00e1veis.<\/span><\/p>\n<p class=\"v1MsoNormal\"><b><span style=\"font-family: arial, sans-serif\">ESTRUTURA<\/span><\/b><\/p>\n<p class=\"v1MsoNormal\"><span style=\"font-family: arial, sans-serif\">O Festival do Folclore de Ol\u00edmpia \u00e9 um evento para toda a fam\u00edlia, para todas as idades e todos os p\u00fablicos, com entrada gratuita. A grande atra\u00e7\u00e3o da festa \u00e9 a verdadeira viagem pelo Brasil, que acontece no Palco Principal do Recinto do Folclore, com apresenta\u00e7\u00f5es de mais de 40 grupos de dan\u00e7as e manifesta\u00e7\u00f5es folcl\u00f3ricas de todas as regi\u00f5es brasileiras. Mas, ao mesmo tempo, tem muita divers\u00e3o, culin\u00e1ria e cultura rolando nos demais espa\u00e7os da festa.<\/span><\/p>\n<p class=\"v1MsoNormal\"><span style=\"font-family: arial, sans-serif\">Para isso, mais de 40 barracas e espa\u00e7os de alimenta\u00e7\u00e3o estar\u00e3o dispon\u00edveis para comercializa\u00e7\u00e3o de bebidas e alimentos diversos, entre comerciantes particulares, que licitaram os locais, e tamb\u00e9m entidades assistenciais e grupos de servi\u00e7os que tiveram espa\u00e7os cedidos pela Comiss\u00e3o para arrecadarem recursos que ser\u00e3o revertidos para projetos e atendimento \u00e0s fam\u00edlias que precisam.<\/span><\/p>\n<p class=\"v1MsoNormal\"><span style=\"font-family: arial, sans-serif\">Vale lembrar que foram definidos valores m\u00e1ximos para o com\u00e9rcio de bebidas, sendo R$ 7,00 a unidade da cerveja lata de 350ml; R$ 8,00 a cerveja lata 550ml e 473ml; a R$ 6,00 o refrigerante lata 350ml; R$ 5,00 o refrigerante lata 310ml; e R$ 4,00 a \u00e1gua. Os produtos comercializados n\u00e3o podem ser vendidos em recipientes de vidro, bebidas alco\u00f3licas s\u00e3o terminantemente proibidas para menores e todo o manuseio de produtos e alimentos deve respeitar as condi\u00e7\u00f5es de higiene.<\/span><\/p>\n<p class=\"v1MsoNormal\"><span style=\"font-family: arial, sans-serif\">No Pavilh\u00e3o do Artesanato, al\u00e9m de apresenta\u00e7\u00f5es culturais no espa\u00e7o &#8220;Tradi\u00e7\u00e3o e Movimento&#8221;, haver\u00e1 ainda cerca de 20 estandes de artesanato. Produtos feitos em tear, arte em resina, bordados, macram\u00ea, costura criativa, souvenirs de Ol\u00edmpia e do FEFOL, trabalhos e pe\u00e7as em madeira, acess\u00f3rios, plantas, artigos religiosos, obras de arte, bebidas artesanais e o t\u00edpico tran\u00e7ado estrela feito com a palha de milho s\u00e3o algumas das pe\u00e7as que poder\u00e3o ser encontradas no pavilh\u00e3o.<\/span><\/p>\n<p class=\"v1MsoNormal\"><span style=\"font-family: arial, sans-serif\">O parque de divers\u00f5es, conforme j\u00e1 anunciado, ser\u00e1 mais uma vez o Vitinho Park, com diversas atra\u00e7\u00f5es, entre brinquedos infantis, moderados e radicais. O ingresso ter\u00e1 o valor unit\u00e1rio m\u00e1ximo de R$ 10,00 (dez reais), podendo, exclusivamente, a Roda Gigante ter um acr\u00e9scimo de 50% em rela\u00e7\u00e3o \u00e0s demais atra\u00e7\u00f5es.<\/span><\/p>\n<p class=\"v1MsoNormal\"><span style=\"font-family: arial, sans-serif\">Foi regulamentada tamb\u00e9m a estrutura de estacionamento da festa, tendo em vista que, al\u00e9m do Estacionamento Oficial do Recinto, h\u00e1 ainda espa\u00e7os externos regularizados por meio de alvar\u00e1 de funcionamento para opera\u00e7\u00e3o durante o FEFOL. Vale destacar que, mais uma vez, o estacionamento oficial ter\u00e1 car\u00e1ter solid\u00e1rio, sob responsabilidade da Santa Casa de Miseric\u00f3rdia, com os valores di\u00e1rios de R$ 15,00 para motos, R$ 20,00 para autom\u00f3veis e caminhonetes e R$ 40,00 para caminh\u00e3o e \u00f4nibus. Os mesmos valores tamb\u00e9m devem ser os m\u00ednimos praticados nos estacionamentos externos ao Recinto, conforme regulamentado pelo Decreto N\u00ba 8.791\/2023, publicado no Di\u00e1rio Oficial Eletr\u00f4nico do dia 26 de julho.<\/span><\/p>\n<p class=\"v1MsoNormal\"><span style=\"font-family: arial, sans-serif\">O Festival do Folclore de Ol\u00edmpia \u00e9 uma realiza\u00e7\u00e3o da Prefeitura, por meio da secretaria de Turismo e Cultura, com apoio do projeto do Governo do Estado &#8211; ProAC, via Grupo Tereos, da Associa\u00e7\u00e3o Ol\u00edmpia para Todos, apoio institucional da TV Tem e patroc\u00ednio de empresas olimpienses.<\/span><\/p>\n<p class=\"v1MsoNormal\"><span style=\"font-family: arial, sans-serif\">\u00a0LEIA MAIS<\/span><\/p>\n<p><a href=\"https:\/\/redenoticiaz.com.br\/barretos-regiao\/sp\/2023\/08\/02\/prefeitura-realiza-5-feirao-de-emprego-com-cerca-de-300-vagas\">Prefeitura realiza 5\u00b0 Feir\u00e3o de Emprego, com cerca de 300 vagas<\/a><\/p>\n","protected":false},"excerpt":{"rendered":"<p>Na semana que antecede o 59\u00ba Festival do Folclore da Est\u00e2ncia Tur\u00edstica de Ol\u00edmpia, os preparativos para deixar o Recinto do Folclore &#8220;Professor Jos\u00e9 Sant&#8217;anna&#8221; e a estrutura do evento prontos ganham ritmo acelerado. Tudo para receber o p\u00fablico esperado de mais de 160 mil pessoas com qualidade e comodidade, entre os dias 05 e &hellip;<\/p>\n","protected":false},"author":30,"featured_media":109017,"comment_status":"open","ping_status":"closed","sticky":false,"template":"","format":"standard","meta":{"footnotes":""},"categories":[469],"tags":[18488,814,18821],"class_list":["post-109016","post","type-post","status-publish","format-standard","has-post-thumbnail","hentry","category-cultura","tag-festival-do-folclore","tag-olimpia","tag-parque"],"yoast_head":"<!-- This site is optimized with the Yoast SEO plugin v27.4 - https:\/\/yoast.com\/product\/yoast-seo-wordpress\/ -->\n<title>Comiss\u00e3o Organizadora do Folclore divulga mapa do evento e preparativos da estrutura da festa - Ribeir\u00e3o Preto e Regi\u00e3o<\/title>\n<meta name=\"description\" content=\"Na semana que antecede o 59\u00ba Festival do Folclore da Est\u00e2ncia Tur\u00edstica de Ol\u00edmpia, os preparativos para deixar o Recinto do Folclore.\" \/>\n<meta name=\"robots\" content=\"index, follow, max-snippet:-1, max-image-preview:large, max-video-preview:-1\" \/>\n<link rel=\"canonical\" href=\"https:\/\/redenoticiaz.com.br\/ribeiraopreto-regiao\/sp\/2023\/08\/05\/comissao-organizadora-do-folclore-divulga-mapa-do-evento-e-preparativos-da-estrutura-da-festa\" \/>\n<meta property=\"og:locale\" content=\"pt_BR\" \/>\n<meta property=\"og:type\" content=\"article\" \/>\n<meta property=\"og:title\" content=\"Comiss\u00e3o Organizadora do Folclore divulga mapa do evento e preparativos da estrutura da festa - Ribeir\u00e3o Preto e Regi\u00e3o\" \/>\n<meta property=\"og:description\" content=\"Na semana que antecede o 59\u00ba Festival do Folclore da Est\u00e2ncia Tur\u00edstica de Ol\u00edmpia, os preparativos para deixar o Recinto do Folclore.\" \/>\n<meta property=\"og:url\" content=\"https:\/\/redenoticiaz.com.br\/ribeiraopreto-regiao\/sp\/2023\/08\/05\/comissao-organizadora-do-folclore-divulga-mapa-do-evento-e-preparativos-da-estrutura-da-festa\" \/>\n<meta property=\"og:site_name\" content=\"Ribeir\u00e3o Preto e Regi\u00e3o\" \/>\n<meta property=\"article:publisher\" content=\"https:\/\/m.facebook.com\/redenoticiaz.barretos\" \/>\n<meta property=\"article:published_time\" content=\"2023-08-05T12:00:48+00:00\" \/>\n<meta property=\"og:image\" content=\"https:\/\/redenoticiaz.com.br\/ribeiraopreto-regiao\/wp-content\/uploads\/sites\/4\/2023\/08\/Preparativos-Recinto-9-scaled.jpg\" \/>\n\t<meta property=\"og:image:width\" content=\"1920\" \/>\n\t<meta property=\"og:image:height\" content=\"1080\" \/>\n\t<meta property=\"og:image:type\" content=\"image\/jpeg\" \/>\n<meta name=\"author\" content=\"Carina Reifonas\" \/>\n<meta name=\"twitter:card\" content=\"summary_large_image\" \/>\n<meta name=\"twitter:creator\" content=\"@RN_barretos\" \/>\n<meta name=\"twitter:site\" content=\"@RN_barretos\" \/>\n<meta name=\"twitter:label1\" content=\"Escrito por\" \/>\n\t<meta name=\"twitter:data1\" content=\"Carina Reifonas\" \/>\n\t<meta name=\"twitter:label2\" content=\"Est. tempo de leitura\" \/>\n\t<meta name=\"twitter:data2\" content=\"5 minutos\" \/>\n<script type=\"application\/ld+json\" class=\"yoast-schema-graph\">{\"@context\":\"https:\\\/\\\/schema.org\",\"@graph\":[{\"@type\":\"Article\",\"@id\":\"https:\\\/\\\/redenoticiaz.com.br\\\/ribeiraopreto-regiao\\\/sp\\\/2023\\\/08\\\/05\\\/comissao-organizadora-do-folclore-divulga-mapa-do-evento-e-preparativos-da-estrutura-da-festa#article\",\"isPartOf\":{\"@id\":\"https:\\\/\\\/redenoticiaz.com.br\\\/ribeiraopreto-regiao\\\/sp\\\/2023\\\/08\\\/05\\\/comissao-organizadora-do-folclore-divulga-mapa-do-evento-e-preparativos-da-estrutura-da-festa\"},\"author\":{\"name\":\"Carina Reifonas\",\"@id\":\"https:\\\/\\\/redenoticiaz.com.br\\\/ribeiraopreto-regiao\\\/#\\\/schema\\\/person\\\/1f84d6e94e6a62d2d81199d7503e9e90\"},\"headline\":\"Comiss\u00e3o Organizadora do Folclore divulga mapa do evento e preparativos da estrutura da festa\",\"datePublished\":\"2023-08-05T12:00:48+00:00\",\"mainEntityOfPage\":{\"@id\":\"https:\\\/\\\/redenoticiaz.com.br\\\/ribeiraopreto-regiao\\\/sp\\\/2023\\\/08\\\/05\\\/comissao-organizadora-do-folclore-divulga-mapa-do-evento-e-preparativos-da-estrutura-da-festa\"},\"wordCount\":984,\"commentCount\":0,\"publisher\":{\"@id\":\"https:\\\/\\\/redenoticiaz.com.br\\\/ribeiraopreto-regiao\\\/#organization\"},\"image\":{\"@id\":\"https:\\\/\\\/redenoticiaz.com.br\\\/ribeiraopreto-regiao\\\/sp\\\/2023\\\/08\\\/05\\\/comissao-organizadora-do-folclore-divulga-mapa-do-evento-e-preparativos-da-estrutura-da-festa#primaryimage\"},\"thumbnailUrl\":\"https:\\\/\\\/redenoticiaz.com.br\\\/ribeiraopreto-regiao\\\/wp-content\\\/uploads\\\/sites\\\/4\\\/2023\\\/08\\\/Preparativos-Recinto-9-scaled.jpg\",\"keywords\":[\"FESTIVAL DO FOLCLORE\",\"OLIMP\u00cdA\",\"Parque\"],\"articleSection\":[\"Cultura\"],\"inLanguage\":\"pt-BR\",\"potentialAction\":[{\"@type\":\"CommentAction\",\"name\":\"Comment\",\"target\":[\"https:\\\/\\\/redenoticiaz.com.br\\\/ribeiraopreto-regiao\\\/sp\\\/2023\\\/08\\\/05\\\/comissao-organizadora-do-folclore-divulga-mapa-do-evento-e-preparativos-da-estrutura-da-festa#respond\"]}]},{\"@type\":\"WebPage\",\"@id\":\"https:\\\/\\\/redenoticiaz.com.br\\\/ribeiraopreto-regiao\\\/sp\\\/2023\\\/08\\\/05\\\/comissao-organizadora-do-folclore-divulga-mapa-do-evento-e-preparativos-da-estrutura-da-festa\",\"url\":\"https:\\\/\\\/redenoticiaz.com.br\\\/ribeiraopreto-regiao\\\/sp\\\/2023\\\/08\\\/05\\\/comissao-organizadora-do-folclore-divulga-mapa-do-evento-e-preparativos-da-estrutura-da-festa\",\"name\":\"Comiss\u00e3o Organizadora do Folclore divulga mapa do evento e preparativos da estrutura da festa - Ribeir\u00e3o Preto e Regi\u00e3o\",\"isPartOf\":{\"@id\":\"https:\\\/\\\/redenoticiaz.com.br\\\/ribeiraopreto-regiao\\\/#website\"},\"primaryImageOfPage\":{\"@id\":\"https:\\\/\\\/redenoticiaz.com.br\\\/ribeiraopreto-regiao\\\/sp\\\/2023\\\/08\\\/05\\\/comissao-organizadora-do-folclore-divulga-mapa-do-evento-e-preparativos-da-estrutura-da-festa#primaryimage\"},\"image\":{\"@id\":\"https:\\\/\\\/redenoticiaz.com.br\\\/ribeiraopreto-regiao\\\/sp\\\/2023\\\/08\\\/05\\\/comissao-organizadora-do-folclore-divulga-mapa-do-evento-e-preparativos-da-estrutura-da-festa#primaryimage\"},\"thumbnailUrl\":\"https:\\\/\\\/redenoticiaz.com.br\\\/ribeiraopreto-regiao\\\/wp-content\\\/uploads\\\/sites\\\/4\\\/2023\\\/08\\\/Preparativos-Recinto-9-scaled.jpg\",\"datePublished\":\"2023-08-05T12:00:48+00:00\",\"description\":\"Na semana que antecede o 59\u00ba Festival do Folclore da Est\u00e2ncia Tur\u00edstica de Ol\u00edmpia, os preparativos para deixar o Recinto do Folclore.\",\"inLanguage\":\"pt-BR\",\"potentialAction\":[{\"@type\":\"ReadAction\",\"target\":[\"https:\\\/\\\/redenoticiaz.com.br\\\/ribeiraopreto-regiao\\\/sp\\\/2023\\\/08\\\/05\\\/comissao-organizadora-do-folclore-divulga-mapa-do-evento-e-preparativos-da-estrutura-da-festa\"]}]},{\"@type\":\"ImageObject\",\"inLanguage\":\"pt-BR\",\"@id\":\"https:\\\/\\\/redenoticiaz.com.br\\\/ribeiraopreto-regiao\\\/sp\\\/2023\\\/08\\\/05\\\/comissao-organizadora-do-folclore-divulga-mapa-do-evento-e-preparativos-da-estrutura-da-festa#primaryimage\",\"url\":\"https:\\\/\\\/redenoticiaz.com.br\\\/ribeiraopreto-regiao\\\/wp-content\\\/uploads\\\/sites\\\/4\\\/2023\\\/08\\\/Preparativos-Recinto-9-scaled.jpg\",\"contentUrl\":\"https:\\\/\\\/redenoticiaz.com.br\\\/ribeiraopreto-regiao\\\/wp-content\\\/uploads\\\/sites\\\/4\\\/2023\\\/08\\\/Preparativos-Recinto-9-scaled.jpg\",\"width\":1920,\"height\":1080,\"caption\":\"Cr\u00e9dito: Divulga\u00e7\u00e3o\"},{\"@type\":\"WebSite\",\"@id\":\"https:\\\/\\\/redenoticiaz.com.br\\\/ribeiraopreto-regiao\\\/#website\",\"url\":\"https:\\\/\\\/redenoticiaz.com.br\\\/ribeiraopreto-regiao\\\/\",\"name\":\"Ribeir\u00e3o Preto e Regi\u00e3o\",\"description\":\"Rede NoticiaZ - Ribeir\u00e3o Preto e regi\u00e3o\",\"publisher\":{\"@id\":\"https:\\\/\\\/redenoticiaz.com.br\\\/ribeiraopreto-regiao\\\/#organization\"},\"potentialAction\":[{\"@type\":\"SearchAction\",\"target\":{\"@type\":\"EntryPoint\",\"urlTemplate\":\"https:\\\/\\\/redenoticiaz.com.br\\\/ribeiraopreto-regiao\\\/?s={search_term_string}\"},\"query-input\":{\"@type\":\"PropertyValueSpecification\",\"valueRequired\":true,\"valueName\":\"search_term_string\"}}],\"inLanguage\":\"pt-BR\"},{\"@type\":\"Organization\",\"@id\":\"https:\\\/\\\/redenoticiaz.com.br\\\/ribeiraopreto-regiao\\\/#organization\",\"name\":\"Ribeir\u00e3o Preto e Regi\u00e3o\",\"url\":\"https:\\\/\\\/redenoticiaz.com.br\\\/ribeiraopreto-regiao\\\/\",\"logo\":{\"@type\":\"ImageObject\",\"inLanguage\":\"pt-BR\",\"@id\":\"https:\\\/\\\/redenoticiaz.com.br\\\/ribeiraopreto-regiao\\\/#\\\/schema\\\/logo\\\/image\\\/\",\"url\":\"https:\\\/\\\/redenoticiaz.com.br\\\/barretos-regiao\\\/wp-content\\\/uploads\\\/sites\\\/4\\\/2022\\\/02\\\/logo.jpg\",\"contentUrl\":\"https:\\\/\\\/redenoticiaz.com.br\\\/barretos-regiao\\\/wp-content\\\/uploads\\\/sites\\\/4\\\/2022\\\/02\\\/logo.jpg\",\"width\":400,\"height\":250,\"caption\":\"Ribeir\u00e3o Preto e Regi\u00e3o\"},\"image\":{\"@id\":\"https:\\\/\\\/redenoticiaz.com.br\\\/ribeiraopreto-regiao\\\/#\\\/schema\\\/logo\\\/image\\\/\"},\"sameAs\":[\"https:\\\/\\\/m.facebook.com\\\/redenoticiaz.barretos\",\"https:\\\/\\\/x.com\\\/RN_barretos\",\"https:\\\/\\\/www.instagram.com\\\/redenoticiaz.barretos\\\/?igshid=YmMyMTA2M2Y\",\"https:\\\/\\\/www.linkedin.com\\\/company\\\/rede-noticiaz-barretos-e-regio\\\/\"]},{\"@type\":\"Person\",\"@id\":\"https:\\\/\\\/redenoticiaz.com.br\\\/ribeiraopreto-regiao\\\/#\\\/schema\\\/person\\\/1f84d6e94e6a62d2d81199d7503e9e90\",\"name\":\"Carina Reifonas\",\"image\":{\"@type\":\"ImageObject\",\"inLanguage\":\"pt-BR\",\"@id\":\"https:\\\/\\\/secure.gravatar.com\\\/avatar\\\/04c59859b23696cf867715880f81d5c037e60109730bdb4e6670ec2a2245bc97?s=96&d=mm&r=g\",\"url\":\"https:\\\/\\\/secure.gravatar.com\\\/avatar\\\/04c59859b23696cf867715880f81d5c037e60109730bdb4e6670ec2a2245bc97?s=96&d=mm&r=g\",\"contentUrl\":\"https:\\\/\\\/secure.gravatar.com\\\/avatar\\\/04c59859b23696cf867715880f81d5c037e60109730bdb4e6670ec2a2245bc97?s=96&d=mm&r=g\",\"caption\":\"Carina Reifonas\"},\"url\":\"https:\\\/\\\/redenoticiaz.com.br\\\/ribeiraopreto-regiao\\\/sp\\\/author\\\/carinareifonas\"}]}<\/script>\n<!-- \/ Yoast SEO plugin. -->","yoast_head_json":{"title":"Comiss\u00e3o Organizadora do Folclore divulga mapa do evento e preparativos da estrutura da festa - Ribeir\u00e3o Preto e Regi\u00e3o","description":"Na semana que antecede o 59\u00ba Festival do Folclore da Est\u00e2ncia Tur\u00edstica de Ol\u00edmpia, os preparativos para deixar o Recinto do Folclore.","robots":{"index":"index","follow":"follow","max-snippet":"max-snippet:-1","max-image-preview":"max-image-preview:large","max-video-preview":"max-video-preview:-1"},"canonical":"https:\/\/redenoticiaz.com.br\/ribeiraopreto-regiao\/sp\/2023\/08\/05\/comissao-organizadora-do-folclore-divulga-mapa-do-evento-e-preparativos-da-estrutura-da-festa","og_locale":"pt_BR","og_type":"article","og_title":"Comiss\u00e3o Organizadora do Folclore divulga mapa do evento e preparativos da estrutura da festa - Ribeir\u00e3o Preto e Regi\u00e3o","og_description":"Na semana que antecede o 59\u00ba Festival do Folclore da Est\u00e2ncia Tur\u00edstica de Ol\u00edmpia, os preparativos para deixar o Recinto do Folclore.","og_url":"https:\/\/redenoticiaz.com.br\/ribeiraopreto-regiao\/sp\/2023\/08\/05\/comissao-organizadora-do-folclore-divulga-mapa-do-evento-e-preparativos-da-estrutura-da-festa","og_site_name":"Ribeir\u00e3o Preto e Regi\u00e3o","article_publisher":"https:\/\/m.facebook.com\/redenoticiaz.barretos","article_published_time":"2023-08-05T12:00:48+00:00","og_image":[{"width":1920,"height":1080,"url":"https:\/\/redenoticiaz.com.br\/ribeiraopreto-regiao\/wp-content\/uploads\/sites\/4\/2023\/08\/Preparativos-Recinto-9-scaled.jpg","type":"image\/jpeg"}],"author":"Carina Reifonas","twitter_card":"summary_large_image","twitter_creator":"@RN_barretos","twitter_site":"@RN_barretos","twitter_misc":{"Escrito por":"Carina Reifonas","Est. tempo de leitura":"5 minutos"},"schema":{"@context":"https:\/\/schema.org","@graph":[{"@type":"Article","@id":"https:\/\/redenoticiaz.com.br\/ribeiraopreto-regiao\/sp\/2023\/08\/05\/comissao-organizadora-do-folclore-divulga-mapa-do-evento-e-preparativos-da-estrutura-da-festa#article","isPartOf":{"@id":"https:\/\/redenoticiaz.com.br\/ribeiraopreto-regiao\/sp\/2023\/08\/05\/comissao-organizadora-do-folclore-divulga-mapa-do-evento-e-preparativos-da-estrutura-da-festa"},"author":{"name":"Carina Reifonas","@id":"https:\/\/redenoticiaz.com.br\/ribeiraopreto-regiao\/#\/schema\/person\/1f84d6e94e6a62d2d81199d7503e9e90"},"headline":"Comiss\u00e3o Organizadora do Folclore divulga mapa do evento e preparativos da estrutura da festa","datePublished":"2023-08-05T12:00:48+00:00","mainEntityOfPage":{"@id":"https:\/\/redenoticiaz.com.br\/ribeiraopreto-regiao\/sp\/2023\/08\/05\/comissao-organizadora-do-folclore-divulga-mapa-do-evento-e-preparativos-da-estrutura-da-festa"},"wordCount":984,"commentCount":0,"publisher":{"@id":"https:\/\/redenoticiaz.com.br\/ribeiraopreto-regiao\/#organization"},"image":{"@id":"https:\/\/redenoticiaz.com.br\/ribeiraopreto-regiao\/sp\/2023\/08\/05\/comissao-organizadora-do-folclore-divulga-mapa-do-evento-e-preparativos-da-estrutura-da-festa#primaryimage"},"thumbnailUrl":"https:\/\/redenoticiaz.com.br\/ribeiraopreto-regiao\/wp-content\/uploads\/sites\/4\/2023\/08\/Preparativos-Recinto-9-scaled.jpg","keywords":["FESTIVAL DO FOLCLORE","OLIMP\u00cdA","Parque"],"articleSection":["Cultura"],"inLanguage":"pt-BR","potentialAction":[{"@type":"CommentAction","name":"Comment","target":["https:\/\/redenoticiaz.com.br\/ribeiraopreto-regiao\/sp\/2023\/08\/05\/comissao-organizadora-do-folclore-divulga-mapa-do-evento-e-preparativos-da-estrutura-da-festa#respond"]}]},{"@type":"WebPage","@id":"https:\/\/redenoticiaz.com.br\/ribeiraopreto-regiao\/sp\/2023\/08\/05\/comissao-organizadora-do-folclore-divulga-mapa-do-evento-e-preparativos-da-estrutura-da-festa","url":"https:\/\/redenoticiaz.com.br\/ribeiraopreto-regiao\/sp\/2023\/08\/05\/comissao-organizadora-do-folclore-divulga-mapa-do-evento-e-preparativos-da-estrutura-da-festa","name":"Comiss\u00e3o Organizadora do Folclore divulga mapa do evento e preparativos da estrutura da festa - Ribeir\u00e3o Preto e Regi\u00e3o","isPartOf":{"@id":"https:\/\/redenoticiaz.com.br\/ribeiraopreto-regiao\/#website"},"primaryImageOfPage":{"@id":"https:\/\/redenoticiaz.com.br\/ribeiraopreto-regiao\/sp\/2023\/08\/05\/comissao-organizadora-do-folclore-divulga-mapa-do-evento-e-preparativos-da-estrutura-da-festa#primaryimage"},"image":{"@id":"https:\/\/redenoticiaz.com.br\/ribeiraopreto-regiao\/sp\/2023\/08\/05\/comissao-organizadora-do-folclore-divulga-mapa-do-evento-e-preparativos-da-estrutura-da-festa#primaryimage"},"thumbnailUrl":"https:\/\/redenoticiaz.com.br\/ribeiraopreto-regiao\/wp-content\/uploads\/sites\/4\/2023\/08\/Preparativos-Recinto-9-scaled.jpg","datePublished":"2023-08-05T12:00:48+00:00","description":"Na semana que antecede o 59\u00ba Festival do Folclore da Est\u00e2ncia Tur\u00edstica de Ol\u00edmpia, os preparativos para deixar o Recinto do Folclore.","inLanguage":"pt-BR","potentialAction":[{"@type":"ReadAction","target":["https:\/\/redenoticiaz.com.br\/ribeiraopreto-regiao\/sp\/2023\/08\/05\/comissao-organizadora-do-folclore-divulga-mapa-do-evento-e-preparativos-da-estrutura-da-festa"]}]},{"@type":"ImageObject","inLanguage":"pt-BR","@id":"https:\/\/redenoticiaz.com.br\/ribeiraopreto-regiao\/sp\/2023\/08\/05\/comissao-organizadora-do-folclore-divulga-mapa-do-evento-e-preparativos-da-estrutura-da-festa#primaryimage","url":"https:\/\/redenoticiaz.com.br\/ribeiraopreto-regiao\/wp-content\/uploads\/sites\/4\/2023\/08\/Preparativos-Recinto-9-scaled.jpg","contentUrl":"https:\/\/redenoticiaz.com.br\/ribeiraopreto-regiao\/wp-content\/uploads\/sites\/4\/2023\/08\/Preparativos-Recinto-9-scaled.jpg","width":1920,"height":1080,"caption":"Cr\u00e9dito: Divulga\u00e7\u00e3o"},{"@type":"WebSite","@id":"https:\/\/redenoticiaz.com.br\/ribeiraopreto-regiao\/#website","url":"https:\/\/redenoticiaz.com.br\/ribeiraopreto-regiao\/","name":"Ribeir\u00e3o Preto e Regi\u00e3o","description":"Rede NoticiaZ - Ribeir\u00e3o Preto e regi\u00e3o","publisher":{"@id":"https:\/\/redenoticiaz.com.br\/ribeiraopreto-regiao\/#organization"},"potentialAction":[{"@type":"SearchAction","target":{"@type":"EntryPoint","urlTemplate":"https:\/\/redenoticiaz.com.br\/ribeiraopreto-regiao\/?s={search_term_string}"},"query-input":{"@type":"PropertyValueSpecification","valueRequired":true,"valueName":"search_term_string"}}],"inLanguage":"pt-BR"},{"@type":"Organization","@id":"https:\/\/redenoticiaz.com.br\/ribeiraopreto-regiao\/#organization","name":"Ribeir\u00e3o Preto e Regi\u00e3o","url":"https:\/\/redenoticiaz.com.br\/ribeiraopreto-regiao\/","logo":{"@type":"ImageObject","inLanguage":"pt-BR","@id":"https:\/\/redenoticiaz.com.br\/ribeiraopreto-regiao\/#\/schema\/logo\/image\/","url":"https:\/\/redenoticiaz.com.br\/barretos-regiao\/wp-content\/uploads\/sites\/4\/2022\/02\/logo.jpg","contentUrl":"https:\/\/redenoticiaz.com.br\/barretos-regiao\/wp-content\/uploads\/sites\/4\/2022\/02\/logo.jpg","width":400,"height":250,"caption":"Ribeir\u00e3o Preto e Regi\u00e3o"},"image":{"@id":"https:\/\/redenoticiaz.com.br\/ribeiraopreto-regiao\/#\/schema\/logo\/image\/"},"sameAs":["https:\/\/m.facebook.com\/redenoticiaz.barretos","https:\/\/x.com\/RN_barretos","https:\/\/www.instagram.com\/redenoticiaz.barretos\/?igshid=YmMyMTA2M2Y","https:\/\/www.linkedin.com\/company\/rede-noticiaz-barretos-e-regio\/"]},{"@type":"Person","@id":"https:\/\/redenoticiaz.com.br\/ribeiraopreto-regiao\/#\/schema\/person\/1f84d6e94e6a62d2d81199d7503e9e90","name":"Carina Reifonas","image":{"@type":"ImageObject","inLanguage":"pt-BR","@id":"https:\/\/secure.gravatar.com\/avatar\/04c59859b23696cf867715880f81d5c037e60109730bdb4e6670ec2a2245bc97?s=96&d=mm&r=g","url":"https:\/\/secure.gravatar.com\/avatar\/04c59859b23696cf867715880f81d5c037e60109730bdb4e6670ec2a2245bc97?s=96&d=mm&r=g","contentUrl":"https:\/\/secure.gravatar.com\/avatar\/04c59859b23696cf867715880f81d5c037e60109730bdb4e6670ec2a2245bc97?s=96&d=mm&r=g","caption":"Carina Reifonas"},"url":"https:\/\/redenoticiaz.com.br\/ribeiraopreto-regiao\/sp\/author\/carinareifonas"}]}},"_links":{"self":[{"href":"https:\/\/redenoticiaz.com.br\/ribeiraopreto-regiao\/wp-json\/wp\/v2\/posts\/109016","targetHints":{"allow":["GET"]}}],"collection":[{"href":"https:\/\/redenoticiaz.com.br\/ribeiraopreto-regiao\/wp-json\/wp\/v2\/posts"}],"about":[{"href":"https:\/\/redenoticiaz.com.br\/ribeiraopreto-regiao\/wp-json\/wp\/v2\/types\/post"}],"author":[{"embeddable":true,"href":"https:\/\/redenoticiaz.com.br\/ribeiraopreto-regiao\/wp-json\/wp\/v2\/users\/30"}],"replies":[{"embeddable":true,"href":"https:\/\/redenoticiaz.com.br\/ribeiraopreto-regiao\/wp-json\/wp\/v2\/comments?post=109016"}],"version-history":[{"count":1,"href":"https:\/\/redenoticiaz.com.br\/ribeiraopreto-regiao\/wp-json\/wp\/v2\/posts\/109016\/revisions"}],"predecessor-version":[{"id":109018,"href":"https:\/\/redenoticiaz.com.br\/ribeiraopreto-regiao\/wp-json\/wp\/v2\/posts\/109016\/revisions\/109018"}],"wp:featuredmedia":[{"embeddable":true,"href":"https:\/\/redenoticiaz.com.br\/ribeiraopreto-regiao\/wp-json\/wp\/v2\/media\/109017"}],"wp:attachment":[{"href":"https:\/\/redenoticiaz.com.br\/ribeiraopreto-regiao\/wp-json\/wp\/v2\/media?parent=109016"}],"wp:term":[{"taxonomy":"category","embeddable":true,"href":"https:\/\/redenoticiaz.com.br\/ribeiraopreto-regiao\/wp-json\/wp\/v2\/categories?post=109016"},{"taxonomy":"post_tag","embeddable":true,"href":"https:\/\/redenoticiaz.com.br\/ribeiraopreto-regiao\/wp-json\/wp\/v2\/tags?post=109016"}],"curies":[{"name":"wp","href":"https:\/\/api.w.org\/{rel}","templated":true}]}}