{"id":109416,"date":"2023-08-12T10:15:40","date_gmt":"2023-08-12T13:15:40","guid":{"rendered":"https:\/\/redenoticiaz.com.br\/barretos-regiao\/sp\/2023\/08\/12\/casas-bahia-anuncia-plano-com-fechamento-de-ate-100-lojas"},"modified":"2023-08-12T10:15:40","modified_gmt":"2023-08-12T13:15:40","slug":"casas-bahia-anuncia-plano-com-fechamento-de-ate-100-lojas","status":"publish","type":"post","link":"https:\/\/redenoticiaz.com.br\/ribeiraopreto-regiao\/sp\/2023\/08\/12\/casas-bahia-anuncia-plano-com-fechamento-de-ate-100-lojas","title":{"rendered":"Casas Bahia anuncia plano com fechamento de at\u00e9 100 lojas"},"content":{"rendered":"<p>A Via, que controla as marcas Casas Bahia e Ponto (anteriormente Ponto Frio), revelou um novo plano de neg\u00f3cios. O plano inclui o fechamento de at\u00e9 100 lojas ainda em 2023, o que resultar\u00e1 na demiss\u00e3o de cerca de 6 mil funcion\u00e1rios.<\/p>\n<p>Com o intuito de alcan\u00e7ar uma redu\u00e7\u00e3o de estoques de at\u00e9 R$ 1 bilh\u00e3o neste ano, a empresa pretende alterar sua abordagem na capta\u00e7\u00e3o de recursos para financiar o credi\u00e1rio oferecido aos clientes. O presidente da Via, Renato Horta Franklin, informou que a redu\u00e7\u00e3o das lojas j\u00e1 est\u00e1 em andamento, com o objetivo de fechar entre 50 e 100 unidades.<\/p>\n<p>A estrat\u00e9gia para reduzir os estoques bilion\u00e1rios envolve a transfer\u00eancia de produtos de menor lucratividade, principalmente itens de menor pre\u00e7o, para seu marketplace. Isso permitir\u00e1 que as lojas f\u00edsicas concentrem-se nos produtos mais lucrativos para a empresa.<\/p>\n<p>Os resultados do segundo trimestre de 2023 foram divulgados no mesmo dia do an\u00fancio. A Via projeta uma queda de R$ 1 bilh\u00e3o em estoques at\u00e9 o final do ano. O preju\u00edzo l\u00edquido da empresa no segundo trimestre foi de R$ 492 milh\u00f5es, revertendo o lucro de R$ 6 milh\u00f5es do mesmo per\u00edodo no ano anterior. A receita l\u00edquida da Via alcan\u00e7ou R$ 7,5 bilh\u00f5es, representando uma queda anual de 2%.<\/p>\n<p>Essa mudan\u00e7a de estrat\u00e9gia segue a recente altera\u00e7\u00e3o na alta administra\u00e7\u00e3o da empresa durante o segundo trimestre. Renato Horta Franklin assumiu a presid\u00eancia da varejista ap\u00f3s sua sa\u00edda da empresa de aluguel de carros Movida. Elcio Mitsuhiro, com experi\u00eancia em empresas como Iochpe-Maxion e BRF, agora ocupa o cargo de diretor financeiro da Via. A empresa j\u00e1 estava direcionando seu crescimento para vendas digitais, novos canais e expans\u00f5es de lojas, al\u00e9m de investimentos em fintechs.<\/p>\n<p>LEIA MAIS<\/p>\n<p><a href=\"https:\/\/redenoticiaz.com.br\/blog\/2023\/08\/12\/video-justica-absolve-marido-de-mulher-que-filmou-o-proprio-estupro\">V\u00cdDEO \u2013 Justi\u00e7a absolve marido de mulher que filmou o pr\u00f3prio estupro<\/a><\/p>\n","protected":false},"excerpt":{"rendered":"<p>A Via, que controla as marcas Casas Bahia e Ponto (anteriormente Ponto Frio), revelou um novo plano de neg\u00f3cios. O plano inclui o fechamento de at\u00e9 100 lojas ainda em 2023, o que resultar\u00e1 na demiss\u00e3o de cerca de 6 mil funcion\u00e1rios. Com o intuito de alcan\u00e7ar uma redu\u00e7\u00e3o de estoques de at\u00e9 R$ 1 &hellip;<\/p>\n","protected":false},"author":30,"featured_media":109417,"comment_status":"open","ping_status":"closed","sticky":false,"template":"","format":"standard","meta":{"footnotes":""},"categories":[101],"tags":[28509,19096,27016,19332],"class_list":["post-109416","post","type-post","status-publish","format-standard","has-post-thumbnail","hentry","category-economia","tag-casas-bahia","tag-demissao","tag-fechamento-de-lojas","tag-ponto"],"yoast_head":"<!-- This site is optimized with the Yoast SEO plugin v27.4 - https:\/\/yoast.com\/product\/yoast-seo-wordpress\/ -->\n<title>Casas Bahia anuncia plano com fechamento de at\u00e9 100 lojas - Ribeir\u00e3o Preto e Regi\u00e3o<\/title>\n<meta name=\"description\" content=\"A Via, que controla as marcas Casas Bahia e Ponto (anteriormente Ponto Frio), revelou um novo plano de neg\u00f3cios.\" \/>\n<meta name=\"robots\" content=\"index, follow, max-snippet:-1, max-image-preview:large, max-video-preview:-1\" \/>\n<link rel=\"canonical\" href=\"https:\/\/redenoticiaz.com.br\/ribeiraopreto-regiao\/sp\/2023\/08\/12\/casas-bahia-anuncia-plano-com-fechamento-de-ate-100-lojas\" \/>\n<meta property=\"og:locale\" content=\"pt_BR\" \/>\n<meta property=\"og:type\" content=\"article\" \/>\n<meta property=\"og:title\" content=\"Casas Bahia anuncia plano com fechamento de at\u00e9 100 lojas - Ribeir\u00e3o Preto e Regi\u00e3o\" \/>\n<meta property=\"og:description\" content=\"A Via, que controla as marcas Casas Bahia e Ponto (anteriormente Ponto Frio), revelou um novo plano de neg\u00f3cios.\" \/>\n<meta property=\"og:url\" content=\"https:\/\/redenoticiaz.com.br\/ribeiraopreto-regiao\/sp\/2023\/08\/12\/casas-bahia-anuncia-plano-com-fechamento-de-ate-100-lojas\" \/>\n<meta property=\"og:site_name\" content=\"Ribeir\u00e3o Preto e Regi\u00e3o\" \/>\n<meta property=\"article:publisher\" content=\"https:\/\/m.facebook.com\/redenoticiaz.barretos\" \/>\n<meta property=\"article:published_time\" content=\"2023-08-12T13:15:40+00:00\" \/>\n<meta property=\"og:image\" content=\"https:\/\/redenoticiaz.com.br\/ribeiraopreto-regiao\/wp-content\/uploads\/sites\/4\/2023\/08\/Captura-de-tela-2023-08-12-100828.jpg?v=1691846073\" \/>\n\t<meta property=\"og:image:width\" content=\"628\" \/>\n\t<meta property=\"og:image:height\" content=\"311\" \/>\n\t<meta property=\"og:image:type\" content=\"image\/jpeg\" \/>\n<meta name=\"author\" content=\"Carina Reifonas\" \/>\n<meta name=\"twitter:card\" content=\"summary_large_image\" \/>\n<meta name=\"twitter:creator\" content=\"@RN_barretos\" \/>\n<meta name=\"twitter:site\" content=\"@RN_barretos\" \/>\n<meta name=\"twitter:label1\" content=\"Escrito por\" \/>\n\t<meta name=\"twitter:data1\" content=\"Carina Reifonas\" \/>\n\t<meta name=\"twitter:label2\" content=\"Est. tempo de leitura\" \/>\n\t<meta name=\"twitter:data2\" content=\"2 minutos\" \/>\n<script type=\"application\/ld+json\" class=\"yoast-schema-graph\">{\"@context\":\"https:\\\/\\\/schema.org\",\"@graph\":[{\"@type\":\"Article\",\"@id\":\"https:\\\/\\\/redenoticiaz.com.br\\\/ribeiraopreto-regiao\\\/sp\\\/2023\\\/08\\\/12\\\/casas-bahia-anuncia-plano-com-fechamento-de-ate-100-lojas#article\",\"isPartOf\":{\"@id\":\"https:\\\/\\\/redenoticiaz.com.br\\\/ribeiraopreto-regiao\\\/sp\\\/2023\\\/08\\\/12\\\/casas-bahia-anuncia-plano-com-fechamento-de-ate-100-lojas\"},\"author\":{\"name\":\"Carina Reifonas\",\"@id\":\"https:\\\/\\\/redenoticiaz.com.br\\\/ribeiraopreto-regiao\\\/#\\\/schema\\\/person\\\/1f84d6e94e6a62d2d81199d7503e9e90\"},\"headline\":\"Casas Bahia anuncia plano com fechamento de at\u00e9 100 lojas\",\"datePublished\":\"2023-08-12T13:15:40+00:00\",\"mainEntityOfPage\":{\"@id\":\"https:\\\/\\\/redenoticiaz.com.br\\\/ribeiraopreto-regiao\\\/sp\\\/2023\\\/08\\\/12\\\/casas-bahia-anuncia-plano-com-fechamento-de-ate-100-lojas\"},\"wordCount\":332,\"commentCount\":0,\"publisher\":{\"@id\":\"https:\\\/\\\/redenoticiaz.com.br\\\/ribeiraopreto-regiao\\\/#organization\"},\"image\":{\"@id\":\"https:\\\/\\\/redenoticiaz.com.br\\\/ribeiraopreto-regiao\\\/sp\\\/2023\\\/08\\\/12\\\/casas-bahia-anuncia-plano-com-fechamento-de-ate-100-lojas#primaryimage\"},\"thumbnailUrl\":\"https:\\\/\\\/redenoticiaz.com.br\\\/ribeiraopreto-regiao\\\/wp-content\\\/uploads\\\/sites\\\/4\\\/2023\\\/08\\\/Captura-de-tela-2023-08-12-100828.jpg?v=1691846073\",\"keywords\":[\"CASAS BAHIA\",\"DEMISS\u00c3O\",\"FECHAMENTO DE LOJAS\",\"Ponto\"],\"articleSection\":[\"Economia\"],\"inLanguage\":\"pt-BR\",\"potentialAction\":[{\"@type\":\"CommentAction\",\"name\":\"Comment\",\"target\":[\"https:\\\/\\\/redenoticiaz.com.br\\\/ribeiraopreto-regiao\\\/sp\\\/2023\\\/08\\\/12\\\/casas-bahia-anuncia-plano-com-fechamento-de-ate-100-lojas#respond\"]}]},{\"@type\":\"WebPage\",\"@id\":\"https:\\\/\\\/redenoticiaz.com.br\\\/ribeiraopreto-regiao\\\/sp\\\/2023\\\/08\\\/12\\\/casas-bahia-anuncia-plano-com-fechamento-de-ate-100-lojas\",\"url\":\"https:\\\/\\\/redenoticiaz.com.br\\\/ribeiraopreto-regiao\\\/sp\\\/2023\\\/08\\\/12\\\/casas-bahia-anuncia-plano-com-fechamento-de-ate-100-lojas\",\"name\":\"Casas Bahia anuncia plano com fechamento de at\u00e9 100 lojas - Ribeir\u00e3o Preto e Regi\u00e3o\",\"isPartOf\":{\"@id\":\"https:\\\/\\\/redenoticiaz.com.br\\\/ribeiraopreto-regiao\\\/#website\"},\"primaryImageOfPage\":{\"@id\":\"https:\\\/\\\/redenoticiaz.com.br\\\/ribeiraopreto-regiao\\\/sp\\\/2023\\\/08\\\/12\\\/casas-bahia-anuncia-plano-com-fechamento-de-ate-100-lojas#primaryimage\"},\"image\":{\"@id\":\"https:\\\/\\\/redenoticiaz.com.br\\\/ribeiraopreto-regiao\\\/sp\\\/2023\\\/08\\\/12\\\/casas-bahia-anuncia-plano-com-fechamento-de-ate-100-lojas#primaryimage\"},\"thumbnailUrl\":\"https:\\\/\\\/redenoticiaz.com.br\\\/ribeiraopreto-regiao\\\/wp-content\\\/uploads\\\/sites\\\/4\\\/2023\\\/08\\\/Captura-de-tela-2023-08-12-100828.jpg?v=1691846073\",\"datePublished\":\"2023-08-12T13:15:40+00:00\",\"description\":\"A Via, que controla as marcas Casas Bahia e Ponto (anteriormente Ponto Frio), revelou um novo plano de neg\u00f3cios.\",\"inLanguage\":\"pt-BR\",\"potentialAction\":[{\"@type\":\"ReadAction\",\"target\":[\"https:\\\/\\\/redenoticiaz.com.br\\\/ribeiraopreto-regiao\\\/sp\\\/2023\\\/08\\\/12\\\/casas-bahia-anuncia-plano-com-fechamento-de-ate-100-lojas\"]}]},{\"@type\":\"ImageObject\",\"inLanguage\":\"pt-BR\",\"@id\":\"https:\\\/\\\/redenoticiaz.com.br\\\/ribeiraopreto-regiao\\\/sp\\\/2023\\\/08\\\/12\\\/casas-bahia-anuncia-plano-com-fechamento-de-ate-100-lojas#primaryimage\",\"url\":\"https:\\\/\\\/redenoticiaz.com.br\\\/ribeiraopreto-regiao\\\/wp-content\\\/uploads\\\/sites\\\/4\\\/2023\\\/08\\\/Captura-de-tela-2023-08-12-100828.jpg?v=1691846073\",\"contentUrl\":\"https:\\\/\\\/redenoticiaz.com.br\\\/ribeiraopreto-regiao\\\/wp-content\\\/uploads\\\/sites\\\/4\\\/2023\\\/08\\\/Captura-de-tela-2023-08-12-100828.jpg?v=1691846073\",\"width\":628,\"height\":311,\"caption\":\"Cr\u00e9dito: Reprodu\u00e7\u00e3o\"},{\"@type\":\"WebSite\",\"@id\":\"https:\\\/\\\/redenoticiaz.com.br\\\/ribeiraopreto-regiao\\\/#website\",\"url\":\"https:\\\/\\\/redenoticiaz.com.br\\\/ribeiraopreto-regiao\\\/\",\"name\":\"Ribeir\u00e3o Preto e Regi\u00e3o\",\"description\":\"Rede NoticiaZ - Ribeir\u00e3o Preto e regi\u00e3o\",\"publisher\":{\"@id\":\"https:\\\/\\\/redenoticiaz.com.br\\\/ribeiraopreto-regiao\\\/#organization\"},\"potentialAction\":[{\"@type\":\"SearchAction\",\"target\":{\"@type\":\"EntryPoint\",\"urlTemplate\":\"https:\\\/\\\/redenoticiaz.com.br\\\/ribeiraopreto-regiao\\\/?s={search_term_string}\"},\"query-input\":{\"@type\":\"PropertyValueSpecification\",\"valueRequired\":true,\"valueName\":\"search_term_string\"}}],\"inLanguage\":\"pt-BR\"},{\"@type\":\"Organization\",\"@id\":\"https:\\\/\\\/redenoticiaz.com.br\\\/ribeiraopreto-regiao\\\/#organization\",\"name\":\"Ribeir\u00e3o Preto e Regi\u00e3o\",\"url\":\"https:\\\/\\\/redenoticiaz.com.br\\\/ribeiraopreto-regiao\\\/\",\"logo\":{\"@type\":\"ImageObject\",\"inLanguage\":\"pt-BR\",\"@id\":\"https:\\\/\\\/redenoticiaz.com.br\\\/ribeiraopreto-regiao\\\/#\\\/schema\\\/logo\\\/image\\\/\",\"url\":\"https:\\\/\\\/redenoticiaz.com.br\\\/barretos-regiao\\\/wp-content\\\/uploads\\\/sites\\\/4\\\/2022\\\/02\\\/logo.jpg\",\"contentUrl\":\"https:\\\/\\\/redenoticiaz.com.br\\\/barretos-regiao\\\/wp-content\\\/uploads\\\/sites\\\/4\\\/2022\\\/02\\\/logo.jpg\",\"width\":400,\"height\":250,\"caption\":\"Ribeir\u00e3o Preto e Regi\u00e3o\"},\"image\":{\"@id\":\"https:\\\/\\\/redenoticiaz.com.br\\\/ribeiraopreto-regiao\\\/#\\\/schema\\\/logo\\\/image\\\/\"},\"sameAs\":[\"https:\\\/\\\/m.facebook.com\\\/redenoticiaz.barretos\",\"https:\\\/\\\/x.com\\\/RN_barretos\",\"https:\\\/\\\/www.instagram.com\\\/redenoticiaz.barretos\\\/?igshid=YmMyMTA2M2Y\",\"https:\\\/\\\/www.linkedin.com\\\/company\\\/rede-noticiaz-barretos-e-regio\\\/\"]},{\"@type\":\"Person\",\"@id\":\"https:\\\/\\\/redenoticiaz.com.br\\\/ribeiraopreto-regiao\\\/#\\\/schema\\\/person\\\/1f84d6e94e6a62d2d81199d7503e9e90\",\"name\":\"Carina Reifonas\",\"image\":{\"@type\":\"ImageObject\",\"inLanguage\":\"pt-BR\",\"@id\":\"https:\\\/\\\/secure.gravatar.com\\\/avatar\\\/04c59859b23696cf867715880f81d5c037e60109730bdb4e6670ec2a2245bc97?s=96&d=mm&r=g\",\"url\":\"https:\\\/\\\/secure.gravatar.com\\\/avatar\\\/04c59859b23696cf867715880f81d5c037e60109730bdb4e6670ec2a2245bc97?s=96&d=mm&r=g\",\"contentUrl\":\"https:\\\/\\\/secure.gravatar.com\\\/avatar\\\/04c59859b23696cf867715880f81d5c037e60109730bdb4e6670ec2a2245bc97?s=96&d=mm&r=g\",\"caption\":\"Carina Reifonas\"},\"url\":\"https:\\\/\\\/redenoticiaz.com.br\\\/ribeiraopreto-regiao\\\/sp\\\/author\\\/carinareifonas\"}]}<\/script>\n<!-- \/ Yoast SEO plugin. -->","yoast_head_json":{"title":"Casas Bahia anuncia plano com fechamento de at\u00e9 100 lojas - Ribeir\u00e3o Preto e Regi\u00e3o","description":"A Via, que controla as marcas Casas Bahia e Ponto (anteriormente Ponto Frio), revelou um novo plano de neg\u00f3cios.","robots":{"index":"index","follow":"follow","max-snippet":"max-snippet:-1","max-image-preview":"max-image-preview:large","max-video-preview":"max-video-preview:-1"},"canonical":"https:\/\/redenoticiaz.com.br\/ribeiraopreto-regiao\/sp\/2023\/08\/12\/casas-bahia-anuncia-plano-com-fechamento-de-ate-100-lojas","og_locale":"pt_BR","og_type":"article","og_title":"Casas Bahia anuncia plano com fechamento de at\u00e9 100 lojas - Ribeir\u00e3o Preto e Regi\u00e3o","og_description":"A Via, que controla as marcas Casas Bahia e Ponto (anteriormente Ponto Frio), revelou um novo plano de neg\u00f3cios.","og_url":"https:\/\/redenoticiaz.com.br\/ribeiraopreto-regiao\/sp\/2023\/08\/12\/casas-bahia-anuncia-plano-com-fechamento-de-ate-100-lojas","og_site_name":"Ribeir\u00e3o Preto e Regi\u00e3o","article_publisher":"https:\/\/m.facebook.com\/redenoticiaz.barretos","article_published_time":"2023-08-12T13:15:40+00:00","og_image":[{"width":628,"height":311,"url":"https:\/\/redenoticiaz.com.br\/ribeiraopreto-regiao\/wp-content\/uploads\/sites\/4\/2023\/08\/Captura-de-tela-2023-08-12-100828.jpg?v=1691846073","type":"image\/jpeg"}],"author":"Carina Reifonas","twitter_card":"summary_large_image","twitter_creator":"@RN_barretos","twitter_site":"@RN_barretos","twitter_misc":{"Escrito por":"Carina Reifonas","Est. tempo de leitura":"2 minutos"},"schema":{"@context":"https:\/\/schema.org","@graph":[{"@type":"Article","@id":"https:\/\/redenoticiaz.com.br\/ribeiraopreto-regiao\/sp\/2023\/08\/12\/casas-bahia-anuncia-plano-com-fechamento-de-ate-100-lojas#article","isPartOf":{"@id":"https:\/\/redenoticiaz.com.br\/ribeiraopreto-regiao\/sp\/2023\/08\/12\/casas-bahia-anuncia-plano-com-fechamento-de-ate-100-lojas"},"author":{"name":"Carina Reifonas","@id":"https:\/\/redenoticiaz.com.br\/ribeiraopreto-regiao\/#\/schema\/person\/1f84d6e94e6a62d2d81199d7503e9e90"},"headline":"Casas Bahia anuncia plano com fechamento de at\u00e9 100 lojas","datePublished":"2023-08-12T13:15:40+00:00","mainEntityOfPage":{"@id":"https:\/\/redenoticiaz.com.br\/ribeiraopreto-regiao\/sp\/2023\/08\/12\/casas-bahia-anuncia-plano-com-fechamento-de-ate-100-lojas"},"wordCount":332,"commentCount":0,"publisher":{"@id":"https:\/\/redenoticiaz.com.br\/ribeiraopreto-regiao\/#organization"},"image":{"@id":"https:\/\/redenoticiaz.com.br\/ribeiraopreto-regiao\/sp\/2023\/08\/12\/casas-bahia-anuncia-plano-com-fechamento-de-ate-100-lojas#primaryimage"},"thumbnailUrl":"https:\/\/redenoticiaz.com.br\/ribeiraopreto-regiao\/wp-content\/uploads\/sites\/4\/2023\/08\/Captura-de-tela-2023-08-12-100828.jpg?v=1691846073","keywords":["CASAS BAHIA","DEMISS\u00c3O","FECHAMENTO DE LOJAS","Ponto"],"articleSection":["Economia"],"inLanguage":"pt-BR","potentialAction":[{"@type":"CommentAction","name":"Comment","target":["https:\/\/redenoticiaz.com.br\/ribeiraopreto-regiao\/sp\/2023\/08\/12\/casas-bahia-anuncia-plano-com-fechamento-de-ate-100-lojas#respond"]}]},{"@type":"WebPage","@id":"https:\/\/redenoticiaz.com.br\/ribeiraopreto-regiao\/sp\/2023\/08\/12\/casas-bahia-anuncia-plano-com-fechamento-de-ate-100-lojas","url":"https:\/\/redenoticiaz.com.br\/ribeiraopreto-regiao\/sp\/2023\/08\/12\/casas-bahia-anuncia-plano-com-fechamento-de-ate-100-lojas","name":"Casas Bahia anuncia plano com fechamento de at\u00e9 100 lojas - Ribeir\u00e3o Preto e Regi\u00e3o","isPartOf":{"@id":"https:\/\/redenoticiaz.com.br\/ribeiraopreto-regiao\/#website"},"primaryImageOfPage":{"@id":"https:\/\/redenoticiaz.com.br\/ribeiraopreto-regiao\/sp\/2023\/08\/12\/casas-bahia-anuncia-plano-com-fechamento-de-ate-100-lojas#primaryimage"},"image":{"@id":"https:\/\/redenoticiaz.com.br\/ribeiraopreto-regiao\/sp\/2023\/08\/12\/casas-bahia-anuncia-plano-com-fechamento-de-ate-100-lojas#primaryimage"},"thumbnailUrl":"https:\/\/redenoticiaz.com.br\/ribeiraopreto-regiao\/wp-content\/uploads\/sites\/4\/2023\/08\/Captura-de-tela-2023-08-12-100828.jpg?v=1691846073","datePublished":"2023-08-12T13:15:40+00:00","description":"A Via, que controla as marcas Casas Bahia e Ponto (anteriormente Ponto Frio), revelou um novo plano de neg\u00f3cios.","inLanguage":"pt-BR","potentialAction":[{"@type":"ReadAction","target":["https:\/\/redenoticiaz.com.br\/ribeiraopreto-regiao\/sp\/2023\/08\/12\/casas-bahia-anuncia-plano-com-fechamento-de-ate-100-lojas"]}]},{"@type":"ImageObject","inLanguage":"pt-BR","@id":"https:\/\/redenoticiaz.com.br\/ribeiraopreto-regiao\/sp\/2023\/08\/12\/casas-bahia-anuncia-plano-com-fechamento-de-ate-100-lojas#primaryimage","url":"https:\/\/redenoticiaz.com.br\/ribeiraopreto-regiao\/wp-content\/uploads\/sites\/4\/2023\/08\/Captura-de-tela-2023-08-12-100828.jpg?v=1691846073","contentUrl":"https:\/\/redenoticiaz.com.br\/ribeiraopreto-regiao\/wp-content\/uploads\/sites\/4\/2023\/08\/Captura-de-tela-2023-08-12-100828.jpg?v=1691846073","width":628,"height":311,"caption":"Cr\u00e9dito: Reprodu\u00e7\u00e3o"},{"@type":"WebSite","@id":"https:\/\/redenoticiaz.com.br\/ribeiraopreto-regiao\/#website","url":"https:\/\/redenoticiaz.com.br\/ribeiraopreto-regiao\/","name":"Ribeir\u00e3o Preto e Regi\u00e3o","description":"Rede NoticiaZ - Ribeir\u00e3o Preto e regi\u00e3o","publisher":{"@id":"https:\/\/redenoticiaz.com.br\/ribeiraopreto-regiao\/#organization"},"potentialAction":[{"@type":"SearchAction","target":{"@type":"EntryPoint","urlTemplate":"https:\/\/redenoticiaz.com.br\/ribeiraopreto-regiao\/?s={search_term_string}"},"query-input":{"@type":"PropertyValueSpecification","valueRequired":true,"valueName":"search_term_string"}}],"inLanguage":"pt-BR"},{"@type":"Organization","@id":"https:\/\/redenoticiaz.com.br\/ribeiraopreto-regiao\/#organization","name":"Ribeir\u00e3o Preto e Regi\u00e3o","url":"https:\/\/redenoticiaz.com.br\/ribeiraopreto-regiao\/","logo":{"@type":"ImageObject","inLanguage":"pt-BR","@id":"https:\/\/redenoticiaz.com.br\/ribeiraopreto-regiao\/#\/schema\/logo\/image\/","url":"https:\/\/redenoticiaz.com.br\/barretos-regiao\/wp-content\/uploads\/sites\/4\/2022\/02\/logo.jpg","contentUrl":"https:\/\/redenoticiaz.com.br\/barretos-regiao\/wp-content\/uploads\/sites\/4\/2022\/02\/logo.jpg","width":400,"height":250,"caption":"Ribeir\u00e3o Preto e Regi\u00e3o"},"image":{"@id":"https:\/\/redenoticiaz.com.br\/ribeiraopreto-regiao\/#\/schema\/logo\/image\/"},"sameAs":["https:\/\/m.facebook.com\/redenoticiaz.barretos","https:\/\/x.com\/RN_barretos","https:\/\/www.instagram.com\/redenoticiaz.barretos\/?igshid=YmMyMTA2M2Y","https:\/\/www.linkedin.com\/company\/rede-noticiaz-barretos-e-regio\/"]},{"@type":"Person","@id":"https:\/\/redenoticiaz.com.br\/ribeiraopreto-regiao\/#\/schema\/person\/1f84d6e94e6a62d2d81199d7503e9e90","name":"Carina Reifonas","image":{"@type":"ImageObject","inLanguage":"pt-BR","@id":"https:\/\/secure.gravatar.com\/avatar\/04c59859b23696cf867715880f81d5c037e60109730bdb4e6670ec2a2245bc97?s=96&d=mm&r=g","url":"https:\/\/secure.gravatar.com\/avatar\/04c59859b23696cf867715880f81d5c037e60109730bdb4e6670ec2a2245bc97?s=96&d=mm&r=g","contentUrl":"https:\/\/secure.gravatar.com\/avatar\/04c59859b23696cf867715880f81d5c037e60109730bdb4e6670ec2a2245bc97?s=96&d=mm&r=g","caption":"Carina Reifonas"},"url":"https:\/\/redenoticiaz.com.br\/ribeiraopreto-regiao\/sp\/author\/carinareifonas"}]}},"_links":{"self":[{"href":"https:\/\/redenoticiaz.com.br\/ribeiraopreto-regiao\/wp-json\/wp\/v2\/posts\/109416","targetHints":{"allow":["GET"]}}],"collection":[{"href":"https:\/\/redenoticiaz.com.br\/ribeiraopreto-regiao\/wp-json\/wp\/v2\/posts"}],"about":[{"href":"https:\/\/redenoticiaz.com.br\/ribeiraopreto-regiao\/wp-json\/wp\/v2\/types\/post"}],"author":[{"embeddable":true,"href":"https:\/\/redenoticiaz.com.br\/ribeiraopreto-regiao\/wp-json\/wp\/v2\/users\/30"}],"replies":[{"embeddable":true,"href":"https:\/\/redenoticiaz.com.br\/ribeiraopreto-regiao\/wp-json\/wp\/v2\/comments?post=109416"}],"version-history":[{"count":0,"href":"https:\/\/redenoticiaz.com.br\/ribeiraopreto-regiao\/wp-json\/wp\/v2\/posts\/109416\/revisions"}],"wp:featuredmedia":[{"embeddable":true,"href":"https:\/\/redenoticiaz.com.br\/ribeiraopreto-regiao\/wp-json\/wp\/v2\/media\/109417"}],"wp:attachment":[{"href":"https:\/\/redenoticiaz.com.br\/ribeiraopreto-regiao\/wp-json\/wp\/v2\/media?parent=109416"}],"wp:term":[{"taxonomy":"category","embeddable":true,"href":"https:\/\/redenoticiaz.com.br\/ribeiraopreto-regiao\/wp-json\/wp\/v2\/categories?post=109416"},{"taxonomy":"post_tag","embeddable":true,"href":"https:\/\/redenoticiaz.com.br\/ribeiraopreto-regiao\/wp-json\/wp\/v2\/tags?post=109416"}],"curies":[{"name":"wp","href":"https:\/\/api.w.org\/{rel}","templated":true}]}}